{"id":114818,"date":"2018-04-06T11:15:08","date_gmt":"2018-04-06T14:15:08","guid":{"rendered":"https:\/\/www.estrategiaconcursos.com.br\/blog\/?p=114818"},"modified":"2023-09-01T09:39:14","modified_gmt":"2023-09-01T12:39:14","slug":"isencao-de-taxa-do-enem","status":"publish","type":"post","link":"https:\/\/www.estrategiaconcursos.com.br\/blog\/isencao-de-taxa-do-enem\/","title":{"rendered":"Isen\u00e7\u00e3o de taxa do Enem 2018: Saiba quem pode pedir"},"content":{"rendered":"<p><span style=\"color: #000000;\"><em><strong>As inscri\u00e7\u00f5es para o ENEM 2018 (Exame Nacional do Ensino M\u00e9dio) j\u00e1 j\u00e1 come\u00e7am<\/strong><\/em> (v\u00e3o do dia 07 de maio ao dia 18 de maio). A taxa de inscri\u00e7\u00e3o custa R$ 82,00, mas voc\u00ea sabia que pode ficar isento da taxa? \u00c9 claro que existem alguns requisitos, mas neste artigo vou te contar todos os detalhes para que voc\u00ea possa descobrir se pode pedir a isen\u00e7\u00e3o de taxa do Enem!<\/span><\/p>\n<p><span style=\"color: #000000;\">A solicita\u00e7\u00e3o de isen\u00e7\u00e3o da taxa de inscri\u00e7\u00e3o dever\u00e1 ser feita das 10h de <em><strong>2 de abril<\/strong><\/em> \u00e0s 23h59 de <em><strong>15 de abril<\/strong> (data prorrogada!)<\/em>. A solicita\u00e7\u00e3o deve ser feita, exclusivamente, pelo site de inscri\u00e7\u00e3o.<\/span><\/p>\n<p><span style=\"color: #000000;\"><strong>Veja na lista abaixo, se voc\u00ea se encaixa em algum requisito para pedir a isen\u00e7\u00e3o de taxa do Enem 2018:<\/strong><\/span><\/p>\n<table>\n<tbody>\n<tr style=\"height: 56px;\">\n<td style=\"height: 56px;\">\n<ul>\n<li><span style=\"color: #000000;\">Estar cursando o \u00faltimo ano do ensino m\u00e9dio em escola da rede p\u00fablica;<\/span><\/li>\n<\/ul>\n<\/td>\n<\/tr>\n<tr style=\"height: 80px;\">\n<td style=\"height: 80px;\">\n<ul>\n<li><span style=\"color: #000000;\">Ter participado do Encceja 2017, na modalidade do ensino m\u00e9dio, na aplica\u00e7\u00e3o Nacional, para Pessoas Privadas de Liberdade (PPL) ou no Exterior, e tenha obtido profici\u00eancia que possibilite a certifica\u00e7\u00e3o na \u00e1rea de conhecimento em que se inscreveu;<\/span><\/li>\n<\/ul>\n<\/td>\n<\/tr>\n<tr style=\"height: 56px;\">\n<td style=\"height: 56px;\">\n<ul>\n<li><span style=\"color: #000000;\">Ter cursado todo o ensino m\u00e9dio em escola da rede p\u00fablica ou como bolsista integral na rede privada e tenha renda per capita igual ou inferior a um sal\u00e1rio m\u00ednimo e meio;<\/span><\/li>\n<\/ul>\n<\/td>\n<\/tr>\n<tr style=\"height: 43px;\">\n<td style=\"height: 43px;\">\n<ul>\n<li><span style=\"color: #000000;\">Declarar ser membro de fam\u00edlia de baixa renda e que estar inscrito no Cad\u00danico.<\/span><\/li>\n<\/ul>\n<\/td>\n<\/tr>\n<\/tbody>\n<\/table>\n<p><span style=\"color: #000000;\">Se voc\u00ea se enquadra em algum dos requisitos acima, deve solicitar a isen\u00e7\u00e3o no site de inscri\u00e7\u00e3o do Enem (o link est\u00e1 no final do artigo) at\u00e9 \u00e0s 23h59 de <em><strong>15 de abril. <\/strong><\/em><\/span><\/p>\n<p><span style=\"color: #000000;\">O candidato deve\u00a0fazer a consulta individual ao resultado da solicita\u00e7\u00e3o de isen\u00e7\u00e3o antes do per\u00edodo previsto para inscri\u00e7\u00e3o.\u00a0<\/span><\/p>\n<p><span style=\"color: #000000;\"><strong>ATEN\u00c7\u00c3O:<\/strong> A aprova\u00e7\u00e3o da isen\u00e7\u00e3o da taxa de inscri\u00e7\u00e3o n\u00e3o significa que o participante j\u00e1 est\u00e1 inscrito no Enem 2018. O participante dever\u00e1 fazer sua inscri\u00e7\u00e3o de <em><strong>7 de maio at\u00e9\u00a018 de maio<\/strong><\/em>.<\/span><\/p>\n<p style=\"text-align: center;\"><span style=\"font-size: 14pt;\"><em><strong>Assista a an\u00e1lise de edital do Enem 2018:<\/strong><\/em><\/span><\/p>\n<p><img loading=\"lazy\" decoding=\"async\" class=\"alignnone\" src=\"https:\/\/dhg1h5j42swfq.cloudfront.net\/2017\/03\/28152500\/coruja-ficha-tecnica-300x102.png\" alt=\"ficha t\u00e9cnica isen\u00e7\u00e3o de taxa do enem 2018\" width=\"300\" height=\"102\" \/><\/p>\n<p><strong>Informa\u00e7\u00f5es do Enem 2018<\/strong><br \/>\n\u25baData prevista:\u00a0<strong>4\/11<\/strong>\u00a0e\u00a0<strong>11\/11<br \/>\n\u25ba<\/strong>Inscri\u00e7\u00f5es:<strong> entre\u00a007\/05\u00a0e\u00a018\/05<\/strong><br \/>\n\u25baIsen\u00e7\u00e3o de taxa do Enem:<strong>\u00a002\/04 <\/strong>a<strong> 15\/04<\/strong><br \/>\n\u25baInscri\u00e7\u00e3o:<strong>\u00a0<a href=\"http:\/\/enem.inep.gov.br\/participante\" target=\"_blank\" rel=\"noopener noreferrer\"><em>enem.inep.gov.br\/participante<\/em><\/a><\/strong><br \/>\n\u25baCursos Estrat\u00e9gia Concursos:\u00a0<a href=\"https:\/\/www.estrategiaconcursos.com.br\/cursosPorConcurso\/enem-2018-exame-nacional-do-ensino-medio\/\" target=\"_blank\" rel=\"noopener noreferrer\">Cursos Enem Estrat\u00e9gia Concursos<\/a><\/p>\n<p>\u25ba<span style=\"font-size: 14pt;\"><strong><a href=\"https:\/\/www.estrategiaconcursos.com.br\/blog\/enem-2018-edital\/\" target=\"_blank\" rel=\"noopener noreferrer\">Veja mais detalhes sobre o Enem 2018<\/a><\/strong><\/span><\/p>\n<p><span style=\"color: #000000;\"><em><strong>Prof. Daniel Reis<\/strong><\/em><\/span><\/p>\n","protected":false},"excerpt":{"rendered":"<p>As inscri\u00e7\u00f5es para o ENEM 2018 (Exame Nacional do Ensino M\u00e9dio) j\u00e1 j\u00e1 come\u00e7am (v\u00e3o do dia 07 de maio ao dia 18 de maio). A taxa de inscri\u00e7\u00e3o custa R$ 82,00, mas voc\u00ea sabia que pode ficar isento da taxa? \u00c9 claro que existem alguns requisitos, mas neste artigo vou te contar todos os [&hellip;]<\/p>\n","protected":false},"author":263,"featured_media":0,"comment_status":"open","ping_status":"closed","sticky":false,"template":"","format":"standard","meta":{"post_tipo":"article","footnotes":""},"categories":[1],"tags":[3695,3694,786,3523,3696],"tax_estado":[],"class_list":["post-114818","post","type-post","status-publish","format-standard","hentry","category-cursos-e-concursos","tag-calendario-enem","tag-edital-enem","tag-enem","tag-enem-2018","tag-isencao-enem"],"acf":[],"yoast_head":"<!-- This site is optimized with the Yoast SEO Premium plugin v27.2 (Yoast SEO v27.2) - https:\/\/yoast.com\/product\/yoast-seo-premium-wordpress\/ -->\n<title>Isen\u00e7\u00e3o de taxa do Enem 2018: Saiba quem pode pedir<\/title>\n<meta name=\"description\" content=\"As inscri\u00e7\u00f5es para o Enem 2018 j\u00e1 come\u00e7aram e a\u00ed bate aquela d\u00favida: Ser\u00e1 que eu posso pedir a isen\u00e7\u00e3o da taxa de inscri\u00e7\u00e3o? Se voc\u00ea est\u00e1 com essa d\u00favida, n\u00e3o se preocupe! Vamos falar tudo o que voc\u00ea precisa saber sobre a isen\u00e7\u00e3o de taxa do Enem 2018.\" \/>\n<meta name=\"robots\" content=\"index, follow, max-snippet:-1, max-image-preview:large, max-video-preview:-1\" \/>\n<link rel=\"canonical\" href=\"https:\/\/www.estrategiaconcursos.com.br\/blog\/isencao-de-taxa-do-enem\/\" \/>\n<meta property=\"og:locale\" content=\"pt_BR\" \/>\n<meta property=\"og:type\" content=\"article\" \/>\n<meta property=\"og:title\" content=\"Isen\u00e7\u00e3o de taxa do Enem 2018: Saiba quem pode pedir\" \/>\n<meta property=\"og:description\" content=\"As inscri\u00e7\u00f5es para o Enem 2018 j\u00e1 come\u00e7aram e a\u00ed bate aquela d\u00favida: Ser\u00e1 que eu posso pedir a isen\u00e7\u00e3o da taxa de inscri\u00e7\u00e3o? Se voc\u00ea est\u00e1 com essa d\u00favida, n\u00e3o se preocupe! Vamos falar tudo o que voc\u00ea precisa saber sobre a isen\u00e7\u00e3o de taxa do Enem 2018.\" \/>\n<meta property=\"og:url\" content=\"https:\/\/www.estrategiaconcursos.com.br\/blog\/isencao-de-taxa-do-enem\/\" \/>\n<meta property=\"og:site_name\" content=\"Estrat\u00e9gia Concursos\" \/>\n<meta property=\"article:published_time\" content=\"2018-04-06T14:15:08+00:00\" \/>\n<meta property=\"article:modified_time\" content=\"2023-09-01T12:39:14+00:00\" \/>\n<meta property=\"og:image\" content=\"https:\/\/dhg1h5j42swfq.cloudfront.net\/2017\/03\/28152500\/coruja-ficha-tecnica-300x102.png\" \/>\n<meta name=\"author\" content=\"Daniel dos Reis Lopes\" \/>\n<meta name=\"twitter:card\" content=\"summary_large_image\" \/>\n<meta name=\"twitter:creator\" content=\"@EstratConcursos\" \/>\n<meta name=\"twitter:site\" content=\"@EstratConcursos\" \/>\n<meta name=\"twitter:label1\" content=\"Escrito por\" \/>\n\t<meta name=\"twitter:data1\" content=\"Daniel dos Reis Lopes\" \/>\n\t<meta name=\"twitter:label2\" content=\"Est. tempo de leitura\" \/>\n\t<meta name=\"twitter:data2\" content=\"2 minutos\" \/>\n<script type=\"application\/ld+json\" class=\"yoast-schema-graph\">{\"@context\":\"https:\/\/schema.org\",\"@graph\":[{\"@type\":\"NewsArticle\",\"@id\":\"https:\/\/www.estrategiaconcursos.com.br\/blog\/isencao-de-taxa-do-enem\/#article\",\"isPartOf\":{\"@id\":\"https:\/\/www.estrategiaconcursos.com.br\/blog\/isencao-de-taxa-do-enem\/\"},\"author\":{\"name\":\"Daniel dos Reis Lopes\",\"@id\":\"https:\/\/www.estrategiaconcursos.com.br\/blog\/#\/schema\/person\/86e4af37234d422e94ca7e825b416814\"},\"headline\":\"Isen\u00e7\u00e3o de taxa do Enem 2018: Saiba quem pode pedir\",\"datePublished\":\"2018-04-06T14:15:08+00:00\",\"dateModified\":\"2023-09-01T12:39:14+00:00\",\"mainEntityOfPage\":{\"@id\":\"https:\/\/www.estrategiaconcursos.com.br\/blog\/isencao-de-taxa-do-enem\/\"},\"wordCount\":392,\"commentCount\":2,\"publisher\":{\"@id\":\"https:\/\/www.estrategiaconcursos.com.br\/blog\/#organization\"},\"image\":{\"@id\":\"https:\/\/www.estrategiaconcursos.com.br\/blog\/isencao-de-taxa-do-enem\/#primaryimage\"},\"thumbnailUrl\":\"https:\/\/dhg1h5j42swfq.cloudfront.net\/2017\/03\/28152500\/coruja-ficha-tecnica-300x102.png\",\"keywords\":[\"calend\u00e1rio enem\",\"edital enem\",\"ENEM\",\"enem 2018\",\"isen\u00e7\u00e3o enem\"],\"articleSection\":[\"Concursos P\u00fablicos\"],\"inLanguage\":\"pt-BR\",\"potentialAction\":[{\"@type\":\"CommentAction\",\"name\":\"Comment\",\"target\":[\"https:\/\/www.estrategiaconcursos.com.br\/blog\/isencao-de-taxa-do-enem\/#respond\"]}],\"copyrightYear\":\"2018\",\"copyrightHolder\":{\"@id\":\"https:\/\/www.estrategiaconcursos.com.br\/blog\/#organization\"}},{\"@type\":\"WebPage\",\"@id\":\"https:\/\/www.estrategiaconcursos.com.br\/blog\/isencao-de-taxa-do-enem\/\",\"url\":\"https:\/\/www.estrategiaconcursos.com.br\/blog\/isencao-de-taxa-do-enem\/\",\"name\":\"Isen\u00e7\u00e3o de taxa do Enem 2018: Saiba quem pode pedir\",\"isPartOf\":{\"@id\":\"https:\/\/www.estrategiaconcursos.com.br\/blog\/#website\"},\"primaryImageOfPage\":{\"@id\":\"https:\/\/www.estrategiaconcursos.com.br\/blog\/isencao-de-taxa-do-enem\/#primaryimage\"},\"image\":{\"@id\":\"https:\/\/www.estrategiaconcursos.com.br\/blog\/isencao-de-taxa-do-enem\/#primaryimage\"},\"thumbnailUrl\":\"https:\/\/dhg1h5j42swfq.cloudfront.net\/2017\/03\/28152500\/coruja-ficha-tecnica-300x102.png\",\"datePublished\":\"2018-04-06T14:15:08+00:00\",\"dateModified\":\"2023-09-01T12:39:14+00:00\",\"description\":\"As inscri\u00e7\u00f5es para o Enem 2018 j\u00e1 come\u00e7aram e a\u00ed bate aquela d\u00favida: Ser\u00e1 que eu posso pedir a isen\u00e7\u00e3o da taxa de inscri\u00e7\u00e3o? Se voc\u00ea est\u00e1 com essa d\u00favida, n\u00e3o se preocupe! Vamos falar tudo o que voc\u00ea precisa saber sobre a isen\u00e7\u00e3o de taxa do Enem 2018.\",\"breadcrumb\":{\"@id\":\"https:\/\/www.estrategiaconcursos.com.br\/blog\/isencao-de-taxa-do-enem\/#breadcrumb\"},\"inLanguage\":\"pt-BR\",\"potentialAction\":[{\"@type\":\"ReadAction\",\"target\":[\"https:\/\/www.estrategiaconcursos.com.br\/blog\/isencao-de-taxa-do-enem\/\"]}]},{\"@type\":\"ImageObject\",\"inLanguage\":\"pt-BR\",\"@id\":\"https:\/\/www.estrategiaconcursos.com.br\/blog\/isencao-de-taxa-do-enem\/#primaryimage\",\"url\":\"https:\/\/dhg1h5j42swfq.cloudfront.net\/2017\/03\/28152500\/coruja-ficha-tecnica-300x102.png\",\"contentUrl\":\"https:\/\/dhg1h5j42swfq.cloudfront.net\/2017\/03\/28152500\/coruja-ficha-tecnica-300x102.png\"},{\"@type\":\"BreadcrumbList\",\"@id\":\"https:\/\/www.estrategiaconcursos.com.br\/blog\/isencao-de-taxa-do-enem\/#breadcrumb\",\"itemListElement\":[{\"@type\":\"ListItem\",\"position\":1,\"name\":\"In\u00edcio\",\"item\":\"https:\/\/www.estrategiaconcursos.com.br\/blog\/\"},{\"@type\":\"ListItem\",\"position\":2,\"name\":\"Isen\u00e7\u00e3o de taxa do Enem 2018: Saiba quem pode pedir\"}]},{\"@type\":\"WebSite\",\"@id\":\"https:\/\/www.estrategiaconcursos.com.br\/blog\/#website\",\"url\":\"https:\/\/www.estrategiaconcursos.com.br\/blog\/\",\"name\":\"Estrat\u00e9gia Concursos\",\"description\":\"O blog da Estrat\u00e9gia Concursos traz not\u00edcias sobre concursos e artigos de professores oferecendo cursos para concursos (pdf + videaulas) no site.\",\"publisher\":{\"@id\":\"https:\/\/www.estrategiaconcursos.com.br\/blog\/#organization\"},\"potentialAction\":[{\"@type\":\"SearchAction\",\"target\":{\"@type\":\"EntryPoint\",\"urlTemplate\":\"https:\/\/www.estrategiaconcursos.com.br\/blog\/?s={search_term_string}\"},\"query-input\":{\"@type\":\"PropertyValueSpecification\",\"valueRequired\":true,\"valueName\":\"search_term_string\"}}],\"inLanguage\":\"pt-BR\"},{\"@type\":\"Organization\",\"@id\":\"https:\/\/www.estrategiaconcursos.com.br\/blog\/#organization\",\"name\":\"Estrat\u00e9gia Concursos\",\"url\":\"https:\/\/www.estrategiaconcursos.com.br\/blog\/\",\"logo\":{\"@type\":\"ImageObject\",\"inLanguage\":\"pt-BR\",\"@id\":\"https:\/\/www.estrategiaconcursos.com.br\/blog\/#\/schema\/logo\/image\/\",\"url\":\"https:\/\/dhg1h5j42swfq.cloudfront.net\/2025\/06\/03203428\/logo_concursos-1.jpg\",\"contentUrl\":\"https:\/\/dhg1h5j42swfq.cloudfront.net\/2025\/06\/03203428\/logo_concursos-1.jpg\",\"width\":230,\"height\":60,\"caption\":\"Estrat\u00e9gia Concursos\"},\"image\":{\"@id\":\"https:\/\/www.estrategiaconcursos.com.br\/blog\/#\/schema\/logo\/image\/\"},\"sameAs\":[\"https:\/\/x.com\/EstratConcursos\"]},{\"@type\":\"Person\",\"@id\":\"https:\/\/www.estrategiaconcursos.com.br\/blog\/#\/schema\/person\/86e4af37234d422e94ca7e825b416814\",\"name\":\"Daniel dos Reis Lopes\",\"image\":{\"@type\":\"ImageObject\",\"inLanguage\":\"pt-BR\",\"@id\":\"https:\/\/secure.gravatar.com\/avatar\/ea24ef981da4044d0a66f44402441129fdde22c4c8d87f39a45cae8d4f82075a?s=96&d=mm&r=g\",\"url\":\"https:\/\/secure.gravatar.com\/avatar\/ea24ef981da4044d0a66f44402441129fdde22c4c8d87f39a45cae8d4f82075a?s=96&d=mm&r=g\",\"contentUrl\":\"https:\/\/secure.gravatar.com\/avatar\/ea24ef981da4044d0a66f44402441129fdde22c4c8d87f39a45cae8d4f82075a?s=96&d=mm&r=g\",\"caption\":\"Daniel dos Reis Lopes\"},\"url\":\"https:\/\/www.estrategiaconcursos.com.br\/blog\/author\/d-reislopesgmail-com\/\"}]}<\/script>\n<!-- \/ Yoast SEO Premium plugin. -->","yoast_head_json":{"title":"Isen\u00e7\u00e3o de taxa do Enem 2018: Saiba quem pode pedir","description":"As inscri\u00e7\u00f5es para o Enem 2018 j\u00e1 come\u00e7aram e a\u00ed bate aquela d\u00favida: Ser\u00e1 que eu posso pedir a isen\u00e7\u00e3o da taxa de inscri\u00e7\u00e3o? Se voc\u00ea est\u00e1 com essa d\u00favida, n\u00e3o se preocupe! Vamos falar tudo o que voc\u00ea precisa saber sobre a isen\u00e7\u00e3o de taxa do Enem 2018.","robots":{"index":"index","follow":"follow","max-snippet":"max-snippet:-1","max-image-preview":"max-image-preview:large","max-video-preview":"max-video-preview:-1"},"canonical":"https:\/\/www.estrategiaconcursos.com.br\/blog\/isencao-de-taxa-do-enem\/","og_locale":"pt_BR","og_type":"article","og_title":"Isen\u00e7\u00e3o de taxa do Enem 2018: Saiba quem pode pedir","og_description":"As inscri\u00e7\u00f5es para o Enem 2018 j\u00e1 come\u00e7aram e a\u00ed bate aquela d\u00favida: Ser\u00e1 que eu posso pedir a isen\u00e7\u00e3o da taxa de inscri\u00e7\u00e3o? Se voc\u00ea est\u00e1 com essa d\u00favida, n\u00e3o se preocupe! Vamos falar tudo o que voc\u00ea precisa saber sobre a isen\u00e7\u00e3o de taxa do Enem 2018.","og_url":"https:\/\/www.estrategiaconcursos.com.br\/blog\/isencao-de-taxa-do-enem\/","og_site_name":"Estrat\u00e9gia Concursos","article_published_time":"2018-04-06T14:15:08+00:00","article_modified_time":"2023-09-01T12:39:14+00:00","og_image":[{"url":"https:\/\/dhg1h5j42swfq.cloudfront.net\/2017\/03\/28152500\/coruja-ficha-tecnica-300x102.png","type":"","width":"","height":""}],"author":"Daniel dos Reis Lopes","twitter_card":"summary_large_image","twitter_creator":"@EstratConcursos","twitter_site":"@EstratConcursos","twitter_misc":{"Escrito por":"Daniel dos Reis Lopes","Est. tempo de leitura":"2 minutos"},"schema":{"@context":"https:\/\/schema.org","@graph":[{"@type":"NewsArticle","@id":"https:\/\/www.estrategiaconcursos.com.br\/blog\/isencao-de-taxa-do-enem\/#article","isPartOf":{"@id":"https:\/\/www.estrategiaconcursos.com.br\/blog\/isencao-de-taxa-do-enem\/"},"author":{"name":"Daniel dos Reis Lopes","@id":"https:\/\/www.estrategiaconcursos.com.br\/blog\/#\/schema\/person\/86e4af37234d422e94ca7e825b416814"},"headline":"Isen\u00e7\u00e3o de taxa do Enem 2018: Saiba quem pode pedir","datePublished":"2018-04-06T14:15:08+00:00","dateModified":"2023-09-01T12:39:14+00:00","mainEntityOfPage":{"@id":"https:\/\/www.estrategiaconcursos.com.br\/blog\/isencao-de-taxa-do-enem\/"},"wordCount":392,"commentCount":2,"publisher":{"@id":"https:\/\/www.estrategiaconcursos.com.br\/blog\/#organization"},"image":{"@id":"https:\/\/www.estrategiaconcursos.com.br\/blog\/isencao-de-taxa-do-enem\/#primaryimage"},"thumbnailUrl":"https:\/\/dhg1h5j42swfq.cloudfront.net\/2017\/03\/28152500\/coruja-ficha-tecnica-300x102.png","keywords":["calend\u00e1rio enem","edital enem","ENEM","enem 2018","isen\u00e7\u00e3o enem"],"articleSection":["Concursos P\u00fablicos"],"inLanguage":"pt-BR","potentialAction":[{"@type":"CommentAction","name":"Comment","target":["https:\/\/www.estrategiaconcursos.com.br\/blog\/isencao-de-taxa-do-enem\/#respond"]}],"copyrightYear":"2018","copyrightHolder":{"@id":"https:\/\/www.estrategiaconcursos.com.br\/blog\/#organization"}},{"@type":"WebPage","@id":"https:\/\/www.estrategiaconcursos.com.br\/blog\/isencao-de-taxa-do-enem\/","url":"https:\/\/www.estrategiaconcursos.com.br\/blog\/isencao-de-taxa-do-enem\/","name":"Isen\u00e7\u00e3o de taxa do Enem 2018: Saiba quem pode pedir","isPartOf":{"@id":"https:\/\/www.estrategiaconcursos.com.br\/blog\/#website"},"primaryImageOfPage":{"@id":"https:\/\/www.estrategiaconcursos.com.br\/blog\/isencao-de-taxa-do-enem\/#primaryimage"},"image":{"@id":"https:\/\/www.estrategiaconcursos.com.br\/blog\/isencao-de-taxa-do-enem\/#primaryimage"},"thumbnailUrl":"https:\/\/dhg1h5j42swfq.cloudfront.net\/2017\/03\/28152500\/coruja-ficha-tecnica-300x102.png","datePublished":"2018-04-06T14:15:08+00:00","dateModified":"2023-09-01T12:39:14+00:00","description":"As inscri\u00e7\u00f5es para o Enem 2018 j\u00e1 come\u00e7aram e a\u00ed bate aquela d\u00favida: Ser\u00e1 que eu posso pedir a isen\u00e7\u00e3o da taxa de inscri\u00e7\u00e3o? Se voc\u00ea est\u00e1 com essa d\u00favida, n\u00e3o se preocupe! Vamos falar tudo o que voc\u00ea precisa saber sobre a isen\u00e7\u00e3o de taxa do Enem 2018.","breadcrumb":{"@id":"https:\/\/www.estrategiaconcursos.com.br\/blog\/isencao-de-taxa-do-enem\/#breadcrumb"},"inLanguage":"pt-BR","potentialAction":[{"@type":"ReadAction","target":["https:\/\/www.estrategiaconcursos.com.br\/blog\/isencao-de-taxa-do-enem\/"]}]},{"@type":"ImageObject","inLanguage":"pt-BR","@id":"https:\/\/www.estrategiaconcursos.com.br\/blog\/isencao-de-taxa-do-enem\/#primaryimage","url":"https:\/\/dhg1h5j42swfq.cloudfront.net\/2017\/03\/28152500\/coruja-ficha-tecnica-300x102.png","contentUrl":"https:\/\/dhg1h5j42swfq.cloudfront.net\/2017\/03\/28152500\/coruja-ficha-tecnica-300x102.png"},{"@type":"BreadcrumbList","@id":"https:\/\/www.estrategiaconcursos.com.br\/blog\/isencao-de-taxa-do-enem\/#breadcrumb","itemListElement":[{"@type":"ListItem","position":1,"name":"In\u00edcio","item":"https:\/\/www.estrategiaconcursos.com.br\/blog\/"},{"@type":"ListItem","position":2,"name":"Isen\u00e7\u00e3o de taxa do Enem 2018: Saiba quem pode pedir"}]},{"@type":"WebSite","@id":"https:\/\/www.estrategiaconcursos.com.br\/blog\/#website","url":"https:\/\/www.estrategiaconcursos.com.br\/blog\/","name":"Estrat\u00e9gia Concursos","description":"O blog da Estrat\u00e9gia Concursos traz not\u00edcias sobre concursos e artigos de professores oferecendo cursos para concursos (pdf + videaulas) no site.","publisher":{"@id":"https:\/\/www.estrategiaconcursos.com.br\/blog\/#organization"},"potentialAction":[{"@type":"SearchAction","target":{"@type":"EntryPoint","urlTemplate":"https:\/\/www.estrategiaconcursos.com.br\/blog\/?s={search_term_string}"},"query-input":{"@type":"PropertyValueSpecification","valueRequired":true,"valueName":"search_term_string"}}],"inLanguage":"pt-BR"},{"@type":"Organization","@id":"https:\/\/www.estrategiaconcursos.com.br\/blog\/#organization","name":"Estrat\u00e9gia Concursos","url":"https:\/\/www.estrategiaconcursos.com.br\/blog\/","logo":{"@type":"ImageObject","inLanguage":"pt-BR","@id":"https:\/\/www.estrategiaconcursos.com.br\/blog\/#\/schema\/logo\/image\/","url":"https:\/\/dhg1h5j42swfq.cloudfront.net\/2025\/06\/03203428\/logo_concursos-1.jpg","contentUrl":"https:\/\/dhg1h5j42swfq.cloudfront.net\/2025\/06\/03203428\/logo_concursos-1.jpg","width":230,"height":60,"caption":"Estrat\u00e9gia Concursos"},"image":{"@id":"https:\/\/www.estrategiaconcursos.com.br\/blog\/#\/schema\/logo\/image\/"},"sameAs":["https:\/\/x.com\/EstratConcursos"]},{"@type":"Person","@id":"https:\/\/www.estrategiaconcursos.com.br\/blog\/#\/schema\/person\/86e4af37234d422e94ca7e825b416814","name":"Daniel dos Reis Lopes","image":{"@type":"ImageObject","inLanguage":"pt-BR","@id":"https:\/\/secure.gravatar.com\/avatar\/ea24ef981da4044d0a66f44402441129fdde22c4c8d87f39a45cae8d4f82075a?s=96&d=mm&r=g","url":"https:\/\/secure.gravatar.com\/avatar\/ea24ef981da4044d0a66f44402441129fdde22c4c8d87f39a45cae8d4f82075a?s=96&d=mm&r=g","contentUrl":"https:\/\/secure.gravatar.com\/avatar\/ea24ef981da4044d0a66f44402441129fdde22c4c8d87f39a45cae8d4f82075a?s=96&d=mm&r=g","caption":"Daniel dos Reis Lopes"},"url":"https:\/\/www.estrategiaconcursos.com.br\/blog\/author\/d-reislopesgmail-com\/"}]}},"_links":{"self":[{"href":"https:\/\/www.estrategiaconcursos.com.br\/blog\/wp-json\/wp\/v2\/posts\/114818","targetHints":{"allow":["GET"]}}],"collection":[{"href":"https:\/\/www.estrategiaconcursos.com.br\/blog\/wp-json\/wp\/v2\/posts"}],"about":[{"href":"https:\/\/www.estrategiaconcursos.com.br\/blog\/wp-json\/wp\/v2\/types\/post"}],"author":[{"embeddable":true,"href":"https:\/\/www.estrategiaconcursos.com.br\/blog\/wp-json\/wp\/v2\/users\/263"}],"replies":[{"embeddable":true,"href":"https:\/\/www.estrategiaconcursos.com.br\/blog\/wp-json\/wp\/v2\/comments?post=114818"}],"version-history":[{"count":9,"href":"https:\/\/www.estrategiaconcursos.com.br\/blog\/wp-json\/wp\/v2\/posts\/114818\/revisions"}],"predecessor-version":[{"id":1272405,"href":"https:\/\/www.estrategiaconcursos.com.br\/blog\/wp-json\/wp\/v2\/posts\/114818\/revisions\/1272405"}],"wp:attachment":[{"href":"https:\/\/www.estrategiaconcursos.com.br\/blog\/wp-json\/wp\/v2\/media?parent=114818"}],"wp:term":[{"taxonomy":"category","embeddable":true,"href":"https:\/\/www.estrategiaconcursos.com.br\/blog\/wp-json\/wp\/v2\/categories?post=114818"},{"taxonomy":"post_tag","embeddable":true,"href":"https:\/\/www.estrategiaconcursos.com.br\/blog\/wp-json\/wp\/v2\/tags?post=114818"},{"taxonomy":"tax_estado","embeddable":true,"href":"https:\/\/www.estrategiaconcursos.com.br\/blog\/wp-json\/wp\/v2\/tax_estado?post=114818"}],"curies":[{"name":"wp","href":"https:\/\/api.w.org\/{rel}","templated":true}]}}