{"id":1147102,"date":"2025-12-29T11:31:00","date_gmt":"2025-12-29T14:31:00","guid":{"rendered":"https:\/\/www.estrategiaconcursos.com.br\/blog\/?p=1147102"},"modified":"2026-01-05T08:32:42","modified_gmt":"2026-01-05T11:32:42","slug":"concurso-dpe-es","status":"publish","type":"post","link":"https:\/\/www.estrategiaconcursos.com.br\/blog\/concurso-dpe-es\/","title":{"rendered":"Concurso DPE ES: em estudos e previsto na LOA 2026!"},"content":{"rendered":"\n<p>Um novo concurso para a <em>Defensoria P\u00fablica do Estado do Esp\u00edrito Santo<\/em> est\u00e1 previsto para <strong>2026. <\/strong>A previs\u00e3o consta na Lei Or\u00e7ament\u00e1ria Anual (LOA) do referido exerc\u00edcio, que contempla a realiza\u00e7\u00e3o de um certame para o \u00f3rg\u00e3o.<\/p>\n\n\n\n<p>De acordo com informa\u00e7\u00f5es j\u00e1 divulgadas pelo defensor-geral do estado, a expectativa \u00e9 que sejam ofertadas entre 5 e 10 vagas.<\/p>\n\n\n\n<ul class=\"wp-block-list\">\n<li><a href=\"https:\/\/dhg1h5j42swfq.cloudfront.net\/2025\/12\/29100516\/diariooficial-3.pdf\" target=\"_blank\" rel=\"noreferrer noopener\">LOA ES 2026 na \u00edntegra<\/a>.<br \/><\/li>\n<\/ul>\n\n\n\n<p>Veja mais detalhes ao longo do artigo!<\/p>\n\n\n\n<ul class=\"wp-block-list has-cyan-bluish-gray-background-color has-background\">\n<li><strong>Concurso DPE ES &#8211; Servidores<\/strong><\/li>\n\n\n\n<li><strong>Status<\/strong>: em estudos &#8211; previsto na LOA 2026<\/li>\n\n\n\n<li><strong style=\"background-color: initial; color: initial;\">Banca:<\/strong> a definir <\/li>\n\n\n\n<li><strong>Vagas:<\/strong> a definir <\/li>\n\n\n\n<li><strong>Cargo<\/strong>: a definir <\/li>\n\n\n\n<li><strong>Sal\u00e1rio inicial:<\/strong> de R$ 1.826,22 a R$ 5.469,13<\/li>\n<\/ul>\n\n\n\n<div class=\"container\" id=\"boxes\">\n  <div class=\"row\">\n\n    <div class=\"col-sm\">\n      <div class=\"banner-estrategia\" id=\"box-assinatura\">\n        <h3 class=\"titulo-assinatura\">Cursos para concursos<\/h3>\n        <p class=\"subtitulo-assinatura\">Estude conosco<\/p>\n        <div class=\"box-botao\">\n          <a class=\"btn-assinatura\" target=\"_blank\" href=\"https:\/\/www.estrategiaconcursos.com.br\/cursos\/\" role=\"button\" rel=\"noopener noreferrer\">Conhe\u00e7a os cursos<\/a>\n        <\/div>\n      <\/div>\n     \n    <\/div>\n\n  <\/div>\n<\/div>\n\n\n\n<ul class=\"wp-block-list\">\n<li><a href=\"#situacao-atual\">Situa\u00e7\u00e3o atual<\/a><\/li>\n\n\n\n<li><a href=\"#remuneracao\">Remunera\u00e7\u00e3o<\/a><\/li>\n\n\n\n<li><a href=\"#atribui\u00e7\u00f5es\">Atribui\u00e7\u00f5es<\/a><\/li>\n\n\n\n<li><a href=\"#cargos-vagos\">Cargos<\/a><\/li>\n\n\n\n<li><a href=\"#artigos\">Artigos<\/a><\/li>\n\n\n\n<li><a href=\"#ficha-tecnica\">Ficha T\u00e9cnica<\/a><\/li>\n\n\n\n<li><a href=\"#cursos\">Cursos<\/a><\/li>\n<\/ul>\n\n\n\n<h2 class=\"wp-block-heading\" id=\"situacao\">Concurso DPE ES: situa\u00e7\u00e3o atual<\/h2>\n\n\n\n<h3 class=\"wp-block-heading\" id=\"h-previsto-na-loa-2026\">Previsto na LOA 2026<\/h3>\n\n\n\n<p>O concurso DPE ES est\u00e1 previsto no or\u00e7amento do estado de 2026. Veja:<\/p>\n\n\n\n<figure class=\"wp-block-image size-large\"><img loading=\"lazy\" decoding=\"async\" width=\"1024\" height=\"547\" src=\"https:\/\/dhg1h5j42swfq.cloudfront.net\/2025\/02\/04120243\/ec-2025-10-04t120048-754-1-1024x547.png\" alt=\"\" class=\"wp-image-1649967\" srcset=\"https:\/\/dhg1h5j42swfq.cloudfront.net\/2025\/02\/04120243\/ec-2025-10-04t120048-754-1-1024x547.png 1024w, https:\/\/dhg1h5j42swfq.cloudfront.net\/2025\/02\/04120243\/ec-2025-10-04t120048-754-1-300x160.png 300w, https:\/\/dhg1h5j42swfq.cloudfront.net\/2025\/02\/04120243\/ec-2025-10-04t120048-754-1-768x410.png 768w, https:\/\/dhg1h5j42swfq.cloudfront.net\/2025\/02\/04120243\/ec-2025-10-04t120048-754-1-150x80.png 150w, https:\/\/dhg1h5j42swfq.cloudfront.net\/2025\/02\/04120243\/ec-2025-10-04t120048-754-1.png 1080w\" sizes=\"auto, (max-width: 1024px) 100vw, 1024px\" \/><\/figure>\n\n\n\n<p>O Defensor-Geral informou que h\u00e1 estudos para a realiza\u00e7\u00e3o do concurso:<\/p>\n\n\n\n<p><em>\u201cSeriam\u00a0<strong>cinco ou 10 vagas<\/strong>, mas ainda est\u00e1 em fase de planejamento. S\u00f3 mesmo para ter uma estabilidade\u201d<\/em>, informou Vinicius Chaves.<\/p>\n\n\n\n<h2 class=\"wp-block-heading\" id=\"remuneracao-e-beneficios\">Concurso DPE ES: remunera\u00e7\u00e3o e benef\u00edcios<\/h2>\n\n\n\n<p>De acordo com a estrutura remunerat\u00f3ria da Defensoria P\u00fablica do Estado do Esp\u00edrito Santo, estabelecida por meio da Lei Complementar N\u00ba 858, de 06 de junho de 2017, as remunera\u00e7\u00f5es iniciais da \u00e1rea de apoio s\u00e3o as seguintes:<\/p>\n\n\n\n<figure class=\"wp-block-table is-style-stripes\"><table><tbody><tr><td class=\"has-text-align-center\" data-align=\"center\">Assessor de Controle Interno<\/td><td class=\"has-text-align-center\" data-align=\"center\">R$ 5.469,13<\/td><\/tr><tr><td class=\"has-text-align-center\" data-align=\"center\">Diretor de Gest\u00e3o de Pessoas<\/td><td class=\"has-text-align-center\" data-align=\"center\">R$ 4.101,84<\/td><\/tr><tr><td class=\"has-text-align-center\" data-align=\"center\">Diretor de Tecnologia da Informa\u00e7\u00e3o<\/td><td class=\"has-text-align-center\" data-align=\"center\">R$ 4.101,84<\/td><\/tr><tr><td class=\"has-text-align-center\" data-align=\"center\">Assessor Especial N\u00edvel I<\/td><td class=\"has-text-align-center\" data-align=\"center\">R$ 4.101,84<\/td><\/tr><tr><td class=\"has-text-align-center\" data-align=\"center\">Assessor de Tecnologia da Informa\u00e7\u00e3o<br \/><\/td><td class=\"has-text-align-center\" data-align=\"center\">R$ 2.734,57<br \/><\/td><\/tr><tr><td class=\"has-text-align-center\" data-align=\"center\">Assistente de Almoxarifado e Patrim\u00f4nio<\/td><td class=\"has-text-align-center\" data-align=\"center\">R$ 1.826,22<\/td><\/tr><tr><td class=\"has-text-align-center\" data-align=\"center\">Assessor de Comunica\u00e7\u00e3o<\/td><td class=\"has-text-align-center\" data-align=\"center\">R$ 2.734,57<\/td><\/tr><tr><td class=\"has-text-align-center\" data-align=\"center\">Assistente de Gest\u00e3o de Frotas e Manuten\u00e7\u00e3o<\/td><td class=\"has-text-align-center\" data-align=\"center\">R$ 1.826,22<\/td><\/tr><\/tbody><\/table><figcaption class=\"wp-element-caption\">Tabela remunerat\u00f3ria<\/figcaption><\/figure>\n\n\n\n<p>Ser\u00e3o pagas ao servidor p\u00fablico as seguintes vantagens pecuni\u00e1rias:<\/p>\n\n\n\n<ul class=\"wp-block-list\">\n<li>indeniza\u00e7\u00e3o;<\/li>\n\n\n\n<li>aux\u00edlios financeiros;<\/li>\n\n\n\n<li>gratifica\u00e7\u00f5es e adicionais; e<\/li>\n\n\n\n<li>d\u00e9cimo terceiro vencimento.<\/li>\n<\/ul>\n\n\n\n<p>Al\u00e9m dos seguintes benef\u00edcios: <\/p>\n\n\n\n<ul class=\"wp-block-list\">\n<li>aux\u00edlio-transporte;<\/li>\n\n\n\n<li>aux\u00edlio-alimenta\u00e7\u00e3o;<\/li>\n\n\n\n<li>aux\u00edlio-creche; e<\/li>\n\n\n\n<li>bolsa de estudo.<\/li>\n<\/ul>\n\n\n\n<h2 class=\"wp-block-heading\">Concurso DPE ES: atribui\u00e7\u00f5es <\/h2>\n\n\n\n<p>Confira as atribui\u00e7\u00f5es b\u00e1sicas, ainda conforme a Lei Complementar N\u00ba 858, de 06 de junho de 2017:<\/p>\n\n\n\n<ul class=\"wp-block-list\">\n<li><strong>Assessor de Controle Interno<\/strong>: Coordenar, no \u00e2mbito da Defensoria P\u00fablica, nos termos da Lei n\u00ba 9.938, de 22.11.2012, o Sistema de Controle Interno e articular com os demais \u00f3rg\u00e3os de controle, respeitados os regulamentos do servi\u00e7o previstos no Regimento Interno da Defensoria P\u00fablica.<\/li>\n\n\n\n<li><strong>Diretor de Gest\u00e3o de Pessoas:<\/strong> Dirigir, monitorar e avaliar planos, programas e a\u00e7\u00f5es de gest\u00e3o e desenvolvimento de pessoas em suas compet\u00eancias e desempenhos, vinculados \u00e0 miss\u00e3o e objetivos do planejamento estrat\u00e9gico da Institui\u00e7\u00e3o, respeitados os regulamentos do servi\u00e7o previstos no Regimento Interno da Defensoria P\u00fablica.<\/li>\n\n\n\n<li><strong>Diretor de Tecnologia da Informa\u00e7\u00e3o<\/strong>: Desenvolver atividades administrativas e t\u00e9cnicas relacionadas ao desenvolvimento, \u00e0 implanta\u00e7\u00e3o e \u00e0 manuten\u00e7\u00e3o de sistemas, projetos e desenvolvimento de programas de computador, planejamento de hipertextos,&nbsp;respeitados os regulamentos do servi\u00e7o previstos no Regimento Interno da Defensoria P\u00fablica.<\/li>\n\n\n\n<li><strong>Assessor Especial N\u00edvel I<\/strong>: Desenvolver atividades de planejamento, supervis\u00e3o, coordena\u00e7\u00e3o, elabora\u00e7\u00e3o e execu\u00e7\u00e3o de projetos relativos \u00e0 pesquisa e an\u00e1lise jur\u00eddica, e executar outras atividades afins \u00e0 sua \u00e1rea de atua\u00e7\u00e3o de acordo com a sua forma\u00e7\u00e3o&nbsp;profissional, respeitados&nbsp;os regulamentos do servi\u00e7o previstos no Regimento Interno da Defensoria P\u00fablica.<\/li>\n\n\n\n<li><strong>Assessor de Tecnologia da Informa\u00e7\u00e3o<\/strong>: Desenvolver atividades administrativas e t\u00e9cnicas relacionadas ao desenvolvimento, \u00e0 implanta\u00e7\u00e3o e \u00e0 manuten\u00e7\u00e3o de sistemas, projetos e desenvolvimento de programas de computador, planejamento de hipertextos,&nbsp;respeitados os regulamentos do servi\u00e7o previstos no Regimento Interno da Defensoria P\u00fablica.<\/li>\n\n\n\n<li><strong>Assessor de Comunica\u00e7\u00e3o<\/strong>: Prestar assessoramento nos assuntos relacionados \u00e0 comunica\u00e7\u00e3o social aos \u00f3rg\u00e3os da Administra\u00e7\u00e3o Superior e aos demais \u00f3rg\u00e3os da Defensoria P\u00fablica, promover a divulga\u00e7\u00e3o das atividades da Defensoria P\u00fablica, manter e atualizar o Portal da Defensoria P\u00fablica na internet e nas redes sociais, desenvolver e zelar pela aplica\u00e7\u00e3o do manual da identidade visual da Defensoria P\u00fablica, recepcionar as demandas da imprensa com rela\u00e7\u00e3o \u00e0s informa\u00e7\u00f5es produzidas pela Defensoria P\u00fablica, elaborar produtos de comunica\u00e7\u00e3o interna que deem publicidade e transpar\u00eancia \u00e0s principais informa\u00e7\u00f5es da Defensoria P\u00fablica, elaborar e executar o planejamento de comunica\u00e7\u00e3o interna e externa da Defensoria P\u00fablica.<\/li>\n\n\n\n<li><strong>Assistente de Almoxarifado e Patrim\u00f4nio<\/strong>: Manter almoxarifado para guarda, controle e preserva\u00e7\u00e3o de material, promover e coordenar a manuten\u00e7\u00e3o, aproveitamento e recupera\u00e7\u00e3o dos bens m\u00f3veis e im\u00f3veis; confeccionar os invent\u00e1rios e demonstrativos peri\u00f3dicos dos bens em almoxarifado, respeitados os regulamentos do servi\u00e7o previstos no Regimento Interno da Defensoria P\u00fablica.<\/li>\n\n\n\n<li><strong>Assistente de Gest\u00e3o de Frotas e Manuten\u00e7\u00e3o<\/strong>: Realizar atividades relacionadas com o transporte de funcion\u00e1rios e pessoas credenciadas, documentos e conserva\u00e7\u00e3o de ve\u00edculos e executar outras atividades afins \u00e0 sua \u00e1rea de atua\u00e7\u00e3o,&nbsp;respeitados os regulamentos do servi\u00e7o previstos no Regimento Interno da Defensoria P\u00fablica.<\/li>\n<\/ul>\n\n\n\n<h2 class=\"wp-block-heading has-text-align-center\" id=\"h-quer-saber-tudo-sobre-concursos-previstos-confira-nossos-artigos\">Quer saber tudo sobre concursos previstos?<br \/>Confira nossos artigos!<\/h2>\n\n\n\n<ul class=\"wp-block-list\">\n<li><a href=\"https:\/\/www.estrategiaconcursos.com.br\/blog\/concursos-abertos\/\" target=\"_blank\" rel=\"noreferrer noopener\">Concursos abertos<\/a><\/li>\n\n\n\n<li><a href=\"https:\/\/www.estrategiaconcursos.com.br\/blog\/concursos-tribunais\/\">Concursos tribunais<\/a><\/li>\n\n\n\n<li><a href=\"https:\/\/www.estrategiaconcursos.com.br\/blog\/concursos-2026\/\">Concursos 2026<\/a><\/li>\n<\/ul>\n\n\n\n<h2 class=\"wp-block-heading has-text-align-center\" id=\"h-quer-estudar-para-concurso-dpe-es\"><em>Quer estudar para Concurso DPE ES?<\/em><\/h2>\n\n\n\n<p class=\"has-text-align-center\" id=\"CURSOS\"><em><strong>Gostou desta oportunidade e deseja come\u00e7ar se preparar agora mesmo? Ent\u00e3o, confira os nossos cursos e comece a estudar para DPE ES:<\/strong><\/em><\/p>\n\n\n\n<div class=\"container\" id=\"boxes\">\n  <div class=\"row\">\n\n    <div class=\"col-sm\">\n      <div class=\"banner-tribunal\" id=\"box-assinatura\">\n        <h3 class=\"titulo-assinatura\">Curso DPE ES<\/h3>\n        <p class=\"subtitulo-assinatura\">Conhe\u00e7a os cursos<\/p>\n        <div class=\"box-botao\">\n          <a class=\"btn-assinatura\" target=\"_blank\" href=\"https:\/\/www.estrategiaconcursos.com.br\/pesquisa\" role=\"button\" rel=\"noopener noreferrer\">Conhe\u00e7a mais<\/a>\n        <\/div>\n      <\/div>\n      <p class=\"texto-auxiliar\">Prepare-se com o melhor material e com quem mais aprova em Concursos P\u00fablicos em todo o pa\u00eds.<\/p>\n    <\/div>\n\n  <\/div>\n<\/div>\n\n\n\n<div class=\"container\" id=\"boxes\">\n  <div class=\"row\">\n\n    <div class=\"col-sm\">\n      <div class=\"estrategia\" id=\"box-assinatura\">\n        <h3 class=\"titulo-assinatura\">Assinatura Concursos<\/h3>\n        <p class=\"subtitulo-assinatura\">Assinatura de 1 ano ou 2 anos<\/p>\n        <div class=\"box-botao\">\n          <a class=\"btn-assinatura\" target=\"_blank\" href=\"https:\/\/www.estrategiaconcursos.com.br\/assinaturas\/\" role=\"button\" rel=\"noopener noreferrer\">ASSINE AGORA<\/a>\n        <\/div>\n      <\/div>\n     \n    <\/div><\/div><\/div>\n\n\n\n<figure class=\"wp-block-image size-large is-resized\"><img loading=\"lazy\" decoding=\"async\" width=\"1024\" height=\"632\" src=\"https:\/\/dhg1h5j42swfq.cloudfront.net\/2025\/06\/27101122\/ficha-tecnica-1-1024x632.png\" alt=\"Informa\u00e7\u00f5es do edital DPE ES\" class=\"wp-image-702728\" style=\"width:269px;height:166px\" srcset=\"https:\/\/dhg1h5j42swfq.cloudfront.net\/2025\/06\/27101122\/ficha-tecnica-1-1024x632.png 1024w, https:\/\/dhg1h5j42swfq.cloudfront.net\/2025\/06\/27101122\/ficha-tecnica-1-300x185.png 300w, https:\/\/dhg1h5j42swfq.cloudfront.net\/2025\/06\/27101122\/ficha-tecnica-1-768x474.png 768w, https:\/\/dhg1h5j42swfq.cloudfront.net\/2025\/06\/27101122\/ficha-tecnica-1-1536x948.png 1536w, https:\/\/dhg1h5j42swfq.cloudfront.net\/2025\/06\/27101122\/ficha-tecnica-1-610x377.png 610w, https:\/\/dhg1h5j42swfq.cloudfront.net\/2025\/06\/27101122\/ficha-tecnica-1.png 1571w\" sizes=\"auto, (max-width: 1024px) 100vw, 1024px\" \/><\/figure>\n\n\n\n<h3 class=\"wp-block-heading\" id=\"block-ba1614b5-988b-41ef-892d-f4c9f7e9dd42\">Informa\u00e7\u00f5es do edital DPE ES<\/h3>\n\n\n\n<ul id=\"block-46dd482c-33cf-409c-8762-75c111403f14\" class=\"wp-block-list\">\n<li><strong>Inscri\u00e7\u00f5es<\/strong>: a definir <\/li>\n\n\n\n<li><strong>Provas<\/strong>: a definir <\/li>\n\n\n\n<li><strong>Vagas<\/strong>: entre 5 e 10 vagas [previsto]<\/li>\n\n\n\n<li><strong>Cargos<\/strong>: a definir <\/li>\n\n\n\n<li><strong>Banca<\/strong>: a definir <\/li>\n\n\n\n<li><strong>Escolaridade<\/strong>: m\u00e9dio e superior <\/li>\n<\/ul>\n","protected":false},"excerpt":{"rendered":"<p>Um novo concurso para a Defensoria P\u00fablica do Estado do Esp\u00edrito Santo est\u00e1 previsto para 2026. A previs\u00e3o consta na Lei Or\u00e7ament\u00e1ria Anual (LOA) do referido exerc\u00edcio, que contempla a realiza\u00e7\u00e3o de um certame para o \u00f3rg\u00e3o. De acordo com informa\u00e7\u00f5es j\u00e1 divulgadas pelo defensor-geral do estado, a expectativa \u00e9 que sejam ofertadas entre 5 [&hellip;]<\/p>\n","protected":false},"author":1,"featured_media":1691515,"comment_status":"open","ping_status":"closed","sticky":false,"template":"","format":"standard","meta":{"post_tipo":"news_page","footnotes":""},"categories":[1984,220219],"tags":[],"tax_estado":[219971],"class_list":["post-1147102","post","type-post","status-publish","format-standard","has-post-thumbnail","hentry","category-tribunais","category-noticias","tax_estado-es"],"acf":[],"yoast_head":"<!-- This site is optimized with the Yoast SEO Premium plugin v27.2 (Yoast SEO v27.2) - https:\/\/yoast.com\/product\/yoast-seo-premium-wordpress\/ -->\n<title>Concurso DPE ES: em estudos e previsto na LOA 2026!<\/title>\n<meta name=\"description\" content=\"Concurso DPE ES: uma nova sele\u00e7\u00e3o para Servidores pode estar a caminho! Defensor-geral informou que seriam 5 ou 10 vagas em novo edital.\" \/>\n<meta name=\"robots\" content=\"index, follow, max-snippet:-1, max-image-preview:large, max-video-preview:-1\" \/>\n<link rel=\"canonical\" href=\"https:\/\/www.estrategiaconcursos.com.br\/blog\/concurso-dpe-es\/\" \/>\n<meta property=\"og:locale\" content=\"pt_BR\" \/>\n<meta property=\"og:type\" content=\"article\" \/>\n<meta property=\"og:title\" content=\"Concurso DPE ES: em estudos e previsto na LOA 2026!\" \/>\n<meta property=\"og:description\" content=\"Concurso DPE ES: uma nova sele\u00e7\u00e3o para Servidores pode estar a caminho! Defensor-geral informou que seriam 5 ou 10 vagas em novo edital.\" \/>\n<meta property=\"og:url\" content=\"https:\/\/www.estrategiaconcursos.com.br\/blog\/concurso-dpe-es\/\" \/>\n<meta property=\"og:site_name\" content=\"Estrat\u00e9gia Concursos\" \/>\n<meta property=\"article:author\" content=\"https:\/\/www.facebook.com\/EstrategiaConcursos\" \/>\n<meta property=\"article:published_time\" content=\"2025-12-29T14:31:00+00:00\" \/>\n<meta property=\"article:modified_time\" content=\"2026-01-05T11:32:42+00:00\" \/>\n<meta property=\"og:image\" content=\"https:\/\/dhg1h5j42swfq.cloudfront.net\/2025\/12\/29203521\/dpe-es.jpg\" \/>\n\t<meta property=\"og:image:width\" content=\"768\" \/>\n\t<meta property=\"og:image:height\" content=\"432\" \/>\n\t<meta property=\"og:image:type\" content=\"image\/jpeg\" \/>\n<meta name=\"author\" content=\"Coordena\u00e7\u00e3o\" \/>\n<meta name=\"twitter:card\" content=\"summary_large_image\" \/>\n<meta name=\"twitter:creator\" content=\"@EstratConcursos\" \/>\n<meta name=\"twitter:site\" content=\"@EstratConcursos\" \/>\n<meta name=\"twitter:label1\" content=\"Escrito por\" \/>\n\t<meta name=\"twitter:data1\" content=\"Coordena\u00e7\u00e3o\" \/>\n\t<meta name=\"twitter:label2\" content=\"Est. tempo de leitura\" \/>\n\t<meta name=\"twitter:data2\" content=\"5 minutos\" \/>\n<script type=\"application\/ld+json\" class=\"yoast-schema-graph\">{\"@context\":\"https:\/\/schema.org\",\"@graph\":[{\"@type\":\"NewsArticle\",\"@id\":\"https:\/\/www.estrategiaconcursos.com.br\/blog\/concurso-dpe-es\/#article\",\"isPartOf\":{\"@id\":\"https:\/\/www.estrategiaconcursos.com.br\/blog\/concurso-dpe-es\/\"},\"author\":{\"name\":\"Coordena\u00e7\u00e3o\",\"@id\":\"https:\/\/www.estrategiaconcursos.com.br\/blog\/#\/schema\/person\/b4a388c97673c5f483d72185668afa1f\"},\"headline\":\"Concurso DPE ES: em estudos e previsto na LOA 2026!\",\"datePublished\":\"2025-12-29T14:31:00+00:00\",\"dateModified\":\"2026-01-05T11:32:42+00:00\",\"mainEntityOfPage\":{\"@id\":\"https:\/\/www.estrategiaconcursos.com.br\/blog\/concurso-dpe-es\/\"},\"wordCount\":952,\"commentCount\":0,\"publisher\":{\"@id\":\"https:\/\/www.estrategiaconcursos.com.br\/blog\/#organization\"},\"image\":{\"@id\":\"https:\/\/www.estrategiaconcursos.com.br\/blog\/concurso-dpe-es\/#primaryimage\"},\"thumbnailUrl\":\"https:\/\/dhg1h5j42swfq.cloudfront.net\/2025\/12\/29203521\/dpe-es.jpg\",\"articleSection\":[\"Tribunais\",\"\u00daltimas not\u00edcias\"],\"inLanguage\":\"pt-BR\",\"potentialAction\":[{\"@type\":\"CommentAction\",\"name\":\"Comment\",\"target\":[\"https:\/\/www.estrategiaconcursos.com.br\/blog\/concurso-dpe-es\/#respond\"]}],\"copyrightYear\":\"2025\",\"copyrightHolder\":{\"@id\":\"https:\/\/www.estrategiaconcursos.com.br\/blog\/#organization\"}},{\"@type\":\"WebPage\",\"@id\":\"https:\/\/www.estrategiaconcursos.com.br\/blog\/concurso-dpe-es\/\",\"url\":\"https:\/\/www.estrategiaconcursos.com.br\/blog\/concurso-dpe-es\/\",\"name\":\"Concurso DPE ES: em estudos e previsto na LOA 2026!\",\"isPartOf\":{\"@id\":\"https:\/\/www.estrategiaconcursos.com.br\/blog\/#website\"},\"primaryImageOfPage\":{\"@id\":\"https:\/\/www.estrategiaconcursos.com.br\/blog\/concurso-dpe-es\/#primaryimage\"},\"image\":{\"@id\":\"https:\/\/www.estrategiaconcursos.com.br\/blog\/concurso-dpe-es\/#primaryimage\"},\"thumbnailUrl\":\"https:\/\/dhg1h5j42swfq.cloudfront.net\/2025\/12\/29203521\/dpe-es.jpg\",\"datePublished\":\"2025-12-29T14:31:00+00:00\",\"dateModified\":\"2026-01-05T11:32:42+00:00\",\"description\":\"Concurso DPE ES: uma nova sele\u00e7\u00e3o para Servidores pode estar a caminho! Defensor-geral informou que seriam 5 ou 10 vagas em novo edital.\",\"breadcrumb\":{\"@id\":\"https:\/\/www.estrategiaconcursos.com.br\/blog\/concurso-dpe-es\/#breadcrumb\"},\"inLanguage\":\"pt-BR\",\"potentialAction\":[{\"@type\":\"ReadAction\",\"target\":[\"https:\/\/www.estrategiaconcursos.com.br\/blog\/concurso-dpe-es\/\"]}]},{\"@type\":\"ImageObject\",\"inLanguage\":\"pt-BR\",\"@id\":\"https:\/\/www.estrategiaconcursos.com.br\/blog\/concurso-dpe-es\/#primaryimage\",\"url\":\"https:\/\/dhg1h5j42swfq.cloudfront.net\/2025\/12\/29203521\/dpe-es.jpg\",\"contentUrl\":\"https:\/\/dhg1h5j42swfq.cloudfront.net\/2025\/12\/29203521\/dpe-es.jpg\",\"width\":768,\"height\":432,\"caption\":\"concurso DPE ES\"},{\"@type\":\"BreadcrumbList\",\"@id\":\"https:\/\/www.estrategiaconcursos.com.br\/blog\/concurso-dpe-es\/#breadcrumb\",\"itemListElement\":[{\"@type\":\"ListItem\",\"position\":1,\"name\":\"In\u00edcio\",\"item\":\"https:\/\/www.estrategiaconcursos.com.br\/blog\/\"},{\"@type\":\"ListItem\",\"position\":2,\"name\":\"Concurso DPE ES: em estudos e previsto na LOA 2026!\"}]},{\"@type\":\"WebSite\",\"@id\":\"https:\/\/www.estrategiaconcursos.com.br\/blog\/#website\",\"url\":\"https:\/\/www.estrategiaconcursos.com.br\/blog\/\",\"name\":\"Estrat\u00e9gia Concursos\",\"description\":\"O blog da Estrat\u00e9gia Concursos traz not\u00edcias sobre concursos e artigos de professores oferecendo cursos para concursos (pdf + videaulas) no site.\",\"publisher\":{\"@id\":\"https:\/\/www.estrategiaconcursos.com.br\/blog\/#organization\"},\"potentialAction\":[{\"@type\":\"SearchAction\",\"target\":{\"@type\":\"EntryPoint\",\"urlTemplate\":\"https:\/\/www.estrategiaconcursos.com.br\/blog\/?s={search_term_string}\"},\"query-input\":{\"@type\":\"PropertyValueSpecification\",\"valueRequired\":true,\"valueName\":\"search_term_string\"}}],\"inLanguage\":\"pt-BR\"},{\"@type\":\"Organization\",\"@id\":\"https:\/\/www.estrategiaconcursos.com.br\/blog\/#organization\",\"name\":\"Estrat\u00e9gia Concursos\",\"url\":\"https:\/\/www.estrategiaconcursos.com.br\/blog\/\",\"logo\":{\"@type\":\"ImageObject\",\"inLanguage\":\"pt-BR\",\"@id\":\"https:\/\/www.estrategiaconcursos.com.br\/blog\/#\/schema\/logo\/image\/\",\"url\":\"https:\/\/dhg1h5j42swfq.cloudfront.net\/2025\/06\/03203428\/logo_concursos-1.jpg\",\"contentUrl\":\"https:\/\/dhg1h5j42swfq.cloudfront.net\/2025\/06\/03203428\/logo_concursos-1.jpg\",\"width\":230,\"height\":60,\"caption\":\"Estrat\u00e9gia Concursos\"},\"image\":{\"@id\":\"https:\/\/www.estrategiaconcursos.com.br\/blog\/#\/schema\/logo\/image\/\"},\"sameAs\":[\"https:\/\/x.com\/EstratConcursos\"]},{\"@type\":\"Person\",\"@id\":\"https:\/\/www.estrategiaconcursos.com.br\/blog\/#\/schema\/person\/b4a388c97673c5f483d72185668afa1f\",\"name\":\"Coordena\u00e7\u00e3o\",\"image\":{\"@type\":\"ImageObject\",\"inLanguage\":\"pt-BR\",\"@id\":\"https:\/\/secure.gravatar.com\/avatar\/b720319e4c9a967eb58678d110f4fe35452fc5d5f97b202bac7b8acceb18c6ad?s=96&d=mm&r=g\",\"url\":\"https:\/\/secure.gravatar.com\/avatar\/b720319e4c9a967eb58678d110f4fe35452fc5d5f97b202bac7b8acceb18c6ad?s=96&d=mm&r=g\",\"contentUrl\":\"https:\/\/secure.gravatar.com\/avatar\/b720319e4c9a967eb58678d110f4fe35452fc5d5f97b202bac7b8acceb18c6ad?s=96&d=mm&r=g\",\"caption\":\"Coordena\u00e7\u00e3o\"},\"sameAs\":[\"https:\/\/www.facebook.com\/EstrategiaConcursos\",\"https:\/\/x.com\/EstratConcursos\"],\"url\":\"https:\/\/www.estrategiaconcursos.com.br\/blog\/author\/estrategia2013\/\"}]}<\/script>\n<!-- \/ Yoast SEO Premium plugin. -->","yoast_head_json":{"title":"Concurso DPE ES: em estudos e previsto na LOA 2026!","description":"Concurso DPE ES: uma nova sele\u00e7\u00e3o para Servidores pode estar a caminho! Defensor-geral informou que seriam 5 ou 10 vagas em novo edital.","robots":{"index":"index","follow":"follow","max-snippet":"max-snippet:-1","max-image-preview":"max-image-preview:large","max-video-preview":"max-video-preview:-1"},"canonical":"https:\/\/www.estrategiaconcursos.com.br\/blog\/concurso-dpe-es\/","og_locale":"pt_BR","og_type":"article","og_title":"Concurso DPE ES: em estudos e previsto na LOA 2026!","og_description":"Concurso DPE ES: uma nova sele\u00e7\u00e3o para Servidores pode estar a caminho! Defensor-geral informou que seriam 5 ou 10 vagas em novo edital.","og_url":"https:\/\/www.estrategiaconcursos.com.br\/blog\/concurso-dpe-es\/","og_site_name":"Estrat\u00e9gia Concursos","article_author":"https:\/\/www.facebook.com\/EstrategiaConcursos","article_published_time":"2025-12-29T14:31:00+00:00","article_modified_time":"2026-01-05T11:32:42+00:00","og_image":[{"width":768,"height":432,"url":"https:\/\/dhg1h5j42swfq.cloudfront.net\/2025\/12\/29203521\/dpe-es.jpg","type":"image\/jpeg"}],"author":"Coordena\u00e7\u00e3o","twitter_card":"summary_large_image","twitter_creator":"@EstratConcursos","twitter_site":"@EstratConcursos","twitter_misc":{"Escrito por":"Coordena\u00e7\u00e3o","Est. tempo de leitura":"5 minutos"},"schema":{"@context":"https:\/\/schema.org","@graph":[{"@type":"NewsArticle","@id":"https:\/\/www.estrategiaconcursos.com.br\/blog\/concurso-dpe-es\/#article","isPartOf":{"@id":"https:\/\/www.estrategiaconcursos.com.br\/blog\/concurso-dpe-es\/"},"author":{"name":"Coordena\u00e7\u00e3o","@id":"https:\/\/www.estrategiaconcursos.com.br\/blog\/#\/schema\/person\/b4a388c97673c5f483d72185668afa1f"},"headline":"Concurso DPE ES: em estudos e previsto na LOA 2026!","datePublished":"2025-12-29T14:31:00+00:00","dateModified":"2026-01-05T11:32:42+00:00","mainEntityOfPage":{"@id":"https:\/\/www.estrategiaconcursos.com.br\/blog\/concurso-dpe-es\/"},"wordCount":952,"commentCount":0,"publisher":{"@id":"https:\/\/www.estrategiaconcursos.com.br\/blog\/#organization"},"image":{"@id":"https:\/\/www.estrategiaconcursos.com.br\/blog\/concurso-dpe-es\/#primaryimage"},"thumbnailUrl":"https:\/\/dhg1h5j42swfq.cloudfront.net\/2025\/12\/29203521\/dpe-es.jpg","articleSection":["Tribunais","\u00daltimas not\u00edcias"],"inLanguage":"pt-BR","potentialAction":[{"@type":"CommentAction","name":"Comment","target":["https:\/\/www.estrategiaconcursos.com.br\/blog\/concurso-dpe-es\/#respond"]}],"copyrightYear":"2025","copyrightHolder":{"@id":"https:\/\/www.estrategiaconcursos.com.br\/blog\/#organization"}},{"@type":"WebPage","@id":"https:\/\/www.estrategiaconcursos.com.br\/blog\/concurso-dpe-es\/","url":"https:\/\/www.estrategiaconcursos.com.br\/blog\/concurso-dpe-es\/","name":"Concurso DPE ES: em estudos e previsto na LOA 2026!","isPartOf":{"@id":"https:\/\/www.estrategiaconcursos.com.br\/blog\/#website"},"primaryImageOfPage":{"@id":"https:\/\/www.estrategiaconcursos.com.br\/blog\/concurso-dpe-es\/#primaryimage"},"image":{"@id":"https:\/\/www.estrategiaconcursos.com.br\/blog\/concurso-dpe-es\/#primaryimage"},"thumbnailUrl":"https:\/\/dhg1h5j42swfq.cloudfront.net\/2025\/12\/29203521\/dpe-es.jpg","datePublished":"2025-12-29T14:31:00+00:00","dateModified":"2026-01-05T11:32:42+00:00","description":"Concurso DPE ES: uma nova sele\u00e7\u00e3o para Servidores pode estar a caminho! Defensor-geral informou que seriam 5 ou 10 vagas em novo edital.","breadcrumb":{"@id":"https:\/\/www.estrategiaconcursos.com.br\/blog\/concurso-dpe-es\/#breadcrumb"},"inLanguage":"pt-BR","potentialAction":[{"@type":"ReadAction","target":["https:\/\/www.estrategiaconcursos.com.br\/blog\/concurso-dpe-es\/"]}]},{"@type":"ImageObject","inLanguage":"pt-BR","@id":"https:\/\/www.estrategiaconcursos.com.br\/blog\/concurso-dpe-es\/#primaryimage","url":"https:\/\/dhg1h5j42swfq.cloudfront.net\/2025\/12\/29203521\/dpe-es.jpg","contentUrl":"https:\/\/dhg1h5j42swfq.cloudfront.net\/2025\/12\/29203521\/dpe-es.jpg","width":768,"height":432,"caption":"concurso DPE ES"},{"@type":"BreadcrumbList","@id":"https:\/\/www.estrategiaconcursos.com.br\/blog\/concurso-dpe-es\/#breadcrumb","itemListElement":[{"@type":"ListItem","position":1,"name":"In\u00edcio","item":"https:\/\/www.estrategiaconcursos.com.br\/blog\/"},{"@type":"ListItem","position":2,"name":"Concurso DPE ES: em estudos e previsto na LOA 2026!"}]},{"@type":"WebSite","@id":"https:\/\/www.estrategiaconcursos.com.br\/blog\/#website","url":"https:\/\/www.estrategiaconcursos.com.br\/blog\/","name":"Estrat\u00e9gia Concursos","description":"O blog da Estrat\u00e9gia Concursos traz not\u00edcias sobre concursos e artigos de professores oferecendo cursos para concursos (pdf + videaulas) no site.","publisher":{"@id":"https:\/\/www.estrategiaconcursos.com.br\/blog\/#organization"},"potentialAction":[{"@type":"SearchAction","target":{"@type":"EntryPoint","urlTemplate":"https:\/\/www.estrategiaconcursos.com.br\/blog\/?s={search_term_string}"},"query-input":{"@type":"PropertyValueSpecification","valueRequired":true,"valueName":"search_term_string"}}],"inLanguage":"pt-BR"},{"@type":"Organization","@id":"https:\/\/www.estrategiaconcursos.com.br\/blog\/#organization","name":"Estrat\u00e9gia Concursos","url":"https:\/\/www.estrategiaconcursos.com.br\/blog\/","logo":{"@type":"ImageObject","inLanguage":"pt-BR","@id":"https:\/\/www.estrategiaconcursos.com.br\/blog\/#\/schema\/logo\/image\/","url":"https:\/\/dhg1h5j42swfq.cloudfront.net\/2025\/06\/03203428\/logo_concursos-1.jpg","contentUrl":"https:\/\/dhg1h5j42swfq.cloudfront.net\/2025\/06\/03203428\/logo_concursos-1.jpg","width":230,"height":60,"caption":"Estrat\u00e9gia Concursos"},"image":{"@id":"https:\/\/www.estrategiaconcursos.com.br\/blog\/#\/schema\/logo\/image\/"},"sameAs":["https:\/\/x.com\/EstratConcursos"]},{"@type":"Person","@id":"https:\/\/www.estrategiaconcursos.com.br\/blog\/#\/schema\/person\/b4a388c97673c5f483d72185668afa1f","name":"Coordena\u00e7\u00e3o","image":{"@type":"ImageObject","inLanguage":"pt-BR","@id":"https:\/\/secure.gravatar.com\/avatar\/b720319e4c9a967eb58678d110f4fe35452fc5d5f97b202bac7b8acceb18c6ad?s=96&d=mm&r=g","url":"https:\/\/secure.gravatar.com\/avatar\/b720319e4c9a967eb58678d110f4fe35452fc5d5f97b202bac7b8acceb18c6ad?s=96&d=mm&r=g","contentUrl":"https:\/\/secure.gravatar.com\/avatar\/b720319e4c9a967eb58678d110f4fe35452fc5d5f97b202bac7b8acceb18c6ad?s=96&d=mm&r=g","caption":"Coordena\u00e7\u00e3o"},"sameAs":["https:\/\/www.facebook.com\/EstrategiaConcursos","https:\/\/x.com\/EstratConcursos"],"url":"https:\/\/www.estrategiaconcursos.com.br\/blog\/author\/estrategia2013\/"}]}},"_links":{"self":[{"href":"https:\/\/www.estrategiaconcursos.com.br\/blog\/wp-json\/wp\/v2\/posts\/1147102","targetHints":{"allow":["GET"]}}],"collection":[{"href":"https:\/\/www.estrategiaconcursos.com.br\/blog\/wp-json\/wp\/v2\/posts"}],"about":[{"href":"https:\/\/www.estrategiaconcursos.com.br\/blog\/wp-json\/wp\/v2\/types\/post"}],"author":[{"embeddable":true,"href":"https:\/\/www.estrategiaconcursos.com.br\/blog\/wp-json\/wp\/v2\/users\/1"}],"replies":[{"embeddable":true,"href":"https:\/\/www.estrategiaconcursos.com.br\/blog\/wp-json\/wp\/v2\/comments?post=1147102"}],"version-history":[{"count":28,"href":"https:\/\/www.estrategiaconcursos.com.br\/blog\/wp-json\/wp\/v2\/posts\/1147102\/revisions"}],"predecessor-version":[{"id":1693140,"href":"https:\/\/www.estrategiaconcursos.com.br\/blog\/wp-json\/wp\/v2\/posts\/1147102\/revisions\/1693140"}],"wp:featuredmedia":[{"embeddable":true,"href":"https:\/\/www.estrategiaconcursos.com.br\/blog\/wp-json\/wp\/v2\/media\/1691515"}],"wp:attachment":[{"href":"https:\/\/www.estrategiaconcursos.com.br\/blog\/wp-json\/wp\/v2\/media?parent=1147102"}],"wp:term":[{"taxonomy":"category","embeddable":true,"href":"https:\/\/www.estrategiaconcursos.com.br\/blog\/wp-json\/wp\/v2\/categories?post=1147102"},{"taxonomy":"post_tag","embeddable":true,"href":"https:\/\/www.estrategiaconcursos.com.br\/blog\/wp-json\/wp\/v2\/tags?post=1147102"},{"taxonomy":"tax_estado","embeddable":true,"href":"https:\/\/www.estrategiaconcursos.com.br\/blog\/wp-json\/wp\/v2\/tax_estado?post=1147102"}],"curies":[{"name":"wp","href":"https:\/\/api.w.org\/{rel}","templated":true}]}}