{"id":1146929,"date":"2023-01-04T13:42:00","date_gmt":"2023-01-04T16:42:00","guid":{"rendered":"https:\/\/www.estrategiaconcursos.com.br\/blog\/?p=1146929"},"modified":"2023-02-02T17:53:07","modified_gmt":"2023-02-02T20:53:07","slug":"janeiro-da-enfermagem-nao-perca-a-programacao","status":"publish","type":"post","link":"https:\/\/www.estrategiaconcursos.com.br\/blog\/janeiro-da-enfermagem-nao-perca-a-programacao\/","title":{"rendered":"Janeiro da Enfermagem: n\u00e3o perca a programa\u00e7\u00e3o!"},"content":{"rendered":"\n<p>Diversos concursos abertos ou em processo de abertura ofertam, anualmente, milhares de oportunidades para a \u00e1rea de Enfermagem.<\/p>\n\n\n\n<p>Como muitos interessados na \u00e1rea desconhecem as vagas previstas, n\u00f3s, do Estrat\u00e9gia Concursos, preparamos um evento para apresentar as melhores oportunidades do primeiro m\u00eas deste ano!<\/p>\n\n\n\n<p>Ent\u00e3o, nesta <strong>quarta-feira (4), a partir das 14h<\/strong>, a professora Thaysa Vianna apresentar\u00e1 o webin\u00e1rio <strong><em>&#8216;Janeiro da Enfermagem<\/em>&#8216;<\/strong>, com o tema <em><strong>&#8220;Pol\u00edtica Nacional de Sa\u00fade da Crian\u00e7a&#8221;<\/strong><\/em>. N\u00c3O PERCA!<\/p>\n\n\n\n<p class=\"has-medium-font-size\">Confira abaixo a programa\u00e7\u00e3o completa:<\/p>\n\n\n\n<figure class=\"wp-block-table is-style-stripes\"><table class=\"has-background\" style=\"background-color:#a4e0c8\"><tbody><tr><td class=\"has-text-align-center\" data-align=\"center\"><strong>Datas<\/strong><\/td><td class=\"has-text-align-center\" data-align=\"center\"><strong>Hor\u00e1rios<\/strong><\/td><td class=\"has-text-align-center\" data-align=\"center\"><strong>Temas<\/strong><\/td><td class=\"has-text-align-center\" data-align=\"center\"><strong>Professores<\/strong><\/td><\/tr><tr><td class=\"has-text-align-center\" data-align=\"center\">04\/JAN<\/td><td class=\"has-text-align-center\" data-align=\"center\">14h<\/td><td class=\"has-text-align-center\" data-align=\"center\">Pol\u00edtica Nacional de Sa\u00fade da Crian\u00e7a<\/td><td class=\"has-text-align-center\" data-align=\"center\">Thaysa Vianna<\/td><\/tr><tr><td class=\"has-text-align-center\" data-align=\"center\">09\/JAN<\/td><td class=\"has-text-align-center\" data-align=\"center\">14h<\/td><td class=\"has-text-align-center\" data-align=\"center\">Legisla\u00e7\u00e3o de Enfermagem: atualiza\u00e7\u00e3o de leis e decretos<\/td><td class=\"has-text-align-center\" data-align=\"center\">Breno Caldas<\/td><\/tr><tr><td class=\"has-text-align-center\" data-align=\"center\">11\/JAN<\/td><td class=\"has-text-align-center\" data-align=\"center\">14h<\/td><td class=\"has-text-align-center\" data-align=\"center\">Pol\u00edtica Nacional de Sa\u00fade da Mulher e Rede Cegonha<\/td><td class=\"has-text-align-center\" data-align=\"center\">Thaysa Vianna<\/td><\/tr><tr><td class=\"has-text-align-center\" data-align=\"center\">12\/JAN<\/td><td class=\"has-text-align-center\" data-align=\"center\">14h<\/td><td class=\"has-text-align-center\" data-align=\"center\">Lei 5.905\/73 e Resolu\u00e7\u00e3o COFEN 564\/17 (CEPE).<\/td><td class=\"has-text-align-center\" data-align=\"center\">Breno Caldas<\/td><\/tr><tr><td class=\"has-text-align-center\" data-align=\"center\">16\/JAN<\/td><td class=\"has-text-align-center\" data-align=\"center\">14h<\/td><td class=\"has-text-align-center\" data-align=\"center\">Pol\u00edtica Nacional de Aten\u00e7\u00e3o B\u00e1sica: PNAB.<\/td><td class=\"has-text-align-center\" data-align=\"center\">Breno Caldas<\/td><\/tr><tr><td class=\"has-text-align-center\" data-align=\"center\">18\/JAN<\/td><td class=\"has-text-align-center\" data-align=\"center\">14h<\/td><td class=\"has-text-align-center\" data-align=\"center\">Rede de Aten\u00e7\u00e3o \u00e0 Sa\u00fade das Pessoas com Doen\u00e7as Cr\u00f4nicas<\/td><td class=\"has-text-align-center\" data-align=\"center\">Thaysa Vianna<\/td><\/tr><tr><td class=\"has-text-align-center\" data-align=\"center\">19\/JAN<\/td><td class=\"has-text-align-center\" data-align=\"center\">14h<\/td><td class=\"has-text-align-center\" data-align=\"center\">Portaria 4.279\/10 -RAS e <br \/>Pol\u00edtica Nacional de Regula\u00e7\u00e3o em Sa\u00fade<\/td><td class=\"has-text-align-center\" data-align=\"center\">Breno Caldas<\/td><\/tr><tr><td class=\"has-text-align-center\" data-align=\"center\">23\/JAN<\/td><td class=\"has-text-align-center\" data-align=\"center\">14h<\/td><td class=\"has-text-align-center\" data-align=\"center\">Telesa\u00fade; financiamento da APS e <br \/>Programa Nacional de Seguran\u00e7a do Paciente<\/td><td class=\"has-text-align-center\" data-align=\"center\">Breno Caldas<\/td><\/tr><tr><td class=\"has-text-align-center\" data-align=\"center\">25\/JAN<\/td><td class=\"has-text-align-center\" data-align=\"center\">14h<\/td><td class=\"has-text-align-center\" data-align=\"center\">Sa\u00fade do adulto: Preven\u00e7\u00e3o e controle de infec\u00e7\u00e3o<\/td><td class=\"has-text-align-center\" data-align=\"center\">Guilherme Gasparini<\/td><\/tr><tr><td class=\"has-text-align-center\" data-align=\"center\">26\/JAN<\/td><td class=\"has-text-align-center\" data-align=\"center\">08h30<\/td><td class=\"has-text-align-center\" data-align=\"center\">Doen\u00e7as transmiss\u00edveis e IST: Quest\u00f5es e teoria I<\/td><td class=\"has-text-align-center\" data-align=\"center\">Guilherme Gasparini<\/td><\/tr><tr><td class=\"has-text-align-center\" data-align=\"center\">26\/JAN<\/td><td class=\"has-text-align-center\" data-align=\"center\">14h<\/td><td class=\"has-text-align-center\" data-align=\"center\">Doen\u00e7as transmiss\u00edveis e IST: Quest\u00f5es e teoria II<\/td><td class=\"has-text-align-center\" data-align=\"center\">Guilherme Gasparini<\/td><\/tr><tr><td class=\"has-text-align-center\" data-align=\"center\">27\/JAN<\/td><td class=\"has-text-align-center\" data-align=\"center\">08h30<\/td><td class=\"has-text-align-center\" data-align=\"center\">Plano de Gerenciamento de Res\u00edduos do Servi\u00e7o de Sa\u00fade e CME:&nbsp;Quest\u00f5es e teoria<\/td><td class=\"has-text-align-center\" data-align=\"center\">Guilherme Gasparini<\/td><\/tr><tr><td class=\"has-text-align-center\" data-align=\"center\">27\/JAN<\/td><td class=\"has-text-align-center\" data-align=\"center\">14h<\/td><td class=\"has-text-align-center\" data-align=\"center\">Pol\u00edtica Nacional para os Hospitais de Pequeno Porte e <br \/>Pol\u00edtica Nacional de Aten\u00e7\u00e3o Hospitalar<\/td><td class=\"has-text-align-center\" data-align=\"center\">Breno Caldas<\/td><\/tr><\/tbody><\/table><\/figure>\n\n\n\n<h2 class=\"has-text-align-center wp-block-heading\" id=\"cursos\">Quer saber tudo sobre concursos previstos? <br \/>Confira nossos artigos!<\/h2>\n\n\n\n<ul class=\"wp-block-list\">\n<li><a href=\"https:\/\/www.estrategiaconcursos.com.br\/blog\/concursos-abertos\/\" target=\"_blank\" rel=\"noreferrer noopener\">Concursos abertos<\/a><\/li>\n\n\n\n<li><a href=\"https:\/\/www.estrategiaconcursos.com.br\/blog\/concursos-2023\/\" target=\"_blank\" rel=\"noreferrer noopener\">Concursos 2023<\/a><\/li>\n<\/ul>\n\n\n\n<div class=\"container\" id=\"boxes\">\n  <div class=\"row\">\n\n    <div class=\"col-sm\">\n      <div class=\"estrategia\" id=\"box-assinatura\">\n        <h3 class=\"titulo-assinatura\">Assinatura de Concursos<\/h3>\n        <p class=\"subtitulo-assinatura\">Assinatura de 1 ou 2 anos<\/p>\n        <div class=\"box-botao\">\n          <a class=\"btn-assinatura\" target=\"_blank\" href=\"https:\/\/www.estrategiaconcursos.com.br\/assinaturas\/\" role=\"button\" rel=\"noopener noreferrer\">ASSINE AGORA<\/a>\n        <\/div>\n      <\/div>\n      <p class=\"texto-auxiliar\">.<\/p>\n    <\/div><\/div><\/div>\n","protected":false},"excerpt":{"rendered":"<p>Diversos concursos abertos ou em processo de abertura ofertam, anualmente, milhares de oportunidades para a \u00e1rea de Enfermagem. Como muitos interessados na \u00e1rea desconhecem as vagas previstas, n\u00f3s, do Estrat\u00e9gia Concursos, preparamos um evento para apresentar as melhores oportunidades do primeiro m\u00eas deste ano! Ent\u00e3o, nesta quarta-feira (4), a partir das 14h, a professora Thaysa [&hellip;]<\/p>\n","protected":false},"author":2134,"featured_media":1146936,"comment_status":"open","ping_status":"closed","sticky":false,"template":"","format":"standard","meta":{"post_tipo":"news","footnotes":""},"categories":[1981,220219],"tags":[],"tax_estado":[219964,219965,219966,219967,219968,219969,219963,219970,219971,219972,219973,219974,219975,219976,219977,219978,219979,219980,219981,219982,219983,219984,219985,219986,219987,219988,219989,219990],"class_list":["post-1146929","post","type-post","status-publish","format-standard","has-post-thumbnail","hentry","category-saude","category-noticias","tax_estado-ac","tax_estado-al","tax_estado-am","tax_estado-ap","tax_estado-ba","tax_estado-ce","tax_estado-concursos-federais","tax_estado-df","tax_estado-es","tax_estado-go","tax_estado-ma","tax_estado-mg","tax_estado-ms","tax_estado-mt","tax_estado-pa","tax_estado-pb","tax_estado-pe","tax_estado-pi","tax_estado-pr","tax_estado-rj","tax_estado-rn","tax_estado-ro","tax_estado-rr","tax_estado-rs","tax_estado-sc","tax_estado-se","tax_estado-sp","tax_estado-to"],"acf":[],"yoast_head":"<!-- This site is optimized with the Yoast SEO Premium plugin v27.2 (Yoast SEO v27.2) - https:\/\/yoast.com\/product\/yoast-seo-premium-wordpress\/ -->\n<title>Janeiro da Enfermagem: n\u00e3o perca a programa\u00e7\u00e3o!<\/title>\n<meta name=\"description\" content=\"Janeiro da Enfermagem: n\u00e3o perca a programa\u00e7\u00e3o!\" \/>\n<meta name=\"robots\" content=\"index, follow, max-snippet:-1, max-image-preview:large, max-video-preview:-1\" \/>\n<link rel=\"canonical\" href=\"https:\/\/www.estrategiaconcursos.com.br\/blog\/janeiro-da-enfermagem-nao-perca-a-programacao\/\" \/>\n<meta property=\"og:locale\" content=\"pt_BR\" \/>\n<meta property=\"og:type\" content=\"article\" \/>\n<meta property=\"og:title\" content=\"Janeiro da Enfermagem: n\u00e3o perca a programa\u00e7\u00e3o!\" \/>\n<meta property=\"og:description\" content=\"Janeiro da Enfermagem: n\u00e3o perca a programa\u00e7\u00e3o!\" \/>\n<meta property=\"og:url\" content=\"https:\/\/www.estrategiaconcursos.com.br\/blog\/janeiro-da-enfermagem-nao-perca-a-programacao\/\" \/>\n<meta property=\"og:site_name\" content=\"Estrat\u00e9gia Concursos\" \/>\n<meta property=\"article:published_time\" content=\"2023-01-04T16:42:00+00:00\" \/>\n<meta property=\"article:modified_time\" content=\"2023-02-02T20:53:07+00:00\" \/>\n<meta property=\"og:image\" content=\"https:\/\/dhg1h5j42swfq.cloudfront.net\/2023\/01\/03200447\/1280-720-max-2.jpg\" \/>\n\t<meta property=\"og:image:width\" content=\"1280\" \/>\n\t<meta property=\"og:image:height\" content=\"720\" \/>\n\t<meta property=\"og:image:type\" content=\"image\/jpeg\" \/>\n<meta name=\"author\" content=\"Rafaela Teixeira\" \/>\n<meta name=\"twitter:card\" content=\"summary_large_image\" \/>\n<meta name=\"twitter:creator\" content=\"@EstratConcursos\" \/>\n<meta name=\"twitter:site\" content=\"@EstratConcursos\" \/>\n<meta name=\"twitter:label1\" content=\"Escrito por\" \/>\n\t<meta name=\"twitter:data1\" content=\"Rafaela Teixeira\" \/>\n\t<meta name=\"twitter:label2\" content=\"Est. tempo de leitura\" \/>\n\t<meta name=\"twitter:data2\" content=\"1 minuto\" \/>\n<script type=\"application\/ld+json\" class=\"yoast-schema-graph\">{\"@context\":\"https:\/\/schema.org\",\"@graph\":[{\"@type\":\"NewsArticle\",\"@id\":\"https:\/\/www.estrategiaconcursos.com.br\/blog\/janeiro-da-enfermagem-nao-perca-a-programacao\/#article\",\"isPartOf\":{\"@id\":\"https:\/\/www.estrategiaconcursos.com.br\/blog\/janeiro-da-enfermagem-nao-perca-a-programacao\/\"},\"author\":{\"name\":\"Rafaela Teixeira\",\"@id\":\"https:\/\/www.estrategiaconcursos.com.br\/blog\/#\/schema\/person\/e75352021ea7f60781c599934f916eb1\"},\"headline\":\"Janeiro da Enfermagem: n\u00e3o perca a programa\u00e7\u00e3o!\",\"datePublished\":\"2023-01-04T16:42:00+00:00\",\"dateModified\":\"2023-02-02T20:53:07+00:00\",\"mainEntityOfPage\":{\"@id\":\"https:\/\/www.estrategiaconcursos.com.br\/blog\/janeiro-da-enfermagem-nao-perca-a-programacao\/\"},\"wordCount\":326,\"commentCount\":0,\"publisher\":{\"@id\":\"https:\/\/www.estrategiaconcursos.com.br\/blog\/#organization\"},\"image\":{\"@id\":\"https:\/\/www.estrategiaconcursos.com.br\/blog\/janeiro-da-enfermagem-nao-perca-a-programacao\/#primaryimage\"},\"thumbnailUrl\":\"https:\/\/dhg1h5j42swfq.cloudfront.net\/2023\/01\/03200447\/1280-720-max-2.jpg\",\"articleSection\":[\"Sa\u00fade\",\"\u00daltimas not\u00edcias\"],\"inLanguage\":\"pt-BR\",\"potentialAction\":[{\"@type\":\"CommentAction\",\"name\":\"Comment\",\"target\":[\"https:\/\/www.estrategiaconcursos.com.br\/blog\/janeiro-da-enfermagem-nao-perca-a-programacao\/#respond\"]}],\"copyrightYear\":\"2023\",\"copyrightHolder\":{\"@id\":\"https:\/\/www.estrategiaconcursos.com.br\/blog\/#organization\"}},{\"@type\":\"WebPage\",\"@id\":\"https:\/\/www.estrategiaconcursos.com.br\/blog\/janeiro-da-enfermagem-nao-perca-a-programacao\/\",\"url\":\"https:\/\/www.estrategiaconcursos.com.br\/blog\/janeiro-da-enfermagem-nao-perca-a-programacao\/\",\"name\":\"Janeiro da Enfermagem: n\u00e3o perca a programa\u00e7\u00e3o!\",\"isPartOf\":{\"@id\":\"https:\/\/www.estrategiaconcursos.com.br\/blog\/#website\"},\"primaryImageOfPage\":{\"@id\":\"https:\/\/www.estrategiaconcursos.com.br\/blog\/janeiro-da-enfermagem-nao-perca-a-programacao\/#primaryimage\"},\"image\":{\"@id\":\"https:\/\/www.estrategiaconcursos.com.br\/blog\/janeiro-da-enfermagem-nao-perca-a-programacao\/#primaryimage\"},\"thumbnailUrl\":\"https:\/\/dhg1h5j42swfq.cloudfront.net\/2023\/01\/03200447\/1280-720-max-2.jpg\",\"datePublished\":\"2023-01-04T16:42:00+00:00\",\"dateModified\":\"2023-02-02T20:53:07+00:00\",\"description\":\"Janeiro da Enfermagem: n\u00e3o perca a programa\u00e7\u00e3o!\",\"breadcrumb\":{\"@id\":\"https:\/\/www.estrategiaconcursos.com.br\/blog\/janeiro-da-enfermagem-nao-perca-a-programacao\/#breadcrumb\"},\"inLanguage\":\"pt-BR\",\"potentialAction\":[{\"@type\":\"ReadAction\",\"target\":[\"https:\/\/www.estrategiaconcursos.com.br\/blog\/janeiro-da-enfermagem-nao-perca-a-programacao\/\"]}]},{\"@type\":\"ImageObject\",\"inLanguage\":\"pt-BR\",\"@id\":\"https:\/\/www.estrategiaconcursos.com.br\/blog\/janeiro-da-enfermagem-nao-perca-a-programacao\/#primaryimage\",\"url\":\"https:\/\/dhg1h5j42swfq.cloudfront.net\/2023\/01\/03200447\/1280-720-max-2.jpg\",\"contentUrl\":\"https:\/\/dhg1h5j42swfq.cloudfront.net\/2023\/01\/03200447\/1280-720-max-2.jpg\",\"width\":1280,\"height\":720},{\"@type\":\"BreadcrumbList\",\"@id\":\"https:\/\/www.estrategiaconcursos.com.br\/blog\/janeiro-da-enfermagem-nao-perca-a-programacao\/#breadcrumb\",\"itemListElement\":[{\"@type\":\"ListItem\",\"position\":1,\"name\":\"In\u00edcio\",\"item\":\"https:\/\/www.estrategiaconcursos.com.br\/blog\/\"},{\"@type\":\"ListItem\",\"position\":2,\"name\":\"Janeiro da Enfermagem: n\u00e3o perca a programa\u00e7\u00e3o!\"}]},{\"@type\":\"WebSite\",\"@id\":\"https:\/\/www.estrategiaconcursos.com.br\/blog\/#website\",\"url\":\"https:\/\/www.estrategiaconcursos.com.br\/blog\/\",\"name\":\"Estrat\u00e9gia Concursos\",\"description\":\"O blog da Estrat\u00e9gia Concursos traz not\u00edcias sobre concursos e artigos de professores oferecendo cursos para concursos (pdf + videaulas) no site.\",\"publisher\":{\"@id\":\"https:\/\/www.estrategiaconcursos.com.br\/blog\/#organization\"},\"potentialAction\":[{\"@type\":\"SearchAction\",\"target\":{\"@type\":\"EntryPoint\",\"urlTemplate\":\"https:\/\/www.estrategiaconcursos.com.br\/blog\/?s={search_term_string}\"},\"query-input\":{\"@type\":\"PropertyValueSpecification\",\"valueRequired\":true,\"valueName\":\"search_term_string\"}}],\"inLanguage\":\"pt-BR\"},{\"@type\":\"Organization\",\"@id\":\"https:\/\/www.estrategiaconcursos.com.br\/blog\/#organization\",\"name\":\"Estrat\u00e9gia Concursos\",\"url\":\"https:\/\/www.estrategiaconcursos.com.br\/blog\/\",\"logo\":{\"@type\":\"ImageObject\",\"inLanguage\":\"pt-BR\",\"@id\":\"https:\/\/www.estrategiaconcursos.com.br\/blog\/#\/schema\/logo\/image\/\",\"url\":\"https:\/\/dhg1h5j42swfq.cloudfront.net\/2025\/06\/03203428\/logo_concursos-1.jpg\",\"contentUrl\":\"https:\/\/dhg1h5j42swfq.cloudfront.net\/2025\/06\/03203428\/logo_concursos-1.jpg\",\"width\":230,\"height\":60,\"caption\":\"Estrat\u00e9gia Concursos\"},\"image\":{\"@id\":\"https:\/\/www.estrategiaconcursos.com.br\/blog\/#\/schema\/logo\/image\/\"},\"sameAs\":[\"https:\/\/x.com\/EstratConcursos\"]},{\"@type\":\"Person\",\"@id\":\"https:\/\/www.estrategiaconcursos.com.br\/blog\/#\/schema\/person\/e75352021ea7f60781c599934f916eb1\",\"name\":\"Rafaela Teixeira\",\"image\":{\"@type\":\"ImageObject\",\"inLanguage\":\"pt-BR\",\"@id\":\"https:\/\/secure.gravatar.com\/avatar\/8a349a2b22039b1ee88fc06461487c950fd6aa411ea8af8633314b43334ae793?s=96&d=mm&r=g\",\"url\":\"https:\/\/secure.gravatar.com\/avatar\/8a349a2b22039b1ee88fc06461487c950fd6aa411ea8af8633314b43334ae793?s=96&d=mm&r=g\",\"contentUrl\":\"https:\/\/secure.gravatar.com\/avatar\/8a349a2b22039b1ee88fc06461487c950fd6aa411ea8af8633314b43334ae793?s=96&d=mm&r=g\",\"caption\":\"Rafaela Teixeira\"},\"description\":\"Rafaela Teixeira \u00e9 advogada conveniada \u00e0 Defensoria P\u00fablica de S\u00e3o Paulo pela OAB, com experi\u00eancia em reda\u00e7\u00e3o jur\u00eddica e atua\u00e7\u00e3o em institui\u00e7\u00f5es p\u00fablicas, incluindo est\u00e1gio no TRE-SP. Possui mais de 7 anos de experi\u00eancia na produ\u00e7\u00e3o de conte\u00fados voltados ao nicho de concursos p\u00fablicos, com foco em apura\u00e7\u00e3o jornal\u00edstica cont\u00ednua, an\u00e1lise de editais e obten\u00e7\u00e3o de informa\u00e7\u00f5es diretamente junto a \u00f3rg\u00e3os e fontes oficiais. No Blog do Estrat\u00e9gia Concursos, atua como Analista de Conte\u00fado S\u00eanior, respons\u00e1vel pelo jornalismo do per\u00edodo noturno e da madrugada, com atua\u00e7\u00e3o transversal na cobertura de concursos p\u00fablicos, garantindo a continuidade, fluidez e confiabilidade das publica\u00e7\u00f5es e dos bastidores dos certames.\",\"url\":\"https:\/\/www.estrategiaconcursos.com.br\/blog\/author\/rafaela-teixeira\/\"}]}<\/script>\n<!-- \/ Yoast SEO Premium plugin. -->","yoast_head_json":{"title":"Janeiro da Enfermagem: n\u00e3o perca a programa\u00e7\u00e3o!","description":"Janeiro da Enfermagem: n\u00e3o perca a programa\u00e7\u00e3o!","robots":{"index":"index","follow":"follow","max-snippet":"max-snippet:-1","max-image-preview":"max-image-preview:large","max-video-preview":"max-video-preview:-1"},"canonical":"https:\/\/www.estrategiaconcursos.com.br\/blog\/janeiro-da-enfermagem-nao-perca-a-programacao\/","og_locale":"pt_BR","og_type":"article","og_title":"Janeiro da Enfermagem: n\u00e3o perca a programa\u00e7\u00e3o!","og_description":"Janeiro da Enfermagem: n\u00e3o perca a programa\u00e7\u00e3o!","og_url":"https:\/\/www.estrategiaconcursos.com.br\/blog\/janeiro-da-enfermagem-nao-perca-a-programacao\/","og_site_name":"Estrat\u00e9gia Concursos","article_published_time":"2023-01-04T16:42:00+00:00","article_modified_time":"2023-02-02T20:53:07+00:00","og_image":[{"width":1280,"height":720,"url":"https:\/\/dhg1h5j42swfq.cloudfront.net\/2023\/01\/03200447\/1280-720-max-2.jpg","type":"image\/jpeg"}],"author":"Rafaela Teixeira","twitter_card":"summary_large_image","twitter_creator":"@EstratConcursos","twitter_site":"@EstratConcursos","twitter_misc":{"Escrito por":"Rafaela Teixeira","Est. tempo de leitura":"1 minuto"},"schema":{"@context":"https:\/\/schema.org","@graph":[{"@type":"NewsArticle","@id":"https:\/\/www.estrategiaconcursos.com.br\/blog\/janeiro-da-enfermagem-nao-perca-a-programacao\/#article","isPartOf":{"@id":"https:\/\/www.estrategiaconcursos.com.br\/blog\/janeiro-da-enfermagem-nao-perca-a-programacao\/"},"author":{"name":"Rafaela Teixeira","@id":"https:\/\/www.estrategiaconcursos.com.br\/blog\/#\/schema\/person\/e75352021ea7f60781c599934f916eb1"},"headline":"Janeiro da Enfermagem: n\u00e3o perca a programa\u00e7\u00e3o!","datePublished":"2023-01-04T16:42:00+00:00","dateModified":"2023-02-02T20:53:07+00:00","mainEntityOfPage":{"@id":"https:\/\/www.estrategiaconcursos.com.br\/blog\/janeiro-da-enfermagem-nao-perca-a-programacao\/"},"wordCount":326,"commentCount":0,"publisher":{"@id":"https:\/\/www.estrategiaconcursos.com.br\/blog\/#organization"},"image":{"@id":"https:\/\/www.estrategiaconcursos.com.br\/blog\/janeiro-da-enfermagem-nao-perca-a-programacao\/#primaryimage"},"thumbnailUrl":"https:\/\/dhg1h5j42swfq.cloudfront.net\/2023\/01\/03200447\/1280-720-max-2.jpg","articleSection":["Sa\u00fade","\u00daltimas not\u00edcias"],"inLanguage":"pt-BR","potentialAction":[{"@type":"CommentAction","name":"Comment","target":["https:\/\/www.estrategiaconcursos.com.br\/blog\/janeiro-da-enfermagem-nao-perca-a-programacao\/#respond"]}],"copyrightYear":"2023","copyrightHolder":{"@id":"https:\/\/www.estrategiaconcursos.com.br\/blog\/#organization"}},{"@type":"WebPage","@id":"https:\/\/www.estrategiaconcursos.com.br\/blog\/janeiro-da-enfermagem-nao-perca-a-programacao\/","url":"https:\/\/www.estrategiaconcursos.com.br\/blog\/janeiro-da-enfermagem-nao-perca-a-programacao\/","name":"Janeiro da Enfermagem: n\u00e3o perca a programa\u00e7\u00e3o!","isPartOf":{"@id":"https:\/\/www.estrategiaconcursos.com.br\/blog\/#website"},"primaryImageOfPage":{"@id":"https:\/\/www.estrategiaconcursos.com.br\/blog\/janeiro-da-enfermagem-nao-perca-a-programacao\/#primaryimage"},"image":{"@id":"https:\/\/www.estrategiaconcursos.com.br\/blog\/janeiro-da-enfermagem-nao-perca-a-programacao\/#primaryimage"},"thumbnailUrl":"https:\/\/dhg1h5j42swfq.cloudfront.net\/2023\/01\/03200447\/1280-720-max-2.jpg","datePublished":"2023-01-04T16:42:00+00:00","dateModified":"2023-02-02T20:53:07+00:00","description":"Janeiro da Enfermagem: n\u00e3o perca a programa\u00e7\u00e3o!","breadcrumb":{"@id":"https:\/\/www.estrategiaconcursos.com.br\/blog\/janeiro-da-enfermagem-nao-perca-a-programacao\/#breadcrumb"},"inLanguage":"pt-BR","potentialAction":[{"@type":"ReadAction","target":["https:\/\/www.estrategiaconcursos.com.br\/blog\/janeiro-da-enfermagem-nao-perca-a-programacao\/"]}]},{"@type":"ImageObject","inLanguage":"pt-BR","@id":"https:\/\/www.estrategiaconcursos.com.br\/blog\/janeiro-da-enfermagem-nao-perca-a-programacao\/#primaryimage","url":"https:\/\/dhg1h5j42swfq.cloudfront.net\/2023\/01\/03200447\/1280-720-max-2.jpg","contentUrl":"https:\/\/dhg1h5j42swfq.cloudfront.net\/2023\/01\/03200447\/1280-720-max-2.jpg","width":1280,"height":720},{"@type":"BreadcrumbList","@id":"https:\/\/www.estrategiaconcursos.com.br\/blog\/janeiro-da-enfermagem-nao-perca-a-programacao\/#breadcrumb","itemListElement":[{"@type":"ListItem","position":1,"name":"In\u00edcio","item":"https:\/\/www.estrategiaconcursos.com.br\/blog\/"},{"@type":"ListItem","position":2,"name":"Janeiro da Enfermagem: n\u00e3o perca a programa\u00e7\u00e3o!"}]},{"@type":"WebSite","@id":"https:\/\/www.estrategiaconcursos.com.br\/blog\/#website","url":"https:\/\/www.estrategiaconcursos.com.br\/blog\/","name":"Estrat\u00e9gia Concursos","description":"O blog da Estrat\u00e9gia Concursos traz not\u00edcias sobre concursos e artigos de professores oferecendo cursos para concursos (pdf + videaulas) no site.","publisher":{"@id":"https:\/\/www.estrategiaconcursos.com.br\/blog\/#organization"},"potentialAction":[{"@type":"SearchAction","target":{"@type":"EntryPoint","urlTemplate":"https:\/\/www.estrategiaconcursos.com.br\/blog\/?s={search_term_string}"},"query-input":{"@type":"PropertyValueSpecification","valueRequired":true,"valueName":"search_term_string"}}],"inLanguage":"pt-BR"},{"@type":"Organization","@id":"https:\/\/www.estrategiaconcursos.com.br\/blog\/#organization","name":"Estrat\u00e9gia Concursos","url":"https:\/\/www.estrategiaconcursos.com.br\/blog\/","logo":{"@type":"ImageObject","inLanguage":"pt-BR","@id":"https:\/\/www.estrategiaconcursos.com.br\/blog\/#\/schema\/logo\/image\/","url":"https:\/\/dhg1h5j42swfq.cloudfront.net\/2025\/06\/03203428\/logo_concursos-1.jpg","contentUrl":"https:\/\/dhg1h5j42swfq.cloudfront.net\/2025\/06\/03203428\/logo_concursos-1.jpg","width":230,"height":60,"caption":"Estrat\u00e9gia Concursos"},"image":{"@id":"https:\/\/www.estrategiaconcursos.com.br\/blog\/#\/schema\/logo\/image\/"},"sameAs":["https:\/\/x.com\/EstratConcursos"]},{"@type":"Person","@id":"https:\/\/www.estrategiaconcursos.com.br\/blog\/#\/schema\/person\/e75352021ea7f60781c599934f916eb1","name":"Rafaela Teixeira","image":{"@type":"ImageObject","inLanguage":"pt-BR","@id":"https:\/\/secure.gravatar.com\/avatar\/8a349a2b22039b1ee88fc06461487c950fd6aa411ea8af8633314b43334ae793?s=96&d=mm&r=g","url":"https:\/\/secure.gravatar.com\/avatar\/8a349a2b22039b1ee88fc06461487c950fd6aa411ea8af8633314b43334ae793?s=96&d=mm&r=g","contentUrl":"https:\/\/secure.gravatar.com\/avatar\/8a349a2b22039b1ee88fc06461487c950fd6aa411ea8af8633314b43334ae793?s=96&d=mm&r=g","caption":"Rafaela Teixeira"},"description":"Rafaela Teixeira \u00e9 advogada conveniada \u00e0 Defensoria P\u00fablica de S\u00e3o Paulo pela OAB, com experi\u00eancia em reda\u00e7\u00e3o jur\u00eddica e atua\u00e7\u00e3o em institui\u00e7\u00f5es p\u00fablicas, incluindo est\u00e1gio no TRE-SP. Possui mais de 7 anos de experi\u00eancia na produ\u00e7\u00e3o de conte\u00fados voltados ao nicho de concursos p\u00fablicos, com foco em apura\u00e7\u00e3o jornal\u00edstica cont\u00ednua, an\u00e1lise de editais e obten\u00e7\u00e3o de informa\u00e7\u00f5es diretamente junto a \u00f3rg\u00e3os e fontes oficiais. No Blog do Estrat\u00e9gia Concursos, atua como Analista de Conte\u00fado S\u00eanior, respons\u00e1vel pelo jornalismo do per\u00edodo noturno e da madrugada, com atua\u00e7\u00e3o transversal na cobertura de concursos p\u00fablicos, garantindo a continuidade, fluidez e confiabilidade das publica\u00e7\u00f5es e dos bastidores dos certames.","url":"https:\/\/www.estrategiaconcursos.com.br\/blog\/author\/rafaela-teixeira\/"}]}},"_links":{"self":[{"href":"https:\/\/www.estrategiaconcursos.com.br\/blog\/wp-json\/wp\/v2\/posts\/1146929","targetHints":{"allow":["GET"]}}],"collection":[{"href":"https:\/\/www.estrategiaconcursos.com.br\/blog\/wp-json\/wp\/v2\/posts"}],"about":[{"href":"https:\/\/www.estrategiaconcursos.com.br\/blog\/wp-json\/wp\/v2\/types\/post"}],"author":[{"embeddable":true,"href":"https:\/\/www.estrategiaconcursos.com.br\/blog\/wp-json\/wp\/v2\/users\/2134"}],"replies":[{"embeddable":true,"href":"https:\/\/www.estrategiaconcursos.com.br\/blog\/wp-json\/wp\/v2\/comments?post=1146929"}],"version-history":[{"count":5,"href":"https:\/\/www.estrategiaconcursos.com.br\/blog\/wp-json\/wp\/v2\/posts\/1146929\/revisions"}],"predecessor-version":[{"id":1164004,"href":"https:\/\/www.estrategiaconcursos.com.br\/blog\/wp-json\/wp\/v2\/posts\/1146929\/revisions\/1164004"}],"wp:featuredmedia":[{"embeddable":true,"href":"https:\/\/www.estrategiaconcursos.com.br\/blog\/wp-json\/wp\/v2\/media\/1146936"}],"wp:attachment":[{"href":"https:\/\/www.estrategiaconcursos.com.br\/blog\/wp-json\/wp\/v2\/media?parent=1146929"}],"wp:term":[{"taxonomy":"category","embeddable":true,"href":"https:\/\/www.estrategiaconcursos.com.br\/blog\/wp-json\/wp\/v2\/categories?post=1146929"},{"taxonomy":"post_tag","embeddable":true,"href":"https:\/\/www.estrategiaconcursos.com.br\/blog\/wp-json\/wp\/v2\/tags?post=1146929"},{"taxonomy":"tax_estado","embeddable":true,"href":"https:\/\/www.estrategiaconcursos.com.br\/blog\/wp-json\/wp\/v2\/tax_estado?post=1146929"}],"curies":[{"name":"wp","href":"https:\/\/api.w.org\/{rel}","templated":true}]}}