{"id":1146899,"date":"2023-01-20T14:00:00","date_gmt":"2023-01-20T17:00:00","guid":{"rendered":"https:\/\/www.estrategiaconcursos.com.br\/blog\/?p=1146899"},"modified":"2023-01-15T10:14:41","modified_gmt":"2023-01-15T13:14:41","slug":"furto-resumo","status":"publish","type":"post","link":"https:\/\/www.estrategiaconcursos.com.br\/blog\/furto-resumo\/","title":{"rendered":"Furto: Entendimentos Jurisprudenciais mais relevantes"},"content":{"rendered":"\n<p><\/p><p><\/p><p><\/p><p><\/p><p><\/p><p><\/p><p><\/p><p><\/p><p><\/p><p><\/p><p><\/p><p><\/p><p><\/p><p><\/p><p><\/p><p><\/p><p><\/p><p><\/p><p>O crime de furto foi alvo de diversas altera\u00e7\u00f5es legislativas e entendimentos jurisprudenciais nos \u00faltimos anos.<\/p>\n\n\n\n<p>Este artigo tem por objetivo apontar os entendimentos jurisprudenciais essenciais \u00e0 sua aprova\u00e7\u00e3o. <\/p>\n\n\n\n<figure class=\"wp-block-image size-full is-resized\"><img loading=\"lazy\" decoding=\"async\" src=\"https:\/\/dhg1h5j42swfq.cloudfront.net\/2022\/02\/07175602\/foto-stj-5.jpg\" alt=\"Crime de furto: entendimentos jurisprudenciais mais relevantes\" class=\"wp-image-963785\" width=\"841\" height=\"560\"\/><figcaption>Crime de furto: entendimentos jurisprudenciais mais relevantes<\/figcaption><\/figure>\n\n\n\n<p>T\u00f3picos a serem vistos:<\/p>\n\n\n\n<ul class=\"wp-block-list\"><li><em>Aspectos Introdut\u00f3rios<\/em><\/li><li><em>Furto Majorado<\/em><\/li><li><em>Furto Qualificado<\/em><\/li><li>(In)aplicabilidade do furto qualificado-majorado<\/li><\/ul>\n\n\n\n<p>Vamos l\u00e1.<\/p>\n\n\n\n<h2 class=\"wp-block-heading\" id=\"h-aspectos-introdutorios\"><em>ASPECTOS INTRODUT\u00d3RIOS<\/em><\/h2>\n\n\n\n<p>O crime de furto encontra-se previsto no art.155 do C\u00f3digo Penal, <em>in verbis:<\/em><strong><\/strong><\/p>\n\n\n\n<blockquote class=\"wp-block-quote is-layout-flow wp-block-quote-is-layout-flow\"><p>&nbsp; Art. 155 &#8211; Subtrair, para si ou para outrem, coisa alheia m\u00f3vel:<\/p><p>&nbsp;&nbsp;Pena &#8211; reclus\u00e3o, de um a quatro anos, e multa.<\/p><\/blockquote>\n\n\n\n<p>Nota-se que o tipo penal \u00e9 composto pelos seguintes elementos: <strong>o n\u00facleo subtrair; o especial fim de agir caracterizado pela express\u00e3o para si ou para outrem; e objeto da subtra\u00e7\u00e3o consistir em coisa alheia m\u00f3vel.<\/strong><\/p>\n\n\n\n<p>Dessa forma, percebe-se a necessidade do chamado<strong> animus furandi<\/strong>, ou seja, a inten\u00e7\u00e3o de ter a coisa alheia m\u00f3vel para si ou para outrem<\/p>\n\n\n\n<p>Se o agente subtrair a coisa, com o objetivo de devolver a coisa alheia m\u00f3vel logo em seguida, haver\u00e1 um indiferente penal, consistindo no furto de uso.<\/p>\n\n\n\n<p>Ademais, ressalta-se a necessidade de o objeto consistir em coisa alheia. Nas li\u00e7\u00f5es do brilhante doutrinador Rog\u00e9rio Greco(GRECO, Rog\u00e9rio.&nbsp;Curso de Direito Penal: Parte Geral.&nbsp;16 ed.&nbsp;Rio de Janeiro: Impetus, 2014):<\/p>\n\n\n\n<blockquote class=\"wp-block-quote is-layout-flow wp-block-quote-is-layout-flow\"><p>Al\u00e9m de m\u00f3vel, ou seja, pass\u00edvel de remo\u00e7\u00e3o, a coisa, obrigatoriamente, dever\u00e1 ser considerada alheia, isto \u00e9, pertencente a algu\u00e9m que n\u00e3o aquele que a subtrai.<strong> Dessa forma, n\u00e3o se configurar\u00e1 no delito de furto a subtra\u00e7\u00e3o de: a) res nullius (coisa de ningu\u00e9m, que jamais teve dono); b) res derelicta (coisa abandonada); e c) res commune omnium (coisa de uso de todos).<\/strong><\/p><\/blockquote>\n\n\n\n<p>No mesmo sentido, entendem os Tribunais:<\/p>\n\n\n\n<blockquote class=\"wp-block-quote is-layout-flow wp-block-quote-is-layout-flow\"><p>O r\u00e9u sup\u00f4s tratar-se de coisa abandonada pelo propriet\u00e1rio, por ter perdido a utilidade, e tal circunst\u00e2ncia afasta a caracteriza\u00e7\u00e3o do delito de furto, j\u00e1 que a express\u00e3o coisa alheia inserida no tipo penal n\u00e3o abrange a res derelictae (TJMG, AC 2.0000.00. 354808-3\/000, Rel. Des. Alexandre Victor de Carvalho, DJ 17\/8\/2002).<\/p><\/blockquote>\n\n\n\n<p>Encerrando-se os aspectos introdut\u00f3rios, mister salientar que os Tribunais Superiores, com esteio na <strong>teoria da amotio ou apprehensio<\/strong>, posicionam-se no sentido de que <strong>o crime de furto se consuma no momento em que a coisa \u00e9 retirada da esfera de disponibilidade da v\u00edtima, ingressando, consequentemente, na do agente, ainda que n\u00e3o tenha ele a posse mansa e pac\u00edfica sobre a coisa.<\/strong> Veja-se:<\/p>\n\n\n\n<blockquote class=\"wp-block-quote is-layout-flow wp-block-quote-is-layout-flow\"><p>O Superior Tribunal de Justi\u00e7a adota a teoria da apprehensio rei ou amotio, segundo a qual a consuma\u00e7\u00e3o do crime de furto d\u00e1-se com a simples invers\u00e3o do t\u00edtulo da posse, n\u00e3o sendo, pois, necess\u00e1rio que a coisa saia da esfera de vigil\u00e2ncia da v\u00edtima, ocorrendo a consuma\u00e7\u00e3o do delito ainda que haja a retomada da res furtiva, logo em seguida, pela pr\u00f3pria v\u00edtima ou por terceiro (STJ, AgRg. no AREsp. 296525\/DF, Rel\u00aa Min\u00aa Assusete Magalh\u00e3es, 6\u00aa T., DJe 7\/8\/2013).<\/p><\/blockquote>\n\n\n\n<h2 class=\"wp-block-heading\" id=\"h-furto-majorado\"><em>FURTO MAJORADO<\/em><\/h2>\n\n\n\n<p>O par\u00e1grafo primeiro do artigo 155 elenca uma <strong>causa de aumento de pena(majorante) de 1\/3(um ter\u00e7o), nos casos em que o crime \u00e9 praticado durante o repouso noturno.<\/strong><\/p>\n\n\n\n<p>Em rela\u00e7\u00e3o ao ponto, destaca-se que o STJ consolidou o entendimento de que para a configura\u00e7\u00e3o da majorante <strong>basta que o furto ocorra \u00e0 noite e em situa\u00e7\u00e3o de repouso<\/strong>, sendo irrelevante, por exemplo, o fato de a v\u00edtima estar dormindo ou de o furto ocorrer em via p\u00fablica. Nesse sentido:<\/p>\n\n\n\n<blockquote class=\"wp-block-quote is-layout-flow wp-block-quote-is-layout-flow\"><p>(&#8230;)O repouso noturno compreende o per\u00edodo em que a popula\u00e7\u00e3o se recolhe para descansar, devendo o julgador atentar-se \u00e0s caracter\u00edsticas do caso concreto. 3. A situa\u00e7\u00e3o de repouso est\u00e1 configurada quando presente a condi\u00e7\u00e3o de sossego\/tranquilidade do per\u00edodo da noite, caso em que, em raz\u00e3o da diminui\u00e7\u00e3o ou precariedade de vigil\u00e2ncia dos bens, ou, ainda, da menor capacidade de resist\u00eancia da v\u00edtima, facilita-se a concretiza\u00e7\u00e3o do crime. <strong>4. S\u00e3o irrelevantes os fatos das v\u00edtimas estarem, ou n\u00e3o, dormindo no momento do crime, ou o local de sua ocorr\u00eancia, em estabelecimento comercial, via p\u00fablica, resid\u00eancia desabitada ou em ve\u00edculos, bastando que o furto ocorra, obrigatoriamente, \u00e0 noite e em situa\u00e7\u00e3o de repouso.<\/strong><\/p><p>(REsp n. 1.979.989\/RS, relator Ministro Joel Ilan Paciornik, Terceira Se\u00e7\u00e3o, julgado em 22\/6\/2022, REP DJe de 30\/06\/2022, DJe de 27\/6\/2022.)<\/p><\/blockquote>\n\n\n\n<h2 class=\"wp-block-heading\" id=\"h-furto-qualificado\">FURTO QUALIFICADO<\/h2>\n\n\n\n<p>O art. 155, \u00a7\u00a7 4\u00ba, 4\u00ba-A, 5\u00ba, 6\u00ba e&nbsp; 7\u00ba estabelece hip\u00f3teses de furto qualificado, visto que tais par\u00e1grafos elevam os patamares m\u00ednimo e m\u00e1ximo das san\u00e7\u00f5es penais.<\/p>\n\n\n\n<p>Inicialmente, de suma import\u00e2ncia destacar que o STJ admite a figura do furto qualificado-privilegiado.<\/p>\n\n\n\n<p>Assim, <strong>se o criminoso for prim\u00e1rio e de pequeno valor for a coisa furtada,<\/strong> o juiz pode substituir a pena de reclus\u00e3o pela de deten\u00e7\u00e3o, diminu\u00ed-la de 1 (um) a 2\/3 (dois ter\u00e7os), ou aplicar somente a pena de multa(art.155, \u00a7 2\u00ba, do CP), mesmo nos casos de furto qualificado.<\/p>\n\n\n\n<p>Nesse sentido, segue a S\u00famula 511 do STJ:<\/p>\n\n\n\n<blockquote class=\"wp-block-quote is-layout-flow wp-block-quote-is-layout-flow\"><p><strong>\u00c9 poss\u00edvel o reconhecimento do privil\u00e9gio previsto no \u00a7 2\u00ba do art. 155 do CP nos casos de crime de furto qualificado, se estiverem presentes a primariedade do agente, o pequeno valor da coisa e a qualificadora for de ordem objetiva<\/strong><\/p><\/blockquote>\n\n\n\n<p>Entretanto, ressalta-se a necessidade de a <strong>qualificadora ser de ordem objetiva.<\/strong><\/p>\n\n\n\n<p>Analisando os dispositivos, nota-se que n\u00e3o se aplica o privil\u00e9gio, por exemplo, nos casos de furto cometido mediante abuso de confian\u00e7a(art.155, \u00a7 4\u00ba, II), visto se tratar de qualificadora de ordem subjetiva.<\/p>\n\n\n\n<h2 class=\"wp-block-heading\" id=\"h-in-aplicabilidade-do-furto-qualificado-majorado\"><em>(IN)APLICABILIDADE DO FURTO QUALIFICADO-MAJORADO<\/em><\/h2>\n\n\n\n<p>Eis o questionamento mais relevante da atualidade: \u00e9 poss\u00edvel a ocorr\u00eancia do furto qualificado-majorado?<\/p>\n\n\n\n<p>Nota-se que o questionamento envolve a poss\u00edvel aplica\u00e7\u00e3o do \u00a71 \u00ba juntamente com os \u00a7\u00a7 4\u00ba, 4\u00ba-A, 5\u00ba, 6\u00ba e&nbsp; 7\u00ba, todos do art.155.<\/p>\n\n\n\n<h2 class=\"wp-block-heading\" id=\"h-posicionamento-do-stj\"><em>POSICIONAMENTO DO STJ<\/em> <\/h2>\n\n\n\n<p>O STJ, historicamente, posicionava-se pela n\u00e3o incid\u00eancia da majorante do repouso noturno nos casos de crime qualificado. Veja-se:<\/p>\n\n\n\n<blockquote class=\"wp-block-quote is-layout-flow wp-block-quote-is-layout-flow\"><p>Incide a majorante prevista no art. 155, \u00a7 1\u00ba, do C\u00f3digo Penal se o delito \u00e9 praticado durante o repouso noturno, per\u00edodo de maior vulnerabilidade inclusive para estabelecimentos comerciais, como ocorreu in casu (Precedentes). <strong>Entretanto, a causa especial de aumento de pena do repouso noturno \u00e9 aplic\u00e1vel somente \u00e0s hip\u00f3teses de furto simples, sendo incab\u00edvel no caso do delito qualificado .<\/strong><\/p><p>(REsp. 940245\/RS, Rel. Min. Felix Fischer, 5\u00aa T., DJe 10\/3\/2008).<\/p><\/blockquote>\n\n\n\n<p>No mesmo sentido, segue precedente da 6 \u00aa Turma:<\/p>\n\n\n\n<blockquote class=\"wp-block-quote is-layout-flow wp-block-quote-is-layout-flow\"><p><strong>O aumento de pena por ter sido o delito de furto praticado durante o per\u00edodo noturno n\u00e3o incide nos crimes qualificados.<\/strong> Nestes, as penas previstas j\u00e1 s\u00e3o superiores.<\/p><p>(STJ, HC 131391\/MA; Habeas Corpus 2009\/0047545-5; Rel. Min. Celso Limongi [Des. convocado do TJ\/SP], 6\u00aa T., DJe 6\/9\/2010).<\/p><\/blockquote>\n\n\n\n<p>Com o escopo de pacificar qualquer controv\u00e9rsia, <strong>no ano de 2022, mediante a t\u00e9cnica de Recurso Repetitivo \u2013 Tema 1087, foi consolidado:<\/strong><\/p>\n\n\n\n<blockquote class=\"wp-block-quote is-layout-flow wp-block-quote-is-layout-flow\"><p>A causa de aumento prevista no \u00a7 1\u00b0 do art. 155 do C\u00f3digo Penal (pr\u00e1tica do crime de furto no per\u00edodo noturno) <strong>n\u00e3o incide no crime de furto na sua forma qualificada (\u00a7 4\u00b0).<\/strong><\/p><p>STJ. 3\u00aa Se\u00e7\u00e3o. REsp 1.890.981-SP, Rel. Min. Jo\u00e3o Ot\u00e1vio de Noronha, julgado em 25\/05\/2022 (Recurso Repetitivo \u2013 Tema 1087) (Info 738).<\/p><\/blockquote>\n\n\n\n<p>Destaca-se que o STJ trouxe como principais fundamentos a posi\u00e7\u00e3o topogr\u00e1fica dos institutos e o princ\u00edpio da proporcionalidade.<\/p>\n\n\n\n<p>Em rela\u00e7\u00e3o ao primeiro fundamento, segundo o STJ, para que a causa de aumento do furto noturno fosse aplic\u00e1vel ao furto qualificado, o legislador deveria ter colocado a regra do \u00a7 1\u00ba depois das hip\u00f3teses de furto qualificado. No entanto, n\u00e3o foi isso que aconteceu.<\/p>\n\n\n\n<p>Ademais, o princ\u00edpio da proporcionalidade, na sua vertente de proibi\u00e7\u00e3o do excesso, busca evitar o excesso de puni\u00e7\u00e3o. Dessa forma, a agrava\u00e7\u00e3o da pena derivada da incid\u00eancia da majorante do furto noturno nas hip\u00f3teses do furto qualificado resultaria em um desproporcional puni\u00e7\u00e3o.<\/p>\n\n\n\n<p>Segundo o relator, o ministro Jo\u00e3o Ot\u00e1vio de Noronha, considerando a pena m\u00e1xima para a forma qualificada (oito anos), a aplica\u00e7\u00e3o da majorante do per\u00edodo noturno levaria a dez anos e oito meses \u2013 san\u00e7\u00e3o maior que a do crime de roubo, no qual n\u00e3o se protege apenas o patrim\u00f4nio, mas tamb\u00e9m a integridade corporal da v\u00edtima.&nbsp;<\/p>\n\n\n\n<h2 class=\"wp-block-heading\" id=\"h-posicionamento-do-stf\"><em>POSICIONAMENTO DO STF<\/em><\/h2>\n\n\n\n<p><strong>Apesar de o tema encontrar-se pacificado no \u00e2mbito do STJ, o Supremo Tribunal Federal possui julgados isolados em sentido contr\u00e1rio. Veja-se:<\/strong><\/p>\n\n\n\n<blockquote class=\"wp-block-quote is-layout-flow wp-block-quote-is-layout-flow\"><p>A causa de aumento do repouso noturno se coaduna com o furto qualificado quando compat\u00edvel com a situa\u00e7\u00e3o f\u00e1tica. STF. 1\u00aa Turma. HC 180966 AgR, Rel. Min. Luiz Fux, julgado em 04\/05\/2020.<\/p><\/blockquote>\n\n\n\n<p>No mesmo sentido, segue posicionamento da 2 turma:<\/p>\n\n\n\n<blockquote class=\"wp-block-quote is-layout-flow wp-block-quote-is-layout-flow\"><p>N\u00e3o convence a tese de que a majorante do repouso noturno seria incompat\u00edvel com a forma qualificada do furto, a considerar, para tanto, que sua inser\u00e7\u00e3o pelo legislador antes das qualificadoras (crit\u00e9rio topogr\u00e1fico) teria sido feita com inten\u00e7\u00e3o de n\u00e3o submet\u00ea-la \u00e0s modalidades qualificadas do tipo penal incriminador. Se assim fosse, tamb\u00e9m estaria obstado, pela concep\u00e7\u00e3o topogr\u00e1fica do C\u00f3digo Penal, o reconhecimento do instituto do privil\u00e9gio (CP, art. 155, \u00a7 2\u00ba) no furto qualificado (CP, art. 155, \u00a7 4\u00ba) -, como se sabe, o Supremo Tribunal Federal j\u00e1 reconheceu a compatibilidade desses dois institutos. <strong>Inexistindo veda\u00e7\u00e3o legal e contradi\u00e7\u00e3o l\u00f3gica, nada obsta a conviv\u00eancia harm\u00f4nica entre a causa de aumento de pena do repouso noturno (CP, art. 155, \u00a7 1\u00ba) e as qualificadoras do furto (CP, art. 155, \u00a7 4\u00ba) quando perfeitamente compat\u00edveis com a situa\u00e7\u00e3o f\u00e1tica. <\/strong>STF. 2\u00aa Turma. HC 130952, Rel. Min. Dias Toffoli, julgado em 13\/12\/2016.<\/p><\/blockquote>\n\n\n\n<h2 class=\"wp-block-heading\" id=\"h-finalizando\"><em>FINALIZANDO<\/em><\/h2>\n\n\n\n<p><\/p><p><\/p><p><\/p><p><\/p><p><\/p><p><\/p><p><\/p><p><\/p><p><\/p><p><\/p><p><\/p><p><\/p><p><\/p><p><\/p><p><\/p><p><\/p><p><\/p><p><\/p><p>Chegamos ao fim do nosso resumo <span style=\"font-size: revert; color: initial;\">sobre os entendimentos jurisprudenciais mais relevantes do delito de furto<\/span><\/p>\n\n\n\n<p><\/p><p><\/p><p><\/p><p>C<span style=\"font-size: revert; color: initial;\">aso queira ter a mais completa prepara\u00e7\u00e3o para o seu concurso p\u00fablico, invista nos&nbsp;<\/span><a style=\"font-size: revert;\" href=\"https:\/\/www.estrategiaconcursos.com.br\/cursos\/concurso\/\"><u>cursos completos&nbsp;<\/u><\/a><span style=\"font-size: revert; color: initial;\">do&nbsp;<\/span><strong style=\"font-size: revert; color: initial;\">Estrat\u00e9gia Concursos<\/strong><span style=\"font-size: revert; color: initial;\">. L\u00e1 voc\u00ea encontrar\u00e1 tudo o que precisa para atingir o cargo dos seus sonhos.   <\/span>Al\u00e9m disso, \u00e9 essencial acompanhar a evolu\u00e7\u00e3o dos seus estudos por meio do&nbsp;<a href=\"https:\/\/questoes.estrategiaconcursos.com.br\/\">Sistema de Quest\u00f5es do Estrat\u00e9gia<\/a>, n\u00e3o deixe para marcar o \u201cx\u201d somente no dia da prova.<\/p>   <p>Grande abra\u00e7o a todos.<\/p><span style=\"font-size: revert; color: initial;\">Victor Baio<\/span>\n\n\n\n<h2 class=\"has-text-align-center wp-block-heading\" id=\"h-cursos-e-assinaturas\">Cursos e Assinaturas <\/h2>\n\n\n\n<p>Prepare-se com o melhor material e com quem mais aprova em Concursos P\u00fablicos em todo o pa\u00eds!<\/p>\n\n\n\n<p class=\"has-text-align-center has-vivid-cyan-blue-color has-white-background-color has-text-color has-background\"><strong><mark style=\"background-color:rgba(0, 0, 0, 0)\" class=\"has-inline-color has-white-color\"><a href=\"https:\/\/www.estrategiaconcursos.com.br\/blog\/concursos-abertos\/\">Concursos abertos<\/a><\/mark><\/strong><\/p>\n\n\n\n<p class=\"has-text-align-center has-vivid-cyan-blue-color has-white-background-color has-text-color has-background\"><strong><mark style=\"background-color:rgba(0, 0, 0, 0)\" class=\"has-inline-color has-white-color\"><a href=\"https:\/\/www.estrategiaconcursos.com.br\/blog\/concursos-2023\/\">Concursos 2023<\/a><\/mark><\/strong><\/p>\n","protected":false},"excerpt":{"rendered":"<p>O crime de furto foi alvo de diversas altera\u00e7\u00f5es legislativas e entendimentos jurisprudenciais nos \u00faltimos anos. Este artigo tem por objetivo apontar os entendimentos jurisprudenciais essenciais \u00e0 sua aprova\u00e7\u00e3o. T\u00f3picos a serem vistos: Aspectos Introdut\u00f3rios Furto Majorado Furto Qualificado (In)aplicabilidade do furto qualificado-majorado Vamos l\u00e1. ASPECTOS INTRODUT\u00d3RIOS O crime de furto encontra-se previsto no art.155 [&hellip;]<\/p>\n","protected":false},"author":2343,"featured_media":1009353,"comment_status":"open","ping_status":"closed","sticky":false,"template":"","format":"standard","meta":{"post_tipo":"article","footnotes":""},"categories":[2185,220016,220193,220194,220195,220196,220197,220188,1988,220189,220190,220186,220187,1984,220737,214710],"tags":[221257,221259,221258],"tax_estado":[219964,219965,219966,219967,219968,219969,219963,219970,219971,219972,219973,219974,219975,219976,219977,219978,219979,219980,219981,219982,219983,219984,219985,219986,219987,219988,219989,219990],"class_list":["post-1146899","post","type-post","status-publish","format-standard","has-post-thumbnail","hentry","category-carreiras-juridicas","category-cartorios","category-defensoria-publica","category-delegado","category-magistratura","category-procuradorias","category-promotor-de-justica","category-policial-agente-penitenciario","category-policia","category-policial-guarda-civis","category-policial-peritos","category-policial-oficial","category-policial-pracas","category-tribunais","category-tribunais-tribunais","category-tribunais-de-contas","tag-furto","tag-jurisprudencia-furto","tag-resumo-furto","tax_estado-ac","tax_estado-al","tax_estado-am","tax_estado-ap","tax_estado-ba","tax_estado-ce","tax_estado-concursos-federais","tax_estado-df","tax_estado-es","tax_estado-go","tax_estado-ma","tax_estado-mg","tax_estado-ms","tax_estado-mt","tax_estado-pa","tax_estado-pb","tax_estado-pe","tax_estado-pi","tax_estado-pr","tax_estado-rj","tax_estado-rn","tax_estado-ro","tax_estado-rr","tax_estado-rs","tax_estado-sc","tax_estado-se","tax_estado-sp","tax_estado-to"],"acf":[],"yoast_head":"<!-- This site is optimized with the Yoast SEO Premium plugin v27.2 (Yoast SEO v27.2) - https:\/\/yoast.com\/product\/yoast-seo-premium-wordpress\/ -->\n<title>Furto: Entendimentos Jurisprudenciais mais relevantes<\/title>\n<meta name=\"description\" content=\"Crime de furto. Confira a Jurisprud\u00eancia dos Tribunais Superiores mais relevante para a sua aprova\u00e7\u00e3o nos concursos p\u00fablicos.\" \/>\n<meta name=\"robots\" content=\"index, follow, max-snippet:-1, max-image-preview:large, max-video-preview:-1\" \/>\n<link rel=\"canonical\" href=\"https:\/\/www.estrategiaconcursos.com.br\/blog\/furto-resumo\/\" \/>\n<meta property=\"og:locale\" content=\"pt_BR\" \/>\n<meta property=\"og:type\" content=\"article\" \/>\n<meta property=\"og:title\" content=\"Furto: Entendimentos Jurisprudenciais mais relevantes\" \/>\n<meta property=\"og:description\" content=\"Crime de furto. Confira a Jurisprud\u00eancia dos Tribunais Superiores mais relevante para a sua aprova\u00e7\u00e3o nos concursos p\u00fablicos.\" \/>\n<meta property=\"og:url\" content=\"https:\/\/www.estrategiaconcursos.com.br\/blog\/furto-resumo\/\" \/>\n<meta property=\"og:site_name\" content=\"Estrat\u00e9gia Concursos\" \/>\n<meta property=\"article:published_time\" content=\"2023-01-20T17:00:00+00:00\" \/>\n<meta property=\"og:image\" content=\"https:\/\/dhg1h5j42swfq.cloudfront.net\/2022\/04\/14123430\/reajuste-judiciario-stf.jpg\" \/>\n\t<meta property=\"og:image:width\" content=\"275\" \/>\n\t<meta property=\"og:image:height\" content=\"183\" \/>\n\t<meta property=\"og:image:type\" content=\"image\/jpeg\" \/>\n<meta name=\"author\" content=\"Victor Baio do Carmo\" \/>\n<meta name=\"twitter:card\" content=\"summary_large_image\" \/>\n<meta name=\"twitter:creator\" content=\"@EstratConcursos\" \/>\n<meta name=\"twitter:site\" content=\"@EstratConcursos\" \/>\n<meta name=\"twitter:label1\" content=\"Escrito por\" \/>\n\t<meta name=\"twitter:data1\" content=\"Victor Baio do Carmo\" \/>\n\t<meta name=\"twitter:label2\" content=\"Est. tempo de leitura\" \/>\n\t<meta name=\"twitter:data2\" content=\"9 minutos\" \/>\n<script type=\"application\/ld+json\" class=\"yoast-schema-graph\">{\"@context\":\"https:\/\/schema.org\",\"@graph\":[{\"@type\":\"NewsArticle\",\"@id\":\"https:\/\/www.estrategiaconcursos.com.br\/blog\/furto-resumo\/#article\",\"isPartOf\":{\"@id\":\"https:\/\/www.estrategiaconcursos.com.br\/blog\/furto-resumo\/\"},\"author\":{\"name\":\"Victor Baio do Carmo\",\"@id\":\"https:\/\/www.estrategiaconcursos.com.br\/blog\/#\/schema\/person\/52a5e7b42bb3c34ccdf208f25a312eec\"},\"headline\":\"Furto: Entendimentos Jurisprudenciais mais relevantes\",\"datePublished\":\"2023-01-20T17:00:00+00:00\",\"mainEntityOfPage\":{\"@id\":\"https:\/\/www.estrategiaconcursos.com.br\/blog\/furto-resumo\/\"},\"wordCount\":1728,\"commentCount\":0,\"publisher\":{\"@id\":\"https:\/\/www.estrategiaconcursos.com.br\/blog\/#organization\"},\"image\":{\"@id\":\"https:\/\/www.estrategiaconcursos.com.br\/blog\/furto-resumo\/#primaryimage\"},\"thumbnailUrl\":\"https:\/\/dhg1h5j42swfq.cloudfront.net\/2022\/04\/14123430\/reajuste-judiciario-stf.jpg\",\"keywords\":[\"furto\",\"jurisprud\u00eancia furto\",\"resumo furto\"],\"articleSection\":[\"Jur\u00eddico\",\"Jur\u00eddico - Cart\u00f3rios\",\"Jur\u00eddico - Defensoria P\u00fablica\",\"Jur\u00eddico - Delegado\",\"Jur\u00eddico - Magistratura\",\"Jur\u00eddico - Procuradorias\",\"Jur\u00eddico - Promotor de Justi\u00e7a\",\"Policial (Agente Penitenci\u00e1rio)\",\"Policial (Agente, Escriv\u00e3o e Investigador)\",\"Policial (Guardas Civis)\",\"Policial (Peritos, Papiloscopistas)\",\"Policial (PM\/BM - Oficial)\",\"Policial (PM\/BM - Pra\u00e7as)\",\"Tribunais\",\"Tribunais\",\"Tribunais de Contas (TCU, TCE, TCM)\"],\"inLanguage\":\"pt-BR\",\"potentialAction\":[{\"@type\":\"CommentAction\",\"name\":\"Comment\",\"target\":[\"https:\/\/www.estrategiaconcursos.com.br\/blog\/furto-resumo\/#respond\"]}],\"copyrightYear\":\"2023\",\"copyrightHolder\":{\"@id\":\"https:\/\/www.estrategiaconcursos.com.br\/blog\/#organization\"}},{\"@type\":\"WebPage\",\"@id\":\"https:\/\/www.estrategiaconcursos.com.br\/blog\/furto-resumo\/\",\"url\":\"https:\/\/www.estrategiaconcursos.com.br\/blog\/furto-resumo\/\",\"name\":\"Furto: Entendimentos Jurisprudenciais mais relevantes\",\"isPartOf\":{\"@id\":\"https:\/\/www.estrategiaconcursos.com.br\/blog\/#website\"},\"primaryImageOfPage\":{\"@id\":\"https:\/\/www.estrategiaconcursos.com.br\/blog\/furto-resumo\/#primaryimage\"},\"image\":{\"@id\":\"https:\/\/www.estrategiaconcursos.com.br\/blog\/furto-resumo\/#primaryimage\"},\"thumbnailUrl\":\"https:\/\/dhg1h5j42swfq.cloudfront.net\/2022\/04\/14123430\/reajuste-judiciario-stf.jpg\",\"datePublished\":\"2023-01-20T17:00:00+00:00\",\"description\":\"Crime de furto. Confira a Jurisprud\u00eancia dos Tribunais Superiores mais relevante para a sua aprova\u00e7\u00e3o nos concursos p\u00fablicos.\",\"breadcrumb\":{\"@id\":\"https:\/\/www.estrategiaconcursos.com.br\/blog\/furto-resumo\/#breadcrumb\"},\"inLanguage\":\"pt-BR\",\"potentialAction\":[{\"@type\":\"ReadAction\",\"target\":[\"https:\/\/www.estrategiaconcursos.com.br\/blog\/furto-resumo\/\"]}]},{\"@type\":\"ImageObject\",\"inLanguage\":\"pt-BR\",\"@id\":\"https:\/\/www.estrategiaconcursos.com.br\/blog\/furto-resumo\/#primaryimage\",\"url\":\"https:\/\/dhg1h5j42swfq.cloudfront.net\/2022\/04\/14123430\/reajuste-judiciario-stf.jpg\",\"contentUrl\":\"https:\/\/dhg1h5j42swfq.cloudfront.net\/2022\/04\/14123430\/reajuste-judiciario-stf.jpg\",\"width\":275,\"height\":183,\"caption\":\"Judici\u00e1rio STF\"},{\"@type\":\"BreadcrumbList\",\"@id\":\"https:\/\/www.estrategiaconcursos.com.br\/blog\/furto-resumo\/#breadcrumb\",\"itemListElement\":[{\"@type\":\"ListItem\",\"position\":1,\"name\":\"In\u00edcio\",\"item\":\"https:\/\/www.estrategiaconcursos.com.br\/blog\/\"},{\"@type\":\"ListItem\",\"position\":2,\"name\":\"Furto: Entendimentos Jurisprudenciais mais relevantes\"}]},{\"@type\":\"WebSite\",\"@id\":\"https:\/\/www.estrategiaconcursos.com.br\/blog\/#website\",\"url\":\"https:\/\/www.estrategiaconcursos.com.br\/blog\/\",\"name\":\"Estrat\u00e9gia Concursos\",\"description\":\"O blog da Estrat\u00e9gia Concursos traz not\u00edcias sobre concursos e artigos de professores oferecendo cursos para concursos (pdf + videaulas) no site.\",\"publisher\":{\"@id\":\"https:\/\/www.estrategiaconcursos.com.br\/blog\/#organization\"},\"potentialAction\":[{\"@type\":\"SearchAction\",\"target\":{\"@type\":\"EntryPoint\",\"urlTemplate\":\"https:\/\/www.estrategiaconcursos.com.br\/blog\/?s={search_term_string}\"},\"query-input\":{\"@type\":\"PropertyValueSpecification\",\"valueRequired\":true,\"valueName\":\"search_term_string\"}}],\"inLanguage\":\"pt-BR\"},{\"@type\":\"Organization\",\"@id\":\"https:\/\/www.estrategiaconcursos.com.br\/blog\/#organization\",\"name\":\"Estrat\u00e9gia Concursos\",\"url\":\"https:\/\/www.estrategiaconcursos.com.br\/blog\/\",\"logo\":{\"@type\":\"ImageObject\",\"inLanguage\":\"pt-BR\",\"@id\":\"https:\/\/www.estrategiaconcursos.com.br\/blog\/#\/schema\/logo\/image\/\",\"url\":\"https:\/\/dhg1h5j42swfq.cloudfront.net\/2025\/06\/03203428\/logo_concursos-1.jpg\",\"contentUrl\":\"https:\/\/dhg1h5j42swfq.cloudfront.net\/2025\/06\/03203428\/logo_concursos-1.jpg\",\"width\":230,\"height\":60,\"caption\":\"Estrat\u00e9gia Concursos\"},\"image\":{\"@id\":\"https:\/\/www.estrategiaconcursos.com.br\/blog\/#\/schema\/logo\/image\/\"},\"sameAs\":[\"https:\/\/x.com\/EstratConcursos\"]},{\"@type\":\"Person\",\"@id\":\"https:\/\/www.estrategiaconcursos.com.br\/blog\/#\/schema\/person\/52a5e7b42bb3c34ccdf208f25a312eec\",\"name\":\"Victor Baio do Carmo\",\"image\":{\"@type\":\"ImageObject\",\"inLanguage\":\"pt-BR\",\"@id\":\"https:\/\/secure.gravatar.com\/avatar\/148fc18f2878ea373246778f423b66b836c3535ba972328844adc004c2a998d5?s=96&d=mm&r=g\",\"url\":\"https:\/\/secure.gravatar.com\/avatar\/148fc18f2878ea373246778f423b66b836c3535ba972328844adc004c2a998d5?s=96&d=mm&r=g\",\"contentUrl\":\"https:\/\/secure.gravatar.com\/avatar\/148fc18f2878ea373246778f423b66b836c3535ba972328844adc004c2a998d5?s=96&d=mm&r=g\",\"caption\":\"Victor Baio do Carmo\"},\"url\":\"https:\/\/www.estrategiaconcursos.com.br\/blog\/author\/victorbaio93gmail-com\/\"}]}<\/script>\n<!-- \/ Yoast SEO Premium plugin. -->","yoast_head_json":{"title":"Furto: Entendimentos Jurisprudenciais mais relevantes","description":"Crime de furto. Confira a Jurisprud\u00eancia dos Tribunais Superiores mais relevante para a sua aprova\u00e7\u00e3o nos concursos p\u00fablicos.","robots":{"index":"index","follow":"follow","max-snippet":"max-snippet:-1","max-image-preview":"max-image-preview:large","max-video-preview":"max-video-preview:-1"},"canonical":"https:\/\/www.estrategiaconcursos.com.br\/blog\/furto-resumo\/","og_locale":"pt_BR","og_type":"article","og_title":"Furto: Entendimentos Jurisprudenciais mais relevantes","og_description":"Crime de furto. Confira a Jurisprud\u00eancia dos Tribunais Superiores mais relevante para a sua aprova\u00e7\u00e3o nos concursos p\u00fablicos.","og_url":"https:\/\/www.estrategiaconcursos.com.br\/blog\/furto-resumo\/","og_site_name":"Estrat\u00e9gia Concursos","article_published_time":"2023-01-20T17:00:00+00:00","og_image":[{"width":275,"height":183,"url":"https:\/\/dhg1h5j42swfq.cloudfront.net\/2022\/04\/14123430\/reajuste-judiciario-stf.jpg","type":"image\/jpeg"}],"author":"Victor Baio do Carmo","twitter_card":"summary_large_image","twitter_creator":"@EstratConcursos","twitter_site":"@EstratConcursos","twitter_misc":{"Escrito por":"Victor Baio do Carmo","Est. tempo de leitura":"9 minutos"},"schema":{"@context":"https:\/\/schema.org","@graph":[{"@type":"NewsArticle","@id":"https:\/\/www.estrategiaconcursos.com.br\/blog\/furto-resumo\/#article","isPartOf":{"@id":"https:\/\/www.estrategiaconcursos.com.br\/blog\/furto-resumo\/"},"author":{"name":"Victor Baio do Carmo","@id":"https:\/\/www.estrategiaconcursos.com.br\/blog\/#\/schema\/person\/52a5e7b42bb3c34ccdf208f25a312eec"},"headline":"Furto: Entendimentos Jurisprudenciais mais relevantes","datePublished":"2023-01-20T17:00:00+00:00","mainEntityOfPage":{"@id":"https:\/\/www.estrategiaconcursos.com.br\/blog\/furto-resumo\/"},"wordCount":1728,"commentCount":0,"publisher":{"@id":"https:\/\/www.estrategiaconcursos.com.br\/blog\/#organization"},"image":{"@id":"https:\/\/www.estrategiaconcursos.com.br\/blog\/furto-resumo\/#primaryimage"},"thumbnailUrl":"https:\/\/dhg1h5j42swfq.cloudfront.net\/2022\/04\/14123430\/reajuste-judiciario-stf.jpg","keywords":["furto","jurisprud\u00eancia furto","resumo furto"],"articleSection":["Jur\u00eddico","Jur\u00eddico - Cart\u00f3rios","Jur\u00eddico - Defensoria P\u00fablica","Jur\u00eddico - Delegado","Jur\u00eddico - Magistratura","Jur\u00eddico - Procuradorias","Jur\u00eddico - Promotor de Justi\u00e7a","Policial (Agente Penitenci\u00e1rio)","Policial (Agente, Escriv\u00e3o e Investigador)","Policial (Guardas Civis)","Policial (Peritos, Papiloscopistas)","Policial (PM\/BM - Oficial)","Policial (PM\/BM - Pra\u00e7as)","Tribunais","Tribunais","Tribunais de Contas (TCU, TCE, TCM)"],"inLanguage":"pt-BR","potentialAction":[{"@type":"CommentAction","name":"Comment","target":["https:\/\/www.estrategiaconcursos.com.br\/blog\/furto-resumo\/#respond"]}],"copyrightYear":"2023","copyrightHolder":{"@id":"https:\/\/www.estrategiaconcursos.com.br\/blog\/#organization"}},{"@type":"WebPage","@id":"https:\/\/www.estrategiaconcursos.com.br\/blog\/furto-resumo\/","url":"https:\/\/www.estrategiaconcursos.com.br\/blog\/furto-resumo\/","name":"Furto: Entendimentos Jurisprudenciais mais relevantes","isPartOf":{"@id":"https:\/\/www.estrategiaconcursos.com.br\/blog\/#website"},"primaryImageOfPage":{"@id":"https:\/\/www.estrategiaconcursos.com.br\/blog\/furto-resumo\/#primaryimage"},"image":{"@id":"https:\/\/www.estrategiaconcursos.com.br\/blog\/furto-resumo\/#primaryimage"},"thumbnailUrl":"https:\/\/dhg1h5j42swfq.cloudfront.net\/2022\/04\/14123430\/reajuste-judiciario-stf.jpg","datePublished":"2023-01-20T17:00:00+00:00","description":"Crime de furto. Confira a Jurisprud\u00eancia dos Tribunais Superiores mais relevante para a sua aprova\u00e7\u00e3o nos concursos p\u00fablicos.","breadcrumb":{"@id":"https:\/\/www.estrategiaconcursos.com.br\/blog\/furto-resumo\/#breadcrumb"},"inLanguage":"pt-BR","potentialAction":[{"@type":"ReadAction","target":["https:\/\/www.estrategiaconcursos.com.br\/blog\/furto-resumo\/"]}]},{"@type":"ImageObject","inLanguage":"pt-BR","@id":"https:\/\/www.estrategiaconcursos.com.br\/blog\/furto-resumo\/#primaryimage","url":"https:\/\/dhg1h5j42swfq.cloudfront.net\/2022\/04\/14123430\/reajuste-judiciario-stf.jpg","contentUrl":"https:\/\/dhg1h5j42swfq.cloudfront.net\/2022\/04\/14123430\/reajuste-judiciario-stf.jpg","width":275,"height":183,"caption":"Judici\u00e1rio STF"},{"@type":"BreadcrumbList","@id":"https:\/\/www.estrategiaconcursos.com.br\/blog\/furto-resumo\/#breadcrumb","itemListElement":[{"@type":"ListItem","position":1,"name":"In\u00edcio","item":"https:\/\/www.estrategiaconcursos.com.br\/blog\/"},{"@type":"ListItem","position":2,"name":"Furto: Entendimentos Jurisprudenciais mais relevantes"}]},{"@type":"WebSite","@id":"https:\/\/www.estrategiaconcursos.com.br\/blog\/#website","url":"https:\/\/www.estrategiaconcursos.com.br\/blog\/","name":"Estrat\u00e9gia Concursos","description":"O blog da Estrat\u00e9gia Concursos traz not\u00edcias sobre concursos e artigos de professores oferecendo cursos para concursos (pdf + videaulas) no site.","publisher":{"@id":"https:\/\/www.estrategiaconcursos.com.br\/blog\/#organization"},"potentialAction":[{"@type":"SearchAction","target":{"@type":"EntryPoint","urlTemplate":"https:\/\/www.estrategiaconcursos.com.br\/blog\/?s={search_term_string}"},"query-input":{"@type":"PropertyValueSpecification","valueRequired":true,"valueName":"search_term_string"}}],"inLanguage":"pt-BR"},{"@type":"Organization","@id":"https:\/\/www.estrategiaconcursos.com.br\/blog\/#organization","name":"Estrat\u00e9gia Concursos","url":"https:\/\/www.estrategiaconcursos.com.br\/blog\/","logo":{"@type":"ImageObject","inLanguage":"pt-BR","@id":"https:\/\/www.estrategiaconcursos.com.br\/blog\/#\/schema\/logo\/image\/","url":"https:\/\/dhg1h5j42swfq.cloudfront.net\/2025\/06\/03203428\/logo_concursos-1.jpg","contentUrl":"https:\/\/dhg1h5j42swfq.cloudfront.net\/2025\/06\/03203428\/logo_concursos-1.jpg","width":230,"height":60,"caption":"Estrat\u00e9gia Concursos"},"image":{"@id":"https:\/\/www.estrategiaconcursos.com.br\/blog\/#\/schema\/logo\/image\/"},"sameAs":["https:\/\/x.com\/EstratConcursos"]},{"@type":"Person","@id":"https:\/\/www.estrategiaconcursos.com.br\/blog\/#\/schema\/person\/52a5e7b42bb3c34ccdf208f25a312eec","name":"Victor Baio do Carmo","image":{"@type":"ImageObject","inLanguage":"pt-BR","@id":"https:\/\/secure.gravatar.com\/avatar\/148fc18f2878ea373246778f423b66b836c3535ba972328844adc004c2a998d5?s=96&d=mm&r=g","url":"https:\/\/secure.gravatar.com\/avatar\/148fc18f2878ea373246778f423b66b836c3535ba972328844adc004c2a998d5?s=96&d=mm&r=g","contentUrl":"https:\/\/secure.gravatar.com\/avatar\/148fc18f2878ea373246778f423b66b836c3535ba972328844adc004c2a998d5?s=96&d=mm&r=g","caption":"Victor Baio do Carmo"},"url":"https:\/\/www.estrategiaconcursos.com.br\/blog\/author\/victorbaio93gmail-com\/"}]}},"_links":{"self":[{"href":"https:\/\/www.estrategiaconcursos.com.br\/blog\/wp-json\/wp\/v2\/posts\/1146899","targetHints":{"allow":["GET"]}}],"collection":[{"href":"https:\/\/www.estrategiaconcursos.com.br\/blog\/wp-json\/wp\/v2\/posts"}],"about":[{"href":"https:\/\/www.estrategiaconcursos.com.br\/blog\/wp-json\/wp\/v2\/types\/post"}],"author":[{"embeddable":true,"href":"https:\/\/www.estrategiaconcursos.com.br\/blog\/wp-json\/wp\/v2\/users\/2343"}],"replies":[{"embeddable":true,"href":"https:\/\/www.estrategiaconcursos.com.br\/blog\/wp-json\/wp\/v2\/comments?post=1146899"}],"version-history":[{"count":23,"href":"https:\/\/www.estrategiaconcursos.com.br\/blog\/wp-json\/wp\/v2\/posts\/1146899\/revisions"}],"predecessor-version":[{"id":1152751,"href":"https:\/\/www.estrategiaconcursos.com.br\/blog\/wp-json\/wp\/v2\/posts\/1146899\/revisions\/1152751"}],"wp:featuredmedia":[{"embeddable":true,"href":"https:\/\/www.estrategiaconcursos.com.br\/blog\/wp-json\/wp\/v2\/media\/1009353"}],"wp:attachment":[{"href":"https:\/\/www.estrategiaconcursos.com.br\/blog\/wp-json\/wp\/v2\/media?parent=1146899"}],"wp:term":[{"taxonomy":"category","embeddable":true,"href":"https:\/\/www.estrategiaconcursos.com.br\/blog\/wp-json\/wp\/v2\/categories?post=1146899"},{"taxonomy":"post_tag","embeddable":true,"href":"https:\/\/www.estrategiaconcursos.com.br\/blog\/wp-json\/wp\/v2\/tags?post=1146899"},{"taxonomy":"tax_estado","embeddable":true,"href":"https:\/\/www.estrategiaconcursos.com.br\/blog\/wp-json\/wp\/v2\/tax_estado?post=1146899"}],"curies":[{"name":"wp","href":"https:\/\/api.w.org\/{rel}","templated":true}]}}