{"id":1146453,"date":"2023-03-17T18:00:00","date_gmt":"2023-03-17T21:00:00","guid":{"rendered":"https:\/\/www.estrategiaconcursos.com.br\/blog\/?p=1146453"},"modified":"2023-03-21T09:43:39","modified_gmt":"2023-03-21T12:43:39","slug":"concurso-procon-df-edital-publicado","status":"publish","type":"post","link":"https:\/\/www.estrategiaconcursos.com.br\/blog\/concurso-procon-df-edital-publicado\/","title":{"rendered":"Edital Procon DF: inscri\u00e7\u00f5es encerradas; Veja os detalhes"},"content":{"rendered":"\n<p>As inscri\u00e7\u00f5es para o edital <strong>PROCON DF<\/strong> (<a href=\"https:\/\/www.estrategiaconcursos.com.br\/cursosPorConcurso\/instituto-de-defesa-do-consumidor-do-distrito-federal-procon-df\/\" target=\"_blank\" rel=\"noreferrer noopener\">Instituto de Defesa do Consumidor do Distrito Federal<\/a>) est\u00e3o oficialmente encerradas. A pr\u00f3xima etapa, agora, \u00e9 a realiza\u00e7\u00e3o das provas.<\/p>\n\n\n\n<p>O concurso oferta 69 vagas imediatas, al\u00e9m de outras 105 oportunidades para forma\u00e7\u00e3o de cadastro de reserva, com sal\u00e1rios iniciais de at\u00e9 R$ 6,6 mil. Confira abaixo:<\/p>\n\n\n\n<ul class=\"wp-block-list\">\n<li><strong>24&nbsp;+ 27 CR<\/strong>: <a href=\"https:\/\/www.estrategiaconcursos.com.br\/curso\/procon-df-tecnicos-de-atividades-de-defesa-do-consumidor-pacote-2023-pre-edital\/\" target=\"_blank\" rel=\"noreferrer noopener\">T\u00e9cnico de Atividades de Defesa do Consumidor<\/a> (m\u00e9dio &#8211; R$ 4.898,91);<\/li>\n\n\n\n<li><strong>35 + 43 CR<\/strong>: Analista de Atividades de Defesa do Consumidor &#8211; diversas especialidades (superior &#8211; R$ 6.616,62);<\/li>\n\n\n\n<li><strong>10&nbsp;+ 35 CR<\/strong>: Fiscal&nbsp;de Defesa do Consumidor (superior &#8211; R$ 6.616,62).<\/li>\n<\/ul>\n\n\n\n<p>Ademais, os candidatos ser\u00e3o avaliados por meio de <strong>provas objetiva e discursiva<\/strong>, previstas para o dia 30 de abril.<\/p>\n\n\n\n<div class=\"container\" id=\"boxes\">\n  <div class=\"row\">\n\n    <div class=\"col-sm\">\n      <div class=\"banner-adm\" id=\"box-assinatura\">\n        <h3 class=\"titulo-assinatura\">Concurso Procon DF<\/h3>\n        <p class=\"subtitulo-assinatura\">Estude conosco<\/p>\n        <div class=\"box-botao\">\n          <a class=\"btn-assinatura\" target=\"_blank\" href=\"https:\/\/www.estrategiaconcursos.com.br\/cursosPorConcurso\/instituto-de-defesa-do-consumidor-do-distrito-federal-procon-df\/\" role=\"button\" rel=\"noopener noreferrer\">Conhe\u00e7a os cursos<\/a>\n        <\/div>\n      <\/div>\n   \n    <\/div>\n\n  <\/div>\n<\/div>\n\n\n\n<h2 class=\"wp-block-heading\" id=\"situacao\">Edital Procon DF: principais datas<\/h2>\n\n\n\n<ul class=\"wp-block-list\">\n<li><strong>Inscri\u00e7\u00f5es:<\/strong><s> 17 de fevereiro a 17 de mar\u00e7o<\/s> <\/li>\n\n\n\n<li><strong>Isen\u00e7\u00e3o da taxa:<\/strong> <s>02 a 06 de fevereiro<\/s><\/li>\n\n\n\n<li><strong>Pagamento da taxa: <\/strong><s>at\u00e9 20 de mar\u00e7o<\/s><\/li>\n\n\n\n<li><strong>Data da prova:<\/strong> 30 de abril<\/li>\n<\/ul>\n\n\n\n<h2 class=\"wp-block-heading\" id=\"situacao\">Edital Procon DF: distribui\u00e7\u00e3o das vagas<\/h2>\n\n\n\n<h3 class=\"wp-block-heading\">N\u00edvel m\u00e9dio<\/h3>\n\n\n\n<ul class=\"wp-block-list\">\n<li><a href=\"https:\/\/www.estrategiaconcursos.com.br\/curso\/procon-df-tecnicos-de-atividades-de-defesa-do-consumidor-agente-administrativo-pacote-2023-pos-edital\/\" target=\"_blank\" rel=\"noreferrer noopener\">T\u00e9cnico de Atividades de Defesa do Consumidor &#8211; Agente Administrativo<\/a><span style=\"color: initial;\">: 24 vagas + 27 CR (R$ 4.898,91<\/span>)<\/li>\n<\/ul>\n\n\n\n<h3 class=\"wp-block-heading\" id=\"superior\">N\u00edvel superior<\/h3>\n\n\n\n<ul class=\"wp-block-list\">\n<li><a href=\"https:\/\/www.estrategiaconcursos.com.br\/curso\/procon-df-analista-de-atividades-de-defesa-do-consumidor-administracao-pacote-2023-pos-edital\/\" target=\"_blank\" rel=\"noreferrer noopener\">Analista de Atividades de Defesa do Consumidor &#8211; Administra\u00e7\u00e3o<\/a>: 6 vagas + 12 CR (R$ 6.616,62)<\/li>\n\n\n\n<li><a href=\"https:\/\/www.estrategiaconcursos.com.br\/curso\/procon-df-analista-de-atividades-de-defesa-do-consumidor-arquivologia-pacote-2023-pos-edital\/\" target=\"_blank\" rel=\"noreferrer noopener\">Analista de Atividades de Defesa do Consumidor &#8211; Arquivologia<\/a>: 1 vaga + 2 CR (R$ 6.616,62)<\/li>\n\n\n\n<li><a href=\"https:\/\/www.estrategiaconcursos.com.br\/curso\/procon-df-analista-de-atividades-de-defesa-do-consumidor-contabilidade-pacote-2023-pos-edital\/\" target=\"_blank\" rel=\"noreferrer noopener\">Analista de Atividades de Defesa do Consumidor &#8211; Contabilidade<\/a>: 3 vagas + 3 CR (R$ 6.616,62)<\/li>\n\n\n\n<li><a href=\"https:\/\/www.estrategiaconcursos.com.br\/curso\/procon-df-analista-de-atividades-de-defesa-do-consumidor-direito-e-legislacao-pacote-2023-pos-edital\/\" target=\"_blank\" rel=\"noreferrer noopener\">Analista de Atividades de Defesa do Consumidor &#8211; Direito e Legisla\u00e7\u00e3o<\/a>: 19 vagas + 19 CR (R$ 6.616,62)<\/li>\n\n\n\n<li><a href=\"https:\/\/www.estrategiaconcursos.com.br\/curso\/procon-df-analista-de-atividades-de-defesa-do-consumidor-economia-pacote-2023-pos-edital\/\" target=\"_blank\" rel=\"noreferrer noopener\">Analista de Atividades de Defesa do Consumidor &#8211; Economia<\/a>: 1 vaga + 2 CR (R$ 6.616,62)<\/li>\n\n\n\n<li><a href=\"https:\/\/www.estrategiaconcursos.com.br\/curso\/procon-df-analista-de-atividades-de-defesa-do-consumidor-recursos-humanos-pacote-2023-pos-edital\/\" target=\"_blank\" rel=\"noreferrer noopener\">Analista de Atividades de Defesa do Consumidor &#8211; Especialista em Recursos Humanos<\/a>: 1 vaga + 1 CR (R$ 6.616,62)<\/li>\n\n\n\n<li><a href=\"https:\/\/www.estrategiaconcursos.com.br\/curso\/procon-df-analista-de-atividades-de-defesa-do-consumidor-jornalismo-pacote-2023-pos-edital\/\" target=\"_blank\" rel=\"noreferrer noopener\">Analista de Atividades de Defesa do Consumidor &#8211; Jornalismo<\/a>: 2 vagas + 2 CR (R$ 6.616,62)<\/li>\n\n\n\n<li><a href=\"https:\/\/www.estrategiaconcursos.com.br\/curso\/procon-df-analista-de-atividades-de-defesa-do-consumidor-modernizacao-da-gestao-publica-pacote-2023-pos-edital\/\" target=\"_blank\" rel=\"noreferrer noopener\">Analista de Atividades de Defesa do Consumidor &#8211; Moderniza\u00e7\u00e3o da Gest\u00e3o P\u00fablica<\/a>: 2 vagas + 2 CR (R$ 6.616,62)<\/li>\n\n\n\n<li><a href=\"https:\/\/www.estrategiaconcursos.com.br\/curso\/procon-df-fiscal-de-defesa-do-consumidor-pacote-2023-pre-edital\/\" target=\"_blank\" rel=\"noreferrer noopener\">Fiscal de Atividades de Defesa do Consumidor:<\/a> 10 vagas + 35 CR (R$ 6.616,62)<\/li>\n<\/ul>\n\n\n\n<h2 class=\"wp-block-heading\" id=\"carreira\">Edital Procon DF: etapas<\/h2>\n\n\n\n<h3 class=\"wp-block-heading\" id=\"objetiva\">Prova objetiva<\/h3>\n\n\n\n<p>A etapa, de car\u00e1ter eliminat\u00f3rio e classificat\u00f3rio, ser\u00e1 composta de 120 quest\u00f5es do tipo CERTO (C) ou ERRADO (E), no valor total de 120,00 pontos, avaliando as habilidades e conhecimentos do candidato.<\/p>\n\n\n\n<p><strong>T\u00e9cnico e Analista de Atividades de Defesa do Consumidor<\/strong><\/p>\n\n\n\n<p>Conhecimentos b\u00e1sicos &#8211; 50 quest\u00f5es<\/p>\n\n\n\n<ul class=\"wp-block-list\">\n<li>L\u00edngua Portuguesa;<\/li>\n\n\n\n<li>Atualidades;<\/li>\n\n\n\n<li>No\u00e7\u00f5es de Inform\u00e1tica e do Sistema Eletr\u00f4nico de Informa\u00e7\u00f5es; e<\/li>\n\n\n\n<li>Legisla\u00e7\u00e3o.<\/li>\n<\/ul>\n\n\n\n<p><strong>Fiscal de Atividades de Defesa do Consumidor<\/strong><\/p>\n\n\n\n<p>Conhecimentos b\u00e1sicos &#8211; 50 quest\u00f5es<\/p>\n\n\n\n<ul class=\"wp-block-list\">\n<li>L\u00edngua Portuguesa;<\/li>\n\n\n\n<li>Atualidades;<\/li>\n\n\n\n<li>No\u00e7\u00f5es de Inform\u00e1tica e do Sistema Eletr\u00f4nico de Informa\u00e7\u00f5es;<\/li>\n\n\n\n<li>No\u00e7\u00f5es de Matem\u00e1tica Financeira e Racioc\u00ednio L\u00f3gico; e<\/li>\n\n\n\n<li>No\u00e7\u00f5es de Microeconomia.<\/li>\n<\/ul>\n\n\n\n<p>Conhecimentos espec\u00edficos (todos os cargos) &#8211; 70 quest\u00f5es<\/p>\n\n\n\n<h3 class=\"wp-block-heading\" id=\"discursiva\">Prova discursiva<\/h3>\n\n\n\n<p>A etapa, de car\u00e1ter eliminat\u00f3rio e classificat\u00f3rio, valer\u00e1 30,00 pontos e consistir\u00e1 na elabora\u00e7\u00e3o de texto dissertativo, com extens\u00e3o m\u00ednima de 20 linhas e m\u00e1xima de 30 linhas, a respeito de tema relacionado aos conhecimentos b\u00e1sicos (Atualidades).<\/p>\n\n\n\n<p class=\"has-text-align-center\"><em>Para ficar por dentro de todas as informa\u00e7\u00f5es sobre o concurso Procon DF, n\u00e3o deixe de conferir nosso artigo completo sobre a sele\u00e7\u00e3o:<\/em><\/p>\n\n\n\n<p class=\"has-text-align-center has-background has-medium-font-size\" style=\"background-color:#e4e7e7\"><strong>Mais informa\u00e7\u00f5es: <a href=\"https:\/\/www.estrategiaconcursos.com.br\/blog\/concurso-procon-df\/\" target=\"_blank\" rel=\"noreferrer noopener\">Procon DF<\/a><\/strong><\/p>\n\n\n\n<hr class=\"wp-block-separator has-css-opacity\"\/>\n\n\n\n<h2 class=\"has-text-align-center wp-block-heading\" id=\"cursos-assinatura\"><em>Quer estudar para o Concurso Procon DF?<\/em><\/h2>\n\n\n\n<div class=\"container\" id=\"boxes\">\n  <div class=\"row\">\n\n    <div class=\"col-sm\">\n      <div class=\"banner-adm\" id=\"box-assinatura\">\n        <h3 class=\"titulo-assinatura\">Concurso Procon DF<\/h3>\n        <p class=\"subtitulo-assinatura\">Estude conosco<\/p>\n        <div class=\"box-botao\">\n          <a class=\"btn-assinatura\" target=\"_blank\" href=\"https:\/\/www.estrategiaconcursos.com.br\/cursosPorConcurso\/instituto-de-defesa-do-consumidor-do-distrito-federal-procon-df\/\" role=\"button\" rel=\"noopener noreferrer\">Conhe\u00e7a os cursos<\/a>\n        <\/div>\n      <\/div>\n   \n    <\/div>\n\n  <\/div>\n<\/div>\n\n\n\n<div class=\"container\" id=\"boxes\">\n  <div class=\"row\">\n\n    <div class=\"col-sm\">\n      <div class=\"estrategia\" id=\"box-assinatura\">\n        <h3 class=\"titulo-assinatura\">Assinatura Concursos<\/h3>\n        <p class=\"subtitulo-assinatura\">Assinatura de 1 ano ou 2 anos<\/p>\n        <div class=\"box-botao\">\n          <a class=\"btn-assinatura\" target=\"_blank\" href=\"https:\/\/www.estrategiaconcursos.com.br\/assinaturas\/\" role=\"button\" rel=\"noopener noreferrer\">ASSINE AGORA<\/a>\n        <\/div>\n      <\/div><\/div><\/div><\/div>\n\n\n\n<h2 class=\"has-text-align-center wp-block-heading\" id=\"h-quer-saber-tudo-sobre-concursos-previstos-confira-nossos-artigos\">Quer saber tudo sobre concursos previstos?<br \/>Confira nossos artigos!<\/h2>\n\n\n\n<ul class=\"wp-block-list\">\n<li><a href=\"https:\/\/www.estrategiaconcursos.com.br\/blog\/concursos-abertos\/\" target=\"_blank\" rel=\"noreferrer noopener\">Concursos Abertos<\/a><\/li>\n\n\n\n<li><a href=\"https:\/\/www.estrategiaconcursos.com.br\/blog\/concursos-2023\/\" target=\"_blank\" rel=\"noreferrer noopener\">Concursos 2023<\/a><\/li>\n<\/ul>\n\n\n\n<figure class=\"wp-block-image is-resized\"><img loading=\"lazy\" decoding=\"async\" src=\"https:\/\/dhg1h5j42swfq.cloudfront.net\/2021\/03\/29085852\/ficha-tecnica-2-1024x632.png\" alt=\"Ficha t\u00e9cnica do edital procon df\" width=\"247\" height=\"152\"\/><\/figure>\n\n\n\n<h3 class=\"wp-block-heading\" id=\"ficha-tecnica\">\u2666Informa\u00e7\u00f5es do Edital Procon DF<\/h3>\n\n\n\n<ul class=\"wp-block-list\">\n<li><strong>Data da prova:<\/strong>&nbsp;30\/04\/2023<\/li>\n\n\n\n<li><strong>Vagas:<\/strong>&nbsp;69 + 105 CR<\/li>\n\n\n\n<li><strong>Cargos:<\/strong>&nbsp;Fiscal, Analista e T\u00e9cnico<\/li>\n\n\n\n<li><strong>Banca:\u00a0<\/strong><a href=\"https:\/\/www.quadrix.org.br\/todos-os-concursos\/em-andamento\/procon_2023.aspx\" target=\"_blank\" rel=\"noreferrer noopener\">Instituto Quadrix<\/a><\/li>\n\n\n\n<li><strong>Escolaridade:&nbsp;<\/strong>N\u00edvel m\u00e9dio e superior<\/li>\n\n\n\n<li><strong>Edital: <\/strong><a href=\"https:\/\/dhg1h5j42swfq.cloudfront.net\/2023\/01\/17104725\/1_procon-df_concurso_publico_2023_edital_1_abertura.pdf\" target=\"_blank\" rel=\"noreferrer noopener nofollow\">Procon DF 2023<\/a> |&nbsp;<a href=\"https:\/\/dhg1h5j42swfq.cloudfront.net\/2023\/02\/17104055\/1_procon-df_concurso_publico_2023_edital_2_retificacao.pdf\" target=\"_blank\" rel=\"noreferrer noopener nofollow\">Retifica\u00e7\u00e3o<\/a><\/li>\n<\/ul>\n","protected":false},"excerpt":{"rendered":"<p>As inscri\u00e7\u00f5es para o edital PROCON DF (Instituto de Defesa do Consumidor do Distrito Federal) est\u00e3o oficialmente encerradas. A pr\u00f3xima etapa, agora, \u00e9 a realiza\u00e7\u00e3o das provas. O concurso oferta 69 vagas imediatas, al\u00e9m de outras 105 oportunidades para forma\u00e7\u00e3o de cadastro de reserva, com sal\u00e1rios iniciais de at\u00e9 R$ 6,6 mil. Confira abaixo: Ademais, [&hellip;]<\/p>\n","protected":false},"author":2018,"featured_media":1144532,"comment_status":"open","ping_status":"closed","sticky":false,"template":"","format":"standard","meta":{"post_tipo":"news","footnotes":""},"categories":[214992,220219],"tags":[],"tax_estado":[219970],"class_list":["post-1146453","post","type-post","status-publish","format-standard","has-post-thumbnail","hentry","category-concursos-administrativos","category-noticias","tax_estado-df"],"acf":[],"yoast_head":"<!-- This site is optimized with the Yoast SEO Premium plugin v27.2 (Yoast SEO v27.2) - https:\/\/yoast.com\/product\/yoast-seo-premium-wordpress\/ -->\n<title>Edital Procon DF: inscri\u00e7\u00f5es encerradas; Veja os detalhes<\/title>\n<meta name=\"description\" content=\"Edital Procon DF oferta 69 vagas imediatas e 105 CR para cargos de n\u00edveis m\u00e9dio e superior. Iniciais de at\u00e9 R$ 6,6 mil. Provas em abril!\" \/>\n<meta name=\"robots\" content=\"index, follow, max-snippet:-1, max-image-preview:large, max-video-preview:-1\" \/>\n<link rel=\"canonical\" href=\"https:\/\/www.estrategiaconcursos.com.br\/blog\/concurso-procon-df-edital-publicado\/\" \/>\n<meta property=\"og:locale\" content=\"pt_BR\" \/>\n<meta property=\"og:type\" content=\"article\" \/>\n<meta property=\"og:title\" content=\"Edital Procon DF: inscri\u00e7\u00f5es encerradas; Veja os detalhes\" \/>\n<meta property=\"og:description\" content=\"Edital Procon DF oferta 69 vagas imediatas e 105 CR para cargos de n\u00edveis m\u00e9dio e superior. Iniciais de at\u00e9 R$ 6,6 mil. Provas em abril!\" \/>\n<meta property=\"og:url\" content=\"https:\/\/www.estrategiaconcursos.com.br\/blog\/concurso-procon-df-edital-publicado\/\" \/>\n<meta property=\"og:site_name\" content=\"Estrat\u00e9gia Concursos\" \/>\n<meta property=\"article:published_time\" content=\"2023-03-17T21:00:00+00:00\" \/>\n<meta property=\"article:modified_time\" content=\"2023-03-21T12:43:39+00:00\" \/>\n<meta property=\"og:image\" content=\"https:\/\/dhg1h5j42swfq.cloudfront.net\/2022\/12\/29072209\/procon-df.jpg\" \/>\n\t<meta property=\"og:image:width\" content=\"1200\" \/>\n\t<meta property=\"og:image:height\" content=\"628\" \/>\n\t<meta property=\"og:image:type\" content=\"image\/jpeg\" \/>\n<meta name=\"author\" content=\"B\u00e1rbara Carvalho Santos\" \/>\n<meta name=\"twitter:card\" content=\"summary_large_image\" \/>\n<meta name=\"twitter:creator\" content=\"@EstratConcursos\" \/>\n<meta name=\"twitter:site\" content=\"@EstratConcursos\" \/>\n<meta name=\"twitter:label1\" content=\"Escrito por\" \/>\n\t<meta name=\"twitter:data1\" content=\"B\u00e1rbara Carvalho Santos\" \/>\n\t<meta name=\"twitter:label2\" content=\"Est. tempo de leitura\" \/>\n\t<meta name=\"twitter:data2\" content=\"3 minutos\" \/>\n<script type=\"application\/ld+json\" class=\"yoast-schema-graph\">{\"@context\":\"https:\/\/schema.org\",\"@graph\":[{\"@type\":\"NewsArticle\",\"@id\":\"https:\/\/www.estrategiaconcursos.com.br\/blog\/concurso-procon-df-edital-publicado\/#article\",\"isPartOf\":{\"@id\":\"https:\/\/www.estrategiaconcursos.com.br\/blog\/concurso-procon-df-edital-publicado\/\"},\"author\":{\"name\":\"B\u00e1rbara Carvalho Santos\",\"@id\":\"https:\/\/www.estrategiaconcursos.com.br\/blog\/#\/schema\/person\/e3882259fa157d54c44c21f4ee4e0e60\"},\"headline\":\"Edital Procon DF: inscri\u00e7\u00f5es encerradas; Veja os detalhes\",\"datePublished\":\"2023-03-17T21:00:00+00:00\",\"dateModified\":\"2023-03-21T12:43:39+00:00\",\"mainEntityOfPage\":{\"@id\":\"https:\/\/www.estrategiaconcursos.com.br\/blog\/concurso-procon-df-edital-publicado\/\"},\"wordCount\":592,\"commentCount\":0,\"publisher\":{\"@id\":\"https:\/\/www.estrategiaconcursos.com.br\/blog\/#organization\"},\"image\":{\"@id\":\"https:\/\/www.estrategiaconcursos.com.br\/blog\/concurso-procon-df-edital-publicado\/#primaryimage\"},\"thumbnailUrl\":\"https:\/\/dhg1h5j42swfq.cloudfront.net\/2022\/12\/29072209\/procon-df.jpg\",\"articleSection\":[\"Executivo (Administrativa)\",\"\u00daltimas not\u00edcias\"],\"inLanguage\":\"pt-BR\",\"potentialAction\":[{\"@type\":\"CommentAction\",\"name\":\"Comment\",\"target\":[\"https:\/\/www.estrategiaconcursos.com.br\/blog\/concurso-procon-df-edital-publicado\/#respond\"]}],\"copyrightYear\":\"2023\",\"copyrightHolder\":{\"@id\":\"https:\/\/www.estrategiaconcursos.com.br\/blog\/#organization\"}},{\"@type\":\"WebPage\",\"@id\":\"https:\/\/www.estrategiaconcursos.com.br\/blog\/concurso-procon-df-edital-publicado\/\",\"url\":\"https:\/\/www.estrategiaconcursos.com.br\/blog\/concurso-procon-df-edital-publicado\/\",\"name\":\"Edital Procon DF: inscri\u00e7\u00f5es encerradas; Veja os detalhes\",\"isPartOf\":{\"@id\":\"https:\/\/www.estrategiaconcursos.com.br\/blog\/#website\"},\"primaryImageOfPage\":{\"@id\":\"https:\/\/www.estrategiaconcursos.com.br\/blog\/concurso-procon-df-edital-publicado\/#primaryimage\"},\"image\":{\"@id\":\"https:\/\/www.estrategiaconcursos.com.br\/blog\/concurso-procon-df-edital-publicado\/#primaryimage\"},\"thumbnailUrl\":\"https:\/\/dhg1h5j42swfq.cloudfront.net\/2022\/12\/29072209\/procon-df.jpg\",\"datePublished\":\"2023-03-17T21:00:00+00:00\",\"dateModified\":\"2023-03-21T12:43:39+00:00\",\"description\":\"Edital Procon DF oferta 69 vagas imediatas e 105 CR para cargos de n\u00edveis m\u00e9dio e superior. Iniciais de at\u00e9 R$ 6,6 mil. Provas em abril!\",\"breadcrumb\":{\"@id\":\"https:\/\/www.estrategiaconcursos.com.br\/blog\/concurso-procon-df-edital-publicado\/#breadcrumb\"},\"inLanguage\":\"pt-BR\",\"potentialAction\":[{\"@type\":\"ReadAction\",\"target\":[\"https:\/\/www.estrategiaconcursos.com.br\/blog\/concurso-procon-df-edital-publicado\/\"]}]},{\"@type\":\"ImageObject\",\"inLanguage\":\"pt-BR\",\"@id\":\"https:\/\/www.estrategiaconcursos.com.br\/blog\/concurso-procon-df-edital-publicado\/#primaryimage\",\"url\":\"https:\/\/dhg1h5j42swfq.cloudfront.net\/2022\/12\/29072209\/procon-df.jpg\",\"contentUrl\":\"https:\/\/dhg1h5j42swfq.cloudfront.net\/2022\/12\/29072209\/procon-df.jpg\",\"width\":1200,\"height\":628,\"caption\":\"Concurso Procon DF resultado discursiva\"},{\"@type\":\"BreadcrumbList\",\"@id\":\"https:\/\/www.estrategiaconcursos.com.br\/blog\/concurso-procon-df-edital-publicado\/#breadcrumb\",\"itemListElement\":[{\"@type\":\"ListItem\",\"position\":1,\"name\":\"In\u00edcio\",\"item\":\"https:\/\/www.estrategiaconcursos.com.br\/blog\/\"},{\"@type\":\"ListItem\",\"position\":2,\"name\":\"Edital Procon DF: inscri\u00e7\u00f5es encerradas; Veja os detalhes\"}]},{\"@type\":\"WebSite\",\"@id\":\"https:\/\/www.estrategiaconcursos.com.br\/blog\/#website\",\"url\":\"https:\/\/www.estrategiaconcursos.com.br\/blog\/\",\"name\":\"Estrat\u00e9gia Concursos\",\"description\":\"O blog da Estrat\u00e9gia Concursos traz not\u00edcias sobre concursos e artigos de professores oferecendo cursos para concursos (pdf + videaulas) no site.\",\"publisher\":{\"@id\":\"https:\/\/www.estrategiaconcursos.com.br\/blog\/#organization\"},\"potentialAction\":[{\"@type\":\"SearchAction\",\"target\":{\"@type\":\"EntryPoint\",\"urlTemplate\":\"https:\/\/www.estrategiaconcursos.com.br\/blog\/?s={search_term_string}\"},\"query-input\":{\"@type\":\"PropertyValueSpecification\",\"valueRequired\":true,\"valueName\":\"search_term_string\"}}],\"inLanguage\":\"pt-BR\"},{\"@type\":\"Organization\",\"@id\":\"https:\/\/www.estrategiaconcursos.com.br\/blog\/#organization\",\"name\":\"Estrat\u00e9gia Concursos\",\"url\":\"https:\/\/www.estrategiaconcursos.com.br\/blog\/\",\"logo\":{\"@type\":\"ImageObject\",\"inLanguage\":\"pt-BR\",\"@id\":\"https:\/\/www.estrategiaconcursos.com.br\/blog\/#\/schema\/logo\/image\/\",\"url\":\"https:\/\/dhg1h5j42swfq.cloudfront.net\/2025\/06\/03203428\/logo_concursos-1.jpg\",\"contentUrl\":\"https:\/\/dhg1h5j42swfq.cloudfront.net\/2025\/06\/03203428\/logo_concursos-1.jpg\",\"width\":230,\"height\":60,\"caption\":\"Estrat\u00e9gia Concursos\"},\"image\":{\"@id\":\"https:\/\/www.estrategiaconcursos.com.br\/blog\/#\/schema\/logo\/image\/\"},\"sameAs\":[\"https:\/\/x.com\/EstratConcursos\"]},{\"@type\":\"Person\",\"@id\":\"https:\/\/www.estrategiaconcursos.com.br\/blog\/#\/schema\/person\/e3882259fa157d54c44c21f4ee4e0e60\",\"name\":\"B\u00e1rbara Carvalho Santos\",\"image\":{\"@type\":\"ImageObject\",\"inLanguage\":\"pt-BR\",\"@id\":\"https:\/\/secure.gravatar.com\/avatar\/353300f73140f779692b9be2b39f434d1341e4e34c7f55bd5a990fe29ef352eb?s=96&d=mm&r=g\",\"url\":\"https:\/\/secure.gravatar.com\/avatar\/353300f73140f779692b9be2b39f434d1341e4e34c7f55bd5a990fe29ef352eb?s=96&d=mm&r=g\",\"contentUrl\":\"https:\/\/secure.gravatar.com\/avatar\/353300f73140f779692b9be2b39f434d1341e4e34c7f55bd5a990fe29ef352eb?s=96&d=mm&r=g\",\"caption\":\"B\u00e1rbara Carvalho Santos\"},\"description\":\"M\u00e3e e jornalista formada pela UNIP, possui ampla experi\u00eancia na cobertura de entretenimento em grandes ve\u00edculos, como o site da CNN, RedeTV! e Estrat\u00e9gia Educacional. Atuou tamb\u00e9m em ag\u00eancias de marketing, produtoras musicais e assessorias de imprensa, com foco especial no trabalho com personalidades p\u00fablicas. Atualmente, integra a equipe do Estrat\u00e9gia Concursos, onde \u00e9 respons\u00e1vel pela produ\u00e7\u00e3o de conte\u00fados estrat\u00e9gicos voltados para o setor de concursos p\u00fablicos, com destaque para a \u00e1rea fiscal, gest\u00e3o, controle, concursos administrativos e Minist\u00e9rios participantes do CNU, al\u00e9m de diversos \u00f3rg\u00e3os federais. Tem como miss\u00e3o transformar informa\u00e7\u00f5es complexas em conte\u00fados acess\u00edveis, relevantes e de alto valor para quem sonha com uma carreira no servi\u00e7o p\u00fablico.\",\"url\":\"https:\/\/www.estrategiaconcursos.com.br\/blog\/author\/barbara-santos\/\"}]}<\/script>\n<!-- \/ Yoast SEO Premium plugin. -->","yoast_head_json":{"title":"Edital Procon DF: inscri\u00e7\u00f5es encerradas; Veja os detalhes","description":"Edital Procon DF oferta 69 vagas imediatas e 105 CR para cargos de n\u00edveis m\u00e9dio e superior. Iniciais de at\u00e9 R$ 6,6 mil. Provas em abril!","robots":{"index":"index","follow":"follow","max-snippet":"max-snippet:-1","max-image-preview":"max-image-preview:large","max-video-preview":"max-video-preview:-1"},"canonical":"https:\/\/www.estrategiaconcursos.com.br\/blog\/concurso-procon-df-edital-publicado\/","og_locale":"pt_BR","og_type":"article","og_title":"Edital Procon DF: inscri\u00e7\u00f5es encerradas; Veja os detalhes","og_description":"Edital Procon DF oferta 69 vagas imediatas e 105 CR para cargos de n\u00edveis m\u00e9dio e superior. Iniciais de at\u00e9 R$ 6,6 mil. Provas em abril!","og_url":"https:\/\/www.estrategiaconcursos.com.br\/blog\/concurso-procon-df-edital-publicado\/","og_site_name":"Estrat\u00e9gia Concursos","article_published_time":"2023-03-17T21:00:00+00:00","article_modified_time":"2023-03-21T12:43:39+00:00","og_image":[{"width":1200,"height":628,"url":"https:\/\/dhg1h5j42swfq.cloudfront.net\/2022\/12\/29072209\/procon-df.jpg","type":"image\/jpeg"}],"author":"B\u00e1rbara Carvalho Santos","twitter_card":"summary_large_image","twitter_creator":"@EstratConcursos","twitter_site":"@EstratConcursos","twitter_misc":{"Escrito por":"B\u00e1rbara Carvalho Santos","Est. tempo de leitura":"3 minutos"},"schema":{"@context":"https:\/\/schema.org","@graph":[{"@type":"NewsArticle","@id":"https:\/\/www.estrategiaconcursos.com.br\/blog\/concurso-procon-df-edital-publicado\/#article","isPartOf":{"@id":"https:\/\/www.estrategiaconcursos.com.br\/blog\/concurso-procon-df-edital-publicado\/"},"author":{"name":"B\u00e1rbara Carvalho Santos","@id":"https:\/\/www.estrategiaconcursos.com.br\/blog\/#\/schema\/person\/e3882259fa157d54c44c21f4ee4e0e60"},"headline":"Edital Procon DF: inscri\u00e7\u00f5es encerradas; Veja os detalhes","datePublished":"2023-03-17T21:00:00+00:00","dateModified":"2023-03-21T12:43:39+00:00","mainEntityOfPage":{"@id":"https:\/\/www.estrategiaconcursos.com.br\/blog\/concurso-procon-df-edital-publicado\/"},"wordCount":592,"commentCount":0,"publisher":{"@id":"https:\/\/www.estrategiaconcursos.com.br\/blog\/#organization"},"image":{"@id":"https:\/\/www.estrategiaconcursos.com.br\/blog\/concurso-procon-df-edital-publicado\/#primaryimage"},"thumbnailUrl":"https:\/\/dhg1h5j42swfq.cloudfront.net\/2022\/12\/29072209\/procon-df.jpg","articleSection":["Executivo (Administrativa)","\u00daltimas not\u00edcias"],"inLanguage":"pt-BR","potentialAction":[{"@type":"CommentAction","name":"Comment","target":["https:\/\/www.estrategiaconcursos.com.br\/blog\/concurso-procon-df-edital-publicado\/#respond"]}],"copyrightYear":"2023","copyrightHolder":{"@id":"https:\/\/www.estrategiaconcursos.com.br\/blog\/#organization"}},{"@type":"WebPage","@id":"https:\/\/www.estrategiaconcursos.com.br\/blog\/concurso-procon-df-edital-publicado\/","url":"https:\/\/www.estrategiaconcursos.com.br\/blog\/concurso-procon-df-edital-publicado\/","name":"Edital Procon DF: inscri\u00e7\u00f5es encerradas; Veja os detalhes","isPartOf":{"@id":"https:\/\/www.estrategiaconcursos.com.br\/blog\/#website"},"primaryImageOfPage":{"@id":"https:\/\/www.estrategiaconcursos.com.br\/blog\/concurso-procon-df-edital-publicado\/#primaryimage"},"image":{"@id":"https:\/\/www.estrategiaconcursos.com.br\/blog\/concurso-procon-df-edital-publicado\/#primaryimage"},"thumbnailUrl":"https:\/\/dhg1h5j42swfq.cloudfront.net\/2022\/12\/29072209\/procon-df.jpg","datePublished":"2023-03-17T21:00:00+00:00","dateModified":"2023-03-21T12:43:39+00:00","description":"Edital Procon DF oferta 69 vagas imediatas e 105 CR para cargos de n\u00edveis m\u00e9dio e superior. Iniciais de at\u00e9 R$ 6,6 mil. Provas em abril!","breadcrumb":{"@id":"https:\/\/www.estrategiaconcursos.com.br\/blog\/concurso-procon-df-edital-publicado\/#breadcrumb"},"inLanguage":"pt-BR","potentialAction":[{"@type":"ReadAction","target":["https:\/\/www.estrategiaconcursos.com.br\/blog\/concurso-procon-df-edital-publicado\/"]}]},{"@type":"ImageObject","inLanguage":"pt-BR","@id":"https:\/\/www.estrategiaconcursos.com.br\/blog\/concurso-procon-df-edital-publicado\/#primaryimage","url":"https:\/\/dhg1h5j42swfq.cloudfront.net\/2022\/12\/29072209\/procon-df.jpg","contentUrl":"https:\/\/dhg1h5j42swfq.cloudfront.net\/2022\/12\/29072209\/procon-df.jpg","width":1200,"height":628,"caption":"Concurso Procon DF resultado discursiva"},{"@type":"BreadcrumbList","@id":"https:\/\/www.estrategiaconcursos.com.br\/blog\/concurso-procon-df-edital-publicado\/#breadcrumb","itemListElement":[{"@type":"ListItem","position":1,"name":"In\u00edcio","item":"https:\/\/www.estrategiaconcursos.com.br\/blog\/"},{"@type":"ListItem","position":2,"name":"Edital Procon DF: inscri\u00e7\u00f5es encerradas; Veja os detalhes"}]},{"@type":"WebSite","@id":"https:\/\/www.estrategiaconcursos.com.br\/blog\/#website","url":"https:\/\/www.estrategiaconcursos.com.br\/blog\/","name":"Estrat\u00e9gia Concursos","description":"O blog da Estrat\u00e9gia Concursos traz not\u00edcias sobre concursos e artigos de professores oferecendo cursos para concursos (pdf + videaulas) no site.","publisher":{"@id":"https:\/\/www.estrategiaconcursos.com.br\/blog\/#organization"},"potentialAction":[{"@type":"SearchAction","target":{"@type":"EntryPoint","urlTemplate":"https:\/\/www.estrategiaconcursos.com.br\/blog\/?s={search_term_string}"},"query-input":{"@type":"PropertyValueSpecification","valueRequired":true,"valueName":"search_term_string"}}],"inLanguage":"pt-BR"},{"@type":"Organization","@id":"https:\/\/www.estrategiaconcursos.com.br\/blog\/#organization","name":"Estrat\u00e9gia Concursos","url":"https:\/\/www.estrategiaconcursos.com.br\/blog\/","logo":{"@type":"ImageObject","inLanguage":"pt-BR","@id":"https:\/\/www.estrategiaconcursos.com.br\/blog\/#\/schema\/logo\/image\/","url":"https:\/\/dhg1h5j42swfq.cloudfront.net\/2025\/06\/03203428\/logo_concursos-1.jpg","contentUrl":"https:\/\/dhg1h5j42swfq.cloudfront.net\/2025\/06\/03203428\/logo_concursos-1.jpg","width":230,"height":60,"caption":"Estrat\u00e9gia Concursos"},"image":{"@id":"https:\/\/www.estrategiaconcursos.com.br\/blog\/#\/schema\/logo\/image\/"},"sameAs":["https:\/\/x.com\/EstratConcursos"]},{"@type":"Person","@id":"https:\/\/www.estrategiaconcursos.com.br\/blog\/#\/schema\/person\/e3882259fa157d54c44c21f4ee4e0e60","name":"B\u00e1rbara Carvalho Santos","image":{"@type":"ImageObject","inLanguage":"pt-BR","@id":"https:\/\/secure.gravatar.com\/avatar\/353300f73140f779692b9be2b39f434d1341e4e34c7f55bd5a990fe29ef352eb?s=96&d=mm&r=g","url":"https:\/\/secure.gravatar.com\/avatar\/353300f73140f779692b9be2b39f434d1341e4e34c7f55bd5a990fe29ef352eb?s=96&d=mm&r=g","contentUrl":"https:\/\/secure.gravatar.com\/avatar\/353300f73140f779692b9be2b39f434d1341e4e34c7f55bd5a990fe29ef352eb?s=96&d=mm&r=g","caption":"B\u00e1rbara Carvalho Santos"},"description":"M\u00e3e e jornalista formada pela UNIP, possui ampla experi\u00eancia na cobertura de entretenimento em grandes ve\u00edculos, como o site da CNN, RedeTV! e Estrat\u00e9gia Educacional. Atuou tamb\u00e9m em ag\u00eancias de marketing, produtoras musicais e assessorias de imprensa, com foco especial no trabalho com personalidades p\u00fablicas. Atualmente, integra a equipe do Estrat\u00e9gia Concursos, onde \u00e9 respons\u00e1vel pela produ\u00e7\u00e3o de conte\u00fados estrat\u00e9gicos voltados para o setor de concursos p\u00fablicos, com destaque para a \u00e1rea fiscal, gest\u00e3o, controle, concursos administrativos e Minist\u00e9rios participantes do CNU, al\u00e9m de diversos \u00f3rg\u00e3os federais. Tem como miss\u00e3o transformar informa\u00e7\u00f5es complexas em conte\u00fados acess\u00edveis, relevantes e de alto valor para quem sonha com uma carreira no servi\u00e7o p\u00fablico.","url":"https:\/\/www.estrategiaconcursos.com.br\/blog\/author\/barbara-santos\/"}]}},"_links":{"self":[{"href":"https:\/\/www.estrategiaconcursos.com.br\/blog\/wp-json\/wp\/v2\/posts\/1146453","targetHints":{"allow":["GET"]}}],"collection":[{"href":"https:\/\/www.estrategiaconcursos.com.br\/blog\/wp-json\/wp\/v2\/posts"}],"about":[{"href":"https:\/\/www.estrategiaconcursos.com.br\/blog\/wp-json\/wp\/v2\/types\/post"}],"author":[{"embeddable":true,"href":"https:\/\/www.estrategiaconcursos.com.br\/blog\/wp-json\/wp\/v2\/users\/2018"}],"replies":[{"embeddable":true,"href":"https:\/\/www.estrategiaconcursos.com.br\/blog\/wp-json\/wp\/v2\/comments?post=1146453"}],"version-history":[{"count":19,"href":"https:\/\/www.estrategiaconcursos.com.br\/blog\/wp-json\/wp\/v2\/posts\/1146453\/revisions"}],"predecessor-version":[{"id":1189673,"href":"https:\/\/www.estrategiaconcursos.com.br\/blog\/wp-json\/wp\/v2\/posts\/1146453\/revisions\/1189673"}],"wp:featuredmedia":[{"embeddable":true,"href":"https:\/\/www.estrategiaconcursos.com.br\/blog\/wp-json\/wp\/v2\/media\/1144532"}],"wp:attachment":[{"href":"https:\/\/www.estrategiaconcursos.com.br\/blog\/wp-json\/wp\/v2\/media?parent=1146453"}],"wp:term":[{"taxonomy":"category","embeddable":true,"href":"https:\/\/www.estrategiaconcursos.com.br\/blog\/wp-json\/wp\/v2\/categories?post=1146453"},{"taxonomy":"post_tag","embeddable":true,"href":"https:\/\/www.estrategiaconcursos.com.br\/blog\/wp-json\/wp\/v2\/tags?post=1146453"},{"taxonomy":"tax_estado","embeddable":true,"href":"https:\/\/www.estrategiaconcursos.com.br\/blog\/wp-json\/wp\/v2\/tax_estado?post=1146453"}],"curies":[{"name":"wp","href":"https:\/\/api.w.org\/{rel}","templated":true}]}}