{"id":1146041,"date":"2023-03-15T18:00:00","date_gmt":"2023-03-15T21:00:00","guid":{"rendered":"https:\/\/www.estrategiaconcursos.com.br\/blog\/?p=1146041"},"modified":"2023-03-16T08:11:38","modified_gmt":"2023-03-16T11:11:38","slug":"concurso-ager-mt-edital-publicado","status":"publish","type":"post","link":"https:\/\/www.estrategiaconcursos.com.br\/blog\/concurso-ager-mt-edital-publicado\/","title":{"rendered":"Edital AGER MT: inscri\u00e7\u00f5es encerradas e provas em abril!"},"content":{"rendered":"\n<p>Est\u00e3o oficialmente encerradas as inscri\u00e7\u00f5es do edital <strong>AGER MT<\/strong> (<a href=\"https:\/\/www.estrategiaconcursos.com.br\/cursosPorConcurso\/agencia-estadual-de-regulacao-dos-servicos-publicos-delegados-de-mato-grosso-ager-mt\/\" target=\"_blank\" rel=\"noreferrer noopener\">Ag\u00eancia Estadual de Regula\u00e7\u00e3o dos Servi\u00e7os P\u00fablicos Delegados de Mato Grosso<\/a>). A pr\u00f3xima etapa ser\u00e1 a realiza\u00e7\u00e3o das provas objetivas e discursivas no dia 30 de abril.<\/p>\n\n\n\n<p>Vale lembrar que o edital oferta 55 oportunidades para forma\u00e7\u00e3o de cadastro de reserva para fun\u00e7\u00f5es de n\u00edveis m\u00e9dio e superior, com sal\u00e1rios iniciais de at\u00e9 R$ 8,2 mil. <\/p>\n\n\n\n<ul class=\"wp-block-list\">\n<li><strong>Analista regulador <\/strong>(superior): R$ 8,2 mil;<\/li>\n\n\n\n<li><strong>Analista Administrativo <\/strong>(superior): R$ 7,1 mil;<\/li>\n\n\n\n<li><strong>Inspetor Regulador<\/strong> (m\u00e9dio): R$ 3,7 mil;<\/li>\n\n\n\n<li><strong><a href=\"https:\/\/www.estrategiaconcursos.com.br\/curso\/ager-mt-tecnico-administrativo-pacote-2023-pos-edital\/\" target=\"_blank\" rel=\"noreferrer noopener\">T\u00e9cnico Administrativo<\/a><\/strong> (m\u00e9dio): R$ 3,7 mil.<\/li>\n<\/ul>\n\n\n\n<div class=\"container\" id=\"boxes\">\n  <div class=\"row\">\n\n    <div class=\"col-sm\">\n      <div class=\"banner-estrategia\" id=\"box-assinatura\">\n        <h3 class=\"titulo-assinatura\">Cursos para Ager MT<\/h3>\n        <p class=\"subtitulo-assinatura\">Estude conosco<\/p>\n        <div class=\"box-botao\">\n          <a class=\"btn-assinatura\" target=\"_blank\" href=\"https:\/\/www.estrategiaconcursos.com.br\/cursosPorConcurso\/agencia-estadual-de-regulacao-dos-servicos-publicos-delegados-de-mato-grosso-ager-mt\/\" role=\"button\" rel=\"noopener noreferrer\">Conhe\u00e7a os cursos<\/a>\n        <\/div>\n      <\/div>\n     \n    <\/div>\n\n  <\/div>\n<\/div>\n\n\n\n<h2 class=\"wp-block-heading\" id=\"situacao\">Edital AGER MT: principais datas<\/h2>\n\n\n\n<ul class=\"wp-block-list\">\n<li><strong>Inscri\u00e7\u00f5es:<\/strong> <s>24\/02 a 15\/03\/2023<\/s><\/li>\n\n\n\n<li><strong>Isen\u00e7\u00e3o da taxa:<\/strong> <s>24\/02 a 02\/03<\/s><\/li>\n\n\n\n<li><strong>Pagamento da taxa:<\/strong> 17\/03\/2023<\/li>\n\n\n\n<li><strong>Data da prova:<\/strong> 30\/04\/2023<\/li>\n<\/ul>\n\n\n\n<h2 class=\"wp-block-heading\" id=\"vagas\">Edital AGER MT: distribui\u00e7\u00e3o das vagas<\/h2>\n\n\n\n<p>Confira abaixo a distribui\u00e7\u00e3o de vagas do edital AGER MT:<\/p>\n\n\n\n<h3 class=\"wp-block-heading\" id=\"medio\">N\u00edvel m\u00e9dio<\/h3>\n\n\n\n<ul class=\"wp-block-list\">\n<li><a href=\"https:\/\/www.estrategiaconcursos.com.br\/curso\/ager-mt-tecnico-administrativo-pacote-2023-pos-edital\/\" target=\"_blank\" rel=\"noreferrer noopener\">T\u00e9cnico Administrativo<\/a>: 1 CR &#8211; R$ 3.769,89<\/li>\n\n\n\n<li><a href=\"https:\/\/www.estrategiaconcursos.com.br\/curso\/ager-mt-inspetor-regulador-pacote-basico-2023-pos-edital\/\" target=\"_blank\" rel=\"noreferrer noopener\">Inspetor Regulador<\/a>: 30 CR &#8211; R$ 3.707,18<\/li>\n<\/ul>\n\n\n\n<h3 class=\"wp-block-heading\" id=\"superior\">N\u00edvel superior<\/h3>\n\n\n\n<ul class=\"wp-block-list\">\n<li><a href=\"https:\/\/www.estrategiaconcursos.com.br\/curso\/ager-mt-analista-administrativo-administracao-pacote-2023-pos-edital\/\" target=\"_blank\" rel=\"noreferrer noopener\">Analista Administrativo \u2013 Administra\u00e7\u00e3o<\/a>: 1 CR &#8211; R$ 7.153,53<\/li>\n\n\n\n<li><a href=\"https:\/\/www.estrategiaconcursos.com.br\/curso\/ager-mt-analista-administrativo-ciencias-contabeis-pacote-2023-pos-edital\/\" target=\"_blank\" rel=\"noreferrer noopener\">Analista Administrativo  Ci\u00eancias Cont\u00e1beis<\/a>: 1 CR &#8211; R$ 7.153,53<\/li>\n\n\n\n<li><a href=\"https:\/\/www.estrategiaconcursos.com.br\/curso\/ager-mt-analista-regulador-administracao-pacote-2023-pos-edital\/\" target=\"_blank\" rel=\"noreferrer noopener\">Analista Regulador \u2013 Administra\u00e7\u00e3o<\/a>: 1 CR &#8211; R$ 8.288,82<\/li>\n\n\n\n<li><a href=\"https:\/\/www.estrategiaconcursos.com.br\/curso\/ager-mt-analista-regulador-ciencias-contabeis-pacote-2023-pos-edital\/\" target=\"_blank\" rel=\"noreferrer noopener\">Analista Regulador \u2013 Ci\u00eancias Cont\u00e1beis<\/a>: 4 CR &#8211; R$ 8.288,82<\/li>\n\n\n\n<li><a href=\"https:\/\/www.estrategiaconcursos.com.br\/curso\/ager-mt-analista-regulador-ciencia-da-computacao-e-ou-sistemas-de-informacao-pacote-2023-pos-edital\/\" target=\"_blank\" rel=\"noreferrer noopener\">Analista Regulador \u2013 Ci\u00eancias da Computa\u00e7\u00e3o e(ou) Sistemas de Informa\u00e7\u00e3o<\/a>: 2 CR &#8211; R$ 8.288,82<\/li>\n\n\n\n<li><a href=\"https:\/\/www.estrategiaconcursos.com.br\/curso\/ager-mt-analista-regulador-direito-pacote-2023-pos-edital\/\" target=\"_blank\" rel=\"noreferrer noopener\">Analista Regulador \u2013 Direito<\/a>: 1 CR &#8211; R$ 8.288,82<\/li>\n\n\n\n<li><a href=\"https:\/\/www.estrategiaconcursos.com.br\/curso\/ager-mt-analista-regulador-economia-pacote-2023-pos-edital\/\" target=\"_blank\" rel=\"noreferrer noopener\">Analista Regulador \u2013 Economia<\/a>: 3 CR &#8211; R$ 8.288,82<\/li>\n\n\n\n<li><a href=\"https:\/\/www.estrategiaconcursos.com.br\/curso\/ager-mt-analista-regulador-engenharia-civil-pacote-2023-pos-edital\/\" target=\"_blank\" rel=\"noreferrer noopener\">Analista Regulador \u2013 Engenharia Civil<\/a>: 7 CR &#8211; R$ 8.288,82<\/li>\n\n\n\n<li>Analista Regulador \u2013 Engenharia El\u00e9trica: 1 CR &#8211; R$ 8.288,82<\/li>\n\n\n\n<li><a href=\"https:\/\/www.estrategiaconcursos.com.br\/curso\/ager-mt-analista-regulador-engenharia-sanitaria-pacote-2023-pos-edital\/\" target=\"_blank\" rel=\"noreferrer noopener\">Analista Regulador \u2013 Engenharia Sanit\u00e1ria<\/a>: 3 CR &#8211; R$ 8.288,82<\/li>\n<\/ul>\n\n\n\n<h2 class=\"wp-block-heading\" id=\"etapas\">Edital AGER MT: etapas<\/h2>\n\n\n\n<p>Os candidatos ser\u00e3o avaliados pelas seguintes etapas:<\/p>\n\n\n\n<ul class=\"wp-block-list\">\n<li><strong>Prova objetiva<\/strong>, de car\u00e1ter eliminat\u00f3rio e classificat\u00f3rio, para todos os cargos;<\/li>\n\n\n\n<li><strong>Prova discursiva<\/strong>, de car\u00e1ter eliminat\u00f3rio e classificat\u00f3rio, para todos os cargos;<\/li>\n\n\n\n<li><strong>Avalia\u00e7\u00e3o de t\u00edtulos<\/strong>, de car\u00e1ter classificat\u00f3rio, para os cargos de Analista Regulador e Inspetor Regulador.<\/li>\n<\/ul>\n\n\n\n<h3 class=\"wp-block-heading\" id=\"objetiva\">Prova objetiva<\/h3>\n\n\n\n<p>As provas objetivas e discursivas ter\u00e3o a dura\u00e7\u00e3o de 5 horas e ser\u00e3o aplicadas na data prov\u00e1vel de&nbsp;<strong>30 de abril<\/strong>.<\/p>\n\n\n\n<p><strong>Analista Administrativo:<\/strong><\/p>\n\n\n\n<figure class=\"wp-block-image aligncenter size-full\"><img loading=\"lazy\" decoding=\"async\" width=\"927\" height=\"82\" src=\"https:\/\/dhg1h5j42swfq.cloudfront.net\/2023\/02\/01062458\/image.png\" alt=\"Edital Ager MT: etapas\" class=\"wp-image-1162461\" srcset=\"https:\/\/dhg1h5j42swfq.cloudfront.net\/2023\/02\/01062458\/image.png 927w, https:\/\/dhg1h5j42swfq.cloudfront.net\/2023\/02\/01062458\/image-300x27.png 300w, https:\/\/dhg1h5j42swfq.cloudfront.net\/2023\/02\/01062458\/image-768x68.png 768w, https:\/\/dhg1h5j42swfq.cloudfront.net\/2023\/02\/01062458\/image-610x54.png 610w, https:\/\/dhg1h5j42swfq.cloudfront.net\/2023\/02\/01062458\/image-150x13.png 150w\" sizes=\"auto, (max-width: 927px) 100vw, 927px\" \/><\/figure>\n\n\n\n<p><strong>Analista Regulador: <\/strong><\/p>\n\n\n\n<figure class=\"wp-block-image aligncenter size-full\"><img loading=\"lazy\" decoding=\"async\" width=\"924\" height=\"109\" src=\"https:\/\/dhg1h5j42swfq.cloudfront.net\/2023\/02\/01062532\/image-1.png\" alt=\"Edital Ager MT: etapas\" class=\"wp-image-1162462\" srcset=\"https:\/\/dhg1h5j42swfq.cloudfront.net\/2023\/02\/01062532\/image-1.png 924w, https:\/\/dhg1h5j42swfq.cloudfront.net\/2023\/02\/01062532\/image-1-300x35.png 300w, https:\/\/dhg1h5j42swfq.cloudfront.net\/2023\/02\/01062532\/image-1-768x91.png 768w, https:\/\/dhg1h5j42swfq.cloudfront.net\/2023\/02\/01062532\/image-1-610x72.png 610w, https:\/\/dhg1h5j42swfq.cloudfront.net\/2023\/02\/01062532\/image-1-150x18.png 150w\" sizes=\"auto, (max-width: 924px) 100vw, 924px\" \/><\/figure>\n\n\n\n<p><strong>T\u00e9cnico Administrativo:<\/strong><\/p>\n\n\n\n<figure class=\"wp-block-image aligncenter size-full\"><img loading=\"lazy\" decoding=\"async\" width=\"923\" height=\"85\" src=\"https:\/\/dhg1h5j42swfq.cloudfront.net\/2023\/02\/01062625\/image-2.png\" alt=\"Edital Ager MT: etapas\" class=\"wp-image-1162463\" srcset=\"https:\/\/dhg1h5j42swfq.cloudfront.net\/2023\/02\/01062625\/image-2.png 923w, https:\/\/dhg1h5j42swfq.cloudfront.net\/2023\/02\/01062625\/image-2-300x28.png 300w, https:\/\/dhg1h5j42swfq.cloudfront.net\/2023\/02\/01062625\/image-2-768x71.png 768w, https:\/\/dhg1h5j42swfq.cloudfront.net\/2023\/02\/01062625\/image-2-610x56.png 610w, https:\/\/dhg1h5j42swfq.cloudfront.net\/2023\/02\/01062625\/image-2-150x14.png 150w\" sizes=\"auto, (max-width: 923px) 100vw, 923px\" \/><\/figure>\n\n\n\n<p><strong>Inspetor Regulador:<\/strong><\/p>\n\n\n\n<figure class=\"wp-block-image aligncenter size-full\"><img loading=\"lazy\" decoding=\"async\" width=\"921\" height=\"104\" src=\"https:\/\/dhg1h5j42swfq.cloudfront.net\/2023\/02\/01062701\/image-3.png\" alt=\"Edital Ager MT: etapas\" class=\"wp-image-1162464\" srcset=\"https:\/\/dhg1h5j42swfq.cloudfront.net\/2023\/02\/01062701\/image-3.png 921w, https:\/\/dhg1h5j42swfq.cloudfront.net\/2023\/02\/01062701\/image-3-300x34.png 300w, https:\/\/dhg1h5j42swfq.cloudfront.net\/2023\/02\/01062701\/image-3-768x87.png 768w, https:\/\/dhg1h5j42swfq.cloudfront.net\/2023\/02\/01062701\/image-3-610x69.png 610w, https:\/\/dhg1h5j42swfq.cloudfront.net\/2023\/02\/01062701\/image-3-150x17.png 150w\" sizes=\"auto, (max-width: 921px) 100vw, 921px\" \/><\/figure>\n\n\n\n<h3 class=\"wp-block-heading\" id=\"discursiva\">Prova discursiva<\/h3>\n\n\n\n<p>A prova discursiva valer\u00e1 um total de 40,00 pontos e consistir\u00e1 de:<\/p>\n\n\n\n<ul class=\"wp-block-list\">\n<li>Para os cargos de Analista Administrativo e de Analista Regulador: quatro quest\u00f5es, a respeito de temas relacionados a conhecimentos espec\u00edficos do cargo\/perfil, a serem respondidas em at\u00e9 10 linhas cada, no valor de 10,00 pontos cada, totalizando 40,00 pontos;<\/li>\n\n\n\n<li>Para os cargos de T\u00e9cnico Administrativo e de Inspetor Regulador: reda\u00e7\u00e3o de texto dissertativo, de at\u00e9 30 linhas, a respeito de temas relacionados<br \/>a Atualidades, no valor de 40,00 pontos.<\/li>\n<\/ul>\n\n\n\n<h3 class=\"wp-block-heading\" id=\"titulos\">Prova de t\u00edtulos<\/h3>\n\n\n\n<p>Ser\u00e3o convocados para a avalia\u00e7\u00e3o de t\u00edtulos os candidatos aos cargos de Analista Regulador e de Inspetor Regulador classificados na prova discursiva.<\/p>\n\n\n\n<p>Somente ser\u00e3o aceitos os t\u00edtulos abaixo relacionados, expedidos at\u00e9 a data de envio, observados os limites de pontos dos quadros a seguir:<\/p>\n\n\n\n<p><strong>PARA O CARGO DE ANALISTA REGULADOR:<\/strong><\/p>\n\n\n\n<figure class=\"wp-block-image aligncenter size-full\"><img loading=\"lazy\" decoding=\"async\" width=\"682\" height=\"406\" src=\"https:\/\/dhg1h5j42swfq.cloudfront.net\/2023\/02\/01111140\/image-8.png\" alt=\"Prova de t\u00edtulos do edital Ager MT\" class=\"wp-image-1162762\" srcset=\"https:\/\/dhg1h5j42swfq.cloudfront.net\/2023\/02\/01111140\/image-8.png 682w, https:\/\/dhg1h5j42swfq.cloudfront.net\/2023\/02\/01111140\/image-8-300x179.png 300w, https:\/\/dhg1h5j42swfq.cloudfront.net\/2023\/02\/01111140\/image-8-610x363.png 610w, https:\/\/dhg1h5j42swfq.cloudfront.net\/2023\/02\/01111140\/image-8-150x89.png 150w\" sizes=\"auto, (max-width: 682px) 100vw, 682px\" \/><\/figure>\n\n\n\n<p><strong>PARA O CARGO DE INSPETOR REGULADOR:<\/strong><\/p>\n\n\n\n<figure class=\"wp-block-image aligncenter size-full\"><img loading=\"lazy\" decoding=\"async\" width=\"684\" height=\"485\" src=\"https:\/\/dhg1h5j42swfq.cloudfront.net\/2023\/02\/01111241\/image-9.png\" alt=\"Prova de t\u00edtulos do edital Ager MT\" class=\"wp-image-1162764\" srcset=\"https:\/\/dhg1h5j42swfq.cloudfront.net\/2023\/02\/01111241\/image-9.png 684w, https:\/\/dhg1h5j42swfq.cloudfront.net\/2023\/02\/01111241\/image-9-300x213.png 300w, https:\/\/dhg1h5j42swfq.cloudfront.net\/2023\/02\/01111241\/image-9-610x433.png 610w, https:\/\/dhg1h5j42swfq.cloudfront.net\/2023\/02\/01111241\/image-9-150x106.png 150w\" sizes=\"auto, (max-width: 684px) 100vw, 684px\" \/><\/figure>\n\n\n\n<p class=\"has-text-align-center\"><em>Para ficar por dentro de todas as informa\u00e7\u00f5es sobre o concurso AGER MT, n\u00e3o deixe de conferir nosso artigo completo sobre o edital:<\/em><\/p>\n\n\n\n<p class=\"has-text-align-center has-background has-medium-font-size\" style=\"background-color:#e9edf1\"><strong>Mais informa\u00e7\u00f5es: <a href=\"https:\/\/www.estrategiaconcursos.com.br\/blog\/concurso-ager-mt\/\" target=\"_blank\" rel=\"noreferrer noopener\">Concurso AGER MT<\/a><\/strong><\/p>\n\n\n\n<hr class=\"wp-block-separator has-css-opacity\"\/>\n\n\n\n<h2 class=\"has-text-align-center wp-block-heading\" id=\"cursos\"><em>Quer estudar para o concurso AGER MT?<\/em><\/h2>\n\n\n\n<div class=\"container\" id=\"boxes\">\n  <div class=\"row\">\n\n    <div class=\"col-sm\">\n      <div class=\"banner-estrategia\" id=\"box-assinatura\">\n        <h3 class=\"titulo-assinatura\">Cursos para Ager MT<\/h3>\n        <p class=\"subtitulo-assinatura\">Estude conosco<\/p>\n        <div class=\"box-botao\">\n          <a class=\"btn-assinatura\" target=\"_blank\" href=\"https:\/\/www.estrategiaconcursos.com.br\/cursosPorConcurso\/agencia-estadual-de-regulacao-dos-servicos-publicos-delegados-de-mato-grosso-ager-mt\/\" role=\"button\" rel=\"noopener noreferrer\">Conhe\u00e7a os cursos<\/a>\n        <\/div>\n      <\/div>\n     \n    <\/div>\n\n  <\/div>\n<\/div>\n\n\n\n<div class=\"container\" id=\"boxes\">\n  <div class=\"row\">\n\n    <div class=\"col-sm\">\n      <div class=\"estrategia\" id=\"box-assinatura\">\n        <h3 class=\"titulo-assinatura\">Assinatura Concursos<\/h3>\n        <p class=\"subtitulo-assinatura\">Assinatura de 1 ano ou 2 anos<\/p>\n        <div class=\"box-botao\">\n          <a class=\"btn-assinatura\" target=\"_blank\" href=\"https:\/\/www.estrategiaconcursos.com.br\/assinaturas\/\" role=\"button\" rel=\"noopener noreferrer\">ASSINE AGORA<\/a>\n        <\/div>\n      <\/div><\/div><\/div><\/div>\n\n\n\n<h2 class=\"has-text-align-center wp-block-heading\" id=\"h-quer-saber-tudo-sobre-concursos-previstos-confira-nossos-artigos\">Quer saber tudo sobre concursos previstos?<br \/>Confira nossos artigos!<\/h2>\n\n\n\n<ul class=\"wp-block-list\">\n<li><a href=\"https:\/\/www.estrategiaconcursos.com.br\/blog\/concursos-abertos\/\" target=\"_blank\" rel=\"noreferrer noopener\">Concursos Abertos<\/a><\/li>\n\n\n\n<li><a href=\"https:\/\/www.estrategiaconcursos.com.br\/blog\/concursos-2023\/\" target=\"_blank\" rel=\"noreferrer noopener\">Concursos 2023<\/a><\/li>\n<\/ul>\n\n\n\n<figure class=\"wp-block-image is-resized\"><img loading=\"lazy\" decoding=\"async\" src=\"https:\/\/dhg1h5j42swfq.cloudfront.net\/2021\/04\/27084917\/ficha-tecnica-173-1024x632.png\" alt=\"Ficha T\u00e9cnica edital Ager MT\" class=\"wp-image-724003\" width=\"284\" height=\"175\" srcset=\"https:\/\/dhg1h5j42swfq.cloudfront.net\/2021\/04\/27084917\/ficha-tecnica-173-1024x632.png 1024w, https:\/\/dhg1h5j42swfq.cloudfront.net\/2021\/04\/27084917\/ficha-tecnica-173-300x185.png 300w, https:\/\/dhg1h5j42swfq.cloudfront.net\/2021\/04\/27084917\/ficha-tecnica-173-768x474.png 768w, https:\/\/dhg1h5j42swfq.cloudfront.net\/2021\/04\/27084917\/ficha-tecnica-173-1536x948.png 1536w, https:\/\/dhg1h5j42swfq.cloudfront.net\/2021\/04\/27084917\/ficha-tecnica-173-610x377.png 610w, https:\/\/dhg1h5j42swfq.cloudfront.net\/2021\/04\/27084917\/ficha-tecnica-173.png 1571w\" sizes=\"auto, (max-width: 284px) 100vw, 284px\" \/><\/figure>\n\n\n\n<h3 class=\"wp-block-heading\" id=\"ficha\">Informa\u00e7\u00f5es do&nbsp;Edital AGER MT<\/h3>\n\n\n\n<ul class=\"wp-block-list\">\n<li><strong>Data da prova:<\/strong>&nbsp;30\/04\/2023<\/li>\n\n\n\n<li><strong>Vagas<\/strong>: 55 CR<\/li>\n\n\n\n<li><strong>Cargos<\/strong>: Analista, T\u00e9cnico e Inspetor<\/li>\n\n\n\n<li><strong>Banca<\/strong>: Cebraspe<\/li>\n\n\n\n<li><strong>Escolaridade<\/strong>: N\u00edvel m\u00e9dio e superior<\/li>\n\n\n\n<li><strong>Edital:<\/strong>&nbsp;<a href=\"https:\/\/dhg1h5j42swfq.cloudfront.net\/2023\/02\/01105901\/ed_1_2023_ager_mt_abertura.pdf\" target=\"_blank\" rel=\"noreferrer noopener nofollow\">Concurso AGER MT 2023<\/a> | <a href=\"https:\/\/dhg1h5j42swfq.cloudfront.net\/2023\/02\/24112442\/ed_2_2023_ager_mt_retificao.pdf\" target=\"_blank\" rel=\"noreferrer noopener nofollow\">Retifica\u00e7\u00e3o<\/a><\/li>\n<\/ul>\n","protected":false},"excerpt":{"rendered":"<p>Est\u00e3o oficialmente encerradas as inscri\u00e7\u00f5es do edital AGER MT (Ag\u00eancia Estadual de Regula\u00e7\u00e3o dos Servi\u00e7os P\u00fablicos Delegados de Mato Grosso). A pr\u00f3xima etapa ser\u00e1 a realiza\u00e7\u00e3o das provas objetivas e discursivas no dia 30 de abril. Vale lembrar que o edital oferta 55 oportunidades para forma\u00e7\u00e3o de cadastro de reserva para fun\u00e7\u00f5es de n\u00edveis m\u00e9dio [&hellip;]<\/p>\n","protected":false},"author":656,"featured_media":728272,"comment_status":"open","ping_status":"closed","sticky":false,"template":"","format":"standard","meta":{"post_tipo":"news","footnotes":""},"categories":[214992,220219],"tags":[],"tax_estado":[219976],"class_list":["post-1146041","post","type-post","status-publish","format-standard","has-post-thumbnail","hentry","category-concursos-administrativos","category-noticias","tax_estado-mt"],"acf":[],"yoast_head":"<!-- This site is optimized with the Yoast SEO Premium plugin v27.2 (Yoast SEO v27.2) - https:\/\/yoast.com\/product\/yoast-seo-premium-wordpress\/ -->\n<title>Edital AGER MT: inscri\u00e7\u00f5es encerradas e provas em abril!<\/title>\n<meta name=\"description\" content=\"Edital AGER MT: Inscri\u00e7\u00f5es encerradas e provas em 30\/04. Oportunidades para m\u00e9dio e superior. Iniciais de at\u00e9 R$ 8,2 mil.\" \/>\n<meta name=\"robots\" content=\"index, follow, max-snippet:-1, max-image-preview:large, max-video-preview:-1\" \/>\n<link rel=\"canonical\" href=\"https:\/\/www.estrategiaconcursos.com.br\/blog\/concurso-ager-mt-edital-publicado\/\" \/>\n<meta property=\"og:locale\" content=\"pt_BR\" \/>\n<meta property=\"og:type\" content=\"article\" \/>\n<meta property=\"og:title\" content=\"Edital AGER MT: inscri\u00e7\u00f5es encerradas e provas em abril!\" \/>\n<meta property=\"og:description\" content=\"Edital AGER MT: Inscri\u00e7\u00f5es encerradas e provas em 30\/04. Oportunidades para m\u00e9dio e superior. Iniciais de at\u00e9 R$ 8,2 mil.\" \/>\n<meta property=\"og:url\" content=\"https:\/\/www.estrategiaconcursos.com.br\/blog\/concurso-ager-mt-edital-publicado\/\" \/>\n<meta property=\"og:site_name\" content=\"Estrat\u00e9gia Concursos\" \/>\n<meta property=\"article:published_time\" content=\"2023-03-15T21:00:00+00:00\" \/>\n<meta property=\"article:modified_time\" content=\"2023-03-16T11:11:38+00:00\" \/>\n<meta property=\"og:image\" content=\"https:\/\/dhg1h5j42swfq.cloudfront.net\/2021\/04\/30153827\/ager-mt.jpg\" \/>\n\t<meta property=\"og:image:width\" content=\"768\" \/>\n\t<meta property=\"og:image:height\" content=\"432\" \/>\n\t<meta property=\"og:image:type\" content=\"image\/jpeg\" \/>\n<meta name=\"author\" content=\"F\u00e1bio Scaldelai\" \/>\n<meta name=\"twitter:card\" content=\"summary_large_image\" \/>\n<meta name=\"twitter:creator\" content=\"@EstratConcursos\" \/>\n<meta name=\"twitter:site\" content=\"@EstratConcursos\" \/>\n<meta name=\"twitter:label1\" content=\"Escrito por\" \/>\n\t<meta name=\"twitter:data1\" content=\"F\u00e1bio Scaldelai\" \/>\n\t<meta name=\"twitter:label2\" content=\"Est. tempo de leitura\" \/>\n\t<meta name=\"twitter:data2\" content=\"3 minutos\" \/>\n<script type=\"application\/ld+json\" class=\"yoast-schema-graph\">{\"@context\":\"https:\/\/schema.org\",\"@graph\":[{\"@type\":\"NewsArticle\",\"@id\":\"https:\/\/www.estrategiaconcursos.com.br\/blog\/concurso-ager-mt-edital-publicado\/#article\",\"isPartOf\":{\"@id\":\"https:\/\/www.estrategiaconcursos.com.br\/blog\/concurso-ager-mt-edital-publicado\/\"},\"author\":{\"name\":\"F\u00e1bio Scaldelai\",\"@id\":\"https:\/\/www.estrategiaconcursos.com.br\/blog\/#\/schema\/person\/e3b6b7ce0192dd4ad270655969d61750\"},\"headline\":\"Edital AGER MT: inscri\u00e7\u00f5es encerradas e provas em abril!\",\"datePublished\":\"2023-03-15T21:00:00+00:00\",\"dateModified\":\"2023-03-16T11:11:38+00:00\",\"mainEntityOfPage\":{\"@id\":\"https:\/\/www.estrategiaconcursos.com.br\/blog\/concurso-ager-mt-edital-publicado\/\"},\"wordCount\":600,\"commentCount\":0,\"publisher\":{\"@id\":\"https:\/\/www.estrategiaconcursos.com.br\/blog\/#organization\"},\"image\":{\"@id\":\"https:\/\/www.estrategiaconcursos.com.br\/blog\/concurso-ager-mt-edital-publicado\/#primaryimage\"},\"thumbnailUrl\":\"https:\/\/dhg1h5j42swfq.cloudfront.net\/2021\/04\/30153827\/ager-mt.jpg\",\"articleSection\":[\"Executivo (Administrativa)\",\"\u00daltimas not\u00edcias\"],\"inLanguage\":\"pt-BR\",\"potentialAction\":[{\"@type\":\"CommentAction\",\"name\":\"Comment\",\"target\":[\"https:\/\/www.estrategiaconcursos.com.br\/blog\/concurso-ager-mt-edital-publicado\/#respond\"]}],\"copyrightYear\":\"2023\",\"copyrightHolder\":{\"@id\":\"https:\/\/www.estrategiaconcursos.com.br\/blog\/#organization\"}},{\"@type\":\"WebPage\",\"@id\":\"https:\/\/www.estrategiaconcursos.com.br\/blog\/concurso-ager-mt-edital-publicado\/\",\"url\":\"https:\/\/www.estrategiaconcursos.com.br\/blog\/concurso-ager-mt-edital-publicado\/\",\"name\":\"Edital AGER MT: inscri\u00e7\u00f5es encerradas e provas em abril!\",\"isPartOf\":{\"@id\":\"https:\/\/www.estrategiaconcursos.com.br\/blog\/#website\"},\"primaryImageOfPage\":{\"@id\":\"https:\/\/www.estrategiaconcursos.com.br\/blog\/concurso-ager-mt-edital-publicado\/#primaryimage\"},\"image\":{\"@id\":\"https:\/\/www.estrategiaconcursos.com.br\/blog\/concurso-ager-mt-edital-publicado\/#primaryimage\"},\"thumbnailUrl\":\"https:\/\/dhg1h5j42swfq.cloudfront.net\/2021\/04\/30153827\/ager-mt.jpg\",\"datePublished\":\"2023-03-15T21:00:00+00:00\",\"dateModified\":\"2023-03-16T11:11:38+00:00\",\"description\":\"Edital AGER MT: Inscri\u00e7\u00f5es encerradas e provas em 30\/04. Oportunidades para m\u00e9dio e superior. Iniciais de at\u00e9 R$ 8,2 mil.\",\"breadcrumb\":{\"@id\":\"https:\/\/www.estrategiaconcursos.com.br\/blog\/concurso-ager-mt-edital-publicado\/#breadcrumb\"},\"inLanguage\":\"pt-BR\",\"potentialAction\":[{\"@type\":\"ReadAction\",\"target\":[\"https:\/\/www.estrategiaconcursos.com.br\/blog\/concurso-ager-mt-edital-publicado\/\"]}]},{\"@type\":\"ImageObject\",\"inLanguage\":\"pt-BR\",\"@id\":\"https:\/\/www.estrategiaconcursos.com.br\/blog\/concurso-ager-mt-edital-publicado\/#primaryimage\",\"url\":\"https:\/\/dhg1h5j42swfq.cloudfront.net\/2021\/04\/30153827\/ager-mt.jpg\",\"contentUrl\":\"https:\/\/dhg1h5j42swfq.cloudfront.net\/2021\/04\/30153827\/ager-mt.jpg\",\"width\":768,\"height\":432,\"caption\":\"Concurso AGER MT gabaritos preliminares\"},{\"@type\":\"BreadcrumbList\",\"@id\":\"https:\/\/www.estrategiaconcursos.com.br\/blog\/concurso-ager-mt-edital-publicado\/#breadcrumb\",\"itemListElement\":[{\"@type\":\"ListItem\",\"position\":1,\"name\":\"In\u00edcio\",\"item\":\"https:\/\/www.estrategiaconcursos.com.br\/blog\/\"},{\"@type\":\"ListItem\",\"position\":2,\"name\":\"Edital AGER MT: inscri\u00e7\u00f5es encerradas e provas em abril!\"}]},{\"@type\":\"WebSite\",\"@id\":\"https:\/\/www.estrategiaconcursos.com.br\/blog\/#website\",\"url\":\"https:\/\/www.estrategiaconcursos.com.br\/blog\/\",\"name\":\"Estrat\u00e9gia Concursos\",\"description\":\"O blog da Estrat\u00e9gia Concursos traz not\u00edcias sobre concursos e artigos de professores oferecendo cursos para concursos (pdf + videaulas) no site.\",\"publisher\":{\"@id\":\"https:\/\/www.estrategiaconcursos.com.br\/blog\/#organization\"},\"potentialAction\":[{\"@type\":\"SearchAction\",\"target\":{\"@type\":\"EntryPoint\",\"urlTemplate\":\"https:\/\/www.estrategiaconcursos.com.br\/blog\/?s={search_term_string}\"},\"query-input\":{\"@type\":\"PropertyValueSpecification\",\"valueRequired\":true,\"valueName\":\"search_term_string\"}}],\"inLanguage\":\"pt-BR\"},{\"@type\":\"Organization\",\"@id\":\"https:\/\/www.estrategiaconcursos.com.br\/blog\/#organization\",\"name\":\"Estrat\u00e9gia Concursos\",\"url\":\"https:\/\/www.estrategiaconcursos.com.br\/blog\/\",\"logo\":{\"@type\":\"ImageObject\",\"inLanguage\":\"pt-BR\",\"@id\":\"https:\/\/www.estrategiaconcursos.com.br\/blog\/#\/schema\/logo\/image\/\",\"url\":\"https:\/\/dhg1h5j42swfq.cloudfront.net\/2025\/06\/03203428\/logo_concursos-1.jpg\",\"contentUrl\":\"https:\/\/dhg1h5j42swfq.cloudfront.net\/2025\/06\/03203428\/logo_concursos-1.jpg\",\"width\":230,\"height\":60,\"caption\":\"Estrat\u00e9gia Concursos\"},\"image\":{\"@id\":\"https:\/\/www.estrategiaconcursos.com.br\/blog\/#\/schema\/logo\/image\/\"},\"sameAs\":[\"https:\/\/x.com\/EstratConcursos\"]},{\"@type\":\"Person\",\"@id\":\"https:\/\/www.estrategiaconcursos.com.br\/blog\/#\/schema\/person\/e3b6b7ce0192dd4ad270655969d61750\",\"name\":\"F\u00e1bio Scaldelai\",\"image\":{\"@type\":\"ImageObject\",\"inLanguage\":\"pt-BR\",\"@id\":\"https:\/\/secure.gravatar.com\/avatar\/8ed7492c4d88d8495bc0cb24cda6847b8ae23eec459a919e08e77d0ca0fd79ec?s=96&d=mm&r=g\",\"url\":\"https:\/\/secure.gravatar.com\/avatar\/8ed7492c4d88d8495bc0cb24cda6847b8ae23eec459a919e08e77d0ca0fd79ec?s=96&d=mm&r=g\",\"contentUrl\":\"https:\/\/secure.gravatar.com\/avatar\/8ed7492c4d88d8495bc0cb24cda6847b8ae23eec459a919e08e77d0ca0fd79ec?s=96&d=mm&r=g\",\"caption\":\"F\u00e1bio Scaldelai\"},\"description\":\"Jornalista no Estrat\u00e9gia Concursos e Produtor de Televis\u00e3o, formado em Jornalismo, R\u00e1dio e TV pela Faculdade Integrada Rio Branco, com especializa\u00e7\u00f5es em Gest\u00e3o Empresarial e Marketing pelo M\u00f3dulo. Atuou como produtor no SBT, TV Bandeirantes e R\u00e1dio Band FM, al\u00e9m de acumular tr\u00eas anos de experi\u00eancia no setor de concursos p\u00fablicos pela LFG (Luiz Fl\u00e1vio Gomes). No Estrat\u00e9gia Concursos, atua na apura\u00e7\u00e3o de not\u00edcias da \u00e1rea fiscal, al\u00e9m de coberturas sobre concursos das \u00e1reas de controle (TCU, TCE, etc), concurso AFT, \u00e1rea de gest\u00e3o e administrativa, bem como dos \u00f3rg\u00e3os participantes do CNU. Tamb\u00e9m possui experi\u00eancia em link building e an\u00e1lise de m\u00eddia, adquirida durante sua atua\u00e7\u00e3o na ag\u00eancia SEO Marketing.\",\"url\":\"https:\/\/www.estrategiaconcursos.com.br\/blog\/author\/fabio-scaldelaiestrategiaconcursos-com-br\/\"}]}<\/script>\n<!-- \/ Yoast SEO Premium plugin. -->","yoast_head_json":{"title":"Edital AGER MT: inscri\u00e7\u00f5es encerradas e provas em abril!","description":"Edital AGER MT: Inscri\u00e7\u00f5es encerradas e provas em 30\/04. Oportunidades para m\u00e9dio e superior. Iniciais de at\u00e9 R$ 8,2 mil.","robots":{"index":"index","follow":"follow","max-snippet":"max-snippet:-1","max-image-preview":"max-image-preview:large","max-video-preview":"max-video-preview:-1"},"canonical":"https:\/\/www.estrategiaconcursos.com.br\/blog\/concurso-ager-mt-edital-publicado\/","og_locale":"pt_BR","og_type":"article","og_title":"Edital AGER MT: inscri\u00e7\u00f5es encerradas e provas em abril!","og_description":"Edital AGER MT: Inscri\u00e7\u00f5es encerradas e provas em 30\/04. Oportunidades para m\u00e9dio e superior. Iniciais de at\u00e9 R$ 8,2 mil.","og_url":"https:\/\/www.estrategiaconcursos.com.br\/blog\/concurso-ager-mt-edital-publicado\/","og_site_name":"Estrat\u00e9gia Concursos","article_published_time":"2023-03-15T21:00:00+00:00","article_modified_time":"2023-03-16T11:11:38+00:00","og_image":[{"width":768,"height":432,"url":"https:\/\/dhg1h5j42swfq.cloudfront.net\/2021\/04\/30153827\/ager-mt.jpg","type":"image\/jpeg"}],"author":"F\u00e1bio Scaldelai","twitter_card":"summary_large_image","twitter_creator":"@EstratConcursos","twitter_site":"@EstratConcursos","twitter_misc":{"Escrito por":"F\u00e1bio Scaldelai","Est. tempo de leitura":"3 minutos"},"schema":{"@context":"https:\/\/schema.org","@graph":[{"@type":"NewsArticle","@id":"https:\/\/www.estrategiaconcursos.com.br\/blog\/concurso-ager-mt-edital-publicado\/#article","isPartOf":{"@id":"https:\/\/www.estrategiaconcursos.com.br\/blog\/concurso-ager-mt-edital-publicado\/"},"author":{"name":"F\u00e1bio Scaldelai","@id":"https:\/\/www.estrategiaconcursos.com.br\/blog\/#\/schema\/person\/e3b6b7ce0192dd4ad270655969d61750"},"headline":"Edital AGER MT: inscri\u00e7\u00f5es encerradas e provas em abril!","datePublished":"2023-03-15T21:00:00+00:00","dateModified":"2023-03-16T11:11:38+00:00","mainEntityOfPage":{"@id":"https:\/\/www.estrategiaconcursos.com.br\/blog\/concurso-ager-mt-edital-publicado\/"},"wordCount":600,"commentCount":0,"publisher":{"@id":"https:\/\/www.estrategiaconcursos.com.br\/blog\/#organization"},"image":{"@id":"https:\/\/www.estrategiaconcursos.com.br\/blog\/concurso-ager-mt-edital-publicado\/#primaryimage"},"thumbnailUrl":"https:\/\/dhg1h5j42swfq.cloudfront.net\/2021\/04\/30153827\/ager-mt.jpg","articleSection":["Executivo (Administrativa)","\u00daltimas not\u00edcias"],"inLanguage":"pt-BR","potentialAction":[{"@type":"CommentAction","name":"Comment","target":["https:\/\/www.estrategiaconcursos.com.br\/blog\/concurso-ager-mt-edital-publicado\/#respond"]}],"copyrightYear":"2023","copyrightHolder":{"@id":"https:\/\/www.estrategiaconcursos.com.br\/blog\/#organization"}},{"@type":"WebPage","@id":"https:\/\/www.estrategiaconcursos.com.br\/blog\/concurso-ager-mt-edital-publicado\/","url":"https:\/\/www.estrategiaconcursos.com.br\/blog\/concurso-ager-mt-edital-publicado\/","name":"Edital AGER MT: inscri\u00e7\u00f5es encerradas e provas em abril!","isPartOf":{"@id":"https:\/\/www.estrategiaconcursos.com.br\/blog\/#website"},"primaryImageOfPage":{"@id":"https:\/\/www.estrategiaconcursos.com.br\/blog\/concurso-ager-mt-edital-publicado\/#primaryimage"},"image":{"@id":"https:\/\/www.estrategiaconcursos.com.br\/blog\/concurso-ager-mt-edital-publicado\/#primaryimage"},"thumbnailUrl":"https:\/\/dhg1h5j42swfq.cloudfront.net\/2021\/04\/30153827\/ager-mt.jpg","datePublished":"2023-03-15T21:00:00+00:00","dateModified":"2023-03-16T11:11:38+00:00","description":"Edital AGER MT: Inscri\u00e7\u00f5es encerradas e provas em 30\/04. Oportunidades para m\u00e9dio e superior. Iniciais de at\u00e9 R$ 8,2 mil.","breadcrumb":{"@id":"https:\/\/www.estrategiaconcursos.com.br\/blog\/concurso-ager-mt-edital-publicado\/#breadcrumb"},"inLanguage":"pt-BR","potentialAction":[{"@type":"ReadAction","target":["https:\/\/www.estrategiaconcursos.com.br\/blog\/concurso-ager-mt-edital-publicado\/"]}]},{"@type":"ImageObject","inLanguage":"pt-BR","@id":"https:\/\/www.estrategiaconcursos.com.br\/blog\/concurso-ager-mt-edital-publicado\/#primaryimage","url":"https:\/\/dhg1h5j42swfq.cloudfront.net\/2021\/04\/30153827\/ager-mt.jpg","contentUrl":"https:\/\/dhg1h5j42swfq.cloudfront.net\/2021\/04\/30153827\/ager-mt.jpg","width":768,"height":432,"caption":"Concurso AGER MT gabaritos preliminares"},{"@type":"BreadcrumbList","@id":"https:\/\/www.estrategiaconcursos.com.br\/blog\/concurso-ager-mt-edital-publicado\/#breadcrumb","itemListElement":[{"@type":"ListItem","position":1,"name":"In\u00edcio","item":"https:\/\/www.estrategiaconcursos.com.br\/blog\/"},{"@type":"ListItem","position":2,"name":"Edital AGER MT: inscri\u00e7\u00f5es encerradas e provas em abril!"}]},{"@type":"WebSite","@id":"https:\/\/www.estrategiaconcursos.com.br\/blog\/#website","url":"https:\/\/www.estrategiaconcursos.com.br\/blog\/","name":"Estrat\u00e9gia Concursos","description":"O blog da Estrat\u00e9gia Concursos traz not\u00edcias sobre concursos e artigos de professores oferecendo cursos para concursos (pdf + videaulas) no site.","publisher":{"@id":"https:\/\/www.estrategiaconcursos.com.br\/blog\/#organization"},"potentialAction":[{"@type":"SearchAction","target":{"@type":"EntryPoint","urlTemplate":"https:\/\/www.estrategiaconcursos.com.br\/blog\/?s={search_term_string}"},"query-input":{"@type":"PropertyValueSpecification","valueRequired":true,"valueName":"search_term_string"}}],"inLanguage":"pt-BR"},{"@type":"Organization","@id":"https:\/\/www.estrategiaconcursos.com.br\/blog\/#organization","name":"Estrat\u00e9gia Concursos","url":"https:\/\/www.estrategiaconcursos.com.br\/blog\/","logo":{"@type":"ImageObject","inLanguage":"pt-BR","@id":"https:\/\/www.estrategiaconcursos.com.br\/blog\/#\/schema\/logo\/image\/","url":"https:\/\/dhg1h5j42swfq.cloudfront.net\/2025\/06\/03203428\/logo_concursos-1.jpg","contentUrl":"https:\/\/dhg1h5j42swfq.cloudfront.net\/2025\/06\/03203428\/logo_concursos-1.jpg","width":230,"height":60,"caption":"Estrat\u00e9gia Concursos"},"image":{"@id":"https:\/\/www.estrategiaconcursos.com.br\/blog\/#\/schema\/logo\/image\/"},"sameAs":["https:\/\/x.com\/EstratConcursos"]},{"@type":"Person","@id":"https:\/\/www.estrategiaconcursos.com.br\/blog\/#\/schema\/person\/e3b6b7ce0192dd4ad270655969d61750","name":"F\u00e1bio Scaldelai","image":{"@type":"ImageObject","inLanguage":"pt-BR","@id":"https:\/\/secure.gravatar.com\/avatar\/8ed7492c4d88d8495bc0cb24cda6847b8ae23eec459a919e08e77d0ca0fd79ec?s=96&d=mm&r=g","url":"https:\/\/secure.gravatar.com\/avatar\/8ed7492c4d88d8495bc0cb24cda6847b8ae23eec459a919e08e77d0ca0fd79ec?s=96&d=mm&r=g","contentUrl":"https:\/\/secure.gravatar.com\/avatar\/8ed7492c4d88d8495bc0cb24cda6847b8ae23eec459a919e08e77d0ca0fd79ec?s=96&d=mm&r=g","caption":"F\u00e1bio Scaldelai"},"description":"Jornalista no Estrat\u00e9gia Concursos e Produtor de Televis\u00e3o, formado em Jornalismo, R\u00e1dio e TV pela Faculdade Integrada Rio Branco, com especializa\u00e7\u00f5es em Gest\u00e3o Empresarial e Marketing pelo M\u00f3dulo. Atuou como produtor no SBT, TV Bandeirantes e R\u00e1dio Band FM, al\u00e9m de acumular tr\u00eas anos de experi\u00eancia no setor de concursos p\u00fablicos pela LFG (Luiz Fl\u00e1vio Gomes). No Estrat\u00e9gia Concursos, atua na apura\u00e7\u00e3o de not\u00edcias da \u00e1rea fiscal, al\u00e9m de coberturas sobre concursos das \u00e1reas de controle (TCU, TCE, etc), concurso AFT, \u00e1rea de gest\u00e3o e administrativa, bem como dos \u00f3rg\u00e3os participantes do CNU. Tamb\u00e9m possui experi\u00eancia em link building e an\u00e1lise de m\u00eddia, adquirida durante sua atua\u00e7\u00e3o na ag\u00eancia SEO Marketing.","url":"https:\/\/www.estrategiaconcursos.com.br\/blog\/author\/fabio-scaldelaiestrategiaconcursos-com-br\/"}]}},"_links":{"self":[{"href":"https:\/\/www.estrategiaconcursos.com.br\/blog\/wp-json\/wp\/v2\/posts\/1146041","targetHints":{"allow":["GET"]}}],"collection":[{"href":"https:\/\/www.estrategiaconcursos.com.br\/blog\/wp-json\/wp\/v2\/posts"}],"about":[{"href":"https:\/\/www.estrategiaconcursos.com.br\/blog\/wp-json\/wp\/v2\/types\/post"}],"author":[{"embeddable":true,"href":"https:\/\/www.estrategiaconcursos.com.br\/blog\/wp-json\/wp\/v2\/users\/656"}],"replies":[{"embeddable":true,"href":"https:\/\/www.estrategiaconcursos.com.br\/blog\/wp-json\/wp\/v2\/comments?post=1146041"}],"version-history":[{"count":20,"href":"https:\/\/www.estrategiaconcursos.com.br\/blog\/wp-json\/wp\/v2\/posts\/1146041\/revisions"}],"predecessor-version":[{"id":1187376,"href":"https:\/\/www.estrategiaconcursos.com.br\/blog\/wp-json\/wp\/v2\/posts\/1146041\/revisions\/1187376"}],"wp:featuredmedia":[{"embeddable":true,"href":"https:\/\/www.estrategiaconcursos.com.br\/blog\/wp-json\/wp\/v2\/media\/728272"}],"wp:attachment":[{"href":"https:\/\/www.estrategiaconcursos.com.br\/blog\/wp-json\/wp\/v2\/media?parent=1146041"}],"wp:term":[{"taxonomy":"category","embeddable":true,"href":"https:\/\/www.estrategiaconcursos.com.br\/blog\/wp-json\/wp\/v2\/categories?post=1146041"},{"taxonomy":"post_tag","embeddable":true,"href":"https:\/\/www.estrategiaconcursos.com.br\/blog\/wp-json\/wp\/v2\/tags?post=1146041"},{"taxonomy":"tax_estado","embeddable":true,"href":"https:\/\/www.estrategiaconcursos.com.br\/blog\/wp-json\/wp\/v2\/tax_estado?post=1146041"}],"curies":[{"name":"wp","href":"https:\/\/api.w.org\/{rel}","templated":true}]}}