{"id":1145224,"date":"2023-04-03T06:59:00","date_gmt":"2023-04-03T09:59:00","guid":{"rendered":"https:\/\/www.estrategiaconcursos.com.br\/blog\/?p=1145224"},"modified":"2023-11-07T12:14:40","modified_gmt":"2023-11-07T15:14:40","slug":"concurso-pm-mg-edital-publicado","status":"publish","type":"post","link":"https:\/\/www.estrategiaconcursos.com.br\/blog\/concurso-pm-mg-edital-publicado\/","title":{"rendered":"Edital PM MG publicado! S\u00e3o 3 mil vagas de Soldado e Oficial"},"content":{"rendered":"\n<h3 class=\"wp-block-heading\"><em>Inscri\u00e7\u00f5es encerradas para Oficial e Soldado!<\/em><\/h3>\n\n\n\n<p>Est\u00e3o encerradas as inscri\u00e7\u00f5es para os cargos de Soldado e Oficial do <strong>edital PM MG<\/strong> (<a href=\"https:\/\/www.estrategiaconcursos.com.br\/cursosPorConcurso\/policia-militar-de-minas-gerais-pm-mg\/\" target=\"_blank\" rel=\"noreferrer noopener\">Pol\u00edcia Militar de Minas Gerais<\/a>)! Conforme o documento, s\u00e3o ofertadas 3.001 vagas imediatas de n\u00edvel superior.<\/p>\n\n\n\n<p>As oportunidades s\u00e3o para os cargos de <strong>Soldado e Oficial<\/strong>, distribu\u00eddas entre candidatos do sexo masculino e feminino. Os sal\u00e1rios iniciais variam de R$ 4.360,83 a R$ 7.175,30.<\/p>\n\n\n\n<p>Os interessados puderam se candidatar no <a href=\"https:\/\/www.policiamilitar.mg.gov.br\/site\/crs\" target=\"_blank\" rel=\"noreferrer noopener\">site da pr\u00f3pria corpora\u00e7\u00e3o<\/a>. O valor da taxa variou de R$ 101,00 a R$ 220,00.<\/p>\n\n\n\n<ul class=\"has-very-light-gray-to-cyan-bluish-gray-gradient-background has-background wp-block-list\">\n<li><strong>Banca:<\/strong> PMMG<\/li>\n\n\n\n<li><strong>Vagas:<\/strong> 3.001<\/li>\n\n\n\n<li><strong>Sal\u00e1rio inicial:<\/strong> R$ 4.360,83 a R$ 7.175,30<\/li>\n\n\n\n<li><strong>Edital<\/strong>:&nbsp;<a href=\"https:\/\/dhg1h5j42swfq.cloudfront.net\/2022\/12\/30180837\/edital-pmmg-soldado.pdf\" target=\"_blank\" rel=\"noreferrer noopener nofollow\">Soldado PMMG<\/a> | <a href=\"https:\/\/dhg1h5j42swfq.cloudfront.net\/2022\/12\/30180843\/edital-pmmg-oficial.pdf\" target=\"_blank\" rel=\"noreferrer noopener nofollow\">Oficial PMMG<\/a><\/li>\n<\/ul>\n\n\n\n<div id=\"boxes\" class=\"container\">\n<div class=\"row\">\n<div class=\"col-sm\">\n<div id=\"box-assinatura\" class=\"banner-policial\">\n<h3 class=\"titulo-assinatura\">Concurso PM MG<\/h3>\n<p class=\"subtitulo-assinatura\">Conhe\u00e7a os cursos<\/p>\n<div class=\"box-botao\"><a class=\"btn-assinatura\" role=\"button\" href=\"https:\/\/www.estrategiaconcursos.com.br\/cursosPorConcurso\/policia-militar-de-minas-gerais-pm-mg\/\" target=\"_blank\" rel=\"noopener noreferrer\">Conhe\u00e7a mais<\/a><\/div>\n<\/div>\n\n<\/div>\n<\/div>\n<\/div>\n\n\n\n<h2 class=\"wp-block-heading\" id=\"datas\">Principais datas do edital PM MG<\/h2>\n\n\n\n<p><strong>Soldado<\/strong><\/p>\n\n\n\n<ul class=\"wp-block-list\">\n<li><strong>Inscri\u00e7\u00f5es<\/strong>: <s>1\u00ba a 30 de mar\u00e7o<\/s><\/li>\n\n\n\n<li><strong>Isen\u00e7\u00e3o da taxa<\/strong>: <s>1\u00ba a 2 de mar\u00e7o<\/s><\/li>\n\n\n\n<li><strong>\u00daltimo dia para pagamento<\/strong>: <s>31 de mar\u00e7o<\/s><\/li>\n\n\n\n<li><strong>Prova<\/strong>: 7 de maio<\/li>\n<\/ul>\n\n\n\n<p><strong>Oficial<\/strong><\/p>\n\n\n\n<ul class=\"wp-block-list\">\n<li><strong>Inscri\u00e7\u00f5es<\/strong>: <s>3 de abril a 3 de maio<\/s><\/li>\n\n\n\n<li><strong>Isen\u00e7\u00e3o da taxa<\/strong>: <s>3 e 4 de abril<\/s><\/li>\n\n\n\n<li><strong>\u00daltimo dia para pagamento<\/strong>: <s>4 de maio<\/s><\/li>\n\n\n\n<li><strong>Prova<\/strong>: 4 de junho<\/li>\n<\/ul>\n\n\n\n<h2 class=\"wp-block-heading\" id=\"cargos-vagas\">Cargos e vagas do edital PM MG<\/h2>\n\n\n\n<figure class=\"wp-block-table is-style-stripes\"><table class=\"has-very-light-gray-to-cyan-bluish-gray-gradient-background has-background has-fixed-layout\"><thead><tr><th class=\"has-text-align-center\" data-align=\"center\">Cargo<\/th><th class=\"has-text-align-center\" data-align=\"center\">Vagas &#8211; masculino<\/th><th class=\"has-text-align-center\" data-align=\"center\">Vagas &#8211; feminino<\/th><th class=\"has-text-align-center\" data-align=\"center\">Sal\u00e1rio<\/th><\/tr><\/thead><tbody><tr><td class=\"has-text-align-center\" data-align=\"center\"><a href=\"https:\/\/www.estrategiaconcursos.com.br\/curso\/pm-mg-soldado-pacote-2023-pos-edital\/\" target=\"_blank\" rel=\"noreferrer noopener\">Soldado<\/a><\/td><td class=\"has-text-align-center\" data-align=\"center\">2.538<\/td><td class=\"has-text-align-center\" data-align=\"center\">283<\/td><td class=\"has-text-align-center\" data-align=\"center\">R$ 4.360,83<\/td><\/tr><tr><td class=\"has-text-align-center\" data-align=\"center\"><a href=\"https:\/\/www.estrategiaconcursos.com.br\/curso\/pm-mg-oficial-pacote-2023-pos-edital\/\" target=\"_blank\" rel=\"noreferrer noopener\">Oficial<\/a><\/td><td class=\"has-text-align-center\" data-align=\"center\">162<\/td><td class=\"has-text-align-center\" data-align=\"center\">18<\/td><td class=\"has-text-align-center\" data-align=\"center\">R$ 7.175,30<\/td><\/tr><\/tbody><\/table><figcaption class=\"wp-element-caption\">Quadro de vagas por cargos no Concurso PM MG<\/figcaption><\/figure>\n\n\n\n<ul class=\"wp-block-list\">\n<li><a href=\"https:\/\/www.estrategiaconcursos.com.br\/blog\/concurso-pm-mg-distribuicao-vagas-soldado\/\" target=\"_blank\" rel=\"noreferrer noopener\">Confira a distribui\u00e7\u00e3o das vagas de Soldado<\/a><\/li>\n<\/ul>\n\n\n\n<h3 class=\"wp-block-heading\">Quais os requisitos?<\/h3>\n\n\n\n<ul class=\"wp-block-list\">\n<li>ser brasileiro(a);<\/li>\n\n\n\n<li>ter n\u00edvel superior de escolaridade (Soldado);<\/li>\n\n\n\n<li>possuir t\u00edtulo de bacharel em Direito, obtido em estabelecimento reconhecido pelo sistema de ensino federal, estadual ou do Distrito Federal (Oficial);<\/li>\n\n\n\n<li><span style=\"color: initial;\">ter entre 18 e 30 anos de idade;<\/span><\/li>\n\n\n\n<li>ter Carteira Nacional de Habilita\u00e7\u00e3o v\u00e1lida, no m\u00ednimo na categoria \u201cB\u201d;<\/li>\n\n\n\n<li><span style=\"color: initial;\">ter altura m\u00ednima de 1,60m;<\/span><\/li>\n\n\n\n<li><span style=\"color: initial;\">n\u00e3o apresentar, quando em uso dos diversos uniformes, tatuagem vis\u00edvel que seja, por<\/span> seu significado, incompat\u00edvel com o exerc\u00edcio das atividades de policial militar.<\/li>\n<\/ul>\n\n\n\n<h2 class=\"wp-block-heading\" id=\"etapas\">Quais as etapas e provas?<\/h2>\n\n\n\n<p>Os candidatos do concurso PM MG ser\u00e3o avaliados mediante aplica\u00e7\u00e3o de tr\u00eas etapas, sendo elas:<\/p>\n\n\n\n<ul class=\"wp-block-list\">\n<li><strong>Soldado:<\/strong>\n<ul class=\"wp-block-list\">\n<li><strong>1\u00aa FASE<\/strong>: Prova de conhecimentos (prova objetiva);<\/li>\n\n\n\n<li><strong>2\u00aa FASE<\/strong>: Avalia\u00e7\u00f5es Psicol\u00f3gicas e Exames de Sa\u00fade;<\/li>\n\n\n\n<li><strong>3\u00aa FASE<\/strong>: Avalia\u00e7\u00e3o F\u00edsica Militar (AFM).<\/li>\n<\/ul>\n<\/li>\n<\/ul>\n\n\n\n<ul class=\"wp-block-list\">\n<li><strong>Oficial:<\/strong>\n<ul class=\"wp-block-list\">\n<li><strong>1\u00aa FASE<\/strong>: Prova de conhecimentos (prova objetiva e prova dissertativa);<\/li>\n\n\n\n<li><strong>2\u00aa FASE<\/strong>: Avalia\u00e7\u00f5es Psicol\u00f3gicas, Atividade F\u00edsica Militar (AFM) e Exames de Sa\u00fade;<\/li>\n\n\n\n<li><strong>3\u00aa FASE<\/strong>: Prova Oral e Prova de T\u00edtulos.<\/li>\n<\/ul>\n<\/li>\n<\/ul>\n\n\n\n<h3 class=\"wp-block-heading\" id=\"objetiva\">Provas Objetivas<\/h3>\n\n\n\n<p>A prova objetiva \u00e9 de car\u00e1ter eliminat\u00f3rio e classificat\u00f3rio, ter\u00e1 valor total de 100 pontos e conter\u00e1 50 quest\u00f5es de m\u00faltipla escolha (quatro alternativas). Cada quest\u00e3o ter\u00e1 o valor de 02 pontos.<\/p>\n\n\n\n<ul class=\"wp-block-list\">\n<li><strong>Soldado:<\/strong>\n<ul class=\"wp-block-list\">\n<li><em>L\u00edngua Portuguesa &#8211; 20<\/em><\/li>\n\n\n\n<li><em>Literatura &#8211; 05<\/em><\/li>\n\n\n\n<li><em>No\u00e7\u00f5es de L\u00edngua Inglesa &#8211; 05<\/em><\/li>\n\n\n\n<li><em>No\u00e7\u00f5es de Direito e Direitos Humanos &#8211; 10<\/em><\/li>\n\n\n\n<li><em>Racioc\u00ednio L\u00f3gico-Matem\u00e1tico &#8211; 10<\/em><\/li>\n<\/ul>\n<\/li>\n<\/ul>\n\n\n\n<ul class=\"wp-block-list\">\n<li><strong>Oficial:<\/strong>\n<ul class=\"wp-block-list\">\n<li><em>Direito Constitucional &#8211; 06<\/em><\/li>\n\n\n\n<li><em>Direito Administrativo &#8211; 06<\/em><\/li>\n\n\n\n<li><em>Direito Penal &#8211; 06<\/em><\/li>\n\n\n\n<li><em>Direito Processual Penal &#8211; 06<\/em><\/li>\n\n\n\n<li><em>Direito Civil e Direito Processual Civil &#8211; 06<\/em><\/li>\n\n\n\n<li><em>Legisla\u00e7\u00e3o Extravagante e Direitos Humanos &#8211; 08<\/em><\/li>\n\n\n\n<li><em>L\u00edngua Portuguesa &#8211; 04<\/em><\/li>\n\n\n\n<li><em>Racioc\u00ednio L\u00f3gico-Matem\u00e1tico &#8211; 04<\/em><\/li>\n\n\n\n<li><em>No\u00e7\u00f5es de L\u00edngua Inglesa &#8211; 04<\/em><\/li>\n<\/ul>\n<\/li>\n<\/ul>\n\n\n\n<p>Ser\u00e1 aprovado o candidato que obter aproveitamento m\u00ednimo de 60% dos pontos atribu\u00eddos \u00e0 prova objetiva do edital PM MG.<\/p>\n\n\n\n<h3 class=\"wp-block-heading\" id=\"discursiva\">Prova Discursiva<\/h3>\n\n\n\n<p>A prova dissertativa (reda\u00e7\u00e3o) \u00e9 de car\u00e1ter eliminat\u00f3rio e classificat\u00f3rio e consiste na elabora\u00e7\u00e3o de reda\u00e7\u00e3o com tema que ser\u00e1 fornecido no momento da prova. A reda\u00e7\u00e3o dever\u00e1 conter, no m\u00e1ximo, 30 linhas e, no m\u00ednimo, 120 palavras, tendo valor de 100 pontos, assim distribu\u00eddos:<\/p>\n\n\n\n<ul class=\"wp-block-list\">\n<li>a) ortografia: 20 pontos;<\/li>\n\n\n\n<li>b) morfossintaxe: 20 pontos;<\/li>\n\n\n\n<li>c) pontua\u00e7\u00e3o: 20 pontos;<\/li>\n\n\n\n<li>d) conte\u00fado: 40 pontos.<\/li>\n<\/ul>\n\n\n\n<p>Para ser aprovado nesta etapa do edital PM MG o candidato do cargo de Oficial deve alcan\u00e7ar aproveitamento m\u00ednimo de 70% dos pontos atribu\u00eddos \u00e0 prova dissertativa.<\/p>\n\n\n\n<h3 class=\"wp-block-heading\" id=\"titulos\">Avalia\u00e7\u00e3o F\u00edsica Militar<\/h3>\n\n\n\n<p>O teste de avalia\u00e7\u00e3o f\u00edsica ter\u00e1 car\u00e1ter eliminat\u00f3rio e classificat\u00f3rio, devendo o candidato alcan\u00e7ar o m\u00ednimo de 60% de rendimento em cada modalidade (12 pontos) para aprova\u00e7\u00e3o, conforme tabelas a seguir, aplic\u00e1veis a todos os candidatos:<\/p>\n\n\n\n<ul class=\"wp-block-list\">\n<li><strong>For\u00e7a de resist\u00eancia abdominal (abdominal tipo remador):<\/strong><\/li>\n<\/ul>\n\n\n\n<figure class=\"wp-block-image aligncenter size-full\"><img loading=\"lazy\" decoding=\"async\" width=\"586\" height=\"329\" src=\"https:\/\/dhg1h5j42swfq.cloudfront.net\/2022\/12\/30183323\/image-314.png\" alt=\"TAF do edital Pol\u00edcia Militar MG\" class=\"wp-image-1145266\" srcset=\"https:\/\/dhg1h5j42swfq.cloudfront.net\/2022\/12\/30183323\/image-314.png 586w, https:\/\/dhg1h5j42swfq.cloudfront.net\/2022\/12\/30183323\/image-314-300x168.png 300w, https:\/\/dhg1h5j42swfq.cloudfront.net\/2022\/12\/30183323\/image-314-150x84.png 150w\" sizes=\"auto, (max-width: 586px) 100vw, 586px\" \/><figcaption class=\"wp-element-caption\">TAF do edital Pol\u00edcia Militar MG<\/figcaption><\/figure>\n\n\n\n<ul class=\"wp-block-list\">\n<li><strong>For\u00e7a de resist\u00eancia de bra\u00e7os na barra fixa (flex\u00e3o est\u00e1tica e din\u00e2mica na barra fixa):<\/strong><\/li>\n<\/ul>\n\n\n\n<figure class=\"wp-block-image aligncenter size-full\"><img loading=\"lazy\" decoding=\"async\" width=\"584\" height=\"355\" src=\"https:\/\/dhg1h5j42swfq.cloudfront.net\/2022\/12\/30183349\/image-315.png\" alt=\"TAF do edital Pol\u00edcia Militar MG\" class=\"wp-image-1145267\" srcset=\"https:\/\/dhg1h5j42swfq.cloudfront.net\/2022\/12\/30183349\/image-315.png 584w, https:\/\/dhg1h5j42swfq.cloudfront.net\/2022\/12\/30183349\/image-315-300x182.png 300w, https:\/\/dhg1h5j42swfq.cloudfront.net\/2022\/12\/30183349\/image-315-150x91.png 150w\" sizes=\"auto, (max-width: 584px) 100vw, 584px\" \/><figcaption class=\"wp-element-caption\">TAF do edital Pol\u00edcia Militar MG<\/figcaption><\/figure>\n\n\n\n<ul class=\"wp-block-list\">\n<li><strong>Resist\u00eancia cardiorrespirat\u00f3ria (corrida de 2.400 metros):<\/strong><\/li>\n<\/ul>\n\n\n\n<figure class=\"wp-block-image aligncenter size-full\"><img loading=\"lazy\" decoding=\"async\" width=\"587\" height=\"341\" src=\"https:\/\/dhg1h5j42swfq.cloudfront.net\/2022\/12\/30183414\/image-316.png\" alt=\"TAF do edital Pol\u00edcia Militar MG\" class=\"wp-image-1145268\" srcset=\"https:\/\/dhg1h5j42swfq.cloudfront.net\/2022\/12\/30183414\/image-316.png 587w, https:\/\/dhg1h5j42swfq.cloudfront.net\/2022\/12\/30183414\/image-316-300x174.png 300w, https:\/\/dhg1h5j42swfq.cloudfront.net\/2022\/12\/30183414\/image-316-150x87.png 150w\" sizes=\"auto, (max-width: 587px) 100vw, 587px\" \/><figcaption class=\"wp-element-caption\">TAF do edital Pol\u00edcia Militar MG<\/figcaption><\/figure>\n\n\n\n<p>A pontua\u00e7\u00e3o obtida pelo candidato no teste f\u00edsico do edital PM MG corresponder\u00e1 ao somat\u00f3rio de sua nota em cada prova, cujo valor m\u00e1ximo ser\u00e1 de 60 pontos.<\/p>\n\n\n\n<h3 class=\"wp-block-heading\" id=\"titulos\">Avalia\u00e7\u00e3o de T\u00edtulos<\/h3>\n\n\n\n<p>A prova de t\u00edtulos ser\u00e1 de car\u00e1ter classificat\u00f3rio e ter\u00e1 o valor de 10 pontos, assim divididos:<\/p>\n\n\n\n<figure class=\"wp-block-image aligncenter size-full\"><img loading=\"lazy\" decoding=\"async\" width=\"660\" height=\"217\" src=\"https:\/\/dhg1h5j42swfq.cloudfront.net\/2022\/12\/30183653\/image-317.png\" alt=\"Quadro de t\u00edtulos \" class=\"wp-image-1145270\" srcset=\"https:\/\/dhg1h5j42swfq.cloudfront.net\/2022\/12\/30183653\/image-317.png 660w, https:\/\/dhg1h5j42swfq.cloudfront.net\/2022\/12\/30183653\/image-317-300x99.png 300w, https:\/\/dhg1h5j42swfq.cloudfront.net\/2022\/12\/30183653\/image-317-610x201.png 610w, https:\/\/dhg1h5j42swfq.cloudfront.net\/2022\/12\/30183653\/image-317-150x49.png 150w\" sizes=\"auto, (max-width: 660px) 100vw, 660px\" \/><figcaption class=\"wp-element-caption\">Quadro de t\u00edtulos do concurso PM MG<\/figcaption><\/figure>\n\n\n\n<h3 class=\"wp-block-heading\" id=\"pratica\">Prova Oral<\/h3>\n\n\n\n<p>A prova oral, de car\u00e1ter eliminat\u00f3rio, valer\u00e1 100 pontos, ser\u00e1 realizada em Belo Horizonte pelos candidatos do cargo de Oficial. O candidato ter\u00e1, no m\u00e1ximo, 03 minutos para responder a cada quest\u00e3o, divididas nos grupos:<\/p>\n\n\n\n<ul class=\"wp-block-list\">\n<li>a) Grupo I: Direito Constitucional e Direito Administrativo;<\/li>\n\n\n\n<li>b) Grupo II: Direito Penal e Direito Processual Penal.<\/li>\n<\/ul>\n\n\n\n<p>Ser\u00e1 considerado reprovado e automaticamente eliminado do concurso PM MG aquele que n\u00e3o obtiver o aproveitamento m\u00ednimo de 50% na prova oral.<\/p>\n\n\n\n<h2 class=\"wp-block-heading has-text-align-center has-cyan-bluish-gray-background-color has-background has-medium-font-size\">Saiba mais: <a href=\"https:\/\/www.estrategiaconcursos.com.br\/blog\/concurso-pm-mg\/\" target=\"_blank\" rel=\"noreferrer noopener\">Concurso Pol\u00edcia Militar MG<\/a><\/h2>\n\n\n\n<hr class=\"wp-block-separator has-css-opacity\"\/>\n\n\n\n<h2 class=\"wp-block-heading has-text-align-center\" id=\"h-quer-saber-tudo-sobre-concursos-previstos-confira-nossos-artigos\">Quer saber tudo sobre concursos previstos?<br \/>Confira  nossos artigos!<\/h2>\n\n\n\n<ul class=\"wp-block-list\">\n<li><a href=\"https:\/\/www.estrategiaconcursos.com.br\/blog\/concursos-abertos\/\" target=\"_blank\" rel=\"noreferrer noopener\">Concursos abertos<\/a><\/li>\n\n\n\n<li><a href=\"https:\/\/www.estrategiaconcursos.com.br\/blog\/concursos-2023\/\" target=\"_blank\" rel=\"noreferrer noopener\">Concursos 2023<\/a><\/li>\n<\/ul>\n\n\n\n<h2 class=\"wp-block-heading has-text-align-center\" id=\"cursos-assinatura\">Quer estudar para o concurso PM MG?<\/h2>\n\n\n\n<div id=\"boxes\" class=\"container\">\n<div class=\"row\">\n<div class=\"col-sm\">\n<div id=\"box-assinatura\" class=\"banner-policial\">\n<h3 class=\"titulo-assinatura\">Concurso PM MG<\/h3>\n<p class=\"subtitulo-assinatura\">Conhe\u00e7a os cursos<\/p>\n<div class=\"box-botao\"><a class=\"btn-assinatura\" role=\"button\" href=\"https:\/\/www.estrategiaconcursos.com.br\/cursosPorConcurso\/policia-militar-de-minas-gerais-pm-mg\/\" target=\"_blank\" rel=\"noopener noreferrer\">Conhe\u00e7a mais<\/a><\/div>\n<\/div>\n\n<\/div>\n<\/div>\n<\/div>\n\n\n\n<div class=\"container\" id=\"boxes\">\n  <div class=\"row\">\n\n    <div class=\"col-sm\">\n      <div class=\"estrategia\" id=\"box-assinatura\">\n        <h3 class=\"titulo-assinatura\">Assinatura Concursos<\/h3>\n        <p class=\"subtitulo-assinatura\">Assinatura de 1 ano ou 2 anos<\/p>\n        <div class=\"box-botao\">\n          <a class=\"btn-assinatura\" target=\"_blank\" href=\"https:\/\/www.estrategiaconcursos.com.br\/assinaturas\/\" role=\"button\" rel=\"noopener noreferrer\">ASSINE AGORA<\/a>\n        <\/div>\n      <\/div><\/div><\/div><\/div>\n\n\n\n<figure class=\"wp-block-image size-large is-resized\"><img loading=\"lazy\" decoding=\"async\" width=\"1024\" height=\"632\" src=\"https:\/\/dhg1h5j42swfq.cloudfront.net\/2025\/06\/27101122\/ficha-tecnica-1-1024x632.png\" alt=\"\" class=\"wp-image-702728\" style=\"aspect-ratio:1.620253164556962;width:284px;height:auto\" srcset=\"https:\/\/dhg1h5j42swfq.cloudfront.net\/2025\/06\/27101122\/ficha-tecnica-1-1024x632.png 1024w, https:\/\/dhg1h5j42swfq.cloudfront.net\/2025\/06\/27101122\/ficha-tecnica-1-300x185.png 300w, https:\/\/dhg1h5j42swfq.cloudfront.net\/2025\/06\/27101122\/ficha-tecnica-1-768x474.png 768w, https:\/\/dhg1h5j42swfq.cloudfront.net\/2025\/06\/27101122\/ficha-tecnica-1-1536x948.png 1536w, https:\/\/dhg1h5j42swfq.cloudfront.net\/2025\/06\/27101122\/ficha-tecnica-1-610x377.png 610w, https:\/\/dhg1h5j42swfq.cloudfront.net\/2025\/06\/27101122\/ficha-tecnica-1.png 1571w\" sizes=\"auto, (max-width: 1024px) 100vw, 1024px\" \/><\/figure>\n\n\n\n<h3 class=\"wp-block-heading\" id=\"ficha\">Informa\u00e7\u00f5es do edital PM MG<\/h3>\n\n\n\n<ul class=\"wp-block-list\">\n<li><strong style=\"color: initial;\">Provas<\/strong><span style=\"color: initial;\">: <\/span>07\/05 e 04\/06\/2023<\/li>\n\n\n\n<li><strong>Vagas<\/strong>: 3.001<\/li>\n\n\n\n<li><strong>Cargos<\/strong>: Soldado e Oficial<\/li>\n\n\n\n<li><strong>Banca<\/strong>: Pol\u00edcia Militar de Minas Gerais<\/li>\n\n\n\n<li><strong>Escolaridade<\/strong>: N\u00edvel superior<\/li>\n\n\n\n<li><strong>Edital<\/strong>:&nbsp;<a href=\"https:\/\/dhg1h5j42swfq.cloudfront.net\/2022\/12\/30180837\/edital-pmmg-soldado.pdf\" target=\"_blank\" rel=\"noreferrer noopener nofollow\">Soldado PMMG<\/a> | <a href=\"https:\/\/dhg1h5j42swfq.cloudfront.net\/2022\/12\/30180843\/edital-pmmg-oficial.pdf\" target=\"_blank\" rel=\"noreferrer noopener nofollow\">Oficial PMMG<\/a><\/li>\n<\/ul>\n\n\n\n<p><\/p>\n","protected":false},"excerpt":{"rendered":"<p>Inscri\u00e7\u00f5es encerradas para Oficial e Soldado! Est\u00e3o encerradas as inscri\u00e7\u00f5es para os cargos de Soldado e Oficial do edital PM MG (Pol\u00edcia Militar de Minas Gerais)! Conforme o documento, s\u00e3o ofertadas 3.001 vagas imediatas de n\u00edvel superior. As oportunidades s\u00e3o para os cargos de Soldado e Oficial, distribu\u00eddas entre candidatos do sexo masculino e feminino. [&hellip;]<\/p>\n","protected":false},"author":1206,"featured_media":766552,"comment_status":"open","ping_status":"closed","sticky":false,"template":"","format":"standard","meta":{"post_tipo":"news","footnotes":""},"categories":[220186,220187,220219],"tags":[],"tax_estado":[219974],"class_list":["post-1145224","post","type-post","status-publish","format-standard","has-post-thumbnail","hentry","category-policial-oficial","category-policial-pracas","category-noticias","tax_estado-mg"],"acf":[],"yoast_head":"<!-- This site is optimized with the Yoast SEO Premium plugin v27.2 (Yoast SEO v27.2) - https:\/\/yoast.com\/product\/yoast-seo-premium-wordpress\/ -->\n<title>Edital PM MG publicado! S\u00e3o 3 mil vagas de Soldado e Oficial<\/title>\n<meta name=\"description\" content=\"Edital PM MG \u00e9 publicado com 3.001 vagas de n\u00edvel superior! Acesse o site e confira todos os detalhes do concurso!\" \/>\n<meta name=\"robots\" content=\"index, follow, max-snippet:-1, max-image-preview:large, max-video-preview:-1\" \/>\n<link rel=\"canonical\" href=\"https:\/\/www.estrategiaconcursos.com.br\/blog\/concurso-pm-mg-edital-publicado\/\" \/>\n<meta property=\"og:locale\" content=\"pt_BR\" \/>\n<meta property=\"og:type\" content=\"article\" \/>\n<meta property=\"og:title\" content=\"Edital PM MG publicado! S\u00e3o 3 mil vagas de Soldado e Oficial\" \/>\n<meta property=\"og:description\" content=\"Edital PM MG \u00e9 publicado com 3.001 vagas de n\u00edvel superior! Acesse o site e confira todos os detalhes do concurso!\" \/>\n<meta property=\"og:url\" content=\"https:\/\/www.estrategiaconcursos.com.br\/blog\/concurso-pm-mg-edital-publicado\/\" \/>\n<meta property=\"og:site_name\" content=\"Estrat\u00e9gia Concursos\" \/>\n<meta property=\"article:published_time\" content=\"2023-04-03T09:59:00+00:00\" \/>\n<meta property=\"article:modified_time\" content=\"2023-11-07T15:14:40+00:00\" \/>\n<meta property=\"og:image\" content=\"https:\/\/dhg1h5j42swfq.cloudfront.net\/2021\/06\/14143117\/pm-mg.jpg\" \/>\n\t<meta property=\"og:image:width\" content=\"768\" \/>\n\t<meta property=\"og:image:height\" content=\"432\" \/>\n\t<meta property=\"og:image:type\" content=\"image\/jpeg\" \/>\n<meta name=\"author\" content=\"Bruna de Andrade Fran\u00e7a\" \/>\n<meta name=\"twitter:card\" content=\"summary_large_image\" \/>\n<meta name=\"twitter:creator\" content=\"@EstratConcursos\" \/>\n<meta name=\"twitter:site\" content=\"@EstratConcursos\" \/>\n<meta name=\"twitter:label1\" content=\"Escrito por\" \/>\n\t<meta name=\"twitter:data1\" content=\"Bruna de Andrade Fran\u00e7a\" \/>\n\t<meta name=\"twitter:label2\" content=\"Est. tempo de leitura\" \/>\n\t<meta name=\"twitter:data2\" content=\"5 minutos\" \/>\n<script type=\"application\/ld+json\" class=\"yoast-schema-graph\">{\"@context\":\"https:\/\/schema.org\",\"@graph\":[{\"@type\":\"NewsArticle\",\"@id\":\"https:\/\/www.estrategiaconcursos.com.br\/blog\/concurso-pm-mg-edital-publicado\/#article\",\"isPartOf\":{\"@id\":\"https:\/\/www.estrategiaconcursos.com.br\/blog\/concurso-pm-mg-edital-publicado\/\"},\"author\":{\"name\":\"Bruna de Andrade Fran\u00e7a\",\"@id\":\"https:\/\/www.estrategiaconcursos.com.br\/blog\/#\/schema\/person\/6630f91134abc08115cca62ce6372855\"},\"headline\":\"Edital PM MG publicado! S\u00e3o 3 mil vagas de Soldado e Oficial\",\"datePublished\":\"2023-04-03T09:59:00+00:00\",\"dateModified\":\"2023-11-07T15:14:40+00:00\",\"mainEntityOfPage\":{\"@id\":\"https:\/\/www.estrategiaconcursos.com.br\/blog\/concurso-pm-mg-edital-publicado\/\"},\"wordCount\":937,\"commentCount\":0,\"publisher\":{\"@id\":\"https:\/\/www.estrategiaconcursos.com.br\/blog\/#organization\"},\"image\":{\"@id\":\"https:\/\/www.estrategiaconcursos.com.br\/blog\/concurso-pm-mg-edital-publicado\/#primaryimage\"},\"thumbnailUrl\":\"https:\/\/dhg1h5j42swfq.cloudfront.net\/2021\/06\/14143117\/pm-mg.jpg\",\"articleSection\":[\"Policial (PM\/BM - Oficial)\",\"Policial (PM\/BM - Pra\u00e7as)\",\"\u00daltimas not\u00edcias\"],\"inLanguage\":\"pt-BR\",\"potentialAction\":[{\"@type\":\"CommentAction\",\"name\":\"Comment\",\"target\":[\"https:\/\/www.estrategiaconcursos.com.br\/blog\/concurso-pm-mg-edital-publicado\/#respond\"]}],\"copyrightYear\":\"2023\",\"copyrightHolder\":{\"@id\":\"https:\/\/www.estrategiaconcursos.com.br\/blog\/#organization\"}},{\"@type\":\"WebPage\",\"@id\":\"https:\/\/www.estrategiaconcursos.com.br\/blog\/concurso-pm-mg-edital-publicado\/\",\"url\":\"https:\/\/www.estrategiaconcursos.com.br\/blog\/concurso-pm-mg-edital-publicado\/\",\"name\":\"Edital PM MG publicado! S\u00e3o 3 mil vagas de Soldado e Oficial\",\"isPartOf\":{\"@id\":\"https:\/\/www.estrategiaconcursos.com.br\/blog\/#website\"},\"primaryImageOfPage\":{\"@id\":\"https:\/\/www.estrategiaconcursos.com.br\/blog\/concurso-pm-mg-edital-publicado\/#primaryimage\"},\"image\":{\"@id\":\"https:\/\/www.estrategiaconcursos.com.br\/blog\/concurso-pm-mg-edital-publicado\/#primaryimage\"},\"thumbnailUrl\":\"https:\/\/dhg1h5j42swfq.cloudfront.net\/2021\/06\/14143117\/pm-mg.jpg\",\"datePublished\":\"2023-04-03T09:59:00+00:00\",\"dateModified\":\"2023-11-07T15:14:40+00:00\",\"description\":\"Edital PM MG \u00e9 publicado com 3.001 vagas de n\u00edvel superior! Acesse o site e confira todos os detalhes do concurso!\",\"breadcrumb\":{\"@id\":\"https:\/\/www.estrategiaconcursos.com.br\/blog\/concurso-pm-mg-edital-publicado\/#breadcrumb\"},\"inLanguage\":\"pt-BR\",\"potentialAction\":[{\"@type\":\"ReadAction\",\"target\":[\"https:\/\/www.estrategiaconcursos.com.br\/blog\/concurso-pm-mg-edital-publicado\/\"]}]},{\"@type\":\"ImageObject\",\"inLanguage\":\"pt-BR\",\"@id\":\"https:\/\/www.estrategiaconcursos.com.br\/blog\/concurso-pm-mg-edital-publicado\/#primaryimage\",\"url\":\"https:\/\/dhg1h5j42swfq.cloudfront.net\/2021\/06\/14143117\/pm-mg.jpg\",\"contentUrl\":\"https:\/\/dhg1h5j42swfq.cloudfront.net\/2021\/06\/14143117\/pm-mg.jpg\",\"width\":768,\"height\":432,\"caption\":\"concurso pm mg\"},{\"@type\":\"BreadcrumbList\",\"@id\":\"https:\/\/www.estrategiaconcursos.com.br\/blog\/concurso-pm-mg-edital-publicado\/#breadcrumb\",\"itemListElement\":[{\"@type\":\"ListItem\",\"position\":1,\"name\":\"In\u00edcio\",\"item\":\"https:\/\/www.estrategiaconcursos.com.br\/blog\/\"},{\"@type\":\"ListItem\",\"position\":2,\"name\":\"Edital PM MG publicado! S\u00e3o 3 mil vagas de Soldado e Oficial\"}]},{\"@type\":\"WebSite\",\"@id\":\"https:\/\/www.estrategiaconcursos.com.br\/blog\/#website\",\"url\":\"https:\/\/www.estrategiaconcursos.com.br\/blog\/\",\"name\":\"Estrat\u00e9gia Concursos\",\"description\":\"O blog da Estrat\u00e9gia Concursos traz not\u00edcias sobre concursos e artigos de professores oferecendo cursos para concursos (pdf + videaulas) no site.\",\"publisher\":{\"@id\":\"https:\/\/www.estrategiaconcursos.com.br\/blog\/#organization\"},\"potentialAction\":[{\"@type\":\"SearchAction\",\"target\":{\"@type\":\"EntryPoint\",\"urlTemplate\":\"https:\/\/www.estrategiaconcursos.com.br\/blog\/?s={search_term_string}\"},\"query-input\":{\"@type\":\"PropertyValueSpecification\",\"valueRequired\":true,\"valueName\":\"search_term_string\"}}],\"inLanguage\":\"pt-BR\"},{\"@type\":\"Organization\",\"@id\":\"https:\/\/www.estrategiaconcursos.com.br\/blog\/#organization\",\"name\":\"Estrat\u00e9gia Concursos\",\"url\":\"https:\/\/www.estrategiaconcursos.com.br\/blog\/\",\"logo\":{\"@type\":\"ImageObject\",\"inLanguage\":\"pt-BR\",\"@id\":\"https:\/\/www.estrategiaconcursos.com.br\/blog\/#\/schema\/logo\/image\/\",\"url\":\"https:\/\/dhg1h5j42swfq.cloudfront.net\/2025\/06\/03203428\/logo_concursos-1.jpg\",\"contentUrl\":\"https:\/\/dhg1h5j42swfq.cloudfront.net\/2025\/06\/03203428\/logo_concursos-1.jpg\",\"width\":230,\"height\":60,\"caption\":\"Estrat\u00e9gia Concursos\"},\"image\":{\"@id\":\"https:\/\/www.estrategiaconcursos.com.br\/blog\/#\/schema\/logo\/image\/\"},\"sameAs\":[\"https:\/\/x.com\/EstratConcursos\"]},{\"@type\":\"Person\",\"@id\":\"https:\/\/www.estrategiaconcursos.com.br\/blog\/#\/schema\/person\/6630f91134abc08115cca62ce6372855\",\"name\":\"Bruna de Andrade Fran\u00e7a\",\"image\":{\"@type\":\"ImageObject\",\"inLanguage\":\"pt-BR\",\"@id\":\"https:\/\/secure.gravatar.com\/avatar\/d6316d36d50cea0fadae28ed3015b8870cc90a2d3d8a95c37b44006af36a00e3?s=96&d=mm&r=g\",\"url\":\"https:\/\/secure.gravatar.com\/avatar\/d6316d36d50cea0fadae28ed3015b8870cc90a2d3d8a95c37b44006af36a00e3?s=96&d=mm&r=g\",\"contentUrl\":\"https:\/\/secure.gravatar.com\/avatar\/d6316d36d50cea0fadae28ed3015b8870cc90a2d3d8a95c37b44006af36a00e3?s=96&d=mm&r=g\",\"caption\":\"Bruna de Andrade Fran\u00e7a\"},\"description\":\"Bruna de Andrade Fran\u00e7a \u00e9 publicit\u00e1ria com p\u00f3s-gradua\u00e7\u00e3o em Marketing &amp; Growth, atuando h\u00e1 mais de 6 anos no universo dos concursos p\u00fablicos. Desde 2021, lidera no Blog do Estrat\u00e9gia Concursos a cobertura editorial especializada em Concursos Policiais (PF, PRF, PM, PC, etc.), al\u00e9m das frentes de concursos banc\u00e1rios, de sa\u00fade e da \u00e1rea legislativa. Especialista em reda\u00e7\u00e3o, com pr\u00e1ticas de SEO e Copywriting, possui tamb\u00e9m atua\u00e7\u00e3o pr\u00e1tica de contato direto com \u00f3rg\u00e3os p\u00fablicos respons\u00e1veis por editais, permitindo acesso antecipado a informa\u00e7\u00f5es, desdobramentos importantes e atualiza\u00e7\u00e3o eficiente dos concursos p\u00fablicos.\",\"url\":\"https:\/\/www.estrategiaconcursos.com.br\/blog\/author\/bruna-andrade\/\"}]}<\/script>\n<!-- \/ Yoast SEO Premium plugin. -->","yoast_head_json":{"title":"Edital PM MG publicado! S\u00e3o 3 mil vagas de Soldado e Oficial","description":"Edital PM MG \u00e9 publicado com 3.001 vagas de n\u00edvel superior! Acesse o site e confira todos os detalhes do concurso!","robots":{"index":"index","follow":"follow","max-snippet":"max-snippet:-1","max-image-preview":"max-image-preview:large","max-video-preview":"max-video-preview:-1"},"canonical":"https:\/\/www.estrategiaconcursos.com.br\/blog\/concurso-pm-mg-edital-publicado\/","og_locale":"pt_BR","og_type":"article","og_title":"Edital PM MG publicado! S\u00e3o 3 mil vagas de Soldado e Oficial","og_description":"Edital PM MG \u00e9 publicado com 3.001 vagas de n\u00edvel superior! Acesse o site e confira todos os detalhes do concurso!","og_url":"https:\/\/www.estrategiaconcursos.com.br\/blog\/concurso-pm-mg-edital-publicado\/","og_site_name":"Estrat\u00e9gia Concursos","article_published_time":"2023-04-03T09:59:00+00:00","article_modified_time":"2023-11-07T15:14:40+00:00","og_image":[{"width":768,"height":432,"url":"https:\/\/dhg1h5j42swfq.cloudfront.net\/2021\/06\/14143117\/pm-mg.jpg","type":"image\/jpeg"}],"author":"Bruna de Andrade Fran\u00e7a","twitter_card":"summary_large_image","twitter_creator":"@EstratConcursos","twitter_site":"@EstratConcursos","twitter_misc":{"Escrito por":"Bruna de Andrade Fran\u00e7a","Est. tempo de leitura":"5 minutos"},"schema":{"@context":"https:\/\/schema.org","@graph":[{"@type":"NewsArticle","@id":"https:\/\/www.estrategiaconcursos.com.br\/blog\/concurso-pm-mg-edital-publicado\/#article","isPartOf":{"@id":"https:\/\/www.estrategiaconcursos.com.br\/blog\/concurso-pm-mg-edital-publicado\/"},"author":{"name":"Bruna de Andrade Fran\u00e7a","@id":"https:\/\/www.estrategiaconcursos.com.br\/blog\/#\/schema\/person\/6630f91134abc08115cca62ce6372855"},"headline":"Edital PM MG publicado! S\u00e3o 3 mil vagas de Soldado e Oficial","datePublished":"2023-04-03T09:59:00+00:00","dateModified":"2023-11-07T15:14:40+00:00","mainEntityOfPage":{"@id":"https:\/\/www.estrategiaconcursos.com.br\/blog\/concurso-pm-mg-edital-publicado\/"},"wordCount":937,"commentCount":0,"publisher":{"@id":"https:\/\/www.estrategiaconcursos.com.br\/blog\/#organization"},"image":{"@id":"https:\/\/www.estrategiaconcursos.com.br\/blog\/concurso-pm-mg-edital-publicado\/#primaryimage"},"thumbnailUrl":"https:\/\/dhg1h5j42swfq.cloudfront.net\/2021\/06\/14143117\/pm-mg.jpg","articleSection":["Policial (PM\/BM - Oficial)","Policial (PM\/BM - Pra\u00e7as)","\u00daltimas not\u00edcias"],"inLanguage":"pt-BR","potentialAction":[{"@type":"CommentAction","name":"Comment","target":["https:\/\/www.estrategiaconcursos.com.br\/blog\/concurso-pm-mg-edital-publicado\/#respond"]}],"copyrightYear":"2023","copyrightHolder":{"@id":"https:\/\/www.estrategiaconcursos.com.br\/blog\/#organization"}},{"@type":"WebPage","@id":"https:\/\/www.estrategiaconcursos.com.br\/blog\/concurso-pm-mg-edital-publicado\/","url":"https:\/\/www.estrategiaconcursos.com.br\/blog\/concurso-pm-mg-edital-publicado\/","name":"Edital PM MG publicado! S\u00e3o 3 mil vagas de Soldado e Oficial","isPartOf":{"@id":"https:\/\/www.estrategiaconcursos.com.br\/blog\/#website"},"primaryImageOfPage":{"@id":"https:\/\/www.estrategiaconcursos.com.br\/blog\/concurso-pm-mg-edital-publicado\/#primaryimage"},"image":{"@id":"https:\/\/www.estrategiaconcursos.com.br\/blog\/concurso-pm-mg-edital-publicado\/#primaryimage"},"thumbnailUrl":"https:\/\/dhg1h5j42swfq.cloudfront.net\/2021\/06\/14143117\/pm-mg.jpg","datePublished":"2023-04-03T09:59:00+00:00","dateModified":"2023-11-07T15:14:40+00:00","description":"Edital PM MG \u00e9 publicado com 3.001 vagas de n\u00edvel superior! Acesse o site e confira todos os detalhes do concurso!","breadcrumb":{"@id":"https:\/\/www.estrategiaconcursos.com.br\/blog\/concurso-pm-mg-edital-publicado\/#breadcrumb"},"inLanguage":"pt-BR","potentialAction":[{"@type":"ReadAction","target":["https:\/\/www.estrategiaconcursos.com.br\/blog\/concurso-pm-mg-edital-publicado\/"]}]},{"@type":"ImageObject","inLanguage":"pt-BR","@id":"https:\/\/www.estrategiaconcursos.com.br\/blog\/concurso-pm-mg-edital-publicado\/#primaryimage","url":"https:\/\/dhg1h5j42swfq.cloudfront.net\/2021\/06\/14143117\/pm-mg.jpg","contentUrl":"https:\/\/dhg1h5j42swfq.cloudfront.net\/2021\/06\/14143117\/pm-mg.jpg","width":768,"height":432,"caption":"concurso pm mg"},{"@type":"BreadcrumbList","@id":"https:\/\/www.estrategiaconcursos.com.br\/blog\/concurso-pm-mg-edital-publicado\/#breadcrumb","itemListElement":[{"@type":"ListItem","position":1,"name":"In\u00edcio","item":"https:\/\/www.estrategiaconcursos.com.br\/blog\/"},{"@type":"ListItem","position":2,"name":"Edital PM MG publicado! S\u00e3o 3 mil vagas de Soldado e Oficial"}]},{"@type":"WebSite","@id":"https:\/\/www.estrategiaconcursos.com.br\/blog\/#website","url":"https:\/\/www.estrategiaconcursos.com.br\/blog\/","name":"Estrat\u00e9gia Concursos","description":"O blog da Estrat\u00e9gia Concursos traz not\u00edcias sobre concursos e artigos de professores oferecendo cursos para concursos (pdf + videaulas) no site.","publisher":{"@id":"https:\/\/www.estrategiaconcursos.com.br\/blog\/#organization"},"potentialAction":[{"@type":"SearchAction","target":{"@type":"EntryPoint","urlTemplate":"https:\/\/www.estrategiaconcursos.com.br\/blog\/?s={search_term_string}"},"query-input":{"@type":"PropertyValueSpecification","valueRequired":true,"valueName":"search_term_string"}}],"inLanguage":"pt-BR"},{"@type":"Organization","@id":"https:\/\/www.estrategiaconcursos.com.br\/blog\/#organization","name":"Estrat\u00e9gia Concursos","url":"https:\/\/www.estrategiaconcursos.com.br\/blog\/","logo":{"@type":"ImageObject","inLanguage":"pt-BR","@id":"https:\/\/www.estrategiaconcursos.com.br\/blog\/#\/schema\/logo\/image\/","url":"https:\/\/dhg1h5j42swfq.cloudfront.net\/2025\/06\/03203428\/logo_concursos-1.jpg","contentUrl":"https:\/\/dhg1h5j42swfq.cloudfront.net\/2025\/06\/03203428\/logo_concursos-1.jpg","width":230,"height":60,"caption":"Estrat\u00e9gia Concursos"},"image":{"@id":"https:\/\/www.estrategiaconcursos.com.br\/blog\/#\/schema\/logo\/image\/"},"sameAs":["https:\/\/x.com\/EstratConcursos"]},{"@type":"Person","@id":"https:\/\/www.estrategiaconcursos.com.br\/blog\/#\/schema\/person\/6630f91134abc08115cca62ce6372855","name":"Bruna de Andrade Fran\u00e7a","image":{"@type":"ImageObject","inLanguage":"pt-BR","@id":"https:\/\/secure.gravatar.com\/avatar\/d6316d36d50cea0fadae28ed3015b8870cc90a2d3d8a95c37b44006af36a00e3?s=96&d=mm&r=g","url":"https:\/\/secure.gravatar.com\/avatar\/d6316d36d50cea0fadae28ed3015b8870cc90a2d3d8a95c37b44006af36a00e3?s=96&d=mm&r=g","contentUrl":"https:\/\/secure.gravatar.com\/avatar\/d6316d36d50cea0fadae28ed3015b8870cc90a2d3d8a95c37b44006af36a00e3?s=96&d=mm&r=g","caption":"Bruna de Andrade Fran\u00e7a"},"description":"Bruna de Andrade Fran\u00e7a \u00e9 publicit\u00e1ria com p\u00f3s-gradua\u00e7\u00e3o em Marketing &amp; Growth, atuando h\u00e1 mais de 6 anos no universo dos concursos p\u00fablicos. Desde 2021, lidera no Blog do Estrat\u00e9gia Concursos a cobertura editorial especializada em Concursos Policiais (PF, PRF, PM, PC, etc.), al\u00e9m das frentes de concursos banc\u00e1rios, de sa\u00fade e da \u00e1rea legislativa. Especialista em reda\u00e7\u00e3o, com pr\u00e1ticas de SEO e Copywriting, possui tamb\u00e9m atua\u00e7\u00e3o pr\u00e1tica de contato direto com \u00f3rg\u00e3os p\u00fablicos respons\u00e1veis por editais, permitindo acesso antecipado a informa\u00e7\u00f5es, desdobramentos importantes e atualiza\u00e7\u00e3o eficiente dos concursos p\u00fablicos.","url":"https:\/\/www.estrategiaconcursos.com.br\/blog\/author\/bruna-andrade\/"}]}},"_links":{"self":[{"href":"https:\/\/www.estrategiaconcursos.com.br\/blog\/wp-json\/wp\/v2\/posts\/1145224","targetHints":{"allow":["GET"]}}],"collection":[{"href":"https:\/\/www.estrategiaconcursos.com.br\/blog\/wp-json\/wp\/v2\/posts"}],"about":[{"href":"https:\/\/www.estrategiaconcursos.com.br\/blog\/wp-json\/wp\/v2\/types\/post"}],"author":[{"embeddable":true,"href":"https:\/\/www.estrategiaconcursos.com.br\/blog\/wp-json\/wp\/v2\/users\/1206"}],"replies":[{"embeddable":true,"href":"https:\/\/www.estrategiaconcursos.com.br\/blog\/wp-json\/wp\/v2\/comments?post=1145224"}],"version-history":[{"count":39,"href":"https:\/\/www.estrategiaconcursos.com.br\/blog\/wp-json\/wp\/v2\/posts\/1145224\/revisions"}],"predecessor-version":[{"id":1303277,"href":"https:\/\/www.estrategiaconcursos.com.br\/blog\/wp-json\/wp\/v2\/posts\/1145224\/revisions\/1303277"}],"wp:featuredmedia":[{"embeddable":true,"href":"https:\/\/www.estrategiaconcursos.com.br\/blog\/wp-json\/wp\/v2\/media\/766552"}],"wp:attachment":[{"href":"https:\/\/www.estrategiaconcursos.com.br\/blog\/wp-json\/wp\/v2\/media?parent=1145224"}],"wp:term":[{"taxonomy":"category","embeddable":true,"href":"https:\/\/www.estrategiaconcursos.com.br\/blog\/wp-json\/wp\/v2\/categories?post=1145224"},{"taxonomy":"post_tag","embeddable":true,"href":"https:\/\/www.estrategiaconcursos.com.br\/blog\/wp-json\/wp\/v2\/tags?post=1145224"},{"taxonomy":"tax_estado","embeddable":true,"href":"https:\/\/www.estrategiaconcursos.com.br\/blog\/wp-json\/wp\/v2\/tax_estado?post=1145224"}],"curies":[{"name":"wp","href":"https:\/\/api.w.org\/{rel}","templated":true}]}}