{"id":1144992,"date":"2022-12-30T10:57:15","date_gmt":"2022-12-30T13:57:15","guid":{"rendered":"https:\/\/www.estrategiaconcursos.com.br\/blog\/?p=1144992"},"modified":"2023-01-02T12:02:37","modified_gmt":"2023-01-02T15:02:37","slug":"concurso-uff-edital-publicado","status":"publish","type":"post","link":"https:\/\/www.estrategiaconcursos.com.br\/blog\/concurso-uff-edital-publicado\/","title":{"rendered":"Edital UFF publicado! 186 vagas de n\u00edveis m\u00e9dio e superior"},"content":{"rendered":"\n<p>Foi publicado o <strong>edital UFF<\/strong>! Conforme o documento, a <a href=\"https:\/\/www.estrategiaconcursos.com.br\/cursos\/concurso\/\" target=\"_blank\" rel=\"noreferrer noopener\">Universidade Federal Fluminense<\/a> oferece <strong>186 vagas<\/strong> para diversos cargos de n\u00edveis m\u00e9dio e superior. <\/p>\n\n\n\n<p>Os sal\u00e1rios iniciais variam de <span style=\"font-size: revert; color: initial;\"><strong>&nbsp;R$ 2.446,96 <\/strong>a <\/span><strong>R$ 4.180,66<\/strong>. Os interessados em participar da sele\u00e7\u00e3o devem realizar as inscri\u00e7\u00f5es no per\u00edodo de 01 a 23 de mar\u00e7o, no site da banca organizadora, Coseac\/UFF. <\/p>\n\n\n\n<p>As taxas foram definidas de acordo com o cargo pretendido, sendo:<\/p>\n\n\n\n<ul class=\"wp-block-list\"><li><strong>Cargos do N\u00edvel de Classifica\u00e7\u00e3o D \u2013 R$ 100,00<\/strong><\/li><li><strong>Cargos do N\u00edvel de Classifica\u00e7\u00e3o E \u2013 R$ 160,00<\/strong><\/li><\/ul>\n\n\n\n<ul class=\"has-very-light-gray-to-cyan-bluish-gray-gradient-background has-background wp-block-list\"><li><strong style=\"background-color: initial; color: initial;\">Banca:<\/strong> Coseac\/UFF<\/li><li><strong>Vagas:<\/strong> 186<\/li><li><strong>Cargo<\/strong>: diversos <\/li><li><strong>Sal\u00e1rio inicial:<\/strong> at\u00e9 R$ 4.180,66 + benef\u00edcios<\/li><li><strong>Editais<\/strong>: <a href=\"https:\/\/dhg1h5j42swfq.cloudfront.net\/2022\/12\/30104304\/edital-uff.pdf\" target=\"_blank\" rel=\"noreferrer noopener nofollow\">UFF<\/a><\/li><\/ul>\n\n\n\n<div class=\"container\" id=\"boxes\">\n  <div class=\"row\">\n\n    <div class=\"col-sm\">\n      <div class=\"banner-estrategia\" id=\"box-assinatura\">\n        <h3 class=\"titulo-assinatura\">Cursos para concursos<\/h3>\n        <p class=\"subtitulo-assinatura\">Estude conosco<\/p>\n        <div class=\"box-botao\">\n          <a class=\"btn-assinatura\" target=\"_blank\" href=\"https:\/\/www.estrategiaconcursos.com.br\/cursos\/\" role=\"button\" rel=\"noopener noreferrer\">Conhe\u00e7a os cursos<\/a>\n        <\/div>\n      <\/div>\n     \n    <\/div>\n\n  <\/div>\n<\/div>\n\n\n\n<h2 class=\"wp-block-heading\" id=\"datas\">Principais datas do edital UFF<\/h2>\n\n\n\n<ul class=\"has-cyan-bluish-gray-background-color has-background wp-block-list\"><li><strong>Inscri\u00e7\u00f5es<\/strong>: 01 a 23 de mar\u00e7o<\/li><li><strong>Isen\u00e7\u00e3o<\/strong>: 06 a 08 de mar\u00e7o<\/li><li><strong>Prova<\/strong>: 16 e 30 de abril (a depender do cargo)<\/li><\/ul>\n\n\n\n<h2 class=\"wp-block-heading\" id=\"cargos-vagas\">Vagas e cargos do edital UFF<\/h2>\n\n\n\n<p>Ao todo, o edital oferta 186 vagas para as seguintes localidades:<\/p>\n\n\n\n<ul class=\"wp-block-list\"><li>159 vagas para Niter\u00f3i;<\/li><li>1 vaga para Angra dos Reis;&nbsp;<\/li><li>1 vaga para Cachoeiras de Macacu;&nbsp;<\/li><li>4 vagas para Campos dos Goytacazes;&nbsp;<\/li><li>2 vagas para Maca\u00e9;<\/li><li>2 vagas para Nova Friburgo;<\/li><li>5 vagas para Petr\u00f3polis;<\/li><li>4 vagas para Rio das Ostras;<\/li><li>3 vagas para Santo Ant\u00f4nio de P\u00e1dua; e<\/li><li>5 vagas para Volta Redonda. <\/li><\/ul>\n\n\n\n<p>As oportunidades s\u00e3o para os seguintes cargos:<\/p>\n\n\n\n<ul class=\"wp-block-list\"><li>Analista de Tecnologia da Informa\u00e7\u00e3o;<\/li><li>Arquiteto e Urbanista;<\/li><li>Contador;<\/li><li>Engenheiro\/\u00c1rea: Civil;<\/li><li>Engenheiro\/\u00c1rea: El\u00e9trica;<\/li><li>Engenheiro de Seguran\u00e7a do Trabalho;<\/li><li>Fisioterapeuta;<\/li><li>Fonoaudi\u00f3logo;<\/li><li>Nutricionista\/Habilita\u00e7\u00e3o: Cl\u00ednica;<\/li><li>M\u00e9dico\/\u00c1rea: Cl\u00ednica M\u00e9dica;<\/li><li>M\u00e9dico\/\u00c1rea: Medicina do Trabalho;<\/li><li>M\u00e9dico\/\u00c1rea: Urologia;<\/li><li>M\u00e9dico Veterin\u00e1rio;<\/li><li>T\u00e9cnico de Laborat\u00f3rio\/\u00c1rea: Biotecnologia;<\/li><li>T\u00e9cnico de Laborat\u00f3rio\/\u00c1rea: Edifica\u00e7\u00f5es;<\/li><li>T\u00e9cnico de Laborat\u00f3rio\/\u00c1rea: Histologia;<\/li><li>T\u00e9cnico de Laborat\u00f3rio\/\u00c1rea: Inform\u00e1tica;<\/li><li>T\u00e9cnico de Laborat\u00f3rio\/\u00c1rea: Mec\u00e2nica;<\/li><li>T\u00e9cnico de Laborat\u00f3rio\/\u00c1rea: Museologia;<\/li><li>T\u00e9cnico de Tecnologia da Informa\u00e7\u00e3o;<\/li><li>T\u00e9cnico em Agropecu\u00e1ria;<\/li><li>T\u00e9cnico em Contabilidade;<\/li><li>T\u00e9cnico em Enfermagem;<\/li><li>T\u00e9cnico em Farm\u00e1cia;<\/li><li>Assistente Social;<\/li><li>Historiador;<\/li><li>Pedagogo;<\/li><li>Soci\u00f3logo;<\/li><li>T\u00e9cnico em Assuntos Educacionais;<\/li><li>Tecn\u00f3logo\/Forma\u00e7\u00e3o: Comunica\u00e7\u00e3o Social;<\/li><li>Tecn\u00f3logo\/Forma\u00e7\u00e3o: Gest\u00e3o P\u00fablica; e<\/li><li>Assistente em Administra\u00e7\u00e3o.<\/li><\/ul>\n\n\n\n<h2 class=\"wp-block-heading\">Remunera\u00e7\u00f5es do edital UFF<\/h2>\n\n\n\n<p>As remunera\u00e7\u00f5es s\u00e3o de R$ 4.180,66 para cargos do N\u00edvel de Classifica\u00e7\u00e3o E e R$ 2.446,96 para cargos do N\u00edvel de Classifica\u00e7\u00e3o D.<\/p>\n\n\n\n<p>Os aprovados ter\u00e3o direito ainda:<\/p>\n\n\n\n<ul class=\"wp-block-list\"><li>aux\u00edlio-alimenta\u00e7\u00e3o;<\/li><li>aux\u00edlio-transporte;<\/li><li>aux\u00edlio pr\u00e9-escolar;<\/li><li>ressarcimento de plano de sa\u00fade; e<\/li><li>demais vantagens previstas no Plano de Carreira dos Cargos T\u00e9cnico-Administrativos em Educa\u00e7\u00e3o. <\/li><\/ul>\n\n\n\n<h2 class=\"wp-block-heading\" id=\"etapas\">Etapas e provas do edital UFF<\/h2>\n\n\n\n<p>A sele\u00e7\u00e3o dos candidatos inscritos no edital UFF se dar\u00e1 mediante aplica\u00e7\u00e3o da seguinte etapa:<\/p>\n\n\n\n<ul class=\"wp-block-list\"><li>Prova preambular (objetiva) \u2013 eliminat\u00f3rio e classificat\u00f3rio.<\/li><\/ul>\n\n\n\n<h3 class=\"wp-block-heading\" id=\"objetiva\">Provas Objetivas<\/h3>\n\n\n\n<p>Os candidatos que desejam se candidatar no edital UFF ser\u00e3o submetidos a provas objetivas, previstas para os dias 16 (cargos de classifica\u00e7\u00e3o de n\u00edvel D) e 30 de abril (cargos de classifica\u00e7\u00e3o de n\u00edvel E).<\/p>\n\n\n\n<p>O Candidato dever\u00e1 apresentar-se ao local da Prova Escrita \u00e0s 8 horas, sendo sua entrada permitida at\u00e9 as 8 horas e 40 minutos. O tempo para o Candidato realizar a Prova ser\u00e1, no m\u00ednimo, de 1 hora e 30 minutos e, no m\u00e1ximo, de 4 horas e 30 minutos.<\/p>\n\n\n\n<p>Para os cargos de&nbsp;assistente em administra\u00e7\u00e3o, administrador, assistente social, historiador, pedagogo, soci\u00f3logo, t\u00e9cnico em assuntos educacionais, tecn\u00f3logo em comunica\u00e7\u00e3o social e tecn\u00f3logo em gest\u00e3o p\u00fablica, a prova objetiva contar\u00e1 com 55 quest\u00f5es e mais reda\u00e7\u00e3o. J\u00e1 para as demais fun\u00e7\u00f5es, a prova objetiva ser\u00e1 composta de 65 quest\u00f5es.<\/p>\n\n\n\n<p>O conte\u00fado program\u00e1tico deve ser divulgado at\u00e9 o dia 15 de janeiro de 2023.<\/p>\n\n\n\n<p><\/p>\n\n\n\n<p class=\"has-text-align-center has-cyan-bluish-gray-background-color has-background has-medium-font-size\"><strong>Saiba mais: <a href=\"https:\/\/www.estrategiaconcursos.com.br\/blog\/concurso-uff\/\" target=\"_blank\" rel=\"noreferrer noopener\">Concurso UFF<\/a><\/strong><\/p>\n\n\n\n<h2 class=\"has-text-align-center wp-block-heading\" id=\"h-quer-saber-tudo-sobre-concursos-previstos-confira-nossos-artigos\">Quer saber tudo sobre concursos previstos?<br \/>Confira  nossos artigos!<\/h2>\n\n\n\n<ul class=\"wp-block-list\"><li><a href=\"https:\/\/www.estrategiaconcursos.com.br\/blog\/concursos-abertos\/\" target=\"_blank\" rel=\"noreferrer noopener\">Concursos abertos<\/a><\/li><li><a href=\"https:\/\/www.estrategiaconcursos.com.br\/blog\/concursos-2022\/\" target=\"_blank\" rel=\"noreferrer noopener\">Concursos 2022<\/a><\/li><li><a href=\"https:\/\/www.estrategiaconcursos.com.br\/blog\/concursos-2023\/\" target=\"_blank\" rel=\"noreferrer noopener\">Concursos 2023<\/a><\/li><\/ul>\n\n\n\n<figure class=\"wp-block-image size-large is-resized\"><img loading=\"lazy\" decoding=\"async\" src=\"https:\/\/dhg1h5j42swfq.cloudfront.net\/2025\/06\/27101122\/ficha-tecnica-1-1024x632.png\" alt=\"Informa\u00e7\u00f5es do edital UFF\" class=\"wp-image-702728\" width=\"269\" height=\"166\" srcset=\"https:\/\/dhg1h5j42swfq.cloudfront.net\/2025\/06\/27101122\/ficha-tecnica-1-1024x632.png 1024w, https:\/\/dhg1h5j42swfq.cloudfront.net\/2025\/06\/27101122\/ficha-tecnica-1-300x185.png 300w, https:\/\/dhg1h5j42swfq.cloudfront.net\/2025\/06\/27101122\/ficha-tecnica-1-768x474.png 768w, https:\/\/dhg1h5j42swfq.cloudfront.net\/2025\/06\/27101122\/ficha-tecnica-1-1536x948.png 1536w, https:\/\/dhg1h5j42swfq.cloudfront.net\/2025\/06\/27101122\/ficha-tecnica-1-610x377.png 610w, https:\/\/dhg1h5j42swfq.cloudfront.net\/2025\/06\/27101122\/ficha-tecnica-1.png 1571w\" sizes=\"auto, (max-width: 269px) 100vw, 269px\" \/><\/figure>\n\n\n\n<h3 class=\"wp-block-heading\" id=\"block-ba1614b5-988b-41ef-892d-f4c9f7e9dd42\">Informa\u00e7\u00f5es do edital UFF<\/h3>\n\n\n\n<ul class=\"wp-block-list\" id=\"block-46dd482c-33cf-409c-8762-75c111403f14\"><li><strong>Inscri\u00e7\u00f5es<\/strong>: 01 a 23 de mar\u00e7o<\/li><li><strong>Provas<\/strong>: 16 e 30 de abril (a depender do cargo)<\/li><li><strong>Vagas<\/strong>: 186<\/li><li><strong>Cargos<\/strong>: diversos <\/li><li><strong>Banca<\/strong>: Coseac\/UFF<\/li><li><strong>Escolaridade<\/strong>: m\u00e9dio e superior <\/li><li><strong>Edital<\/strong>:&nbsp;<a href=\"https:\/\/dhg1h5j42swfq.cloudfront.net\/2022\/12\/30104304\/edital-uff.pdf\" target=\"_blank\" rel=\"noreferrer noopener nofollow\">UFF<\/a><\/li><\/ul>\n\n\n\n<div class=\"container\" id=\"boxes\">\n  <div class=\"row\">\n\n    <div class=\"col-sm\">\n      <div class=\"estrategia\" id=\"box-assinatura\">\n        <h3 class=\"titulo-assinatura\">Assinatura de Concursos<\/h3>\n        <p class=\"subtitulo-assinatura\">Assinatura de 1 ano ou 2 anos<\/p>\n        <div class=\"box-botao\">\n          <a class=\"btn-assinatura\" target=\"_blank\" href=\"https:\/\/www.estrategiaconcursos.com.br\/assinaturas\/\" role=\"button\" rel=\"noopener noreferrer\">ASSINE AGORA<\/a>\n        <\/div>\n      <\/div>\n     \n    <\/div><\/div><\/div>\n","protected":false},"excerpt":{"rendered":"<p>Foi publicado o edital UFF! Conforme o documento, a Universidade Federal Fluminense oferece 186 vagas para diversos cargos de n\u00edveis m\u00e9dio e superior. Os sal\u00e1rios iniciais variam de &nbsp;R$ 2.446,96 a R$ 4.180,66. Os interessados em participar da sele\u00e7\u00e3o devem realizar as inscri\u00e7\u00f5es no per\u00edodo de 01 a 23 de mar\u00e7o, no site da banca [&hellip;]<\/p>\n","protected":false},"author":2375,"featured_media":728676,"comment_status":"open","ping_status":"closed","sticky":false,"template":"","format":"standard","meta":{"post_tipo":"news","footnotes":""},"categories":[3766,220219],"tags":[],"tax_estado":[219982],"class_list":["post-1144992","post","type-post","status-publish","format-standard","has-post-thumbnail","hentry","category-educacional","category-noticias","tax_estado-rj"],"acf":[],"yoast_head":"<!-- This site is optimized with the Yoast SEO Premium plugin v27.2 (Yoast SEO v27.2) - https:\/\/yoast.com\/product\/yoast-seo-premium-wordpress\/ -->\n<title>Edital UFF publicado! 186 vagas de n\u00edveis m\u00e9dio e superior<\/title>\n<meta name=\"description\" content=\"Edital UFF \u00e9 publicado com a oferta de vagas para cargos de n\u00edveis m\u00e9dio e superior. Acesse e confira os detalhes completos!\" \/>\n<meta name=\"robots\" content=\"index, follow, max-snippet:-1, max-image-preview:large, max-video-preview:-1\" \/>\n<link rel=\"canonical\" href=\"https:\/\/www.estrategiaconcursos.com.br\/blog\/concurso-uff-edital-publicado\/\" \/>\n<meta property=\"og:locale\" content=\"pt_BR\" \/>\n<meta property=\"og:type\" content=\"article\" \/>\n<meta property=\"og:title\" content=\"Edital UFF publicado! 186 vagas de n\u00edveis m\u00e9dio e superior\" \/>\n<meta property=\"og:description\" content=\"Edital UFF \u00e9 publicado com a oferta de vagas para cargos de n\u00edveis m\u00e9dio e superior. Acesse e confira os detalhes completos!\" \/>\n<meta property=\"og:url\" content=\"https:\/\/www.estrategiaconcursos.com.br\/blog\/concurso-uff-edital-publicado\/\" \/>\n<meta property=\"og:site_name\" content=\"Estrat\u00e9gia Concursos\" \/>\n<meta property=\"article:published_time\" content=\"2022-12-30T13:57:15+00:00\" \/>\n<meta property=\"article:modified_time\" content=\"2023-01-02T15:02:37+00:00\" \/>\n<meta property=\"og:image\" content=\"https:\/\/dhg1h5j42swfq.cloudfront.net\/2021\/04\/30200018\/uff.jpg\" \/>\n\t<meta property=\"og:image:width\" content=\"1200\" \/>\n\t<meta property=\"og:image:height\" content=\"628\" \/>\n\t<meta property=\"og:image:type\" content=\"image\/jpeg\" \/>\n<meta name=\"author\" content=\"Priscila Almeida\" \/>\n<meta name=\"twitter:card\" content=\"summary_large_image\" \/>\n<meta name=\"twitter:creator\" content=\"@EstratConcursos\" \/>\n<meta name=\"twitter:site\" content=\"@EstratConcursos\" \/>\n<meta name=\"twitter:label1\" content=\"Escrito por\" \/>\n\t<meta name=\"twitter:data1\" content=\"Priscila Almeida\" \/>\n\t<meta name=\"twitter:label2\" content=\"Est. tempo de leitura\" \/>\n\t<meta name=\"twitter:data2\" content=\"3 minutos\" \/>\n<script type=\"application\/ld+json\" class=\"yoast-schema-graph\">{\"@context\":\"https:\/\/schema.org\",\"@graph\":[{\"@type\":\"NewsArticle\",\"@id\":\"https:\/\/www.estrategiaconcursos.com.br\/blog\/concurso-uff-edital-publicado\/#article\",\"isPartOf\":{\"@id\":\"https:\/\/www.estrategiaconcursos.com.br\/blog\/concurso-uff-edital-publicado\/\"},\"author\":{\"name\":\"Priscila Almeida\",\"@id\":\"https:\/\/www.estrategiaconcursos.com.br\/blog\/#\/schema\/person\/a06e841e501f2e1d8c49c4e8f066bfd1\"},\"headline\":\"Edital UFF publicado! 186 vagas de n\u00edveis m\u00e9dio e superior\",\"datePublished\":\"2022-12-30T13:57:15+00:00\",\"dateModified\":\"2023-01-02T15:02:37+00:00\",\"mainEntityOfPage\":{\"@id\":\"https:\/\/www.estrategiaconcursos.com.br\/blog\/concurso-uff-edital-publicado\/\"},\"wordCount\":695,\"commentCount\":0,\"publisher\":{\"@id\":\"https:\/\/www.estrategiaconcursos.com.br\/blog\/#organization\"},\"image\":{\"@id\":\"https:\/\/www.estrategiaconcursos.com.br\/blog\/concurso-uff-edital-publicado\/#primaryimage\"},\"thumbnailUrl\":\"https:\/\/dhg1h5j42swfq.cloudfront.net\/2021\/04\/30200018\/uff.jpg\",\"articleSection\":[\"Educa\u00e7\u00e3o\",\"\u00daltimas not\u00edcias\"],\"inLanguage\":\"pt-BR\",\"potentialAction\":[{\"@type\":\"CommentAction\",\"name\":\"Comment\",\"target\":[\"https:\/\/www.estrategiaconcursos.com.br\/blog\/concurso-uff-edital-publicado\/#respond\"]}],\"copyrightYear\":\"2022\",\"copyrightHolder\":{\"@id\":\"https:\/\/www.estrategiaconcursos.com.br\/blog\/#organization\"}},{\"@type\":\"WebPage\",\"@id\":\"https:\/\/www.estrategiaconcursos.com.br\/blog\/concurso-uff-edital-publicado\/\",\"url\":\"https:\/\/www.estrategiaconcursos.com.br\/blog\/concurso-uff-edital-publicado\/\",\"name\":\"Edital UFF publicado! 186 vagas de n\u00edveis m\u00e9dio e superior\",\"isPartOf\":{\"@id\":\"https:\/\/www.estrategiaconcursos.com.br\/blog\/#website\"},\"primaryImageOfPage\":{\"@id\":\"https:\/\/www.estrategiaconcursos.com.br\/blog\/concurso-uff-edital-publicado\/#primaryimage\"},\"image\":{\"@id\":\"https:\/\/www.estrategiaconcursos.com.br\/blog\/concurso-uff-edital-publicado\/#primaryimage\"},\"thumbnailUrl\":\"https:\/\/dhg1h5j42swfq.cloudfront.net\/2021\/04\/30200018\/uff.jpg\",\"datePublished\":\"2022-12-30T13:57:15+00:00\",\"dateModified\":\"2023-01-02T15:02:37+00:00\",\"description\":\"Edital UFF \u00e9 publicado com a oferta de vagas para cargos de n\u00edveis m\u00e9dio e superior. Acesse e confira os detalhes completos!\",\"breadcrumb\":{\"@id\":\"https:\/\/www.estrategiaconcursos.com.br\/blog\/concurso-uff-edital-publicado\/#breadcrumb\"},\"inLanguage\":\"pt-BR\",\"potentialAction\":[{\"@type\":\"ReadAction\",\"target\":[\"https:\/\/www.estrategiaconcursos.com.br\/blog\/concurso-uff-edital-publicado\/\"]}]},{\"@type\":\"ImageObject\",\"inLanguage\":\"pt-BR\",\"@id\":\"https:\/\/www.estrategiaconcursos.com.br\/blog\/concurso-uff-edital-publicado\/#primaryimage\",\"url\":\"https:\/\/dhg1h5j42swfq.cloudfront.net\/2021\/04\/30200018\/uff.jpg\",\"contentUrl\":\"https:\/\/dhg1h5j42swfq.cloudfront.net\/2021\/04\/30200018\/uff.jpg\",\"width\":1200,\"height\":628,\"caption\":\"concurso UFF suspenso\"},{\"@type\":\"BreadcrumbList\",\"@id\":\"https:\/\/www.estrategiaconcursos.com.br\/blog\/concurso-uff-edital-publicado\/#breadcrumb\",\"itemListElement\":[{\"@type\":\"ListItem\",\"position\":1,\"name\":\"In\u00edcio\",\"item\":\"https:\/\/www.estrategiaconcursos.com.br\/blog\/\"},{\"@type\":\"ListItem\",\"position\":2,\"name\":\"Edital UFF publicado! 186 vagas de n\u00edveis m\u00e9dio e superior\"}]},{\"@type\":\"WebSite\",\"@id\":\"https:\/\/www.estrategiaconcursos.com.br\/blog\/#website\",\"url\":\"https:\/\/www.estrategiaconcursos.com.br\/blog\/\",\"name\":\"Estrat\u00e9gia Concursos\",\"description\":\"O blog da Estrat\u00e9gia Concursos traz not\u00edcias sobre concursos e artigos de professores oferecendo cursos para concursos (pdf + videaulas) no site.\",\"publisher\":{\"@id\":\"https:\/\/www.estrategiaconcursos.com.br\/blog\/#organization\"},\"potentialAction\":[{\"@type\":\"SearchAction\",\"target\":{\"@type\":\"EntryPoint\",\"urlTemplate\":\"https:\/\/www.estrategiaconcursos.com.br\/blog\/?s={search_term_string}\"},\"query-input\":{\"@type\":\"PropertyValueSpecification\",\"valueRequired\":true,\"valueName\":\"search_term_string\"}}],\"inLanguage\":\"pt-BR\"},{\"@type\":\"Organization\",\"@id\":\"https:\/\/www.estrategiaconcursos.com.br\/blog\/#organization\",\"name\":\"Estrat\u00e9gia Concursos\",\"url\":\"https:\/\/www.estrategiaconcursos.com.br\/blog\/\",\"logo\":{\"@type\":\"ImageObject\",\"inLanguage\":\"pt-BR\",\"@id\":\"https:\/\/www.estrategiaconcursos.com.br\/blog\/#\/schema\/logo\/image\/\",\"url\":\"https:\/\/dhg1h5j42swfq.cloudfront.net\/2025\/06\/03203428\/logo_concursos-1.jpg\",\"contentUrl\":\"https:\/\/dhg1h5j42swfq.cloudfront.net\/2025\/06\/03203428\/logo_concursos-1.jpg\",\"width\":230,\"height\":60,\"caption\":\"Estrat\u00e9gia Concursos\"},\"image\":{\"@id\":\"https:\/\/www.estrategiaconcursos.com.br\/blog\/#\/schema\/logo\/image\/\"},\"sameAs\":[\"https:\/\/x.com\/EstratConcursos\"]},{\"@type\":\"Person\",\"@id\":\"https:\/\/www.estrategiaconcursos.com.br\/blog\/#\/schema\/person\/a06e841e501f2e1d8c49c4e8f066bfd1\",\"name\":\"Priscila Almeida\",\"image\":{\"@type\":\"ImageObject\",\"inLanguage\":\"pt-BR\",\"@id\":\"https:\/\/secure.gravatar.com\/avatar\/0a963c9e2a947fa675b669cea2b5d0ba6dd1cbf46b966190343b6c9973ad3337?s=96&d=mm&r=g\",\"url\":\"https:\/\/secure.gravatar.com\/avatar\/0a963c9e2a947fa675b669cea2b5d0ba6dd1cbf46b966190343b6c9973ad3337?s=96&d=mm&r=g\",\"contentUrl\":\"https:\/\/secure.gravatar.com\/avatar\/0a963c9e2a947fa675b669cea2b5d0ba6dd1cbf46b966190343b6c9973ad3337?s=96&d=mm&r=g\",\"caption\":\"Priscila Almeida\"},\"description\":\"Atua na \u00e1rea de concursos p\u00fablicos desde 2019. As editorias que mais t\u00eam familiaridade s\u00e3o: Tribunais (TJs; TRTs; TREs; TSTs; STJ, STF, STM e TSE); Defensorias; Minist\u00e9rios P\u00fablicos; Procuradorias; Educa\u00e7\u00e3o e Conselhos. Na \u00e1rea de comunica\u00e7\u00e3o, de maneira geral, a caminhada \u00e9 um pouco mais longa - desde 2007. Possui experi\u00eancia em reda\u00e7\u00f5es de r\u00e1dio, TV, Web e impresso, al\u00e9m de desenvolver trabalhos em assessorias de comunica\u00e7\u00e3o institucional, empresarial e p\u00fablicas. Entre outros trabalhos, se destacam a atua\u00e7\u00e3o nas \u00e1reas de Justi\u00e7a, Congresso, Esportes, Sa\u00fade, Agropecu\u00e1ria, Cidades e Avia\u00e7\u00e3o Civil.\",\"url\":\"https:\/\/www.estrategiaconcursos.com.br\/blog\/author\/priscila-almeidaestrategia-com\/\"}]}<\/script>\n<!-- \/ Yoast SEO Premium plugin. -->","yoast_head_json":{"title":"Edital UFF publicado! 186 vagas de n\u00edveis m\u00e9dio e superior","description":"Edital UFF \u00e9 publicado com a oferta de vagas para cargos de n\u00edveis m\u00e9dio e superior. Acesse e confira os detalhes completos!","robots":{"index":"index","follow":"follow","max-snippet":"max-snippet:-1","max-image-preview":"max-image-preview:large","max-video-preview":"max-video-preview:-1"},"canonical":"https:\/\/www.estrategiaconcursos.com.br\/blog\/concurso-uff-edital-publicado\/","og_locale":"pt_BR","og_type":"article","og_title":"Edital UFF publicado! 186 vagas de n\u00edveis m\u00e9dio e superior","og_description":"Edital UFF \u00e9 publicado com a oferta de vagas para cargos de n\u00edveis m\u00e9dio e superior. Acesse e confira os detalhes completos!","og_url":"https:\/\/www.estrategiaconcursos.com.br\/blog\/concurso-uff-edital-publicado\/","og_site_name":"Estrat\u00e9gia Concursos","article_published_time":"2022-12-30T13:57:15+00:00","article_modified_time":"2023-01-02T15:02:37+00:00","og_image":[{"width":1200,"height":628,"url":"https:\/\/dhg1h5j42swfq.cloudfront.net\/2021\/04\/30200018\/uff.jpg","type":"image\/jpeg"}],"author":"Priscila Almeida","twitter_card":"summary_large_image","twitter_creator":"@EstratConcursos","twitter_site":"@EstratConcursos","twitter_misc":{"Escrito por":"Priscila Almeida","Est. tempo de leitura":"3 minutos"},"schema":{"@context":"https:\/\/schema.org","@graph":[{"@type":"NewsArticle","@id":"https:\/\/www.estrategiaconcursos.com.br\/blog\/concurso-uff-edital-publicado\/#article","isPartOf":{"@id":"https:\/\/www.estrategiaconcursos.com.br\/blog\/concurso-uff-edital-publicado\/"},"author":{"name":"Priscila Almeida","@id":"https:\/\/www.estrategiaconcursos.com.br\/blog\/#\/schema\/person\/a06e841e501f2e1d8c49c4e8f066bfd1"},"headline":"Edital UFF publicado! 186 vagas de n\u00edveis m\u00e9dio e superior","datePublished":"2022-12-30T13:57:15+00:00","dateModified":"2023-01-02T15:02:37+00:00","mainEntityOfPage":{"@id":"https:\/\/www.estrategiaconcursos.com.br\/blog\/concurso-uff-edital-publicado\/"},"wordCount":695,"commentCount":0,"publisher":{"@id":"https:\/\/www.estrategiaconcursos.com.br\/blog\/#organization"},"image":{"@id":"https:\/\/www.estrategiaconcursos.com.br\/blog\/concurso-uff-edital-publicado\/#primaryimage"},"thumbnailUrl":"https:\/\/dhg1h5j42swfq.cloudfront.net\/2021\/04\/30200018\/uff.jpg","articleSection":["Educa\u00e7\u00e3o","\u00daltimas not\u00edcias"],"inLanguage":"pt-BR","potentialAction":[{"@type":"CommentAction","name":"Comment","target":["https:\/\/www.estrategiaconcursos.com.br\/blog\/concurso-uff-edital-publicado\/#respond"]}],"copyrightYear":"2022","copyrightHolder":{"@id":"https:\/\/www.estrategiaconcursos.com.br\/blog\/#organization"}},{"@type":"WebPage","@id":"https:\/\/www.estrategiaconcursos.com.br\/blog\/concurso-uff-edital-publicado\/","url":"https:\/\/www.estrategiaconcursos.com.br\/blog\/concurso-uff-edital-publicado\/","name":"Edital UFF publicado! 186 vagas de n\u00edveis m\u00e9dio e superior","isPartOf":{"@id":"https:\/\/www.estrategiaconcursos.com.br\/blog\/#website"},"primaryImageOfPage":{"@id":"https:\/\/www.estrategiaconcursos.com.br\/blog\/concurso-uff-edital-publicado\/#primaryimage"},"image":{"@id":"https:\/\/www.estrategiaconcursos.com.br\/blog\/concurso-uff-edital-publicado\/#primaryimage"},"thumbnailUrl":"https:\/\/dhg1h5j42swfq.cloudfront.net\/2021\/04\/30200018\/uff.jpg","datePublished":"2022-12-30T13:57:15+00:00","dateModified":"2023-01-02T15:02:37+00:00","description":"Edital UFF \u00e9 publicado com a oferta de vagas para cargos de n\u00edveis m\u00e9dio e superior. Acesse e confira os detalhes completos!","breadcrumb":{"@id":"https:\/\/www.estrategiaconcursos.com.br\/blog\/concurso-uff-edital-publicado\/#breadcrumb"},"inLanguage":"pt-BR","potentialAction":[{"@type":"ReadAction","target":["https:\/\/www.estrategiaconcursos.com.br\/blog\/concurso-uff-edital-publicado\/"]}]},{"@type":"ImageObject","inLanguage":"pt-BR","@id":"https:\/\/www.estrategiaconcursos.com.br\/blog\/concurso-uff-edital-publicado\/#primaryimage","url":"https:\/\/dhg1h5j42swfq.cloudfront.net\/2021\/04\/30200018\/uff.jpg","contentUrl":"https:\/\/dhg1h5j42swfq.cloudfront.net\/2021\/04\/30200018\/uff.jpg","width":1200,"height":628,"caption":"concurso UFF suspenso"},{"@type":"BreadcrumbList","@id":"https:\/\/www.estrategiaconcursos.com.br\/blog\/concurso-uff-edital-publicado\/#breadcrumb","itemListElement":[{"@type":"ListItem","position":1,"name":"In\u00edcio","item":"https:\/\/www.estrategiaconcursos.com.br\/blog\/"},{"@type":"ListItem","position":2,"name":"Edital UFF publicado! 186 vagas de n\u00edveis m\u00e9dio e superior"}]},{"@type":"WebSite","@id":"https:\/\/www.estrategiaconcursos.com.br\/blog\/#website","url":"https:\/\/www.estrategiaconcursos.com.br\/blog\/","name":"Estrat\u00e9gia Concursos","description":"O blog da Estrat\u00e9gia Concursos traz not\u00edcias sobre concursos e artigos de professores oferecendo cursos para concursos (pdf + videaulas) no site.","publisher":{"@id":"https:\/\/www.estrategiaconcursos.com.br\/blog\/#organization"},"potentialAction":[{"@type":"SearchAction","target":{"@type":"EntryPoint","urlTemplate":"https:\/\/www.estrategiaconcursos.com.br\/blog\/?s={search_term_string}"},"query-input":{"@type":"PropertyValueSpecification","valueRequired":true,"valueName":"search_term_string"}}],"inLanguage":"pt-BR"},{"@type":"Organization","@id":"https:\/\/www.estrategiaconcursos.com.br\/blog\/#organization","name":"Estrat\u00e9gia Concursos","url":"https:\/\/www.estrategiaconcursos.com.br\/blog\/","logo":{"@type":"ImageObject","inLanguage":"pt-BR","@id":"https:\/\/www.estrategiaconcursos.com.br\/blog\/#\/schema\/logo\/image\/","url":"https:\/\/dhg1h5j42swfq.cloudfront.net\/2025\/06\/03203428\/logo_concursos-1.jpg","contentUrl":"https:\/\/dhg1h5j42swfq.cloudfront.net\/2025\/06\/03203428\/logo_concursos-1.jpg","width":230,"height":60,"caption":"Estrat\u00e9gia Concursos"},"image":{"@id":"https:\/\/www.estrategiaconcursos.com.br\/blog\/#\/schema\/logo\/image\/"},"sameAs":["https:\/\/x.com\/EstratConcursos"]},{"@type":"Person","@id":"https:\/\/www.estrategiaconcursos.com.br\/blog\/#\/schema\/person\/a06e841e501f2e1d8c49c4e8f066bfd1","name":"Priscila Almeida","image":{"@type":"ImageObject","inLanguage":"pt-BR","@id":"https:\/\/secure.gravatar.com\/avatar\/0a963c9e2a947fa675b669cea2b5d0ba6dd1cbf46b966190343b6c9973ad3337?s=96&d=mm&r=g","url":"https:\/\/secure.gravatar.com\/avatar\/0a963c9e2a947fa675b669cea2b5d0ba6dd1cbf46b966190343b6c9973ad3337?s=96&d=mm&r=g","contentUrl":"https:\/\/secure.gravatar.com\/avatar\/0a963c9e2a947fa675b669cea2b5d0ba6dd1cbf46b966190343b6c9973ad3337?s=96&d=mm&r=g","caption":"Priscila Almeida"},"description":"Atua na \u00e1rea de concursos p\u00fablicos desde 2019. As editorias que mais t\u00eam familiaridade s\u00e3o: Tribunais (TJs; TRTs; TREs; TSTs; STJ, STF, STM e TSE); Defensorias; Minist\u00e9rios P\u00fablicos; Procuradorias; Educa\u00e7\u00e3o e Conselhos. Na \u00e1rea de comunica\u00e7\u00e3o, de maneira geral, a caminhada \u00e9 um pouco mais longa - desde 2007. Possui experi\u00eancia em reda\u00e7\u00f5es de r\u00e1dio, TV, Web e impresso, al\u00e9m de desenvolver trabalhos em assessorias de comunica\u00e7\u00e3o institucional, empresarial e p\u00fablicas. Entre outros trabalhos, se destacam a atua\u00e7\u00e3o nas \u00e1reas de Justi\u00e7a, Congresso, Esportes, Sa\u00fade, Agropecu\u00e1ria, Cidades e Avia\u00e7\u00e3o Civil.","url":"https:\/\/www.estrategiaconcursos.com.br\/blog\/author\/priscila-almeidaestrategia-com\/"}]}},"_links":{"self":[{"href":"https:\/\/www.estrategiaconcursos.com.br\/blog\/wp-json\/wp\/v2\/posts\/1144992","targetHints":{"allow":["GET"]}}],"collection":[{"href":"https:\/\/www.estrategiaconcursos.com.br\/blog\/wp-json\/wp\/v2\/posts"}],"about":[{"href":"https:\/\/www.estrategiaconcursos.com.br\/blog\/wp-json\/wp\/v2\/types\/post"}],"author":[{"embeddable":true,"href":"https:\/\/www.estrategiaconcursos.com.br\/blog\/wp-json\/wp\/v2\/users\/2375"}],"replies":[{"embeddable":true,"href":"https:\/\/www.estrategiaconcursos.com.br\/blog\/wp-json\/wp\/v2\/comments?post=1144992"}],"version-history":[{"count":5,"href":"https:\/\/www.estrategiaconcursos.com.br\/blog\/wp-json\/wp\/v2\/posts\/1144992\/revisions"}],"predecessor-version":[{"id":1145747,"href":"https:\/\/www.estrategiaconcursos.com.br\/blog\/wp-json\/wp\/v2\/posts\/1144992\/revisions\/1145747"}],"wp:featuredmedia":[{"embeddable":true,"href":"https:\/\/www.estrategiaconcursos.com.br\/blog\/wp-json\/wp\/v2\/media\/728676"}],"wp:attachment":[{"href":"https:\/\/www.estrategiaconcursos.com.br\/blog\/wp-json\/wp\/v2\/media?parent=1144992"}],"wp:term":[{"taxonomy":"category","embeddable":true,"href":"https:\/\/www.estrategiaconcursos.com.br\/blog\/wp-json\/wp\/v2\/categories?post=1144992"},{"taxonomy":"post_tag","embeddable":true,"href":"https:\/\/www.estrategiaconcursos.com.br\/blog\/wp-json\/wp\/v2\/tags?post=1144992"},{"taxonomy":"tax_estado","embeddable":true,"href":"https:\/\/www.estrategiaconcursos.com.br\/blog\/wp-json\/wp\/v2\/tax_estado?post=1144992"}],"curies":[{"name":"wp","href":"https:\/\/api.w.org\/{rel}","templated":true}]}}