{"id":1144814,"date":"2022-12-30T07:32:43","date_gmt":"2022-12-30T10:32:43","guid":{"rendered":"https:\/\/www.estrategiaconcursos.com.br\/blog\/?p=1144814"},"modified":"2023-01-26T16:20:10","modified_gmt":"2023-01-26T19:20:10","slug":"concurso-ifto-tae-professor-edital-publicado","status":"publish","type":"post","link":"https:\/\/www.estrategiaconcursos.com.br\/blog\/concurso-ifto-tae-professor-edital-publicado\/","title":{"rendered":"Edital IFTO publicado! 56 vagas e inicial de at\u00e9 R$ 9,6 mil"},"content":{"rendered":"\n<p>Est\u00e3o encerradas as inscri\u00e7\u00f5es do <strong>edital IFTO<\/strong>! Conforme o documento, o <a href=\"https:\/\/www.estrategiaconcursos.com.br\/cursosPorConcurso\/instituto-federal-do-tocantins-ifto\/\" target=\"_blank\" rel=\"noreferrer noopener\">Instituto Federal de Educa\u00e7\u00e3o, Ci\u00eancia e Tecnologia do Tocantins<\/a> oferece <strong>56 vagas<\/strong> para os cargos de T\u00e9cnico Administrativo em Educa\u00e7\u00e3o e Professor de Ensino B\u00e1sico, T\u00e9cnico e Tecn\u00f3logo.<\/p>\n\n\n\n<p>As oportunidades s\u00e3o de n\u00edveis m\u00e9dio e superior de forma\u00e7\u00e3o. Os sal\u00e1rios iniciais variam entre <strong>R$ 2.236,32<\/strong> e <strong>R$ 9.616,18<\/strong>. <\/p>\n\n\n\n<p>Os interessados em participar da sele\u00e7\u00e3o devem realizaram as inscri\u00e7\u00f5es no per\u00edodo de 03 a 17 de janeiro As taxas foram definidas de acordo com o cargo pretendido, sendo:<\/p>\n\n\n\n<ul class=\"wp-block-list\">\n<li>T\u00e9cnico Administrativo em Educa\u00e7\u00e3o \u2013 N\u00edvel D: R$ 110,00;<\/li>\n\n\n\n<li>T\u00e9cnico-Administrativo \u2013 N\u00edvel E: R$ 150,00; e <\/li>\n\n\n\n<li>Professor do Ensino B\u00e1sico, T\u00e9cnico e Tecnol\u00f3gico: R$ 190,00.<\/li>\n<\/ul>\n\n\n\n<ul class=\"wp-block-list\">\n<li><strong style=\"background-color: initial; color: initial;\">Banca:<\/strong> comiss\u00e3o pr\u00f3pria <\/li>\n\n\n\n<li><strong>Vagas:<\/strong> 56<\/li>\n\n\n\n<li><strong>Cargo<\/strong>: TAE e Professor <\/li>\n\n\n\n<li><strong>Sal\u00e1rio inicial:<\/strong> at\u00e9 R$ 9.616,18<\/li>\n\n\n\n<li><strong>Editais<\/strong>: <a href=\"https:\/\/dhg1h5j42swfq.cloudfront.net\/2022\/12\/30073111\/edital-publicado-ifto-1.pdf\" target=\"_blank\" rel=\"noreferrer noopener nofollow\">IFTO<\/a><\/li>\n<\/ul>\n\n\n\n<div class=\"container\" id=\"boxes\">\n  <div class=\"row\">\n\n    <div class=\"col-sm\">\n      <div class=\"banner-estrategia\" id=\"box-assinatura\">\n        <h3 class=\"titulo-assinatura\">Cursos para concursos<\/h3>\n        <p class=\"subtitulo-assinatura\">Estude conosco<\/p>\n        <div class=\"box-botao\">\n          <a class=\"btn-assinatura\" target=\"_blank\" href=\"https:\/\/www.estrategiaconcursos.com.br\/cursos\/\" role=\"button\" rel=\"noopener noreferrer\">Conhe\u00e7a os cursos<\/a>\n        <\/div>\n      <\/div>\n     \n    <\/div>\n\n  <\/div>\n<\/div>\n\n\n\n<h2 class=\"wp-block-heading\" id=\"datas\">Principais datas do edital IFTO<\/h2>\n\n\n\n<p class=\"has-very-light-gray-background-color has-background\"><strong>Inscri\u00e7\u00f5es<\/strong>: <s>03\/01\/2023 a 17\/01\/2023<\/s><br \/><strong>Isen\u00e7\u00e3o da taxa<\/strong>: <s>03\/01\/2023 a 10\/10\/2023<\/s><br \/><strong>\u00daltimo dia para pagamento<\/strong>: <s>18\/01\/2023<\/s><br \/><strong>Prova<\/strong>: 26\/02\/2023<\/p>\n\n\n\n<h2 class=\"wp-block-heading\" id=\"cargos-vagas\">Cargos e vagas do edital IFTO <\/h2>\n\n\n\n<figure class=\"wp-block-table is-style-stripes\"><table class=\"has-background has-fixed-layout\" style=\"background-color:#e7f5fe\"><thead><tr><th class=\"has-text-align-center\" data-align=\"center\">CARGOS<\/th><th class=\"has-text-align-center\" data-align=\"center\">VAGAS<\/th><\/tr><\/thead><tbody><tr><td class=\"has-text-align-center\" data-align=\"center\">Professor de Artes C\u00eanicas, dan\u00e7a e<br \/>teatro<\/td><td class=\"has-text-align-center\" data-align=\"center\">06<\/td><\/tr><tr><td class=\"has-text-align-center\" data-align=\"center\">Professor de Engenharia<br \/>Civil\/Constru\u00e7\u00e3o Civil com<br \/>\u00eanfase em Estruturas<\/td><td class=\"has-text-align-center\" data-align=\"center\">06<\/td><\/tr><tr><td class=\"has-text-align-center\" data-align=\"center\">Professor . Engenharia Civil\/<\/td><td class=\"has-text-align-center\" data-align=\"center\">06<\/td><\/tr><tr><td class=\"has-text-align-center\" data-align=\"center\">Professor de Agropecu\u00e1ria\/Agronomia<br \/>com \u00eanfase em<br \/>Engenharia Agr\u00edcola<\/td><td class=\"has-text-align-center\" data-align=\"center\">12<\/td><\/tr><tr><td class=\"has-text-align-center\" data-align=\"center\">Professor de Sociologia<\/td><td class=\"has-text-align-center\" data-align=\"center\">06<\/td><\/tr><tr><td class=\"has-text-align-center\" data-align=\"center\">Engenheiro\/\u00c1rea:<br \/>Agronomia<\/td><td class=\"has-text-align-center\" data-align=\"center\">05<\/td><\/tr><tr><td class=\"has-text-align-center\" data-align=\"center\">T\u00e9cnico de Laborat\u00f3rio:<br \/>\u00e1rea Audiovisual<\/td><td class=\"has-text-align-center\" data-align=\"center\">05<\/td><\/tr><tr><td class=\"has-text-align-center\" data-align=\"center\">T\u00e9cnico de Laborat\u00f3rio:<br \/>\u00e1rea Edifica\u00e7\u00f5es<\/td><td class=\"has-text-align-center\" data-align=\"center\">05<\/td><\/tr><tr><td class=\"has-text-align-center\" data-align=\"center\">T\u00e9cnico de Laborat\u00f3rio:<br \/>\u00e1rea Eventos<\/td><td class=\"has-text-align-center\" data-align=\"center\">05<\/td><\/tr><\/tbody><\/table><\/figure>\n\n\n\n<h3 class=\"wp-block-heading\">Remunera\u00e7\u00f5es do edital IFTO<\/h3>\n\n\n\n<p>A remunera\u00e7\u00e3o varia entre R$ 2.236,32 e R$ 9.616,18.<\/p>\n\n\n\n<ul class=\"wp-block-list\">\n<li><strong> TAE<\/strong><\/li>\n<\/ul>\n\n\n\n<p>A remunera\u00e7\u00e3o inicial \u00e9 a equivalente ao vencimento b\u00e1sico dos respectivos cargos, conforme classifica\u00e7\u00e3o abaixo:<\/p>\n\n\n\n<figure class=\"wp-block-table is-style-stripes\"><table class=\"has-pale-cyan-blue-background-color has-background\"><thead><tr><th class=\"has-text-align-center\" data-align=\"center\">CLASSE\/N\u00cdVEL<\/th><th class=\"has-text-align-center\" data-align=\"center\">VENCIMENTO B\u00c1SICO<\/th><\/tr><\/thead><tbody><tr><td class=\"has-text-align-center\" data-align=\"center\">DI-1<\/td><td class=\"has-text-align-center\" data-align=\"center\">R$ 2.446,96<\/td><\/tr><tr><td class=\"has-text-align-center\" data-align=\"center\">EI-1<\/td><td class=\"has-text-align-center\" data-align=\"center\">R$ 4.180,66<\/td><\/tr><\/tbody><\/table><\/figure>\n\n\n\n<ul class=\"wp-block-list\">\n<li><strong>PROFESSOR <\/strong><\/li>\n<\/ul>\n\n\n\n<p>A remunera\u00e7\u00e3o inicial da classe de Professor da Carreira de Magist\u00e9rio do Ensino B\u00e1sico, T\u00e9cnico e Tecnol\u00f3gico, em regime de trabalho de 40 horas com dedica\u00e7\u00e3o exclusiva, Classe D I, N\u00edvel 1, \u00e9 a constante do quadro abaixo:<\/p>\n\n\n\n<figure class=\"wp-block-table is-style-stripes\"><table class=\"has-pale-cyan-blue-background-color has-background\"><thead><tr><th class=\"has-text-align-center\" data-align=\"center\">TITULA\u00c7\u00c3O<\/th><th class=\"has-text-align-center\" data-align=\"center\">CLASSE\/N\u00cdVEL<\/th><th class=\"has-text-align-center\" data-align=\"center\">VB<\/th><th class=\"has-text-align-center\" data-align=\"center\">RT<\/th><th class=\"has-text-align-center\" data-align=\"center\">TOTAL<\/th><\/tr><\/thead><tbody><tr><td class=\"has-text-align-center\" data-align=\"center\">Gradua\u00e7\u00e3o<\/td><td class=\"has-text-align-center\" data-align=\"center\">DI-1<\/td><td class=\"has-text-align-center\" data-align=\"center\">R$ 4.472,64<\/td><td class=\"has-text-align-center\" data-align=\"center\">\u2013<\/td><td class=\"has-text-align-center\" data-align=\"center\">R$ 4.472,64<\/td><\/tr><tr><td class=\"has-text-align-center\" data-align=\"center\">Aperfei\u00e7oamento<\/td><td class=\"has-text-align-center\" data-align=\"center\">DI-1<\/td><td class=\"has-text-align-center\" data-align=\"center\">R$ 4.472,64<\/td><td class=\"has-text-align-center\" data-align=\"center\">R$ 447,26<\/td><td class=\"has-text-align-center\" data-align=\"center\">R$ 4.919,90<\/td><\/tr><tr><td class=\"has-text-align-center\" data-align=\"center\">Especializa\u00e7\u00e3o<\/td><td class=\"has-text-align-center\" data-align=\"center\">DI-1<\/td><td class=\"has-text-align-center\" data-align=\"center\">R$ 4.472,64<\/td><td class=\"has-text-align-center\" data-align=\"center\">R$ 894,53<\/td><td class=\"has-text-align-center\" data-align=\"center\">R$ 5.367,17<\/td><\/tr><tr><td class=\"has-text-align-center\" data-align=\"center\">Mestrado<\/td><td class=\"has-text-align-center\" data-align=\"center\">DI-1<\/td><td class=\"has-text-align-center\" data-align=\"center\">R$ 4.472,64<\/td><td class=\"has-text-align-center\" data-align=\"center\">R$ 2.236,32<\/td><td class=\"has-text-align-center\" data-align=\"center\">R$ 6.708,96<\/td><\/tr><tr><td class=\"has-text-align-center\" data-align=\"center\">Doutorado<\/td><td class=\"has-text-align-center\" data-align=\"center\">DI-1<\/td><td class=\"has-text-align-center\" data-align=\"center\">R$ 4.472,64<\/td><td class=\"has-text-align-center\" data-align=\"center\">R$ 5.143,54<\/td><td class=\"has-text-align-center\" data-align=\"center\">R$ 9.616,18<\/td><\/tr><\/tbody><\/table><\/figure>\n\n\n\n<p>A remunera\u00e7\u00e3o inicial da classe de Professor da Carreira de Magist\u00e9rio do Ensino B\u00e1sico, T\u00e9cnico e Tecnol\u00f3gico em regime de trabalho de 20 (vinte) horas: remunera\u00e7\u00e3o inicial, Classe D I, n\u00edvel 1, \u00e9 a constante do quadro abaixo:<\/p>\n\n\n\n<figure class=\"wp-block-table is-style-stripes\"><table class=\"has-pale-cyan-blue-background-color has-background\"><thead><tr><th class=\"has-text-align-center\" data-align=\"center\">TITULA\u00c7\u00c3O<\/th><th class=\"has-text-align-center\" data-align=\"center\">CLASSE\/N\u00cdVEL<\/th><th class=\"has-text-align-center\" data-align=\"center\">VB<\/th><th class=\"has-text-align-center\" data-align=\"center\">RT<\/th><th class=\"has-text-align-center\" data-align=\"center\">TOTAL<\/th><\/tr><\/thead><tbody><tr><td class=\"has-text-align-center\" data-align=\"center\">Gradua\u00e7\u00e3o<\/td><td class=\"has-text-align-center\" data-align=\"center\">DI-1<\/td><td class=\"has-text-align-center\" data-align=\"center\">R$ 2.236,32<\/td><td class=\"has-text-align-center\" data-align=\"center\">\u2013<\/td><td class=\"has-text-align-center\" data-align=\"center\">R$ 2.236,32<\/td><\/tr><tr><td class=\"has-text-align-center\" data-align=\"center\">Aperfei\u00e7oamento<\/td><td class=\"has-text-align-center\" data-align=\"center\">DI-1<\/td><td class=\"has-text-align-center\" data-align=\"center\">R$ 2.236,32<\/td><td class=\"has-text-align-center\" data-align=\"center\">R$ 111,82<\/td><td class=\"has-text-align-center\" data-align=\"center\">R$ 2.348,14<\/td><\/tr><tr><td class=\"has-text-align-center\" data-align=\"center\">Especializa\u00e7\u00e3o<\/td><td class=\"has-text-align-center\" data-align=\"center\">DI-1<\/td><td class=\"has-text-align-center\" data-align=\"center\">R$ 2.236,32<\/td><td class=\"has-text-align-center\" data-align=\"center\">R$ 223,63<\/td><td class=\"has-text-align-center\" data-align=\"center\">R$ 2.459,95<\/td><\/tr><tr><td class=\"has-text-align-center\" data-align=\"center\">Mestrado<\/td><td class=\"has-text-align-center\" data-align=\"center\">DI-1<\/td><td class=\"has-text-align-center\" data-align=\"center\">R$ 2.236,32<\/td><td class=\"has-text-align-center\" data-align=\"center\">R$ 559,08<\/td><td class=\"has-text-align-center\" data-align=\"center\">R$ 2.795,40<\/td><\/tr><tr><td class=\"has-text-align-center\" data-align=\"center\">Doutorado<\/td><td class=\"has-text-align-center\" data-align=\"center\">DI-1<\/td><td class=\"has-text-align-center\" data-align=\"center\">R$ 2.236,32<\/td><td class=\"has-text-align-center\" data-align=\"center\">R$ 1.285,89<\/td><td class=\"has-text-align-center\" data-align=\"center\">R$ 3.522,21<\/td><\/tr><\/tbody><\/table><\/figure>\n\n\n\n<h3 class=\"wp-block-heading\">Requisitos do edital IFTO <\/h3>\n\n\n\n<p>Para concorrer \u00e9 necess\u00e1rio ter: <\/p>\n\n\n\n<ul class=\"wp-block-list\">\n<li><strong>Artes C\u00eanicas, dan\u00e7a e teatro<\/strong>: Licenciatura em Artes C\u00eanicas com Habilita\u00e7\u00e3o ou Especializa\u00e7\u00e3o em Dan\u00e7a. <\/li>\n\n\n\n<li><strong>Engenharia Civil\/Constru\u00e7\u00e3o Civil com \u00eanfase em Estruturas<\/strong>: Curso Superior em Engenharia Civil. <\/li>\n\n\n\n<li><strong>Engenharia Civil<\/strong>: Curso Superior em Engenharia Civil.<\/li>\n\n\n\n<li><strong>Agropecu\u00e1ria\/Agronomia com \u00eanfase em Engenharia Agr\u00edcola<\/strong>: Gradua\u00e7\u00e3o em Engenharia Agron\u00f4mica ou Engenharia Agr\u00edcola ou Ci\u00eancias Agr\u00e1rias ou Ci\u00eancias Agr\u00edcolas.<\/li>\n\n\n\n<li><strong>Sociologia<\/strong>: Gradua\u00e7\u00e3o em Sociologia.<\/li>\n\n\n\n<li><strong>Engenheiro\/\u00c1rea: Agronomia<\/strong>: Gradua\u00e7\u00e3o em Engenharia Agron\u00f4mica.<\/li>\n\n\n\n<li><strong>T\u00e9cnico de Laborat\u00f3rio\/ \u00c1rea Audiovisual<\/strong>: Ensino M\u00e9dio Profissionalizante ou Ensino M\u00e9dio Completo + Curso T\u00e9cnico na \u00e1rea.<\/li>\n\n\n\n<li><strong>T\u00e9cnico de Laborat\u00f3rio\/ \u00c1rea Edifica\u00e7\u00f5es<\/strong>: Ensino M\u00e9dio Profissionalizante na \u00e1rea ou Ensino M\u00e9dio. completo + Curso T\u00e9cnico na \u00e1rea + Habilita\u00e7\u00e3o Profissional: Registro no Conselho Competente.<\/li>\n\n\n\n<li><strong>T\u00e9cnico de Laborat\u00f3rio\/ \u00c1rea Eventos<\/strong>: M\u00e9dio Profissionalizante na \u00c1rea ou M\u00e9dio completo + curso T\u00e9cnico em Eventos.<\/li>\n<\/ul>\n\n\n\n<h2 class=\"wp-block-heading\" id=\"etapas\">Etapas e provas do edital IFTO<\/h2>\n\n\n\n<p>Os candidatos passar\u00e3o pelas seguintes etapas: <\/p>\n\n\n\n<ul class=\"wp-block-list\">\n<li>Prova Objetiva<\/li>\n\n\n\n<li>Prova Pr\u00e1tica de Desempenho Did\u00e1tico<\/li>\n\n\n\n<li>Avalia\u00e7\u00e3o de T\u00edtulos<\/li>\n<\/ul>\n\n\n\n<h3 class=\"wp-block-heading\" id=\"prova-objetiva\">Objetiva <\/h3>\n\n\n\n<p>As provas objetivas ser\u00e3o aplicadas na data prov\u00e1vel de&nbsp;<strong>26 de fevereiro de 2023.&nbsp;<\/strong>Ser\u00e3o cobradas as seguintes disciplinas:<\/p>\n\n\n\n<ul class=\"wp-block-list\">\n<li>Conhecimentos b\u00e1sicos;<\/li>\n\n\n\n<li>Fundamentos em Educa\u00e7\u00e3o e Legisla\u00e7\u00e3o;<\/li>\n\n\n\n<li>Inform\u00e1tica B\u00e1sica; e<\/li>\n\n\n\n<li>Conhecimentos espec\u00edficos.<\/li>\n<\/ul>\n\n\n\n<p>A prova constar\u00e1 de 50 quest\u00f5es do tipo \u201cm\u00faltipla escolha\u201d com as op\u00e7\u00f5es A, B, C, D e E, com dura\u00e7\u00e3o m\u00e1xima de 4 horas.<\/p>\n\n\n\n<h3 class=\"wp-block-heading\" id=\"prova-pratica\">Desempenho Did\u00e1tico<\/h3>\n\n\n\n<p>A Prova Pr\u00e1tica de Desempenho Did\u00e1tico-Pedag\u00f3gico ser\u00e1 realizada no Campus Palmas, do IFTO, situado na Quadra AE SE 34, Avenida LO 05, s\/n \u2013 Plano Diretor Sul, Palmas\/TO.<\/p>\n\n\n\n<p>Esta fase destina-se a apurar a aptid\u00e3o, a capacidade pedag\u00f3gica de comunica\u00e7\u00e3o, a habilidade t\u00e9cnica e o dom\u00ednio do conte\u00fado program\u00e1tico, mediante explana\u00e7\u00e3o e, se necess\u00e1rio, argui\u00e7\u00e3o do candidato pelos membros da banca examinadora.<\/p>\n\n\n\n<h3 class=\"wp-block-heading\" id=\"avaliacao\">Avalia\u00e7\u00e3o de T\u00edtulos<\/h3>\n\n\n\n<p>Os t\u00edtulos acad\u00eamicos e a comprova\u00e7\u00e3o de experi\u00eancia profissional e de produ\u00e7\u00e3o cient\u00edfica do candidato para fins de avalia\u00e7\u00e3o desta fase dever\u00e3o ser entregues pessoalmente, no dia da Prova Pr\u00e1tica de Desempenho Did\u00e1tico-Pedag\u00f3gico do candidato, em local identificado para esse fim.<\/p>\n\n\n\n<p>A pontua\u00e7\u00e3o dos t\u00edtulos de p\u00f3s-gradua\u00e7\u00e3o n\u00e3o ser\u00e1 cumulativa, sendo pontuado apenas o t\u00edtulo de maior grau.<\/p>\n\n\n\n<p class=\"has-text-align-center has-cyan-bluish-gray-background-color has-background has-medium-font-size\"><strong>Saiba mais: <\/strong><a href=\"https:\/\/www.estrategiaconcursos.com.br\/blog\/concurso-ifto\/\" target=\"_blank\" rel=\"noreferrer noopener\">concurso IFTO<\/a><\/p>\n\n\n\n<h2 class=\"has-text-align-center wp-block-heading\" id=\"h-quer-saber-tudo-sobre-concursos-previstos-confira-nossos-artigos\">Quer saber tudo sobre concursos previstos?<br \/>Confira  nossos artigos!<\/h2>\n\n\n\n<ul class=\"wp-block-list\">\n<li><a href=\"https:\/\/www.estrategiaconcursos.com.br\/blog\/concursos-abertos\/\" target=\"_blank\" rel=\"noreferrer noopener\">Concursos abertos<\/a><\/li>\n\n\n\n<li><a href=\"https:\/\/www.estrategiaconcursos.com.br\/blog\/concursos-2023\/\" target=\"_blank\" rel=\"noreferrer noopener\">Concursos 2023<\/a><\/li>\n<\/ul>\n\n\n\n<figure class=\"wp-block-image size-large is-resized\"><img loading=\"lazy\" decoding=\"async\" src=\"https:\/\/dhg1h5j42swfq.cloudfront.net\/2025\/06\/27101122\/ficha-tecnica-1-1024x632.png\" alt=\"Informa\u00e7\u00f5es do edital IFTO\" class=\"wp-image-702728\" width=\"269\" height=\"166\" srcset=\"https:\/\/dhg1h5j42swfq.cloudfront.net\/2025\/06\/27101122\/ficha-tecnica-1-1024x632.png 1024w, https:\/\/dhg1h5j42swfq.cloudfront.net\/2025\/06\/27101122\/ficha-tecnica-1-300x185.png 300w, https:\/\/dhg1h5j42swfq.cloudfront.net\/2025\/06\/27101122\/ficha-tecnica-1-768x474.png 768w, https:\/\/dhg1h5j42swfq.cloudfront.net\/2025\/06\/27101122\/ficha-tecnica-1-1536x948.png 1536w, https:\/\/dhg1h5j42swfq.cloudfront.net\/2025\/06\/27101122\/ficha-tecnica-1-610x377.png 610w, https:\/\/dhg1h5j42swfq.cloudfront.net\/2025\/06\/27101122\/ficha-tecnica-1.png 1571w\" sizes=\"auto, (max-width: 269px) 100vw, 269px\" \/><\/figure>\n\n\n\n<h3 class=\"wp-block-heading\" id=\"block-ba1614b5-988b-41ef-892d-f4c9f7e9dd42\">Informa\u00e7\u00f5es do edital IFTO<\/h3>\n\n\n\n<ul class=\"wp-block-list\">\n<li><strong>Inscri\u00e7\u00f5es<\/strong>: 03\/01\/2023 a 17\/01\/2023<\/li>\n\n\n\n<li><strong>Provas<\/strong>: 26\/02\/2023<\/li>\n\n\n\n<li><strong>Vagas<\/strong>: 56<\/li>\n\n\n\n<li><strong>Cargos<\/strong>: TAE e Professor <\/li>\n\n\n\n<li><strong>Banca<\/strong>: comiss\u00e3o pr\u00f3pria <\/li>\n\n\n\n<li><strong>Escolaridade<\/strong>: m\u00e9dio e superior <\/li>\n\n\n\n<li><strong>Edital<\/strong>:&nbsp;<a href=\"https:\/\/dhg1h5j42swfq.cloudfront.net\/2022\/12\/30073111\/edital-publicado-ifto-1.pdf\" target=\"_blank\" rel=\"noreferrer noopener nofollow\">IFTO<\/a><\/li>\n<\/ul>\n\n\n\n<div class=\"container\" id=\"boxes\">\n  <div class=\"row\">\n\n    <div class=\"col-sm\">\n      <div class=\"estrategia\" id=\"box-assinatura\">\n        <h3 class=\"titulo-assinatura\">Assinatura de Concursos<\/h3>\n        <p class=\"subtitulo-assinatura\">Assinatura de 1 ano ou 2 anos<\/p>\n        <div class=\"box-botao\">\n          <a class=\"btn-assinatura\" target=\"_blank\" href=\"https:\/\/www.estrategiaconcursos.com.br\/assinaturas\/\" role=\"button\" rel=\"noopener noreferrer\">ASSINE AGORA<\/a>\n        <\/div>\n      <\/div>\n     \n    <\/div><\/div><\/div>\n","protected":false},"excerpt":{"rendered":"<p>Est\u00e3o encerradas as inscri\u00e7\u00f5es do edital IFTO! Conforme o documento, o Instituto Federal de Educa\u00e7\u00e3o, Ci\u00eancia e Tecnologia do Tocantins oferece 56 vagas para os cargos de T\u00e9cnico Administrativo em Educa\u00e7\u00e3o e Professor de Ensino B\u00e1sico, T\u00e9cnico e Tecn\u00f3logo. As oportunidades s\u00e3o de n\u00edveis m\u00e9dio e superior de forma\u00e7\u00e3o. Os sal\u00e1rios iniciais variam entre R$ [&hellip;]<\/p>\n","protected":false},"author":2375,"featured_media":872626,"comment_status":"open","ping_status":"closed","sticky":false,"template":"","format":"standard","meta":{"post_tipo":"news","footnotes":""},"categories":[3766,220219],"tags":[],"tax_estado":[219990],"class_list":["post-1144814","post","type-post","status-publish","format-standard","has-post-thumbnail","hentry","category-educacional","category-noticias","tax_estado-to"],"acf":[],"yoast_head":"<!-- This site is optimized with the Yoast SEO Premium plugin v27.2 (Yoast SEO v27.2) - https:\/\/yoast.com\/product\/yoast-seo-premium-wordpress\/ -->\n<title>Edital IFTO publicado! 56 vagas e inicial de at\u00e9 R$ 9,6 mil<\/title>\n<meta name=\"description\" content=\"Edital IFTO \u00e9 publicado com a oferta de 56 vagas para cargos de n\u00edveis m\u00e9dio e superior. Acesse e confira os detalhes completos!\" \/>\n<meta name=\"robots\" content=\"index, follow, max-snippet:-1, max-image-preview:large, max-video-preview:-1\" \/>\n<link rel=\"canonical\" href=\"https:\/\/www.estrategiaconcursos.com.br\/blog\/concurso-ifto-tae-professor-edital-publicado\/\" \/>\n<meta property=\"og:locale\" content=\"pt_BR\" \/>\n<meta property=\"og:type\" content=\"article\" \/>\n<meta property=\"og:title\" content=\"Edital IFTO publicado! 56 vagas e inicial de at\u00e9 R$ 9,6 mil\" \/>\n<meta property=\"og:description\" content=\"Edital IFTO \u00e9 publicado com a oferta de 56 vagas para cargos de n\u00edveis m\u00e9dio e superior. Acesse e confira os detalhes completos!\" \/>\n<meta property=\"og:url\" content=\"https:\/\/www.estrategiaconcursos.com.br\/blog\/concurso-ifto-tae-professor-edital-publicado\/\" \/>\n<meta property=\"og:site_name\" content=\"Estrat\u00e9gia Concursos\" \/>\n<meta property=\"article:published_time\" content=\"2022-12-30T10:32:43+00:00\" \/>\n<meta property=\"article:modified_time\" content=\"2023-01-26T19:20:10+00:00\" \/>\n<meta property=\"og:image\" content=\"https:\/\/dhg1h5j42swfq.cloudfront.net\/2021\/09\/28171853\/ifto-1.jpeg\" \/>\n\t<meta property=\"og:image:width\" content=\"768\" \/>\n\t<meta property=\"og:image:height\" content=\"432\" \/>\n\t<meta property=\"og:image:type\" content=\"image\/jpeg\" \/>\n<meta name=\"author\" content=\"Priscila Almeida\" \/>\n<meta name=\"twitter:card\" content=\"summary_large_image\" \/>\n<meta name=\"twitter:creator\" content=\"@EstratConcursos\" \/>\n<meta name=\"twitter:site\" content=\"@EstratConcursos\" \/>\n<meta name=\"twitter:label1\" content=\"Escrito por\" \/>\n\t<meta name=\"twitter:data1\" content=\"Priscila Almeida\" \/>\n\t<meta name=\"twitter:label2\" content=\"Est. tempo de leitura\" \/>\n\t<meta name=\"twitter:data2\" content=\"4 minutos\" \/>\n<script type=\"application\/ld+json\" class=\"yoast-schema-graph\">{\"@context\":\"https:\/\/schema.org\",\"@graph\":[{\"@type\":\"NewsArticle\",\"@id\":\"https:\/\/www.estrategiaconcursos.com.br\/blog\/concurso-ifto-tae-professor-edital-publicado\/#article\",\"isPartOf\":{\"@id\":\"https:\/\/www.estrategiaconcursos.com.br\/blog\/concurso-ifto-tae-professor-edital-publicado\/\"},\"author\":{\"name\":\"Priscila Almeida\",\"@id\":\"https:\/\/www.estrategiaconcursos.com.br\/blog\/#\/schema\/person\/a06e841e501f2e1d8c49c4e8f066bfd1\"},\"headline\":\"Edital IFTO publicado! 56 vagas e inicial de at\u00e9 R$ 9,6 mil\",\"datePublished\":\"2022-12-30T10:32:43+00:00\",\"dateModified\":\"2023-01-26T19:20:10+00:00\",\"mainEntityOfPage\":{\"@id\":\"https:\/\/www.estrategiaconcursos.com.br\/blog\/concurso-ifto-tae-professor-edital-publicado\/\"},\"wordCount\":917,\"commentCount\":0,\"publisher\":{\"@id\":\"https:\/\/www.estrategiaconcursos.com.br\/blog\/#organization\"},\"image\":{\"@id\":\"https:\/\/www.estrategiaconcursos.com.br\/blog\/concurso-ifto-tae-professor-edital-publicado\/#primaryimage\"},\"thumbnailUrl\":\"https:\/\/dhg1h5j42swfq.cloudfront.net\/2021\/09\/28171853\/ifto-1.jpeg\",\"articleSection\":[\"Educa\u00e7\u00e3o\",\"\u00daltimas not\u00edcias\"],\"inLanguage\":\"pt-BR\",\"potentialAction\":[{\"@type\":\"CommentAction\",\"name\":\"Comment\",\"target\":[\"https:\/\/www.estrategiaconcursos.com.br\/blog\/concurso-ifto-tae-professor-edital-publicado\/#respond\"]}],\"copyrightYear\":\"2022\",\"copyrightHolder\":{\"@id\":\"https:\/\/www.estrategiaconcursos.com.br\/blog\/#organization\"}},{\"@type\":\"WebPage\",\"@id\":\"https:\/\/www.estrategiaconcursos.com.br\/blog\/concurso-ifto-tae-professor-edital-publicado\/\",\"url\":\"https:\/\/www.estrategiaconcursos.com.br\/blog\/concurso-ifto-tae-professor-edital-publicado\/\",\"name\":\"Edital IFTO publicado! 56 vagas e inicial de at\u00e9 R$ 9,6 mil\",\"isPartOf\":{\"@id\":\"https:\/\/www.estrategiaconcursos.com.br\/blog\/#website\"},\"primaryImageOfPage\":{\"@id\":\"https:\/\/www.estrategiaconcursos.com.br\/blog\/concurso-ifto-tae-professor-edital-publicado\/#primaryimage\"},\"image\":{\"@id\":\"https:\/\/www.estrategiaconcursos.com.br\/blog\/concurso-ifto-tae-professor-edital-publicado\/#primaryimage\"},\"thumbnailUrl\":\"https:\/\/dhg1h5j42swfq.cloudfront.net\/2021\/09\/28171853\/ifto-1.jpeg\",\"datePublished\":\"2022-12-30T10:32:43+00:00\",\"dateModified\":\"2023-01-26T19:20:10+00:00\",\"description\":\"Edital IFTO \u00e9 publicado com a oferta de 56 vagas para cargos de n\u00edveis m\u00e9dio e superior. Acesse e confira os detalhes completos!\",\"breadcrumb\":{\"@id\":\"https:\/\/www.estrategiaconcursos.com.br\/blog\/concurso-ifto-tae-professor-edital-publicado\/#breadcrumb\"},\"inLanguage\":\"pt-BR\",\"potentialAction\":[{\"@type\":\"ReadAction\",\"target\":[\"https:\/\/www.estrategiaconcursos.com.br\/blog\/concurso-ifto-tae-professor-edital-publicado\/\"]}]},{\"@type\":\"ImageObject\",\"inLanguage\":\"pt-BR\",\"@id\":\"https:\/\/www.estrategiaconcursos.com.br\/blog\/concurso-ifto-tae-professor-edital-publicado\/#primaryimage\",\"url\":\"https:\/\/dhg1h5j42swfq.cloudfront.net\/2021\/09\/28171853\/ifto-1.jpeg\",\"contentUrl\":\"https:\/\/dhg1h5j42swfq.cloudfront.net\/2021\/09\/28171853\/ifto-1.jpeg\",\"width\":768,\"height\":432},{\"@type\":\"BreadcrumbList\",\"@id\":\"https:\/\/www.estrategiaconcursos.com.br\/blog\/concurso-ifto-tae-professor-edital-publicado\/#breadcrumb\",\"itemListElement\":[{\"@type\":\"ListItem\",\"position\":1,\"name\":\"In\u00edcio\",\"item\":\"https:\/\/www.estrategiaconcursos.com.br\/blog\/\"},{\"@type\":\"ListItem\",\"position\":2,\"name\":\"Edital IFTO publicado! 56 vagas e inicial de at\u00e9 R$ 9,6 mil\"}]},{\"@type\":\"WebSite\",\"@id\":\"https:\/\/www.estrategiaconcursos.com.br\/blog\/#website\",\"url\":\"https:\/\/www.estrategiaconcursos.com.br\/blog\/\",\"name\":\"Estrat\u00e9gia Concursos\",\"description\":\"O blog da Estrat\u00e9gia Concursos traz not\u00edcias sobre concursos e artigos de professores oferecendo cursos para concursos (pdf + videaulas) no site.\",\"publisher\":{\"@id\":\"https:\/\/www.estrategiaconcursos.com.br\/blog\/#organization\"},\"potentialAction\":[{\"@type\":\"SearchAction\",\"target\":{\"@type\":\"EntryPoint\",\"urlTemplate\":\"https:\/\/www.estrategiaconcursos.com.br\/blog\/?s={search_term_string}\"},\"query-input\":{\"@type\":\"PropertyValueSpecification\",\"valueRequired\":true,\"valueName\":\"search_term_string\"}}],\"inLanguage\":\"pt-BR\"},{\"@type\":\"Organization\",\"@id\":\"https:\/\/www.estrategiaconcursos.com.br\/blog\/#organization\",\"name\":\"Estrat\u00e9gia Concursos\",\"url\":\"https:\/\/www.estrategiaconcursos.com.br\/blog\/\",\"logo\":{\"@type\":\"ImageObject\",\"inLanguage\":\"pt-BR\",\"@id\":\"https:\/\/www.estrategiaconcursos.com.br\/blog\/#\/schema\/logo\/image\/\",\"url\":\"https:\/\/dhg1h5j42swfq.cloudfront.net\/2025\/06\/03203428\/logo_concursos-1.jpg\",\"contentUrl\":\"https:\/\/dhg1h5j42swfq.cloudfront.net\/2025\/06\/03203428\/logo_concursos-1.jpg\",\"width\":230,\"height\":60,\"caption\":\"Estrat\u00e9gia Concursos\"},\"image\":{\"@id\":\"https:\/\/www.estrategiaconcursos.com.br\/blog\/#\/schema\/logo\/image\/\"},\"sameAs\":[\"https:\/\/x.com\/EstratConcursos\"]},{\"@type\":\"Person\",\"@id\":\"https:\/\/www.estrategiaconcursos.com.br\/blog\/#\/schema\/person\/a06e841e501f2e1d8c49c4e8f066bfd1\",\"name\":\"Priscila Almeida\",\"image\":{\"@type\":\"ImageObject\",\"inLanguage\":\"pt-BR\",\"@id\":\"https:\/\/secure.gravatar.com\/avatar\/0a963c9e2a947fa675b669cea2b5d0ba6dd1cbf46b966190343b6c9973ad3337?s=96&d=mm&r=g\",\"url\":\"https:\/\/secure.gravatar.com\/avatar\/0a963c9e2a947fa675b669cea2b5d0ba6dd1cbf46b966190343b6c9973ad3337?s=96&d=mm&r=g\",\"contentUrl\":\"https:\/\/secure.gravatar.com\/avatar\/0a963c9e2a947fa675b669cea2b5d0ba6dd1cbf46b966190343b6c9973ad3337?s=96&d=mm&r=g\",\"caption\":\"Priscila Almeida\"},\"description\":\"Atua na \u00e1rea de concursos p\u00fablicos desde 2019. As editorias que mais t\u00eam familiaridade s\u00e3o: Tribunais (TJs; TRTs; TREs; TSTs; STJ, STF, STM e TSE); Defensorias; Minist\u00e9rios P\u00fablicos; Procuradorias; Educa\u00e7\u00e3o e Conselhos. Na \u00e1rea de comunica\u00e7\u00e3o, de maneira geral, a caminhada \u00e9 um pouco mais longa - desde 2007. Possui experi\u00eancia em reda\u00e7\u00f5es de r\u00e1dio, TV, Web e impresso, al\u00e9m de desenvolver trabalhos em assessorias de comunica\u00e7\u00e3o institucional, empresarial e p\u00fablicas. Entre outros trabalhos, se destacam a atua\u00e7\u00e3o nas \u00e1reas de Justi\u00e7a, Congresso, Esportes, Sa\u00fade, Agropecu\u00e1ria, Cidades e Avia\u00e7\u00e3o Civil.\",\"url\":\"https:\/\/www.estrategiaconcursos.com.br\/blog\/author\/priscila-almeidaestrategia-com\/\"}]}<\/script>\n<!-- \/ Yoast SEO Premium plugin. -->","yoast_head_json":{"title":"Edital IFTO publicado! 56 vagas e inicial de at\u00e9 R$ 9,6 mil","description":"Edital IFTO \u00e9 publicado com a oferta de 56 vagas para cargos de n\u00edveis m\u00e9dio e superior. Acesse e confira os detalhes completos!","robots":{"index":"index","follow":"follow","max-snippet":"max-snippet:-1","max-image-preview":"max-image-preview:large","max-video-preview":"max-video-preview:-1"},"canonical":"https:\/\/www.estrategiaconcursos.com.br\/blog\/concurso-ifto-tae-professor-edital-publicado\/","og_locale":"pt_BR","og_type":"article","og_title":"Edital IFTO publicado! 56 vagas e inicial de at\u00e9 R$ 9,6 mil","og_description":"Edital IFTO \u00e9 publicado com a oferta de 56 vagas para cargos de n\u00edveis m\u00e9dio e superior. Acesse e confira os detalhes completos!","og_url":"https:\/\/www.estrategiaconcursos.com.br\/blog\/concurso-ifto-tae-professor-edital-publicado\/","og_site_name":"Estrat\u00e9gia Concursos","article_published_time":"2022-12-30T10:32:43+00:00","article_modified_time":"2023-01-26T19:20:10+00:00","og_image":[{"width":768,"height":432,"url":"https:\/\/dhg1h5j42swfq.cloudfront.net\/2021\/09\/28171853\/ifto-1.jpeg","type":"image\/jpeg"}],"author":"Priscila Almeida","twitter_card":"summary_large_image","twitter_creator":"@EstratConcursos","twitter_site":"@EstratConcursos","twitter_misc":{"Escrito por":"Priscila Almeida","Est. tempo de leitura":"4 minutos"},"schema":{"@context":"https:\/\/schema.org","@graph":[{"@type":"NewsArticle","@id":"https:\/\/www.estrategiaconcursos.com.br\/blog\/concurso-ifto-tae-professor-edital-publicado\/#article","isPartOf":{"@id":"https:\/\/www.estrategiaconcursos.com.br\/blog\/concurso-ifto-tae-professor-edital-publicado\/"},"author":{"name":"Priscila Almeida","@id":"https:\/\/www.estrategiaconcursos.com.br\/blog\/#\/schema\/person\/a06e841e501f2e1d8c49c4e8f066bfd1"},"headline":"Edital IFTO publicado! 56 vagas e inicial de at\u00e9 R$ 9,6 mil","datePublished":"2022-12-30T10:32:43+00:00","dateModified":"2023-01-26T19:20:10+00:00","mainEntityOfPage":{"@id":"https:\/\/www.estrategiaconcursos.com.br\/blog\/concurso-ifto-tae-professor-edital-publicado\/"},"wordCount":917,"commentCount":0,"publisher":{"@id":"https:\/\/www.estrategiaconcursos.com.br\/blog\/#organization"},"image":{"@id":"https:\/\/www.estrategiaconcursos.com.br\/blog\/concurso-ifto-tae-professor-edital-publicado\/#primaryimage"},"thumbnailUrl":"https:\/\/dhg1h5j42swfq.cloudfront.net\/2021\/09\/28171853\/ifto-1.jpeg","articleSection":["Educa\u00e7\u00e3o","\u00daltimas not\u00edcias"],"inLanguage":"pt-BR","potentialAction":[{"@type":"CommentAction","name":"Comment","target":["https:\/\/www.estrategiaconcursos.com.br\/blog\/concurso-ifto-tae-professor-edital-publicado\/#respond"]}],"copyrightYear":"2022","copyrightHolder":{"@id":"https:\/\/www.estrategiaconcursos.com.br\/blog\/#organization"}},{"@type":"WebPage","@id":"https:\/\/www.estrategiaconcursos.com.br\/blog\/concurso-ifto-tae-professor-edital-publicado\/","url":"https:\/\/www.estrategiaconcursos.com.br\/blog\/concurso-ifto-tae-professor-edital-publicado\/","name":"Edital IFTO publicado! 56 vagas e inicial de at\u00e9 R$ 9,6 mil","isPartOf":{"@id":"https:\/\/www.estrategiaconcursos.com.br\/blog\/#website"},"primaryImageOfPage":{"@id":"https:\/\/www.estrategiaconcursos.com.br\/blog\/concurso-ifto-tae-professor-edital-publicado\/#primaryimage"},"image":{"@id":"https:\/\/www.estrategiaconcursos.com.br\/blog\/concurso-ifto-tae-professor-edital-publicado\/#primaryimage"},"thumbnailUrl":"https:\/\/dhg1h5j42swfq.cloudfront.net\/2021\/09\/28171853\/ifto-1.jpeg","datePublished":"2022-12-30T10:32:43+00:00","dateModified":"2023-01-26T19:20:10+00:00","description":"Edital IFTO \u00e9 publicado com a oferta de 56 vagas para cargos de n\u00edveis m\u00e9dio e superior. Acesse e confira os detalhes completos!","breadcrumb":{"@id":"https:\/\/www.estrategiaconcursos.com.br\/blog\/concurso-ifto-tae-professor-edital-publicado\/#breadcrumb"},"inLanguage":"pt-BR","potentialAction":[{"@type":"ReadAction","target":["https:\/\/www.estrategiaconcursos.com.br\/blog\/concurso-ifto-tae-professor-edital-publicado\/"]}]},{"@type":"ImageObject","inLanguage":"pt-BR","@id":"https:\/\/www.estrategiaconcursos.com.br\/blog\/concurso-ifto-tae-professor-edital-publicado\/#primaryimage","url":"https:\/\/dhg1h5j42swfq.cloudfront.net\/2021\/09\/28171853\/ifto-1.jpeg","contentUrl":"https:\/\/dhg1h5j42swfq.cloudfront.net\/2021\/09\/28171853\/ifto-1.jpeg","width":768,"height":432},{"@type":"BreadcrumbList","@id":"https:\/\/www.estrategiaconcursos.com.br\/blog\/concurso-ifto-tae-professor-edital-publicado\/#breadcrumb","itemListElement":[{"@type":"ListItem","position":1,"name":"In\u00edcio","item":"https:\/\/www.estrategiaconcursos.com.br\/blog\/"},{"@type":"ListItem","position":2,"name":"Edital IFTO publicado! 56 vagas e inicial de at\u00e9 R$ 9,6 mil"}]},{"@type":"WebSite","@id":"https:\/\/www.estrategiaconcursos.com.br\/blog\/#website","url":"https:\/\/www.estrategiaconcursos.com.br\/blog\/","name":"Estrat\u00e9gia Concursos","description":"O blog da Estrat\u00e9gia Concursos traz not\u00edcias sobre concursos e artigos de professores oferecendo cursos para concursos (pdf + videaulas) no site.","publisher":{"@id":"https:\/\/www.estrategiaconcursos.com.br\/blog\/#organization"},"potentialAction":[{"@type":"SearchAction","target":{"@type":"EntryPoint","urlTemplate":"https:\/\/www.estrategiaconcursos.com.br\/blog\/?s={search_term_string}"},"query-input":{"@type":"PropertyValueSpecification","valueRequired":true,"valueName":"search_term_string"}}],"inLanguage":"pt-BR"},{"@type":"Organization","@id":"https:\/\/www.estrategiaconcursos.com.br\/blog\/#organization","name":"Estrat\u00e9gia Concursos","url":"https:\/\/www.estrategiaconcursos.com.br\/blog\/","logo":{"@type":"ImageObject","inLanguage":"pt-BR","@id":"https:\/\/www.estrategiaconcursos.com.br\/blog\/#\/schema\/logo\/image\/","url":"https:\/\/dhg1h5j42swfq.cloudfront.net\/2025\/06\/03203428\/logo_concursos-1.jpg","contentUrl":"https:\/\/dhg1h5j42swfq.cloudfront.net\/2025\/06\/03203428\/logo_concursos-1.jpg","width":230,"height":60,"caption":"Estrat\u00e9gia Concursos"},"image":{"@id":"https:\/\/www.estrategiaconcursos.com.br\/blog\/#\/schema\/logo\/image\/"},"sameAs":["https:\/\/x.com\/EstratConcursos"]},{"@type":"Person","@id":"https:\/\/www.estrategiaconcursos.com.br\/blog\/#\/schema\/person\/a06e841e501f2e1d8c49c4e8f066bfd1","name":"Priscila Almeida","image":{"@type":"ImageObject","inLanguage":"pt-BR","@id":"https:\/\/secure.gravatar.com\/avatar\/0a963c9e2a947fa675b669cea2b5d0ba6dd1cbf46b966190343b6c9973ad3337?s=96&d=mm&r=g","url":"https:\/\/secure.gravatar.com\/avatar\/0a963c9e2a947fa675b669cea2b5d0ba6dd1cbf46b966190343b6c9973ad3337?s=96&d=mm&r=g","contentUrl":"https:\/\/secure.gravatar.com\/avatar\/0a963c9e2a947fa675b669cea2b5d0ba6dd1cbf46b966190343b6c9973ad3337?s=96&d=mm&r=g","caption":"Priscila Almeida"},"description":"Atua na \u00e1rea de concursos p\u00fablicos desde 2019. As editorias que mais t\u00eam familiaridade s\u00e3o: Tribunais (TJs; TRTs; TREs; TSTs; STJ, STF, STM e TSE); Defensorias; Minist\u00e9rios P\u00fablicos; Procuradorias; Educa\u00e7\u00e3o e Conselhos. Na \u00e1rea de comunica\u00e7\u00e3o, de maneira geral, a caminhada \u00e9 um pouco mais longa - desde 2007. Possui experi\u00eancia em reda\u00e7\u00f5es de r\u00e1dio, TV, Web e impresso, al\u00e9m de desenvolver trabalhos em assessorias de comunica\u00e7\u00e3o institucional, empresarial e p\u00fablicas. Entre outros trabalhos, se destacam a atua\u00e7\u00e3o nas \u00e1reas de Justi\u00e7a, Congresso, Esportes, Sa\u00fade, Agropecu\u00e1ria, Cidades e Avia\u00e7\u00e3o Civil.","url":"https:\/\/www.estrategiaconcursos.com.br\/blog\/author\/priscila-almeidaestrategia-com\/"}]}},"_links":{"self":[{"href":"https:\/\/www.estrategiaconcursos.com.br\/blog\/wp-json\/wp\/v2\/posts\/1144814","targetHints":{"allow":["GET"]}}],"collection":[{"href":"https:\/\/www.estrategiaconcursos.com.br\/blog\/wp-json\/wp\/v2\/posts"}],"about":[{"href":"https:\/\/www.estrategiaconcursos.com.br\/blog\/wp-json\/wp\/v2\/types\/post"}],"author":[{"embeddable":true,"href":"https:\/\/www.estrategiaconcursos.com.br\/blog\/wp-json\/wp\/v2\/users\/2375"}],"replies":[{"embeddable":true,"href":"https:\/\/www.estrategiaconcursos.com.br\/blog\/wp-json\/wp\/v2\/comments?post=1144814"}],"version-history":[{"count":4,"href":"https:\/\/www.estrategiaconcursos.com.br\/blog\/wp-json\/wp\/v2\/posts\/1144814\/revisions"}],"predecessor-version":[{"id":1159786,"href":"https:\/\/www.estrategiaconcursos.com.br\/blog\/wp-json\/wp\/v2\/posts\/1144814\/revisions\/1159786"}],"wp:featuredmedia":[{"embeddable":true,"href":"https:\/\/www.estrategiaconcursos.com.br\/blog\/wp-json\/wp\/v2\/media\/872626"}],"wp:attachment":[{"href":"https:\/\/www.estrategiaconcursos.com.br\/blog\/wp-json\/wp\/v2\/media?parent=1144814"}],"wp:term":[{"taxonomy":"category","embeddable":true,"href":"https:\/\/www.estrategiaconcursos.com.br\/blog\/wp-json\/wp\/v2\/categories?post=1144814"},{"taxonomy":"post_tag","embeddable":true,"href":"https:\/\/www.estrategiaconcursos.com.br\/blog\/wp-json\/wp\/v2\/tags?post=1144814"},{"taxonomy":"tax_estado","embeddable":true,"href":"https:\/\/www.estrategiaconcursos.com.br\/blog\/wp-json\/wp\/v2\/tax_estado?post=1144814"}],"curies":[{"name":"wp","href":"https:\/\/api.w.org\/{rel}","templated":true}]}}