{"id":1144578,"date":"2022-12-30T18:00:00","date_gmt":"2022-12-30T21:00:00","guid":{"rendered":"https:\/\/www.estrategiaconcursos.com.br\/blog\/?p=1144578"},"modified":"2023-01-06T12:12:53","modified_gmt":"2023-01-06T15:12:53","slug":"concurso-publico-editais-da-semana-26-a-30-12","status":"publish","type":"post","link":"https:\/\/www.estrategiaconcursos.com.br\/blog\/concurso-publico-editais-da-semana-26-a-30-12\/","title":{"rendered":"Concursos P\u00fablicos: 25 editais esta semana; mais de 4,5 mil vagas"},"content":{"rendered":"\n<p>E em um piscar de olhos, 2022 chega ao fim! Esse ano foi recheado de <strong>grandes editais<\/strong>, por conta da retomada de muitos concursos que ficaram represados nos anos anteriores em decorr\u00eancia da pandemia.<\/p>\n\n\n\n<p>S\u00f3 para citar alguns exemplos, tivemos a publica\u00e7\u00e3o de tr\u00eas gigantes federais: <strong><a href=\"https:\/\/www.estrategiaconcursos.com.br\/blog\/concurso-inss\/\" target=\"_blank\" rel=\"noreferrer noopener\">INSS<\/a><\/strong>, <strong><a href=\"https:\/\/www.estrategiaconcursos.com.br\/blog\/concurso-receita-federal\/\" target=\"_blank\" rel=\"noreferrer noopener\">Receita Federal<\/a><\/strong> (corre que as inscri\u00e7\u00f5es ainda est\u00e3o abertas) e <strong><a href=\"https:\/\/www.estrategiaconcursos.com.br\/blog\/concurso-senado-federal\/\" target=\"_blank\" rel=\"noreferrer noopener\">Senado Federal<\/a><\/strong>. Nessa reta final do ano tamb\u00e9m foi publicado um novo edital do<strong> <a href=\"https:\/\/www.estrategiaconcursos.com.br\/blog\/concurso-banco-do-brasil\/\" target=\"_blank\" rel=\"noreferrer noopener\">Banco do Brasil<\/a><\/strong>.<\/p>\n\n\n\n<p>Ao longo dos \u00faltimos dias, apesar de muita gente estar em recesso, o ritmo de publica\u00e7\u00f5es de editais seguiu normalmente. Os destaques foram para as \u00e1reas da <strong>educa\u00e7\u00e3o <\/strong>e de <strong>carreiras jur\u00eddicas<\/strong>.<\/p>\n\n\n\n<p class=\"has-vivid-cyan-blue-color has-text-color\"><strong>Toda a equipe do Estrat\u00e9gia Concursos deseja a voc\u00ea, concurseiro, uma excelente virada de ano, com muita paz, sa\u00fade, responsabilidade e amor. Vamos com tudo para 2023, que promete ser t\u00e3o incr\u00edvel quanto o ano que acaba!!!<\/strong><\/p>\n\n\n\n<p class=\"has-text-align-center\">Quer ficar informado sobre TODOS os <a href=\"https:\/\/www.estrategiaconcursos.com.br\/blog\/concursos-abertos\/\" target=\"_blank\" rel=\"noreferrer noopener\">novos editais de concursos<\/a> publicados nos \u00faltimos dias? <em><strong>Confira mais informa\u00e7\u00f5es ao longo deste artigo!<\/strong><\/em>  <\/p>\n\n\n\n<div class=\"container\" id=\"boxes\">\n  <div class=\"row\">\n\n    <div class=\"col-sm\">\n      <div class=\"banner-estrategia\" id=\"box-assinatura\">\n        <h3 class=\"titulo-assinatura\">Cursos para concursos<\/h3>\n        <p class=\"subtitulo-assinatura\">Estude conosco<\/p>\n        <div class=\"box-botao\">\n          <a class=\"btn-assinatura\" target=\"_blank\" href=\"https:\/\/www.estrategiaconcursos.com.br\/cursos\/\" role=\"button\" rel=\"noopener noreferrer\">Conhe\u00e7a os cursos<\/a>\n        <\/div>\n      <\/div>\n     \n    <\/div>\n\n  <\/div>\n<\/div>\n\n\n\n<h2 class=\"has-text-align-center has-cyan-bluish-gray-background-color has-background wp-block-heading\" id=\"h-confira-os-editais-de-concursos-publicados-nesta-semana\">Confira os editais de concursos publicados nesta semana:<\/h2>\n\n\n\n<h3 class=\"wp-block-heading\" id=\"h-concurso-cgm-rj\"><a href=\"https:\/\/www.estrategiaconcursos.com.br\/blog\/concurso-cgm-rj\/\" target=\"_blank\" rel=\"noreferrer noopener\">Concurso CGM RJ<\/a><\/h3>\n\n\n\n<ul class=\"wp-block-list\"><li><strong>Banca:<\/strong>&nbsp;FGV<\/li><li><strong>Per\u00edodo de inscri\u00e7\u00f5es<\/strong>: 09\/01 a 09\/02\/2023<\/li><li><strong>Data da prova:<\/strong>&nbsp;02\/04\/2023<\/li><li><strong>Vagas:<\/strong>&nbsp;41<\/li><li><strong>Cargos:<\/strong>&nbsp;Contador&nbsp;e&nbsp;T\u00e9cnico de Controle Interno<\/li><li><strong>Remunera\u00e7\u00e3o<\/strong>:&nbsp;R$ 10.175,24<\/li><li><strong>Edital:<\/strong>&nbsp;<a href=\"https:\/\/dhg1h5j42swfq.cloudfront.net\/2022\/12\/30122107\/edital_cgm_-_versao_final.pdf\" target=\"_blank\" rel=\"noreferrer noopener nofollow\">Edital CGM RJ-2022<\/a><\/li><li><a href=\"https:\/\/www.estrategiaconcursos.com.br\/cursosPorConcurso\/controladoria-geral-do-municipio-do-rio-de-janeiro-cgm-rj\/\" target=\"_blank\" rel=\"noreferrer noopener\">Cursos CGM RJ<\/a><\/li><\/ul>\n\n\n\n<h3 class=\"wp-block-heading\"><a href=\"https:\/\/www.estrategiaconcursos.com.br\/blog\/concurso-pm-mg-edital-publicado\/\" target=\"_blank\" rel=\"noreferrer noopener\">Concurso PM MG<\/a><\/h3>\n\n\n\n<ul class=\"wp-block-list\"><li><strong>Banca:<\/strong>&nbsp;Organiza\u00e7\u00e3o pr\u00f3pria<\/li><li><strong>Per\u00edodo de inscri\u00e7\u00f5es<\/strong>: 1\u00ba a 30\/03\/2023<\/li><li><strong>Data da prova:<\/strong>&nbsp;07\/05\/2023<\/li><li><strong>Vagas:<\/strong>&nbsp;2.821<\/li><li><strong>Cargo:<\/strong>&nbsp;Soldado<\/li><li><strong>Remunera\u00e7\u00e3o<\/strong>: R$ 4.360,83 <\/li><li><strong>Edital:<\/strong>&nbsp;<a href=\"https:\/\/dhg1h5j42swfq.cloudfront.net\/2022\/12\/30180837\/edital-pmmg-soldado.pdf\" target=\"_blank\" rel=\"noreferrer noopener nofollow\">Soldado PMMG<\/a>&nbsp;<\/li><li><a href=\"https:\/\/www.estrategiaconcursos.com.br\/cursosPorConcurso\/policia-militar-de-minas-gerais-pm-mg\/\" target=\"_blank\" rel=\"noreferrer noopener\">Cursos PM MG<\/a><\/li><\/ul>\n\n\n\n<h3 class=\"wp-block-heading\"><a href=\"https:\/\/www.estrategiaconcursos.com.br\/blog\/concurso-pm-mg-edital-publicado\/\" target=\"_blank\" rel=\"noreferrer noopener\">Concurso PM MG<\/a><\/h3>\n\n\n\n<ul class=\"wp-block-list\"><li><strong>Banca:<\/strong>&nbsp;Organiza\u00e7\u00e3o pr\u00f3pria<\/li><li><strong>Per\u00edodo de inscri\u00e7\u00f5es<\/strong>: 03\/04 a 03\/05\/2022<\/li><li><strong>Data da prova:<\/strong>&nbsp;04\/06\/2023<\/li><li><strong>Vagas:<\/strong>&nbsp;180<\/li><li><strong>Cargo:<\/strong>&nbsp;Oficial<\/li><li><strong>Remunera\u00e7\u00e3o<\/strong>: R$ 7.175,30<\/li><li><strong>Edital:<\/strong>&nbsp;<a href=\"https:\/\/dhg1h5j42swfq.cloudfront.net\/2022\/12\/30180843\/edital-pmmg-oficial.pdf\" target=\"_blank\" rel=\"noreferrer noopener nofollow\">Oficial PMMG<\/a><\/li><li><a href=\"https:\/\/www.estrategiaconcursos.com.br\/cursosPorConcurso\/policia-militar-de-minas-gerais-pm-mg\/\" target=\"_blank\" rel=\"noreferrer noopener\">Cursos PM MG<\/a><\/li><\/ul>\n\n\n\n<h3 class=\"wp-block-heading\"><a href=\"https:\/\/www.estrategiaconcursos.com.br\/blog\/concurso-see-pe\/\" target=\"_blank\" rel=\"noreferrer noopener\">Concurso SEE PE<\/a><\/h3>\n\n\n\n<ul class=\"wp-block-list\"><li><strong>Banca:<\/strong>&nbsp;Cebraspe<\/li><li><strong>Per\u00edodo de inscri\u00e7\u00f5es<\/strong>: 30\/01 a 01\/03\/2023<\/li><li><strong>Data da prova:<\/strong>&nbsp;02\/04\/2023<\/li><li><strong>Vagas:<\/strong>&nbsp;155 + CR<\/li><li><strong>Cargo:<\/strong>&nbsp;Professor de Educa\u00e7\u00e3o Especial<\/li><li><strong>Remunera\u00e7\u00e3o<\/strong>: R$ 2.925,00 a R$ 3.900,00<\/li><li><strong>Edital:<\/strong>&nbsp;<a href=\"https:\/\/dhg1h5j42swfq.cloudfront.net\/2022\/12\/27072617\/edital-publicado-see-pe.pdf\" target=\"_blank\" rel=\"noreferrer noopener nofollow\">SEE PE Professor<\/a><\/li><li><a href=\"https:\/\/www.estrategiaconcursos.com.br\/cursosPorConcurso\/secretaria-de-educacao-de-pernambuco\/\" target=\"_blank\" rel=\"noreferrer noopener\">Cursos SEE PE<\/a><\/li><\/ul>\n\n\n\n<div class=\"wp-block-group is-layout-flow wp-block-group-is-layout-flow\">\n<h3 class=\"wp-block-heading\" id=\"h-concurso-epc-pb\"><a href=\"https:\/\/www.estrategiaconcursos.com.br\/blog\/concurso-epc\/\" target=\"_blank\" rel=\"noreferrer noopener\">Concurso EPC<\/a> (PB)<\/h3>\n\n\n\n<ul class=\"wp-block-list\"><li><strong>Banca:<\/strong>&nbsp;Vunesp<\/li><li><strong>Per\u00edodo de inscri\u00e7\u00f5es<\/strong>: 09\/01 a 14\/02\/2023<\/li><li><strong>Data da prova:<\/strong>&nbsp;02\/04\/2023<\/li><li><strong>Vagas:<\/strong>&nbsp;159<\/li><li><strong>Cargos:<\/strong>&nbsp;V\u00e1rios<\/li><li><strong>Remunera\u00e7\u00e3o<\/strong>:&nbsp;R$ 1.800,00 a R$ 3.000,00<\/li><li><strong>Edital:<\/strong>&nbsp;<a href=\"https:\/\/dhg1h5j42swfq.cloudfront.net\/2022\/12\/30074333\/edital-publicado-epc-pb.pdf\" target=\"_blank\" rel=\"noreferrer noopener nofollow\">Empresa Paraibana de Comunica\u00e7\u00e3o-2022<\/a><\/li><\/ul>\n\n\n\n<h3 class=\"wp-block-heading\" id=\"h-concurso-bcprevi-sc\"><a href=\"https:\/\/www.estrategiaconcursos.com.br\/blog\/concurso-bcprevi-sc\/\" target=\"_blank\" rel=\"noreferrer noopener\">Concurso BCPrevi<\/a> (SC)<\/h3>\n\n\n\n<ul class=\"wp-block-list\"><li><strong>Banca:<\/strong>&nbsp;FEPESE<\/li><li><strong>Per\u00edodo de inscri\u00e7\u00f5es<\/strong>: at\u00e9 30\/01\/2023<\/li><li><strong>Data da prova:<\/strong>&nbsp;26\/02\/2023<\/li><li><strong>Vagas:<\/strong>&nbsp;CR<\/li><li><strong>Cargos:<\/strong>&nbsp;V\u00e1rios<\/li><li><strong>Remunera\u00e7\u00e3o<\/strong>:&nbsp;R$ 2.455,81 a R$ 8.504,64<\/li><li><strong>Edital:<\/strong>&nbsp;<a href=\"https:\/\/dhg1h5j42swfq.cloudfront.net\/2022\/12\/30163432\/2022_005_cp_bc_previ.pdf\" target=\"_blank\" rel=\"noreferrer noopener nofollow\">BCPRevi SC 2022<\/a><\/li><\/ul>\n\n\n\n<h3 class=\"wp-block-heading\" id=\"h-concurso-bc-transito-sc\"><a href=\"https:\/\/www.estrategiaconcursos.com.br\/blog\/concurso-bc-transito\/\" target=\"_blank\" rel=\"noreferrer noopener\">Concurso BC Tr\u00e2nsito<\/a> (SC)<\/h3>\n\n\n\n<ul class=\"wp-block-list\"><li><strong>Banca:<\/strong>&nbsp;FEPESE<\/li><li><strong>Per\u00edodo de inscri\u00e7\u00f5es<\/strong>: at\u00e9 30\/01\/2023<\/li><li><strong>Data da prova:<\/strong>&nbsp;26\/02\/2023<\/li><li><strong>Vagas:<\/strong>&nbsp;CR<\/li><li><strong>Cargos:<\/strong>&nbsp;V\u00e1rios<\/li><li><strong>Remunera\u00e7\u00e3o<\/strong>:&nbsp;R$ 2.069,82 a R$ 9.352,90<\/li><li><strong>Edital:<\/strong>&nbsp;<a href=\"https:\/\/dhg1h5j42swfq.cloudfront.net\/2022\/12\/30165929\/2022_001_cp_bc_transito.pdf\" target=\"_blank\" rel=\"noreferrer noopener nofollow\">Edital BC Tr\u00e2nsito<\/a><\/li><\/ul>\n\n\n\n<h3 class=\"wp-block-heading\" id=\"h-concurso-fundacao-cultural-balneario-camboriu-sc\">Concurso Funda\u00e7\u00e3o Cultural Balne\u00e1rio Cambori\u00fa (SC)<\/h3>\n\n\n\n<ul class=\"wp-block-list\"><li><strong>Banca:<\/strong>&nbsp;FEPESE<\/li><li><strong>Per\u00edodo de inscri\u00e7\u00f5es<\/strong>: at\u00e9 30\/01\/2023<\/li><li><strong>Data da prova:<\/strong>&nbsp;26\/02\/2023<\/li><li><strong>Vagas:<\/strong>&nbsp;CR<\/li><li><strong>Cargos:<\/strong>&nbsp;V\u00e1rios<\/li><li><strong>Remunera\u00e7\u00e3o<\/strong>:&nbsp;R$ 2.455,81 a R$ 3.870,17<\/li><li><strong>Edital:<\/strong>&nbsp;<a href=\"https:\/\/dhg1h5j42swfq.cloudfront.net\/2022\/12\/30171512\/2022_007_cp_bc_fundacao_cultural.pdf\" target=\"_blank\" rel=\"noreferrer noopener nofollow\">Edital Funda\u00e7\u00e3o Cultural BC<\/a><\/li><\/ul>\n\n\n\n<h3 class=\"wp-block-heading\" id=\"h-residencia-hemorio-rj\"><a href=\"https:\/\/www.estrategiaconcursos.com.br\/blog\/residencia-hemorio-rj\/\" target=\"_blank\" rel=\"noreferrer noopener\">Resid\u00eancia HEMORIO<\/a> (RJ)<\/h3>\n\n\n\n<ul class=\"wp-block-list\"><li><strong>Banca:<\/strong>&nbsp;Fundatec<\/li><li><strong>Per\u00edodo de inscri\u00e7\u00f5es<\/strong>: 02 a 16\/01\/2023<\/li><li><strong>Data da prova:<\/strong>&nbsp;05\/02\/2023<\/li><li><strong>Vagas:<\/strong>&nbsp;12<\/li><li><strong>\u00c1reas:<\/strong>&nbsp;Enfermagem, Odontologia, Servi\u00e7o Social e Biomedicina\/Biologia<\/li><li><strong>Bolsa aux\u00edlio<\/strong>:&nbsp;R$ 4.106,09<\/li><li><strong>Edital:<\/strong>&nbsp;<a href=\"https:\/\/dhg1h5j42swfq.cloudfront.net\/2022\/12\/29163635\/edital_abertura_73163ac369363bd4.pdf\" target=\"_blank\" rel=\"noreferrer noopener nofollow\">Resid\u00eancia&nbsp;HEMORIO RJ&nbsp;\u2013 2022<\/a><\/li><li><a href=\"https:\/\/www.estrategiaconcursos.com.br\/cursosPorConcurso\/instituto-estadual-de-hematologia-arthur-siqueira-hemorio-residencias-multiprofissionais\/\" target=\"_blank\" rel=\"noreferrer noopener\">Cursos Hemorio<\/a><\/li><\/ul>\n\n\n\n<h3 class=\"wp-block-heading\" id=\"h-concurso-santa-casa-pa\"><a href=\"https:\/\/www.estrategiaconcursos.com.br\/blog\/concurso-santa-casa-pa\/\" target=\"_blank\" rel=\"noreferrer noopener\">Concurso Santa Casa<\/a> (PA)<\/h3>\n\n\n\n<ul class=\"wp-block-list\"><li><strong>Banca:<\/strong>&nbsp;CETAP<\/li><li><strong>Per\u00edodo de inscri\u00e7\u00f5es<\/strong>: 18\/01 a 15\/03\/2023<\/li><li><strong>Data da prova:<\/strong>&nbsp;16\/04\/2023<\/li><li><strong>Vagas:<\/strong>&nbsp;250 + CR<\/li><li><strong>Cargos:<\/strong>&nbsp;V\u00e1rios<\/li><li><strong>Remunera\u00e7\u00e3o<\/strong>:&nbsp;R$ 1.215,50 a R$ 3.696,38<\/li><li><strong>Edital:<\/strong>&nbsp;<a href=\"https:\/\/dhg1h5j42swfq.cloudfront.net\/2022\/12\/30083528\/dtc7ky554u15bwncylmljxgxniehafsb24kryvco-1.pdf\" target=\"_blank\" rel=\"noreferrer noopener nofollow\">Santa Casa PA-2022<\/a><\/li><li><a href=\"https:\/\/www.estrategiaconcursos.com.br\/cursosPorConcurso\/fundacao-santa-casa-de-misericordia-do-para-fscmp\/\" target=\"_blank\" rel=\"noreferrer noopener\">Cursos Santa Casa<\/a><\/li><\/ul>\n<\/div>\n\n\n\n<h3 class=\"wp-block-heading\" id=\"h-concurso-hospital-ophir-loyola-pa\"><a href=\"https:\/\/www.estrategiaconcursos.com.br\/blog\/concurso-hospital-ophir-loyola\/\" target=\"_blank\" rel=\"noreferrer noopener\">Concurso Hospital Ophir Loyola<\/a>&nbsp;(PA)<\/h3>\n\n\n\n<ul class=\"wp-block-list\"><li><strong>Banca:<\/strong>&nbsp;CETAP<\/li><li><strong>Per\u00edodo de inscri\u00e7\u00f5es<\/strong>: 11\/01 a 03\/03\/2023<\/li><li><strong>Data da prova:<\/strong>&nbsp;02\/04\/2023<\/li><li><strong>Vagas:<\/strong>&nbsp;121 + CR<\/li><li><strong>Cargos:<\/strong>&nbsp;V\u00e1rios<\/li><li><strong>Remunera\u00e7\u00e3o<\/strong>: R$ 1.215,50 a R$ 3.696,38<\/li><li><strong>Edital:<\/strong>&nbsp;<a href=\"https:\/\/dhg1h5j42swfq.cloudfront.net\/2022\/12\/26082631\/edital-hol-2022-9-22.pdf\" target=\"_blank\" rel=\"noreferrer noopener nofollow\">Edital HOL-2022<\/a><\/li><li><a href=\"https:\/\/www.estrategiaconcursos.com.br\/cursosPorConcurso\/hospital-ophir-loyola-hol\/\" target=\"_blank\" rel=\"noreferrer noopener\">Cursos HOL PA<\/a><\/li><\/ul>\n\n\n\n<h3 class=\"wp-block-heading\"><a href=\"https:\/\/www.estrategiaconcursos.com.br\/blog\/concurso-ufjf-tae-edital-publicado\/\" target=\"_blank\" rel=\"noreferrer noopener\">Concurso UFJF<\/a> (MG)<\/h3>\n\n\n\n<ul class=\"wp-block-list\"><li><strong>Banca:<\/strong>&nbsp;Fundep<\/li><li><strong>Per\u00edodo de inscri\u00e7\u00f5es<\/strong>: 13\/02 a 22\/03\/2023<\/li><li><strong>Data da prova:<\/strong>&nbsp;07\/05\/2023<\/li><li><strong>Vagas:<\/strong>&nbsp;28<\/li><li><strong>Cargos:<\/strong>&nbsp;T\u00e9cnico-Administrativo em Educa\u00e7\u00e3o<\/li><li><strong>Remunera\u00e7\u00e3o<\/strong>: R$ 2.446,96 e R$ 4.180,66<\/li><li><strong>Edital:<\/strong>&nbsp;<a href=\"https:\/\/dhg1h5j42swfq.cloudfront.net\/2022\/12\/30175047\/edital-1.pdf\" target=\"_blank\" rel=\"noreferrer noopener nofollow\">Edital UFJF<\/a><\/li><\/ul>\n\n\n\n<h3 class=\"wp-block-heading\"><a href=\"https:\/\/www.estrategiaconcursos.com.br\/blog\/concurso-ufrrj\/\" target=\"_blank\" rel=\"noreferrer noopener\">Concurso UFRRJ<\/a> (RJ)<\/h3>\n\n\n\n<ul class=\"wp-block-list\"><li><strong>Banca:<\/strong>&nbsp;Organiza\u00e7\u00e3o pr\u00f3pria<\/li><li><strong>Per\u00edodo de inscri\u00e7\u00f5es<\/strong>: 02\/01 a 31\/01\/2023<\/li><li><strong>Data da prova:<\/strong>&nbsp;16\/04\/2023<\/li><li><strong>Vagas:<\/strong>&nbsp;05<\/li><li><strong>Cargos:<\/strong>&nbsp;Auditor, Analista de Tecnologia da Informa\u00e7\u00e3o e Bibliotec\u00e1rio<\/li><li><strong>Remunera\u00e7\u00e3o<\/strong>: R$ 4.180,66<\/li><li><strong>Edital:<\/strong>&nbsp;<a href=\"https:\/\/dhg1h5j42swfq.cloudfront.net\/2022\/12\/28080649\/rj.pdf\" target=\"_blank\" rel=\"noreferrer noopener nofollow\">Edital UFRRJ<\/a><\/li><li><a href=\"https:\/\/www.estrategiaconcursos.com.br\/cursosPorConcurso\/universidade-federal-rural-do-rio-de-janeiro-ufrrj\/\" target=\"_blank\" rel=\"noreferrer noopener\">Cursos para UFRRJ<\/a><\/li><\/ul>\n\n\n\n<h3 class=\"wp-block-heading\"><a href=\"https:\/\/www.estrategiaconcursos.com.br\/blog\/concurso-ifal-professor-edital-publicado\/\" target=\"_blank\" rel=\"noreferrer noopener\">Concurso IFAL<\/a> (AL)<\/h3>\n\n\n\n<ul class=\"wp-block-list\"><li><strong>Banca:<\/strong>&nbsp;Organiza\u00e7\u00e3o pr\u00f3pria<\/li><li><strong>Per\u00edodo de inscri\u00e7\u00f5es<\/strong>: 23\/01 a 23\/02\/2023<\/li><li><strong>Data da prova:<\/strong>&nbsp;16\/04\/2023<\/li><li><strong>Vagas:<\/strong>&nbsp;12<\/li><li><strong>Cargo:<\/strong>&nbsp;Professor<\/li><li><strong>Remunera\u00e7\u00e3o<\/strong>: R$ 4.472,64<\/li><li><strong>Edital:<\/strong>&nbsp;<a href=\"https:\/\/dhg1h5j42swfq.cloudfront.net\/2022\/12\/28085847\/al.pdf\" target=\"_blank\" rel=\"noreferrer noopener nofollow\">IFAL Professor<\/a><\/li><li><a href=\"https:\/\/www.estrategiaconcursos.com.br\/cursosPorConcurso\/ifal-instituto-federal-de-alagoas\/\" target=\"_blank\" rel=\"noreferrer noopener\">Cursos IFAL<\/a><\/li><\/ul>\n\n\n\n<h3 class=\"wp-block-heading\"><a href=\"https:\/\/www.estrategiaconcursos.com.br\/blog\/concurso-ifpr\/\" target=\"_blank\" rel=\"noreferrer noopener\">Concurso IFPR<\/a> (PR)<\/h3>\n\n\n\n<ul class=\"wp-block-list\"><li><strong>Banca:<\/strong>&nbsp;NC\/UFPR<\/li><li><strong>Per\u00edodo de inscri\u00e7\u00f5es<\/strong>: 16\/01 a 16\/03\/2023<\/li><li><strong>Data da prova:<\/strong>&nbsp;21\/05\/2023<\/li><li><strong>Vagas:<\/strong>&nbsp;183<\/li><li><strong>Cargos:<\/strong>&nbsp;T\u00e9cnico-Administrativo e Professor<\/li><li><strong>Remunera\u00e7\u00e3o<\/strong>: R$ 1.945,07 a R$ 8.361,33<\/li><li><strong>Editais:<\/strong>&nbsp;<a href=\"https:\/\/dhg1h5j42swfq.cloudfront.net\/2022\/12\/28071421\/prof.pdf\" target=\"_blank\" rel=\"noreferrer noopener nofollow\">Professor<\/a>&nbsp;|&nbsp;<a href=\"https:\/\/dhg1h5j42swfq.cloudfront.net\/2022\/12\/28071529\/tae.pdf\" target=\"_blank\" rel=\"noreferrer noopener nofollow\">TAE<\/a><\/li><\/ul>\n\n\n\n<h3 class=\"wp-block-heading\" id=\"h-concurso-unila\"><a href=\"https:\/\/www.estrategiaconcursos.com.br\/blog\/concurso-unila-edital-publicado\/\" target=\"_blank\" rel=\"noreferrer noopener\">Concurso UNILA<\/a><\/h3>\n\n\n\n<ul class=\"wp-block-list\"><li><strong>Banca:<\/strong>&nbsp;UNIOESTE\/COGEPS<\/li><li><strong>Per\u00edodo de inscri\u00e7\u00f5es<\/strong>: 05\/01 a 09\/02\/2023<\/li><li><strong>Data da prova:<\/strong>&nbsp;12\/03\/2023<\/li><li><strong>Vagas:<\/strong>&nbsp;41<\/li><li><strong>Cargos:<\/strong>&nbsp;V\u00e1rios<\/li><li><strong>Remunera\u00e7\u00e3o<\/strong>:&nbsp;R$ 2.446,96 a R$ 4.180,66<\/li><li><strong>Edital:<\/strong>&nbsp;<a href=\"https:\/\/dhg1h5j42swfq.cloudfront.net\/2022\/12\/30064105\/edital-publicado-unila.pdf\" target=\"_blank\" rel=\"noreferrer noopener nofollow\">UNILA<\/a><\/li><\/ul>\n\n\n\n<h3 class=\"wp-block-heading\" id=\"h-concurso-ifto-to\"><a href=\"https:\/\/www.estrategiaconcursos.com.br\/blog\/concurso-ifto-tae-professor-edital-publicado\/\" target=\"_blank\" rel=\"noreferrer noopener\">Concurso IFTO<\/a> (TO)<\/h3>\n\n\n\n<ul class=\"wp-block-list\"><li><strong>Banca:<\/strong>&nbsp;Organiza\u00e7\u00e3o pr\u00f3pria<\/li><li><strong>Per\u00edodo de inscri\u00e7\u00f5es<\/strong>: 03 a 17\/01\/2023<\/li><li><strong>Data da prova:<\/strong>&nbsp;26\/02\/2023<\/li><li><strong>Vagas:<\/strong>&nbsp;56<\/li><li><strong>Cargos:<\/strong>&nbsp;T\u00e9cnico-Administrativo em Educa\u00e7\u00e3o e Professor<\/li><li><strong>Remunera\u00e7\u00e3o<\/strong>:&nbsp;R$ 2.446,96 a R$ 9.616,18<\/li><li><strong>Edital:<\/strong>&nbsp;<a href=\"https:\/\/dhg1h5j42swfq.cloudfront.net\/2022\/12\/30073111\/edital-publicado-ifto-1.pdf\" target=\"_blank\" rel=\"noreferrer noopener nofollow\">IFTO<\/a><\/li><li><a href=\"https:\/\/www.estrategiaconcursos.com.br\/cursosPorConcurso\/instituto-federal-do-tocantins-ifto\/\" target=\"_blank\" rel=\"noreferrer noopener\">Curso para IFTO<\/a><\/li><\/ul>\n\n\n\n<h3 class=\"wp-block-heading\" id=\"h-concurso-uff-rj\"><a href=\"https:\/\/www.estrategiaconcursos.com.br\/blog\/concurso-uff-edital-publicado\/\" target=\"_blank\" rel=\"noreferrer noopener\">Concurso UFF<\/a> (RJ)<\/h3>\n\n\n\n<ul class=\"wp-block-list\"><li><strong>Banca:<\/strong>&nbsp;Coseac\/UFF<\/li><li><strong>Per\u00edodo de inscri\u00e7\u00f5es<\/strong>: 01 a 23\/03\/2023<\/li><li><strong>Data da prova:<\/strong>&nbsp;16 e 30\/04\/2023<\/li><li><strong>Vagas:<\/strong>&nbsp;186<\/li><li><strong>Cargos:<\/strong>&nbsp;T\u00e9cnico-Administrativo em Educa\u00e7\u00e3o e Professor<\/li><li><strong>Remunera\u00e7\u00e3o<\/strong>:&nbsp;R$ 2.446,96 e R$ 4.180,66<\/li><li><strong>Edital:<\/strong>&nbsp;<a href=\"https:\/\/dhg1h5j42swfq.cloudfront.net\/2022\/12\/30104304\/edital-uff.pdf\" target=\"_blank\" rel=\"noreferrer noopener nofollow\">UFF<\/a><\/li><\/ul>\n\n\n\n<h3 class=\"wp-block-heading\" id=\"h-concurso-pgm-balneario-camboriu-sc\"><a href=\"https:\/\/cj.estrategia.com\/portal\/concurso-pgm-camboriu\/\" target=\"_blank\" rel=\"noreferrer noopener\">Concurso PGM Balne\u00e1rio Cambori\u00fa<\/a> (SC)<\/h3>\n\n\n\n<ul class=\"wp-block-list\"><li><strong>Banca:<\/strong>&nbsp;Fepese<\/li><li><strong>Per\u00edodo de inscri\u00e7\u00f5es<\/strong>: at\u00e9 30\/01\/2023<\/li><li><strong>Data da prova:<\/strong>&nbsp;12\/03\/2023<\/li><li><strong>Vagas:<\/strong>&nbsp;CR<\/li><li><strong>Cargo:<\/strong>&nbsp;Procurador do Munic\u00edpio<\/li><li><strong>Remunera\u00e7\u00e3o<\/strong>:&nbsp;R$ 13.622,83<\/li><li><strong>Edital:<\/strong>&nbsp;<a href=\"https:\/\/dhg1h5j42swfq.cloudfront.net\/2022\/12\/30081938\/2022_008_cp_bc_procurador.pdf\" target=\"_blank\" rel=\"noreferrer noopener nofollow\">PGM Cambori\u00fa<\/a><\/li><\/ul>\n\n\n\n<h3 class=\"wp-block-heading\" id=\"h-concurso-pgm-macedonia-sp\"><a href=\"https:\/\/cj.estrategia.com\/portal\/concurso-pgm-macedonia-sp\/\" target=\"_blank\" rel=\"noreferrer noopener\">Concurso PGM Maced\u00f4nia<\/a> (SP)<\/h3>\n\n\n\n<ul class=\"wp-block-list\"><li><strong>Banca:<\/strong>&nbsp;Consep&nbsp;<\/li><li><strong>Per\u00edodo de inscri\u00e7\u00f5es<\/strong>: at\u00e9 01\/01\/2023<\/li><li><strong>Data da prova:<\/strong>&nbsp;29\/01\/2023<\/li><li><strong>Vagas:<\/strong>&nbsp;01<\/li><li><strong>Cargo:<\/strong>&nbsp;Procurador Jur\u00eddico<\/li><li><strong>Remunera\u00e7\u00e3o<\/strong>:&nbsp;R$ 3.532,20<\/li><li><strong>Edital:<\/strong>&nbsp;<a href=\"https:\/\/cj.estrategia.com\/portal\/wp-content\/uploads\/2022\/12\/29170914\/Edital-PGM-Macedonia-SP-2022.pdf\" target=\"_blank\" rel=\"noreferrer noopener nofollow\">Edital PGM Maced\u00f4nia SP<\/a><\/li><\/ul>\n\n\n\n<h3 class=\"wp-block-heading\" id=\"h-concurso-pge-es-procurador\"><a href=\"https:\/\/cj.estrategia.com\/portal\/concurso-pge-es-procurador\/\" target=\"_blank\" rel=\"noreferrer noopener\">Concurso PGE ES Procurador<\/a><\/h3>\n\n\n\n<ul class=\"wp-block-list\"><li><strong>Banca:<\/strong>&nbsp;Cebraspe<\/li><li><strong>Per\u00edodo de inscri\u00e7\u00f5es<\/strong>: 06\/01 a 07\/02\/2023<\/li><li><strong>Data da prova:<\/strong>&nbsp;26\/03\/2023<\/li><li><strong>Vagas:<\/strong>&nbsp;8 + CR<\/li><li><strong>Cargo:<\/strong>&nbsp;Procurador de 1\u00aa classe<\/li><li><strong>Remunera\u00e7\u00e3o<\/strong>:&nbsp;R$ 22.016,07<\/li><li><strong>Edital:<\/strong>&nbsp;<a href=\"https:\/\/dhg1h5j42swfq.cloudfront.net\/2022\/12\/26065310\/es.pdf\" target=\"_blank\" rel=\"noreferrer noopener nofollow\">PGE ES Procurador<\/a><\/li><li><a href=\"https:\/\/cj.estrategia.com\/catalogo-produtos\/produto\/pge-es-procurador-do-estado-pacote-teorico-2023-pos-edital\/\" target=\"_blank\" rel=\"noreferrer noopener\">Cursos PGE ES<\/a><\/li><\/ul>\n\n\n\n<h3 class=\"wp-block-heading\" id=\"h-concurso-pgm-nova-iguacu-rj\"><a href=\"https:\/\/cj.estrategia.com\/portal\/edital-pgm-nova-iguacu-rj\/\" target=\"_blank\" rel=\"noreferrer noopener\">Concurso PGM Nova Igua\u00e7u<\/a>&nbsp;(RJ)<\/h3>\n\n\n\n<ul class=\"wp-block-list\"><li><strong>Banca:<\/strong>&nbsp;IDECAN<\/li><li><strong>Per\u00edodo de inscri\u00e7\u00f5es<\/strong>: at\u00e9 08\/02\/2023<\/li><li><strong>Data da prova:<\/strong>&nbsp;05\/03\/2023<\/li><li><strong>Vagas:<\/strong>&nbsp;01 + CR<\/li><li><strong>Cargo:<\/strong>&nbsp;Procurador Municipal<\/li><li><strong>Remunera\u00e7\u00e3o<\/strong>: &nbsp;R$ 19.602,93<\/li><li><strong>Edital:<\/strong>&nbsp;<a href=\"https:\/\/cj.estrategia.com\/portal\/wp-content\/uploads\/2022\/12\/26150435\/Edital-PGM-Nova-Iguacu-2022.pdf\" target=\"_blank\" rel=\"noreferrer noopener nofollow\">Edital PGM Nova Igua\u00e7u<\/a><\/li><li><a href=\"https:\/\/www.estrategiaconcursos.com.br\/assinaturas-ecj\/\" target=\"_blank\" rel=\"noreferrer noopener\">Assinatura Jur\u00eddica<\/a><\/li><\/ul>\n\n\n\n<h3 class=\"wp-block-heading\"><a href=\"https:\/\/cj.estrategia.com\/portal\/concursos-agu-pgf-pgfn-editais-publicados\/\" target=\"_blank\" rel=\"noreferrer noopener\">Concurso AGU<\/a><\/h3>\n\n\n\n<ul class=\"wp-block-list\"><li><strong>Banca:<\/strong>&nbsp;Cebraspe<\/li><li><strong>Per\u00edodo de inscri\u00e7\u00f5es<\/strong>: 09\/01 a 07\/02\/2023<\/li><li><strong>Data da prova:<\/strong>&nbsp;30\/04\/2023<\/li><li><strong>Vagas:<\/strong>&nbsp;100<\/li><li><strong>Cargo:<\/strong>&nbsp;Advogado da Uni\u00e3o<\/li><li><strong>Remunera\u00e7\u00e3o<\/strong>: R$ 21.014,49<\/li><li><strong>Edital:<\/strong>&nbsp;<a href=\"https:\/\/www.in.gov.br\/web\/dou\/-\/edital-n-1-agu-de-26-de-dezembro-de-2022-453782934\" target=\"_blank\" rel=\"noreferrer noopener\">Edital AGU<\/a>&nbsp;<\/li><li><a href=\"https:\/\/cj.estrategia.com\/catalogo-produtos\/advocacia-publica-federal\/?id=22ebe1e3-1f5a-4193-8a55-750435dd7d46\" target=\"_blank\" rel=\"noreferrer noopener nofollow\">Cursos AGU<\/a><\/li><\/ul>\n\n\n\n<h3 class=\"wp-block-heading\"><a href=\"https:\/\/cj.estrategia.com\/portal\/concursos-agu-pgf-pgfn-editais-publicados\/\" target=\"_blank\" rel=\"noreferrer noopener\">Concurso PGF<\/a><\/h3>\n\n\n\n<ul class=\"wp-block-list\"><li><strong>Banca:<\/strong>&nbsp;Cebraspe<\/li><li><strong>Per\u00edodo de inscri\u00e7\u00f5es<\/strong>: 09\/01 a 07\/02\/2023<\/li><li><strong>Data da prova:<\/strong>&nbsp;07\/05\/2023<\/li><li><strong>Vagas:<\/strong>&nbsp;100<\/li><li><strong>Cargo:<\/strong>&nbsp;Procurador Federal<\/li><li><strong>Remunera\u00e7\u00e3o<\/strong>: R$ 21.014,49<\/li><li><strong>Edital:<\/strong>&nbsp;<a href=\"https:\/\/www.in.gov.br\/web\/dou\/-\/edital-n-1-procurador-federal-de-26-de-dezembro-de-2022-453799970\" target=\"_blank\" rel=\"noreferrer noopener\">Edital Procurador Federal<\/a>&nbsp;<\/li><li><a href=\"https:\/\/cj.estrategia.com\/catalogo-produtos\/produto\/agu-procurador-federal-pacote-teorico-2023-pos-edital\/\" target=\"_blank\" rel=\"noreferrer noopener\">Cursos PGF<\/a><\/li><\/ul>\n\n\n\n<h3 class=\"wp-block-heading\"><a href=\"https:\/\/cj.estrategia.com\/portal\/concursos-agu-pgf-pgfn-editais-publicados\/\" target=\"_blank\" rel=\"noreferrer noopener\">Concurso PGFN<\/a><\/h3>\n\n\n\n<ul class=\"wp-block-list\"><li><strong>Banca:<\/strong>&nbsp;Cebraspe<\/li><li><strong>Per\u00edodo de inscri\u00e7\u00f5es<\/strong>: 09\/01 a 07\/02\/2023<\/li><li><strong>Data da prova:<\/strong>&nbsp;21\/05\/2023<\/li><li><strong>Vagas:<\/strong>&nbsp;100<\/li><li><strong>Cargo:<\/strong>&nbsp;Procurador da Fazenda Nacional<\/li><li><strong>Remunera\u00e7\u00e3o<\/strong>: R$ 21.014,49<\/li><li><strong>Edital:<\/strong>&nbsp;<a href=\"https:\/\/www.in.gov.br\/web\/dou\/-\/edital-n-1-pfn-de-26-de-dezembro-de-2022-453709368\" target=\"_blank\" rel=\"noreferrer noopener\">Procurador da Fazenda Nacional<\/a>&nbsp;<\/li><li><a href=\"https:\/\/cj.estrategia.com\/catalogo-produtos\/produto\/pgfn-procurador-da-fazenda-nacional-pacote-teorico-2023-pos-edital\/\" target=\"_blank\" rel=\"noreferrer noopener\">Cursos PGFN<\/a><\/li><\/ul>\n\n\n\n<figure class=\"wp-block-image aligncenter size-large is-resized\"><img loading=\"lazy\" decoding=\"async\" src=\"https:\/\/dhg1h5j42swfq.cloudfront.net\/2020\/09\/18141901\/Coruja_Concursos%404x-506x1024.png\" alt=\"Concurso P\u00fablico - editais publicados ao longo da semana\" class=\"wp-image-574355\" width=\"30\" height=\"60\" srcset=\"https:\/\/dhg1h5j42swfq.cloudfront.net\/2020\/09\/18141901\/Coruja_Concursos%404x-506x1024.png 506w, https:\/\/dhg1h5j42swfq.cloudfront.net\/2020\/09\/18141901\/Coruja_Concursos%404x-148x300.png 148w, https:\/\/dhg1h5j42swfq.cloudfront.net\/2020\/09\/18141901\/Coruja_Concursos%404x-610x1236.png 610w, https:\/\/dhg1h5j42swfq.cloudfront.net\/2020\/09\/18141901\/Coruja_Concursos%404x.png 745w\" sizes=\"auto, (max-width: 30px) 100vw, 30px\" \/><\/figure>\n\n\n\n<p class=\"has-text-align-center has-text-color\" style=\"color:#ca980e\"><em><strong>Se voc\u00ea que ficar por dentro das principais oportunidades previstas, n\u00e3o perca o evento \u201c<a href=\"https:\/\/www.estrategiaconcursos.com.br\/blog\/semana-dos-concursos-publicos-2023-o-ano-da-sua-aprovacao\/\" target=\"_blank\" rel=\"noreferrer noopener\">Semana dos Concursos P\u00fablicos: 2023, o ano da sua aprova\u00e7\u00e3o<\/a>\u201c. Ser\u00e3o diversas transmiss\u00f5es ao vivo e gratuitas com dicas de estudos e as sele\u00e7\u00f5es aguardadas para 2023<\/strong><\/em><strong><em>!<\/em><\/strong><\/p>\n\n\n\n<p class=\"has-text-align-center has-background\" style=\"background-color:#ededed;font-size:clamp(14.642px, 0.915rem + ((1vw - 3.2px) * 0.721), 22px);px\"><strong><a href=\"https:\/\/www.estrategiaconcursos.com.br\/blog\/principais-noticias-do-dia\/\" target=\"_blank\" rel=\"noreferrer noopener\">Principais not\u00edcias do dia<\/a><\/strong><\/p>\n\n\n\n<div class=\"container\" id=\"boxes\">\n  <div class=\"row\">\n\n    <div class=\"col-sm\">\n      <div class=\"estrategia\" id=\"box-assinatura\">\n        <h3 class=\"titulo-assinatura\">Assinatura Concursos<\/h3>\n        <p class=\"subtitulo-assinatura\">Assinatura de 1 ano ou 2 anos<\/p>\n        <div class=\"box-botao\">\n          <a class=\"btn-assinatura\" target=\"_blank\" href=\"https:\/\/www.estrategiaconcursos.com.br\/assinaturas\/\" role=\"button\" rel=\"noopener noreferrer\">ASSINE AGORA<\/a>\n        <\/div>\n      <\/div><\/div><\/div><\/div>\n\n\n\n<h2 class=\"has-text-align-center wp-block-heading\" id=\"h-quer-saber-tudo-sobre-concursos-previstos-confira-nossos-artigos\">Quer saber tudo sobre concursos previstos?<br \/>Confira nossos artigos!<\/h2>\n\n\n\n<ul class=\"wp-block-list\" id=\"concurso-publico-editais-esta-semana-03-a-07-01\"><li><a href=\"https:\/\/www.estrategiaconcursos.com.br\/blog\/concursos-abertos\/\" target=\"_blank\" rel=\"noreferrer noopener\">Concursos Abertos<\/a><\/li><li><a href=\"https:\/\/www.estrategiaconcursos.com.br\/blog\/concursos-2022\/\" target=\"_blank\" rel=\"noreferrer noopener\">Concursos 2023<\/a><\/li><\/ul>\n","protected":false},"excerpt":{"rendered":"<p>E em um piscar de olhos, 2022 chega ao fim! Esse ano foi recheado de grandes editais, por conta da retomada de muitos concursos que ficaram represados nos anos anteriores em decorr\u00eancia da pandemia. S\u00f3 para citar alguns exemplos, tivemos a publica\u00e7\u00e3o de tr\u00eas gigantes federais: INSS, Receita Federal (corre que as inscri\u00e7\u00f5es ainda est\u00e3o [&hellip;]<\/p>\n","protected":false},"author":659,"featured_media":1057113,"comment_status":"open","ping_status":"closed","sticky":false,"template":"","format":"standard","meta":{"post_tipo":"news","footnotes":""},"categories":[1,220219],"tags":[],"tax_estado":[219963],"class_list":["post-1144578","post","type-post","status-publish","format-standard","has-post-thumbnail","hentry","category-cursos-e-concursos","category-noticias","tax_estado-concursos-federais"],"acf":[],"yoast_head":"<!-- This site is optimized with the Yoast SEO Premium plugin v27.2 (Yoast SEO v27.2) - https:\/\/yoast.com\/product\/yoast-seo-premium-wordpress\/ -->\n<title>Concursos P\u00fablicos: 25 editais esta semana; mais de 4,5 mil vagas<\/title>\n<meta name=\"description\" content=\"Concurso P\u00fablico 2023 26 editais sa\u00edram ao longo desta semana (26 a 30\/12). Confira n\u00famero de vagas, remunera\u00e7\u00e3o e principais datas.\" \/>\n<meta name=\"robots\" content=\"index, follow, max-snippet:-1, max-image-preview:large, max-video-preview:-1\" \/>\n<link rel=\"canonical\" href=\"https:\/\/www.estrategiaconcursos.com.br\/blog\/concurso-publico-editais-da-semana-26-a-30-12\/\" \/>\n<meta property=\"og:locale\" content=\"pt_BR\" \/>\n<meta property=\"og:type\" content=\"article\" \/>\n<meta property=\"og:title\" content=\"Concursos P\u00fablicos: 25 editais esta semana; mais de 4,5 mil vagas\" \/>\n<meta property=\"og:description\" content=\"Concurso P\u00fablico 2023 26 editais sa\u00edram ao longo desta semana (26 a 30\/12). Confira n\u00famero de vagas, remunera\u00e7\u00e3o e principais datas.\" \/>\n<meta property=\"og:url\" content=\"https:\/\/www.estrategiaconcursos.com.br\/blog\/concurso-publico-editais-da-semana-26-a-30-12\/\" \/>\n<meta property=\"og:site_name\" content=\"Estrat\u00e9gia Concursos\" \/>\n<meta property=\"article:published_time\" content=\"2022-12-30T21:00:00+00:00\" \/>\n<meta property=\"article:modified_time\" content=\"2023-01-06T15:12:53+00:00\" \/>\n<meta property=\"og:image\" content=\"https:\/\/dhg1h5j42swfq.cloudfront.net\/2022\/07\/07142838\/concursos_2023-1.jpeg\" \/>\n\t<meta property=\"og:image:width\" content=\"768\" \/>\n\t<meta property=\"og:image:height\" content=\"432\" \/>\n\t<meta property=\"og:image:type\" content=\"image\/jpeg\" \/>\n<meta name=\"author\" content=\"Camila Leite\" \/>\n<meta name=\"twitter:card\" content=\"summary_large_image\" \/>\n<meta name=\"twitter:creator\" content=\"@EstratConcursos\" \/>\n<meta name=\"twitter:site\" content=\"@EstratConcursos\" \/>\n<meta name=\"twitter:label1\" content=\"Escrito por\" \/>\n\t<meta name=\"twitter:data1\" content=\"Camila Leite\" \/>\n\t<meta name=\"twitter:label2\" content=\"Est. tempo de leitura\" \/>\n\t<meta name=\"twitter:data2\" content=\"6 minutos\" \/>\n<script type=\"application\/ld+json\" class=\"yoast-schema-graph\">{\"@context\":\"https:\/\/schema.org\",\"@graph\":[{\"@type\":\"NewsArticle\",\"@id\":\"https:\/\/www.estrategiaconcursos.com.br\/blog\/concurso-publico-editais-da-semana-26-a-30-12\/#article\",\"isPartOf\":{\"@id\":\"https:\/\/www.estrategiaconcursos.com.br\/blog\/concurso-publico-editais-da-semana-26-a-30-12\/\"},\"author\":{\"name\":\"Camila Leite\",\"@id\":\"https:\/\/www.estrategiaconcursos.com.br\/blog\/#\/schema\/person\/84ecdc6eb58d3cf1689bf76c5cd8fb38\"},\"headline\":\"Concursos P\u00fablicos: 25 editais esta semana; mais de 4,5 mil vagas\",\"datePublished\":\"2022-12-30T21:00:00+00:00\",\"dateModified\":\"2023-01-06T15:12:53+00:00\",\"mainEntityOfPage\":{\"@id\":\"https:\/\/www.estrategiaconcursos.com.br\/blog\/concurso-publico-editais-da-semana-26-a-30-12\/\"},\"wordCount\":1197,\"commentCount\":0,\"publisher\":{\"@id\":\"https:\/\/www.estrategiaconcursos.com.br\/blog\/#organization\"},\"image\":{\"@id\":\"https:\/\/www.estrategiaconcursos.com.br\/blog\/concurso-publico-editais-da-semana-26-a-30-12\/#primaryimage\"},\"thumbnailUrl\":\"https:\/\/dhg1h5j42swfq.cloudfront.net\/2022\/07\/07142838\/concursos_2023-1.jpeg\",\"articleSection\":[\"Concursos P\u00fablicos\",\"\u00daltimas not\u00edcias\"],\"inLanguage\":\"pt-BR\",\"potentialAction\":[{\"@type\":\"CommentAction\",\"name\":\"Comment\",\"target\":[\"https:\/\/www.estrategiaconcursos.com.br\/blog\/concurso-publico-editais-da-semana-26-a-30-12\/#respond\"]}],\"copyrightYear\":\"2022\",\"copyrightHolder\":{\"@id\":\"https:\/\/www.estrategiaconcursos.com.br\/blog\/#organization\"}},{\"@type\":\"WebPage\",\"@id\":\"https:\/\/www.estrategiaconcursos.com.br\/blog\/concurso-publico-editais-da-semana-26-a-30-12\/\",\"url\":\"https:\/\/www.estrategiaconcursos.com.br\/blog\/concurso-publico-editais-da-semana-26-a-30-12\/\",\"name\":\"Concursos P\u00fablicos: 25 editais esta semana; mais de 4,5 mil vagas\",\"isPartOf\":{\"@id\":\"https:\/\/www.estrategiaconcursos.com.br\/blog\/#website\"},\"primaryImageOfPage\":{\"@id\":\"https:\/\/www.estrategiaconcursos.com.br\/blog\/concurso-publico-editais-da-semana-26-a-30-12\/#primaryimage\"},\"image\":{\"@id\":\"https:\/\/www.estrategiaconcursos.com.br\/blog\/concurso-publico-editais-da-semana-26-a-30-12\/#primaryimage\"},\"thumbnailUrl\":\"https:\/\/dhg1h5j42swfq.cloudfront.net\/2022\/07\/07142838\/concursos_2023-1.jpeg\",\"datePublished\":\"2022-12-30T21:00:00+00:00\",\"dateModified\":\"2023-01-06T15:12:53+00:00\",\"description\":\"Concurso P\u00fablico 2023 26 editais sa\u00edram ao longo desta semana (26 a 30\/12). Confira n\u00famero de vagas, remunera\u00e7\u00e3o e principais datas.\",\"breadcrumb\":{\"@id\":\"https:\/\/www.estrategiaconcursos.com.br\/blog\/concurso-publico-editais-da-semana-26-a-30-12\/#breadcrumb\"},\"inLanguage\":\"pt-BR\",\"potentialAction\":[{\"@type\":\"ReadAction\",\"target\":[\"https:\/\/www.estrategiaconcursos.com.br\/blog\/concurso-publico-editais-da-semana-26-a-30-12\/\"]}]},{\"@type\":\"ImageObject\",\"inLanguage\":\"pt-BR\",\"@id\":\"https:\/\/www.estrategiaconcursos.com.br\/blog\/concurso-publico-editais-da-semana-26-a-30-12\/#primaryimage\",\"url\":\"https:\/\/dhg1h5j42swfq.cloudfront.net\/2022\/07\/07142838\/concursos_2023-1.jpeg\",\"contentUrl\":\"https:\/\/dhg1h5j42swfq.cloudfront.net\/2022\/07\/07142838\/concursos_2023-1.jpeg\",\"width\":768,\"height\":432,\"caption\":\"Concursos p\u00fablicos editais\"},{\"@type\":\"BreadcrumbList\",\"@id\":\"https:\/\/www.estrategiaconcursos.com.br\/blog\/concurso-publico-editais-da-semana-26-a-30-12\/#breadcrumb\",\"itemListElement\":[{\"@type\":\"ListItem\",\"position\":1,\"name\":\"In\u00edcio\",\"item\":\"https:\/\/www.estrategiaconcursos.com.br\/blog\/\"},{\"@type\":\"ListItem\",\"position\":2,\"name\":\"Concursos P\u00fablicos: 25 editais esta semana; mais de 4,5 mil vagas\"}]},{\"@type\":\"WebSite\",\"@id\":\"https:\/\/www.estrategiaconcursos.com.br\/blog\/#website\",\"url\":\"https:\/\/www.estrategiaconcursos.com.br\/blog\/\",\"name\":\"Estrat\u00e9gia Concursos\",\"description\":\"O blog da Estrat\u00e9gia Concursos traz not\u00edcias sobre concursos e artigos de professores oferecendo cursos para concursos (pdf + videaulas) no site.\",\"publisher\":{\"@id\":\"https:\/\/www.estrategiaconcursos.com.br\/blog\/#organization\"},\"potentialAction\":[{\"@type\":\"SearchAction\",\"target\":{\"@type\":\"EntryPoint\",\"urlTemplate\":\"https:\/\/www.estrategiaconcursos.com.br\/blog\/?s={search_term_string}\"},\"query-input\":{\"@type\":\"PropertyValueSpecification\",\"valueRequired\":true,\"valueName\":\"search_term_string\"}}],\"inLanguage\":\"pt-BR\"},{\"@type\":\"Organization\",\"@id\":\"https:\/\/www.estrategiaconcursos.com.br\/blog\/#organization\",\"name\":\"Estrat\u00e9gia Concursos\",\"url\":\"https:\/\/www.estrategiaconcursos.com.br\/blog\/\",\"logo\":{\"@type\":\"ImageObject\",\"inLanguage\":\"pt-BR\",\"@id\":\"https:\/\/www.estrategiaconcursos.com.br\/blog\/#\/schema\/logo\/image\/\",\"url\":\"https:\/\/dhg1h5j42swfq.cloudfront.net\/2025\/06\/03203428\/logo_concursos-1.jpg\",\"contentUrl\":\"https:\/\/dhg1h5j42swfq.cloudfront.net\/2025\/06\/03203428\/logo_concursos-1.jpg\",\"width\":230,\"height\":60,\"caption\":\"Estrat\u00e9gia Concursos\"},\"image\":{\"@id\":\"https:\/\/www.estrategiaconcursos.com.br\/blog\/#\/schema\/logo\/image\/\"},\"sameAs\":[\"https:\/\/x.com\/EstratConcursos\"]},{\"@type\":\"Person\",\"@id\":\"https:\/\/www.estrategiaconcursos.com.br\/blog\/#\/schema\/person\/84ecdc6eb58d3cf1689bf76c5cd8fb38\",\"name\":\"Camila Leite\",\"image\":{\"@type\":\"ImageObject\",\"inLanguage\":\"pt-BR\",\"@id\":\"https:\/\/secure.gravatar.com\/avatar\/f2f8faef639c8a2bfb7fb909912a56917f4c3a0aed064500168e2fb8ea55cf61?s=96&d=mm&r=g\",\"url\":\"https:\/\/secure.gravatar.com\/avatar\/f2f8faef639c8a2bfb7fb909912a56917f4c3a0aed064500168e2fb8ea55cf61?s=96&d=mm&r=g\",\"contentUrl\":\"https:\/\/secure.gravatar.com\/avatar\/f2f8faef639c8a2bfb7fb909912a56917f4c3a0aed064500168e2fb8ea55cf61?s=96&d=mm&r=g\",\"caption\":\"Camila Leite\"},\"description\":\"Formada em Design Gr\u00e1fico e em Propaganda e Marketing pela UNIP, integra a equipe de jornalismo do Estrat\u00e9gia Concursos desde 2018. Ao longo dos anos, construiu uma s\u00f3lida experi\u00eancia na produ\u00e7\u00e3o de conte\u00fado informativo e relevante para concurseiros. Desde 2020, atua na cobertura das \u00e1reas Fiscal \u2014 com \u00eanfase nas Secretarias de Fazenda (Sefaz) das regi\u00f5es Sul e Sudeste \u2014, al\u00e9m da cobertura de concursos federais, como CNU, Petrobras, CGU, Receita Federal, ag\u00eancias reguladoras (Anvisa, ANAC, entre outras) e INSS. Mant\u00e9m contato direto com os principais \u00f3rg\u00e3os p\u00fablicos, acompanhando editais, atualiza\u00e7\u00f5es e movimenta\u00e7\u00f5es importantes para os candidatos.\",\"sameAs\":[\"https:\/\/www.linkedin.com\/in\/camila-pinheiro-leite-9ba135b6\/\"],\"url\":\"https:\/\/www.estrategiaconcursos.com.br\/blog\/author\/camila-leiteestrategiaconcursos-com-br\/\"}]}<\/script>\n<!-- \/ Yoast SEO Premium plugin. -->","yoast_head_json":{"title":"Concursos P\u00fablicos: 25 editais esta semana; mais de 4,5 mil vagas","description":"Concurso P\u00fablico 2023 26 editais sa\u00edram ao longo desta semana (26 a 30\/12). Confira n\u00famero de vagas, remunera\u00e7\u00e3o e principais datas.","robots":{"index":"index","follow":"follow","max-snippet":"max-snippet:-1","max-image-preview":"max-image-preview:large","max-video-preview":"max-video-preview:-1"},"canonical":"https:\/\/www.estrategiaconcursos.com.br\/blog\/concurso-publico-editais-da-semana-26-a-30-12\/","og_locale":"pt_BR","og_type":"article","og_title":"Concursos P\u00fablicos: 25 editais esta semana; mais de 4,5 mil vagas","og_description":"Concurso P\u00fablico 2023 26 editais sa\u00edram ao longo desta semana (26 a 30\/12). Confira n\u00famero de vagas, remunera\u00e7\u00e3o e principais datas.","og_url":"https:\/\/www.estrategiaconcursos.com.br\/blog\/concurso-publico-editais-da-semana-26-a-30-12\/","og_site_name":"Estrat\u00e9gia Concursos","article_published_time":"2022-12-30T21:00:00+00:00","article_modified_time":"2023-01-06T15:12:53+00:00","og_image":[{"width":768,"height":432,"url":"https:\/\/dhg1h5j42swfq.cloudfront.net\/2022\/07\/07142838\/concursos_2023-1.jpeg","type":"image\/jpeg"}],"author":"Camila Leite","twitter_card":"summary_large_image","twitter_creator":"@EstratConcursos","twitter_site":"@EstratConcursos","twitter_misc":{"Escrito por":"Camila Leite","Est. tempo de leitura":"6 minutos"},"schema":{"@context":"https:\/\/schema.org","@graph":[{"@type":"NewsArticle","@id":"https:\/\/www.estrategiaconcursos.com.br\/blog\/concurso-publico-editais-da-semana-26-a-30-12\/#article","isPartOf":{"@id":"https:\/\/www.estrategiaconcursos.com.br\/blog\/concurso-publico-editais-da-semana-26-a-30-12\/"},"author":{"name":"Camila Leite","@id":"https:\/\/www.estrategiaconcursos.com.br\/blog\/#\/schema\/person\/84ecdc6eb58d3cf1689bf76c5cd8fb38"},"headline":"Concursos P\u00fablicos: 25 editais esta semana; mais de 4,5 mil vagas","datePublished":"2022-12-30T21:00:00+00:00","dateModified":"2023-01-06T15:12:53+00:00","mainEntityOfPage":{"@id":"https:\/\/www.estrategiaconcursos.com.br\/blog\/concurso-publico-editais-da-semana-26-a-30-12\/"},"wordCount":1197,"commentCount":0,"publisher":{"@id":"https:\/\/www.estrategiaconcursos.com.br\/blog\/#organization"},"image":{"@id":"https:\/\/www.estrategiaconcursos.com.br\/blog\/concurso-publico-editais-da-semana-26-a-30-12\/#primaryimage"},"thumbnailUrl":"https:\/\/dhg1h5j42swfq.cloudfront.net\/2022\/07\/07142838\/concursos_2023-1.jpeg","articleSection":["Concursos P\u00fablicos","\u00daltimas not\u00edcias"],"inLanguage":"pt-BR","potentialAction":[{"@type":"CommentAction","name":"Comment","target":["https:\/\/www.estrategiaconcursos.com.br\/blog\/concurso-publico-editais-da-semana-26-a-30-12\/#respond"]}],"copyrightYear":"2022","copyrightHolder":{"@id":"https:\/\/www.estrategiaconcursos.com.br\/blog\/#organization"}},{"@type":"WebPage","@id":"https:\/\/www.estrategiaconcursos.com.br\/blog\/concurso-publico-editais-da-semana-26-a-30-12\/","url":"https:\/\/www.estrategiaconcursos.com.br\/blog\/concurso-publico-editais-da-semana-26-a-30-12\/","name":"Concursos P\u00fablicos: 25 editais esta semana; mais de 4,5 mil vagas","isPartOf":{"@id":"https:\/\/www.estrategiaconcursos.com.br\/blog\/#website"},"primaryImageOfPage":{"@id":"https:\/\/www.estrategiaconcursos.com.br\/blog\/concurso-publico-editais-da-semana-26-a-30-12\/#primaryimage"},"image":{"@id":"https:\/\/www.estrategiaconcursos.com.br\/blog\/concurso-publico-editais-da-semana-26-a-30-12\/#primaryimage"},"thumbnailUrl":"https:\/\/dhg1h5j42swfq.cloudfront.net\/2022\/07\/07142838\/concursos_2023-1.jpeg","datePublished":"2022-12-30T21:00:00+00:00","dateModified":"2023-01-06T15:12:53+00:00","description":"Concurso P\u00fablico 2023 26 editais sa\u00edram ao longo desta semana (26 a 30\/12). Confira n\u00famero de vagas, remunera\u00e7\u00e3o e principais datas.","breadcrumb":{"@id":"https:\/\/www.estrategiaconcursos.com.br\/blog\/concurso-publico-editais-da-semana-26-a-30-12\/#breadcrumb"},"inLanguage":"pt-BR","potentialAction":[{"@type":"ReadAction","target":["https:\/\/www.estrategiaconcursos.com.br\/blog\/concurso-publico-editais-da-semana-26-a-30-12\/"]}]},{"@type":"ImageObject","inLanguage":"pt-BR","@id":"https:\/\/www.estrategiaconcursos.com.br\/blog\/concurso-publico-editais-da-semana-26-a-30-12\/#primaryimage","url":"https:\/\/dhg1h5j42swfq.cloudfront.net\/2022\/07\/07142838\/concursos_2023-1.jpeg","contentUrl":"https:\/\/dhg1h5j42swfq.cloudfront.net\/2022\/07\/07142838\/concursos_2023-1.jpeg","width":768,"height":432,"caption":"Concursos p\u00fablicos editais"},{"@type":"BreadcrumbList","@id":"https:\/\/www.estrategiaconcursos.com.br\/blog\/concurso-publico-editais-da-semana-26-a-30-12\/#breadcrumb","itemListElement":[{"@type":"ListItem","position":1,"name":"In\u00edcio","item":"https:\/\/www.estrategiaconcursos.com.br\/blog\/"},{"@type":"ListItem","position":2,"name":"Concursos P\u00fablicos: 25 editais esta semana; mais de 4,5 mil vagas"}]},{"@type":"WebSite","@id":"https:\/\/www.estrategiaconcursos.com.br\/blog\/#website","url":"https:\/\/www.estrategiaconcursos.com.br\/blog\/","name":"Estrat\u00e9gia Concursos","description":"O blog da Estrat\u00e9gia Concursos traz not\u00edcias sobre concursos e artigos de professores oferecendo cursos para concursos (pdf + videaulas) no site.","publisher":{"@id":"https:\/\/www.estrategiaconcursos.com.br\/blog\/#organization"},"potentialAction":[{"@type":"SearchAction","target":{"@type":"EntryPoint","urlTemplate":"https:\/\/www.estrategiaconcursos.com.br\/blog\/?s={search_term_string}"},"query-input":{"@type":"PropertyValueSpecification","valueRequired":true,"valueName":"search_term_string"}}],"inLanguage":"pt-BR"},{"@type":"Organization","@id":"https:\/\/www.estrategiaconcursos.com.br\/blog\/#organization","name":"Estrat\u00e9gia Concursos","url":"https:\/\/www.estrategiaconcursos.com.br\/blog\/","logo":{"@type":"ImageObject","inLanguage":"pt-BR","@id":"https:\/\/www.estrategiaconcursos.com.br\/blog\/#\/schema\/logo\/image\/","url":"https:\/\/dhg1h5j42swfq.cloudfront.net\/2025\/06\/03203428\/logo_concursos-1.jpg","contentUrl":"https:\/\/dhg1h5j42swfq.cloudfront.net\/2025\/06\/03203428\/logo_concursos-1.jpg","width":230,"height":60,"caption":"Estrat\u00e9gia Concursos"},"image":{"@id":"https:\/\/www.estrategiaconcursos.com.br\/blog\/#\/schema\/logo\/image\/"},"sameAs":["https:\/\/x.com\/EstratConcursos"]},{"@type":"Person","@id":"https:\/\/www.estrategiaconcursos.com.br\/blog\/#\/schema\/person\/84ecdc6eb58d3cf1689bf76c5cd8fb38","name":"Camila Leite","image":{"@type":"ImageObject","inLanguage":"pt-BR","@id":"https:\/\/secure.gravatar.com\/avatar\/f2f8faef639c8a2bfb7fb909912a56917f4c3a0aed064500168e2fb8ea55cf61?s=96&d=mm&r=g","url":"https:\/\/secure.gravatar.com\/avatar\/f2f8faef639c8a2bfb7fb909912a56917f4c3a0aed064500168e2fb8ea55cf61?s=96&d=mm&r=g","contentUrl":"https:\/\/secure.gravatar.com\/avatar\/f2f8faef639c8a2bfb7fb909912a56917f4c3a0aed064500168e2fb8ea55cf61?s=96&d=mm&r=g","caption":"Camila Leite"},"description":"Formada em Design Gr\u00e1fico e em Propaganda e Marketing pela UNIP, integra a equipe de jornalismo do Estrat\u00e9gia Concursos desde 2018. Ao longo dos anos, construiu uma s\u00f3lida experi\u00eancia na produ\u00e7\u00e3o de conte\u00fado informativo e relevante para concurseiros. Desde 2020, atua na cobertura das \u00e1reas Fiscal \u2014 com \u00eanfase nas Secretarias de Fazenda (Sefaz) das regi\u00f5es Sul e Sudeste \u2014, al\u00e9m da cobertura de concursos federais, como CNU, Petrobras, CGU, Receita Federal, ag\u00eancias reguladoras (Anvisa, ANAC, entre outras) e INSS. Mant\u00e9m contato direto com os principais \u00f3rg\u00e3os p\u00fablicos, acompanhando editais, atualiza\u00e7\u00f5es e movimenta\u00e7\u00f5es importantes para os candidatos.","sameAs":["https:\/\/www.linkedin.com\/in\/camila-pinheiro-leite-9ba135b6\/"],"url":"https:\/\/www.estrategiaconcursos.com.br\/blog\/author\/camila-leiteestrategiaconcursos-com-br\/"}]}},"_links":{"self":[{"href":"https:\/\/www.estrategiaconcursos.com.br\/blog\/wp-json\/wp\/v2\/posts\/1144578","targetHints":{"allow":["GET"]}}],"collection":[{"href":"https:\/\/www.estrategiaconcursos.com.br\/blog\/wp-json\/wp\/v2\/posts"}],"about":[{"href":"https:\/\/www.estrategiaconcursos.com.br\/blog\/wp-json\/wp\/v2\/types\/post"}],"author":[{"embeddable":true,"href":"https:\/\/www.estrategiaconcursos.com.br\/blog\/wp-json\/wp\/v2\/users\/659"}],"replies":[{"embeddable":true,"href":"https:\/\/www.estrategiaconcursos.com.br\/blog\/wp-json\/wp\/v2\/comments?post=1144578"}],"version-history":[{"count":13,"href":"https:\/\/www.estrategiaconcursos.com.br\/blog\/wp-json\/wp\/v2\/posts\/1144578\/revisions"}],"predecessor-version":[{"id":1148562,"href":"https:\/\/www.estrategiaconcursos.com.br\/blog\/wp-json\/wp\/v2\/posts\/1144578\/revisions\/1148562"}],"wp:featuredmedia":[{"embeddable":true,"href":"https:\/\/www.estrategiaconcursos.com.br\/blog\/wp-json\/wp\/v2\/media\/1057113"}],"wp:attachment":[{"href":"https:\/\/www.estrategiaconcursos.com.br\/blog\/wp-json\/wp\/v2\/media?parent=1144578"}],"wp:term":[{"taxonomy":"category","embeddable":true,"href":"https:\/\/www.estrategiaconcursos.com.br\/blog\/wp-json\/wp\/v2\/categories?post=1144578"},{"taxonomy":"post_tag","embeddable":true,"href":"https:\/\/www.estrategiaconcursos.com.br\/blog\/wp-json\/wp\/v2\/tags?post=1144578"},{"taxonomy":"tax_estado","embeddable":true,"href":"https:\/\/www.estrategiaconcursos.com.br\/blog\/wp-json\/wp\/v2\/tax_estado?post=1144578"}],"curies":[{"name":"wp","href":"https:\/\/api.w.org\/{rel}","templated":true}]}}