{"id":1144363,"date":"2022-12-28T15:10:56","date_gmt":"2022-12-28T18:10:56","guid":{"rendered":"https:\/\/www.estrategiaconcursos.com.br\/blog\/?p=1144363"},"modified":"2022-12-28T15:14:32","modified_gmt":"2022-12-28T18:14:32","slug":"concurso-iss-fortaleza-lei-reestrutura-carreira","status":"publish","type":"post","link":"https:\/\/www.estrategiaconcursos.com.br\/blog\/concurso-iss-fortaleza-lei-reestrutura-carreira\/","title":{"rendered":"Concurso ISS Fortaleza: lei reestrutura carreira; Confira!"},"content":{"rendered":"\n<p>Um importante passo para a publica\u00e7\u00e3o do edital do pr\u00f3ximo <strong>concurso ISS Fortaleza <\/strong>foi dado, com a aprova\u00e7\u00e3o da <strong>Lei Complementar n\u00ba 342\/2022<\/strong>, que altera o Plano de Cargos, Carreiras e Sal\u00e1rios (PCCS).<\/p>\n\n\n\n<p>A LC foi publicada no Di\u00e1rio Oficial do Munic\u00edpio no in\u00edcio do m\u00eas e trouxe algumas altera\u00e7\u00f5es nos sal\u00e1rios, requisitos e quantitativo de cargos da pasta.<\/p>\n\n\n\n<p>Vale lembrar que j\u00e1 foi <a href=\"https:\/\/www.fortaleza.ce.gov.br\/noticias\/prefeitura-de-fortaleza-anuncia-concursos-para-417-vagas-com-salarios-de-ate-r-20-mil\" target=\"_blank\" rel=\"noreferrer noopener\">anunciado<\/a> pelo prefeito, Jos\u00e9 Sarto, que ser\u00e3o ofertadas <strong>50 vagas<\/strong>, sendo <strong>30<\/strong> para <a href=\"https:\/\/www.estrategiaconcursos.com.br\/curso\/01-iss-fortaleza-auditor-fiscal-municipal-pacote-2023-pre-edital-cebraspe\/\" target=\"_blank\" rel=\"noreferrer noopener\">Auditores do Tesouro Estadual<\/a> e <strong>20<\/strong> para Analistas do Tesouro Estadual. Na ocasi\u00e3o, Sarto havia falado que a reestrutura\u00e7\u00e3o tinha como objetivo modernizar algumas carreiras.<\/p>\n\n\n\n<ul class=\"has-background wp-block-list\" style=\"background-color:#f8f8f8\"><li><a href=\"https:\/\/dhg1h5j42swfq.cloudfront.net\/2022\/12\/28145027\/diario-oficial_17470_1.pdf\" target=\"_blank\" rel=\"noreferrer noopener nofollow\"><strong>Confira a Lei Complementar n\u00ba 342\/2022 na \u00edntegra<\/strong><\/a><\/li><\/ul>\n\n\n\n<h2 class=\"wp-block-heading\">Concurso ISS Fortaleza: Remunera\u00e7\u00e3o<\/h2>\n\n\n\n<p>A remunera\u00e7\u00e3o total dos <strong>Auditores<\/strong> ser\u00e1 composta pelas seguintes parcelas:<\/p>\n\n\n\n<ol class=\"wp-block-list\"><li>Vencimento b\u00e1sico;<\/li><li>Incentivo de Titula\u00e7\u00e3o (ITA);<\/li><li>Gratifica\u00e7\u00e3o de Desempenho Fazend\u00e1rio (GDF);<\/li><li>Remunera\u00e7\u00e3o Adicional Vari\u00e1vel (RAV);<\/li><li>Vantagem Pessoal Reajust\u00e1vel (VPR);<\/li><li>Outras vantagens pecuni\u00e1rias previstas em legisla\u00e7\u00e3o espec\u00edfica.<\/li><\/ol>\n\n\n\n<figure class=\"wp-block-image aligncenter\"><img decoding=\"async\" src=\"https:\/\/cdn.direcaoconcursos.com.br\/uploads\/2022\/12\/image-430.png\" alt=\"[Concurso ISS Fortaleza: lei reestrutura carreira] Auditor 240h\" class=\"wp-image-234331\"\/><figcaption>Auditor \u2013 240 horas mensais<\/figcaption><\/figure>\n\n\n\n<figure class=\"wp-block-image aligncenter\"><img decoding=\"async\" src=\"https:\/\/cdn.direcaoconcursos.com.br\/uploads\/2022\/12\/image-432.png\" alt=\"[Concurso ISS Fortaleza: lei reestrutura carreira] Auditor 180h\" class=\"wp-image-234333\"\/><figcaption>Auditor \u2013 180 horas mensais<\/figcaption><\/figure>\n\n\n\n<p>J\u00e1 os cargos de <strong>Analista do Tesouro<\/strong> receber\u00e3o as seguintes parcelas:<\/p>\n\n\n\n<ol class=\"wp-block-list\"><li>Vencimento b\u00e1sico;<\/li><li>Incentivo de Titula\u00e7\u00e3o (ITA);<\/li><li>Remunera\u00e7\u00e3o Adicional Vari\u00e1vel (RAV);<\/li><li>Vantagem Pessoal Reajust\u00e1vel (VPR);<\/li><li>Vantagens pecuni\u00e1rias previstas em legisla\u00e7\u00e3o espec\u00edfica.<\/li><\/ol>\n\n\n\n<figure class=\"wp-block-image aligncenter\"><img decoding=\"async\" src=\"https:\/\/cdn.direcaoconcursos.com.br\/uploads\/2022\/12\/Captura-de-tela-2022-12-27-180225-1.jpeg\" alt=\"[Concurso ISS Fortaleza: lei reestrutura carreira] Analista 240h\" class=\"wp-image-234346\"\/><figcaption>Analista do Tesouro \u2013 240 horas mensais<\/figcaption><\/figure>\n\n\n\n<figure class=\"wp-block-image aligncenter size-full\"><img loading=\"lazy\" decoding=\"async\" width=\"906\" height=\"233\" src=\"https:\/\/dhg1h5j42swfq.cloudfront.net\/2022\/12\/28142414\/image-280.png\" alt=\"[Concurso ISS Fortaleza: lei reestrutura carreira] incentivo de titula\u00e7\u00e3o\" class=\"wp-image-1144355\" srcset=\"https:\/\/dhg1h5j42swfq.cloudfront.net\/2022\/12\/28142414\/image-280.png 906w, https:\/\/dhg1h5j42swfq.cloudfront.net\/2022\/12\/28142414\/image-280-300x77.png 300w, https:\/\/dhg1h5j42swfq.cloudfront.net\/2022\/12\/28142414\/image-280-768x198.png 768w, https:\/\/dhg1h5j42swfq.cloudfront.net\/2022\/12\/28142414\/image-280-610x157.png 610w, https:\/\/dhg1h5j42swfq.cloudfront.net\/2022\/12\/28142414\/image-280-150x39.png 150w\" sizes=\"auto, (max-width: 906px) 100vw, 906px\" \/><figcaption>ITA<\/figcaption><\/figure>\n\n\n\n<h2 class=\"wp-block-heading\">Concurso ISS Fortaleza: Requisitos<\/h2>\n\n\n\n<ul class=\"wp-block-list\"><li><strong><a href=\"https:\/\/www.estrategiaconcursos.com.br\/curso\/01-iss-fortaleza-auditor-fiscal-municipal-pacote-2023-pre-edital-cebraspe\/\" target=\"_blank\" rel=\"noreferrer noopener\">Auditor do Tesouro Municipal<\/a>:<\/strong> N\u00edvel Superior nas gradua\u00e7\u00f5es, condi\u00e7\u00f5es e limites definidos no Edital;<\/li><li><strong>Analista do Tesouro Municipal: <\/strong>N\u00edvel Superior em: Ci\u00eancias Cont\u00e1beis, Administra\u00e7\u00e3o, Economia, Geografia, Engenharia, Ci\u00eancias da Computa\u00e7\u00e3o, inform\u00e1tica ou Processamento de Dados, Direito e Biblioteconomia.<\/li><\/ul>\n\n\n\n<h2 class=\"wp-block-heading\">Concurso ISS Fortaleza: Atribui\u00e7\u00f5es<\/h2>\n\n\n\n<p><strong>Auditor do Tesouro Municipal:<\/strong><\/p>\n\n\n\n<ul class=\"wp-block-list\"><li><strong>I &#8211;<\/strong> proceder estudos e prestar assessoramento na formula\u00e7\u00e3o de pol\u00edticas e diretrizes financeiras e tribut\u00e1rias do Munic\u00edpio, assim como na elabora\u00e7\u00e3o do planejamento estrat\u00e9gico da Sefin e no estabelecimento de metas para fins de avalia\u00e7\u00e3o de desempenho;<\/li><li><strong>II &#8211; <\/strong>coordenar e realizar atividades de tributa\u00e7\u00e3o, arrecada\u00e7\u00e3o e fiscaliza\u00e7\u00e3o dos tributos municipais, inclusive quanto \u00e0 constitui\u00e7\u00e3o do cr\u00e9dito tribut\u00e1rio, praticando os atos definidos na legisla\u00e7\u00e3o espec\u00edfica;<\/li><li><strong>III &#8211; <\/strong>proferir decis\u00f5es ou delas participar em processos administrativo-tribut\u00e1rios, bem como em processos de consulta, restitui\u00e7\u00e3o ou compensa\u00e7\u00e3o de tributos e de reconhecimentos de benef\u00edcios fiscais;<\/li><li><strong>IV &#8211; <\/strong>atender e orientar os contribuintes quanto \u00e0s demandas de ordem fiscal-tribut\u00e1ria;<\/li><li><strong>V &#8211;<\/strong> prestar consultoria em mat\u00e9ria tribut\u00e1ria nos assuntos que s\u00e3o submetidos a seu exame, por solicita\u00e7\u00e3o do Gabinete do(a) Secret\u00e1rio(a), e das demais unidades org\u00e2nicas da Sefin;<\/li><li><strong>VI &#8211;<\/strong> realizar o acompanhamento e o controle do cumprimento das obriga\u00e7\u00f5es tribut\u00e1rias pelo contribuinte, inclusive por meio de monitoramento eletr\u00f4nico;<\/li><li><strong>VII &#8211;<\/strong> desenvolver estudos socioecon\u00f4micos para an\u00e1lise de capacidades contributivas e sugerir medidas para o aperfei\u00e7oamento das opera\u00e7\u00f5es e procedimentos fiscais;<\/li><li><strong>VIII &#8211;<\/strong> participar da elabora\u00e7\u00e3o, da altera\u00e7\u00e3o, da revis\u00e3o e da consolida\u00e7\u00e3o da legisla\u00e7\u00e3o tribut\u00e1ria municipal.<\/li><li><strong>IX &#8211;<\/strong> levantar, monitorar e encaminhar os cr\u00e9ditos tribut\u00e1rios \u00e0 Procuradoria Geral do Munic\u00edpio para devida inscri\u00e7\u00e3o em D\u00edvida Ativa Municipal;<\/li><li><strong>X &#8211;<\/strong> atuar junto ao Contencioso Administrativo Tribut\u00e1rio do Munic\u00edpio, julgando, elaborando e proferindo decis\u00f5es em processos administrativos tribut\u00e1rios, entre outras.<\/li><\/ul>\n\n\n\n<hr class=\"wp-block-separator has-alpha-channel-opacity is-style-dots\"\/>\n\n\n\n<p class=\"has-text-align-center\"><em>Para ficar por dentro de todas as informa\u00e7\u00f5es sobre o concurso ISS Fortaleza, n\u00e3o deixe de conferir nosso artigo completo sobre a sele\u00e7\u00e3o:<\/em><\/p>\n\n\n\n<p class=\"has-text-align-center has-background has-medium-font-size\" style=\"background-color:#dce1e7\"><strong>Mais informa\u00e7\u00f5es: <a href=\"https:\/\/www.estrategiaconcursos.com.br\/blog\/concurso-iss-fortaleza\/\" target=\"_blank\" rel=\"noreferrer noopener\">ISS Fortaleza<\/a><\/strong><\/p>\n\n\n\n<h2 class=\"has-text-align-center wp-block-heading\" id=\"cursos-assinatura\">Quer estudar para o concurso ISS Fortaleza?<\/h2>\n\n\n\n<div class=\"container\" id=\"boxes\">\n  <div class=\"row\">\n\n    <div class=\"col-sm\">\n      <div class=\"banner-fiscal-01\" id=\"box-assinatura\">\n        <h3 class=\"titulo-assinatura\">Carreiras Fiscais<\/h3>\n        <p class=\"subtitulo-assinatura\">Conhe\u00e7a os cursos para ISS Fortaleza<\/p>\n        <div class=\"box-botao\">\n          <a class=\"btn-assinatura\" target=\"_blank\" href=\"https:\/\/www.estrategiaconcursos.com.br\/cursosPorConcurso\/iss-fortaleza\/\" role=\"button\" rel=\"noopener noreferrer\">Conhe\u00e7a mais<\/a>\n        <\/div>\n      <\/div>\n      \n    <\/div>\n\n  <\/div>\n<\/div>\n\n\n\n<div class=\"container\" id=\"boxes\">\n  <div class=\"row\">\n\n    <div class=\"col-sm\">\n      <div class=\"estrategia\" id=\"box-assinatura\">\n        <h3 class=\"titulo-assinatura\">Assinatura Concursos<\/h3>\n        <p class=\"subtitulo-assinatura\">Assinatura de 1 ano ou 2 anos<\/p>\n        <div class=\"box-botao\">\n          <a class=\"btn-assinatura\" target=\"_blank\" href=\"https:\/\/www.estrategiaconcursos.com.br\/assinaturas\/\" role=\"button\" rel=\"noopener noreferrer\">ASSINE AGORA<\/a>\n        <\/div>\n      <\/div><\/div><\/div><\/div>\n\n\n\n<h2 class=\"has-text-align-center wp-block-heading\" id=\"h-quer-saber-tudo-sobre-concursos-previstos-confira-nossos-artigos\">Quer saber tudo sobre concursos previstos?<br \/>Confira nossos artigos!<\/h2>\n\n\n\n<ul class=\"wp-block-list\"><li><a href=\"https:\/\/www.estrategiaconcursos.com.br\/blog\/concursos-abertos\/\" target=\"_blank\" rel=\"noreferrer noopener\">Concursos abertos<\/a><\/li><li><a href=\"https:\/\/www.estrategiaconcursos.com.br\/blog\/concursos-2022\/\" target=\"_blank\" rel=\"noreferrer noopener\">Concursos 2022<\/a><\/li><\/ul>\n","protected":false},"excerpt":{"rendered":"<p>Um importante passo para a publica\u00e7\u00e3o do edital do pr\u00f3ximo concurso ISS Fortaleza foi dado, com a aprova\u00e7\u00e3o da Lei Complementar n\u00ba 342\/2022, que altera o Plano de Cargos, Carreiras e Sal\u00e1rios (PCCS). A LC foi publicada no Di\u00e1rio Oficial do Munic\u00edpio no in\u00edcio do m\u00eas e trouxe algumas altera\u00e7\u00f5es nos sal\u00e1rios, requisitos e quantitativo [&hellip;]<\/p>\n","protected":false},"author":659,"featured_media":731076,"comment_status":"open","ping_status":"closed","sticky":false,"template":"","format":"standard","meta":{"post_tipo":"news","footnotes":""},"categories":[220183,220219],"tags":[],"tax_estado":[219969],"class_list":["post-1144363","post","type-post","status-publish","format-standard","has-post-thumbnail","hentry","category-fiscal-municipal","category-noticias","tax_estado-ce"],"acf":[],"yoast_head":"<!-- This site is optimized with the Yoast SEO Premium plugin v27.2 (Yoast SEO v27.2) - https:\/\/yoast.com\/product\/yoast-seo-premium-wordpress\/ -->\n<title>Concurso ISS Fortaleza: lei reestrutura carreira; Confira!<\/title>\n<meta name=\"description\" content=\"Concurso ISS Fortaleza: lei altera Plano de Cargos, Carreiras e Sal\u00e1rios dos servidores integrantes da Secretaria Municipal das Finan\u00e7as.\" \/>\n<meta name=\"robots\" content=\"index, follow, max-snippet:-1, max-image-preview:large, max-video-preview:-1\" \/>\n<link rel=\"canonical\" href=\"https:\/\/www.estrategiaconcursos.com.br\/blog\/concurso-iss-fortaleza-lei-reestrutura-carreira\/\" \/>\n<meta property=\"og:locale\" content=\"pt_BR\" \/>\n<meta property=\"og:type\" content=\"article\" \/>\n<meta property=\"og:title\" content=\"Concurso ISS Fortaleza: lei reestrutura carreira; Confira!\" \/>\n<meta property=\"og:description\" content=\"Concurso ISS Fortaleza: lei altera Plano de Cargos, Carreiras e Sal\u00e1rios dos servidores integrantes da Secretaria Municipal das Finan\u00e7as.\" \/>\n<meta property=\"og:url\" content=\"https:\/\/www.estrategiaconcursos.com.br\/blog\/concurso-iss-fortaleza-lei-reestrutura-carreira\/\" \/>\n<meta property=\"og:site_name\" content=\"Estrat\u00e9gia Concursos\" \/>\n<meta property=\"article:published_time\" content=\"2022-12-28T18:10:56+00:00\" \/>\n<meta property=\"article:modified_time\" content=\"2022-12-28T18:14:32+00:00\" \/>\n<meta property=\"og:image\" content=\"https:\/\/dhg1h5j42swfq.cloudfront.net\/2020\/12\/04155005\/iss-fortaleza.jpg\" \/>\n\t<meta property=\"og:image:width\" content=\"768\" \/>\n\t<meta property=\"og:image:height\" content=\"432\" \/>\n\t<meta property=\"og:image:type\" content=\"image\/jpeg\" \/>\n<meta name=\"author\" content=\"Camila Leite\" \/>\n<meta name=\"twitter:card\" content=\"summary_large_image\" \/>\n<meta name=\"twitter:creator\" content=\"@EstratConcursos\" \/>\n<meta name=\"twitter:site\" content=\"@EstratConcursos\" \/>\n<meta name=\"twitter:label1\" content=\"Escrito por\" \/>\n\t<meta name=\"twitter:data1\" content=\"Camila Leite\" \/>\n\t<meta name=\"twitter:label2\" content=\"Est. tempo de leitura\" \/>\n\t<meta name=\"twitter:data2\" content=\"3 minutos\" \/>\n<script type=\"application\/ld+json\" class=\"yoast-schema-graph\">{\"@context\":\"https:\/\/schema.org\",\"@graph\":[{\"@type\":\"NewsArticle\",\"@id\":\"https:\/\/www.estrategiaconcursos.com.br\/blog\/concurso-iss-fortaleza-lei-reestrutura-carreira\/#article\",\"isPartOf\":{\"@id\":\"https:\/\/www.estrategiaconcursos.com.br\/blog\/concurso-iss-fortaleza-lei-reestrutura-carreira\/\"},\"author\":{\"name\":\"Camila Leite\",\"@id\":\"https:\/\/www.estrategiaconcursos.com.br\/blog\/#\/schema\/person\/84ecdc6eb58d3cf1689bf76c5cd8fb38\"},\"headline\":\"Concurso ISS Fortaleza: lei reestrutura carreira; Confira!\",\"datePublished\":\"2022-12-28T18:10:56+00:00\",\"dateModified\":\"2022-12-28T18:14:32+00:00\",\"mainEntityOfPage\":{\"@id\":\"https:\/\/www.estrategiaconcursos.com.br\/blog\/concurso-iss-fortaleza-lei-reestrutura-carreira\/\"},\"wordCount\":644,\"commentCount\":0,\"publisher\":{\"@id\":\"https:\/\/www.estrategiaconcursos.com.br\/blog\/#organization\"},\"image\":{\"@id\":\"https:\/\/www.estrategiaconcursos.com.br\/blog\/concurso-iss-fortaleza-lei-reestrutura-carreira\/#primaryimage\"},\"thumbnailUrl\":\"https:\/\/dhg1h5j42swfq.cloudfront.net\/2020\/12\/04155005\/iss-fortaleza.jpg\",\"articleSection\":[\"Fiscal - Municipal (ISS)\",\"\u00daltimas not\u00edcias\"],\"inLanguage\":\"pt-BR\",\"potentialAction\":[{\"@type\":\"CommentAction\",\"name\":\"Comment\",\"target\":[\"https:\/\/www.estrategiaconcursos.com.br\/blog\/concurso-iss-fortaleza-lei-reestrutura-carreira\/#respond\"]}],\"copyrightYear\":\"2022\",\"copyrightHolder\":{\"@id\":\"https:\/\/www.estrategiaconcursos.com.br\/blog\/#organization\"}},{\"@type\":\"WebPage\",\"@id\":\"https:\/\/www.estrategiaconcursos.com.br\/blog\/concurso-iss-fortaleza-lei-reestrutura-carreira\/\",\"url\":\"https:\/\/www.estrategiaconcursos.com.br\/blog\/concurso-iss-fortaleza-lei-reestrutura-carreira\/\",\"name\":\"Concurso ISS Fortaleza: lei reestrutura carreira; Confira!\",\"isPartOf\":{\"@id\":\"https:\/\/www.estrategiaconcursos.com.br\/blog\/#website\"},\"primaryImageOfPage\":{\"@id\":\"https:\/\/www.estrategiaconcursos.com.br\/blog\/concurso-iss-fortaleza-lei-reestrutura-carreira\/#primaryimage\"},\"image\":{\"@id\":\"https:\/\/www.estrategiaconcursos.com.br\/blog\/concurso-iss-fortaleza-lei-reestrutura-carreira\/#primaryimage\"},\"thumbnailUrl\":\"https:\/\/dhg1h5j42swfq.cloudfront.net\/2020\/12\/04155005\/iss-fortaleza.jpg\",\"datePublished\":\"2022-12-28T18:10:56+00:00\",\"dateModified\":\"2022-12-28T18:14:32+00:00\",\"description\":\"Concurso ISS Fortaleza: lei altera Plano de Cargos, Carreiras e Sal\u00e1rios dos servidores integrantes da Secretaria Municipal das Finan\u00e7as.\",\"breadcrumb\":{\"@id\":\"https:\/\/www.estrategiaconcursos.com.br\/blog\/concurso-iss-fortaleza-lei-reestrutura-carreira\/#breadcrumb\"},\"inLanguage\":\"pt-BR\",\"potentialAction\":[{\"@type\":\"ReadAction\",\"target\":[\"https:\/\/www.estrategiaconcursos.com.br\/blog\/concurso-iss-fortaleza-lei-reestrutura-carreira\/\"]}]},{\"@type\":\"ImageObject\",\"inLanguage\":\"pt-BR\",\"@id\":\"https:\/\/www.estrategiaconcursos.com.br\/blog\/concurso-iss-fortaleza-lei-reestrutura-carreira\/#primaryimage\",\"url\":\"https:\/\/dhg1h5j42swfq.cloudfront.net\/2020\/12\/04155005\/iss-fortaleza.jpg\",\"contentUrl\":\"https:\/\/dhg1h5j42swfq.cloudfront.net\/2020\/12\/04155005\/iss-fortaleza.jpg\",\"width\":768,\"height\":432,\"caption\":\"concurso ISS Fortaleza\"},{\"@type\":\"BreadcrumbList\",\"@id\":\"https:\/\/www.estrategiaconcursos.com.br\/blog\/concurso-iss-fortaleza-lei-reestrutura-carreira\/#breadcrumb\",\"itemListElement\":[{\"@type\":\"ListItem\",\"position\":1,\"name\":\"In\u00edcio\",\"item\":\"https:\/\/www.estrategiaconcursos.com.br\/blog\/\"},{\"@type\":\"ListItem\",\"position\":2,\"name\":\"Concurso ISS Fortaleza: lei reestrutura carreira; Confira!\"}]},{\"@type\":\"WebSite\",\"@id\":\"https:\/\/www.estrategiaconcursos.com.br\/blog\/#website\",\"url\":\"https:\/\/www.estrategiaconcursos.com.br\/blog\/\",\"name\":\"Estrat\u00e9gia Concursos\",\"description\":\"O blog da Estrat\u00e9gia Concursos traz not\u00edcias sobre concursos e artigos de professores oferecendo cursos para concursos (pdf + videaulas) no site.\",\"publisher\":{\"@id\":\"https:\/\/www.estrategiaconcursos.com.br\/blog\/#organization\"},\"potentialAction\":[{\"@type\":\"SearchAction\",\"target\":{\"@type\":\"EntryPoint\",\"urlTemplate\":\"https:\/\/www.estrategiaconcursos.com.br\/blog\/?s={search_term_string}\"},\"query-input\":{\"@type\":\"PropertyValueSpecification\",\"valueRequired\":true,\"valueName\":\"search_term_string\"}}],\"inLanguage\":\"pt-BR\"},{\"@type\":\"Organization\",\"@id\":\"https:\/\/www.estrategiaconcursos.com.br\/blog\/#organization\",\"name\":\"Estrat\u00e9gia Concursos\",\"url\":\"https:\/\/www.estrategiaconcursos.com.br\/blog\/\",\"logo\":{\"@type\":\"ImageObject\",\"inLanguage\":\"pt-BR\",\"@id\":\"https:\/\/www.estrategiaconcursos.com.br\/blog\/#\/schema\/logo\/image\/\",\"url\":\"https:\/\/dhg1h5j42swfq.cloudfront.net\/2025\/06\/03203428\/logo_concursos-1.jpg\",\"contentUrl\":\"https:\/\/dhg1h5j42swfq.cloudfront.net\/2025\/06\/03203428\/logo_concursos-1.jpg\",\"width\":230,\"height\":60,\"caption\":\"Estrat\u00e9gia Concursos\"},\"image\":{\"@id\":\"https:\/\/www.estrategiaconcursos.com.br\/blog\/#\/schema\/logo\/image\/\"},\"sameAs\":[\"https:\/\/x.com\/EstratConcursos\"]},{\"@type\":\"Person\",\"@id\":\"https:\/\/www.estrategiaconcursos.com.br\/blog\/#\/schema\/person\/84ecdc6eb58d3cf1689bf76c5cd8fb38\",\"name\":\"Camila Leite\",\"image\":{\"@type\":\"ImageObject\",\"inLanguage\":\"pt-BR\",\"@id\":\"https:\/\/secure.gravatar.com\/avatar\/f2f8faef639c8a2bfb7fb909912a56917f4c3a0aed064500168e2fb8ea55cf61?s=96&d=mm&r=g\",\"url\":\"https:\/\/secure.gravatar.com\/avatar\/f2f8faef639c8a2bfb7fb909912a56917f4c3a0aed064500168e2fb8ea55cf61?s=96&d=mm&r=g\",\"contentUrl\":\"https:\/\/secure.gravatar.com\/avatar\/f2f8faef639c8a2bfb7fb909912a56917f4c3a0aed064500168e2fb8ea55cf61?s=96&d=mm&r=g\",\"caption\":\"Camila Leite\"},\"description\":\"Formada em Design Gr\u00e1fico e em Propaganda e Marketing pela UNIP, integra a equipe de jornalismo do Estrat\u00e9gia Concursos desde 2018. Ao longo dos anos, construiu uma s\u00f3lida experi\u00eancia na produ\u00e7\u00e3o de conte\u00fado informativo e relevante para concurseiros. Desde 2020, atua na cobertura das \u00e1reas Fiscal \u2014 com \u00eanfase nas Secretarias de Fazenda (Sefaz) das regi\u00f5es Sul e Sudeste \u2014, al\u00e9m da cobertura de concursos federais, como CNU, Petrobras, CGU, Receita Federal, ag\u00eancias reguladoras (Anvisa, ANAC, entre outras) e INSS. Mant\u00e9m contato direto com os principais \u00f3rg\u00e3os p\u00fablicos, acompanhando editais, atualiza\u00e7\u00f5es e movimenta\u00e7\u00f5es importantes para os candidatos.\",\"sameAs\":[\"https:\/\/www.linkedin.com\/in\/camila-pinheiro-leite-9ba135b6\/\"],\"url\":\"https:\/\/www.estrategiaconcursos.com.br\/blog\/author\/camila-leiteestrategiaconcursos-com-br\/\"}]}<\/script>\n<!-- \/ Yoast SEO Premium plugin. -->","yoast_head_json":{"title":"Concurso ISS Fortaleza: lei reestrutura carreira; Confira!","description":"Concurso ISS Fortaleza: lei altera Plano de Cargos, Carreiras e Sal\u00e1rios dos servidores integrantes da Secretaria Municipal das Finan\u00e7as.","robots":{"index":"index","follow":"follow","max-snippet":"max-snippet:-1","max-image-preview":"max-image-preview:large","max-video-preview":"max-video-preview:-1"},"canonical":"https:\/\/www.estrategiaconcursos.com.br\/blog\/concurso-iss-fortaleza-lei-reestrutura-carreira\/","og_locale":"pt_BR","og_type":"article","og_title":"Concurso ISS Fortaleza: lei reestrutura carreira; Confira!","og_description":"Concurso ISS Fortaleza: lei altera Plano de Cargos, Carreiras e Sal\u00e1rios dos servidores integrantes da Secretaria Municipal das Finan\u00e7as.","og_url":"https:\/\/www.estrategiaconcursos.com.br\/blog\/concurso-iss-fortaleza-lei-reestrutura-carreira\/","og_site_name":"Estrat\u00e9gia Concursos","article_published_time":"2022-12-28T18:10:56+00:00","article_modified_time":"2022-12-28T18:14:32+00:00","og_image":[{"width":768,"height":432,"url":"https:\/\/dhg1h5j42swfq.cloudfront.net\/2020\/12\/04155005\/iss-fortaleza.jpg","type":"image\/jpeg"}],"author":"Camila Leite","twitter_card":"summary_large_image","twitter_creator":"@EstratConcursos","twitter_site":"@EstratConcursos","twitter_misc":{"Escrito por":"Camila Leite","Est. tempo de leitura":"3 minutos"},"schema":{"@context":"https:\/\/schema.org","@graph":[{"@type":"NewsArticle","@id":"https:\/\/www.estrategiaconcursos.com.br\/blog\/concurso-iss-fortaleza-lei-reestrutura-carreira\/#article","isPartOf":{"@id":"https:\/\/www.estrategiaconcursos.com.br\/blog\/concurso-iss-fortaleza-lei-reestrutura-carreira\/"},"author":{"name":"Camila Leite","@id":"https:\/\/www.estrategiaconcursos.com.br\/blog\/#\/schema\/person\/84ecdc6eb58d3cf1689bf76c5cd8fb38"},"headline":"Concurso ISS Fortaleza: lei reestrutura carreira; Confira!","datePublished":"2022-12-28T18:10:56+00:00","dateModified":"2022-12-28T18:14:32+00:00","mainEntityOfPage":{"@id":"https:\/\/www.estrategiaconcursos.com.br\/blog\/concurso-iss-fortaleza-lei-reestrutura-carreira\/"},"wordCount":644,"commentCount":0,"publisher":{"@id":"https:\/\/www.estrategiaconcursos.com.br\/blog\/#organization"},"image":{"@id":"https:\/\/www.estrategiaconcursos.com.br\/blog\/concurso-iss-fortaleza-lei-reestrutura-carreira\/#primaryimage"},"thumbnailUrl":"https:\/\/dhg1h5j42swfq.cloudfront.net\/2020\/12\/04155005\/iss-fortaleza.jpg","articleSection":["Fiscal - Municipal (ISS)","\u00daltimas not\u00edcias"],"inLanguage":"pt-BR","potentialAction":[{"@type":"CommentAction","name":"Comment","target":["https:\/\/www.estrategiaconcursos.com.br\/blog\/concurso-iss-fortaleza-lei-reestrutura-carreira\/#respond"]}],"copyrightYear":"2022","copyrightHolder":{"@id":"https:\/\/www.estrategiaconcursos.com.br\/blog\/#organization"}},{"@type":"WebPage","@id":"https:\/\/www.estrategiaconcursos.com.br\/blog\/concurso-iss-fortaleza-lei-reestrutura-carreira\/","url":"https:\/\/www.estrategiaconcursos.com.br\/blog\/concurso-iss-fortaleza-lei-reestrutura-carreira\/","name":"Concurso ISS Fortaleza: lei reestrutura carreira; Confira!","isPartOf":{"@id":"https:\/\/www.estrategiaconcursos.com.br\/blog\/#website"},"primaryImageOfPage":{"@id":"https:\/\/www.estrategiaconcursos.com.br\/blog\/concurso-iss-fortaleza-lei-reestrutura-carreira\/#primaryimage"},"image":{"@id":"https:\/\/www.estrategiaconcursos.com.br\/blog\/concurso-iss-fortaleza-lei-reestrutura-carreira\/#primaryimage"},"thumbnailUrl":"https:\/\/dhg1h5j42swfq.cloudfront.net\/2020\/12\/04155005\/iss-fortaleza.jpg","datePublished":"2022-12-28T18:10:56+00:00","dateModified":"2022-12-28T18:14:32+00:00","description":"Concurso ISS Fortaleza: lei altera Plano de Cargos, Carreiras e Sal\u00e1rios dos servidores integrantes da Secretaria Municipal das Finan\u00e7as.","breadcrumb":{"@id":"https:\/\/www.estrategiaconcursos.com.br\/blog\/concurso-iss-fortaleza-lei-reestrutura-carreira\/#breadcrumb"},"inLanguage":"pt-BR","potentialAction":[{"@type":"ReadAction","target":["https:\/\/www.estrategiaconcursos.com.br\/blog\/concurso-iss-fortaleza-lei-reestrutura-carreira\/"]}]},{"@type":"ImageObject","inLanguage":"pt-BR","@id":"https:\/\/www.estrategiaconcursos.com.br\/blog\/concurso-iss-fortaleza-lei-reestrutura-carreira\/#primaryimage","url":"https:\/\/dhg1h5j42swfq.cloudfront.net\/2020\/12\/04155005\/iss-fortaleza.jpg","contentUrl":"https:\/\/dhg1h5j42swfq.cloudfront.net\/2020\/12\/04155005\/iss-fortaleza.jpg","width":768,"height":432,"caption":"concurso ISS Fortaleza"},{"@type":"BreadcrumbList","@id":"https:\/\/www.estrategiaconcursos.com.br\/blog\/concurso-iss-fortaleza-lei-reestrutura-carreira\/#breadcrumb","itemListElement":[{"@type":"ListItem","position":1,"name":"In\u00edcio","item":"https:\/\/www.estrategiaconcursos.com.br\/blog\/"},{"@type":"ListItem","position":2,"name":"Concurso ISS Fortaleza: lei reestrutura carreira; Confira!"}]},{"@type":"WebSite","@id":"https:\/\/www.estrategiaconcursos.com.br\/blog\/#website","url":"https:\/\/www.estrategiaconcursos.com.br\/blog\/","name":"Estrat\u00e9gia Concursos","description":"O blog da Estrat\u00e9gia Concursos traz not\u00edcias sobre concursos e artigos de professores oferecendo cursos para concursos (pdf + videaulas) no site.","publisher":{"@id":"https:\/\/www.estrategiaconcursos.com.br\/blog\/#organization"},"potentialAction":[{"@type":"SearchAction","target":{"@type":"EntryPoint","urlTemplate":"https:\/\/www.estrategiaconcursos.com.br\/blog\/?s={search_term_string}"},"query-input":{"@type":"PropertyValueSpecification","valueRequired":true,"valueName":"search_term_string"}}],"inLanguage":"pt-BR"},{"@type":"Organization","@id":"https:\/\/www.estrategiaconcursos.com.br\/blog\/#organization","name":"Estrat\u00e9gia Concursos","url":"https:\/\/www.estrategiaconcursos.com.br\/blog\/","logo":{"@type":"ImageObject","inLanguage":"pt-BR","@id":"https:\/\/www.estrategiaconcursos.com.br\/blog\/#\/schema\/logo\/image\/","url":"https:\/\/dhg1h5j42swfq.cloudfront.net\/2025\/06\/03203428\/logo_concursos-1.jpg","contentUrl":"https:\/\/dhg1h5j42swfq.cloudfront.net\/2025\/06\/03203428\/logo_concursos-1.jpg","width":230,"height":60,"caption":"Estrat\u00e9gia Concursos"},"image":{"@id":"https:\/\/www.estrategiaconcursos.com.br\/blog\/#\/schema\/logo\/image\/"},"sameAs":["https:\/\/x.com\/EstratConcursos"]},{"@type":"Person","@id":"https:\/\/www.estrategiaconcursos.com.br\/blog\/#\/schema\/person\/84ecdc6eb58d3cf1689bf76c5cd8fb38","name":"Camila Leite","image":{"@type":"ImageObject","inLanguage":"pt-BR","@id":"https:\/\/secure.gravatar.com\/avatar\/f2f8faef639c8a2bfb7fb909912a56917f4c3a0aed064500168e2fb8ea55cf61?s=96&d=mm&r=g","url":"https:\/\/secure.gravatar.com\/avatar\/f2f8faef639c8a2bfb7fb909912a56917f4c3a0aed064500168e2fb8ea55cf61?s=96&d=mm&r=g","contentUrl":"https:\/\/secure.gravatar.com\/avatar\/f2f8faef639c8a2bfb7fb909912a56917f4c3a0aed064500168e2fb8ea55cf61?s=96&d=mm&r=g","caption":"Camila Leite"},"description":"Formada em Design Gr\u00e1fico e em Propaganda e Marketing pela UNIP, integra a equipe de jornalismo do Estrat\u00e9gia Concursos desde 2018. Ao longo dos anos, construiu uma s\u00f3lida experi\u00eancia na produ\u00e7\u00e3o de conte\u00fado informativo e relevante para concurseiros. Desde 2020, atua na cobertura das \u00e1reas Fiscal \u2014 com \u00eanfase nas Secretarias de Fazenda (Sefaz) das regi\u00f5es Sul e Sudeste \u2014, al\u00e9m da cobertura de concursos federais, como CNU, Petrobras, CGU, Receita Federal, ag\u00eancias reguladoras (Anvisa, ANAC, entre outras) e INSS. Mant\u00e9m contato direto com os principais \u00f3rg\u00e3os p\u00fablicos, acompanhando editais, atualiza\u00e7\u00f5es e movimenta\u00e7\u00f5es importantes para os candidatos.","sameAs":["https:\/\/www.linkedin.com\/in\/camila-pinheiro-leite-9ba135b6\/"],"url":"https:\/\/www.estrategiaconcursos.com.br\/blog\/author\/camila-leiteestrategiaconcursos-com-br\/"}]}},"_links":{"self":[{"href":"https:\/\/www.estrategiaconcursos.com.br\/blog\/wp-json\/wp\/v2\/posts\/1144363","targetHints":{"allow":["GET"]}}],"collection":[{"href":"https:\/\/www.estrategiaconcursos.com.br\/blog\/wp-json\/wp\/v2\/posts"}],"about":[{"href":"https:\/\/www.estrategiaconcursos.com.br\/blog\/wp-json\/wp\/v2\/types\/post"}],"author":[{"embeddable":true,"href":"https:\/\/www.estrategiaconcursos.com.br\/blog\/wp-json\/wp\/v2\/users\/659"}],"replies":[{"embeddable":true,"href":"https:\/\/www.estrategiaconcursos.com.br\/blog\/wp-json\/wp\/v2\/comments?post=1144363"}],"version-history":[{"count":9,"href":"https:\/\/www.estrategiaconcursos.com.br\/blog\/wp-json\/wp\/v2\/posts\/1144363\/revisions"}],"predecessor-version":[{"id":1144395,"href":"https:\/\/www.estrategiaconcursos.com.br\/blog\/wp-json\/wp\/v2\/posts\/1144363\/revisions\/1144395"}],"wp:featuredmedia":[{"embeddable":true,"href":"https:\/\/www.estrategiaconcursos.com.br\/blog\/wp-json\/wp\/v2\/media\/731076"}],"wp:attachment":[{"href":"https:\/\/www.estrategiaconcursos.com.br\/blog\/wp-json\/wp\/v2\/media?parent=1144363"}],"wp:term":[{"taxonomy":"category","embeddable":true,"href":"https:\/\/www.estrategiaconcursos.com.br\/blog\/wp-json\/wp\/v2\/categories?post=1144363"},{"taxonomy":"post_tag","embeddable":true,"href":"https:\/\/www.estrategiaconcursos.com.br\/blog\/wp-json\/wp\/v2\/tags?post=1144363"},{"taxonomy":"tax_estado","embeddable":true,"href":"https:\/\/www.estrategiaconcursos.com.br\/blog\/wp-json\/wp\/v2\/tax_estado?post=1144363"}],"curies":[{"name":"wp","href":"https:\/\/api.w.org\/{rel}","templated":true}]}}