{"id":11434,"date":"2013-10-15T22:40:11","date_gmt":"2013-10-16T01:40:11","guid":{"rendered":"https:\/\/www.estrategiaconcursos.com.br\/blog\/?p=11434"},"modified":"2019-09-02T20:58:26","modified_gmt":"2019-09-02T23:58:26","slug":"tcu-2013-comentarios-as-questoes-de-controle-externo","status":"publish","type":"post","link":"https:\/\/www.estrategiaconcursos.com.br\/blog\/tcu-2013-comentarios-as-questoes-de-controle-externo\/","title":{"rendered":"TCU 2013 &#8211; Coment\u00e1rios \u00e0s quest\u00f5es de Controle Externo"},"content":{"rendered":"<p>Ol\u00e1 pessoal,<\/p>\n<p>Saiu o gabarito preliminar da prova do Tribunal de Contas da Uni\u00e3o.<\/p>\n<p>Achei a parte de Controle Externo relativamente tranquila. V\u00e1rias quest\u00f5es diretas e literais, muito diferente da prova de TEFC 2012.<\/p>\n<p>Todos os assuntos foram trabalhos no nosso curso. <strong>Por isso, espero que nossos alunos tenham se sa\u00eddo muito bem!<\/strong><\/p>\n<p>Das 14 quest\u00f5es que diretamente cobraram conhecimentos de Controle Externo, considero que apenas 2 s\u00e3o pass\u00edveis de recurso (101 e 106). O gabarito das demais, a meu ver, n\u00e3o merece reparos. N\u00e3o obstante, se algu\u00e9m tiver alguma d\u00favida, pode entrar em contato comigo.<\/p>\n<p>Vamos aos coment\u00e1rios:<\/p>\n<p><strong>51.<\/strong> Compete exclusivamente ao Congresso Nacional escolher dois ter\u00e7os dos membros do Tribunal de Contas da Uni\u00e3o, al\u00e9m de aprovar, por voto secreto, a escolha dos ministros do TCU indicados pelo Presidente da Rep\u00fablica.<\/p>\n<p><strong><span style=\"text-decoration: underline;\">Coment\u00e1rio:<\/span> O quesito est\u00e1 errado. Nos termos do art. 73, \u00a72\u00ba, I da CF, a aprova\u00e7\u00e3o dos ministros indicados pelo Presidente da Rep\u00fablica compete ao Senado Federal e n\u00e3o ao Congresso Nacional:<\/strong><\/p>\n<p><em>Art. 73 (&#8230;)<\/em><\/p>\n<p><i>\u00a7 2\u00ba &#8211; Os Ministros do Tribunal de Contas da Uni\u00e3o ser\u00e3o escolhidos:<\/i><\/p>\n<p><i>I &#8211; um ter\u00e7o pelo Presidente da Rep\u00fablica, com aprova\u00e7\u00e3o do <strong>Senado Federal<\/strong>, sendo dois alternadamente dentre auditores e membros do Minist\u00e9rio P\u00fablico junto ao Tribunal, indicados em lista tr\u00edplice pelo Tribunal, segundo os crit\u00e9rios de antig\u00fcidade e merecimento;<\/i><\/p>\n<p><i>II &#8211; dois ter\u00e7os pelo Congresso Nacional.<\/i><\/p>\n<p><strong>Gabarito: Errado<\/strong><\/p>\n<p><b>Acerca das Entidades Fiscalizadoras Superiores (EFS) e da Declara\u00e7\u00e3o de Lima, julgue os itens a seguir.<\/b><\/p>\n<p><strong>101.<\/strong> \u00c9 atribui\u00e7\u00e3o privativa do presidente convocar reuni\u00f5es ordin\u00e1rias e extraordin\u00e1rias da Comiss\u00e3o Mista de Coopera\u00e7\u00e3o T\u00e9cnica, Cient\u00edfica e Cultural.<\/p>\n<p><strong><span style=\"text-decoration: underline;\">Coment\u00e1rio<\/span>: <i>A quest\u00e3o \u00e9 pass\u00edvel de recurso<\/i>.<\/strong><\/p>\n<p><strong>Para respond\u00ea-la, seria preciso saber a que Comiss\u00e3o Mista de Coopera\u00e7\u00e3o T\u00e9cnica, Cient\u00edfica e Cultural a banca se refere. Por\u00e9m, como se v\u00ea, o enunciado <i><span style=\"text-decoration: underline;\">n\u00e3o informa<\/span><\/i> a qual organiza\u00e7\u00e3o pertence a aludida Comiss\u00e3o. Poder-se-ia <i><span style=\"text-decoration: underline;\">supor<\/span><\/i> que se trata da Comiss\u00e3o Mista da EFSUL, organiza\u00e7\u00e3o da qual o TCU faz parte (<a href=\"http:\/\/portal2.tcu.gov.br\/portal\/page\/portal\/TCU\/relacoes_institucionais\/relacoes_internacionais\/organizacoes_internacionais\/ESTATUTO_MERCOSUL.pdf\">link<\/a>). Mas seria apenas uma <i>suposi\u00e7\u00e3o<\/i>, visto que a quest\u00e3o n\u00e3o informa.<\/strong><\/p>\n<p><strong>A t\u00edtulo de exemplo, vale saber que a <i>Organiza\u00e7\u00e3o das Institui\u00e7\u00f5es Supremas de Controle da Comunidade dos Pa\u00edses de L\u00edngua Portuguesa<\/i>, organiza\u00e7\u00e3o que o TCU tamb\u00e9m integra, j\u00e1 possuiu uma Comiss\u00e3o Mista de Coopera\u00e7\u00e3o T\u00e9cnica, Cient\u00edfica e Cultural (<a href=\"http:\/\/www.tribunaiscplp.gov.br\/comissaomista.htm\">link<\/a>). Sabe-se l\u00e1 que outras organiza\u00e7\u00f5es de EFS tamb\u00e9m n\u00e3o possuem uma Comiss\u00e3o com esse nome, inclusive organiza\u00e7\u00f5es das quais o TCU n\u00e3o participe, eis que nem isso a quest\u00e3o imp\u00f5e. Ali\u00e1s, a quest\u00e3o tamb\u00e9m \u00e9 omissa quanto ao fato de a Comiss\u00e3o pertencer a uma <i>organiza\u00e7\u00e3o de EFS<\/i>, como a EFSUL ou a organiza\u00e7\u00e3o da CPLP. \u00c9 perfeitamente poss\u00edvel supor que a Comiss\u00e3o citada no quesito perten\u00e7a a uma EFS <i>isolada<\/i>.<\/strong><\/p>\n<p><strong>Outro ponto: o presidente competente para convocar as reuni\u00f5es, seria o presidente da EFS, da EFSUL ou da Comiss\u00e3o? A quest\u00e3o tamb\u00e9m admite diversas interpreta\u00e7\u00f5es nesse ponto.<\/strong><\/p>\n<p><strong>Assim, por todas essas inconsist\u00eancias, considero cab\u00edvel recurso para anular o quesito.<\/strong><\/p>\n<p><strong>\u00a0\u00a0Gabarito: Errado (pass\u00edvel de recurso)<br \/>\n<\/strong><\/p>\n<p><strong>102.<\/strong> Consoante a Declara\u00e7\u00e3o de Lima de Diretrizes para Preceitos de Auditoria, \u00e9 permitido \u00e0s Entidades Fiscalizadoras Superiores usar, \u00e0 sua discri\u00e7\u00e3o, os recursos alocados a elas em uma rubrica or\u00e7ament\u00e1ria separada.<\/p>\n<p><strong><span style=\"text-decoration: underline;\">Coment\u00e1rio<\/span>: O quesito est\u00e1 correto, nos termos do item 3 da Se\u00e7\u00e3o 7 da Declara\u00e7\u00e3o de Lima (Independ\u00eancia financeira de Entidades Fiscalizadoras Superiores):<\/strong><\/p>\n<p><i>3. As Entidades Fiscalizadoras Superiores poder\u00e3o usar, \u00e0 sua discri\u00e7\u00e3o, os recursos alocados a elas em uma rubrica or\u00e7ament\u00e1ria separada. <\/i><\/p>\n<p><strong>Gabarito: Certo<\/strong><\/p>\n<p><b>A prop\u00f3sito do Tribunal de Contas da Uni\u00e3o (TCU), no que se refere a sua natureza, compet\u00eancia, julgamento e fiscaliza\u00e7\u00e3o, julgue os seguintes.<\/b><\/p>\n<p><strong>103.<\/strong> S\u00e3o compet\u00eancias do TCU a an\u00e1lise t\u00e9cnico-jur\u00eddica e o julgamento das contas prestadas anualmente pelo presidente da Rep\u00fablica e a emiss\u00e3o de pareceres gerais.<\/p>\n<p><strong><span style=\"text-decoration: underline;\">Coment\u00e1rio<\/span>: A quest\u00e3o est\u00e1 errada. Assunto batido nas provas do Cespe. Nos termos do art. 71, I da CF, o TCU n\u00e3o julga as contas do Presidente da Rep\u00fablica, e sim emite parecer pr\u00e9vio.<\/strong><\/p>\n<p><strong>Gabarito: Errado<\/strong><\/p>\n<p><strong>104.<\/strong> Qualquer cidad\u00e3o poder\u00e1 denunciar irregularidades ou ilegalidades perante o TCU.<\/p>\n<p><strong><span style=\"text-decoration: underline;\">Coment\u00e1rio<\/span>: Quest\u00e3o correta, nos termos do art. 74, \u00a72\u00ba da CF:<\/strong><\/p>\n<p><i>\u00a7 2\u00ba &#8211; Qualquer cidad\u00e3o, partido pol\u00edtico, associa\u00e7\u00e3o ou sindicato \u00e9 parte leg\u00edtima para, na forma da lei, denunciar irregularidades ou ilegalidades perante o Tribunal de Contas da Uni\u00e3o.<\/i><\/p>\n<p><strong>Gabarito: Certo<\/strong><\/p>\n<p><strong>105.<\/strong> Compete ao TCU auxiliar o Congresso Nacional a exercer a fiscaliza\u00e7\u00e3o das contas nacionais das empresas supranacionais de cujo capital a Uni\u00e3o participe, desde que a participa\u00e7\u00e3o se d\u00ea de forma direta.<\/p>\n<p><strong><span style=\"text-decoration: underline;\">Coment\u00e1rio<\/span>: O item est\u00e1 errado. Nos termos do art. 71, V da CF, a fiscaliza\u00e7\u00e3o do TCU sobre as contas nacionais das empresas supranacionais ocorre nos casos em que a participa\u00e7\u00e3o da Uni\u00e3o se d\u00ea de forma <i>direta e indireta:<\/i><\/strong><\/p>\n<p><i>V &#8211; fiscalizar as contas nacionais das empresas supranacionais de cujo capital social a Uni\u00e3o participe, de forma <strong>direta<\/strong> ou <strong>indireta<\/strong>, nos termos do tratado constitutivo; \u00a0<\/i><\/p>\n<p><strong>Gabarito: Errado<\/strong><\/p>\n<p><strong>106.<\/strong> No uso de sua fun\u00e7\u00e3o sancionadora, pode o TCU, no caso de ilegalidade, fixar prazo para que o \u00f3rg\u00e3o ou entidade adote provid\u00eancias necess\u00e1rias ao exato cumprimento da lei.<\/p>\n<p><strong><span style=\"text-decoration: underline;\">Coment\u00e1rio<\/span>: <i>Quest\u00e3o pass\u00edvel de recurso<\/i>.<\/strong><\/p>\n<p><strong>A rigor, a fixa\u00e7\u00e3o de prazo para o exato cumprimento da lei constitui atribui\u00e7\u00e3o da <i>fun\u00e7\u00e3o corretiva<\/i>, visto que o objetivo dessa delibera\u00e7\u00e3o \u00e9 corrigir a ilegalidade constatada pelo Tribunal, e n\u00e3o punir o gestor. N\u00e3o \u00e9 por outra raz\u00e3o que o TCU, ao fixar prazo para o exato cumprimento da lei, deve fazer <i>indica\u00e7\u00e3o expressa dos dispositivos a serem observados<\/i>, visando ao saneamento do erro. Se o gestor observar os dispositivos indicados pelo Tribunal e corrigir a ilegalidade, n\u00e3o haver\u00e1 imposi\u00e7\u00e3o de san\u00e7\u00e3o alguma.<\/strong><\/p>\n<p><strong>O uso da fun\u00e7\u00e3o sancionadora ocorreria apenas em <i>momento posterior<\/i>, na hip\u00f3tese de a determina\u00e7\u00e3o do Tribunal n\u00e3o ser atendida, quando ent\u00e3o haveria a <i>aplica\u00e7\u00e3o de multa<\/i> concomitantemente \u00e0s provid\u00eancias espec\u00edficas para a susta\u00e7\u00e3o do ato ou contrato, conforme o caso, nos termos do art. 251 do RI\/TCU:<\/strong><\/p>\n<p><i>Art. 251. Verificada a ilegalidade de ato ou contrato em execu\u00e7\u00e3o, o Tribunal assinar\u00e1 prazo de at\u00e9 quinze dias para que o respons\u00e1vel adote as provid\u00eancias necess\u00e1rias ao exato cumprimento da lei, <b>com <\/b><strong>indica\u00e7\u00e3o expressa dos dispositivos a serem observados<\/strong>, sem preju\u00edzo do disposto no inciso IV do caput e nos \u00a7\u00a7 1\u00ba e 2\u00ba do artigo anterior.<\/i><\/p>\n<p><i>\u00a7 1\u00ba No caso de ato administrativo, o Tribunal, <strong>se n\u00e3o atendido<\/strong>:<\/i><\/p>\n<p><i>I \u2013 sustar\u00e1 a execu\u00e7\u00e3o do ato impugnado;<\/i><\/p>\n<p><i>II \u2013 comunicar\u00e1 a decis\u00e3o \u00e0 C\u00e2mara dos Deputados e ao Senado Federal;<\/i><\/p>\n<p><i>III \u2013 <strong>aplicar\u00e1 ao respons\u00e1vel, no pr\u00f3prio processo de fiscaliza\u00e7\u00e3o, a multa prevista no inciso VII do art. 268<\/strong>.<\/i><b><i><\/i><\/b><\/p>\n<p><strong>Ali\u00e1s, no pr\u00f3prio <a href=\"http:\/\/portal2.tcu.gov.br\/portal\/page\/portal\/TCU\/institucional\/conheca_tcu\/institucional_funcionamento\">site do Tribunal<\/a>, assim como na 4\u00aa Edi\u00e7\u00e3o da publica\u00e7\u00e3o institucional do TCU \u201cConhecendo o Tribunal\u201d, a fixa\u00e7\u00e3o de prazo para o exato cumprimento da lei \u00e9 classificada na <i>fun\u00e7\u00e3o\u00a0corretiva<\/i>, e n\u00e3o na sancionadora.<\/strong><\/p>\n<p><strong>Assim, considero cab\u00edvel recurso para alterar o gabarito da quest\u00e3o.<\/strong><\/p>\n<p><strong>Gabarito: Certo (pass\u00edvel de recurso)<br \/>\n<\/strong><\/p>\n<p><b>No que se refere \u00e0 Lei Org\u00e2nica e ao regimento interno do TCU, julgue os pr\u00f3ximos itens.<\/b><\/p>\n<p><strong>107.<\/strong> No julgamento das contas regulares, exceto nos casos em que haja ressalvas, o tribunal dar\u00e1 quita\u00e7\u00e3o ao respons\u00e1vel.<\/p>\n<p><strong><span style=\"text-decoration: underline;\">Coment\u00e1rio<\/span>: O item est\u00e1 errado. Nos termos do art. 17 da LO\/TCU, quando julgar as contas regulares, o Tribunal dar\u00e1 quita\u00e7\u00e3o plena ao respons\u00e1vel:<\/strong><\/p>\n<p><i>Art. 17. Quando julgar as contas regulares, o Tribunal dar\u00e1 <strong>quita\u00e7\u00e3o plena<\/strong> ao respons\u00e1vel.<\/i><\/p>\n<p><strong>Segundo o art. 18 da LO\/TCU, a quita\u00e7\u00e3o (sem ser plena) \u00e9 cab\u00edvel para contas regulares com ressalva, justamente a exce\u00e7\u00e3o apresentada de forma indevida na quest\u00e3o:<\/strong><\/p>\n<p><i>Art. 18. Quando julgar as contas regulares com ressalva, o Tribunal dar\u00e1 <strong>quita\u00e7\u00e3o<\/strong> ao respons\u00e1vel e lhe determinar\u00e1, ou a quem lhe haja sucedido, a ado\u00e7\u00e3o de medidas necess\u00e1rias \u00e0 corre\u00e7\u00e3o das impropriedades ou faltas identificadas, de modo a prevenir a ocorr\u00eancia de outras semelhantes.<\/i><\/p>\n<p><strong>Gabarito: Errado<\/strong><\/p>\n<p><strong>108.<\/strong> Ser\u00e3o aceitos embargos de declara\u00e7\u00e3o apenas quando houver contradi\u00e7\u00e3o em ac\u00f3rd\u00e3o do tribunal, sendo submetidos \u00e0 delibera\u00e7\u00e3o do colegiado competente pelo relator ou pelo redator.<\/p>\n<p><strong><span style=\"text-decoration: underline;\">Coment\u00e1rio<\/span>: A quest\u00e3o est\u00e1 errada. Nos termos do art. 34 da LO\/TCU, cabem embargos de declara\u00e7\u00e3o para corrigir n\u00e3o apenas contradi\u00e7\u00e3o, mas tamb\u00e9m obscuridade ou omiss\u00e3o da decis\u00e3o recorrida:<\/strong><\/p>\n<p><i>Art. 34. Cabem embargos de declara\u00e7\u00e3o para corrigir <strong>obscuridade<\/strong>, omiss\u00e3o ou contradi\u00e7\u00e3o da decis\u00e3o recorrida.<\/i><\/p>\n<p><strong>Gabarito: Errado<\/strong><\/p>\n<p><strong>109<\/strong>. Os relat\u00f3rios trimestrais e anuais encaminhados pelo tribunal ao Congresso Nacional conter\u00e3o, al\u00e9m de outros elementos, a resenha das atividades espec\u00edficas no tocante ao julgamento de contas e \u00e0 aprecia\u00e7\u00e3o de processos de fiscaliza\u00e7\u00e3o a cargo do tribunal.<\/p>\n<p><strong><span style=\"text-decoration: underline;\">Coment\u00e1rio<\/span>: O item est\u00e1 correto, pois \u00e9 a <i>transcri\u00e7\u00e3o literal<\/i> do art. 293, \u00a72\u00ba do RI\/TCU.<\/strong><\/p>\n<p><strong>Gabarito: Certo<\/strong><\/p>\n<p><strong>110<\/strong>. Os respons\u00e1veis pela aplica\u00e7\u00e3o de quaisquer recursos repassados pela Uni\u00e3o a munic\u00edpios, estados e Distrito Federal, mediante acordo, \u00e0 exce\u00e7\u00e3o de conv\u00eanio, estar\u00e3o no \u00e2mbito da jurisdi\u00e7\u00e3o do tribunal.<\/p>\n<p><strong><span style=\"text-decoration: underline;\">Coment\u00e1rio<\/span>: O item est\u00e1 errado, devido \u00e0 exce\u00e7\u00e3o apresentada. Nos termos do art. 5\u00ba, VII da LO\/TCU, a jurisdi\u00e7\u00e3o do Tribunal abrange <i>\u201cos respons\u00e1veis pela aplica\u00e7\u00e3o de quaisquer recursos repassados pela Uni\u00e3o, mediante <span style=\"text-decoration: underline;\">conv\u00eanio<\/span>, acordo, ajuste ou outros instrumentos cong\u00eaneres, a Estado, ao Distrito Federal ou a Munic\u00edpio.\u201d<\/i><\/strong><\/p>\n<p><strong>Gabarito: Errado<\/strong><\/p>\n<p><strong>111<\/strong>. Verificada irregularidade nas contas, havendo d\u00e9bito, caber\u00e1 ao relator ou ao TCU ordenar a cita\u00e7\u00e3o do respons\u00e1vel para apresentar defesa ou recolher a quantia devida.<\/p>\n<p><strong><span style=\"text-decoration: underline;\">Coment\u00e1rio<\/span>: A quest\u00e3o est\u00e1 certa, nos termos do art. 12, II da LO\/TCU:<\/strong><\/p>\n<p><i>Art. 12. Verificada irregularidade nas contas, o Relator ou o Tribunal:<\/i><\/p>\n<p><i>(&#8230;)<\/i><\/p>\n<p><i>II &#8211; se houver d\u00e9bito, ordenar\u00e1 a cita\u00e7\u00e3o do respons\u00e1vel para, no prazo estabelecido no Regimento Interno, apresentar defesa ou recolher a quantia devida.<\/i><\/p>\n<p><strong>Gabarito: Certo<\/strong><\/p>\n<p><strong>184.<\/strong> Considere que, ap\u00f3s o exame da presta\u00e7\u00e3o de contas de uma entidade, o TCU tenha determinado uma s\u00e9rie de provid\u00eancias para a regulariza\u00e7\u00e3o da situa\u00e7\u00e3o dessa entidade. Nessa situa\u00e7\u00e3o, a verifica\u00e7\u00e3o do cumprimento das delibera\u00e7\u00f5es e os resultados delas advindos ser\u00e3o objeto de inspe\u00e7\u00f5es.<\/p>\n<p><strong><span style=\"text-decoration: underline;\">Coment\u00e1rio<\/span>: O quesito est\u00e1 errado. Nos termos do art. 243 do RI\/TCU, a verifica\u00e7\u00e3o do cumprimento das delibera\u00e7\u00f5es e os resultados delas advindos deve ser objeto de monitoramento, e n\u00e3o de inspe\u00e7\u00f5es:<\/strong><\/p>\n<p><i>Art. 243. <strong>Monitoramento<\/strong> \u00e9 o instrumento de fiscaliza\u00e7\u00e3o utilizado pelo Tribunal para verificar o cumprimento de suas delibera\u00e7\u00f5es e os resultados delas advindos.<\/i><\/p>\n<p><strong>Gabarito: Errado<\/strong><\/p>\n<p><b>No que diz respeito \u00e0s presta\u00e7\u00f5es de contas e ao relat\u00f3rio de gest\u00e3o, julgue os itens a seguir.<\/b><\/p>\n<p><strong>191.<\/strong> Est\u00e3o sujeitos \u00e0 constitui\u00e7\u00e3o de processo de contas os respons\u00e1veis pelas unidades jurisdicionadas ao TCU, n\u00e3o compreendidos entre essas as entidades do sistema S e os conselhos federais e regionais das profiss\u00f5es regulamentadas.<\/p>\n<p><strong><span style=\"text-decoration: underline;\">Coment\u00e1rio<\/span>: O quesito est\u00e1 errado. As entidades do sistema S e as entidades de fiscaliza\u00e7\u00e3o do exerc\u00edcio profissional est\u00e3o previstas de forma expressa no rol de entidades cujos respons\u00e1veis est\u00e3o sujeitos \u00e0 apresenta\u00e7\u00e3o de relat\u00f3rio de gest\u00e3o e \u00e0 constitui\u00e7\u00e3o de processo de contas (art. 2\u00ba da IN TCU 63\/2010):<\/strong><\/p>\n<p><i>Art. 2\u00ba Para efeito desta Instru\u00e7\u00e3o Normativa, est\u00e3o sujeitos \u00e0 apresenta\u00e7\u00e3o de relat\u00f3rio de gest\u00e3o e \u00e0 constitui\u00e7\u00e3o de processo de contas os respons\u00e1veis pelas seguintes unidades jurisdicionadas ao Tribunal:<\/i><\/p>\n<p><i>III. servi\u00e7os sociais aut\u00f4nomos;<\/i><\/p>\n<p><i>(&#8230;)<\/i><\/p>\n<p><i>X. entidades de fiscaliza\u00e7\u00e3o do exerc\u00edcio profissional.<\/i><\/p>\n<p><strong>Lembrando que as entidades de fiscaliza\u00e7\u00e3o do exerc\u00edcio profissional foram inclu\u00eddas nesse rol recentemente, como alertamos no nosso curso e em <a href=\"https:\/\/www.estrategiaconcursos.com.br\/blog\/tcu-mudancas-na-sistematica-de-prestacao-de-contas-3\/\">artigo<\/a> aqui no Estrat\u00e9gia.<\/strong><\/p>\n<p><strong>Gabarito: Errado<\/strong><\/p>\n<p>\u00c9 isso pessoal. Boa sorte a todos!<\/p>\n<p><b><\/b><\/p>\n","protected":false},"excerpt":{"rendered":"<p>Ol\u00e1 pessoal, Saiu o gabarito preliminar da prova do Tribunal de Contas da Uni\u00e3o. Achei a parte de Controle Externo relativamente tranquila. V\u00e1rias quest\u00f5es diretas e literais, muito diferente da prova de TEFC 2012. Todos os assuntos foram trabalhos no nosso curso. Por isso, espero que nossos alunos tenham se sa\u00eddo muito bem! Das 14 [&hellip;]<\/p>\n","protected":false},"author":48,"featured_media":0,"comment_status":"open","ping_status":"open","sticky":false,"template":"","format":"standard","meta":{"post_tipo":"article","footnotes":""},"categories":[1],"tags":[],"tax_estado":[],"class_list":["post-11434","post","type-post","status-publish","format-standard","hentry","category-cursos-e-concursos"],"acf":[],"yoast_head":"<!-- This site is optimized with the Yoast SEO Premium plugin v27.2 (Yoast SEO v27.2) - https:\/\/yoast.com\/product\/yoast-seo-premium-wordpress\/ -->\n<title>TCU 2013 - Coment\u00e1rios \u00e0s quest\u00f5es de Controle Externo<\/title>\n<meta name=\"robots\" content=\"index, follow, max-snippet:-1, max-image-preview:large, max-video-preview:-1\" \/>\n<link rel=\"canonical\" href=\"https:\/\/www.estrategiaconcursos.com.br\/blog\/tcu-2013-comentarios-as-questoes-de-controle-externo\/\" \/>\n<meta property=\"og:locale\" content=\"pt_BR\" \/>\n<meta property=\"og:type\" content=\"article\" \/>\n<meta property=\"og:title\" content=\"TCU 2013 - Coment\u00e1rios \u00e0s quest\u00f5es de Controle Externo\" \/>\n<meta property=\"og:description\" content=\"Ol\u00e1 pessoal, Saiu o gabarito preliminar da prova do Tribunal de Contas da Uni\u00e3o. Achei a parte de Controle Externo relativamente tranquila. V\u00e1rias quest\u00f5es diretas e literais, muito diferente da prova de TEFC 2012. Todos os assuntos foram trabalhos no nosso curso. Por isso, espero que nossos alunos tenham se sa\u00eddo muito bem! Das 14 [&hellip;]\" \/>\n<meta property=\"og:url\" content=\"https:\/\/www.estrategiaconcursos.com.br\/blog\/tcu-2013-comentarios-as-questoes-de-controle-externo\/\" \/>\n<meta property=\"og:site_name\" content=\"Estrat\u00e9gia Concursos\" \/>\n<meta property=\"article:published_time\" content=\"2013-10-16T01:40:11+00:00\" \/>\n<meta property=\"article:modified_time\" content=\"2019-09-02T23:58:26+00:00\" \/>\n<meta name=\"author\" content=\"Coordena\u00e7\u00e3o\" \/>\n<meta name=\"twitter:card\" content=\"summary_large_image\" \/>\n<meta name=\"twitter:creator\" content=\"@EstratConcursos\" \/>\n<meta name=\"twitter:site\" content=\"@EstratConcursos\" \/>\n<meta name=\"twitter:label1\" content=\"Escrito por\" \/>\n\t<meta name=\"twitter:data1\" content=\"Coordena\u00e7\u00e3o\" \/>\n\t<meta name=\"twitter:label2\" content=\"Est. tempo de leitura\" \/>\n\t<meta name=\"twitter:data2\" content=\"10 minutos\" \/>\n<script type=\"application\/ld+json\" class=\"yoast-schema-graph\">{\"@context\":\"https:\/\/schema.org\",\"@graph\":[{\"@type\":\"NewsArticle\",\"@id\":\"https:\/\/www.estrategiaconcursos.com.br\/blog\/tcu-2013-comentarios-as-questoes-de-controle-externo\/#article\",\"isPartOf\":{\"@id\":\"https:\/\/www.estrategiaconcursos.com.br\/blog\/tcu-2013-comentarios-as-questoes-de-controle-externo\/\"},\"author\":{\"name\":\"Coordena\u00e7\u00e3o\",\"@id\":\"https:\/\/www.estrategiaconcursos.com.br\/blog\/#\/schema\/person\/cdad40b5818eb228a838461fcd656da7\"},\"headline\":\"TCU 2013 &#8211; Coment\u00e1rios \u00e0s quest\u00f5es de Controle Externo\",\"datePublished\":\"2013-10-16T01:40:11+00:00\",\"dateModified\":\"2019-09-02T23:58:26+00:00\",\"mainEntityOfPage\":{\"@id\":\"https:\/\/www.estrategiaconcursos.com.br\/blog\/tcu-2013-comentarios-as-questoes-de-controle-externo\/\"},\"wordCount\":2084,\"commentCount\":0,\"publisher\":{\"@id\":\"https:\/\/www.estrategiaconcursos.com.br\/blog\/#organization\"},\"articleSection\":[\"Concursos P\u00fablicos\"],\"inLanguage\":\"pt-BR\",\"potentialAction\":[{\"@type\":\"CommentAction\",\"name\":\"Comment\",\"target\":[\"https:\/\/www.estrategiaconcursos.com.br\/blog\/tcu-2013-comentarios-as-questoes-de-controle-externo\/#respond\"]}],\"copyrightYear\":\"2013\",\"copyrightHolder\":{\"@id\":\"https:\/\/www.estrategiaconcursos.com.br\/blog\/#organization\"}},{\"@type\":\"WebPage\",\"@id\":\"https:\/\/www.estrategiaconcursos.com.br\/blog\/tcu-2013-comentarios-as-questoes-de-controle-externo\/\",\"url\":\"https:\/\/www.estrategiaconcursos.com.br\/blog\/tcu-2013-comentarios-as-questoes-de-controle-externo\/\",\"name\":\"TCU 2013 - Coment\u00e1rios \u00e0s quest\u00f5es de Controle Externo\",\"isPartOf\":{\"@id\":\"https:\/\/www.estrategiaconcursos.com.br\/blog\/#website\"},\"datePublished\":\"2013-10-16T01:40:11+00:00\",\"dateModified\":\"2019-09-02T23:58:26+00:00\",\"breadcrumb\":{\"@id\":\"https:\/\/www.estrategiaconcursos.com.br\/blog\/tcu-2013-comentarios-as-questoes-de-controle-externo\/#breadcrumb\"},\"inLanguage\":\"pt-BR\",\"potentialAction\":[{\"@type\":\"ReadAction\",\"target\":[\"https:\/\/www.estrategiaconcursos.com.br\/blog\/tcu-2013-comentarios-as-questoes-de-controle-externo\/\"]}]},{\"@type\":\"BreadcrumbList\",\"@id\":\"https:\/\/www.estrategiaconcursos.com.br\/blog\/tcu-2013-comentarios-as-questoes-de-controle-externo\/#breadcrumb\",\"itemListElement\":[{\"@type\":\"ListItem\",\"position\":1,\"name\":\"In\u00edcio\",\"item\":\"https:\/\/www.estrategiaconcursos.com.br\/blog\/\"},{\"@type\":\"ListItem\",\"position\":2,\"name\":\"TCU 2013 &#8211; Coment\u00e1rios \u00e0s quest\u00f5es de Controle Externo\"}]},{\"@type\":\"WebSite\",\"@id\":\"https:\/\/www.estrategiaconcursos.com.br\/blog\/#website\",\"url\":\"https:\/\/www.estrategiaconcursos.com.br\/blog\/\",\"name\":\"Estrat\u00e9gia Concursos\",\"description\":\"O blog da Estrat\u00e9gia Concursos traz not\u00edcias sobre concursos e artigos de professores oferecendo cursos para concursos (pdf + videaulas) no site.\",\"publisher\":{\"@id\":\"https:\/\/www.estrategiaconcursos.com.br\/blog\/#organization\"},\"potentialAction\":[{\"@type\":\"SearchAction\",\"target\":{\"@type\":\"EntryPoint\",\"urlTemplate\":\"https:\/\/www.estrategiaconcursos.com.br\/blog\/?s={search_term_string}\"},\"query-input\":{\"@type\":\"PropertyValueSpecification\",\"valueRequired\":true,\"valueName\":\"search_term_string\"}}],\"inLanguage\":\"pt-BR\"},{\"@type\":\"Organization\",\"@id\":\"https:\/\/www.estrategiaconcursos.com.br\/blog\/#organization\",\"name\":\"Estrat\u00e9gia Concursos\",\"url\":\"https:\/\/www.estrategiaconcursos.com.br\/blog\/\",\"logo\":{\"@type\":\"ImageObject\",\"inLanguage\":\"pt-BR\",\"@id\":\"https:\/\/www.estrategiaconcursos.com.br\/blog\/#\/schema\/logo\/image\/\",\"url\":\"https:\/\/dhg1h5j42swfq.cloudfront.net\/2025\/06\/03203428\/logo_concursos-1.jpg\",\"contentUrl\":\"https:\/\/dhg1h5j42swfq.cloudfront.net\/2025\/06\/03203428\/logo_concursos-1.jpg\",\"width\":230,\"height\":60,\"caption\":\"Estrat\u00e9gia Concursos\"},\"image\":{\"@id\":\"https:\/\/www.estrategiaconcursos.com.br\/blog\/#\/schema\/logo\/image\/\"},\"sameAs\":[\"https:\/\/x.com\/EstratConcursos\"]},{\"@type\":\"Person\",\"@id\":\"https:\/\/www.estrategiaconcursos.com.br\/blog\/#\/schema\/person\/cdad40b5818eb228a838461fcd656da7\",\"name\":\"Coordena\u00e7\u00e3o\",\"image\":{\"@type\":\"ImageObject\",\"inLanguage\":\"pt-BR\",\"@id\":\"https:\/\/secure.gravatar.com\/avatar\/a413b22da0f5009c634f6c4586a2dbe5207074fd5becd88db5183b8069ef25e4?s=96&d=mm&r=g\",\"url\":\"https:\/\/secure.gravatar.com\/avatar\/a413b22da0f5009c634f6c4586a2dbe5207074fd5becd88db5183b8069ef25e4?s=96&d=mm&r=g\",\"contentUrl\":\"https:\/\/secure.gravatar.com\/avatar\/a413b22da0f5009c634f6c4586a2dbe5207074fd5becd88db5183b8069ef25e4?s=96&d=mm&r=g\",\"caption\":\"Coordena\u00e7\u00e3o\"},\"url\":\"https:\/\/www.estrategiaconcursos.com.br\/blog\/author\/contatoestrategiaconcursos-com-br\/\"}]}<\/script>\n<!-- \/ Yoast SEO Premium plugin. -->","yoast_head_json":{"title":"TCU 2013 - Coment\u00e1rios \u00e0s quest\u00f5es de Controle Externo","robots":{"index":"index","follow":"follow","max-snippet":"max-snippet:-1","max-image-preview":"max-image-preview:large","max-video-preview":"max-video-preview:-1"},"canonical":"https:\/\/www.estrategiaconcursos.com.br\/blog\/tcu-2013-comentarios-as-questoes-de-controle-externo\/","og_locale":"pt_BR","og_type":"article","og_title":"TCU 2013 - Coment\u00e1rios \u00e0s quest\u00f5es de Controle Externo","og_description":"Ol\u00e1 pessoal, Saiu o gabarito preliminar da prova do Tribunal de Contas da Uni\u00e3o. Achei a parte de Controle Externo relativamente tranquila. V\u00e1rias quest\u00f5es diretas e literais, muito diferente da prova de TEFC 2012. Todos os assuntos foram trabalhos no nosso curso. Por isso, espero que nossos alunos tenham se sa\u00eddo muito bem! Das 14 [&hellip;]","og_url":"https:\/\/www.estrategiaconcursos.com.br\/blog\/tcu-2013-comentarios-as-questoes-de-controle-externo\/","og_site_name":"Estrat\u00e9gia Concursos","article_published_time":"2013-10-16T01:40:11+00:00","article_modified_time":"2019-09-02T23:58:26+00:00","author":"Coordena\u00e7\u00e3o","twitter_card":"summary_large_image","twitter_creator":"@EstratConcursos","twitter_site":"@EstratConcursos","twitter_misc":{"Escrito por":"Coordena\u00e7\u00e3o","Est. tempo de leitura":"10 minutos"},"schema":{"@context":"https:\/\/schema.org","@graph":[{"@type":"NewsArticle","@id":"https:\/\/www.estrategiaconcursos.com.br\/blog\/tcu-2013-comentarios-as-questoes-de-controle-externo\/#article","isPartOf":{"@id":"https:\/\/www.estrategiaconcursos.com.br\/blog\/tcu-2013-comentarios-as-questoes-de-controle-externo\/"},"author":{"name":"Coordena\u00e7\u00e3o","@id":"https:\/\/www.estrategiaconcursos.com.br\/blog\/#\/schema\/person\/cdad40b5818eb228a838461fcd656da7"},"headline":"TCU 2013 &#8211; Coment\u00e1rios \u00e0s quest\u00f5es de Controle Externo","datePublished":"2013-10-16T01:40:11+00:00","dateModified":"2019-09-02T23:58:26+00:00","mainEntityOfPage":{"@id":"https:\/\/www.estrategiaconcursos.com.br\/blog\/tcu-2013-comentarios-as-questoes-de-controle-externo\/"},"wordCount":2084,"commentCount":0,"publisher":{"@id":"https:\/\/www.estrategiaconcursos.com.br\/blog\/#organization"},"articleSection":["Concursos P\u00fablicos"],"inLanguage":"pt-BR","potentialAction":[{"@type":"CommentAction","name":"Comment","target":["https:\/\/www.estrategiaconcursos.com.br\/blog\/tcu-2013-comentarios-as-questoes-de-controle-externo\/#respond"]}],"copyrightYear":"2013","copyrightHolder":{"@id":"https:\/\/www.estrategiaconcursos.com.br\/blog\/#organization"}},{"@type":"WebPage","@id":"https:\/\/www.estrategiaconcursos.com.br\/blog\/tcu-2013-comentarios-as-questoes-de-controle-externo\/","url":"https:\/\/www.estrategiaconcursos.com.br\/blog\/tcu-2013-comentarios-as-questoes-de-controle-externo\/","name":"TCU 2013 - Coment\u00e1rios \u00e0s quest\u00f5es de Controle Externo","isPartOf":{"@id":"https:\/\/www.estrategiaconcursos.com.br\/blog\/#website"},"datePublished":"2013-10-16T01:40:11+00:00","dateModified":"2019-09-02T23:58:26+00:00","breadcrumb":{"@id":"https:\/\/www.estrategiaconcursos.com.br\/blog\/tcu-2013-comentarios-as-questoes-de-controle-externo\/#breadcrumb"},"inLanguage":"pt-BR","potentialAction":[{"@type":"ReadAction","target":["https:\/\/www.estrategiaconcursos.com.br\/blog\/tcu-2013-comentarios-as-questoes-de-controle-externo\/"]}]},{"@type":"BreadcrumbList","@id":"https:\/\/www.estrategiaconcursos.com.br\/blog\/tcu-2013-comentarios-as-questoes-de-controle-externo\/#breadcrumb","itemListElement":[{"@type":"ListItem","position":1,"name":"In\u00edcio","item":"https:\/\/www.estrategiaconcursos.com.br\/blog\/"},{"@type":"ListItem","position":2,"name":"TCU 2013 &#8211; Coment\u00e1rios \u00e0s quest\u00f5es de Controle Externo"}]},{"@type":"WebSite","@id":"https:\/\/www.estrategiaconcursos.com.br\/blog\/#website","url":"https:\/\/www.estrategiaconcursos.com.br\/blog\/","name":"Estrat\u00e9gia Concursos","description":"O blog da Estrat\u00e9gia Concursos traz not\u00edcias sobre concursos e artigos de professores oferecendo cursos para concursos (pdf + videaulas) no site.","publisher":{"@id":"https:\/\/www.estrategiaconcursos.com.br\/blog\/#organization"},"potentialAction":[{"@type":"SearchAction","target":{"@type":"EntryPoint","urlTemplate":"https:\/\/www.estrategiaconcursos.com.br\/blog\/?s={search_term_string}"},"query-input":{"@type":"PropertyValueSpecification","valueRequired":true,"valueName":"search_term_string"}}],"inLanguage":"pt-BR"},{"@type":"Organization","@id":"https:\/\/www.estrategiaconcursos.com.br\/blog\/#organization","name":"Estrat\u00e9gia Concursos","url":"https:\/\/www.estrategiaconcursos.com.br\/blog\/","logo":{"@type":"ImageObject","inLanguage":"pt-BR","@id":"https:\/\/www.estrategiaconcursos.com.br\/blog\/#\/schema\/logo\/image\/","url":"https:\/\/dhg1h5j42swfq.cloudfront.net\/2025\/06\/03203428\/logo_concursos-1.jpg","contentUrl":"https:\/\/dhg1h5j42swfq.cloudfront.net\/2025\/06\/03203428\/logo_concursos-1.jpg","width":230,"height":60,"caption":"Estrat\u00e9gia Concursos"},"image":{"@id":"https:\/\/www.estrategiaconcursos.com.br\/blog\/#\/schema\/logo\/image\/"},"sameAs":["https:\/\/x.com\/EstratConcursos"]},{"@type":"Person","@id":"https:\/\/www.estrategiaconcursos.com.br\/blog\/#\/schema\/person\/cdad40b5818eb228a838461fcd656da7","name":"Coordena\u00e7\u00e3o","image":{"@type":"ImageObject","inLanguage":"pt-BR","@id":"https:\/\/secure.gravatar.com\/avatar\/a413b22da0f5009c634f6c4586a2dbe5207074fd5becd88db5183b8069ef25e4?s=96&d=mm&r=g","url":"https:\/\/secure.gravatar.com\/avatar\/a413b22da0f5009c634f6c4586a2dbe5207074fd5becd88db5183b8069ef25e4?s=96&d=mm&r=g","contentUrl":"https:\/\/secure.gravatar.com\/avatar\/a413b22da0f5009c634f6c4586a2dbe5207074fd5becd88db5183b8069ef25e4?s=96&d=mm&r=g","caption":"Coordena\u00e7\u00e3o"},"url":"https:\/\/www.estrategiaconcursos.com.br\/blog\/author\/contatoestrategiaconcursos-com-br\/"}]}},"_links":{"self":[{"href":"https:\/\/www.estrategiaconcursos.com.br\/blog\/wp-json\/wp\/v2\/posts\/11434","targetHints":{"allow":["GET"]}}],"collection":[{"href":"https:\/\/www.estrategiaconcursos.com.br\/blog\/wp-json\/wp\/v2\/posts"}],"about":[{"href":"https:\/\/www.estrategiaconcursos.com.br\/blog\/wp-json\/wp\/v2\/types\/post"}],"author":[{"embeddable":true,"href":"https:\/\/www.estrategiaconcursos.com.br\/blog\/wp-json\/wp\/v2\/users\/48"}],"replies":[{"embeddable":true,"href":"https:\/\/www.estrategiaconcursos.com.br\/blog\/wp-json\/wp\/v2\/comments?post=11434"}],"version-history":[{"count":13,"href":"https:\/\/www.estrategiaconcursos.com.br\/blog\/wp-json\/wp\/v2\/posts\/11434\/revisions"}],"predecessor-version":[{"id":415646,"href":"https:\/\/www.estrategiaconcursos.com.br\/blog\/wp-json\/wp\/v2\/posts\/11434\/revisions\/415646"}],"wp:attachment":[{"href":"https:\/\/www.estrategiaconcursos.com.br\/blog\/wp-json\/wp\/v2\/media?parent=11434"}],"wp:term":[{"taxonomy":"category","embeddable":true,"href":"https:\/\/www.estrategiaconcursos.com.br\/blog\/wp-json\/wp\/v2\/categories?post=11434"},{"taxonomy":"post_tag","embeddable":true,"href":"https:\/\/www.estrategiaconcursos.com.br\/blog\/wp-json\/wp\/v2\/tags?post=11434"},{"taxonomy":"tax_estado","embeddable":true,"href":"https:\/\/www.estrategiaconcursos.com.br\/blog\/wp-json\/wp\/v2\/tax_estado?post=11434"}],"curies":[{"name":"wp","href":"https:\/\/api.w.org\/{rel}","templated":true}]}}