{"id":1141410,"date":"2023-01-16T10:00:00","date_gmt":"2023-01-16T13:00:00","guid":{"rendered":"https:\/\/www.estrategiaconcursos.com.br\/blog\/?p=1141410"},"modified":"2023-02-07T13:10:48","modified_gmt":"2023-02-07T16:10:48","slug":"concurso-tj-es-edital-publicado","status":"publish","type":"post","link":"https:\/\/www.estrategiaconcursos.com.br\/blog\/concurso-tj-es-edital-publicado\/","title":{"rendered":"Edital TJ ES: inscri\u00e7\u00f5es encerradas! Ganhe at\u00e9 R$ 9,5 mil!"},"content":{"rendered":"\n<p>Foram encerradas as inscri\u00e7\u00f5es para o edital do concurso do <strong><a href=\"https:\/\/www.estrategiaconcursos.com.br\/cursosPorConcurso\/tribunal-de-justica-do-espirito-santo-tj-es\/\" target=\"_blank\" rel=\"noreferrer noopener\">Tribunal de Justi\u00e7a do Esp\u00edrito Santo<\/a><\/strong> <strong>(TJ ES)<\/strong> que oferta <strong>128 vagas<\/strong> mais forma\u00e7\u00e3o de cadastro de reserva!<\/p>\n\n\n\n<p>De acordo com o documento, as oportunidades\u00a0s\u00e3o para o cargo de Analista Judici\u00e1rio que exige n\u00edvel superior em diversas especialidades. As remunera\u00e7\u00e3o iniciais dos cargos variam entre R$ 6.713,00 e R$ 9.596,81, al\u00e9m de benef\u00edcios!<\/p>\n\n\n\n<p>Os interessados se inscreveram pelo <a href=\"https:\/\/www.cebraspe.org.br\/concursos\/\" target=\"_blank\" rel=\"noreferrer noopener\">portal<\/a> da banca Cebraspe, organizadora do certame, entre os dias 16 de janeiro a 06 de fevereiro de 2023, ao custo de R$ 100,00. <\/p>\n\n\n\n<p>As provas objetivas est\u00e3o previstas para o dia 19 de mar\u00e7o de 2023.<\/p>\n\n\n\n<ul class=\"wp-block-list\">\n<li><strong>Concurso TJ ES<\/strong> <strong>-Servidores<\/strong><\/li>\n\n\n\n<li><strong>Status:<\/strong> inscri\u00e7\u00f5es encerradas<\/li>\n\n\n\n<li><strong>Banca:<\/strong> Cebraspe<\/li>\n\n\n\n<li><strong>Vagas:&nbsp;<\/strong>128 + CR<\/li>\n\n\n\n<li><strong>Sal\u00e1rio inicial:<\/strong>&nbsp;de <span style=\"color: initial;\">R$ 6.713,00 a R$ 9.596,81<\/span><\/li>\n\n\n\n<li><strong>Edital: <\/strong><a href=\"https:\/\/dhg1h5j42swfq.cloudfront.net\/2023\/01\/09060456\/concurso-tj-es-edital-publicado.pdf\" target=\"_blank\" rel=\"noreferrer noopener nofollow\">TJ ES 2022<\/a><\/li>\n<\/ul>\n\n\n\n<div class=\"container\" id=\"boxes\">\n  <div class=\"row\">\n\n    <div class=\"col-sm\">\n      <div class=\"banner-tribunal\" id=\"box-assinatura\">\n        <h3 class=\"titulo-assinatura\">Curso TJ ES<\/h3>\n        <p class=\"subtitulo-assinatura\">Conhe\u00e7a os cursos<\/p>\n        <div class=\"box-botao\">\n          <a class=\"btn-assinatura\" target=\"_blank\" href=\"https:\/\/www.estrategiaconcursos.com.br\/cursosPorConcurso\/tribunal-de-justica-do-espirito-santo-tj-es\/\" role=\"button\" rel=\"noopener noreferrer\">Conhe\u00e7a mais<\/a>\n        <\/div>\n      <\/div>\n      <p class=\"texto-auxiliar\">Prepare-se com o melhor material e com quem mais aprova em Concursos P\u00fablicos em todo o pa\u00eds.<\/p>\n    <\/div>\n\n  <\/div>\n<\/div>\n\n\n\n<h2 class=\"wp-block-heading\" id=\"principais-datas\">Edital TJ ES: principais datas <\/h2>\n\n\n\n<ul class=\"wp-block-list\">\n<li><strong>Inscri\u00e7\u00f5es<\/strong>: <s>16\/01 a 06\/02\/2023<\/s><\/li>\n\n\n\n<li><strong>Isen\u00e7\u00e3o de taxa<\/strong>: <s>16 a 23\/01\/2023<\/s><\/li>\n\n\n\n<li><strong>Provas<\/strong>: 19\/03\/2023<\/li>\n<\/ul>\n\n\n\n<h2 class=\"wp-block-heading\" id=\"cargos-vagas-proximo\">Edital TJ ES: cargos e vagas <\/h2>\n\n\n\n<p>O concurso TJ ES oferta, ao todo, <strong>128 vagas<\/strong> mais forma\u00e7\u00e3o de cadastro de reserva, sendo:<\/p>\n\n\n\n<figure class=\"wp-block-table is-style-stripes\"><table class=\"has-pale-ocean-gradient-background has-background has-fixed-layout\"><tbody><tr><td class=\"has-text-align-center\" data-align=\"center\">\n  <strong>Cargo<\/strong>\n  <\/td><td class=\"has-text-align-center\" data-align=\"center\">\n  <strong>Vagas<\/strong>\n  <\/td><td class=\"has-text-align-center\" data-align=\"center\"><strong>Remunera\u00e7\u00e3o<\/strong><\/td><\/tr><tr><td class=\"has-text-align-center\" data-align=\"center\">Analista Judici\u00e1rio \u2013 \u00c1rea<br \/>Administrativa<\/td><td class=\"has-text-align-center\" data-align=\"center\">CR<\/td><td class=\"has-text-align-center\" data-align=\"center\">R$ 6.713,00<\/td><\/tr><tr><td class=\"has-text-align-center\" data-align=\"center\">Analista Judici\u00e1rio \u2013 Apoio<br \/>Especializado \u2013 Especialidade \u2013<br \/>Administra\u00e7\u00e3o<\/td><td class=\"has-text-align-center\" data-align=\"center\">CR<\/td><td class=\"has-text-align-center\" data-align=\"center\">R$ 6.713,00<\/td><\/tr><tr><td class=\"has-text-align-center\" data-align=\"center\">Analista Judici\u00e1rio \u2013 Apoio<br \/>Especializado \u2013 Especialidade \u2013 Arquitetura<\/td><td class=\"has-text-align-center\" data-align=\"center\">CR<\/td><td class=\"has-text-align-center\" data-align=\"center\">R$ 6.713,00<\/td><\/tr><tr><td class=\"has-text-align-center\" data-align=\"center\">Analista Judici\u00e1rio \u2013 Apoio<br \/>Especializado \u2013 Especialidade \u2013 Arquivologia<\/td><td class=\"has-text-align-center\" data-align=\"center\">CR<\/td><td class=\"has-text-align-center\" data-align=\"center\">R$ 6.713,00<\/td><\/tr><tr><td class=\"has-text-align-center\" data-align=\"center\">Analista Judici\u00e1rio \u2013 Apoio<br \/>Especializado \u2013 Especialidade \u2013<br \/>Biblioteconomia<\/td><td class=\"has-text-align-center\" data-align=\"center\">CR<\/td><td class=\"has-text-align-center\" data-align=\"center\">R$ 6.713,00<\/td><\/tr><tr><td class=\"has-text-align-center\" data-align=\"center\">Analista Judici\u00e1rio \u2013 Apoio<br \/>Especializado \u2013 Especialidade \u2013 Comunica\u00e7\u00e3o<br \/>Social<\/td><td class=\"has-text-align-center\" data-align=\"center\">CR<\/td><td class=\"has-text-align-center\" data-align=\"center\">R$R$ 6.713,00<\/td><\/tr><tr><td class=\"has-text-align-center\" data-align=\"center\">Analista Judici\u00e1rio<br \/>\u2013 Apoio<br \/>Especializado<br \/>\u2013 Especialidade<br \/>\u2013 Contabilidade<\/td><td class=\"has-text-align-center\" data-align=\"center\">CR<\/td><td class=\"has-text-align-center\" data-align=\"center\">R$ 6.713,00<\/td><\/tr><tr><td class=\"has-text-align-center\" data-align=\"center\">Analista Judici\u00e1rio<br \/>\u2013 Apoio<br \/>Especializado<br \/>\u2013 Especialidade<br \/>\u2013 Direito<\/td><td class=\"has-text-align-center\" data-align=\"center\">05<\/td><td class=\"has-text-align-center\" data-align=\"center\">R$ 6.713,00<\/td><\/tr><tr><td class=\"has-text-align-center\" data-align=\"center\">Analista Judici\u00e1rio<br \/>\u2013 Apoio<br \/>Especializado<br \/>\u2013 Especialidade<br \/>\u2013 Economia<\/td><td class=\"has-text-align-center\" data-align=\"center\">CR<\/td><td class=\"has-text-align-center\" data-align=\"center\">R$ 6.713,00<\/td><\/tr><tr><td class=\"has-text-align-center\" data-align=\"center\">Analista Judici\u00e1rio<br \/>\u2013 Apoio<br \/>Especializado<br \/>\u2013 Especialidade<br \/>\u2013 Enfermagem<\/td><td class=\"has-text-align-center\" data-align=\"center\">CR<\/td><td class=\"has-text-align-center\" data-align=\"center\">R$ 6.713,00<\/td><\/tr><tr><td class=\"has-text-align-center\" data-align=\"center\">Analista Judici\u00e1rio<br \/>\u2013 Apoio<br \/>Especializado<br \/>\u2013 Especialidade<br \/>\u2013 Engenharia<br \/>Civil<\/td><td class=\"has-text-align-center\" data-align=\"center\">CR<\/td><td class=\"has-text-align-center\" data-align=\"center\">R$ 6.713,00<\/td><\/tr><tr><td class=\"has-text-align-center\" data-align=\"center\">Analista Judici\u00e1rio<br \/>\u2013 Apoio<br \/>Especializado<br \/>\u2013 Especialidade<br \/>\u2013 Engenharia<br \/>El\u00e9trica<\/td><td class=\"has-text-align-center\" data-align=\"center\">CR<\/td><td class=\"has-text-align-center\" data-align=\"center\">R$ 6.713,00<\/td><\/tr><tr><td class=\"has-text-align-center\" data-align=\"center\">Analista Judici\u00e1rio<br \/>\u2013 Apoio<br \/>Especializado<br \/>\u2013 Especialidade<br \/>\u2013 Engenharia<br \/>Mec\u00e2nica<\/td><td class=\"has-text-align-center\" data-align=\"center\">CR<\/td><td class=\"has-text-align-center\" data-align=\"center\">R$ 6.713,00<\/td><\/tr><tr><td class=\"has-text-align-center\" data-align=\"center\">Analista Judici\u00e1rio<br \/>\u2013 Apoio<br \/>Especializado<br \/>\u2013 Especialidade<br \/>\u2013 Estat\u00edstica<\/td><td class=\"has-text-align-center\" data-align=\"center\">CR<\/td><td class=\"has-text-align-center\" data-align=\"center\">R$ 6.713,00<\/td><\/tr><tr><td class=\"has-text-align-center\" data-align=\"center\">Analista Judici\u00e1rio<br \/>\u2013 Apoio<br \/>Especializado<br \/>\u2013 Especialidade<br \/>\u2013 Licenciatura<br \/>Letras<\/td><td class=\"has-text-align-center\" data-align=\"center\">CR<\/td><td class=\"has-text-align-center\" data-align=\"center\">R$ 6.713,00<\/td><\/tr><tr><td class=\"has-text-align-center\" data-align=\"center\">Analista Judici\u00e1rio<br \/>\u2013 Apoio<br \/>Especializado<br \/>\u2013 Especialidade<br \/>\u2013 Medicina do<br \/>Trabalho<\/td><td class=\"has-text-align-center\" data-align=\"center\">CR<\/td><td class=\"has-text-align-center\" data-align=\"center\">R$ 6.713,00<\/td><\/tr><tr><td class=\"has-text-align-center\" data-align=\"center\">Analista Judici\u00e1rio<br \/>\u2013 Apoio<br \/>Especializado<br \/>\u2013 Especialidade<br \/>\u2013 Pedagogia<\/td><td class=\"has-text-align-center\" data-align=\"center\">CR<\/td><td class=\"has-text-align-center\" data-align=\"center\">R$ 6.713,00<\/td><\/tr><tr><td class=\"has-text-align-center\" data-align=\"center\">Analista Judici\u00e1rio<br \/>\u2013 Apoio<br \/>Especializado<br \/>\u2013 Especialidade<br \/>\u2013 Psicologia<\/td><td class=\"has-text-align-center\" data-align=\"center\">05<\/td><td class=\"has-text-align-center\" data-align=\"center\">R$ 6.713,00<\/td><\/tr><tr><td class=\"has-text-align-center\" data-align=\"center\">Analista Judici\u00e1rio<br \/>\u2013 Apoio<br \/>Especializado<br \/>\u2013 Especialidade<br \/>\u2013 Servi\u00e7o Social<\/td><td class=\"has-text-align-center\" data-align=\"center\">05<\/td><td class=\"has-text-align-center\" data-align=\"center\">R$ 6.713,00<\/td><\/tr><tr><td class=\"has-text-align-center\" data-align=\"center\">Analista Judici\u00e1rio<br \/>\u2013 Apoio<br \/>Especializado<br \/>\u2013 Especialidade<br \/>\u2013 Taquigrafia<\/td><td class=\"has-text-align-center\" data-align=\"center\">01<\/td><td class=\"has-text-align-center\" data-align=\"center\">R$ 6.713,00<\/td><\/tr><tr><td class=\"has-text-align-center\" data-align=\"center\">Analista Judici\u00e1rio<br \/>\u2013 \u00c1rea Judici\u00e1ria<br \/>\u2013 Especialidade<br \/>\u2013 Comiss\u00e1rio de Justi\u00e7a da<br \/>Inf\u00e2ncia e Juventude<\/td><td class=\"has-text-align-center\" data-align=\"center\">CR<\/td><td class=\"has-text-align-center\" data-align=\"center\">R$ 6.713,00<\/td><\/tr><tr><td class=\"has-text-align-center\" data-align=\"center\">Analista Judici\u00e1rio<br \/>\u2013 \u00c1rea Judici\u00e1ria<br \/>\u2013 Especialidade<br \/>\u2013 Direito<\/td><td class=\"has-text-align-center\" data-align=\"center\">85<\/td><td class=\"has-text-align-center\" data-align=\"center\">R$ 6.713,00<\/td><\/tr><tr><td class=\"has-text-align-center\" data-align=\"center\">Analista Judici\u00e1rio<br \/>\u2013 \u00c1rea Judici\u00e1ria<br \/>\u2013 Especialidade<br \/>\u2013 Execu\u00e7\u00e3o Penal<\/td><td class=\"has-text-align-center\" data-align=\"center\">02<\/td><td class=\"has-text-align-center\" data-align=\"center\">R$ 6.713,00<\/td><\/tr><tr><td class=\"has-text-align-center\" data-align=\"center\">Analista Judici\u00e1rio<br \/>\u2013 \u00c1rea Judici\u00e1ria<br \/>\u2013 Especialidade<br \/>\u2013 Oficial de Justi\u00e7a Avaliador<\/td><td class=\"has-text-align-center\" data-align=\"center\">20<\/td><td class=\"has-text-align-center\" data-align=\"center\">R$ 6.713,00<\/td><\/tr><tr><td class=\"has-text-align-center\" data-align=\"center\">Analista Judici\u00e1rio Especial<br \/>\u2013 \u00c1rea<br \/>Judici\u00e1ria<br \/>\u2013 Especialidade<br \/>\u2013 Contador<\/td><td class=\"has-text-align-center\" data-align=\"center\">05<\/td><td class=\"has-text-align-center\" data-align=\"center\">R$ 9.596,81<\/td><\/tr><\/tbody><\/table><figcaption class=\"wp-element-caption\">Concurso TJ ES- cargos de n\u00edvel superior<\/figcaption><\/figure>\n\n\n\n<p>Al\u00e9m do vencimento b\u00e1sico, o servidor aprovado ter\u00e1 direitos aos seguintes benef\u00edcios:<\/p>\n\n\n\n<ul class=\"wp-block-list\">\n<li>Aux\u00edlio alimenta\u00e7\u00e3o de &nbsp;R$ 1.266,54 <\/li>\n\n\n\n<li>Aux\u00edlio sa\u00fade de at\u00e9 &nbsp;R$ 1.312,34 <\/li>\n\n\n\n<li>Aux\u00edlio creche de R$ 606,38<\/li>\n<\/ul>\n\n\n\n<h2 class=\"wp-block-heading\">Edital TJ ES: requisitos <\/h2>\n\n\n\n<p>Confira os requisitos para concorrer a uma das vagas:<\/p>\n\n\n\n<p><strong>Analista Judici\u00e1rio | \u00c1rea administrativa<\/strong>: diploma, devidamente registrado, de conclus\u00e3o de curso de gradua\u00e7\u00e3o de n\u00edvel superior em qualquer \u00e1rea de forma\u00e7\u00e3o, fornecido por institui\u00e7\u00e3o de ensino superior reconhecida pelo Minist\u00e9rio da Educa\u00e7\u00e3o (MEC), e registro no \u00f3rg\u00e3o de classe.<\/p>\n\n\n\n<p><strong>Analista Judici\u00e1rio | Apoio especializado | Administra\u00e7\u00e3o<\/strong>: diploma, devidamente registrado, de conclus\u00e3o de curso de gradua\u00e7\u00e3o de n\u00edvel superior em Administra\u00e7\u00e3o, fornecido por institui\u00e7\u00e3o de ensino superior reconhecida pelo MEC, e registro no \u00f3rg\u00e3o de classe.<\/p>\n\n\n\n<p><strong>Analista Judici\u00e1rio | Apoio especializado | Arquitetura<\/strong>: diploma, devidamente registrado, de conclus\u00e3o de curso de gradua\u00e7\u00e3o de n\u00edvel superior em Arquitetura, fornecido por institui\u00e7\u00e3o de ensino superior reconhecida pelo MEC, e registro no \u00f3rg\u00e3o de classe.<\/p>\n\n\n\n<p><strong>Analista Judici\u00e1rio | Apoio especializado | Arquivologia<\/strong>: diploma, devidamente registrado, de conclus\u00e3o de curso de gradua\u00e7\u00e3o de n\u00edvel superior em Arquivologia, fornecido por institui\u00e7\u00e3o de ensino superior reconhecida pelo Minist\u00e9rio da Educa\u00e7\u00e3o (MEC), e registro no \u00f3rg\u00e3o de classe.<\/p>\n\n\n\n<p><strong>Analista Judici\u00e1rio | Apoio especializado | Biblioteconomia<\/strong>: diploma, devidamente registrado, de conclus\u00e3o de curso de gradua\u00e7\u00e3o de n\u00edvel superior em Biblioteconomia, fornecido por institui\u00e7\u00e3o de ensino superior reconhecida pelo MEC, e registro no \u00f3rg\u00e3o de classe.<\/p>\n\n\n\n<p><strong>Analista Judici\u00e1rio | Apoio especializado | Comunica\u00e7\u00e3o Social<\/strong>: diploma, devidamente registrado, de conclus\u00e3o de curso de gradua\u00e7\u00e3o de n\u00edvel superior em Comunica\u00e7\u00e3o Social, Jornalismo, Publicidade e Propaganda ou Rela\u00e7\u00f5es P\u00fablicas, fornecido por institui\u00e7\u00e3o de ensino superior reconhecida pelo MEC, e registro no \u00f3rg\u00e3o de classe.<\/p>\n\n\n\n<p><strong>Analista Judici\u00e1rio | Apoio especializado | Contabilidade<\/strong>: diploma, devidamente registrado, de conclus\u00e3o de curso de gradua\u00e7\u00e3o de n\u00edvel superior em Ci\u00eancias Cont\u00e1beis, fornecido por institui\u00e7\u00e3o de ensino superior reconhecida pelo MEC, e registro no \u00f3rg\u00e3o de classe.<\/p>\n\n\n\n<p><strong>Analista Judici\u00e1rio | Apoio especializado | Direito<\/strong>: diploma, devidamente registrado, de conclus\u00e3o de curso de gradua\u00e7\u00e3o de n\u00edvel superior em Direito, fornecido por institui\u00e7\u00e3o de ensino superior reconhecida pelo MEC.<\/p>\n\n\n\n<p><strong>Analista Judici\u00e1rio | Apoio especializado | Economia<\/strong>: diploma, devidamente registrado, de conclus\u00e3o de curso de gradua\u00e7\u00e3o de n\u00edvel superior em Economia, fornecido por institui\u00e7\u00e3o de ensino superior reconhecida pelo MEC, e registro no \u00f3rg\u00e3o de classe.<\/p>\n\n\n\n<p><strong>Analista Judici\u00e1rio | Apoio especializado | Enfermagem<\/strong>: diploma, devidamente registrado, de conclus\u00e3o de curso de gradua\u00e7\u00e3o de n\u00edvel superior em Enfermagem, fornecido por institui\u00e7\u00e3o de ensino superior reconhecida pelo MEC, e registro no \u00f3rg\u00e3o de classe.<\/p>\n\n\n\n<p><strong>Analista Judici\u00e1rio | Apoio especializado | Engenharia Civil<\/strong>: diploma, devidamente registrado, de conclus\u00e3o de curso de gradua\u00e7\u00e3o de n\u00edvel superior em Engenharia Civil, fornecido por institui\u00e7\u00e3o de ensino superior reconhecida pelo MEC, e registro no \u00f3rg\u00e3o de classe.<\/p>\n\n\n\n<p><strong>Analista Judici\u00e1rio | Apoio especializado | Engenharia El\u00e9trica<\/strong>: diploma, devidamente registrado, de conclus\u00e3o de curso de gradua\u00e7\u00e3o de n\u00edvel superior em Engenharia El\u00e9trica, com especializa\u00e7\u00e3o em Eletrot\u00e9cnica, Eletr\u00f4nica, ou Telecomunica\u00e7\u00f5es, fornecido por institui\u00e7\u00e3o de ensino superior reconhecida pelo MEC, e registro no \u00f3rg\u00e3o de classe.<\/p>\n\n\n\n<p><strong>Analista Judici\u00e1rio | Apoio especializado | Engenharia Mec\u00e2nica<\/strong>: diploma, devidamente registrado, de conclus\u00e3o de curso de gradua\u00e7\u00e3o de n\u00edvel superior em Engenharia Mec\u00e2nica, fornecido por institui\u00e7\u00e3o de ensino superior reconhecida pelo MEC, e registro no \u00f3rg\u00e3o de classe.<\/p>\n\n\n\n<p><strong>Analista Judici\u00e1rio | Apoio especializado | Estat\u00edstica<\/strong>: diploma, devidamente registrado, de conclus\u00e3o de curso de gradua\u00e7\u00e3o de n\u00edvel superior em Estat\u00edstica, fornecido por institui\u00e7\u00e3o de ensino superior reconhecida pelo Minist\u00e9rio da Educa\u00e7\u00e3o (MEC), e registro no \u00f3rg\u00e3o de classe.<\/p>\n\n\n\n<p><strong>Analista Judici\u00e1rio | Apoio especializado | Licenciatura em Letras<\/strong>: diploma, devidamente registrado, de conclus\u00e3o de curso de gradua\u00e7\u00e3o de n\u00edvel superior em Letras, com habilita\u00e7\u00e3o em L\u00edngua Portuguesa, fornecido por institui\u00e7\u00e3o de ensino superior reconhecida pelo MEC.<\/p>\n\n\n\n<p><strong>Analista Judici\u00e1rio | Apoio especializado | Medicina do Trabalho<\/strong>: diploma, devidamente registrado, de conclus\u00e3o de curso de gradua\u00e7\u00e3o de n\u00edvel superior em Medicina, com especializa\u00e7\u00e3o em Medicina do Trabalho, fornecido por institui\u00e7\u00e3o de ensino superior reconhecida pelo MEC, e registro no \u00f3rg\u00e3o de classe.<\/p>\n\n\n\n<p><strong>Analista Judici\u00e1rio | Apoio especializado | Pedagogia<\/strong>: diploma, devidamente registrado, de conclus\u00e3o de curso de gradua\u00e7\u00e3o de n\u00edvel superior em Pedagogia, fornecido por institui\u00e7\u00e3o de ensino superior reconhecida pelo MEC.<\/p>\n\n\n\n<p><strong>Analista Judici\u00e1rio | Apoio especializado | Psicologia<\/strong>: diploma, devidamente registrado, de conclus\u00e3o de curso de gradua\u00e7\u00e3o de n\u00edvel superior em Psicologia, fornecido por institui\u00e7\u00e3o de ensino superior reconhecida pelo MEC, e registro no \u00f3rg\u00e3o de classe.<\/p>\n\n\n\n<p><strong>Analista Judici\u00e1rio | Apoio especializado | Servi\u00e7o Social<\/strong>: diploma, devidamente registrado, de conclus\u00e3o de curso de gradua\u00e7\u00e3o de n\u00edvel superior em Servi\u00e7o Social, fornecido por institui\u00e7\u00e3o de ensino superior reconhecida pelo MEC, e registro no \u00f3rg\u00e3o de classe.<\/p>\n\n\n\n<p><strong>Analista Judici\u00e1rio | Apoio especializado | Taquigrafia<\/strong>: diploma, devidamente registrado, de conclus\u00e3o de curso de gradua\u00e7\u00e3o de n\u00edvel superior em qualquer \u00e1rea de forma\u00e7\u00e3o, fornecido por institui\u00e7\u00e3o de ensino superior reconhecida pelo MEC.<\/p>\n\n\n\n<p><strong>Analista Judici\u00e1rio | Apoio especializado | Comiss\u00e1rio de Justi\u00e7a da Inf\u00e2ncia e Juventude<\/strong>: diploma, devidamente registrado, de conclus\u00e3o de curso de gradua\u00e7\u00e3o de n\u00edvel superior em Direito (bacharelado), fornecido por institui\u00e7\u00e3o de ensino superior reconhecida pelo MEC.<\/p>\n\n\n\n<p><strong>Analista Judici\u00e1rio | Apoio especializado | Direito<\/strong>: diploma, devidamente registrado, de conclus\u00e3o de curso de gradua\u00e7\u00e3o de n\u00edvel superior em Direito (bacharelado), fornecido por institui\u00e7\u00e3o de ensino superior reconhecida pelo MEC.<\/p>\n\n\n\n<p><strong>Analista Judici\u00e1rio | Apoio especializado | Execu\u00e7\u00e3o Penal<\/strong>: diploma, devidamente registrado, de conclus\u00e3o de curso de n\u00edvel superior em Direito (bacharelado), fornecido por institui\u00e7\u00e3o de ensino superior reconhecida pelo MEC.<\/p>\n\n\n\n<p><strong>Analista Judici\u00e1rio | Apoio especializado | Oficial de Justi\u00e7a Avaliador<\/strong>: diploma, devidamente registrado, de conclus\u00e3o de curso de n\u00edvel superior em Direito (bacharelado), fornecido por institui\u00e7\u00e3o de ensino superior reconhecida pelo MEC.<\/p>\n\n\n\n<p><strong>Analista Judici\u00e1rio | Apoio especializado | Contador<\/strong>: diploma, devidamente registrado, de conclus\u00e3o de curso de gradua\u00e7\u00e3o de n\u00edvel superior em Ci\u00eancia Cont\u00e1beis, fornecido por institui\u00e7\u00e3o de ensino superior reconhecida pelo MEC.<\/p>\n\n\n\n<h2 class=\"wp-block-heading\" id=\"prova\">Edital TJ ES: etapas e provas<\/h2>\n\n\n\n<p>A sele\u00e7\u00e3o para os cargos compreender\u00e1 as seguintes etapas, todas de<br \/>responsabilidade do Cebraspe:<\/p>\n\n\n\n<ul class=\"wp-block-list\">\n<li>a) provas objetivas, de car\u00e1ter eliminat\u00f3rio e classificat\u00f3rio;<\/li>\n\n\n\n<li>b) prova discursiva, de car\u00e1ter eliminat\u00f3rio e classificat\u00f3rio;<\/li>\n\n\n\n<li>c) prova de apanhamento taquigr\u00e1fico, de car\u00e1ter eliminat\u00f3rio e classificat\u00f3rio, somente para o o cargo Analista Judici\u00e1rio\/Apoio Especializado\/Especialidade \u2013 Taquigrafia.<\/li>\n<\/ul>\n\n\n\n<p>As provas objetivas e discursivas ter\u00e3o a dura\u00e7\u00e3o de 4 horas e 30 minutos e ser\u00e3o aplicadas no dia 19 de mar\u00e7o de 2023.<\/p>\n\n\n\n<h3 class=\"wp-block-heading\">Objetiva <\/h3>\n\n\n\n<p>As provas objetivas, de car\u00e1ter eliminat\u00f3rio e classificat\u00f3rio, valer\u00e3o 120,00 pontos. Cada prova objetiva ser\u00e1 constitu\u00edda de itens para julgamento, agrupados por comandos que dever\u00e3o ser respeitados.<\/p>\n\n\n\n<p>O julgamento de cada item ser\u00e1 CERTO ou ERRADO, de acordo com o(s) comando(s) a que se refere o item. <\/p>\n\n\n\n<p>Haver\u00e1, na folha de respostas, para cada item, dois campos de marca\u00e7\u00e3o: o campo designado com o c\u00f3digo C, que dever\u00e1 ser preenchido pelo candidato caso julgue o item CERTO, e o campo designado com o c\u00f3digo E, que dever\u00e1 ser preenchido pelo candidato caso julgue o item ERRADO.<\/p>\n\n\n\n<p>Confira abaixo as disciplinas cobradas em prova:<\/p>\n\n\n\n<ul class=\"wp-block-list\">\n<li>Conhecimentos b\u00e1sicos: 50 quest\u00f5es<\/li>\n\n\n\n<li>Conhecimentos espec\u00edficos: 70 quest\u00f5es<\/li>\n<\/ul>\n\n\n\n<p>Os candidatos ser\u00e3o avaliados por meio das seguintes disciplinas de conhecimentos gerais: <\/p>\n\n\n\n<ul class=\"wp-block-list\">\n<li><strong>L\u00edngua Portuguesa<\/strong>;<\/li>\n\n\n\n<li><strong>\u00c9tica no Servi\u00e7o P\u00fablico<\/strong>;<\/li>\n\n\n\n<li><strong>No\u00e7\u00f5es de Inform\u00e1tica<\/strong>;<\/li>\n\n\n\n<li><strong>Racioc\u00ednio L\u00f3gico<\/strong>; e<\/li>\n\n\n\n<li><strong>Legisla\u00e7\u00e3o Local<\/strong>.<\/li>\n<\/ul>\n\n\n\n<p>Os conhecimentos espec\u00edficos podem ser conferidos no pr\u00f3prio edital.<\/p>\n\n\n\n<h3 class=\"wp-block-heading\" id=\"prova-discursiva\">Prova discursiva<\/h3>\n\n\n\n<p>A prova discursiva valer\u00e1 10,00 pontos e consistir\u00e1 na reda\u00e7\u00e3o de texto dissertativo, de at\u00e9 30 linhas, a respeito de temas relacionados a Atualidades.<\/p>\n\n\n\n<h3 class=\"wp-block-heading\" id=\"prova-pratica\">Prova pr\u00e1tica<\/h3>\n\n\n\n<p>A prova de apanhamento taquigr\u00e1fico, de car\u00e1ter eliminat\u00f3rio e classificat\u00f3rio, valer\u00e1 10,00 pontos e consistir\u00e1 de duas partes:<\/p>\n\n\n\n<ul class=\"wp-block-list\">\n<li>parte 1 (PP1):&nbsp; apanhamento taquigr\u00e1fico, durante cinco minutos, de ditado feito em velocidade m\u00e9dia de 110 palavras por minuto, seguido de tradu\u00e7\u00e3o digitada em computador compat\u00edvel com IBM\/PC, em processador de texto, com prazo m\u00e1ximo de 2 horas, totalizando 5,00 pontos;<\/li>\n\n\n\n<li>parte 2 (PP2): apanhamento taquigr\u00e1fico, durante cinco minutos, de ditado feito em velocidade m\u00e9dia de 115 palavras por minuto, seguido de tradu\u00e7\u00e3o digitada em computador compat\u00edvel com IBM\/PC, em processador de texto, com prazo m\u00e1ximo de 2 horas, totalizando 5,00 pontos.<\/li>\n<\/ul>\n\n\n\n<p>O candidato deve estar apto a digitar em qualquer tipo de teclado adequado \u00e0s normas t\u00e9cnicas da ABNT. <\/p>\n\n\n\n<p>A prova pr\u00e1tica de apanhamento taquigr\u00e1fico realizar-se-\u00e1 exclusivamente pelo processo manual, a l\u00e1pis ou caneta esferogr\u00e1fica de tinta preta, fabricada em material transparente.<\/p>\n\n\n\n<p>O candidato empregar\u00e1 o m\u00e9todo taquigr\u00e1fico de sua escolha, devendo trazer, nos dias de prova, bloco de papel, l\u00e1pis ou caneta esferogr\u00e1fica de tinta preta, fabricada em material transparente.<\/p>\n\n\n\n<p class=\"has-text-align-center has-light-green-cyan-background-color has-background has-medium-font-size\">Saiba mais: <a href=\"https:\/\/www.estrategiaconcursos.com.br\/blog\/concurso-tj-es\/\" target=\"_blank\" rel=\"noreferrer noopener\">concurso TJ ES<\/a><\/p>\n\n\n\n<h2 class=\"has-text-align-center wp-block-heading\" id=\"h-quer-saber-tudo-sobre-concursos-previstos-confira-nossos-artigos\">Quer saber tudo sobre concursos previstos?<br \/>Confira nossos artigos!<\/h2>\n\n\n\n<ul class=\"wp-block-list\">\n<li><a href=\"https:\/\/www.estrategiaconcursos.com.br\/blog\/concursos-abertos\/\" target=\"_blank\" rel=\"noreferrer noopener\">Concursos abertos<\/a><\/li>\n\n\n\n<li><a href=\"https:\/\/www.estrategiaconcursos.com.br\/blog\/concursos-2023\/\" target=\"_blank\" rel=\"noreferrer noopener\">Concursos 2023<\/a><\/li>\n\n\n\n<li><a href=\"https:\/\/www.estrategiaconcursos.com.br\/blog\/concursos-tribunais-2022\/\" target=\"_blank\" rel=\"noreferrer noopener\">Concursos Tribunais<\/a><\/li>\n<\/ul>\n\n\n\n<hr class=\"wp-block-separator has-alpha-channel-opacity\"\/>\n\n\n\n<h2 class=\"has-text-align-center wp-block-heading\" id=\"curso\"><strong><em>Quer estudar para Concurso TJ ES?<\/em><\/strong><\/h2>\n\n\n\n<div class=\"container\" id=\"boxes\">\n  <div class=\"row\">\n\n    <div class=\"col-sm\">\n      <div class=\"banner-tribunal\" id=\"box-assinatura\">\n        <h3 class=\"titulo-assinatura\">Curso TJ ES<\/h3>\n        <p class=\"subtitulo-assinatura\">Conhe\u00e7a os cursos<\/p>\n        <div class=\"box-botao\">\n          <a class=\"btn-assinatura\" target=\"_blank\" href=\"https:\/\/www.estrategiaconcursos.com.br\/cursosPorConcurso\/tribunal-de-justica-do-espirito-santo-tj-es\/\" role=\"button\" rel=\"noopener noreferrer\">Conhe\u00e7a mais<\/a>\n        <\/div>\n      <\/div>\n      <p class=\"texto-auxiliar\">Prepare-se com o melhor material e com quem mais aprova em Concursos P\u00fablicos em todo o pa\u00eds.<\/p>\n    <\/div>\n\n  <\/div>\n<\/div>\n\n\n\n<div class=\"container\" id=\"boxes\">\n  <div class=\"row\">\n\n    <div class=\"col-sm\">\n      <div class=\"estrategia\" id=\"box-assinatura\">\n        <h3 class=\"titulo-assinatura\">Assinatura Concursos<\/h3>\n        <p class=\"subtitulo-assinatura\">Assinatura de 1 ano ou 2 anos<\/p>\n        <div class=\"box-botao\">\n          <a class=\"btn-assinatura\" target=\"_blank\" href=\"https:\/\/www.estrategiaconcursos.com.br\/assinaturas\/\" role=\"button\" rel=\"noopener noreferrer\">ASSINE AGORA<\/a>\n        <\/div>\n      <\/div>\n     \n    <\/div><\/div><\/div>\n\n\n\n<figure class=\"wp-block-image size-large is-resized\"><img loading=\"lazy\" decoding=\"async\" src=\"https:\/\/dhg1h5j42swfq.cloudfront.net\/2021\/04\/06111444\/ficha-tecnica-50-1024x632.png\" alt=\"\" class=\"wp-image-708291\" width=\"157\" height=\"96\" srcset=\"https:\/\/dhg1h5j42swfq.cloudfront.net\/2021\/04\/06111444\/ficha-tecnica-50-1024x632.png 1024w, https:\/\/dhg1h5j42swfq.cloudfront.net\/2021\/04\/06111444\/ficha-tecnica-50-300x185.png 300w, https:\/\/dhg1h5j42swfq.cloudfront.net\/2021\/04\/06111444\/ficha-tecnica-50-768x474.png 768w, https:\/\/dhg1h5j42swfq.cloudfront.net\/2021\/04\/06111444\/ficha-tecnica-50-1536x948.png 1536w, https:\/\/dhg1h5j42swfq.cloudfront.net\/2021\/04\/06111444\/ficha-tecnica-50-610x377.png 610w, https:\/\/dhg1h5j42swfq.cloudfront.net\/2021\/04\/06111444\/ficha-tecnica-50.png 1571w\" sizes=\"auto, (max-width: 157px) 100vw, 157px\" \/><\/figure>\n\n\n\n<p id=\"ficha\"><strong>\u2666Informa\u00e7\u00f5es do concurso TJ ES<\/strong><\/p>\n\n\n\n<p><strong>\u25baData da prova: <\/strong>19\/03\/2023<br \/><strong>\u25baVagas: <\/strong>128<br \/><strong>\u25baCargo: <\/strong>Analista Judici\u00e1rio <br \/><strong>\u25baRequisito:&nbsp;<\/strong>superior<br \/><strong>\u25baBanca: <\/strong>Cebraspe<br \/><strong>\u25baEdital: <\/strong><a href=\"https:\/\/dhg1h5j42swfq.cloudfront.net\/2023\/01\/09060456\/concurso-tj-es-edital-publicado.pdf\" target=\"_blank\" rel=\"noreferrer noopener nofollow\">TJ ES 2022<\/a><\/p>\n","protected":false},"excerpt":{"rendered":"<p>Foram encerradas as inscri\u00e7\u00f5es para o edital do concurso do Tribunal de Justi\u00e7a do Esp\u00edrito Santo (TJ ES) que oferta 128 vagas mais forma\u00e7\u00e3o de cadastro de reserva! De acordo com o documento, as oportunidades\u00a0s\u00e3o para o cargo de Analista Judici\u00e1rio que exige n\u00edvel superior em diversas especialidades. As remunera\u00e7\u00e3o iniciais dos cargos variam entre [&hellip;]<\/p>\n","protected":false},"author":2375,"featured_media":1043829,"comment_status":"open","ping_status":"closed","sticky":false,"template":"","format":"standard","meta":{"post_tipo":"news","footnotes":""},"categories":[1984,220219],"tags":[],"tax_estado":[219971],"class_list":["post-1141410","post","type-post","status-publish","format-standard","has-post-thumbnail","hentry","category-tribunais","category-noticias","tax_estado-es"],"acf":[],"yoast_head":"<!-- This site is optimized with the Yoast SEO Premium plugin v27.2 (Yoast SEO v27.2) - https:\/\/yoast.com\/product\/yoast-seo-premium-wordpress\/ -->\n<title>Edital TJ ES: inscri\u00e7\u00f5es encerradas! Ganhe at\u00e9 R$ 9,5 mil!<\/title>\n<meta name=\"description\" content=\"Edital TJ ES publicado com oferta de 128 vagas para cargos de n\u00edvel superior, com remunera\u00e7\u00e3o inicial at\u00e9 R$ 9,5 mil. Confira!\" \/>\n<meta name=\"robots\" content=\"index, follow, max-snippet:-1, max-image-preview:large, max-video-preview:-1\" \/>\n<link rel=\"canonical\" href=\"https:\/\/www.estrategiaconcursos.com.br\/blog\/concurso-tj-es-edital-publicado\/\" \/>\n<meta property=\"og:locale\" content=\"pt_BR\" \/>\n<meta property=\"og:type\" content=\"article\" \/>\n<meta property=\"og:title\" content=\"Edital TJ ES: inscri\u00e7\u00f5es encerradas! Ganhe at\u00e9 R$ 9,5 mil!\" \/>\n<meta property=\"og:description\" content=\"Edital TJ ES publicado com oferta de 128 vagas para cargos de n\u00edvel superior, com remunera\u00e7\u00e3o inicial at\u00e9 R$ 9,5 mil. Confira!\" \/>\n<meta property=\"og:url\" content=\"https:\/\/www.estrategiaconcursos.com.br\/blog\/concurso-tj-es-edital-publicado\/\" \/>\n<meta property=\"og:site_name\" content=\"Estrat\u00e9gia Concursos\" \/>\n<meta property=\"article:published_time\" content=\"2023-01-16T13:00:00+00:00\" \/>\n<meta property=\"article:modified_time\" content=\"2023-02-07T16:10:48+00:00\" \/>\n<meta property=\"og:image\" content=\"https:\/\/dhg1h5j42swfq.cloudfront.net\/2022\/06\/13080132\/concurso-tj-es-vagas-previstas.jpg\" \/>\n\t<meta property=\"og:image:width\" content=\"225\" \/>\n\t<meta property=\"og:image:height\" content=\"225\" \/>\n\t<meta property=\"og:image:type\" content=\"image\/jpeg\" \/>\n<meta name=\"author\" content=\"Priscila Almeida\" \/>\n<meta name=\"twitter:card\" content=\"summary_large_image\" \/>\n<meta name=\"twitter:creator\" content=\"@EstratConcursos\" \/>\n<meta name=\"twitter:site\" content=\"@EstratConcursos\" \/>\n<meta name=\"twitter:label1\" content=\"Escrito por\" \/>\n\t<meta name=\"twitter:data1\" content=\"Priscila Almeida\" \/>\n\t<meta name=\"twitter:label2\" content=\"Est. tempo de leitura\" \/>\n\t<meta name=\"twitter:data2\" content=\"10 minutos\" \/>\n<script type=\"application\/ld+json\" class=\"yoast-schema-graph\">{\"@context\":\"https:\/\/schema.org\",\"@graph\":[{\"@type\":\"NewsArticle\",\"@id\":\"https:\/\/www.estrategiaconcursos.com.br\/blog\/concurso-tj-es-edital-publicado\/#article\",\"isPartOf\":{\"@id\":\"https:\/\/www.estrategiaconcursos.com.br\/blog\/concurso-tj-es-edital-publicado\/\"},\"author\":{\"name\":\"Priscila Almeida\",\"@id\":\"https:\/\/www.estrategiaconcursos.com.br\/blog\/#\/schema\/person\/a06e841e501f2e1d8c49c4e8f066bfd1\"},\"headline\":\"Edital TJ ES: inscri\u00e7\u00f5es encerradas! Ganhe at\u00e9 R$ 9,5 mil!\",\"datePublished\":\"2023-01-16T13:00:00+00:00\",\"dateModified\":\"2023-02-07T16:10:48+00:00\",\"mainEntityOfPage\":{\"@id\":\"https:\/\/www.estrategiaconcursos.com.br\/blog\/concurso-tj-es-edital-publicado\/\"},\"wordCount\":2091,\"commentCount\":0,\"publisher\":{\"@id\":\"https:\/\/www.estrategiaconcursos.com.br\/blog\/#organization\"},\"image\":{\"@id\":\"https:\/\/www.estrategiaconcursos.com.br\/blog\/concurso-tj-es-edital-publicado\/#primaryimage\"},\"thumbnailUrl\":\"https:\/\/dhg1h5j42swfq.cloudfront.net\/2022\/06\/13080132\/concurso-tj-es-vagas-previstas.jpg\",\"articleSection\":[\"Tribunais\",\"\u00daltimas not\u00edcias\"],\"inLanguage\":\"pt-BR\",\"potentialAction\":[{\"@type\":\"CommentAction\",\"name\":\"Comment\",\"target\":[\"https:\/\/www.estrategiaconcursos.com.br\/blog\/concurso-tj-es-edital-publicado\/#respond\"]}],\"copyrightYear\":\"2023\",\"copyrightHolder\":{\"@id\":\"https:\/\/www.estrategiaconcursos.com.br\/blog\/#organization\"}},{\"@type\":\"WebPage\",\"@id\":\"https:\/\/www.estrategiaconcursos.com.br\/blog\/concurso-tj-es-edital-publicado\/\",\"url\":\"https:\/\/www.estrategiaconcursos.com.br\/blog\/concurso-tj-es-edital-publicado\/\",\"name\":\"Edital TJ ES: inscri\u00e7\u00f5es encerradas! Ganhe at\u00e9 R$ 9,5 mil!\",\"isPartOf\":{\"@id\":\"https:\/\/www.estrategiaconcursos.com.br\/blog\/#website\"},\"primaryImageOfPage\":{\"@id\":\"https:\/\/www.estrategiaconcursos.com.br\/blog\/concurso-tj-es-edital-publicado\/#primaryimage\"},\"image\":{\"@id\":\"https:\/\/www.estrategiaconcursos.com.br\/blog\/concurso-tj-es-edital-publicado\/#primaryimage\"},\"thumbnailUrl\":\"https:\/\/dhg1h5j42swfq.cloudfront.net\/2022\/06\/13080132\/concurso-tj-es-vagas-previstas.jpg\",\"datePublished\":\"2023-01-16T13:00:00+00:00\",\"dateModified\":\"2023-02-07T16:10:48+00:00\",\"description\":\"Edital TJ ES publicado com oferta de 128 vagas para cargos de n\u00edvel superior, com remunera\u00e7\u00e3o inicial at\u00e9 R$ 9,5 mil. Confira!\",\"breadcrumb\":{\"@id\":\"https:\/\/www.estrategiaconcursos.com.br\/blog\/concurso-tj-es-edital-publicado\/#breadcrumb\"},\"inLanguage\":\"pt-BR\",\"potentialAction\":[{\"@type\":\"ReadAction\",\"target\":[\"https:\/\/www.estrategiaconcursos.com.br\/blog\/concurso-tj-es-edital-publicado\/\"]}]},{\"@type\":\"ImageObject\",\"inLanguage\":\"pt-BR\",\"@id\":\"https:\/\/www.estrategiaconcursos.com.br\/blog\/concurso-tj-es-edital-publicado\/#primaryimage\",\"url\":\"https:\/\/dhg1h5j42swfq.cloudfront.net\/2022\/06\/13080132\/concurso-tj-es-vagas-previstas.jpg\",\"contentUrl\":\"https:\/\/dhg1h5j42swfq.cloudfront.net\/2022\/06\/13080132\/concurso-tj-es-vagas-previstas.jpg\",\"width\":225,\"height\":225},{\"@type\":\"BreadcrumbList\",\"@id\":\"https:\/\/www.estrategiaconcursos.com.br\/blog\/concurso-tj-es-edital-publicado\/#breadcrumb\",\"itemListElement\":[{\"@type\":\"ListItem\",\"position\":1,\"name\":\"In\u00edcio\",\"item\":\"https:\/\/www.estrategiaconcursos.com.br\/blog\/\"},{\"@type\":\"ListItem\",\"position\":2,\"name\":\"Edital TJ ES: inscri\u00e7\u00f5es encerradas! Ganhe at\u00e9 R$ 9,5 mil!\"}]},{\"@type\":\"WebSite\",\"@id\":\"https:\/\/www.estrategiaconcursos.com.br\/blog\/#website\",\"url\":\"https:\/\/www.estrategiaconcursos.com.br\/blog\/\",\"name\":\"Estrat\u00e9gia Concursos\",\"description\":\"O blog da Estrat\u00e9gia Concursos traz not\u00edcias sobre concursos e artigos de professores oferecendo cursos para concursos (pdf + videaulas) no site.\",\"publisher\":{\"@id\":\"https:\/\/www.estrategiaconcursos.com.br\/blog\/#organization\"},\"potentialAction\":[{\"@type\":\"SearchAction\",\"target\":{\"@type\":\"EntryPoint\",\"urlTemplate\":\"https:\/\/www.estrategiaconcursos.com.br\/blog\/?s={search_term_string}\"},\"query-input\":{\"@type\":\"PropertyValueSpecification\",\"valueRequired\":true,\"valueName\":\"search_term_string\"}}],\"inLanguage\":\"pt-BR\"},{\"@type\":\"Organization\",\"@id\":\"https:\/\/www.estrategiaconcursos.com.br\/blog\/#organization\",\"name\":\"Estrat\u00e9gia Concursos\",\"url\":\"https:\/\/www.estrategiaconcursos.com.br\/blog\/\",\"logo\":{\"@type\":\"ImageObject\",\"inLanguage\":\"pt-BR\",\"@id\":\"https:\/\/www.estrategiaconcursos.com.br\/blog\/#\/schema\/logo\/image\/\",\"url\":\"https:\/\/dhg1h5j42swfq.cloudfront.net\/2025\/06\/03203428\/logo_concursos-1.jpg\",\"contentUrl\":\"https:\/\/dhg1h5j42swfq.cloudfront.net\/2025\/06\/03203428\/logo_concursos-1.jpg\",\"width\":230,\"height\":60,\"caption\":\"Estrat\u00e9gia Concursos\"},\"image\":{\"@id\":\"https:\/\/www.estrategiaconcursos.com.br\/blog\/#\/schema\/logo\/image\/\"},\"sameAs\":[\"https:\/\/x.com\/EstratConcursos\"]},{\"@type\":\"Person\",\"@id\":\"https:\/\/www.estrategiaconcursos.com.br\/blog\/#\/schema\/person\/a06e841e501f2e1d8c49c4e8f066bfd1\",\"name\":\"Priscila Almeida\",\"image\":{\"@type\":\"ImageObject\",\"inLanguage\":\"pt-BR\",\"@id\":\"https:\/\/secure.gravatar.com\/avatar\/0a963c9e2a947fa675b669cea2b5d0ba6dd1cbf46b966190343b6c9973ad3337?s=96&d=mm&r=g\",\"url\":\"https:\/\/secure.gravatar.com\/avatar\/0a963c9e2a947fa675b669cea2b5d0ba6dd1cbf46b966190343b6c9973ad3337?s=96&d=mm&r=g\",\"contentUrl\":\"https:\/\/secure.gravatar.com\/avatar\/0a963c9e2a947fa675b669cea2b5d0ba6dd1cbf46b966190343b6c9973ad3337?s=96&d=mm&r=g\",\"caption\":\"Priscila Almeida\"},\"description\":\"Atua na \u00e1rea de concursos p\u00fablicos desde 2019. As editorias que mais t\u00eam familiaridade s\u00e3o: Tribunais (TJs; TRTs; TREs; TSTs; STJ, STF, STM e TSE); Defensorias; Minist\u00e9rios P\u00fablicos; Procuradorias; Educa\u00e7\u00e3o e Conselhos. Na \u00e1rea de comunica\u00e7\u00e3o, de maneira geral, a caminhada \u00e9 um pouco mais longa - desde 2007. Possui experi\u00eancia em reda\u00e7\u00f5es de r\u00e1dio, TV, Web e impresso, al\u00e9m de desenvolver trabalhos em assessorias de comunica\u00e7\u00e3o institucional, empresarial e p\u00fablicas. Entre outros trabalhos, se destacam a atua\u00e7\u00e3o nas \u00e1reas de Justi\u00e7a, Congresso, Esportes, Sa\u00fade, Agropecu\u00e1ria, Cidades e Avia\u00e7\u00e3o Civil.\",\"url\":\"https:\/\/www.estrategiaconcursos.com.br\/blog\/author\/priscila-almeidaestrategia-com\/\"}]}<\/script>\n<!-- \/ Yoast SEO Premium plugin. -->","yoast_head_json":{"title":"Edital TJ ES: inscri\u00e7\u00f5es encerradas! Ganhe at\u00e9 R$ 9,5 mil!","description":"Edital TJ ES publicado com oferta de 128 vagas para cargos de n\u00edvel superior, com remunera\u00e7\u00e3o inicial at\u00e9 R$ 9,5 mil. Confira!","robots":{"index":"index","follow":"follow","max-snippet":"max-snippet:-1","max-image-preview":"max-image-preview:large","max-video-preview":"max-video-preview:-1"},"canonical":"https:\/\/www.estrategiaconcursos.com.br\/blog\/concurso-tj-es-edital-publicado\/","og_locale":"pt_BR","og_type":"article","og_title":"Edital TJ ES: inscri\u00e7\u00f5es encerradas! Ganhe at\u00e9 R$ 9,5 mil!","og_description":"Edital TJ ES publicado com oferta de 128 vagas para cargos de n\u00edvel superior, com remunera\u00e7\u00e3o inicial at\u00e9 R$ 9,5 mil. Confira!","og_url":"https:\/\/www.estrategiaconcursos.com.br\/blog\/concurso-tj-es-edital-publicado\/","og_site_name":"Estrat\u00e9gia Concursos","article_published_time":"2023-01-16T13:00:00+00:00","article_modified_time":"2023-02-07T16:10:48+00:00","og_image":[{"width":225,"height":225,"url":"https:\/\/dhg1h5j42swfq.cloudfront.net\/2022\/06\/13080132\/concurso-tj-es-vagas-previstas.jpg","type":"image\/jpeg"}],"author":"Priscila Almeida","twitter_card":"summary_large_image","twitter_creator":"@EstratConcursos","twitter_site":"@EstratConcursos","twitter_misc":{"Escrito por":"Priscila Almeida","Est. tempo de leitura":"10 minutos"},"schema":{"@context":"https:\/\/schema.org","@graph":[{"@type":"NewsArticle","@id":"https:\/\/www.estrategiaconcursos.com.br\/blog\/concurso-tj-es-edital-publicado\/#article","isPartOf":{"@id":"https:\/\/www.estrategiaconcursos.com.br\/blog\/concurso-tj-es-edital-publicado\/"},"author":{"name":"Priscila Almeida","@id":"https:\/\/www.estrategiaconcursos.com.br\/blog\/#\/schema\/person\/a06e841e501f2e1d8c49c4e8f066bfd1"},"headline":"Edital TJ ES: inscri\u00e7\u00f5es encerradas! Ganhe at\u00e9 R$ 9,5 mil!","datePublished":"2023-01-16T13:00:00+00:00","dateModified":"2023-02-07T16:10:48+00:00","mainEntityOfPage":{"@id":"https:\/\/www.estrategiaconcursos.com.br\/blog\/concurso-tj-es-edital-publicado\/"},"wordCount":2091,"commentCount":0,"publisher":{"@id":"https:\/\/www.estrategiaconcursos.com.br\/blog\/#organization"},"image":{"@id":"https:\/\/www.estrategiaconcursos.com.br\/blog\/concurso-tj-es-edital-publicado\/#primaryimage"},"thumbnailUrl":"https:\/\/dhg1h5j42swfq.cloudfront.net\/2022\/06\/13080132\/concurso-tj-es-vagas-previstas.jpg","articleSection":["Tribunais","\u00daltimas not\u00edcias"],"inLanguage":"pt-BR","potentialAction":[{"@type":"CommentAction","name":"Comment","target":["https:\/\/www.estrategiaconcursos.com.br\/blog\/concurso-tj-es-edital-publicado\/#respond"]}],"copyrightYear":"2023","copyrightHolder":{"@id":"https:\/\/www.estrategiaconcursos.com.br\/blog\/#organization"}},{"@type":"WebPage","@id":"https:\/\/www.estrategiaconcursos.com.br\/blog\/concurso-tj-es-edital-publicado\/","url":"https:\/\/www.estrategiaconcursos.com.br\/blog\/concurso-tj-es-edital-publicado\/","name":"Edital TJ ES: inscri\u00e7\u00f5es encerradas! Ganhe at\u00e9 R$ 9,5 mil!","isPartOf":{"@id":"https:\/\/www.estrategiaconcursos.com.br\/blog\/#website"},"primaryImageOfPage":{"@id":"https:\/\/www.estrategiaconcursos.com.br\/blog\/concurso-tj-es-edital-publicado\/#primaryimage"},"image":{"@id":"https:\/\/www.estrategiaconcursos.com.br\/blog\/concurso-tj-es-edital-publicado\/#primaryimage"},"thumbnailUrl":"https:\/\/dhg1h5j42swfq.cloudfront.net\/2022\/06\/13080132\/concurso-tj-es-vagas-previstas.jpg","datePublished":"2023-01-16T13:00:00+00:00","dateModified":"2023-02-07T16:10:48+00:00","description":"Edital TJ ES publicado com oferta de 128 vagas para cargos de n\u00edvel superior, com remunera\u00e7\u00e3o inicial at\u00e9 R$ 9,5 mil. Confira!","breadcrumb":{"@id":"https:\/\/www.estrategiaconcursos.com.br\/blog\/concurso-tj-es-edital-publicado\/#breadcrumb"},"inLanguage":"pt-BR","potentialAction":[{"@type":"ReadAction","target":["https:\/\/www.estrategiaconcursos.com.br\/blog\/concurso-tj-es-edital-publicado\/"]}]},{"@type":"ImageObject","inLanguage":"pt-BR","@id":"https:\/\/www.estrategiaconcursos.com.br\/blog\/concurso-tj-es-edital-publicado\/#primaryimage","url":"https:\/\/dhg1h5j42swfq.cloudfront.net\/2022\/06\/13080132\/concurso-tj-es-vagas-previstas.jpg","contentUrl":"https:\/\/dhg1h5j42swfq.cloudfront.net\/2022\/06\/13080132\/concurso-tj-es-vagas-previstas.jpg","width":225,"height":225},{"@type":"BreadcrumbList","@id":"https:\/\/www.estrategiaconcursos.com.br\/blog\/concurso-tj-es-edital-publicado\/#breadcrumb","itemListElement":[{"@type":"ListItem","position":1,"name":"In\u00edcio","item":"https:\/\/www.estrategiaconcursos.com.br\/blog\/"},{"@type":"ListItem","position":2,"name":"Edital TJ ES: inscri\u00e7\u00f5es encerradas! Ganhe at\u00e9 R$ 9,5 mil!"}]},{"@type":"WebSite","@id":"https:\/\/www.estrategiaconcursos.com.br\/blog\/#website","url":"https:\/\/www.estrategiaconcursos.com.br\/blog\/","name":"Estrat\u00e9gia Concursos","description":"O blog da Estrat\u00e9gia Concursos traz not\u00edcias sobre concursos e artigos de professores oferecendo cursos para concursos (pdf + videaulas) no site.","publisher":{"@id":"https:\/\/www.estrategiaconcursos.com.br\/blog\/#organization"},"potentialAction":[{"@type":"SearchAction","target":{"@type":"EntryPoint","urlTemplate":"https:\/\/www.estrategiaconcursos.com.br\/blog\/?s={search_term_string}"},"query-input":{"@type":"PropertyValueSpecification","valueRequired":true,"valueName":"search_term_string"}}],"inLanguage":"pt-BR"},{"@type":"Organization","@id":"https:\/\/www.estrategiaconcursos.com.br\/blog\/#organization","name":"Estrat\u00e9gia Concursos","url":"https:\/\/www.estrategiaconcursos.com.br\/blog\/","logo":{"@type":"ImageObject","inLanguage":"pt-BR","@id":"https:\/\/www.estrategiaconcursos.com.br\/blog\/#\/schema\/logo\/image\/","url":"https:\/\/dhg1h5j42swfq.cloudfront.net\/2025\/06\/03203428\/logo_concursos-1.jpg","contentUrl":"https:\/\/dhg1h5j42swfq.cloudfront.net\/2025\/06\/03203428\/logo_concursos-1.jpg","width":230,"height":60,"caption":"Estrat\u00e9gia Concursos"},"image":{"@id":"https:\/\/www.estrategiaconcursos.com.br\/blog\/#\/schema\/logo\/image\/"},"sameAs":["https:\/\/x.com\/EstratConcursos"]},{"@type":"Person","@id":"https:\/\/www.estrategiaconcursos.com.br\/blog\/#\/schema\/person\/a06e841e501f2e1d8c49c4e8f066bfd1","name":"Priscila Almeida","image":{"@type":"ImageObject","inLanguage":"pt-BR","@id":"https:\/\/secure.gravatar.com\/avatar\/0a963c9e2a947fa675b669cea2b5d0ba6dd1cbf46b966190343b6c9973ad3337?s=96&d=mm&r=g","url":"https:\/\/secure.gravatar.com\/avatar\/0a963c9e2a947fa675b669cea2b5d0ba6dd1cbf46b966190343b6c9973ad3337?s=96&d=mm&r=g","contentUrl":"https:\/\/secure.gravatar.com\/avatar\/0a963c9e2a947fa675b669cea2b5d0ba6dd1cbf46b966190343b6c9973ad3337?s=96&d=mm&r=g","caption":"Priscila Almeida"},"description":"Atua na \u00e1rea de concursos p\u00fablicos desde 2019. As editorias que mais t\u00eam familiaridade s\u00e3o: Tribunais (TJs; TRTs; TREs; TSTs; STJ, STF, STM e TSE); Defensorias; Minist\u00e9rios P\u00fablicos; Procuradorias; Educa\u00e7\u00e3o e Conselhos. Na \u00e1rea de comunica\u00e7\u00e3o, de maneira geral, a caminhada \u00e9 um pouco mais longa - desde 2007. Possui experi\u00eancia em reda\u00e7\u00f5es de r\u00e1dio, TV, Web e impresso, al\u00e9m de desenvolver trabalhos em assessorias de comunica\u00e7\u00e3o institucional, empresarial e p\u00fablicas. Entre outros trabalhos, se destacam a atua\u00e7\u00e3o nas \u00e1reas de Justi\u00e7a, Congresso, Esportes, Sa\u00fade, Agropecu\u00e1ria, Cidades e Avia\u00e7\u00e3o Civil.","url":"https:\/\/www.estrategiaconcursos.com.br\/blog\/author\/priscila-almeidaestrategia-com\/"}]}},"_links":{"self":[{"href":"https:\/\/www.estrategiaconcursos.com.br\/blog\/wp-json\/wp\/v2\/posts\/1141410","targetHints":{"allow":["GET"]}}],"collection":[{"href":"https:\/\/www.estrategiaconcursos.com.br\/blog\/wp-json\/wp\/v2\/posts"}],"about":[{"href":"https:\/\/www.estrategiaconcursos.com.br\/blog\/wp-json\/wp\/v2\/types\/post"}],"author":[{"embeddable":true,"href":"https:\/\/www.estrategiaconcursos.com.br\/blog\/wp-json\/wp\/v2\/users\/2375"}],"replies":[{"embeddable":true,"href":"https:\/\/www.estrategiaconcursos.com.br\/blog\/wp-json\/wp\/v2\/comments?post=1141410"}],"version-history":[{"count":24,"href":"https:\/\/www.estrategiaconcursos.com.br\/blog\/wp-json\/wp\/v2\/posts\/1141410\/revisions"}],"predecessor-version":[{"id":1166673,"href":"https:\/\/www.estrategiaconcursos.com.br\/blog\/wp-json\/wp\/v2\/posts\/1141410\/revisions\/1166673"}],"wp:featuredmedia":[{"embeddable":true,"href":"https:\/\/www.estrategiaconcursos.com.br\/blog\/wp-json\/wp\/v2\/media\/1043829"}],"wp:attachment":[{"href":"https:\/\/www.estrategiaconcursos.com.br\/blog\/wp-json\/wp\/v2\/media?parent=1141410"}],"wp:term":[{"taxonomy":"category","embeddable":true,"href":"https:\/\/www.estrategiaconcursos.com.br\/blog\/wp-json\/wp\/v2\/categories?post=1141410"},{"taxonomy":"post_tag","embeddable":true,"href":"https:\/\/www.estrategiaconcursos.com.br\/blog\/wp-json\/wp\/v2\/tags?post=1141410"},{"taxonomy":"tax_estado","embeddable":true,"href":"https:\/\/www.estrategiaconcursos.com.br\/blog\/wp-json\/wp\/v2\/tax_estado?post=1141410"}],"curies":[{"name":"wp","href":"https:\/\/api.w.org\/{rel}","templated":true}]}}