{"id":1141113,"date":"2022-12-20T10:32:04","date_gmt":"2022-12-20T13:32:04","guid":{"rendered":"https:\/\/www.estrategiaconcursos.com.br\/blog\/?p=1141113"},"modified":"2022-12-20T13:58:02","modified_gmt":"2022-12-20T16:58:02","slug":"concurso-receita-federal-atribuicoes-do-analista","status":"publish","type":"post","link":"https:\/\/www.estrategiaconcursos.com.br\/blog\/concurso-receita-federal-atribuicoes-do-analista\/","title":{"rendered":"Concurso Receita Federal: atribui\u00e7\u00f5es do cargo de analista"},"content":{"rendered":"\n<p>O <strong>concurso Receita Federal <\/strong>\u00e9 a porta de entrada para um dos \u00f3rg\u00e3os mais visados e desejados do pa\u00eds. O certame oferta vagas para auditor e analista, fun\u00e7\u00f5es de extrema import\u00e2ncia para o quadro do \u00f3rg\u00e3o.<\/p>\n\n\n\n<p>Pensando na relev\u00e2ncia dos cargos, resolvemos trazer um artigo falando especificamente das atribui\u00e7\u00f5es do analista. Mas voc\u00ea tamb\u00e9m pode conferir o <a href=\"https:\/\/www.estrategiaconcursos.com.br\/blog\/concurso-receita-federal-atribuicoes-auditor\/\" target=\"_blank\" rel=\"noreferrer noopener\">artigo exclusivo que preparamos acerca do cargo de auditor.<\/a><\/p>\n\n\n\n<figure class=\"wp-block-image aligncenter size-large\"><img loading=\"lazy\" decoding=\"async\" width=\"1024\" height=\"576\" src=\"https:\/\/dhg1h5j42swfq.cloudfront.net\/2022\/12\/20102050\/analista-1024x576.jpg\" alt=\"Concurso Receita Federal atribui\u00e7\u00f5es de analista\" class=\"wp-image-1141127\" srcset=\"https:\/\/dhg1h5j42swfq.cloudfront.net\/2022\/12\/20102050\/analista-1024x576.jpg 1024w, https:\/\/dhg1h5j42swfq.cloudfront.net\/2022\/12\/20102050\/analista-300x169.jpg 300w, https:\/\/dhg1h5j42swfq.cloudfront.net\/2022\/12\/20102050\/analista-768x432.jpg 768w, https:\/\/dhg1h5j42swfq.cloudfront.net\/2022\/12\/20102050\/analista-610x343.jpg 610w, https:\/\/dhg1h5j42swfq.cloudfront.net\/2022\/12\/20102050\/analista-150x84.jpg 150w, https:\/\/dhg1h5j42swfq.cloudfront.net\/2022\/12\/20102050\/analista.jpg 1280w\" sizes=\"auto, (max-width: 1024px) 100vw, 1024px\" \/><figcaption>Concurso Receita Federal atribui\u00e7\u00f5es de analista<\/figcaption><\/figure>\n\n\n\n<p>Conforme aponta o edital de abertura, s\u00e3o in\u00fameras as atribui\u00e7\u00f5es do cargo de analista da Receita Federal. No entanto, abaixo voc\u00ea confere as principais delas:<\/p>\n\n\n\n<h2 class=\"wp-block-heading\">Concurso Receita Federal: quais s\u00e3o as atribui\u00e7\u00f5es para analista?<\/h2>\n\n\n\n<p><strong>Incumbe ao Analista-Tribut\u00e1rio da Receita Federal do Brasil, resguardadas as atribui\u00e7\u00f5es privativas referidas no inciso I do caput e no \u00a7 1o do Art. 6\u00ba da Lei n\u00ba 10.593\/2002:<\/strong><\/p>\n\n\n\n<ul class=\"wp-block-list\"><li>I. Exercer atividades de natureza t\u00e9cnica, acess\u00f3rias ou preparat\u00f3rias ao exerc\u00edcio das atribui\u00e7\u00f5es privativas dos Auditores-Fiscais da Receita Federal do Brasil;<\/li><li>II. Atuar no exame de mat\u00e9rias e processos administrativos, ressalvado o disposto na al\u00ednea b do inciso I do caput deste artigo;<\/li><li>III. Exercer, em car\u00e1ter geral e concorrente, as demais atividades inerentes \u00e0s compet\u00eancias da Secretaria da Receita Federal do Brasil.<\/li><\/ul>\n\n\n\n<p>Vale lembrar que a remunera\u00e7\u00e3o inicial para o cargo de analista \u00e9 de <strong>R$ 11.684,39<\/strong>, j\u00e1 contando com o vencimento b\u00e1sico mais b\u00f4nus. Entretanto, esse n\u00famero pode ser ainda maior, uma vez que existem servidores ganhando <a href=\"https:\/\/dhg1h5j42swfq.cloudfront.net\/2022\/07\/23094925\/image-282-1024x489.png\" target=\"_blank\" rel=\"noreferrer noopener nofollow\">R$ 27 mil<\/a>.<\/p>\n\n\n\n<p>Para participar do concurso Receita Federal \u00e9 necess\u00e1rio se inscrever atrav\u00e9s do site da banca organizadora, a <a href=\"https:\/\/www50.fgv.br\/Login.aspx?key=388\" target=\"_blank\" rel=\"noreferrer noopener\">Funda\u00e7\u00e3o Get\u00falio Vargas (FGV)<\/a>. O prazo estabelecido \u00e9 at\u00e9 o dia 19 de janeiro de 2023.<\/p>\n\n\n\n<p>Se voc\u00ea deseja saber <strong>TODOS <\/strong>os detalhes do concurso, basta acessar agora mesmo o artigo completo que preparamos para voc\u00ea. O link est\u00e1 dispon\u00edvel logo abaixo!<\/p>\n\n\n\n<p class=\"has-text-align-center has-background\" style=\"background-color:#caebff;font-size:clamp(15.197px, 0.95rem + ((1vw - 3.2px) * 0.765), 23px);\"><strong>Saiba mais: <a href=\"https:\/\/www.estrategiaconcursos.com.br\/blog\/concurso-receita-federal\/\" target=\"_blank\" rel=\"noreferrer noopener\">concurso Receita Federal<\/a><\/strong><\/p>\n\n\n\n<h2 class=\"has-text-align-center wp-block-heading\" id=\"cursos\">Assinatura para o concurso da Receita Federal:<\/h2>\n\n\n\n<p class=\"has-text-align-center\"><strong>Pacote completo, Passo Estrat\u00e9gico e Pacota\u00e7o <a href=\"https:\/\/www.estrategiaconcursos.com.br\/blog\/concurso-receita-federal-promocao-curso\/\" target=\"_blank\" rel=\"noreferrer noopener\">com 30% de desconto at\u00e9 o dia 12 de dezembro de 2022<\/a>. N\u00e3o perca!<\/strong><\/p>\n\n\n\n<div class=\"container\" id=\"boxes\">\n  <div class=\"row\">\n\n    <div class=\"col-sm\">\n      <div class=\"banner-fiscal\" id=\"box-assinatura\">\n        <h3 class=\"titulo-assinatura\">Receita Federal<\/h3>\n        <p class=\"subtitulo-assinatura\">Conhe\u00e7a os cursos<\/p>\n        <div class=\"box-botao\">\n          <a class=\"btn-assinatura\" target=\"_blank\" href=\"https:\/\/www.estrategiaconcursos.com.br\/cursosPorConcurso\/receita-federal-auditor-fiscal-7\/\" role=\"button\" rel=\"noopener noreferrer\">Conhe\u00e7a mais<\/a>\n        <\/div>\n      <\/div>\n     \n    <\/div>\n\n  <\/div>\n<\/div>\n\n\n\n<h2 class=\"has-text-align-center wp-block-heading\" id=\"cursos\">Quer saber tudo sobre concursos previstos? <br \/>Confira nossos artigos!<\/h2>\n\n\n\n<ul class=\"wp-block-list\"><li><a href=\"https:\/\/www.estrategiaconcursos.com.br\/blog\/concursos-abertos\/\" target=\"_blank\" rel=\"noreferrer noopener\">Concursos Abertos<\/a><\/li><li><a href=\"https:\/\/www.estrategiaconcursos.com.br\/blog\/concursos-2023\/\" target=\"_blank\" rel=\"noreferrer noopener\">Concursos 2023<\/a><\/li><\/ul>\n","protected":false},"excerpt":{"rendered":"<p>O concurso Receita Federal \u00e9 a porta de entrada para um dos \u00f3rg\u00e3os mais visados e desejados do pa\u00eds. O certame oferta vagas para auditor e analista, fun\u00e7\u00f5es de extrema import\u00e2ncia para o quadro do \u00f3rg\u00e3o. Pensando na relev\u00e2ncia dos cargos, resolvemos trazer um artigo falando especificamente das atribui\u00e7\u00f5es do analista. Mas voc\u00ea tamb\u00e9m pode [&hellip;]<\/p>\n","protected":false},"author":656,"featured_media":974219,"comment_status":"open","ping_status":"closed","sticky":false,"template":"","format":"standard","meta":{"post_tipo":"news","footnotes":""},"categories":[220182,220219],"tags":[],"tax_estado":[219963],"class_list":["post-1141113","post","type-post","status-publish","format-standard","has-post-thumbnail","hentry","category-fiscal-federal","category-noticias","tax_estado-concursos-federais"],"acf":[],"yoast_head":"<!-- This site is optimized with the Yoast SEO Premium plugin v27.2 (Yoast SEO v27.2) - https:\/\/yoast.com\/product\/yoast-seo-premium-wordpress\/ -->\n<title>Concurso Receita Federal: atribui\u00e7\u00f5es do cargo de analista<\/title>\n<meta name=\"description\" content=\"Concurso Receita Federal: confira as principais atribui\u00e7\u00f5es do cargo de analista tribut\u00e1rio, um dos \u00f3rg\u00e3os mais visados do pa\u00eds.\" \/>\n<meta name=\"robots\" content=\"index, follow, max-snippet:-1, max-image-preview:large, max-video-preview:-1\" \/>\n<link rel=\"canonical\" href=\"https:\/\/www.estrategiaconcursos.com.br\/blog\/concurso-receita-federal-atribuicoes-do-analista\/\" \/>\n<meta property=\"og:locale\" content=\"pt_BR\" \/>\n<meta property=\"og:type\" content=\"article\" \/>\n<meta property=\"og:title\" content=\"Concurso Receita Federal: atribui\u00e7\u00f5es do cargo de analista\" \/>\n<meta property=\"og:description\" content=\"Concurso Receita Federal: confira as principais atribui\u00e7\u00f5es do cargo de analista tribut\u00e1rio, um dos \u00f3rg\u00e3os mais visados do pa\u00eds.\" \/>\n<meta property=\"og:url\" content=\"https:\/\/www.estrategiaconcursos.com.br\/blog\/concurso-receita-federal-atribuicoes-do-analista\/\" \/>\n<meta property=\"og:site_name\" content=\"Estrat\u00e9gia Concursos\" \/>\n<meta property=\"article:published_time\" content=\"2022-12-20T13:32:04+00:00\" \/>\n<meta property=\"article:modified_time\" content=\"2022-12-20T16:58:02+00:00\" \/>\n<meta property=\"og:image\" content=\"https:\/\/dhg1h5j42swfq.cloudfront.net\/2022\/02\/21170104\/concurso-receita-federal-1024x536-1.jpg\" \/>\n\t<meta property=\"og:image:width\" content=\"1024\" \/>\n\t<meta property=\"og:image:height\" content=\"536\" \/>\n\t<meta property=\"og:image:type\" content=\"image\/jpeg\" \/>\n<meta name=\"author\" content=\"F\u00e1bio Scaldelai\" \/>\n<meta name=\"twitter:card\" content=\"summary_large_image\" \/>\n<meta name=\"twitter:creator\" content=\"@EstratConcursos\" \/>\n<meta name=\"twitter:site\" content=\"@EstratConcursos\" \/>\n<meta name=\"twitter:label1\" content=\"Escrito por\" \/>\n\t<meta name=\"twitter:data1\" content=\"F\u00e1bio Scaldelai\" \/>\n\t<meta name=\"twitter:label2\" content=\"Est. tempo de leitura\" \/>\n\t<meta name=\"twitter:data2\" content=\"2 minutos\" \/>\n<script type=\"application\/ld+json\" class=\"yoast-schema-graph\">{\"@context\":\"https:\/\/schema.org\",\"@graph\":[{\"@type\":\"NewsArticle\",\"@id\":\"https:\/\/www.estrategiaconcursos.com.br\/blog\/concurso-receita-federal-atribuicoes-do-analista\/#article\",\"isPartOf\":{\"@id\":\"https:\/\/www.estrategiaconcursos.com.br\/blog\/concurso-receita-federal-atribuicoes-do-analista\/\"},\"author\":{\"name\":\"F\u00e1bio Scaldelai\",\"@id\":\"https:\/\/www.estrategiaconcursos.com.br\/blog\/#\/schema\/person\/e3b6b7ce0192dd4ad270655969d61750\"},\"headline\":\"Concurso Receita Federal: atribui\u00e7\u00f5es do cargo de analista\",\"datePublished\":\"2022-12-20T13:32:04+00:00\",\"dateModified\":\"2022-12-20T16:58:02+00:00\",\"mainEntityOfPage\":{\"@id\":\"https:\/\/www.estrategiaconcursos.com.br\/blog\/concurso-receita-federal-atribuicoes-do-analista\/\"},\"wordCount\":381,\"commentCount\":0,\"publisher\":{\"@id\":\"https:\/\/www.estrategiaconcursos.com.br\/blog\/#organization\"},\"image\":{\"@id\":\"https:\/\/www.estrategiaconcursos.com.br\/blog\/concurso-receita-federal-atribuicoes-do-analista\/#primaryimage\"},\"thumbnailUrl\":\"https:\/\/dhg1h5j42swfq.cloudfront.net\/2022\/02\/21170104\/concurso-receita-federal-1024x536-1.jpg\",\"articleSection\":[\"Fiscal - Federal (RFB e AFT)\",\"\u00daltimas not\u00edcias\"],\"inLanguage\":\"pt-BR\",\"potentialAction\":[{\"@type\":\"CommentAction\",\"name\":\"Comment\",\"target\":[\"https:\/\/www.estrategiaconcursos.com.br\/blog\/concurso-receita-federal-atribuicoes-do-analista\/#respond\"]}],\"copyrightYear\":\"2022\",\"copyrightHolder\":{\"@id\":\"https:\/\/www.estrategiaconcursos.com.br\/blog\/#organization\"}},{\"@type\":\"WebPage\",\"@id\":\"https:\/\/www.estrategiaconcursos.com.br\/blog\/concurso-receita-federal-atribuicoes-do-analista\/\",\"url\":\"https:\/\/www.estrategiaconcursos.com.br\/blog\/concurso-receita-federal-atribuicoes-do-analista\/\",\"name\":\"Concurso Receita Federal: atribui\u00e7\u00f5es do cargo de analista\",\"isPartOf\":{\"@id\":\"https:\/\/www.estrategiaconcursos.com.br\/blog\/#website\"},\"primaryImageOfPage\":{\"@id\":\"https:\/\/www.estrategiaconcursos.com.br\/blog\/concurso-receita-federal-atribuicoes-do-analista\/#primaryimage\"},\"image\":{\"@id\":\"https:\/\/www.estrategiaconcursos.com.br\/blog\/concurso-receita-federal-atribuicoes-do-analista\/#primaryimage\"},\"thumbnailUrl\":\"https:\/\/dhg1h5j42swfq.cloudfront.net\/2022\/02\/21170104\/concurso-receita-federal-1024x536-1.jpg\",\"datePublished\":\"2022-12-20T13:32:04+00:00\",\"dateModified\":\"2022-12-20T16:58:02+00:00\",\"description\":\"Concurso Receita Federal: confira as principais atribui\u00e7\u00f5es do cargo de analista tribut\u00e1rio, um dos \u00f3rg\u00e3os mais visados do pa\u00eds.\",\"breadcrumb\":{\"@id\":\"https:\/\/www.estrategiaconcursos.com.br\/blog\/concurso-receita-federal-atribuicoes-do-analista\/#breadcrumb\"},\"inLanguage\":\"pt-BR\",\"potentialAction\":[{\"@type\":\"ReadAction\",\"target\":[\"https:\/\/www.estrategiaconcursos.com.br\/blog\/concurso-receita-federal-atribuicoes-do-analista\/\"]}]},{\"@type\":\"ImageObject\",\"inLanguage\":\"pt-BR\",\"@id\":\"https:\/\/www.estrategiaconcursos.com.br\/blog\/concurso-receita-federal-atribuicoes-do-analista\/#primaryimage\",\"url\":\"https:\/\/dhg1h5j42swfq.cloudfront.net\/2022\/02\/21170104\/concurso-receita-federal-1024x536-1.jpg\",\"contentUrl\":\"https:\/\/dhg1h5j42swfq.cloudfront.net\/2022\/02\/21170104\/concurso-receita-federal-1024x536-1.jpg\",\"width\":1024,\"height\":536,\"caption\":\"concurso receita federal\"},{\"@type\":\"BreadcrumbList\",\"@id\":\"https:\/\/www.estrategiaconcursos.com.br\/blog\/concurso-receita-federal-atribuicoes-do-analista\/#breadcrumb\",\"itemListElement\":[{\"@type\":\"ListItem\",\"position\":1,\"name\":\"In\u00edcio\",\"item\":\"https:\/\/www.estrategiaconcursos.com.br\/blog\/\"},{\"@type\":\"ListItem\",\"position\":2,\"name\":\"Concurso Receita Federal: atribui\u00e7\u00f5es do cargo de analista\"}]},{\"@type\":\"WebSite\",\"@id\":\"https:\/\/www.estrategiaconcursos.com.br\/blog\/#website\",\"url\":\"https:\/\/www.estrategiaconcursos.com.br\/blog\/\",\"name\":\"Estrat\u00e9gia Concursos\",\"description\":\"O blog da Estrat\u00e9gia Concursos traz not\u00edcias sobre concursos e artigos de professores oferecendo cursos para concursos (pdf + videaulas) no site.\",\"publisher\":{\"@id\":\"https:\/\/www.estrategiaconcursos.com.br\/blog\/#organization\"},\"potentialAction\":[{\"@type\":\"SearchAction\",\"target\":{\"@type\":\"EntryPoint\",\"urlTemplate\":\"https:\/\/www.estrategiaconcursos.com.br\/blog\/?s={search_term_string}\"},\"query-input\":{\"@type\":\"PropertyValueSpecification\",\"valueRequired\":true,\"valueName\":\"search_term_string\"}}],\"inLanguage\":\"pt-BR\"},{\"@type\":\"Organization\",\"@id\":\"https:\/\/www.estrategiaconcursos.com.br\/blog\/#organization\",\"name\":\"Estrat\u00e9gia Concursos\",\"url\":\"https:\/\/www.estrategiaconcursos.com.br\/blog\/\",\"logo\":{\"@type\":\"ImageObject\",\"inLanguage\":\"pt-BR\",\"@id\":\"https:\/\/www.estrategiaconcursos.com.br\/blog\/#\/schema\/logo\/image\/\",\"url\":\"https:\/\/dhg1h5j42swfq.cloudfront.net\/2025\/06\/03203428\/logo_concursos-1.jpg\",\"contentUrl\":\"https:\/\/dhg1h5j42swfq.cloudfront.net\/2025\/06\/03203428\/logo_concursos-1.jpg\",\"width\":230,\"height\":60,\"caption\":\"Estrat\u00e9gia Concursos\"},\"image\":{\"@id\":\"https:\/\/www.estrategiaconcursos.com.br\/blog\/#\/schema\/logo\/image\/\"},\"sameAs\":[\"https:\/\/x.com\/EstratConcursos\"]},{\"@type\":\"Person\",\"@id\":\"https:\/\/www.estrategiaconcursos.com.br\/blog\/#\/schema\/person\/e3b6b7ce0192dd4ad270655969d61750\",\"name\":\"F\u00e1bio Scaldelai\",\"image\":{\"@type\":\"ImageObject\",\"inLanguage\":\"pt-BR\",\"@id\":\"https:\/\/secure.gravatar.com\/avatar\/8ed7492c4d88d8495bc0cb24cda6847b8ae23eec459a919e08e77d0ca0fd79ec?s=96&d=mm&r=g\",\"url\":\"https:\/\/secure.gravatar.com\/avatar\/8ed7492c4d88d8495bc0cb24cda6847b8ae23eec459a919e08e77d0ca0fd79ec?s=96&d=mm&r=g\",\"contentUrl\":\"https:\/\/secure.gravatar.com\/avatar\/8ed7492c4d88d8495bc0cb24cda6847b8ae23eec459a919e08e77d0ca0fd79ec?s=96&d=mm&r=g\",\"caption\":\"F\u00e1bio Scaldelai\"},\"description\":\"Jornalista no Estrat\u00e9gia Concursos e Produtor de Televis\u00e3o, formado em Jornalismo, R\u00e1dio e TV pela Faculdade Integrada Rio Branco, com especializa\u00e7\u00f5es em Gest\u00e3o Empresarial e Marketing pelo M\u00f3dulo. Atuou como produtor no SBT, TV Bandeirantes e R\u00e1dio Band FM, al\u00e9m de acumular tr\u00eas anos de experi\u00eancia no setor de concursos p\u00fablicos pela LFG (Luiz Fl\u00e1vio Gomes). No Estrat\u00e9gia Concursos, atua na apura\u00e7\u00e3o de not\u00edcias da \u00e1rea fiscal, al\u00e9m de coberturas sobre concursos das \u00e1reas de controle (TCU, TCE, etc), concurso AFT, \u00e1rea de gest\u00e3o e administrativa, bem como dos \u00f3rg\u00e3os participantes do CNU. Tamb\u00e9m possui experi\u00eancia em link building e an\u00e1lise de m\u00eddia, adquirida durante sua atua\u00e7\u00e3o na ag\u00eancia SEO Marketing.\",\"url\":\"https:\/\/www.estrategiaconcursos.com.br\/blog\/author\/fabio-scaldelaiestrategiaconcursos-com-br\/\"}]}<\/script>\n<!-- \/ Yoast SEO Premium plugin. -->","yoast_head_json":{"title":"Concurso Receita Federal: atribui\u00e7\u00f5es do cargo de analista","description":"Concurso Receita Federal: confira as principais atribui\u00e7\u00f5es do cargo de analista tribut\u00e1rio, um dos \u00f3rg\u00e3os mais visados do pa\u00eds.","robots":{"index":"index","follow":"follow","max-snippet":"max-snippet:-1","max-image-preview":"max-image-preview:large","max-video-preview":"max-video-preview:-1"},"canonical":"https:\/\/www.estrategiaconcursos.com.br\/blog\/concurso-receita-federal-atribuicoes-do-analista\/","og_locale":"pt_BR","og_type":"article","og_title":"Concurso Receita Federal: atribui\u00e7\u00f5es do cargo de analista","og_description":"Concurso Receita Federal: confira as principais atribui\u00e7\u00f5es do cargo de analista tribut\u00e1rio, um dos \u00f3rg\u00e3os mais visados do pa\u00eds.","og_url":"https:\/\/www.estrategiaconcursos.com.br\/blog\/concurso-receita-federal-atribuicoes-do-analista\/","og_site_name":"Estrat\u00e9gia Concursos","article_published_time":"2022-12-20T13:32:04+00:00","article_modified_time":"2022-12-20T16:58:02+00:00","og_image":[{"width":1024,"height":536,"url":"https:\/\/dhg1h5j42swfq.cloudfront.net\/2022\/02\/21170104\/concurso-receita-federal-1024x536-1.jpg","type":"image\/jpeg"}],"author":"F\u00e1bio Scaldelai","twitter_card":"summary_large_image","twitter_creator":"@EstratConcursos","twitter_site":"@EstratConcursos","twitter_misc":{"Escrito por":"F\u00e1bio Scaldelai","Est. tempo de leitura":"2 minutos"},"schema":{"@context":"https:\/\/schema.org","@graph":[{"@type":"NewsArticle","@id":"https:\/\/www.estrategiaconcursos.com.br\/blog\/concurso-receita-federal-atribuicoes-do-analista\/#article","isPartOf":{"@id":"https:\/\/www.estrategiaconcursos.com.br\/blog\/concurso-receita-federal-atribuicoes-do-analista\/"},"author":{"name":"F\u00e1bio Scaldelai","@id":"https:\/\/www.estrategiaconcursos.com.br\/blog\/#\/schema\/person\/e3b6b7ce0192dd4ad270655969d61750"},"headline":"Concurso Receita Federal: atribui\u00e7\u00f5es do cargo de analista","datePublished":"2022-12-20T13:32:04+00:00","dateModified":"2022-12-20T16:58:02+00:00","mainEntityOfPage":{"@id":"https:\/\/www.estrategiaconcursos.com.br\/blog\/concurso-receita-federal-atribuicoes-do-analista\/"},"wordCount":381,"commentCount":0,"publisher":{"@id":"https:\/\/www.estrategiaconcursos.com.br\/blog\/#organization"},"image":{"@id":"https:\/\/www.estrategiaconcursos.com.br\/blog\/concurso-receita-federal-atribuicoes-do-analista\/#primaryimage"},"thumbnailUrl":"https:\/\/dhg1h5j42swfq.cloudfront.net\/2022\/02\/21170104\/concurso-receita-federal-1024x536-1.jpg","articleSection":["Fiscal - Federal (RFB e AFT)","\u00daltimas not\u00edcias"],"inLanguage":"pt-BR","potentialAction":[{"@type":"CommentAction","name":"Comment","target":["https:\/\/www.estrategiaconcursos.com.br\/blog\/concurso-receita-federal-atribuicoes-do-analista\/#respond"]}],"copyrightYear":"2022","copyrightHolder":{"@id":"https:\/\/www.estrategiaconcursos.com.br\/blog\/#organization"}},{"@type":"WebPage","@id":"https:\/\/www.estrategiaconcursos.com.br\/blog\/concurso-receita-federal-atribuicoes-do-analista\/","url":"https:\/\/www.estrategiaconcursos.com.br\/blog\/concurso-receita-federal-atribuicoes-do-analista\/","name":"Concurso Receita Federal: atribui\u00e7\u00f5es do cargo de analista","isPartOf":{"@id":"https:\/\/www.estrategiaconcursos.com.br\/blog\/#website"},"primaryImageOfPage":{"@id":"https:\/\/www.estrategiaconcursos.com.br\/blog\/concurso-receita-federal-atribuicoes-do-analista\/#primaryimage"},"image":{"@id":"https:\/\/www.estrategiaconcursos.com.br\/blog\/concurso-receita-federal-atribuicoes-do-analista\/#primaryimage"},"thumbnailUrl":"https:\/\/dhg1h5j42swfq.cloudfront.net\/2022\/02\/21170104\/concurso-receita-federal-1024x536-1.jpg","datePublished":"2022-12-20T13:32:04+00:00","dateModified":"2022-12-20T16:58:02+00:00","description":"Concurso Receita Federal: confira as principais atribui\u00e7\u00f5es do cargo de analista tribut\u00e1rio, um dos \u00f3rg\u00e3os mais visados do pa\u00eds.","breadcrumb":{"@id":"https:\/\/www.estrategiaconcursos.com.br\/blog\/concurso-receita-federal-atribuicoes-do-analista\/#breadcrumb"},"inLanguage":"pt-BR","potentialAction":[{"@type":"ReadAction","target":["https:\/\/www.estrategiaconcursos.com.br\/blog\/concurso-receita-federal-atribuicoes-do-analista\/"]}]},{"@type":"ImageObject","inLanguage":"pt-BR","@id":"https:\/\/www.estrategiaconcursos.com.br\/blog\/concurso-receita-federal-atribuicoes-do-analista\/#primaryimage","url":"https:\/\/dhg1h5j42swfq.cloudfront.net\/2022\/02\/21170104\/concurso-receita-federal-1024x536-1.jpg","contentUrl":"https:\/\/dhg1h5j42swfq.cloudfront.net\/2022\/02\/21170104\/concurso-receita-federal-1024x536-1.jpg","width":1024,"height":536,"caption":"concurso receita federal"},{"@type":"BreadcrumbList","@id":"https:\/\/www.estrategiaconcursos.com.br\/blog\/concurso-receita-federal-atribuicoes-do-analista\/#breadcrumb","itemListElement":[{"@type":"ListItem","position":1,"name":"In\u00edcio","item":"https:\/\/www.estrategiaconcursos.com.br\/blog\/"},{"@type":"ListItem","position":2,"name":"Concurso Receita Federal: atribui\u00e7\u00f5es do cargo de analista"}]},{"@type":"WebSite","@id":"https:\/\/www.estrategiaconcursos.com.br\/blog\/#website","url":"https:\/\/www.estrategiaconcursos.com.br\/blog\/","name":"Estrat\u00e9gia Concursos","description":"O blog da Estrat\u00e9gia Concursos traz not\u00edcias sobre concursos e artigos de professores oferecendo cursos para concursos (pdf + videaulas) no site.","publisher":{"@id":"https:\/\/www.estrategiaconcursos.com.br\/blog\/#organization"},"potentialAction":[{"@type":"SearchAction","target":{"@type":"EntryPoint","urlTemplate":"https:\/\/www.estrategiaconcursos.com.br\/blog\/?s={search_term_string}"},"query-input":{"@type":"PropertyValueSpecification","valueRequired":true,"valueName":"search_term_string"}}],"inLanguage":"pt-BR"},{"@type":"Organization","@id":"https:\/\/www.estrategiaconcursos.com.br\/blog\/#organization","name":"Estrat\u00e9gia Concursos","url":"https:\/\/www.estrategiaconcursos.com.br\/blog\/","logo":{"@type":"ImageObject","inLanguage":"pt-BR","@id":"https:\/\/www.estrategiaconcursos.com.br\/blog\/#\/schema\/logo\/image\/","url":"https:\/\/dhg1h5j42swfq.cloudfront.net\/2025\/06\/03203428\/logo_concursos-1.jpg","contentUrl":"https:\/\/dhg1h5j42swfq.cloudfront.net\/2025\/06\/03203428\/logo_concursos-1.jpg","width":230,"height":60,"caption":"Estrat\u00e9gia Concursos"},"image":{"@id":"https:\/\/www.estrategiaconcursos.com.br\/blog\/#\/schema\/logo\/image\/"},"sameAs":["https:\/\/x.com\/EstratConcursos"]},{"@type":"Person","@id":"https:\/\/www.estrategiaconcursos.com.br\/blog\/#\/schema\/person\/e3b6b7ce0192dd4ad270655969d61750","name":"F\u00e1bio Scaldelai","image":{"@type":"ImageObject","inLanguage":"pt-BR","@id":"https:\/\/secure.gravatar.com\/avatar\/8ed7492c4d88d8495bc0cb24cda6847b8ae23eec459a919e08e77d0ca0fd79ec?s=96&d=mm&r=g","url":"https:\/\/secure.gravatar.com\/avatar\/8ed7492c4d88d8495bc0cb24cda6847b8ae23eec459a919e08e77d0ca0fd79ec?s=96&d=mm&r=g","contentUrl":"https:\/\/secure.gravatar.com\/avatar\/8ed7492c4d88d8495bc0cb24cda6847b8ae23eec459a919e08e77d0ca0fd79ec?s=96&d=mm&r=g","caption":"F\u00e1bio Scaldelai"},"description":"Jornalista no Estrat\u00e9gia Concursos e Produtor de Televis\u00e3o, formado em Jornalismo, R\u00e1dio e TV pela Faculdade Integrada Rio Branco, com especializa\u00e7\u00f5es em Gest\u00e3o Empresarial e Marketing pelo M\u00f3dulo. Atuou como produtor no SBT, TV Bandeirantes e R\u00e1dio Band FM, al\u00e9m de acumular tr\u00eas anos de experi\u00eancia no setor de concursos p\u00fablicos pela LFG (Luiz Fl\u00e1vio Gomes). No Estrat\u00e9gia Concursos, atua na apura\u00e7\u00e3o de not\u00edcias da \u00e1rea fiscal, al\u00e9m de coberturas sobre concursos das \u00e1reas de controle (TCU, TCE, etc), concurso AFT, \u00e1rea de gest\u00e3o e administrativa, bem como dos \u00f3rg\u00e3os participantes do CNU. Tamb\u00e9m possui experi\u00eancia em link building e an\u00e1lise de m\u00eddia, adquirida durante sua atua\u00e7\u00e3o na ag\u00eancia SEO Marketing.","url":"https:\/\/www.estrategiaconcursos.com.br\/blog\/author\/fabio-scaldelaiestrategiaconcursos-com-br\/"}]}},"_links":{"self":[{"href":"https:\/\/www.estrategiaconcursos.com.br\/blog\/wp-json\/wp\/v2\/posts\/1141113","targetHints":{"allow":["GET"]}}],"collection":[{"href":"https:\/\/www.estrategiaconcursos.com.br\/blog\/wp-json\/wp\/v2\/posts"}],"about":[{"href":"https:\/\/www.estrategiaconcursos.com.br\/blog\/wp-json\/wp\/v2\/types\/post"}],"author":[{"embeddable":true,"href":"https:\/\/www.estrategiaconcursos.com.br\/blog\/wp-json\/wp\/v2\/users\/656"}],"replies":[{"embeddable":true,"href":"https:\/\/www.estrategiaconcursos.com.br\/blog\/wp-json\/wp\/v2\/comments?post=1141113"}],"version-history":[{"count":6,"href":"https:\/\/www.estrategiaconcursos.com.br\/blog\/wp-json\/wp\/v2\/posts\/1141113\/revisions"}],"predecessor-version":[{"id":1141193,"href":"https:\/\/www.estrategiaconcursos.com.br\/blog\/wp-json\/wp\/v2\/posts\/1141113\/revisions\/1141193"}],"wp:featuredmedia":[{"embeddable":true,"href":"https:\/\/www.estrategiaconcursos.com.br\/blog\/wp-json\/wp\/v2\/media\/974219"}],"wp:attachment":[{"href":"https:\/\/www.estrategiaconcursos.com.br\/blog\/wp-json\/wp\/v2\/media?parent=1141113"}],"wp:term":[{"taxonomy":"category","embeddable":true,"href":"https:\/\/www.estrategiaconcursos.com.br\/blog\/wp-json\/wp\/v2\/categories?post=1141113"},{"taxonomy":"post_tag","embeddable":true,"href":"https:\/\/www.estrategiaconcursos.com.br\/blog\/wp-json\/wp\/v2\/tags?post=1141113"},{"taxonomy":"tax_estado","embeddable":true,"href":"https:\/\/www.estrategiaconcursos.com.br\/blog\/wp-json\/wp\/v2\/tax_estado?post=1141113"}],"curies":[{"name":"wp","href":"https:\/\/api.w.org\/{rel}","templated":true}]}}