{"id":1140078,"date":"2022-12-16T11:48:24","date_gmt":"2022-12-16T14:48:24","guid":{"rendered":"https:\/\/www.estrategiaconcursos.com.br\/blog\/?p=1140078"},"modified":"2022-12-16T11:48:35","modified_gmt":"2022-12-16T14:48:35","slug":"lingua-portuguesa-para-o-mp-ms-aulao-especial-de-questoes-aocp","status":"publish","type":"post","link":"https:\/\/www.estrategiaconcursos.com.br\/blog\/lingua-portuguesa-para-o-mp-ms-aulao-especial-de-questoes-aocp\/","title":{"rendered":"L\u00edngua Portuguesa para o MP MS: Aul\u00e3o Especial de Quest\u00f5es AOCP"},"content":{"rendered":"\n<p>O edital do <strong>concurso MP MS<\/strong> (<strong><a href=\"https:\/\/www.estrategiaconcursos.com.br\/cursosPorConcurso\/ministerio-publicodo-mato-grosso-do-sul-mp-ms-servidores\/\" target=\"_blank\" rel=\"noreferrer noopener\">Minist\u00e9rio P\u00fablico do Estado de Mato Grosso do Sul<\/a><\/strong>) oferta <strong>07 vagas<\/strong> imediatas mais forma\u00e7\u00e3o de cadastro de reserva. <\/p>\n\n\n\n<p>As oportunidades s\u00e3o de n\u00edvel superior de forma\u00e7\u00e3o e contam com vencimento b\u00e1sico de R$ 4.460,42, al\u00e9m dos seguintes benef\u00edcios:<\/p>\n\n\n\n<ul class=\"wp-block-list\"><li>Gratifica\u00e7\u00e3o de produtividade no montante de at\u00e9 50% do vencimento b\u00e1sico;<\/li><li>Gratifica\u00e7\u00e3o por dedica\u00e7\u00e3o integral no montante de at\u00e9 50% do vencimento b\u00e1sico; e<\/li><li>Outros benef\u00edcios remunerat\u00f3rios estabelecidos por lei.<\/li><\/ul>\n\n\n\n<p>Os interessados em participar da sele\u00e7\u00e3o devem realizar as inscri\u00e7\u00f5es no per\u00edodo de 12 de dezembro de 2022 a 12 de janeiro de 2023, no site da banca organizadora, <strong>Instituto AOCP<\/strong>. A taxa foi definida em R$ 120,00. <\/p>\n\n\n\n<p>E para ajudar na sua prepara\u00e7\u00e3o, neste s\u00e1bado, 17 de dezembro, \u00e0s 8h30, o professor Felipe Luccas vai ministrar a live &#8220;L\u00edngua Portuguesa para o MP MS: Aul\u00e3o Especial de Quest\u00f5es AOCP&#8221;, participe:<\/p>\n\n\n<figure class=\"wp-block-embed-youtube wp-block-embed is-type-video is-provider-youtube wp-embed-aspect-16-9 wp-has-aspect-ratio\"><div class=\"lyte-wrapper\" style=\"width:853px;max-width:100%;margin:5px;\"><div class=\"lyMe\" id=\"WYL_zBSgDaMpdU8\"><div id=\"lyte_zBSgDaMpdU8\" data-src=\"\/\/i.ytimg.com\/vi\/zBSgDaMpdU8\/hqdefault.jpg\" class=\"pL\"><div class=\"tC\"><div class=\"tT\"><\/div><\/div><div class=\"play\"><\/div><div class=\"ctrl\"><div class=\"Lctrl\"><\/div><div class=\"Rctrl\"><\/div><\/div><\/div><noscript><a href=\"https:\/\/youtu.be\/zBSgDaMpdU8\" rel=\"nofollow\"><img loading=\"lazy\" decoding=\"async\" src=\"https:\/\/i.ytimg.com\/vi\/zBSgDaMpdU8\/0.jpg\" alt=\"YouTube video thumbnail\" width=\"853\" height=\"460\" \/><br \/>Assista a este v\u00eddeo no YouTube<\/a><\/noscript><\/div><\/div><div class=\"lL\" style=\"max-width:100%;width:853px;margin:5px;\"><\/div><figcaption><\/figcaption><\/figure>\n\n\n<p class=\"has-text-align-center has-cyan-bluish-gray-background-color has-background has-medium-font-size\"><strong>Saiba mais: <\/strong><a href=\"https:\/\/www.estrategiaconcursos.com.br\/blog\/concurso-mpms\/\" target=\"_blank\" rel=\"noreferrer noopener\">concurso MP MS<\/a><\/p>\n\n\n\n<h2 class=\"has-text-align-center wp-block-heading\" id=\"h-quer-saber-tudo-sobre-concursos-previstos-confira-nossos-artigos\">Quer saber tudo sobre concursos previstos?<br \/>Confira  nossos artigos!<\/h2>\n\n\n\n<ul class=\"wp-block-list\"><li><a href=\"https:\/\/www.estrategiaconcursos.com.br\/blog\/concursos-abertos\/\" target=\"_blank\" rel=\"noreferrer noopener\">Concursos abertos<\/a><\/li><li><a href=\"https:\/\/www.estrategiaconcursos.com.br\/blog\/concursos-2022\/\" target=\"_blank\" rel=\"noreferrer noopener\">Concursos 2022<\/a><\/li><li><a href=\"https:\/\/www.estrategiaconcursos.com.br\/blog\/concursos-2023\/\" target=\"_blank\" rel=\"noreferrer noopener\">Concursos 2023<\/a><\/li><\/ul>\n\n\n\n<div class=\"container\" id=\"boxes\">\n  <div class=\"row\">\n\n    <div class=\"col-sm\">\n      <div class=\"estrategia\" id=\"box-assinatura\">\n        <h3 class=\"titulo-assinatura\">Assinatura de Concursos<\/h3>\n        <p class=\"subtitulo-assinatura\">Assinatura de 1 ano ou 2 anos<\/p>\n        <div class=\"box-botao\">\n          <a class=\"btn-assinatura\" target=\"_blank\" href=\"https:\/\/www.estrategiaconcursos.com.br\/assinaturas\/\" role=\"button\" rel=\"noopener noreferrer\">ASSINE AGORA<\/a>\n        <\/div>\n      <\/div>\n     \n    <\/div><\/div><\/div>\n","protected":false},"excerpt":{"rendered":"<p>O edital do concurso MP MS (Minist\u00e9rio P\u00fablico do Estado de Mato Grosso do Sul) oferta 07 vagas imediatas mais forma\u00e7\u00e3o de cadastro de reserva. As oportunidades s\u00e3o de n\u00edvel superior de forma\u00e7\u00e3o e contam com vencimento b\u00e1sico de R$ 4.460,42, al\u00e9m dos seguintes benef\u00edcios: Gratifica\u00e7\u00e3o de produtividade no montante de at\u00e9 50% do vencimento [&hellip;]<\/p>\n","protected":false},"author":2375,"featured_media":100029,"comment_status":"open","ping_status":"closed","sticky":false,"template":"","format":"standard","meta":{"post_tipo":"news","footnotes":""},"categories":[1984,220219],"tags":[],"tax_estado":[219975],"class_list":["post-1140078","post","type-post","status-publish","format-standard","has-post-thumbnail","hentry","category-tribunais","category-noticias","tax_estado-ms"],"acf":[],"yoast_head":"<!-- This site is optimized with the Yoast SEO Premium plugin v27.2 (Yoast SEO v27.2) - https:\/\/yoast.com\/product\/yoast-seo-premium-wordpress\/ -->\n<title>L\u00edngua Portuguesa para o MP MS: Aul\u00e3o Especial de Quest\u00f5es AOCP<\/title>\n<meta name=\"robots\" content=\"index, follow, max-snippet:-1, max-image-preview:large, max-video-preview:-1\" \/>\n<link rel=\"canonical\" href=\"https:\/\/www.estrategiaconcursos.com.br\/blog\/lingua-portuguesa-para-o-mp-ms-aulao-especial-de-questoes-aocp\/\" \/>\n<meta property=\"og:locale\" content=\"pt_BR\" \/>\n<meta property=\"og:type\" content=\"article\" \/>\n<meta property=\"og:title\" content=\"L\u00edngua Portuguesa para o MP MS: Aul\u00e3o Especial de Quest\u00f5es AOCP\" \/>\n<meta property=\"og:description\" content=\"O edital do concurso MP MS (Minist\u00e9rio P\u00fablico do Estado de Mato Grosso do Sul) oferta 07 vagas imediatas mais forma\u00e7\u00e3o de cadastro de reserva. As oportunidades s\u00e3o de n\u00edvel superior de forma\u00e7\u00e3o e contam com vencimento b\u00e1sico de R$ 4.460,42, al\u00e9m dos seguintes benef\u00edcios: Gratifica\u00e7\u00e3o de produtividade no montante de at\u00e9 50% do vencimento [&hellip;]\" \/>\n<meta property=\"og:url\" content=\"https:\/\/www.estrategiaconcursos.com.br\/blog\/lingua-portuguesa-para-o-mp-ms-aulao-especial-de-questoes-aocp\/\" \/>\n<meta property=\"og:site_name\" content=\"Estrat\u00e9gia Concursos\" \/>\n<meta property=\"article:published_time\" content=\"2022-12-16T14:48:24+00:00\" \/>\n<meta property=\"article:modified_time\" content=\"2022-12-16T14:48:35+00:00\" \/>\n<meta property=\"og:image\" content=\"https:\/\/dhg1h5j42swfq.cloudfront.net\/2017\/12\/20135101\/mp-ms-3-1.jpg\" \/>\n\t<meta property=\"og:image:width\" content=\"1200\" \/>\n\t<meta property=\"og:image:height\" content=\"628\" \/>\n\t<meta property=\"og:image:type\" content=\"image\/jpeg\" \/>\n<meta name=\"author\" content=\"Priscila Almeida\" \/>\n<meta name=\"twitter:card\" content=\"summary_large_image\" \/>\n<meta name=\"twitter:creator\" content=\"@EstratConcursos\" \/>\n<meta name=\"twitter:site\" content=\"@EstratConcursos\" \/>\n<meta name=\"twitter:label1\" content=\"Escrito por\" \/>\n\t<meta name=\"twitter:data1\" content=\"Priscila Almeida\" \/>\n\t<meta name=\"twitter:label2\" content=\"Est. tempo de leitura\" \/>\n\t<meta name=\"twitter:data2\" content=\"1 minuto\" \/>\n<script type=\"application\/ld+json\" class=\"yoast-schema-graph\">{\"@context\":\"https:\/\/schema.org\",\"@graph\":[{\"@type\":\"NewsArticle\",\"@id\":\"https:\/\/www.estrategiaconcursos.com.br\/blog\/lingua-portuguesa-para-o-mp-ms-aulao-especial-de-questoes-aocp\/#article\",\"isPartOf\":{\"@id\":\"https:\/\/www.estrategiaconcursos.com.br\/blog\/lingua-portuguesa-para-o-mp-ms-aulao-especial-de-questoes-aocp\/\"},\"author\":{\"name\":\"Priscila Almeida\",\"@id\":\"https:\/\/www.estrategiaconcursos.com.br\/blog\/#\/schema\/person\/a06e841e501f2e1d8c49c4e8f066bfd1\"},\"headline\":\"L\u00edngua Portuguesa para o MP MS: Aul\u00e3o Especial de Quest\u00f5es AOCP\",\"datePublished\":\"2022-12-16T14:48:24+00:00\",\"dateModified\":\"2022-12-16T14:48:35+00:00\",\"mainEntityOfPage\":{\"@id\":\"https:\/\/www.estrategiaconcursos.com.br\/blog\/lingua-portuguesa-para-o-mp-ms-aulao-especial-de-questoes-aocp\/\"},\"wordCount\":209,\"commentCount\":0,\"publisher\":{\"@id\":\"https:\/\/www.estrategiaconcursos.com.br\/blog\/#organization\"},\"image\":{\"@id\":\"https:\/\/www.estrategiaconcursos.com.br\/blog\/lingua-portuguesa-para-o-mp-ms-aulao-especial-de-questoes-aocp\/#primaryimage\"},\"thumbnailUrl\":\"https:\/\/dhg1h5j42swfq.cloudfront.net\/2017\/12\/20135101\/mp-ms-3-1.jpg\",\"articleSection\":[\"Tribunais\",\"\u00daltimas not\u00edcias\"],\"inLanguage\":\"pt-BR\",\"potentialAction\":[{\"@type\":\"CommentAction\",\"name\":\"Comment\",\"target\":[\"https:\/\/www.estrategiaconcursos.com.br\/blog\/lingua-portuguesa-para-o-mp-ms-aulao-especial-de-questoes-aocp\/#respond\"]}],\"copyrightYear\":\"2022\",\"copyrightHolder\":{\"@id\":\"https:\/\/www.estrategiaconcursos.com.br\/blog\/#organization\"}},{\"@type\":\"WebPage\",\"@id\":\"https:\/\/www.estrategiaconcursos.com.br\/blog\/lingua-portuguesa-para-o-mp-ms-aulao-especial-de-questoes-aocp\/\",\"url\":\"https:\/\/www.estrategiaconcursos.com.br\/blog\/lingua-portuguesa-para-o-mp-ms-aulao-especial-de-questoes-aocp\/\",\"name\":\"L\u00edngua Portuguesa para o MP MS: Aul\u00e3o Especial de Quest\u00f5es AOCP\",\"isPartOf\":{\"@id\":\"https:\/\/www.estrategiaconcursos.com.br\/blog\/#website\"},\"primaryImageOfPage\":{\"@id\":\"https:\/\/www.estrategiaconcursos.com.br\/blog\/lingua-portuguesa-para-o-mp-ms-aulao-especial-de-questoes-aocp\/#primaryimage\"},\"image\":{\"@id\":\"https:\/\/www.estrategiaconcursos.com.br\/blog\/lingua-portuguesa-para-o-mp-ms-aulao-especial-de-questoes-aocp\/#primaryimage\"},\"thumbnailUrl\":\"https:\/\/dhg1h5j42swfq.cloudfront.net\/2017\/12\/20135101\/mp-ms-3-1.jpg\",\"datePublished\":\"2022-12-16T14:48:24+00:00\",\"dateModified\":\"2022-12-16T14:48:35+00:00\",\"breadcrumb\":{\"@id\":\"https:\/\/www.estrategiaconcursos.com.br\/blog\/lingua-portuguesa-para-o-mp-ms-aulao-especial-de-questoes-aocp\/#breadcrumb\"},\"inLanguage\":\"pt-BR\",\"potentialAction\":[{\"@type\":\"ReadAction\",\"target\":[\"https:\/\/www.estrategiaconcursos.com.br\/blog\/lingua-portuguesa-para-o-mp-ms-aulao-especial-de-questoes-aocp\/\"]}]},{\"@type\":\"ImageObject\",\"inLanguage\":\"pt-BR\",\"@id\":\"https:\/\/www.estrategiaconcursos.com.br\/blog\/lingua-portuguesa-para-o-mp-ms-aulao-especial-de-questoes-aocp\/#primaryimage\",\"url\":\"https:\/\/dhg1h5j42swfq.cloudfront.net\/2017\/12\/20135101\/mp-ms-3-1.jpg\",\"contentUrl\":\"https:\/\/dhg1h5j42swfq.cloudfront.net\/2017\/12\/20135101\/mp-ms-3-1.jpg\",\"width\":1200,\"height\":628,\"caption\":\"concurso mp ms\"},{\"@type\":\"BreadcrumbList\",\"@id\":\"https:\/\/www.estrategiaconcursos.com.br\/blog\/lingua-portuguesa-para-o-mp-ms-aulao-especial-de-questoes-aocp\/#breadcrumb\",\"itemListElement\":[{\"@type\":\"ListItem\",\"position\":1,\"name\":\"In\u00edcio\",\"item\":\"https:\/\/www.estrategiaconcursos.com.br\/blog\/\"},{\"@type\":\"ListItem\",\"position\":2,\"name\":\"L\u00edngua Portuguesa para o MP MS: Aul\u00e3o Especial de Quest\u00f5es AOCP\"}]},{\"@type\":\"WebSite\",\"@id\":\"https:\/\/www.estrategiaconcursos.com.br\/blog\/#website\",\"url\":\"https:\/\/www.estrategiaconcursos.com.br\/blog\/\",\"name\":\"Estrat\u00e9gia Concursos\",\"description\":\"O blog da Estrat\u00e9gia Concursos traz not\u00edcias sobre concursos e artigos de professores oferecendo cursos para concursos (pdf + videaulas) no site.\",\"publisher\":{\"@id\":\"https:\/\/www.estrategiaconcursos.com.br\/blog\/#organization\"},\"potentialAction\":[{\"@type\":\"SearchAction\",\"target\":{\"@type\":\"EntryPoint\",\"urlTemplate\":\"https:\/\/www.estrategiaconcursos.com.br\/blog\/?s={search_term_string}\"},\"query-input\":{\"@type\":\"PropertyValueSpecification\",\"valueRequired\":true,\"valueName\":\"search_term_string\"}}],\"inLanguage\":\"pt-BR\"},{\"@type\":\"Organization\",\"@id\":\"https:\/\/www.estrategiaconcursos.com.br\/blog\/#organization\",\"name\":\"Estrat\u00e9gia Concursos\",\"url\":\"https:\/\/www.estrategiaconcursos.com.br\/blog\/\",\"logo\":{\"@type\":\"ImageObject\",\"inLanguage\":\"pt-BR\",\"@id\":\"https:\/\/www.estrategiaconcursos.com.br\/blog\/#\/schema\/logo\/image\/\",\"url\":\"https:\/\/dhg1h5j42swfq.cloudfront.net\/2025\/06\/03203428\/logo_concursos-1.jpg\",\"contentUrl\":\"https:\/\/dhg1h5j42swfq.cloudfront.net\/2025\/06\/03203428\/logo_concursos-1.jpg\",\"width\":230,\"height\":60,\"caption\":\"Estrat\u00e9gia Concursos\"},\"image\":{\"@id\":\"https:\/\/www.estrategiaconcursos.com.br\/blog\/#\/schema\/logo\/image\/\"},\"sameAs\":[\"https:\/\/x.com\/EstratConcursos\"]},{\"@type\":\"Person\",\"@id\":\"https:\/\/www.estrategiaconcursos.com.br\/blog\/#\/schema\/person\/a06e841e501f2e1d8c49c4e8f066bfd1\",\"name\":\"Priscila Almeida\",\"image\":{\"@type\":\"ImageObject\",\"inLanguage\":\"pt-BR\",\"@id\":\"https:\/\/secure.gravatar.com\/avatar\/0a963c9e2a947fa675b669cea2b5d0ba6dd1cbf46b966190343b6c9973ad3337?s=96&d=mm&r=g\",\"url\":\"https:\/\/secure.gravatar.com\/avatar\/0a963c9e2a947fa675b669cea2b5d0ba6dd1cbf46b966190343b6c9973ad3337?s=96&d=mm&r=g\",\"contentUrl\":\"https:\/\/secure.gravatar.com\/avatar\/0a963c9e2a947fa675b669cea2b5d0ba6dd1cbf46b966190343b6c9973ad3337?s=96&d=mm&r=g\",\"caption\":\"Priscila Almeida\"},\"description\":\"Atua na \u00e1rea de concursos p\u00fablicos desde 2019. As editorias que mais t\u00eam familiaridade s\u00e3o: Tribunais (TJs; TRTs; TREs; TSTs; STJ, STF, STM e TSE); Defensorias; Minist\u00e9rios P\u00fablicos; Procuradorias; Educa\u00e7\u00e3o e Conselhos. Na \u00e1rea de comunica\u00e7\u00e3o, de maneira geral, a caminhada \u00e9 um pouco mais longa - desde 2007. Possui experi\u00eancia em reda\u00e7\u00f5es de r\u00e1dio, TV, Web e impresso, al\u00e9m de desenvolver trabalhos em assessorias de comunica\u00e7\u00e3o institucional, empresarial e p\u00fablicas. Entre outros trabalhos, se destacam a atua\u00e7\u00e3o nas \u00e1reas de Justi\u00e7a, Congresso, Esportes, Sa\u00fade, Agropecu\u00e1ria, Cidades e Avia\u00e7\u00e3o Civil.\",\"url\":\"https:\/\/www.estrategiaconcursos.com.br\/blog\/author\/priscila-almeidaestrategia-com\/\"}]}<\/script>\n<!-- \/ Yoast SEO Premium plugin. -->","yoast_head_json":{"title":"L\u00edngua Portuguesa para o MP MS: Aul\u00e3o Especial de Quest\u00f5es AOCP","robots":{"index":"index","follow":"follow","max-snippet":"max-snippet:-1","max-image-preview":"max-image-preview:large","max-video-preview":"max-video-preview:-1"},"canonical":"https:\/\/www.estrategiaconcursos.com.br\/blog\/lingua-portuguesa-para-o-mp-ms-aulao-especial-de-questoes-aocp\/","og_locale":"pt_BR","og_type":"article","og_title":"L\u00edngua Portuguesa para o MP MS: Aul\u00e3o Especial de Quest\u00f5es AOCP","og_description":"O edital do concurso MP MS (Minist\u00e9rio P\u00fablico do Estado de Mato Grosso do Sul) oferta 07 vagas imediatas mais forma\u00e7\u00e3o de cadastro de reserva. As oportunidades s\u00e3o de n\u00edvel superior de forma\u00e7\u00e3o e contam com vencimento b\u00e1sico de R$ 4.460,42, al\u00e9m dos seguintes benef\u00edcios: Gratifica\u00e7\u00e3o de produtividade no montante de at\u00e9 50% do vencimento [&hellip;]","og_url":"https:\/\/www.estrategiaconcursos.com.br\/blog\/lingua-portuguesa-para-o-mp-ms-aulao-especial-de-questoes-aocp\/","og_site_name":"Estrat\u00e9gia Concursos","article_published_time":"2022-12-16T14:48:24+00:00","article_modified_time":"2022-12-16T14:48:35+00:00","og_image":[{"width":1200,"height":628,"url":"https:\/\/dhg1h5j42swfq.cloudfront.net\/2017\/12\/20135101\/mp-ms-3-1.jpg","type":"image\/jpeg"}],"author":"Priscila Almeida","twitter_card":"summary_large_image","twitter_creator":"@EstratConcursos","twitter_site":"@EstratConcursos","twitter_misc":{"Escrito por":"Priscila Almeida","Est. tempo de leitura":"1 minuto"},"schema":{"@context":"https:\/\/schema.org","@graph":[{"@type":"NewsArticle","@id":"https:\/\/www.estrategiaconcursos.com.br\/blog\/lingua-portuguesa-para-o-mp-ms-aulao-especial-de-questoes-aocp\/#article","isPartOf":{"@id":"https:\/\/www.estrategiaconcursos.com.br\/blog\/lingua-portuguesa-para-o-mp-ms-aulao-especial-de-questoes-aocp\/"},"author":{"name":"Priscila Almeida","@id":"https:\/\/www.estrategiaconcursos.com.br\/blog\/#\/schema\/person\/a06e841e501f2e1d8c49c4e8f066bfd1"},"headline":"L\u00edngua Portuguesa para o MP MS: Aul\u00e3o Especial de Quest\u00f5es AOCP","datePublished":"2022-12-16T14:48:24+00:00","dateModified":"2022-12-16T14:48:35+00:00","mainEntityOfPage":{"@id":"https:\/\/www.estrategiaconcursos.com.br\/blog\/lingua-portuguesa-para-o-mp-ms-aulao-especial-de-questoes-aocp\/"},"wordCount":209,"commentCount":0,"publisher":{"@id":"https:\/\/www.estrategiaconcursos.com.br\/blog\/#organization"},"image":{"@id":"https:\/\/www.estrategiaconcursos.com.br\/blog\/lingua-portuguesa-para-o-mp-ms-aulao-especial-de-questoes-aocp\/#primaryimage"},"thumbnailUrl":"https:\/\/dhg1h5j42swfq.cloudfront.net\/2017\/12\/20135101\/mp-ms-3-1.jpg","articleSection":["Tribunais","\u00daltimas not\u00edcias"],"inLanguage":"pt-BR","potentialAction":[{"@type":"CommentAction","name":"Comment","target":["https:\/\/www.estrategiaconcursos.com.br\/blog\/lingua-portuguesa-para-o-mp-ms-aulao-especial-de-questoes-aocp\/#respond"]}],"copyrightYear":"2022","copyrightHolder":{"@id":"https:\/\/www.estrategiaconcursos.com.br\/blog\/#organization"}},{"@type":"WebPage","@id":"https:\/\/www.estrategiaconcursos.com.br\/blog\/lingua-portuguesa-para-o-mp-ms-aulao-especial-de-questoes-aocp\/","url":"https:\/\/www.estrategiaconcursos.com.br\/blog\/lingua-portuguesa-para-o-mp-ms-aulao-especial-de-questoes-aocp\/","name":"L\u00edngua Portuguesa para o MP MS: Aul\u00e3o Especial de Quest\u00f5es AOCP","isPartOf":{"@id":"https:\/\/www.estrategiaconcursos.com.br\/blog\/#website"},"primaryImageOfPage":{"@id":"https:\/\/www.estrategiaconcursos.com.br\/blog\/lingua-portuguesa-para-o-mp-ms-aulao-especial-de-questoes-aocp\/#primaryimage"},"image":{"@id":"https:\/\/www.estrategiaconcursos.com.br\/blog\/lingua-portuguesa-para-o-mp-ms-aulao-especial-de-questoes-aocp\/#primaryimage"},"thumbnailUrl":"https:\/\/dhg1h5j42swfq.cloudfront.net\/2017\/12\/20135101\/mp-ms-3-1.jpg","datePublished":"2022-12-16T14:48:24+00:00","dateModified":"2022-12-16T14:48:35+00:00","breadcrumb":{"@id":"https:\/\/www.estrategiaconcursos.com.br\/blog\/lingua-portuguesa-para-o-mp-ms-aulao-especial-de-questoes-aocp\/#breadcrumb"},"inLanguage":"pt-BR","potentialAction":[{"@type":"ReadAction","target":["https:\/\/www.estrategiaconcursos.com.br\/blog\/lingua-portuguesa-para-o-mp-ms-aulao-especial-de-questoes-aocp\/"]}]},{"@type":"ImageObject","inLanguage":"pt-BR","@id":"https:\/\/www.estrategiaconcursos.com.br\/blog\/lingua-portuguesa-para-o-mp-ms-aulao-especial-de-questoes-aocp\/#primaryimage","url":"https:\/\/dhg1h5j42swfq.cloudfront.net\/2017\/12\/20135101\/mp-ms-3-1.jpg","contentUrl":"https:\/\/dhg1h5j42swfq.cloudfront.net\/2017\/12\/20135101\/mp-ms-3-1.jpg","width":1200,"height":628,"caption":"concurso mp ms"},{"@type":"BreadcrumbList","@id":"https:\/\/www.estrategiaconcursos.com.br\/blog\/lingua-portuguesa-para-o-mp-ms-aulao-especial-de-questoes-aocp\/#breadcrumb","itemListElement":[{"@type":"ListItem","position":1,"name":"In\u00edcio","item":"https:\/\/www.estrategiaconcursos.com.br\/blog\/"},{"@type":"ListItem","position":2,"name":"L\u00edngua Portuguesa para o MP MS: Aul\u00e3o Especial de Quest\u00f5es AOCP"}]},{"@type":"WebSite","@id":"https:\/\/www.estrategiaconcursos.com.br\/blog\/#website","url":"https:\/\/www.estrategiaconcursos.com.br\/blog\/","name":"Estrat\u00e9gia Concursos","description":"O blog da Estrat\u00e9gia Concursos traz not\u00edcias sobre concursos e artigos de professores oferecendo cursos para concursos (pdf + videaulas) no site.","publisher":{"@id":"https:\/\/www.estrategiaconcursos.com.br\/blog\/#organization"},"potentialAction":[{"@type":"SearchAction","target":{"@type":"EntryPoint","urlTemplate":"https:\/\/www.estrategiaconcursos.com.br\/blog\/?s={search_term_string}"},"query-input":{"@type":"PropertyValueSpecification","valueRequired":true,"valueName":"search_term_string"}}],"inLanguage":"pt-BR"},{"@type":"Organization","@id":"https:\/\/www.estrategiaconcursos.com.br\/blog\/#organization","name":"Estrat\u00e9gia Concursos","url":"https:\/\/www.estrategiaconcursos.com.br\/blog\/","logo":{"@type":"ImageObject","inLanguage":"pt-BR","@id":"https:\/\/www.estrategiaconcursos.com.br\/blog\/#\/schema\/logo\/image\/","url":"https:\/\/dhg1h5j42swfq.cloudfront.net\/2025\/06\/03203428\/logo_concursos-1.jpg","contentUrl":"https:\/\/dhg1h5j42swfq.cloudfront.net\/2025\/06\/03203428\/logo_concursos-1.jpg","width":230,"height":60,"caption":"Estrat\u00e9gia Concursos"},"image":{"@id":"https:\/\/www.estrategiaconcursos.com.br\/blog\/#\/schema\/logo\/image\/"},"sameAs":["https:\/\/x.com\/EstratConcursos"]},{"@type":"Person","@id":"https:\/\/www.estrategiaconcursos.com.br\/blog\/#\/schema\/person\/a06e841e501f2e1d8c49c4e8f066bfd1","name":"Priscila Almeida","image":{"@type":"ImageObject","inLanguage":"pt-BR","@id":"https:\/\/secure.gravatar.com\/avatar\/0a963c9e2a947fa675b669cea2b5d0ba6dd1cbf46b966190343b6c9973ad3337?s=96&d=mm&r=g","url":"https:\/\/secure.gravatar.com\/avatar\/0a963c9e2a947fa675b669cea2b5d0ba6dd1cbf46b966190343b6c9973ad3337?s=96&d=mm&r=g","contentUrl":"https:\/\/secure.gravatar.com\/avatar\/0a963c9e2a947fa675b669cea2b5d0ba6dd1cbf46b966190343b6c9973ad3337?s=96&d=mm&r=g","caption":"Priscila Almeida"},"description":"Atua na \u00e1rea de concursos p\u00fablicos desde 2019. As editorias que mais t\u00eam familiaridade s\u00e3o: Tribunais (TJs; TRTs; TREs; TSTs; STJ, STF, STM e TSE); Defensorias; Minist\u00e9rios P\u00fablicos; Procuradorias; Educa\u00e7\u00e3o e Conselhos. Na \u00e1rea de comunica\u00e7\u00e3o, de maneira geral, a caminhada \u00e9 um pouco mais longa - desde 2007. Possui experi\u00eancia em reda\u00e7\u00f5es de r\u00e1dio, TV, Web e impresso, al\u00e9m de desenvolver trabalhos em assessorias de comunica\u00e7\u00e3o institucional, empresarial e p\u00fablicas. Entre outros trabalhos, se destacam a atua\u00e7\u00e3o nas \u00e1reas de Justi\u00e7a, Congresso, Esportes, Sa\u00fade, Agropecu\u00e1ria, Cidades e Avia\u00e7\u00e3o Civil.","url":"https:\/\/www.estrategiaconcursos.com.br\/blog\/author\/priscila-almeidaestrategia-com\/"}]}},"_links":{"self":[{"href":"https:\/\/www.estrategiaconcursos.com.br\/blog\/wp-json\/wp\/v2\/posts\/1140078","targetHints":{"allow":["GET"]}}],"collection":[{"href":"https:\/\/www.estrategiaconcursos.com.br\/blog\/wp-json\/wp\/v2\/posts"}],"about":[{"href":"https:\/\/www.estrategiaconcursos.com.br\/blog\/wp-json\/wp\/v2\/types\/post"}],"author":[{"embeddable":true,"href":"https:\/\/www.estrategiaconcursos.com.br\/blog\/wp-json\/wp\/v2\/users\/2375"}],"replies":[{"embeddable":true,"href":"https:\/\/www.estrategiaconcursos.com.br\/blog\/wp-json\/wp\/v2\/comments?post=1140078"}],"version-history":[{"count":2,"href":"https:\/\/www.estrategiaconcursos.com.br\/blog\/wp-json\/wp\/v2\/posts\/1140078\/revisions"}],"predecessor-version":[{"id":1140084,"href":"https:\/\/www.estrategiaconcursos.com.br\/blog\/wp-json\/wp\/v2\/posts\/1140078\/revisions\/1140084"}],"wp:featuredmedia":[{"embeddable":true,"href":"https:\/\/www.estrategiaconcursos.com.br\/blog\/wp-json\/wp\/v2\/media\/100029"}],"wp:attachment":[{"href":"https:\/\/www.estrategiaconcursos.com.br\/blog\/wp-json\/wp\/v2\/media?parent=1140078"}],"wp:term":[{"taxonomy":"category","embeddable":true,"href":"https:\/\/www.estrategiaconcursos.com.br\/blog\/wp-json\/wp\/v2\/categories?post=1140078"},{"taxonomy":"post_tag","embeddable":true,"href":"https:\/\/www.estrategiaconcursos.com.br\/blog\/wp-json\/wp\/v2\/tags?post=1140078"},{"taxonomy":"tax_estado","embeddable":true,"href":"https:\/\/www.estrategiaconcursos.com.br\/blog\/wp-json\/wp\/v2\/tax_estado?post=1140078"}],"curies":[{"name":"wp","href":"https:\/\/api.w.org\/{rel}","templated":true}]}}