{"id":1139963,"date":"2022-12-16T10:11:25","date_gmt":"2022-12-16T13:11:25","guid":{"rendered":"https:\/\/www.estrategiaconcursos.com.br\/blog\/?p=1139963"},"modified":"2022-12-16T10:11:28","modified_gmt":"2022-12-16T13:11:28","slug":"prefeitura-de-caruaru-pe-edital-antes-do-natal","status":"publish","type":"post","link":"https:\/\/www.estrategiaconcursos.com.br\/blog\/prefeitura-de-caruaru-pe-edital-antes-do-natal\/","title":{"rendered":"Prefeitura de Caruaru (PE) lan\u00e7ar\u00e1 edital antes do Natal!"},"content":{"rendered":"\n<h3 class=\"wp-block-heading\"><em>Documento ser\u00e1 publicado no dia 22\/12!<\/em><\/h3>\n\n\n\n<p>A <strong>Prefeitura de Caruaru<\/strong>, localizada no estado de Pernambuco, lan\u00e7ar\u00e1 o primeiro edital do lote de concursos de 1.500 vagas, <strong>no dia 22 de dezembro<\/strong>, isto \u00e9, antes do Natal!<\/p>\n\n\n\n<p>A informa\u00e7\u00e3o foi confirmada pelo prefeito, Rodrigo Pinheiro, durante recente <a href=\"https:\/\/blogcenario.com.br\/2022\/12\/15\/rodrigo-anuncia-primeiro-edital-de-concursos-para-prefeitura-de-caruaru\/\" target=\"_blank\" rel=\"noreferrer noopener\">confraterniza\u00e7\u00e3o<\/a> com a imprensa.<\/p>\n\n\n\n<p>De acordo com o gestor, neste primeiro momento ser\u00e3o <strong>24 vagas<\/strong>, sendo quatro para <strong>Auditor Fiscal<\/strong> e <strong>20 para T\u00e9cnico Fazend\u00e1rio<\/strong>. Al\u00e9m disso, duas semanas depois, outro edital ser\u00e1 lan\u00e7ado para mais uma pasta.<\/p>\n\n\n\n<figure class=\"wp-block-image aligncenter size-full\"><img loading=\"lazy\" decoding=\"async\" width=\"800\" height=\"533\" src=\"https:\/\/dhg1h5j42swfq.cloudfront.net\/2022\/12\/16100629\/image_processing20200529-16966-19z6sd1.jpeg\" alt=\"Prefeitura de Caruaru (PE) lan\u00e7ar\u00e1 edital antes do Natal!\" class=\"wp-image-1139989\" srcset=\"https:\/\/dhg1h5j42swfq.cloudfront.net\/2022\/12\/16100629\/image_processing20200529-16966-19z6sd1.jpeg 800w, https:\/\/dhg1h5j42swfq.cloudfront.net\/2022\/12\/16100629\/image_processing20200529-16966-19z6sd1-300x200.jpeg 300w, https:\/\/dhg1h5j42swfq.cloudfront.net\/2022\/12\/16100629\/image_processing20200529-16966-19z6sd1-768x512.jpeg 768w, https:\/\/dhg1h5j42swfq.cloudfront.net\/2022\/12\/16100629\/image_processing20200529-16966-19z6sd1-610x406.jpeg 610w, https:\/\/dhg1h5j42swfq.cloudfront.net\/2022\/12\/16100629\/image_processing20200529-16966-19z6sd1-150x100.jpeg 150w\" sizes=\"auto, (max-width: 800px) 100vw, 800px\" \/><figcaption>Prefeitura de Caruaru (PE) lan\u00e7ar\u00e1 edital antes do Natal!<\/figcaption><\/figure>\n\n\n\n<p>Para Auditor, a remunera\u00e7\u00e3o inicial ser\u00e1 de R$ R$ 4.000,00, al\u00e9m de gratifica\u00e7\u00f5es. Para ingressar no cargo \u00e9 necess\u00e1rio possuir gradua\u00e7\u00e3o de\u00a0<strong>n\u00edvel superior em Direito, Economia ou Ci\u00eancias Cont\u00e1beis<\/strong>, em grau de bacharelado ou de licenciatura plena, por institui\u00e7\u00e3o de ensino superior, oficial ou reconhecida, com diploma registrado na forma da lei.<\/p>\n\n\n\n<h3 class=\"wp-block-heading\">O maior concurso da Prefeitura de Caruaru<\/h3>\n\n\n\n<p><span style=\"font-size: revert; color: initial;\">Ao todo, <\/span><strong style=\"font-size: revert; color: initial;\">1.500 vagas<\/strong><span style=\"font-size: revert; color: initial;\"> s\u00e3o esperadas! Deste total, <\/span><strong style=\"font-size: revert; color: initial;\">616 vagas<\/strong><span style=\"font-size: revert; color: initial;\"> ser\u00e3o destinadas para a \u00e1rea da educa\u00e7\u00e3o (530) e as outras 86 vagas para a Controladoria Geral (CGM), CaruaruPrev, Autarquia de Urbaniza\u00e7\u00e3o e Meio Ambiente (URB) e Fazenda (<\/span><a style=\"font-size: revert;\" href=\"#iss\">ISS<\/a><span style=\"font-size: revert; color: initial;\">).<\/span>   <\/p><p>Sob organiza\u00e7\u00e3o da banca <strong>IBAM<\/strong>, este ser\u00e1 o <a href=\"https:\/\/caruaru.pe.gov.br\/prefeitura-de-caruaru-vai-realizar-o-maior-concurso-da-historia-do-municipio\/\" target=\"_blank\" rel=\"noreferrer noopener\">maior concurso<\/a> realizado no munic\u00edpio!<\/p>\n\n\n\n<p class=\"has-text-align-center\"><em>Para mais detalhes do concurso Prefeitura de Caruaru, cujo edital ser\u00e1 lan\u00e7ado em breve, acesse o link abaixo. Preparamos um artigo completo, separado por t\u00f3picos, para facilitar a sua compreens\u00e3o: <\/em><\/p>\n\n\n\n<p class=\"has-text-align-center has-background has-medium-font-size\" style=\"background-color:#becbd0\"><strong>Saiba mais: <a href=\"https:\/\/www.estrategiaconcursos.com.br\/blog\/concurso-caruaru-pe\/\" target=\"_blank\" rel=\"noreferrer noopener\">concurso Prefeitura de Caruaru<\/a><\/strong><\/p>\n\n\n\n<hr class=\"wp-block-separator has-alpha-channel-opacity\"\/>\n\n\n\n<h2 class=\"has-text-align-center wp-block-heading\" id=\"cursos\">Assinatura e cursos para concursos:<\/h2>\n\n\n\n<div class=\"container\" id=\"boxes\">\n  <div class=\"row\">\n\n    <div class=\"col-sm\">\n      <div class=\"banner-estrategia\" id=\"box-assinatura\">\n        <h3 class=\"titulo-assinatura\">Cursos para concursos<\/h3>\n        <p class=\"subtitulo-assinatura\">Estude conosco<\/p>\n        <div class=\"box-botao\">\n          <a class=\"btn-assinatura\" target=\"_blank\" href=\"https:\/\/www.estrategiaconcursos.com.br\/cursos\/\" role=\"button\" rel=\"noopener noreferrer\">Conhe\u00e7a os cursos<\/a>\n        <\/div>\n      <\/div>\n     \n    <\/div>\n\n  <\/div>\n<\/div>\n\n\n\n<div class=\"container\" id=\"boxes\">\n  <div class=\"row\">\n\n    <div class=\"col-sm\">\n      <div class=\"estrategia\" id=\"box-assinatura\">\n        <h3 class=\"titulo-assinatura\">Assinatura Concursos<\/h3>\n        <p class=\"subtitulo-assinatura\">Assinatura de 1 ano ou 2 anos<\/p>\n        <div class=\"box-botao\">\n          <a class=\"btn-assinatura\" target=\"_blank\" href=\"https:\/\/www.estrategiaconcursos.com.br\/assinaturas\/\" role=\"button\" rel=\"noopener noreferrer\">ASSINE AGORA<\/a>\n        <\/div>\n      <\/div><\/div><\/div><\/div>\n\n\n\n<h2 class=\"has-text-align-center wp-block-heading\" id=\"h-quer-saber-tudo-sobre-concursos-previstos-confira-nossos-artigos\">Quer saber tudo sobre concursos previstos?<br \/>Confira  nossos artigos!<\/h2>\n\n\n\n<ul class=\"wp-block-list\"><li><a href=\"https:\/\/www.estrategiaconcursos.com.br\/blog\/concursos-abertos\/\" target=\"_blank\" rel=\"noreferrer noopener\">Concursos Abertos<\/a><\/li><li><a href=\"https:\/\/www.estrategiaconcursos.com.br\/blog\/concursos-2023\/\" target=\"_blank\" rel=\"noreferrer noopener\">Concursos 2023<\/a><\/li><\/ul>\n","protected":false},"excerpt":{"rendered":"<p>Documento ser\u00e1 publicado no dia 22\/12! A Prefeitura de Caruaru, localizada no estado de Pernambuco, lan\u00e7ar\u00e1 o primeiro edital do lote de concursos de 1.500 vagas, no dia 22 de dezembro, isto \u00e9, antes do Natal! A informa\u00e7\u00e3o foi confirmada pelo prefeito, Rodrigo Pinheiro, durante recente confraterniza\u00e7\u00e3o com a imprensa. De acordo com o gestor, [&hellip;]<\/p>\n","protected":false},"author":2018,"featured_media":1132837,"comment_status":"open","ping_status":"closed","sticky":false,"template":"","format":"standard","meta":{"post_tipo":"news","footnotes":""},"categories":[214992,220219],"tags":[],"tax_estado":[219979],"class_list":["post-1139963","post","type-post","status-publish","format-standard","has-post-thumbnail","hentry","category-concursos-administrativos","category-noticias","tax_estado-pe"],"acf":[],"yoast_head":"<!-- This site is optimized with the Yoast SEO Premium plugin v27.2 (Yoast SEO v27.2) - https:\/\/yoast.com\/product\/yoast-seo-premium-wordpress\/ -->\n<title>Prefeitura de Caruaru (PE) lan\u00e7ar\u00e1 edital antes do Natal!<\/title>\n<meta name=\"description\" content=\"A Prefeitura de Caruaru (PE) lan\u00e7ar\u00e1 o primeiro edital do lote de concursos de 1.500 vagas, no dia 22 de dezembro, isto \u00e9, antes do Natal!\" \/>\n<meta name=\"robots\" content=\"index, follow, max-snippet:-1, max-image-preview:large, max-video-preview:-1\" \/>\n<link rel=\"canonical\" href=\"https:\/\/www.estrategiaconcursos.com.br\/blog\/prefeitura-de-caruaru-pe-edital-antes-do-natal\/\" \/>\n<meta property=\"og:locale\" content=\"pt_BR\" \/>\n<meta property=\"og:type\" content=\"article\" \/>\n<meta property=\"og:title\" content=\"Prefeitura de Caruaru (PE) lan\u00e7ar\u00e1 edital antes do Natal!\" \/>\n<meta property=\"og:description\" content=\"A Prefeitura de Caruaru (PE) lan\u00e7ar\u00e1 o primeiro edital do lote de concursos de 1.500 vagas, no dia 22 de dezembro, isto \u00e9, antes do Natal!\" \/>\n<meta property=\"og:url\" content=\"https:\/\/www.estrategiaconcursos.com.br\/blog\/prefeitura-de-caruaru-pe-edital-antes-do-natal\/\" \/>\n<meta property=\"og:site_name\" content=\"Estrat\u00e9gia Concursos\" \/>\n<meta property=\"article:published_time\" content=\"2022-12-16T13:11:25+00:00\" \/>\n<meta property=\"article:modified_time\" content=\"2022-12-16T13:11:28+00:00\" \/>\n<meta property=\"og:image\" content=\"https:\/\/dhg1h5j42swfq.cloudfront.net\/2022\/11\/01135743\/768-432-max-12.jpg\" \/>\n\t<meta property=\"og:image:width\" content=\"768\" \/>\n\t<meta property=\"og:image:height\" content=\"432\" \/>\n\t<meta property=\"og:image:type\" content=\"image\/jpeg\" \/>\n<meta name=\"author\" content=\"B\u00e1rbara Carvalho Santos\" \/>\n<meta name=\"twitter:card\" content=\"summary_large_image\" \/>\n<meta name=\"twitter:creator\" content=\"@EstratConcursos\" \/>\n<meta name=\"twitter:site\" content=\"@EstratConcursos\" \/>\n<meta name=\"twitter:label1\" content=\"Escrito por\" \/>\n\t<meta name=\"twitter:data1\" content=\"B\u00e1rbara Carvalho Santos\" \/>\n\t<meta name=\"twitter:label2\" content=\"Est. tempo de leitura\" \/>\n\t<meta name=\"twitter:data2\" content=\"1 minuto\" \/>\n<script type=\"application\/ld+json\" class=\"yoast-schema-graph\">{\"@context\":\"https:\/\/schema.org\",\"@graph\":[{\"@type\":\"NewsArticle\",\"@id\":\"https:\/\/www.estrategiaconcursos.com.br\/blog\/prefeitura-de-caruaru-pe-edital-antes-do-natal\/#article\",\"isPartOf\":{\"@id\":\"https:\/\/www.estrategiaconcursos.com.br\/blog\/prefeitura-de-caruaru-pe-edital-antes-do-natal\/\"},\"author\":{\"name\":\"B\u00e1rbara Carvalho Santos\",\"@id\":\"https:\/\/www.estrategiaconcursos.com.br\/blog\/#\/schema\/person\/e3882259fa157d54c44c21f4ee4e0e60\"},\"headline\":\"Prefeitura de Caruaru (PE) lan\u00e7ar\u00e1 edital antes do Natal!\",\"datePublished\":\"2022-12-16T13:11:25+00:00\",\"dateModified\":\"2022-12-16T13:11:28+00:00\",\"mainEntityOfPage\":{\"@id\":\"https:\/\/www.estrategiaconcursos.com.br\/blog\/prefeitura-de-caruaru-pe-edital-antes-do-natal\/\"},\"wordCount\":301,\"commentCount\":0,\"publisher\":{\"@id\":\"https:\/\/www.estrategiaconcursos.com.br\/blog\/#organization\"},\"image\":{\"@id\":\"https:\/\/www.estrategiaconcursos.com.br\/blog\/prefeitura-de-caruaru-pe-edital-antes-do-natal\/#primaryimage\"},\"thumbnailUrl\":\"https:\/\/dhg1h5j42swfq.cloudfront.net\/2022\/11\/01135743\/768-432-max-12.jpg\",\"articleSection\":[\"Executivo (Administrativa)\",\"\u00daltimas not\u00edcias\"],\"inLanguage\":\"pt-BR\",\"potentialAction\":[{\"@type\":\"CommentAction\",\"name\":\"Comment\",\"target\":[\"https:\/\/www.estrategiaconcursos.com.br\/blog\/prefeitura-de-caruaru-pe-edital-antes-do-natal\/#respond\"]}],\"copyrightYear\":\"2022\",\"copyrightHolder\":{\"@id\":\"https:\/\/www.estrategiaconcursos.com.br\/blog\/#organization\"}},{\"@type\":\"WebPage\",\"@id\":\"https:\/\/www.estrategiaconcursos.com.br\/blog\/prefeitura-de-caruaru-pe-edital-antes-do-natal\/\",\"url\":\"https:\/\/www.estrategiaconcursos.com.br\/blog\/prefeitura-de-caruaru-pe-edital-antes-do-natal\/\",\"name\":\"Prefeitura de Caruaru (PE) lan\u00e7ar\u00e1 edital antes do Natal!\",\"isPartOf\":{\"@id\":\"https:\/\/www.estrategiaconcursos.com.br\/blog\/#website\"},\"primaryImageOfPage\":{\"@id\":\"https:\/\/www.estrategiaconcursos.com.br\/blog\/prefeitura-de-caruaru-pe-edital-antes-do-natal\/#primaryimage\"},\"image\":{\"@id\":\"https:\/\/www.estrategiaconcursos.com.br\/blog\/prefeitura-de-caruaru-pe-edital-antes-do-natal\/#primaryimage\"},\"thumbnailUrl\":\"https:\/\/dhg1h5j42swfq.cloudfront.net\/2022\/11\/01135743\/768-432-max-12.jpg\",\"datePublished\":\"2022-12-16T13:11:25+00:00\",\"dateModified\":\"2022-12-16T13:11:28+00:00\",\"description\":\"A Prefeitura de Caruaru (PE) lan\u00e7ar\u00e1 o primeiro edital do lote de concursos de 1.500 vagas, no dia 22 de dezembro, isto \u00e9, antes do Natal!\",\"breadcrumb\":{\"@id\":\"https:\/\/www.estrategiaconcursos.com.br\/blog\/prefeitura-de-caruaru-pe-edital-antes-do-natal\/#breadcrumb\"},\"inLanguage\":\"pt-BR\",\"potentialAction\":[{\"@type\":\"ReadAction\",\"target\":[\"https:\/\/www.estrategiaconcursos.com.br\/blog\/prefeitura-de-caruaru-pe-edital-antes-do-natal\/\"]}]},{\"@type\":\"ImageObject\",\"inLanguage\":\"pt-BR\",\"@id\":\"https:\/\/www.estrategiaconcursos.com.br\/blog\/prefeitura-de-caruaru-pe-edital-antes-do-natal\/#primaryimage\",\"url\":\"https:\/\/dhg1h5j42swfq.cloudfront.net\/2022\/11\/01135743\/768-432-max-12.jpg\",\"contentUrl\":\"https:\/\/dhg1h5j42swfq.cloudfront.net\/2022\/11\/01135743\/768-432-max-12.jpg\",\"width\":768,\"height\":432,\"caption\":\"prefeitura de caruaru\"},{\"@type\":\"BreadcrumbList\",\"@id\":\"https:\/\/www.estrategiaconcursos.com.br\/blog\/prefeitura-de-caruaru-pe-edital-antes-do-natal\/#breadcrumb\",\"itemListElement\":[{\"@type\":\"ListItem\",\"position\":1,\"name\":\"In\u00edcio\",\"item\":\"https:\/\/www.estrategiaconcursos.com.br\/blog\/\"},{\"@type\":\"ListItem\",\"position\":2,\"name\":\"Prefeitura de Caruaru (PE) lan\u00e7ar\u00e1 edital antes do Natal!\"}]},{\"@type\":\"WebSite\",\"@id\":\"https:\/\/www.estrategiaconcursos.com.br\/blog\/#website\",\"url\":\"https:\/\/www.estrategiaconcursos.com.br\/blog\/\",\"name\":\"Estrat\u00e9gia Concursos\",\"description\":\"O blog da Estrat\u00e9gia Concursos traz not\u00edcias sobre concursos e artigos de professores oferecendo cursos para concursos (pdf + videaulas) no site.\",\"publisher\":{\"@id\":\"https:\/\/www.estrategiaconcursos.com.br\/blog\/#organization\"},\"potentialAction\":[{\"@type\":\"SearchAction\",\"target\":{\"@type\":\"EntryPoint\",\"urlTemplate\":\"https:\/\/www.estrategiaconcursos.com.br\/blog\/?s={search_term_string}\"},\"query-input\":{\"@type\":\"PropertyValueSpecification\",\"valueRequired\":true,\"valueName\":\"search_term_string\"}}],\"inLanguage\":\"pt-BR\"},{\"@type\":\"Organization\",\"@id\":\"https:\/\/www.estrategiaconcursos.com.br\/blog\/#organization\",\"name\":\"Estrat\u00e9gia Concursos\",\"url\":\"https:\/\/www.estrategiaconcursos.com.br\/blog\/\",\"logo\":{\"@type\":\"ImageObject\",\"inLanguage\":\"pt-BR\",\"@id\":\"https:\/\/www.estrategiaconcursos.com.br\/blog\/#\/schema\/logo\/image\/\",\"url\":\"https:\/\/dhg1h5j42swfq.cloudfront.net\/2025\/06\/03203428\/logo_concursos-1.jpg\",\"contentUrl\":\"https:\/\/dhg1h5j42swfq.cloudfront.net\/2025\/06\/03203428\/logo_concursos-1.jpg\",\"width\":230,\"height\":60,\"caption\":\"Estrat\u00e9gia Concursos\"},\"image\":{\"@id\":\"https:\/\/www.estrategiaconcursos.com.br\/blog\/#\/schema\/logo\/image\/\"},\"sameAs\":[\"https:\/\/x.com\/EstratConcursos\"]},{\"@type\":\"Person\",\"@id\":\"https:\/\/www.estrategiaconcursos.com.br\/blog\/#\/schema\/person\/e3882259fa157d54c44c21f4ee4e0e60\",\"name\":\"B\u00e1rbara Carvalho Santos\",\"image\":{\"@type\":\"ImageObject\",\"inLanguage\":\"pt-BR\",\"@id\":\"https:\/\/secure.gravatar.com\/avatar\/353300f73140f779692b9be2b39f434d1341e4e34c7f55bd5a990fe29ef352eb?s=96&d=mm&r=g\",\"url\":\"https:\/\/secure.gravatar.com\/avatar\/353300f73140f779692b9be2b39f434d1341e4e34c7f55bd5a990fe29ef352eb?s=96&d=mm&r=g\",\"contentUrl\":\"https:\/\/secure.gravatar.com\/avatar\/353300f73140f779692b9be2b39f434d1341e4e34c7f55bd5a990fe29ef352eb?s=96&d=mm&r=g\",\"caption\":\"B\u00e1rbara Carvalho Santos\"},\"description\":\"M\u00e3e e jornalista formada pela UNIP, possui ampla experi\u00eancia na cobertura de entretenimento em grandes ve\u00edculos, como o site da CNN, RedeTV! e Estrat\u00e9gia Educacional. Atuou tamb\u00e9m em ag\u00eancias de marketing, produtoras musicais e assessorias de imprensa, com foco especial no trabalho com personalidades p\u00fablicas. Atualmente, integra a equipe do Estrat\u00e9gia Concursos, onde \u00e9 respons\u00e1vel pela produ\u00e7\u00e3o de conte\u00fados estrat\u00e9gicos voltados para o setor de concursos p\u00fablicos, com destaque para a \u00e1rea fiscal, gest\u00e3o, controle, concursos administrativos e Minist\u00e9rios participantes do CNU, al\u00e9m de diversos \u00f3rg\u00e3os federais. Tem como miss\u00e3o transformar informa\u00e7\u00f5es complexas em conte\u00fados acess\u00edveis, relevantes e de alto valor para quem sonha com uma carreira no servi\u00e7o p\u00fablico.\",\"url\":\"https:\/\/www.estrategiaconcursos.com.br\/blog\/author\/barbara-santos\/\"}]}<\/script>\n<!-- \/ Yoast SEO Premium plugin. -->","yoast_head_json":{"title":"Prefeitura de Caruaru (PE) lan\u00e7ar\u00e1 edital antes do Natal!","description":"A Prefeitura de Caruaru (PE) lan\u00e7ar\u00e1 o primeiro edital do lote de concursos de 1.500 vagas, no dia 22 de dezembro, isto \u00e9, antes do Natal!","robots":{"index":"index","follow":"follow","max-snippet":"max-snippet:-1","max-image-preview":"max-image-preview:large","max-video-preview":"max-video-preview:-1"},"canonical":"https:\/\/www.estrategiaconcursos.com.br\/blog\/prefeitura-de-caruaru-pe-edital-antes-do-natal\/","og_locale":"pt_BR","og_type":"article","og_title":"Prefeitura de Caruaru (PE) lan\u00e7ar\u00e1 edital antes do Natal!","og_description":"A Prefeitura de Caruaru (PE) lan\u00e7ar\u00e1 o primeiro edital do lote de concursos de 1.500 vagas, no dia 22 de dezembro, isto \u00e9, antes do Natal!","og_url":"https:\/\/www.estrategiaconcursos.com.br\/blog\/prefeitura-de-caruaru-pe-edital-antes-do-natal\/","og_site_name":"Estrat\u00e9gia Concursos","article_published_time":"2022-12-16T13:11:25+00:00","article_modified_time":"2022-12-16T13:11:28+00:00","og_image":[{"width":768,"height":432,"url":"https:\/\/dhg1h5j42swfq.cloudfront.net\/2022\/11\/01135743\/768-432-max-12.jpg","type":"image\/jpeg"}],"author":"B\u00e1rbara Carvalho Santos","twitter_card":"summary_large_image","twitter_creator":"@EstratConcursos","twitter_site":"@EstratConcursos","twitter_misc":{"Escrito por":"B\u00e1rbara Carvalho Santos","Est. tempo de leitura":"1 minuto"},"schema":{"@context":"https:\/\/schema.org","@graph":[{"@type":"NewsArticle","@id":"https:\/\/www.estrategiaconcursos.com.br\/blog\/prefeitura-de-caruaru-pe-edital-antes-do-natal\/#article","isPartOf":{"@id":"https:\/\/www.estrategiaconcursos.com.br\/blog\/prefeitura-de-caruaru-pe-edital-antes-do-natal\/"},"author":{"name":"B\u00e1rbara Carvalho Santos","@id":"https:\/\/www.estrategiaconcursos.com.br\/blog\/#\/schema\/person\/e3882259fa157d54c44c21f4ee4e0e60"},"headline":"Prefeitura de Caruaru (PE) lan\u00e7ar\u00e1 edital antes do Natal!","datePublished":"2022-12-16T13:11:25+00:00","dateModified":"2022-12-16T13:11:28+00:00","mainEntityOfPage":{"@id":"https:\/\/www.estrategiaconcursos.com.br\/blog\/prefeitura-de-caruaru-pe-edital-antes-do-natal\/"},"wordCount":301,"commentCount":0,"publisher":{"@id":"https:\/\/www.estrategiaconcursos.com.br\/blog\/#organization"},"image":{"@id":"https:\/\/www.estrategiaconcursos.com.br\/blog\/prefeitura-de-caruaru-pe-edital-antes-do-natal\/#primaryimage"},"thumbnailUrl":"https:\/\/dhg1h5j42swfq.cloudfront.net\/2022\/11\/01135743\/768-432-max-12.jpg","articleSection":["Executivo (Administrativa)","\u00daltimas not\u00edcias"],"inLanguage":"pt-BR","potentialAction":[{"@type":"CommentAction","name":"Comment","target":["https:\/\/www.estrategiaconcursos.com.br\/blog\/prefeitura-de-caruaru-pe-edital-antes-do-natal\/#respond"]}],"copyrightYear":"2022","copyrightHolder":{"@id":"https:\/\/www.estrategiaconcursos.com.br\/blog\/#organization"}},{"@type":"WebPage","@id":"https:\/\/www.estrategiaconcursos.com.br\/blog\/prefeitura-de-caruaru-pe-edital-antes-do-natal\/","url":"https:\/\/www.estrategiaconcursos.com.br\/blog\/prefeitura-de-caruaru-pe-edital-antes-do-natal\/","name":"Prefeitura de Caruaru (PE) lan\u00e7ar\u00e1 edital antes do Natal!","isPartOf":{"@id":"https:\/\/www.estrategiaconcursos.com.br\/blog\/#website"},"primaryImageOfPage":{"@id":"https:\/\/www.estrategiaconcursos.com.br\/blog\/prefeitura-de-caruaru-pe-edital-antes-do-natal\/#primaryimage"},"image":{"@id":"https:\/\/www.estrategiaconcursos.com.br\/blog\/prefeitura-de-caruaru-pe-edital-antes-do-natal\/#primaryimage"},"thumbnailUrl":"https:\/\/dhg1h5j42swfq.cloudfront.net\/2022\/11\/01135743\/768-432-max-12.jpg","datePublished":"2022-12-16T13:11:25+00:00","dateModified":"2022-12-16T13:11:28+00:00","description":"A Prefeitura de Caruaru (PE) lan\u00e7ar\u00e1 o primeiro edital do lote de concursos de 1.500 vagas, no dia 22 de dezembro, isto \u00e9, antes do Natal!","breadcrumb":{"@id":"https:\/\/www.estrategiaconcursos.com.br\/blog\/prefeitura-de-caruaru-pe-edital-antes-do-natal\/#breadcrumb"},"inLanguage":"pt-BR","potentialAction":[{"@type":"ReadAction","target":["https:\/\/www.estrategiaconcursos.com.br\/blog\/prefeitura-de-caruaru-pe-edital-antes-do-natal\/"]}]},{"@type":"ImageObject","inLanguage":"pt-BR","@id":"https:\/\/www.estrategiaconcursos.com.br\/blog\/prefeitura-de-caruaru-pe-edital-antes-do-natal\/#primaryimage","url":"https:\/\/dhg1h5j42swfq.cloudfront.net\/2022\/11\/01135743\/768-432-max-12.jpg","contentUrl":"https:\/\/dhg1h5j42swfq.cloudfront.net\/2022\/11\/01135743\/768-432-max-12.jpg","width":768,"height":432,"caption":"prefeitura de caruaru"},{"@type":"BreadcrumbList","@id":"https:\/\/www.estrategiaconcursos.com.br\/blog\/prefeitura-de-caruaru-pe-edital-antes-do-natal\/#breadcrumb","itemListElement":[{"@type":"ListItem","position":1,"name":"In\u00edcio","item":"https:\/\/www.estrategiaconcursos.com.br\/blog\/"},{"@type":"ListItem","position":2,"name":"Prefeitura de Caruaru (PE) lan\u00e7ar\u00e1 edital antes do Natal!"}]},{"@type":"WebSite","@id":"https:\/\/www.estrategiaconcursos.com.br\/blog\/#website","url":"https:\/\/www.estrategiaconcursos.com.br\/blog\/","name":"Estrat\u00e9gia Concursos","description":"O blog da Estrat\u00e9gia Concursos traz not\u00edcias sobre concursos e artigos de professores oferecendo cursos para concursos (pdf + videaulas) no site.","publisher":{"@id":"https:\/\/www.estrategiaconcursos.com.br\/blog\/#organization"},"potentialAction":[{"@type":"SearchAction","target":{"@type":"EntryPoint","urlTemplate":"https:\/\/www.estrategiaconcursos.com.br\/blog\/?s={search_term_string}"},"query-input":{"@type":"PropertyValueSpecification","valueRequired":true,"valueName":"search_term_string"}}],"inLanguage":"pt-BR"},{"@type":"Organization","@id":"https:\/\/www.estrategiaconcursos.com.br\/blog\/#organization","name":"Estrat\u00e9gia Concursos","url":"https:\/\/www.estrategiaconcursos.com.br\/blog\/","logo":{"@type":"ImageObject","inLanguage":"pt-BR","@id":"https:\/\/www.estrategiaconcursos.com.br\/blog\/#\/schema\/logo\/image\/","url":"https:\/\/dhg1h5j42swfq.cloudfront.net\/2025\/06\/03203428\/logo_concursos-1.jpg","contentUrl":"https:\/\/dhg1h5j42swfq.cloudfront.net\/2025\/06\/03203428\/logo_concursos-1.jpg","width":230,"height":60,"caption":"Estrat\u00e9gia Concursos"},"image":{"@id":"https:\/\/www.estrategiaconcursos.com.br\/blog\/#\/schema\/logo\/image\/"},"sameAs":["https:\/\/x.com\/EstratConcursos"]},{"@type":"Person","@id":"https:\/\/www.estrategiaconcursos.com.br\/blog\/#\/schema\/person\/e3882259fa157d54c44c21f4ee4e0e60","name":"B\u00e1rbara Carvalho Santos","image":{"@type":"ImageObject","inLanguage":"pt-BR","@id":"https:\/\/secure.gravatar.com\/avatar\/353300f73140f779692b9be2b39f434d1341e4e34c7f55bd5a990fe29ef352eb?s=96&d=mm&r=g","url":"https:\/\/secure.gravatar.com\/avatar\/353300f73140f779692b9be2b39f434d1341e4e34c7f55bd5a990fe29ef352eb?s=96&d=mm&r=g","contentUrl":"https:\/\/secure.gravatar.com\/avatar\/353300f73140f779692b9be2b39f434d1341e4e34c7f55bd5a990fe29ef352eb?s=96&d=mm&r=g","caption":"B\u00e1rbara Carvalho Santos"},"description":"M\u00e3e e jornalista formada pela UNIP, possui ampla experi\u00eancia na cobertura de entretenimento em grandes ve\u00edculos, como o site da CNN, RedeTV! e Estrat\u00e9gia Educacional. Atuou tamb\u00e9m em ag\u00eancias de marketing, produtoras musicais e assessorias de imprensa, com foco especial no trabalho com personalidades p\u00fablicas. Atualmente, integra a equipe do Estrat\u00e9gia Concursos, onde \u00e9 respons\u00e1vel pela produ\u00e7\u00e3o de conte\u00fados estrat\u00e9gicos voltados para o setor de concursos p\u00fablicos, com destaque para a \u00e1rea fiscal, gest\u00e3o, controle, concursos administrativos e Minist\u00e9rios participantes do CNU, al\u00e9m de diversos \u00f3rg\u00e3os federais. Tem como miss\u00e3o transformar informa\u00e7\u00f5es complexas em conte\u00fados acess\u00edveis, relevantes e de alto valor para quem sonha com uma carreira no servi\u00e7o p\u00fablico.","url":"https:\/\/www.estrategiaconcursos.com.br\/blog\/author\/barbara-santos\/"}]}},"_links":{"self":[{"href":"https:\/\/www.estrategiaconcursos.com.br\/blog\/wp-json\/wp\/v2\/posts\/1139963","targetHints":{"allow":["GET"]}}],"collection":[{"href":"https:\/\/www.estrategiaconcursos.com.br\/blog\/wp-json\/wp\/v2\/posts"}],"about":[{"href":"https:\/\/www.estrategiaconcursos.com.br\/blog\/wp-json\/wp\/v2\/types\/post"}],"author":[{"embeddable":true,"href":"https:\/\/www.estrategiaconcursos.com.br\/blog\/wp-json\/wp\/v2\/users\/2018"}],"replies":[{"embeddable":true,"href":"https:\/\/www.estrategiaconcursos.com.br\/blog\/wp-json\/wp\/v2\/comments?post=1139963"}],"version-history":[{"count":3,"href":"https:\/\/www.estrategiaconcursos.com.br\/blog\/wp-json\/wp\/v2\/posts\/1139963\/revisions"}],"predecessor-version":[{"id":1139997,"href":"https:\/\/www.estrategiaconcursos.com.br\/blog\/wp-json\/wp\/v2\/posts\/1139963\/revisions\/1139997"}],"wp:featuredmedia":[{"embeddable":true,"href":"https:\/\/www.estrategiaconcursos.com.br\/blog\/wp-json\/wp\/v2\/media\/1132837"}],"wp:attachment":[{"href":"https:\/\/www.estrategiaconcursos.com.br\/blog\/wp-json\/wp\/v2\/media?parent=1139963"}],"wp:term":[{"taxonomy":"category","embeddable":true,"href":"https:\/\/www.estrategiaconcursos.com.br\/blog\/wp-json\/wp\/v2\/categories?post=1139963"},{"taxonomy":"post_tag","embeddable":true,"href":"https:\/\/www.estrategiaconcursos.com.br\/blog\/wp-json\/wp\/v2\/tags?post=1139963"},{"taxonomy":"tax_estado","embeddable":true,"href":"https:\/\/www.estrategiaconcursos.com.br\/blog\/wp-json\/wp\/v2\/tax_estado?post=1139963"}],"curies":[{"name":"wp","href":"https:\/\/api.w.org\/{rel}","templated":true}]}}