{"id":1139514,"date":"2023-04-12T10:00:00","date_gmt":"2023-04-12T13:00:00","guid":{"rendered":"https:\/\/www.estrategiaconcursos.com.br\/blog\/?p=1139514"},"modified":"2023-04-12T13:52:13","modified_gmt":"2023-04-12T16:52:13","slug":"concurso-camprev","status":"publish","type":"post","link":"https:\/\/www.estrategiaconcursos.com.br\/blog\/concurso-camprev\/","title":{"rendered":"Concurso Camprev: novos resultados divulgados!"},"content":{"rendered":"\n<p>Foram publicados os resultados das provas objetivas e a classifica\u00e7\u00e3o pr\u00e9via do concurso p\u00fablico <strong><a href=\"https:\/\/www.estrategiaconcursos.com.br\/cursosPorConcurso\/instituto-de-previdencia-social-de-campinas-camprev\/\" target=\"_blank\" rel=\"noreferrer noopener\">Instituto de Previd\u00eancia Social de Campinas<\/a><\/strong> (<strong>Camprev<\/strong>). Para ter acesso, basta acessar o link abaixo:<\/p>\n\n\n\n<ul class=\"wp-block-list\">\n<li><a href=\"https:\/\/dhg1h5j42swfq.cloudfront.net\/2023\/04\/12135039\/camprev.pdf\" target=\"_blank\" rel=\"noreferrer noopener nofollow\"><strong>Resultado da objetiva e classifica\u00e7\u00e3o pr\u00e9via<\/strong><\/a><\/li>\n<\/ul>\n\n\n\n<p>Os candidatos interessados em interpor recursos contra os resultados divulgados devem realizar o procedimento entre os dias <strong>13 e 14 de abril<\/strong>, atrav\u00e9s do site da Funda\u00e7\u00e3o VUNESP.<\/p>\n\n\n\n<p>Lembrando que a divulga\u00e7\u00e3o da classifica\u00e7\u00e3o final est\u00e1 prevista para ser publicada no dia 28 de abril, conforme estipula o cronograma de atividades.<\/p>\n\n\n\n<p>Ademais, o certame oferta sete vagas imediatas distribu\u00eddas em cinco cargos, com sal\u00e1rios iniciais que variam de <strong>R$ 3 mil a R$ 9,2 mil<\/strong>. Os futuros servidores ter\u00e3o que cumprir jornadas de at\u00e9 40 horas. <\/p>\n\n\n\n<ul class=\"has-very-light-gray-to-cyan-bluish-gray-gradient-background has-background wp-block-list\">\n<li><strong>Instituto de Previd\u00eancia Social de Campinas<\/strong> <strong>&#8211; SP<\/strong><\/li>\n\n\n\n<li><strong style=\"color: initial;\">Status:<\/strong><span style=\"color: initial;\">&nbsp;<\/span>em andamento<\/li>\n\n\n\n<li><strong>Banca:<\/strong> <a href=\"https:\/\/www.vunesp.com.br\/CAMP2201\" target=\"_blank\" rel=\"noreferrer noopener\">Vunesp<\/a><\/li>\n\n\n\n<li><strong>Vagas:\u00a0<\/strong>07<\/li>\n\n\n\n<li><strong>Sal\u00e1rio inicial:&nbsp;<\/strong>R$ 3.017,18 a R$ 9.283,73<\/li>\n\n\n\n<li><strong>Edital:&nbsp;<\/strong><a href=\"https:\/\/dhg1h5j42swfq.cloudfront.net\/2022\/12\/15150139\/concurso-publico-magisterio-e-geral.pdf\" target=\"_blank\" rel=\"noreferrer noopener nofollow\">Camprev 2022<\/a><\/li>\n<\/ul>\n\n\n\n<p>Confira neste artigo os principais detalhes sobre o concurso Camprev. Acompanhe os t\u00f3picos abaixo e n\u00e3o perca nenhum detalhe:<\/p>\n\n\n\n<ul class=\"wp-block-list\" id=\"indice\">\n<li><a href=\"#vagas\"><strong>Distribui\u00e7\u00e3o das vagas<\/strong><\/a>\n<ul class=\"wp-block-list\">\n<li><a href=\"#medio\">N\u00edvel m\u00e9dio<\/a><\/li>\n\n\n\n<li><a href=\"#superior\">N\u00edvel superior<\/a><\/li>\n\n\n\n<li><a href=\"#inscritos\">Demanda de inscritos<\/a><\/li>\n<\/ul>\n<\/li>\n\n\n\n<li><a href=\"#carreira\"><strong>Carreira<\/strong><\/a>\n<ul class=\"wp-block-list\">\n<li><a href=\"#requisitos\">Requisitos<\/a><\/li>\n\n\n\n<li><a href=\"#atribuicoes\">Atribui\u00e7\u00f5es<\/a><\/li>\n<\/ul>\n<\/li>\n\n\n\n<li><a href=\"#etapas\"><strong>Etapas<\/strong><\/a>\n<ul class=\"wp-block-list\">\n<li><a href=\"#objetiva\">Prova objetiva<\/a><\/li>\n\n\n\n<li><a href=\"#discursiva\">Prova discursiva<\/a><\/li>\n<\/ul>\n<\/li>\n\n\n\n<li><a href=\"#cursos\"><strong>Cursos e assinaturas<\/strong><\/a><\/li>\n\n\n\n<li><a href=\"#ficha\"><strong>Ficha t\u00e9cnica<\/strong><\/a><\/li>\n<\/ul>\n\n\n\n<div class=\"container\" id=\"boxes\">\n  <div class=\"row\">\n\n    <div class=\"col-sm\">\n      <div class=\"banner-estrategia\" id=\"box-assinatura\">\n        <h3 class=\"titulo-assinatura\">Cursos para CamPrev<\/h3>\n        <p class=\"subtitulo-assinatura\">Estude conosco<\/p>\n        <div class=\"box-botao\">\n          <a class=\"btn-assinatura\" target=\"_blank\" href=\"https:\/\/www.estrategiaconcursos.com.br\/cursosPorConcurso\/instituto-de-previdencia-social-de-campinas-camprev\/\" role=\"button\" rel=\"noopener noreferrer\">Conhe\u00e7a os cursos<\/a>\n        <\/div>\n      <\/div>\n     \n    <\/div>\n\n  <\/div>\n<\/div>\n\n\n\n<h2 class=\"wp-block-heading\" id=\"vagas\">Concurso Camprev: distribui\u00e7\u00e3o das vagas<\/h2>\n\n\n\n<h3 class=\"wp-block-heading\" id=\"medio\">N\u00edvel m\u00e9dio<\/h3>\n\n\n\n<ul class=\"wp-block-list\">\n<li><strong>Agente Administrativo: <\/strong>3 vagas (R$ 3.017,18).<\/li>\n<\/ul>\n\n\n\n<h3 class=\"wp-block-heading\" id=\"superior\">N\u00edvel superior<\/h3>\n\n\n\n<ul class=\"wp-block-list\">\n<li><strong><span style=\"color: initial;\">Assistente Social<\/span><\/strong><span style=\"color: initial;\">: <\/span>01 vaga<span style=\"color: initial;\"> (R$ 6.730,69);<\/span><\/li>\n\n\n\n<li><strong>Contador<\/strong>: 01 vaga <span style=\"color: initial;\">(R$ 6.730,69);<\/span><\/li>\n\n\n\n<li><strong>Economista<\/strong>: 01 vaga <span style=\"color: initial;\">(R$ 6.730,69);<\/span><\/li>\n\n\n\n<li><strong>Procurador<\/strong>: 01 vaga (R$ 9.283,73). <\/li>\n<\/ul>\n\n\n\n<h3 class=\"wp-block-heading\" id=\"inscritos\">Demanda de inscritos<\/h3>\n\n\n\n<p>Segundo informa\u00e7\u00f5es da prefeitura, 58% dos 5.824 candidatos inscritos compareceram para fazer a prova objetiva, ou seja, cerca de 3.377 inscritos. Confira abaixo a demanda de candidaturas por cargo:<\/p>\n\n\n\n<ul class=\"wp-block-list\">\n<li><a href=\"https:\/\/dhg1h5j42swfq.cloudfront.net\/2023\/03\/21141558\/inscritos.pdf\" target=\"_blank\" rel=\"noreferrer noopener nofollow\"><strong>Demanda de inscritos<\/strong><\/a><\/li>\n<\/ul>\n\n\n\n<h2 class=\"wp-block-heading\" id=\"carreira\">Concurso Camprev: carreira<\/h2>\n\n\n\n<h3 class=\"wp-block-heading\" id=\"requisitos\">Requisitos<\/h3>\n\n\n\n<ul class=\"wp-block-list\">\n<li><strong>Agente Administrativo: <\/strong>Ensino m\u00e9dio completo;<\/li>\n\n\n\n<li><strong>Assistente Social: <\/strong>Bacharel em Servi\u00e7o Social + Registro Profissional no Conselho da Categoria;<\/li>\n\n\n\n<li><strong>Contador<span style=\"color: initial;\">: <\/span><\/strong>Bacharel em Ci\u00eancias Cont\u00e1beis + Registro Profissional no Conselho da Categoria;<\/li>\n\n\n\n<li><strong>Economista<\/strong>: Bacharel em Economia + Registro Profissional no Conselho da Categoria;<\/li>\n\n\n\n<li><strong>Procurador:<\/strong> Gradua\u00e7\u00e3o em Direito +Registro Profissional no Conselho da Categoria.<\/li>\n<\/ul>\n\n\n\n<h3 class=\"wp-block-heading\" id=\"atribuicoes\">Atribui\u00e7\u00f5es<\/h3>\n\n\n\n<p><strong>Agente Administrativo:<\/strong> Planejar e executar atividades administrativas relacionadas \u00e0 gest\u00e3o dos processos administrativos, conforme exig\u00eancias das diferentes \u00e1reas de atua\u00e7\u00e3o; atendimento \u00e0 popula\u00e7\u00e3o e orienta\u00e7\u00f5es condizentes \u00e0 sua atividade; monitorar informa\u00e7\u00f5es; coordenar equipes e atividades com os devidos registros.<\/p>\n\n\n\n<p><strong>Assistente Social: <\/strong>Planejar, executar e monitorar atividades relacionadas aos processos e procedimentos da \u00e1rea de prote\u00e7\u00e3o social de acordo com as diretrizes estabelecidas.<\/p>\n\n\n\n<p><strong>Contador<span style=\"color: initial;\">: <\/span><\/strong>Planejar, organizar, coordenar, orientar e executar atividades relacionadas ao controle, acompanhamento e avalia\u00e7\u00e3o da contabilidade p\u00fablica.<\/p>\n\n\n\n<p><strong>Economista<\/strong>: Planejar, coordenar e elaborar estudos, pesquisas, an\u00e1lises, avalia\u00e7\u00f5es, pareceres t\u00e9cnicos e relat\u00f3rios de indicadores econ\u00f4micos para subsidiar a gest\u00e3o do CAMPREV nos diferentes campos de atua\u00e7\u00e3o.<\/p>\n\n\n\n<p><strong>Procurador:<\/strong> Dar assist\u00eancia jur\u00eddica ao CAMPREV atrav\u00e9s de representa\u00e7\u00e3o judicial e extrajudicial bem como exercer atribui\u00e7\u00f5es de consultoria e assessoria jur\u00eddica da autarquia.<\/p>\n\n\n\n<h2 class=\"wp-block-heading\" id=\"etapas\">Concurso Camprev: etapas<\/h2>\n\n\n\n<p>Os candidatos do Concurso Camprev foram avaliados atrav\u00e9s de tr\u00eas etapas, sendo elas: <strong>provas objetivas<\/strong> (todos os cargos), <strong>provas discursivas<\/strong> e <strong>prova pr\u00e1tico-profissional<\/strong> (somente para Procurado). <\/p>\n\n\n\n<p>O n\u00famero de quest\u00f5es, peso e conte\u00fado variou de acordo com o cargo desejado. Todas as etapas tiveram 3 horas de dura\u00e7\u00e3o. <\/p>\n\n\n\n<h3 class=\"wp-block-heading\" id=\"objetiva\">Prova objetiva<\/h3>\n\n\n\n<p>As provas objetivas tiveram car\u00e1ter eliminat\u00f3rio e classificat\u00f3rio, compostas por quest\u00f5es de m\u00faltipla escolha, com cinco alternativas cada uma, sendo considerada apenas uma das alternativas correta.<\/p>\n\n\n\n<p>Essa etapa foi realizada para todos os candidatos e as avalia\u00e7\u00f5es abordaram conte\u00fados gerais e espec\u00edficos de cada cargo. Ser\u00e1 considerado habilitado o candidato que obtiver nota igual ou superior a 50 pontos.<\/p>\n\n\n\n<ul class=\"wp-block-list\">\n<li><strong>Agente Administrativo<\/strong>\n<ul class=\"wp-block-list\">\n<li>L\u00edngua Portuguesa &#8211; 15 quest\u00f5es, peso 2,0<\/li>\n\n\n\n<li>Matem\u00e1tica &#8211; 15 <\/li>\n\n\n\n<li>Conhecimentos Espec\u00edficos &#8211; 20 <\/li>\n<\/ul>\n<\/li>\n<\/ul>\n\n\n\n<ul class=\"wp-block-list\">\n<li><strong>Cargos de n\u00edvel superior (exceto <\/strong><strong>Procurador<\/strong>)\n<ul class=\"wp-block-list\">\n<li>L\u00edngua Portuguesa &#8211; 10 quest\u00f5es, peso 1,5 <\/li>\n\n\n\n<li>Matem\u00e1tica &#8211; 07 quest\u00f5es, peso 1,5 <\/li>\n\n\n\n<li>Inform\u00e1tica &#8211; 03 quest\u00f5es, peso 1,5<\/li>\n\n\n\n<li>Legisla\u00e7\u00e3o &#8211; 05 quest\u00f5es, peso 1,5<\/li>\n\n\n\n<li>Conhecimentos Espec\u00edficos &#8211; 25 quest\u00f5es, peso 2,5<\/li>\n<\/ul>\n<\/li>\n<\/ul>\n\n\n\n<ul class=\"wp-block-list\">\n<li><strong>Procurador<\/strong>\n<ul class=\"wp-block-list\">\n<li>Direito Previdenci\u00e1rio: 12 quest\u00f5es, peso 2,0<\/li>\n\n\n\n<li>Direito Constitucional: 09 quest\u00f5es, peso 2,0<\/li>\n\n\n\n<li>Direito Administrativo: 09 quest\u00f5es, peso 2,0<\/li>\n\n\n\n<li>Processo Civil: 08 quest\u00f5es, peso 2,0<\/li>\n\n\n\n<li>Direito Civil: 04 quest\u00f5es, peso 2,0<\/li>\n\n\n\n<li>Direito Tribut\u00e1rio e Financeiro: 04 quest\u00f5es, peso 2,0<\/li>\n\n\n\n<li>Direito e Processo do Trabalho: 04 quest\u00f5es, peso 2,0<\/li>\n<\/ul>\n<\/li>\n<\/ul>\n\n\n\n<h3 class=\"wp-block-heading\" id=\"discursiva\">Prova discursiva e Prova Pr\u00e1tico-Profissional<\/h3>\n\n\n\n<p>A etapa de provas discursiva e pr\u00e1tico profissional \u00e9 <strong>exclusiva para os candidatos ao cargo de Procurador<\/strong>.<\/p>\n\n\n\n<p>A prova discursiva foi composta por duas quest\u00f5es de conhecimentos espec\u00edficos da \u00e1rea e tem car\u00e1ter classificat\u00f3rio e eliminat\u00f3rio. J\u00e1 a prova pr\u00e1tico-profissional teve apenas uma quest\u00e3o de Pe\u00e7a Processual, tamb\u00e9m de car\u00e1ter classificat\u00f3rio e eliminat\u00f3rio. <\/p>\n\n\n\n<figure class=\"wp-block-image aligncenter size-full is-resized\"><img loading=\"lazy\" decoding=\"async\" src=\"https:\/\/dhg1h5j42swfq.cloudfront.net\/2023\/01\/31145858\/image-377.png\" alt=\"Concurso Camprev - Prova discursiva e Prova Pr\u00e1tico-Profissional\" class=\"wp-image-1162079\" width=\"773\" height=\"132\" srcset=\"https:\/\/dhg1h5j42swfq.cloudfront.net\/2023\/01\/31145858\/image-377.png 702w, https:\/\/dhg1h5j42swfq.cloudfront.net\/2023\/01\/31145858\/image-377-300x51.png 300w, https:\/\/dhg1h5j42swfq.cloudfront.net\/2023\/01\/31145858\/image-377-610x104.png 610w, https:\/\/dhg1h5j42swfq.cloudfront.net\/2023\/01\/31145858\/image-377-150x26.png 150w\" sizes=\"auto, (max-width: 773px) 100vw, 773px\" \/><\/figure>\n\n\n\n<hr class=\"wp-block-separator has-alpha-channel-opacity\"\/>\n\n\n\n<h2 class=\"wp-block-heading has-text-align-center\" id=\"cursos\"><em>Cursos para o concurso Camprev<\/em><\/h2>\n\n\n\n<div class=\"container\" id=\"boxes\">\n  <div class=\"row\">\n\n    <div class=\"col-sm\">\n      <div class=\"banner-estrategia\" id=\"box-assinatura\">\n        <h3 class=\"titulo-assinatura\">Cursos para concursos<\/h3>\n        <p class=\"subtitulo-assinatura\">Estude conosco<\/p>\n        <div class=\"box-botao\">\n          <a class=\"btn-assinatura\" target=\"_blank\" href=\"https:\/\/www.estrategiaconcursos.com.br\/cursosPorConcurso\/instituto-de-previdencia-social-de-campinas-camprev\/\" role=\"button\" rel=\"noopener noreferrer\">Conhe\u00e7a os cursos<\/a>\n        <\/div>\n      <\/div>\n     \n    <\/div>\n\n  <\/div>\n<\/div>\n\n\n\n<div class=\"container\" id=\"boxes\">\n  <div class=\"row\">\n\n    <div class=\"col-sm\">\n      <div class=\"estrategia\" id=\"box-assinatura\">\n        <h3 class=\"titulo-assinatura\">Assinatura Concursos<\/h3>\n        <p class=\"subtitulo-assinatura\">Assinatura de 1 ano ou 2 anos<\/p>\n        <div class=\"box-botao\">\n          <a class=\"btn-assinatura\" target=\"_blank\" href=\"https:\/\/www.estrategiaconcursos.com.br\/assinaturas\/\" role=\"button\" rel=\"noopener noreferrer\">ASSINE AGORA<\/a>\n        <\/div>\n      <\/div><\/div><\/div><\/div>\n\n\n\n<h2 class=\"wp-block-heading has-text-align-center\" id=\"h-quer-saber-tudo-sobre-concursos-previstos-confira-nossos-artigos\">Quer saber tudo sobre concursos previstos?<br \/>Confira nossos artigos!<\/h2>\n\n\n\n<ul class=\"wp-block-list\">\n<li><a href=\"https:\/\/www.estrategiaconcursos.com.br\/blog\/concursos-abertos\/\" target=\"_blank\" rel=\"noreferrer noopener\">Concursos Abertos<\/a><\/li>\n\n\n\n<li><a href=\"https:\/\/www.estrategiaconcursos.com.br\/blog\/concursos-2023\/\" target=\"_blank\" rel=\"noreferrer noopener\">Concursos 2023<\/a><\/li>\n<\/ul>\n\n\n\n<figure class=\"wp-block-image is-resized\"><img loading=\"lazy\" decoding=\"async\" src=\"https:\/\/dhg1h5j42swfq.cloudfront.net\/2021\/07\/09085319\/ficha-tecnica-2-1024x632.png\" alt=\"Informa\u00e7\u00f5es do Concurso Camprev\" class=\"wp-image-790861\" width=\"299\" height=\"184\" srcset=\"https:\/\/dhg1h5j42swfq.cloudfront.net\/2021\/07\/09085319\/ficha-tecnica-2-1024x632.png 1024w, https:\/\/dhg1h5j42swfq.cloudfront.net\/2021\/07\/09085319\/ficha-tecnica-2-300x185.png 300w, https:\/\/dhg1h5j42swfq.cloudfront.net\/2021\/07\/09085319\/ficha-tecnica-2-768x474.png 768w, https:\/\/dhg1h5j42swfq.cloudfront.net\/2021\/07\/09085319\/ficha-tecnica-2-1536x948.png 1536w, https:\/\/dhg1h5j42swfq.cloudfront.net\/2021\/07\/09085319\/ficha-tecnica-2-610x377.png 610w, https:\/\/dhg1h5j42swfq.cloudfront.net\/2021\/07\/09085319\/ficha-tecnica-2.png 1571w\" sizes=\"auto, (max-width: 299px) 100vw, 299px\" \/><\/figure>\n\n\n\n<h3 class=\"wp-block-heading\" id=\"ficha\">Informa\u00e7\u00f5es do Concurso Camprev<\/h3>\n\n\n\n<ul class=\"wp-block-list\">\n<li><strong>Data<\/strong> <strong>da prova: <\/strong><s>19\/03\/2023<\/s><\/li>\n\n\n\n<li><strong>Vagas<\/strong>: 7<\/li>\n\n\n\n<li><strong>Cargos<\/strong>:&nbsp;V\u00e1rios<\/li>\n\n\n\n<li><strong>Requisito<\/strong>:&nbsp;N\u00edveis m\u00e9dio e superior<\/li>\n\n\n\n<li><strong>Banca<\/strong>: Vunesp<\/li>\n\n\n\n<li><strong>Edital:&nbsp;<\/strong><a href=\"https:\/\/dhg1h5j42swfq.cloudfront.net\/2022\/12\/15150139\/concurso-publico-magisterio-e-geral.pdf\" target=\"_blank\" rel=\"noreferrer noopener nofollow\">Camprev 2022<\/a><\/li>\n<\/ul>\n","protected":false},"excerpt":{"rendered":"<p>Foram publicados os resultados das provas objetivas e a classifica\u00e7\u00e3o pr\u00e9via do concurso p\u00fablico Instituto de Previd\u00eancia Social de Campinas (Camprev). Para ter acesso, basta acessar o link abaixo: Os candidatos interessados em interpor recursos contra os resultados divulgados devem realizar o procedimento entre os dias 13 e 14 de abril, atrav\u00e9s do site da [&hellip;]<\/p>\n","protected":false},"author":1,"featured_media":1165869,"comment_status":"open","ping_status":"closed","sticky":false,"template":"","format":"standard","meta":{"post_tipo":"news_page","footnotes":""},"categories":[220191],"tags":[],"tax_estado":[219989],"class_list":["post-1139514","post","type-post","status-publish","format-standard","has-post-thumbnail","hentry","category-previdenciaria","tax_estado-sp"],"acf":[],"yoast_head":"<!-- This site is optimized with the Yoast SEO Premium plugin v27.2 (Yoast SEO v27.2) - https:\/\/yoast.com\/product\/yoast-seo-premium-wordpress\/ -->\n<title>Concurso Camprev: novos resultados divulgados!<\/title>\n<meta name=\"description\" content=\"Concurso Camprev: divulgados os resultados da prova objetiva e a classifica\u00e7\u00e3o pr\u00e9via do certame. Edital oferta vagas para m\u00e9dio e superior.\" \/>\n<meta name=\"robots\" content=\"index, follow, max-snippet:-1, max-image-preview:large, max-video-preview:-1\" \/>\n<link rel=\"canonical\" href=\"https:\/\/www.estrategiaconcursos.com.br\/blog\/concurso-camprev\/\" \/>\n<meta property=\"og:locale\" content=\"pt_BR\" \/>\n<meta property=\"og:type\" content=\"article\" \/>\n<meta property=\"og:title\" content=\"Concurso Camprev: novos resultados divulgados!\" \/>\n<meta property=\"og:description\" content=\"Concurso Camprev: divulgados os resultados da prova objetiva e a classifica\u00e7\u00e3o pr\u00e9via do certame. Edital oferta vagas para m\u00e9dio e superior.\" \/>\n<meta property=\"og:url\" content=\"https:\/\/www.estrategiaconcursos.com.br\/blog\/concurso-camprev\/\" \/>\n<meta property=\"og:site_name\" content=\"Estrat\u00e9gia Concursos\" \/>\n<meta property=\"article:author\" content=\"https:\/\/www.facebook.com\/EstrategiaConcursos\" \/>\n<meta property=\"article:published_time\" content=\"2023-04-12T13:00:00+00:00\" \/>\n<meta property=\"article:modified_time\" content=\"2023-04-12T16:52:13+00:00\" \/>\n<meta property=\"og:image\" content=\"https:\/\/dhg1h5j42swfq.cloudfront.net\/2023\/02\/06154019\/camprev.jpg\" \/>\n\t<meta property=\"og:image:width\" content=\"768\" \/>\n\t<meta property=\"og:image:height\" content=\"432\" \/>\n\t<meta property=\"og:image:type\" content=\"image\/jpeg\" \/>\n<meta name=\"author\" content=\"Coordena\u00e7\u00e3o\" \/>\n<meta name=\"twitter:card\" content=\"summary_large_image\" \/>\n<meta name=\"twitter:creator\" content=\"@EstratConcursos\" \/>\n<meta name=\"twitter:site\" content=\"@EstratConcursos\" \/>\n<meta name=\"twitter:label1\" content=\"Escrito por\" \/>\n\t<meta name=\"twitter:data1\" content=\"Coordena\u00e7\u00e3o\" \/>\n\t<meta name=\"twitter:label2\" content=\"Est. tempo de leitura\" \/>\n\t<meta name=\"twitter:data2\" content=\"4 minutos\" \/>\n<script type=\"application\/ld+json\" class=\"yoast-schema-graph\">{\"@context\":\"https:\/\/schema.org\",\"@graph\":[{\"@type\":\"NewsArticle\",\"@id\":\"https:\/\/www.estrategiaconcursos.com.br\/blog\/concurso-camprev\/#article\",\"isPartOf\":{\"@id\":\"https:\/\/www.estrategiaconcursos.com.br\/blog\/concurso-camprev\/\"},\"author\":{\"name\":\"Coordena\u00e7\u00e3o\",\"@id\":\"https:\/\/www.estrategiaconcursos.com.br\/blog\/#\/schema\/person\/b4a388c97673c5f483d72185668afa1f\"},\"headline\":\"Concurso Camprev: novos resultados divulgados!\",\"datePublished\":\"2023-04-12T13:00:00+00:00\",\"dateModified\":\"2023-04-12T16:52:13+00:00\",\"mainEntityOfPage\":{\"@id\":\"https:\/\/www.estrategiaconcursos.com.br\/blog\/concurso-camprev\/\"},\"wordCount\":843,\"commentCount\":0,\"publisher\":{\"@id\":\"https:\/\/www.estrategiaconcursos.com.br\/blog\/#organization\"},\"image\":{\"@id\":\"https:\/\/www.estrategiaconcursos.com.br\/blog\/concurso-camprev\/#primaryimage\"},\"thumbnailUrl\":\"https:\/\/dhg1h5j42swfq.cloudfront.net\/2023\/02\/06154019\/camprev.jpg\",\"articleSection\":[\"Previdenci\u00e1ria (INSS, PREVIC)\"],\"inLanguage\":\"pt-BR\",\"potentialAction\":[{\"@type\":\"CommentAction\",\"name\":\"Comment\",\"target\":[\"https:\/\/www.estrategiaconcursos.com.br\/blog\/concurso-camprev\/#respond\"]}],\"copyrightYear\":\"2023\",\"copyrightHolder\":{\"@id\":\"https:\/\/www.estrategiaconcursos.com.br\/blog\/#organization\"}},{\"@type\":\"WebPage\",\"@id\":\"https:\/\/www.estrategiaconcursos.com.br\/blog\/concurso-camprev\/\",\"url\":\"https:\/\/www.estrategiaconcursos.com.br\/blog\/concurso-camprev\/\",\"name\":\"Concurso Camprev: novos resultados divulgados!\",\"isPartOf\":{\"@id\":\"https:\/\/www.estrategiaconcursos.com.br\/blog\/#website\"},\"primaryImageOfPage\":{\"@id\":\"https:\/\/www.estrategiaconcursos.com.br\/blog\/concurso-camprev\/#primaryimage\"},\"image\":{\"@id\":\"https:\/\/www.estrategiaconcursos.com.br\/blog\/concurso-camprev\/#primaryimage\"},\"thumbnailUrl\":\"https:\/\/dhg1h5j42swfq.cloudfront.net\/2023\/02\/06154019\/camprev.jpg\",\"datePublished\":\"2023-04-12T13:00:00+00:00\",\"dateModified\":\"2023-04-12T16:52:13+00:00\",\"description\":\"Concurso Camprev: divulgados os resultados da prova objetiva e a classifica\u00e7\u00e3o pr\u00e9via do certame. Edital oferta vagas para m\u00e9dio e superior.\",\"breadcrumb\":{\"@id\":\"https:\/\/www.estrategiaconcursos.com.br\/blog\/concurso-camprev\/#breadcrumb\"},\"inLanguage\":\"pt-BR\",\"potentialAction\":[{\"@type\":\"ReadAction\",\"target\":[\"https:\/\/www.estrategiaconcursos.com.br\/blog\/concurso-camprev\/\"]}]},{\"@type\":\"ImageObject\",\"inLanguage\":\"pt-BR\",\"@id\":\"https:\/\/www.estrategiaconcursos.com.br\/blog\/concurso-camprev\/#primaryimage\",\"url\":\"https:\/\/dhg1h5j42swfq.cloudfront.net\/2023\/02\/06154019\/camprev.jpg\",\"contentUrl\":\"https:\/\/dhg1h5j42swfq.cloudfront.net\/2023\/02\/06154019\/camprev.jpg\",\"width\":768,\"height\":432},{\"@type\":\"BreadcrumbList\",\"@id\":\"https:\/\/www.estrategiaconcursos.com.br\/blog\/concurso-camprev\/#breadcrumb\",\"itemListElement\":[{\"@type\":\"ListItem\",\"position\":1,\"name\":\"In\u00edcio\",\"item\":\"https:\/\/www.estrategiaconcursos.com.br\/blog\/\"},{\"@type\":\"ListItem\",\"position\":2,\"name\":\"Concurso Camprev: novos resultados divulgados!\"}]},{\"@type\":\"WebSite\",\"@id\":\"https:\/\/www.estrategiaconcursos.com.br\/blog\/#website\",\"url\":\"https:\/\/www.estrategiaconcursos.com.br\/blog\/\",\"name\":\"Estrat\u00e9gia Concursos\",\"description\":\"O blog da Estrat\u00e9gia Concursos traz not\u00edcias sobre concursos e artigos de professores oferecendo cursos para concursos (pdf + videaulas) no site.\",\"publisher\":{\"@id\":\"https:\/\/www.estrategiaconcursos.com.br\/blog\/#organization\"},\"potentialAction\":[{\"@type\":\"SearchAction\",\"target\":{\"@type\":\"EntryPoint\",\"urlTemplate\":\"https:\/\/www.estrategiaconcursos.com.br\/blog\/?s={search_term_string}\"},\"query-input\":{\"@type\":\"PropertyValueSpecification\",\"valueRequired\":true,\"valueName\":\"search_term_string\"}}],\"inLanguage\":\"pt-BR\"},{\"@type\":\"Organization\",\"@id\":\"https:\/\/www.estrategiaconcursos.com.br\/blog\/#organization\",\"name\":\"Estrat\u00e9gia Concursos\",\"url\":\"https:\/\/www.estrategiaconcursos.com.br\/blog\/\",\"logo\":{\"@type\":\"ImageObject\",\"inLanguage\":\"pt-BR\",\"@id\":\"https:\/\/www.estrategiaconcursos.com.br\/blog\/#\/schema\/logo\/image\/\",\"url\":\"https:\/\/dhg1h5j42swfq.cloudfront.net\/2025\/06\/03203428\/logo_concursos-1.jpg\",\"contentUrl\":\"https:\/\/dhg1h5j42swfq.cloudfront.net\/2025\/06\/03203428\/logo_concursos-1.jpg\",\"width\":230,\"height\":60,\"caption\":\"Estrat\u00e9gia Concursos\"},\"image\":{\"@id\":\"https:\/\/www.estrategiaconcursos.com.br\/blog\/#\/schema\/logo\/image\/\"},\"sameAs\":[\"https:\/\/x.com\/EstratConcursos\"]},{\"@type\":\"Person\",\"@id\":\"https:\/\/www.estrategiaconcursos.com.br\/blog\/#\/schema\/person\/b4a388c97673c5f483d72185668afa1f\",\"name\":\"Coordena\u00e7\u00e3o\",\"image\":{\"@type\":\"ImageObject\",\"inLanguage\":\"pt-BR\",\"@id\":\"https:\/\/secure.gravatar.com\/avatar\/b720319e4c9a967eb58678d110f4fe35452fc5d5f97b202bac7b8acceb18c6ad?s=96&d=mm&r=g\",\"url\":\"https:\/\/secure.gravatar.com\/avatar\/b720319e4c9a967eb58678d110f4fe35452fc5d5f97b202bac7b8acceb18c6ad?s=96&d=mm&r=g\",\"contentUrl\":\"https:\/\/secure.gravatar.com\/avatar\/b720319e4c9a967eb58678d110f4fe35452fc5d5f97b202bac7b8acceb18c6ad?s=96&d=mm&r=g\",\"caption\":\"Coordena\u00e7\u00e3o\"},\"sameAs\":[\"https:\/\/www.facebook.com\/EstrategiaConcursos\",\"https:\/\/x.com\/EstratConcursos\"],\"url\":\"https:\/\/www.estrategiaconcursos.com.br\/blog\/author\/estrategia2013\/\"}]}<\/script>\n<!-- \/ Yoast SEO Premium plugin. -->","yoast_head_json":{"title":"Concurso Camprev: novos resultados divulgados!","description":"Concurso Camprev: divulgados os resultados da prova objetiva e a classifica\u00e7\u00e3o pr\u00e9via do certame. Edital oferta vagas para m\u00e9dio e superior.","robots":{"index":"index","follow":"follow","max-snippet":"max-snippet:-1","max-image-preview":"max-image-preview:large","max-video-preview":"max-video-preview:-1"},"canonical":"https:\/\/www.estrategiaconcursos.com.br\/blog\/concurso-camprev\/","og_locale":"pt_BR","og_type":"article","og_title":"Concurso Camprev: novos resultados divulgados!","og_description":"Concurso Camprev: divulgados os resultados da prova objetiva e a classifica\u00e7\u00e3o pr\u00e9via do certame. Edital oferta vagas para m\u00e9dio e superior.","og_url":"https:\/\/www.estrategiaconcursos.com.br\/blog\/concurso-camprev\/","og_site_name":"Estrat\u00e9gia Concursos","article_author":"https:\/\/www.facebook.com\/EstrategiaConcursos","article_published_time":"2023-04-12T13:00:00+00:00","article_modified_time":"2023-04-12T16:52:13+00:00","og_image":[{"width":768,"height":432,"url":"https:\/\/dhg1h5j42swfq.cloudfront.net\/2023\/02\/06154019\/camprev.jpg","type":"image\/jpeg"}],"author":"Coordena\u00e7\u00e3o","twitter_card":"summary_large_image","twitter_creator":"@EstratConcursos","twitter_site":"@EstratConcursos","twitter_misc":{"Escrito por":"Coordena\u00e7\u00e3o","Est. tempo de leitura":"4 minutos"},"schema":{"@context":"https:\/\/schema.org","@graph":[{"@type":"NewsArticle","@id":"https:\/\/www.estrategiaconcursos.com.br\/blog\/concurso-camprev\/#article","isPartOf":{"@id":"https:\/\/www.estrategiaconcursos.com.br\/blog\/concurso-camprev\/"},"author":{"name":"Coordena\u00e7\u00e3o","@id":"https:\/\/www.estrategiaconcursos.com.br\/blog\/#\/schema\/person\/b4a388c97673c5f483d72185668afa1f"},"headline":"Concurso Camprev: novos resultados divulgados!","datePublished":"2023-04-12T13:00:00+00:00","dateModified":"2023-04-12T16:52:13+00:00","mainEntityOfPage":{"@id":"https:\/\/www.estrategiaconcursos.com.br\/blog\/concurso-camprev\/"},"wordCount":843,"commentCount":0,"publisher":{"@id":"https:\/\/www.estrategiaconcursos.com.br\/blog\/#organization"},"image":{"@id":"https:\/\/www.estrategiaconcursos.com.br\/blog\/concurso-camprev\/#primaryimage"},"thumbnailUrl":"https:\/\/dhg1h5j42swfq.cloudfront.net\/2023\/02\/06154019\/camprev.jpg","articleSection":["Previdenci\u00e1ria (INSS, PREVIC)"],"inLanguage":"pt-BR","potentialAction":[{"@type":"CommentAction","name":"Comment","target":["https:\/\/www.estrategiaconcursos.com.br\/blog\/concurso-camprev\/#respond"]}],"copyrightYear":"2023","copyrightHolder":{"@id":"https:\/\/www.estrategiaconcursos.com.br\/blog\/#organization"}},{"@type":"WebPage","@id":"https:\/\/www.estrategiaconcursos.com.br\/blog\/concurso-camprev\/","url":"https:\/\/www.estrategiaconcursos.com.br\/blog\/concurso-camprev\/","name":"Concurso Camprev: novos resultados divulgados!","isPartOf":{"@id":"https:\/\/www.estrategiaconcursos.com.br\/blog\/#website"},"primaryImageOfPage":{"@id":"https:\/\/www.estrategiaconcursos.com.br\/blog\/concurso-camprev\/#primaryimage"},"image":{"@id":"https:\/\/www.estrategiaconcursos.com.br\/blog\/concurso-camprev\/#primaryimage"},"thumbnailUrl":"https:\/\/dhg1h5j42swfq.cloudfront.net\/2023\/02\/06154019\/camprev.jpg","datePublished":"2023-04-12T13:00:00+00:00","dateModified":"2023-04-12T16:52:13+00:00","description":"Concurso Camprev: divulgados os resultados da prova objetiva e a classifica\u00e7\u00e3o pr\u00e9via do certame. Edital oferta vagas para m\u00e9dio e superior.","breadcrumb":{"@id":"https:\/\/www.estrategiaconcursos.com.br\/blog\/concurso-camprev\/#breadcrumb"},"inLanguage":"pt-BR","potentialAction":[{"@type":"ReadAction","target":["https:\/\/www.estrategiaconcursos.com.br\/blog\/concurso-camprev\/"]}]},{"@type":"ImageObject","inLanguage":"pt-BR","@id":"https:\/\/www.estrategiaconcursos.com.br\/blog\/concurso-camprev\/#primaryimage","url":"https:\/\/dhg1h5j42swfq.cloudfront.net\/2023\/02\/06154019\/camprev.jpg","contentUrl":"https:\/\/dhg1h5j42swfq.cloudfront.net\/2023\/02\/06154019\/camprev.jpg","width":768,"height":432},{"@type":"BreadcrumbList","@id":"https:\/\/www.estrategiaconcursos.com.br\/blog\/concurso-camprev\/#breadcrumb","itemListElement":[{"@type":"ListItem","position":1,"name":"In\u00edcio","item":"https:\/\/www.estrategiaconcursos.com.br\/blog\/"},{"@type":"ListItem","position":2,"name":"Concurso Camprev: novos resultados divulgados!"}]},{"@type":"WebSite","@id":"https:\/\/www.estrategiaconcursos.com.br\/blog\/#website","url":"https:\/\/www.estrategiaconcursos.com.br\/blog\/","name":"Estrat\u00e9gia Concursos","description":"O blog da Estrat\u00e9gia Concursos traz not\u00edcias sobre concursos e artigos de professores oferecendo cursos para concursos (pdf + videaulas) no site.","publisher":{"@id":"https:\/\/www.estrategiaconcursos.com.br\/blog\/#organization"},"potentialAction":[{"@type":"SearchAction","target":{"@type":"EntryPoint","urlTemplate":"https:\/\/www.estrategiaconcursos.com.br\/blog\/?s={search_term_string}"},"query-input":{"@type":"PropertyValueSpecification","valueRequired":true,"valueName":"search_term_string"}}],"inLanguage":"pt-BR"},{"@type":"Organization","@id":"https:\/\/www.estrategiaconcursos.com.br\/blog\/#organization","name":"Estrat\u00e9gia Concursos","url":"https:\/\/www.estrategiaconcursos.com.br\/blog\/","logo":{"@type":"ImageObject","inLanguage":"pt-BR","@id":"https:\/\/www.estrategiaconcursos.com.br\/blog\/#\/schema\/logo\/image\/","url":"https:\/\/dhg1h5j42swfq.cloudfront.net\/2025\/06\/03203428\/logo_concursos-1.jpg","contentUrl":"https:\/\/dhg1h5j42swfq.cloudfront.net\/2025\/06\/03203428\/logo_concursos-1.jpg","width":230,"height":60,"caption":"Estrat\u00e9gia Concursos"},"image":{"@id":"https:\/\/www.estrategiaconcursos.com.br\/blog\/#\/schema\/logo\/image\/"},"sameAs":["https:\/\/x.com\/EstratConcursos"]},{"@type":"Person","@id":"https:\/\/www.estrategiaconcursos.com.br\/blog\/#\/schema\/person\/b4a388c97673c5f483d72185668afa1f","name":"Coordena\u00e7\u00e3o","image":{"@type":"ImageObject","inLanguage":"pt-BR","@id":"https:\/\/secure.gravatar.com\/avatar\/b720319e4c9a967eb58678d110f4fe35452fc5d5f97b202bac7b8acceb18c6ad?s=96&d=mm&r=g","url":"https:\/\/secure.gravatar.com\/avatar\/b720319e4c9a967eb58678d110f4fe35452fc5d5f97b202bac7b8acceb18c6ad?s=96&d=mm&r=g","contentUrl":"https:\/\/secure.gravatar.com\/avatar\/b720319e4c9a967eb58678d110f4fe35452fc5d5f97b202bac7b8acceb18c6ad?s=96&d=mm&r=g","caption":"Coordena\u00e7\u00e3o"},"sameAs":["https:\/\/www.facebook.com\/EstrategiaConcursos","https:\/\/x.com\/EstratConcursos"],"url":"https:\/\/www.estrategiaconcursos.com.br\/blog\/author\/estrategia2013\/"}]}},"_links":{"self":[{"href":"https:\/\/www.estrategiaconcursos.com.br\/blog\/wp-json\/wp\/v2\/posts\/1139514","targetHints":{"allow":["GET"]}}],"collection":[{"href":"https:\/\/www.estrategiaconcursos.com.br\/blog\/wp-json\/wp\/v2\/posts"}],"about":[{"href":"https:\/\/www.estrategiaconcursos.com.br\/blog\/wp-json\/wp\/v2\/types\/post"}],"author":[{"embeddable":true,"href":"https:\/\/www.estrategiaconcursos.com.br\/blog\/wp-json\/wp\/v2\/users\/1"}],"replies":[{"embeddable":true,"href":"https:\/\/www.estrategiaconcursos.com.br\/blog\/wp-json\/wp\/v2\/comments?post=1139514"}],"version-history":[{"count":36,"href":"https:\/\/www.estrategiaconcursos.com.br\/blog\/wp-json\/wp\/v2\/posts\/1139514\/revisions"}],"predecessor-version":[{"id":1200520,"href":"https:\/\/www.estrategiaconcursos.com.br\/blog\/wp-json\/wp\/v2\/posts\/1139514\/revisions\/1200520"}],"wp:featuredmedia":[{"embeddable":true,"href":"https:\/\/www.estrategiaconcursos.com.br\/blog\/wp-json\/wp\/v2\/media\/1165869"}],"wp:attachment":[{"href":"https:\/\/www.estrategiaconcursos.com.br\/blog\/wp-json\/wp\/v2\/media?parent=1139514"}],"wp:term":[{"taxonomy":"category","embeddable":true,"href":"https:\/\/www.estrategiaconcursos.com.br\/blog\/wp-json\/wp\/v2\/categories?post=1139514"},{"taxonomy":"post_tag","embeddable":true,"href":"https:\/\/www.estrategiaconcursos.com.br\/blog\/wp-json\/wp\/v2\/tags?post=1139514"},{"taxonomy":"tax_estado","embeddable":true,"href":"https:\/\/www.estrategiaconcursos.com.br\/blog\/wp-json\/wp\/v2\/tax_estado?post=1139514"}],"curies":[{"name":"wp","href":"https:\/\/api.w.org\/{rel}","templated":true}]}}