{"id":1139477,"date":"2022-12-15T15:46:35","date_gmt":"2022-12-15T18:46:35","guid":{"rendered":"https:\/\/www.estrategiaconcursos.com.br\/blog\/?p=1139477"},"modified":"2022-12-15T16:07:17","modified_gmt":"2022-12-15T19:07:17","slug":"concurso-sme-rio-verde","status":"publish","type":"post","link":"https:\/\/www.estrategiaconcursos.com.br\/blog\/concurso-sme-rio-verde\/","title":{"rendered":"Concurso SME Rio Verde (GO): edital publicado para 851 vagas!"},"content":{"rendered":"\n<p>Foi publicado o edital do <strong>concurso para a <a href=\"https:\/\/www.estrategiaconcursos.com.br\/cursosPorConcurso\/prefeitura-municipal-de-rio-verde-go\/\" target=\"_blank\" rel=\"noreferrer noopener\">Secretaria Municipal de Educa\u00e7\u00e3o de Rio Verde<\/a> (SME Rio Verde), <\/strong>em Goi\u00e1s. Conforme o documento, s\u00e3o ofertadas <strong>851 vagas<\/strong> para \u00e1rea da educa\u00e7\u00e3o.<\/p>\n\n\n\n<p>As oportunidades s\u00e3o distribu\u00eddas entre os cargos de Agente de Apoio da Educa\u00e7\u00e3o Especial, Auxiliar de Educa\u00e7\u00e3o Infantil, Instrutor de Braille, Int\u00e9rprete de Libras e Professor em diversas \u00e1reas, de n\u00edvel superior de escolaridade.<\/p>\n\n\n\n<p>Os interessados em participar da sele\u00e7\u00e3o devem realizar as inscri\u00e7\u00f5es no per\u00edodo de <strong>30 de janeiro a 28 de fevereiro de 2023<\/strong>, no site da banca organizadora, a Universidade do Rio Verde (<strong><a href=\"http:\/\/concurso.vestibularunirv.com.br\/pagina\/index.php?id=157\" target=\"_blank\" rel=\"noreferrer noopener\">UnirV<\/a><\/strong>), ao custo de R$ 210,00.<\/p>\n\n\n\n<ul class=\"has-background wp-block-list\" style=\"background:linear-gradient(309deg,rgb(202,248,128) 0%,rgb(113,206,126) 100%)\"><li><strong>Concurso SME Rio Verde<\/strong><\/li><li><strong>Status:<\/strong> edital publicado<\/li><li><strong>Banca:<\/strong> UnirV<\/li><li><strong>Vagas:<\/strong> 851 + CR<\/li><li><strong>Sal\u00e1rio inicial:<\/strong> R$ 1.978,40 a R$ 25,63 por hora\/aula<\/li><li><strong>Edital:<\/strong> <a href=\"https:\/\/dhg1h5j42swfq.cloudfront.net\/2022\/08\/04100700\/edital-001-2022-municipio-de-rio-verde-retificado-pela-errata-003-2022.pdf\" target=\"_blank\" rel=\"noreferrer noopener nofollow\">Edital Rio Verde 2022<\/a><\/li><\/ul>\n\n\n\n<p>A fim de te deixar sempre bem informado, elaboramos este artigo com as principais informa\u00e7\u00f5es e novidades sobre o concurso <strong>Concurso SME Rio Verde<\/strong>. Acompanhe os t\u00f3picos abaixo e n\u00e3o perca nenhum detalhe:<\/p>\n\n\n\n<ul class=\"wp-block-list\"><li><strong><a href=\"#informa\u00e7\u00f5es-sme-rio-verde\">Informa\u00e7\u00f5es<\/a><\/strong><ul><li><strong><a href=\"#datas\">Principais datas<\/a><\/strong><\/li><\/ul><\/li><li><strong><a href=\"#cargos-vagas\">Cargos e vagas<\/a><\/strong><\/li><li><strong><a href=\"#etapas\">Etapas e provas<\/a><\/strong><\/li><li><strong><a href=\"#cursos-assinatura\">Cursos e assinaturas<\/a><\/strong><\/li><li><a href=\"#ficha\"><strong>Ficha t\u00e9cnica<\/strong><\/a><\/li><\/ul>\n\n\n\n<div class=\"container\" id=\"boxes\">\n  <div class=\"row\">\n\n    <div class=\"col-sm\">\n      <div class=\"banner-estrategia\" id=\"box-assinatura\">\n        <h3 class=\"titulo-assinatura\">Cursos para concursos<\/h3>\n        <p class=\"subtitulo-assinatura\">Conhe\u00e7a os cursos<\/p>\n        <div class=\"box-botao\">\n          <a class=\"btn-assinatura\" target=\"_blank\" href=\"https:\/\/www.estrategiaconcursos.com.br\/cursos\/\" role=\"button\" rel=\"noopener noreferrer\">Conhe\u00e7a mais<\/a>\n        <\/div>\n      <\/div>\n     \n    <\/div>\n\n  <\/div>\n<\/div>\n\n\n\n<h2 class=\"wp-block-heading\" id=\"informa\u00e7\u00f5es-sme-rio-verde\">Concurso SME Rio Verde: Informa\u00e7\u00f5es<\/h2>\n\n\n\n<h3 class=\"wp-block-heading\" id=\"datas\">Principais datas<\/h3>\n\n\n\n<p class=\"has-background\" style=\"background-color:#84db7b87\"><strong>Inscri\u00e7\u00f5es<\/strong>: 30\/01 a 28\/02\/2023<br \/><strong>Isen\u00e7\u00e3o da taxa<\/strong>: 30\/01 a 10\/02\/2023<br \/><strong>\u00daltimo dia para pagamento<\/strong>: 01\/03\/2023<br \/><strong>Provas<\/strong>: 07\/05 e 14\/05\/2023<\/p>\n\n\n\n<h2 class=\"wp-block-heading\" id=\"cargos-vagas\">Concurso SME Rio Verde: Cargos e vagas<\/h2>\n\n\n\n<h3 class=\"wp-block-heading\" id=\"superior\">N\u00edvel superior<\/h3>\n\n\n\n<figure class=\"wp-block-table is-style-stripes\"><table class=\"has-background has-fixed-layout\" style=\"background:linear-gradient(283deg,rgb(202,248,128) 0%,rgba(114,207,126,0.7) 100%)\"><thead><tr><th class=\"has-text-align-center\" data-align=\"center\">CARGOS<\/th><th class=\"has-text-align-center\" data-align=\"center\">VAGAS<\/th><th class=\"has-text-align-center\" data-align=\"center\">SAL\u00c1RIO<\/th><th class=\"has-text-align-center\" data-align=\"center\">REQUISITOS<\/th><\/tr><\/thead><tbody><tr><td class=\"has-text-align-center\" data-align=\"center\">Agente de Apoio da Educa\u00e7\u00e3o Especial<\/td><td class=\"has-text-align-center\" data-align=\"center\">300 + CR<\/td><td class=\"has-text-align-center\" data-align=\"center\">R$ 1.978,40<\/td><td class=\"has-text-align-center\" data-align=\"center\">Curso Superior Completo em Pedagogia, Educa\u00e7\u00e3o Especial ou Psicologia; Curso de Extens\u00e3o e\/ou<br \/>Aperfei\u00e7oamento na educa\u00e7\u00e3o Especial de no m\u00ednimo 80horas<\/td><\/tr><tr><td class=\"has-text-align-center\" data-align=\"center\">Auxiliar de Educa\u00e7\u00e3o Infantil <\/td><td class=\"has-text-align-center\" data-align=\"center\">200 + CR<\/td><td class=\"has-text-align-center\" data-align=\"center\">R$ 1.978,40<\/td><td class=\"has-text-align-center\" data-align=\"center\">Curso Superior Completo em Pedagogia.<\/td><\/tr><tr><td class=\"has-text-align-center\" data-align=\"center\">Instrutor de Braille<\/td><td class=\"has-text-align-center\" data-align=\"center\">01 + CR<\/td><td class=\"has-text-align-center\" data-align=\"center\">R$ 1.978,40<\/td><td class=\"has-text-align-center\" data-align=\"center\">Curso Superior Completo em Pedagogia; Curso de Defici\u00eancia Visual\/Braille<\/td><\/tr><tr><td class=\"has-text-align-center\" data-align=\"center\">Int\u00e9rprete de Libras <\/td><td class=\"has-text-align-center\" data-align=\"center\">16 + CR<\/td><td class=\"has-text-align-center\" data-align=\"center\">R$ 1.978,40<\/td><td class=\"has-text-align-center\" data-align=\"center\">Curso Superior Completo em Pedagogia, Letras ou Letras Libras; Curso de Profici\u00eancia em Tradu\u00e7\u00e3o\/Interpreta\u00e7\u00e3o,<br \/>Libras\/Portugu\u00eas (Pro Libras) ou CAS (Centro de Capacita\u00e7\u00e3o do<br \/>Surdo)<\/td><\/tr><tr><td class=\"has-text-align-center\" data-align=\"center\">Professor de Hist\u00f3ria<\/td><td class=\"has-text-align-center\" data-align=\"center\">02 + CR<\/td><td class=\"has-text-align-center\" data-align=\"center\">R$ 25,63 por hora\/aula<\/td><td class=\"has-text-align-center\" data-align=\"center\">Curso Superior Completo em Hist\u00f3ria\/Licenciatura<\/td><\/tr><tr><td class=\"has-text-align-center\" data-align=\"center\">Professor de L\u00edngua Portuguesa<\/td><td class=\"has-text-align-center\" data-align=\"center\">05 + CR<\/td><td class=\"has-text-align-center\" data-align=\"center\">R$ 25,63 por hora\/aula<\/td><td class=\"has-text-align-center\" data-align=\"center\">Curso Superior Completo em<br \/>Letras\/Licenciatura<\/td><\/tr><tr><td class=\"has-text-align-center\" data-align=\"center\">Professor de Matem\u00e1tica<\/td><td class=\"has-text-align-center\" data-align=\"center\">04 + CR<\/td><td class=\"has-text-align-center\" data-align=\"center\">R$ 25,63 por hora\/aula<\/td><td class=\"has-text-align-center\" data-align=\"center\">Curso Superior Completo em Matem\u00e1tica\/Licenciatura<\/td><\/tr><tr><td class=\"has-text-align-center\" data-align=\"center\">Professor de Arte<\/td><td class=\"has-text-align-center\" data-align=\"center\">06 + CR<\/td><td class=\"has-text-align-center\" data-align=\"center\">R$ 25,63 por hora\/aula<\/td><td class=\"has-text-align-center\" data-align=\"center\">Curso Superior Completo em<br \/>Licenciatura Plena em Artes Visuais<\/td><\/tr><tr><td class=\"has-text-align-center\" data-align=\"center\">Professor de Ci\u00eancias<\/td><td class=\"has-text-align-center\" data-align=\"center\">06 + CR<\/td><td class=\"has-text-align-center\" data-align=\"center\">R$ 25,63 por hora\/aula<\/td><td class=\"has-text-align-center\" data-align=\"center\">Curso Superior Completo em Licenciatura Plena em Biologia ou<br \/>Ci\u00eancias Biol\u00f3gicas<\/td><\/tr><tr><td class=\"has-text-align-center\" data-align=\"center\">Professor de Educa\u00e7\u00e3o F\u00edsica<\/td><td class=\"has-text-align-center\" data-align=\"center\">06 + CR<\/td><td class=\"has-text-align-center\" data-align=\"center\">R$ 25,63 por hora\/aula<\/td><td class=\"has-text-align-center\" data-align=\"center\">Curso Superior Completo em Educa\u00e7\u00e3o F\u00edsica\/Licenciatura ou Educa\u00e7\u00e3o F\u00edsica\/Licenciatura Plena<\/td><\/tr><tr><td class=\"has-text-align-center\" data-align=\"center\">Professor de Ensino Fundamental e Educa\u00e7\u00e3o Infantil<\/td><td class=\"has-text-align-center\" data-align=\"center\">300 + CR<\/td><td class=\"has-text-align-center\" data-align=\"center\">R$ 25,63 por hora\/aula<\/td><td class=\"has-text-align-center\" data-align=\"center\">Curso Superior Completo em Pedagogia\/Licenciatura ou Normal Superior com habilita\u00e7\u00e3o em<br \/>Educa\u00e7\u00e3o Infantil e Anos Iniciais<\/td><\/tr><tr><td class=\"has-text-align-center\" data-align=\"center\">Professor de Ingl\u00eas<\/td><td class=\"has-text-align-center\" data-align=\"center\">05 + CR<\/td><td class=\"has-text-align-center\" data-align=\"center\">R$ 25,63 por hora\/aula<\/td><td class=\"has-text-align-center\" data-align=\"center\">Curso Superior em Licenciatura<br \/>Plena em Letras Portugu\u00eas-Ingl\u00eas ou,<br \/>Licenciatura Plena em Letras Ingl\u00eas ou, em L\u00edngua Estrangeira Moderna (Ingl\u00eas).<\/td><\/tr><\/tbody><\/table><\/figure>\n\n\n\n<p>As jornadas para os cargos ofertados variam de 20h a 40h semanais.<\/p>\n\n\n\n<h2 class=\"wp-block-heading\" id=\"etapas\">Etapas e provas<\/h2>\n\n\n\n<p>O edital do concurso Prefeitura de Rio Verde compreendeu as seguintes fases:<\/p>\n\n\n\n<ul class=\"wp-block-list\"><li><strong>Prova Objetiva<\/strong>:\u00a0para\u00a0todos os cargos\u00a0(eliminat\u00f3rio e classificat\u00f3rio);<\/li><li><strong>Teste de Capacidade F\u00edsica<\/strong>:\u00a0somente para os cargos de Agente de Apoio da Educa\u00e7\u00e3o Especial (eliminat\u00f3rio e classificat\u00f3rio);<\/li><li><strong>Reda\u00e7\u00e3o:\u00a0<\/strong>para todos os cargos, exceto Instrutor de Braille e Int\u00e9rprete de Libras (eliminat\u00f3rio e classificat\u00f3rio);<\/li><li><strong>Prova de T\u00edtulos<\/strong>:\u00a0para os cargos de Professor, Agente, Interprete e Instrutor;<\/li><li><strong>Prova Pr\u00e1tica<\/strong>:\u00a0somente para cargos de\u00a0Professor, Interprete de Libras e Instrutor de Braille (eliminat\u00f3rio e classificat\u00f3rio);<\/li><\/ul>\n\n\n\n<h3 class=\"wp-block-heading\" id=\"objetiva\">Provas Objetivas<\/h3>\n\n\n\n<p>A Prova Objetiva de M\u00faltipla Escolha ser\u00e1 aplicada nas datas de <strong>07 de maio e 14 de maio de 2023<\/strong>, na cidade de Rio Verde &#8211; GO.<\/p>\n\n\n\n<p>A dura\u00e7\u00e3o da etapa, em todos os casos, ser\u00e1 de 04 (quatro) horas, com in\u00edcio \u00e0s 08:00 horas e t\u00e9rmino \u00e0s 12:00 horas.<\/p>\n\n\n\n<p>Confira abaixo a estutura:<\/p>\n\n\n\n<p><strong>N\u00edvel superior:<\/strong><\/p>\n\n\n\n<ul class=\"wp-block-list\"><li>L\u00edngua Portuguesa \u2013 8 quest\u00f5es<\/li><li>Matem\u00e1tica \u2013 8 quest\u00f5es<\/li><li>Inform\u00e1tica \u2013 8 quest\u00f5es<\/li><li>Conhecimentos Espec\u00edficos \u2013 32 quest\u00f5es<\/li><\/ul>\n\n\n\n<p><strong>N\u00edvel superior:<\/strong> <strong>Instrutor de Braille e Int\u00e9rprete de Libras<\/strong><\/p>\n\n\n\n<ul class=\"wp-block-list\"><li>L\u00edngua Portuguesa \u2013 16 quest\u00f5es<\/li><li>Inform\u00e1tica \u2013 8 quest\u00f5es<\/li><li>Conhecimentos Espec\u00edficos \u2013 32 quest\u00f5es<\/li><\/ul>\n\n\n\n<p><strong>Professor<\/strong><\/p>\n\n\n\n<ul class=\"wp-block-list\"><li>L\u00edngua Portuguesa \u2013 7 quest\u00f5es<\/li><li>Legisla\u00e7\u00e3o, Fundamentos da Educa\u00e7\u00e3o e Did\u00e1tico-Pedag\u00f3gicos \u2013 7 quest\u00f5es<\/li><li>Inform\u00e1tica \u2013 6 quest\u00f5es<\/li><li>Conhecimentos Espec\u00edficos \u2013 20 quest\u00f5es<\/li><\/ul>\n\n\n\n<h3 class=\"wp-block-heading\">Prova de Reda\u00e7\u00e3o<\/h3>\n\n\n\n<p>Com o total de 10 pontos, a prova de reda\u00e7\u00e3o consistir\u00e1 na elabora\u00e7\u00e3o de um texto dissertativo sobre temas formulados pela Comiss\u00e3o do certame.<\/p>\n\n\n\n<p>O texto da reda\u00e7\u00e3o dever\u00e1 ter extens\u00e3o m\u00ednima de 20 e, no m\u00e1ximo, 25 linhas. N\u00e3o ser\u00e1 permitido o uso de qualquer consulta.<\/p>\n\n\n\n<p>Os crit\u00e9rios que ser\u00e3o avaliados ser\u00e3o: Apresenta\u00e7\u00e3o do Texto, Aspectos Gramaticais e Aspectos Estruturais.<\/p>\n\n\n\n<h3 class=\"wp-block-heading\" id=\"titulos\">Avalia\u00e7\u00e3o de T\u00edtulos<\/h3>\n\n\n\n<p>Com valor m\u00e1ximo de 10 pontos, a prova de t\u00edtulos ser\u00e1 aplicada somente aos cargos de n\u00edvel superior, com a seguinte distribui\u00e7\u00e3o:<\/p>\n\n\n\n<figure class=\"wp-block-image aligncenter\"><img loading=\"lazy\" decoding=\"async\" width=\"682\" height=\"149\" src=\"https:\/\/dhg1h5j42swfq.cloudfront.net\/2022\/12\/15144936\/image-156.png\" alt=\"Prova de T\u00edtulos - Concurso Rio Verde Sa\u00fade\" class=\"wp-image-1139517\" srcset=\"https:\/\/dhg1h5j42swfq.cloudfront.net\/2022\/12\/15144936\/image-156.png 682w, https:\/\/dhg1h5j42swfq.cloudfront.net\/2022\/12\/15144936\/image-156-300x66.png 300w, https:\/\/dhg1h5j42swfq.cloudfront.net\/2022\/12\/15144936\/image-156-610x133.png 610w, https:\/\/dhg1h5j42swfq.cloudfront.net\/2022\/12\/15144936\/image-156-150x33.png 150w\" sizes=\"auto, (max-width: 682px) 100vw, 682px\" \/><figcaption>Prova de T\u00edtulos \u2013 Concurso Rio Verde Sa\u00fade<\/figcaption><\/figure>\n\n\n\n<h3 class=\"wp-block-heading\">Teste de Capacidade F\u00edsica<\/h3>\n\n\n\n<p>O Teste de Capacidade F\u00edsica do concurso SME Rio Verde contar\u00e1 com aplica\u00e7\u00e3o dos seguintes exerc\u00edcios abaixo para o cargo de Agente:<\/p>\n\n\n\n<ul class=\"wp-block-list\"><li>Flex\u00e3o de bra\u00e7o (apoio);<\/li><li>Flex\u00e3o de tronco abdominal; e<\/li><li>Corrida de 12 minutos.<\/li><\/ul>\n\n\n\n<h3 class=\"wp-block-heading\" id=\"pratica\">Prova Pr\u00e1tica<\/h3>\n\n\n\n<p>A Prova Pr\u00e1tica\/Did\u00e1tica ser\u00e1 aplicada exclusivamente para os candidatos aos cargos de Professor de Educa\u00e7\u00e3o B\u00e1sica II \u2013 PEB II (Todas as \u00c1reas) aprovados na Prova Objetiva e na Prova de Reda\u00e7\u00e3o.<\/p>\n\n\n\n<p>A etapa consistir\u00e1 aula expositiva, com dura\u00e7\u00e3o m\u00e1xima de 30 (trinta) minutos, sobre um Tema a ser escolhido e indicado, conforme o respectivo n\u00famero do Tema, pelo candidato, no ato da inscri\u00e7\u00e3o, dentre os 10 (dez) itens dispon\u00edveis para cada cargo\/especialidade.<\/p>\n\n\n\n<p>J\u00e1 a prova pr\u00e1tica para o cargo de Instrutor de Braille ter\u00e1 dura\u00e7\u00e3o m\u00e1xima de at\u00e9 40 (quarenta) minutos para cada candidato(a) e consistir\u00e1 em transcri\u00e7\u00e3o de 1 (um) texto em braille, de 10 linhas, para tinta.<\/p>\n\n\n\n<p>E para o cargo de de Int\u00e9rprete da Libras, a etapa ter\u00e1 dura\u00e7\u00e3o m\u00e1xima de at\u00e9 20 (vinte) minutos para cada candidato(a), sendo composta de duas etapas:<br \/>\u2022 <strong>Na primeira etapa,<\/strong> o candidato, inicialmente, assistir\u00e1 a um v\u00eddeo de no m\u00e1ximo 05 (cinco) minutos, gravado em LIBRAS. Em seguida, ele assistir\u00e1 novamente o v\u00eddeo e far\u00e1 a tradu\u00e7\u00e3o simult\u00e2nea para a L\u00edngua Portuguesa, na modalidade oral. Tempo m\u00e1ximo: 10 (dez) minutos; <\/p>\n\n\n\n<p>\u2022 <strong>Na segunda etapa<\/strong>, o candidato, inicialmente, assistir\u00e1 a um v\u00eddeo de no m\u00e1ximo 05 (cinco) minutos, gravado em L\u00edngua Portuguesa, modalidade oral. Em seguida, ele assistir\u00e1 novamente ao v\u00eddeo e far\u00e1 a interpreta\u00e7\u00e3o simult\u00e2nea para a LIBRAS. Tempo m\u00e1ximo: 10 (dez) minutos.<\/p>\n\n\n\n<hr class=\"wp-block-separator has-css-opacity\"\/>\n\n\n\n<h2 class=\"has-text-align-center wp-block-heading\" id=\"h-quer-saber-tudo-sobre-concursos-previstos-confira-nossos-artigos\">Quer saber tudo sobre concursos previstos?<br \/>Confira  nossos artigos!<\/h2>\n\n\n\n<ul class=\"wp-block-list\"><li><a href=\"https:\/\/www.estrategiaconcursos.com.br\/blog\/concursos-abertos\/\" target=\"_blank\" rel=\"noreferrer noopener\">Concursos abertos<\/a><\/li><li><a href=\"https:\/\/www.estrategiaconcursos.com.br\/blog\/concursos-2022\/\" target=\"_blank\" rel=\"noreferrer noopener\">Concursos 2022<\/a><\/li><li><a href=\"https:\/\/www.estrategiaconcursos.com.br\/blog\/concursos-2023\/\" target=\"_blank\" rel=\"noreferrer noopener\">Concursos 2023<\/a><\/li><\/ul>\n\n\n\n<h2 class=\"has-text-align-center wp-block-heading\" id=\"cursos-assinatura\">Quer estudar para o concurso SME Rio Verde?<\/h2>\n\n\n\n<div class=\"container\" id=\"boxes\">\n  <div class=\"row\">\n\n    <div class=\"col-sm\">\n      <div class=\"banner-estrategia\" id=\"box-assinatura\">\n        <h3 class=\"titulo-assinatura\">Cursos para SME Rio Verde<\/h3>\n        <p class=\"subtitulo-assinatura\">Conhe\u00e7a os cursos<\/p>\n        <div class=\"box-botao\">\n          <a class=\"btn-assinatura\" target=\"_blank\" href=\"https:\/\/www.estrategiaconcursos.com.br\/cursos\/\" role=\"button\" rel=\"noopener noreferrer\">Conhe\u00e7a mais<\/a>\n        <\/div>\n      <\/div>\n     \n    <\/div>\n\n  <\/div>\n<\/div>\n\n\n\n<div class=\"container\" id=\"boxes\">\n  <div class=\"row\">\n\n    <div class=\"col-sm\">\n      <div class=\"estrategia\" id=\"box-assinatura\">\n        <h3 class=\"titulo-assinatura\">Assinatura Concursos<\/h3>\n        <p class=\"subtitulo-assinatura\">Assinatura de 1 ano ou 2 anos<\/p>\n        <div class=\"box-botao\">\n          <a class=\"btn-assinatura\" target=\"_blank\" href=\"https:\/\/www.estrategiaconcursos.com.br\/assinaturas\/\" role=\"button\" rel=\"noopener noreferrer\">ASSINE AGORA<\/a>\n        <\/div>\n      <\/div><\/div><\/div><\/div>\n\n\n\n<figure class=\"wp-block-image size-large is-resized\"><img loading=\"lazy\" decoding=\"async\" src=\"https:\/\/dhg1h5j42swfq.cloudfront.net\/2025\/06\/27101122\/ficha-tecnica-1-1024x632.png\" alt=\"\" class=\"wp-image-702728\" width=\"269\" height=\"166\" srcset=\"https:\/\/dhg1h5j42swfq.cloudfront.net\/2025\/06\/27101122\/ficha-tecnica-1-1024x632.png 1024w, https:\/\/dhg1h5j42swfq.cloudfront.net\/2025\/06\/27101122\/ficha-tecnica-1-300x185.png 300w, https:\/\/dhg1h5j42swfq.cloudfront.net\/2025\/06\/27101122\/ficha-tecnica-1-768x474.png 768w, https:\/\/dhg1h5j42swfq.cloudfront.net\/2025\/06\/27101122\/ficha-tecnica-1-1536x948.png 1536w, https:\/\/dhg1h5j42swfq.cloudfront.net\/2025\/06\/27101122\/ficha-tecnica-1-610x377.png 610w, https:\/\/dhg1h5j42swfq.cloudfront.net\/2025\/06\/27101122\/ficha-tecnica-1.png 1571w\" sizes=\"auto, (max-width: 269px) 100vw, 269px\" \/><\/figure>\n\n\n\n<h3 class=\"wp-block-heading\" id=\"ficha\">Informa\u00e7\u00f5es do concurso SME Rio Verde<\/h3>\n\n\n\n<ul class=\"wp-block-list\"><li><strong>Inscri\u00e7\u00f5es<\/strong>: 30\/01 a 28\/02\/2023<\/li><li><strong>Provas<\/strong>: 07\/05 e 14\/05\/2023<\/li><li><strong>Vagas<\/strong>: 851<\/li><li><strong>Cargos<\/strong>: diversos<\/li><li><strong>Banca<\/strong>:  UnirV<\/li><li><strong>Escolaridade<\/strong>: N\u00edvel superior <\/li><li><strong>Edital<\/strong>:\u00a0<a href=\"https:\/\/dhg1h5j42swfq.cloudfront.net\/2022\/08\/04100700\/edital-001-2022-municipio-de-rio-verde-retificado-pela-errata-003-2022.pdf\" target=\"_blank\" rel=\"noreferrer noopener nofollow\">Edital Rio Verde 2022<\/a><\/li><\/ul>\n","protected":false},"excerpt":{"rendered":"<p>Foi publicado o edital do concurso para a Secretaria Municipal de Educa\u00e7\u00e3o de Rio Verde (SME Rio Verde), em Goi\u00e1s. Conforme o documento, s\u00e3o ofertadas 851 vagas para \u00e1rea da educa\u00e7\u00e3o. As oportunidades s\u00e3o distribu\u00eddas entre os cargos de Agente de Apoio da Educa\u00e7\u00e3o Especial, Auxiliar de Educa\u00e7\u00e3o Infantil, Instrutor de Braille, Int\u00e9rprete de Libras [&hellip;]<\/p>\n","protected":false},"author":1,"featured_media":851689,"comment_status":"open","ping_status":"closed","sticky":false,"template":"","format":"standard","meta":{"post_tipo":"news_page","footnotes":""},"categories":[3766,220219],"tags":[],"tax_estado":[219972],"class_list":["post-1139477","post","type-post","status-publish","format-standard","has-post-thumbnail","hentry","category-educacional","category-noticias","tax_estado-go"],"acf":[],"yoast_head":"<!-- This site is optimized with the Yoast SEO Premium plugin v27.2 (Yoast SEO v27.2) - https:\/\/yoast.com\/product\/yoast-seo-premium-wordpress\/ -->\n<title>Concurso SME Rio Verde (GO): edital publicado para 851 vagas!<\/title>\n<meta name=\"description\" content=\"Concurso SME Rio Verde: edital publicado com oportunidades de n\u00edvel superior na \u00e1rea da educa\u00e7\u00e3o. Confira todos os detalhes aqui!\" \/>\n<meta name=\"robots\" content=\"index, follow, max-snippet:-1, max-image-preview:large, max-video-preview:-1\" \/>\n<link rel=\"canonical\" href=\"https:\/\/www.estrategiaconcursos.com.br\/blog\/concurso-sme-rio-verde\/\" \/>\n<meta property=\"og:locale\" content=\"pt_BR\" \/>\n<meta property=\"og:type\" content=\"article\" \/>\n<meta property=\"og:title\" content=\"Concurso SME Rio Verde (GO): edital publicado para 851 vagas!\" \/>\n<meta property=\"og:description\" content=\"Concurso SME Rio Verde: edital publicado com oportunidades de n\u00edvel superior na \u00e1rea da educa\u00e7\u00e3o. Confira todos os detalhes aqui!\" \/>\n<meta property=\"og:url\" content=\"https:\/\/www.estrategiaconcursos.com.br\/blog\/concurso-sme-rio-verde\/\" \/>\n<meta property=\"og:site_name\" content=\"Estrat\u00e9gia Concursos\" \/>\n<meta property=\"article:author\" content=\"https:\/\/www.facebook.com\/EstrategiaConcursos\" \/>\n<meta property=\"article:published_time\" content=\"2022-12-15T18:46:35+00:00\" \/>\n<meta property=\"article:modified_time\" content=\"2022-12-15T19:07:17+00:00\" \/>\n<meta property=\"og:image\" content=\"https:\/\/dhg1h5j42swfq.cloudfront.net\/2021\/08\/01181533\/rio-verde.jpg\" \/>\n\t<meta property=\"og:image:width\" content=\"767\" \/>\n\t<meta property=\"og:image:height\" content=\"432\" \/>\n\t<meta property=\"og:image:type\" content=\"image\/jpeg\" \/>\n<meta name=\"author\" content=\"Coordena\u00e7\u00e3o\" \/>\n<meta name=\"twitter:card\" content=\"summary_large_image\" \/>\n<meta name=\"twitter:creator\" content=\"@EstratConcursos\" \/>\n<meta name=\"twitter:site\" content=\"@EstratConcursos\" \/>\n<meta name=\"twitter:label1\" content=\"Escrito por\" \/>\n\t<meta name=\"twitter:data1\" content=\"Coordena\u00e7\u00e3o\" \/>\n\t<meta name=\"twitter:label2\" content=\"Est. tempo de leitura\" \/>\n\t<meta name=\"twitter:data2\" content=\"6 minutos\" \/>\n<script type=\"application\/ld+json\" class=\"yoast-schema-graph\">{\"@context\":\"https:\/\/schema.org\",\"@graph\":[{\"@type\":\"NewsArticle\",\"@id\":\"https:\/\/www.estrategiaconcursos.com.br\/blog\/concurso-sme-rio-verde\/#article\",\"isPartOf\":{\"@id\":\"https:\/\/www.estrategiaconcursos.com.br\/blog\/concurso-sme-rio-verde\/\"},\"author\":{\"name\":\"Coordena\u00e7\u00e3o\",\"@id\":\"https:\/\/www.estrategiaconcursos.com.br\/blog\/#\/schema\/person\/b4a388c97673c5f483d72185668afa1f\"},\"headline\":\"Concurso SME Rio Verde (GO): edital publicado para 851 vagas!\",\"datePublished\":\"2022-12-15T18:46:35+00:00\",\"dateModified\":\"2022-12-15T19:07:17+00:00\",\"mainEntityOfPage\":{\"@id\":\"https:\/\/www.estrategiaconcursos.com.br\/blog\/concurso-sme-rio-verde\/\"},\"wordCount\":1231,\"commentCount\":0,\"publisher\":{\"@id\":\"https:\/\/www.estrategiaconcursos.com.br\/blog\/#organization\"},\"image\":{\"@id\":\"https:\/\/www.estrategiaconcursos.com.br\/blog\/concurso-sme-rio-verde\/#primaryimage\"},\"thumbnailUrl\":\"https:\/\/dhg1h5j42swfq.cloudfront.net\/2021\/08\/01181533\/rio-verde.jpg\",\"articleSection\":[\"Educa\u00e7\u00e3o\",\"\u00daltimas not\u00edcias\"],\"inLanguage\":\"pt-BR\",\"potentialAction\":[{\"@type\":\"CommentAction\",\"name\":\"Comment\",\"target\":[\"https:\/\/www.estrategiaconcursos.com.br\/blog\/concurso-sme-rio-verde\/#respond\"]}],\"copyrightYear\":\"2022\",\"copyrightHolder\":{\"@id\":\"https:\/\/www.estrategiaconcursos.com.br\/blog\/#organization\"}},{\"@type\":\"WebPage\",\"@id\":\"https:\/\/www.estrategiaconcursos.com.br\/blog\/concurso-sme-rio-verde\/\",\"url\":\"https:\/\/www.estrategiaconcursos.com.br\/blog\/concurso-sme-rio-verde\/\",\"name\":\"Concurso SME Rio Verde (GO): edital publicado para 851 vagas!\",\"isPartOf\":{\"@id\":\"https:\/\/www.estrategiaconcursos.com.br\/blog\/#website\"},\"primaryImageOfPage\":{\"@id\":\"https:\/\/www.estrategiaconcursos.com.br\/blog\/concurso-sme-rio-verde\/#primaryimage\"},\"image\":{\"@id\":\"https:\/\/www.estrategiaconcursos.com.br\/blog\/concurso-sme-rio-verde\/#primaryimage\"},\"thumbnailUrl\":\"https:\/\/dhg1h5j42swfq.cloudfront.net\/2021\/08\/01181533\/rio-verde.jpg\",\"datePublished\":\"2022-12-15T18:46:35+00:00\",\"dateModified\":\"2022-12-15T19:07:17+00:00\",\"description\":\"Concurso SME Rio Verde: edital publicado com oportunidades de n\u00edvel superior na \u00e1rea da educa\u00e7\u00e3o. Confira todos os detalhes aqui!\",\"breadcrumb\":{\"@id\":\"https:\/\/www.estrategiaconcursos.com.br\/blog\/concurso-sme-rio-verde\/#breadcrumb\"},\"inLanguage\":\"pt-BR\",\"potentialAction\":[{\"@type\":\"ReadAction\",\"target\":[\"https:\/\/www.estrategiaconcursos.com.br\/blog\/concurso-sme-rio-verde\/\"]}]},{\"@type\":\"ImageObject\",\"inLanguage\":\"pt-BR\",\"@id\":\"https:\/\/www.estrategiaconcursos.com.br\/blog\/concurso-sme-rio-verde\/#primaryimage\",\"url\":\"https:\/\/dhg1h5j42swfq.cloudfront.net\/2021\/08\/01181533\/rio-verde.jpg\",\"contentUrl\":\"https:\/\/dhg1h5j42swfq.cloudfront.net\/2021\/08\/01181533\/rio-verde.jpg\",\"width\":767,\"height\":432,\"caption\":\"concurso prefeitura de rio verde edital\"},{\"@type\":\"BreadcrumbList\",\"@id\":\"https:\/\/www.estrategiaconcursos.com.br\/blog\/concurso-sme-rio-verde\/#breadcrumb\",\"itemListElement\":[{\"@type\":\"ListItem\",\"position\":1,\"name\":\"In\u00edcio\",\"item\":\"https:\/\/www.estrategiaconcursos.com.br\/blog\/\"},{\"@type\":\"ListItem\",\"position\":2,\"name\":\"Concurso SME Rio Verde (GO): edital publicado para 851 vagas!\"}]},{\"@type\":\"WebSite\",\"@id\":\"https:\/\/www.estrategiaconcursos.com.br\/blog\/#website\",\"url\":\"https:\/\/www.estrategiaconcursos.com.br\/blog\/\",\"name\":\"Estrat\u00e9gia Concursos\",\"description\":\"O blog da Estrat\u00e9gia Concursos traz not\u00edcias sobre concursos e artigos de professores oferecendo cursos para concursos (pdf + videaulas) no site.\",\"publisher\":{\"@id\":\"https:\/\/www.estrategiaconcursos.com.br\/blog\/#organization\"},\"potentialAction\":[{\"@type\":\"SearchAction\",\"target\":{\"@type\":\"EntryPoint\",\"urlTemplate\":\"https:\/\/www.estrategiaconcursos.com.br\/blog\/?s={search_term_string}\"},\"query-input\":{\"@type\":\"PropertyValueSpecification\",\"valueRequired\":true,\"valueName\":\"search_term_string\"}}],\"inLanguage\":\"pt-BR\"},{\"@type\":\"Organization\",\"@id\":\"https:\/\/www.estrategiaconcursos.com.br\/blog\/#organization\",\"name\":\"Estrat\u00e9gia Concursos\",\"url\":\"https:\/\/www.estrategiaconcursos.com.br\/blog\/\",\"logo\":{\"@type\":\"ImageObject\",\"inLanguage\":\"pt-BR\",\"@id\":\"https:\/\/www.estrategiaconcursos.com.br\/blog\/#\/schema\/logo\/image\/\",\"url\":\"https:\/\/dhg1h5j42swfq.cloudfront.net\/2025\/06\/03203428\/logo_concursos-1.jpg\",\"contentUrl\":\"https:\/\/dhg1h5j42swfq.cloudfront.net\/2025\/06\/03203428\/logo_concursos-1.jpg\",\"width\":230,\"height\":60,\"caption\":\"Estrat\u00e9gia Concursos\"},\"image\":{\"@id\":\"https:\/\/www.estrategiaconcursos.com.br\/blog\/#\/schema\/logo\/image\/\"},\"sameAs\":[\"https:\/\/x.com\/EstratConcursos\"]},{\"@type\":\"Person\",\"@id\":\"https:\/\/www.estrategiaconcursos.com.br\/blog\/#\/schema\/person\/b4a388c97673c5f483d72185668afa1f\",\"name\":\"Coordena\u00e7\u00e3o\",\"image\":{\"@type\":\"ImageObject\",\"inLanguage\":\"pt-BR\",\"@id\":\"https:\/\/secure.gravatar.com\/avatar\/b720319e4c9a967eb58678d110f4fe35452fc5d5f97b202bac7b8acceb18c6ad?s=96&d=mm&r=g\",\"url\":\"https:\/\/secure.gravatar.com\/avatar\/b720319e4c9a967eb58678d110f4fe35452fc5d5f97b202bac7b8acceb18c6ad?s=96&d=mm&r=g\",\"contentUrl\":\"https:\/\/secure.gravatar.com\/avatar\/b720319e4c9a967eb58678d110f4fe35452fc5d5f97b202bac7b8acceb18c6ad?s=96&d=mm&r=g\",\"caption\":\"Coordena\u00e7\u00e3o\"},\"sameAs\":[\"https:\/\/www.facebook.com\/EstrategiaConcursos\",\"https:\/\/x.com\/EstratConcursos\"],\"url\":\"https:\/\/www.estrategiaconcursos.com.br\/blog\/author\/estrategia2013\/\"}]}<\/script>\n<!-- \/ Yoast SEO Premium plugin. -->","yoast_head_json":{"title":"Concurso SME Rio Verde (GO): edital publicado para 851 vagas!","description":"Concurso SME Rio Verde: edital publicado com oportunidades de n\u00edvel superior na \u00e1rea da educa\u00e7\u00e3o. Confira todos os detalhes aqui!","robots":{"index":"index","follow":"follow","max-snippet":"max-snippet:-1","max-image-preview":"max-image-preview:large","max-video-preview":"max-video-preview:-1"},"canonical":"https:\/\/www.estrategiaconcursos.com.br\/blog\/concurso-sme-rio-verde\/","og_locale":"pt_BR","og_type":"article","og_title":"Concurso SME Rio Verde (GO): edital publicado para 851 vagas!","og_description":"Concurso SME Rio Verde: edital publicado com oportunidades de n\u00edvel superior na \u00e1rea da educa\u00e7\u00e3o. Confira todos os detalhes aqui!","og_url":"https:\/\/www.estrategiaconcursos.com.br\/blog\/concurso-sme-rio-verde\/","og_site_name":"Estrat\u00e9gia Concursos","article_author":"https:\/\/www.facebook.com\/EstrategiaConcursos","article_published_time":"2022-12-15T18:46:35+00:00","article_modified_time":"2022-12-15T19:07:17+00:00","og_image":[{"width":767,"height":432,"url":"https:\/\/dhg1h5j42swfq.cloudfront.net\/2021\/08\/01181533\/rio-verde.jpg","type":"image\/jpeg"}],"author":"Coordena\u00e7\u00e3o","twitter_card":"summary_large_image","twitter_creator":"@EstratConcursos","twitter_site":"@EstratConcursos","twitter_misc":{"Escrito por":"Coordena\u00e7\u00e3o","Est. tempo de leitura":"6 minutos"},"schema":{"@context":"https:\/\/schema.org","@graph":[{"@type":"NewsArticle","@id":"https:\/\/www.estrategiaconcursos.com.br\/blog\/concurso-sme-rio-verde\/#article","isPartOf":{"@id":"https:\/\/www.estrategiaconcursos.com.br\/blog\/concurso-sme-rio-verde\/"},"author":{"name":"Coordena\u00e7\u00e3o","@id":"https:\/\/www.estrategiaconcursos.com.br\/blog\/#\/schema\/person\/b4a388c97673c5f483d72185668afa1f"},"headline":"Concurso SME Rio Verde (GO): edital publicado para 851 vagas!","datePublished":"2022-12-15T18:46:35+00:00","dateModified":"2022-12-15T19:07:17+00:00","mainEntityOfPage":{"@id":"https:\/\/www.estrategiaconcursos.com.br\/blog\/concurso-sme-rio-verde\/"},"wordCount":1231,"commentCount":0,"publisher":{"@id":"https:\/\/www.estrategiaconcursos.com.br\/blog\/#organization"},"image":{"@id":"https:\/\/www.estrategiaconcursos.com.br\/blog\/concurso-sme-rio-verde\/#primaryimage"},"thumbnailUrl":"https:\/\/dhg1h5j42swfq.cloudfront.net\/2021\/08\/01181533\/rio-verde.jpg","articleSection":["Educa\u00e7\u00e3o","\u00daltimas not\u00edcias"],"inLanguage":"pt-BR","potentialAction":[{"@type":"CommentAction","name":"Comment","target":["https:\/\/www.estrategiaconcursos.com.br\/blog\/concurso-sme-rio-verde\/#respond"]}],"copyrightYear":"2022","copyrightHolder":{"@id":"https:\/\/www.estrategiaconcursos.com.br\/blog\/#organization"}},{"@type":"WebPage","@id":"https:\/\/www.estrategiaconcursos.com.br\/blog\/concurso-sme-rio-verde\/","url":"https:\/\/www.estrategiaconcursos.com.br\/blog\/concurso-sme-rio-verde\/","name":"Concurso SME Rio Verde (GO): edital publicado para 851 vagas!","isPartOf":{"@id":"https:\/\/www.estrategiaconcursos.com.br\/blog\/#website"},"primaryImageOfPage":{"@id":"https:\/\/www.estrategiaconcursos.com.br\/blog\/concurso-sme-rio-verde\/#primaryimage"},"image":{"@id":"https:\/\/www.estrategiaconcursos.com.br\/blog\/concurso-sme-rio-verde\/#primaryimage"},"thumbnailUrl":"https:\/\/dhg1h5j42swfq.cloudfront.net\/2021\/08\/01181533\/rio-verde.jpg","datePublished":"2022-12-15T18:46:35+00:00","dateModified":"2022-12-15T19:07:17+00:00","description":"Concurso SME Rio Verde: edital publicado com oportunidades de n\u00edvel superior na \u00e1rea da educa\u00e7\u00e3o. Confira todos os detalhes aqui!","breadcrumb":{"@id":"https:\/\/www.estrategiaconcursos.com.br\/blog\/concurso-sme-rio-verde\/#breadcrumb"},"inLanguage":"pt-BR","potentialAction":[{"@type":"ReadAction","target":["https:\/\/www.estrategiaconcursos.com.br\/blog\/concurso-sme-rio-verde\/"]}]},{"@type":"ImageObject","inLanguage":"pt-BR","@id":"https:\/\/www.estrategiaconcursos.com.br\/blog\/concurso-sme-rio-verde\/#primaryimage","url":"https:\/\/dhg1h5j42swfq.cloudfront.net\/2021\/08\/01181533\/rio-verde.jpg","contentUrl":"https:\/\/dhg1h5j42swfq.cloudfront.net\/2021\/08\/01181533\/rio-verde.jpg","width":767,"height":432,"caption":"concurso prefeitura de rio verde edital"},{"@type":"BreadcrumbList","@id":"https:\/\/www.estrategiaconcursos.com.br\/blog\/concurso-sme-rio-verde\/#breadcrumb","itemListElement":[{"@type":"ListItem","position":1,"name":"In\u00edcio","item":"https:\/\/www.estrategiaconcursos.com.br\/blog\/"},{"@type":"ListItem","position":2,"name":"Concurso SME Rio Verde (GO): edital publicado para 851 vagas!"}]},{"@type":"WebSite","@id":"https:\/\/www.estrategiaconcursos.com.br\/blog\/#website","url":"https:\/\/www.estrategiaconcursos.com.br\/blog\/","name":"Estrat\u00e9gia Concursos","description":"O blog da Estrat\u00e9gia Concursos traz not\u00edcias sobre concursos e artigos de professores oferecendo cursos para concursos (pdf + videaulas) no site.","publisher":{"@id":"https:\/\/www.estrategiaconcursos.com.br\/blog\/#organization"},"potentialAction":[{"@type":"SearchAction","target":{"@type":"EntryPoint","urlTemplate":"https:\/\/www.estrategiaconcursos.com.br\/blog\/?s={search_term_string}"},"query-input":{"@type":"PropertyValueSpecification","valueRequired":true,"valueName":"search_term_string"}}],"inLanguage":"pt-BR"},{"@type":"Organization","@id":"https:\/\/www.estrategiaconcursos.com.br\/blog\/#organization","name":"Estrat\u00e9gia Concursos","url":"https:\/\/www.estrategiaconcursos.com.br\/blog\/","logo":{"@type":"ImageObject","inLanguage":"pt-BR","@id":"https:\/\/www.estrategiaconcursos.com.br\/blog\/#\/schema\/logo\/image\/","url":"https:\/\/dhg1h5j42swfq.cloudfront.net\/2025\/06\/03203428\/logo_concursos-1.jpg","contentUrl":"https:\/\/dhg1h5j42swfq.cloudfront.net\/2025\/06\/03203428\/logo_concursos-1.jpg","width":230,"height":60,"caption":"Estrat\u00e9gia Concursos"},"image":{"@id":"https:\/\/www.estrategiaconcursos.com.br\/blog\/#\/schema\/logo\/image\/"},"sameAs":["https:\/\/x.com\/EstratConcursos"]},{"@type":"Person","@id":"https:\/\/www.estrategiaconcursos.com.br\/blog\/#\/schema\/person\/b4a388c97673c5f483d72185668afa1f","name":"Coordena\u00e7\u00e3o","image":{"@type":"ImageObject","inLanguage":"pt-BR","@id":"https:\/\/secure.gravatar.com\/avatar\/b720319e4c9a967eb58678d110f4fe35452fc5d5f97b202bac7b8acceb18c6ad?s=96&d=mm&r=g","url":"https:\/\/secure.gravatar.com\/avatar\/b720319e4c9a967eb58678d110f4fe35452fc5d5f97b202bac7b8acceb18c6ad?s=96&d=mm&r=g","contentUrl":"https:\/\/secure.gravatar.com\/avatar\/b720319e4c9a967eb58678d110f4fe35452fc5d5f97b202bac7b8acceb18c6ad?s=96&d=mm&r=g","caption":"Coordena\u00e7\u00e3o"},"sameAs":["https:\/\/www.facebook.com\/EstrategiaConcursos","https:\/\/x.com\/EstratConcursos"],"url":"https:\/\/www.estrategiaconcursos.com.br\/blog\/author\/estrategia2013\/"}]}},"_links":{"self":[{"href":"https:\/\/www.estrategiaconcursos.com.br\/blog\/wp-json\/wp\/v2\/posts\/1139477","targetHints":{"allow":["GET"]}}],"collection":[{"href":"https:\/\/www.estrategiaconcursos.com.br\/blog\/wp-json\/wp\/v2\/posts"}],"about":[{"href":"https:\/\/www.estrategiaconcursos.com.br\/blog\/wp-json\/wp\/v2\/types\/post"}],"author":[{"embeddable":true,"href":"https:\/\/www.estrategiaconcursos.com.br\/blog\/wp-json\/wp\/v2\/users\/1"}],"replies":[{"embeddable":true,"href":"https:\/\/www.estrategiaconcursos.com.br\/blog\/wp-json\/wp\/v2\/comments?post=1139477"}],"version-history":[{"count":12,"href":"https:\/\/www.estrategiaconcursos.com.br\/blog\/wp-json\/wp\/v2\/posts\/1139477\/revisions"}],"predecessor-version":[{"id":1139651,"href":"https:\/\/www.estrategiaconcursos.com.br\/blog\/wp-json\/wp\/v2\/posts\/1139477\/revisions\/1139651"}],"wp:featuredmedia":[{"embeddable":true,"href":"https:\/\/www.estrategiaconcursos.com.br\/blog\/wp-json\/wp\/v2\/media\/851689"}],"wp:attachment":[{"href":"https:\/\/www.estrategiaconcursos.com.br\/blog\/wp-json\/wp\/v2\/media?parent=1139477"}],"wp:term":[{"taxonomy":"category","embeddable":true,"href":"https:\/\/www.estrategiaconcursos.com.br\/blog\/wp-json\/wp\/v2\/categories?post=1139477"},{"taxonomy":"post_tag","embeddable":true,"href":"https:\/\/www.estrategiaconcursos.com.br\/blog\/wp-json\/wp\/v2\/tags?post=1139477"},{"taxonomy":"tax_estado","embeddable":true,"href":"https:\/\/www.estrategiaconcursos.com.br\/blog\/wp-json\/wp\/v2\/tax_estado?post=1139477"}],"curies":[{"name":"wp","href":"https:\/\/api.w.org\/{rel}","templated":true}]}}