{"id":1139463,"date":"2023-05-08T17:13:49","date_gmt":"2023-05-08T20:13:49","guid":{"rendered":"https:\/\/www.estrategiaconcursos.com.br\/blog\/?p=1139463"},"modified":"2023-05-08T17:13:50","modified_gmt":"2023-05-08T20:13:50","slug":"concurso-rio-verde-saude","status":"publish","type":"post","link":"https:\/\/www.estrategiaconcursos.com.br\/blog\/concurso-rio-verde-saude\/","title":{"rendered":"Concurso Rio Verde Sa\u00fade: veja os gabaritos preliminares"},"content":{"rendered":"\n<p>Foram divulgados os gabaritos preliminares das provas objetivas do <strong>concurso Rio Verde Sa\u00fade<\/strong>, no estado de Goi\u00e1s. A etapa foi aplicada em 07 de maio.<\/p>\n\n\n\n<ul class=\"wp-block-list\">\n<li><a href=\"http:\/\/concurso.vestibularunirv.com.br\/pagina\/paginas.php?id=181&amp;pagina=526\" target=\"_blank\" rel=\"noreferrer noopener\">Confira os gabaritos preliminares<\/a><\/li>\n<\/ul>\n\n\n\n<p>Agora, os interessados poder\u00e3o interpor recursos at\u00e9 o dia 09 de maio, no portal da <a href=\"http:\/\/concurso.vestibularunirv.com.br\/pagina\/index.php?id=181\" target=\"_blank\" rel=\"noreferrer noopener\">banca UniRV<\/a>. Lembrando que ainda haver\u00e1 aplica\u00e7\u00e3o de provas no dia 14 de maio.<\/p>\n\n\n\n<p>S\u00e3o ofertadas 143 vagas distribu\u00eddas entre os n\u00edveis m\u00e9dio, t\u00e9cnico e superior de escolaridade. Os sal\u00e1rios variam de R$ 1.794,45 a R$ 2.651,24.<\/p>\n\n\n\n<ul class=\"has-pale-ocean-gradient-background has-background wp-block-list\">\n<li><strong>Rio Verde Sa\u00fade<\/strong><\/li>\n\n\n\n<li><strong>Status<\/strong>: gabaritos divulgados<\/li>\n\n\n\n<li><strong style=\"background-color: initial; color: initial;\">Banca:<\/strong> UniRV<\/li>\n\n\n\n<li><strong>Vagas:<\/strong> 143<\/li>\n\n\n\n<li><strong>Sal\u00e1rio inicial:<\/strong> R$ 1.794,45 a R$ 2.651,24<\/li>\n\n\n\n<li><strong>Edital<\/strong>: <a href=\"https:\/\/dhg1h5j42swfq.cloudfront.net\/2022\/12\/15135910\/edital-002-2022-prefeitura-de-rio-verde-1.pdf\" target=\"_blank\" rel=\"noreferrer noopener nofollow\">Rio Verde Sa\u00fade-2022<\/a><\/li>\n<\/ul>\n\n\n\n<p>Confira neste artigo as principais informa\u00e7\u00f5es sobre o concurso. Acesse os t\u00f3picos abaixo:<\/p>\n\n\n\n<ul class=\"wp-block-list\" id=\"indice\">\n<li><a href=\"#datas\">Principais datas<\/a><\/li>\n\n\n\n<li><a href=\"#cargos-vagas\">Cargos e vagas<\/a><\/li>\n\n\n\n<li><a href=\"#etapas\">Etapas e provas<\/a><\/li>\n\n\n\n<li><a href=\"#cursos\">Cursos e Assinaturas<\/a><\/li>\n\n\n\n<li><a href=\"#ficha-tecnica\">Ficha T\u00e9cnica<\/a><\/li>\n<\/ul>\n\n\n\n<div class=\"container\" id=\"boxes\">\n  <div class=\"row\">\n\n    <div class=\"col-sm\">\n      <div class=\"banner-medicina\" id=\"box-assinatura\">\n        <h3 class=\"titulo-assinatura\">Concurso Rio Verde Sa\u00fade<\/h3>\n        <p class=\"subtitulo-assinatura\">Conhe\u00e7a os cursos<\/p>\n        <div class=\"box-botao\">\n          <a class=\"btn-assinatura\" target=\"_blank\" href=\"https:\/\/www.estrategiaconcursos.com.br\/cursosPorConcurso\/cursos-da-saude\/\" role=\"button\" rel=\"noopener noreferrer\">Conhe\u00e7a mais<\/a>\n        <\/div>\n      <\/div>\n    \n\n  <\/div>\n<\/div><\/div>\n\n\n\n<h2 class=\"wp-block-heading\" id=\"datas\">Principais datas do edital<\/h2>\n\n\n\n<ul class=\"wp-block-list\">\n<li><strong>Inscri\u00e7\u00f5es<\/strong>: <s>30\/01 a 28\/02\/2023<\/s><\/li>\n\n\n\n<li><strong>Isen\u00e7\u00e3o da taxa<\/strong>: <s>30\/01 a 10\/02\/2023<\/s><\/li>\n\n\n\n<li><strong>\u00daltimo dia para pagamento<\/strong>: 1\u00ba\/03\/2023<\/li>\n\n\n\n<li><strong>Provas<\/strong>: <s>07<\/s> e 14\/05\/2023<\/li>\n<\/ul>\n\n\n\n<h2 class=\"wp-block-heading\" id=\"cargos-vagas\">Cargos e vagas do concurso Rio Verde Sa\u00fade<\/h2>\n\n\n\n<h3 class=\"wp-block-heading\" id=\"medio\">N\u00edveis m\u00e9dio\/t\u00e9cnico<\/h3>\n\n\n\n<figure class=\"wp-block-table is-style-stripes\"><table class=\"has-pale-ocean-gradient-background has-background has-fixed-layout\"><thead><tr><th class=\"has-text-align-center\" data-align=\"center\">CARGOS<\/th><th class=\"has-text-align-center\" data-align=\"center\">VAGAS<\/th><th class=\"has-text-align-center\" data-align=\"center\">SAL\u00c1RIO<\/th><\/tr><\/thead><tbody><tr><td class=\"has-text-align-center\" data-align=\"center\">Auxiliar de Farm\u00e1cia II<\/td><td class=\"has-text-align-center\" data-align=\"center\">20<\/td><td class=\"has-text-align-center\" data-align=\"center\">R$ 1.794,45 <\/td><\/tr><tr><td class=\"has-text-align-center\" data-align=\"center\">Cuidador Social<\/td><td class=\"has-text-align-center\" data-align=\"center\">10<\/td><td class=\"has-text-align-center\" data-align=\"center\">R$ 1.794,45 <\/td><\/tr><tr><td class=\"has-text-align-center\" data-align=\"center\">Maqueiro<\/td><td class=\"has-text-align-center\" data-align=\"center\">2<\/td><td class=\"has-text-align-center\" data-align=\"center\">R$ 1.794,45<\/td><\/tr><tr><td class=\"has-text-align-center\" data-align=\"center\">Motorista da Sa\u00fade<\/td><td class=\"has-text-align-center\" data-align=\"center\">45<\/td><td class=\"has-text-align-center\" data-align=\"center\">R$ 2.181,08<\/td><\/tr><tr><td class=\"has-text-align-center\" data-align=\"center\">T\u00e9cnico em An\u00e1lises Cl\u00ednicas<\/td><td class=\"has-text-align-center\" data-align=\"center\">2<\/td><td class=\"has-text-align-center\" data-align=\"center\">R$ 1.757,76<\/td><\/tr><tr><td class=\"has-text-align-center\" data-align=\"center\">T\u00e9cnico em Radiologia<\/td><td class=\"has-text-align-center\" data-align=\"center\">15<\/td><td class=\"has-text-align-center\" data-align=\"center\">R$ 1.757,76<\/td><\/tr><\/tbody><\/table><\/figure>\n\n\n\n<h3 class=\"wp-block-heading\" id=\"superior\">N\u00edvel superior<\/h3>\n\n\n\n<figure class=\"wp-block-table is-style-stripes\"><table class=\"has-pale-ocean-gradient-background has-background has-fixed-layout\"><thead><tr><th class=\"has-text-align-center\" data-align=\"center\">CARGOS<\/th><th class=\"has-text-align-center\" data-align=\"center\">VAGAS<\/th><th class=\"has-text-align-center\" data-align=\"center\">SAL\u00c1RIO<\/th><\/tr><\/thead><tbody><tr><td class=\"has-text-align-center\" data-align=\"center\">Especialista em Assist\u00eancia Social<\/td><td class=\"has-text-align-center\" data-align=\"center\">14<\/td><td class=\"has-text-align-center\" data-align=\"center\">R$ 2.651,24<\/td><\/tr><tr><td class=\"has-text-align-center\" data-align=\"center\">Especialista em Fonoaudiologia<\/td><td class=\"has-text-align-center\" data-align=\"center\">3<\/td><td class=\"has-text-align-center\" data-align=\"center\">R$ 2.651,24<\/td><\/tr><tr><td class=\"has-text-align-center\" data-align=\"center\">Especialista em Medicina Veterin\u00e1ria<\/td><td class=\"has-text-align-center\" data-align=\"center\">4<\/td><td class=\"has-text-align-center\" data-align=\"center\">R$ 2.651,24<\/td><\/tr><tr><td class=\"has-text-align-center\" data-align=\"center\">Especialista em Nutri\u00e7\u00e3o<\/td><td class=\"has-text-align-center\" data-align=\"center\">8<\/td><td class=\"has-text-align-center\" data-align=\"center\">R$ 2.651,24<\/td><\/tr><tr><td class=\"has-text-align-center\" data-align=\"center\">Especialista em Psicologia<\/td><td class=\"has-text-align-center\" data-align=\"center\">18<\/td><td class=\"has-text-align-center\" data-align=\"center\">R$ 2.651,24<\/td><\/tr><tr><td class=\"has-text-align-center\" data-align=\"center\">Especialista em Regula\u00e7\u00e3o e Vigil\u00e2ncia Sanit\u00e1ria<\/td><td class=\"has-text-align-center\" data-align=\"center\">4<\/td><td class=\"has-text-align-center\" data-align=\"center\">R$ 2.651,24<\/td><\/tr><\/tbody><\/table><\/figure>\n\n\n\n<h2 class=\"wp-block-heading\" id=\"etapas\">Etapas e provas do concurso Rio Verde Sa\u00fade<\/h2>\n\n\n\n<p>Os candidatos do concurso Rio Verde Sa\u00fade ser\u00e3o avaliados mediante aplica\u00e7\u00e3o da seguintes etapas:<\/p>\n\n\n\n<ul class=\"wp-block-list\">\n<li>Prova Objetiva, de car\u00e1ter eliminat\u00f3rio e classificat\u00f3rio;<\/li>\n\n\n\n<li>Prova de Reda\u00e7\u00e3o, de car\u00e1ter eliminat\u00f3rio e classificat\u00f3rio; <\/li>\n\n\n\n<li>Teste de Capacidade F\u00edsica, de car\u00e1ter eliminat\u00f3rio e classificat\u00f3rio; e<\/li>\n\n\n\n<li>Prova de T\u00edtulos, de car\u00e1ter classificat\u00f3rio.<\/li>\n<\/ul>\n\n\n\n<h3 class=\"wp-block-heading\">Prova Objetiva<\/h3>\n\n\n\n<p>A prova objetiva foi composta de quest\u00f5es de m\u00faltipla escolha, com 4 alternativas cada, sendo apenas uma alternativa correta. A etapa teve dura\u00e7\u00e3o de 4h.<\/p>\n\n\n\n<p><span style=\"text-decoration: underline;\"><strong>N\u00edvel m\u00e9dio<\/strong><\/span>:<\/p>\n\n\n\n<ul class=\"wp-block-list\">\n<li>L\u00edngua Portuguesa &#8211; 15 quest\u00f5es<\/li>\n\n\n\n<li>Matem\u00e1tica &#8211; 15 quest\u00f5es<\/li>\n\n\n\n<li>Conhecimentos de Inform\u00e1tica &#8211; 10 quest\u00f5es<\/li>\n<\/ul>\n\n\n\n<p><span style=\"text-decoration: underline;\"><strong>N\u00edveis m\u00e9dio\/t\u00e9cnico<\/strong><\/span>:<\/p>\n\n\n\n<ul class=\"wp-block-list\">\n<li>L\u00edngua Portuguesa &#8211; 7 quest\u00f5es<\/li>\n\n\n\n<li>Matem\u00e1tica &#8211; 7 quest\u00f5es<\/li>\n\n\n\n<li>Inform\u00e1tica &#8211; 7 quest\u00f5es<\/li>\n\n\n\n<li>Conhecimentos Espec\u00edficos &#8211; 20 quest\u00f5es<\/li>\n<\/ul>\n\n\n\n<p><span style=\"text-decoration: underline;\"><strong>N\u00edvel m\u00e9dio (Motorista da Sa\u00fade)<\/strong><\/span>:<\/p>\n\n\n\n<ul class=\"wp-block-list\">\n<li>L\u00edngua Portuguesa &#8211; 10 quest\u00f5es<\/li>\n\n\n\n<li>Matem\u00e1tica &#8211; 10 quest\u00f5es<\/li>\n\n\n\n<li>Conhecimentos Espec\u00edficos &#8211; 20 quest\u00f5es<\/li>\n<\/ul>\n\n\n\n<p><strong><span style=\"text-decoration: underline;\">N\u00edvel superior:<\/span><\/strong><\/p>\n\n\n\n<ul class=\"wp-block-list\">\n<li>L\u00edngua Portuguesa &#8211; 8 quest\u00f5es<\/li>\n\n\n\n<li>Matem\u00e1tica &#8211; 8 quest\u00f5es<\/li>\n\n\n\n<li>Inform\u00e1tica &#8211; 8 quest\u00f5es<\/li>\n\n\n\n<li>Conhecimentos Espec\u00edficos &#8211; 32 quest\u00f5es<\/li>\n<\/ul>\n\n\n\n<h3 class=\"wp-block-heading\">Prova de Reda\u00e7\u00e3o<\/h3>\n\n\n\n<p>Com o total de 10 pontos, a prova de reda\u00e7\u00e3o consistiu na elabora\u00e7\u00e3o de um texto dissertativo sobre temas formulados pela Comiss\u00e3o do certame.<\/p>\n\n\n\n<p>O texto da reda\u00e7\u00e3o teve que conter extens\u00e3o m\u00ednima de 20 e, no m\u00e1ximo, 25 linhas. Os crit\u00e9rios que ser\u00e3o avaliados ser\u00e3o: Apresenta\u00e7\u00e3o do Texto, Aspectos Gramaticais e Aspectos Estruturais.<\/p>\n\n\n\n<h3 class=\"wp-block-heading\">Teste de Capacidade F\u00edsica<\/h3>\n\n\n\n<p>O Teste de Capacidade F\u00edsica do concurso Rio Verde Sa\u00fade contar\u00e1 com aplica\u00e7\u00e3o dos seguintes exerc\u00edcios abaixo:<\/p>\n\n\n\n<ul class=\"wp-block-list\">\n<li>Flex\u00e3o de bra\u00e7o (apoio);<\/li>\n\n\n\n<li>Flex\u00e3o de tronco abdominal; e<\/li>\n\n\n\n<li>Corrida de 12 minutos.<\/li>\n<\/ul>\n\n\n\n<h3 class=\"wp-block-heading\">Prova de T\u00edtulos<\/h3>\n\n\n\n<p>Com valor m\u00e1ximo de 10 pontos, a prova de t\u00edtulos ser\u00e1 aplicada somente aos cargos de n\u00edvel superior, com a seguinte distribui\u00e7\u00e3o:<\/p>\n\n\n\n<figure class=\"wp-block-image aligncenter size-full is-resized\"><img loading=\"lazy\" decoding=\"async\" src=\"https:\/\/dhg1h5j42swfq.cloudfront.net\/2022\/12\/15144936\/image-156.png\" alt=\"Prova de T\u00edtulos - Concurso Rio Verde Sa\u00fade\" class=\"wp-image-1139517\" width=\"736\" height=\"161\" srcset=\"https:\/\/dhg1h5j42swfq.cloudfront.net\/2022\/12\/15144936\/image-156.png 682w, https:\/\/dhg1h5j42swfq.cloudfront.net\/2022\/12\/15144936\/image-156-300x66.png 300w, https:\/\/dhg1h5j42swfq.cloudfront.net\/2022\/12\/15144936\/image-156-610x133.png 610w, https:\/\/dhg1h5j42swfq.cloudfront.net\/2022\/12\/15144936\/image-156-150x33.png 150w\" sizes=\"auto, (max-width: 736px) 100vw, 736px\" \/><figcaption class=\"wp-element-caption\">Prova de T\u00edtulos &#8211; Concurso Rio Verde Sa\u00fade<\/figcaption><\/figure>\n\n\n\n<hr class=\"wp-block-separator has-css-opacity\"\/>\n\n\n\n<h2 class=\"wp-block-heading has-text-align-center\" id=\"h-quer-saber-tudo-sobre-concursos-previstos-confira-nossos-artigos\">Quer saber tudo sobre concursos previstos?<br \/>Confira  nossos artigos!<\/h2>\n\n\n\n<ul class=\"wp-block-list\">\n<li><a href=\"https:\/\/www.estrategiaconcursos.com.br\/blog\/concursos-abertos\/\" target=\"_blank\" rel=\"noreferrer noopener\">Concursos abertos<\/a><\/li>\n\n\n\n<li><a href=\"https:\/\/www.estrategiaconcursos.com.br\/blog\/concursos-2023\/\" target=\"_blank\" rel=\"noreferrer noopener\">Concursos 2023<\/a><\/li>\n<\/ul>\n\n\n\n<h2 class=\"wp-block-heading has-text-align-center\" id=\"cursos\">Quer estudar para o concurso Rio Verde Sa\u00fade?<\/h2>\n\n\n\n<div class=\"container\" id=\"boxes\">\n  <div class=\"row\">\n\n    <div class=\"col-sm\">\n      <div class=\"banner-medicina\" id=\"box-assinatura\">\n        <h3 class=\"titulo-assinatura\">Concurso Rio Verde Sa\u00fade<\/h3>\n        <p class=\"subtitulo-assinatura\">Conhe\u00e7a os cursos<\/p>\n        <div class=\"box-botao\">\n          <a class=\"btn-assinatura\" target=\"_blank\" href=\"https:\/\/www.estrategiaconcursos.com.br\/cursosPorConcurso\/cursos-da-saude\/\" role=\"button\" rel=\"noopener noreferrer\">Conhe\u00e7a mais<\/a>\n        <\/div>\n      <\/div>\n    \n\n  <\/div>\n<\/div><\/div>\n\n\n\n<div class=\"container\" id=\"boxes\">\n  <div class=\"row\">\n\n    <div class=\"col-sm\">\n      <div class=\"estrategia\" id=\"box-assinatura\">\n        <h3 class=\"titulo-assinatura\">Assinatura de Concursos<\/h3>\n        <p class=\"subtitulo-assinatura\">Assinatura de 1 ano ou 2 anos<\/p>\n        <div class=\"box-botao\">\n          <a class=\"btn-assinatura\" target=\"_blank\" href=\"https:\/\/www.estrategiaconcursos.com.br\/assinaturas\/\" role=\"button\" rel=\"noopener noreferrer\">ASSINE AGORA<\/a>\n        <\/div>\n      <\/div>\n     \n    <\/div><\/div><\/div>\n\n\n\n<figure class=\"wp-block-image size-large is-resized is-style-default\"><img loading=\"lazy\" decoding=\"async\" src=\"https:\/\/dhg1h5j42swfq.cloudfront.net\/2025\/06\/27101122\/ficha-tecnica-1-1024x632.png\" alt=\"Informa\u00e7\u00f5es do concurso Sorocaba Sa\u00fade\" class=\"wp-image-702728\" width=\"269\" height=\"166\" title=\"ficha-tecnica\" srcset=\"https:\/\/dhg1h5j42swfq.cloudfront.net\/2025\/06\/27101122\/ficha-tecnica-1-1024x632.png 1024w, https:\/\/dhg1h5j42swfq.cloudfront.net\/2025\/06\/27101122\/ficha-tecnica-1-300x185.png 300w, https:\/\/dhg1h5j42swfq.cloudfront.net\/2025\/06\/27101122\/ficha-tecnica-1-768x474.png 768w, https:\/\/dhg1h5j42swfq.cloudfront.net\/2025\/06\/27101122\/ficha-tecnica-1-1536x948.png 1536w, https:\/\/dhg1h5j42swfq.cloudfront.net\/2025\/06\/27101122\/ficha-tecnica-1-610x377.png 610w, https:\/\/dhg1h5j42swfq.cloudfront.net\/2025\/06\/27101122\/ficha-tecnica-1.png 1571w\" sizes=\"auto, (max-width: 269px) 100vw, 269px\" \/><\/figure>\n\n\n\n<h3 class=\"wp-block-heading\" id=\"ficha-tecnica\">Informa\u00e7\u00f5es do concurso Rio Verde Sa\u00fade<\/h3>\n\n\n\n<ul class=\"wp-block-list\">\n<li><strong style=\"color: initial;\">Provas<\/strong><span style=\"color: initial;\">: <\/span>07 e 14\/05\/2023<\/li>\n\n\n\n<li><strong>Vagas<\/strong>: 143<\/li>\n\n\n\n<li><strong>Cargos<\/strong>: v\u00e1rios<\/li>\n\n\n\n<li><strong>Banca<\/strong>: UniRV<\/li>\n\n\n\n<li><strong>Escolaridade<\/strong>: n\u00edveis m\u00e9dio, t\u00e9cnico e superior<\/li>\n\n\n\n<li><strong>Edital<\/strong>: <a href=\"https:\/\/dhg1h5j42swfq.cloudfront.net\/2022\/12\/15135910\/edital-002-2022-prefeitura-de-rio-verde-1.pdf\" target=\"_blank\" rel=\"noreferrer noopener nofollow\">Rio Verde Sa\u00fade-2022<\/a><\/li>\n<\/ul>\n","protected":false},"excerpt":{"rendered":"<p>Foram divulgados os gabaritos preliminares das provas objetivas do concurso Rio Verde Sa\u00fade, no estado de Goi\u00e1s. A etapa foi aplicada em 07 de maio. Agora, os interessados poder\u00e3o interpor recursos at\u00e9 o dia 09 de maio, no portal da banca UniRV. Lembrando que ainda haver\u00e1 aplica\u00e7\u00e3o de provas no dia 14 de maio. S\u00e3o [&hellip;]<\/p>\n","protected":false},"author":1,"featured_media":1140166,"comment_status":"open","ping_status":"closed","sticky":false,"template":"","format":"standard","meta":{"post_tipo":"news_page","footnotes":""},"categories":[1981,220219],"tags":[],"tax_estado":[219972],"class_list":["post-1139463","post","type-post","status-publish","format-standard","has-post-thumbnail","hentry","category-saude","category-noticias","tax_estado-go"],"acf":[],"yoast_head":"<!-- This site is optimized with the Yoast SEO Premium plugin v27.2 (Yoast SEO v27.2) - https:\/\/yoast.com\/product\/yoast-seo-premium-wordpress\/ -->\n<title>Concurso Rio Verde Sa\u00fade: veja os gabaritos preliminares<\/title>\n<meta name=\"description\" content=\"Concurso Rio Verde Sa\u00fade: edital oferta 143 vagas de n\u00edveis m\u00e9dio, t\u00e9cnico e superior. Gabaritos preliminares s\u00e3o divulgados. Confira!\" \/>\n<meta name=\"robots\" content=\"index, follow, max-snippet:-1, max-image-preview:large, max-video-preview:-1\" \/>\n<link rel=\"canonical\" href=\"https:\/\/www.estrategiaconcursos.com.br\/blog\/concurso-rio-verde-saude\/\" \/>\n<meta property=\"og:locale\" content=\"pt_BR\" \/>\n<meta property=\"og:type\" content=\"article\" \/>\n<meta property=\"og:title\" content=\"Concurso Rio Verde Sa\u00fade: veja os gabaritos preliminares\" \/>\n<meta property=\"og:description\" content=\"Concurso Rio Verde Sa\u00fade: edital oferta 143 vagas de n\u00edveis m\u00e9dio, t\u00e9cnico e superior. Gabaritos preliminares s\u00e3o divulgados. Confira!\" \/>\n<meta property=\"og:url\" content=\"https:\/\/www.estrategiaconcursos.com.br\/blog\/concurso-rio-verde-saude\/\" \/>\n<meta property=\"og:site_name\" content=\"Estrat\u00e9gia Concursos\" \/>\n<meta property=\"article:author\" content=\"https:\/\/www.facebook.com\/EstrategiaConcursos\" \/>\n<meta property=\"article:published_time\" content=\"2023-05-08T20:13:49+00:00\" \/>\n<meta property=\"article:modified_time\" content=\"2023-05-08T20:13:50+00:00\" \/>\n<meta property=\"og:image\" content=\"https:\/\/dhg1h5j42swfq.cloudfront.net\/2022\/12\/16132225\/768-432-max-3.jpg\" \/>\n\t<meta property=\"og:image:width\" content=\"768\" \/>\n\t<meta property=\"og:image:height\" content=\"432\" \/>\n\t<meta property=\"og:image:type\" content=\"image\/jpeg\" \/>\n<meta name=\"author\" content=\"Coordena\u00e7\u00e3o\" \/>\n<meta name=\"twitter:card\" content=\"summary_large_image\" \/>\n<meta name=\"twitter:creator\" content=\"@EstratConcursos\" \/>\n<meta name=\"twitter:site\" content=\"@EstratConcursos\" \/>\n<meta name=\"twitter:label1\" content=\"Escrito por\" \/>\n\t<meta name=\"twitter:data1\" content=\"Coordena\u00e7\u00e3o\" \/>\n\t<meta name=\"twitter:label2\" content=\"Est. tempo de leitura\" \/>\n\t<meta name=\"twitter:data2\" content=\"3 minutos\" \/>\n<script type=\"application\/ld+json\" class=\"yoast-schema-graph\">{\"@context\":\"https:\/\/schema.org\",\"@graph\":[{\"@type\":\"NewsArticle\",\"@id\":\"https:\/\/www.estrategiaconcursos.com.br\/blog\/concurso-rio-verde-saude\/#article\",\"isPartOf\":{\"@id\":\"https:\/\/www.estrategiaconcursos.com.br\/blog\/concurso-rio-verde-saude\/\"},\"author\":{\"name\":\"Coordena\u00e7\u00e3o\",\"@id\":\"https:\/\/www.estrategiaconcursos.com.br\/blog\/#\/schema\/person\/b4a388c97673c5f483d72185668afa1f\"},\"headline\":\"Concurso Rio Verde Sa\u00fade: veja os gabaritos preliminares\",\"datePublished\":\"2023-05-08T20:13:49+00:00\",\"dateModified\":\"2023-05-08T20:13:50+00:00\",\"mainEntityOfPage\":{\"@id\":\"https:\/\/www.estrategiaconcursos.com.br\/blog\/concurso-rio-verde-saude\/\"},\"wordCount\":683,\"commentCount\":0,\"publisher\":{\"@id\":\"https:\/\/www.estrategiaconcursos.com.br\/blog\/#organization\"},\"image\":{\"@id\":\"https:\/\/www.estrategiaconcursos.com.br\/blog\/concurso-rio-verde-saude\/#primaryimage\"},\"thumbnailUrl\":\"https:\/\/dhg1h5j42swfq.cloudfront.net\/2022\/12\/16132225\/768-432-max-3.jpg\",\"articleSection\":[\"Sa\u00fade\",\"\u00daltimas not\u00edcias\"],\"inLanguage\":\"pt-BR\",\"potentialAction\":[{\"@type\":\"CommentAction\",\"name\":\"Comment\",\"target\":[\"https:\/\/www.estrategiaconcursos.com.br\/blog\/concurso-rio-verde-saude\/#respond\"]}],\"copyrightYear\":\"2023\",\"copyrightHolder\":{\"@id\":\"https:\/\/www.estrategiaconcursos.com.br\/blog\/#organization\"}},{\"@type\":\"WebPage\",\"@id\":\"https:\/\/www.estrategiaconcursos.com.br\/blog\/concurso-rio-verde-saude\/\",\"url\":\"https:\/\/www.estrategiaconcursos.com.br\/blog\/concurso-rio-verde-saude\/\",\"name\":\"Concurso Rio Verde Sa\u00fade: veja os gabaritos preliminares\",\"isPartOf\":{\"@id\":\"https:\/\/www.estrategiaconcursos.com.br\/blog\/#website\"},\"primaryImageOfPage\":{\"@id\":\"https:\/\/www.estrategiaconcursos.com.br\/blog\/concurso-rio-verde-saude\/#primaryimage\"},\"image\":{\"@id\":\"https:\/\/www.estrategiaconcursos.com.br\/blog\/concurso-rio-verde-saude\/#primaryimage\"},\"thumbnailUrl\":\"https:\/\/dhg1h5j42swfq.cloudfront.net\/2022\/12\/16132225\/768-432-max-3.jpg\",\"datePublished\":\"2023-05-08T20:13:49+00:00\",\"dateModified\":\"2023-05-08T20:13:50+00:00\",\"description\":\"Concurso Rio Verde Sa\u00fade: edital oferta 143 vagas de n\u00edveis m\u00e9dio, t\u00e9cnico e superior. Gabaritos preliminares s\u00e3o divulgados. Confira!\",\"breadcrumb\":{\"@id\":\"https:\/\/www.estrategiaconcursos.com.br\/blog\/concurso-rio-verde-saude\/#breadcrumb\"},\"inLanguage\":\"pt-BR\",\"potentialAction\":[{\"@type\":\"ReadAction\",\"target\":[\"https:\/\/www.estrategiaconcursos.com.br\/blog\/concurso-rio-verde-saude\/\"]}]},{\"@type\":\"ImageObject\",\"inLanguage\":\"pt-BR\",\"@id\":\"https:\/\/www.estrategiaconcursos.com.br\/blog\/concurso-rio-verde-saude\/#primaryimage\",\"url\":\"https:\/\/dhg1h5j42swfq.cloudfront.net\/2022\/12\/16132225\/768-432-max-3.jpg\",\"contentUrl\":\"https:\/\/dhg1h5j42swfq.cloudfront.net\/2022\/12\/16132225\/768-432-max-3.jpg\",\"width\":768,\"height\":432,\"caption\":\"ro verde sa\u00fade\"},{\"@type\":\"BreadcrumbList\",\"@id\":\"https:\/\/www.estrategiaconcursos.com.br\/blog\/concurso-rio-verde-saude\/#breadcrumb\",\"itemListElement\":[{\"@type\":\"ListItem\",\"position\":1,\"name\":\"In\u00edcio\",\"item\":\"https:\/\/www.estrategiaconcursos.com.br\/blog\/\"},{\"@type\":\"ListItem\",\"position\":2,\"name\":\"Concurso Rio Verde Sa\u00fade: veja os gabaritos preliminares\"}]},{\"@type\":\"WebSite\",\"@id\":\"https:\/\/www.estrategiaconcursos.com.br\/blog\/#website\",\"url\":\"https:\/\/www.estrategiaconcursos.com.br\/blog\/\",\"name\":\"Estrat\u00e9gia Concursos\",\"description\":\"O blog da Estrat\u00e9gia Concursos traz not\u00edcias sobre concursos e artigos de professores oferecendo cursos para concursos (pdf + videaulas) no site.\",\"publisher\":{\"@id\":\"https:\/\/www.estrategiaconcursos.com.br\/blog\/#organization\"},\"potentialAction\":[{\"@type\":\"SearchAction\",\"target\":{\"@type\":\"EntryPoint\",\"urlTemplate\":\"https:\/\/www.estrategiaconcursos.com.br\/blog\/?s={search_term_string}\"},\"query-input\":{\"@type\":\"PropertyValueSpecification\",\"valueRequired\":true,\"valueName\":\"search_term_string\"}}],\"inLanguage\":\"pt-BR\"},{\"@type\":\"Organization\",\"@id\":\"https:\/\/www.estrategiaconcursos.com.br\/blog\/#organization\",\"name\":\"Estrat\u00e9gia Concursos\",\"url\":\"https:\/\/www.estrategiaconcursos.com.br\/blog\/\",\"logo\":{\"@type\":\"ImageObject\",\"inLanguage\":\"pt-BR\",\"@id\":\"https:\/\/www.estrategiaconcursos.com.br\/blog\/#\/schema\/logo\/image\/\",\"url\":\"https:\/\/dhg1h5j42swfq.cloudfront.net\/2025\/06\/03203428\/logo_concursos-1.jpg\",\"contentUrl\":\"https:\/\/dhg1h5j42swfq.cloudfront.net\/2025\/06\/03203428\/logo_concursos-1.jpg\",\"width\":230,\"height\":60,\"caption\":\"Estrat\u00e9gia Concursos\"},\"image\":{\"@id\":\"https:\/\/www.estrategiaconcursos.com.br\/blog\/#\/schema\/logo\/image\/\"},\"sameAs\":[\"https:\/\/x.com\/EstratConcursos\"]},{\"@type\":\"Person\",\"@id\":\"https:\/\/www.estrategiaconcursos.com.br\/blog\/#\/schema\/person\/b4a388c97673c5f483d72185668afa1f\",\"name\":\"Coordena\u00e7\u00e3o\",\"image\":{\"@type\":\"ImageObject\",\"inLanguage\":\"pt-BR\",\"@id\":\"https:\/\/secure.gravatar.com\/avatar\/b720319e4c9a967eb58678d110f4fe35452fc5d5f97b202bac7b8acceb18c6ad?s=96&d=mm&r=g\",\"url\":\"https:\/\/secure.gravatar.com\/avatar\/b720319e4c9a967eb58678d110f4fe35452fc5d5f97b202bac7b8acceb18c6ad?s=96&d=mm&r=g\",\"contentUrl\":\"https:\/\/secure.gravatar.com\/avatar\/b720319e4c9a967eb58678d110f4fe35452fc5d5f97b202bac7b8acceb18c6ad?s=96&d=mm&r=g\",\"caption\":\"Coordena\u00e7\u00e3o\"},\"sameAs\":[\"https:\/\/www.facebook.com\/EstrategiaConcursos\",\"https:\/\/x.com\/EstratConcursos\"],\"url\":\"https:\/\/www.estrategiaconcursos.com.br\/blog\/author\/estrategia2013\/\"}]}<\/script>\n<!-- \/ Yoast SEO Premium plugin. -->","yoast_head_json":{"title":"Concurso Rio Verde Sa\u00fade: veja os gabaritos preliminares","description":"Concurso Rio Verde Sa\u00fade: edital oferta 143 vagas de n\u00edveis m\u00e9dio, t\u00e9cnico e superior. Gabaritos preliminares s\u00e3o divulgados. Confira!","robots":{"index":"index","follow":"follow","max-snippet":"max-snippet:-1","max-image-preview":"max-image-preview:large","max-video-preview":"max-video-preview:-1"},"canonical":"https:\/\/www.estrategiaconcursos.com.br\/blog\/concurso-rio-verde-saude\/","og_locale":"pt_BR","og_type":"article","og_title":"Concurso Rio Verde Sa\u00fade: veja os gabaritos preliminares","og_description":"Concurso Rio Verde Sa\u00fade: edital oferta 143 vagas de n\u00edveis m\u00e9dio, t\u00e9cnico e superior. Gabaritos preliminares s\u00e3o divulgados. Confira!","og_url":"https:\/\/www.estrategiaconcursos.com.br\/blog\/concurso-rio-verde-saude\/","og_site_name":"Estrat\u00e9gia Concursos","article_author":"https:\/\/www.facebook.com\/EstrategiaConcursos","article_published_time":"2023-05-08T20:13:49+00:00","article_modified_time":"2023-05-08T20:13:50+00:00","og_image":[{"width":768,"height":432,"url":"https:\/\/dhg1h5j42swfq.cloudfront.net\/2022\/12\/16132225\/768-432-max-3.jpg","type":"image\/jpeg"}],"author":"Coordena\u00e7\u00e3o","twitter_card":"summary_large_image","twitter_creator":"@EstratConcursos","twitter_site":"@EstratConcursos","twitter_misc":{"Escrito por":"Coordena\u00e7\u00e3o","Est. tempo de leitura":"3 minutos"},"schema":{"@context":"https:\/\/schema.org","@graph":[{"@type":"NewsArticle","@id":"https:\/\/www.estrategiaconcursos.com.br\/blog\/concurso-rio-verde-saude\/#article","isPartOf":{"@id":"https:\/\/www.estrategiaconcursos.com.br\/blog\/concurso-rio-verde-saude\/"},"author":{"name":"Coordena\u00e7\u00e3o","@id":"https:\/\/www.estrategiaconcursos.com.br\/blog\/#\/schema\/person\/b4a388c97673c5f483d72185668afa1f"},"headline":"Concurso Rio Verde Sa\u00fade: veja os gabaritos preliminares","datePublished":"2023-05-08T20:13:49+00:00","dateModified":"2023-05-08T20:13:50+00:00","mainEntityOfPage":{"@id":"https:\/\/www.estrategiaconcursos.com.br\/blog\/concurso-rio-verde-saude\/"},"wordCount":683,"commentCount":0,"publisher":{"@id":"https:\/\/www.estrategiaconcursos.com.br\/blog\/#organization"},"image":{"@id":"https:\/\/www.estrategiaconcursos.com.br\/blog\/concurso-rio-verde-saude\/#primaryimage"},"thumbnailUrl":"https:\/\/dhg1h5j42swfq.cloudfront.net\/2022\/12\/16132225\/768-432-max-3.jpg","articleSection":["Sa\u00fade","\u00daltimas not\u00edcias"],"inLanguage":"pt-BR","potentialAction":[{"@type":"CommentAction","name":"Comment","target":["https:\/\/www.estrategiaconcursos.com.br\/blog\/concurso-rio-verde-saude\/#respond"]}],"copyrightYear":"2023","copyrightHolder":{"@id":"https:\/\/www.estrategiaconcursos.com.br\/blog\/#organization"}},{"@type":"WebPage","@id":"https:\/\/www.estrategiaconcursos.com.br\/blog\/concurso-rio-verde-saude\/","url":"https:\/\/www.estrategiaconcursos.com.br\/blog\/concurso-rio-verde-saude\/","name":"Concurso Rio Verde Sa\u00fade: veja os gabaritos preliminares","isPartOf":{"@id":"https:\/\/www.estrategiaconcursos.com.br\/blog\/#website"},"primaryImageOfPage":{"@id":"https:\/\/www.estrategiaconcursos.com.br\/blog\/concurso-rio-verde-saude\/#primaryimage"},"image":{"@id":"https:\/\/www.estrategiaconcursos.com.br\/blog\/concurso-rio-verde-saude\/#primaryimage"},"thumbnailUrl":"https:\/\/dhg1h5j42swfq.cloudfront.net\/2022\/12\/16132225\/768-432-max-3.jpg","datePublished":"2023-05-08T20:13:49+00:00","dateModified":"2023-05-08T20:13:50+00:00","description":"Concurso Rio Verde Sa\u00fade: edital oferta 143 vagas de n\u00edveis m\u00e9dio, t\u00e9cnico e superior. Gabaritos preliminares s\u00e3o divulgados. Confira!","breadcrumb":{"@id":"https:\/\/www.estrategiaconcursos.com.br\/blog\/concurso-rio-verde-saude\/#breadcrumb"},"inLanguage":"pt-BR","potentialAction":[{"@type":"ReadAction","target":["https:\/\/www.estrategiaconcursos.com.br\/blog\/concurso-rio-verde-saude\/"]}]},{"@type":"ImageObject","inLanguage":"pt-BR","@id":"https:\/\/www.estrategiaconcursos.com.br\/blog\/concurso-rio-verde-saude\/#primaryimage","url":"https:\/\/dhg1h5j42swfq.cloudfront.net\/2022\/12\/16132225\/768-432-max-3.jpg","contentUrl":"https:\/\/dhg1h5j42swfq.cloudfront.net\/2022\/12\/16132225\/768-432-max-3.jpg","width":768,"height":432,"caption":"ro verde sa\u00fade"},{"@type":"BreadcrumbList","@id":"https:\/\/www.estrategiaconcursos.com.br\/blog\/concurso-rio-verde-saude\/#breadcrumb","itemListElement":[{"@type":"ListItem","position":1,"name":"In\u00edcio","item":"https:\/\/www.estrategiaconcursos.com.br\/blog\/"},{"@type":"ListItem","position":2,"name":"Concurso Rio Verde Sa\u00fade: veja os gabaritos preliminares"}]},{"@type":"WebSite","@id":"https:\/\/www.estrategiaconcursos.com.br\/blog\/#website","url":"https:\/\/www.estrategiaconcursos.com.br\/blog\/","name":"Estrat\u00e9gia Concursos","description":"O blog da Estrat\u00e9gia Concursos traz not\u00edcias sobre concursos e artigos de professores oferecendo cursos para concursos (pdf + videaulas) no site.","publisher":{"@id":"https:\/\/www.estrategiaconcursos.com.br\/blog\/#organization"},"potentialAction":[{"@type":"SearchAction","target":{"@type":"EntryPoint","urlTemplate":"https:\/\/www.estrategiaconcursos.com.br\/blog\/?s={search_term_string}"},"query-input":{"@type":"PropertyValueSpecification","valueRequired":true,"valueName":"search_term_string"}}],"inLanguage":"pt-BR"},{"@type":"Organization","@id":"https:\/\/www.estrategiaconcursos.com.br\/blog\/#organization","name":"Estrat\u00e9gia Concursos","url":"https:\/\/www.estrategiaconcursos.com.br\/blog\/","logo":{"@type":"ImageObject","inLanguage":"pt-BR","@id":"https:\/\/www.estrategiaconcursos.com.br\/blog\/#\/schema\/logo\/image\/","url":"https:\/\/dhg1h5j42swfq.cloudfront.net\/2025\/06\/03203428\/logo_concursos-1.jpg","contentUrl":"https:\/\/dhg1h5j42swfq.cloudfront.net\/2025\/06\/03203428\/logo_concursos-1.jpg","width":230,"height":60,"caption":"Estrat\u00e9gia Concursos"},"image":{"@id":"https:\/\/www.estrategiaconcursos.com.br\/blog\/#\/schema\/logo\/image\/"},"sameAs":["https:\/\/x.com\/EstratConcursos"]},{"@type":"Person","@id":"https:\/\/www.estrategiaconcursos.com.br\/blog\/#\/schema\/person\/b4a388c97673c5f483d72185668afa1f","name":"Coordena\u00e7\u00e3o","image":{"@type":"ImageObject","inLanguage":"pt-BR","@id":"https:\/\/secure.gravatar.com\/avatar\/b720319e4c9a967eb58678d110f4fe35452fc5d5f97b202bac7b8acceb18c6ad?s=96&d=mm&r=g","url":"https:\/\/secure.gravatar.com\/avatar\/b720319e4c9a967eb58678d110f4fe35452fc5d5f97b202bac7b8acceb18c6ad?s=96&d=mm&r=g","contentUrl":"https:\/\/secure.gravatar.com\/avatar\/b720319e4c9a967eb58678d110f4fe35452fc5d5f97b202bac7b8acceb18c6ad?s=96&d=mm&r=g","caption":"Coordena\u00e7\u00e3o"},"sameAs":["https:\/\/www.facebook.com\/EstrategiaConcursos","https:\/\/x.com\/EstratConcursos"],"url":"https:\/\/www.estrategiaconcursos.com.br\/blog\/author\/estrategia2013\/"}]}},"_links":{"self":[{"href":"https:\/\/www.estrategiaconcursos.com.br\/blog\/wp-json\/wp\/v2\/posts\/1139463","targetHints":{"allow":["GET"]}}],"collection":[{"href":"https:\/\/www.estrategiaconcursos.com.br\/blog\/wp-json\/wp\/v2\/posts"}],"about":[{"href":"https:\/\/www.estrategiaconcursos.com.br\/blog\/wp-json\/wp\/v2\/types\/post"}],"author":[{"embeddable":true,"href":"https:\/\/www.estrategiaconcursos.com.br\/blog\/wp-json\/wp\/v2\/users\/1"}],"replies":[{"embeddable":true,"href":"https:\/\/www.estrategiaconcursos.com.br\/blog\/wp-json\/wp\/v2\/comments?post=1139463"}],"version-history":[{"count":26,"href":"https:\/\/www.estrategiaconcursos.com.br\/blog\/wp-json\/wp\/v2\/posts\/1139463\/revisions"}],"predecessor-version":[{"id":1212603,"href":"https:\/\/www.estrategiaconcursos.com.br\/blog\/wp-json\/wp\/v2\/posts\/1139463\/revisions\/1212603"}],"wp:featuredmedia":[{"embeddable":true,"href":"https:\/\/www.estrategiaconcursos.com.br\/blog\/wp-json\/wp\/v2\/media\/1140166"}],"wp:attachment":[{"href":"https:\/\/www.estrategiaconcursos.com.br\/blog\/wp-json\/wp\/v2\/media?parent=1139463"}],"wp:term":[{"taxonomy":"category","embeddable":true,"href":"https:\/\/www.estrategiaconcursos.com.br\/blog\/wp-json\/wp\/v2\/categories?post=1139463"},{"taxonomy":"post_tag","embeddable":true,"href":"https:\/\/www.estrategiaconcursos.com.br\/blog\/wp-json\/wp\/v2\/tags?post=1139463"},{"taxonomy":"tax_estado","embeddable":true,"href":"https:\/\/www.estrategiaconcursos.com.br\/blog\/wp-json\/wp\/v2\/tax_estado?post=1139463"}],"curies":[{"name":"wp","href":"https:\/\/api.w.org\/{rel}","templated":true}]}}