{"id":1139065,"date":"2022-12-14T16:31:43","date_gmt":"2022-12-14T19:31:43","guid":{"rendered":"https:\/\/www.estrategiaconcursos.com.br\/blog\/?p=1139065"},"modified":"2022-12-14T16:56:59","modified_gmt":"2022-12-14T19:56:59","slug":"concurso-inss-guarulhos-recursos-seguridade-social","status":"publish","type":"post","link":"https:\/\/www.estrategiaconcursos.com.br\/blog\/concurso-inss-guarulhos-recursos-seguridade-social\/","title":{"rendered":"Concurso INSS Guarulhos: recursos para Seguridade Social"},"content":{"rendered":"\n<p>Foi liberada nesta ter\u00e7a-feira, 13 de dezembro, a consulta aos <strong>gabaritos preliminares<\/strong> das provas do&nbsp;<strong>concurso INSS<\/strong> para a <strong>Ger\u00eancia Executiva de Guarulhos<\/strong> (SP).<\/p>\n\n\n\n<p>Dispon\u00edvel no site do&nbsp;<strong><a href=\"https:\/\/security.cebraspe.org.br\/INSS_22\/Recursos\/Objetiva\/GabaritoPreliminarReaplicacao_3D9A1622-48B4-42F4-90D5\/\" target=\"_blank\" rel=\"noreferrer noopener\">Cebraspe<\/a><\/strong>, banca respons\u00e1vel pelo andamento das etapas do certame, a consulta deve ser feita de forma individual.<\/p>\n\n\n\n<p>Importante ressaltar que, exclusivamente aos alunos de Guarulhos, as provas precisaram ser remarcadas ap\u00f3s problemas na unidade, nos quais inviabilizarem a aplica\u00e7\u00e3o do exame.\u00a0<\/p>\n\n\n\n<p>Pensando nisso, preparamos este artigo para voc\u00ea conferir as sugest\u00f5es de recursos das quest\u00f5es de Seguridade Social da prova do concurso INSS.<strong> <\/strong><\/p>\n\n\n\n<h3 class=\"has-text-align-center has-light-green-cyan-background-color has-background wp-block-heading\" id=\"h-confira-as-sugestoes-de-recursos-das-questoes-de-seguridade-social-da-prova-do-concurso-inss-gerencia-de-guarulhos\">Confira as sugest\u00f5es de recursos das quest\u00f5es de Seguridade Social da prova do concurso INSS &#8211; Ger\u00eancia de Guarulhos<\/h3>\n\n\n\n<p class=\"has-medium-font-size\"><strong><span style=\"text-decoration: underline;\">Quest\u00e3o 69<\/span><\/strong><\/p>\n\n\n\n<p><strong>Enunciado:<\/strong> Os contribuintes individual e facultativo podem optar pela al\u00edquota de 11% incidente sobre o sal\u00e1rio de contribui\u00e7\u00e3o caso renunciem ao direito \u00e0 aposentadoria por tempo de contribui\u00e7\u00e3o.<\/p>\n\n\n\n<p><strong>GABARITO PRELIMINAR: CERTO<\/strong><\/p>\n\n\n\n<p><strong>REQUERIMENTO: ALTERA\u00c7\u00c3O DE GABARITO PARA ERRADO<\/strong><\/p>\n\n\n\n<p><strong>FUNDAMENTA\u00c7\u00c3O:<\/strong><\/p>\n\n\n\n<p>Os contribuintes individual e facultativo podem optar pela al\u00edquota de 11% incidente sobre limite m\u00ednimo do sal\u00e1rio de contribui\u00e7\u00e3o caso renunciem ao direito \u00e0 aposentadoria por tempo de contribui\u00e7\u00e3o.<\/p>\n\n\n\n<p>O examinador considerou como correta a base de c\u00e1lculo ser o sal\u00e1rio de contribui\u00e7\u00e3o, dando ensejo \u00e0 conclus\u00e3o de que poderia ser outro valor diverso do sal\u00e1rio m\u00ednimo. Disp\u00f5e a Lei de Custeio:<\/p>\n\n\n\n<p><strong>Lei n. 8.212\/91<\/strong><\/p>\n\n\n\n<p><strong>Art. 20<\/strong><\/p>\n\n\n\n<p><em>\u00a7 2<u><sup>o<\/sup><\/u>&nbsp; No caso de op\u00e7\u00e3o pela exclus\u00e3o do direito ao benef\u00edcio de aposentadoria por tempo de contribui\u00e7\u00e3o, <strong>a al\u00edquota de contribui\u00e7\u00e3o incidente sobre o limite m\u00ednimo mensal do sal\u00e1rio de contribui\u00e7\u00e3o<\/strong> ser\u00e1 de:&nbsp;&nbsp;&nbsp;&nbsp;&nbsp;&nbsp;&nbsp;&nbsp;&nbsp;<a><\/a><\/em><\/p>\n\n\n\n<p><em>I &#8211; 11% (onze por cento), no caso do segurado contribuinte individual, ressalvado o disposto no inciso II, que trabalhe por conta pr\u00f3pria, sem rela\u00e7\u00e3o de trabalho com empresa ou equiparado e do segurado facultativo, observado o disposto na al\u00ednea&nbsp;b&nbsp;do inciso II deste par\u00e1grafo;&nbsp;&nbsp;&nbsp;<\/em><\/p>\n\n\n\n<p><strong>Considerando que a assertiva disp\u00f4s que a al\u00edquota de 11% incidiria sobre o sal\u00e1rio de contribui\u00e7\u00e3o e n\u00e3o sobre o limite m\u00ednimo do sal\u00e1rio de contribui\u00e7\u00e3o, contrariando o disposto na Lei de Custeio da Seguridade Social, requer seja alterado o gabarito para ERRADO.<\/strong><\/p>\n\n\n\n<p class=\"has-medium-font-size\"><strong><span style=\"text-decoration: underline;\">Quest\u00e3o 75:\u00a0<\/span><\/strong><\/p>\n\n\n\n<p><strong>Enunciado:<\/strong> Paulo aposentou-se por invalidez em 5 de dezembro de 2015.<\/p>\n\n\n\n<p>Joaquim obteve, fraudulentamente, benef\u00edcio previdenci\u00e1rio em 5 de dezembro de 2015.<\/p>\n\n\n\n<p>Matias sofreu acidente de trabalho em 5 de dezembro de 2015.<\/p>\n\n\n\n<p>Jonas encontra-se impossibilitado de trabalhar por haver adquirido doen\u00e7a incapacitante.<\/p>\n\n\n\n<p>Considerando esses dados hipot\u00e9ticos, julgue os itens que se seguem.<\/p>\n\n\n\n<p>Paulo pode solicitar a revis\u00e3o de sua aposentadoria at\u00e9 o dia 1\u00ba de janeiro de 2026.<\/p>\n\n\n\n<p><a><strong>GABARITO PRELIMINAR: CERTO<\/strong><\/a><\/p>\n\n\n\n<p><strong>REQUERIMENTO: ALTERA\u00c7\u00c3O DE GABARITO PARA ERRADO ou ANULA\u00c7\u00c3O DA QUEST\u00c3O<\/strong><\/p>\n\n\n\n<p><strong>FUNDAMENTA\u00c7\u00c3O:<\/strong><\/p>\n\n\n\n<p>A Lei n. 8.213\/91 disp\u00f5e expressamente, pelo disposto no art. 103, que o direito de revisar o ato de concess\u00e3o do benef\u00edcio est\u00e1 sujeito ao prazo decadencial de 10 anos.<\/p>\n\n\n\n<p><strong>Lei n. 8.213\/91:<\/strong><strong><\/strong><\/p>\n\n\n\n<p><strong><em>Art. 103<\/em><\/strong><em>. <u>O prazo de decad\u00eancia do direito ou da a\u00e7\u00e3o do segurado ou benefici\u00e1rio para a revis\u00e3o do ato de concess\u00e3o<\/u>, indeferimento, cancelamento ou cessa\u00e7\u00e3o de benef\u00edcio e do ato de deferimento, indeferimento ou n\u00e3o concess\u00e3o de revis\u00e3o de benef\u00edcio \u00e9 de 10 (dez) anos, contado:&nbsp;&nbsp;<\/em><a href=\"https:\/\/www.planalto.gov.br\/ccivil_03\/_Ato2019-2022\/2019\/Lei\/L13846.htm#art24\"><em>(Reda\u00e7\u00e3o dada pela Lei n\u00ba 13.846, de 2019)<\/em><\/a><em>&nbsp;&nbsp;&nbsp;&nbsp;&nbsp;&nbsp;&nbsp;&nbsp;&nbsp;<\/em><\/p>\n\n\n\n<p><a><\/a><a><\/a><em>I &#8211; do dia primeiro do m\u00eas subsequente ao do recebimento da primeira presta\u00e7\u00e3o ou da data em que a presta\u00e7\u00e3o deveria ter sido paga com o valor revisto; ou&nbsp;&nbsp;<\/em><a href=\"https:\/\/www.planalto.gov.br\/ccivil_03\/_Ato2019-2022\/2019\/Lei\/L13846.htm#art24\"><em>(Inclu\u00eddo pela Lei n\u00ba 13.846, de 2019)<\/em><\/a><em>&nbsp;&nbsp;&nbsp;&nbsp;&nbsp;&nbsp;&nbsp;&nbsp;&nbsp;<\/em><\/p>\n\n\n\n<p>Conforme est\u00e1 bem expresso pelo art. 103 da Lei n. 8.213\/91, o prazo decadencial de 10 anos para requerer a revis\u00e3o do ato de concess\u00e3o de Paulo \u00e9 contado do 1\u00ba dia do m\u00eas subsequente ao do recebimento da 1\u00aa presta\u00e7\u00e3o ou da data em que a presta\u00e7\u00e3o deveria ter sido paga com o valor revisto.<\/p>\n\n\n\n<p>O prazo para tal requerimento esgotou-se no dia 05 de dezembro de 2025, <strong>considerando que o examinador n\u00e3o trouxe ao conhecimento do candidato qual foi o dia do recebimento da primeira parcela.<\/strong><strong><\/strong><\/p>\n\n\n\n<p><strong>Assim, deve ser alterado o gabarito para ERRADO.<\/strong><strong><\/strong><\/p>\n\n\n\n<p><strong>Subsidiariamente, requer a ANULA\u00c7\u00c3O DA QUEST\u00c3O por n\u00e3o haver elementos suficientes para o perfeito julgamento do item. O examinador n\u00e3o trouxe ao conhecimento do candidato qual foi o dia do recebimento da primeira parcela da aposentadoria de Paulo, n\u00e3o tendo, no caso elementos suficientes para aplicar o prazo decadencial de 10 anos. <\/strong><\/p>\n\n\n\n<p class=\"has-medium-font-size\"><strong><span style=\"text-decoration: underline;\">Quest\u00e3o\u00a078<\/span><\/strong><\/p>\n\n\n\n<p>Paulo aposentou-se por invalidez em 5 de dezembro de 2015.<\/p>\n\n\n\n<p>Joaquim obteve, fraudulentamente, benef\u00edcio previdenci\u00e1rio em 5 de dezembro de 2015.<\/p>\n\n\n\n<p>Matias sofreu acidente de trabalho em 5 de dezembro de 2015.<\/p>\n\n\n\n<p>Jonas encontra-se impossibilitado de trabalhar por haver adquirido doen\u00e7a incapacitante.<\/p>\n\n\n\n<p>Considerando esses dados hipot\u00e9ticos, julgue os itens que se seguem.<\/p>\n\n\n\n<p><strong>Enunciado: <\/strong>Matias pode solicitar o benef\u00edcio acident\u00e1rio at\u00e9 o dia 5 de dezembro de 2020.<\/p>\n\n\n\n<p><strong>GABARITO PRELIMINAR: CERTO<\/strong><\/p>\n\n\n\n<p><strong>REQUERIMENTO: MUDAN\u00c7A DO GABARITO PARA ERRADA<\/strong><\/p>\n\n\n\n<p><strong>FUNDAMENTA\u00c7\u00c3O:<\/strong><\/p>\n\n\n\n<p>O artigo 104 da Lei 8.213\/91 prev\u00ea:<\/p>\n\n\n\n<p><em>Art.&nbsp;104.&nbsp;As <strong>a\u00e7\u00f5es referentes \u00e0 presta\u00e7\u00e3o por acidente do trabalho<\/strong> prescrevem em 5 (cinco) anos, observado o disposto no art. 103 desta Lei, contados da data:<a><\/a><\/em><\/p>\n\n\n\n<p><em>I &#8211; do acidente, quando dele resultar a morte ou a incapacidade tempor\u00e1ria, verificada esta em per\u00edcia m\u00e9dica a cargo da Previd\u00eancia Social; ou<a><\/a><\/em><\/p>\n\n\n\n<p><em>II &#8211; em que for reconhecida pela Previd\u00eancia Social, a incapacidade permanente ou o agravamento das seq\u00fcelas do acidente.<\/em><\/p>\n\n\n\n<p>O que ocorre \u00e9 a prescri\u00e7\u00e3o das parcelas, ou seja, valores pecuni\u00e1rios devidos e n\u00e3o pagos em \u00e9poca devida, e n\u00e3o o direito, como a reda\u00e7\u00e3o da quest\u00e3o leva a interpretar.<\/p>\n\n\n\n<p>Este \u00e9 tamb\u00e9m posicionamento&nbsp; do STJ:<\/p>\n\n\n\n<p><em>A Turma, por unanimidade, entendeu que n\u00e3o h\u00e1 prescri\u00e7\u00e3o do fundo de direito em a\u00e7\u00e3o acident\u00e1ria.&nbsp;<a href=\"https:\/\/processo.stj.jus.br\/SCON\/jurisprudencia\/toc.jsp?livre=%28RESP.clas.+e+%40num%3D%22164436%22%29+ou+%28RESP+adj+%22164436%22%29.suce.\" target=\"_blank\" rel=\"noreferrer noopener\">REsp 164.436-SP<\/a>, Rel. Min. Felix Fischer, julgado em 4\/3\/1999.<\/em><\/p>\n\n\n\n<p><em><strong>O requerimento do benef\u00edcio n\u00e3o se sujeita \u00e0 prazo decadencial ou prescricional. <\/strong><\/em><em><strong><\/strong><\/em><\/p>\n\n\n\n<p><em><strong>No caso, Matias poder\u00e1 solicitar o benef\u00edcio, inclusive, ap\u00f3s 5 de dezembro de 2020.<\/strong><\/em><em><strong><\/strong><\/em><\/p>\n\n\n\n<p><strong>Portanto, requer mudan\u00e7a do gabarito para ERRADO.<\/strong><\/p>\n\n\n\n<p class=\"has-medium-font-size\"><strong><span style=\"text-decoration: underline;\">Quest\u00e3o 79:<\/span>\u00a0<\/strong><\/p>\n\n\n\n<p>A empresa X deixou de recolher as contribui\u00e7\u00f5es previdenci\u00e1rias devidas, por estar passando por dificuldades financeiras.<\/p>\n\n\n\n<p>A empresa y declarou sal\u00e1rio de trabalhador inferior ao efetivamente pago, para reduzir contribui\u00e7\u00e3o previdenci\u00e1ria devida.<\/p>\n\n\n\n<p>A empresa Z pagou quantidade anteriormente devida e subtra\u00edda \u00e0 previd\u00eancia social antes da prola\u00e7\u00e3o de senten\u00e7a de primeiro grau.<\/p>\n\n\n\n<p>No que se refere a essas situa\u00e7\u00f5es hipot\u00e9ticas, julgue os seguintes itens.<\/p>\n\n\n\n<p><strong>Enunciado:<\/strong> A empresa W cometeu apropria\u00e7\u00e3o ind\u00e9bita previdenci\u00e1ria.<\/p>\n\n\n\n<p><strong>GABARITO PRELIMINAR: CERTO<\/strong><\/p>\n\n\n\n<p><strong>REQUERIMENTO: ALTERA\u00c7\u00c3O PARA ERRADO ou ANULA\u00c7\u00c3O DA QUEST\u00c3O<\/strong><\/p>\n\n\n\n<p><strong>FUNDAMENTA\u00c7\u00c3O:<\/strong><\/p>\n\n\n\n<p>\u00c9 pacificado no Direito Brasileiro a n\u00e3o responsabiliza\u00e7\u00e3o criminal de pessoas jur\u00eddicas, exceto em raz\u00e3o de crimes ambientais, devendo responder pessoas f\u00edsicas que praticam atos delituosos.<\/p>\n\n\n\n<p>N\u00e3o se pode aceitar como correto o item que <strong>menciona que a empresa cometeu o crime. <\/strong><strong><\/strong><\/p>\n\n\n\n<p><strong>Esse, inclusive<\/strong>, \u00e9 o entendimento do STF que determina que seja identificado o agente, vide HC 93.683<\/p>\n\n\n\n<p><em>HABEAS CORPUS. CONSTITUCIONAL E PROCESSUAL PENAL. CRIME SOCIET\u00c1RIO. APROPRIA\u00c7\u00c3O IND\u00c9BITA DE CONTRIBUI\u00c7\u00c3O PREVIDENCI\u00c1RIA. IN\u00c9PCIA DA DEN\u00daNCIA: IMPUTA\u00c7\u00c3O GEN\u00c9RICA E AUS\u00caNCIA DE NEXO DE CAUSALIDADE. PREJU\u00cdZO AO EXERC\u00cdCIO DA AMPLA DEFESA (CONSTITUI\u00c7\u00c3O DO BRASIL, ARTIGO 5\u00ba, INCISO LV) A jurisprud\u00eancia do Supremo Tribunal Federal evoluiu no sentido de que a <strong>descri\u00e7\u00e3o gen\u00e9rica da conduta nos crimes societ\u00e1rios viola o princ\u00edpio da ampla defesa<\/strong>. \u00c9 <strong><u>inepta a den\u00fancia pela pr\u00e1tica do crime de apropria\u00e7\u00e3o ind\u00e9bita previdenci\u00e1ria quando fundada t\u00e3o-somente na circunst\u00e2ncia de o paciente constar do quadro societ\u00e1rio da empresa. \u00c9 necess\u00e1rio o m\u00ednimo de individualiza\u00e7\u00e3o da conduta e a indica\u00e7\u00e3o do nexo de causalidade entre esta e o delito de que se trata<\/u><\/strong>, sem o que fica impossibilitado o exerc\u00edcio da ampla defesa (Constitui\u00e7\u00e3o do Brasil, artigo 5\u00ba, inciso LV). Ordem concedida. <\/em><em><\/em><\/p>\n\n\n\n<p><em>(STF &#8211; HC: 93683 ES, Relator: EROS GRAU, Data de Julgamento: 26\/02\/2008, Segunda Turma, Data de Publica\u00e7\u00e3o: DJe-074 DIVULG 24-04-2008 PUBLIC 25-04-2008 EMENT VOL-02316-07 PP-01419)<\/em><em><\/em><\/p>\n\n\n\n<p><strong>Pelo exposto, requer seja alterado o gabarito para ERRADO ou, alternativamente, seja ANULADA a quest\u00e3o por trazer uma <\/strong>terminologia inadequada, prejudicando um julgamento seguro por parte do candidato. &nbsp;<\/p>\n\n\n\n<p class=\"has-medium-font-size\"><strong><span style=\"text-decoration: underline;\">Quest\u00e3o 80<\/span><\/strong><\/p>\n\n\n\n<p>A empresa X deixou de recolher as contribui\u00e7\u00f5es previdenci\u00e1rias devidas, por estar passando por dificuldades financeiras.<\/p>\n\n\n\n<p>A empresa y declarou sal\u00e1rio de trabalhador inferior ao efetivamente pago, para reduzir contribui\u00e7\u00e3o previdenci\u00e1ria devida.<\/p>\n\n\n\n<p>A empresa Z pagou quantidade anteriormente devida e subtra\u00edda \u00e0 previd\u00eancia social antes da prola\u00e7\u00e3o de senten\u00e7a de primeiro grau.<\/p>\n\n\n\n<p>No que se refere a essas situa\u00e7\u00f5es hipot\u00e9ticas, julgue os seguintes itens.<\/p>\n\n\n\n<p><strong>Enunciado:&nbsp;<\/strong>A empresa X praticou o delito de sonega\u00e7\u00e3o previdenci\u00e1ria.<\/p>\n\n\n\n<p><strong>GABARITO PRELIMINAR: CERTO<\/strong><\/p>\n\n\n\n<p><strong>REQUERIMENTO: ALTERA\u00c7\u00c3O PARA ERRADO OU ANULA\u00c7\u00c3O DA QUEST\u00c3O<\/strong><\/p>\n\n\n\n<p><strong>FUNDAMENTA\u00c7\u00c3O:<\/strong><\/p>\n\n\n\n<p>\u00c9 pacificado no Direito Brasileiro a n\u00e3o responsabiliza\u00e7\u00e3o criminal de pessoas jur\u00eddicas, exceto em raz\u00e3o de crimes ambientais, devendo responder pessoas f\u00edsicas que praticam atos delituosos.<\/p>\n\n\n\n<p>N\u00e3o se pode aceitar <strong>que a empresa cometeu o crime. <\/strong><strong><\/strong><\/p>\n\n\n\n<p><strong>Esse, inclusive<\/strong>, \u00e9 o entendimento do STF que determina que seja identificado o agente, vide HC 93.683<\/p>\n\n\n\n<p><em>HABEAS CORPUS. CONSTITUCIONAL E PROCESSUAL PENAL. CRIME SOCIET\u00c1RIO. APROPRIA\u00c7\u00c3O IND\u00c9BITA DE CONTRIBUI\u00c7\u00c3O PREVIDENCI\u00c1RIA. IN\u00c9PCIA DA DEN\u00daNCIA: IMPUTA\u00c7\u00c3O GEN\u00c9RICA E AUS\u00caNCIA DE NEXO DE CAUSALIDADE. PREJU\u00cdZO AO EXERC\u00cdCIO DA AMPLA DEFESA (CONSTITUI\u00c7\u00c3O DO BRASIL, ARTIGO 5\u00ba, INCISO LV) A jurisprud\u00eancia do Supremo Tribunal Federal evoluiu no sentido de que a <strong>descri\u00e7\u00e3o gen\u00e9rica da conduta nos crimes societ\u00e1rios viola o princ\u00edpio da ampla defesa<\/strong>. \u00c9 <strong><u>inepta a den\u00fancia pela pr\u00e1tica do crime de apropria\u00e7\u00e3o ind\u00e9bita previdenci\u00e1ria quando fundada t\u00e3o-somente na circunst\u00e2ncia de o paciente constar do quadro societ\u00e1rio da empresa. \u00c9 necess\u00e1rio o m\u00ednimo de individualiza\u00e7\u00e3o da conduta e a indica\u00e7\u00e3o do nexo de causalidade entre esta e o delito de que se trata<\/u><\/strong>, sem o que fica impossibilitado o exerc\u00edcio da ampla defesa (Constitui\u00e7\u00e3o do Brasil, artigo 5\u00ba, inciso LV). Ordem concedida. <\/em><em><\/em><\/p>\n\n\n\n<p><em>(STF &#8211; HC: 93683 ES, Relator: EROS GRAU, Data de Julgamento: 26\/02\/2008, Segunda Turma, Data de Publica\u00e7\u00e3o: DJe-074 DIVULG 24-04-2008 PUBLIC 25-04-2008 EMENT VOL-02316-07 PP-01419)<\/em><em><\/em><\/p>\n\n\n\n<p><strong>Pelo exposto, requer seja alterado o gabarito para ERRADO ou, alternativamente, seja ANULADA a quest\u00e3o por trazer uma <\/strong>terminologia inadequada, prejudicando um julgamento seguro por parte do candidato. &nbsp;<\/p>\n\n\n\n<p class=\"has-medium-font-size\"><strong><span style=\"text-decoration: underline;\">Quest\u00e3o 81<\/span><\/strong><\/p>\n\n\n\n<p>A empresa X deixou de recolher as contribui\u00e7\u00f5es previdenci\u00e1rias devidas, por estar passando por dificuldades financeiras.<\/p>\n\n\n\n<p>A empresa y declarou sal\u00e1rio de trabalhador inferior ao efetivamente pago, para reduzir contribui\u00e7\u00e3o previdenci\u00e1ria devida.<\/p>\n\n\n\n<p>A empresa Z pagou quantidade anteriormente devida e subtra\u00edda \u00e0 previd\u00eancia social antes da prola\u00e7\u00e3o de senten\u00e7a de primeiro grau.<\/p>\n\n\n\n<p>No que se refere a essas situa\u00e7\u00f5es hipot\u00e9ticas, julgue os seguintes itens.<\/p>\n\n\n\n<p><strong>Enunciado:&nbsp;<\/strong>A empresa Y cometeu o delito de sonega\u00e7\u00e3o previdenci\u00e1ria.<\/p>\n\n\n\n<p><strong>GABARITO PRELIMINAR: ERRADO<\/strong><\/p>\n\n\n\n<p><strong>REQUERIMENTO: ANULA\u00c7\u00c3O DA QUEST\u00c3O<\/strong><\/p>\n\n\n\n<p><strong>FUNDAMENTA\u00c7\u00c3O:<\/strong><\/p>\n\n\n\n<p>\u00c9 pacificado no Direito Brasileiro a n\u00e3o responsabiliza\u00e7\u00e3o criminal de pessoas jur\u00eddicas, exceto em raz\u00e3o de crimes ambientais, devendo responder pessoas f\u00edsicas que praticam atos delituosos.<\/p>\n\n\n\n<p>N\u00e3o se pode aceitar como correto o item que <strong>menciona que a empresa cometeu o crime. <\/strong><strong><\/strong><\/p>\n\n\n\n<p><strong>Esse, inclusive<\/strong>, \u00e9 o entendimento do STF que determina que seja identificado o agente, vide HC 93.683<\/p>\n\n\n\n<p><em>HABEAS CORPUS. CONSTITUCIONAL E PROCESSUAL PENAL. CRIME SOCIET\u00c1RIO. APROPRIA\u00c7\u00c3O IND\u00c9BITA DE CONTRIBUI\u00c7\u00c3O PREVIDENCI\u00c1RIA. IN\u00c9PCIA DA DEN\u00daNCIA: IMPUTA\u00c7\u00c3O GEN\u00c9RICA E AUS\u00caNCIA DE NEXO DE CAUSALIDADE. PREJU\u00cdZO AO EXERC\u00cdCIO DA AMPLA DEFESA (CONSTITUI\u00c7\u00c3O DO BRASIL, ARTIGO 5\u00ba, INCISO LV) A jurisprud\u00eancia do Supremo Tribunal Federal evoluiu no sentido de que a <strong>descri\u00e7\u00e3o gen\u00e9rica da conduta nos crimes societ\u00e1rios viola o princ\u00edpio da ampla defesa<\/strong>. \u00c9 <strong><u>inepta a den\u00fancia pela pr\u00e1tica do crime de apropria\u00e7\u00e3o ind\u00e9bita previdenci\u00e1ria quando fundada t\u00e3o-somente na circunst\u00e2ncia de o paciente constar do quadro societ\u00e1rio da empresa. \u00c9 necess\u00e1rio o m\u00ednimo de individualiza\u00e7\u00e3o da conduta e a indica\u00e7\u00e3o do nexo de causalidade entre esta e o delito de que se trata<\/u><\/strong>, sem o que fica impossibilitado o exerc\u00edcio da ampla defesa (Constitui\u00e7\u00e3o do Brasil, artigo 5\u00ba, inciso LV). Ordem concedida. <\/em><em><\/em><\/p>\n\n\n\n<p><em>(STF &#8211; HC: 93683 ES, Relator: EROS GRAU, Data de Julgamento: 26\/02\/2008, Segunda Turma, Data de Publica\u00e7\u00e3o: DJe-074 DIVULG 24-04-2008 PUBLIC 25-04-2008 EMENT VOL-02316-07 PP-01419)<\/em><em><\/em><\/p>\n\n\n\n<p><strong>Pelo exposto, requere seja ANULADA a quest\u00e3o por trazer uma <\/strong>terminologia inadequada, prejudicando um julgamento seguro por parte do candidato. &nbsp;<\/p>\n\n\n\n<p class=\"has-medium-font-size\"><strong><span style=\"text-decoration: underline;\">Quest\u00e3o 82<\/span><\/strong><\/p>\n\n\n\n<p>A empresa X deixou de recolher as contribui\u00e7\u00f5es previdenci\u00e1rias devidas, por estar passando por dificuldades financeiras.<\/p>\n\n\n\n<p>A empresa y declarou sal\u00e1rio de trabalhador inferior ao efetivamente pago, para reduzir contribui\u00e7\u00e3o previdenci\u00e1ria devida.<\/p>\n\n\n\n<p>A empresa Z pagou quantidade anteriormente devida e subtra\u00edda \u00e0 previd\u00eancia social antes da prola\u00e7\u00e3o de senten\u00e7a de primeiro grau.<\/p>\n\n\n\n<p>No que se refere a essas situa\u00e7\u00f5es hipot\u00e9ticas, julgue os seguintes itens.<\/p>\n\n\n\n<p><strong>Enunciado:&nbsp;<\/strong>A empresa Z tem direito \u00e0 extin\u00e7\u00e3o da punibilidade, pelo pagamento da quantidade anteriormente subtra\u00edda \u00e0 previd\u00eancia social.<\/p>\n\n\n\n<p><strong>GABARITO PRELIMINAR: ERRADO<\/strong><\/p>\n\n\n\n<p><strong>REQUERIMENTO: ANULA\u00c7\u00c3O DA QUEST\u00c3O<\/strong><\/p>\n\n\n\n<p><strong>FUNDAMENTA\u00c7\u00c3O:<\/strong><\/p>\n\n\n\n<p>\u00c9 pacificado no Direito Brasileiro a n\u00e3o responsabiliza\u00e7\u00e3o criminal de pessoas jur\u00eddicas, exceto em raz\u00e3o de crimes ambientais, devendo responder pessoas f\u00edsicas que praticam atos delituosos.<\/p>\n\n\n\n<p>N\u00e3o se pode aceitar como correto o item que <strong>menciona que a empresa cometeu o crime. <\/strong><strong><\/strong><\/p>\n\n\n\n<p><strong>Esse, inclusive<\/strong>, \u00e9 o entendimento do STF que determina que seja identificado o agente, vide HC 93.683<\/p>\n\n\n\n<p><em>HABEAS CORPUS. CONSTITUCIONAL E PROCESSUAL PENAL. CRIME SOCIET\u00c1RIO. APROPRIA\u00c7\u00c3O IND\u00c9BITA DE CONTRIBUI\u00c7\u00c3O PREVIDENCI\u00c1RIA. IN\u00c9PCIA DA DEN\u00daNCIA: IMPUTA\u00c7\u00c3O GEN\u00c9RICA E AUS\u00caNCIA DE NEXO DE CAUSALIDADE. PREJU\u00cdZO AO EXERC\u00cdCIO DA AMPLA DEFESA (CONSTITUI\u00c7\u00c3O DO BRASIL, ARTIGO 5\u00ba, INCISO LV) A jurisprud\u00eancia do Supremo Tribunal Federal evoluiu no sentido de que a <strong>descri\u00e7\u00e3o gen\u00e9rica da conduta nos crimes societ\u00e1rios viola o princ\u00edpio da ampla defesa<\/strong>. \u00c9 <strong><u>inepta a den\u00fancia pela pr\u00e1tica do crime de apropria\u00e7\u00e3o ind\u00e9bita previdenci\u00e1ria quando fundada t\u00e3o-somente na circunst\u00e2ncia de o paciente constar do quadro societ\u00e1rio da empresa. \u00c9 necess\u00e1rio o m\u00ednimo de individualiza\u00e7\u00e3o da conduta e a indica\u00e7\u00e3o do nexo de causalidade entre esta e o delito de que se trata<\/u><\/strong>, sem o que fica impossibilitado o exerc\u00edcio da ampla defesa (Constitui\u00e7\u00e3o do Brasil, artigo 5\u00ba, inciso LV). Ordem concedida. <\/em><em><\/em><\/p>\n\n\n\n<p><em>(STF &#8211; HC: 93683 ES, Relator: EROS GRAU, Data de Julgamento: 26\/02\/2008, Segunda Turma, Data de Publica\u00e7\u00e3o: DJe-074 DIVULG 24-04-2008 PUBLIC 25-04-2008 EMENT VOL-02316-07 PP-01419)<\/em><em><\/em><\/p>\n\n\n\n<p><strong>Pelo exposto, requere seja alterado o gabarito para ERRADO ou, alternativamente, seja ANULADA&nbsp; a quest\u00e3o por trazer uma <\/strong>terminologia inadequada, prejudicando um julgamento seguro por parte do candidato. &nbsp;<\/p>\n\n\n\n<hr class=\"wp-block-separator has-alpha-channel-opacity\"\/>\n\n\n\n<p class=\"has-text-align-center\"><em>Para ficar por dentro de todas as informa\u00e7\u00f5es sobre o concurso INSS, n\u00e3o deixe de conferir nosso artigo completo sobre o certame:<\/em><\/p>\n\n\n\n<p class=\"has-text-align-center has-background has-medium-font-size\" style=\"background-color:#efefef\"><strong>Mais informa\u00e7\u00f5es: <a href=\"https:\/\/www.estrategiaconcursos.com.br\/blog\/concurso-inss\/\" target=\"_blank\" rel=\"noreferrer noopener\">INSS<\/a><\/strong><\/p>\n\n\n\n<div class=\"container\" id=\"boxes\">\n  <div class=\"row\">\n\n    <div class=\"col-sm\">\n      <div class=\"banner-adm\" id=\"box-assinatura\">\n        <h3 class=\"titulo-assinatura\">Concurso INSS<\/h3>\n        <p class=\"subtitulo-assinatura\">Conhe\u00e7a os cursos<\/p>\n        <div class=\"box-botao\">\n          <a class=\"btn-assinatura\" target=\"_blank\" href=\"https:\/\/www.estrategiaconcursos.com.br\/cursosPorConcurso\/inss-tecnico-do-seguro-social-101\/\" role=\"button\" rel=\"noopener noreferrer\">Conhe\u00e7a mais<\/a>\n        <\/div>\n      <\/div>\n     \n    <\/div>\n\n  <\/div>\n<\/div>\n\n\n\n<h2 class=\"has-text-align-center wp-block-heading\" id=\"h-quer-saber-tudo-sobre-concursos-previstos-confira-nossos-artigos\">Quer saber tudo sobre concursos previstos?<br \/>Confira nossos artigos!<\/h2>\n\n\n\n<ul class=\"wp-block-list\"><li><a href=\"https:\/\/www.estrategiaconcursos.com.br\/blog\/concursos-abertos\/\" target=\"_blank\" rel=\"noreferrer noopener\">Concursos Abertos<\/a><\/li><li><a href=\"https:\/\/www.estrategiaconcursos.com.br\/blog\/concursos-2023\/\" target=\"_blank\" rel=\"noreferrer noopener\">Concursos 2023<\/a><\/li><\/ul>\n","protected":false},"excerpt":{"rendered":"<p>Foi liberada nesta ter\u00e7a-feira, 13 de dezembro, a consulta aos gabaritos preliminares das provas do&nbsp;concurso INSS para a Ger\u00eancia Executiva de Guarulhos (SP). Dispon\u00edvel no site do&nbsp;Cebraspe, banca respons\u00e1vel pelo andamento das etapas do certame, a consulta deve ser feita de forma individual. Importante ressaltar que, exclusivamente aos alunos de Guarulhos, as provas precisaram ser [&hellip;]<\/p>\n","protected":false},"author":1,"featured_media":1132811,"comment_status":"open","ping_status":"closed","sticky":false,"template":"","format":"standard","meta":{"post_tipo":"article","footnotes":""},"categories":[214992,220219],"tags":[],"tax_estado":[219989],"class_list":["post-1139065","post","type-post","status-publish","format-standard","has-post-thumbnail","hentry","category-concursos-administrativos","category-noticias","tax_estado-sp"],"acf":[],"yoast_head":"<!-- This site is optimized with the Yoast SEO Premium plugin v27.2 (Yoast SEO v27.2) - https:\/\/yoast.com\/product\/yoast-seo-premium-wordpress\/ -->\n<title>Concurso INSS Guarulhos: recursos para Seguridade Social<\/title>\n<meta name=\"description\" content=\"Concurso INSS: confira aqui sugest\u00f5es de recursos da disciplina de Seguridade Social. Veja detalhes da sele\u00e7\u00e3o no blog do Estrat\u00e9gia!\" \/>\n<meta name=\"robots\" content=\"index, follow, max-snippet:-1, max-image-preview:large, max-video-preview:-1\" \/>\n<link rel=\"canonical\" href=\"https:\/\/www.estrategiaconcursos.com.br\/blog\/concurso-inss-guarulhos-recursos-seguridade-social\/\" \/>\n<meta property=\"og:locale\" content=\"pt_BR\" \/>\n<meta property=\"og:type\" content=\"article\" \/>\n<meta property=\"og:title\" content=\"Concurso INSS Guarulhos: recursos para Seguridade Social\" \/>\n<meta property=\"og:description\" content=\"Concurso INSS: confira aqui sugest\u00f5es de recursos da disciplina de Seguridade Social. Veja detalhes da sele\u00e7\u00e3o no blog do Estrat\u00e9gia!\" \/>\n<meta property=\"og:url\" content=\"https:\/\/www.estrategiaconcursos.com.br\/blog\/concurso-inss-guarulhos-recursos-seguridade-social\/\" \/>\n<meta property=\"og:site_name\" content=\"Estrat\u00e9gia Concursos\" \/>\n<meta property=\"article:author\" content=\"https:\/\/www.facebook.com\/EstrategiaConcursos\" \/>\n<meta property=\"article:published_time\" content=\"2022-12-14T19:31:43+00:00\" \/>\n<meta property=\"article:modified_time\" content=\"2022-12-14T19:56:59+00:00\" \/>\n<meta property=\"og:image\" content=\"https:\/\/dhg1h5j42swfq.cloudfront.net\/2022\/12\/01125028\/inss-1024x536-1.jpg\" \/>\n\t<meta property=\"og:image:width\" content=\"1024\" \/>\n\t<meta property=\"og:image:height\" content=\"536\" \/>\n\t<meta property=\"og:image:type\" content=\"image\/jpeg\" \/>\n<meta name=\"author\" content=\"Coordena\u00e7\u00e3o\" \/>\n<meta name=\"twitter:card\" content=\"summary_large_image\" \/>\n<meta name=\"twitter:creator\" content=\"@EstratConcursos\" \/>\n<meta name=\"twitter:site\" content=\"@EstratConcursos\" \/>\n<meta name=\"twitter:label1\" content=\"Escrito por\" \/>\n\t<meta name=\"twitter:data1\" content=\"Coordena\u00e7\u00e3o\" \/>\n\t<meta name=\"twitter:label2\" content=\"Est. tempo de leitura\" \/>\n\t<meta name=\"twitter:data2\" content=\"13 minutos\" \/>\n<script type=\"application\/ld+json\" class=\"yoast-schema-graph\">{\"@context\":\"https:\/\/schema.org\",\"@graph\":[{\"@type\":\"NewsArticle\",\"@id\":\"https:\/\/www.estrategiaconcursos.com.br\/blog\/concurso-inss-guarulhos-recursos-seguridade-social\/#article\",\"isPartOf\":{\"@id\":\"https:\/\/www.estrategiaconcursos.com.br\/blog\/concurso-inss-guarulhos-recursos-seguridade-social\/\"},\"author\":{\"name\":\"Coordena\u00e7\u00e3o\",\"@id\":\"https:\/\/www.estrategiaconcursos.com.br\/blog\/#\/schema\/person\/b4a388c97673c5f483d72185668afa1f\"},\"headline\":\"Concurso INSS Guarulhos: recursos para Seguridade Social\",\"datePublished\":\"2022-12-14T19:31:43+00:00\",\"dateModified\":\"2022-12-14T19:56:59+00:00\",\"mainEntityOfPage\":{\"@id\":\"https:\/\/www.estrategiaconcursos.com.br\/blog\/concurso-inss-guarulhos-recursos-seguridade-social\/\"},\"wordCount\":2625,\"commentCount\":0,\"publisher\":{\"@id\":\"https:\/\/www.estrategiaconcursos.com.br\/blog\/#organization\"},\"image\":{\"@id\":\"https:\/\/www.estrategiaconcursos.com.br\/blog\/concurso-inss-guarulhos-recursos-seguridade-social\/#primaryimage\"},\"thumbnailUrl\":\"https:\/\/dhg1h5j42swfq.cloudfront.net\/2022\/12\/01125028\/inss-1024x536-1.jpg\",\"articleSection\":[\"Executivo (Administrativa)\",\"\u00daltimas not\u00edcias\"],\"inLanguage\":\"pt-BR\",\"potentialAction\":[{\"@type\":\"CommentAction\",\"name\":\"Comment\",\"target\":[\"https:\/\/www.estrategiaconcursos.com.br\/blog\/concurso-inss-guarulhos-recursos-seguridade-social\/#respond\"]}],\"copyrightYear\":\"2022\",\"copyrightHolder\":{\"@id\":\"https:\/\/www.estrategiaconcursos.com.br\/blog\/#organization\"}},{\"@type\":\"WebPage\",\"@id\":\"https:\/\/www.estrategiaconcursos.com.br\/blog\/concurso-inss-guarulhos-recursos-seguridade-social\/\",\"url\":\"https:\/\/www.estrategiaconcursos.com.br\/blog\/concurso-inss-guarulhos-recursos-seguridade-social\/\",\"name\":\"Concurso INSS Guarulhos: recursos para Seguridade Social\",\"isPartOf\":{\"@id\":\"https:\/\/www.estrategiaconcursos.com.br\/blog\/#website\"},\"primaryImageOfPage\":{\"@id\":\"https:\/\/www.estrategiaconcursos.com.br\/blog\/concurso-inss-guarulhos-recursos-seguridade-social\/#primaryimage\"},\"image\":{\"@id\":\"https:\/\/www.estrategiaconcursos.com.br\/blog\/concurso-inss-guarulhos-recursos-seguridade-social\/#primaryimage\"},\"thumbnailUrl\":\"https:\/\/dhg1h5j42swfq.cloudfront.net\/2022\/12\/01125028\/inss-1024x536-1.jpg\",\"datePublished\":\"2022-12-14T19:31:43+00:00\",\"dateModified\":\"2022-12-14T19:56:59+00:00\",\"description\":\"Concurso INSS: confira aqui sugest\u00f5es de recursos da disciplina de Seguridade Social. Veja detalhes da sele\u00e7\u00e3o no blog do Estrat\u00e9gia!\",\"breadcrumb\":{\"@id\":\"https:\/\/www.estrategiaconcursos.com.br\/blog\/concurso-inss-guarulhos-recursos-seguridade-social\/#breadcrumb\"},\"inLanguage\":\"pt-BR\",\"potentialAction\":[{\"@type\":\"ReadAction\",\"target\":[\"https:\/\/www.estrategiaconcursos.com.br\/blog\/concurso-inss-guarulhos-recursos-seguridade-social\/\"]}]},{\"@type\":\"ImageObject\",\"inLanguage\":\"pt-BR\",\"@id\":\"https:\/\/www.estrategiaconcursos.com.br\/blog\/concurso-inss-guarulhos-recursos-seguridade-social\/#primaryimage\",\"url\":\"https:\/\/dhg1h5j42swfq.cloudfront.net\/2022\/12\/01125028\/inss-1024x536-1.jpg\",\"contentUrl\":\"https:\/\/dhg1h5j42swfq.cloudfront.net\/2022\/12\/01125028\/inss-1024x536-1.jpg\",\"width\":1024,\"height\":536,\"caption\":\"Concurso INSS resposta edital\"},{\"@type\":\"BreadcrumbList\",\"@id\":\"https:\/\/www.estrategiaconcursos.com.br\/blog\/concurso-inss-guarulhos-recursos-seguridade-social\/#breadcrumb\",\"itemListElement\":[{\"@type\":\"ListItem\",\"position\":1,\"name\":\"In\u00edcio\",\"item\":\"https:\/\/www.estrategiaconcursos.com.br\/blog\/\"},{\"@type\":\"ListItem\",\"position\":2,\"name\":\"Concurso INSS Guarulhos: recursos para Seguridade Social\"}]},{\"@type\":\"WebSite\",\"@id\":\"https:\/\/www.estrategiaconcursos.com.br\/blog\/#website\",\"url\":\"https:\/\/www.estrategiaconcursos.com.br\/blog\/\",\"name\":\"Estrat\u00e9gia Concursos\",\"description\":\"O blog da Estrat\u00e9gia Concursos traz not\u00edcias sobre concursos e artigos de professores oferecendo cursos para concursos (pdf + videaulas) no site.\",\"publisher\":{\"@id\":\"https:\/\/www.estrategiaconcursos.com.br\/blog\/#organization\"},\"potentialAction\":[{\"@type\":\"SearchAction\",\"target\":{\"@type\":\"EntryPoint\",\"urlTemplate\":\"https:\/\/www.estrategiaconcursos.com.br\/blog\/?s={search_term_string}\"},\"query-input\":{\"@type\":\"PropertyValueSpecification\",\"valueRequired\":true,\"valueName\":\"search_term_string\"}}],\"inLanguage\":\"pt-BR\"},{\"@type\":\"Organization\",\"@id\":\"https:\/\/www.estrategiaconcursos.com.br\/blog\/#organization\",\"name\":\"Estrat\u00e9gia Concursos\",\"url\":\"https:\/\/www.estrategiaconcursos.com.br\/blog\/\",\"logo\":{\"@type\":\"ImageObject\",\"inLanguage\":\"pt-BR\",\"@id\":\"https:\/\/www.estrategiaconcursos.com.br\/blog\/#\/schema\/logo\/image\/\",\"url\":\"https:\/\/dhg1h5j42swfq.cloudfront.net\/2025\/06\/03203428\/logo_concursos-1.jpg\",\"contentUrl\":\"https:\/\/dhg1h5j42swfq.cloudfront.net\/2025\/06\/03203428\/logo_concursos-1.jpg\",\"width\":230,\"height\":60,\"caption\":\"Estrat\u00e9gia Concursos\"},\"image\":{\"@id\":\"https:\/\/www.estrategiaconcursos.com.br\/blog\/#\/schema\/logo\/image\/\"},\"sameAs\":[\"https:\/\/x.com\/EstratConcursos\"]},{\"@type\":\"Person\",\"@id\":\"https:\/\/www.estrategiaconcursos.com.br\/blog\/#\/schema\/person\/b4a388c97673c5f483d72185668afa1f\",\"name\":\"Coordena\u00e7\u00e3o\",\"image\":{\"@type\":\"ImageObject\",\"inLanguage\":\"pt-BR\",\"@id\":\"https:\/\/secure.gravatar.com\/avatar\/b720319e4c9a967eb58678d110f4fe35452fc5d5f97b202bac7b8acceb18c6ad?s=96&d=mm&r=g\",\"url\":\"https:\/\/secure.gravatar.com\/avatar\/b720319e4c9a967eb58678d110f4fe35452fc5d5f97b202bac7b8acceb18c6ad?s=96&d=mm&r=g\",\"contentUrl\":\"https:\/\/secure.gravatar.com\/avatar\/b720319e4c9a967eb58678d110f4fe35452fc5d5f97b202bac7b8acceb18c6ad?s=96&d=mm&r=g\",\"caption\":\"Coordena\u00e7\u00e3o\"},\"sameAs\":[\"https:\/\/www.facebook.com\/EstrategiaConcursos\",\"https:\/\/x.com\/EstratConcursos\"],\"url\":\"https:\/\/www.estrategiaconcursos.com.br\/blog\/author\/estrategia2013\/\"}]}<\/script>\n<!-- \/ Yoast SEO Premium plugin. -->","yoast_head_json":{"title":"Concurso INSS Guarulhos: recursos para Seguridade Social","description":"Concurso INSS: confira aqui sugest\u00f5es de recursos da disciplina de Seguridade Social. Veja detalhes da sele\u00e7\u00e3o no blog do Estrat\u00e9gia!","robots":{"index":"index","follow":"follow","max-snippet":"max-snippet:-1","max-image-preview":"max-image-preview:large","max-video-preview":"max-video-preview:-1"},"canonical":"https:\/\/www.estrategiaconcursos.com.br\/blog\/concurso-inss-guarulhos-recursos-seguridade-social\/","og_locale":"pt_BR","og_type":"article","og_title":"Concurso INSS Guarulhos: recursos para Seguridade Social","og_description":"Concurso INSS: confira aqui sugest\u00f5es de recursos da disciplina de Seguridade Social. Veja detalhes da sele\u00e7\u00e3o no blog do Estrat\u00e9gia!","og_url":"https:\/\/www.estrategiaconcursos.com.br\/blog\/concurso-inss-guarulhos-recursos-seguridade-social\/","og_site_name":"Estrat\u00e9gia Concursos","article_author":"https:\/\/www.facebook.com\/EstrategiaConcursos","article_published_time":"2022-12-14T19:31:43+00:00","article_modified_time":"2022-12-14T19:56:59+00:00","og_image":[{"width":1024,"height":536,"url":"https:\/\/dhg1h5j42swfq.cloudfront.net\/2022\/12\/01125028\/inss-1024x536-1.jpg","type":"image\/jpeg"}],"author":"Coordena\u00e7\u00e3o","twitter_card":"summary_large_image","twitter_creator":"@EstratConcursos","twitter_site":"@EstratConcursos","twitter_misc":{"Escrito por":"Coordena\u00e7\u00e3o","Est. tempo de leitura":"13 minutos"},"schema":{"@context":"https:\/\/schema.org","@graph":[{"@type":"NewsArticle","@id":"https:\/\/www.estrategiaconcursos.com.br\/blog\/concurso-inss-guarulhos-recursos-seguridade-social\/#article","isPartOf":{"@id":"https:\/\/www.estrategiaconcursos.com.br\/blog\/concurso-inss-guarulhos-recursos-seguridade-social\/"},"author":{"name":"Coordena\u00e7\u00e3o","@id":"https:\/\/www.estrategiaconcursos.com.br\/blog\/#\/schema\/person\/b4a388c97673c5f483d72185668afa1f"},"headline":"Concurso INSS Guarulhos: recursos para Seguridade Social","datePublished":"2022-12-14T19:31:43+00:00","dateModified":"2022-12-14T19:56:59+00:00","mainEntityOfPage":{"@id":"https:\/\/www.estrategiaconcursos.com.br\/blog\/concurso-inss-guarulhos-recursos-seguridade-social\/"},"wordCount":2625,"commentCount":0,"publisher":{"@id":"https:\/\/www.estrategiaconcursos.com.br\/blog\/#organization"},"image":{"@id":"https:\/\/www.estrategiaconcursos.com.br\/blog\/concurso-inss-guarulhos-recursos-seguridade-social\/#primaryimage"},"thumbnailUrl":"https:\/\/dhg1h5j42swfq.cloudfront.net\/2022\/12\/01125028\/inss-1024x536-1.jpg","articleSection":["Executivo (Administrativa)","\u00daltimas not\u00edcias"],"inLanguage":"pt-BR","potentialAction":[{"@type":"CommentAction","name":"Comment","target":["https:\/\/www.estrategiaconcursos.com.br\/blog\/concurso-inss-guarulhos-recursos-seguridade-social\/#respond"]}],"copyrightYear":"2022","copyrightHolder":{"@id":"https:\/\/www.estrategiaconcursos.com.br\/blog\/#organization"}},{"@type":"WebPage","@id":"https:\/\/www.estrategiaconcursos.com.br\/blog\/concurso-inss-guarulhos-recursos-seguridade-social\/","url":"https:\/\/www.estrategiaconcursos.com.br\/blog\/concurso-inss-guarulhos-recursos-seguridade-social\/","name":"Concurso INSS Guarulhos: recursos para Seguridade Social","isPartOf":{"@id":"https:\/\/www.estrategiaconcursos.com.br\/blog\/#website"},"primaryImageOfPage":{"@id":"https:\/\/www.estrategiaconcursos.com.br\/blog\/concurso-inss-guarulhos-recursos-seguridade-social\/#primaryimage"},"image":{"@id":"https:\/\/www.estrategiaconcursos.com.br\/blog\/concurso-inss-guarulhos-recursos-seguridade-social\/#primaryimage"},"thumbnailUrl":"https:\/\/dhg1h5j42swfq.cloudfront.net\/2022\/12\/01125028\/inss-1024x536-1.jpg","datePublished":"2022-12-14T19:31:43+00:00","dateModified":"2022-12-14T19:56:59+00:00","description":"Concurso INSS: confira aqui sugest\u00f5es de recursos da disciplina de Seguridade Social. Veja detalhes da sele\u00e7\u00e3o no blog do Estrat\u00e9gia!","breadcrumb":{"@id":"https:\/\/www.estrategiaconcursos.com.br\/blog\/concurso-inss-guarulhos-recursos-seguridade-social\/#breadcrumb"},"inLanguage":"pt-BR","potentialAction":[{"@type":"ReadAction","target":["https:\/\/www.estrategiaconcursos.com.br\/blog\/concurso-inss-guarulhos-recursos-seguridade-social\/"]}]},{"@type":"ImageObject","inLanguage":"pt-BR","@id":"https:\/\/www.estrategiaconcursos.com.br\/blog\/concurso-inss-guarulhos-recursos-seguridade-social\/#primaryimage","url":"https:\/\/dhg1h5j42swfq.cloudfront.net\/2022\/12\/01125028\/inss-1024x536-1.jpg","contentUrl":"https:\/\/dhg1h5j42swfq.cloudfront.net\/2022\/12\/01125028\/inss-1024x536-1.jpg","width":1024,"height":536,"caption":"Concurso INSS resposta edital"},{"@type":"BreadcrumbList","@id":"https:\/\/www.estrategiaconcursos.com.br\/blog\/concurso-inss-guarulhos-recursos-seguridade-social\/#breadcrumb","itemListElement":[{"@type":"ListItem","position":1,"name":"In\u00edcio","item":"https:\/\/www.estrategiaconcursos.com.br\/blog\/"},{"@type":"ListItem","position":2,"name":"Concurso INSS Guarulhos: recursos para Seguridade Social"}]},{"@type":"WebSite","@id":"https:\/\/www.estrategiaconcursos.com.br\/blog\/#website","url":"https:\/\/www.estrategiaconcursos.com.br\/blog\/","name":"Estrat\u00e9gia Concursos","description":"O blog da Estrat\u00e9gia Concursos traz not\u00edcias sobre concursos e artigos de professores oferecendo cursos para concursos (pdf + videaulas) no site.","publisher":{"@id":"https:\/\/www.estrategiaconcursos.com.br\/blog\/#organization"},"potentialAction":[{"@type":"SearchAction","target":{"@type":"EntryPoint","urlTemplate":"https:\/\/www.estrategiaconcursos.com.br\/blog\/?s={search_term_string}"},"query-input":{"@type":"PropertyValueSpecification","valueRequired":true,"valueName":"search_term_string"}}],"inLanguage":"pt-BR"},{"@type":"Organization","@id":"https:\/\/www.estrategiaconcursos.com.br\/blog\/#organization","name":"Estrat\u00e9gia Concursos","url":"https:\/\/www.estrategiaconcursos.com.br\/blog\/","logo":{"@type":"ImageObject","inLanguage":"pt-BR","@id":"https:\/\/www.estrategiaconcursos.com.br\/blog\/#\/schema\/logo\/image\/","url":"https:\/\/dhg1h5j42swfq.cloudfront.net\/2025\/06\/03203428\/logo_concursos-1.jpg","contentUrl":"https:\/\/dhg1h5j42swfq.cloudfront.net\/2025\/06\/03203428\/logo_concursos-1.jpg","width":230,"height":60,"caption":"Estrat\u00e9gia Concursos"},"image":{"@id":"https:\/\/www.estrategiaconcursos.com.br\/blog\/#\/schema\/logo\/image\/"},"sameAs":["https:\/\/x.com\/EstratConcursos"]},{"@type":"Person","@id":"https:\/\/www.estrategiaconcursos.com.br\/blog\/#\/schema\/person\/b4a388c97673c5f483d72185668afa1f","name":"Coordena\u00e7\u00e3o","image":{"@type":"ImageObject","inLanguage":"pt-BR","@id":"https:\/\/secure.gravatar.com\/avatar\/b720319e4c9a967eb58678d110f4fe35452fc5d5f97b202bac7b8acceb18c6ad?s=96&d=mm&r=g","url":"https:\/\/secure.gravatar.com\/avatar\/b720319e4c9a967eb58678d110f4fe35452fc5d5f97b202bac7b8acceb18c6ad?s=96&d=mm&r=g","contentUrl":"https:\/\/secure.gravatar.com\/avatar\/b720319e4c9a967eb58678d110f4fe35452fc5d5f97b202bac7b8acceb18c6ad?s=96&d=mm&r=g","caption":"Coordena\u00e7\u00e3o"},"sameAs":["https:\/\/www.facebook.com\/EstrategiaConcursos","https:\/\/x.com\/EstratConcursos"],"url":"https:\/\/www.estrategiaconcursos.com.br\/blog\/author\/estrategia2013\/"}]}},"_links":{"self":[{"href":"https:\/\/www.estrategiaconcursos.com.br\/blog\/wp-json\/wp\/v2\/posts\/1139065","targetHints":{"allow":["GET"]}}],"collection":[{"href":"https:\/\/www.estrategiaconcursos.com.br\/blog\/wp-json\/wp\/v2\/posts"}],"about":[{"href":"https:\/\/www.estrategiaconcursos.com.br\/blog\/wp-json\/wp\/v2\/types\/post"}],"author":[{"embeddable":true,"href":"https:\/\/www.estrategiaconcursos.com.br\/blog\/wp-json\/wp\/v2\/users\/1"}],"replies":[{"embeddable":true,"href":"https:\/\/www.estrategiaconcursos.com.br\/blog\/wp-json\/wp\/v2\/comments?post=1139065"}],"version-history":[{"count":7,"href":"https:\/\/www.estrategiaconcursos.com.br\/blog\/wp-json\/wp\/v2\/posts\/1139065\/revisions"}],"predecessor-version":[{"id":1139087,"href":"https:\/\/www.estrategiaconcursos.com.br\/blog\/wp-json\/wp\/v2\/posts\/1139065\/revisions\/1139087"}],"wp:featuredmedia":[{"embeddable":true,"href":"https:\/\/www.estrategiaconcursos.com.br\/blog\/wp-json\/wp\/v2\/media\/1132811"}],"wp:attachment":[{"href":"https:\/\/www.estrategiaconcursos.com.br\/blog\/wp-json\/wp\/v2\/media?parent=1139065"}],"wp:term":[{"taxonomy":"category","embeddable":true,"href":"https:\/\/www.estrategiaconcursos.com.br\/blog\/wp-json\/wp\/v2\/categories?post=1139065"},{"taxonomy":"post_tag","embeddable":true,"href":"https:\/\/www.estrategiaconcursos.com.br\/blog\/wp-json\/wp\/v2\/tags?post=1139065"},{"taxonomy":"tax_estado","embeddable":true,"href":"https:\/\/www.estrategiaconcursos.com.br\/blog\/wp-json\/wp\/v2\/tax_estado?post=1139065"}],"curies":[{"name":"wp","href":"https:\/\/api.w.org\/{rel}","templated":true}]}}