{"id":1138849,"date":"2022-12-14T12:47:41","date_gmt":"2022-12-14T15:47:41","guid":{"rendered":"https:\/\/www.estrategiaconcursos.com.br\/blog\/?p=1138849"},"modified":"2022-12-15T16:36:09","modified_gmt":"2022-12-15T19:36:09","slug":"concurso-sefaz-pe-possibilidades-recursos","status":"publish","type":"post","link":"https:\/\/www.estrategiaconcursos.com.br\/blog\/concurso-sefaz-pe-possibilidades-recursos\/","title":{"rendered":"Concurso Sefaz PE: confira as possibilidades de recursos"},"content":{"rendered":"\n<p class=\"has-medium-font-size\" style=\"font-style:italic;font-weight:700\">Quer interpor recursos contra o gabarito do concurso Sefaz PE? Confira as possibilidades neste artigo!<\/p>\n\n\n\n<p>O <strong>concurso<\/strong> <strong>Sefaz PE <\/strong>teve suas provas aplicadas neste \u00faltimo domingo, 11 de dezembro. Recentemente, foram divulgados os <a href=\"https:\/\/www.estrategiaconcursos.com.br\/blog\/concurso-sefaz-pe-gabaritos-provisorios\/\" target=\"_blank\" rel=\"noreferrer noopener\">gabaritos preliminares<\/a>.&nbsp;<\/p>\n\n\n\n<p><strong>Pretende interpor recurso para a Sefaz PE?<\/strong> Todo o processo deve ser realizado no <span style=\"text-decoration: underline;\">prazo de 13 a 15 de dezembro<\/span>, atrav\u00e9s do <a href=\"https:\/\/www.concursosfcc.com.br\/concursos\/fazpe122\/index.html\" target=\"_blank\" rel=\"noreferrer noopener\">site da FCC<\/a>.<\/p>\n\n\n\n<p>E para te ajudar, nossos professores analisaram os gabaritos provis\u00f3rios e identificaram algumas possibilidades de recursos. Confira abaixo e n\u00e3o perca o prazo!<\/p>\n\n\n\n<ul class=\"wp-block-list\" id=\"indice\"><li><a href=\"#web\">Assista ao Webin\u00e1rio<\/a><\/li><li><a href=\"#ti\">Recursos de T.I.<\/a><\/li><li><a href=\"#portugues\">Recursos de Portugu\u00eas<\/a><\/li><li><a href=\"#direito-financeiro\">Recursos de Direito Financeiro<\/a><\/li><\/ul>\n\n\n\n<h2 class=\"has-pale-cyan-blue-background-color has-background wp-block-heading\" id=\"web\">Assista ao webin\u00e1rio e confira os recursos<\/h2>\n\n\n\n<figure class=\"wp-block-embed is-type-video is-provider-youtube wp-block-embed-youtube wp-embed-aspect-16-9 wp-has-aspect-ratio\"><div class=\"wp-block-embed__wrapper\">\n<div class=\"lyte-wrapper\" style=\"width:853px;max-width:100%;margin:5px;\"><div class=\"lyMe\" id=\"WYL_rDx0O4cTTxA\"><div id=\"lyte_rDx0O4cTTxA\" data-src=\"\/\/i.ytimg.com\/vi\/rDx0O4cTTxA\/hqdefault.jpg\" class=\"pL\"><div class=\"tC\"><div class=\"tT\"><\/div><\/div><div class=\"play\"><\/div><div class=\"ctrl\"><div class=\"Lctrl\"><\/div><div class=\"Rctrl\"><\/div><\/div><\/div><noscript><a href=\"https:\/\/youtu.be\/rDx0O4cTTxA\" rel=\"nofollow\"><img loading=\"lazy\" decoding=\"async\" src=\"https:\/\/i.ytimg.com\/vi\/rDx0O4cTTxA\/0.jpg\" alt=\"YouTube video thumbnail\" width=\"853\" height=\"460\" \/><br \/>Assista a este v\u00eddeo no YouTube<\/a><\/noscript><\/div><\/div><div class=\"lL\" style=\"max-width:100%;width:853px;margin:5px;\"><\/div>\n<\/div><\/figure>\n\n\n\n<h2 class=\"has-pale-cyan-blue-background-color has-background wp-block-heading\" id=\"ti\">Concurso Sefaz PE: recursos de Tecnologia da Informa\u00e7\u00e3o<\/h2>\n\n\n\n<ul class=\"wp-block-list\"><li>Professora Emannuelle Gouveia<\/li><\/ul>\n\n\n\n<p><strong>Enunciado:<\/strong> \u201cSegundo o Manual de Orienta\u00e7\u00e3o do Contribuinte referente a NF-e, vers\u00e3o 7.0, o certificado digital utilizado no Sistema Nota Fiscal Eletr\u00f4nica dever\u00e1 ser do tipo A1 ou A3 O certificado do tipo A3\u201d<\/p>\n\n\n\n<p>Gabarito Oficial: D<\/p>\n\n\n\n<p>Gabarito Proposto: Anula\u00e7\u00e3o<\/p>\n\n\n\n<p>Fundamentos:<\/p>\n\n\n\n<p>O certificado do tipo A3 n\u00e3o pode ser armazenado na nuvem, como indica a assertiva D &#8211; dada como resposta correta pela banca. Ele pode ser armazenado em cart\u00f5es ou tokens, mas n\u00e3o na nuvem.<\/p>\n\n\n\n<p>Dessa forma, a assertiva fica sem resposta tecnicamente correta, visto que o certificado A3 n\u00e3o atende a nenhuma das especifica\u00e7\u00f5es das letras propostas.<\/p>\n\n\n\n<h2 class=\"has-pale-cyan-blue-background-color has-background wp-block-heading\" id=\"portugues\">Concurso Sefaz PE: recursos de Portugu\u00eas<\/h2>\n\n\n\n<ul class=\"wp-block-list\"><li>Professora Adriana Figueiredo<\/li><\/ul>\n\n\n\n<p><strong>QUEST\u00c3O 8<\/strong>: Transpondo-se para o discurso indireto o primeiro per\u00edodo do texto e observando-se rigorosamente as normas da l\u00edngua culta, obt\u00e9m-se a seguinte sequ\u00eancia:<\/p>\n\n\n\n<p>A natureza diz a todos os homens que<\/p>\n\n\n\n<ul class=\"wp-block-list\"><li>A- os fez fracos e ignorantes para que vegetem alguns minutos na terra e a adubem&nbsp;com seus cad\u00e1veres.<\/li><li>B- fizemo-nos fracos e ignorantes, para vegetarmos alguns minutos na terra e para&nbsp;a adubarmos com nossos cad\u00e1veres.<\/li><li>C- ele fez de n\u00f3s fracos e ignorantes, para que vegetemos alguns minutos na terra para que lhe adub\u00e1ssemos com nossos cad\u00e1veres.<\/li><li>D- fez-lhes fracos e ignorantes, para vegetar alguns minutos na terra e adubar-lhe, com seus cad\u00e1veres.&nbsp;<\/li><li>E- os fizera fracos e ignorantes, para que vegetassem alguns minutos na terra, que adubariam-na com seus cad\u00e1veres.<\/li><\/ul>\n\n\n\n<p><strong>GABARITO DA BANCA:<\/strong> LETRA A<\/p>\n\n\n\n<p><strong>PRETENS\u00c3O:<\/strong> ANULA\u00c7\u00c3O DA QUEST\u00c3O<\/p>\n\n\n\n<p><strong>JUSTIFICATIVA:<\/strong><\/p>\n\n\n\n<p>Embora a banca tenha fornecido a LETRA (A) como gabarito, essa alternativa n\u00e3o est\u00e1 correta, pois o texto original, com discurso direto, faz uso do tempo pret\u00e9rito perfeito do indicativo: \u201c<strong>fiz<\/strong> todos v\u00f3s fracos e ignorantes, para vegetarem alguns minutos na terra e para abundarem-na com vossos cad\u00e1veres\u201d. <\/p>\n\n\n\n<p>Na passagem do discurso direto para o indireto, esse tempo verbal deve mudar para pret\u00e9rito mais que perfeito do indicativo, como apontam diversos manuais de reda\u00e7\u00e3o. <\/p>\n\n\n\n<p>A LETRA (A) mant\u00e9m o verbo \u2018fazer\u2019 no pret\u00e9rito perfeito do indicativo, o que, portanto, torna a alternativa incorreta. <\/p>\n\n\n\n<p>A \u00fanica alternativa que apresenta o tempo verbal correto do verbo \u2018fazer\u2019 no discurso indireto \u00e9 a LETRA (E): \u201cos <strong>fizera<\/strong> fracos e ignorantes\u201d. <\/p>\n\n\n\n<p>Contudo, essa alternativa apresenta um erro de coloca\u00e7\u00e3o pronominal, visto que a presen\u00e7a da conjun\u00e7\u00e3o \u201cque\u201d em \u201cque adubariam-na com seus cad\u00e1veres\u201d exige o uso da pr\u00f3clise. Portanto, diante do exposto, pedimos a anula\u00e7\u00e3o da quest\u00e3o.<\/p>\n\n\n\n<h2 class=\"has-pale-cyan-blue-background-color has-background wp-block-heading\" id=\"direito-financeiro\">Concurso Sefaz PE: recursos de Direito Financeiro<\/h2>\n\n\n\n<ul class=\"wp-block-list\"><li>Professora Gabriela Zavadinack<\/li><\/ul>\n\n\n\n<p>Sugest\u00e3o de recurso de ANULA\u00c7\u00c3O para quest\u00e3o de Direito Financeiro da SEFAZ PE.<\/p>\n\n\n\n<p><strong>\u201c73. Nos termos da legisla\u00e7\u00e3o vigente, a verifica\u00e7\u00e3o do cumprimento dos limites e condi\u00e7\u00f5es relativos \u00e0 realiza\u00e7\u00e3o de opera\u00e7\u00f5es de cr\u00e9dito de determinado Estado da federa\u00e7\u00e3o, inclusive das empresas por ele controladas, direta ou indiretamente, \u00e9 atribui\u00e7\u00e3o do<\/strong><\/p>\n\n\n\n<ul class=\"wp-block-list\"><li><em>(A) Banco Central do Brasil.<\/em><\/li><li><em>(B) Senado Federal, salvo se tratar de opera\u00e7\u00e3o de cr\u00e9dito externo.<\/em><\/li><li><em>(C) Congresso Nacional.<\/em><\/li><li><em>(D) Minist\u00e9rio da Economia.<\/em><\/li><li><em>(E) Minist\u00e9rio da Fazenda\u201d.<\/em><\/li><\/ul>\n\n\n\n<p><strong><u>Fundamentos<\/u><\/strong>:<\/p>\n\n\n\n<p>A banca examinadora, em seu gabarito preliminar considerou como correta a alternativa D (Minist\u00e9rio da Economia).<\/p>\n\n\n\n<p>A LC 101\/2000 (Lei de Responsabilidade Fiscal) elenca que: <em>\u201cArt. 32. O <strong><u>Minist\u00e9rio da Fazenda<\/u><\/strong> verificar\u00e1 o cumprimento dos limites e condi\u00e7\u00f5es relativos \u00e0 realiza\u00e7\u00e3o de opera\u00e7\u00f5es de cr\u00e9dito de cada ente da Federa\u00e7\u00e3o, inclusive das empresas por eles controladas, direta ou indiretamente\u201d.<\/em><\/p>\n\n\n\n<p>Entretanto, a Lei n\u00ba 13.844\/2019, que estabelece a organiza\u00e7\u00e3o b\u00e1sica dos \u00f3rg\u00e3os da Presid\u00eancia da Rep\u00fablica e dos Minist\u00e9rios, preconiza o seguinte: <em>\u201cArt. 57. <strong><u>Ficam transformados<\/u><\/strong>: I &#8211; o <strong><u>Minist\u00e9rio da Fazenda<\/u><\/strong>, o Minist\u00e9rio do Planejamento, Desenvolvimento e Gest\u00e3o, o Minist\u00e9rio da Ind\u00fastria, Com\u00e9rcio Exterior e Servi\u00e7os e o Minist\u00e9rio do Trabalho <strong><u>no Minist\u00e9rio da Economia<\/u><\/strong>\u201d.<\/em><\/p>\n\n\n\n<p>Verifica-se que a Legisla\u00e7\u00e3o vigente (ambas as leis) trata de poss\u00edveis alternativas para a supracitada quest\u00e3o, uma vez que n\u00e3o houve revoga\u00e7\u00e3o nem altera\u00e7\u00e3o da LRF, mesmo com a vig\u00eancia da lei mais recente.<\/p>\n\n\n\n<p>O comando da quest\u00e3o, ao pedir que se tome como base a \u201clegisla\u00e7\u00e3o vigente\u201d, prejudica o julgamento objetivo do item, tendo em vista que ambas as leis est\u00e3o vigentes, sem ter ocorrido revoga\u00e7\u00e3o da LRF. <strong>N\u00e3o \u00e9 poss\u00edvel saber em qual lei a banca est\u00e1 se baseando: se na literalidade da Lei de Responsabilidade Fiscal ou se na nova estrutura dos Minist\u00e9rios<\/strong>.<\/p>\n\n\n\n<p>No mesmo sentido, como as duas leis est\u00e3o vigentes, temos duas assertivas corretas na quest\u00e3o: letras D e E (Minist\u00e9rio da Economia e Minist\u00e9rio da Fazenda).<\/p>\n\n\n\n<p>Dessa forma, solicitar a <strong><u>ANULA\u00c7\u00c3O<\/u><\/strong> da quest\u00e3o.<\/p>\n\n\n\n<h2 class=\"has-text-align-center has-pale-cyan-blue-background-color has-background has-medium-font-size wp-block-heading\" id=\"cursos-assinatura\">Saiba mais: <a href=\"https:\/\/www.estrategiaconcursos.com.br\/blog\/concurso-sefaz-pe\/\" target=\"_blank\" rel=\"noreferrer noopener\">Concurso Sefaz Pernambuco<\/a><\/h2>\n\n\n\n<hr class=\"wp-block-separator has-alpha-channel-opacity\"\/>\n\n\n\n<h2 class=\"has-text-align-center wp-block-heading\" id=\"h-quer-saber-tudo-sobre-concursos-previstos-confira-nossos-artigos\">Quer saber tudo sobre concursos previstos?<br \/>Confira  nossos artigos!<\/h2>\n\n\n\n<ul class=\"wp-block-list\"><li><a href=\"https:\/\/www.estrategiaconcursos.com.br\/blog\/concursos-abertos\/\" target=\"_blank\" rel=\"noreferrer noopener\">Concursos Abertos<\/a><\/li><li><a href=\"https:\/\/www.estrategiaconcursos.com.br\/blog\/concursos-2023\/\" target=\"_blank\" rel=\"noreferrer noopener\">Concursos 2023<\/a><\/li><\/ul>\n\n\n\n<div class=\"container\" id=\"boxes\">\n  <div class=\"row\">\n\n    <div class=\"col-sm\">\n      <div class=\"banner-fiscal-01\" id=\"box-assinatura\">\n        <h3 class=\"titulo-assinatura\">Concurso Sefaz PE<\/h3>\n        <p class=\"subtitulo-assinatura\">Estude conosco<\/p>\n        <div class=\"box-botao\">\n          <a class=\"btn-assinatura\" target=\"_blank\" href=\"https:\/\/www.estrategiaconcursos.com.br\/cursosPorConcurso\/sefaz-pe-ou-icms-pe-285\/\" role=\"button\" rel=\"noopener noreferrer\">Conhe\u00e7a os cursos<\/a>\n        <\/div>\n      <\/div>\n      \n    <\/div>\n\n  <\/div>\n<\/div>\n\n\n\n<div class=\"container\" id=\"boxes\">\n  <div class=\"row\">\n\n    <div class=\"col-sm\">\n      <div class=\"estrategia\" id=\"box-assinatura\">\n        <h3 class=\"titulo-assinatura\">Assinatura Concursos<\/h3>\n        <p class=\"subtitulo-assinatura\">Assinatura de 1 ano ou 2 anos<\/p>\n        <div class=\"box-botao\">\n          <a class=\"btn-assinatura\" target=\"_blank\" href=\"https:\/\/www.estrategiaconcursos.com.br\/assinaturas\/\" role=\"button\" rel=\"noopener noreferrer\">ASSINE AGORA<\/a>\n        <\/div>\n      <\/div><\/div><\/div><\/div>\n","protected":false},"excerpt":{"rendered":"<p>Quer interpor recursos contra o gabarito do concurso Sefaz PE? Confira as possibilidades neste artigo! O concurso Sefaz PE teve suas provas aplicadas neste \u00faltimo domingo, 11 de dezembro. Recentemente, foram divulgados os gabaritos preliminares.&nbsp; Pretende interpor recurso para a Sefaz PE? Todo o processo deve ser realizado no prazo de 13 a 15 de [&hellip;]<\/p>\n","protected":false},"author":1206,"featured_media":1115973,"comment_status":"open","ping_status":"closed","sticky":false,"template":"","format":"standard","meta":{"post_tipo":"news","footnotes":""},"categories":[1983,220219],"tags":[],"tax_estado":[219979],"class_list":["post-1138849","post","type-post","status-publish","format-standard","has-post-thumbnail","hentry","category-fiscal-estadual","category-noticias","tax_estado-pe"],"acf":[],"yoast_head":"<!-- This site is optimized with the Yoast SEO Premium plugin v27.2 (Yoast SEO v27.2) - https:\/\/yoast.com\/product\/yoast-seo-premium-wordpress\/ -->\n<title>Concurso Sefaz PE: confira as possibilidades de recursos<\/title>\n<meta name=\"description\" content=\"Confira as possibilidades de recursos contra o gabarito das provas do concurso p\u00fablico para a Sefaz PE. Acesse nosso site!\" \/>\n<meta name=\"robots\" content=\"index, follow, max-snippet:-1, max-image-preview:large, max-video-preview:-1\" \/>\n<link rel=\"canonical\" href=\"https:\/\/www.estrategiaconcursos.com.br\/blog\/concurso-sefaz-pe-possibilidades-recursos\/\" \/>\n<meta property=\"og:locale\" content=\"pt_BR\" \/>\n<meta property=\"og:type\" content=\"article\" \/>\n<meta property=\"og:title\" content=\"Concurso Sefaz PE: confira as possibilidades de recursos\" \/>\n<meta property=\"og:description\" content=\"Confira as possibilidades de recursos contra o gabarito das provas do concurso p\u00fablico para a Sefaz PE. Acesse nosso site!\" \/>\n<meta property=\"og:url\" content=\"https:\/\/www.estrategiaconcursos.com.br\/blog\/concurso-sefaz-pe-possibilidades-recursos\/\" \/>\n<meta property=\"og:site_name\" content=\"Estrat\u00e9gia Concursos\" \/>\n<meta property=\"article:published_time\" content=\"2022-12-14T15:47:41+00:00\" \/>\n<meta property=\"article:modified_time\" content=\"2022-12-15T19:36:09+00:00\" \/>\n<meta property=\"og:image\" content=\"https:\/\/dhg1h5j42swfq.cloudfront.net\/2022\/10\/26143215\/sefaz_pe.jpg\" \/>\n\t<meta property=\"og:image:width\" content=\"768\" \/>\n\t<meta property=\"og:image:height\" content=\"432\" \/>\n\t<meta property=\"og:image:type\" content=\"image\/jpeg\" \/>\n<meta name=\"author\" content=\"Bruna de Andrade Fran\u00e7a\" \/>\n<meta name=\"twitter:card\" content=\"summary_large_image\" \/>\n<meta name=\"twitter:creator\" content=\"@EstratConcursos\" \/>\n<meta name=\"twitter:site\" content=\"@EstratConcursos\" \/>\n<meta name=\"twitter:label1\" content=\"Escrito por\" \/>\n\t<meta name=\"twitter:data1\" content=\"Bruna de Andrade Fran\u00e7a\" \/>\n\t<meta name=\"twitter:label2\" content=\"Est. tempo de leitura\" \/>\n\t<meta name=\"twitter:data2\" content=\"5 minutos\" \/>\n<script type=\"application\/ld+json\" class=\"yoast-schema-graph\">{\"@context\":\"https:\/\/schema.org\",\"@graph\":[{\"@type\":\"NewsArticle\",\"@id\":\"https:\/\/www.estrategiaconcursos.com.br\/blog\/concurso-sefaz-pe-possibilidades-recursos\/#article\",\"isPartOf\":{\"@id\":\"https:\/\/www.estrategiaconcursos.com.br\/blog\/concurso-sefaz-pe-possibilidades-recursos\/\"},\"author\":{\"name\":\"Bruna de Andrade Fran\u00e7a\",\"@id\":\"https:\/\/www.estrategiaconcursos.com.br\/blog\/#\/schema\/person\/6630f91134abc08115cca62ce6372855\"},\"headline\":\"Concurso Sefaz PE: confira as possibilidades de recursos\",\"datePublished\":\"2022-12-14T15:47:41+00:00\",\"dateModified\":\"2022-12-15T19:36:09+00:00\",\"mainEntityOfPage\":{\"@id\":\"https:\/\/www.estrategiaconcursos.com.br\/blog\/concurso-sefaz-pe-possibilidades-recursos\/\"},\"wordCount\":990,\"commentCount\":0,\"publisher\":{\"@id\":\"https:\/\/www.estrategiaconcursos.com.br\/blog\/#organization\"},\"image\":{\"@id\":\"https:\/\/www.estrategiaconcursos.com.br\/blog\/concurso-sefaz-pe-possibilidades-recursos\/#primaryimage\"},\"thumbnailUrl\":\"https:\/\/dhg1h5j42swfq.cloudfront.net\/2022\/10\/26143215\/sefaz_pe.jpg\",\"articleSection\":[\"Fiscal - Estadual (ICMS)\",\"\u00daltimas not\u00edcias\"],\"inLanguage\":\"pt-BR\",\"potentialAction\":[{\"@type\":\"CommentAction\",\"name\":\"Comment\",\"target\":[\"https:\/\/www.estrategiaconcursos.com.br\/blog\/concurso-sefaz-pe-possibilidades-recursos\/#respond\"]}],\"copyrightYear\":\"2022\",\"copyrightHolder\":{\"@id\":\"https:\/\/www.estrategiaconcursos.com.br\/blog\/#organization\"}},{\"@type\":\"WebPage\",\"@id\":\"https:\/\/www.estrategiaconcursos.com.br\/blog\/concurso-sefaz-pe-possibilidades-recursos\/\",\"url\":\"https:\/\/www.estrategiaconcursos.com.br\/blog\/concurso-sefaz-pe-possibilidades-recursos\/\",\"name\":\"Concurso Sefaz PE: confira as possibilidades de recursos\",\"isPartOf\":{\"@id\":\"https:\/\/www.estrategiaconcursos.com.br\/blog\/#website\"},\"primaryImageOfPage\":{\"@id\":\"https:\/\/www.estrategiaconcursos.com.br\/blog\/concurso-sefaz-pe-possibilidades-recursos\/#primaryimage\"},\"image\":{\"@id\":\"https:\/\/www.estrategiaconcursos.com.br\/blog\/concurso-sefaz-pe-possibilidades-recursos\/#primaryimage\"},\"thumbnailUrl\":\"https:\/\/dhg1h5j42swfq.cloudfront.net\/2022\/10\/26143215\/sefaz_pe.jpg\",\"datePublished\":\"2022-12-14T15:47:41+00:00\",\"dateModified\":\"2022-12-15T19:36:09+00:00\",\"description\":\"Confira as possibilidades de recursos contra o gabarito das provas do concurso p\u00fablico para a Sefaz PE. Acesse nosso site!\",\"breadcrumb\":{\"@id\":\"https:\/\/www.estrategiaconcursos.com.br\/blog\/concurso-sefaz-pe-possibilidades-recursos\/#breadcrumb\"},\"inLanguage\":\"pt-BR\",\"potentialAction\":[{\"@type\":\"ReadAction\",\"target\":[\"https:\/\/www.estrategiaconcursos.com.br\/blog\/concurso-sefaz-pe-possibilidades-recursos\/\"]}]},{\"@type\":\"ImageObject\",\"inLanguage\":\"pt-BR\",\"@id\":\"https:\/\/www.estrategiaconcursos.com.br\/blog\/concurso-sefaz-pe-possibilidades-recursos\/#primaryimage\",\"url\":\"https:\/\/dhg1h5j42swfq.cloudfront.net\/2022\/10\/26143215\/sefaz_pe.jpg\",\"contentUrl\":\"https:\/\/dhg1h5j42swfq.cloudfront.net\/2022\/10\/26143215\/sefaz_pe.jpg\",\"width\":768,\"height\":432,\"caption\":\"concurso Sefaz PE recursos abertos\"},{\"@type\":\"BreadcrumbList\",\"@id\":\"https:\/\/www.estrategiaconcursos.com.br\/blog\/concurso-sefaz-pe-possibilidades-recursos\/#breadcrumb\",\"itemListElement\":[{\"@type\":\"ListItem\",\"position\":1,\"name\":\"In\u00edcio\",\"item\":\"https:\/\/www.estrategiaconcursos.com.br\/blog\/\"},{\"@type\":\"ListItem\",\"position\":2,\"name\":\"Concurso Sefaz PE: confira as possibilidades de recursos\"}]},{\"@type\":\"WebSite\",\"@id\":\"https:\/\/www.estrategiaconcursos.com.br\/blog\/#website\",\"url\":\"https:\/\/www.estrategiaconcursos.com.br\/blog\/\",\"name\":\"Estrat\u00e9gia Concursos\",\"description\":\"O blog da Estrat\u00e9gia Concursos traz not\u00edcias sobre concursos e artigos de professores oferecendo cursos para concursos (pdf + videaulas) no site.\",\"publisher\":{\"@id\":\"https:\/\/www.estrategiaconcursos.com.br\/blog\/#organization\"},\"potentialAction\":[{\"@type\":\"SearchAction\",\"target\":{\"@type\":\"EntryPoint\",\"urlTemplate\":\"https:\/\/www.estrategiaconcursos.com.br\/blog\/?s={search_term_string}\"},\"query-input\":{\"@type\":\"PropertyValueSpecification\",\"valueRequired\":true,\"valueName\":\"search_term_string\"}}],\"inLanguage\":\"pt-BR\"},{\"@type\":\"Organization\",\"@id\":\"https:\/\/www.estrategiaconcursos.com.br\/blog\/#organization\",\"name\":\"Estrat\u00e9gia Concursos\",\"url\":\"https:\/\/www.estrategiaconcursos.com.br\/blog\/\",\"logo\":{\"@type\":\"ImageObject\",\"inLanguage\":\"pt-BR\",\"@id\":\"https:\/\/www.estrategiaconcursos.com.br\/blog\/#\/schema\/logo\/image\/\",\"url\":\"https:\/\/dhg1h5j42swfq.cloudfront.net\/2025\/06\/03203428\/logo_concursos-1.jpg\",\"contentUrl\":\"https:\/\/dhg1h5j42swfq.cloudfront.net\/2025\/06\/03203428\/logo_concursos-1.jpg\",\"width\":230,\"height\":60,\"caption\":\"Estrat\u00e9gia Concursos\"},\"image\":{\"@id\":\"https:\/\/www.estrategiaconcursos.com.br\/blog\/#\/schema\/logo\/image\/\"},\"sameAs\":[\"https:\/\/x.com\/EstratConcursos\"]},{\"@type\":\"Person\",\"@id\":\"https:\/\/www.estrategiaconcursos.com.br\/blog\/#\/schema\/person\/6630f91134abc08115cca62ce6372855\",\"name\":\"Bruna de Andrade Fran\u00e7a\",\"image\":{\"@type\":\"ImageObject\",\"inLanguage\":\"pt-BR\",\"@id\":\"https:\/\/secure.gravatar.com\/avatar\/d6316d36d50cea0fadae28ed3015b8870cc90a2d3d8a95c37b44006af36a00e3?s=96&d=mm&r=g\",\"url\":\"https:\/\/secure.gravatar.com\/avatar\/d6316d36d50cea0fadae28ed3015b8870cc90a2d3d8a95c37b44006af36a00e3?s=96&d=mm&r=g\",\"contentUrl\":\"https:\/\/secure.gravatar.com\/avatar\/d6316d36d50cea0fadae28ed3015b8870cc90a2d3d8a95c37b44006af36a00e3?s=96&d=mm&r=g\",\"caption\":\"Bruna de Andrade Fran\u00e7a\"},\"description\":\"Bruna de Andrade Fran\u00e7a \u00e9 publicit\u00e1ria com p\u00f3s-gradua\u00e7\u00e3o em Marketing &amp; Growth, atuando h\u00e1 mais de 6 anos no universo dos concursos p\u00fablicos. Desde 2021, lidera no Blog do Estrat\u00e9gia Concursos a cobertura editorial especializada em Concursos Policiais (PF, PRF, PM, PC, etc.), al\u00e9m das frentes de concursos banc\u00e1rios, de sa\u00fade e da \u00e1rea legislativa. Especialista em reda\u00e7\u00e3o, com pr\u00e1ticas de SEO e Copywriting, possui tamb\u00e9m atua\u00e7\u00e3o pr\u00e1tica de contato direto com \u00f3rg\u00e3os p\u00fablicos respons\u00e1veis por editais, permitindo acesso antecipado a informa\u00e7\u00f5es, desdobramentos importantes e atualiza\u00e7\u00e3o eficiente dos concursos p\u00fablicos.\",\"url\":\"https:\/\/www.estrategiaconcursos.com.br\/blog\/author\/bruna-andrade\/\"}]}<\/script>\n<!-- \/ Yoast SEO Premium plugin. -->","yoast_head_json":{"title":"Concurso Sefaz PE: confira as possibilidades de recursos","description":"Confira as possibilidades de recursos contra o gabarito das provas do concurso p\u00fablico para a Sefaz PE. Acesse nosso site!","robots":{"index":"index","follow":"follow","max-snippet":"max-snippet:-1","max-image-preview":"max-image-preview:large","max-video-preview":"max-video-preview:-1"},"canonical":"https:\/\/www.estrategiaconcursos.com.br\/blog\/concurso-sefaz-pe-possibilidades-recursos\/","og_locale":"pt_BR","og_type":"article","og_title":"Concurso Sefaz PE: confira as possibilidades de recursos","og_description":"Confira as possibilidades de recursos contra o gabarito das provas do concurso p\u00fablico para a Sefaz PE. Acesse nosso site!","og_url":"https:\/\/www.estrategiaconcursos.com.br\/blog\/concurso-sefaz-pe-possibilidades-recursos\/","og_site_name":"Estrat\u00e9gia Concursos","article_published_time":"2022-12-14T15:47:41+00:00","article_modified_time":"2022-12-15T19:36:09+00:00","og_image":[{"width":768,"height":432,"url":"https:\/\/dhg1h5j42swfq.cloudfront.net\/2022\/10\/26143215\/sefaz_pe.jpg","type":"image\/jpeg"}],"author":"Bruna de Andrade Fran\u00e7a","twitter_card":"summary_large_image","twitter_creator":"@EstratConcursos","twitter_site":"@EstratConcursos","twitter_misc":{"Escrito por":"Bruna de Andrade Fran\u00e7a","Est. tempo de leitura":"5 minutos"},"schema":{"@context":"https:\/\/schema.org","@graph":[{"@type":"NewsArticle","@id":"https:\/\/www.estrategiaconcursos.com.br\/blog\/concurso-sefaz-pe-possibilidades-recursos\/#article","isPartOf":{"@id":"https:\/\/www.estrategiaconcursos.com.br\/blog\/concurso-sefaz-pe-possibilidades-recursos\/"},"author":{"name":"Bruna de Andrade Fran\u00e7a","@id":"https:\/\/www.estrategiaconcursos.com.br\/blog\/#\/schema\/person\/6630f91134abc08115cca62ce6372855"},"headline":"Concurso Sefaz PE: confira as possibilidades de recursos","datePublished":"2022-12-14T15:47:41+00:00","dateModified":"2022-12-15T19:36:09+00:00","mainEntityOfPage":{"@id":"https:\/\/www.estrategiaconcursos.com.br\/blog\/concurso-sefaz-pe-possibilidades-recursos\/"},"wordCount":990,"commentCount":0,"publisher":{"@id":"https:\/\/www.estrategiaconcursos.com.br\/blog\/#organization"},"image":{"@id":"https:\/\/www.estrategiaconcursos.com.br\/blog\/concurso-sefaz-pe-possibilidades-recursos\/#primaryimage"},"thumbnailUrl":"https:\/\/dhg1h5j42swfq.cloudfront.net\/2022\/10\/26143215\/sefaz_pe.jpg","articleSection":["Fiscal - Estadual (ICMS)","\u00daltimas not\u00edcias"],"inLanguage":"pt-BR","potentialAction":[{"@type":"CommentAction","name":"Comment","target":["https:\/\/www.estrategiaconcursos.com.br\/blog\/concurso-sefaz-pe-possibilidades-recursos\/#respond"]}],"copyrightYear":"2022","copyrightHolder":{"@id":"https:\/\/www.estrategiaconcursos.com.br\/blog\/#organization"}},{"@type":"WebPage","@id":"https:\/\/www.estrategiaconcursos.com.br\/blog\/concurso-sefaz-pe-possibilidades-recursos\/","url":"https:\/\/www.estrategiaconcursos.com.br\/blog\/concurso-sefaz-pe-possibilidades-recursos\/","name":"Concurso Sefaz PE: confira as possibilidades de recursos","isPartOf":{"@id":"https:\/\/www.estrategiaconcursos.com.br\/blog\/#website"},"primaryImageOfPage":{"@id":"https:\/\/www.estrategiaconcursos.com.br\/blog\/concurso-sefaz-pe-possibilidades-recursos\/#primaryimage"},"image":{"@id":"https:\/\/www.estrategiaconcursos.com.br\/blog\/concurso-sefaz-pe-possibilidades-recursos\/#primaryimage"},"thumbnailUrl":"https:\/\/dhg1h5j42swfq.cloudfront.net\/2022\/10\/26143215\/sefaz_pe.jpg","datePublished":"2022-12-14T15:47:41+00:00","dateModified":"2022-12-15T19:36:09+00:00","description":"Confira as possibilidades de recursos contra o gabarito das provas do concurso p\u00fablico para a Sefaz PE. Acesse nosso site!","breadcrumb":{"@id":"https:\/\/www.estrategiaconcursos.com.br\/blog\/concurso-sefaz-pe-possibilidades-recursos\/#breadcrumb"},"inLanguage":"pt-BR","potentialAction":[{"@type":"ReadAction","target":["https:\/\/www.estrategiaconcursos.com.br\/blog\/concurso-sefaz-pe-possibilidades-recursos\/"]}]},{"@type":"ImageObject","inLanguage":"pt-BR","@id":"https:\/\/www.estrategiaconcursos.com.br\/blog\/concurso-sefaz-pe-possibilidades-recursos\/#primaryimage","url":"https:\/\/dhg1h5j42swfq.cloudfront.net\/2022\/10\/26143215\/sefaz_pe.jpg","contentUrl":"https:\/\/dhg1h5j42swfq.cloudfront.net\/2022\/10\/26143215\/sefaz_pe.jpg","width":768,"height":432,"caption":"concurso Sefaz PE recursos abertos"},{"@type":"BreadcrumbList","@id":"https:\/\/www.estrategiaconcursos.com.br\/blog\/concurso-sefaz-pe-possibilidades-recursos\/#breadcrumb","itemListElement":[{"@type":"ListItem","position":1,"name":"In\u00edcio","item":"https:\/\/www.estrategiaconcursos.com.br\/blog\/"},{"@type":"ListItem","position":2,"name":"Concurso Sefaz PE: confira as possibilidades de recursos"}]},{"@type":"WebSite","@id":"https:\/\/www.estrategiaconcursos.com.br\/blog\/#website","url":"https:\/\/www.estrategiaconcursos.com.br\/blog\/","name":"Estrat\u00e9gia Concursos","description":"O blog da Estrat\u00e9gia Concursos traz not\u00edcias sobre concursos e artigos de professores oferecendo cursos para concursos (pdf + videaulas) no site.","publisher":{"@id":"https:\/\/www.estrategiaconcursos.com.br\/blog\/#organization"},"potentialAction":[{"@type":"SearchAction","target":{"@type":"EntryPoint","urlTemplate":"https:\/\/www.estrategiaconcursos.com.br\/blog\/?s={search_term_string}"},"query-input":{"@type":"PropertyValueSpecification","valueRequired":true,"valueName":"search_term_string"}}],"inLanguage":"pt-BR"},{"@type":"Organization","@id":"https:\/\/www.estrategiaconcursos.com.br\/blog\/#organization","name":"Estrat\u00e9gia Concursos","url":"https:\/\/www.estrategiaconcursos.com.br\/blog\/","logo":{"@type":"ImageObject","inLanguage":"pt-BR","@id":"https:\/\/www.estrategiaconcursos.com.br\/blog\/#\/schema\/logo\/image\/","url":"https:\/\/dhg1h5j42swfq.cloudfront.net\/2025\/06\/03203428\/logo_concursos-1.jpg","contentUrl":"https:\/\/dhg1h5j42swfq.cloudfront.net\/2025\/06\/03203428\/logo_concursos-1.jpg","width":230,"height":60,"caption":"Estrat\u00e9gia Concursos"},"image":{"@id":"https:\/\/www.estrategiaconcursos.com.br\/blog\/#\/schema\/logo\/image\/"},"sameAs":["https:\/\/x.com\/EstratConcursos"]},{"@type":"Person","@id":"https:\/\/www.estrategiaconcursos.com.br\/blog\/#\/schema\/person\/6630f91134abc08115cca62ce6372855","name":"Bruna de Andrade Fran\u00e7a","image":{"@type":"ImageObject","inLanguage":"pt-BR","@id":"https:\/\/secure.gravatar.com\/avatar\/d6316d36d50cea0fadae28ed3015b8870cc90a2d3d8a95c37b44006af36a00e3?s=96&d=mm&r=g","url":"https:\/\/secure.gravatar.com\/avatar\/d6316d36d50cea0fadae28ed3015b8870cc90a2d3d8a95c37b44006af36a00e3?s=96&d=mm&r=g","contentUrl":"https:\/\/secure.gravatar.com\/avatar\/d6316d36d50cea0fadae28ed3015b8870cc90a2d3d8a95c37b44006af36a00e3?s=96&d=mm&r=g","caption":"Bruna de Andrade Fran\u00e7a"},"description":"Bruna de Andrade Fran\u00e7a \u00e9 publicit\u00e1ria com p\u00f3s-gradua\u00e7\u00e3o em Marketing &amp; Growth, atuando h\u00e1 mais de 6 anos no universo dos concursos p\u00fablicos. Desde 2021, lidera no Blog do Estrat\u00e9gia Concursos a cobertura editorial especializada em Concursos Policiais (PF, PRF, PM, PC, etc.), al\u00e9m das frentes de concursos banc\u00e1rios, de sa\u00fade e da \u00e1rea legislativa. Especialista em reda\u00e7\u00e3o, com pr\u00e1ticas de SEO e Copywriting, possui tamb\u00e9m atua\u00e7\u00e3o pr\u00e1tica de contato direto com \u00f3rg\u00e3os p\u00fablicos respons\u00e1veis por editais, permitindo acesso antecipado a informa\u00e7\u00f5es, desdobramentos importantes e atualiza\u00e7\u00e3o eficiente dos concursos p\u00fablicos.","url":"https:\/\/www.estrategiaconcursos.com.br\/blog\/author\/bruna-andrade\/"}]}},"_links":{"self":[{"href":"https:\/\/www.estrategiaconcursos.com.br\/blog\/wp-json\/wp\/v2\/posts\/1138849","targetHints":{"allow":["GET"]}}],"collection":[{"href":"https:\/\/www.estrategiaconcursos.com.br\/blog\/wp-json\/wp\/v2\/posts"}],"about":[{"href":"https:\/\/www.estrategiaconcursos.com.br\/blog\/wp-json\/wp\/v2\/types\/post"}],"author":[{"embeddable":true,"href":"https:\/\/www.estrategiaconcursos.com.br\/blog\/wp-json\/wp\/v2\/users\/1206"}],"replies":[{"embeddable":true,"href":"https:\/\/www.estrategiaconcursos.com.br\/blog\/wp-json\/wp\/v2\/comments?post=1138849"}],"version-history":[{"count":5,"href":"https:\/\/www.estrategiaconcursos.com.br\/blog\/wp-json\/wp\/v2\/posts\/1138849\/revisions"}],"predecessor-version":[{"id":1139064,"href":"https:\/\/www.estrategiaconcursos.com.br\/blog\/wp-json\/wp\/v2\/posts\/1138849\/revisions\/1139064"}],"wp:featuredmedia":[{"embeddable":true,"href":"https:\/\/www.estrategiaconcursos.com.br\/blog\/wp-json\/wp\/v2\/media\/1115973"}],"wp:attachment":[{"href":"https:\/\/www.estrategiaconcursos.com.br\/blog\/wp-json\/wp\/v2\/media?parent=1138849"}],"wp:term":[{"taxonomy":"category","embeddable":true,"href":"https:\/\/www.estrategiaconcursos.com.br\/blog\/wp-json\/wp\/v2\/categories?post=1138849"},{"taxonomy":"post_tag","embeddable":true,"href":"https:\/\/www.estrategiaconcursos.com.br\/blog\/wp-json\/wp\/v2\/tags?post=1138849"},{"taxonomy":"tax_estado","embeddable":true,"href":"https:\/\/www.estrategiaconcursos.com.br\/blog\/wp-json\/wp\/v2\/tax_estado?post=1138849"}],"curies":[{"name":"wp","href":"https:\/\/api.w.org\/{rel}","templated":true}]}}