{"id":1138790,"date":"2022-12-14T12:24:21","date_gmt":"2022-12-14T15:24:21","guid":{"rendered":"https:\/\/www.estrategiaconcursos.com.br\/blog\/?p=1138790"},"modified":"2022-12-14T16:06:05","modified_gmt":"2022-12-14T19:06:05","slug":"concursos-2023-relatorio-final-ploa","status":"publish","type":"post","link":"https:\/\/www.estrategiaconcursos.com.br\/blog\/concursos-2023-relatorio-final-ploa\/","title":{"rendered":"Concursos 2023: relat\u00f3rio final do PLOA prev\u00ea mais de 58 mil vagas"},"content":{"rendered":"\n<p>O relat\u00f3rio final do <a href=\"https:\/\/dhg1h5j42swfq.cloudfront.net\/2022\/12\/14120928\/rel_final_v1-1.pdf\" target=\"_blank\" rel=\"noreferrer noopener\">projeto de Lei Or\u00e7ament\u00e1ria Anual<\/a> para <strong>2023<\/strong> foi entregue pelo senador Marcelo Castro na \u00faltima ter\u00e7a-feira, 13 de dezembro, com a previs\u00e3o de R$ 16,7 bilh\u00f5es para novos <strong>concursos p\u00fablicos<\/strong>.<\/p>\n\n\n\n<p>O valor se distribui entre as esferas da administra\u00e7\u00e3o p\u00fablica e prev\u00ea o preenchimento de <strong>58.627 vagas<\/strong>.<\/p>\n\n\n\n<p>O relator do texto solicitou, ainda, que o governo eleito contrate os aprovados em <strong>concursos p\u00fablicos <\/strong>j\u00e1 realizados, sendo:<\/p>\n\n\n\n<ul class=\"wp-block-list\"><li><strong>Concurso da Pol\u00edcia Federal;<\/strong><\/li><li><strong>Concurso Controladoria-Geral da Uni\u00e3o;<\/strong><\/li><li><strong>Concurso da Ag\u00eancia Brasileira de Intelig\u00eancia; e<\/strong><\/li><li><strong>Concursos das for\u00e7as de seguran\u00e7a do Distrito Federal<\/strong>.<\/li><\/ul>\n\n\n\n<p>Al\u00e9m disso, segundo o relat\u00f3rio final, os <strong>servidores do Executivo <\/strong>ter\u00e3o o mesmo reajuste do Poder Judici\u00e1rio, de 9%.<\/p>\n\n\n\n<h2 class=\"wp-block-heading\" id=\"h-concursos-2023-vagas-e-editais-previstos-no-ploa\">Concursos 2023: vagas e editais previstos no PLOA<\/h2>\n\n\n\n<p>Conforme o anexo V do projeto de Lei Or\u00e7ament\u00e1ria Anual, est\u00e3o previstas vagas para os seguintes \u00f3rg\u00e3os:<\/p>\n\n\n\n<ul class=\"wp-block-list\"><li><strong>Poder Legislativo<\/strong> <strong>&#8211; 520 vagas<\/strong><ul><li><strong>Senado:<\/strong> 230 vagas<\/li><li><strong>C\u00e2mara:<\/strong> 140 vagas<\/li><li><strong>TCU: <\/strong>150 vagas<\/li><\/ul><\/li><\/ul>\n\n\n\n<figure class=\"wp-block-image size-large\"><img loading=\"lazy\" decoding=\"async\" width=\"1024\" height=\"115\" src=\"https:\/\/dhg1h5j42swfq.cloudfront.net\/2022\/12\/14152557\/captura-de-tela-2022-12-14-as-15-25-36-1024x115.png\" alt=\"PLOA 2023 - VAGAS PREVISTAS\" class=\"wp-image-1139013\" srcset=\"https:\/\/dhg1h5j42swfq.cloudfront.net\/2022\/12\/14152557\/captura-de-tela-2022-12-14-as-15-25-36-1024x115.png 1024w, https:\/\/dhg1h5j42swfq.cloudfront.net\/2022\/12\/14152557\/captura-de-tela-2022-12-14-as-15-25-36-300x34.png 300w, https:\/\/dhg1h5j42swfq.cloudfront.net\/2022\/12\/14152557\/captura-de-tela-2022-12-14-as-15-25-36-768x86.png 768w, https:\/\/dhg1h5j42swfq.cloudfront.net\/2022\/12\/14152557\/captura-de-tela-2022-12-14-as-15-25-36-1536x172.png 1536w, https:\/\/dhg1h5j42swfq.cloudfront.net\/2022\/12\/14152557\/captura-de-tela-2022-12-14-as-15-25-36-2048x229.png 2048w, https:\/\/dhg1h5j42swfq.cloudfront.net\/2022\/12\/14152557\/captura-de-tela-2022-12-14-as-15-25-36-610x68.png 610w, https:\/\/dhg1h5j42swfq.cloudfront.net\/2022\/12\/14152557\/captura-de-tela-2022-12-14-as-15-25-36-150x17.png 150w\" sizes=\"auto, (max-width: 1024px) 100vw, 1024px\" \/><figcaption>PLOA 2023 &#8211; VAGAS PREVISTAS<\/figcaption><\/figure>\n\n\n\n<p>No executivo s\u00e3o previstas\u00a0<strong>50.175 vagas<\/strong>\u00a0assim distribu\u00eddas:<\/p>\n\n\n\n<figure class=\"wp-block-image size-large\"><img loading=\"lazy\" decoding=\"async\" width=\"1024\" height=\"521\" src=\"https:\/\/dhg1h5j42swfq.cloudfront.net\/2022\/12\/14154243\/captura-de-tela-2022-12-14-as-15-42-30-1024x521.png\" alt=\"\" class=\"wp-image-1139029\" srcset=\"https:\/\/dhg1h5j42swfq.cloudfront.net\/2022\/12\/14154243\/captura-de-tela-2022-12-14-as-15-42-30-1024x521.png 1024w, https:\/\/dhg1h5j42swfq.cloudfront.net\/2022\/12\/14154243\/captura-de-tela-2022-12-14-as-15-42-30-300x153.png 300w, https:\/\/dhg1h5j42swfq.cloudfront.net\/2022\/12\/14154243\/captura-de-tela-2022-12-14-as-15-42-30-768x391.png 768w, https:\/\/dhg1h5j42swfq.cloudfront.net\/2022\/12\/14154243\/captura-de-tela-2022-12-14-as-15-42-30-1536x781.png 1536w, https:\/\/dhg1h5j42swfq.cloudfront.net\/2022\/12\/14154243\/captura-de-tela-2022-12-14-as-15-42-30-2048x1042.png 2048w, https:\/\/dhg1h5j42swfq.cloudfront.net\/2022\/12\/14154243\/captura-de-tela-2022-12-14-as-15-42-30-610x310.png 610w, https:\/\/dhg1h5j42swfq.cloudfront.net\/2022\/12\/14154243\/captura-de-tela-2022-12-14-as-15-42-30-150x76.png 150w\" sizes=\"auto, (max-width: 1024px) 100vw, 1024px\" \/><figcaption>PLOA 2023 &#8211; VAGAS PREVISTAS<\/figcaption><\/figure>\n\n\n\n<ul class=\"wp-block-list\"><li><strong>Poder Judici\u00e1rio &#8211; 7.844 vagas<\/strong>, sendo:<\/li><\/ul>\n\n\n\n<ul class=\"wp-block-list\"><li>Supremo Tribunal Federal \u2013 3 vagas (todas para provimento);<\/li><li>Superior Tribunal de Justi\u00e7a \u2013 83 vagas (todas para provimento);<\/li><li>Justi\u00e7a Federal \u2013 1.475 vagas (625 para cria\u00e7\u00e3o e 850 para provimento);<\/li><li>Justi\u00e7a Militar da Uni\u00e3o \u2013 1.262 vagas (740 para cria\u00e7\u00e3o e 522 para provimento);<\/li><li>Justi\u00e7a Eleitoral \u2013 515 vagas (10 para cria\u00e7\u00e3o e 505 para provimento);<\/li><li>Justi\u00e7a do Trabalho \u2013 3.000 vagas (376 para cria\u00e7\u00e3o e 2.624 para provimento);<\/li><li>Justi\u00e7a do Distrito Federal e dos Territ\u00f3rios \u20131.355 vagas (484 para cria\u00e7\u00e3o e 871 para provimento);<\/li><li>Conselho Nacional de Justi\u00e7a \u2013 151 vagas (98 para cria\u00e7\u00e3o e 53 para provimento)<\/li><\/ul>\n\n\n\n<figure class=\"wp-block-image size-large\"><img loading=\"lazy\" decoding=\"async\" width=\"1024\" height=\"362\" src=\"https:\/\/dhg1h5j42swfq.cloudfront.net\/2022\/12\/14153525\/captura-de-tela-2022-12-14-as-15-34-35-1024x362.png\" alt=\"\" class=\"wp-image-1139020\" srcset=\"https:\/\/dhg1h5j42swfq.cloudfront.net\/2022\/12\/14153525\/captura-de-tela-2022-12-14-as-15-34-35-1024x362.png 1024w, https:\/\/dhg1h5j42swfq.cloudfront.net\/2022\/12\/14153525\/captura-de-tela-2022-12-14-as-15-34-35-300x106.png 300w, https:\/\/dhg1h5j42swfq.cloudfront.net\/2022\/12\/14153525\/captura-de-tela-2022-12-14-as-15-34-35-768x271.png 768w, https:\/\/dhg1h5j42swfq.cloudfront.net\/2022\/12\/14153525\/captura-de-tela-2022-12-14-as-15-34-35-1536x542.png 1536w, https:\/\/dhg1h5j42swfq.cloudfront.net\/2022\/12\/14153525\/captura-de-tela-2022-12-14-as-15-34-35-2048x723.png 2048w, https:\/\/dhg1h5j42swfq.cloudfront.net\/2022\/12\/14153525\/captura-de-tela-2022-12-14-as-15-34-35-610x215.png 610w, https:\/\/dhg1h5j42swfq.cloudfront.net\/2022\/12\/14153525\/captura-de-tela-2022-12-14-as-15-34-35-150x53.png 150w\" sizes=\"auto, (max-width: 1024px) 100vw, 1024px\" \/><figcaption>PLOA 2023 &#8211; VAGAS PREVISTAS<\/figcaption><\/figure>\n\n\n\n<p>Al\u00e9m disso, s\u00e3o previstas vagas para a, sendo <span style=\"color: initial;\">88 vagas, sendo 31 para provimento e 57 para cria\u00e7\u00e3o<\/span>:<\/p>\n\n\n\n<figure class=\"wp-block-image size-large\"><img loading=\"lazy\" decoding=\"async\" width=\"1024\" height=\"48\" src=\"https:\/\/dhg1h5j42swfq.cloudfront.net\/2022\/12\/14153657\/captura-de-tela-2022-12-14-as-15-36-32-1024x48.png\" alt=\"\" class=\"wp-image-1139024\" srcset=\"https:\/\/dhg1h5j42swfq.cloudfront.net\/2022\/12\/14153657\/captura-de-tela-2022-12-14-as-15-36-32-1024x48.png 1024w, https:\/\/dhg1h5j42swfq.cloudfront.net\/2022\/12\/14153657\/captura-de-tela-2022-12-14-as-15-36-32-300x14.png 300w, https:\/\/dhg1h5j42swfq.cloudfront.net\/2022\/12\/14153657\/captura-de-tela-2022-12-14-as-15-36-32-768x36.png 768w, https:\/\/dhg1h5j42swfq.cloudfront.net\/2022\/12\/14153657\/captura-de-tela-2022-12-14-as-15-36-32-1536x72.png 1536w, https:\/\/dhg1h5j42swfq.cloudfront.net\/2022\/12\/14153657\/captura-de-tela-2022-12-14-as-15-36-32-2048x96.png 2048w, https:\/\/dhg1h5j42swfq.cloudfront.net\/2022\/12\/14153657\/captura-de-tela-2022-12-14-as-15-36-32-610x29.png 610w, https:\/\/dhg1h5j42swfq.cloudfront.net\/2022\/12\/14153657\/captura-de-tela-2022-12-14-as-15-36-32-150x7.png 150w\" sizes=\"auto, (max-width: 1024px) 100vw, 1024px\" \/><figcaption>PLOA 2023 &#8211; VAGAS PREVISTAS<\/figcaption><\/figure>\n\n\n\n<p>Ainda segundo documento, <em>&#8220;para fins de reposi\u00e7\u00e3o, considera-se exclusivamente o preenchimento de cargos efetivos e cargos\/fun\u00e7\u00f5es comissionadas ocupadas em <strong>mar\u00e7o de 2022<\/strong>, cujas despesas compunham a base de proje\u00e7\u00e3o para defini\u00e7\u00e3o dos limites de &#8216;Pessoal e Encargos Sociais&#8217; para 2023 e que venham a vagar&nbsp;a posteriori&nbsp;, n\u00e3o gerando, impacto or\u00e7ament\u00e1rio. Neste contexto, excluem-se as vagas originadas de aposentadorias e falecimentos que acarretem pagamento de pens\u00f5es, por se tratarem de mera reclassifica\u00e7\u00e3o or\u00e7ament\u00e1ria, ou seja, n\u00e3o geram economia em termos de impactos or\u00e7ament\u00e1rios&#8221;.<\/em><\/p>\n\n\n\n<p>Agora o texto segue com as mudan\u00e7as para a&nbsp;Comiss\u00e3o Mista de Or\u00e7amento para que seja votado e, caso aprovadas, as medidas passar\u00e3o a ter validade.<\/p>\n\n\n\n<p>Confira na tabela abaixo as despesas por fun\u00e7\u00e3o previstos no PLOA apresentado em agosto de 2022 em compara\u00e7\u00e3o com o relat\u00f3rio final apresentado no dia 13 de dezembro:<\/p>\n\n\n\n<figure class=\"wp-block-table is-style-regular\"><table class=\"has-black-color has-white-background-color has-text-color has-background\"><thead><tr><th><strong>Fun\u00e7\u00e3o<\/strong><\/th><th>PLOA 2023 (R$)<\/th><th>RELAT\u00d3RIO (R$)<\/th><th><strong>VARIA\u00c7\u00c3O (%)<\/strong><\/th><\/tr><tr><td>Legislativa<\/td><td>10,5 bi<\/td><td>10 bi<\/td><td>-4,06<\/td><\/tr><tr><td>Judici\u00e1ria<\/td><td>45,2 bi<\/td><td>45,2 bi<\/td><td>-0,03<\/td><\/tr><tr><td>Essencial \u00e0 Justi\u00e7a<\/td><td>9,5 bi<\/td><td>9,4 bi<\/td><td>-1,05<\/td><\/tr><tr><td>Administra\u00e7\u00e3o<\/td><td>26,9 bi<\/td><td>28,3 bi<\/td><td>5,22<\/td><\/tr><tr><td>Defesa<\/td><td>87,9 bi<\/td><td>89,7 bi<\/td><td>2,03<\/td><\/tr><tr><td>Seguran\u00e7a p\u00fablica<\/td><td>13,5 bi<\/td><td>14,8 bi<\/td><td>9,71<\/td><\/tr><tr><td>Rela\u00e7\u00f5es exteriores<\/td><td>4,4 bi<\/td><td>4,3 bi<\/td><td>-1,24<\/td><\/tr><tr><td>Assist\u00eancia social<\/td><td>193,7 bi<\/td><td>271,5 bi<\/td><td>40,15<\/td><\/tr><tr><td>Previd\u00eancia social<\/td><td>956,7 bi<\/td><td>961,4 bi<\/td><td>0,49<\/td><\/tr><tr><td>Sa\u00fade<\/td><td>131,6 bi<\/td><td>174,6 bi<\/td><td>32,7<\/td><\/tr><tr><td>Trabalho<\/td><td>94,7 bi<\/td><td>96,1 bi<\/td><td>1,49<\/td><\/tr><tr><td>Educa\u00e7\u00e3o<\/td><td>130,5 bi<\/td><td>143 bi<\/td><td>9,54<\/td><\/tr><tr><td>Cultura<\/td><td>1,1 bi<\/td><td>5,7 bi<\/td><td>409,44<\/td><\/tr><tr><td>Direitos da cidadania<\/td><td>955 mi<\/td><td>1,4 bi<\/td><td>50<\/td><\/tr><tr><td>Urbanismo<\/td><td>1,2 bi<\/td><td>9 bi<\/td><td>611,95<\/td><\/tr><tr><td>Habita\u00e7\u00e3o<\/td><td>0,9 mi<\/td><td>265,8 mi<\/td><td>29.433,33<\/td><\/tr><tr><td>Saneamento<\/td><td>19,6 mi<\/td><td>1,1 bi<\/td><td>5.731,63<\/td><\/tr><tr><td>Gest\u00e3o ambiental<\/td><td>3,7 bi<\/td><td>6,3 bi<\/td><td>69<\/td><\/tr><tr><td>Ci\u00eancia&nbsp; e tecnologia<\/td><td>9, 5 bi<\/td><td>14,5 bi<\/td><td>53<\/td><\/tr><tr><td>Agricultura<\/td><td>28,9&nbsp; bi<\/td><td>37,1 bi<\/td><td>29<\/td><\/tr><tr><td>Organiza\u00e7\u00e3o agr\u00e1ria<\/td><td>1,6 bi<\/td><td>1,8 bi<\/td><td>10<\/td><\/tr><tr><td>Ind\u00fastria<\/td><td>1,8 bi&nbsp;<\/td><td>2,1 bi<\/td><td>14<\/td><\/tr><tr><td>Com\u00e9rcio e servi\u00e7os<\/td><td>4 bi<\/td><td>4,6 bi<\/td><td>17<\/td><\/tr><tr><td>Comunica\u00e7\u00f5es<\/td><td>3,3 bi<\/td><td>3,4 bi<\/td><td>5<\/td><\/tr><tr><td>Energia<\/td><td>1,4 bi<\/td><td>1,4 bi<\/td><td>0<\/td><\/tr><tr><td>Transporte<\/td><td>13,6 bi<\/td><td>26,2bi<\/td><td>92<\/td><\/tr><tr><td>Desporto e lazer<\/td><td>194 mi<\/td><td>1,9 bi<\/td><td>925<\/td><\/tr><tr><td>D\u00edvida&nbsp; p\u00fablica<\/td><td>3,15 tri<\/td><td>3,16 tri<\/td><td>0<\/td><\/tr><tr><td>Reserva<\/td><td>103,9 bi<\/td><td>69,4 bi<\/td><td>-33<\/td><\/tr><\/thead><\/table><figcaption>Fonte: Relat\u00f3rio final Or\u00e7amento 2023<\/figcaption><\/figure>\n\n\n\n<p>Com um prazo consider\u00e1vel at\u00e9 a publica\u00e7\u00e3o dos editais, os&nbsp;<strong>concursos 2023<\/strong>&nbsp;s\u00e3o uma excelente oportunidade para quem deseja garantir a aprova\u00e7\u00e3o.<\/p>\n\n\n\n<p>No artigo abaixo voc\u00ea poder\u00e1 conferir todas as&nbsp;<strong>vagas e editais de concurso p\u00fablico previstos<\/strong>&nbsp;e garantir a sua vaga por meio de uma prepara\u00e7\u00e3o antecipada e assertiva!<\/p>\n\n\n\n<p>N\u00e3o esque\u00e7a, al\u00e9m do prazo de estudos \u00e9 importante estar atento ao material e, por isso, o Estrat\u00e9gia Concursos preparou uma excelente ferramenta para a sua aprova\u00e7\u00e3o, veja:<\/p>\n\n\n\n<p class=\"has-text-align-center has-background has-medium-font-size\" style=\"background-color:#8dd2fcad\"><strong>Saiba mais: <a href=\"https:\/\/www.estrategiaconcursos.com.br\/blog\/concursos-2023\/\" target=\"_blank\" rel=\"noreferrer noopener\">Concursos 2023<\/a><\/strong><\/p>\n\n\n\n<h2 class=\"has-text-align-center wp-embed-aspect-16-9 wp-has-aspect-ratio wp-block-heading\" id=\"cursos-e-assinaturas-trt-pi\">Quer saber tudo sobre concursos previstos?<br \/>Confira nossos artigos!<\/h2>\n\n\n\n<ul type=\"video\" class=\"wp-embed-aspect-16-9 wp-has-aspect-ratio wp-block-list\"><li><a href=\"https:\/\/www.estrategiaconcursos.com.br\/blog\/concursos-abertos\/\" target=\"_blank\" rel=\"noreferrer noopener\">Concursos abertos<\/a><\/li><li><a href=\"https:\/\/www.estrategiaconcursos.com.br\/blog\/concursos-2023\/\" target=\"_blank\" rel=\"noreferrer noopener\">Concursos 2023<\/a><\/li><li><a href=\"https:\/\/www.estrategiaconcursos.com.br\/blog\/concursos-2022\/\" target=\"_blank\" rel=\"noreferrer noopener\">Concursos 2022<\/a><\/li><\/ul>\n\n\n\n<div class=\"container\" id=\"boxes\">\n  <div class=\"row\">\n\n    <div class=\"col-sm\">\n      <div class=\"estrategia\" id=\"box-assinatura\">\n        <h3 class=\"titulo-assinatura\">Assinatura de Concursos<\/h3>\n        <p class=\"subtitulo-assinatura\">Assinatura de 1 ano ou 2 anos<\/p>\n        <div class=\"box-botao\">\n          <a class=\"btn-assinatura\" target=\"_blank\" href=\"https:\/\/www.estrategiaconcursos.com.br\/assinaturas\/\" role=\"button\" rel=\"noopener noreferrer\">ASSINE AGORA<\/a>\n        <\/div>\n      <\/div>\n     \n    <\/div><\/div><\/div>\n","protected":false},"excerpt":{"rendered":"<p>O relat\u00f3rio final do projeto de Lei Or\u00e7ament\u00e1ria Anual para 2023 foi entregue pelo senador Marcelo Castro na \u00faltima ter\u00e7a-feira, 13 de dezembro, com a previs\u00e3o de R$ 16,7 bilh\u00f5es para novos concursos p\u00fablicos. O valor se distribui entre as esferas da administra\u00e7\u00e3o p\u00fablica e prev\u00ea o preenchimento de 58.627 vagas. O relator do texto [&hellip;]<\/p>\n","protected":false},"author":2319,"featured_media":1070850,"comment_status":"open","ping_status":"closed","sticky":false,"template":"","format":"standard","meta":{"post_tipo":"news","footnotes":""},"categories":[1,220219],"tags":[],"tax_estado":[219964,219965,219966,219967,219968,219969,219963,219970,219971,219972,219973,219974,219975,219976,219977,219978,219979,219980,219981,219982,219983,219984,219985,219986,219987,219988,219989,219990],"class_list":["post-1138790","post","type-post","status-publish","format-standard","has-post-thumbnail","hentry","category-cursos-e-concursos","category-noticias","tax_estado-ac","tax_estado-al","tax_estado-am","tax_estado-ap","tax_estado-ba","tax_estado-ce","tax_estado-concursos-federais","tax_estado-df","tax_estado-es","tax_estado-go","tax_estado-ma","tax_estado-mg","tax_estado-ms","tax_estado-mt","tax_estado-pa","tax_estado-pb","tax_estado-pe","tax_estado-pi","tax_estado-pr","tax_estado-rj","tax_estado-rn","tax_estado-ro","tax_estado-rr","tax_estado-rs","tax_estado-sc","tax_estado-se","tax_estado-sp","tax_estado-to"],"acf":[],"yoast_head":"<!-- This site is optimized with the Yoast SEO Premium plugin v27.2 (Yoast SEO v27.2) - https:\/\/yoast.com\/product\/yoast-seo-premium-wordpress\/ -->\n<title>Concursos 2023: relat\u00f3rio final do PLOA prev\u00ea mais de 58 mil vagas<\/title>\n<meta name=\"description\" content=\"Concursos 2023: relat\u00f3rio final do PLOA prev\u00ea mais de 16 bilh\u00f5es para realiza\u00e7\u00e3o de novos concursos e reajuste do sal\u00e1rio m\u00ednimo\" \/>\n<meta name=\"robots\" content=\"index, follow, max-snippet:-1, max-image-preview:large, max-video-preview:-1\" \/>\n<link rel=\"canonical\" href=\"https:\/\/www.estrategiaconcursos.com.br\/blog\/concursos-2023-relatorio-final-ploa\/\" \/>\n<meta property=\"og:locale\" content=\"pt_BR\" \/>\n<meta property=\"og:type\" content=\"article\" \/>\n<meta property=\"og:title\" content=\"Concursos 2023: relat\u00f3rio final do PLOA prev\u00ea mais de 58 mil vagas\" \/>\n<meta property=\"og:description\" content=\"Concursos 2023: relat\u00f3rio final do PLOA prev\u00ea mais de 16 bilh\u00f5es para realiza\u00e7\u00e3o de novos concursos e reajuste do sal\u00e1rio m\u00ednimo\" \/>\n<meta property=\"og:url\" content=\"https:\/\/www.estrategiaconcursos.com.br\/blog\/concursos-2023-relatorio-final-ploa\/\" \/>\n<meta property=\"og:site_name\" content=\"Estrat\u00e9gia Concursos\" \/>\n<meta property=\"article:published_time\" content=\"2022-12-14T15:24:21+00:00\" \/>\n<meta property=\"article:modified_time\" content=\"2022-12-14T19:06:05+00:00\" \/>\n<meta property=\"og:image\" content=\"https:\/\/dhg1h5j42swfq.cloudfront.net\/2022\/08\/02212157\/concursos-previstos-agosto-senado-federal.jpg\" \/>\n\t<meta property=\"og:image:width\" content=\"840\" \/>\n\t<meta property=\"og:image:height\" content=\"500\" \/>\n\t<meta property=\"og:image:type\" content=\"image\/jpeg\" \/>\n<meta name=\"author\" content=\"Let\u00edcia Teixeira\" \/>\n<meta name=\"twitter:card\" content=\"summary_large_image\" \/>\n<meta name=\"twitter:creator\" content=\"@EstratConcursos\" \/>\n<meta name=\"twitter:site\" content=\"@EstratConcursos\" \/>\n<meta name=\"twitter:label1\" content=\"Escrito por\" \/>\n\t<meta name=\"twitter:data1\" content=\"Let\u00edcia Teixeira\" \/>\n\t<meta name=\"twitter:label2\" content=\"Est. tempo de leitura\" \/>\n\t<meta name=\"twitter:data2\" content=\"4 minutos\" \/>\n<script type=\"application\/ld+json\" class=\"yoast-schema-graph\">{\"@context\":\"https:\/\/schema.org\",\"@graph\":[{\"@type\":\"NewsArticle\",\"@id\":\"https:\/\/www.estrategiaconcursos.com.br\/blog\/concursos-2023-relatorio-final-ploa\/#article\",\"isPartOf\":{\"@id\":\"https:\/\/www.estrategiaconcursos.com.br\/blog\/concursos-2023-relatorio-final-ploa\/\"},\"author\":{\"name\":\"Let\u00edcia Teixeira\",\"@id\":\"https:\/\/www.estrategiaconcursos.com.br\/blog\/#\/schema\/person\/9b94727dcf4410f4a7931c83966c843b\"},\"headline\":\"Concursos 2023: relat\u00f3rio final do PLOA prev\u00ea mais de 58 mil vagas\",\"datePublished\":\"2022-12-14T15:24:21+00:00\",\"dateModified\":\"2022-12-14T19:06:05+00:00\",\"mainEntityOfPage\":{\"@id\":\"https:\/\/www.estrategiaconcursos.com.br\/blog\/concursos-2023-relatorio-final-ploa\/\"},\"wordCount\":738,\"commentCount\":0,\"publisher\":{\"@id\":\"https:\/\/www.estrategiaconcursos.com.br\/blog\/#organization\"},\"image\":{\"@id\":\"https:\/\/www.estrategiaconcursos.com.br\/blog\/concursos-2023-relatorio-final-ploa\/#primaryimage\"},\"thumbnailUrl\":\"https:\/\/dhg1h5j42swfq.cloudfront.net\/2022\/08\/02212157\/concursos-previstos-agosto-senado-federal.jpg\",\"articleSection\":[\"Concursos P\u00fablicos\",\"\u00daltimas not\u00edcias\"],\"inLanguage\":\"pt-BR\",\"potentialAction\":[{\"@type\":\"CommentAction\",\"name\":\"Comment\",\"target\":[\"https:\/\/www.estrategiaconcursos.com.br\/blog\/concursos-2023-relatorio-final-ploa\/#respond\"]}],\"copyrightYear\":\"2022\",\"copyrightHolder\":{\"@id\":\"https:\/\/www.estrategiaconcursos.com.br\/blog\/#organization\"}},{\"@type\":\"WebPage\",\"@id\":\"https:\/\/www.estrategiaconcursos.com.br\/blog\/concursos-2023-relatorio-final-ploa\/\",\"url\":\"https:\/\/www.estrategiaconcursos.com.br\/blog\/concursos-2023-relatorio-final-ploa\/\",\"name\":\"Concursos 2023: relat\u00f3rio final do PLOA prev\u00ea mais de 58 mil vagas\",\"isPartOf\":{\"@id\":\"https:\/\/www.estrategiaconcursos.com.br\/blog\/#website\"},\"primaryImageOfPage\":{\"@id\":\"https:\/\/www.estrategiaconcursos.com.br\/blog\/concursos-2023-relatorio-final-ploa\/#primaryimage\"},\"image\":{\"@id\":\"https:\/\/www.estrategiaconcursos.com.br\/blog\/concursos-2023-relatorio-final-ploa\/#primaryimage\"},\"thumbnailUrl\":\"https:\/\/dhg1h5j42swfq.cloudfront.net\/2022\/08\/02212157\/concursos-previstos-agosto-senado-federal.jpg\",\"datePublished\":\"2022-12-14T15:24:21+00:00\",\"dateModified\":\"2022-12-14T19:06:05+00:00\",\"description\":\"Concursos 2023: relat\u00f3rio final do PLOA prev\u00ea mais de 16 bilh\u00f5es para realiza\u00e7\u00e3o de novos concursos e reajuste do sal\u00e1rio m\u00ednimo\",\"breadcrumb\":{\"@id\":\"https:\/\/www.estrategiaconcursos.com.br\/blog\/concursos-2023-relatorio-final-ploa\/#breadcrumb\"},\"inLanguage\":\"pt-BR\",\"potentialAction\":[{\"@type\":\"ReadAction\",\"target\":[\"https:\/\/www.estrategiaconcursos.com.br\/blog\/concursos-2023-relatorio-final-ploa\/\"]}]},{\"@type\":\"ImageObject\",\"inLanguage\":\"pt-BR\",\"@id\":\"https:\/\/www.estrategiaconcursos.com.br\/blog\/concursos-2023-relatorio-final-ploa\/#primaryimage\",\"url\":\"https:\/\/dhg1h5j42swfq.cloudfront.net\/2022\/08\/02212157\/concursos-previstos-agosto-senado-federal.jpg\",\"contentUrl\":\"https:\/\/dhg1h5j42swfq.cloudfront.net\/2022\/08\/02212157\/concursos-previstos-agosto-senado-federal.jpg\",\"width\":840,\"height\":500,\"caption\":\"Regimento Interno do Senado Federal\"},{\"@type\":\"BreadcrumbList\",\"@id\":\"https:\/\/www.estrategiaconcursos.com.br\/blog\/concursos-2023-relatorio-final-ploa\/#breadcrumb\",\"itemListElement\":[{\"@type\":\"ListItem\",\"position\":1,\"name\":\"In\u00edcio\",\"item\":\"https:\/\/www.estrategiaconcursos.com.br\/blog\/\"},{\"@type\":\"ListItem\",\"position\":2,\"name\":\"Concursos 2023: relat\u00f3rio final do PLOA prev\u00ea mais de 58 mil vagas\"}]},{\"@type\":\"WebSite\",\"@id\":\"https:\/\/www.estrategiaconcursos.com.br\/blog\/#website\",\"url\":\"https:\/\/www.estrategiaconcursos.com.br\/blog\/\",\"name\":\"Estrat\u00e9gia Concursos\",\"description\":\"O blog da Estrat\u00e9gia Concursos traz not\u00edcias sobre concursos e artigos de professores oferecendo cursos para concursos (pdf + videaulas) no site.\",\"publisher\":{\"@id\":\"https:\/\/www.estrategiaconcursos.com.br\/blog\/#organization\"},\"potentialAction\":[{\"@type\":\"SearchAction\",\"target\":{\"@type\":\"EntryPoint\",\"urlTemplate\":\"https:\/\/www.estrategiaconcursos.com.br\/blog\/?s={search_term_string}\"},\"query-input\":{\"@type\":\"PropertyValueSpecification\",\"valueRequired\":true,\"valueName\":\"search_term_string\"}}],\"inLanguage\":\"pt-BR\"},{\"@type\":\"Organization\",\"@id\":\"https:\/\/www.estrategiaconcursos.com.br\/blog\/#organization\",\"name\":\"Estrat\u00e9gia Concursos\",\"url\":\"https:\/\/www.estrategiaconcursos.com.br\/blog\/\",\"logo\":{\"@type\":\"ImageObject\",\"inLanguage\":\"pt-BR\",\"@id\":\"https:\/\/www.estrategiaconcursos.com.br\/blog\/#\/schema\/logo\/image\/\",\"url\":\"https:\/\/dhg1h5j42swfq.cloudfront.net\/2025\/06\/03203428\/logo_concursos-1.jpg\",\"contentUrl\":\"https:\/\/dhg1h5j42swfq.cloudfront.net\/2025\/06\/03203428\/logo_concursos-1.jpg\",\"width\":230,\"height\":60,\"caption\":\"Estrat\u00e9gia Concursos\"},\"image\":{\"@id\":\"https:\/\/www.estrategiaconcursos.com.br\/blog\/#\/schema\/logo\/image\/\"},\"sameAs\":[\"https:\/\/x.com\/EstratConcursos\"]},{\"@type\":\"Person\",\"@id\":\"https:\/\/www.estrategiaconcursos.com.br\/blog\/#\/schema\/person\/9b94727dcf4410f4a7931c83966c843b\",\"name\":\"Let\u00edcia Teixeira\",\"image\":{\"@type\":\"ImageObject\",\"inLanguage\":\"pt-BR\",\"@id\":\"https:\/\/secure.gravatar.com\/avatar\/fb589b06b881e20b676d08f9d03226d1e3291ba2f90e751ddc9ccb21abf0244d?s=96&d=mm&r=g\",\"url\":\"https:\/\/secure.gravatar.com\/avatar\/fb589b06b881e20b676d08f9d03226d1e3291ba2f90e751ddc9ccb21abf0244d?s=96&d=mm&r=g\",\"contentUrl\":\"https:\/\/secure.gravatar.com\/avatar\/fb589b06b881e20b676d08f9d03226d1e3291ba2f90e751ddc9ccb21abf0244d?s=96&d=mm&r=g\",\"caption\":\"Let\u00edcia Teixeira\"},\"description\":\"Jornalista com experi\u00eancia de mais de quatro anos no segmento de concursos p\u00fablicos. Especializada em Narrativa Transm\u00eddia e Storytelling pela Universidade Cat\u00f3lica de Bras\u00edlia, com atua\u00e7\u00e3o nas \u00e1reas de SEO, conte\u00fado, Webwriting e Copywriting.\",\"url\":\"https:\/\/www.estrategiaconcursos.com.br\/blog\/author\/leticia-teixeiraestrategia-com\/\"}]}<\/script>\n<!-- \/ Yoast SEO Premium plugin. -->","yoast_head_json":{"title":"Concursos 2023: relat\u00f3rio final do PLOA prev\u00ea mais de 58 mil vagas","description":"Concursos 2023: relat\u00f3rio final do PLOA prev\u00ea mais de 16 bilh\u00f5es para realiza\u00e7\u00e3o de novos concursos e reajuste do sal\u00e1rio m\u00ednimo","robots":{"index":"index","follow":"follow","max-snippet":"max-snippet:-1","max-image-preview":"max-image-preview:large","max-video-preview":"max-video-preview:-1"},"canonical":"https:\/\/www.estrategiaconcursos.com.br\/blog\/concursos-2023-relatorio-final-ploa\/","og_locale":"pt_BR","og_type":"article","og_title":"Concursos 2023: relat\u00f3rio final do PLOA prev\u00ea mais de 58 mil vagas","og_description":"Concursos 2023: relat\u00f3rio final do PLOA prev\u00ea mais de 16 bilh\u00f5es para realiza\u00e7\u00e3o de novos concursos e reajuste do sal\u00e1rio m\u00ednimo","og_url":"https:\/\/www.estrategiaconcursos.com.br\/blog\/concursos-2023-relatorio-final-ploa\/","og_site_name":"Estrat\u00e9gia Concursos","article_published_time":"2022-12-14T15:24:21+00:00","article_modified_time":"2022-12-14T19:06:05+00:00","og_image":[{"width":840,"height":500,"url":"https:\/\/dhg1h5j42swfq.cloudfront.net\/2022\/08\/02212157\/concursos-previstos-agosto-senado-federal.jpg","type":"image\/jpeg"}],"author":"Let\u00edcia Teixeira","twitter_card":"summary_large_image","twitter_creator":"@EstratConcursos","twitter_site":"@EstratConcursos","twitter_misc":{"Escrito por":"Let\u00edcia Teixeira","Est. tempo de leitura":"4 minutos"},"schema":{"@context":"https:\/\/schema.org","@graph":[{"@type":"NewsArticle","@id":"https:\/\/www.estrategiaconcursos.com.br\/blog\/concursos-2023-relatorio-final-ploa\/#article","isPartOf":{"@id":"https:\/\/www.estrategiaconcursos.com.br\/blog\/concursos-2023-relatorio-final-ploa\/"},"author":{"name":"Let\u00edcia Teixeira","@id":"https:\/\/www.estrategiaconcursos.com.br\/blog\/#\/schema\/person\/9b94727dcf4410f4a7931c83966c843b"},"headline":"Concursos 2023: relat\u00f3rio final do PLOA prev\u00ea mais de 58 mil vagas","datePublished":"2022-12-14T15:24:21+00:00","dateModified":"2022-12-14T19:06:05+00:00","mainEntityOfPage":{"@id":"https:\/\/www.estrategiaconcursos.com.br\/blog\/concursos-2023-relatorio-final-ploa\/"},"wordCount":738,"commentCount":0,"publisher":{"@id":"https:\/\/www.estrategiaconcursos.com.br\/blog\/#organization"},"image":{"@id":"https:\/\/www.estrategiaconcursos.com.br\/blog\/concursos-2023-relatorio-final-ploa\/#primaryimage"},"thumbnailUrl":"https:\/\/dhg1h5j42swfq.cloudfront.net\/2022\/08\/02212157\/concursos-previstos-agosto-senado-federal.jpg","articleSection":["Concursos P\u00fablicos","\u00daltimas not\u00edcias"],"inLanguage":"pt-BR","potentialAction":[{"@type":"CommentAction","name":"Comment","target":["https:\/\/www.estrategiaconcursos.com.br\/blog\/concursos-2023-relatorio-final-ploa\/#respond"]}],"copyrightYear":"2022","copyrightHolder":{"@id":"https:\/\/www.estrategiaconcursos.com.br\/blog\/#organization"}},{"@type":"WebPage","@id":"https:\/\/www.estrategiaconcursos.com.br\/blog\/concursos-2023-relatorio-final-ploa\/","url":"https:\/\/www.estrategiaconcursos.com.br\/blog\/concursos-2023-relatorio-final-ploa\/","name":"Concursos 2023: relat\u00f3rio final do PLOA prev\u00ea mais de 58 mil vagas","isPartOf":{"@id":"https:\/\/www.estrategiaconcursos.com.br\/blog\/#website"},"primaryImageOfPage":{"@id":"https:\/\/www.estrategiaconcursos.com.br\/blog\/concursos-2023-relatorio-final-ploa\/#primaryimage"},"image":{"@id":"https:\/\/www.estrategiaconcursos.com.br\/blog\/concursos-2023-relatorio-final-ploa\/#primaryimage"},"thumbnailUrl":"https:\/\/dhg1h5j42swfq.cloudfront.net\/2022\/08\/02212157\/concursos-previstos-agosto-senado-federal.jpg","datePublished":"2022-12-14T15:24:21+00:00","dateModified":"2022-12-14T19:06:05+00:00","description":"Concursos 2023: relat\u00f3rio final do PLOA prev\u00ea mais de 16 bilh\u00f5es para realiza\u00e7\u00e3o de novos concursos e reajuste do sal\u00e1rio m\u00ednimo","breadcrumb":{"@id":"https:\/\/www.estrategiaconcursos.com.br\/blog\/concursos-2023-relatorio-final-ploa\/#breadcrumb"},"inLanguage":"pt-BR","potentialAction":[{"@type":"ReadAction","target":["https:\/\/www.estrategiaconcursos.com.br\/blog\/concursos-2023-relatorio-final-ploa\/"]}]},{"@type":"ImageObject","inLanguage":"pt-BR","@id":"https:\/\/www.estrategiaconcursos.com.br\/blog\/concursos-2023-relatorio-final-ploa\/#primaryimage","url":"https:\/\/dhg1h5j42swfq.cloudfront.net\/2022\/08\/02212157\/concursos-previstos-agosto-senado-federal.jpg","contentUrl":"https:\/\/dhg1h5j42swfq.cloudfront.net\/2022\/08\/02212157\/concursos-previstos-agosto-senado-federal.jpg","width":840,"height":500,"caption":"Regimento Interno do Senado Federal"},{"@type":"BreadcrumbList","@id":"https:\/\/www.estrategiaconcursos.com.br\/blog\/concursos-2023-relatorio-final-ploa\/#breadcrumb","itemListElement":[{"@type":"ListItem","position":1,"name":"In\u00edcio","item":"https:\/\/www.estrategiaconcursos.com.br\/blog\/"},{"@type":"ListItem","position":2,"name":"Concursos 2023: relat\u00f3rio final do PLOA prev\u00ea mais de 58 mil vagas"}]},{"@type":"WebSite","@id":"https:\/\/www.estrategiaconcursos.com.br\/blog\/#website","url":"https:\/\/www.estrategiaconcursos.com.br\/blog\/","name":"Estrat\u00e9gia Concursos","description":"O blog da Estrat\u00e9gia Concursos traz not\u00edcias sobre concursos e artigos de professores oferecendo cursos para concursos (pdf + videaulas) no site.","publisher":{"@id":"https:\/\/www.estrategiaconcursos.com.br\/blog\/#organization"},"potentialAction":[{"@type":"SearchAction","target":{"@type":"EntryPoint","urlTemplate":"https:\/\/www.estrategiaconcursos.com.br\/blog\/?s={search_term_string}"},"query-input":{"@type":"PropertyValueSpecification","valueRequired":true,"valueName":"search_term_string"}}],"inLanguage":"pt-BR"},{"@type":"Organization","@id":"https:\/\/www.estrategiaconcursos.com.br\/blog\/#organization","name":"Estrat\u00e9gia Concursos","url":"https:\/\/www.estrategiaconcursos.com.br\/blog\/","logo":{"@type":"ImageObject","inLanguage":"pt-BR","@id":"https:\/\/www.estrategiaconcursos.com.br\/blog\/#\/schema\/logo\/image\/","url":"https:\/\/dhg1h5j42swfq.cloudfront.net\/2025\/06\/03203428\/logo_concursos-1.jpg","contentUrl":"https:\/\/dhg1h5j42swfq.cloudfront.net\/2025\/06\/03203428\/logo_concursos-1.jpg","width":230,"height":60,"caption":"Estrat\u00e9gia Concursos"},"image":{"@id":"https:\/\/www.estrategiaconcursos.com.br\/blog\/#\/schema\/logo\/image\/"},"sameAs":["https:\/\/x.com\/EstratConcursos"]},{"@type":"Person","@id":"https:\/\/www.estrategiaconcursos.com.br\/blog\/#\/schema\/person\/9b94727dcf4410f4a7931c83966c843b","name":"Let\u00edcia Teixeira","image":{"@type":"ImageObject","inLanguage":"pt-BR","@id":"https:\/\/secure.gravatar.com\/avatar\/fb589b06b881e20b676d08f9d03226d1e3291ba2f90e751ddc9ccb21abf0244d?s=96&d=mm&r=g","url":"https:\/\/secure.gravatar.com\/avatar\/fb589b06b881e20b676d08f9d03226d1e3291ba2f90e751ddc9ccb21abf0244d?s=96&d=mm&r=g","contentUrl":"https:\/\/secure.gravatar.com\/avatar\/fb589b06b881e20b676d08f9d03226d1e3291ba2f90e751ddc9ccb21abf0244d?s=96&d=mm&r=g","caption":"Let\u00edcia Teixeira"},"description":"Jornalista com experi\u00eancia de mais de quatro anos no segmento de concursos p\u00fablicos. Especializada em Narrativa Transm\u00eddia e Storytelling pela Universidade Cat\u00f3lica de Bras\u00edlia, com atua\u00e7\u00e3o nas \u00e1reas de SEO, conte\u00fado, Webwriting e Copywriting.","url":"https:\/\/www.estrategiaconcursos.com.br\/blog\/author\/leticia-teixeiraestrategia-com\/"}]}},"_links":{"self":[{"href":"https:\/\/www.estrategiaconcursos.com.br\/blog\/wp-json\/wp\/v2\/posts\/1138790","targetHints":{"allow":["GET"]}}],"collection":[{"href":"https:\/\/www.estrategiaconcursos.com.br\/blog\/wp-json\/wp\/v2\/posts"}],"about":[{"href":"https:\/\/www.estrategiaconcursos.com.br\/blog\/wp-json\/wp\/v2\/types\/post"}],"author":[{"embeddable":true,"href":"https:\/\/www.estrategiaconcursos.com.br\/blog\/wp-json\/wp\/v2\/users\/2319"}],"replies":[{"embeddable":true,"href":"https:\/\/www.estrategiaconcursos.com.br\/blog\/wp-json\/wp\/v2\/comments?post=1138790"}],"version-history":[{"count":9,"href":"https:\/\/www.estrategiaconcursos.com.br\/blog\/wp-json\/wp\/v2\/posts\/1138790\/revisions"}],"predecessor-version":[{"id":1139048,"href":"https:\/\/www.estrategiaconcursos.com.br\/blog\/wp-json\/wp\/v2\/posts\/1138790\/revisions\/1139048"}],"wp:featuredmedia":[{"embeddable":true,"href":"https:\/\/www.estrategiaconcursos.com.br\/blog\/wp-json\/wp\/v2\/media\/1070850"}],"wp:attachment":[{"href":"https:\/\/www.estrategiaconcursos.com.br\/blog\/wp-json\/wp\/v2\/media?parent=1138790"}],"wp:term":[{"taxonomy":"category","embeddable":true,"href":"https:\/\/www.estrategiaconcursos.com.br\/blog\/wp-json\/wp\/v2\/categories?post=1138790"},{"taxonomy":"post_tag","embeddable":true,"href":"https:\/\/www.estrategiaconcursos.com.br\/blog\/wp-json\/wp\/v2\/tags?post=1138790"},{"taxonomy":"tax_estado","embeddable":true,"href":"https:\/\/www.estrategiaconcursos.com.br\/blog\/wp-json\/wp\/v2\/tax_estado?post=1138790"}],"curies":[{"name":"wp","href":"https:\/\/api.w.org\/{rel}","templated":true}]}}