{"id":1137276,"date":"2022-12-11T22:40:18","date_gmt":"2022-12-12T01:40:18","guid":{"rendered":"https:\/\/www.estrategiaconcursos.com.br\/blog\/?p=1137276"},"modified":"2023-01-18T14:18:46","modified_gmt":"2023-01-18T17:18:46","slug":"concurso-sefaz-pe-gabarito-extraoficial-de-economia","status":"publish","type":"post","link":"https:\/\/www.estrategiaconcursos.com.br\/blog\/concurso-sefaz-pe-gabarito-extraoficial-de-economia\/","title":{"rendered":"Sefaz PE: Confira o gabarito extraoficial de economia e recursos"},"content":{"rendered":"\n<p>Sauda\u00e7\u00f5es, pessoal!<\/p>\n\n\n\n<p>Hoje tivemos a aplica\u00e7\u00e3o da prova da Sefaz-PE, para o cargo de Auditor Fiscal. Para ajudar a aplacar a ansiedade, mais cedo tivemos a transmiss\u00e3o de nosso gabarito extraoficial no canal do Estrat\u00e9gia.<\/p>\n\n\n\n<p>Neste artigo, farei coment\u00e1rios mais detalhados, antevendo as possibilidade de recurso, com base naquilo que acredito que a banca dar\u00e1 como gabarito.<\/p>\n\n\n\n<p>Vamos l\u00e1! <\/p>\n\n\n\n<p>ATUALIZA\u00c7\u00c3O 13\/12\/2022: Divergi da banca nos gabaritos das quest\u00f5es <\/p>\n\n\n\n<hr class=\"wp-block-separator has-alpha-channel-opacity\"\/>\n\n\n\n<p><\/p>\n\n\n\n<figure class=\"wp-block-image size-large\"><img loading=\"lazy\" decoding=\"async\" width=\"1024\" height=\"387\" src=\"https:\/\/dhg1h5j42swfq.cloudfront.net\/2022\/12\/11213519\/image-116-1024x387.png\" alt=\"\" class=\"wp-image-1137288\" srcset=\"https:\/\/dhg1h5j42swfq.cloudfront.net\/2022\/12\/11213519\/image-116-1024x387.png 1024w, https:\/\/dhg1h5j42swfq.cloudfront.net\/2022\/12\/11213519\/image-116-300x113.png 300w, https:\/\/dhg1h5j42swfq.cloudfront.net\/2022\/12\/11213519\/image-116-768x290.png 768w, https:\/\/dhg1h5j42swfq.cloudfront.net\/2022\/12\/11213519\/image-116-610x231.png 610w, https:\/\/dhg1h5j42swfq.cloudfront.net\/2022\/12\/11213519\/image-116-150x57.png 150w, https:\/\/dhg1h5j42swfq.cloudfront.net\/2022\/12\/11213519\/image-116.png 1053w\" sizes=\"auto, (max-width: 1024px) 100vw, 1024px\" \/><\/figure>\n\n\n\n<p><strong>Coment\u00e1rios<\/strong>:<\/p>\n\n\n\n<p>A quest\u00e3o aborda os conceitos de d\u00e9ficit\/d\u00edvida p\u00fablica e necessidades de financiamento.<\/p>\n\n\n\n<p>Mais especificamente, precisamos compreender a diferen\u00e7a entre os conceitos nominal e prim\u00e1rio. O conceito nominal considera todas as receitas e despesas, enquanto o conceito prim\u00e1rio n\u00e3o leva em considera\u00e7\u00e3o as receitas e despesas com juros nominais. Sendo assim, vamos analisar cada alternativa.<\/p>\n\n\n\n<p>a) Errado. A necessidade de financiamento nominal do Governo Central \u00e9 de R$124.794, bastando subtrair a receita total da despesa total para chegar a tal n\u00famero. Portanto, ela <strong>aumentou <\/strong>nesse valor.<\/p>\n\n\n\n<p>b) Errado. No caso dos governo municipais, no conceito prim\u00e1rio, a necessidade de financiamento foi de -19.877, ou seja, super\u00e1vit prim\u00e1rio de 19.877, indicando redu\u00e7\u00e3o nas necessidades de financiamento. Para chegar a tal valor, subtra\u00edmos as receitas com juros da receita total, obtendo a receita n\u00e3o financeira, e subtra\u00edmos as despesas com juros da despesa total, obtendo a despesa n\u00e3o financeira. O resultado prim\u00e1rio ser\u00e1 a diferen\u00e7a entre receita n\u00e3o financeira e despesa n\u00e3o financeira.<\/p>\n\n\n\n<p>c) Errado. O resultado nominal do Governo Central foi de -124.797, ou seja, negativo.<\/p>\n\n\n\n<p>d) Certo! Seguindo a mesma l\u00f3gica explicada na letra &#8220;b&#8221;, mas desta vez em rela\u00e7\u00e3o ao Governo Geral, chegaremos ao resultado prim\u00e1rio (positivo) de 45.301.<\/p>\n\n\n\n<p>e) Errado. O resultado prim\u00e1rio dos Governos Estaduais foi de 19.848, ou seja, reduziu sua necessidade de fiananciamento.<\/p>\n\n\n\n<p><strong>Gabarito<\/strong>: &#8220;d&#8221;<\/p>\n\n\n\n<hr class=\"wp-block-separator has-alpha-channel-opacity\"\/>\n\n\n\n<p>OBS: as quest\u00f5es de 72 a 75 s\u00e3o de AFO.<\/p>\n\n\n\n<hr class=\"wp-block-separator has-alpha-channel-opacity\"\/>\n\n\n\n<figure class=\"wp-block-image size-full is-resized\"><img loading=\"lazy\" decoding=\"async\" src=\"https:\/\/dhg1h5j42swfq.cloudfront.net\/2022\/12\/11220158\/image-117.png\" alt=\"\" class=\"wp-image-1137307\" width=\"858\" height=\"256\" srcset=\"https:\/\/dhg1h5j42swfq.cloudfront.net\/2022\/12\/11220158\/image-117.png 649w, https:\/\/dhg1h5j42swfq.cloudfront.net\/2022\/12\/11220158\/image-117-300x90.png 300w, https:\/\/dhg1h5j42swfq.cloudfront.net\/2022\/12\/11220158\/image-117-610x182.png 610w, https:\/\/dhg1h5j42swfq.cloudfront.net\/2022\/12\/11220158\/image-117-150x45.png 150w\" sizes=\"auto, (max-width: 858px) 100vw, 858px\" \/><\/figure>\n\n\n\n<p>a) errado. N\u00e3o h\u00e1 uma abordagem que fale especificamente de desenvolvimento (IDH, pib per capita, etc), de forma que devemos entender que a banca quer dizer &#8220;crescimento de longo prazo&#8221;, o que nos leva ao modelo de Solow. Esse modelo trata o progresso tecnol\u00f3gico como uma vari\u00e1vel ex\u00f3gena, ou seja, nada prescreve em rela\u00e7\u00e3o \u00e0 melhor forma de promov\u00ea-lo. A afirma\u00e7\u00e3o assemelha-se mais \u00e0 teoria de Schumpeter (que n\u00e3o \u00e9 um autor neocl\u00e1ssico).<\/p>\n\n\n\n<p>b) errado. Vale o mesmo coment\u00e1rio \u00e0 alternativa anterior. A an\u00e1lise da infraestrutura institucional \u00e9 bem mais recente que a abordagem neocl\u00e1ssica.<\/p>\n\n\n\n<p>c) pelo contr\u00e1rio. Maiores n\u00edveis de capital per capital levam a maiores n\u00edveis de crescimento.<\/p>\n\n\n\n<p>d) certo. Embora nenhuma teoria de destaque suporte a agricultura como um bom motor de crescimento, \u00e9 dif\u00edcil afirmar que em uma economia que depende da agrigultura a extens\u00e3o e qualidade da terra n\u00e3o sejam importantes determinantes do crescimento. Sinceramente, n\u00e3o sei se a banca ir\u00e1 dar esta como gabarito, pois tamb\u00e9m n\u00e3o me recordo de tal afirma\u00e7\u00e3o em bibliografias importantes. Mas, diante dos erros nas demais, essa, pelo menos, n\u00e3o \u00e9 errada.<\/p>\n\n\n\n<p>e) errado. Investimentos em infraestrutura afetam todos os demais setores da economia, e por isso afetam o crescimento econ\u00f4mico.<\/p>\n\n\n\n<p><strong>Gabarito<\/strong>: &#8220;d&#8221;<\/p>\n\n\n\n<hr class=\"wp-block-separator has-alpha-channel-opacity\"\/>\n\n\n\n<figure class=\"wp-block-image size-large\"><img loading=\"lazy\" decoding=\"async\" width=\"1024\" height=\"252\" src=\"https:\/\/dhg1h5j42swfq.cloudfront.net\/2022\/12\/11222238\/image-118-1024x252.png\" alt=\"\" class=\"wp-image-1137311\" srcset=\"https:\/\/dhg1h5j42swfq.cloudfront.net\/2022\/12\/11222238\/image-118-1024x252.png 1024w, https:\/\/dhg1h5j42swfq.cloudfront.net\/2022\/12\/11222238\/image-118-300x74.png 300w, https:\/\/dhg1h5j42swfq.cloudfront.net\/2022\/12\/11222238\/image-118-768x189.png 768w, https:\/\/dhg1h5j42swfq.cloudfront.net\/2022\/12\/11222238\/image-118-610x150.png 610w, https:\/\/dhg1h5j42swfq.cloudfront.net\/2022\/12\/11222238\/image-118-150x37.png 150w, https:\/\/dhg1h5j42swfq.cloudfront.net\/2022\/12\/11222238\/image-118.png 1090w\" sizes=\"auto, (max-width: 1024px) 100vw, 1024px\" \/><\/figure>\n\n\n\n<p><strong>Coment\u00e1rios<\/strong>:<\/p>\n\n\n\n<p>A alternativa &#8220;b&#8221; resume a vis\u00e3o econ\u00f4mica predominante: o mercado \u00e9 muito bom para alocar os recursos da economia, respondendo \u00e0s perguntas fundamentais (o que produzir, como produzir, quando produzir etc.), mas possui falhas. A extens\u00e3o dessas falhas e a forma de lidar com elas \u00e9 motivo de discuss\u00e3o, mas a alternativas \u00e9, de fato, o gabarito.<\/p>\n\n\n\n<p>Merece coment\u00e1rios a altertiva &#8220;e&#8221;, quando voc\u00ea deve se lembrar que, na vis\u00e3o neocl\u00e1ssica, o governo deve se limitar \u00e0s fun\u00e7\u00f5es b\u00e1sicas de defesa nacional e provis\u00e3o da justi\u00e7a, enquanto o bem-estar dos cidad\u00e3os seria atingido pelo mercado.<\/p>\n\n\n\n<p><strong>Gabarito<\/strong>: &#8220;b&#8221;<\/p>\n\n\n\n<hr class=\"wp-block-separator has-alpha-channel-opacity\"\/>\n\n\n\n<figure class=\"wp-block-image size-large\"><img loading=\"lazy\" decoding=\"async\" width=\"1024\" height=\"272\" src=\"https:\/\/dhg1h5j42swfq.cloudfront.net\/2022\/12\/11222609\/image-119-1024x272.png\" alt=\"\" class=\"wp-image-1137312\" srcset=\"https:\/\/dhg1h5j42swfq.cloudfront.net\/2022\/12\/11222609\/image-119-1024x272.png 1024w, https:\/\/dhg1h5j42swfq.cloudfront.net\/2022\/12\/11222609\/image-119-300x80.png 300w, https:\/\/dhg1h5j42swfq.cloudfront.net\/2022\/12\/11222609\/image-119-768x204.png 768w, https:\/\/dhg1h5j42swfq.cloudfront.net\/2022\/12\/11222609\/image-119-610x162.png 610w, https:\/\/dhg1h5j42swfq.cloudfront.net\/2022\/12\/11222609\/image-119-150x40.png 150w, https:\/\/dhg1h5j42swfq.cloudfront.net\/2022\/12\/11222609\/image-119.png 1090w\" sizes=\"auto, (max-width: 1024px) 100vw, 1024px\" \/><\/figure>\n\n\n\n<p>Coment\u00e1rios:<\/p>\n\n\n\n<p>a) pelo contr\u00e1rio. Quanto mais concorrentes um bem possui, maior ser\u00e1 sua elasticidade-pre\u00e7o da demanda, ou seja, s\u00e3o diretamente proporcionais.<\/p>\n\n\n\n<p>b) \u00e9 o oposto: se uma mudan\u00e7a no pre\u00e7o de um bem causa grande impacto na quantidade vendida, MAIS el\u00e1stica \u00e9 a demanda.<\/p>\n\n\n\n<p>c) errado. A oferta tende a ser menos el\u00e1stica no curto prazo.<\/p>\n\n\n\n<p>d) certo. Em todos os mercados, a elasticidade-pre\u00e7o tende a ser maior no longo prazo. Perceba que eu uso o termo &#8220;maior&#8221;, estabelecendo compara\u00e7\u00e3o com o que ocorre no curto prazo. A banca preferiu &#8220;elevada&#8221;, e entendo que est\u00e1 correto, pois ela \u00e9 relativamente mais elevada, ou seja, em rela\u00e7\u00e3o ao curto prazo.<\/p>\n\n\n\n<p>e) errado. Se a oferta tiver elevada elasticidade, as mudan\u00e7as ocorridas da curva de demanda ser\u00e3o potencializadas, ou seja, o efeito ser\u00e1 maior do que seria se a oferta fosse inel\u00e1stica.<\/p>\n\n\n\n<p><strong>Meu gabarito<\/strong>: &#8220;d&#8221; <\/p>\n\n\n\n<p><strong>Gabarito preliminar da banca<\/strong>: &#8220;e&#8221;<\/p>\n\n\n\n<p>Nesse caso, eu realmente errei no gabarito preliminar, caindo em uma armadilha para a qual vivo alertando meus alunos: o uso de palavras como &#8220;todos&#8221;. O fato \u00e9 que a oferta tende a ser mais el\u00e1stica no longo prazo em geral, mas h\u00e1 uma exce\u00e7\u00e3o, um caso extremamente particular, onde a oferta \u00e9 mais el\u00e1stica no curto prazo: o cobre produzido com sucata. Quando o pre\u00e7o do cobre sobe, no curto prazo, j\u00e1 aumento da convers\u00e3o da sucata em cobre para comercializa\u00e7\u00e3o. No longo prazo, esse estoque tende a ser esgotado, levando a menor aumento da oferta ou at\u00e9 mesmo redu\u00e7\u00e3o.<\/p>\n\n\n\n<p>Portanto, retrato-me com meus alunos, pois cometi um erro ao n\u00e3o me lembrar desse caso extremamente particular, mas que torna a letra &#8220;d&#8221; errada.<\/p>\n\n\n\n<p>A letra &#8220;e&#8221;, que considerei incorreta, cont\u00e9m uma pegadinha sem\u00e2ntica. O fato narrado n\u00e3o \u00e9 incompat\u00edvel com uma oferta el\u00e1stica, e portanto \u00e9 compat\u00edvel. O que me pegou foi que seria MAIS compat\u00edvel com uma curva de oferta inel\u00e1stica.<\/p>\n\n\n\n<p>Resta-me apenas pedir desculpas e tirar o chap\u00e9u para a banca.<\/p>\n\n\n\n<p><\/p>\n\n\n\n<hr class=\"wp-block-separator has-alpha-channel-opacity\"\/>\n\n\n\n<figure class=\"wp-block-image size-large\"><img loading=\"lazy\" decoding=\"async\" width=\"1024\" height=\"247\" src=\"https:\/\/dhg1h5j42swfq.cloudfront.net\/2022\/12\/11223105\/image-120-1024x247.png\" alt=\"\" class=\"wp-image-1137314\" srcset=\"https:\/\/dhg1h5j42swfq.cloudfront.net\/2022\/12\/11223105\/image-120-1024x247.png 1024w, https:\/\/dhg1h5j42swfq.cloudfront.net\/2022\/12\/11223105\/image-120-300x72.png 300w, https:\/\/dhg1h5j42swfq.cloudfront.net\/2022\/12\/11223105\/image-120-768x185.png 768w, https:\/\/dhg1h5j42swfq.cloudfront.net\/2022\/12\/11223105\/image-120-610x147.png 610w, https:\/\/dhg1h5j42swfq.cloudfront.net\/2022\/12\/11223105\/image-120-150x36.png 150w, https:\/\/dhg1h5j42swfq.cloudfront.net\/2022\/12\/11223105\/image-120.png 1090w\" sizes=\"auto, (max-width: 1024px) 100vw, 1024px\" \/><\/figure>\n\n\n\n<p><strong>Coment\u00e1rios<\/strong>:<\/p>\n\n\n\n<p>A alternativa &#8220;a&#8221; est\u00e1 correta, ao expor a internaliza\u00e7\u00e3o da externalidade negativa por meio da aplica\u00e7\u00e3o de um imposto (Pigou).<\/p>\n\n\n\n<p><strong>Gabarito<\/strong>: &#8220;a&#8221;<\/p>\n\n\n\n<hr class=\"wp-block-separator has-alpha-channel-opacity\"\/>\n\n\n\n<figure class=\"wp-block-image size-large\"><img loading=\"lazy\" decoding=\"async\" width=\"1024\" height=\"325\" src=\"https:\/\/dhg1h5j42swfq.cloudfront.net\/2022\/12\/11223337\/image-121-1024x325.png\" alt=\"\" class=\"wp-image-1137315\" srcset=\"https:\/\/dhg1h5j42swfq.cloudfront.net\/2022\/12\/11223337\/image-121-1024x325.png 1024w, https:\/\/dhg1h5j42swfq.cloudfront.net\/2022\/12\/11223337\/image-121-300x95.png 300w, https:\/\/dhg1h5j42swfq.cloudfront.net\/2022\/12\/11223337\/image-121-768x244.png 768w, https:\/\/dhg1h5j42swfq.cloudfront.net\/2022\/12\/11223337\/image-121-610x194.png 610w, https:\/\/dhg1h5j42swfq.cloudfront.net\/2022\/12\/11223337\/image-121-150x48.png 150w, https:\/\/dhg1h5j42swfq.cloudfront.net\/2022\/12\/11223337\/image-121.png 1090w\" sizes=\"auto, (max-width: 1024px) 100vw, 1024px\" \/><\/figure>\n\n\n\n<p>Coment\u00e1rios:<\/p>\n\n\n\n<p>a) Errado. A curva LM <strong>horizontal <\/strong>caracteriza a armadilha da liquidez.<\/p>\n\n\n\n<p>b) Certo. Nesse caso, aplica-se o efeito do multiplicador da tributa\u00e7\u00e3o.<\/p>\n\n\n\n<p>c) Errado. O deslocamento para a direita \u00e9 da curva IS.<\/p>\n\n\n\n<p>d) Errado. Se a economia for aberta, teremos importa\u00e7\u00f5es, e o multiplicador dos gastos aut\u00f4nomos tende a ser menor. Exceto se considerarmos que o multiplicador contempla as exporta\u00e7\u00f5es como dependentes da renda externa. Nesse caso, bem menos comum, a resposta \u00e0 alternativa seria que &#8220;depende&#8221;. De toda forma, a alternativa fica errada.<\/p>\n\n\n\n<p>e) Errado. O deslocamento para a esquerda \u00e9 da curva LM.<\/p>\n\n\n\n<p><strong>Meu gabarito<\/strong>: &#8220;b&#8221;<\/p>\n\n\n\n<p><strong>Gabarito extraoficial<\/strong>: &#8220;c&#8221;<\/p>\n\n\n\n<p>Nesta, a banca realmente errou. Vamos direto \u00e0 proposta de recurso:<\/p>\n\n\n\n<p>Proposta de recurso:<\/p>\n\n\n\n<p>Solicito altera\u00e7\u00e3o do gabarito de &#8220;e&#8221; para &#8220;b&#8221;, uma vez que a alternativa considerada pela banca no gabarito preliminar est\u00e1 errada.<\/p>\n\n\n\n<p>Uma pol\u00edtica fiscal expansionista deslocar\u00e1 a curva IS para a direita, e n\u00e3o a curva LM, como consta na alternativa. Nesse sentido, diversos autores consagrados concordam, como Dornbusch:<\/p>\n\n\n\n<blockquote class=\"wp-block-quote is-layout-flow wp-block-quote-is-layout-flow\"><p>A curva IS \u00e9 deslocada por mudan\u00e7as nos gastos aut\u00f4nomos. Um aumento nesse gasto, incluindo os gastos governamentais, desloca a curva IS para a direita.<\/p><p>Dornbusch, Rudiger; Fischer, Stanley; Startz, Richard. Macroeconomia (p. 223). Edi\u00e7\u00e3o do Kindle.<\/p><\/blockquote>\n\n\n\n<p>Al\u00e9m disso, a alternativa tamb\u00e9m est\u00e1 incorreta ao afirmar que haver\u00e1 queda dos juros, quando o correto \u00e9 que haver\u00e1 eleva\u00e7\u00e3o:<\/p>\n\n\n\n<blockquote class=\"wp-block-quote is-layout-flow wp-block-quote-is-layout-flow\"><p>Diz-se que a pol\u00edtica fiscal \u00e9 expansionista quando h\u00e1 aumento dos gastos do governo, aumento das transfer\u00eancias ou diminui\u00e7\u00e3o dos tributos, fazendo com que a curva IS se desloque para a direita<\/p><p>Luiza Sampaio; Coordenador Pedro Lenza. Macroeconomia &#8211; esquematizado (p. 1904). Editora Saraiva. Edi\u00e7\u00e3o do Kindle.<\/p><\/blockquote>\n\n\n\n<p>E apenas para ratificar o entendimento com mais um autor, temos:<\/p>\n\n\n\n<blockquote class=\"wp-block-quote is-layout-flow wp-block-quote-is-layout-flow\"><p>Uma pol\u00edtica fiscal expansionista \u2014 o aumento das compras do governo ou a redu\u00e7\u00e3o dos impostos \u2014 desloca a curva IS para a direita. Esse deslocamento na curva IS eleva a taxa de juros e a renda.<\/p><p>Mankiw, N. Gregory. Macroeconomia . LTC. Edi\u00e7\u00e3o do Kindle.<\/p><\/blockquote>\n\n\n\n<p>Dessa forma, est\u00e1 errada a alternativa &#8220;c&#8221;, que afirma haver deslocamento da curva LM e queda na taxa de juros diante de pol\u00edtica fiscal espansionista, requerendo a altera\u00e7\u00e3o do gabarito para a letra &#8220;b&#8221;.<\/p>\n\n\n\n<p>A letra &#8220;b&#8221; est\u00e1 correta, pois menciona que o efeito do multiplicador de impostos ser\u00e1 de redu\u00e7\u00e3o na renda, diante do aumento de uma al\u00edquota de impostos.<\/p>\n\n\n\n<p>Nesse sentido, ensina Mankiw:<\/p>\n\n\n\n<blockquote class=\"wp-block-quote is-layout-flow wp-block-quote-is-layout-flow\"><p>Essa express\u00e3o corresponde ao efeito multiplicador dos impostos, o montante em que a renda se modifica em resposta a uma mudan\u00e7a de US$1,00 nos impostos. (O sinal negativo indica que a renda se movimenta na dire\u00e7\u00e3o oposta dos impostos.)<\/p><p>Mankiw, N. Gregory. Macroeconomia . LTC. Edi\u00e7\u00e3o do Kindle.<\/p><\/blockquote>\n\n\n\n<p>Portanto, demonstrado o erro na alternativa &#8220;c&#8221;, solicito \u00e0 banca: altera\u00e7\u00e3o do gabarito para a letra &#8220;b&#8221; ou, subsidiariamente, anula\u00e7\u00e3o da quest\u00e3o.<\/p>\n\n\n\n<hr class=\"wp-block-separator has-alpha-channel-opacity\"\/>\n\n\n\n<p>Quando sair o gabarito preliminar da banca, volto aqui para tratar de poss\u00edveis recursos.<\/p>\n\n\n\n<p><strong>EDIT: voltei conforme prometido. No mais&#8230;<\/strong><\/p>\n\n\n\n<p>E em qualquer momento, estou \u00e0 disposi\u00e7\u00e3o para ajudar.<\/p>\n\n\n\n<p><a href=\"https:\/\/www.instagram.com\/profcelsonatale\/\" target=\"_blank\" rel=\"noreferrer noopener\">@profcelsonatale<\/a><\/p>\n","protected":false},"excerpt":{"rendered":"<p>Sauda\u00e7\u00f5es, pessoal! Hoje tivemos a aplica\u00e7\u00e3o da prova da Sefaz-PE, para o cargo de Auditor Fiscal. Para ajudar a aplacar a ansiedade, mais cedo tivemos a transmiss\u00e3o de nosso gabarito extraoficial no canal do Estrat\u00e9gia. Neste artigo, farei coment\u00e1rios mais detalhados, antevendo as possibilidade de recurso, com base naquilo que acredito que a banca dar\u00e1 [&hellip;]<\/p>\n","protected":false},"author":1186,"featured_media":0,"comment_status":"open","ping_status":"closed","sticky":false,"template":"","format":"standard","meta":{"post_tipo":"article","footnotes":""},"categories":[1],"tags":[],"tax_estado":[219979],"class_list":["post-1137276","post","type-post","status-publish","format-standard","hentry","category-cursos-e-concursos","tax_estado-pe"],"acf":[],"yoast_head":"<!-- This site is optimized with the Yoast SEO Premium plugin v27.2 (Yoast SEO v27.2) - https:\/\/yoast.com\/product\/yoast-seo-premium-wordpress\/ -->\n<title>Sefaz PE: Confira o gabarito extraoficial de economia e recursos<\/title>\n<meta name=\"description\" content=\"Confira no artigo o gabarito extraoficial da prova de economia do Concurso SEFAZ PE, al\u00e9m de poss\u00edveis recursos.\" \/>\n<meta name=\"robots\" content=\"index, follow, max-snippet:-1, max-image-preview:large, max-video-preview:-1\" \/>\n<link rel=\"canonical\" href=\"https:\/\/www.estrategiaconcursos.com.br\/blog\/concurso-sefaz-pe-gabarito-extraoficial-de-economia\/\" \/>\n<meta property=\"og:locale\" content=\"pt_BR\" \/>\n<meta property=\"og:type\" content=\"article\" \/>\n<meta property=\"og:title\" content=\"Sefaz PE: Confira o gabarito extraoficial de economia e recursos\" \/>\n<meta property=\"og:description\" content=\"Confira no artigo o gabarito extraoficial da prova de economia do Concurso SEFAZ PE, al\u00e9m de poss\u00edveis recursos.\" \/>\n<meta property=\"og:url\" content=\"https:\/\/www.estrategiaconcursos.com.br\/blog\/concurso-sefaz-pe-gabarito-extraoficial-de-economia\/\" \/>\n<meta property=\"og:site_name\" content=\"Estrat\u00e9gia Concursos\" \/>\n<meta property=\"article:published_time\" content=\"2022-12-12T01:40:18+00:00\" \/>\n<meta property=\"article:modified_time\" content=\"2023-01-18T17:18:46+00:00\" \/>\n<meta property=\"og:image\" content=\"https:\/\/www.estrategiaconcursos.com.br\/blog\/wp-content\/uploads\/2022\/12\/image-116-1024x387.png\" \/>\n<meta name=\"author\" content=\"Celso Natale\" \/>\n<meta name=\"twitter:card\" content=\"summary_large_image\" \/>\n<meta name=\"twitter:creator\" content=\"@EstratConcursos\" \/>\n<meta name=\"twitter:site\" content=\"@EstratConcursos\" \/>\n<meta name=\"twitter:label1\" content=\"Escrito por\" \/>\n\t<meta name=\"twitter:data1\" content=\"Celso Natale\" \/>\n\t<meta name=\"twitter:label2\" content=\"Est. tempo de leitura\" \/>\n\t<meta name=\"twitter:data2\" content=\"8 minutos\" \/>\n<script type=\"application\/ld+json\" class=\"yoast-schema-graph\">{\"@context\":\"https:\/\/schema.org\",\"@graph\":[{\"@type\":\"NewsArticle\",\"@id\":\"https:\/\/www.estrategiaconcursos.com.br\/blog\/concurso-sefaz-pe-gabarito-extraoficial-de-economia\/#article\",\"isPartOf\":{\"@id\":\"https:\/\/www.estrategiaconcursos.com.br\/blog\/concurso-sefaz-pe-gabarito-extraoficial-de-economia\/\"},\"author\":{\"name\":\"Celso Natale\",\"@id\":\"https:\/\/www.estrategiaconcursos.com.br\/blog\/#\/schema\/person\/8d088d35995a851f83b2256633153f3b\"},\"headline\":\"Sefaz PE: Confira o gabarito extraoficial de economia e recursos\",\"datePublished\":\"2022-12-12T01:40:18+00:00\",\"dateModified\":\"2023-01-18T17:18:46+00:00\",\"mainEntityOfPage\":{\"@id\":\"https:\/\/www.estrategiaconcursos.com.br\/blog\/concurso-sefaz-pe-gabarito-extraoficial-de-economia\/\"},\"wordCount\":1552,\"commentCount\":0,\"publisher\":{\"@id\":\"https:\/\/www.estrategiaconcursos.com.br\/blog\/#organization\"},\"image\":{\"@id\":\"https:\/\/www.estrategiaconcursos.com.br\/blog\/concurso-sefaz-pe-gabarito-extraoficial-de-economia\/#primaryimage\"},\"thumbnailUrl\":\"https:\/\/www.estrategiaconcursos.com.br\/blog\/wp-content\/uploads\/2022\/12\/image-116-1024x387.png\",\"articleSection\":[\"Concursos P\u00fablicos\"],\"inLanguage\":\"pt-BR\",\"potentialAction\":[{\"@type\":\"CommentAction\",\"name\":\"Comment\",\"target\":[\"https:\/\/www.estrategiaconcursos.com.br\/blog\/concurso-sefaz-pe-gabarito-extraoficial-de-economia\/#respond\"]}],\"copyrightYear\":\"2022\",\"copyrightHolder\":{\"@id\":\"https:\/\/www.estrategiaconcursos.com.br\/blog\/#organization\"}},{\"@type\":\"WebPage\",\"@id\":\"https:\/\/www.estrategiaconcursos.com.br\/blog\/concurso-sefaz-pe-gabarito-extraoficial-de-economia\/\",\"url\":\"https:\/\/www.estrategiaconcursos.com.br\/blog\/concurso-sefaz-pe-gabarito-extraoficial-de-economia\/\",\"name\":\"Sefaz PE: Confira o gabarito extraoficial de economia e recursos\",\"isPartOf\":{\"@id\":\"https:\/\/www.estrategiaconcursos.com.br\/blog\/#website\"},\"primaryImageOfPage\":{\"@id\":\"https:\/\/www.estrategiaconcursos.com.br\/blog\/concurso-sefaz-pe-gabarito-extraoficial-de-economia\/#primaryimage\"},\"image\":{\"@id\":\"https:\/\/www.estrategiaconcursos.com.br\/blog\/concurso-sefaz-pe-gabarito-extraoficial-de-economia\/#primaryimage\"},\"thumbnailUrl\":\"https:\/\/www.estrategiaconcursos.com.br\/blog\/wp-content\/uploads\/2022\/12\/image-116-1024x387.png\",\"datePublished\":\"2022-12-12T01:40:18+00:00\",\"dateModified\":\"2023-01-18T17:18:46+00:00\",\"description\":\"Confira no artigo o gabarito extraoficial da prova de economia do Concurso SEFAZ PE, al\u00e9m de poss\u00edveis recursos.\",\"breadcrumb\":{\"@id\":\"https:\/\/www.estrategiaconcursos.com.br\/blog\/concurso-sefaz-pe-gabarito-extraoficial-de-economia\/#breadcrumb\"},\"inLanguage\":\"pt-BR\",\"potentialAction\":[{\"@type\":\"ReadAction\",\"target\":[\"https:\/\/www.estrategiaconcursos.com.br\/blog\/concurso-sefaz-pe-gabarito-extraoficial-de-economia\/\"]}]},{\"@type\":\"ImageObject\",\"inLanguage\":\"pt-BR\",\"@id\":\"https:\/\/www.estrategiaconcursos.com.br\/blog\/concurso-sefaz-pe-gabarito-extraoficial-de-economia\/#primaryimage\",\"url\":\"https:\/\/dhg1h5j42swfq.cloudfront.net\/2022\/12\/11213519\/image-116.png\",\"contentUrl\":\"https:\/\/dhg1h5j42swfq.cloudfront.net\/2022\/12\/11213519\/image-116.png\",\"width\":1053,\"height\":398},{\"@type\":\"BreadcrumbList\",\"@id\":\"https:\/\/www.estrategiaconcursos.com.br\/blog\/concurso-sefaz-pe-gabarito-extraoficial-de-economia\/#breadcrumb\",\"itemListElement\":[{\"@type\":\"ListItem\",\"position\":1,\"name\":\"In\u00edcio\",\"item\":\"https:\/\/www.estrategiaconcursos.com.br\/blog\/\"},{\"@type\":\"ListItem\",\"position\":2,\"name\":\"Sefaz PE: Confira o gabarito extraoficial de economia e recursos\"}]},{\"@type\":\"WebSite\",\"@id\":\"https:\/\/www.estrategiaconcursos.com.br\/blog\/#website\",\"url\":\"https:\/\/www.estrategiaconcursos.com.br\/blog\/\",\"name\":\"Estrat\u00e9gia Concursos\",\"description\":\"O blog da Estrat\u00e9gia Concursos traz not\u00edcias sobre concursos e artigos de professores oferecendo cursos para concursos (pdf + videaulas) no site.\",\"publisher\":{\"@id\":\"https:\/\/www.estrategiaconcursos.com.br\/blog\/#organization\"},\"potentialAction\":[{\"@type\":\"SearchAction\",\"target\":{\"@type\":\"EntryPoint\",\"urlTemplate\":\"https:\/\/www.estrategiaconcursos.com.br\/blog\/?s={search_term_string}\"},\"query-input\":{\"@type\":\"PropertyValueSpecification\",\"valueRequired\":true,\"valueName\":\"search_term_string\"}}],\"inLanguage\":\"pt-BR\"},{\"@type\":\"Organization\",\"@id\":\"https:\/\/www.estrategiaconcursos.com.br\/blog\/#organization\",\"name\":\"Estrat\u00e9gia Concursos\",\"url\":\"https:\/\/www.estrategiaconcursos.com.br\/blog\/\",\"logo\":{\"@type\":\"ImageObject\",\"inLanguage\":\"pt-BR\",\"@id\":\"https:\/\/www.estrategiaconcursos.com.br\/blog\/#\/schema\/logo\/image\/\",\"url\":\"https:\/\/dhg1h5j42swfq.cloudfront.net\/2025\/06\/03203428\/logo_concursos-1.jpg\",\"contentUrl\":\"https:\/\/dhg1h5j42swfq.cloudfront.net\/2025\/06\/03203428\/logo_concursos-1.jpg\",\"width\":230,\"height\":60,\"caption\":\"Estrat\u00e9gia Concursos\"},\"image\":{\"@id\":\"https:\/\/www.estrategiaconcursos.com.br\/blog\/#\/schema\/logo\/image\/\"},\"sameAs\":[\"https:\/\/x.com\/EstratConcursos\"]},{\"@type\":\"Person\",\"@id\":\"https:\/\/www.estrategiaconcursos.com.br\/blog\/#\/schema\/person\/8d088d35995a851f83b2256633153f3b\",\"name\":\"Celso Natale\",\"image\":{\"@type\":\"ImageObject\",\"inLanguage\":\"pt-BR\",\"@id\":\"https:\/\/secure.gravatar.com\/avatar\/c8fbdcaa043a22980f0e38d9de732508e2163cd4ee3835f9403347be9a456cc8?s=96&d=mm&r=g\",\"url\":\"https:\/\/secure.gravatar.com\/avatar\/c8fbdcaa043a22980f0e38d9de732508e2163cd4ee3835f9403347be9a456cc8?s=96&d=mm&r=g\",\"contentUrl\":\"https:\/\/secure.gravatar.com\/avatar\/c8fbdcaa043a22980f0e38d9de732508e2163cd4ee3835f9403347be9a456cc8?s=96&d=mm&r=g\",\"caption\":\"Celso Natale\"},\"url\":\"https:\/\/www.estrategiaconcursos.com.br\/blog\/author\/celsonatalegmail-com\/\"}]}<\/script>\n<!-- \/ Yoast SEO Premium plugin. -->","yoast_head_json":{"title":"Sefaz PE: Confira o gabarito extraoficial de economia e recursos","description":"Confira no artigo o gabarito extraoficial da prova de economia do Concurso SEFAZ PE, al\u00e9m de poss\u00edveis recursos.","robots":{"index":"index","follow":"follow","max-snippet":"max-snippet:-1","max-image-preview":"max-image-preview:large","max-video-preview":"max-video-preview:-1"},"canonical":"https:\/\/www.estrategiaconcursos.com.br\/blog\/concurso-sefaz-pe-gabarito-extraoficial-de-economia\/","og_locale":"pt_BR","og_type":"article","og_title":"Sefaz PE: Confira o gabarito extraoficial de economia e recursos","og_description":"Confira no artigo o gabarito extraoficial da prova de economia do Concurso SEFAZ PE, al\u00e9m de poss\u00edveis recursos.","og_url":"https:\/\/www.estrategiaconcursos.com.br\/blog\/concurso-sefaz-pe-gabarito-extraoficial-de-economia\/","og_site_name":"Estrat\u00e9gia Concursos","article_published_time":"2022-12-12T01:40:18+00:00","article_modified_time":"2023-01-18T17:18:46+00:00","og_image":[{"url":"https:\/\/www.estrategiaconcursos.com.br\/blog\/wp-content\/uploads\/2022\/12\/image-116-1024x387.png","type":"","width":"","height":""}],"author":"Celso Natale","twitter_card":"summary_large_image","twitter_creator":"@EstratConcursos","twitter_site":"@EstratConcursos","twitter_misc":{"Escrito por":"Celso Natale","Est. tempo de leitura":"8 minutos"},"schema":{"@context":"https:\/\/schema.org","@graph":[{"@type":"NewsArticle","@id":"https:\/\/www.estrategiaconcursos.com.br\/blog\/concurso-sefaz-pe-gabarito-extraoficial-de-economia\/#article","isPartOf":{"@id":"https:\/\/www.estrategiaconcursos.com.br\/blog\/concurso-sefaz-pe-gabarito-extraoficial-de-economia\/"},"author":{"name":"Celso Natale","@id":"https:\/\/www.estrategiaconcursos.com.br\/blog\/#\/schema\/person\/8d088d35995a851f83b2256633153f3b"},"headline":"Sefaz PE: Confira o gabarito extraoficial de economia e recursos","datePublished":"2022-12-12T01:40:18+00:00","dateModified":"2023-01-18T17:18:46+00:00","mainEntityOfPage":{"@id":"https:\/\/www.estrategiaconcursos.com.br\/blog\/concurso-sefaz-pe-gabarito-extraoficial-de-economia\/"},"wordCount":1552,"commentCount":0,"publisher":{"@id":"https:\/\/www.estrategiaconcursos.com.br\/blog\/#organization"},"image":{"@id":"https:\/\/www.estrategiaconcursos.com.br\/blog\/concurso-sefaz-pe-gabarito-extraoficial-de-economia\/#primaryimage"},"thumbnailUrl":"https:\/\/www.estrategiaconcursos.com.br\/blog\/wp-content\/uploads\/2022\/12\/image-116-1024x387.png","articleSection":["Concursos P\u00fablicos"],"inLanguage":"pt-BR","potentialAction":[{"@type":"CommentAction","name":"Comment","target":["https:\/\/www.estrategiaconcursos.com.br\/blog\/concurso-sefaz-pe-gabarito-extraoficial-de-economia\/#respond"]}],"copyrightYear":"2022","copyrightHolder":{"@id":"https:\/\/www.estrategiaconcursos.com.br\/blog\/#organization"}},{"@type":"WebPage","@id":"https:\/\/www.estrategiaconcursos.com.br\/blog\/concurso-sefaz-pe-gabarito-extraoficial-de-economia\/","url":"https:\/\/www.estrategiaconcursos.com.br\/blog\/concurso-sefaz-pe-gabarito-extraoficial-de-economia\/","name":"Sefaz PE: Confira o gabarito extraoficial de economia e recursos","isPartOf":{"@id":"https:\/\/www.estrategiaconcursos.com.br\/blog\/#website"},"primaryImageOfPage":{"@id":"https:\/\/www.estrategiaconcursos.com.br\/blog\/concurso-sefaz-pe-gabarito-extraoficial-de-economia\/#primaryimage"},"image":{"@id":"https:\/\/www.estrategiaconcursos.com.br\/blog\/concurso-sefaz-pe-gabarito-extraoficial-de-economia\/#primaryimage"},"thumbnailUrl":"https:\/\/www.estrategiaconcursos.com.br\/blog\/wp-content\/uploads\/2022\/12\/image-116-1024x387.png","datePublished":"2022-12-12T01:40:18+00:00","dateModified":"2023-01-18T17:18:46+00:00","description":"Confira no artigo o gabarito extraoficial da prova de economia do Concurso SEFAZ PE, al\u00e9m de poss\u00edveis recursos.","breadcrumb":{"@id":"https:\/\/www.estrategiaconcursos.com.br\/blog\/concurso-sefaz-pe-gabarito-extraoficial-de-economia\/#breadcrumb"},"inLanguage":"pt-BR","potentialAction":[{"@type":"ReadAction","target":["https:\/\/www.estrategiaconcursos.com.br\/blog\/concurso-sefaz-pe-gabarito-extraoficial-de-economia\/"]}]},{"@type":"ImageObject","inLanguage":"pt-BR","@id":"https:\/\/www.estrategiaconcursos.com.br\/blog\/concurso-sefaz-pe-gabarito-extraoficial-de-economia\/#primaryimage","url":"https:\/\/dhg1h5j42swfq.cloudfront.net\/2022\/12\/11213519\/image-116.png","contentUrl":"https:\/\/dhg1h5j42swfq.cloudfront.net\/2022\/12\/11213519\/image-116.png","width":1053,"height":398},{"@type":"BreadcrumbList","@id":"https:\/\/www.estrategiaconcursos.com.br\/blog\/concurso-sefaz-pe-gabarito-extraoficial-de-economia\/#breadcrumb","itemListElement":[{"@type":"ListItem","position":1,"name":"In\u00edcio","item":"https:\/\/www.estrategiaconcursos.com.br\/blog\/"},{"@type":"ListItem","position":2,"name":"Sefaz PE: Confira o gabarito extraoficial de economia e recursos"}]},{"@type":"WebSite","@id":"https:\/\/www.estrategiaconcursos.com.br\/blog\/#website","url":"https:\/\/www.estrategiaconcursos.com.br\/blog\/","name":"Estrat\u00e9gia Concursos","description":"O blog da Estrat\u00e9gia Concursos traz not\u00edcias sobre concursos e artigos de professores oferecendo cursos para concursos (pdf + videaulas) no site.","publisher":{"@id":"https:\/\/www.estrategiaconcursos.com.br\/blog\/#organization"},"potentialAction":[{"@type":"SearchAction","target":{"@type":"EntryPoint","urlTemplate":"https:\/\/www.estrategiaconcursos.com.br\/blog\/?s={search_term_string}"},"query-input":{"@type":"PropertyValueSpecification","valueRequired":true,"valueName":"search_term_string"}}],"inLanguage":"pt-BR"},{"@type":"Organization","@id":"https:\/\/www.estrategiaconcursos.com.br\/blog\/#organization","name":"Estrat\u00e9gia Concursos","url":"https:\/\/www.estrategiaconcursos.com.br\/blog\/","logo":{"@type":"ImageObject","inLanguage":"pt-BR","@id":"https:\/\/www.estrategiaconcursos.com.br\/blog\/#\/schema\/logo\/image\/","url":"https:\/\/dhg1h5j42swfq.cloudfront.net\/2025\/06\/03203428\/logo_concursos-1.jpg","contentUrl":"https:\/\/dhg1h5j42swfq.cloudfront.net\/2025\/06\/03203428\/logo_concursos-1.jpg","width":230,"height":60,"caption":"Estrat\u00e9gia Concursos"},"image":{"@id":"https:\/\/www.estrategiaconcursos.com.br\/blog\/#\/schema\/logo\/image\/"},"sameAs":["https:\/\/x.com\/EstratConcursos"]},{"@type":"Person","@id":"https:\/\/www.estrategiaconcursos.com.br\/blog\/#\/schema\/person\/8d088d35995a851f83b2256633153f3b","name":"Celso Natale","image":{"@type":"ImageObject","inLanguage":"pt-BR","@id":"https:\/\/secure.gravatar.com\/avatar\/c8fbdcaa043a22980f0e38d9de732508e2163cd4ee3835f9403347be9a456cc8?s=96&d=mm&r=g","url":"https:\/\/secure.gravatar.com\/avatar\/c8fbdcaa043a22980f0e38d9de732508e2163cd4ee3835f9403347be9a456cc8?s=96&d=mm&r=g","contentUrl":"https:\/\/secure.gravatar.com\/avatar\/c8fbdcaa043a22980f0e38d9de732508e2163cd4ee3835f9403347be9a456cc8?s=96&d=mm&r=g","caption":"Celso Natale"},"url":"https:\/\/www.estrategiaconcursos.com.br\/blog\/author\/celsonatalegmail-com\/"}]}},"_links":{"self":[{"href":"https:\/\/www.estrategiaconcursos.com.br\/blog\/wp-json\/wp\/v2\/posts\/1137276","targetHints":{"allow":["GET"]}}],"collection":[{"href":"https:\/\/www.estrategiaconcursos.com.br\/blog\/wp-json\/wp\/v2\/posts"}],"about":[{"href":"https:\/\/www.estrategiaconcursos.com.br\/blog\/wp-json\/wp\/v2\/types\/post"}],"author":[{"embeddable":true,"href":"https:\/\/www.estrategiaconcursos.com.br\/blog\/wp-json\/wp\/v2\/users\/1186"}],"replies":[{"embeddable":true,"href":"https:\/\/www.estrategiaconcursos.com.br\/blog\/wp-json\/wp\/v2\/comments?post=1137276"}],"version-history":[{"count":4,"href":"https:\/\/www.estrategiaconcursos.com.br\/blog\/wp-json\/wp\/v2\/posts\/1137276\/revisions"}],"predecessor-version":[{"id":1154916,"href":"https:\/\/www.estrategiaconcursos.com.br\/blog\/wp-json\/wp\/v2\/posts\/1137276\/revisions\/1154916"}],"wp:attachment":[{"href":"https:\/\/www.estrategiaconcursos.com.br\/blog\/wp-json\/wp\/v2\/media?parent=1137276"}],"wp:term":[{"taxonomy":"category","embeddable":true,"href":"https:\/\/www.estrategiaconcursos.com.br\/blog\/wp-json\/wp\/v2\/categories?post=1137276"},{"taxonomy":"post_tag","embeddable":true,"href":"https:\/\/www.estrategiaconcursos.com.br\/blog\/wp-json\/wp\/v2\/tags?post=1137276"},{"taxonomy":"tax_estado","embeddable":true,"href":"https:\/\/www.estrategiaconcursos.com.br\/blog\/wp-json\/wp\/v2\/tax_estado?post=1137276"}],"curies":[{"name":"wp","href":"https:\/\/api.w.org\/{rel}","templated":true}]}}