{"id":1135581,"date":"2022-12-07T10:40:50","date_gmt":"2022-12-07T13:40:50","guid":{"rendered":"https:\/\/www.estrategiaconcursos.com.br\/blog\/?p=1135581"},"modified":"2023-01-18T14:03:33","modified_gmt":"2023-01-18T17:03:33","slug":"sarah-2022-fisioterapia-prova-comentada","status":"publish","type":"post","link":"https:\/\/www.estrategiaconcursos.com.br\/blog\/sarah-2022-fisioterapia-prova-comentada\/","title":{"rendered":"Rede Sarah 2022: Confira a prova comentada de Fisioterapia"},"content":{"rendered":"\n<p>Ol\u00e1 &#8230; vamos abordar as quest\u00f5es objetivas espec\u00edficas da Prova da Rede Sarah (2022) de Fisioterapia.<\/p>\n\n\n\n<p>Ser\u00e3o abordadas todas as quest\u00f5es da Prova Objetiva espec\u00edfica da \u00e1rea de Fisioterapia, assim como, o gabarito oficial e o coment\u00e1rio das quest\u00f5es. Assim, voc\u00ea poder\u00e1 ter base para entrar com recursos, caso ache interessante. As quest\u00f5es ser\u00e3o colocadas em ordem, com o n\u00famero que aparece na prova, por tal motivo, iniciaremos na Quest\u00e3o 11, tal qual est\u00e1 na prova.<\/p>\n\n\n\n<p>Lembre-se que, s\u00f3 vale a pena entrar com recurso caso voc\u00ea tenha errado a quest\u00e3o.<\/p>\n\n\n\n<h2 class=\"has-vivid-purple-color has-text-color wp-block-heading\" id=\"h-questoes-gabarito-comentario\">QUEST\u00d5ES \/ GABARITO \/ COMENT\u00c1RIO<\/h2>\n\n\n\n<p class=\"has-text-align-center has-vivid-cyan-blue-color has-black-background-color has-text-color has-background\">QUEST\u00c3O 11<\/p>\n\n\n\n<p>As articula\u00e7\u00f5es s\u00e3o encontradas em todo o esqueleto, por\u00e9m seu formato anat\u00f4mico e mobilidade variam de acordo com sua fun\u00e7\u00e3o. Acerca dessa tem\u00e1tica, assinale a op\u00e7\u00e3o correta.<\/p>\n\n\n\n<p>A &#8211; Na articula\u00e7\u00e3o diartrose do tipo g\u00ednglimo, o osso distal \u00e9 capaz de movimentar-se em torno de v\u00e1rios eixos, que t\u00eam um centro comum.<\/p>\n\n\n\n<p>B &#8211; A articula\u00e7\u00e3o sinartrose do tipo sindesmose \u00e9 uma articula\u00e7\u00e3o fibrosa especializada na fixa\u00e7\u00e3o dos dentes nas cavidades alveolares na mand\u00edbula e maxilas.<\/p>\n\n\n\n<p>C &#8211; Articula\u00e7\u00f5es classificadas como anfiartroses s\u00e3o as que permitem amplo grau de mobilidade, como entre os ossos temporal e mand\u00edbula.<\/p>\n\n\n\n<p>D &#8211; Na articula\u00e7\u00e3o sinartrose do tipo sutura, as extremidades dos ossos t\u00eam interdigita\u00e7\u00f5es, que os mant\u00eam intima e firmemente unidos. <\/p>\n\n\n\n<p class=\"has-black-color has-text-color\">GABARITO: D<\/p>\n\n\n\n<p class=\"has-vivid-cyan-blue-color has-text-color\">COMENT\u00c1RIO: Concordo com o gabarito da banca. <\/p>\n\n\n\n<p>A &#8211; ERRADA. Na articula\u00e7\u00e3o tipo g\u00ednglimo ocorre movimento em apenas um plano de movimento.<\/p>\n\n\n\n<p>B &#8211; ERRADA. Sindesmose \u2013 jun\u00e7\u00e3o de dois ossos (t\u00edbio \u2013 fibular). Dentes: Gonfose<\/p>\n\n\n\n<p>C &#8211; ERRADA. Anfiartrose: pouco movimento.<\/p>\n\n\n\n<p>D &#8211; CORRETA. <\/p>\n\n\n\n<p class=\"has-text-align-center has-vivid-cyan-blue-color has-black-background-color has-text-color has-background\">QUEST\u00c3O 12<\/p>\n\n\n\n<p>Segundo Dangelo e Fattini, em Anatomia Humana B\u00e1sica, &#8220;a simples observa\u00e7\u00e3o de um grupamento humano evidencia de imediato diferen\u00e7as morfol\u00f3gicas entre os elementos que comp\u00f5em o grupo&#8221;. A denomina\u00e7\u00e3o dessas diferen\u00e7as \u00e9 apresentada como varia\u00e7\u00e3o anat\u00f4mica.<\/p>\n\n\n\n<p>Com rela\u00e7\u00e3o \u00e0 varia\u00e7\u00e3o anat\u00f4mica e \u00e0 anomalia, assinale a op\u00e7\u00e3o correta.<\/p>\n\n\n\n<p>A &#8211; Uma altera\u00e7\u00e3o morfol\u00f3gica, como uma fenda palatina, que traz preju\u00edzo \u00e0 fun\u00e7\u00e3o pode ser caracterizada como anomalia.<\/p>\n\n\n\n<p>B &#8211; Quando o desvio anat\u00f4mico do padr\u00e3o \u00e9 severo, por\u00e9m compat\u00edvel com a vida, diz-se que se trata de uma monstruosidade.<\/p>\n\n\n\n<p>C &#8211; A agenesia de \u00f3rg\u00e3os vitais pode ser considerada uma anomalia que difere do normal, trazendo preju\u00edzo \u00e1 fun\u00e7\u00e3o, sendo incompat\u00edvel com a vida.<\/p>\n\n\n\n<p>D &#8211; Uma varia\u00e7\u00e3o anat\u00f4mica \u00e9 descrita como uma carater\u00edstica at\u00f4mica que difere do padr\u00e3o sendo compat\u00edvel com vida, por\u00e9m apresenta preju\u00edzo da fun\u00e7\u00e3o.<\/p>\n\n\n\n<p>GABARITO: A<\/p>\n\n\n\n<p class=\"has-vivid-cyan-blue-color has-text-color\">COMENT\u00c1RIO: Concordo com o gabarito da banca. <\/p>\n\n\n\n<p>A &#8211; CORRETA. Anomalia.&nbsp;<strong>\u00c9 uma altera\u00e7\u00e3o morfol\u00f3gica, que difere do normal, trazendo preju\u00edzo a fun\u00e7\u00e3o, por\u00e9m \u00e9 compat\u00edvel com a vida<\/strong>. Ex: ter uma dedo a mais na m\u00e3o, fenda palatina, irm\u00e3os siameses.<\/p>\n\n\n\n<p>B &#8211; ERRADA. <strong>\u00c9 uma altera\u00e7\u00e3o morfol\u00f3gica, que difere do normal, trazendo preju\u00edzo a fun\u00e7\u00e3o, sendo incompat\u00edvel com a vida<\/strong>.<\/p>\n\n\n\n<p>C &#8211; ERRADA. Nem sempre a agenesia \u00e9 incompat\u00edvel com a vida.<\/p>\n\n\n\n<p>D &#8211; ERRADA. A varia\u00e7\u00e3o anat\u00f4mica n\u00e3o apresentar\u00e1, necessariamente, preju\u00edzo da fun\u00e7\u00e3o.<\/p>\n\n\n\n<p class=\"has-text-align-center has-vivid-cyan-blue-color has-black-background-color has-text-color has-background\">QUEST\u00c3O 13<\/p>\n\n\n\n<p>Acerca do processo de hematopoiese medular, assinale a op\u00e7\u00e3o correta.<\/p>\n\n\n\n<p>A &#8211; A medula amarela \u00f3ssea \u00e9 respons\u00e1vel pelo processo de produ\u00e7\u00e3o de c\u00e9lulas sangu\u00edneas em adultos.<\/p>\n\n\n\n<p>B &#8211; A medula vermelha \u00e9 rica em c\u00e9lulas-tronco medulares, capazes de formar tipos celulares sangu\u00edneos distintos. <\/p>\n\n\n\n<p>C &#8211; A produ\u00e7\u00e3o de c\u00e9lulas sangu\u00edneas recebe o nome de homeostase, ocorrendo estritamente nos ossos longos.<\/p>\n\n\n\n<p>D &#8211; A hematopoiese acontece na regi\u00e3o da di\u00e1fise dentro das trab\u00e9culas dos ossos corticais.<\/p>\n\n\n\n<p>GABARITO: B<\/p>\n\n\n\n<p class=\"has-vivid-cyan-blue-color has-text-color\">COMENT\u00c1RIO: Concordo com o gabarito da banca. <\/p>\n\n\n\n<p>A &#8211; ERRADA. A medula \u00f3ssea amarela \u00e9 composta por gordura (tecido adiposo)<\/p>\n\n\n\n<p>B &#8211; CORRETA. A medula \u00f3ssea \u00e9 dotada de fibras reticulares e c\u00e9lulas- tronco medulares. Tais c\u00e9lulas s\u00e3o multipotentes (ou pluripotentes), ou seja, podem dar origem aos diversos tipos de c\u00e9lulas sangu\u00edneas, e s\u00e3o descendentes das c\u00e9lulas tronco embrion\u00e1rias. As c\u00e9lulas tronco embrion\u00e1rias s\u00e3o totipotentes, ou seja, n\u00e3o s\u00f3 d\u00e3o origem \u00e0s c\u00e9lulas sangu\u00edneas, como a qualquer outro tipo de c\u00e9lula do organismo.<\/p>\n\n\n\n<p>C &#8211; ERRADA. Hematose \u00e9 o processo de troca gasosa e oxigena\u00e7\u00e3o do sangue.<\/p>\n\n\n\n<p>D &#8211; ERRADA. A hematopoiese ocorre na medula vermelha.<\/p>\n\n\n\n<p>A medula vermelha \u00e9 encontrada&nbsp;<strong>no canal medular dos ossos longos e nas cavidades dos ossos esponjosos<\/strong>. No adulto, o tecido hematopoi\u00e9tico forma parte da medula \u00f3ssea (medula vermelha) e \u00e9 o local onde&nbsp;<strong>ocorre<\/strong>&nbsp;a&nbsp;<strong>hematopoiese<\/strong>&nbsp;normal. O osso cortical \u00e9 a parte mais dura do osso (externa). Na ep\u00edfise encontram-se as trab\u00e9culas.<\/p>\n\n\n\n<p class=\"has-text-align-center has-vivid-cyan-blue-color has-black-background-color has-text-color has-background\">QUEST\u00c3O 14<\/p>\n\n\n\n<p>Somente neur\u00f4nios e c\u00e9lulas musculares s\u00e3o capazes de gerar potenciais de a\u00e7\u00e3o devido a uma propriedade chamada de excitabilidade. Sobre o processo descrito, assinale a op\u00e7\u00e3o correta.<\/p>\n\n\n\n<p>A &#8211; Durante a fase de refratariedade absoluta, um novo potencial de a\u00e7\u00e3o pode ser gerado durante a despolariza\u00e7\u00e3o, pois todos os canais voltaicos de s\u00f3dio j\u00e1 est\u00e3o abertos na sua velocidade m\u00e1xima.<\/p>\n\n\n\n<p>B &#8211; A despolariza\u00e7\u00e3o \u00e9 a primeira fase do potencial de a\u00e7\u00e3o. durante essa fase, ocorre um significativo aumento na permeabilidade aos \u00cdons pot\u00e1ssio na membrana celular.<\/p>\n\n\n\n<p>C &#8211; O est\u00edmulo adequado tem que ter um valor el\u00e9trico suficiente para reduzir a negatividade da c\u00e9lula neuronal at\u00e9 o valor limiar do potencial de a\u00e7\u00e3o. <\/p>\n\n\n\n<p>D &#8211; Durante a despolariza\u00e7\u00e3o, o interior da c\u00e9lula fica cada vez mais eletronegativo, at\u00e9 que o potencial chegue pr\u00f3ximo ao equil\u00edbrio de s\u00f3dio de -61mV.<\/p>\n\n\n\n<p>GABARITO: C<\/p>\n\n\n\n<p class=\"has-vivid-cyan-blue-color has-text-color\">COMENT\u00c1RIO: Concordo com o gabarito da banca. <\/p>\n\n\n\n<p>A &#8211; ERRADA. Durante a fase refrat\u00e1ria absoluta, n\u00e3o ser\u00e1 gerado potencial de a\u00e7\u00e3o.<\/p>\n\n\n\n<p>B &#8211; ERRADA. Aumenta a permeabilidade ao s\u00f3dio.<\/p>\n\n\n\n<p>C &#8211; CORRETA.<\/p>\n\n\n\n<p>D &#8211; ERRADA. Fica mais eletropositiva.<\/p>\n\n\n\n<p class=\"has-text-align-center has-vivid-cyan-blue-color has-black-background-color has-text-color has-background\">QUEST\u00c3O 15<\/p>\n\n\n\n<p>O controle da musculatura \u00e9 realizado pelo sistema nervoso, podendo a precis\u00e3o de cada movimento ser maior ou menor de acordo com a quantidade de unidades motoras envolvida na a\u00e7\u00e3o. Desse modo, os m\u00fasculos quadr\u00edceps e tibial anterior s\u00e3o respectivamente inervados pelos<\/p>\n\n\n\n<p>A &#8211; nervo tibial e nervo fibular.<\/p>\n\n\n\n<p>B &#8211; Nervo vasto medial e nervo tibial.<\/p>\n\n\n\n<p>C &#8211; Nervo femoral e nervo tibial.<\/p>\n\n\n\n<p>D &#8211; nervo femoral e nervo fibular. <\/p>\n\n\n\n<p>GABARITO: D<\/p>\n\n\n\n<p class=\"has-vivid-cyan-blue-color has-text-color\">COMENT\u00c1RIO: Concordo com o gabarito da banca. <\/p>\n\n\n\n<p>&#8211; Quadr\u00edceps: Femoral<\/p>\n\n\n\n<p>&#8211; Tibial Anterior: Fibular<\/p>\n\n\n\n<p class=\"has-text-align-center has-vivid-cyan-blue-color has-black-background-color has-text-color has-background\">QUEST\u00c3O 16 <\/p>\n\n\n\n<p>Em rela\u00e7\u00e3o \u00e0 anatomia e fisiologia do sistema cardiovascular, julgue os itens a seguir:<\/p>\n\n\n\n<p>I &#8211; A estimula\u00e7\u00e3o parassimp\u00e1tica retarda a ativa\u00e7\u00e3o do nodo sinoatrial, reduzindo assim a frequ\u00eancia card\u00edaca.<\/p>\n\n\n\n<p>II &#8211; Durante a contra\u00e7\u00e3o isovolum\u00e9trica, ocorre um aumento da press\u00e3o ventricular at\u00e9 o ponto de exceder a press\u00e3o arterial, promovendo o fechamento das valvas semilunares.<\/p>\n\n\n\n<p>III A estimula\u00e7\u00e3o simp\u00e1tica do tecido condutor prov\u00e9m do plexo card\u00edaco, enquanto a influ\u00eancia parassimp\u00e1tica tem origem no nervo vago.<\/p>\n\n\n\n<p>IV O n\u00f3 atrioventricular est\u00e1 ligado a uma rede de fibras que fazem seu trajeto pelo septo interventricular e depois pelas paredes dos ventr\u00edculos.<\/p>\n\n\n\n<p>Est\u00e3o certos apenas os itens<\/p>\n\n\n\n<p>A &#8211; I e II<\/p>\n\n\n\n<p>B &#8211; I, III e IV&nbsp;<\/p>\n\n\n\n<p>C &#8211; I, II e IV<\/p>\n\n\n\n<p>D &#8211; II e III<\/p>\n\n\n\n<p>GABARITO: B<\/p>\n\n\n\n<p class=\"has-vivid-cyan-blue-color has-text-color\">COMENT\u00c1RIO: Concordo com o gabarito da banca. <\/p>\n\n\n\n<p>I &#8211; CORRETA.<\/p>\n\n\n\n<p>II &#8211; ERRADA. Abre as v\u00e1lvulas semilunares.<\/p>\n\n\n\n<p>III CORRETA.<\/p>\n\n\n\n<p>IV CORRETA.<\/p>\n\n\n\n<p class=\"has-text-align-center has-vivid-cyan-blue-color has-black-background-color has-text-color has-background\">QUEST\u00c3O 17<\/p>\n\n\n\n<p>A ventila\u00e7\u00e3o \u00e9 descrita como a movimenta\u00e7\u00e3o do ar entre a atmosfera e os alv\u00e9olos pulmonares. Assinale a op\u00e7\u00e3o correta:<\/p>\n\n\n\n<p>A &#8211; Enquanto a expira\u00e7\u00e3o \u00e9 ativa, a inspira\u00e7\u00e3o \u00e9 um processo passivo, pois usa o recuo el\u00e1stico dos m\u00fasculos e dos pulm\u00f5es.<\/p>\n\n\n\n<p>B &#8211; Durante a expira\u00e7\u00e3o for\u00e7ada, o diafragma contra\u00ed e puxa as superf\u00edcies inferiores dos pulm\u00f5es para baixo, simultaneamente, os m\u00fasculos da inspira\u00e7\u00e3o elevam as costelas.<\/p>\n\n\n\n<p>C &#8211; Durante uma expira\u00e7\u00e3o normal, os intercostais externos e o diafragma relaxam. <\/p>\n\n\n\n<p>D &#8211; Durante uma inspira\u00e7\u00e3o normal, o volume intrator\u00e1cico reduz e a press\u00e3o intrapulmonar aumenta.<\/p>\n\n\n\n<p>GABARITO: C<\/p>\n\n\n\n<p class=\"has-vivid-cyan-blue-color has-text-color\">COMENT\u00c1RIO: Concordo com o gabarito da banca.<\/p>\n\n\n\n<p>A &#8211; ERRADA. A expira\u00e7\u00e3o \u00e9 passiva.<\/p>\n\n\n\n<p>B &#8211; ERRADA. O diafragma puxa as superf\u00edcies inferiores do pulm\u00e3o para baixo na inspira\u00e7\u00e3o.<\/p>\n\n\n\n<p>C &#8211; CORRETA. Os m\u00fasculos inspirat\u00f3rios relaxam e a expira\u00e7\u00e3o ocorre passivamente.<\/p>\n\n\n\n<p>D &#8211; ERRADA. O volume intrator\u00e1cico e a press\u00e3o intrapulmonar aumentam.<\/p>\n\n\n\n<p class=\"has-text-align-center has-vivid-cyan-blue-color has-black-background-color has-text-color has-background\">QUEST\u00c3O 18<\/p>\n\n\n\n<p>A respeito da divis\u00e3o funcional do sistema nervoso aut\u00f4nomo (SNA), assinale a op\u00e7\u00e3o correta.<\/p>\n\n\n\n<p>A &#8211; A saliva\u00e7\u00e3o, o peristaltismo, a secre\u00e7\u00e3o das gl\u00e2ndulas intr\u00ednsecas do p\u00e2ncreas e a libera\u00e7\u00e3o de bile pela ves\u00edcula biliar s\u00e3o a\u00e7\u00f5es realizadas pelo sistema nervoso simp\u00e1tico.<\/p>\n\n\n\n<p>B &#8211; O sistema nervoso parassimp\u00e1tico se origina nos segmentos tor\u00e1cico e lombar da medula espinal, por isso ele tamb\u00e9m \u00e9 chamado de divis\u00e3o toracolombar<\/p>\n\n\n\n<p>C &#8211; O sistema nervoso simp\u00e1tico possui origem craniana na regi\u00e3o do tronco encef\u00e1lico e na regi\u00e3o sacral nos segmentos entre S2-S4 da medula espinhal.<\/p>\n\n\n\n<p>D &#8211; Sobre o sistema cardiovascular, o efeito inotr\u00f3pico positivo e a vasoconstri\u00e7\u00e3o da circula\u00e7\u00e3o perif\u00e9rica s\u00e3o a\u00e7\u00f5es realizadas pelo sistema nervoso simp\u00e1tico. <\/p>\n\n\n\n<p>GABARITO: D<\/p>\n\n\n\n<p class=\"has-vivid-cyan-blue-color has-text-color\">COMENT\u00c1RIO: Concordo com o gabarito da banca.<\/p>\n\n\n\n<p>A &#8211; ERRADA. S\u00e3o a\u00e7\u00f5es realizadas pelo SNA parassimp\u00e1tico.<\/p>\n\n\n\n<p>B &#8211; ERRADA. Esse \u00e9 o SNA simp\u00e1tico<\/p>\n\n\n\n<p>C &#8211; ERRADA. Esse \u00e9 o SNA parassimp\u00e1tico<\/p>\n\n\n\n<p>D &#8211; CORRETA. O SNA simp\u00e1tico aumenta a for\u00e7a de contra\u00e7\u00e3o card\u00edaca e tamb\u00e9m provoca vasoconstri\u00e7\u00e3o perif\u00e9rica.<\/p>\n\n\n\n<p class=\"has-text-align-center has-vivid-cyan-blue-color has-black-background-color has-text-color has-background\">QUEST\u00c3O 19<\/p>\n\n\n\n<p>Em rela\u00e7\u00e3o \u00e0 anatomia e as fun\u00e7\u00f5es da coluna vertebral, assinale a op\u00e7\u00e3o correta.<\/p>\n\n\n\n<p>A &#8211; O axis ou C2 \u00e9 considerado uma vertebra atipica por n\u00e3o ter corpo vertebral ou processo espinhoso. O axis se articula superiormente com a C1 atrav\u00e9s do disco interverteral e das articula\u00e7\u00f5es interapofis\u00e1ria.<\/p>\n\n\n\n<p>B &#8211; O hiato sacral \u00e9 uma abertura na regi\u00e3o distal do sacro formada pela aus\u00eancia de fus\u00e3o dos arcos posteriores da quinta v\u00e9rtebra sacral. <\/p>\n\n\n\n<p>C &#8211; A regi\u00e3o tor\u00e1cica apresenta, como caracter\u00edstica t\u00edpica, curvatura com concavidade anterior, suas v\u00e9rtebras possuem um processo espinhoso longo e inclinado para baixo.<\/p>\n\n\n\n<p>D &#8211; Vertebras lombares s\u00e3o as mais resistentes da coluna vertebral, apresentam curvatura com concavidade posterior e s\u00e3o caracterizadas pela presen\u00e7a de um processo espinhoso bifurcado.<\/p>\n\n\n\n<p>GABARITO: B<\/p>\n\n\n\n<p class=\"has-vivid-cyan-blue-color has-text-color\">COMENT\u00c1RIO: Dis ordo do gabarito da banca, no meu ponto de vista, tanto as alternativas B quanto C est\u00e3o corretas.<\/p>\n\n\n\n<p>A &#8211; ERRADA. Entre C1 e C2 existem tr\u00eas articula\u00e7\u00f5es: a central ou medial articula\u00e7\u00e3o atlantoaxial, onde o processo odont\u00f3ide articula com a por\u00e7\u00e3o posterior do arco anterior do atlas e o processo transverso \u2013 essas estruturas formam uma esp\u00e9cie de anel, que o dente do \u00e1xis est\u00e1 inserido; duas articula\u00e7\u00f5es atlantoaxiais laterais entre as facetas inferiores do atlas e as superiores do \u00e1xis.<\/p>\n\n\n\n<p>B &#8211; O hiato sacral situa-se na parte inferior da parede posterior do sacro e se forma pela aus\u00eancia de fus\u00e3o dorsal dos arcos posteriores da quinta v\u00e9rtebra sacral. Pode ser facilmente identificado pela palpa\u00e7\u00e3o como uma fenda triangular, com forma de &#8220;v&#8221; invertido, acima da goteira sacrococc\u00edgea<\/p>\n\n\n\n<p>C &#8211; CORRETA. A cifose&nbsp;<strong>\u00e9 uma curvatura natural da coluna vertebral, de convexidade posterior (na regi\u00e3o tor\u00e1cica)<\/strong>. O processo espinhoso&nbsp;<strong>\u00e9 espesso, longo e quase horizontal<\/strong>.&nbsp;O processo espinhoso costuma ser longo, apontando quase que inferiormente.<\/p>\n\n\n\n<p>D &#8211; ERRADA. Processo espinhoso bifurcado s\u00f3 de C3 a C6.<\/p>\n\n\n\n<p class=\"has-text-align-center has-vivid-cyan-blue-color has-black-background-color has-text-color has-background\">QUEST\u00c3O 20<\/p>\n\n\n\n<p>As informa\u00e7\u00f5es para o sistema nervoso s\u00e3o fornecidas pelos receptores sensoriais que detectam est\u00edmulos como tato, som, luz, dor, frio e calor. A respeito dos mecanismos b\u00e1sicos pelos<\/p>\n\n\n\n<p>quais esses receptores transformam os est\u00edmulos sensoriais em sinais neurais, assinale a op\u00e7\u00e3o correta.<\/p>\n\n\n\n<p>A &#8211; Os receptores que se adaptam rapidamente s\u00e3o os mais adequados para transmitir sinal cont\u00ednuo, porque s\u00e3o estimulados apenas quando a for\u00e7a do est\u00edmulo se altera.<\/p>\n\n\n\n<p>B &#8211; Na fadiga sin\u00e1ptica, a transmiss\u00e3o sin\u00e1ptica fica progressivamente mais fraca quanto mais prolongado e mais intenso for o per\u00edodo de excita\u00e7\u00e3o. ok<\/p>\n\n\n\n<p>C &#8211; Os circuitos reverberantes ou oscilat\u00f3rios s\u00e3o causados por feedback negativo dentro do circuito neuronal, quando o est\u00edmulo retorna excitando novamente uma afer\u00eancia desse circuito.<\/p>\n\n\n\n<p>D &#8211; Quimiorreceptores s\u00e3o receptores capazes de detectar a luz que incide na retina dos olhos.<\/p>\n\n\n\n<p>GABARITO: B<\/p>\n\n\n\n<p class=\"has-vivid-cyan-blue-color has-text-color\">COMENT\u00c1RIO: Concordo com o gabarito da banca.<\/p>\n\n\n\n<p>A &#8211; ERRADA. Os receptores que se adaptam lentamente s\u00e3o mais adequados.<\/p>\n\n\n\n<p>B &#8211; CORRETA. Fadiga sin\u00e1ptica. Se os est\u00edmulos de alta frequ\u00eancia se prolongarem, a membrana p\u00f3s-sin\u00e1ptica apresenta fadiga, resultando na suspens\u00e3o tempor\u00e1ria da transmiss\u00e3o nervosa, devido ao esgotamento do NT e \u00e0 inativa\u00e7\u00e3o dos receptores p\u00f3s-sin\u00e1pticos.<\/p>\n\n\n\n<p>C &#8211; ERRADA. <strong>Circuito reverberante<\/strong>&nbsp;(<strong>oscilat\u00f3rio<\/strong>): causado por retroalimenta\u00e7\u00e3o positiva &#8230; daquele&nbsp;<strong>circuito<\/strong>, podendo ser constitu\u00eddo por um \u00fanico&nbsp;<strong>ou<\/strong>&nbsp;muitos neur\u00f4nios.<\/p>\n\n\n\n<p>D &#8211; ERRADA. Esses s\u00e3o os fotorreceptores.<\/p>\n\n\n\n<p class=\"has-text-align-center has-vivid-cyan-blue-color has-black-background-color has-text-color has-background\">QUEST\u00c3O 21<\/p>\n\n\n\n<p>No \u00e2mbito da biomec\u00e2nica, o movimento deve ser avaliado na perspectiva n\u00e3o apenas da cinem\u00e1tica, mas tamb\u00e9m da cin\u00e9tica.<\/p>\n\n\n\n<p>Entre os fatores que influenciam a cin\u00e9tica incluem-se<\/p>\n\n\n\n<p>A &#8211; fric\u00e7\u00e3o e resist\u00eancia externa. <\/p>\n\n\n\n<p>B-&nbsp; velocidade e equil\u00edbrio em movimento constante.<\/p>\n\n\n\n<p>C &#8211; velocidade e acelera\u00e7\u00e3o.<\/p>\n\n\n\n<p>D &#8211; deslocamento espacial e temporal.<\/p>\n\n\n\n<p>GABARITO: A<\/p>\n\n\n\n<p class=\"has-vivid-cyan-blue-color has-text-color\">COMENT\u00c1RIO: Concordo com o gabarito da banca.<\/p>\n\n\n\n<p>Cin\u00e9tica \u00e9 o ramo da mec\u00e2nica que lida com as for\u00e7as que produzem, det\u00eam ou modificam o movimento dos corpos inertes ou vivos. As for\u00e7as analisadas s\u00e3o: gravidade, m\u00fasculo, fric\u00e7\u00e3o e resist\u00eancia externa adicional.<\/p>\n\n\n\n<p class=\"has-text-align-center has-vivid-cyan-blue-color has-black-background-color has-text-color has-background\">QUEST\u00c3O 22<\/p>\n\n\n\n<p>Quando um paciente com defici\u00eancia motora se transfere da cadeira de rodas para um tablado, a a\u00e7\u00e3o de alguns fatores f\u00edsicos \u00e9 essencial para que o movimento ocorra de modo adequado. Nesse caso, o sistema que serve como conex\u00e3o prim\u00e1ria entre a biomec\u00e2nica e a fisiologia do exerc\u00edcio \u00e9 o<\/p>\n\n\n\n<p>A &#8211; cardiovascular.<\/p>\n\n\n\n<p>B &#8211; respirat\u00f3rio.<\/p>\n\n\n\n<p>C \u2013 end\u00f3crino<\/p>\n\n\n\n<p>D &#8211; neuro-muscular.<\/p>\n\n\n\n<p>GABARITO: C<\/p>\n\n\n\n<p class=\"has-vivid-cyan-blue-color has-text-color\">COMENT\u00c1RIO: Discordo do gabarito da banca. <\/p>\n\n\n\n<p>N\u00e3o encontrei refer\u00eancia na literatura que justificasse qualquer uma das alternativas. <\/p>\n\n\n\n<p>Minha sugest\u00e3o para recurso: n\u00e3o h\u00e1 no conte\u00fado do edital &#8220;fisiologia do exerc\u00edcio&#8221;, portanto, n\u00e3o poderia ser cobrado na prova.<\/p>\n\n\n\n<p class=\"has-text-align-center has-vivid-cyan-blue-color has-black-background-color has-text-color has-background\">QUEST\u00c3O 23<\/p>\n\n\n\n<p>Um paciente com dist\u00farbio neuromuscular foi submetido a teste de resist\u00eancia m\u00e1xima para avalia\u00e7\u00e3o da for\u00e7a e da qualidade do movimento com o prop\u00f3sito de movimento de extens\u00e3o de joelho. O m\u00e1ximo de for\u00e7a realizada correspondeu a 45% do peso corporal, considerado normal. O paciente gastou 1.4s para elevar o peso por 90 cm e 1.9 s para retomar a posi\u00e7\u00e3o inicial.<\/p>\n\n\n\n<p>Nessa situa\u00e7\u00e3o hipot\u00e9tica, a velocidade vertical conc\u00eantrica e a exc\u00eantrica medidas em metros por segundo no referido teste s\u00e3o, da respectivamente, iguais a<\/p>\n\n\n\n<p>A &#8211; 64,28 e 47,39.<\/p>\n\n\n\n<p>B &#8211; 0.47 e 0,64.<\/p>\n\n\n\n<p>C &#8211; 0,64 e 0,47 <\/p>\n\n\n\n<p>D &#8211; 47,36 e 64,28.<\/p>\n\n\n\n<p>GABARITO: C<\/p>\n\n\n\n<p class=\"has-vivid-cyan-blue-color has-text-color\">COMENT\u00c1RIO: Discordo da banca nessa quest\u00e3o, pois a banca fala em c\u00e1lculo da velocidade vertical, mas nas alternativas, apresentou o resulto como o c\u00e1lculo da velocidade. Muito embora, ao fazer o c\u00e1lculo da velocidade, ache o gabarito apresentado pela banca.<\/p>\n\n\n\n<p>(V = DIST\u00c2NCIA \/ TEMPO)<\/p>\n\n\n\n<p>V = 0,9 \/ 1.4 = 0,64<\/p>\n\n\n\n<p>V = 0,9 \/ 1,9 = 0,47<\/p>\n\n\n\n<p class=\"has-text-align-center has-vivid-cyan-blue-color has-black-background-color has-text-color has-background\">QUEST\u00c3O 24<\/p>\n\n\n\n<p>A for\u00e7a muscular \u00e9 reconhecida como um importante componente da capacidade f\u00edsica humana. Entretanto, a qualidade do movimento est\u00e1 relacionada n\u00e3o apenas a esse componente, mas tamb\u00e9m a pot\u00eancia muscular.<\/p>\n\n\n\n<p>Os pr\u00e9-requisitos necess\u00e1rios para o desenvolvimento de maiores n\u00edveis de for\u00e7a e de pot\u00eancia musculares s\u00e3o, respectivamente,<\/p>\n\n\n\n<p>A &#8211; a\u00e7\u00e3o muscular isocin\u00e9tica a partir do posicionamento de relaxamento m\u00e1ximo e movimento muscular isot\u00f4nico a 100% da m\u00e1xima velocidade.<\/p>\n\n\n\n<p>B &#8211; a\u00e7\u00e3o muscular isom\u00e9trica a partir de determinada angula\u00e7\u00e3o e movimento muscular isot\u00f4nico a 30% da m\u00e1xima velocidade.<\/p>\n\n\n\n<p>C &#8211; a\u00e7\u00e3o muscular isom\u00e9trica a partir do posicionamento de relaxamento m\u00e1ximo e movimento muscular isocin\u00e9tico a 100% da m\u00e1xima velocidade.<\/p>\n\n\n\n<p>D &#8211; a\u00e7\u00e3o muscular isocin\u00e9tica a partir de determinada angula\u00e7\u00e3o e movimento muscular isot\u00f4nico a 60% da m\u00e1xima velocidade.<\/p>\n\n\n\n<p>GABARITO: B<\/p>\n\n\n\n<p class=\"has-vivid-cyan-blue-color has-text-color\">COMENT\u00c1RIO: Discordo com o gabarito da banca.<\/p>\n\n\n\n<p>A velocidade real do movimento s\u00f3 pode ser medida no aparelho isocin\u00e9tico. Se houvesse uma alternativa correta, seria a letra B. Ou a quest\u00e3o deveria ser anulada.<\/p>\n\n\n\n<p class=\"has-text-align-center has-vivid-cyan-blue-color has-black-background-color has-text-color has-background\">QUEST\u00c3O 25<\/p>\n\n\n\n<p>S\u00e3o, respectivamente, exemplos de movimento linear e angular<\/p>\n\n\n\n<p>A &#8211; o de um andador durante um treino de marcha; e o do deslocamento de uma bengala em rela\u00e7\u00e3o ao solo.<\/p>\n\n\n\n<p>B &#8211; o de um paciente que esteja girando a roda de uma cadeira de rodas; e o da trajet\u00f3ria de uma bola terap\u00eautica sendo arremessada durante um treino funcional.<\/p>\n\n\n\n<p>C &#8211; o da trajet\u00f3ria de uma bola terap\u00eautica sendo arremessada durante um treino funcional; e o de um paciente que esteja girando o pedal de uma bicicleta. <\/p>\n\n\n\n<p>D &#8211; o de um paciente que esteja girando a roda de uma cadeira de rodas; e o da perna de um paciente durante a realiza\u00e7\u00e3o de um teste de caminhada de 6 min.<\/p>\n\n\n\n<p>GABARITO: C<\/p>\n\n\n\n<p>COMENT\u00c1RIO: Concordo com o gabarito da banca.<\/p>\n\n\n\n<p>Movimento linear = deslocamento \/ trajet\u00f3ria<\/p>\n\n\n\n<p class=\"has-vivid-cyan-blue-color has-text-color\">Movimento angular: rota\u00e7\u00e3o na articula\u00e7\u00e3o<\/p>\n\n\n\n<p>Ao pedalar, o ciclista produz um movimento circular que \u00e9 transmitido \u00e0 coroa dentada. Pedais e coroa giram com a mesma velocidade angular. O movimento circular da coroa dentada \u00e9 transmitida, pela corrente de transmiss\u00e3o, \u00e0 uma pequena coroa existente na roda traseira, chamada normalmente de pinh\u00e3o.<\/p>\n\n\n\n<p class=\"has-text-align-center has-vivid-cyan-blue-color has-black-background-color has-text-color has-background\">QUEST\u00c3O 26<\/p>\n\n\n\n<p>Entre os crit\u00e9rios determinantes para a escolha de uma medida de avalia\u00e7\u00e3o em fisioterapia est\u00e3o as propriedades clinim\u00e9tricas do instrumento a ser utilizado, entre as quais s\u00e3o de extrema relev\u00e2ncia a reprodutibilidade e a consist\u00eancia. O instrumento que possui propriedades clinim\u00e9tricas superiores \u00e9 conhecido, como<\/p>\n\n\n\n<p>A &#8211; goni\u00f4metro, na goniometria ativa.<\/p>\n\n\n\n<p>B &#8211; fotogravador para fotogrametria passiva.<\/p>\n\n\n\n<p>C &#8211; dinam\u00f4metro manual port\u00e1til. <\/p>\n\n\n\n<p>D &#8211; teste de agachamento unipodal.<\/p>\n\n\n\n<p>GABARITO: C<\/p>\n\n\n\n<p class=\"has-vivid-cyan-blue-color has-text-color\">COMENT\u00c1RIO: Concordo com o gabarito da banca.<\/p>\n\n\n\n<p>Dinam\u00f4metro manual port\u00e1til: <\/p>\n\n\n\n<p>Devido \u00e0 simplicidade, baixo custo e reprodutibilidade da t\u00e9cnica, a medida da for\u00e7a de preens\u00e3o manual (FPM) \u00e9 extensamente usada para avaliar les\u00f5es<\/p>\n\n\n\n<p class=\"has-text-align-center has-vivid-cyan-blue-color has-black-background-color has-text-color has-background\">QUEST\u00c3O 27<\/p>\n\n\n\n<p>O teste de caminhada de 6 min \u00e9 um teste campo amplamente utilizado para avalia\u00e7\u00e3o funcional, sendo indicado, no que diz respeito a pacientes com sequelas de covid-19, para a avalia\u00e7\u00e3o da<\/p>\n\n\n\n<p>A &#8211; capacidade de equilibrio est\u00e1tico e funcional.<\/p>\n\n\n\n<p>B &#8211; for\u00e7a muscular esquel\u00e9tica.<\/p>\n\n\n\n<p>C &#8211; amplitude de movimento.<\/p>\n\n\n\n<p>D &#8211; capacidade cardiorrespirat\u00f3ria. <\/p>\n\n\n\n<p>GABARITO: D<\/p>\n\n\n\n<p class=\"has-vivid-cyan-blue-color has-text-color\">COMENT\u00c1RIO: Concordo com o gabarito da banca<\/p>\n\n\n\n<p>E o que o TC6 avalia? Esse teste tem sido usado mundialmente como preditor de mortalidade em v\u00e1rias patologias, como insufici\u00eancia card\u00edaca, DPOC e hipertens\u00e3o arterial pulmonar idiop\u00e1tica. Tamb\u00e9m tem sido utilizado na avalia\u00e7\u00e3o de:<\/p>\n\n\n\n<ul class=\"wp-block-list\"><li>oxigenoterapia ambulatorial;<\/li><\/ul>\n\n\n\n<ul class=\"wp-block-list\"><li>fibrose pulmonar idiop\u00e1tica;<\/li><\/ul>\n\n\n\n<ul class=\"wp-block-list\"><li>avalia\u00e7\u00e3o pr\u00e9-operat\u00f3ria e p\u00f3s-operat\u00f3ria de pacientes submetidos a cirurgia tor\u00e1cica (transplante de pulm\u00e3o, ressec\u00e7\u00e3o pulmonar e cirurgia para redu\u00e7\u00e3o de volume pulmonar) ou cirurgia bari\u00e1trica para obesidade m\u00f3rbida;<\/li><\/ul>\n\n\n\n<ul class=\"wp-block-list\"><li>em paciente cardiopata, esse teste tem apresentado correla\u00e7\u00e3o com o consumo m\u00e1ximo de oxig\u00eanio e progn\u00f3stico diferente de acordo com a severidade da doen\u00e7a card\u00edaca;<\/li><\/ul>\n\n\n\n<ul class=\"wp-block-list\"><li>avalia\u00e7\u00e3o de pacientes com DPOC, fibrose c\u00edstica ou fibromialgia;<\/li><\/ul>\n\n\n\n<ul class=\"wp-block-list\"><li><strong>avalia\u00e7\u00e3o da capacidade funcional<\/strong>.<\/li><\/ul>\n\n\n\n<p class=\"has-text-align-center has-vivid-cyan-blue-color has-black-background-color has-text-color has-background\">QUEST\u00c3O 28<\/p>\n\n\n\n<p>A medida de avalia\u00e7\u00e3o em fisioterapia tamb\u00e9m tem como finalidade avaliar a diferen\u00e7a cl\u00ednica minimamente relevante (MCID) de um tratamento, que consiste<\/p>\n\n\n\n<p>A &#8211; na menor diferen\u00e7a a ser obtida como resultado de um tratamento, para que este seja considerado relevante. <\/p>\n\n\n\n<p>B &#8211; na capacidade do instrumento para detectar mudan\u00e7as clinicamente relevantes ao longo do tempo.<\/p>\n\n\n\n<p>C &#8211; na capacidade de concord\u00e2ncia dos resultados de um instrumento aplicado repetidas vezes.<\/p>\n\n\n\n<p>D &#8211; no quanto o resultado da medida se relaciona com o m\u00e9todo denominado de padr\u00e3o ouro.<\/p>\n\n\n\n<p>GABARITO: A<\/p>\n\n\n\n<p class=\"has-vivid-cyan-blue-color has-text-color\">COMENT\u00c1RIO: Concordo com o gabarito da banca<\/p>\n\n\n\n<p>A Diferen\u00e7a Cl\u00ednica Minimamente Relevante (MCID)&nbsp;<strong>representa o valor m\u00ednimo que deve ser obtido em uma avalia\u00e7\u00e3o de resultado de um tratamento para ser considerado um benef\u00edcio ao paciente<\/strong><\/p>\n\n\n\n<p class=\"has-text-align-center has-vivid-cyan-blue-color has-black-background-color has-text-color has-background\">QUEST\u00c3O 29<\/p>\n\n\n\n<p>No que se refere aos recursos terap\u00eauticos utilizados pela fisioterapia para melhorar a amplitude de movimento articular e da vasculariza\u00e7\u00e3o Perif\u00e9rica, \u00e9 correto afirmar que a cinesioterapia<\/p>\n\n\n\n<p>A &#8211; com movimentos passivos \u00e9 mais ben\u00e9fica no tratamento de linfedema secund\u00e1rio ao c\u00e2ncer de mama,<\/p>\n\n\n\n<p>B &#8211; com movimentos passivos \u00e9 mais ben\u00e9fica no tratamento da ossifica\u00e7\u00e3o heterot\u00f3pica neurog\u00eanica<\/p>\n\n\n\n<p>C &#8211; com movimenta\u00e7\u00e3o passiva continua \u00e9 indicada para o tratamento de pacientes ap\u00f3s artroplastia de joelho para melhora da amplitude de movimento,<\/p>\n\n\n\n<p>D &#8211; com movimentos ativos produz efeitos ben\u00e9ficos no tratamento de pacientes com instabilidade multidirecional de ombro<\/p>\n\n\n\n<p>GABARITO: D<\/p>\n\n\n\n<p class=\"has-vivid-cyan-blue-color has-text-color\">COMENT\u00c1RIO: Discordo da banca. <\/p>\n\n\n\n<p>A resposta D encontra-se muito ampla, sem especificar o momento da les\u00e3o, a cadeia cin\u00e9tica na qual o exerc\u00edcio seria realizado e quais movimentos seriam realizados, pois alguns deles s\u00e3o contraindicados.<\/p>\n\n\n\n<p>No entanto, as demais quest\u00f5es tamb\u00e9m est\u00e3o erradas, de forma que essa quest\u00e3o, ao meu ver, deveria ser anulada.<\/p>\n\n\n\n<p class=\"has-text-align-center has-vivid-cyan-blue-color has-black-background-color has-text-color has-background\">QUEST\u00c3O 30<\/p>\n\n\n\n<p>Na cinesioterapia, o exerc\u00edcio pliom\u00e9trico<\/p>\n\n\n\n<p>A &#8211; consiste em uma atividade f\u00edsica din\u00e2mica em que a velocidade do trabalho muscular constante \u00e9 pr\u00e9-determinada e constante.<\/p>\n\n\n\n<p>B &#8211; \u00e9 uma forma de exerc\u00edcio realizada a partir de uma cadeia cin\u00e9tica, pela conex\u00e3o e transmiss\u00e3o de for\u00e7a entre os segmentos que se articulam, podendo ocorrer em cadeia cin\u00e9tica fechada ou aberta.<\/p>\n\n\n\n<p>C &#8211; tem como objetivo geral aperfei\u00e7oar a comunica\u00e7\u00e3o entre o sistema neuromusculoarticular perif\u00e9rico com o sistema nervoso central e o processamento das informa\u00e7\u00f5es dessa comunica\u00e7\u00e3o.<\/p>\n\n\n\n<p>D &#8211; utiliza o ciclo alongamento-encurtamento muscular como forma de produzir energia, como uma mola, facilitando o aumento da for\u00e7a e da pot\u00eancia musculares <\/p>\n\n\n\n<p>GABARITO: D<\/p>\n\n\n\n<p class=\"has-vivid-cyan-blue-color has-text-color\">COMENT\u00c1RIO: Discordo da banca.<\/p>\n\n\n\n<p>Entendo que tanto as alternativas C quanto D est\u00e3o corretas.<\/p>\n\n\n\n<p>A &#8211; ERRADA. N\u00e3o \u00e9 constante<\/p>\n\n\n\n<p>B &#8211; ERRADA. \u00c9 realizado em Cadeia Cin\u00e9tica fechada.<\/p>\n\n\n\n<p>C &#8211; CORRETA. Pois haver\u00e1 a ativa\u00e7\u00e3o de receptores articulares e musculares (SNP) que levar\u00e3o informa\u00e7\u00f5es aferentes aos SNC que as processar\u00e1 e enviar\u00e1 respostas eferentes de recrutamento motor diferenciado.<\/p>\n\n\n\n<p>D &#8211; CORRETA. A banca apresenta nessa alternativa a defini\u00e7\u00e0o de exerc\u00edcio pliom\u00e9trico.<\/p>\n\n\n\n<p class=\"has-text-align-center has-vivid-cyan-blue-color has-black-background-color has-text-color has-background\">QUEST\u00c3O 31<\/p>\n\n\n\n<p>Acerca da paralisia cerebral e demais condi\u00e7\u00f5es neurol\u00f3gicas e do espectro de avalia\u00e7\u00f5es fisioterap\u00eauticas correlatas, assinale a op\u00e7\u00e3o correta.<\/p>\n\n\n\n<p>A &#8211; O teste de sprint 10 m 5 m, que pertence ao dom\u00ednio de for\u00e7a e funcional, \u00e9 realizado solicitando-se ao individuo que fa\u00e7a 10 arrancadas de 5 m cada, sendo avaliado o tempo que leva para executar completamente esta manobra.<\/p>\n\n\n\n<p>B &#8211; O teste de caminhada de seis minutos pode ser usado para avaliar adultos com paralisia cerebral, de forma a fornecer informa\u00e7\u00f5es sobre o dom\u00ednio cognitivo e a marcha destes pacientes.<\/p>\n\n\n\n<p>C &#8211; O teste de medida da fun\u00e7\u00e3o motora grossa, cujo prop\u00f3sito \u00e9 identificar mudan\u00e7as fun\u00e7\u00e3o na motora grossa, principalmente diante de interven\u00e7\u00f5es, ao longo do tempo, pode ser usado em crian\u00e7as com atrofia muscular espinhal paralisia cerebral.<\/p>\n\n\n\n<p>D &#8211; O teste de levantar-se cronometrado (Timed Stand Test, em ingl\u00e9s) mede o tempo que o individuo completa 10 manobras de levantar-se de uma cadeira avaliando, portanto, apenas o dom\u00ednio cardiovascular de pacientes com les\u00e3o cerebral traum\u00e1tica e paralisia cerebral.<\/p>\n\n\n\n<p>GABARITO: C<\/p>\n\n\n\n<p class=\"has-vivid-cyan-blue-color has-text-color\">COMENT\u00c1RIO: Discordo da banca. N\u00e3o h\u00e1 alternativa correta.<\/p>\n\n\n\n<p>A &#8211; ERRADA. O teste de Sprint \u00e9 de 10 m. O teste de sprint de 10 m, onde ap\u00f3s um aquecimento e tr\u00eas corridas subm\u00e1ximas de 10 m cada, os sujeitos tinham que desempenhar 3 sprints m\u00e1ximos nesta dist\u00e2ncia com 2 min de recupera\u00e7\u00e3o entre eles. Foi utilizado um sistema de fotoc\u00e9lulas (Microgate, Bolzano, Italy) e o melhor tempo de sprint foi usado para an\u00e1lise estat\u00edstica.<\/p>\n\n\n\n<p>B &#8211; ERRADA. Avalia capacidade cardiorrespirat\u00f3ria e funcional.<\/p>\n\n\n\n<p>C &#8211; ERRADA. Se a quest\u00e3o estiver falando do GMFM ele \u00e9 utilizado apenas na PC.<\/p>\n\n\n\n<p>D &#8211; ERRADA. S\u00e3o utilizadas 5 repeti\u00e7\u00f5es.<\/p>\n\n\n\n<p class=\"has-text-align-center has-vivid-cyan-blue-color has-black-background-color has-text-color has-background\">QUEST\u00c3O 32<\/p>\n\n\n\n<p>Com rela\u00e7\u00e3o as doen\u00e7as neuromusculares, assinale a op\u00e7\u00e3o correta<\/p>\n\n\n\n<p>A &#8211;&nbsp; A atrofia muscular espinhal e a esclerose lateral amiotr\u00f3fica podem ser classificadas como doen\u00e7as do neur\u00f4nio motor. <\/p>\n\n\n\n<p>B &#8211; A distrofia muscular de Duchenne tem por mecanismo fisiopatol\u00f3gico uma muta\u00e7\u00e3o gen\u00e9tica que leva ao aumento da produ\u00e7\u00e3o de distrofia, que faz com que os pacientes evoluam com rigidez muscular.<\/p>\n\n\n\n<p>C &#8211;&nbsp; O acometimento sobre o neur\u00f4nio motor superior traz como sinais a flacidez, a hiporreflexia e as Fascicula\u00e7\u00f5es.<\/p>\n\n\n\n<p>D &#8211;&nbsp; A atrofia muscular espinhal descrita por Kugelberg-Welander apresenta o in\u00edcio dos sintomas numa fase mais tardia (at\u00e9 os 18 meses de vida), se comparada \u00e0s formas do tipo II e III, e tem como marco evolutivo motor a manuten\u00e7\u00e3o da capacidade de deambula\u00e7\u00e3o, entretanto, n\u00e3o permitindo que o paciente possa correr.<\/p>\n\n\n\n<p>GABARITO: A<\/p>\n\n\n\n<p class=\"has-vivid-cyan-blue-color has-text-color\">COMENT\u00c1RIO: Concordo com o gabarito da banca<\/p>\n\n\n\n<p>A &#8211;&nbsp; CORRETA.<\/p>\n\n\n\n<p>B &#8211; ERRADA. Ocorre diminui\u00e7\u00e3o da distrofina<\/p>\n\n\n\n<p>C &#8211;&nbsp; ERRADA. Os sinais s\u00e3o hipertonia el\u00e1stica e hiperreflexia.<\/p>\n\n\n\n<p>D &#8211;&nbsp; ERRADA. A atrofia muscular espinhal descrita por Kugelberg-Welander \u00e9 o tipo III \u2013 Juvenil<\/p>\n\n\n\n<p class=\"has-text-align-center has-vivid-cyan-blue-color has-black-background-color has-text-color has-background\">QUEST\u00c3O 33<\/p>\n\n\n\n<p>Acerca dos recursos e das t\u00e9cnicas em fisioterapia e a fisioterapia neurofuncional, assinale a op\u00e7\u00e3o correta.<\/p>\n\n\n\n<p>A &#8211; Em crian\u00e7as com paralisia cerebral, a equoterapia apresenta efeitos positivos sobre o controle postural e equil\u00edbrio. ok<\/p>\n\n\n\n<p>B &#8211; O uso de videogame, ainda que comercial, para a reabilita\u00e7\u00e3o de pacientes com paralisia cerebral, \u00e9 ineficaz para causar efeitos positivos que incluam ganhos sobre a fun\u00e7\u00e3o motora grossa, n\u00edvel de atividade f\u00edsica e equil\u00edbrio desses pacientes.<\/p>\n\n\n\n<p>C &#8211; O emprego do campo magn\u00e9tico est\u00e1tico para o tratamento de pacientes com s\u00edndrome p\u00f3s poliomielite e diminui\u00e7\u00e3o da resist\u00eancia dos m\u00fasculos deve ser evitado, uma vez que n\u00e3o proporciona ganhos na for\u00e7a muscular e na redu\u00e7\u00e3o da fadiga e da dor.<\/p>\n\n\n\n<p>D &#8211; Crian\u00e7as submetidas \u00e0 corre\u00e7\u00e3o cir\u00fargica de les\u00e3o obst\u00e9trica do plexo braquial apresentam melhores resultados sobre amplitude de movimento e ganho de for\u00e7a, 12 meses ap\u00f3s cirurgia, se permanecerem com o bra\u00e7o em quest\u00e3o im\u00f3vel nos 6 primeiros meses da cirurgia.<\/p>\n\n\n\n<p>GABARITO: A<\/p>\n\n\n\n<p class=\"has-vivid-cyan-blue-color has-text-color\">COMENT\u00c1RIO: Concordo com o gabarito da banca<\/p>\n\n\n\n<p>A &#8211; CORRETA. Esses s\u00e3o efeitos comprovados da equoterapia<\/p>\n\n\n\n<p>B &#8211; ERRADA. Tem evid\u00eancias.<\/p>\n\n\n\n<p>C &#8211; ERRADA. Diminui\u00e7\u00e3o de resist\u00eancia dos m\u00fasculos n\u00e3o faz sentido.<\/p>\n\n\n\n<p>D &#8211; ERRADO. 2 a 3 semanas de enfaixamento. 2 a 4 anos de recupera\u00e7\u00e3o.<\/p>\n\n\n\n<p class=\"has-text-align-center has-vivid-cyan-blue-color has-black-background-color has-text-color has-background\">QUEST\u00c3O 34<\/p>\n\n\n\n<p>Assinale a op\u00e7\u00e3o correta, em rela\u00e7\u00e3o \u00e0 capsulite adesiva.<\/p>\n\n\n\n<p>A &#8211; Uma proposta de tratamento fisioterap\u00e9utico no est\u00e1gio 1, com presen\u00e7a importante de dor, seria associar gelo \u00e0 estimula\u00e7\u00e3o el\u00e9trica para modula\u00e7\u00e3o da dor, seguidos de mobiliza\u00e7\u00e3o articular de alta intensidade para garantir manuten\u00e7\u00e3o da amplitude de movimentos.<\/p>\n\n\n\n<p>B &#8211; A dor no ombro da capsulite adesiva, que limita a movimenta\u00e7\u00e3o da articula\u00e7\u00e3o, \u00e9 causada pela presen\u00e7a local de subst\u00e2ncias irritativas inflamat\u00f3rias.<\/p>\n\n\n\n<p>C &#8211; Nos est\u00e1gios evolutivos da capsulite adesiva, o quadro \u00e1lgico mesmo mantido em repouso est\u00e1 na g\u00eanese dos dist\u00farbios de sono associados a esta condi\u00e7\u00e3o.<\/p>\n\n\n\n<p>D &#8211; O diagn\u00f3stico de capsulite adesiva e seu d\u00e9ficit de mobilidade associado \u00e9 estabelecido a partir da hist\u00f3ria clinica e do exame fisico, complementados por exame de imagem que evidencie achados patognom\u00f4nicos no ombro.<\/p>\n\n\n\n<p>GABARITO: C<\/p>\n\n\n\n<p class=\"has-vivid-cyan-blue-color has-text-color\">COMENT\u00c1RIO: Discordo do gabarito da banca<\/p>\n\n\n\n<p>A &#8211; ERRADA. Alta intensidade n\u00e3o.<\/p>\n\n\n\n<p>B &#8211; ERRADA. N\u00e3o \u00e9 s\u00f3 a dor que limita a movimenta\u00e7\u00e3o, mas tamb\u00e9m o processo fibr\u00f3tico (congelamento).<\/p>\n\n\n\n<p>C &#8211; ERRADO. Com a evolu\u00e7\u00e3o da capsulite adesiva, o quadro \u00e1lgico melhora.<\/p>\n\n\n\n<p>D &#8211; CORRETA. A capsulite adesiva&nbsp;<strong>\u00e9 diagnosticada por meio da hist\u00f3ria cl\u00ednica do paciente, do exame f\u00edsico e de exames de imagem, principalmente o de resson\u00e2ncia magn\u00e9tica<\/strong>, que pode confirmar esse diagn\u00f3stico.<\/p>\n\n\n\n<p class=\"has-text-align-center has-vivid-cyan-blue-color has-black-background-color has-text-color has-background\">QUEST\u00c3O 35<\/p>\n\n\n\n<p>No que se refere a avalia\u00e7\u00e3o e tratamento fisioterap\u00eautico de pacientes com p\u00f3s-traumatismo cranioencef\u00e1lico (TCE), assinale op\u00e7\u00e3o correta<\/p>\n\n\n\n<p>A- Durante avalia\u00e7\u00e3o fisioter\u00e1pica, a identifica\u00e7\u00e3o de hipotens\u00e3o ortost\u00e1tica, ou ainda o surgimento de sintomas como cefaleia, diante do esfor\u00e7o em pacientes p\u00f3s-TCE n\u00e3o influencia na intensidade da prescri\u00e7\u00e3o de exerc\u00edcios<\/p>\n\n\n\n<p>B &#8211; N\u00e3o pertencem ao escopo da avalia\u00e7\u00e3o fisioterap\u00eautica as avalia\u00e7\u00f5es da fun\u00e7\u00e3o vest\u00edbulo-ocular motora, nem de disfun\u00e7\u00e3o auton\u00f3mica, sendo apenas necess\u00e1rias as avalia\u00e7\u00f5es de toler\u00e2ncia aos esfor\u00e7os, dos m\u00fasculos cervicais e fun\u00e7\u00e3o motora global<\/p>\n\n\n\n<p>C &#8211; Na avalia\u00e7\u00e3o de pacientes p\u00f3s-TCE, mesmo diante da identifica\u00e7\u00e3o de vertigem ou tontura, \u00e9 dispensada a abordagem vestibular especifica, sendo priorizados outros dom\u00ednios\/fun\u00e7\u00f5es para abordagem fisioterap\u00eautica, como as fun\u00e7\u00f5es motora, de coordena\u00e7\u00e3o e equil\u00edbrio marcha<\/p>\n\n\n\n<p>D &#8211; O inicio do programa de reabilita\u00e7\u00e3o visando recondicionamento f\u00edsico e cardiovascular em pacientes p\u00f3s- TCE deve sempre ser guiado pelo surgimento de sintomas diante do esfor\u00e7o, pois s\u00f3 deve ser iniciado quando houver estabiliza\u00e7\u00e3o desses sintomas<\/p>\n\n\n\n<p>GABARITO: D<\/p>\n\n\n\n<p class=\"has-vivid-cyan-blue-color has-text-color\">COMENT\u00c1RIO: Concordo com o gabarito da banca<\/p>\n\n\n\n<p>A- ERRADA. Influencia<\/p>\n\n\n\n<p>B &#8211; ERRADA. Pode ser feita pelo fisioterapeuta.<\/p>\n\n\n\n<p>C &#8211; ERRADA. N\u00e3o acredito que seja dispens\u00e1vel.<\/p>\n\n\n\n<p>D &#8211; CORRETA. Para implementa\u00e7\u00e3o do programa de reabilita\u00e7\u00e3o o paciente deve estar est\u00e1vel.<\/p>\n\n\n\n<p class=\"has-text-align-center has-vivid-cyan-blue-color has-black-background-color has-text-color has-background\">QUEST\u00c3O 36<\/p>\n\n\n\n<p>A respeito de fraturas, fisiopatologias, causas e fatores de risco associados, assinale a op\u00e7\u00e3o correta.<\/p>\n\n\n\n<p>A &#8211; No caso de uma atleta, velocista, apresentar amenorreia, bulimia e, recentemente, tiver alterado seu treinamento sendo Submetida a s\u00fabito e importante aumento de carga, essas condi\u00e7\u00f5es poder\u00e3o promover o surgimento de fratura por estresse. ok<\/p>\n\n\n\n<p>B &#8211; Um dos est\u00e1gios do reparo \u00f3sseo ap\u00f3s fratura \u00e9 caracterizado pela altera\u00e7\u00e3o no fluxo sangu\u00edneo local. Desde o momento da fratura, haver\u00e1 aumento local do fluxo sangu\u00edneo, sobre o qual agir\u00e1 concomitantemente regula\u00e7\u00e3o do fluxo sangu\u00edneo corporal, no sentido de manter fluxo normal em todo corpo, de modo a evitar diminui\u00e7\u00e3o em \u00e1reas sens\u00edveis.<\/p>\n\n\n\n<p>C &#8211; A consolida\u00e7\u00e3o final (uni\u00e3o das extremidades) de uma fratura do tipo cominutiva levar\u00e1 menos tempo se comparada a uma fratura do tipo transversa, j\u00e1 que a \u00e1rea da primeira tende a ser maior que a desta \u00faltima<\/p>\n\n\n\n<p>D &#8211; O aumento na vascularidade e a presen\u00e7a de quadro infeccioso s\u00e3o causas de fraturas n\u00e3o consolidadas ou de consolida\u00e7\u00e3o retardada.<\/p>\n\n\n\n<p>GABARITO: A<\/p>\n\n\n\n<p class=\"has-vivid-cyan-blue-color has-text-color\">COMENT\u00c1RIO: Concordo com o gabarito da banca<\/p>\n\n\n\n<p>A &#8211; CORRETA. A tr\u00edade da atleta \u00e9 uma s\u00edndrome que ocorre em adolescentes e mulheres fisicamente ativas. Os seus componentes inter-relacionados s\u00e3o dist\u00farbios alimentares, amenorr\u00e9ia e osteoporose<\/p>\n\n\n\n<p>As mulheres que tiverem um dos componentes da Tr\u00edade devem ser investigadas para os outros componentes. A investiga\u00e7\u00e3o da Tr\u00edade pode ser realizada no momento da avalia\u00e7\u00e3o pr\u00e9-participa\u00e7\u00e3o e durante a avalia\u00e7\u00e3o cl\u00ednica das seguintes condi\u00e7\u00f5es: altera\u00e7\u00f5es menstruais, padr\u00f5es alterados de alimenta\u00e7\u00e3o, altera\u00e7\u00f5es do peso corporal, arritmias card\u00edacas, incluindo bradicardia, depress\u00e3o ou fraturas de estresse<\/p>\n\n\n\n<p>B &#8211; ERRADA. A quest\u00e3o da a entender que haver\u00e1 grande dist\u00farbio hemodin\u00e2mico.<\/p>\n\n\n\n<p>C &#8211; ERRADA. Levar\u00e1 mais tempo.<\/p>\n\n\n\n<p>D &#8211; ERRADA. Aumento de vasculariza\u00e7\u00e3o n\u00e3o.<\/p>\n\n\n\n<p class=\"has-text-align-center has-vivid-cyan-blue-color has-black-background-color has-text-color has-background\">QUEST\u00c3O 37<\/p>\n\n\n\n<p>Com rela\u00e7\u00e3o \u00e0 artropatia por luxa\u00e7\u00e3o glenoumeral, assinale a op\u00e7\u00e3o correta. Na maioria dos casos, o principal mecanismo mec\u00e2nico \u00e9 a<\/p>\n\n\n\n<p>A &#8211; luxa\u00e7\u00e3o anterior pela combina\u00e7\u00e3o de abdu\u00e7\u00e3o e rota\u00e7\u00e3o externa, sendo mais frequentes os casos de recorr\u00eancia em jovens praticantes de esportes de contato <\/p>\n\n\n\n<p>B &#8211; Na avalia\u00e7\u00e3o pr\u00e9-operat\u00f3ria para corre\u00e7\u00e3o de luxa\u00e7\u00e3o da articula\u00e7\u00e3o glenoumeral, a avalia\u00e7\u00e3o da mobiliza\u00e7\u00e3o ativa e da for\u00e7a do manguito rotador s\u00e3o suficientes para mensurar a amplitude de movimentos remanescentes, a integridade residual da articula\u00e7\u00e3o e dos m\u00fasculos envolvidos. A mobiliza\u00e7\u00e3o passiva \u00e9 desnecess\u00e1ria, pois, al\u00e9m de provocar dor, n\u00e3o trar\u00e1 nenhuma informa\u00e7\u00e3o adicional.<\/p>\n\n\n\n<p>C &#8211; Na anamnese\/hist\u00f3ria cl\u00ednica, a identifica\u00e7\u00e3o de eventos anteriores de luxa\u00e7\u00e3o, principalmente na juventude, n\u00e3o tem significado clinico algum.<\/p>\n\n\n\n<p>D &#8211; H\u00e1 uma correla\u00e7\u00e3o estatisticamente significativa entre achados radiol\u00f3gicos e sintomas cl\u00ednicos, de forma que radiografias que apresentem altera\u00e7\u00f5es leves se associam presen\u00e7a de sintomas de igual magnitude.<\/p>\n\n\n\n<p>GABARITO: A<\/p>\n\n\n\n<p class=\"has-vivid-cyan-blue-color has-text-color\">COMENT\u00c1RIO: Concordo com o gabarito da banca<\/p>\n\n\n\n<p>Com rela\u00e7\u00e3o \u00e0 artropatia por luxa\u00e7\u00e3o glenoumeral, assinale a op\u00e7\u00e3o correta. Na maioria dos casos, o principal mecanismo mec\u00e2nico \u00e9 a<\/p>\n\n\n\n<p>A &#8211; CORRETA.<\/p>\n\n\n\n<p>B &#8211; ERRADA. \u00c9 necess\u00e1ria a mobiliza\u00e7\u00e3o passiva e a realiza\u00e7\u00e3o dos testes especiais e exames de imagem.<\/p>\n\n\n\n<p>C &#8211; ERRADA. Recidiva de les\u00e3o ser\u00e1 muito importante.<\/p>\n\n\n\n<p>D &#8211; ERRADA. N\u00e3o necessariamente haver\u00e1 correla\u00e7\u00e3o com os sintomas.<\/p>\n\n\n\n<p class=\"has-text-align-center has-vivid-cyan-blue-color has-black-background-color has-text-color has-background\">QUEST\u00c3O 38<\/p>\n\n\n\n<p>Acerca dos dist\u00farbios associados \u00e0 les\u00e3o cervical por movimento de chicote (Whiplash Associated Disorders), assinale a op\u00e7\u00e3o correta<\/p>\n\n\n\n<p>A &#8211; Durante a fase aguda da les\u00e3o (3 primeiras semanas), o paciente j\u00e1 pode ser submetido \u00e0 mobiliza\u00e7\u00e3o manipula\u00e7\u00e3o cervical mais agressiva, de forma a preservar precocemente a amplitude de movimentos<\/p>\n\n\n\n<p>B &#8211; O paciente deve permanecer sem realizar qualquer atividade ou conduta fisioterap\u00eautica at\u00e9 a fase subaguda da les\u00e3o (3) semanas a 3 meses, de forma a s\u00f3 realizar esfor\u00e7o maior uma vez eliminado completamente o quadro \u00e1lgico.<\/p>\n\n\n\n<p>C &#8211; O colar cervical tem seu uso justificado para o controle da dor e da disfun\u00e7\u00e3o causada pela les\u00e3o por chicote, sendo mais eficaz do que uma abordagem cuja movimenta\u00e7\u00e3o cervical permane\u00e7a mais ativa (?)<\/p>\n\n\n\n<p>D &#8211; \u00c9 alta a preval\u00eancia de dor tor\u00e1cica nesse tipo de les\u00e3o, sendo identificada ainda atividade intensificada do esternocleidomastoideo nesses quadros <\/p>\n\n\n\n<p>GABARITO: D<\/p>\n\n\n\n<p class=\"has-vivid-cyan-blue-color has-text-color\">COMENT\u00c1RIO: Concordo com o gabarito da banca<\/p>\n\n\n\n<p>A &#8211; ERRADA. N\u00e3o pode ser mais agressiva.<\/p>\n\n\n\n<p>B &#8211; ERRADA. Pode ser feita terapia analg\u00e9sica.<\/p>\n\n\n\n<p>C &#8211; Errada. Colar + repouso no leito + analg\u00e9sicos e relaxantes em casos mais graves. O repouso pode prolongar os sintomas<\/p>\n\n\n\n<p>D &#8211; CORRETA.<\/p>\n\n\n\n<p class=\"has-text-align-center has-vivid-cyan-blue-color has-black-background-color has-text-color has-background\">QUEST\u00c3O 39<\/p>\n\n\n\n<p>Pacientes com doen\u00e7as neurol\u00f3gicas de in\u00edcio na inf\u00e2ncia enfrentam v\u00e1rios desafios na vida adulta, como \u00e9 o caso de pacientes com paralisia cerebral. A respeito dessa condi\u00e7\u00e3o e assuntos correlatos, assinale a op\u00e7\u00e3o correta.<\/p>\n\n\n\n<p>A &#8211; O treino de for\u00e7a para pacientes com paralisia cerebral n\u00e3o traz benef\u00edcios sobre o desempenho na marcha.<\/p>\n\n\n\n<p>B &#8211; O t\u00f3nus motor de crian\u00e7a com paralisia cerebral pode ser avaliado pela Escala Modificada de Ashworth para Gradua\u00e7\u00e3o da Espasticidade. Numa gradua\u00e7\u00e3o de 04, com a menor pontua\u00e7\u00e3o indicando rigidez m\u00e1xima, em flex\u00e3o ou extens\u00e3o.<\/p>\n\n\n\n<p>C &#8211; A associa\u00e7\u00e3o de toxina botul\u00ednica em membros inferiores com interven\u00e7\u00e3o fisioterap\u00eautica age apenas na espasticidade sem causar modifica\u00e7\u00f5es sobre a mobilidade, padr\u00e3o de marcha e amplitude de momentos.<\/p>\n\n\n\n<p>D &#8211; Caso um rec\u00e9m-nascido de gesta\u00e7\u00e3o de 28 semanas e baixo peso, ao nascer, apresente fatores perinatais para o desenvolvimento de paralisia cerebral, e se for considerado como discin\u00e9tico conforme seu quadro cl\u00ednico, nos primeiros meses, o sinal mais evidente de paralisia cerebral ser\u00e1 o de varia\u00e7\u00e3o no t\u00f4nus muscular. <\/p>\n\n\n\n<p>GABARITO: D<\/p>\n\n\n\n<p class=\"has-vivid-cyan-blue-color has-text-color\">COMENT\u00c1RIO: Concordo com o gabarito da banca<\/p>\n\n\n\n<p>A &#8211; ERRADA. Traz benef\u00edcios.<\/p>\n\n\n\n<p>B &#8211; ERRADA. A maior pontua\u00e7\u00e3o indica rigidez m\u00e1xima.<\/p>\n\n\n\n<p>C &#8211; ERRADA. Auxilia na espasticidade e no desempenho motor.<\/p>\n\n\n\n<p>D &#8211; CORRETA. Visto que nos primeiros meses n\u00e3o h\u00e1 muito movimento que justifique o surgimento de movimentos involunt\u00e1rios.<\/p>\n\n\n\n<p class=\"has-text-align-center has-vivid-cyan-blue-color has-black-background-color has-text-color has-background\">QUEST\u00c3O 40<\/p>\n\n\n\n<p>A respeito das disfun\u00e7\u00f5es neurol\u00f3gicas na crian\u00e7a e no adulto. Assinale a op\u00e7\u00e3o correta.<\/p>\n\n\n\n<p>A &#8211; A realiza\u00e7\u00e3o do teste de caminhada de seis minutos em pacientes p\u00f3s-AVC serve apenas como mensura\u00e7\u00e3o do par\u00e2metro funcional e cardiovascular dos pacientes, n\u00e3o podendo ser utilizado como medida de risco de quedas em idosos.<\/p>\n\n\n\n<p>B &#8211; Exerc\u00edcios de estimula\u00e7\u00e3o precoce numa intensidade leve sobre o membro hemipar\u00e9tico podem ser realizados em indiv\u00edduos em fase aguda de AVC, desde que os mesmos estejam clinicamente est\u00e1veis. <\/p>\n\n\n\n<p>C &#8211; A recupera\u00e7\u00e3o tardia da fun\u00e7\u00e3o motora p\u00f3s-AVC (mais de um ano do evento) n\u00e3o pode alcan\u00e7ada mesmo com a realiza\u00e7\u00e3o de programa de reabilita\u00e7\u00e3o intensiva, j\u00e1 que n\u00e3o haver\u00e1 mais plasticidade neural para incrementar a funcionalidade.<\/p>\n\n\n\n<p>D &#8211; Pacientes adultos com mielomeningocele, cuja fraqueza de MMII seja mais proximal, apresentar\u00e3o menor balan\u00e7o lateral de t\u00f3rax, menor rota\u00e7\u00e3o lombar e menor velocidade de marcha se comparados aos pacientes com fraqueza distal de MMII.<\/p>\n\n\n\n<p>GABARITO: B<\/p>\n\n\n\n<p class=\"has-vivid-cyan-blue-color has-text-color\">COMENT\u00c1RIO: Concordo com o gabarito da banca<\/p>\n\n\n\n<p>A &#8211; ERRADA. Embora o teste de caminhada seja para avaliar par\u00e2metro funcional e cardiovascular, a afirmativa N\u00c3O PODENDO \u00e9 muito forte. Por isso essa afirmativa \u00e9 duvidosa.<\/p>\n\n\n\n<p>B &#8211; CORRETA.<\/p>\n\n\n\n<p>C &#8211; ERRADA. Pode.<\/p>\n\n\n\n<p>D &#8211; ERRADA. Na fraqueza proximal haver\u00e1 maior balan\u00e7o lateral (sinal de Tredelemburg)<\/p>\n\n\n\n<p class=\"has-text-align-center has-vivid-cyan-blue-color has-black-background-color has-text-color has-background\">QUEST\u00c3O 41<\/p>\n\n\n\n<p>A ventila\u00e7\u00e3o n\u00e3o invasiva (VNI), uma terapia ventilat\u00f3ria utilizada em condi\u00e7\u00f5es agudas e cr\u00f4nicas, deve ser recomendada, de acordo com as evid\u00eancias cient\u00edfica no paciente<\/p>\n\n\n\n<p>A &#8211; no paciente com parada cadiorrespirat\u00f3ria<\/p>\n\n\n\n<p>B &#8211; na s\u00edndrome do desconforto respirat\u00f3rio agudo (SDRA) de moderada a grave para evitar intuba\u00e7\u00e3o<\/p>\n\n\n\n<p>C &#8211; ap\u00f3s&nbsp; a extuba\u00e7\u00e3o para a preven\u00e7\u00e3o da falha em paciente com diagn\u00f3stico de doen\u00e7a pulmonar obstrutiva cr\u00f4nica (DPOC) <\/p>\n\n\n\n<p>D &#8211; ap\u00f3s a falha de extuba\u00e7\u00e3o<\/p>\n\n\n\n<p>GABARITO: C<\/p>\n\n\n\n<p class=\"has-vivid-cyan-blue-color has-text-color\">COMENT\u00c1RIO: Concordo com o gabarito da banca<\/p>\n\n\n\n<p>Correta C. As demais s\u00e3o erradas (contraindica\u00e7\u00f5es)<\/p>\n\n\n\n<p class=\"has-text-align-center has-vivid-cyan-blue-color has-black-background-color has-text-color has-background\">QUEST\u00c3O 42<\/p>\n\n\n\n<p>A respeito da tosse, que pode ser gerada de forma involunt\u00e1rio ou volunt\u00e1ria e cuja fun\u00e7\u00e3o inclui proteger o pulm\u00e3o de corpo estranhos e promover a higiene br\u00f4nquica pela elimina\u00e7\u00e3o de secre\u00e7\u00e3o, assinale a op\u00e7\u00e3o correta<\/p>\n\n\n\n<p>A &#8211; \u00c9 recomendada medida de otimiza\u00e7\u00e3o da tosse como preven\u00e7\u00e3o de complica\u00e7\u00f5es respirat\u00f3rias para pessoas com diagn\u00f3stico de distrofia muscular Duchenne que apresentam pico de fluxo de tosse abaixo de 270 L\/min<\/p>\n\n\n\n<p>B &#8211; O pico de fluxo da tosse em 150 L\/min \u00e9 considerado como uma tosse moderada.<\/p>\n\n\n\n<p>C &#8211; T\u00e9cnicas de expans\u00e3o pulmonar n\u00e3o interferem no pico de fluxo da tosse.<\/p>\n\n\n\n<p>D &#8211; \u00c9 considerada tosse eficaz aquela presente nos indiv\u00edduos com disfun\u00e7\u00e3o gl\u00f3tica e for\u00e7a muscular expirat\u00f3ria moderada<\/p>\n\n\n\n<p>GABARITO: A<\/p>\n\n\n\n<p class=\"has-vivid-cyan-blue-color has-text-color\">COMENT\u00c1RIO: Concordo com o gabarito da banca<\/p>\n\n\n\n<p>A &#8211; CORRETA. O PFT est\u00e1 diretamente correlacionado \u00e0 capacidade de eliminar secre\u00e7\u00f5es<\/p>\n\n\n\n<p>pulmonares do trato respirat\u00f3rio33. Valores abaixo de 160L\/min est\u00e3o associados a um clearance pulmonar ineficaz, apesar dos valores mais altos n\u00e3o garantirem sua efic\u00e1cia. Desta forma, considera-se que pacientes que apresentam valores de PFT abaixo de 270L\/min se beneficiariam de t\u00e9cnicas de tosse assistida<\/p>\n\n\n\n<p>B &#8211; ERRADO. 150 n\u00e3o pode ser considerado moderado (problema \u00e9 a idade). Mas as tabelas dependem de idade, estatura e sexo.<\/p>\n\n\n\n<p>C &#8211; ERRADA. Interfere por aumentar volume<\/p>\n\n\n\n<p>D &#8211; ERRADA. A tosse \u00e9 um mecanismo de prote\u00e7\u00e3o da \u00e1rvore br\u00f4nquica, assumindo em papel importante na manuten\u00e7\u00e3o da via a\u00e9rea livre de secre\u00e7\u00e3o e de corpos estranho, podendo ser de forma reflexa ou volunt\u00e1ria. A tosse eficaz acontece em tr\u00eas etapas: fase inspirat\u00f3ria, fase de compress\u00e3o e fase expulsiva. Qualquer altera\u00e7\u00e3o que ocorrer nessas fases poder\u00e1 diminuir a sua efic\u00e1cia. A efic\u00e1cia da elimina\u00e7\u00e3o do muco depende da intensidade do pico de fluxo gerado durante a tosse, e \u00e9 necess\u00e1rio ter atividade neuromuscular em boas condi\u00e7\u00f5es e coordena\u00e7\u00e3o efetiva<\/p>\n\n\n\n<p class=\"has-text-align-center has-vivid-cyan-blue-color has-black-background-color has-text-color has-background\">QUEST\u00c3O 43<\/p>\n\n\n\n<p>Com rela\u00e7\u00e3o \u00e0 press\u00e3o positiva expirat\u00f3ria, que pode ser um recurso n\u00e3o invasivo e utilizado no tratamento de disfun\u00e7\u00f5es respirat\u00f3rias, assinale a op\u00e7\u00e3o correta<\/p>\n\n\n\n<p>A &#8211;&nbsp; Na fistula broncopleural, a press\u00e3o positiva expirat\u00f3ria facilita a expans\u00e3o alveolar<\/p>\n\n\n\n<p>B &#8211; Nos indiv\u00edduos com DPOC, a press\u00e3o positiva expirat\u00f3ria facilita a desobstru\u00e7\u00e3o br\u00f4nquica.<\/p>\n\n\n\n<p>C- \u00c9 contraindicada na fibrose c\u00edstica pelo risco de desconforto respirat\u00f3rio <\/p>\n\n\n\n<p>D &#8211;&nbsp; Os equipamentos de oscila\u00e7\u00e3o oral de alta frequ\u00eancia s\u00e3o indicados para higiene br\u00f4nquica com boa resolu\u00e7\u00e3o nos indiv\u00edduos com fraqueza muscular e redu\u00e7\u00e3o do pico de fluxo de tosse<\/p>\n\n\n\n<p>GABARITO: B<\/p>\n\n\n\n<p class=\"has-vivid-cyan-blue-color has-text-color\">COMENT\u00c1RIO: Concordo com o gabarito da banca<\/p>\n\n\n\n<p>A &#8211;&nbsp;ERRADA. F\u00edstula n\u00e3o usa press\u00e3o positiva<\/p>\n\n\n\n<p>B &#8211; CORRETA.<\/p>\n\n\n\n<p>C- ERRADA. N\u00e3o \u00e9 contraindicada<\/p>\n\n\n\n<p>D &#8211;&nbsp; ERRADA. Devido a fraqueza muscular<\/p>\n\n\n\n<p class=\"has-text-align-center has-vivid-cyan-blue-color has-black-background-color has-text-color has-background\">QUEST\u00c3O 44<\/p>\n\n\n\n<p>Um paciente com hist\u00f3ria de tabagismo apresenta queixa de desconforto respirat\u00f3rio. O exame radiol\u00f3gico evidenciou infiltrado pulmonar mais acentuado \u00e0 direita com broncograma a\u00e9reo e hipertranspar\u00eancia homog\u00e9nea com deslocamento contralateral do mediastino. Nessa situa\u00e7\u00e3o hipot\u00e9tica, o diagn\u00f3stico embasado na imagem, ser\u00e1&nbsp; de<\/p>\n\n\n\n<p>A &#8211; derrame pleural.<\/p>\n\n\n\n<p>B &#8211;&nbsp; atelectasia.<\/p>\n\n\n\n<p>C &#8211; bronquiectasia.<\/p>\n\n\n\n<p>D &#8211; pneumot\u00f3rax. <\/p>\n\n\n\n<p>GABARITO: D<\/p>\n\n\n\n<p class=\"has-vivid-cyan-blue-color has-text-color\">COMENT\u00c1RIO: Concordo com o gabarito da banca<\/p>\n\n\n\n<p>Atelectasia \u2013 errada pelo lado envolvido \/ hipotransparente<\/p>\n\n\n\n<p>Derrame Pleural \u2013 Hipotransparente<\/p>\n\n\n\n<p>Bronquiectasia \u2013 tend\u00eancia a hipotranspar\u00eancia<\/p>\n\n\n\n<p class=\"has-text-align-center has-vivid-cyan-blue-color has-black-background-color has-text-color has-background\">QUEST\u00c3O 45<\/p>\n\n\n\n<p>Em rela\u00e7\u00e3o \u00e0 hidroterapia, assinale a op\u00e7\u00e3o correta.<\/p>\n\n\n\n<p>A &#8211; facilita a mobilidade dos indiv\u00edduos com lombalgia, devido a descarga do peso corporal. ok<\/p>\n\n\n\n<p>B &#8211; Promove efeito ben\u00e9fico, como a melhora do bem-estar de pessoas com fibromialgia, mas n\u00e3o produz efeitos positivos relacionados \u00e0 aptid\u00e3o f\u00edsica.<\/p>\n\n\n\n<p>C &#8211; Reduz a capacidade vital do paciente com tetraplegia traum\u00e1tica. <\/p>\n\n\n\n<p>D &#8211; Apresenta benef\u00edcio para a for\u00e7a muscular e redu\u00e7\u00e3o do \u00edndice de massa corporal nos indiv\u00edduos com distrofia muscular<\/p>\n\n\n\n<p>GABARITO: A<\/p>\n\n\n\n<p class=\"has-vivid-cyan-blue-color has-text-color\">COMENT\u00c1RIO: Discordo da banca. A quest\u00e3o est\u00e1 muito mal escrita e confusa.<\/p>\n\n\n\n<p>A &#8211; (?) aumento ou diminui\u00e7\u00e3o da descarga de peso ?<\/p>\n\n\n\n<p>B &#8211; ERRADA. Promove benef\u00edcios quanto a aptd\u00e3o f\u00edsica<\/p>\n\n\n\n<p>C &#8211; (?) quando em imers\u00e3o sim, devido a press\u00e3o hidrost\u00e1tica. Mas tamb\u00e9m, n\u00e3o est\u00e1 claro se a pessoa est\u00e1 em imers\u00e0o ou n\u00e3o e qual a altura da \u00e1gua.<\/p>\n\n\n\n<p>D &#8211; ERRADA. N\u00e3o ser\u00e1 objetivo e poss\u00edvel ganhar massa muscular.<\/p>\n\n\n\n<p class=\"has-text-align-center has-vivid-cyan-blue-color has-black-background-color has-text-color has-background\">QUEST\u00c3O 46<\/p>\n\n\n\n<p>Em rela\u00e7\u00e3o ao manejo da s\u00edndrome do desconforto respirat\u00f3rio agudo (SDRA) com objetivo de reda\u00e7\u00e3o da mortalidade, assinale a op\u00e7\u00e3o correta.<\/p>\n\n\n\n<p>A &#8211; A posi\u00e7\u00e3o prona \u00e9 fortemente recomendada, independente da gravidade<\/p>\n\n\n\n<p>B &#8211; Nos casos de pacientes em estado grave, recomenda-se ao menos 16 horas de perman\u00eancia na posi\u00e7\u00e3o prona. ok<\/p>\n\n\n\n<p>C &#8211; Recomenda-se utilizar a posi\u00e7\u00e3o prona nos casos de indiv\u00edduos com rela\u00e7\u00e3o PaO2\/FIO2 &gt; 150 mmHg D &#8211; Utiliza-se a press\u00e3o de distensibilidade (drive pressure) at\u00e9&nbsp; 25 cmH20<\/p>\n\n\n\n<p>GABARITO: B<\/p>\n\n\n\n<p class=\"has-vivid-cyan-blue-color has-text-color\">COMENT\u00c1RIO: Concordo com o gabrito da banca<\/p>\n\n\n\n<p>A &#8211; ERRADA. Depende da gravidade do caso, avaliado pela rela\u00e7\u00e3o PaO2 \/ FiO2.<\/p>\n\n\n\n<p>B &#8211; CORRETA. Recomenda-se no m\u00ednimo 16h<\/p>\n\n\n\n<p>C &#8211; ERRADA. A rela\u00e7\u00e3o PaO2 \/ FiO2 deve estar menor ou igual a 150.<\/p>\n\n\n\n<p>D &#8211; ERRADA. DP at\u00e9 15<\/p>\n\n\n\n<p class=\"has-text-align-center has-vivid-cyan-blue-color has-black-background-color has-text-color has-background\">QUEST\u00c3O 47<\/p>\n\n\n\n<p>Assinale a op\u00e7\u00e3o correta a respeito da oxigenoterapia<\/p>\n\n\n\n<p>A &#8211; A suplementa\u00e7\u00e3o de oxig\u00eanio n\u00e3o \u00e9 recomendada ao individuo com infarto agudo do mioc\u00e1rdio (IAM) e com SpO2 -93% ok<\/p>\n\n\n\n<p>B &#8211; \u00c9 a primeira escolha de interven\u00e7\u00e3o nos casos de insufici\u00eancia respirat\u00f3ria aguda tipo II<\/p>\n\n\n\n<p>C &#8211; Na fase aguda da pessoa com acidente vascular encef\u00e1lico, o alvo de satura\u00e7\u00e3o perif\u00e9rica de oxig\u00eanio (SpO2) \u00e9 de 98%, para minimizar o dano cerebral.<\/p>\n\n\n\n<p>D &#8211;&nbsp; O cateter nasal de alto fluxo promove a reten\u00e7\u00e3o do di\u00f3xido de carbono, apesar de reduzir o trabalho respirat\u00f3rio nos casos de insufici\u00eancia respirat\u00f3ria hipox\u00eamica.<\/p>\n\n\n\n<p>GABARITO: A<\/p>\n\n\n\n<p class=\"has-vivid-cyan-blue-color has-text-color\">COMENT\u00c1RIO: Concordo com o gabarito da banca<\/p>\n\n\n\n<p>A &#8211; CORRETA. H\u00e1 aumento do risco de inj\u00faria do mioc\u00e1rdio nos pacientes submetidos ao oxig\u00eanio (c\u00e2nula nasal (4L\/min) ou m\u00e1scara facial (8L\/min), com exce\u00e7\u00e3o de pacientes hipox\u00eamicos. N\u00e3o \u00e9 recomendado administrar oxig\u00eanio a indiv\u00edduos com infarto agudo do mioc\u00e1rdio, h\u00e1 aumento no risco de arritmia, aumento na \u00e1rea de infarto medido pela Creatina Quinase e n\u00e3o h\u00e1 diferen\u00e7a no risco de mortalidade e infarto.<\/p>\n\n\n\n<p>B &#8211; ERRADA. \u00c9 no tipo I<\/p>\n\n\n\n<p>C &#8211; ERRADA. Alvo 90 &#8211; 92%<\/p>\n\n\n\n<p>D &#8211;&nbsp; ERRADA. A terapia de alto fluxo \u00e9 definida como fluxos acima de 1L\/min, com uso de c\u00e2nulas nasais especificas e com fornecimento de g\u00e1s aquecido (34 \u2013 37 \u00baC) e umidificado (100% da umidade relativa), importante para manter o clearance mucociliar nas vias a\u00e9reas.<\/p>\n\n\n\n<p>O alto fluxo gera uma press\u00e3o de distens\u00e3o e reduz o trabalho respirat\u00f3rio, al\u00e9m de realizar ventila\u00e7\u00e3o efetiva do espa\u00e7o morto da nasofaringe. Para que isso ocorra, a c\u00e2nula deve permitir escape de ar pelas narinas e cavidade oral, sendo que ocupe no m\u00e1ximo 50 a 60% dos orif\u00edcios nasais.<\/p>\n\n\n\n<p>O fornecimento de g\u00e1s adequadamente aquecido e umidificado \u00e0s vias a\u00e9reas condutoras melhora a condut\u00e2ncia e a complac\u00eancia pulmonar em compara\u00e7\u00e3o ao g\u00e1s seco e frio. Al\u00e9m disso, reduz o trabalho metab\u00f3lico associado ao condicionamento de gases.<\/p>\n\n\n\n<p class=\"has-text-align-center has-vivid-cyan-blue-color has-black-background-color has-text-color has-background\">QUEST\u00c3O 48<\/p>\n\n\n\n<p>Assinale a op\u00e7\u00e3o que apresenta o recurso terap\u00eautico contraindicado para uma paciente de 48 anos de idade, com diagn\u00f3stico de doen\u00e7a do neur\u00f4nio motor, fraqueza muscular generalizada e respirat\u00f3ria e disfun\u00e7\u00e3o bulbar leve<\/p>\n\n\n\n<p>A &#8211; ventila\u00e7\u00e3o n\u00e3o invasiva<\/p>\n\n\n\n<p>B &#8211; tosse mecanicamente assistida<\/p>\n\n\n\n<p>C &#8211;&nbsp; treinamento muscular inspirat\u00f3rio<\/p>\n\n\n\n<p>D-&nbsp; t\u00e9cnica de empinhamento a\u00e9reo com ressuscitador manual<\/p>\n\n\n\n<p>GABARITO: C<\/p>\n\n\n\n<p class=\"has-vivid-cyan-blue-color has-text-color\">COMENT\u00c1RIO: Concordo com o gabarito da banca<\/p>\n\n\n\n<p>Mas acreditro que pode haver brecha para recurso, pois o treinamento muscular inspirat\u00f3rio \u00e9 recomendado em muitos casos.<\/p>\n\n\n\n<p class=\"has-text-align-center has-vivid-cyan-blue-color has-black-background-color has-text-color has-background\">QUEST\u00c3O 49<\/p>\n\n\n\n<p>Em rela\u00e7\u00e3o ao m\u00fasculo diafragma, assinale a op\u00e7\u00e3o correta.<\/p>\n\n\n\n<p>A &#8211; A press\u00e3o inspirat\u00f3ria m\u00e1xima est\u00e1tica obtida pr\u00f3xima \u00e0 capacidade vital \u00e9 o melhor m\u00e9todo de avalia\u00e7\u00e3o funcional do m\u00fasculo diafragma.<\/p>\n\n\n\n<p>B &#8211; O diafragma \u00e9 o principal m\u00fasculo da inspira\u00e7\u00e3o, formado principalmente por fibras tipo IIA ou por fibras de contra\u00e7\u00e3o lenta, cuja resist\u00eancia \u00e0 fadiga \u00e9 alta.<\/p>\n\n\n\n<p>C &#8211; Em indiv\u00edduos em ventila\u00e7\u00e3o mec\u00e2nica, sedados e com bloqueio neuromuscular, ap\u00f3s 18 h ocorre redu\u00e7\u00e3o da massa muscular do diafragma. <\/p>\n\n\n\n<p>D &#8211; A mensura\u00e7\u00e3o da espessura do diafragma e da fra\u00e7\u00e3o de espessamento \u00e9 o padr\u00e3o-ouro para avalia\u00e7\u00e3o da fun\u00e7\u00e3o pulmonar, por\u00e9m somente \u00e9 realizada por m\u00e9todos invasivos.<\/p>\n\n\n\n<p>GABARITO: C<\/p>\n\n\n\n<p class=\"has-vivid-cyan-blue-color has-text-color\">COMENT\u00c1RIO: Concordo com o gabarito da banca.<\/p>\n\n\n\n<p>Embora eu acredire que haja brecha para recurso em rela\u00e7\u00e3o a alternativa A.<\/p>\n\n\n\n<p class=\"has-text-align-center has-vivid-cyan-blue-color has-black-background-color has-text-color has-background\">QUEST\u00c3O 50<\/p>\n\n\n\n<p>Os sinais e sintomas diurnos relacionados \u00e0 suspeita de apneia obstrutiva do sono incluem<\/p>\n\n\n\n<p>I &#8211; tosse cr\u00f4nica.<\/p>\n\n\n\n<p>II &#8211;&nbsp; piora da concentra\u00e7\u00e3o.<\/p>\n\n\n\n<p>III- altera\u00e7\u00e3o do humor<\/p>\n\n\n\n<p>IV &#8211;&nbsp; cefaleia matinal.<\/p>\n\n\n\n<p>Est\u00e3o certos apenas os itens<\/p>\n\n\n\n<p>A &#8211; I, II e III<\/p>\n\n\n\n<p>B &#8211; I, II e IV<\/p>\n\n\n\n<p>C &#8211; I, IIII e IV<\/p>\n\n\n\n<p>D &#8211; II, III e IV <\/p>\n\n\n\n<p>GABARITO: D<\/p>\n\n\n\n<p class=\"has-vivid-cyan-blue-color has-text-color\">COMENT\u00c1RIO: Concordo com o gabarito da banca<\/p>\n\n\n\n<p>Sintomas: cefaleia matinal , altera\u00e7\u00e3o do humor e piora da concentra\u00e7\u00e3o.<\/p>\n\n\n\n<p>\u00c9 isso a\u00ed pessoal, espero que voc\u00eas tenha gostado.<\/p>\n\n\n\n<p>Sou a professora Mara Ribeiro, do Curso de Fisioterapia do Estrat\u00e9gia Concursos.<\/p>\n\n\n\n<p><\/p>\n\n\n\n<p>Conhe\u00e7a nossos cursos: <a href=\"https:\/\/www.estrategiaconcursos.com.br\/pesquisa\/?q=fisioterapia\">https:\/\/www.estrategiaconcursos.com.br\/pesquisa\/?q=fisioterapia<\/a><\/p>\n","protected":false},"excerpt":{"rendered":"<p>Ol\u00e1 &#8230; vamos abordar as quest\u00f5es objetivas espec\u00edficas da Prova da Rede Sarah (2022) de Fisioterapia. Ser\u00e3o abordadas todas as quest\u00f5es da Prova Objetiva espec\u00edfica da \u00e1rea de Fisioterapia, assim como, o gabarito oficial e o coment\u00e1rio das quest\u00f5es. Assim, voc\u00ea poder\u00e1 ter base para entrar com recursos, caso ache interessante. As quest\u00f5es ser\u00e3o colocadas [&hellip;]<\/p>\n","protected":false},"author":237,"featured_media":1135601,"comment_status":"open","ping_status":"closed","sticky":false,"template":"","format":"standard","meta":{"post_tipo":"article","footnotes":""},"categories":[1],"tags":[867,8],"tax_estado":[219967,219968,219969,219970,219973,219974,219977,219982],"class_list":["post-1135581","post","type-post","status-publish","format-standard","has-post-thumbnail","hentry","category-cursos-e-concursos","tag-prova-comentada","tag-recurso","tax_estado-ap","tax_estado-ba","tax_estado-ce","tax_estado-df","tax_estado-ma","tax_estado-mg","tax_estado-pa","tax_estado-rj"],"acf":[],"yoast_head":"<!-- This site is optimized with the Yoast SEO Premium plugin v27.2 (Yoast SEO v27.2) - https:\/\/yoast.com\/product\/yoast-seo-premium-wordpress\/ -->\n<title>Rede Sarah 2022: Confira a prova comentada de Fisioterapia<\/title>\n<meta name=\"description\" content=\"Acompanhe no artigo a an\u00e1lise e coment\u00e1rios das quest\u00f5es da Prova da Rede Sarah 2022, al\u00e9m dos recursos para a prova objetiva de Fisioterapia.\" \/>\n<meta name=\"robots\" content=\"index, follow, max-snippet:-1, max-image-preview:large, max-video-preview:-1\" \/>\n<link rel=\"canonical\" href=\"https:\/\/www.estrategiaconcursos.com.br\/blog\/sarah-2022-fisioterapia-prova-comentada\/\" \/>\n<meta property=\"og:locale\" content=\"pt_BR\" \/>\n<meta property=\"og:type\" content=\"article\" \/>\n<meta property=\"og:title\" content=\"Rede Sarah 2022: Confira a prova comentada de Fisioterapia\" \/>\n<meta property=\"og:description\" content=\"Acompanhe no artigo a an\u00e1lise e coment\u00e1rios das quest\u00f5es da Prova da Rede Sarah 2022, al\u00e9m dos recursos para a prova objetiva de Fisioterapia.\" \/>\n<meta property=\"og:url\" content=\"https:\/\/www.estrategiaconcursos.com.br\/blog\/sarah-2022-fisioterapia-prova-comentada\/\" \/>\n<meta property=\"og:site_name\" content=\"Estrat\u00e9gia Concursos\" \/>\n<meta property=\"article:author\" content=\"https:\/\/m.facebook.com\/profmararibeiro\/?locale2=pt_BR\" \/>\n<meta property=\"article:published_time\" content=\"2022-12-07T13:40:50+00:00\" \/>\n<meta property=\"article:modified_time\" content=\"2023-01-18T17:03:33+00:00\" \/>\n<meta property=\"og:image\" content=\"https:\/\/dhg1h5j42swfq.cloudfront.net\/2022\/12\/07101635\/image0.jpeg\" \/>\n\t<meta property=\"og:image:width\" content=\"1080\" \/>\n\t<meta property=\"og:image:height\" content=\"1080\" \/>\n\t<meta property=\"og:image:type\" content=\"image\/jpeg\" \/>\n<meta name=\"author\" content=\"Mara Claudia Ribeiro\" \/>\n<meta name=\"twitter:card\" content=\"summary_large_image\" \/>\n<meta name=\"twitter:creator\" content=\"@ProfMara\" \/>\n<meta name=\"twitter:site\" content=\"@EstratConcursos\" \/>\n<meta name=\"twitter:label1\" content=\"Escrito por\" \/>\n\t<meta name=\"twitter:data1\" content=\"Mara Claudia Ribeiro\" \/>\n\t<meta name=\"twitter:label2\" content=\"Est. tempo de leitura\" \/>\n\t<meta name=\"twitter:data2\" content=\"41 minutos\" \/>\n<script type=\"application\/ld+json\" class=\"yoast-schema-graph\">{\"@context\":\"https:\/\/schema.org\",\"@graph\":[{\"@type\":\"NewsArticle\",\"@id\":\"https:\/\/www.estrategiaconcursos.com.br\/blog\/sarah-2022-fisioterapia-prova-comentada\/#article\",\"isPartOf\":{\"@id\":\"https:\/\/www.estrategiaconcursos.com.br\/blog\/sarah-2022-fisioterapia-prova-comentada\/\"},\"author\":{\"name\":\"Mara Claudia Ribeiro\",\"@id\":\"https:\/\/www.estrategiaconcursos.com.br\/blog\/#\/schema\/person\/c755ae3b5b8705df0393c3187c4446e6\"},\"headline\":\"Rede Sarah 2022: Confira a prova comentada de Fisioterapia\",\"datePublished\":\"2022-12-07T13:40:50+00:00\",\"dateModified\":\"2023-01-18T17:03:33+00:00\",\"mainEntityOfPage\":{\"@id\":\"https:\/\/www.estrategiaconcursos.com.br\/blog\/sarah-2022-fisioterapia-prova-comentada\/\"},\"wordCount\":8265,\"commentCount\":0,\"publisher\":{\"@id\":\"https:\/\/www.estrategiaconcursos.com.br\/blog\/#organization\"},\"image\":{\"@id\":\"https:\/\/www.estrategiaconcursos.com.br\/blog\/sarah-2022-fisioterapia-prova-comentada\/#primaryimage\"},\"thumbnailUrl\":\"https:\/\/dhg1h5j42swfq.cloudfront.net\/2022\/12\/07101635\/image0.jpeg\",\"keywords\":[\"prova comentada\",\"Recurso\"],\"articleSection\":[\"Concursos P\u00fablicos\"],\"inLanguage\":\"pt-BR\",\"potentialAction\":[{\"@type\":\"CommentAction\",\"name\":\"Comment\",\"target\":[\"https:\/\/www.estrategiaconcursos.com.br\/blog\/sarah-2022-fisioterapia-prova-comentada\/#respond\"]}],\"copyrightYear\":\"2022\",\"copyrightHolder\":{\"@id\":\"https:\/\/www.estrategiaconcursos.com.br\/blog\/#organization\"}},{\"@type\":\"WebPage\",\"@id\":\"https:\/\/www.estrategiaconcursos.com.br\/blog\/sarah-2022-fisioterapia-prova-comentada\/\",\"url\":\"https:\/\/www.estrategiaconcursos.com.br\/blog\/sarah-2022-fisioterapia-prova-comentada\/\",\"name\":\"Rede Sarah 2022: Confira a prova comentada de Fisioterapia\",\"isPartOf\":{\"@id\":\"https:\/\/www.estrategiaconcursos.com.br\/blog\/#website\"},\"primaryImageOfPage\":{\"@id\":\"https:\/\/www.estrategiaconcursos.com.br\/blog\/sarah-2022-fisioterapia-prova-comentada\/#primaryimage\"},\"image\":{\"@id\":\"https:\/\/www.estrategiaconcursos.com.br\/blog\/sarah-2022-fisioterapia-prova-comentada\/#primaryimage\"},\"thumbnailUrl\":\"https:\/\/dhg1h5j42swfq.cloudfront.net\/2022\/12\/07101635\/image0.jpeg\",\"datePublished\":\"2022-12-07T13:40:50+00:00\",\"dateModified\":\"2023-01-18T17:03:33+00:00\",\"description\":\"Acompanhe no artigo a an\u00e1lise e coment\u00e1rios das quest\u00f5es da Prova da Rede Sarah 2022, al\u00e9m dos recursos para a prova objetiva de Fisioterapia.\",\"breadcrumb\":{\"@id\":\"https:\/\/www.estrategiaconcursos.com.br\/blog\/sarah-2022-fisioterapia-prova-comentada\/#breadcrumb\"},\"inLanguage\":\"pt-BR\",\"potentialAction\":[{\"@type\":\"ReadAction\",\"target\":[\"https:\/\/www.estrategiaconcursos.com.br\/blog\/sarah-2022-fisioterapia-prova-comentada\/\"]}]},{\"@type\":\"ImageObject\",\"inLanguage\":\"pt-BR\",\"@id\":\"https:\/\/www.estrategiaconcursos.com.br\/blog\/sarah-2022-fisioterapia-prova-comentada\/#primaryimage\",\"url\":\"https:\/\/dhg1h5j42swfq.cloudfront.net\/2022\/12\/07101635\/image0.jpeg\",\"contentUrl\":\"https:\/\/dhg1h5j42swfq.cloudfront.net\/2022\/12\/07101635\/image0.jpeg\",\"width\":1080,\"height\":1080},{\"@type\":\"BreadcrumbList\",\"@id\":\"https:\/\/www.estrategiaconcursos.com.br\/blog\/sarah-2022-fisioterapia-prova-comentada\/#breadcrumb\",\"itemListElement\":[{\"@type\":\"ListItem\",\"position\":1,\"name\":\"In\u00edcio\",\"item\":\"https:\/\/www.estrategiaconcursos.com.br\/blog\/\"},{\"@type\":\"ListItem\",\"position\":2,\"name\":\"Rede Sarah 2022: Confira a prova comentada de Fisioterapia\"}]},{\"@type\":\"WebSite\",\"@id\":\"https:\/\/www.estrategiaconcursos.com.br\/blog\/#website\",\"url\":\"https:\/\/www.estrategiaconcursos.com.br\/blog\/\",\"name\":\"Estrat\u00e9gia Concursos\",\"description\":\"O blog da Estrat\u00e9gia Concursos traz not\u00edcias sobre concursos e artigos de professores oferecendo cursos para concursos (pdf + videaulas) no site.\",\"publisher\":{\"@id\":\"https:\/\/www.estrategiaconcursos.com.br\/blog\/#organization\"},\"potentialAction\":[{\"@type\":\"SearchAction\",\"target\":{\"@type\":\"EntryPoint\",\"urlTemplate\":\"https:\/\/www.estrategiaconcursos.com.br\/blog\/?s={search_term_string}\"},\"query-input\":{\"@type\":\"PropertyValueSpecification\",\"valueRequired\":true,\"valueName\":\"search_term_string\"}}],\"inLanguage\":\"pt-BR\"},{\"@type\":\"Organization\",\"@id\":\"https:\/\/www.estrategiaconcursos.com.br\/blog\/#organization\",\"name\":\"Estrat\u00e9gia Concursos\",\"url\":\"https:\/\/www.estrategiaconcursos.com.br\/blog\/\",\"logo\":{\"@type\":\"ImageObject\",\"inLanguage\":\"pt-BR\",\"@id\":\"https:\/\/www.estrategiaconcursos.com.br\/blog\/#\/schema\/logo\/image\/\",\"url\":\"https:\/\/dhg1h5j42swfq.cloudfront.net\/2025\/06\/03203428\/logo_concursos-1.jpg\",\"contentUrl\":\"https:\/\/dhg1h5j42swfq.cloudfront.net\/2025\/06\/03203428\/logo_concursos-1.jpg\",\"width\":230,\"height\":60,\"caption\":\"Estrat\u00e9gia Concursos\"},\"image\":{\"@id\":\"https:\/\/www.estrategiaconcursos.com.br\/blog\/#\/schema\/logo\/image\/\"},\"sameAs\":[\"https:\/\/x.com\/EstratConcursos\"]},{\"@type\":\"Person\",\"@id\":\"https:\/\/www.estrategiaconcursos.com.br\/blog\/#\/schema\/person\/c755ae3b5b8705df0393c3187c4446e6\",\"name\":\"Mara Claudia Ribeiro\",\"image\":{\"@type\":\"ImageObject\",\"inLanguage\":\"pt-BR\",\"@id\":\"https:\/\/secure.gravatar.com\/avatar\/a56f1a595de51c1a86891c4059310ea27ab23f94ba8479c5cb9a495ad590ed47?s=96&d=mm&r=g\",\"url\":\"https:\/\/secure.gravatar.com\/avatar\/a56f1a595de51c1a86891c4059310ea27ab23f94ba8479c5cb9a495ad590ed47?s=96&d=mm&r=g\",\"contentUrl\":\"https:\/\/secure.gravatar.com\/avatar\/a56f1a595de51c1a86891c4059310ea27ab23f94ba8479c5cb9a495ad590ed47?s=96&d=mm&r=g\",\"caption\":\"Mara Claudia Ribeiro\"},\"description\":\"Sou a professora MARA RIBEIRO, formada em fisioterapia e p\u00f3s-graduada em Fisioterapia Neurofuncional pela Universidade Estadual de Londrina, Mestre em Gerontologia pela Universidade Cat\u00f3lica de Bras\u00edlia e Doutora em Ci\u00eancias M\u00e9dicas pela Universidade de Bras\u00edlia. Leciono no ensino superior h\u00e1 15 anos, em cursos de gradua\u00e7\u00e3o e p\u00f3s-gradua\u00e7\u00e3o, em diversas disciplinas ligadas ao Sistema Locomotor. Atuo no Estrat\u00e9gia Concursos, preparando materiais e ministrando aulas que te ajudar\u00e3o a se preparar para Concursos P\u00fablicos em Fisioterapia. J\u00e1 fui aprovada e cursei Resid\u00eancia em Fisioterapia Neurofuncional na Universidade Estadual de Londrina - PR. E tamb\u00e9m tive outras aprova\u00e7\u00f5es: Rede Sarah, Sa\u00fade da Fam\u00edlia (GDF), Tribunal de Justi\u00e7a do Distrito Federal e Territ\u00f3rios (TJDFT) e fui selecionada e atuei como Fisioterapeuta no Ex\u00e9rcito Brasileiro.\",\"sameAs\":[\"https:\/\/www.estrategiaconcursos.com.br\/pesquisa\/?q=Fisioterapia\",\"https:\/\/m.facebook.com\/profmararibeiro\/?locale2=pt_BR\",\"https:\/\/www.instagram.com\/profmararibeiro\/?igshid=1pgl673xryb0k\",\"http:\/\/linkedin.com\/in\/mara-ribeiro-27481bb1\",\"https:\/\/x.com\/ProfMara\",\"https:\/\/www.youtube.com\/channel\/UCIZKxVCvvyp5-aEU9_UcdyQ\"],\"url\":\"https:\/\/www.estrategiaconcursos.com.br\/blog\/author\/mara-ribeiro01gmail-com\/\"}]}<\/script>\n<!-- \/ Yoast SEO Premium plugin. -->","yoast_head_json":{"title":"Rede Sarah 2022: Confira a prova comentada de Fisioterapia","description":"Acompanhe no artigo a an\u00e1lise e coment\u00e1rios das quest\u00f5es da Prova da Rede Sarah 2022, al\u00e9m dos recursos para a prova objetiva de Fisioterapia.","robots":{"index":"index","follow":"follow","max-snippet":"max-snippet:-1","max-image-preview":"max-image-preview:large","max-video-preview":"max-video-preview:-1"},"canonical":"https:\/\/www.estrategiaconcursos.com.br\/blog\/sarah-2022-fisioterapia-prova-comentada\/","og_locale":"pt_BR","og_type":"article","og_title":"Rede Sarah 2022: Confira a prova comentada de Fisioterapia","og_description":"Acompanhe no artigo a an\u00e1lise e coment\u00e1rios das quest\u00f5es da Prova da Rede Sarah 2022, al\u00e9m dos recursos para a prova objetiva de Fisioterapia.","og_url":"https:\/\/www.estrategiaconcursos.com.br\/blog\/sarah-2022-fisioterapia-prova-comentada\/","og_site_name":"Estrat\u00e9gia Concursos","article_author":"https:\/\/m.facebook.com\/profmararibeiro\/?locale2=pt_BR","article_published_time":"2022-12-07T13:40:50+00:00","article_modified_time":"2023-01-18T17:03:33+00:00","og_image":[{"width":1080,"height":1080,"url":"https:\/\/dhg1h5j42swfq.cloudfront.net\/2022\/12\/07101635\/image0.jpeg","type":"image\/jpeg"}],"author":"Mara Claudia Ribeiro","twitter_card":"summary_large_image","twitter_creator":"@ProfMara","twitter_site":"@EstratConcursos","twitter_misc":{"Escrito por":"Mara Claudia Ribeiro","Est. tempo de leitura":"41 minutos"},"schema":{"@context":"https:\/\/schema.org","@graph":[{"@type":"NewsArticle","@id":"https:\/\/www.estrategiaconcursos.com.br\/blog\/sarah-2022-fisioterapia-prova-comentada\/#article","isPartOf":{"@id":"https:\/\/www.estrategiaconcursos.com.br\/blog\/sarah-2022-fisioterapia-prova-comentada\/"},"author":{"name":"Mara Claudia Ribeiro","@id":"https:\/\/www.estrategiaconcursos.com.br\/blog\/#\/schema\/person\/c755ae3b5b8705df0393c3187c4446e6"},"headline":"Rede Sarah 2022: Confira a prova comentada de Fisioterapia","datePublished":"2022-12-07T13:40:50+00:00","dateModified":"2023-01-18T17:03:33+00:00","mainEntityOfPage":{"@id":"https:\/\/www.estrategiaconcursos.com.br\/blog\/sarah-2022-fisioterapia-prova-comentada\/"},"wordCount":8265,"commentCount":0,"publisher":{"@id":"https:\/\/www.estrategiaconcursos.com.br\/blog\/#organization"},"image":{"@id":"https:\/\/www.estrategiaconcursos.com.br\/blog\/sarah-2022-fisioterapia-prova-comentada\/#primaryimage"},"thumbnailUrl":"https:\/\/dhg1h5j42swfq.cloudfront.net\/2022\/12\/07101635\/image0.jpeg","keywords":["prova comentada","Recurso"],"articleSection":["Concursos P\u00fablicos"],"inLanguage":"pt-BR","potentialAction":[{"@type":"CommentAction","name":"Comment","target":["https:\/\/www.estrategiaconcursos.com.br\/blog\/sarah-2022-fisioterapia-prova-comentada\/#respond"]}],"copyrightYear":"2022","copyrightHolder":{"@id":"https:\/\/www.estrategiaconcursos.com.br\/blog\/#organization"}},{"@type":"WebPage","@id":"https:\/\/www.estrategiaconcursos.com.br\/blog\/sarah-2022-fisioterapia-prova-comentada\/","url":"https:\/\/www.estrategiaconcursos.com.br\/blog\/sarah-2022-fisioterapia-prova-comentada\/","name":"Rede Sarah 2022: Confira a prova comentada de Fisioterapia","isPartOf":{"@id":"https:\/\/www.estrategiaconcursos.com.br\/blog\/#website"},"primaryImageOfPage":{"@id":"https:\/\/www.estrategiaconcursos.com.br\/blog\/sarah-2022-fisioterapia-prova-comentada\/#primaryimage"},"image":{"@id":"https:\/\/www.estrategiaconcursos.com.br\/blog\/sarah-2022-fisioterapia-prova-comentada\/#primaryimage"},"thumbnailUrl":"https:\/\/dhg1h5j42swfq.cloudfront.net\/2022\/12\/07101635\/image0.jpeg","datePublished":"2022-12-07T13:40:50+00:00","dateModified":"2023-01-18T17:03:33+00:00","description":"Acompanhe no artigo a an\u00e1lise e coment\u00e1rios das quest\u00f5es da Prova da Rede Sarah 2022, al\u00e9m dos recursos para a prova objetiva de Fisioterapia.","breadcrumb":{"@id":"https:\/\/www.estrategiaconcursos.com.br\/blog\/sarah-2022-fisioterapia-prova-comentada\/#breadcrumb"},"inLanguage":"pt-BR","potentialAction":[{"@type":"ReadAction","target":["https:\/\/www.estrategiaconcursos.com.br\/blog\/sarah-2022-fisioterapia-prova-comentada\/"]}]},{"@type":"ImageObject","inLanguage":"pt-BR","@id":"https:\/\/www.estrategiaconcursos.com.br\/blog\/sarah-2022-fisioterapia-prova-comentada\/#primaryimage","url":"https:\/\/dhg1h5j42swfq.cloudfront.net\/2022\/12\/07101635\/image0.jpeg","contentUrl":"https:\/\/dhg1h5j42swfq.cloudfront.net\/2022\/12\/07101635\/image0.jpeg","width":1080,"height":1080},{"@type":"BreadcrumbList","@id":"https:\/\/www.estrategiaconcursos.com.br\/blog\/sarah-2022-fisioterapia-prova-comentada\/#breadcrumb","itemListElement":[{"@type":"ListItem","position":1,"name":"In\u00edcio","item":"https:\/\/www.estrategiaconcursos.com.br\/blog\/"},{"@type":"ListItem","position":2,"name":"Rede Sarah 2022: Confira a prova comentada de Fisioterapia"}]},{"@type":"WebSite","@id":"https:\/\/www.estrategiaconcursos.com.br\/blog\/#website","url":"https:\/\/www.estrategiaconcursos.com.br\/blog\/","name":"Estrat\u00e9gia Concursos","description":"O blog da Estrat\u00e9gia Concursos traz not\u00edcias sobre concursos e artigos de professores oferecendo cursos para concursos (pdf + videaulas) no site.","publisher":{"@id":"https:\/\/www.estrategiaconcursos.com.br\/blog\/#organization"},"potentialAction":[{"@type":"SearchAction","target":{"@type":"EntryPoint","urlTemplate":"https:\/\/www.estrategiaconcursos.com.br\/blog\/?s={search_term_string}"},"query-input":{"@type":"PropertyValueSpecification","valueRequired":true,"valueName":"search_term_string"}}],"inLanguage":"pt-BR"},{"@type":"Organization","@id":"https:\/\/www.estrategiaconcursos.com.br\/blog\/#organization","name":"Estrat\u00e9gia Concursos","url":"https:\/\/www.estrategiaconcursos.com.br\/blog\/","logo":{"@type":"ImageObject","inLanguage":"pt-BR","@id":"https:\/\/www.estrategiaconcursos.com.br\/blog\/#\/schema\/logo\/image\/","url":"https:\/\/dhg1h5j42swfq.cloudfront.net\/2025\/06\/03203428\/logo_concursos-1.jpg","contentUrl":"https:\/\/dhg1h5j42swfq.cloudfront.net\/2025\/06\/03203428\/logo_concursos-1.jpg","width":230,"height":60,"caption":"Estrat\u00e9gia Concursos"},"image":{"@id":"https:\/\/www.estrategiaconcursos.com.br\/blog\/#\/schema\/logo\/image\/"},"sameAs":["https:\/\/x.com\/EstratConcursos"]},{"@type":"Person","@id":"https:\/\/www.estrategiaconcursos.com.br\/blog\/#\/schema\/person\/c755ae3b5b8705df0393c3187c4446e6","name":"Mara Claudia Ribeiro","image":{"@type":"ImageObject","inLanguage":"pt-BR","@id":"https:\/\/secure.gravatar.com\/avatar\/a56f1a595de51c1a86891c4059310ea27ab23f94ba8479c5cb9a495ad590ed47?s=96&d=mm&r=g","url":"https:\/\/secure.gravatar.com\/avatar\/a56f1a595de51c1a86891c4059310ea27ab23f94ba8479c5cb9a495ad590ed47?s=96&d=mm&r=g","contentUrl":"https:\/\/secure.gravatar.com\/avatar\/a56f1a595de51c1a86891c4059310ea27ab23f94ba8479c5cb9a495ad590ed47?s=96&d=mm&r=g","caption":"Mara Claudia Ribeiro"},"description":"Sou a professora MARA RIBEIRO, formada em fisioterapia e p\u00f3s-graduada em Fisioterapia Neurofuncional pela Universidade Estadual de Londrina, Mestre em Gerontologia pela Universidade Cat\u00f3lica de Bras\u00edlia e Doutora em Ci\u00eancias M\u00e9dicas pela Universidade de Bras\u00edlia. Leciono no ensino superior h\u00e1 15 anos, em cursos de gradua\u00e7\u00e3o e p\u00f3s-gradua\u00e7\u00e3o, em diversas disciplinas ligadas ao Sistema Locomotor. Atuo no Estrat\u00e9gia Concursos, preparando materiais e ministrando aulas que te ajudar\u00e3o a se preparar para Concursos P\u00fablicos em Fisioterapia. J\u00e1 fui aprovada e cursei Resid\u00eancia em Fisioterapia Neurofuncional na Universidade Estadual de Londrina - PR. E tamb\u00e9m tive outras aprova\u00e7\u00f5es: Rede Sarah, Sa\u00fade da Fam\u00edlia (GDF), Tribunal de Justi\u00e7a do Distrito Federal e Territ\u00f3rios (TJDFT) e fui selecionada e atuei como Fisioterapeuta no Ex\u00e9rcito Brasileiro.","sameAs":["https:\/\/www.estrategiaconcursos.com.br\/pesquisa\/?q=Fisioterapia","https:\/\/m.facebook.com\/profmararibeiro\/?locale2=pt_BR","https:\/\/www.instagram.com\/profmararibeiro\/?igshid=1pgl673xryb0k","http:\/\/linkedin.com\/in\/mara-ribeiro-27481bb1","https:\/\/x.com\/ProfMara","https:\/\/www.youtube.com\/channel\/UCIZKxVCvvyp5-aEU9_UcdyQ"],"url":"https:\/\/www.estrategiaconcursos.com.br\/blog\/author\/mara-ribeiro01gmail-com\/"}]}},"_links":{"self":[{"href":"https:\/\/www.estrategiaconcursos.com.br\/blog\/wp-json\/wp\/v2\/posts\/1135581","targetHints":{"allow":["GET"]}}],"collection":[{"href":"https:\/\/www.estrategiaconcursos.com.br\/blog\/wp-json\/wp\/v2\/posts"}],"about":[{"href":"https:\/\/www.estrategiaconcursos.com.br\/blog\/wp-json\/wp\/v2\/types\/post"}],"author":[{"embeddable":true,"href":"https:\/\/www.estrategiaconcursos.com.br\/blog\/wp-json\/wp\/v2\/users\/237"}],"replies":[{"embeddable":true,"href":"https:\/\/www.estrategiaconcursos.com.br\/blog\/wp-json\/wp\/v2\/comments?post=1135581"}],"version-history":[{"count":12,"href":"https:\/\/www.estrategiaconcursos.com.br\/blog\/wp-json\/wp\/v2\/posts\/1135581\/revisions"}],"predecessor-version":[{"id":1154890,"href":"https:\/\/www.estrategiaconcursos.com.br\/blog\/wp-json\/wp\/v2\/posts\/1135581\/revisions\/1154890"}],"wp:featuredmedia":[{"embeddable":true,"href":"https:\/\/www.estrategiaconcursos.com.br\/blog\/wp-json\/wp\/v2\/media\/1135601"}],"wp:attachment":[{"href":"https:\/\/www.estrategiaconcursos.com.br\/blog\/wp-json\/wp\/v2\/media?parent=1135581"}],"wp:term":[{"taxonomy":"category","embeddable":true,"href":"https:\/\/www.estrategiaconcursos.com.br\/blog\/wp-json\/wp\/v2\/categories?post=1135581"},{"taxonomy":"post_tag","embeddable":true,"href":"https:\/\/www.estrategiaconcursos.com.br\/blog\/wp-json\/wp\/v2\/tags?post=1135581"},{"taxonomy":"tax_estado","embeddable":true,"href":"https:\/\/www.estrategiaconcursos.com.br\/blog\/wp-json\/wp\/v2\/tax_estado?post=1135581"}],"curies":[{"name":"wp","href":"https:\/\/api.w.org\/{rel}","templated":true}]}}