{"id":113521,"date":"2018-03-27T09:12:04","date_gmt":"2018-03-27T12:12:04","guid":{"rendered":"https:\/\/www.estrategiaconcursos.com.br\/blog\/?p=113521"},"modified":"2023-04-25T11:27:06","modified_gmt":"2023-04-25T14:27:06","slug":"tudo-que-voce-precisa-saber-sobre-o-edital-do-concurso-da-ebserh-fisioterapia-2018","status":"publish","type":"post","link":"https:\/\/www.estrategiaconcursos.com.br\/blog\/tudo-que-voce-precisa-saber-sobre-o-edital-do-concurso-da-ebserh-fisioterapia-2018\/","title":{"rendered":"Tudo que voc\u00ea precisa saber sobre o Edital do Concurso da EBSERH &#8211; FISIOTERAPIA &#8211; 2018"},"content":{"rendered":"<p>Ol\u00e1 &#8230; Vamos comentar o <span style=\"color: #008000;\">Edital da EBSERH (Empresa Brasileira de Servi\u00e7os Hospitalares)<\/span> para os cargos de <span style=\"color: #0000ff;\">Fisioterapeuta &#8211; 2018<\/span> !!!<\/p>\n<p>Foi publicado no dia 22\/03\/2018 o edital para o Concurso Nacional da EBSERH &#8211; 2018, abrindo aproximadamente 1.200 vagas em diferentes categorias profissionais da \u00e1rea assistencial: Enfermagem, Fonoaudiologia, Psicologia, Terapia Opcupacional e FISIOTERAPIA, entre outros cargos &#8230;<\/p>\n<p>As vagas s\u00e3o para preenchimento do quadro funcional em diferentes hospitais universit\u00e1rios espalhados pelo Brasil, as lota\u00e7\u00f5es aparecem em mais de 30 unidades hospitalares e tamb\u00e9m na sede da EBSERH em Bras\u00edlia.<\/p>\n<p><strong><span style=\"color: #008000;\">O QUE \u00c9 A EBSERH ?<\/span><\/strong><\/p>\n<p>Trata-se de uma Empresa p\u00fablica vinculada ao Minist\u00e9rio da Educa\u00e7\u00e3o, criada com a finalidade de dar prosseguimento ao processo de recupera\u00e7\u00e3o dos hospitais universit\u00e1rios federais, que foi criada, em 2011, por meio da<a href=\"http:\/\/www.ebserh.gov.br\/documents\/14003\/2056049\/HISTORIA_Lei+12550.pdf\/2d080ba3-f1a9-499f-93d1-197bf141e78b\" target=\"_blank\" rel=\"noopener noreferrer\"> Lei n\u00ba 12.550<\/a> .<\/p>\n<p>Com isso, a empresa passa a ser o \u00f3rg\u00e3o do MEC respons\u00e1vel pela gest\u00e3o do Programa de Reestrutura\u00e7\u00e3o e que, por meio de contrato firmado com as universidades federais que assim optarem, atuar\u00e1 no sentido de modernizar a gest\u00e3o dos hospitais universit\u00e1rios federais, preservando e refor\u00e7ando o papel estrat\u00e9gico desempenhado por essas unidades de centros de forma\u00e7\u00e3o de profissionais na \u00e1rea da sa\u00fade e de presta\u00e7\u00e3o de assist\u00eancia \u00e0 sa\u00fade da popula\u00e7\u00e3o integralmente no \u00e2mbito do Sistema \u00danico de Sa\u00fade (SUS).<\/p>\n<p>E que tem como miss\u00e3o aprimorar a gest\u00e3o dos Hospitais Universit\u00e1rios Federais e cong\u00eaneres,\u00a0 prestar aten\u00e7\u00e3o \u00e0 sa\u00fade de excel\u00eancia e fornecer um cen\u00e1rio de pr\u00e1tica adequado ao ensino e pesquisa para docentes e discentes.<\/p>\n<p>Saiba mais sobre a Ebserh em: http:\/\/www.ebserh.gov.br<\/p>\n<p style=\"text-align: center;\"><span style=\"color: #ff0000; font-size: 14pt;\">SOBRE O CONCURSO PARA FISIOTERAPEUTA EBSERH 2018:<\/span><\/p>\n<ul style=\"list-style-type: square;\">\n<li><span style=\"font-size: 14pt;\"><strong><span style=\"color: #0000ff;\">INSCRI\u00c7\u00d5ES:<\/span> <\/strong>27\/03\/2018 as 18h do dia 10\/04\/2018<\/span><\/li>\n<li><span style=\"font-size: 14pt;\"><strong><span style=\"color: #0000ff;\">VALOR<\/span><\/strong>: 200,00 reais<\/span><\/li>\n<li><span style=\"font-size: 14pt;\"><span style=\"text-decoration: underline;\"><span style=\"color: #0000ff; text-decoration: underline;\">\u00daltimo prazo para pagamento do boleto:<\/span><\/span> 17\/04\/2018<\/span><\/li>\n<\/ul>\n<p><span style=\"font-size: 14pt;\"><strong><span style=\"color: #0000ff;\">CARGOS:<\/span><\/strong> Ao todo s\u00e3o 14 vagas para diferentes \u00e1reas em todo o Brasil:<\/span><\/p>\n<p><span style=\"color: #0000ff; font-size: 14pt;\">1.FISIOTERAPEUTA &#8211; 5 vagas &#8211; Maranh\u00e3o (UFMA), Piau\u00ed (UFPI), Goi\u00e2nia (UFG), Bras\u00edlia (HUB) e Pelotas &#8211; RS (UFPEL)<\/span><\/p>\n<p><span style=\"color: #0000ff; font-size: 14pt;\">2.FISIOTERPIA CARDIOVASCULAR &#8211; 1 vaga &#8211; Natal (RN)<\/span><\/p>\n<p><span style=\"color: #0000ff; font-size: 14pt;\">3.NEUROFUNCIONAL &#8211; 1 vaga &#8211; Goi\u00e2nia (UFG)<\/span><\/p>\n<p><span style=\"color: #0000ff; font-size: 14pt;\">4.FISIOTERAPIA RESPIRAT\u00d3RIA &#8211; 1 vaga &#8211; S\u00e3o Carlos &#8211; SP (UFSCAR)<\/span><\/p>\n<p><span style=\"color: #0000ff; font-size: 14pt;\">5.TERAPIA INTENSIVA &#8211; 2 vagas &#8211; Bras\u00edlia (HUB) e Curitiba &#8211; PR (UFPR)<\/span><\/p>\n<p><span style=\"color: #0000ff; font-size: 14pt;\">6.TERAPIA INTENSIVA NEONATAL &#8211; 1 vaga &#8211; Curitiba &#8211; PR (UFPR)<\/span><\/p>\n<p><span style=\"color: #0000ff; font-size: 14pt;\">7.TERAPIA INTENSIVA PEDI\u00c1TRICA &#8211; 3 vagas &#8211; Curitiba &#8211; PR (UFPR), Uberaba &#8211; MG (UFTM) e Salvador &#8211; BA (UFBA)<\/span><\/p>\n<p><img loading=\"lazy\" decoding=\"async\" class=\"alignnone size-medium wp-image-113531\" src=\"https:\/\/dhg1h5j42swfq.cloudfront.net\/2018\/03\/27085627\/EBSERH-CARGOS-E-VAGAS.png\" alt=\"\" width=\"300\" height=\"169\" srcset=\"https:\/\/dhg1h5j42swfq.cloudfront.net\/2018\/03\/27085627\/EBSERH-CARGOS-E-VAGAS.png 1488w, https:\/\/dhg1h5j42swfq.cloudfront.net\/2018\/03\/27085627\/EBSERH-CARGOS-E-VAGAS.png 300w, https:\/\/dhg1h5j42swfq.cloudfront.net\/2018\/03\/27085627\/EBSERH-CARGOS-E-VAGAS.png 768w, https:\/\/dhg1h5j42swfq.cloudfront.net\/2018\/03\/27085627\/EBSERH-CARGOS-E-VAGAS.png 1024w, https:\/\/dhg1h5j42swfq.cloudfront.net\/2018\/03\/27085627\/EBSERH-CARGOS-E-VAGAS.png 610w\" sizes=\"auto, (max-width: 300px) 100vw, 300px\" \/><\/p>\n<div id=\"attachment_113532\" style=\"width: 310px\" class=\"wp-caption alignnone\"><img loading=\"lazy\" decoding=\"async\" aria-describedby=\"caption-attachment-113532\" class=\"size-medium wp-image-113532\" src=\"https:\/\/dhg1h5j42swfq.cloudfront.net\/2018\/03\/27085737\/EBSERH-LOTAC%CC%A7O%CC%83ES-1.png\" alt=\"\" width=\"300\" height=\"169\" srcset=\"https:\/\/dhg1h5j42swfq.cloudfront.net\/2018\/03\/27085737\/EBSERH-LOTAC%CC%A7O%CC%83ES-1.png 1494w, https:\/\/dhg1h5j42swfq.cloudfront.net\/2018\/03\/27085737\/EBSERH-LOTAC%CC%A7O%CC%83ES-1.png 300w, https:\/\/dhg1h5j42swfq.cloudfront.net\/2018\/03\/27085737\/EBSERH-LOTAC%CC%A7O%CC%83ES-1.png 768w, https:\/\/dhg1h5j42swfq.cloudfront.net\/2018\/03\/27085737\/EBSERH-LOTAC%CC%A7O%CC%83ES-1.png 1024w, https:\/\/dhg1h5j42swfq.cloudfront.net\/2018\/03\/27085737\/EBSERH-LOTAC%CC%A7O%CC%83ES-1.png 610w\" sizes=\"auto, (max-width: 300px) 100vw, 300px\" \/><p id=\"caption-attachment-113532\" class=\"wp-caption-text\">Lota\u00e7\u00f5es &#8211; Fisioterapia<\/p><\/div>\n<div id=\"attachment_113533\" style=\"width: 310px\" class=\"wp-caption alignnone\"><img loading=\"lazy\" decoding=\"async\" aria-describedby=\"caption-attachment-113533\" class=\"size-medium wp-image-113533\" src=\"https:\/\/dhg1h5j42swfq.cloudfront.net\/2018\/03\/27085809\/EBSERH-LOTAC%CC%A7O%CC%83ES-2.png\" alt=\"\" width=\"300\" height=\"169\" srcset=\"https:\/\/dhg1h5j42swfq.cloudfront.net\/2018\/03\/27085809\/EBSERH-LOTAC%CC%A7O%CC%83ES-2.png 1488w, https:\/\/dhg1h5j42swfq.cloudfront.net\/2018\/03\/27085809\/EBSERH-LOTAC%CC%A7O%CC%83ES-2.png 300w, https:\/\/dhg1h5j42swfq.cloudfront.net\/2018\/03\/27085809\/EBSERH-LOTAC%CC%A7O%CC%83ES-2.png 768w, https:\/\/dhg1h5j42swfq.cloudfront.net\/2018\/03\/27085809\/EBSERH-LOTAC%CC%A7O%CC%83ES-2.png 1024w, https:\/\/dhg1h5j42swfq.cloudfront.net\/2018\/03\/27085809\/EBSERH-LOTAC%CC%A7O%CC%83ES-2.png 610w\" sizes=\"auto, (max-width: 300px) 100vw, 300px\" \/><p id=\"caption-attachment-113533\" class=\"wp-caption-text\">Lota\u00e7\u00f5es &#8211; Fisioterapia<\/p><\/div>\n<div id=\"attachment_113534\" style=\"width: 310px\" class=\"wp-caption alignnone\"><img loading=\"lazy\" decoding=\"async\" aria-describedby=\"caption-attachment-113534\" class=\"size-medium wp-image-113534\" src=\"https:\/\/dhg1h5j42swfq.cloudfront.net\/2018\/03\/27085846\/EBSERH-LOTAC%CC%A7O%CC%83ES-3.png\" alt=\"\" width=\"300\" height=\"169\" srcset=\"https:\/\/dhg1h5j42swfq.cloudfront.net\/2018\/03\/27085846\/EBSERH-LOTAC%CC%A7O%CC%83ES-3.png 1484w, https:\/\/dhg1h5j42swfq.cloudfront.net\/2018\/03\/27085846\/EBSERH-LOTAC%CC%A7O%CC%83ES-3.png 300w, https:\/\/dhg1h5j42swfq.cloudfront.net\/2018\/03\/27085846\/EBSERH-LOTAC%CC%A7O%CC%83ES-3.png 768w, https:\/\/dhg1h5j42swfq.cloudfront.net\/2018\/03\/27085846\/EBSERH-LOTAC%CC%A7O%CC%83ES-3.png 1024w, https:\/\/dhg1h5j42swfq.cloudfront.net\/2018\/03\/27085846\/EBSERH-LOTAC%CC%A7O%CC%83ES-3.png 610w\" sizes=\"auto, (max-width: 300px) 100vw, 300px\" \/><p id=\"caption-attachment-113534\" class=\"wp-caption-text\">Lota\u00e7\u00f5es &#8211; Fisioterapia<\/p><\/div>\n<p><img loading=\"lazy\" decoding=\"async\" class=\"alignnone size-medium wp-image-113536\" src=\"https:\/\/dhg1h5j42swfq.cloudfront.net\/2018\/03\/27090024\/novas-corujas-02.png\" alt=\"\" width=\"300\" height=\"101\" srcset=\"https:\/\/dhg1h5j42swfq.cloudfront.net\/2018\/03\/27090024\/novas-corujas-02.png 3508w, https:\/\/dhg1h5j42swfq.cloudfront.net\/2018\/03\/27090024\/novas-corujas-02.png 300w, https:\/\/dhg1h5j42swfq.cloudfront.net\/2018\/03\/27090024\/novas-corujas-02.png 768w, https:\/\/dhg1h5j42swfq.cloudfront.net\/2018\/03\/27090024\/novas-corujas-02.png 1024w, https:\/\/dhg1h5j42swfq.cloudfront.net\/2018\/03\/27090024\/novas-corujas-02.png 610w\" sizes=\"auto, (max-width: 300px) 100vw, 300px\" \/><\/p>\n<ul>\n<li>A vaga de Fisioterapeuta n\u00e3o exige titula\u00e7\u00e3o espec\u00edfica, por\u00e9m, as vagas espec\u00edficas exigem: RESID\u00caNCIA NA \u00c1REA OU T\u00cdTULO DE ESPECIALISTA NA \u00c1REA, RECONHECIDO PELO COFFITO \/ CREFITO \/ ASSOCIA\u00c7\u00c3O DA \u00c1REA.<\/li>\n<\/ul>\n<ul style=\"list-style-type: disc;\">\n<li><span style=\"font-size: 18pt;\"><span style=\"color: #0000ff;\">REMUNERA\u00c7\u00c3O:<\/span> 4. 422,50<\/span><\/li>\n<li><span style=\"font-size: 18pt;\"><span style=\"color: #0000ff;\">CH:<\/span> 30 horas semanais.<\/span><\/li>\n<\/ul>\n<p><span style=\"text-decoration: underline; font-size: 18pt;\"><strong><span style=\"color: #ff0000; text-decoration: underline;\">COISAS DA PROVA &#8230;<\/span><\/strong><\/span><\/p>\n<ul>\n<li>DATA: 06 de maio de 2018<\/li>\n<li>PER\u00cdODO: matutino &#8211; 3 horas de prova<\/li>\n<\/ul>\n<p>&#8211; Chegar com 1 hora de anteced\u00eancia<\/p>\n<ul>\n<li>Utilizar caneta esferogr\u00e1fica preta !!!<\/li>\n<\/ul>\n<p>AVALIA\u00c7\u00c3O: PROVA OBJETIVA (eliminat\u00f3ria e classificat\u00f3ria) + AVALIA\u00c7\u00c3O DE T\u00cdTULOS (classificat\u00f3ria)<\/p>\n<p>PONTUA\u00c7\u00c3O: A prova ser\u00e1 composta por 100 itens, valendo 1 ponto cada, e voc\u00ea dever\u00e1 marcar C para as afrimativas certas e E para as erradas.<\/p>\n<div id=\"attachment_113537\" style=\"width: 310px\" class=\"wp-caption alignnone\"><img loading=\"lazy\" decoding=\"async\" aria-describedby=\"caption-attachment-113537\" class=\"size-medium wp-image-113537\" src=\"https:\/\/dhg1h5j42swfq.cloudfront.net\/2018\/03\/27090453\/ebserh-pontuac%CC%A7a%CC%83o.png\" alt=\"\" width=\"300\" height=\"168\" srcset=\"https:\/\/dhg1h5j42swfq.cloudfront.net\/2018\/03\/27090453\/ebserh-pontuac%CC%A7a%CC%83o.png 1486w, https:\/\/dhg1h5j42swfq.cloudfront.net\/2018\/03\/27090453\/ebserh-pontuac%CC%A7a%CC%83o.png 300w, https:\/\/dhg1h5j42swfq.cloudfront.net\/2018\/03\/27090453\/ebserh-pontuac%CC%A7a%CC%83o.png 768w, https:\/\/dhg1h5j42swfq.cloudfront.net\/2018\/03\/27090453\/ebserh-pontuac%CC%A7a%CC%83o.png 1024w, https:\/\/dhg1h5j42swfq.cloudfront.net\/2018\/03\/27090453\/ebserh-pontuac%CC%A7a%CC%83o.png 610w\" sizes=\"auto, (max-width: 300px) 100vw, 300px\" \/><p id=\"caption-attachment-113537\" class=\"wp-caption-text\">Pontua\u00e7\u00e3o da prova<\/p><\/div>\n<p>H\u00e1 tamb\u00e9m crit\u00e9rios de reprova\u00e7\u00e3o, de forma que, o candidato dever\u00e1 fazer uma pontua\u00e7\u00e3o m\u00ednima:<\/p>\n<div id=\"attachment_113538\" style=\"width: 310px\" class=\"wp-caption alignnone\"><img loading=\"lazy\" decoding=\"async\" aria-describedby=\"caption-attachment-113538\" class=\"size-medium wp-image-113538\" src=\"https:\/\/dhg1h5j42swfq.cloudfront.net\/2018\/03\/27090550\/ebserh-crite%CC%81rios-para-reprovac%CC%A7a%CC%83o.png\" alt=\"\" width=\"300\" height=\"170\" srcset=\"https:\/\/dhg1h5j42swfq.cloudfront.net\/2018\/03\/27090550\/ebserh-crite%CC%81rios-para-reprovac%CC%A7a%CC%83o.png 1488w, https:\/\/dhg1h5j42swfq.cloudfront.net\/2018\/03\/27090550\/ebserh-crite%CC%81rios-para-reprovac%CC%A7a%CC%83o.png 300w, https:\/\/dhg1h5j42swfq.cloudfront.net\/2018\/03\/27090550\/ebserh-crite%CC%81rios-para-reprovac%CC%A7a%CC%83o.png 768w, https:\/\/dhg1h5j42swfq.cloudfront.net\/2018\/03\/27090550\/ebserh-crite%CC%81rios-para-reprovac%CC%A7a%CC%83o.png 1024w, https:\/\/dhg1h5j42swfq.cloudfront.net\/2018\/03\/27090550\/ebserh-crite%CC%81rios-para-reprovac%CC%A7a%CC%83o.png 610w\" sizes=\"auto, (max-width: 300px) 100vw, 300px\" \/><p id=\"caption-attachment-113538\" class=\"wp-caption-text\">Pontua\u00e7\u00e3o m\u00edmina<\/p><\/div>\n<p>E a AVALIA\u00c7\u00c3O DOS T\u00cdTULOS ????<\/p>\n<p>Um item que tem chamado a aten\u00e7\u00e3o neste edital \u00e9<span style=\"color: #ff0000; font-size: 18pt;\"> avalia\u00e7\u00e3o dos t\u00edtulos<\/span>, <span style=\"font-size: 18pt;\">que dever\u00e3o ser enviados, por meio postal para a EBSERH at\u00e9 o dia <span style=\"color: #ff0000;\">02\/05\/2018.<\/span><\/span><\/p>\n<p>O que vai pontuar ?<\/p>\n<div id=\"attachment_113539\" style=\"width: 310px\" class=\"wp-caption alignnone\"><img loading=\"lazy\" decoding=\"async\" aria-describedby=\"caption-attachment-113539\" class=\"size-medium wp-image-113539\" src=\"https:\/\/dhg1h5j42swfq.cloudfront.net\/2018\/03\/27090749\/ebserh-avaliac%CC%A7a%CC%83o-de-ti%CC%81tulos.png\" alt=\"\" width=\"300\" height=\"169\" srcset=\"https:\/\/dhg1h5j42swfq.cloudfront.net\/2018\/03\/27090749\/ebserh-avaliac%CC%A7a%CC%83o-de-ti%CC%81tulos.png 1490w, https:\/\/dhg1h5j42swfq.cloudfront.net\/2018\/03\/27090749\/ebserh-avaliac%CC%A7a%CC%83o-de-ti%CC%81tulos.png 300w, https:\/\/dhg1h5j42swfq.cloudfront.net\/2018\/03\/27090749\/ebserh-avaliac%CC%A7a%CC%83o-de-ti%CC%81tulos.png 768w, https:\/\/dhg1h5j42swfq.cloudfront.net\/2018\/03\/27090749\/ebserh-avaliac%CC%A7a%CC%83o-de-ti%CC%81tulos.png 1024w, https:\/\/dhg1h5j42swfq.cloudfront.net\/2018\/03\/27090749\/ebserh-avaliac%CC%A7a%CC%83o-de-ti%CC%81tulos.png 610w\" sizes=\"auto, (max-width: 300px) 100vw, 300px\" \/><p id=\"caption-attachment-113539\" class=\"wp-caption-text\">T\u00edtulos que ser\u00e3o avaliados<\/p><\/div>\n<p><span style=\"font-size: 18pt; color: #ff0000;\">Voc\u00ea pode assistir o Webn\u00e1rio onde n\u00f3s, professores da \u00e1rea de Fisioterapia do estrat\u00e9gia Concursos comentamos o edaital da EBSERH &#8211; 2018 &#8211; Fisioterapeuta<\/span><\/p>\n<p><span style=\"text-decoration: underline;\"><span style=\"color: #ff00ff; font-size: 18pt; text-decoration: underline;\">Conhe\u00e7a mais do nosso trabalho:<\/span><\/span><\/p>\n<p>https:\/\/www.estrategiaconcursos.com.br\/curso\/pacote-completo-p-ebserh-fisioterapeuta-2018-cespe\/<\/p>\n<p>Temos o material mais completo, preparat\u00f3rio para concursos, elaborado por professores compotentes e especialistas em suas \u00e1reas de atua\u00e7\u00e3o, nosso material consta de:<\/p>\n<p style=\"text-align: center;\"><span style=\"font-size: 18pt; color: #0000ff;\">PDF + QUEST\u00d5ES COMENTADAS + V\u00cdDEO-AULAS + F\u00d3RUM DE D\u00daVIDAS<\/span><\/p>\n<p>Os demais cursos preparat\u00f3rios da \u00e1rea de Fisioterapia:<\/p>\n<p><span style=\"color: #0000ff;\">CONCURSO DO STJ &#8211; 2018<\/span><\/p>\n<p>https:\/\/www.estrategiaconcursos.com.br\/curso\/pacote-completo-p-stj-analista-judiciario-fisioterapia-com-videoaulas-pos-edital\/<\/p>\n<p><span style=\"color: #0000ff;\">CONCURSO DA UNIFESP &#8211; 2018<\/span><\/p>\n<p>https:\/\/www.estrategiaconcursos.com.br\/pesquisa\/?q=UNIFESP<\/p>\n<p><span style=\"color: #0000ff;\">CONCURSO PARA CARREIRAS MILITARES &#8211; 2018<\/span><\/p>\n<p>https:\/\/www.estrategiaconcursos.com.br\/curso\/pacote-p-carreiras-militares-fisioterapia-2018\/<\/p>\n<p><span style=\"color: #0000ff;\">CURSO REGULAR &#8211; 2018<\/span><\/p>\n<p>https:\/\/www.estrategiaconcursos.com.br\/curso\/pacote-completo-p-concursos-fisioterapia-curso-regular-2018\/<\/p>\n<p>Voc\u00ea tamb\u00e9m pode acessar as <span style=\"color: #0000ff;\">PROVAS DE FISIOTERAPIA CESPE COMENTADAS<\/span> na <span style=\"color: #ff0000;\">\u00cdNTEGRA<\/span> pela equipe de FISIOTERAPIA DO ESTRAT\u00c9GIA CONCURSOS !!!<\/p>\n<p><span style=\"color: #ff0000;\"><em>Prova do TCE\/PA FISIOTERAPIA &#8211; 2016 \/ CESPE:<\/em><\/span><\/p>\n<blockquote class=\"wp-embedded-content\" data-secret=\"7VYJmceKkJ\"><p><a href=\"https:\/\/www.estrategiaconcursos.com.br\/blog\/fisioterapia-tcepa-provacomentada\/\">Prova comentada TCE\/PA &#8211; Fisioterapia<\/a><\/p><\/blockquote>\n<p><iframe loading=\"lazy\" class=\"wp-embedded-content\" sandbox=\"allow-scripts\" security=\"restricted\" style=\"position: absolute; clip: rect(1px, 1px, 1px, 1px);\" title=\"&#8220;Prova comentada TCE\/PA &#8211; Fisioterapia&#8221; &#8212; Estrat\u00e9gia Concursos\" src=\"https:\/\/www.estrategiaconcursos.com.br\/blog\/fisioterapia-tcepa-provacomentada\/embed\/#?secret=IaadP4cnN4#?secret=7VYJmceKkJ\" data-secret=\"7VYJmceKkJ\" width=\"500\" height=\"282\" frameborder=\"0\" marginwidth=\"0\" marginheight=\"0\" scrolling=\"no\"><\/iframe><\/p>\n<p><span style=\"color: #ff0000;\"><em>Prova STJ &#8211; FISIOTERAPIA &#8211; 2015 \/ CESPE:\u00a0<\/em><\/span><\/p>\n<blockquote class=\"wp-embedded-content\" data-secret=\"Rf2NdONGzZ\"><p><a href=\"https:\/\/www.estrategiaconcursos.com.br\/blog\/stj-fisioterapia\/\">PROVA COMENTADA STJ &#8211; FISIOTERAPIA<\/a><\/p><\/blockquote>\n<p><iframe loading=\"lazy\" class=\"wp-embedded-content\" sandbox=\"allow-scripts\" security=\"restricted\" style=\"position: absolute; clip: rect(1px, 1px, 1px, 1px);\" title=\"&#8220;PROVA COMENTADA STJ &#8211; FISIOTERAPIA&#8221; &#8212; Estrat\u00e9gia Concursos\" src=\"https:\/\/www.estrategiaconcursos.com.br\/blog\/stj-fisioterapia\/embed\/#?secret=786900pc3o#?secret=Rf2NdONGzZ\" data-secret=\"Rf2NdONGzZ\" width=\"500\" height=\"282\" frameborder=\"0\" marginwidth=\"0\" marginheight=\"0\" scrolling=\"no\"><\/iframe><\/p>\n<blockquote class=\"wp-embedded-content\" data-secret=\"RNZiUIyXq3\"><p><a href=\"https:\/\/www.estrategiaconcursos.com.br\/blog\/prova-stj-2015-fisioterapia-parte-ii\/\">PROVA COMENTADA STJ 2015 &#8211; FISIOTERAPIA PARTE II<\/a><\/p><\/blockquote>\n<p><iframe loading=\"lazy\" class=\"wp-embedded-content\" sandbox=\"allow-scripts\" security=\"restricted\" style=\"position: absolute; clip: rect(1px, 1px, 1px, 1px);\" title=\"&#8220;PROVA COMENTADA STJ 2015 &#8211; FISIOTERAPIA PARTE II&#8221; &#8212; Estrat\u00e9gia Concursos\" src=\"https:\/\/www.estrategiaconcursos.com.br\/blog\/prova-stj-2015-fisioterapia-parte-ii\/embed\/#?secret=g6sZVzrS69#?secret=RNZiUIyXq3\" data-secret=\"RNZiUIyXq3\" width=\"500\" height=\"282\" frameborder=\"0\" marginwidth=\"0\" marginheight=\"0\" scrolling=\"no\"><\/iframe><\/p>\n","protected":false},"excerpt":{"rendered":"<p>Ol\u00e1 &#8230; Vamos comentar o Edital da EBSERH (Empresa Brasileira de Servi\u00e7os Hospitalares) para os cargos de Fisioterapeuta &#8211; 2018 !!! Foi publicado no dia 22\/03\/2018 o edital para o Concurso Nacional da EBSERH &#8211; 2018, abrindo aproximadamente 1.200 vagas em diferentes categorias profissionais da \u00e1rea assistencial: Enfermagem, Fonoaudiologia, Psicologia, Terapia Opcupacional e FISIOTERAPIA, entre [&hellip;]<\/p>\n","protected":false},"author":237,"featured_media":113535,"comment_status":"open","ping_status":"closed","sticky":false,"template":"","format":"standard","meta":{"post_tipo":"article","footnotes":""},"categories":[1,1981],"tags":[508],"tax_estado":[],"class_list":["post-113521","post","type-post","status-publish","format-standard","has-post-thumbnail","hentry","category-cursos-e-concursos","category-saude","tag-ebserh"],"acf":[],"yoast_head":"<!-- This site is optimized with the Yoast SEO Premium plugin v27.2 (Yoast SEO v27.2) - https:\/\/yoast.com\/product\/yoast-seo-premium-wordpress\/ -->\n<title>Tudo que voc\u00ea precisa saber sobre o Edital do Concurso da EBSERH - FISIOTERAPIA - 2018<\/title>\n<meta name=\"robots\" content=\"index, follow, max-snippet:-1, max-image-preview:large, max-video-preview:-1\" \/>\n<link rel=\"canonical\" href=\"https:\/\/www.estrategiaconcursos.com.br\/blog\/tudo-que-voce-precisa-saber-sobre-o-edital-do-concurso-da-ebserh-fisioterapia-2018\/\" \/>\n<meta property=\"og:locale\" content=\"pt_BR\" \/>\n<meta property=\"og:type\" content=\"article\" \/>\n<meta property=\"og:title\" content=\"Tudo que voc\u00ea precisa saber sobre o Edital do Concurso da EBSERH - FISIOTERAPIA - 2018\" \/>\n<meta property=\"og:description\" content=\"Ol\u00e1 &#8230; Vamos comentar o Edital da EBSERH (Empresa Brasileira de Servi\u00e7os Hospitalares) para os cargos de Fisioterapeuta &#8211; 2018 !!! Foi publicado no dia 22\/03\/2018 o edital para o Concurso Nacional da EBSERH &#8211; 2018, abrindo aproximadamente 1.200 vagas em diferentes categorias profissionais da \u00e1rea assistencial: Enfermagem, Fonoaudiologia, Psicologia, Terapia Opcupacional e FISIOTERAPIA, entre [&hellip;]\" \/>\n<meta property=\"og:url\" content=\"https:\/\/www.estrategiaconcursos.com.br\/blog\/tudo-que-voce-precisa-saber-sobre-o-edital-do-concurso-da-ebserh-fisioterapia-2018\/\" \/>\n<meta property=\"og:site_name\" content=\"Estrat\u00e9gia Concursos\" \/>\n<meta property=\"article:author\" content=\"https:\/\/m.facebook.com\/profmararibeiro\/?locale2=pt_BR\" \/>\n<meta property=\"article:published_time\" content=\"2018-03-27T12:12:04+00:00\" \/>\n<meta property=\"article:modified_time\" content=\"2023-04-25T14:27:06+00:00\" \/>\n<meta property=\"og:image\" content=\"https:\/\/dhg1h5j42swfq.cloudfront.net\/2018\/03\/27085911\/ebserh-capa.png\" \/>\n\t<meta property=\"og:image:width\" content=\"1432\" \/>\n\t<meta property=\"og:image:height\" content=\"796\" \/>\n\t<meta property=\"og:image:type\" content=\"image\/png\" \/>\n<meta name=\"author\" content=\"Mara Claudia Ribeiro\" \/>\n<meta name=\"twitter:card\" content=\"summary_large_image\" \/>\n<meta name=\"twitter:creator\" content=\"@ProfMara\" \/>\n<meta name=\"twitter:site\" content=\"@EstratConcursos\" \/>\n<meta name=\"twitter:label1\" content=\"Escrito por\" \/>\n\t<meta name=\"twitter:data1\" content=\"Mara Claudia Ribeiro\" \/>\n\t<meta name=\"twitter:label2\" content=\"Est. tempo de leitura\" \/>\n\t<meta name=\"twitter:data2\" content=\"4 minutos\" \/>\n<script type=\"application\/ld+json\" class=\"yoast-schema-graph\">{\"@context\":\"https:\/\/schema.org\",\"@graph\":[{\"@type\":\"NewsArticle\",\"@id\":\"https:\/\/www.estrategiaconcursos.com.br\/blog\/tudo-que-voce-precisa-saber-sobre-o-edital-do-concurso-da-ebserh-fisioterapia-2018\/#article\",\"isPartOf\":{\"@id\":\"https:\/\/www.estrategiaconcursos.com.br\/blog\/tudo-que-voce-precisa-saber-sobre-o-edital-do-concurso-da-ebserh-fisioterapia-2018\/\"},\"author\":{\"name\":\"Mara Claudia Ribeiro\",\"@id\":\"https:\/\/www.estrategiaconcursos.com.br\/blog\/#\/schema\/person\/c755ae3b5b8705df0393c3187c4446e6\"},\"headline\":\"Tudo que voc\u00ea precisa saber sobre o Edital do Concurso da EBSERH &#8211; FISIOTERAPIA &#8211; 2018\",\"datePublished\":\"2018-03-27T12:12:04+00:00\",\"dateModified\":\"2023-04-25T14:27:06+00:00\",\"mainEntityOfPage\":{\"@id\":\"https:\/\/www.estrategiaconcursos.com.br\/blog\/tudo-que-voce-precisa-saber-sobre-o-edital-do-concurso-da-ebserh-fisioterapia-2018\/\"},\"wordCount\":840,\"commentCount\":0,\"publisher\":{\"@id\":\"https:\/\/www.estrategiaconcursos.com.br\/blog\/#organization\"},\"image\":{\"@id\":\"https:\/\/www.estrategiaconcursos.com.br\/blog\/tudo-que-voce-precisa-saber-sobre-o-edital-do-concurso-da-ebserh-fisioterapia-2018\/#primaryimage\"},\"thumbnailUrl\":\"https:\/\/dhg1h5j42swfq.cloudfront.net\/2018\/03\/27085911\/ebserh-capa.png\",\"keywords\":[\"EBSERH\"],\"articleSection\":[\"Concursos P\u00fablicos\",\"Sa\u00fade\"],\"inLanguage\":\"pt-BR\",\"potentialAction\":[{\"@type\":\"CommentAction\",\"name\":\"Comment\",\"target\":[\"https:\/\/www.estrategiaconcursos.com.br\/blog\/tudo-que-voce-precisa-saber-sobre-o-edital-do-concurso-da-ebserh-fisioterapia-2018\/#respond\"]}],\"copyrightYear\":\"2018\",\"copyrightHolder\":{\"@id\":\"https:\/\/www.estrategiaconcursos.com.br\/blog\/#organization\"}},{\"@type\":\"WebPage\",\"@id\":\"https:\/\/www.estrategiaconcursos.com.br\/blog\/tudo-que-voce-precisa-saber-sobre-o-edital-do-concurso-da-ebserh-fisioterapia-2018\/\",\"url\":\"https:\/\/www.estrategiaconcursos.com.br\/blog\/tudo-que-voce-precisa-saber-sobre-o-edital-do-concurso-da-ebserh-fisioterapia-2018\/\",\"name\":\"Tudo que voc\u00ea precisa saber sobre o Edital do Concurso da EBSERH - FISIOTERAPIA - 2018\",\"isPartOf\":{\"@id\":\"https:\/\/www.estrategiaconcursos.com.br\/blog\/#website\"},\"primaryImageOfPage\":{\"@id\":\"https:\/\/www.estrategiaconcursos.com.br\/blog\/tudo-que-voce-precisa-saber-sobre-o-edital-do-concurso-da-ebserh-fisioterapia-2018\/#primaryimage\"},\"image\":{\"@id\":\"https:\/\/www.estrategiaconcursos.com.br\/blog\/tudo-que-voce-precisa-saber-sobre-o-edital-do-concurso-da-ebserh-fisioterapia-2018\/#primaryimage\"},\"thumbnailUrl\":\"https:\/\/dhg1h5j42swfq.cloudfront.net\/2018\/03\/27085911\/ebserh-capa.png\",\"datePublished\":\"2018-03-27T12:12:04+00:00\",\"dateModified\":\"2023-04-25T14:27:06+00:00\",\"breadcrumb\":{\"@id\":\"https:\/\/www.estrategiaconcursos.com.br\/blog\/tudo-que-voce-precisa-saber-sobre-o-edital-do-concurso-da-ebserh-fisioterapia-2018\/#breadcrumb\"},\"inLanguage\":\"pt-BR\",\"potentialAction\":[{\"@type\":\"ReadAction\",\"target\":[\"https:\/\/www.estrategiaconcursos.com.br\/blog\/tudo-que-voce-precisa-saber-sobre-o-edital-do-concurso-da-ebserh-fisioterapia-2018\/\"]}]},{\"@type\":\"ImageObject\",\"inLanguage\":\"pt-BR\",\"@id\":\"https:\/\/www.estrategiaconcursos.com.br\/blog\/tudo-que-voce-precisa-saber-sobre-o-edital-do-concurso-da-ebserh-fisioterapia-2018\/#primaryimage\",\"url\":\"https:\/\/dhg1h5j42swfq.cloudfront.net\/2018\/03\/27085911\/ebserh-capa.png\",\"contentUrl\":\"https:\/\/dhg1h5j42swfq.cloudfront.net\/2018\/03\/27085911\/ebserh-capa.png\",\"width\":1432,\"height\":796},{\"@type\":\"BreadcrumbList\",\"@id\":\"https:\/\/www.estrategiaconcursos.com.br\/blog\/tudo-que-voce-precisa-saber-sobre-o-edital-do-concurso-da-ebserh-fisioterapia-2018\/#breadcrumb\",\"itemListElement\":[{\"@type\":\"ListItem\",\"position\":1,\"name\":\"In\u00edcio\",\"item\":\"https:\/\/www.estrategiaconcursos.com.br\/blog\/\"},{\"@type\":\"ListItem\",\"position\":2,\"name\":\"Tudo que voc\u00ea precisa saber sobre o Edital do Concurso da EBSERH &#8211; FISIOTERAPIA &#8211; 2018\"}]},{\"@type\":\"WebSite\",\"@id\":\"https:\/\/www.estrategiaconcursos.com.br\/blog\/#website\",\"url\":\"https:\/\/www.estrategiaconcursos.com.br\/blog\/\",\"name\":\"Estrat\u00e9gia Concursos\",\"description\":\"O blog da Estrat\u00e9gia Concursos traz not\u00edcias sobre concursos e artigos de professores oferecendo cursos para concursos (pdf + videaulas) no site.\",\"publisher\":{\"@id\":\"https:\/\/www.estrategiaconcursos.com.br\/blog\/#organization\"},\"potentialAction\":[{\"@type\":\"SearchAction\",\"target\":{\"@type\":\"EntryPoint\",\"urlTemplate\":\"https:\/\/www.estrategiaconcursos.com.br\/blog\/?s={search_term_string}\"},\"query-input\":{\"@type\":\"PropertyValueSpecification\",\"valueRequired\":true,\"valueName\":\"search_term_string\"}}],\"inLanguage\":\"pt-BR\"},{\"@type\":\"Organization\",\"@id\":\"https:\/\/www.estrategiaconcursos.com.br\/blog\/#organization\",\"name\":\"Estrat\u00e9gia Concursos\",\"url\":\"https:\/\/www.estrategiaconcursos.com.br\/blog\/\",\"logo\":{\"@type\":\"ImageObject\",\"inLanguage\":\"pt-BR\",\"@id\":\"https:\/\/www.estrategiaconcursos.com.br\/blog\/#\/schema\/logo\/image\/\",\"url\":\"https:\/\/dhg1h5j42swfq.cloudfront.net\/2025\/06\/03203428\/logo_concursos-1.jpg\",\"contentUrl\":\"https:\/\/dhg1h5j42swfq.cloudfront.net\/2025\/06\/03203428\/logo_concursos-1.jpg\",\"width\":230,\"height\":60,\"caption\":\"Estrat\u00e9gia Concursos\"},\"image\":{\"@id\":\"https:\/\/www.estrategiaconcursos.com.br\/blog\/#\/schema\/logo\/image\/\"},\"sameAs\":[\"https:\/\/x.com\/EstratConcursos\"]},{\"@type\":\"Person\",\"@id\":\"https:\/\/www.estrategiaconcursos.com.br\/blog\/#\/schema\/person\/c755ae3b5b8705df0393c3187c4446e6\",\"name\":\"Mara Claudia Ribeiro\",\"image\":{\"@type\":\"ImageObject\",\"inLanguage\":\"pt-BR\",\"@id\":\"https:\/\/secure.gravatar.com\/avatar\/a56f1a595de51c1a86891c4059310ea27ab23f94ba8479c5cb9a495ad590ed47?s=96&d=mm&r=g\",\"url\":\"https:\/\/secure.gravatar.com\/avatar\/a56f1a595de51c1a86891c4059310ea27ab23f94ba8479c5cb9a495ad590ed47?s=96&d=mm&r=g\",\"contentUrl\":\"https:\/\/secure.gravatar.com\/avatar\/a56f1a595de51c1a86891c4059310ea27ab23f94ba8479c5cb9a495ad590ed47?s=96&d=mm&r=g\",\"caption\":\"Mara Claudia Ribeiro\"},\"description\":\"Sou a professora MARA RIBEIRO, formada em fisioterapia e p\u00f3s-graduada em Fisioterapia Neurofuncional pela Universidade Estadual de Londrina, Mestre em Gerontologia pela Universidade Cat\u00f3lica de Bras\u00edlia e Doutora em Ci\u00eancias M\u00e9dicas pela Universidade de Bras\u00edlia. Leciono no ensino superior h\u00e1 15 anos, em cursos de gradua\u00e7\u00e3o e p\u00f3s-gradua\u00e7\u00e3o, em diversas disciplinas ligadas ao Sistema Locomotor. Atuo no Estrat\u00e9gia Concursos, preparando materiais e ministrando aulas que te ajudar\u00e3o a se preparar para Concursos P\u00fablicos em Fisioterapia. J\u00e1 fui aprovada e cursei Resid\u00eancia em Fisioterapia Neurofuncional na Universidade Estadual de Londrina - PR. E tamb\u00e9m tive outras aprova\u00e7\u00f5es: Rede Sarah, Sa\u00fade da Fam\u00edlia (GDF), Tribunal de Justi\u00e7a do Distrito Federal e Territ\u00f3rios (TJDFT) e fui selecionada e atuei como Fisioterapeuta no Ex\u00e9rcito Brasileiro.\",\"sameAs\":[\"https:\/\/www.estrategiaconcursos.com.br\/pesquisa\/?q=Fisioterapia\",\"https:\/\/m.facebook.com\/profmararibeiro\/?locale2=pt_BR\",\"https:\/\/www.instagram.com\/profmararibeiro\/?igshid=1pgl673xryb0k\",\"http:\/\/linkedin.com\/in\/mara-ribeiro-27481bb1\",\"https:\/\/x.com\/ProfMara\",\"https:\/\/www.youtube.com\/channel\/UCIZKxVCvvyp5-aEU9_UcdyQ\"],\"url\":\"https:\/\/www.estrategiaconcursos.com.br\/blog\/author\/mara-ribeiro01gmail-com\/\"}]}<\/script>\n<!-- \/ Yoast SEO Premium plugin. -->","yoast_head_json":{"title":"Tudo que voc\u00ea precisa saber sobre o Edital do Concurso da EBSERH - FISIOTERAPIA - 2018","robots":{"index":"index","follow":"follow","max-snippet":"max-snippet:-1","max-image-preview":"max-image-preview:large","max-video-preview":"max-video-preview:-1"},"canonical":"https:\/\/www.estrategiaconcursos.com.br\/blog\/tudo-que-voce-precisa-saber-sobre-o-edital-do-concurso-da-ebserh-fisioterapia-2018\/","og_locale":"pt_BR","og_type":"article","og_title":"Tudo que voc\u00ea precisa saber sobre o Edital do Concurso da EBSERH - FISIOTERAPIA - 2018","og_description":"Ol\u00e1 &#8230; Vamos comentar o Edital da EBSERH (Empresa Brasileira de Servi\u00e7os Hospitalares) para os cargos de Fisioterapeuta &#8211; 2018 !!! Foi publicado no dia 22\/03\/2018 o edital para o Concurso Nacional da EBSERH &#8211; 2018, abrindo aproximadamente 1.200 vagas em diferentes categorias profissionais da \u00e1rea assistencial: Enfermagem, Fonoaudiologia, Psicologia, Terapia Opcupacional e FISIOTERAPIA, entre [&hellip;]","og_url":"https:\/\/www.estrategiaconcursos.com.br\/blog\/tudo-que-voce-precisa-saber-sobre-o-edital-do-concurso-da-ebserh-fisioterapia-2018\/","og_site_name":"Estrat\u00e9gia Concursos","article_author":"https:\/\/m.facebook.com\/profmararibeiro\/?locale2=pt_BR","article_published_time":"2018-03-27T12:12:04+00:00","article_modified_time":"2023-04-25T14:27:06+00:00","og_image":[{"width":1432,"height":796,"url":"https:\/\/dhg1h5j42swfq.cloudfront.net\/2018\/03\/27085911\/ebserh-capa.png","type":"image\/png"}],"author":"Mara Claudia Ribeiro","twitter_card":"summary_large_image","twitter_creator":"@ProfMara","twitter_site":"@EstratConcursos","twitter_misc":{"Escrito por":"Mara Claudia Ribeiro","Est. tempo de leitura":"4 minutos"},"schema":{"@context":"https:\/\/schema.org","@graph":[{"@type":"NewsArticle","@id":"https:\/\/www.estrategiaconcursos.com.br\/blog\/tudo-que-voce-precisa-saber-sobre-o-edital-do-concurso-da-ebserh-fisioterapia-2018\/#article","isPartOf":{"@id":"https:\/\/www.estrategiaconcursos.com.br\/blog\/tudo-que-voce-precisa-saber-sobre-o-edital-do-concurso-da-ebserh-fisioterapia-2018\/"},"author":{"name":"Mara Claudia Ribeiro","@id":"https:\/\/www.estrategiaconcursos.com.br\/blog\/#\/schema\/person\/c755ae3b5b8705df0393c3187c4446e6"},"headline":"Tudo que voc\u00ea precisa saber sobre o Edital do Concurso da EBSERH &#8211; FISIOTERAPIA &#8211; 2018","datePublished":"2018-03-27T12:12:04+00:00","dateModified":"2023-04-25T14:27:06+00:00","mainEntityOfPage":{"@id":"https:\/\/www.estrategiaconcursos.com.br\/blog\/tudo-que-voce-precisa-saber-sobre-o-edital-do-concurso-da-ebserh-fisioterapia-2018\/"},"wordCount":840,"commentCount":0,"publisher":{"@id":"https:\/\/www.estrategiaconcursos.com.br\/blog\/#organization"},"image":{"@id":"https:\/\/www.estrategiaconcursos.com.br\/blog\/tudo-que-voce-precisa-saber-sobre-o-edital-do-concurso-da-ebserh-fisioterapia-2018\/#primaryimage"},"thumbnailUrl":"https:\/\/dhg1h5j42swfq.cloudfront.net\/2018\/03\/27085911\/ebserh-capa.png","keywords":["EBSERH"],"articleSection":["Concursos P\u00fablicos","Sa\u00fade"],"inLanguage":"pt-BR","potentialAction":[{"@type":"CommentAction","name":"Comment","target":["https:\/\/www.estrategiaconcursos.com.br\/blog\/tudo-que-voce-precisa-saber-sobre-o-edital-do-concurso-da-ebserh-fisioterapia-2018\/#respond"]}],"copyrightYear":"2018","copyrightHolder":{"@id":"https:\/\/www.estrategiaconcursos.com.br\/blog\/#organization"}},{"@type":"WebPage","@id":"https:\/\/www.estrategiaconcursos.com.br\/blog\/tudo-que-voce-precisa-saber-sobre-o-edital-do-concurso-da-ebserh-fisioterapia-2018\/","url":"https:\/\/www.estrategiaconcursos.com.br\/blog\/tudo-que-voce-precisa-saber-sobre-o-edital-do-concurso-da-ebserh-fisioterapia-2018\/","name":"Tudo que voc\u00ea precisa saber sobre o Edital do Concurso da EBSERH - FISIOTERAPIA - 2018","isPartOf":{"@id":"https:\/\/www.estrategiaconcursos.com.br\/blog\/#website"},"primaryImageOfPage":{"@id":"https:\/\/www.estrategiaconcursos.com.br\/blog\/tudo-que-voce-precisa-saber-sobre-o-edital-do-concurso-da-ebserh-fisioterapia-2018\/#primaryimage"},"image":{"@id":"https:\/\/www.estrategiaconcursos.com.br\/blog\/tudo-que-voce-precisa-saber-sobre-o-edital-do-concurso-da-ebserh-fisioterapia-2018\/#primaryimage"},"thumbnailUrl":"https:\/\/dhg1h5j42swfq.cloudfront.net\/2018\/03\/27085911\/ebserh-capa.png","datePublished":"2018-03-27T12:12:04+00:00","dateModified":"2023-04-25T14:27:06+00:00","breadcrumb":{"@id":"https:\/\/www.estrategiaconcursos.com.br\/blog\/tudo-que-voce-precisa-saber-sobre-o-edital-do-concurso-da-ebserh-fisioterapia-2018\/#breadcrumb"},"inLanguage":"pt-BR","potentialAction":[{"@type":"ReadAction","target":["https:\/\/www.estrategiaconcursos.com.br\/blog\/tudo-que-voce-precisa-saber-sobre-o-edital-do-concurso-da-ebserh-fisioterapia-2018\/"]}]},{"@type":"ImageObject","inLanguage":"pt-BR","@id":"https:\/\/www.estrategiaconcursos.com.br\/blog\/tudo-que-voce-precisa-saber-sobre-o-edital-do-concurso-da-ebserh-fisioterapia-2018\/#primaryimage","url":"https:\/\/dhg1h5j42swfq.cloudfront.net\/2018\/03\/27085911\/ebserh-capa.png","contentUrl":"https:\/\/dhg1h5j42swfq.cloudfront.net\/2018\/03\/27085911\/ebserh-capa.png","width":1432,"height":796},{"@type":"BreadcrumbList","@id":"https:\/\/www.estrategiaconcursos.com.br\/blog\/tudo-que-voce-precisa-saber-sobre-o-edital-do-concurso-da-ebserh-fisioterapia-2018\/#breadcrumb","itemListElement":[{"@type":"ListItem","position":1,"name":"In\u00edcio","item":"https:\/\/www.estrategiaconcursos.com.br\/blog\/"},{"@type":"ListItem","position":2,"name":"Tudo que voc\u00ea precisa saber sobre o Edital do Concurso da EBSERH &#8211; FISIOTERAPIA &#8211; 2018"}]},{"@type":"WebSite","@id":"https:\/\/www.estrategiaconcursos.com.br\/blog\/#website","url":"https:\/\/www.estrategiaconcursos.com.br\/blog\/","name":"Estrat\u00e9gia Concursos","description":"O blog da Estrat\u00e9gia Concursos traz not\u00edcias sobre concursos e artigos de professores oferecendo cursos para concursos (pdf + videaulas) no site.","publisher":{"@id":"https:\/\/www.estrategiaconcursos.com.br\/blog\/#organization"},"potentialAction":[{"@type":"SearchAction","target":{"@type":"EntryPoint","urlTemplate":"https:\/\/www.estrategiaconcursos.com.br\/blog\/?s={search_term_string}"},"query-input":{"@type":"PropertyValueSpecification","valueRequired":true,"valueName":"search_term_string"}}],"inLanguage":"pt-BR"},{"@type":"Organization","@id":"https:\/\/www.estrategiaconcursos.com.br\/blog\/#organization","name":"Estrat\u00e9gia Concursos","url":"https:\/\/www.estrategiaconcursos.com.br\/blog\/","logo":{"@type":"ImageObject","inLanguage":"pt-BR","@id":"https:\/\/www.estrategiaconcursos.com.br\/blog\/#\/schema\/logo\/image\/","url":"https:\/\/dhg1h5j42swfq.cloudfront.net\/2025\/06\/03203428\/logo_concursos-1.jpg","contentUrl":"https:\/\/dhg1h5j42swfq.cloudfront.net\/2025\/06\/03203428\/logo_concursos-1.jpg","width":230,"height":60,"caption":"Estrat\u00e9gia Concursos"},"image":{"@id":"https:\/\/www.estrategiaconcursos.com.br\/blog\/#\/schema\/logo\/image\/"},"sameAs":["https:\/\/x.com\/EstratConcursos"]},{"@type":"Person","@id":"https:\/\/www.estrategiaconcursos.com.br\/blog\/#\/schema\/person\/c755ae3b5b8705df0393c3187c4446e6","name":"Mara Claudia Ribeiro","image":{"@type":"ImageObject","inLanguage":"pt-BR","@id":"https:\/\/secure.gravatar.com\/avatar\/a56f1a595de51c1a86891c4059310ea27ab23f94ba8479c5cb9a495ad590ed47?s=96&d=mm&r=g","url":"https:\/\/secure.gravatar.com\/avatar\/a56f1a595de51c1a86891c4059310ea27ab23f94ba8479c5cb9a495ad590ed47?s=96&d=mm&r=g","contentUrl":"https:\/\/secure.gravatar.com\/avatar\/a56f1a595de51c1a86891c4059310ea27ab23f94ba8479c5cb9a495ad590ed47?s=96&d=mm&r=g","caption":"Mara Claudia Ribeiro"},"description":"Sou a professora MARA RIBEIRO, formada em fisioterapia e p\u00f3s-graduada em Fisioterapia Neurofuncional pela Universidade Estadual de Londrina, Mestre em Gerontologia pela Universidade Cat\u00f3lica de Bras\u00edlia e Doutora em Ci\u00eancias M\u00e9dicas pela Universidade de Bras\u00edlia. Leciono no ensino superior h\u00e1 15 anos, em cursos de gradua\u00e7\u00e3o e p\u00f3s-gradua\u00e7\u00e3o, em diversas disciplinas ligadas ao Sistema Locomotor. Atuo no Estrat\u00e9gia Concursos, preparando materiais e ministrando aulas que te ajudar\u00e3o a se preparar para Concursos P\u00fablicos em Fisioterapia. J\u00e1 fui aprovada e cursei Resid\u00eancia em Fisioterapia Neurofuncional na Universidade Estadual de Londrina - PR. E tamb\u00e9m tive outras aprova\u00e7\u00f5es: Rede Sarah, Sa\u00fade da Fam\u00edlia (GDF), Tribunal de Justi\u00e7a do Distrito Federal e Territ\u00f3rios (TJDFT) e fui selecionada e atuei como Fisioterapeuta no Ex\u00e9rcito Brasileiro.","sameAs":["https:\/\/www.estrategiaconcursos.com.br\/pesquisa\/?q=Fisioterapia","https:\/\/m.facebook.com\/profmararibeiro\/?locale2=pt_BR","https:\/\/www.instagram.com\/profmararibeiro\/?igshid=1pgl673xryb0k","http:\/\/linkedin.com\/in\/mara-ribeiro-27481bb1","https:\/\/x.com\/ProfMara","https:\/\/www.youtube.com\/channel\/UCIZKxVCvvyp5-aEU9_UcdyQ"],"url":"https:\/\/www.estrategiaconcursos.com.br\/blog\/author\/mara-ribeiro01gmail-com\/"}]}},"_links":{"self":[{"href":"https:\/\/www.estrategiaconcursos.com.br\/blog\/wp-json\/wp\/v2\/posts\/113521","targetHints":{"allow":["GET"]}}],"collection":[{"href":"https:\/\/www.estrategiaconcursos.com.br\/blog\/wp-json\/wp\/v2\/posts"}],"about":[{"href":"https:\/\/www.estrategiaconcursos.com.br\/blog\/wp-json\/wp\/v2\/types\/post"}],"author":[{"embeddable":true,"href":"https:\/\/www.estrategiaconcursos.com.br\/blog\/wp-json\/wp\/v2\/users\/237"}],"replies":[{"embeddable":true,"href":"https:\/\/www.estrategiaconcursos.com.br\/blog\/wp-json\/wp\/v2\/comments?post=113521"}],"version-history":[{"count":6,"href":"https:\/\/www.estrategiaconcursos.com.br\/blog\/wp-json\/wp\/v2\/posts\/113521\/revisions"}],"predecessor-version":[{"id":1206570,"href":"https:\/\/www.estrategiaconcursos.com.br\/blog\/wp-json\/wp\/v2\/posts\/113521\/revisions\/1206570"}],"wp:featuredmedia":[{"embeddable":true,"href":"https:\/\/www.estrategiaconcursos.com.br\/blog\/wp-json\/wp\/v2\/media\/113535"}],"wp:attachment":[{"href":"https:\/\/www.estrategiaconcursos.com.br\/blog\/wp-json\/wp\/v2\/media?parent=113521"}],"wp:term":[{"taxonomy":"category","embeddable":true,"href":"https:\/\/www.estrategiaconcursos.com.br\/blog\/wp-json\/wp\/v2\/categories?post=113521"},{"taxonomy":"post_tag","embeddable":true,"href":"https:\/\/www.estrategiaconcursos.com.br\/blog\/wp-json\/wp\/v2\/tags?post=113521"},{"taxonomy":"tax_estado","embeddable":true,"href":"https:\/\/www.estrategiaconcursos.com.br\/blog\/wp-json\/wp\/v2\/tax_estado?post=113521"}],"curies":[{"name":"wp","href":"https:\/\/api.w.org\/{rel}","templated":true}]}}