{"id":1135068,"date":"2022-12-06T11:24:55","date_gmt":"2022-12-06T14:24:55","guid":{"rendered":"https:\/\/www.estrategiaconcursos.com.br\/blog\/?p=1135068"},"modified":"2022-12-06T12:38:41","modified_gmt":"2022-12-06T15:38:41","slug":"concurso-ufpb-inscricoes-prorrogadas","status":"publish","type":"post","link":"https:\/\/www.estrategiaconcursos.com.br\/blog\/concurso-ufpb-inscricoes-prorrogadas\/","title":{"rendered":"Concurso UFPB: inscri\u00e7\u00f5es prorrogadas! 92 vagas"},"content":{"rendered":"\n<p>As inscri\u00e7\u00f5es do <strong>concurso UFPB<\/strong> foram prorrogadas! A <a href=\"https:\/\/www.estrategiaconcursos.com.br\/cursos\/concurso\/\" target=\"_blank\" rel=\"noreferrer noopener\">Universidade Federal da Para\u00edba<\/a> oferece <strong>92 vagas<\/strong> para o cargo de T\u00e9cnico \u2013 Administrativos em Educa\u00e7\u00e3o.&nbsp;<\/p>\n\n\n\n<p>As oportunidades s\u00e3o de n\u00edveis m\u00e9dio, m\u00e9dio profissionalizante e superior&nbsp; de forma\u00e7\u00e3o. Os sal\u00e1rios iniciais variam de <strong>R$ 1.945,07<\/strong> a <strong>R$ 4.180,66<\/strong>.<\/p>\n\n\n\n<p>Agora, os interessados em participar da sele\u00e7\u00e3o devem realizar as inscri\u00e7\u00f5es at\u00e9 o dia <strong>11 de dezembro de 2022<\/strong>, no site da banca organizadora, IBFC. As taxas foram definidas de acordo com o cargo pretendido, sendo:<\/p>\n\n\n\n<ul class=\"wp-block-list\"><li><strong>R$ 80,00 para os cargos de N\u00edvel Intermedi\u00e1rio (C), <\/strong><\/li><li><strong>R$ 100,00 para os cargos de N\u00edvel M\u00e9dio (D) e <\/strong><\/li><li><strong>R$ 130,00 para os cargos de N\u00edvel Superior (E).<\/strong><\/li><\/ul>\n\n\n\n<p>O prazo para pagamento \u00e9 at\u00e9 o dia 12 de dezembro. A novidade consta no Di\u00e1rio Oficial da Uni\u00e3o dia 06 de dezembro. <\/p>\n\n\n\n<h2 class=\"wp-block-heading\" id=\"h-concurso-ufpb-inscricoes-prorrogadas\">Concurso UFPB: inscri\u00e7\u00f5es prorrogadas<\/h2>\n\n\n\n<p>Confira a publica\u00e7\u00e3o no DOU:<\/p>\n\n\n\n<figure class=\"wp-block-image aligncenter size-full\"><img loading=\"lazy\" decoding=\"async\" width=\"718\" height=\"441\" src=\"https:\/\/dhg1h5j42swfq.cloudfront.net\/2022\/12\/06112110\/ufpb.jpg\" alt=\"Concurso UFPB: novo prazo de inscri\u00e7\u00e3o \" class=\"wp-image-1135070\" srcset=\"https:\/\/dhg1h5j42swfq.cloudfront.net\/2022\/12\/06112110\/ufpb.jpg 718w, https:\/\/dhg1h5j42swfq.cloudfront.net\/2022\/12\/06112110\/ufpb-300x184.jpg 300w, https:\/\/dhg1h5j42swfq.cloudfront.net\/2022\/12\/06112110\/ufpb-610x375.jpg 610w, https:\/\/dhg1h5j42swfq.cloudfront.net\/2022\/12\/06112110\/ufpb-150x92.jpg 150w\" sizes=\"auto, (max-width: 718px) 100vw, 718px\" \/><figcaption>Concurso UFPB: novo prazo de inscri\u00e7\u00e3o <\/figcaption><\/figure>\n\n\n\n<h2 class=\"wp-block-heading\" id=\"cargos-vagas\">Concurso UFPB: cargos e vagas <\/h2>\n\n\n\n<p>S\u00e3o ofertadas, ao todo, 92 vagas, sendo: <\/p>\n\n\n\n<h3 class=\"wp-block-heading\">N\u00edvel Intermedi\u00e1rio <\/h3>\n\n\n\n<ul class=\"wp-block-list\"><li><strong>Assistente de Alunos<\/strong>: 01<\/li><\/ul>\n\n\n\n<h3 class=\"wp-block-heading\">N\u00edvel m\u00e9dio <\/h3>\n\n\n\n<ul class=\"wp-block-list\"><li><strong>Assistente em Administra\u00e7\u00e3o<\/strong>: 74<br \/><strong>T\u00e9cnico em Tecnologia da Informa\u00e7\u00e3o<\/strong>: 04<\/li><li><strong>T\u00e9cnico de Laborat\u00f3rio\/An\u00e1lises Cl\u00ednicas<\/strong>: 01<\/li><\/ul>\n\n\n\n<h3 class=\"wp-block-heading\">N\u00edvel superior <\/h3>\n\n\n\n<ul class=\"wp-block-list\"><li><strong>Administrador<\/strong>: 04<\/li><li><strong>Contador<\/strong>: 01<\/li><li><strong>Engenheiro Agr\u00f4nomo<\/strong>: 01<\/li><li><strong>Engenheiro Civil<\/strong>: 01<\/li><li><strong>Ge\u00f3grafo<\/strong>: 01<\/li><li><strong>Nutricionista<\/strong>: 01<\/li><li><strong>Odont\u00f3logo<\/strong>: 01<\/li><li><strong>T\u00e9cnico em Assuntos Educacionais<\/strong>: 01<\/li><li><strong>Terapeuta Ocupacional<\/strong>: 01<\/li><\/ul>\n\n\n\n<p class=\"has-text-align-center has-cyan-bluish-gray-background-color has-background has-medium-font-size\"><strong>Saiba mais: <a href=\"https:\/\/www.estrategiaconcursos.com.br\/blog\/concurso-ufpb\/\" target=\"_blank\" rel=\"noreferrer noopener\">Concurso UFPB<\/a><\/strong><\/p>\n\n\n\n<h2 class=\"has-text-align-center wp-block-heading\" id=\"h-quer-saber-tudo-sobre-concursos-previstos-confira-nossos-artigos\">Quer saber tudo sobre concursos previstos?<br \/>Confira  nossos artigos!<\/h2>\n\n\n\n<ul class=\"wp-block-list\"><li><a href=\"https:\/\/www.estrategiaconcursos.com.br\/blog\/concursos-abertos\/\" target=\"_blank\" rel=\"noreferrer noopener\">Concursos abertos<\/a><\/li><li><a href=\"https:\/\/www.estrategiaconcursos.com.br\/blog\/concursos-2022\/\" target=\"_blank\" rel=\"noreferrer noopener\">Concursos 2022<\/a><\/li><li><a href=\"https:\/\/www.estrategiaconcursos.com.br\/blog\/concursos-2023\/\" target=\"_blank\" rel=\"noreferrer noopener\">Concursos 2023<\/a><\/li><\/ul>\n\n\n\n<h2 class=\"has-text-align-center wp-block-heading\" id=\"block-ba1614b5-988b-41ef-892d-f4c9f7e9dd42\">Curso para concursos:<\/h2>\n\n\n","protected":false},"excerpt":{"rendered":"<p>As inscri\u00e7\u00f5es do concurso UFPB foram prorrogadas! A Universidade Federal da Para\u00edba oferece 92 vagas para o cargo de T\u00e9cnico \u2013 Administrativos em Educa\u00e7\u00e3o.&nbsp; As oportunidades s\u00e3o de n\u00edveis m\u00e9dio, m\u00e9dio profissionalizante e superior&nbsp; de forma\u00e7\u00e3o. Os sal\u00e1rios iniciais variam de R$ 1.945,07 a R$ 4.180,66. Agora, os interessados em participar da sele\u00e7\u00e3o devem realizar [&hellip;]<\/p>\n","protected":false},"author":2375,"featured_media":168153,"comment_status":"open","ping_status":"closed","sticky":false,"template":"","format":"standard","meta":{"post_tipo":"news","footnotes":""},"categories":[3766,220219],"tags":[],"tax_estado":[219978],"class_list":["post-1135068","post","type-post","status-publish","format-standard","has-post-thumbnail","hentry","category-educacional","category-noticias","tax_estado-pb"],"acf":[],"yoast_head":"<!-- This site is optimized with the Yoast SEO Premium plugin v27.2 (Yoast SEO v27.2) - https:\/\/yoast.com\/product\/yoast-seo-premium-wordpress\/ -->\n<title>Concurso UFPB: inscri\u00e7\u00f5es prorrogadas! 92 vagas<\/title>\n<meta name=\"description\" content=\"Concurso UFPB: as inscri\u00e7\u00f5es da Universidade Federal da Para\u00edba foram prorrogadas. Veja os detalhes com o Estrat\u00e9gia Concursos.\" \/>\n<meta name=\"robots\" content=\"index, follow, max-snippet:-1, max-image-preview:large, max-video-preview:-1\" \/>\n<link rel=\"canonical\" href=\"https:\/\/www.estrategiaconcursos.com.br\/blog\/concurso-ufpb-inscricoes-prorrogadas\/\" \/>\n<meta property=\"og:locale\" content=\"pt_BR\" \/>\n<meta property=\"og:type\" content=\"article\" \/>\n<meta property=\"og:title\" content=\"Concurso UFPB: inscri\u00e7\u00f5es prorrogadas! 92 vagas\" \/>\n<meta property=\"og:description\" content=\"Concurso UFPB: as inscri\u00e7\u00f5es da Universidade Federal da Para\u00edba foram prorrogadas. Veja os detalhes com o Estrat\u00e9gia Concursos.\" \/>\n<meta property=\"og:url\" content=\"https:\/\/www.estrategiaconcursos.com.br\/blog\/concurso-ufpb-inscricoes-prorrogadas\/\" \/>\n<meta property=\"og:site_name\" content=\"Estrat\u00e9gia Concursos\" \/>\n<meta property=\"article:published_time\" content=\"2022-12-06T14:24:55+00:00\" \/>\n<meta property=\"article:modified_time\" content=\"2022-12-06T15:38:41+00:00\" \/>\n<meta property=\"og:image\" content=\"https:\/\/dhg1h5j42swfq.cloudfront.net\/2019\/02\/26105427\/UFPB-e1551189276512.jpg\" \/>\n\t<meta property=\"og:image:width\" content=\"400\" \/>\n\t<meta property=\"og:image:height\" content=\"209\" \/>\n\t<meta property=\"og:image:type\" content=\"image\/jpeg\" \/>\n<meta name=\"author\" content=\"Priscila Almeida\" \/>\n<meta name=\"twitter:card\" content=\"summary_large_image\" \/>\n<meta name=\"twitter:creator\" content=\"@EstratConcursos\" \/>\n<meta name=\"twitter:site\" content=\"@EstratConcursos\" \/>\n<meta name=\"twitter:label1\" content=\"Escrito por\" \/>\n\t<meta name=\"twitter:data1\" content=\"Priscila Almeida\" \/>\n\t<meta name=\"twitter:label2\" content=\"Est. tempo de leitura\" \/>\n\t<meta name=\"twitter:data2\" content=\"1 minuto\" \/>\n<script type=\"application\/ld+json\" class=\"yoast-schema-graph\">{\"@context\":\"https:\/\/schema.org\",\"@graph\":[{\"@type\":\"NewsArticle\",\"@id\":\"https:\/\/www.estrategiaconcursos.com.br\/blog\/concurso-ufpb-inscricoes-prorrogadas\/#article\",\"isPartOf\":{\"@id\":\"https:\/\/www.estrategiaconcursos.com.br\/blog\/concurso-ufpb-inscricoes-prorrogadas\/\"},\"author\":{\"name\":\"Priscila Almeida\",\"@id\":\"https:\/\/www.estrategiaconcursos.com.br\/blog\/#\/schema\/person\/a06e841e501f2e1d8c49c4e8f066bfd1\"},\"headline\":\"Concurso UFPB: inscri\u00e7\u00f5es prorrogadas! 92 vagas\",\"datePublished\":\"2022-12-06T14:24:55+00:00\",\"dateModified\":\"2022-12-06T15:38:41+00:00\",\"mainEntityOfPage\":{\"@id\":\"https:\/\/www.estrategiaconcursos.com.br\/blog\/concurso-ufpb-inscricoes-prorrogadas\/\"},\"wordCount\":251,\"commentCount\":0,\"publisher\":{\"@id\":\"https:\/\/www.estrategiaconcursos.com.br\/blog\/#organization\"},\"image\":{\"@id\":\"https:\/\/www.estrategiaconcursos.com.br\/blog\/concurso-ufpb-inscricoes-prorrogadas\/#primaryimage\"},\"thumbnailUrl\":\"https:\/\/dhg1h5j42swfq.cloudfront.net\/2019\/02\/26105427\/UFPB-e1551189276512.jpg\",\"articleSection\":[\"Educa\u00e7\u00e3o\",\"\u00daltimas not\u00edcias\"],\"inLanguage\":\"pt-BR\",\"potentialAction\":[{\"@type\":\"CommentAction\",\"name\":\"Comment\",\"target\":[\"https:\/\/www.estrategiaconcursos.com.br\/blog\/concurso-ufpb-inscricoes-prorrogadas\/#respond\"]}],\"copyrightYear\":\"2022\",\"copyrightHolder\":{\"@id\":\"https:\/\/www.estrategiaconcursos.com.br\/blog\/#organization\"}},{\"@type\":\"WebPage\",\"@id\":\"https:\/\/www.estrategiaconcursos.com.br\/blog\/concurso-ufpb-inscricoes-prorrogadas\/\",\"url\":\"https:\/\/www.estrategiaconcursos.com.br\/blog\/concurso-ufpb-inscricoes-prorrogadas\/\",\"name\":\"Concurso UFPB: inscri\u00e7\u00f5es prorrogadas! 92 vagas\",\"isPartOf\":{\"@id\":\"https:\/\/www.estrategiaconcursos.com.br\/blog\/#website\"},\"primaryImageOfPage\":{\"@id\":\"https:\/\/www.estrategiaconcursos.com.br\/blog\/concurso-ufpb-inscricoes-prorrogadas\/#primaryimage\"},\"image\":{\"@id\":\"https:\/\/www.estrategiaconcursos.com.br\/blog\/concurso-ufpb-inscricoes-prorrogadas\/#primaryimage\"},\"thumbnailUrl\":\"https:\/\/dhg1h5j42swfq.cloudfront.net\/2019\/02\/26105427\/UFPB-e1551189276512.jpg\",\"datePublished\":\"2022-12-06T14:24:55+00:00\",\"dateModified\":\"2022-12-06T15:38:41+00:00\",\"description\":\"Concurso UFPB: as inscri\u00e7\u00f5es da Universidade Federal da Para\u00edba foram prorrogadas. Veja os detalhes com o Estrat\u00e9gia Concursos.\",\"breadcrumb\":{\"@id\":\"https:\/\/www.estrategiaconcursos.com.br\/blog\/concurso-ufpb-inscricoes-prorrogadas\/#breadcrumb\"},\"inLanguage\":\"pt-BR\",\"potentialAction\":[{\"@type\":\"ReadAction\",\"target\":[\"https:\/\/www.estrategiaconcursos.com.br\/blog\/concurso-ufpb-inscricoes-prorrogadas\/\"]}]},{\"@type\":\"ImageObject\",\"inLanguage\":\"pt-BR\",\"@id\":\"https:\/\/www.estrategiaconcursos.com.br\/blog\/concurso-ufpb-inscricoes-prorrogadas\/#primaryimage\",\"url\":\"https:\/\/dhg1h5j42swfq.cloudfront.net\/2019\/02\/26105427\/UFPB-e1551189276512.jpg\",\"contentUrl\":\"https:\/\/dhg1h5j42swfq.cloudfront.net\/2019\/02\/26105427\/UFPB-e1551189276512.jpg\",\"width\":400,\"height\":209,\"caption\":\"edital UFPB\"},{\"@type\":\"BreadcrumbList\",\"@id\":\"https:\/\/www.estrategiaconcursos.com.br\/blog\/concurso-ufpb-inscricoes-prorrogadas\/#breadcrumb\",\"itemListElement\":[{\"@type\":\"ListItem\",\"position\":1,\"name\":\"In\u00edcio\",\"item\":\"https:\/\/www.estrategiaconcursos.com.br\/blog\/\"},{\"@type\":\"ListItem\",\"position\":2,\"name\":\"Concurso UFPB: inscri\u00e7\u00f5es prorrogadas! 92 vagas\"}]},{\"@type\":\"WebSite\",\"@id\":\"https:\/\/www.estrategiaconcursos.com.br\/blog\/#website\",\"url\":\"https:\/\/www.estrategiaconcursos.com.br\/blog\/\",\"name\":\"Estrat\u00e9gia Concursos\",\"description\":\"O blog da Estrat\u00e9gia Concursos traz not\u00edcias sobre concursos e artigos de professores oferecendo cursos para concursos (pdf + videaulas) no site.\",\"publisher\":{\"@id\":\"https:\/\/www.estrategiaconcursos.com.br\/blog\/#organization\"},\"potentialAction\":[{\"@type\":\"SearchAction\",\"target\":{\"@type\":\"EntryPoint\",\"urlTemplate\":\"https:\/\/www.estrategiaconcursos.com.br\/blog\/?s={search_term_string}\"},\"query-input\":{\"@type\":\"PropertyValueSpecification\",\"valueRequired\":true,\"valueName\":\"search_term_string\"}}],\"inLanguage\":\"pt-BR\"},{\"@type\":\"Organization\",\"@id\":\"https:\/\/www.estrategiaconcursos.com.br\/blog\/#organization\",\"name\":\"Estrat\u00e9gia Concursos\",\"url\":\"https:\/\/www.estrategiaconcursos.com.br\/blog\/\",\"logo\":{\"@type\":\"ImageObject\",\"inLanguage\":\"pt-BR\",\"@id\":\"https:\/\/www.estrategiaconcursos.com.br\/blog\/#\/schema\/logo\/image\/\",\"url\":\"https:\/\/dhg1h5j42swfq.cloudfront.net\/2025\/06\/03203428\/logo_concursos-1.jpg\",\"contentUrl\":\"https:\/\/dhg1h5j42swfq.cloudfront.net\/2025\/06\/03203428\/logo_concursos-1.jpg\",\"width\":230,\"height\":60,\"caption\":\"Estrat\u00e9gia Concursos\"},\"image\":{\"@id\":\"https:\/\/www.estrategiaconcursos.com.br\/blog\/#\/schema\/logo\/image\/\"},\"sameAs\":[\"https:\/\/x.com\/EstratConcursos\"]},{\"@type\":\"Person\",\"@id\":\"https:\/\/www.estrategiaconcursos.com.br\/blog\/#\/schema\/person\/a06e841e501f2e1d8c49c4e8f066bfd1\",\"name\":\"Priscila Almeida\",\"image\":{\"@type\":\"ImageObject\",\"inLanguage\":\"pt-BR\",\"@id\":\"https:\/\/secure.gravatar.com\/avatar\/0a963c9e2a947fa675b669cea2b5d0ba6dd1cbf46b966190343b6c9973ad3337?s=96&d=mm&r=g\",\"url\":\"https:\/\/secure.gravatar.com\/avatar\/0a963c9e2a947fa675b669cea2b5d0ba6dd1cbf46b966190343b6c9973ad3337?s=96&d=mm&r=g\",\"contentUrl\":\"https:\/\/secure.gravatar.com\/avatar\/0a963c9e2a947fa675b669cea2b5d0ba6dd1cbf46b966190343b6c9973ad3337?s=96&d=mm&r=g\",\"caption\":\"Priscila Almeida\"},\"description\":\"Atua na \u00e1rea de concursos p\u00fablicos desde 2019. As editorias que mais t\u00eam familiaridade s\u00e3o: Tribunais (TJs; TRTs; TREs; TSTs; STJ, STF, STM e TSE); Defensorias; Minist\u00e9rios P\u00fablicos; Procuradorias; Educa\u00e7\u00e3o e Conselhos. Na \u00e1rea de comunica\u00e7\u00e3o, de maneira geral, a caminhada \u00e9 um pouco mais longa - desde 2007. Possui experi\u00eancia em reda\u00e7\u00f5es de r\u00e1dio, TV, Web e impresso, al\u00e9m de desenvolver trabalhos em assessorias de comunica\u00e7\u00e3o institucional, empresarial e p\u00fablicas. Entre outros trabalhos, se destacam a atua\u00e7\u00e3o nas \u00e1reas de Justi\u00e7a, Congresso, Esportes, Sa\u00fade, Agropecu\u00e1ria, Cidades e Avia\u00e7\u00e3o Civil.\",\"url\":\"https:\/\/www.estrategiaconcursos.com.br\/blog\/author\/priscila-almeidaestrategia-com\/\"}]}<\/script>\n<!-- \/ Yoast SEO Premium plugin. -->","yoast_head_json":{"title":"Concurso UFPB: inscri\u00e7\u00f5es prorrogadas! 92 vagas","description":"Concurso UFPB: as inscri\u00e7\u00f5es da Universidade Federal da Para\u00edba foram prorrogadas. Veja os detalhes com o Estrat\u00e9gia Concursos.","robots":{"index":"index","follow":"follow","max-snippet":"max-snippet:-1","max-image-preview":"max-image-preview:large","max-video-preview":"max-video-preview:-1"},"canonical":"https:\/\/www.estrategiaconcursos.com.br\/blog\/concurso-ufpb-inscricoes-prorrogadas\/","og_locale":"pt_BR","og_type":"article","og_title":"Concurso UFPB: inscri\u00e7\u00f5es prorrogadas! 92 vagas","og_description":"Concurso UFPB: as inscri\u00e7\u00f5es da Universidade Federal da Para\u00edba foram prorrogadas. Veja os detalhes com o Estrat\u00e9gia Concursos.","og_url":"https:\/\/www.estrategiaconcursos.com.br\/blog\/concurso-ufpb-inscricoes-prorrogadas\/","og_site_name":"Estrat\u00e9gia Concursos","article_published_time":"2022-12-06T14:24:55+00:00","article_modified_time":"2022-12-06T15:38:41+00:00","og_image":[{"width":400,"height":209,"url":"https:\/\/dhg1h5j42swfq.cloudfront.net\/2019\/02\/26105427\/UFPB-e1551189276512.jpg","type":"image\/jpeg"}],"author":"Priscila Almeida","twitter_card":"summary_large_image","twitter_creator":"@EstratConcursos","twitter_site":"@EstratConcursos","twitter_misc":{"Escrito por":"Priscila Almeida","Est. tempo de leitura":"1 minuto"},"schema":{"@context":"https:\/\/schema.org","@graph":[{"@type":"NewsArticle","@id":"https:\/\/www.estrategiaconcursos.com.br\/blog\/concurso-ufpb-inscricoes-prorrogadas\/#article","isPartOf":{"@id":"https:\/\/www.estrategiaconcursos.com.br\/blog\/concurso-ufpb-inscricoes-prorrogadas\/"},"author":{"name":"Priscila Almeida","@id":"https:\/\/www.estrategiaconcursos.com.br\/blog\/#\/schema\/person\/a06e841e501f2e1d8c49c4e8f066bfd1"},"headline":"Concurso UFPB: inscri\u00e7\u00f5es prorrogadas! 92 vagas","datePublished":"2022-12-06T14:24:55+00:00","dateModified":"2022-12-06T15:38:41+00:00","mainEntityOfPage":{"@id":"https:\/\/www.estrategiaconcursos.com.br\/blog\/concurso-ufpb-inscricoes-prorrogadas\/"},"wordCount":251,"commentCount":0,"publisher":{"@id":"https:\/\/www.estrategiaconcursos.com.br\/blog\/#organization"},"image":{"@id":"https:\/\/www.estrategiaconcursos.com.br\/blog\/concurso-ufpb-inscricoes-prorrogadas\/#primaryimage"},"thumbnailUrl":"https:\/\/dhg1h5j42swfq.cloudfront.net\/2019\/02\/26105427\/UFPB-e1551189276512.jpg","articleSection":["Educa\u00e7\u00e3o","\u00daltimas not\u00edcias"],"inLanguage":"pt-BR","potentialAction":[{"@type":"CommentAction","name":"Comment","target":["https:\/\/www.estrategiaconcursos.com.br\/blog\/concurso-ufpb-inscricoes-prorrogadas\/#respond"]}],"copyrightYear":"2022","copyrightHolder":{"@id":"https:\/\/www.estrategiaconcursos.com.br\/blog\/#organization"}},{"@type":"WebPage","@id":"https:\/\/www.estrategiaconcursos.com.br\/blog\/concurso-ufpb-inscricoes-prorrogadas\/","url":"https:\/\/www.estrategiaconcursos.com.br\/blog\/concurso-ufpb-inscricoes-prorrogadas\/","name":"Concurso UFPB: inscri\u00e7\u00f5es prorrogadas! 92 vagas","isPartOf":{"@id":"https:\/\/www.estrategiaconcursos.com.br\/blog\/#website"},"primaryImageOfPage":{"@id":"https:\/\/www.estrategiaconcursos.com.br\/blog\/concurso-ufpb-inscricoes-prorrogadas\/#primaryimage"},"image":{"@id":"https:\/\/www.estrategiaconcursos.com.br\/blog\/concurso-ufpb-inscricoes-prorrogadas\/#primaryimage"},"thumbnailUrl":"https:\/\/dhg1h5j42swfq.cloudfront.net\/2019\/02\/26105427\/UFPB-e1551189276512.jpg","datePublished":"2022-12-06T14:24:55+00:00","dateModified":"2022-12-06T15:38:41+00:00","description":"Concurso UFPB: as inscri\u00e7\u00f5es da Universidade Federal da Para\u00edba foram prorrogadas. Veja os detalhes com o Estrat\u00e9gia Concursos.","breadcrumb":{"@id":"https:\/\/www.estrategiaconcursos.com.br\/blog\/concurso-ufpb-inscricoes-prorrogadas\/#breadcrumb"},"inLanguage":"pt-BR","potentialAction":[{"@type":"ReadAction","target":["https:\/\/www.estrategiaconcursos.com.br\/blog\/concurso-ufpb-inscricoes-prorrogadas\/"]}]},{"@type":"ImageObject","inLanguage":"pt-BR","@id":"https:\/\/www.estrategiaconcursos.com.br\/blog\/concurso-ufpb-inscricoes-prorrogadas\/#primaryimage","url":"https:\/\/dhg1h5j42swfq.cloudfront.net\/2019\/02\/26105427\/UFPB-e1551189276512.jpg","contentUrl":"https:\/\/dhg1h5j42swfq.cloudfront.net\/2019\/02\/26105427\/UFPB-e1551189276512.jpg","width":400,"height":209,"caption":"edital UFPB"},{"@type":"BreadcrumbList","@id":"https:\/\/www.estrategiaconcursos.com.br\/blog\/concurso-ufpb-inscricoes-prorrogadas\/#breadcrumb","itemListElement":[{"@type":"ListItem","position":1,"name":"In\u00edcio","item":"https:\/\/www.estrategiaconcursos.com.br\/blog\/"},{"@type":"ListItem","position":2,"name":"Concurso UFPB: inscri\u00e7\u00f5es prorrogadas! 92 vagas"}]},{"@type":"WebSite","@id":"https:\/\/www.estrategiaconcursos.com.br\/blog\/#website","url":"https:\/\/www.estrategiaconcursos.com.br\/blog\/","name":"Estrat\u00e9gia Concursos","description":"O blog da Estrat\u00e9gia Concursos traz not\u00edcias sobre concursos e artigos de professores oferecendo cursos para concursos (pdf + videaulas) no site.","publisher":{"@id":"https:\/\/www.estrategiaconcursos.com.br\/blog\/#organization"},"potentialAction":[{"@type":"SearchAction","target":{"@type":"EntryPoint","urlTemplate":"https:\/\/www.estrategiaconcursos.com.br\/blog\/?s={search_term_string}"},"query-input":{"@type":"PropertyValueSpecification","valueRequired":true,"valueName":"search_term_string"}}],"inLanguage":"pt-BR"},{"@type":"Organization","@id":"https:\/\/www.estrategiaconcursos.com.br\/blog\/#organization","name":"Estrat\u00e9gia Concursos","url":"https:\/\/www.estrategiaconcursos.com.br\/blog\/","logo":{"@type":"ImageObject","inLanguage":"pt-BR","@id":"https:\/\/www.estrategiaconcursos.com.br\/blog\/#\/schema\/logo\/image\/","url":"https:\/\/dhg1h5j42swfq.cloudfront.net\/2025\/06\/03203428\/logo_concursos-1.jpg","contentUrl":"https:\/\/dhg1h5j42swfq.cloudfront.net\/2025\/06\/03203428\/logo_concursos-1.jpg","width":230,"height":60,"caption":"Estrat\u00e9gia Concursos"},"image":{"@id":"https:\/\/www.estrategiaconcursos.com.br\/blog\/#\/schema\/logo\/image\/"},"sameAs":["https:\/\/x.com\/EstratConcursos"]},{"@type":"Person","@id":"https:\/\/www.estrategiaconcursos.com.br\/blog\/#\/schema\/person\/a06e841e501f2e1d8c49c4e8f066bfd1","name":"Priscila Almeida","image":{"@type":"ImageObject","inLanguage":"pt-BR","@id":"https:\/\/secure.gravatar.com\/avatar\/0a963c9e2a947fa675b669cea2b5d0ba6dd1cbf46b966190343b6c9973ad3337?s=96&d=mm&r=g","url":"https:\/\/secure.gravatar.com\/avatar\/0a963c9e2a947fa675b669cea2b5d0ba6dd1cbf46b966190343b6c9973ad3337?s=96&d=mm&r=g","contentUrl":"https:\/\/secure.gravatar.com\/avatar\/0a963c9e2a947fa675b669cea2b5d0ba6dd1cbf46b966190343b6c9973ad3337?s=96&d=mm&r=g","caption":"Priscila Almeida"},"description":"Atua na \u00e1rea de concursos p\u00fablicos desde 2019. As editorias que mais t\u00eam familiaridade s\u00e3o: Tribunais (TJs; TRTs; TREs; TSTs; STJ, STF, STM e TSE); Defensorias; Minist\u00e9rios P\u00fablicos; Procuradorias; Educa\u00e7\u00e3o e Conselhos. Na \u00e1rea de comunica\u00e7\u00e3o, de maneira geral, a caminhada \u00e9 um pouco mais longa - desde 2007. Possui experi\u00eancia em reda\u00e7\u00f5es de r\u00e1dio, TV, Web e impresso, al\u00e9m de desenvolver trabalhos em assessorias de comunica\u00e7\u00e3o institucional, empresarial e p\u00fablicas. Entre outros trabalhos, se destacam a atua\u00e7\u00e3o nas \u00e1reas de Justi\u00e7a, Congresso, Esportes, Sa\u00fade, Agropecu\u00e1ria, Cidades e Avia\u00e7\u00e3o Civil.","url":"https:\/\/www.estrategiaconcursos.com.br\/blog\/author\/priscila-almeidaestrategia-com\/"}]}},"_links":{"self":[{"href":"https:\/\/www.estrategiaconcursos.com.br\/blog\/wp-json\/wp\/v2\/posts\/1135068","targetHints":{"allow":["GET"]}}],"collection":[{"href":"https:\/\/www.estrategiaconcursos.com.br\/blog\/wp-json\/wp\/v2\/posts"}],"about":[{"href":"https:\/\/www.estrategiaconcursos.com.br\/blog\/wp-json\/wp\/v2\/types\/post"}],"author":[{"embeddable":true,"href":"https:\/\/www.estrategiaconcursos.com.br\/blog\/wp-json\/wp\/v2\/users\/2375"}],"replies":[{"embeddable":true,"href":"https:\/\/www.estrategiaconcursos.com.br\/blog\/wp-json\/wp\/v2\/comments?post=1135068"}],"version-history":[{"count":5,"href":"https:\/\/www.estrategiaconcursos.com.br\/blog\/wp-json\/wp\/v2\/posts\/1135068\/revisions"}],"predecessor-version":[{"id":1135120,"href":"https:\/\/www.estrategiaconcursos.com.br\/blog\/wp-json\/wp\/v2\/posts\/1135068\/revisions\/1135120"}],"wp:featuredmedia":[{"embeddable":true,"href":"https:\/\/www.estrategiaconcursos.com.br\/blog\/wp-json\/wp\/v2\/media\/168153"}],"wp:attachment":[{"href":"https:\/\/www.estrategiaconcursos.com.br\/blog\/wp-json\/wp\/v2\/media?parent=1135068"}],"wp:term":[{"taxonomy":"category","embeddable":true,"href":"https:\/\/www.estrategiaconcursos.com.br\/blog\/wp-json\/wp\/v2\/categories?post=1135068"},{"taxonomy":"post_tag","embeddable":true,"href":"https:\/\/www.estrategiaconcursos.com.br\/blog\/wp-json\/wp\/v2\/tags?post=1135068"},{"taxonomy":"tax_estado","embeddable":true,"href":"https:\/\/www.estrategiaconcursos.com.br\/blog\/wp-json\/wp\/v2\/tax_estado?post=1135068"}],"curies":[{"name":"wp","href":"https:\/\/api.w.org\/{rel}","templated":true}]}}