{"id":1134531,"date":"2022-12-06T07:00:00","date_gmt":"2022-12-06T10:00:00","guid":{"rendered":"https:\/\/www.estrategiaconcursos.com.br\/blog\/?p=1134531"},"modified":"2023-03-09T10:17:47","modified_gmt":"2023-03-09T13:17:47","slug":"receita-federal-edital-publicado","status":"publish","type":"post","link":"https:\/\/www.estrategiaconcursos.com.br\/blog\/receita-federal-edital-publicado\/","title":{"rendered":"Concurso Receita Federal: edital publicado com 699 vagas, confira!"},"content":{"rendered":"\n<p>O t\u00e3o aguardado edital do Concurso Receita Federal foi finalmente publicado! Vale lembrar que o concurso \u00e9 aguardado desde 2014.<\/p>\n\n\n\n<p>Ao todo, s\u00e3o ofertadas 699 vagas imediatas de n\u00edvel superior de forma\u00e7\u00e3o para os cargos de<strong>&nbsp;Auditor Fiscal<\/strong>&nbsp;e&nbsp;<strong>Analista Tribut\u00e1rio<\/strong>. Os sal\u00e1rios inicias chegam a <strong>R$ 21 mil!<\/strong> Confira:<\/p>\n\n\n\n<ul class=\"wp-block-list\">\n<li><strong><a href=\"https:\/\/www.estrategiaconcursos.com.br\/curso\/receita-federal-auditor-fiscal-pacote-completo-2022-pos-edital\/\" target=\"_blank\" rel=\"noreferrer noopener\">Auditor Fiscal<\/a>:<\/strong> 230 vagas (R$ 21.029,09);<\/li>\n\n\n\n<li><strong><a href=\"https:\/\/www.estrategiaconcursos.com.br\/curso\/receita-federal-analista-tributario-pacote-completo-2022-pos-edital\/\" target=\"_blank\" rel=\"noreferrer noopener\">Analista Tribut\u00e1rio<\/a>: <\/strong>469 vagas (R$ 11.684,39).<\/li>\n<\/ul>\n\n\n\n<p>As inscri\u00e7\u00f5es estar\u00e3o dispon\u00edveis a partir das 16h do do dia <strong>12 de dezembro de 2022 at\u00e9 16h do dia 19 de janeiro<\/strong> <strong>de 2023<\/strong>. J\u00e1 as provas est\u00e3o marcadas para o dia <strong>19 de mar\u00e7o de 2023<\/strong>.<\/p>\n\n\n\n<p>Considerando o lan\u00e7amento do edital e pensando na sua prepara\u00e7\u00e3o, organizamos um evento exclusivo que contar\u00e1 com uma s\u00e9rie de aulas sobre os principais t\u00f3picos do concurso.<\/p>\n\n\n\n<p>Voc\u00ea confere o evento &#8220;<em><strong>Concurso Receita Federal &#8211; Edital publicado! 699 vagas e sal\u00e1rios de at\u00e9 R$ 21 mil&#8221;<\/strong><\/em> a partir desta <strong>ter\u00e7a-feira, 06 de dezembro, \u00e0s 8h<\/strong>. Confira a programa\u00e7\u00e3o completa:<\/p>\n\n\n\n<figure class=\"wp-block-table is-style-stripes\"><table class=\"has-fixed-layout\"><thead><tr><th class=\"has-text-align-center\" data-align=\"center\">Data\/Hor\u00e1rio <\/th><th class=\"has-text-align-center\" data-align=\"center\">Tema <\/th><th class=\"has-text-align-center\" data-align=\"center\">Apresenta\u00e7\u00e3o<\/th><\/tr><\/thead><tbody><tr><td class=\"has-text-align-center\" data-align=\"center\">06\/12 &#8211; 8h<\/td><td class=\"has-text-align-center\" data-align=\"center\"><a href=\"https:\/\/www.youtube.com\/watch?v=FH_RGczKkmU\" target=\"_blank\" rel=\"noreferrer noopener\">Raio-x de Portugu\u00eas<\/a><\/td><td class=\"has-text-align-center\" data-align=\"center\">Adriana Figueiredo<\/td><\/tr><tr><td class=\"has-text-align-center\" data-align=\"center\">06\/12 &#8211; 12h<\/td><td class=\"has-text-align-center\" data-align=\"center\"><a href=\"https:\/\/www.youtube.com\/watch?v=5hFhiNccn0Q\" target=\"_blank\" rel=\"noreferrer noopener\">Raio-x de Contabilidade P\u00fablica &#8211; A grande novidade do edital de 2022!<\/a><\/td><td class=\"has-text-align-center\" data-align=\"center\">Gilmar Possati<\/td><\/tr><tr><td class=\"has-text-align-center\" data-align=\"center\">06\/12 &#8211; 14h<\/td><td class=\"has-text-align-center\" data-align=\"center\"><a href=\"https:\/\/www.youtube.com\/watch?v=pw5YsWshvdE\" target=\"_blank\" rel=\"noreferrer noopener\">Raio-x de Racioc\u00ednio L\u00f3gico<\/a><\/td><td class=\"has-text-align-center\" data-align=\"center\">Brunno Lima<\/td><\/tr><tr><td class=\"has-text-align-center\" data-align=\"center\">06\/12 &#8211; 18h<\/td><td class=\"has-text-align-center\" data-align=\"center\">Qual cargo escolher ap\u00f3s as mudan\u00e7as do edital?<\/td><td class=\"has-text-align-center\" data-align=\"center\">Jeferson Rosa e N\u00fabia Oliveira<\/td><\/tr><tr><td class=\"has-text-align-center\" data-align=\"center\">06\/12 &#8211; 21h<\/td><td class=\"has-text-align-center\" data-align=\"center\"><a href=\"https:\/\/www.youtube.com\/watch?v=SLgWmMfXQgw\" target=\"_blank\" rel=\"noreferrer noopener\">Raio-x de Legisla\u00e7\u00e3o Aduaneira<\/a><\/td><td class=\"has-text-align-center\" data-align=\"center\">Felipe Luccas<\/td><\/tr><tr><td class=\"has-text-align-center\" data-align=\"center\">07\/12 &#8211; 12h<\/td><td class=\"has-text-align-center\" data-align=\"center\"><a href=\"https:\/\/www.youtube.com\/watch?v=9WGEUCVvap8\" target=\"_blank\" rel=\"noreferrer noopener\">Raio-x de Direito Previdenci\u00e1rio<\/a><\/td><td class=\"has-text-align-center\" data-align=\"center\">Rubens Maur\u00edcio<\/td><\/tr><tr><td class=\"has-text-align-center\" data-align=\"center\">07\/12 &#8211; 18h<\/td><td class=\"has-text-align-center\" data-align=\"center\">Como se preparar para a Discursiva<\/td><td class=\"has-text-align-center\" data-align=\"center\">Carlos Roberto, M\u00e1rcio Damasceno e Fabio Dutra<\/td><\/tr><tr><td class=\"has-text-align-center\" data-align=\"center\">07\/12 &#8211; 21h<\/td><td class=\"has-text-align-center\" data-align=\"center\"><a href=\"https:\/\/www.youtube.com\/watch?v=asZBepF9vyA\" target=\"_blank\" rel=\"noreferrer noopener\">Raio-x de Flu\u00eancia de Dados<\/a><\/td><td class=\"has-text-align-center\" data-align=\"center\">Raphael Lacerda<\/td><\/tr><tr><td class=\"has-text-align-center\" data-align=\"center\">08\/12 &#8211; 12h<\/td><td class=\"has-text-align-center\" data-align=\"center\">Raio-x de Contabilidade P\u00fablica &#8211; A grande novidade do edital de 2022!<\/td><td class=\"has-text-align-center\" data-align=\"center\">Gilmar Possati<\/td><\/tr><tr><td class=\"has-text-align-center\" data-align=\"center\">08\/12 &#8211; 18h<\/td><td class=\"has-text-align-center\" data-align=\"center\">Como aproveitar os estudos de outros Concursos Fiscais<\/td><td class=\"has-text-align-center\" data-align=\"center\">Bruno Bezerra<\/td><\/tr><tr><td class=\"has-text-align-center\" data-align=\"center\">08\/12 &#8211; 20h<\/td><td class=\"has-text-align-center\" data-align=\"center\">Como aproveitar os estudos da \u00c1rea de Controle<\/td><td class=\"has-text-align-center\" data-align=\"center\">N\u00fabia Oliveira e Herbert Almeida<\/td><\/tr><tr><td class=\"has-text-align-center\" data-align=\"center\">09\/12 &#8211; 18h<\/td><td class=\"has-text-align-center\" data-align=\"center\">Como aproveitar os estudos do INSS<\/td><td class=\"has-text-align-center\" data-align=\"center\">N\u00fabia Oliveira e Rubens Maur\u00edcio<\/td><\/tr><tr><td class=\"has-text-align-center\" data-align=\"center\">09\/12 &#8211; 20h<\/td><td class=\"has-text-align-center\" data-align=\"center\">Como aproveitar os estudos da Pol\u00edcia Federa<\/td><td class=\"has-text-align-center\" data-align=\"center\">Jeferson Rosa<\/td><\/tr><\/tbody><\/table><\/figure>\n\n\n\n<p class=\"has-text-align-center\"><em>Ficou interessado nas informa\u00e7\u00f5es dispon\u00edveis at\u00e9 aqui? Quer saber TODOS os detalhes acerca de um dos maiores concursos p\u00fablicos do pa\u00eds? Ent\u00e3o confira agora mesmo o artigo exclusivo e muito mais completo que preparamos para voc\u00ea:<\/em><\/p>\n\n\n\n<p class=\"has-text-align-center has-background\" style=\"background-color:#d8dfe4;font-size:clamp(14.642px, 0.915rem + ((1vw - 3.2px) * 0.721), 22px);\"><strong>SAIBA MAIS: <a href=\"https:\/\/www.estrategiaconcursos.com.br\/blog\/concurso-receita-federal\/\" target=\"_blank\" rel=\"noreferrer noopener\">Concurso Receita Federal<\/a><\/strong><\/p>\n\n\n\n<h2 class=\"has-text-align-center wp-block-heading\" id=\"cursos\"><em>Quer estudar para o concurso Receita Federal?<\/em><\/h2>\n\n\n\n<div class=\"container\" id=\"boxes\">\n  <div class=\"row\">\n\n    <div class=\"col-sm\">\n      <div class=\"banner-fiscal\" id=\"box-assinatura\">\n        <h3 class=\"titulo-assinatura\">Receita Federal<\/h3>\n        <p class=\"subtitulo-assinatura\">Conhe\u00e7a os cursos<\/p>\n        <div class=\"box-botao\">\n          <a class=\"btn-assinatura\" target=\"_blank\" href=\"https:\/\/www.estrategiaconcursos.com.br\/cursosPorConcurso\/receita-federal-auditor-fiscal-7\/\" role=\"button\" rel=\"noopener noreferrer\">Conhe\u00e7a mais<\/a>\n        <\/div>\n      <\/div>\n     \n    <\/div>\n\n  <\/div>\n<\/div>\n\n\n\n<h2 class=\"has-text-align-center wp-block-heading\" id=\"cursos\">Quer saber tudo sobre concursos previstos? <br \/>Confira nossos artigos!<\/h2>\n\n\n\n<ul class=\"wp-block-list\">\n<li><a href=\"https:\/\/www.estrategiaconcursos.com.br\/blog\/concursos-abertos\/\" target=\"_blank\" rel=\"noreferrer noopener\">Concursos abertos<\/a><\/li>\n\n\n\n<li><a href=\"https:\/\/www.estrategiaconcursos.com.br\/blog\/concursos-2023\/\" target=\"_blank\" rel=\"noreferrer noopener\">Concursos 2023<\/a><\/li>\n<\/ul>\n","protected":false},"excerpt":{"rendered":"<p>O t\u00e3o aguardado edital do Concurso Receita Federal foi finalmente publicado! Vale lembrar que o concurso \u00e9 aguardado desde 2014. Ao todo, s\u00e3o ofertadas 699 vagas imediatas de n\u00edvel superior de forma\u00e7\u00e3o para os cargos de&nbsp;Auditor Fiscal&nbsp;e&nbsp;Analista Tribut\u00e1rio. Os sal\u00e1rios inicias chegam a R$ 21 mil! Confira: As inscri\u00e7\u00f5es estar\u00e3o dispon\u00edveis a partir das 16h [&hellip;]<\/p>\n","protected":false},"author":2496,"featured_media":974219,"comment_status":"open","ping_status":"closed","sticky":false,"template":"","format":"standard","meta":{"post_tipo":"news","footnotes":""},"categories":[220182,220219],"tags":[],"tax_estado":[219963],"class_list":["post-1134531","post","type-post","status-publish","format-standard","has-post-thumbnail","hentry","category-fiscal-federal","category-noticias","tax_estado-concursos-federais"],"acf":[],"yoast_head":"<!-- This site is optimized with the Yoast SEO Premium plugin v27.2 (Yoast SEO v27.2) - https:\/\/yoast.com\/product\/yoast-seo-premium-wordpress\/ -->\n<title>Concurso Receita Federal: edital publicado com 699 vagas, confira!<\/title>\n<meta name=\"description\" content=\"O edital do Concurso Receita Federal foi publicado! Confira em nosso evento as informa\u00e7\u00f5es e expectativas sobre o conte\u00fado program\u00e1tico.\" \/>\n<meta name=\"robots\" content=\"index, follow, max-snippet:-1, max-image-preview:large, max-video-preview:-1\" \/>\n<link rel=\"canonical\" href=\"https:\/\/www.estrategiaconcursos.com.br\/blog\/receita-federal-edital-publicado\/\" \/>\n<meta property=\"og:locale\" content=\"pt_BR\" \/>\n<meta property=\"og:type\" content=\"article\" \/>\n<meta property=\"og:title\" content=\"Concurso Receita Federal: edital publicado com 699 vagas, confira!\" \/>\n<meta property=\"og:description\" content=\"O edital do Concurso Receita Federal foi publicado! Confira em nosso evento as informa\u00e7\u00f5es e expectativas sobre o conte\u00fado program\u00e1tico.\" \/>\n<meta property=\"og:url\" content=\"https:\/\/www.estrategiaconcursos.com.br\/blog\/receita-federal-edital-publicado\/\" \/>\n<meta property=\"og:site_name\" content=\"Estrat\u00e9gia Concursos\" \/>\n<meta property=\"article:published_time\" content=\"2022-12-06T10:00:00+00:00\" \/>\n<meta property=\"article:modified_time\" content=\"2023-03-09T13:17:47+00:00\" \/>\n<meta property=\"og:image\" content=\"https:\/\/dhg1h5j42swfq.cloudfront.net\/2022\/02\/21170104\/concurso-receita-federal-1024x536-1.jpg\" \/>\n\t<meta property=\"og:image:width\" content=\"1024\" \/>\n\t<meta property=\"og:image:height\" content=\"536\" \/>\n\t<meta property=\"og:image:type\" content=\"image\/jpeg\" \/>\n<meta name=\"author\" content=\"Lu\u00eds Henrique Koliski Taguchi\" \/>\n<meta name=\"twitter:card\" content=\"summary_large_image\" \/>\n<meta name=\"twitter:creator\" content=\"@EstratConcursos\" \/>\n<meta name=\"twitter:site\" content=\"@EstratConcursos\" \/>\n<meta name=\"twitter:label1\" content=\"Escrito por\" \/>\n\t<meta name=\"twitter:data1\" content=\"Lu\u00eds Henrique Koliski Taguchi\" \/>\n\t<meta name=\"twitter:label2\" content=\"Est. tempo de leitura\" \/>\n\t<meta name=\"twitter:data2\" content=\"2 minutos\" \/>\n<script type=\"application\/ld+json\" class=\"yoast-schema-graph\">{\"@context\":\"https:\/\/schema.org\",\"@graph\":[{\"@type\":\"NewsArticle\",\"@id\":\"https:\/\/www.estrategiaconcursos.com.br\/blog\/receita-federal-edital-publicado\/#article\",\"isPartOf\":{\"@id\":\"https:\/\/www.estrategiaconcursos.com.br\/blog\/receita-federal-edital-publicado\/\"},\"author\":{\"name\":\"Lu\u00eds Henrique Koliski Taguchi\",\"@id\":\"https:\/\/www.estrategiaconcursos.com.br\/blog\/#\/schema\/person\/4796f784535bea69338c17360e24ca86\"},\"headline\":\"Concurso Receita Federal: edital publicado com 699 vagas, confira!\",\"datePublished\":\"2022-12-06T10:00:00+00:00\",\"dateModified\":\"2023-03-09T13:17:47+00:00\",\"mainEntityOfPage\":{\"@id\":\"https:\/\/www.estrategiaconcursos.com.br\/blog\/receita-federal-edital-publicado\/\"},\"wordCount\":420,\"commentCount\":0,\"publisher\":{\"@id\":\"https:\/\/www.estrategiaconcursos.com.br\/blog\/#organization\"},\"image\":{\"@id\":\"https:\/\/www.estrategiaconcursos.com.br\/blog\/receita-federal-edital-publicado\/#primaryimage\"},\"thumbnailUrl\":\"https:\/\/dhg1h5j42swfq.cloudfront.net\/2022\/02\/21170104\/concurso-receita-federal-1024x536-1.jpg\",\"articleSection\":[\"Fiscal - Federal (RFB e AFT)\",\"\u00daltimas not\u00edcias\"],\"inLanguage\":\"pt-BR\",\"potentialAction\":[{\"@type\":\"CommentAction\",\"name\":\"Comment\",\"target\":[\"https:\/\/www.estrategiaconcursos.com.br\/blog\/receita-federal-edital-publicado\/#respond\"]}],\"copyrightYear\":\"2022\",\"copyrightHolder\":{\"@id\":\"https:\/\/www.estrategiaconcursos.com.br\/blog\/#organization\"}},{\"@type\":\"WebPage\",\"@id\":\"https:\/\/www.estrategiaconcursos.com.br\/blog\/receita-federal-edital-publicado\/\",\"url\":\"https:\/\/www.estrategiaconcursos.com.br\/blog\/receita-federal-edital-publicado\/\",\"name\":\"Concurso Receita Federal: edital publicado com 699 vagas, confira!\",\"isPartOf\":{\"@id\":\"https:\/\/www.estrategiaconcursos.com.br\/blog\/#website\"},\"primaryImageOfPage\":{\"@id\":\"https:\/\/www.estrategiaconcursos.com.br\/blog\/receita-federal-edital-publicado\/#primaryimage\"},\"image\":{\"@id\":\"https:\/\/www.estrategiaconcursos.com.br\/blog\/receita-federal-edital-publicado\/#primaryimage\"},\"thumbnailUrl\":\"https:\/\/dhg1h5j42swfq.cloudfront.net\/2022\/02\/21170104\/concurso-receita-federal-1024x536-1.jpg\",\"datePublished\":\"2022-12-06T10:00:00+00:00\",\"dateModified\":\"2023-03-09T13:17:47+00:00\",\"description\":\"O edital do Concurso Receita Federal foi publicado! Confira em nosso evento as informa\u00e7\u00f5es e expectativas sobre o conte\u00fado program\u00e1tico.\",\"breadcrumb\":{\"@id\":\"https:\/\/www.estrategiaconcursos.com.br\/blog\/receita-federal-edital-publicado\/#breadcrumb\"},\"inLanguage\":\"pt-BR\",\"potentialAction\":[{\"@type\":\"ReadAction\",\"target\":[\"https:\/\/www.estrategiaconcursos.com.br\/blog\/receita-federal-edital-publicado\/\"]}]},{\"@type\":\"ImageObject\",\"inLanguage\":\"pt-BR\",\"@id\":\"https:\/\/www.estrategiaconcursos.com.br\/blog\/receita-federal-edital-publicado\/#primaryimage\",\"url\":\"https:\/\/dhg1h5j42swfq.cloudfront.net\/2022\/02\/21170104\/concurso-receita-federal-1024x536-1.jpg\",\"contentUrl\":\"https:\/\/dhg1h5j42swfq.cloudfront.net\/2022\/02\/21170104\/concurso-receita-federal-1024x536-1.jpg\",\"width\":1024,\"height\":536,\"caption\":\"concurso receita federal\"},{\"@type\":\"BreadcrumbList\",\"@id\":\"https:\/\/www.estrategiaconcursos.com.br\/blog\/receita-federal-edital-publicado\/#breadcrumb\",\"itemListElement\":[{\"@type\":\"ListItem\",\"position\":1,\"name\":\"In\u00edcio\",\"item\":\"https:\/\/www.estrategiaconcursos.com.br\/blog\/\"},{\"@type\":\"ListItem\",\"position\":2,\"name\":\"Concurso Receita Federal: edital publicado com 699 vagas, confira!\"}]},{\"@type\":\"WebSite\",\"@id\":\"https:\/\/www.estrategiaconcursos.com.br\/blog\/#website\",\"url\":\"https:\/\/www.estrategiaconcursos.com.br\/blog\/\",\"name\":\"Estrat\u00e9gia Concursos\",\"description\":\"O blog da Estrat\u00e9gia Concursos traz not\u00edcias sobre concursos e artigos de professores oferecendo cursos para concursos (pdf + videaulas) no site.\",\"publisher\":{\"@id\":\"https:\/\/www.estrategiaconcursos.com.br\/blog\/#organization\"},\"potentialAction\":[{\"@type\":\"SearchAction\",\"target\":{\"@type\":\"EntryPoint\",\"urlTemplate\":\"https:\/\/www.estrategiaconcursos.com.br\/blog\/?s={search_term_string}\"},\"query-input\":{\"@type\":\"PropertyValueSpecification\",\"valueRequired\":true,\"valueName\":\"search_term_string\"}}],\"inLanguage\":\"pt-BR\"},{\"@type\":\"Organization\",\"@id\":\"https:\/\/www.estrategiaconcursos.com.br\/blog\/#organization\",\"name\":\"Estrat\u00e9gia Concursos\",\"url\":\"https:\/\/www.estrategiaconcursos.com.br\/blog\/\",\"logo\":{\"@type\":\"ImageObject\",\"inLanguage\":\"pt-BR\",\"@id\":\"https:\/\/www.estrategiaconcursos.com.br\/blog\/#\/schema\/logo\/image\/\",\"url\":\"https:\/\/dhg1h5j42swfq.cloudfront.net\/2025\/06\/03203428\/logo_concursos-1.jpg\",\"contentUrl\":\"https:\/\/dhg1h5j42swfq.cloudfront.net\/2025\/06\/03203428\/logo_concursos-1.jpg\",\"width\":230,\"height\":60,\"caption\":\"Estrat\u00e9gia Concursos\"},\"image\":{\"@id\":\"https:\/\/www.estrategiaconcursos.com.br\/blog\/#\/schema\/logo\/image\/\"},\"sameAs\":[\"https:\/\/x.com\/EstratConcursos\"]},{\"@type\":\"Person\",\"@id\":\"https:\/\/www.estrategiaconcursos.com.br\/blog\/#\/schema\/person\/4796f784535bea69338c17360e24ca86\",\"name\":\"Lu\u00eds Henrique Koliski Taguchi\",\"image\":{\"@type\":\"ImageObject\",\"inLanguage\":\"pt-BR\",\"@id\":\"https:\/\/secure.gravatar.com\/avatar\/cd45137551650332231b9b3d541d08c1f24718112f052488ba1ea66ad0f57c9c?s=96&d=mm&r=g\",\"url\":\"https:\/\/secure.gravatar.com\/avatar\/cd45137551650332231b9b3d541d08c1f24718112f052488ba1ea66ad0f57c9c?s=96&d=mm&r=g\",\"contentUrl\":\"https:\/\/secure.gravatar.com\/avatar\/cd45137551650332231b9b3d541d08c1f24718112f052488ba1ea66ad0f57c9c?s=96&d=mm&r=g\",\"caption\":\"Lu\u00eds Henrique Koliski Taguchi\"},\"url\":\"https:\/\/www.estrategiaconcursos.com.br\/blog\/author\/luis-taguchiestrategia-com\/\"}]}<\/script>\n<!-- \/ Yoast SEO Premium plugin. -->","yoast_head_json":{"title":"Concurso Receita Federal: edital publicado com 699 vagas, confira!","description":"O edital do Concurso Receita Federal foi publicado! Confira em nosso evento as informa\u00e7\u00f5es e expectativas sobre o conte\u00fado program\u00e1tico.","robots":{"index":"index","follow":"follow","max-snippet":"max-snippet:-1","max-image-preview":"max-image-preview:large","max-video-preview":"max-video-preview:-1"},"canonical":"https:\/\/www.estrategiaconcursos.com.br\/blog\/receita-federal-edital-publicado\/","og_locale":"pt_BR","og_type":"article","og_title":"Concurso Receita Federal: edital publicado com 699 vagas, confira!","og_description":"O edital do Concurso Receita Federal foi publicado! Confira em nosso evento as informa\u00e7\u00f5es e expectativas sobre o conte\u00fado program\u00e1tico.","og_url":"https:\/\/www.estrategiaconcursos.com.br\/blog\/receita-federal-edital-publicado\/","og_site_name":"Estrat\u00e9gia Concursos","article_published_time":"2022-12-06T10:00:00+00:00","article_modified_time":"2023-03-09T13:17:47+00:00","og_image":[{"width":1024,"height":536,"url":"https:\/\/dhg1h5j42swfq.cloudfront.net\/2022\/02\/21170104\/concurso-receita-federal-1024x536-1.jpg","type":"image\/jpeg"}],"author":"Lu\u00eds Henrique Koliski Taguchi","twitter_card":"summary_large_image","twitter_creator":"@EstratConcursos","twitter_site":"@EstratConcursos","twitter_misc":{"Escrito por":"Lu\u00eds Henrique Koliski Taguchi","Est. tempo de leitura":"2 minutos"},"schema":{"@context":"https:\/\/schema.org","@graph":[{"@type":"NewsArticle","@id":"https:\/\/www.estrategiaconcursos.com.br\/blog\/receita-federal-edital-publicado\/#article","isPartOf":{"@id":"https:\/\/www.estrategiaconcursos.com.br\/blog\/receita-federal-edital-publicado\/"},"author":{"name":"Lu\u00eds Henrique Koliski Taguchi","@id":"https:\/\/www.estrategiaconcursos.com.br\/blog\/#\/schema\/person\/4796f784535bea69338c17360e24ca86"},"headline":"Concurso Receita Federal: edital publicado com 699 vagas, confira!","datePublished":"2022-12-06T10:00:00+00:00","dateModified":"2023-03-09T13:17:47+00:00","mainEntityOfPage":{"@id":"https:\/\/www.estrategiaconcursos.com.br\/blog\/receita-federal-edital-publicado\/"},"wordCount":420,"commentCount":0,"publisher":{"@id":"https:\/\/www.estrategiaconcursos.com.br\/blog\/#organization"},"image":{"@id":"https:\/\/www.estrategiaconcursos.com.br\/blog\/receita-federal-edital-publicado\/#primaryimage"},"thumbnailUrl":"https:\/\/dhg1h5j42swfq.cloudfront.net\/2022\/02\/21170104\/concurso-receita-federal-1024x536-1.jpg","articleSection":["Fiscal - Federal (RFB e AFT)","\u00daltimas not\u00edcias"],"inLanguage":"pt-BR","potentialAction":[{"@type":"CommentAction","name":"Comment","target":["https:\/\/www.estrategiaconcursos.com.br\/blog\/receita-federal-edital-publicado\/#respond"]}],"copyrightYear":"2022","copyrightHolder":{"@id":"https:\/\/www.estrategiaconcursos.com.br\/blog\/#organization"}},{"@type":"WebPage","@id":"https:\/\/www.estrategiaconcursos.com.br\/blog\/receita-federal-edital-publicado\/","url":"https:\/\/www.estrategiaconcursos.com.br\/blog\/receita-federal-edital-publicado\/","name":"Concurso Receita Federal: edital publicado com 699 vagas, confira!","isPartOf":{"@id":"https:\/\/www.estrategiaconcursos.com.br\/blog\/#website"},"primaryImageOfPage":{"@id":"https:\/\/www.estrategiaconcursos.com.br\/blog\/receita-federal-edital-publicado\/#primaryimage"},"image":{"@id":"https:\/\/www.estrategiaconcursos.com.br\/blog\/receita-federal-edital-publicado\/#primaryimage"},"thumbnailUrl":"https:\/\/dhg1h5j42swfq.cloudfront.net\/2022\/02\/21170104\/concurso-receita-federal-1024x536-1.jpg","datePublished":"2022-12-06T10:00:00+00:00","dateModified":"2023-03-09T13:17:47+00:00","description":"O edital do Concurso Receita Federal foi publicado! Confira em nosso evento as informa\u00e7\u00f5es e expectativas sobre o conte\u00fado program\u00e1tico.","breadcrumb":{"@id":"https:\/\/www.estrategiaconcursos.com.br\/blog\/receita-federal-edital-publicado\/#breadcrumb"},"inLanguage":"pt-BR","potentialAction":[{"@type":"ReadAction","target":["https:\/\/www.estrategiaconcursos.com.br\/blog\/receita-federal-edital-publicado\/"]}]},{"@type":"ImageObject","inLanguage":"pt-BR","@id":"https:\/\/www.estrategiaconcursos.com.br\/blog\/receita-federal-edital-publicado\/#primaryimage","url":"https:\/\/dhg1h5j42swfq.cloudfront.net\/2022\/02\/21170104\/concurso-receita-federal-1024x536-1.jpg","contentUrl":"https:\/\/dhg1h5j42swfq.cloudfront.net\/2022\/02\/21170104\/concurso-receita-federal-1024x536-1.jpg","width":1024,"height":536,"caption":"concurso receita federal"},{"@type":"BreadcrumbList","@id":"https:\/\/www.estrategiaconcursos.com.br\/blog\/receita-federal-edital-publicado\/#breadcrumb","itemListElement":[{"@type":"ListItem","position":1,"name":"In\u00edcio","item":"https:\/\/www.estrategiaconcursos.com.br\/blog\/"},{"@type":"ListItem","position":2,"name":"Concurso Receita Federal: edital publicado com 699 vagas, confira!"}]},{"@type":"WebSite","@id":"https:\/\/www.estrategiaconcursos.com.br\/blog\/#website","url":"https:\/\/www.estrategiaconcursos.com.br\/blog\/","name":"Estrat\u00e9gia Concursos","description":"O blog da Estrat\u00e9gia Concursos traz not\u00edcias sobre concursos e artigos de professores oferecendo cursos para concursos (pdf + videaulas) no site.","publisher":{"@id":"https:\/\/www.estrategiaconcursos.com.br\/blog\/#organization"},"potentialAction":[{"@type":"SearchAction","target":{"@type":"EntryPoint","urlTemplate":"https:\/\/www.estrategiaconcursos.com.br\/blog\/?s={search_term_string}"},"query-input":{"@type":"PropertyValueSpecification","valueRequired":true,"valueName":"search_term_string"}}],"inLanguage":"pt-BR"},{"@type":"Organization","@id":"https:\/\/www.estrategiaconcursos.com.br\/blog\/#organization","name":"Estrat\u00e9gia Concursos","url":"https:\/\/www.estrategiaconcursos.com.br\/blog\/","logo":{"@type":"ImageObject","inLanguage":"pt-BR","@id":"https:\/\/www.estrategiaconcursos.com.br\/blog\/#\/schema\/logo\/image\/","url":"https:\/\/dhg1h5j42swfq.cloudfront.net\/2025\/06\/03203428\/logo_concursos-1.jpg","contentUrl":"https:\/\/dhg1h5j42swfq.cloudfront.net\/2025\/06\/03203428\/logo_concursos-1.jpg","width":230,"height":60,"caption":"Estrat\u00e9gia Concursos"},"image":{"@id":"https:\/\/www.estrategiaconcursos.com.br\/blog\/#\/schema\/logo\/image\/"},"sameAs":["https:\/\/x.com\/EstratConcursos"]},{"@type":"Person","@id":"https:\/\/www.estrategiaconcursos.com.br\/blog\/#\/schema\/person\/4796f784535bea69338c17360e24ca86","name":"Lu\u00eds Henrique Koliski Taguchi","image":{"@type":"ImageObject","inLanguage":"pt-BR","@id":"https:\/\/secure.gravatar.com\/avatar\/cd45137551650332231b9b3d541d08c1f24718112f052488ba1ea66ad0f57c9c?s=96&d=mm&r=g","url":"https:\/\/secure.gravatar.com\/avatar\/cd45137551650332231b9b3d541d08c1f24718112f052488ba1ea66ad0f57c9c?s=96&d=mm&r=g","contentUrl":"https:\/\/secure.gravatar.com\/avatar\/cd45137551650332231b9b3d541d08c1f24718112f052488ba1ea66ad0f57c9c?s=96&d=mm&r=g","caption":"Lu\u00eds Henrique Koliski Taguchi"},"url":"https:\/\/www.estrategiaconcursos.com.br\/blog\/author\/luis-taguchiestrategia-com\/"}]}},"_links":{"self":[{"href":"https:\/\/www.estrategiaconcursos.com.br\/blog\/wp-json\/wp\/v2\/posts\/1134531","targetHints":{"allow":["GET"]}}],"collection":[{"href":"https:\/\/www.estrategiaconcursos.com.br\/blog\/wp-json\/wp\/v2\/posts"}],"about":[{"href":"https:\/\/www.estrategiaconcursos.com.br\/blog\/wp-json\/wp\/v2\/types\/post"}],"author":[{"embeddable":true,"href":"https:\/\/www.estrategiaconcursos.com.br\/blog\/wp-json\/wp\/v2\/users\/2496"}],"replies":[{"embeddable":true,"href":"https:\/\/www.estrategiaconcursos.com.br\/blog\/wp-json\/wp\/v2\/comments?post=1134531"}],"version-history":[{"count":6,"href":"https:\/\/www.estrategiaconcursos.com.br\/blog\/wp-json\/wp\/v2\/posts\/1134531\/revisions"}],"predecessor-version":[{"id":1184151,"href":"https:\/\/www.estrategiaconcursos.com.br\/blog\/wp-json\/wp\/v2\/posts\/1134531\/revisions\/1184151"}],"wp:featuredmedia":[{"embeddable":true,"href":"https:\/\/www.estrategiaconcursos.com.br\/blog\/wp-json\/wp\/v2\/media\/974219"}],"wp:attachment":[{"href":"https:\/\/www.estrategiaconcursos.com.br\/blog\/wp-json\/wp\/v2\/media?parent=1134531"}],"wp:term":[{"taxonomy":"category","embeddable":true,"href":"https:\/\/www.estrategiaconcursos.com.br\/blog\/wp-json\/wp\/v2\/categories?post=1134531"},{"taxonomy":"post_tag","embeddable":true,"href":"https:\/\/www.estrategiaconcursos.com.br\/blog\/wp-json\/wp\/v2\/tags?post=1134531"},{"taxonomy":"tax_estado","embeddable":true,"href":"https:\/\/www.estrategiaconcursos.com.br\/blog\/wp-json\/wp\/v2\/tax_estado?post=1134531"}],"curies":[{"name":"wp","href":"https:\/\/api.w.org\/{rel}","templated":true}]}}