{"id":113428,"date":"2019-03-12T15:28:38","date_gmt":"2019-03-12T18:28:38","guid":{"rendered":"https:\/\/www.estrategiaconcursos.com.br\/blog\/?p=113428"},"modified":"2019-03-22T16:26:46","modified_gmt":"2019-03-22T19:26:46","slug":"concurso-tj-al-juiz","status":"publish","type":"post","link":"https:\/\/www.estrategiaconcursos.com.br\/blog\/concurso-tj-al-juiz\/","title":{"rendered":"Concurso TJ AL Juiz: an\u00e1lise da Comiss\u00e3o Organizadora do certame"},"content":{"rendered":"\n<p>Com a not\u00edcia da <a href=\"https:\/\/www.estrategiaconcursos.com.br\/blog\/concurso-magistratura-al\/\" target=\"_blank\" rel=\"noreferrer noopener\">nomea\u00e7\u00e3o<\/a>&nbsp;da Comiss\u00e3o Organizadora do pr\u00f3ximo&nbsp;<strong><em>Concurso TJ AL Juiz<\/em><\/strong>, vejamos algumas informa\u00e7\u00f5es a respeito de seus membros.<\/p>\n\n\n\n<p>Selecionei aqui posicionamentos importantes e a produ\u00e7\u00e3o acad\u00eamica dispon\u00edvel para consulta&nbsp;<em>on-line<\/em> do desembargador Domingos de Ara\u00fajo Lima Neto e dos ju\u00edzes de Direito Alberto Jorge C. de Barros Lima e H\u00e9lio Pinheiro Pinto.<\/p>\n\n\n\n<p>Voc\u00ea tamb\u00e9m vai poder conferir um pequeno sum\u00e1rio do curr\u00edculo dos membros da banca, para saber mais a respeito de sua forma\u00e7\u00e3o. Vamos l\u00e1?<\/p>\n\n\n\n<h2 class=\"wp-block-heading\">Desembargador Domingos de Ara\u00fajo Lima Neto<\/h2>\n\n\n\n<p>\u00c9 membro da 3\u00aa C\u00e2mara C\u00edvel do TJAL.&nbsp;Formado em Direito pela Universidade Federal de Alagoas, tem especializa\u00e7\u00e3o em Direito Constitucional e Processual pelo Cesmac, em 2007.&nbsp;Foi coordenador do Projeto Justi\u00e7a Itinerante por 10 anos (2001\/2011).<\/p>\n\n\n\n<p><strong>Posicionamentos<\/strong><\/p>\n\n\n\n<p><strong><em>Favor\u00e1vel<\/em><\/strong> \u00e0 teoria do adimplemento substancial: \u201cAGRAVO DE INSTRUMENTO. BUSCA E APREENS\u00c3O DE BEM M\u00d3VEL. CONTRATO DE ALIENA\u00c7\u00c3O FIDUCI\u00c1RIA. ADIMPLEMENTO SUBSTANCIAL DO CONTRATO. APLICA\u00c7\u00c3O. COMPROVA\u00c7\u00c3O DE PAGAMENTO SUBSTANCIAL. PAGAMENTO EXPRESSIVO DO D\u00c9BITO CONTRATADO. AFASTAMENTO DA BUSCA E APREENS\u00c3O DO BEM M\u00d3VEL. DECIS\u00c3O MANTIDA. RECURSO CONHECIDO E N\u00c3O PROVIDO.\u201d (Relator (a): Des. Domingos de Ara\u00fajo Lima Neto; Comarca: Foro de Arapiraca; \u00d3rg\u00e3o julgador: 3\u00aa Vara de Arapiraca \/ C\u00edvel Residual; Data do julgamento: 15\/03\/2018; Data de registro: 19\/03\/2018)<\/p>\n\n\n\n<p><strong><em>Desfavor\u00e1vel<\/em><\/strong> \u00e0 san\u00e7\u00f5es pol\u00edticas: \u201cREEXAME NECESS\u00c1RIO. MANDADO DE SEGURAN\u00c7A. APREENS\u00c3O DE MERCADORIAS. INADMISSIBILIDADE DE APREENS\u00c3O DE MERCADORIAS COMO MEIO COERCITIVO PARA PAGAMENTO DE TRIBUTOS. FISCO POSSUI MEIO PR\u00d3PRIO PARA COBRAN\u00c7A DE SEUS CR\u00c9DITOS. SENTEN\u00c7A EM CONSON\u00c2NCIA COM JURISPRUD\u00caNCIA DOMINANTE E S\u00daMULA DO SUPREMO TRIBUNAL FEDERAL. SENTEN\u00c7A DE PRIMEIRO GRAU CONCESSIVA DO WRIT. PRECEDENTES JURISPRUDENCIAIS. REEXAME NECESS\u00c1RIO CONHECIDO. CONFIRMA\u00c7\u00c3O DA SENTEN\u00c7A.\u201d (Relator (a): Des. Domingos de Ara\u00fajo Lima Neto; Comarca: Foro de Macei\u00f3; \u00d3rg\u00e3o julgador: 18\u00aa Vara C\u00edvel da Capital \/ Fazenda Estadual; Data do julgamento: 15\/03\/2018; Data de registro: 16\/03\/2018);<\/p>\n\n\n\n<p><strong><em>Imprescritibilidade das a\u00e7\u00f5es de ressarcimento ao er\u00e1rio decorrente de supostos atos \u00edmprobos<\/em><\/strong>: \u201cAPELA\u00c7\u00c3O C\u00cdVEL. DIREITO CIVIL. A\u00c7\u00c3O DE COBRAN\u00c7A C\/C OBRIGA\u00c7\u00c3O DE FAZER. TESE DE INADEQUA\u00c7\u00c3O DA VIA ALEITA N\u00c3O CONHECIDA. A\u00c7\u00c3O DE COBRAN\u00c7A N\u00c3O SE CONFUNDE COM A\u00c7\u00c3O CIVIL P\u00daBLICA. TESE DE PRESCRI\u00c7\u00c3O INTERCORRENTE AFASTADA. IMPRESCRITIBILIDADE DAS A\u00c7\u00d5ES DE RESSARCIMENTO AO ER\u00c1RIO DECORRENTE DE SUPOSTOS ATOS \u00cdMPROBOS. DESVIO DE RECURSOS P\u00daBLICOS. AUS\u00caNCIA DE PRESTA\u00c7\u00c3O DE CONTAS. \u00d4NUS PROBAT\u00d3RIO DE FATO IMPEDITIVO, MODIFICATIVO OU EXTINTIVO. LASTRO PROBAT\u00d3RIO COLACIONADO PELO AUTOR INSUFICIENTE. CONSECT\u00c1RIOS LEGAIS DA CONDENA\u00c7\u00c3O. PEDIDO IMPL\u00cdCITO. JUROS E CORRE\u00c7\u00c3O MONET\u00c1RIA. RECURSO PARCIALMENTE CONHECIDO E N\u00c3O PROVIDO.\u201d (Relator (a): Des. Domingos de Ara\u00fajo Lima Neto; Comarca: Foro de Uni\u00e3o dos Palmares; \u00d3rg\u00e3o julgador: 2\u00aa Vara C\u00edvel de Uni\u00e3o dos Palmares; Data do julgamento: 22\/02\/2018; Data de registro: 23\/02\/2018).<\/p>\n\n\n\n<hr class=\"wp-block-separator\"\/>\n\n\n\n<h2 class=\"wp-block-heading\">Juiz Alberto Jorge Correia de Barros Lima<\/h2>\n\n\n\n<p>Possui gradua\u00e7\u00e3o em Direito pela Universidade Federal de Alagoas (1987), mestrado em Direito pela Universidade Federal de Pernambuco (1999) e doutorado em Direito pela Universidade Federal de Pernambuco (2006).<\/p>\n\n\n\n<h2 class=\"wp-block-heading\">Produ\u00e7\u00e3o acad\u00eamica<\/h2>\n\n\n\n<p><strong>Livros<\/strong><\/p>\n\n\n\n<p><strong><em>T\u00edtulo<\/em><\/strong>:<em> Aspectos da pena na teoria geral do direito<\/em> (<strong>Autor(es): LIMA, Alberto Jorge Correia de Barros)<\/strong>.<\/p>\n\n\n\n<p><strong><em>T\u00edtulo:<\/em><\/strong> <em>Igualdade e imunidades parlamentares no Estado Democr\u00e1tico de Direito<\/em> (<strong>Autor(es): LIMA, Alberto Jorge Correia de Barros)<\/strong>.<\/p>\n\n\n\n<p><strong>Teses<\/strong><\/p>\n\n\n\n<p><em>Tese de Doutorado <\/em>(UFPE, 2006): <strong>Limites constitucionais do legislador e do juiz na incrimina\u00e7\u00e3o e descriminaliza\u00e7\u00e3o de condutas: <\/strong>a imposi\u00e7\u00e3o dos Princ\u00edpios Constitucionais Penais. Dispon\u00edvel <a href=\"https:\/\/repositorio.ufpe.br\/bitstream\/handle\/123456789\/4090\/arquivo6084_1.pdf?sequence=1&amp;isAllowed=y\" target=\"_blank\" rel=\"noreferrer noopener\">aqui<\/a>.<\/p>\n\n\n\n<p><strong>Monografias<\/strong><\/p>\n\n\n\n<p><em>Monografia <\/em>(Escola Superior da Magistratura, TJ-AL, 2012): <strong>Seten\u00e7a Criminal e Aplica\u00e7\u00e3o da Pena. <\/strong>Dispon\u00edvel <a href=\"http:\/\/www.esmal.tjal.jus.br\/arquivosCursos\/2012_03_30_08_01_07_Senten%E7a%20Criminal%20-%20Apostila%20ESMAL%20Prof.%20ALBERTO%20JORGE.pdf\" target=\"_blank\" rel=\"noreferrer noopener\">aqui<\/a>.<\/p>\n\n\n\n<p><strong>Artigos<\/strong><\/p>\n\n\n\n<p><em>Artigo<\/em> (Boletim do IBCCRIM, ano 17, n. 199, 2009): <strong>O juiz e as perguntas \u00e0s testemunhas<\/strong>. Dispon\u00edvel <a href=\"http:\/\/infodireito.blogspot.com.br\/2009\/06\/artigo-o-juiz-e-as-perguntas-as.html\" target=\"_blank\" rel=\"noreferrer noopener\">aqui<\/a>.<\/p>\n\n\n\n<p><em>Artigo <\/em>(Revista Letras Jur\u00eddicas, ALMAGIS, v. 2, 2010): <strong>Fundamenta\u00e7\u00e3o Filos\u00f3fica e Jur\u00eddico-Penal da Criminaliza\u00e7\u00e3o de Condutas Ofensivas ao Meio Ambiente<\/strong>. Dispon\u00edvel <a href=\"https:\/\/pt.scribd.com\/document\/141028358\/FUNDAMENTACAO-FILOSOFICA-PENAL-DA-CRIMINALIZACAO-DE-CONDUTAS-OFENSIVAS-AO-MEIO-AMBIENTE\">aqui<\/a>.<\/p>\n\n\n\n<p><em>Artigo <\/em>(Revista da ESMAL, n. 2, 2012): <strong>J\u00fari: da pron\u00fancia aos quesitos \u2013 a necessidade de clareza e l\u00f3gica na nossa sistem\u00e1tica<\/strong>. Dispon\u00edvel <a href=\"http:\/\/revistadaesmal.tjal.jus.br\/index.php\/revistaEletronicaEsmal\/article\/view\/80\/22\" target=\"_blank\" rel=\"noreferrer noopener\">aqui<\/a>.<\/p>\n\n\n\n<p><em>Artigo <\/em>(Revista &nbsp;Prima Facie, v. 14, n. 27, 2014) [Coautoria com Lorena Carla Vasconcelos Sotto-Mayor]: <strong>An\u00e1lise Pragm\u00e1tica das Decis\u00f5es Judiciais Finais do Tribunal de Justi\u00e7a do Estado de Alagoas em Habeas Corpus: Op\u00e7\u00f5es Metodol\u00f3gicas e Tratamento Conferido ao Material de Pesquisa<\/strong>. Dispon\u00edvel <a href=\"http:\/\/www.periodicos.ufpb.br\/ojs\/index.php\/primafacie\/article\/view\/20080\/15425\">aqui<\/a>.<\/p>\n\n\n\n<p><em>Artigo<\/em> (Revista do Mestrado em Direito da UFAL, v. 6, n.1, 2015): <strong>Improbidade Administrativa:<\/strong> estrutura jur\u00eddica dos tipos e controle judicial \u2013 Uma perspectiva dogm\u00e1tica para prote\u00e7\u00e3o dos direitos fundamentais. Dispon\u00edvel <a href=\"http:\/\/www.seer.ufal.br\/index.php\/rmdufal\/article\/view\/1804\/1338\" target=\"_blank\" rel=\"noreferrer noopener\">aqui<\/a>.<\/p>\n\n\n\n<p><em>Artigo<\/em>: (Revista de Direito Penal, Processo Penal e Constitui\u00e7\u00e3o, v. 2, n. 1, 2016) [Coautoria com Nath\u00e1lia Ribeiro Leite Silva]: <strong>An\u00e1lise dogm\u00e1tica dos mandamentos constitucionais criminalizadores e dos princ\u00edpios constitucionais penais. <\/strong>Dispon\u00edvel <a href=\"http:\/\/indexlaw.org\/index.php\/direitopenal\/article\/view\/933\/pdf\" target=\"_blank\" rel=\"noreferrer noopener\">aqui<\/a>.<\/p>\n\n\n\n<p><em>Artigo <\/em>(Revista da ESMAL, n.1, 2016) [Coautoria com Nath\u00e1lia Ribeiro Leite Silva]::<strong>A Am\u00e9rica Latina e sua criminologia: de seu surgimento \u00e0 \u201ccriminologia da liberta\u00e7\u00e3o<\/strong>\u201d. Dispon\u00edvel <a href=\"http:\/\/revistadaesmal.tjal.jus.br\/index.php\/revistaEletronicaEsmal\/article\/view\/30\/5\" target=\"_blank\" rel=\"noreferrer noopener\">aqui<\/a>.<\/p>\n\n\n\n<p><strong>Produ\u00e7\u00e3o jornal\u00edstica<\/strong><\/p>\n\n\n\n<p><em>Pena de morte e mist\u00e9rio<\/em> (Gazeta de Alagoas, 25 jan. 2015). Dispon\u00edvel <a href=\"http:\/\/gazetaweb.globo.com\/gazetadealagoas\/noticia.php?c=259768\" target=\"_blank\" rel=\"noreferrer noopener\">aqui<\/a>.<\/p>\n\n\n\n<p><em>Blog <\/em>(2014-2016): <strong>Blog do Alberto Jorge<\/strong>. Dispon\u00edvel <a href=\"http:\/\/blogdoalbertojorge.blogspot.com.br\/search?updated-max=2016-01-11T14:21:00-03:00&amp;max-results=6\" target=\"_blank\" rel=\"noreferrer noopener\">aqui<\/a>.<\/p>\n\n\n\n<hr class=\"wp-block-separator\"\/>\n\n\n\n<h2 class=\"wp-block-heading\">Juiz H\u00e9lio Pinheiro Pinto<\/h2>\n\n\n\n<p>Possui gradua\u00e7\u00e3o em Direito pela Universidade do Estado do Rio Grande do Norte. Mestre em Direito Constitucional pela Faculdade de Direito da Universidade de Coimbra-Portugal. Tem especializa\u00e7\u00e3o em Direito Processual Civil.<\/p>\n\n\n\n<h2 class=\"wp-block-heading\">Produ\u00e7\u00e3o acad\u00eamica<\/h2>\n\n\n\n<p><strong>Livros<\/strong><\/p>\n\n\n\n<p><strong><em>T\u00edtulo<\/em><\/strong>:&nbsp;Juristocracia: o STF entre a judicializa\u00e7\u00e3o da pol\u00edtica e o ativismo judicial (2009, Ed. Forum).<\/p>\n\n\n\n<p><strong>Cap\u00edtulos de livro<\/strong><\/p>\n\n\n\n<p><em>T\u00edtulo do livro (2017, Ed. Forum)<\/em>: Constitui\u00e7\u00e3o, Direitos Fundamentais e pol\u00edtica: estudos em homenagem ao professor Jos\u00e9 Joaquim Gomes Canotilho (<strong>Organiza\u00e7\u00e3o: PINTO, H\u00e9lio Pinheiro e outros).<\/strong><\/p>\n\n\n\n<p><em>T\u00edtulo da parte<\/em>: Transfuguismo pol\u00edtico e a perda de mandato parlamentar por infidelidade partid\u00e1ria: o Supremo Tribunal Federal como &#8220;poder constituinte&#8221; autoproclamado.<\/p>\n\n\n\n<p><em>T\u00edtulo do livro (2016, Ed. Almedina)<\/em>:&nbsp;&nbsp;Os novos atores da Justi\u00e7a Penal (<strong>Organiza\u00e7\u00e3o: Antunes, Maria Jo\u00e3o e outros)<\/strong>.<\/p>\n\n\n\n<p><em>T\u00edtulo da parte<\/em>:&nbsp;A media\u00e7\u00e3o penal no Brasil e o princ\u00edpio da reserva de jurisdi\u00e7\u00e3o.<\/p>\n\n\n\n<p><strong>Disserta\u00e7\u00f5es<\/strong><\/p>\n\n\n\n<p><em>Disserta\u00e7\u00e3o de Mestrado<\/em> (U. Coimbra, 2015): <strong>A expans\u00e3o do Supremo Tribunal Federal atrav\u00e9s da judicializa\u00e7\u00e3o da pol\u00edtica e do ativismo judicial: da aplica\u00e7\u00e3o da constitui\u00e7\u00e3o \u00e0 assun\u00e7\u00e3o de poderes constituintes<\/strong>. Dispon\u00edvel <a href=\"https:\/\/estudogeral.sib.uc.pt\/bitstream\/10316\/29908\/1\/A%20expansao%20do%20Supremo%20Tribunal%20Federal%203.pdf\" target=\"_blank\" rel=\"noreferrer noopener\">aqui<\/a>.<\/p>\n\n\n\n<p><strong>Artigos<\/strong><\/p>\n\n\n\n<p><em>Artigo<\/em> (Revista da ESMAL, n. 1, 2016): <strong>Rep\u00fablica e forma republicana de governo: duas faces de uma mesma realidade?<\/strong> Dispon\u00edvel <a href=\"http:\/\/revistadaesmal.tjal.jus.br\/index.php\/revistaEletronicaEsmal\/article\/view\/34\/4\" target=\"_blank\" rel=\"noreferrer noopener\">aqui<\/a>.<\/p>\n\n\n\n<p><em>Artigo<\/em> (Revista da ESMAL, n. 2, 2017): <strong>Teoria da anomia segundo Robert King Merton e a sociedade crimin\u00f3gena: seria o delito uma resposta \u00e0 frustra\u00e7\u00e3o de n\u00e3o ser bem sucedido na vida?<\/strong>. Dispon\u00edvel <a href=\"http:\/\/revistadaesmal.tjal.jus.br\/index.php\/revistaEletronicaEsmal\/article\/view\/78\/24\" target=\"_blank\" rel=\"noreferrer noopener\">aqui<\/a><\/p>\n\n\n\n<hr class=\"wp-block-separator\"\/>\n\n\n\n<p>Agora voc\u00ea tem em m\u00e3os um bom guia a respeito da comiss\u00e3o do concurso da Magistratura do Tribunal de Justi\u00e7a de Alagoas e pode come\u00e7ar a estudar seus artigos e julgados.<\/p>\n\n\n\n<p>Bons estudos!<\/p>\n\n\n\n<p>Prof. Lucas Evangelinos<\/p>\n\n\n\n<p style=\"text-align:center\"><em><strong>Cursos&nbsp;para&nbsp;o&nbsp;Concurso TJ AL:<\/strong><\/em><\/p>\n\n\n\n<p style=\"text-align:center\"><em><a href=\"https:\/\/www.estrategiaconcursos.com.br\/cursosPorConcurso\/tj-al-juiz\/\">CURSO&nbsp;PARA&nbsp;O&nbsp;CONCURSO&nbsp;TJ-AL JUIZ<\/a><\/em><\/p>\n\n\n\n<p style=\"text-align:center\"><em><strong>Receba not\u00edcias de Concursos no seu WhatsApp e\/ou Telegram!<\/strong><\/em><\/p>\n\n\n\n<div class=\"wp-block-image\"><figure class=\"aligncenter\"><a href=\"https:\/\/www.estrategiaconcursos.com.br\/blog\/noticias-de-concursos-whatsapp-estrategia-concursos\/\" target=\"_blank\" rel=\"noreferrer noopener\"><img loading=\"lazy\" decoding=\"async\" width=\"320\" height=\"180\" src=\"https:\/\/dhg1h5j42swfq.cloudfront.net\/2018\/03\/22113932\/whatsapptelegram-e1548177162795.png\" alt=\"\" class=\"wp-image-112824\"\/><\/a><\/figure><\/div>\n\n\n\n<p style=\"text-align:center\"><em><strong>Cadastre-se clicando no \u00edcone abaixo<br \/><br \/><\/strong><\/em><a href=\"https:\/\/www.estrategiaconcursos.com.br\/blog\/noticias-de-concursos-whatsapp-estrategia-concursos\/\" target=\"_blank\" rel=\"noreferrer noopener\">Not\u00edcias de concursos no seu WhatsApp e\/ou Telegram<\/a><\/p>\n","protected":false},"excerpt":{"rendered":"<p>Com a not\u00edcia da nomea\u00e7\u00e3o&nbsp;da Comiss\u00e3o Organizadora do pr\u00f3ximo&nbsp;Concurso TJ AL Juiz, vejamos algumas informa\u00e7\u00f5es a respeito de seus membros. Selecionei aqui posicionamentos importantes e a produ\u00e7\u00e3o acad\u00eamica dispon\u00edvel para consulta&nbsp;on-line do desembargador Domingos de Ara\u00fajo Lima Neto e dos ju\u00edzes de Direito Alberto Jorge C. de Barros Lima e H\u00e9lio Pinheiro Pinto. Voc\u00ea tamb\u00e9m [&hellip;]<\/p>\n","protected":false},"author":573,"featured_media":100004,"comment_status":"open","ping_status":"closed","sticky":false,"template":"","format":"standard","meta":{"post_tipo":"article","footnotes":""},"categories":[1,2185],"tags":[],"tax_estado":[],"class_list":["post-113428","post","type-post","status-publish","format-standard","has-post-thumbnail","hentry","category-cursos-e-concursos","category-carreiras-juridicas"],"acf":[],"yoast_head":"<!-- This site is optimized with the Yoast SEO Premium plugin v27.2 (Yoast SEO v27.2) - https:\/\/yoast.com\/product\/yoast-seo-premium-wordpress\/ -->\n<title>Concurso TJ AL Juiz: an\u00e1lise da Comiss\u00e3o Organizadora do certame<\/title>\n<meta name=\"description\" content=\"Neste artigo, do professor Lucas Evangelinos, voc\u00ea vai poder compreender melhor o perfil dos membros da Comiss\u00e3o Organizadora do Concurso TJ AL Juiz.\" \/>\n<meta name=\"robots\" content=\"index, follow, max-snippet:-1, max-image-preview:large, max-video-preview:-1\" \/>\n<link rel=\"canonical\" href=\"https:\/\/www.estrategiaconcursos.com.br\/blog\/concurso-tj-al-juiz\/\" \/>\n<meta property=\"og:locale\" content=\"pt_BR\" \/>\n<meta property=\"og:type\" content=\"article\" \/>\n<meta property=\"og:title\" content=\"Concurso TJ AL Juiz: an\u00e1lise da Comiss\u00e3o Organizadora do certame\" \/>\n<meta property=\"og:description\" content=\"Neste artigo, do professor Lucas Evangelinos, voc\u00ea vai poder compreender melhor o perfil dos membros da Comiss\u00e3o Organizadora do Concurso TJ AL Juiz.\" \/>\n<meta property=\"og:url\" content=\"https:\/\/www.estrategiaconcursos.com.br\/blog\/concurso-tj-al-juiz\/\" \/>\n<meta property=\"og:site_name\" content=\"Estrat\u00e9gia Concursos\" \/>\n<meta property=\"article:published_time\" content=\"2019-03-12T18:28:38+00:00\" \/>\n<meta property=\"article:modified_time\" content=\"2019-03-22T19:26:46+00:00\" \/>\n<meta property=\"og:image\" content=\"https:\/\/dhg1h5j42swfq.cloudfront.net\/2017\/12\/20131605\/TJ-AL-e1518698137297.png\" \/>\n\t<meta property=\"og:image:width\" content=\"400\" \/>\n\t<meta property=\"og:image:height\" content=\"209\" \/>\n\t<meta property=\"og:image:type\" content=\"image\/png\" \/>\n<meta name=\"author\" content=\"Lucas Evangelinos\" \/>\n<meta name=\"twitter:card\" content=\"summary_large_image\" \/>\n<meta name=\"twitter:creator\" content=\"@EstratConcursos\" \/>\n<meta name=\"twitter:site\" content=\"@EstratConcursos\" \/>\n<meta name=\"twitter:label1\" content=\"Escrito por\" \/>\n\t<meta name=\"twitter:data1\" content=\"Lucas Evangelinos\" \/>\n\t<meta name=\"twitter:label2\" content=\"Est. tempo de leitura\" \/>\n\t<meta name=\"twitter:data2\" content=\"6 minutos\" \/>\n<script type=\"application\/ld+json\" class=\"yoast-schema-graph\">{\"@context\":\"https:\/\/schema.org\",\"@graph\":[{\"@type\":\"NewsArticle\",\"@id\":\"https:\/\/www.estrategiaconcursos.com.br\/blog\/concurso-tj-al-juiz\/#article\",\"isPartOf\":{\"@id\":\"https:\/\/www.estrategiaconcursos.com.br\/blog\/concurso-tj-al-juiz\/\"},\"author\":{\"name\":\"Lucas Evangelinos\",\"@id\":\"https:\/\/www.estrategiaconcursos.com.br\/blog\/#\/schema\/person\/3c661825855d17cfdb60474232422a97\"},\"headline\":\"Concurso TJ AL Juiz: an\u00e1lise da Comiss\u00e3o Organizadora do certame\",\"datePublished\":\"2019-03-12T18:28:38+00:00\",\"dateModified\":\"2019-03-22T19:26:46+00:00\",\"mainEntityOfPage\":{\"@id\":\"https:\/\/www.estrategiaconcursos.com.br\/blog\/concurso-tj-al-juiz\/\"},\"wordCount\":1222,\"commentCount\":0,\"publisher\":{\"@id\":\"https:\/\/www.estrategiaconcursos.com.br\/blog\/#organization\"},\"image\":{\"@id\":\"https:\/\/www.estrategiaconcursos.com.br\/blog\/concurso-tj-al-juiz\/#primaryimage\"},\"thumbnailUrl\":\"https:\/\/dhg1h5j42swfq.cloudfront.net\/2017\/12\/20131605\/TJ-AL-e1518698137297.png\",\"articleSection\":[\"Concursos P\u00fablicos\",\"Jur\u00eddico\"],\"inLanguage\":\"pt-BR\",\"potentialAction\":[{\"@type\":\"CommentAction\",\"name\":\"Comment\",\"target\":[\"https:\/\/www.estrategiaconcursos.com.br\/blog\/concurso-tj-al-juiz\/#respond\"]}],\"copyrightYear\":\"2019\",\"copyrightHolder\":{\"@id\":\"https:\/\/www.estrategiaconcursos.com.br\/blog\/#organization\"}},{\"@type\":\"WebPage\",\"@id\":\"https:\/\/www.estrategiaconcursos.com.br\/blog\/concurso-tj-al-juiz\/\",\"url\":\"https:\/\/www.estrategiaconcursos.com.br\/blog\/concurso-tj-al-juiz\/\",\"name\":\"Concurso TJ AL Juiz: an\u00e1lise da Comiss\u00e3o Organizadora do certame\",\"isPartOf\":{\"@id\":\"https:\/\/www.estrategiaconcursos.com.br\/blog\/#website\"},\"primaryImageOfPage\":{\"@id\":\"https:\/\/www.estrategiaconcursos.com.br\/blog\/concurso-tj-al-juiz\/#primaryimage\"},\"image\":{\"@id\":\"https:\/\/www.estrategiaconcursos.com.br\/blog\/concurso-tj-al-juiz\/#primaryimage\"},\"thumbnailUrl\":\"https:\/\/dhg1h5j42swfq.cloudfront.net\/2017\/12\/20131605\/TJ-AL-e1518698137297.png\",\"datePublished\":\"2019-03-12T18:28:38+00:00\",\"dateModified\":\"2019-03-22T19:26:46+00:00\",\"description\":\"Neste artigo, do professor Lucas Evangelinos, voc\u00ea vai poder compreender melhor o perfil dos membros da Comiss\u00e3o Organizadora do Concurso TJ AL Juiz.\",\"breadcrumb\":{\"@id\":\"https:\/\/www.estrategiaconcursos.com.br\/blog\/concurso-tj-al-juiz\/#breadcrumb\"},\"inLanguage\":\"pt-BR\",\"potentialAction\":[{\"@type\":\"ReadAction\",\"target\":[\"https:\/\/www.estrategiaconcursos.com.br\/blog\/concurso-tj-al-juiz\/\"]}]},{\"@type\":\"ImageObject\",\"inLanguage\":\"pt-BR\",\"@id\":\"https:\/\/www.estrategiaconcursos.com.br\/blog\/concurso-tj-al-juiz\/#primaryimage\",\"url\":\"https:\/\/dhg1h5j42swfq.cloudfront.net\/2017\/12\/20131605\/TJ-AL-e1518698137297.png\",\"contentUrl\":\"https:\/\/dhg1h5j42swfq.cloudfront.net\/2017\/12\/20131605\/TJ-AL-e1518698137297.png\",\"width\":400,\"height\":209,\"caption\":\"Concurso TJ AL\"},{\"@type\":\"BreadcrumbList\",\"@id\":\"https:\/\/www.estrategiaconcursos.com.br\/blog\/concurso-tj-al-juiz\/#breadcrumb\",\"itemListElement\":[{\"@type\":\"ListItem\",\"position\":1,\"name\":\"In\u00edcio\",\"item\":\"https:\/\/www.estrategiaconcursos.com.br\/blog\/\"},{\"@type\":\"ListItem\",\"position\":2,\"name\":\"Concurso TJ AL Juiz: an\u00e1lise da Comiss\u00e3o Organizadora do certame\"}]},{\"@type\":\"WebSite\",\"@id\":\"https:\/\/www.estrategiaconcursos.com.br\/blog\/#website\",\"url\":\"https:\/\/www.estrategiaconcursos.com.br\/blog\/\",\"name\":\"Estrat\u00e9gia Concursos\",\"description\":\"O blog da Estrat\u00e9gia Concursos traz not\u00edcias sobre concursos e artigos de professores oferecendo cursos para concursos (pdf + videaulas) no site.\",\"publisher\":{\"@id\":\"https:\/\/www.estrategiaconcursos.com.br\/blog\/#organization\"},\"potentialAction\":[{\"@type\":\"SearchAction\",\"target\":{\"@type\":\"EntryPoint\",\"urlTemplate\":\"https:\/\/www.estrategiaconcursos.com.br\/blog\/?s={search_term_string}\"},\"query-input\":{\"@type\":\"PropertyValueSpecification\",\"valueRequired\":true,\"valueName\":\"search_term_string\"}}],\"inLanguage\":\"pt-BR\"},{\"@type\":\"Organization\",\"@id\":\"https:\/\/www.estrategiaconcursos.com.br\/blog\/#organization\",\"name\":\"Estrat\u00e9gia Concursos\",\"url\":\"https:\/\/www.estrategiaconcursos.com.br\/blog\/\",\"logo\":{\"@type\":\"ImageObject\",\"inLanguage\":\"pt-BR\",\"@id\":\"https:\/\/www.estrategiaconcursos.com.br\/blog\/#\/schema\/logo\/image\/\",\"url\":\"https:\/\/dhg1h5j42swfq.cloudfront.net\/2025\/06\/03203428\/logo_concursos-1.jpg\",\"contentUrl\":\"https:\/\/dhg1h5j42swfq.cloudfront.net\/2025\/06\/03203428\/logo_concursos-1.jpg\",\"width\":230,\"height\":60,\"caption\":\"Estrat\u00e9gia Concursos\"},\"image\":{\"@id\":\"https:\/\/www.estrategiaconcursos.com.br\/blog\/#\/schema\/logo\/image\/\"},\"sameAs\":[\"https:\/\/x.com\/EstratConcursos\"]},{\"@type\":\"Person\",\"@id\":\"https:\/\/www.estrategiaconcursos.com.br\/blog\/#\/schema\/person\/3c661825855d17cfdb60474232422a97\",\"name\":\"Lucas Evangelinos\",\"image\":{\"@type\":\"ImageObject\",\"inLanguage\":\"pt-BR\",\"@id\":\"https:\/\/secure.gravatar.com\/avatar\/85409cb774987142ddad1a5967b009bd4fc06bfa8860e0dae0206b59a76cee8d?s=96&d=mm&r=g\",\"url\":\"https:\/\/secure.gravatar.com\/avatar\/85409cb774987142ddad1a5967b009bd4fc06bfa8860e0dae0206b59a76cee8d?s=96&d=mm&r=g\",\"contentUrl\":\"https:\/\/secure.gravatar.com\/avatar\/85409cb774987142ddad1a5967b009bd4fc06bfa8860e0dae0206b59a76cee8d?s=96&d=mm&r=g\",\"caption\":\"Lucas Evangelinos\"},\"description\":\"- Gradua\u00e7\u00e3o - Universidade Presbiteriana Mackenzie (jul\/2006 - jul\/2011); - Estagi\u00e1rio do Tribunal de Justi\u00e7a do Estado de S\u00e3o Paulo (jul\/2009 - jun\/2011); - Escrevente T\u00e9cnico Judici\u00e1rio do Tribunal de Justi\u00e7a do Estado de S\u00e3o Paulo (jul\/2011 - fev\/2016); - Magistrado do Tribunal de Justi\u00e7a do Estado de S\u00e3o Paulo (mar\/2016 - atual).\",\"url\":\"https:\/\/www.estrategiaconcursos.com.br\/blog\/author\/lucasevangelinosgmail-com\/\"}]}<\/script>\n<!-- \/ Yoast SEO Premium plugin. -->","yoast_head_json":{"title":"Concurso TJ AL Juiz: an\u00e1lise da Comiss\u00e3o Organizadora do certame","description":"Neste artigo, do professor Lucas Evangelinos, voc\u00ea vai poder compreender melhor o perfil dos membros da Comiss\u00e3o Organizadora do Concurso TJ AL Juiz.","robots":{"index":"index","follow":"follow","max-snippet":"max-snippet:-1","max-image-preview":"max-image-preview:large","max-video-preview":"max-video-preview:-1"},"canonical":"https:\/\/www.estrategiaconcursos.com.br\/blog\/concurso-tj-al-juiz\/","og_locale":"pt_BR","og_type":"article","og_title":"Concurso TJ AL Juiz: an\u00e1lise da Comiss\u00e3o Organizadora do certame","og_description":"Neste artigo, do professor Lucas Evangelinos, voc\u00ea vai poder compreender melhor o perfil dos membros da Comiss\u00e3o Organizadora do Concurso TJ AL Juiz.","og_url":"https:\/\/www.estrategiaconcursos.com.br\/blog\/concurso-tj-al-juiz\/","og_site_name":"Estrat\u00e9gia Concursos","article_published_time":"2019-03-12T18:28:38+00:00","article_modified_time":"2019-03-22T19:26:46+00:00","og_image":[{"width":400,"height":209,"url":"https:\/\/dhg1h5j42swfq.cloudfront.net\/2017\/12\/20131605\/TJ-AL-e1518698137297.png","type":"image\/png"}],"author":"Lucas Evangelinos","twitter_card":"summary_large_image","twitter_creator":"@EstratConcursos","twitter_site":"@EstratConcursos","twitter_misc":{"Escrito por":"Lucas Evangelinos","Est. tempo de leitura":"6 minutos"},"schema":{"@context":"https:\/\/schema.org","@graph":[{"@type":"NewsArticle","@id":"https:\/\/www.estrategiaconcursos.com.br\/blog\/concurso-tj-al-juiz\/#article","isPartOf":{"@id":"https:\/\/www.estrategiaconcursos.com.br\/blog\/concurso-tj-al-juiz\/"},"author":{"name":"Lucas Evangelinos","@id":"https:\/\/www.estrategiaconcursos.com.br\/blog\/#\/schema\/person\/3c661825855d17cfdb60474232422a97"},"headline":"Concurso TJ AL Juiz: an\u00e1lise da Comiss\u00e3o Organizadora do certame","datePublished":"2019-03-12T18:28:38+00:00","dateModified":"2019-03-22T19:26:46+00:00","mainEntityOfPage":{"@id":"https:\/\/www.estrategiaconcursos.com.br\/blog\/concurso-tj-al-juiz\/"},"wordCount":1222,"commentCount":0,"publisher":{"@id":"https:\/\/www.estrategiaconcursos.com.br\/blog\/#organization"},"image":{"@id":"https:\/\/www.estrategiaconcursos.com.br\/blog\/concurso-tj-al-juiz\/#primaryimage"},"thumbnailUrl":"https:\/\/dhg1h5j42swfq.cloudfront.net\/2017\/12\/20131605\/TJ-AL-e1518698137297.png","articleSection":["Concursos P\u00fablicos","Jur\u00eddico"],"inLanguage":"pt-BR","potentialAction":[{"@type":"CommentAction","name":"Comment","target":["https:\/\/www.estrategiaconcursos.com.br\/blog\/concurso-tj-al-juiz\/#respond"]}],"copyrightYear":"2019","copyrightHolder":{"@id":"https:\/\/www.estrategiaconcursos.com.br\/blog\/#organization"}},{"@type":"WebPage","@id":"https:\/\/www.estrategiaconcursos.com.br\/blog\/concurso-tj-al-juiz\/","url":"https:\/\/www.estrategiaconcursos.com.br\/blog\/concurso-tj-al-juiz\/","name":"Concurso TJ AL Juiz: an\u00e1lise da Comiss\u00e3o Organizadora do certame","isPartOf":{"@id":"https:\/\/www.estrategiaconcursos.com.br\/blog\/#website"},"primaryImageOfPage":{"@id":"https:\/\/www.estrategiaconcursos.com.br\/blog\/concurso-tj-al-juiz\/#primaryimage"},"image":{"@id":"https:\/\/www.estrategiaconcursos.com.br\/blog\/concurso-tj-al-juiz\/#primaryimage"},"thumbnailUrl":"https:\/\/dhg1h5j42swfq.cloudfront.net\/2017\/12\/20131605\/TJ-AL-e1518698137297.png","datePublished":"2019-03-12T18:28:38+00:00","dateModified":"2019-03-22T19:26:46+00:00","description":"Neste artigo, do professor Lucas Evangelinos, voc\u00ea vai poder compreender melhor o perfil dos membros da Comiss\u00e3o Organizadora do Concurso TJ AL Juiz.","breadcrumb":{"@id":"https:\/\/www.estrategiaconcursos.com.br\/blog\/concurso-tj-al-juiz\/#breadcrumb"},"inLanguage":"pt-BR","potentialAction":[{"@type":"ReadAction","target":["https:\/\/www.estrategiaconcursos.com.br\/blog\/concurso-tj-al-juiz\/"]}]},{"@type":"ImageObject","inLanguage":"pt-BR","@id":"https:\/\/www.estrategiaconcursos.com.br\/blog\/concurso-tj-al-juiz\/#primaryimage","url":"https:\/\/dhg1h5j42swfq.cloudfront.net\/2017\/12\/20131605\/TJ-AL-e1518698137297.png","contentUrl":"https:\/\/dhg1h5j42swfq.cloudfront.net\/2017\/12\/20131605\/TJ-AL-e1518698137297.png","width":400,"height":209,"caption":"Concurso TJ AL"},{"@type":"BreadcrumbList","@id":"https:\/\/www.estrategiaconcursos.com.br\/blog\/concurso-tj-al-juiz\/#breadcrumb","itemListElement":[{"@type":"ListItem","position":1,"name":"In\u00edcio","item":"https:\/\/www.estrategiaconcursos.com.br\/blog\/"},{"@type":"ListItem","position":2,"name":"Concurso TJ AL Juiz: an\u00e1lise da Comiss\u00e3o Organizadora do certame"}]},{"@type":"WebSite","@id":"https:\/\/www.estrategiaconcursos.com.br\/blog\/#website","url":"https:\/\/www.estrategiaconcursos.com.br\/blog\/","name":"Estrat\u00e9gia Concursos","description":"O blog da Estrat\u00e9gia Concursos traz not\u00edcias sobre concursos e artigos de professores oferecendo cursos para concursos (pdf + videaulas) no site.","publisher":{"@id":"https:\/\/www.estrategiaconcursos.com.br\/blog\/#organization"},"potentialAction":[{"@type":"SearchAction","target":{"@type":"EntryPoint","urlTemplate":"https:\/\/www.estrategiaconcursos.com.br\/blog\/?s={search_term_string}"},"query-input":{"@type":"PropertyValueSpecification","valueRequired":true,"valueName":"search_term_string"}}],"inLanguage":"pt-BR"},{"@type":"Organization","@id":"https:\/\/www.estrategiaconcursos.com.br\/blog\/#organization","name":"Estrat\u00e9gia Concursos","url":"https:\/\/www.estrategiaconcursos.com.br\/blog\/","logo":{"@type":"ImageObject","inLanguage":"pt-BR","@id":"https:\/\/www.estrategiaconcursos.com.br\/blog\/#\/schema\/logo\/image\/","url":"https:\/\/dhg1h5j42swfq.cloudfront.net\/2025\/06\/03203428\/logo_concursos-1.jpg","contentUrl":"https:\/\/dhg1h5j42swfq.cloudfront.net\/2025\/06\/03203428\/logo_concursos-1.jpg","width":230,"height":60,"caption":"Estrat\u00e9gia Concursos"},"image":{"@id":"https:\/\/www.estrategiaconcursos.com.br\/blog\/#\/schema\/logo\/image\/"},"sameAs":["https:\/\/x.com\/EstratConcursos"]},{"@type":"Person","@id":"https:\/\/www.estrategiaconcursos.com.br\/blog\/#\/schema\/person\/3c661825855d17cfdb60474232422a97","name":"Lucas Evangelinos","image":{"@type":"ImageObject","inLanguage":"pt-BR","@id":"https:\/\/secure.gravatar.com\/avatar\/85409cb774987142ddad1a5967b009bd4fc06bfa8860e0dae0206b59a76cee8d?s=96&d=mm&r=g","url":"https:\/\/secure.gravatar.com\/avatar\/85409cb774987142ddad1a5967b009bd4fc06bfa8860e0dae0206b59a76cee8d?s=96&d=mm&r=g","contentUrl":"https:\/\/secure.gravatar.com\/avatar\/85409cb774987142ddad1a5967b009bd4fc06bfa8860e0dae0206b59a76cee8d?s=96&d=mm&r=g","caption":"Lucas Evangelinos"},"description":"- Gradua\u00e7\u00e3o - Universidade Presbiteriana Mackenzie (jul\/2006 - jul\/2011); - Estagi\u00e1rio do Tribunal de Justi\u00e7a do Estado de S\u00e3o Paulo (jul\/2009 - jun\/2011); - Escrevente T\u00e9cnico Judici\u00e1rio do Tribunal de Justi\u00e7a do Estado de S\u00e3o Paulo (jul\/2011 - fev\/2016); - Magistrado do Tribunal de Justi\u00e7a do Estado de S\u00e3o Paulo (mar\/2016 - atual).","url":"https:\/\/www.estrategiaconcursos.com.br\/blog\/author\/lucasevangelinosgmail-com\/"}]}},"_links":{"self":[{"href":"https:\/\/www.estrategiaconcursos.com.br\/blog\/wp-json\/wp\/v2\/posts\/113428","targetHints":{"allow":["GET"]}}],"collection":[{"href":"https:\/\/www.estrategiaconcursos.com.br\/blog\/wp-json\/wp\/v2\/posts"}],"about":[{"href":"https:\/\/www.estrategiaconcursos.com.br\/blog\/wp-json\/wp\/v2\/types\/post"}],"author":[{"embeddable":true,"href":"https:\/\/www.estrategiaconcursos.com.br\/blog\/wp-json\/wp\/v2\/users\/573"}],"replies":[{"embeddable":true,"href":"https:\/\/www.estrategiaconcursos.com.br\/blog\/wp-json\/wp\/v2\/comments?post=113428"}],"version-history":[{"count":11,"href":"https:\/\/www.estrategiaconcursos.com.br\/blog\/wp-json\/wp\/v2\/posts\/113428\/revisions"}],"predecessor-version":[{"id":173391,"href":"https:\/\/www.estrategiaconcursos.com.br\/blog\/wp-json\/wp\/v2\/posts\/113428\/revisions\/173391"}],"wp:featuredmedia":[{"embeddable":true,"href":"https:\/\/www.estrategiaconcursos.com.br\/blog\/wp-json\/wp\/v2\/media\/100004"}],"wp:attachment":[{"href":"https:\/\/www.estrategiaconcursos.com.br\/blog\/wp-json\/wp\/v2\/media?parent=113428"}],"wp:term":[{"taxonomy":"category","embeddable":true,"href":"https:\/\/www.estrategiaconcursos.com.br\/blog\/wp-json\/wp\/v2\/categories?post=113428"},{"taxonomy":"post_tag","embeddable":true,"href":"https:\/\/www.estrategiaconcursos.com.br\/blog\/wp-json\/wp\/v2\/tags?post=113428"},{"taxonomy":"tax_estado","embeddable":true,"href":"https:\/\/www.estrategiaconcursos.com.br\/blog\/wp-json\/wp\/v2\/tax_estado?post=113428"}],"curies":[{"name":"wp","href":"https:\/\/api.w.org\/{rel}","templated":true}]}}