{"id":1133920,"date":"2023-01-03T11:00:00","date_gmt":"2023-01-03T14:00:00","guid":{"rendered":"https:\/\/www.estrategiaconcursos.com.br\/blog\/?p=1133920"},"modified":"2023-01-30T15:14:50","modified_gmt":"2023-01-30T18:14:50","slug":"jurisprudencia-imposto-renda","status":"publish","type":"post","link":"https:\/\/www.estrategiaconcursos.com.br\/blog\/jurisprudencia-imposto-renda\/","title":{"rendered":"Confira as principais jurisprud\u00eancias sobre o Imposto de Renda"},"content":{"rendered":"\n<p class=\"has-text-align-center\"><em>Resumo das principais jurisprud\u00eancias sobre o Imposto de Renda (IR) editadas pelo Supremo Tribunal Federal (STF) e pelo Superior Tribunal de Justi\u00e7a (STJ).<\/em><\/p>\n\n\n\n<figure class=\"wp-block-image aligncenter size-full is-resized\"><img loading=\"lazy\" decoding=\"async\" src=\"https:\/\/dhg1h5j42swfq.cloudfront.net\/2022\/12\/04102417\/imposto-de-renda.jpg\" alt=\"jurisprud\u00eancia imposto de renda\" class=\"wp-image-1133921\" width=\"569\" height=\"360\" srcset=\"https:\/\/dhg1h5j42swfq.cloudfront.net\/2022\/12\/04102417\/imposto-de-renda.jpg 766w, https:\/\/dhg1h5j42swfq.cloudfront.net\/2022\/12\/04102417\/imposto-de-renda-300x190.jpg 300w, https:\/\/dhg1h5j42swfq.cloudfront.net\/2022\/12\/04102417\/imposto-de-renda-610x385.jpg 610w, https:\/\/dhg1h5j42swfq.cloudfront.net\/2022\/12\/04102417\/imposto-de-renda-150x95.jpg 150w\" sizes=\"auto, (max-width: 569px) 100vw, 569px\" \/><figcaption class=\"wp-element-caption\">Imposto de Renda<\/figcaption><\/figure>\n\n\n\n<p>Fala, pessoal!<\/p>\n\n\n\n<p>Tudo bem com voc\u00eas?<\/p>\n\n\n\n<p>Neste artigo abordaremos algumas <strong>jurisprud\u00eancias relativas ao Imposto de Renda.<\/strong><\/p>\n\n\n\n<p>Os \u00faltimos concursos da \u00e1rea fiscal exigiram conhecimento dos candidatos acerca de jurisprud\u00eancias recentes, principalmente os realizados pela<a href=\"https:\/\/conhecimento.fgv.br\/concursos\" target=\"_blank\" rel=\"noreferrer noopener\"> Funda\u00e7\u00e3o Get\u00falio Vargas (FGV)<\/a>. Portanto, esse material vai auxili\u00e1-lo a aperfei\u00e7oar o seu desempenho.<\/p>\n\n\n\n<p>Ademais, em outros artigos abordaremos outras jurisprud\u00eancias importantes, fiquem ligados!<\/p>\n\n\n\n<p>Buscamos selecionar as jurisprud\u00eancias mais relevantes e as mais recentes. Para voc\u00ea que vai fazer a prova da<strong> Receita Federal<\/strong>, n\u00e3o deixe de ter em mente estes entendimentos.<\/p>\n\n\n\n<p>O objetivo deste artigo n\u00e3o \u00e9 aprofundar o tema de cada jurisprud\u00eancia apresentada, mas sim selecionar e citar os aspectos gerais que podem vir a ser cobrados na sua prova.<\/p>\n\n\n\n<p>Vamos nessa?<\/p>\n\n\n\n<h2 class=\"wp-block-heading\" id=\"h-jurisprudencia-imposto-de-renda\">Jurisprud\u00eancia Imposto de Renda<\/h2>\n\n\n\n<p>O Imposto de Renda (IR) est\u00e1 previsto na Constitui\u00e7\u00e3o Federal de 1988 (CF\/88) como tributo de compet\u00eancia da Uni\u00e3o. Como o pr\u00f3prio nome indica, \u00e9 um imposto que incide sobre a renda e proventos de qualquer natureza.<\/p>\n\n\n\n<p>Vamos analisar primeiramente os entendimentos jurisprudenciais acerca do IR que j\u00e1 foram sumulados e em seguida as teses de repercuss\u00e3o geral que j\u00e1 foram editadas.<\/p>\n\n\n\n<p><strong>STJ S\u00famula n\u00ba 125<\/strong><\/p>\n\n\n\n<p><strong>O pagamento de f\u00e9rias n\u00e3o gozadas por necessidade do servi\u00e7o n\u00e3o est\u00e1 sujeito \u00e0 incid\u00eancia do Imposto de Renda.<\/strong><\/p>\n\n\n\n<p><strong>STJ S\u00famula n\u00ba 136<\/strong><\/p>\n\n\n\n<p><strong>O pagamento de licen\u00e7a-pr\u00eamio n\u00e3o gozada por necessidade do servi\u00e7o n\u00e3o est\u00e1 sujeito ao imposto de renda.<\/strong><\/p>\n\n\n\n<p><strong>STJ S\u00famula n\u00ba 215<\/strong><\/p>\n\n\n\n<p><strong>A indeniza\u00e7\u00e3o recebida pela ades\u00e3o a programa de incentivo \u00e0 demiss\u00e3o volunt\u00e1ria n\u00e3o est\u00e1 sujeita \u00e0 incid\u00eancia do Imposto de Renda.<\/strong><\/p>\n\n\n\n<p>Vamos comentar essas tr\u00eas jurisprud\u00eancias juntas, afinal, elas seguem um entendimento similar.<\/p>\n\n\n\n<p>O Superior Tribunal de Justi\u00e7a (STJ) entende que as f\u00e9rias que n\u00e3o foram usufru\u00eddas e a licen\u00e7a pr\u00eamio que n\u00e3o foi gozada pelo servidor p\u00fablico <strong>devido \u00e0 necessidade p\u00fablica<\/strong>, n\u00e3o possuem natureza de acr\u00e9scimo patrimonial ou de riqueza gerada, sendo considerados de natureza indenizat\u00f3ria.<\/p>\n\n\n\n<p>Ainda, o entendimento foi o mesmo no que diz respeito aos valores recebidos decorrentes de programas de incentivo \u00e0 demiss\u00e3o volunt\u00e1ria, ainda que se trate de dispensa por conven\u00e7\u00e3o coletiva, programas de incentivo \u00e0 demiss\u00e3o volunt\u00e1ria ou plano de aposentadoria incentivada<\/p>\n\n\n\n<p>Portanto, n\u00e3o podem ser objeto de incid\u00eancia do IR. Vejamos mais uma jurisprud\u00eancia acerca do Imposto de Renda.<\/p>\n\n\n\n<p><strong>STJ S\u00famula n\u00ba 262<\/strong><\/p>\n\n\n\n<p><strong>Incide o Imposto de Renda sobre o resultado das aplica\u00e7\u00f5es financeiras realizadas pelas cooperativas.<\/strong><\/p>\n\n\n\n<p>Pessoal, o entendimento do STJ neste caso foi o de que quando uma cooperativa adquire resultado por meio de aplica\u00e7\u00f5es financeiras, n\u00e3o se configura neg\u00f3cio jur\u00eddico vinculado \u00e0 sua finalidade b\u00e1sica, n\u00e3o sendo considerado um ato cooperado.<\/p>\n\n\n\n<p>Portanto, pass\u00edvel de incid\u00eancia do IR.<\/p>\n\n\n\n<p><strong>STJ S\u00famula n\u00ba 447<\/strong><\/p>\n\n\n\n<p><strong>Os Estados e o Distrito Federal s\u00e3o partes leg\u00edtimas na a\u00e7\u00e3o de restitui\u00e7\u00e3o de imposto de renda retido na fonte proposta por seus servidores.<\/strong><\/p>\n\n\n\n<p>A CF\/88 prev\u00ea que pertencem aos Estados e ao Distrito Federal o produto da arrecada\u00e7\u00e3o do imposto da Uni\u00e3o sobre renda e proventos de qualquer natureza, incidente na fonte, sobre rendimentos pagos, a qualquer t\u00edtulo, por eles, suas autarquias e pelas funda\u00e7\u00f5es que institu\u00edrem e mantiverem.<\/p>\n\n\n\n<p>Portanto, o STJ firmou entendimento no sentido de que o Estado respons\u00e1vel por essa reten\u00e7\u00e3o, possui legitimidade ativa para entrar com a\u00e7\u00e3o de restitui\u00e7\u00e3o de imposto de renda quando cab\u00edvel.<\/p>\n\n\n\n<p><strong>STJ S\u00famula n\u00ba 498<\/strong><\/p>\n\n\n\n<p><strong>N\u00e3o incide imposto de renda sobre a indeniza\u00e7\u00e3o por danos morais.<\/strong><\/p>\n\n\n\n<p>Neste caso, mais uma vez, o STJ entende que n\u00e3o h\u00e1 riqueza nova no recebimento de indeniza\u00e7\u00e3o por danos morais, portanto, n\u00e3o h\u00e1 aumento do patrim\u00f4nio l\u00edquido do lesado, considerando apenas uma reposi\u00e7\u00e3o.<\/p>\n\n\n\n<p>Vejamos mais uma jurisprud\u00eancia acerca do Imposto de Renda.<\/p>\n\n\n\n<p><strong>STJ S\u00famula n\u00ba 598<\/strong><\/p>\n\n\n\n<p><strong>\u00c9 desnecess\u00e1ria a apresenta\u00e7\u00e3o de laudo m\u00e9dico oficial para o reconhecimento judicial da isen\u00e7\u00e3o do imposto de renda, desde que o magistrado entenda suficientemente demonstrada a doen\u00e7a grave por outros meios de prova.<\/strong><\/p>\n\n\n\n<p>O judici\u00e1rio sempre busca solu\u00e7\u00f5es de acordo com a razoabilidade e proporcionalidade, portanto, em casos que uma doen\u00e7a grave possa ser demonstrada por outros meios de prova de forma suficiente, n\u00e3o h\u00e1 necessidade de laudo m\u00e9dico oficial para o reconhecimento da isen\u00e7\u00e3o do imposto de renda.<\/p>\n\n\n\n<p><strong>STJ S\u00famula n\u00ba 627<\/strong><\/p>\n\n\n\n<p><strong>O contribuinte faz jus \u00e0 concess\u00e3o ou \u00e0 manuten\u00e7\u00e3o da isen\u00e7\u00e3o do imposto de renda, n\u00e3o se lhe exigindo a demonstra\u00e7\u00e3o da contemporaneidade dos sintomas da doen\u00e7a nem da recidiva da enfermidade.<\/strong><\/p>\n\n\n\n<p>O STJ entende que o objetivo da isen\u00e7\u00e3o do imposto de renda em favor dos inativos portadores de mol\u00e9stia grave \u00e9 diminuir o sacrif\u00edcio do aposentado, de forma a aliviar os encargos financeiros relativos ao tratamento m\u00e9dico, n\u00e3o cabendo, portanto, comprova\u00e7\u00e3o de contemporaneidade dos sintomas para a frui\u00e7\u00e3o do benef\u00edcio.<\/p>\n\n\n\n<p>Vejamos agora alguns entendimentos que foram resultado de a\u00e7\u00f5es diretas de inconstitucionalidade, teses de repercuss\u00e3o geral, dentre outros, relativos ao IR.<\/p>\n\n\n\n<p><strong>\u00c9 inconstitucional norma que prev\u00ea a incid\u00eancia do imposto de renda sobre<\/strong> <strong>valores percebidos pelo alimentado a t\u00edtulo de alimentos ou pens\u00e3o<\/strong> <strong>aliment\u00edcia.<\/strong> STF. Plen\u00e1rio. ADI 5422\/DF, relator Min. Dias Toffoli, julgamento em 3.6.2022 (info 1057).<\/p>\n\n\n\n<p>A discuss\u00e3o acerca deste entendimento buscava a prote\u00e7\u00e3o do direito da fam\u00edlia e a caracteriza\u00e7\u00e3o dos valores percebidos a t\u00edtulo de alimentos ou pens\u00e3o aliment\u00edcia como n\u00e3o sendo de acr\u00e9scimo patrimonial.<\/p>\n\n\n\n<p>Portanto, o Supremo Tribunal Federal (STF) afastou a incid\u00eancia do IR nestes casos. Vejamos mais uma jurisprud\u00eancia acerca do Imposto de Renda.<\/p>\n\n\n\n<p><strong>Pertence ao Munic\u00edpio, aos Estados e ao Distrito Federal a titularidade<\/strong> <strong>das receitas arrecadadas a t\u00edtulo de imposto de renda retido na fonte<\/strong> <strong>incidente sobre valores pagos por eles, suas autarquias e funda\u00e7\u00f5es a<\/strong> <strong>pessoas f\u00edsicas ou jur\u00eddicas contratadas para a presta\u00e7\u00e3o de bens ou<\/strong> <strong>servi\u00e7os, conforme disposto nos arts. 158, I, e 157, I, da Constitui\u00e7\u00e3o<\/strong> <strong>Federal.<\/strong> STF. Plen\u00e1rio. RE 1293453\/RS, Rel. Min. Alexandre de Moraes, julgado em 8\/10\/2021 (Repercuss\u00e3o Geral \u2013 Tema 1130) (Info 1033).<\/p>\n\n\n\n<p>Como j\u00e1 mencionamos, os Estados, DF e Munic\u00edpios possuem compet\u00eancia para reter o IR na fonte dos seus servidores. Al\u00e9m de entender que estes entes possuem a legitimidade para propor a\u00e7\u00f5es acerca deste imposto, a jurisprud\u00eancia entende que o produto dessa arrecada\u00e7\u00e3o \u00e9 de titularidade do ente arrecadador.<\/p>\n\n\n\n<p>Portanto, a Uni\u00e3o n\u00e3o pode inibir ou restringir o acesso destes entes ao produto de arrecada\u00e7\u00e3o mencionado.<\/p>\n\n\n\n<p><strong>Os valores relativos \u00e0 taxa Selic recebidos pelo contribuinte na<\/strong> <strong>repeti\u00e7\u00e3o de ind\u00e9bito tribut\u00e1rio n\u00e3o comp\u00f5em a base de incid\u00eancia do<\/strong> <strong>Imposto sobre a Renda das Pessoas Jur\u00eddicas (IRPJ) ou da Contribui\u00e7\u00e3o<\/strong> <strong>Social sobre o Lucro L\u00edquido (CSLL).<\/strong> STF. Plen\u00e1rio. RE 1063187\/SC, Rel. Min. Dias Toffoli, julgado em 24\/9\/2021 (Repercuss\u00e3o Geral \u2013 Tema 962) (Info 1031).<\/p>\n\n\n\n<p><strong>Os juros de mora decorrentes do pagamento em atraso de verbas alimentares a pessoas f\u00edsicas escapam \u00e0 regra geral da incid\u00eancia do Imposto de Renda, posto que, excepcionalmente, configuram indeniza\u00e7\u00e3o por danos emergentes<\/strong>. STJ. 1\u00aa Se\u00e7\u00e3o. REsp 1.470.443-PR, Rel. Min. Mauro Campbell Marques, julgado em 25\/08\/2021 (Recurso Repetitivo \u2013 Tema 878) (Info 706).<\/p>\n\n\n\n<p><strong>N\u00e3o incide imposto de renda sobre os juros de mora devidos pelo atraso no pagamento de remunera\u00e7\u00e3o por exerc\u00edcio de emprego, cargo ou fun\u00e7\u00e3o.<\/strong> STF. Plen\u00e1rio. RE 855091\/RS, Rel. Min. Dias Toffoli, julgado em 13\/3\/2021 (Repercuss\u00e3o Geral \u2013 Tema 808) (Info 1009).<\/p>\n\n\n\n<p>Vamos analisar essas tr\u00eas jurisprud\u00eancias juntas. No primeiro caso, estamos diante da situa\u00e7\u00e3o em que o contribuinte possui direito \u00e0 repeti\u00e7\u00e3o do ind\u00e9bito e, portanto, o valor ser\u00e1 atualizado monetariamente e h\u00e1 a aplica\u00e7\u00e3o de juros pela taxa SELIC.<\/p>\n\n\n\n<p>No segundo e terceiro caso, estamos diante de atraso de pagamento de verbas alimentares e de pagamento de remunera\u00e7\u00e3o.<\/p>\n\n\n\n<p>Os entendimentos foram firmes no sentido de que n\u00e3o h\u00e1 de se falar em imposto de renda sobre esses juros devido a sua natureza indenizat\u00f3ria e a n\u00e3o ocorr\u00eancia de acr\u00e9scimo patrimonial.<\/p>\n\n\n\n<p><strong>Na apura\u00e7\u00e3o do imposto sobre a renda de pessoa f\u00edsica, a pessoa com defici\u00eancia que supere o limite et\u00e1rio e seja capacitada para o trabalho pode ser considerada como dependente quando a sua remunera\u00e7\u00e3o n\u00e3o exceder as dedu\u00e7\u00f5es autorizadas por lei<\/strong>. STF. Plen\u00e1rio. ADI 5583\/DF, Rel. Min. Marco Aur\u00e9lio, redator do ac\u00f3rd\u00e3o Min. Roberto Barroso, julgado em 14\/5\/2021 (Info 1017).<\/p>\n\n\n\n<p>O STF entende que as pessoas com defici\u00eancia normalmente recebem uma menor remunera\u00e7\u00e3o pelo trabalho e, se fossem tiradas da condi\u00e7\u00e3o de dependentes, passariam a declarar rendimentos isoladamente e ainda seria impedida de descontar a maior parte das despesas m\u00e9dicas.<\/p>\n\n\n\n<p>Dessa forma, haveria afronta ao princ\u00edpio da capacidade contributiva e ao conceito constitucional de renda. Portanto, o Supremo definiu que, quando a remunera\u00e7\u00e3o da pessoa com defici\u00eancia n\u00e3o exceder as dedu\u00e7\u00f5es autorizadas em lei, esta pode ser considerada dependente para apura\u00e7\u00e3o do IR.<\/p>\n\n\n\n<p>Vejamos uma \u00faltima jurisprud\u00eancia acerca do Imposto de Renda.<\/p>\n\n\n\n<p><strong>O momento do fato gerador do Imposto de Renda Retido na Fonte \u2013 IRRF a ser recolhido pela sociedade empres\u00e1ria brasileira, em raz\u00e3o de pagamento feito a pessoa jur\u00eddica domiciliada no exterior, se d\u00e1 no vencimento ou pagamento da d\u00edvida, o que ocorrer primeiro.<\/strong> STJ. 1\u00aa Turma. REsp 1.864.227-SP, Rel. Min. Napole\u00e3o Nunes Maia Filho, julgado em 18\/08\/2020 (Info 678).<\/p>\n\n\n\n<p>Pessoal, aqui n\u00e3o temos muito o que comentar, o STJ fez quest\u00e3o de definir o momento do fato gerador do IR no caso de transa\u00e7\u00f5es com pessoa jur\u00eddica domiciliada no exterior. Portanto, se o pagamento da d\u00edvida for feito antes do vencimento, \u00e9 considerado devido o IR, afinal o valor j\u00e1 foi acrescentado ao patrim\u00f4nio da empresa, caracterizando o fato gerador do IR.<\/p>\n\n\n\n<h2 class=\"wp-block-heading\">Finalizando<\/h2>\n\n\n\n<p>Pessoal, esse foi o nosso compilado de <strong>jurisprud\u00eancias acerca do Imposto de Renda.<\/strong> Esperamos que tenham gostado.<\/p>\n\n\n\n<p>Se for do interesse de voc\u00eas, n\u00e3o deixem de buscar os temas aqui citados para esclarecer as peculiaridades dos casos que ensejaram essas decis\u00f5es.<\/p>\n\n\n\n<p>N\u00e3o deixem de conferir os cursos atualizados do Estrat\u00e9gia Concursos e resolver muitas quest\u00f5es sobre os temas aqui abordados.<\/p>\n\n\n\n<p>Por fim, fiquem atentos aos temas mais recentes que podem chamar a aten\u00e7\u00e3o da sua banca.<\/p>\n\n\n\n<p>Bons Estudos!<\/p>\n\n\n\n<p>At\u00e9 a pr\u00f3xima<\/p>\n\n\n\n<h2 class=\"has-text-align-center wp-block-heading\" id=\"h-quer-saber-tudo-sobre-concursos-previstos-confira-nossos-artigos\">Quer saber tudo sobre concursos previstos?<br \/>Confira nossos artigos<\/h2>\n\n\n\n<p class=\"has-text-align-center has-black-color has-pale-cyan-blue-background-color has-text-color has-background\"><a href=\"https:\/\/www.estrategiaconcursos.com.br\/blog\/concursos-abertos\/\" target=\"_blank\" rel=\"noreferrer noopener\">Concursos abertos<\/a><\/p>\n\n\n\n<p class=\"has-text-align-center has-pale-cyan-blue-background-color has-background\"><a href=\"https:\/\/www.estrategiaconcursos.com.br\/blog\/concursos-2022\/\" target=\"_blank\" rel=\"noreferrer noopener\">Concursos 2022<\/a><\/p>\n\n\n\n<p class=\"has-text-align-center has-pale-cyan-blue-background-color has-background\"><a href=\"https:\/\/www.estrategiaconcursos.com.br\/blog\/concursos-2023\/\" target=\"_blank\" rel=\"noreferrer noopener\">Concursos 2023<\/a><\/p>\n","protected":false},"excerpt":{"rendered":"<p>Resumo das principais jurisprud\u00eancias sobre o Imposto de Renda (IR) editadas pelo Supremo Tribunal Federal (STF) e pelo Superior Tribunal de Justi\u00e7a (STJ).<\/p>\n","protected":false},"author":2459,"featured_media":1133921,"comment_status":"open","ping_status":"closed","sticky":false,"template":"","format":"standard","meta":{"post_tipo":"article","footnotes":""},"categories":[1],"tags":[40,484],"tax_estado":[219963],"class_list":["post-1133920","post","type-post","status-publish","format-standard","has-post-thumbnail","hentry","category-cursos-e-concursos","tag-concurso","tag-receita-federal","tax_estado-concursos-federais"],"acf":[],"yoast_head":"<!-- This site is optimized with the Yoast SEO Premium plugin v27.2 (Yoast SEO v27.2) - https:\/\/yoast.com\/product\/yoast-seo-premium-wordpress\/ -->\n<title>Confira as principais jurisprud\u00eancias sobre o Imposto de Renda<\/title>\n<meta name=\"description\" content=\"Resumo das principais jurisprud\u00eancias sobre o Imposto de Renda (IR) editadas pelo STF e pelo STJ. Fique por dentro dos temas mais recentes!\" \/>\n<meta name=\"robots\" content=\"index, follow, max-snippet:-1, max-image-preview:large, max-video-preview:-1\" \/>\n<link rel=\"canonical\" href=\"https:\/\/www.estrategiaconcursos.com.br\/blog\/jurisprudencia-imposto-renda\/\" \/>\n<meta property=\"og:locale\" content=\"pt_BR\" \/>\n<meta property=\"og:type\" content=\"article\" \/>\n<meta property=\"og:title\" content=\"Confira as principais jurisprud\u00eancias sobre o Imposto de Renda\" \/>\n<meta property=\"og:description\" content=\"Resumo das principais jurisprud\u00eancias sobre o Imposto de Renda (IR) editadas pelo STF e pelo STJ. Fique por dentro dos temas mais recentes!\" \/>\n<meta property=\"og:url\" content=\"https:\/\/www.estrategiaconcursos.com.br\/blog\/jurisprudencia-imposto-renda\/\" \/>\n<meta property=\"og:site_name\" content=\"Estrat\u00e9gia Concursos\" \/>\n<meta property=\"article:published_time\" content=\"2023-01-03T14:00:00+00:00\" \/>\n<meta property=\"article:modified_time\" content=\"2023-01-30T18:14:50+00:00\" \/>\n<meta property=\"og:image\" content=\"https:\/\/dhg1h5j42swfq.cloudfront.net\/2022\/12\/04102417\/imposto-de-renda.jpg\" \/>\n\t<meta property=\"og:image:width\" content=\"766\" \/>\n\t<meta property=\"og:image:height\" content=\"484\" \/>\n\t<meta property=\"og:image:type\" content=\"image\/jpeg\" \/>\n<meta name=\"author\" content=\"J\u00e9ssica Luciano Barcelos\" \/>\n<meta name=\"twitter:card\" content=\"summary_large_image\" \/>\n<meta name=\"twitter:creator\" content=\"@EstratConcursos\" \/>\n<meta name=\"twitter:site\" content=\"@EstratConcursos\" \/>\n<meta name=\"twitter:label1\" content=\"Escrito por\" \/>\n\t<meta name=\"twitter:data1\" content=\"J\u00e9ssica Luciano Barcelos\" \/>\n\t<meta name=\"twitter:label2\" content=\"Est. tempo de leitura\" \/>\n\t<meta name=\"twitter:data2\" content=\"9 minutos\" \/>\n<script type=\"application\/ld+json\" class=\"yoast-schema-graph\">{\"@context\":\"https:\/\/schema.org\",\"@graph\":[{\"@type\":\"NewsArticle\",\"@id\":\"https:\/\/www.estrategiaconcursos.com.br\/blog\/jurisprudencia-imposto-renda\/#article\",\"isPartOf\":{\"@id\":\"https:\/\/www.estrategiaconcursos.com.br\/blog\/jurisprudencia-imposto-renda\/\"},\"author\":{\"name\":\"J\u00e9ssica Luciano Barcelos\",\"@id\":\"https:\/\/www.estrategiaconcursos.com.br\/blog\/#\/schema\/person\/8207b340097a76d57b0d52dd527d7e53\"},\"headline\":\"Confira as principais jurisprud\u00eancias sobre o Imposto de Renda\",\"datePublished\":\"2023-01-03T14:00:00+00:00\",\"dateModified\":\"2023-01-30T18:14:50+00:00\",\"mainEntityOfPage\":{\"@id\":\"https:\/\/www.estrategiaconcursos.com.br\/blog\/jurisprudencia-imposto-renda\/\"},\"wordCount\":1838,\"commentCount\":0,\"publisher\":{\"@id\":\"https:\/\/www.estrategiaconcursos.com.br\/blog\/#organization\"},\"image\":{\"@id\":\"https:\/\/www.estrategiaconcursos.com.br\/blog\/jurisprudencia-imposto-renda\/#primaryimage\"},\"thumbnailUrl\":\"https:\/\/dhg1h5j42swfq.cloudfront.net\/2022\/12\/04102417\/imposto-de-renda.jpg\",\"keywords\":[\"Concurso\",\"Receita Federal\"],\"articleSection\":[\"Concursos P\u00fablicos\"],\"inLanguage\":\"pt-BR\",\"potentialAction\":[{\"@type\":\"CommentAction\",\"name\":\"Comment\",\"target\":[\"https:\/\/www.estrategiaconcursos.com.br\/blog\/jurisprudencia-imposto-renda\/#respond\"]}],\"copyrightYear\":\"2023\",\"copyrightHolder\":{\"@id\":\"https:\/\/www.estrategiaconcursos.com.br\/blog\/#organization\"}},{\"@type\":\"WebPage\",\"@id\":\"https:\/\/www.estrategiaconcursos.com.br\/blog\/jurisprudencia-imposto-renda\/\",\"url\":\"https:\/\/www.estrategiaconcursos.com.br\/blog\/jurisprudencia-imposto-renda\/\",\"name\":\"Confira as principais jurisprud\u00eancias sobre o Imposto de Renda\",\"isPartOf\":{\"@id\":\"https:\/\/www.estrategiaconcursos.com.br\/blog\/#website\"},\"primaryImageOfPage\":{\"@id\":\"https:\/\/www.estrategiaconcursos.com.br\/blog\/jurisprudencia-imposto-renda\/#primaryimage\"},\"image\":{\"@id\":\"https:\/\/www.estrategiaconcursos.com.br\/blog\/jurisprudencia-imposto-renda\/#primaryimage\"},\"thumbnailUrl\":\"https:\/\/dhg1h5j42swfq.cloudfront.net\/2022\/12\/04102417\/imposto-de-renda.jpg\",\"datePublished\":\"2023-01-03T14:00:00+00:00\",\"dateModified\":\"2023-01-30T18:14:50+00:00\",\"description\":\"Resumo das principais jurisprud\u00eancias sobre o Imposto de Renda (IR) editadas pelo STF e pelo STJ. Fique por dentro dos temas mais recentes!\",\"breadcrumb\":{\"@id\":\"https:\/\/www.estrategiaconcursos.com.br\/blog\/jurisprudencia-imposto-renda\/#breadcrumb\"},\"inLanguage\":\"pt-BR\",\"potentialAction\":[{\"@type\":\"ReadAction\",\"target\":[\"https:\/\/www.estrategiaconcursos.com.br\/blog\/jurisprudencia-imposto-renda\/\"]}]},{\"@type\":\"ImageObject\",\"inLanguage\":\"pt-BR\",\"@id\":\"https:\/\/www.estrategiaconcursos.com.br\/blog\/jurisprudencia-imposto-renda\/#primaryimage\",\"url\":\"https:\/\/dhg1h5j42swfq.cloudfront.net\/2022\/12\/04102417\/imposto-de-renda.jpg\",\"contentUrl\":\"https:\/\/dhg1h5j42swfq.cloudfront.net\/2022\/12\/04102417\/imposto-de-renda.jpg\",\"width\":766,\"height\":484,\"caption\":\"Impostos da Uni\u00e3o\"},{\"@type\":\"BreadcrumbList\",\"@id\":\"https:\/\/www.estrategiaconcursos.com.br\/blog\/jurisprudencia-imposto-renda\/#breadcrumb\",\"itemListElement\":[{\"@type\":\"ListItem\",\"position\":1,\"name\":\"In\u00edcio\",\"item\":\"https:\/\/www.estrategiaconcursos.com.br\/blog\/\"},{\"@type\":\"ListItem\",\"position\":2,\"name\":\"Confira as principais jurisprud\u00eancias sobre o Imposto de Renda\"}]},{\"@type\":\"WebSite\",\"@id\":\"https:\/\/www.estrategiaconcursos.com.br\/blog\/#website\",\"url\":\"https:\/\/www.estrategiaconcursos.com.br\/blog\/\",\"name\":\"Estrat\u00e9gia Concursos\",\"description\":\"O blog da Estrat\u00e9gia Concursos traz not\u00edcias sobre concursos e artigos de professores oferecendo cursos para concursos (pdf + videaulas) no site.\",\"publisher\":{\"@id\":\"https:\/\/www.estrategiaconcursos.com.br\/blog\/#organization\"},\"potentialAction\":[{\"@type\":\"SearchAction\",\"target\":{\"@type\":\"EntryPoint\",\"urlTemplate\":\"https:\/\/www.estrategiaconcursos.com.br\/blog\/?s={search_term_string}\"},\"query-input\":{\"@type\":\"PropertyValueSpecification\",\"valueRequired\":true,\"valueName\":\"search_term_string\"}}],\"inLanguage\":\"pt-BR\"},{\"@type\":\"Organization\",\"@id\":\"https:\/\/www.estrategiaconcursos.com.br\/blog\/#organization\",\"name\":\"Estrat\u00e9gia Concursos\",\"url\":\"https:\/\/www.estrategiaconcursos.com.br\/blog\/\",\"logo\":{\"@type\":\"ImageObject\",\"inLanguage\":\"pt-BR\",\"@id\":\"https:\/\/www.estrategiaconcursos.com.br\/blog\/#\/schema\/logo\/image\/\",\"url\":\"https:\/\/dhg1h5j42swfq.cloudfront.net\/2025\/06\/03203428\/logo_concursos-1.jpg\",\"contentUrl\":\"https:\/\/dhg1h5j42swfq.cloudfront.net\/2025\/06\/03203428\/logo_concursos-1.jpg\",\"width\":230,\"height\":60,\"caption\":\"Estrat\u00e9gia Concursos\"},\"image\":{\"@id\":\"https:\/\/www.estrategiaconcursos.com.br\/blog\/#\/schema\/logo\/image\/\"},\"sameAs\":[\"https:\/\/x.com\/EstratConcursos\"]},{\"@type\":\"Person\",\"@id\":\"https:\/\/www.estrategiaconcursos.com.br\/blog\/#\/schema\/person\/8207b340097a76d57b0d52dd527d7e53\",\"name\":\"J\u00e9ssica Luciano Barcelos\",\"image\":{\"@type\":\"ImageObject\",\"inLanguage\":\"pt-BR\",\"@id\":\"https:\/\/secure.gravatar.com\/avatar\/feaa24cba2d6d73f21c019e05c8bff471043b1db62437f2c2e5112e2f3773495?s=96&d=mm&r=g\",\"url\":\"https:\/\/secure.gravatar.com\/avatar\/feaa24cba2d6d73f21c019e05c8bff471043b1db62437f2c2e5112e2f3773495?s=96&d=mm&r=g\",\"contentUrl\":\"https:\/\/secure.gravatar.com\/avatar\/feaa24cba2d6d73f21c019e05c8bff471043b1db62437f2c2e5112e2f3773495?s=96&d=mm&r=g\",\"caption\":\"J\u00e9ssica Luciano Barcelos\"},\"description\":\"Formada em Engenharia Civil pela Universidade Federal dos Vales do Jequitinhonha e Mucuri (UFVJM). Aprovada para Auditora Fiscal da SEFAZ AM em 2022.\",\"sameAs\":[\"https:\/\/www.instagram.com\/jessicalbarcelos\/\",\"https:\/\/www.linkedin.com\/in\/jssica-barcelos-580594143\/\"],\"worksFor\":\"J\u00c9SSICA LUCIANO BARCELOS\",\"url\":\"https:\/\/www.estrategiaconcursos.com.br\/blog\/author\/jessicalbarcelosgmail-com\/\"}]}<\/script>\n<!-- \/ Yoast SEO Premium plugin. -->","yoast_head_json":{"title":"Confira as principais jurisprud\u00eancias sobre o Imposto de Renda","description":"Resumo das principais jurisprud\u00eancias sobre o Imposto de Renda (IR) editadas pelo STF e pelo STJ. Fique por dentro dos temas mais recentes!","robots":{"index":"index","follow":"follow","max-snippet":"max-snippet:-1","max-image-preview":"max-image-preview:large","max-video-preview":"max-video-preview:-1"},"canonical":"https:\/\/www.estrategiaconcursos.com.br\/blog\/jurisprudencia-imposto-renda\/","og_locale":"pt_BR","og_type":"article","og_title":"Confira as principais jurisprud\u00eancias sobre o Imposto de Renda","og_description":"Resumo das principais jurisprud\u00eancias sobre o Imposto de Renda (IR) editadas pelo STF e pelo STJ. Fique por dentro dos temas mais recentes!","og_url":"https:\/\/www.estrategiaconcursos.com.br\/blog\/jurisprudencia-imposto-renda\/","og_site_name":"Estrat\u00e9gia Concursos","article_published_time":"2023-01-03T14:00:00+00:00","article_modified_time":"2023-01-30T18:14:50+00:00","og_image":[{"width":766,"height":484,"url":"https:\/\/dhg1h5j42swfq.cloudfront.net\/2022\/12\/04102417\/imposto-de-renda.jpg","type":"image\/jpeg"}],"author":"J\u00e9ssica Luciano Barcelos","twitter_card":"summary_large_image","twitter_creator":"@EstratConcursos","twitter_site":"@EstratConcursos","twitter_misc":{"Escrito por":"J\u00e9ssica Luciano Barcelos","Est. tempo de leitura":"9 minutos"},"schema":{"@context":"https:\/\/schema.org","@graph":[{"@type":"NewsArticle","@id":"https:\/\/www.estrategiaconcursos.com.br\/blog\/jurisprudencia-imposto-renda\/#article","isPartOf":{"@id":"https:\/\/www.estrategiaconcursos.com.br\/blog\/jurisprudencia-imposto-renda\/"},"author":{"name":"J\u00e9ssica Luciano Barcelos","@id":"https:\/\/www.estrategiaconcursos.com.br\/blog\/#\/schema\/person\/8207b340097a76d57b0d52dd527d7e53"},"headline":"Confira as principais jurisprud\u00eancias sobre o Imposto de Renda","datePublished":"2023-01-03T14:00:00+00:00","dateModified":"2023-01-30T18:14:50+00:00","mainEntityOfPage":{"@id":"https:\/\/www.estrategiaconcursos.com.br\/blog\/jurisprudencia-imposto-renda\/"},"wordCount":1838,"commentCount":0,"publisher":{"@id":"https:\/\/www.estrategiaconcursos.com.br\/blog\/#organization"},"image":{"@id":"https:\/\/www.estrategiaconcursos.com.br\/blog\/jurisprudencia-imposto-renda\/#primaryimage"},"thumbnailUrl":"https:\/\/dhg1h5j42swfq.cloudfront.net\/2022\/12\/04102417\/imposto-de-renda.jpg","keywords":["Concurso","Receita Federal"],"articleSection":["Concursos P\u00fablicos"],"inLanguage":"pt-BR","potentialAction":[{"@type":"CommentAction","name":"Comment","target":["https:\/\/www.estrategiaconcursos.com.br\/blog\/jurisprudencia-imposto-renda\/#respond"]}],"copyrightYear":"2023","copyrightHolder":{"@id":"https:\/\/www.estrategiaconcursos.com.br\/blog\/#organization"}},{"@type":"WebPage","@id":"https:\/\/www.estrategiaconcursos.com.br\/blog\/jurisprudencia-imposto-renda\/","url":"https:\/\/www.estrategiaconcursos.com.br\/blog\/jurisprudencia-imposto-renda\/","name":"Confira as principais jurisprud\u00eancias sobre o Imposto de Renda","isPartOf":{"@id":"https:\/\/www.estrategiaconcursos.com.br\/blog\/#website"},"primaryImageOfPage":{"@id":"https:\/\/www.estrategiaconcursos.com.br\/blog\/jurisprudencia-imposto-renda\/#primaryimage"},"image":{"@id":"https:\/\/www.estrategiaconcursos.com.br\/blog\/jurisprudencia-imposto-renda\/#primaryimage"},"thumbnailUrl":"https:\/\/dhg1h5j42swfq.cloudfront.net\/2022\/12\/04102417\/imposto-de-renda.jpg","datePublished":"2023-01-03T14:00:00+00:00","dateModified":"2023-01-30T18:14:50+00:00","description":"Resumo das principais jurisprud\u00eancias sobre o Imposto de Renda (IR) editadas pelo STF e pelo STJ. Fique por dentro dos temas mais recentes!","breadcrumb":{"@id":"https:\/\/www.estrategiaconcursos.com.br\/blog\/jurisprudencia-imposto-renda\/#breadcrumb"},"inLanguage":"pt-BR","potentialAction":[{"@type":"ReadAction","target":["https:\/\/www.estrategiaconcursos.com.br\/blog\/jurisprudencia-imposto-renda\/"]}]},{"@type":"ImageObject","inLanguage":"pt-BR","@id":"https:\/\/www.estrategiaconcursos.com.br\/blog\/jurisprudencia-imposto-renda\/#primaryimage","url":"https:\/\/dhg1h5j42swfq.cloudfront.net\/2022\/12\/04102417\/imposto-de-renda.jpg","contentUrl":"https:\/\/dhg1h5j42swfq.cloudfront.net\/2022\/12\/04102417\/imposto-de-renda.jpg","width":766,"height":484,"caption":"Impostos da Uni\u00e3o"},{"@type":"BreadcrumbList","@id":"https:\/\/www.estrategiaconcursos.com.br\/blog\/jurisprudencia-imposto-renda\/#breadcrumb","itemListElement":[{"@type":"ListItem","position":1,"name":"In\u00edcio","item":"https:\/\/www.estrategiaconcursos.com.br\/blog\/"},{"@type":"ListItem","position":2,"name":"Confira as principais jurisprud\u00eancias sobre o Imposto de Renda"}]},{"@type":"WebSite","@id":"https:\/\/www.estrategiaconcursos.com.br\/blog\/#website","url":"https:\/\/www.estrategiaconcursos.com.br\/blog\/","name":"Estrat\u00e9gia Concursos","description":"O blog da Estrat\u00e9gia Concursos traz not\u00edcias sobre concursos e artigos de professores oferecendo cursos para concursos (pdf + videaulas) no site.","publisher":{"@id":"https:\/\/www.estrategiaconcursos.com.br\/blog\/#organization"},"potentialAction":[{"@type":"SearchAction","target":{"@type":"EntryPoint","urlTemplate":"https:\/\/www.estrategiaconcursos.com.br\/blog\/?s={search_term_string}"},"query-input":{"@type":"PropertyValueSpecification","valueRequired":true,"valueName":"search_term_string"}}],"inLanguage":"pt-BR"},{"@type":"Organization","@id":"https:\/\/www.estrategiaconcursos.com.br\/blog\/#organization","name":"Estrat\u00e9gia Concursos","url":"https:\/\/www.estrategiaconcursos.com.br\/blog\/","logo":{"@type":"ImageObject","inLanguage":"pt-BR","@id":"https:\/\/www.estrategiaconcursos.com.br\/blog\/#\/schema\/logo\/image\/","url":"https:\/\/dhg1h5j42swfq.cloudfront.net\/2025\/06\/03203428\/logo_concursos-1.jpg","contentUrl":"https:\/\/dhg1h5j42swfq.cloudfront.net\/2025\/06\/03203428\/logo_concursos-1.jpg","width":230,"height":60,"caption":"Estrat\u00e9gia Concursos"},"image":{"@id":"https:\/\/www.estrategiaconcursos.com.br\/blog\/#\/schema\/logo\/image\/"},"sameAs":["https:\/\/x.com\/EstratConcursos"]},{"@type":"Person","@id":"https:\/\/www.estrategiaconcursos.com.br\/blog\/#\/schema\/person\/8207b340097a76d57b0d52dd527d7e53","name":"J\u00e9ssica Luciano Barcelos","image":{"@type":"ImageObject","inLanguage":"pt-BR","@id":"https:\/\/secure.gravatar.com\/avatar\/feaa24cba2d6d73f21c019e05c8bff471043b1db62437f2c2e5112e2f3773495?s=96&d=mm&r=g","url":"https:\/\/secure.gravatar.com\/avatar\/feaa24cba2d6d73f21c019e05c8bff471043b1db62437f2c2e5112e2f3773495?s=96&d=mm&r=g","contentUrl":"https:\/\/secure.gravatar.com\/avatar\/feaa24cba2d6d73f21c019e05c8bff471043b1db62437f2c2e5112e2f3773495?s=96&d=mm&r=g","caption":"J\u00e9ssica Luciano Barcelos"},"description":"Formada em Engenharia Civil pela Universidade Federal dos Vales do Jequitinhonha e Mucuri (UFVJM). Aprovada para Auditora Fiscal da SEFAZ AM em 2022.","sameAs":["https:\/\/www.instagram.com\/jessicalbarcelos\/","https:\/\/www.linkedin.com\/in\/jssica-barcelos-580594143\/"],"worksFor":"J\u00c9SSICA LUCIANO BARCELOS","url":"https:\/\/www.estrategiaconcursos.com.br\/blog\/author\/jessicalbarcelosgmail-com\/"}]}},"_links":{"self":[{"href":"https:\/\/www.estrategiaconcursos.com.br\/blog\/wp-json\/wp\/v2\/posts\/1133920","targetHints":{"allow":["GET"]}}],"collection":[{"href":"https:\/\/www.estrategiaconcursos.com.br\/blog\/wp-json\/wp\/v2\/posts"}],"about":[{"href":"https:\/\/www.estrategiaconcursos.com.br\/blog\/wp-json\/wp\/v2\/types\/post"}],"author":[{"embeddable":true,"href":"https:\/\/www.estrategiaconcursos.com.br\/blog\/wp-json\/wp\/v2\/users\/2459"}],"replies":[{"embeddable":true,"href":"https:\/\/www.estrategiaconcursos.com.br\/blog\/wp-json\/wp\/v2\/comments?post=1133920"}],"version-history":[{"count":2,"href":"https:\/\/www.estrategiaconcursos.com.br\/blog\/wp-json\/wp\/v2\/posts\/1133920\/revisions"}],"predecessor-version":[{"id":1161276,"href":"https:\/\/www.estrategiaconcursos.com.br\/blog\/wp-json\/wp\/v2\/posts\/1133920\/revisions\/1161276"}],"wp:featuredmedia":[{"embeddable":true,"href":"https:\/\/www.estrategiaconcursos.com.br\/blog\/wp-json\/wp\/v2\/media\/1133921"}],"wp:attachment":[{"href":"https:\/\/www.estrategiaconcursos.com.br\/blog\/wp-json\/wp\/v2\/media?parent=1133920"}],"wp:term":[{"taxonomy":"category","embeddable":true,"href":"https:\/\/www.estrategiaconcursos.com.br\/blog\/wp-json\/wp\/v2\/categories?post=1133920"},{"taxonomy":"post_tag","embeddable":true,"href":"https:\/\/www.estrategiaconcursos.com.br\/blog\/wp-json\/wp\/v2\/tags?post=1133920"},{"taxonomy":"tax_estado","embeddable":true,"href":"https:\/\/www.estrategiaconcursos.com.br\/blog\/wp-json\/wp\/v2\/tax_estado?post=1133920"}],"curies":[{"name":"wp","href":"https:\/\/api.w.org\/{rel}","templated":true}]}}