{"id":113319,"date":"2018-05-28T00:00:08","date_gmt":"2018-05-28T03:00:08","guid":{"rendered":"https:\/\/www.estrategiaconcursos.com.br\/blog\/?p=113319"},"modified":"2018-08-29T08:47:06","modified_gmt":"2018-08-29T11:47:06","slug":"mp-al-2018-edital","status":"publish","type":"post","link":"https:\/\/www.estrategiaconcursos.com.br\/blog\/mp-al-2018-edital\/","title":{"rendered":"Concurso MP AL: ap\u00f3s publicar resultado da prova objetiva; plano estrat\u00e9gico do \u00f3rg\u00e3o prev\u00ea nomea\u00e7\u00f5es"},"content":{"rendered":"<h2><span style=\"font-size: 18pt;\">Fique em dia com as atualiza\u00e7\u00f5es do concurso MP AL<\/span><\/h2>\n<p>Ap\u00f3s divulgar o\u00a0<strong>resultado definitivo\u00a0<\/strong>da prova objetiva para os cargos de T\u00e9cnico e Analista, o Minist\u00e9rio P\u00fablico de Alagoas divulgou, em seu plano estrat\u00e9gico, as perspectivas de nomea\u00e7\u00e3o dos aprovados.<\/p>\n<p>Segundo o documento, publicado no Di\u00e1rio Oficial do Estado de Alagoas, a nomea\u00e7\u00e3o \u00e9 o pr\u00f3ximo item da pauta. Trata-se de uma excelente not\u00edcia para quem logrou aprova\u00e7\u00e3o no certame!<\/p>\n<p>O edital do concurso foi publicado neste ano, oferecendo 15 vagas imediatas para os cargos de\u00a0 T\u00e9cnico Ministerial (N\u00edvel M\u00e9dio) e Analista do Minist\u00e9rio P\u00fablico, este exigindo diploma de n\u00edvel superior em v\u00e1rias \u00e1reas.<\/p>\n<p><span style=\"color: #000000;\">O documento traz\u00a0 o provimento de 12 vagas para os cargos de Analista e 3 vagas para os cargos de\u00a0T\u00e9cnico e remunera\u00e7\u00e3o inicial de\u00a0R$ 4.492,01 a\u00a0R$ 2.576,29, a depender do n\u00edvel de escolaridade e com caraga hor\u00e1ria de 40 horas semanais.<\/span><\/p>\n<p>Confira abaixo a \u00edntegra do documento:<\/p>\n<p><img loading=\"lazy\" decoding=\"async\" class=\"wp-image-138294 aligncenter\" src=\"https:\/\/dhg1h5j42swfq.cloudfront.net\/2018\/05\/29082151\/concurso-mp-al.jpg\" alt=\"concurso mp al\" width=\"764\" height=\"259\" srcset=\"https:\/\/dhg1h5j42swfq.cloudfront.net\/2018\/05\/29082151\/concurso-mp-al.jpg 1096w, https:\/\/dhg1h5j42swfq.cloudfront.net\/2018\/05\/29082151\/concurso-mp-al.jpg 300w, https:\/\/dhg1h5j42swfq.cloudfront.net\/2018\/05\/29082151\/concurso-mp-al.jpg 768w, https:\/\/dhg1h5j42swfq.cloudfront.net\/2018\/05\/29082151\/concurso-mp-al.jpg 1024w, https:\/\/dhg1h5j42swfq.cloudfront.net\/2018\/05\/29082151\/concurso-mp-al.jpg 610w\" sizes=\"auto, (max-width: 764px) 100vw, 764px\" \/><\/p>\n<h3>Distribui\u00e7\u00e3o de Vagas<\/h3>\n<p>Ao todo, o concurso Minist\u00e9rio P\u00fablico Alagoas ofertar\u00e1 15 vagas, sendo:<\/p>\n<p><em>Analista Minist\u00e9rio P\u00fablico 15 vagas, \u00e1reas de&#8230;<\/em><\/p>\n<p>Administra\u00e7\u00e3o de Rede (01+ CR)<br \/>\nComunica\u00e7\u00e3o Social\u00a0(01 + CR)<br \/>\n\u00c1rea Jur\u00eddica (04 + CR)<br \/>\nDesenvolvimento de Sistemas\u00a0(01 + CR)<br \/>\nAdministra\u00e7\u00e3o\/Gest\u00e3o P\u00fablica\u00a0(01 + CR)<br \/>\nAssistente Social (01 + CR)<br \/>\nAdministrador de Banco de dados ( CR)<br \/>\nAuditor do MP (01 + CR)<br \/>\nContador do MP (CR)<br \/>\nEngenheiro Civil (01+ CR)<br \/>\nPsic\u00f3logo (01+ CR)<br \/>\nBiblioteconomista (CR)<\/p>\n<p><em>T\u00e9cnico Minist\u00e9rio P\u00fablico 03 vagas, \u00e1reas de&#8230;\u00a0<\/em><\/p>\n<p>Geral (02+ CR)<br \/>\nTecnologia da Informa\u00e7\u00e3o ( 01+ CR)<\/p>\n<h3>Etapas do concurso MP AL<\/h3>\n<p>O certame foi regido de \u00fanica etapa, prova objetiva, de car\u00e1ter eliminat\u00f3rio e classificat\u00f3rio.<\/p>\n<h3>Remunera\u00e7\u00e3o<\/h3>\n<p>As especialidades pertencentes ao cargo de analista ter\u00e3o ganhos iniciais de R$4.492,01 para uma jornada semanal de 40h. J\u00e1 os cargos de n\u00edvel m\u00e9dio, receber\u00e3o cerca de\u00a0 R$2500\u00a0para a mesma carga de hor\u00e1ria.<\/p>\n<h3>Requisitos\u00a0<span style=\"color: #ffffff;\">concurso mp al<\/span><\/h3>\n<p>Os cargos de analista exigem gradua\u00e7\u00e3o nas \u00e1reas pertinentes a cada especialidade, j\u00e1 os cargos de t\u00e9cnico exigem somente ensino m\u00e9dio completo.<\/p>\n<h3>Provas<\/h3>\n<p>As provas objetivas foram aplicadas em julho deste ano, na cidade de Macei\u00f3. Os cargos de n\u00edvel superior fizeram as provas pela manh\u00e3, j\u00e1 os de n\u00edvel m\u00e9dio, pela tarde, o que que possibilitou os candidatos de n\u00edvel superior de prestarem as provas para ambos os n\u00edveis.<\/p>\n<h3>Conte\u00fados Exigidos<\/h3>\n<p>Nas provas objetivas ser\u00e3o cobradas as seguintes disciplinas:<br \/>\n<em>Cargos de N\u00edvel Superior, exceto \u00e1rea Jur\u00eddica&#8230;<\/em><\/p>\n<p><img loading=\"lazy\" decoding=\"async\" class=\"aligncenter wp-image-113326 size-full\" src=\"https:\/\/dhg1h5j42swfq.cloudfront.net\/2018\/03\/26090607\/analista-jur%C3%ADdico.png\" alt=\"concurso mp al 2018 \" width=\"542\" height=\"201\" srcset=\"https:\/\/dhg1h5j42swfq.cloudfront.net\/2018\/03\/26090607\/analista-jur%C3%ADdico.png 542w, https:\/\/dhg1h5j42swfq.cloudfront.net\/2018\/03\/26090607\/analista-jur%C3%ADdico.png 300w\" sizes=\"auto, (max-width: 542px) 100vw, 542px\" \/><\/p>\n<p><em>Cargo n\u00edvel superior, \u00e1rea jur\u00eddica<\/em><\/p>\n<p><img loading=\"lazy\" decoding=\"async\" class=\"aligncenter wp-image-113327 size-full\" src=\"https:\/\/dhg1h5j42swfq.cloudfront.net\/2018\/03\/26090649\/%C3%A1rea-jur%C3%ADdica.png\" alt=\"concurso mp al 2018\" width=\"542\" height=\"335\" srcset=\"https:\/\/dhg1h5j42swfq.cloudfront.net\/2018\/03\/26090649\/%C3%A1rea-jur%C3%ADdica.png 542w, https:\/\/dhg1h5j42swfq.cloudfront.net\/2018\/03\/26090649\/%C3%A1rea-jur%C3%ADdica.png 300w\" sizes=\"auto, (max-width: 542px) 100vw, 542px\" \/><\/p>\n<p><em>Cargo n\u00edvel m\u00e9dio, \u00e1rea de inform\u00e1tica<\/em><\/p>\n<p><img loading=\"lazy\" decoding=\"async\" class=\"aligncenter wp-image-113328 size-full\" src=\"https:\/\/dhg1h5j42swfq.cloudfront.net\/2018\/03\/26090733\/t%C3%A9cnico-mp.png\" alt=\"concurso mp al 2018\" width=\"550\" height=\"101\" srcset=\"https:\/\/dhg1h5j42swfq.cloudfront.net\/2018\/03\/26090733\/t%C3%A9cnico-mp.png 550w, https:\/\/dhg1h5j42swfq.cloudfront.net\/2018\/03\/26090733\/t%C3%A9cnico-mp.png 300w\" sizes=\"auto, (max-width: 550px) 100vw, 550px\" \/><\/p>\n<p><img loading=\"lazy\" decoding=\"async\" class=\"aligncenter wp-image-113329 size-full\" src=\"https:\/\/dhg1h5j42swfq.cloudfront.net\/2018\/03\/26090756\/t%C3%A9cnico-mp-2.png\" alt=\"concurso mp al \" width=\"543\" height=\"149\" srcset=\"https:\/\/dhg1h5j42swfq.cloudfront.net\/2018\/03\/26090756\/t%C3%A9cnico-mp-2.png 543w, https:\/\/dhg1h5j42swfq.cloudfront.net\/2018\/03\/26090756\/t%C3%A9cnico-mp-2.png 300w\" sizes=\"auto, (max-width: 543px) 100vw, 543px\" \/><\/p>\n<h2 style=\"text-align: center;\"><span style=\"font-size: 14pt;\"><a href=\"https:\/\/www.estrategiaconcursos.com.br\/cursosPorConcurso\/ministerio-publico-de-alagoas-mp-al\/\" target=\"_blank\" rel=\"noopener\"><strong>CURSOS MP AL\u00a0 \u2013 ESTRAT\u00c9GIA CONCURSOS<\/strong><\/a><\/span><\/h2>\n<p>&nbsp;<\/p>\n<p><img loading=\"lazy\" decoding=\"async\" src=\"https:\/\/dhg1h5j42swfq.cloudfront.net\/2017\/03\/28152500\/coruja-ficha-tecnica-300x102.png\" alt=\"\" width=\"300\" height=\"102\" \/><br \/>\n<strong>Informa\u00e7\u00f5es do concurso MP AL\u00a0<\/strong><br \/>\n\u25baData: <b>08\/07\u00a0<\/b><br \/>\n\u25baVagas:\u00a0<strong>15 + CR\u00a0<\/strong><br \/>\n\u25baLota\u00e7\u00f5es: <b>Alagoas\u00a0<\/b><br \/>\n\u25baBanca: <b>FGV\u00a0<\/b><br \/>\n\u25baEscolaridade:\u00a0<strong>N\u00edvel M\u00e9dio e\u00a0 Superior<\/strong><br \/>\n\u25baCursos Estrat\u00e9gia Concursos:\u00a0<a href=\"https:\/\/www.estrategiaconcursos.com.br\/cursosPorConcurso\/ministerio-publico-de-alagoas-mp-al\/\" target=\"_blank\" rel=\"noopener\"><strong>Cursos Estrat\u00e9gia Concurso MP AL <\/strong><\/a><br \/>\n\u25baEdital MP AL:\u00a0<a href=\"https:\/\/www.estrategiaconcursos.com.br\/blog\/wp-content\/uploads\/2018\/05\/retificado3_Edital_MPAL_2018_05_231.pdf\" target=\"_blank\" rel=\"noopener\">Edital MP AL 2018<\/a><\/p>\n<p><em>Fernanda Brito\u00a0<\/em><br \/>\n<em>Ascom Estrat\u00e9gia<\/em><br \/>\nascomestrategia@gmail.com<\/p>\n<p style=\"text-align: center;\"><span style=\"font-size: 18pt;\"><em><strong>Receba not\u00edcias de Concursos no seu WhatsApp e\/ou Telegram!<\/strong><\/em><\/span><\/p>\n<p style=\"text-align: center;\"><em><strong><span style=\"font-size: 14pt;\">Cadastre-se clicando no \u00edcone abaixo<\/span><br \/>\n<a href=\"https:\/\/www.estrategiaconcursos.com.br\/blog\/noticias-de-concursos-whatsapp-estrategia-concursos\/\" target=\"_blank\" rel=\"noopener\"><img loading=\"lazy\" decoding=\"async\" class=\"aligncenter wp-image-112824 \" src=\"https:\/\/www.estrategiaconcursos.com.br\/blog\/wp-content\/uploads\/2018\/03\/whatsapptelegram.png\" alt=\"\" width=\"220\" height=\"124\" \/><\/a><br \/>\n<\/strong><\/em><a href=\"https:\/\/www.estrategiaconcursos.com.br\/blog\/noticias-de-concursos-whatsapp-estrategia-concursos\/\" target=\"_blank\" rel=\"noopener\">Not\u00edcias de concursos no seu WhatsApp e\/ou Telegram<\/a><\/p>\n","protected":false},"excerpt":{"rendered":"<p>Fique em dia com as atualiza\u00e7\u00f5es do concurso MP AL Ap\u00f3s divulgar o\u00a0resultado definitivo\u00a0da prova objetiva para os cargos de T\u00e9cnico e Analista, o Minist\u00e9rio P\u00fablico de Alagoas divulgou, em seu plano estrat\u00e9gico, as perspectivas de nomea\u00e7\u00e3o dos aprovados. Segundo o documento, publicado no Di\u00e1rio Oficial do Estado de Alagoas, a nomea\u00e7\u00e3o \u00e9 o pr\u00f3ximo [&hellip;]<\/p>\n","protected":false},"author":1,"featured_media":94056,"comment_status":"open","ping_status":"closed","sticky":false,"template":"","format":"standard","meta":{"post_tipo":"news","footnotes":""},"categories":[1],"tags":[],"tax_estado":[],"class_list":["post-113319","post","type-post","status-publish","format-standard","has-post-thumbnail","hentry","category-cursos-e-concursos"],"acf":[],"yoast_head":"<!-- This site is optimized with the Yoast SEO Premium plugin v27.2 (Yoast SEO v27.2) - https:\/\/yoast.com\/product\/yoast-seo-premium-wordpress\/ -->\n<title>Concurso MP AL 2018: plano estrat\u00e9gico do \u00f3rg\u00e3o prev\u00ea nomea\u00e7\u00f5es<\/title>\n<meta name=\"description\" content=\"O edital para o concurso MP AL prover\u00e1 vagas para t\u00e9cnico e analista do Minist\u00e9rio P\u00fablico, os cargos exigem n\u00edvel m\u00e9dio e superior, respectivamente.\u00a0\" \/>\n<meta name=\"robots\" content=\"index, follow, max-snippet:-1, max-image-preview:large, max-video-preview:-1\" \/>\n<link rel=\"canonical\" href=\"https:\/\/www.estrategiaconcursos.com.br\/blog\/mp-al-2018-edital\/\" \/>\n<meta property=\"og:locale\" content=\"pt_BR\" \/>\n<meta property=\"og:type\" content=\"article\" \/>\n<meta property=\"og:title\" content=\"Concurso MP AL: ap\u00f3s publicar resultado da prova objetiva; plano estrat\u00e9gico do \u00f3rg\u00e3o prev\u00ea nomea\u00e7\u00f5es\" \/>\n<meta property=\"og:description\" content=\"O edital para o concurso MP AL prover\u00e1 vagas para t\u00e9cnico e analista do Minist\u00e9rio P\u00fablico, os cargos exigem n\u00edvel m\u00e9dio e superior, respectivamente.\u00a0\" \/>\n<meta property=\"og:url\" content=\"https:\/\/www.estrategiaconcursos.com.br\/blog\/mp-al-2018-edital\/\" \/>\n<meta property=\"og:site_name\" content=\"Estrat\u00e9gia Concursos\" \/>\n<meta property=\"article:author\" content=\"https:\/\/www.facebook.com\/EstrategiaConcursos\" \/>\n<meta property=\"article:published_time\" content=\"2018-05-28T03:00:08+00:00\" \/>\n<meta property=\"article:modified_time\" content=\"2018-08-29T11:47:06+00:00\" \/>\n<meta property=\"og:image\" content=\"https:\/\/dhg1h5j42swfq.cloudfront.net\/2017\/10\/27171134\/mp-al-5-e1509135103413.jpg\" \/>\n\t<meta property=\"og:image:width\" content=\"400\" \/>\n\t<meta property=\"og:image:height\" content=\"209\" \/>\n\t<meta property=\"og:image:type\" content=\"image\/jpeg\" \/>\n<meta name=\"author\" content=\"Coordena\u00e7\u00e3o\" \/>\n<meta name=\"twitter:card\" content=\"summary_large_image\" \/>\n<meta name=\"twitter:creator\" content=\"@EstratConcursos\" \/>\n<meta name=\"twitter:site\" content=\"@EstratConcursos\" \/>\n<meta name=\"twitter:label1\" content=\"Escrito por\" \/>\n\t<meta name=\"twitter:data1\" content=\"Coordena\u00e7\u00e3o\" \/>\n\t<meta name=\"twitter:label2\" content=\"Est. tempo de leitura\" \/>\n\t<meta name=\"twitter:data2\" content=\"3 minutos\" \/>\n<script type=\"application\/ld+json\" class=\"yoast-schema-graph\">{\"@context\":\"https:\/\/schema.org\",\"@graph\":[{\"@type\":\"NewsArticle\",\"@id\":\"https:\/\/www.estrategiaconcursos.com.br\/blog\/mp-al-2018-edital\/#article\",\"isPartOf\":{\"@id\":\"https:\/\/www.estrategiaconcursos.com.br\/blog\/mp-al-2018-edital\/\"},\"author\":{\"name\":\"Coordena\u00e7\u00e3o\",\"@id\":\"https:\/\/www.estrategiaconcursos.com.br\/blog\/#\/schema\/person\/b4a388c97673c5f483d72185668afa1f\"},\"headline\":\"Concurso MP AL: ap\u00f3s publicar resultado da prova objetiva; plano estrat\u00e9gico do \u00f3rg\u00e3o prev\u00ea nomea\u00e7\u00f5es\",\"datePublished\":\"2018-05-28T03:00:08+00:00\",\"dateModified\":\"2018-08-29T11:47:06+00:00\",\"mainEntityOfPage\":{\"@id\":\"https:\/\/www.estrategiaconcursos.com.br\/blog\/mp-al-2018-edital\/\"},\"wordCount\":539,\"commentCount\":12,\"publisher\":{\"@id\":\"https:\/\/www.estrategiaconcursos.com.br\/blog\/#organization\"},\"image\":{\"@id\":\"https:\/\/www.estrategiaconcursos.com.br\/blog\/mp-al-2018-edital\/#primaryimage\"},\"thumbnailUrl\":\"https:\/\/dhg1h5j42swfq.cloudfront.net\/2017\/10\/27171134\/mp-al-5-e1509135103413.jpg\",\"articleSection\":[\"Concursos P\u00fablicos\"],\"inLanguage\":\"pt-BR\",\"potentialAction\":[{\"@type\":\"CommentAction\",\"name\":\"Comment\",\"target\":[\"https:\/\/www.estrategiaconcursos.com.br\/blog\/mp-al-2018-edital\/#respond\"]}],\"copyrightYear\":\"2018\",\"copyrightHolder\":{\"@id\":\"https:\/\/www.estrategiaconcursos.com.br\/blog\/#organization\"}},{\"@type\":\"WebPage\",\"@id\":\"https:\/\/www.estrategiaconcursos.com.br\/blog\/mp-al-2018-edital\/\",\"url\":\"https:\/\/www.estrategiaconcursos.com.br\/blog\/mp-al-2018-edital\/\",\"name\":\"Concurso MP AL 2018: plano estrat\u00e9gico do \u00f3rg\u00e3o prev\u00ea nomea\u00e7\u00f5es\",\"isPartOf\":{\"@id\":\"https:\/\/www.estrategiaconcursos.com.br\/blog\/#website\"},\"primaryImageOfPage\":{\"@id\":\"https:\/\/www.estrategiaconcursos.com.br\/blog\/mp-al-2018-edital\/#primaryimage\"},\"image\":{\"@id\":\"https:\/\/www.estrategiaconcursos.com.br\/blog\/mp-al-2018-edital\/#primaryimage\"},\"thumbnailUrl\":\"https:\/\/dhg1h5j42swfq.cloudfront.net\/2017\/10\/27171134\/mp-al-5-e1509135103413.jpg\",\"datePublished\":\"2018-05-28T03:00:08+00:00\",\"dateModified\":\"2018-08-29T11:47:06+00:00\",\"description\":\"O edital para o concurso MP AL prover\u00e1 vagas para t\u00e9cnico e analista do Minist\u00e9rio P\u00fablico, os cargos exigem n\u00edvel m\u00e9dio e superior, respectivamente.\u00a0\",\"breadcrumb\":{\"@id\":\"https:\/\/www.estrategiaconcursos.com.br\/blog\/mp-al-2018-edital\/#breadcrumb\"},\"inLanguage\":\"pt-BR\",\"potentialAction\":[{\"@type\":\"ReadAction\",\"target\":[\"https:\/\/www.estrategiaconcursos.com.br\/blog\/mp-al-2018-edital\/\"]}]},{\"@type\":\"ImageObject\",\"inLanguage\":\"pt-BR\",\"@id\":\"https:\/\/www.estrategiaconcursos.com.br\/blog\/mp-al-2018-edital\/#primaryimage\",\"url\":\"https:\/\/dhg1h5j42swfq.cloudfront.net\/2017\/10\/27171134\/mp-al-5-e1509135103413.jpg\",\"contentUrl\":\"https:\/\/dhg1h5j42swfq.cloudfront.net\/2017\/10\/27171134\/mp-al-5-e1509135103413.jpg\",\"width\":400,\"height\":209,\"caption\":\"concurso mp al\"},{\"@type\":\"BreadcrumbList\",\"@id\":\"https:\/\/www.estrategiaconcursos.com.br\/blog\/mp-al-2018-edital\/#breadcrumb\",\"itemListElement\":[{\"@type\":\"ListItem\",\"position\":1,\"name\":\"In\u00edcio\",\"item\":\"https:\/\/www.estrategiaconcursos.com.br\/blog\/\"},{\"@type\":\"ListItem\",\"position\":2,\"name\":\"Concurso MP AL: ap\u00f3s publicar resultado da prova objetiva; plano estrat\u00e9gico do \u00f3rg\u00e3o prev\u00ea nomea\u00e7\u00f5es\"}]},{\"@type\":\"WebSite\",\"@id\":\"https:\/\/www.estrategiaconcursos.com.br\/blog\/#website\",\"url\":\"https:\/\/www.estrategiaconcursos.com.br\/blog\/\",\"name\":\"Estrat\u00e9gia Concursos\",\"description\":\"O blog da Estrat\u00e9gia Concursos traz not\u00edcias sobre concursos e artigos de professores oferecendo cursos para concursos (pdf + videaulas) no site.\",\"publisher\":{\"@id\":\"https:\/\/www.estrategiaconcursos.com.br\/blog\/#organization\"},\"potentialAction\":[{\"@type\":\"SearchAction\",\"target\":{\"@type\":\"EntryPoint\",\"urlTemplate\":\"https:\/\/www.estrategiaconcursos.com.br\/blog\/?s={search_term_string}\"},\"query-input\":{\"@type\":\"PropertyValueSpecification\",\"valueRequired\":true,\"valueName\":\"search_term_string\"}}],\"inLanguage\":\"pt-BR\"},{\"@type\":\"Organization\",\"@id\":\"https:\/\/www.estrategiaconcursos.com.br\/blog\/#organization\",\"name\":\"Estrat\u00e9gia Concursos\",\"url\":\"https:\/\/www.estrategiaconcursos.com.br\/blog\/\",\"logo\":{\"@type\":\"ImageObject\",\"inLanguage\":\"pt-BR\",\"@id\":\"https:\/\/www.estrategiaconcursos.com.br\/blog\/#\/schema\/logo\/image\/\",\"url\":\"https:\/\/dhg1h5j42swfq.cloudfront.net\/2025\/06\/03203428\/logo_concursos-1.jpg\",\"contentUrl\":\"https:\/\/dhg1h5j42swfq.cloudfront.net\/2025\/06\/03203428\/logo_concursos-1.jpg\",\"width\":230,\"height\":60,\"caption\":\"Estrat\u00e9gia Concursos\"},\"image\":{\"@id\":\"https:\/\/www.estrategiaconcursos.com.br\/blog\/#\/schema\/logo\/image\/\"},\"sameAs\":[\"https:\/\/x.com\/EstratConcursos\"]},{\"@type\":\"Person\",\"@id\":\"https:\/\/www.estrategiaconcursos.com.br\/blog\/#\/schema\/person\/b4a388c97673c5f483d72185668afa1f\",\"name\":\"Coordena\u00e7\u00e3o\",\"image\":{\"@type\":\"ImageObject\",\"inLanguage\":\"pt-BR\",\"@id\":\"https:\/\/secure.gravatar.com\/avatar\/b720319e4c9a967eb58678d110f4fe35452fc5d5f97b202bac7b8acceb18c6ad?s=96&d=mm&r=g\",\"url\":\"https:\/\/secure.gravatar.com\/avatar\/b720319e4c9a967eb58678d110f4fe35452fc5d5f97b202bac7b8acceb18c6ad?s=96&d=mm&r=g\",\"contentUrl\":\"https:\/\/secure.gravatar.com\/avatar\/b720319e4c9a967eb58678d110f4fe35452fc5d5f97b202bac7b8acceb18c6ad?s=96&d=mm&r=g\",\"caption\":\"Coordena\u00e7\u00e3o\"},\"sameAs\":[\"https:\/\/www.facebook.com\/EstrategiaConcursos\",\"https:\/\/x.com\/EstratConcursos\"],\"url\":\"https:\/\/www.estrategiaconcursos.com.br\/blog\/author\/estrategia2013\/\"}]}<\/script>\n<!-- \/ Yoast SEO Premium plugin. -->","yoast_head_json":{"title":"Concurso MP AL 2018: plano estrat\u00e9gico do \u00f3rg\u00e3o prev\u00ea nomea\u00e7\u00f5es","description":"O edital para o concurso MP AL prover\u00e1 vagas para t\u00e9cnico e analista do Minist\u00e9rio P\u00fablico, os cargos exigem n\u00edvel m\u00e9dio e superior, respectivamente.\u00a0","robots":{"index":"index","follow":"follow","max-snippet":"max-snippet:-1","max-image-preview":"max-image-preview:large","max-video-preview":"max-video-preview:-1"},"canonical":"https:\/\/www.estrategiaconcursos.com.br\/blog\/mp-al-2018-edital\/","og_locale":"pt_BR","og_type":"article","og_title":"Concurso MP AL: ap\u00f3s publicar resultado da prova objetiva; plano estrat\u00e9gico do \u00f3rg\u00e3o prev\u00ea nomea\u00e7\u00f5es","og_description":"O edital para o concurso MP AL prover\u00e1 vagas para t\u00e9cnico e analista do Minist\u00e9rio P\u00fablico, os cargos exigem n\u00edvel m\u00e9dio e superior, respectivamente.\u00a0","og_url":"https:\/\/www.estrategiaconcursos.com.br\/blog\/mp-al-2018-edital\/","og_site_name":"Estrat\u00e9gia Concursos","article_author":"https:\/\/www.facebook.com\/EstrategiaConcursos","article_published_time":"2018-05-28T03:00:08+00:00","article_modified_time":"2018-08-29T11:47:06+00:00","og_image":[{"width":400,"height":209,"url":"https:\/\/dhg1h5j42swfq.cloudfront.net\/2017\/10\/27171134\/mp-al-5-e1509135103413.jpg","type":"image\/jpeg"}],"author":"Coordena\u00e7\u00e3o","twitter_card":"summary_large_image","twitter_creator":"@EstratConcursos","twitter_site":"@EstratConcursos","twitter_misc":{"Escrito por":"Coordena\u00e7\u00e3o","Est. tempo de leitura":"3 minutos"},"schema":{"@context":"https:\/\/schema.org","@graph":[{"@type":"NewsArticle","@id":"https:\/\/www.estrategiaconcursos.com.br\/blog\/mp-al-2018-edital\/#article","isPartOf":{"@id":"https:\/\/www.estrategiaconcursos.com.br\/blog\/mp-al-2018-edital\/"},"author":{"name":"Coordena\u00e7\u00e3o","@id":"https:\/\/www.estrategiaconcursos.com.br\/blog\/#\/schema\/person\/b4a388c97673c5f483d72185668afa1f"},"headline":"Concurso MP AL: ap\u00f3s publicar resultado da prova objetiva; plano estrat\u00e9gico do \u00f3rg\u00e3o prev\u00ea nomea\u00e7\u00f5es","datePublished":"2018-05-28T03:00:08+00:00","dateModified":"2018-08-29T11:47:06+00:00","mainEntityOfPage":{"@id":"https:\/\/www.estrategiaconcursos.com.br\/blog\/mp-al-2018-edital\/"},"wordCount":539,"commentCount":12,"publisher":{"@id":"https:\/\/www.estrategiaconcursos.com.br\/blog\/#organization"},"image":{"@id":"https:\/\/www.estrategiaconcursos.com.br\/blog\/mp-al-2018-edital\/#primaryimage"},"thumbnailUrl":"https:\/\/dhg1h5j42swfq.cloudfront.net\/2017\/10\/27171134\/mp-al-5-e1509135103413.jpg","articleSection":["Concursos P\u00fablicos"],"inLanguage":"pt-BR","potentialAction":[{"@type":"CommentAction","name":"Comment","target":["https:\/\/www.estrategiaconcursos.com.br\/blog\/mp-al-2018-edital\/#respond"]}],"copyrightYear":"2018","copyrightHolder":{"@id":"https:\/\/www.estrategiaconcursos.com.br\/blog\/#organization"}},{"@type":"WebPage","@id":"https:\/\/www.estrategiaconcursos.com.br\/blog\/mp-al-2018-edital\/","url":"https:\/\/www.estrategiaconcursos.com.br\/blog\/mp-al-2018-edital\/","name":"Concurso MP AL 2018: plano estrat\u00e9gico do \u00f3rg\u00e3o prev\u00ea nomea\u00e7\u00f5es","isPartOf":{"@id":"https:\/\/www.estrategiaconcursos.com.br\/blog\/#website"},"primaryImageOfPage":{"@id":"https:\/\/www.estrategiaconcursos.com.br\/blog\/mp-al-2018-edital\/#primaryimage"},"image":{"@id":"https:\/\/www.estrategiaconcursos.com.br\/blog\/mp-al-2018-edital\/#primaryimage"},"thumbnailUrl":"https:\/\/dhg1h5j42swfq.cloudfront.net\/2017\/10\/27171134\/mp-al-5-e1509135103413.jpg","datePublished":"2018-05-28T03:00:08+00:00","dateModified":"2018-08-29T11:47:06+00:00","description":"O edital para o concurso MP AL prover\u00e1 vagas para t\u00e9cnico e analista do Minist\u00e9rio P\u00fablico, os cargos exigem n\u00edvel m\u00e9dio e superior, respectivamente.\u00a0","breadcrumb":{"@id":"https:\/\/www.estrategiaconcursos.com.br\/blog\/mp-al-2018-edital\/#breadcrumb"},"inLanguage":"pt-BR","potentialAction":[{"@type":"ReadAction","target":["https:\/\/www.estrategiaconcursos.com.br\/blog\/mp-al-2018-edital\/"]}]},{"@type":"ImageObject","inLanguage":"pt-BR","@id":"https:\/\/www.estrategiaconcursos.com.br\/blog\/mp-al-2018-edital\/#primaryimage","url":"https:\/\/dhg1h5j42swfq.cloudfront.net\/2017\/10\/27171134\/mp-al-5-e1509135103413.jpg","contentUrl":"https:\/\/dhg1h5j42swfq.cloudfront.net\/2017\/10\/27171134\/mp-al-5-e1509135103413.jpg","width":400,"height":209,"caption":"concurso mp al"},{"@type":"BreadcrumbList","@id":"https:\/\/www.estrategiaconcursos.com.br\/blog\/mp-al-2018-edital\/#breadcrumb","itemListElement":[{"@type":"ListItem","position":1,"name":"In\u00edcio","item":"https:\/\/www.estrategiaconcursos.com.br\/blog\/"},{"@type":"ListItem","position":2,"name":"Concurso MP AL: ap\u00f3s publicar resultado da prova objetiva; plano estrat\u00e9gico do \u00f3rg\u00e3o prev\u00ea nomea\u00e7\u00f5es"}]},{"@type":"WebSite","@id":"https:\/\/www.estrategiaconcursos.com.br\/blog\/#website","url":"https:\/\/www.estrategiaconcursos.com.br\/blog\/","name":"Estrat\u00e9gia Concursos","description":"O blog da Estrat\u00e9gia Concursos traz not\u00edcias sobre concursos e artigos de professores oferecendo cursos para concursos (pdf + videaulas) no site.","publisher":{"@id":"https:\/\/www.estrategiaconcursos.com.br\/blog\/#organization"},"potentialAction":[{"@type":"SearchAction","target":{"@type":"EntryPoint","urlTemplate":"https:\/\/www.estrategiaconcursos.com.br\/blog\/?s={search_term_string}"},"query-input":{"@type":"PropertyValueSpecification","valueRequired":true,"valueName":"search_term_string"}}],"inLanguage":"pt-BR"},{"@type":"Organization","@id":"https:\/\/www.estrategiaconcursos.com.br\/blog\/#organization","name":"Estrat\u00e9gia Concursos","url":"https:\/\/www.estrategiaconcursos.com.br\/blog\/","logo":{"@type":"ImageObject","inLanguage":"pt-BR","@id":"https:\/\/www.estrategiaconcursos.com.br\/blog\/#\/schema\/logo\/image\/","url":"https:\/\/dhg1h5j42swfq.cloudfront.net\/2025\/06\/03203428\/logo_concursos-1.jpg","contentUrl":"https:\/\/dhg1h5j42swfq.cloudfront.net\/2025\/06\/03203428\/logo_concursos-1.jpg","width":230,"height":60,"caption":"Estrat\u00e9gia Concursos"},"image":{"@id":"https:\/\/www.estrategiaconcursos.com.br\/blog\/#\/schema\/logo\/image\/"},"sameAs":["https:\/\/x.com\/EstratConcursos"]},{"@type":"Person","@id":"https:\/\/www.estrategiaconcursos.com.br\/blog\/#\/schema\/person\/b4a388c97673c5f483d72185668afa1f","name":"Coordena\u00e7\u00e3o","image":{"@type":"ImageObject","inLanguage":"pt-BR","@id":"https:\/\/secure.gravatar.com\/avatar\/b720319e4c9a967eb58678d110f4fe35452fc5d5f97b202bac7b8acceb18c6ad?s=96&d=mm&r=g","url":"https:\/\/secure.gravatar.com\/avatar\/b720319e4c9a967eb58678d110f4fe35452fc5d5f97b202bac7b8acceb18c6ad?s=96&d=mm&r=g","contentUrl":"https:\/\/secure.gravatar.com\/avatar\/b720319e4c9a967eb58678d110f4fe35452fc5d5f97b202bac7b8acceb18c6ad?s=96&d=mm&r=g","caption":"Coordena\u00e7\u00e3o"},"sameAs":["https:\/\/www.facebook.com\/EstrategiaConcursos","https:\/\/x.com\/EstratConcursos"],"url":"https:\/\/www.estrategiaconcursos.com.br\/blog\/author\/estrategia2013\/"}]}},"_links":{"self":[{"href":"https:\/\/www.estrategiaconcursos.com.br\/blog\/wp-json\/wp\/v2\/posts\/113319","targetHints":{"allow":["GET"]}}],"collection":[{"href":"https:\/\/www.estrategiaconcursos.com.br\/blog\/wp-json\/wp\/v2\/posts"}],"about":[{"href":"https:\/\/www.estrategiaconcursos.com.br\/blog\/wp-json\/wp\/v2\/types\/post"}],"author":[{"embeddable":true,"href":"https:\/\/www.estrategiaconcursos.com.br\/blog\/wp-json\/wp\/v2\/users\/1"}],"replies":[{"embeddable":true,"href":"https:\/\/www.estrategiaconcursos.com.br\/blog\/wp-json\/wp\/v2\/comments?post=113319"}],"version-history":[{"count":20,"href":"https:\/\/www.estrategiaconcursos.com.br\/blog\/wp-json\/wp\/v2\/posts\/113319\/revisions"}],"predecessor-version":[{"id":138296,"href":"https:\/\/www.estrategiaconcursos.com.br\/blog\/wp-json\/wp\/v2\/posts\/113319\/revisions\/138296"}],"wp:featuredmedia":[{"embeddable":true,"href":"https:\/\/www.estrategiaconcursos.com.br\/blog\/wp-json\/wp\/v2\/media\/94056"}],"wp:attachment":[{"href":"https:\/\/www.estrategiaconcursos.com.br\/blog\/wp-json\/wp\/v2\/media?parent=113319"}],"wp:term":[{"taxonomy":"category","embeddable":true,"href":"https:\/\/www.estrategiaconcursos.com.br\/blog\/wp-json\/wp\/v2\/categories?post=113319"},{"taxonomy":"post_tag","embeddable":true,"href":"https:\/\/www.estrategiaconcursos.com.br\/blog\/wp-json\/wp\/v2\/tags?post=113319"},{"taxonomy":"tax_estado","embeddable":true,"href":"https:\/\/www.estrategiaconcursos.com.br\/blog\/wp-json\/wp\/v2\/tax_estado?post=113319"}],"curies":[{"name":"wp","href":"https:\/\/api.w.org\/{rel}","templated":true}]}}