{"id":1133026,"date":"2022-12-01T17:24:15","date_gmt":"2022-12-01T20:24:15","guid":{"rendered":"https:\/\/www.estrategiaconcursos.com.br\/blog\/?p=1133026"},"modified":"2022-12-02T10:11:19","modified_gmt":"2022-12-02T13:11:19","slug":"concurso-ibama-proposta-aumento-efetivo","status":"publish","type":"post","link":"https:\/\/www.estrategiaconcursos.com.br\/blog\/concurso-ibama-proposta-aumento-efetivo\/","title":{"rendered":"Concurso IBAMA: proposta de aumento do efetivo protocolada"},"content":{"rendered":"\n<p>Na \u00faltima quarta-feira (30), foi protocolado o Projeto de Lei (PL) 2890\/2022 que prev\u00ea o aumento do efetivo do IBAMA, sendo necess\u00e1ria a realiza\u00e7\u00e3o de concurso para o \u00f3rg\u00e3o.<\/p>\n\n\n\n<p>A proposta pretende aumentar o efetivo, que conta atualmente com 600 fiscais, para 1.800 agentes p\u00fablicos. O autor da proposta, o deputado federal Alexandre Frota, explicou que o incremento do n\u00famero de fiscais \u00e9 necess\u00e1rio para a defesa do meio ambiente e dos recursos naturais.<\/p>\n\n\n\n<blockquote class=\"wp-block-quote is-layout-flow wp-block-quote-is-layout-flow\"><p><em>\u201cHoje protocolei mais um projeto, o atual \u2018Gov\u2019 reduziu em muito o n\u00famero de fiscais do IBAMA. Dei entrada no PL 2890\/2022 para aumentar o n\u00famero de fiscais dos atuais 600 para 1.800, a que ser\u00e3o contratados por concurso p\u00fablico, para a defesa do meio ambiente e dos recursos naturais.\u201d<\/em><\/p><\/blockquote>\n\n\n\n<h3 class=\"wp-block-heading\" id=\"h-concurso-ibama\">Concurso IBAMA<\/h3>\n\n\n\n<p>O concurso IBAMA, publicado em novembro de 2021 e finalizado em junho deste ano, ofertou\u00a0<strong>568 vagas<\/strong>\u00a0para cargos de n\u00edveis m\u00e9dio e superior, com sal\u00e1rios iniciais de R$ 4 mil e R$ 8,5 mil. <\/p>\n\n\n\n<p>Homologado, o certame segue v\u00e1lido at\u00e9 02 de junho de 2024. Se necess\u00e1rio, esse prazo poder\u00e1 ser prorrogado uma \u00fanica vez, pelo mesmo per\u00edodo (dois anos).<\/p>\n\n\n\n<figure class=\"wp-block-image aligncenter size-large\"><img loading=\"lazy\" decoding=\"async\" width=\"1024\" height=\"683\" src=\"https:\/\/dhg1h5j42swfq.cloudfront.net\/2022\/01\/28104412\/ibama-3-1024x683.jpg\" alt=\"Concurso IBAMA: proposta de aumento do efetivo protocolada\" class=\"wp-image-956832\" srcset=\"https:\/\/dhg1h5j42swfq.cloudfront.net\/2022\/01\/28104412\/ibama-3-1024x683.jpg 1024w, https:\/\/dhg1h5j42swfq.cloudfront.net\/2022\/01\/28104412\/ibama-3-300x200.jpg 300w, https:\/\/dhg1h5j42swfq.cloudfront.net\/2022\/01\/28104412\/ibama-3-768x512.jpg 768w, https:\/\/dhg1h5j42swfq.cloudfront.net\/2022\/01\/28104412\/ibama-3-610x407.jpg 610w, https:\/\/dhg1h5j42swfq.cloudfront.net\/2022\/01\/28104412\/ibama-3.jpg 1200w\" sizes=\"auto, (max-width: 1024px) 100vw, 1024px\" \/><figcaption>Concurso IBAMA: proposta de aumento do efetivo protocolada<\/figcaption><\/figure>\n\n\n\n<h3 class=\"wp-block-heading\" id=\"resultados\">Concurso IBAMA: Nossos resultados<\/h3>\n\n\n\n<ul class=\"wp-block-list\"><li><strong>Analista Administrativo<\/strong>:<ul><li><em>Dos 10 primeiros, todos s\u00e3o nossos alunos!<\/em><\/li><li>Das 30 vagas (AC), 21 s\u00e3o alunos do Estrat\u00e9gia (<strong>73,3% dos aprovados<\/strong>)<\/li><\/ul><\/li><li><strong>Analista Ambiental \u2013 Tema 1:<\/strong><ul><li><em>Dos 10 primeiros, 7 s\u00e3o nossos alunos.<\/em><\/li><li>Das 26 vagas (AC), 21 s\u00e3o alunos do Estrat\u00e9gia (<strong>80,8% dos aprovados<\/strong>)<\/li><\/ul><\/li><li><strong>Analista Ambiental \u2013 Tema 2:<\/strong><ul><li><em>Dos 10 primeiros, 9 s\u00e3o nossos alunos, incluindo o 1\u00ba colocado.<\/em><\/li><li>Das 29 vagas (AC), 21 s\u00e3o do Estrat\u00e9gia (<strong>72,4% dos aprovados<\/strong>)<\/li><\/ul><\/li><li><strong>Analista Ambiental \u2013 Tema 3:<\/strong><ul><li><em>Dos 10 primeiros, todos s\u00e3o nossos alunos!<\/em><\/li><li>Das 16 vagas (AC), 13 s\u00e3o alunos do Estrat\u00e9gia (<strong>81,3% dos aprovados<\/strong>)<\/li><\/ul><\/li><\/ul>\n\n\n\n<p class=\"has-text-align-center\"><em>Para saber mais informa\u00e7\u00f5es sobre o concurso IBAMA, acesse o artigo completo e exclusivo no blog do Estrat\u00e9gia Concursos!<\/em><\/p>\n\n\n\n<p class=\"has-text-align-center has-background\" style=\"background-color:#f4f5f5;font-size:clamp(14.642px, 0.915rem + ((1vw - 3.2px) * 0.721), 22px);\"><strong>Saiba mais: <a href=\"https:\/\/www.estrategiaconcursos.com.br\/blog\/concurso-ibama\/\" target=\"_blank\" rel=\"noreferrer noopener\">concurso IBAMA<\/a><\/strong><\/p>\n\n\n\n<div class=\"container\" id=\"boxes\">\n  <div class=\"row\">\n\n    <div class=\"col-sm\">\n      <div class=\"banner-estrategia\" id=\"box-assinatura\">\n        <h3 class=\"titulo-assinatura\">Cursos para IBAMA<\/h3>\n        <p class=\"subtitulo-assinatura\">Estude conosco<\/p>\n        <div class=\"box-botao\">\n          <a class=\"btn-assinatura\" target=\"_blank\" href=\"https:\/\/www.estrategiaconcursos.com.br\/cursosPorConcurso\/ibama-analista-61\/\" role=\"button\" rel=\"noopener noreferrer\">Conhe\u00e7a os cursos<\/a>\n        <\/div>\n      <\/div>\n     \n    <\/div>\n\n  <\/div>\n<\/div>\n\n\n\n<div class=\"container\" id=\"boxes\">\n  <div class=\"row\">\n\n    <div class=\"col-sm\">\n      <div class=\"estrategia\" id=\"box-assinatura\">\n        <h3 class=\"titulo-assinatura\">Assinatura Concursos<\/h3>\n        <p class=\"subtitulo-assinatura\">Assinatura de 1 ano ou 2 anos<\/p>\n        <div class=\"box-botao\">\n          <a class=\"btn-assinatura\" target=\"_blank\" href=\"https:\/\/www.estrategiaconcursos.com.br\/assinaturas\/\" role=\"button\" rel=\"noopener noreferrer\">ASSINE AGORA<\/a>\n        <\/div>\n      <\/div><\/div><\/div><\/div>\n\n\n\n<h2 class=\"has-text-align-center wp-block-heading\" id=\"quer-saber-tudo-sobre-concursos-previstos-confira-nossos-artigos\">Quer saber tudo sobre concursos previstos?<br \/>Confira nossos artigos!<\/h2>\n\n\n\n<ul class=\"wp-block-list\"><li><a href=\"https:\/\/www.estrategiaconcursos.com.br\/blog\/concursos-abertos\/\" target=\"_blank\" rel=\"noreferrer noopener\">Concursos Abertos<\/a><\/li><li><a href=\"https:\/\/www.estrategiaconcursos.com.br\/blog\/concursos-2023\/\" target=\"_blank\" rel=\"noreferrer noopener\">Concursos 2023<\/a><\/li><\/ul>\n","protected":false},"excerpt":{"rendered":"<p>Na \u00faltima quarta-feira (30), foi protocolado o Projeto de Lei (PL) 2890\/2022 que prev\u00ea o aumento do efetivo do IBAMA, sendo necess\u00e1ria a realiza\u00e7\u00e3o de concurso para o \u00f3rg\u00e3o. A proposta pretende aumentar o efetivo, que conta atualmente com 600 fiscais, para 1.800 agentes p\u00fablicos. O autor da proposta, o deputado federal Alexandre Frota, explicou [&hellip;]<\/p>\n","protected":false},"author":2041,"featured_media":951975,"comment_status":"open","ping_status":"closed","sticky":false,"template":"","format":"standard","meta":{"post_tipo":"news","footnotes":""},"categories":[214992,220219],"tags":[],"tax_estado":[219963],"class_list":["post-1133026","post","type-post","status-publish","format-standard","has-post-thumbnail","hentry","category-concursos-administrativos","category-noticias","tax_estado-concursos-federais"],"acf":[],"yoast_head":"<!-- This site is optimized with the Yoast SEO Premium plugin v27.2 (Yoast SEO v27.2) - https:\/\/yoast.com\/product\/yoast-seo-premium-wordpress\/ -->\n<title>Concurso IBAMA: proposta de aumento do efetivo protocolada<\/title>\n<meta name=\"description\" content=\"Foi protocolado o PL 2890\/2022 que prev\u00ea o aumento do efetivo do IBAMA, sendo necess\u00e1ria a realiza\u00e7\u00e3o de concurso para o \u00f3rg\u00e3o.\" \/>\n<meta name=\"robots\" content=\"index, follow, max-snippet:-1, max-image-preview:large, max-video-preview:-1\" \/>\n<link rel=\"canonical\" href=\"https:\/\/www.estrategiaconcursos.com.br\/blog\/concurso-ibama-proposta-aumento-efetivo\/\" \/>\n<meta property=\"og:locale\" content=\"pt_BR\" \/>\n<meta property=\"og:type\" content=\"article\" \/>\n<meta property=\"og:title\" content=\"Concurso IBAMA: proposta de aumento do efetivo protocolada\" \/>\n<meta property=\"og:description\" content=\"Foi protocolado o PL 2890\/2022 que prev\u00ea o aumento do efetivo do IBAMA, sendo necess\u00e1ria a realiza\u00e7\u00e3o de concurso para o \u00f3rg\u00e3o.\" \/>\n<meta property=\"og:url\" content=\"https:\/\/www.estrategiaconcursos.com.br\/blog\/concurso-ibama-proposta-aumento-efetivo\/\" \/>\n<meta property=\"og:site_name\" content=\"Estrat\u00e9gia Concursos\" \/>\n<meta property=\"article:published_time\" content=\"2022-12-01T20:24:15+00:00\" \/>\n<meta property=\"article:modified_time\" content=\"2022-12-02T13:11:19+00:00\" \/>\n<meta property=\"og:image\" content=\"https:\/\/dhg1h5j42swfq.cloudfront.net\/2022\/01\/21150137\/ibama-1.jpg\" \/>\n\t<meta property=\"og:image:width\" content=\"300\" \/>\n\t<meta property=\"og:image:height\" content=\"168\" \/>\n\t<meta property=\"og:image:type\" content=\"image\/jpeg\" \/>\n<meta name=\"author\" content=\"Thiago Cavalcante Gomes\" \/>\n<meta name=\"twitter:card\" content=\"summary_large_image\" \/>\n<meta name=\"twitter:creator\" content=\"@EstratConcursos\" \/>\n<meta name=\"twitter:site\" content=\"@EstratConcursos\" \/>\n<meta name=\"twitter:label1\" content=\"Escrito por\" \/>\n\t<meta name=\"twitter:data1\" content=\"Thiago Cavalcante Gomes\" \/>\n\t<meta name=\"twitter:label2\" content=\"Est. tempo de leitura\" \/>\n\t<meta name=\"twitter:data2\" content=\"2 minutos\" \/>\n<script type=\"application\/ld+json\" class=\"yoast-schema-graph\">{\"@context\":\"https:\/\/schema.org\",\"@graph\":[{\"@type\":\"NewsArticle\",\"@id\":\"https:\/\/www.estrategiaconcursos.com.br\/blog\/concurso-ibama-proposta-aumento-efetivo\/#article\",\"isPartOf\":{\"@id\":\"https:\/\/www.estrategiaconcursos.com.br\/blog\/concurso-ibama-proposta-aumento-efetivo\/\"},\"author\":{\"name\":\"Thiago Cavalcante Gomes\",\"@id\":\"https:\/\/www.estrategiaconcursos.com.br\/blog\/#\/schema\/person\/4970184533d0a3ffa5b0299ae0a2b21f\"},\"headline\":\"Concurso IBAMA: proposta de aumento do efetivo protocolada\",\"datePublished\":\"2022-12-01T20:24:15+00:00\",\"dateModified\":\"2022-12-02T13:11:19+00:00\",\"mainEntityOfPage\":{\"@id\":\"https:\/\/www.estrategiaconcursos.com.br\/blog\/concurso-ibama-proposta-aumento-efetivo\/\"},\"wordCount\":347,\"commentCount\":0,\"publisher\":{\"@id\":\"https:\/\/www.estrategiaconcursos.com.br\/blog\/#organization\"},\"image\":{\"@id\":\"https:\/\/www.estrategiaconcursos.com.br\/blog\/concurso-ibama-proposta-aumento-efetivo\/#primaryimage\"},\"thumbnailUrl\":\"https:\/\/dhg1h5j42swfq.cloudfront.net\/2022\/01\/21150137\/ibama-1.jpg\",\"articleSection\":[\"Executivo (Administrativa)\",\"\u00daltimas not\u00edcias\"],\"inLanguage\":\"pt-BR\",\"potentialAction\":[{\"@type\":\"CommentAction\",\"name\":\"Comment\",\"target\":[\"https:\/\/www.estrategiaconcursos.com.br\/blog\/concurso-ibama-proposta-aumento-efetivo\/#respond\"]}],\"copyrightYear\":\"2022\",\"copyrightHolder\":{\"@id\":\"https:\/\/www.estrategiaconcursos.com.br\/blog\/#organization\"}},{\"@type\":\"WebPage\",\"@id\":\"https:\/\/www.estrategiaconcursos.com.br\/blog\/concurso-ibama-proposta-aumento-efetivo\/\",\"url\":\"https:\/\/www.estrategiaconcursos.com.br\/blog\/concurso-ibama-proposta-aumento-efetivo\/\",\"name\":\"Concurso IBAMA: proposta de aumento do efetivo protocolada\",\"isPartOf\":{\"@id\":\"https:\/\/www.estrategiaconcursos.com.br\/blog\/#website\"},\"primaryImageOfPage\":{\"@id\":\"https:\/\/www.estrategiaconcursos.com.br\/blog\/concurso-ibama-proposta-aumento-efetivo\/#primaryimage\"},\"image\":{\"@id\":\"https:\/\/www.estrategiaconcursos.com.br\/blog\/concurso-ibama-proposta-aumento-efetivo\/#primaryimage\"},\"thumbnailUrl\":\"https:\/\/dhg1h5j42swfq.cloudfront.net\/2022\/01\/21150137\/ibama-1.jpg\",\"datePublished\":\"2022-12-01T20:24:15+00:00\",\"dateModified\":\"2022-12-02T13:11:19+00:00\",\"description\":\"Foi protocolado o PL 2890\/2022 que prev\u00ea o aumento do efetivo do IBAMA, sendo necess\u00e1ria a realiza\u00e7\u00e3o de concurso para o \u00f3rg\u00e3o.\",\"breadcrumb\":{\"@id\":\"https:\/\/www.estrategiaconcursos.com.br\/blog\/concurso-ibama-proposta-aumento-efetivo\/#breadcrumb\"},\"inLanguage\":\"pt-BR\",\"potentialAction\":[{\"@type\":\"ReadAction\",\"target\":[\"https:\/\/www.estrategiaconcursos.com.br\/blog\/concurso-ibama-proposta-aumento-efetivo\/\"]}]},{\"@type\":\"ImageObject\",\"inLanguage\":\"pt-BR\",\"@id\":\"https:\/\/www.estrategiaconcursos.com.br\/blog\/concurso-ibama-proposta-aumento-efetivo\/#primaryimage\",\"url\":\"https:\/\/dhg1h5j42swfq.cloudfront.net\/2022\/01\/21150137\/ibama-1.jpg\",\"contentUrl\":\"https:\/\/dhg1h5j42swfq.cloudfront.net\/2022\/01\/21150137\/ibama-1.jpg\",\"width\":300,\"height\":168,\"caption\":\"IBAMA nomea\u00e7\u00f5es\"},{\"@type\":\"BreadcrumbList\",\"@id\":\"https:\/\/www.estrategiaconcursos.com.br\/blog\/concurso-ibama-proposta-aumento-efetivo\/#breadcrumb\",\"itemListElement\":[{\"@type\":\"ListItem\",\"position\":1,\"name\":\"In\u00edcio\",\"item\":\"https:\/\/www.estrategiaconcursos.com.br\/blog\/\"},{\"@type\":\"ListItem\",\"position\":2,\"name\":\"Concurso IBAMA: proposta de aumento do efetivo protocolada\"}]},{\"@type\":\"WebSite\",\"@id\":\"https:\/\/www.estrategiaconcursos.com.br\/blog\/#website\",\"url\":\"https:\/\/www.estrategiaconcursos.com.br\/blog\/\",\"name\":\"Estrat\u00e9gia Concursos\",\"description\":\"O blog da Estrat\u00e9gia Concursos traz not\u00edcias sobre concursos e artigos de professores oferecendo cursos para concursos (pdf + videaulas) no site.\",\"publisher\":{\"@id\":\"https:\/\/www.estrategiaconcursos.com.br\/blog\/#organization\"},\"potentialAction\":[{\"@type\":\"SearchAction\",\"target\":{\"@type\":\"EntryPoint\",\"urlTemplate\":\"https:\/\/www.estrategiaconcursos.com.br\/blog\/?s={search_term_string}\"},\"query-input\":{\"@type\":\"PropertyValueSpecification\",\"valueRequired\":true,\"valueName\":\"search_term_string\"}}],\"inLanguage\":\"pt-BR\"},{\"@type\":\"Organization\",\"@id\":\"https:\/\/www.estrategiaconcursos.com.br\/blog\/#organization\",\"name\":\"Estrat\u00e9gia Concursos\",\"url\":\"https:\/\/www.estrategiaconcursos.com.br\/blog\/\",\"logo\":{\"@type\":\"ImageObject\",\"inLanguage\":\"pt-BR\",\"@id\":\"https:\/\/www.estrategiaconcursos.com.br\/blog\/#\/schema\/logo\/image\/\",\"url\":\"https:\/\/dhg1h5j42swfq.cloudfront.net\/2025\/06\/03203428\/logo_concursos-1.jpg\",\"contentUrl\":\"https:\/\/dhg1h5j42swfq.cloudfront.net\/2025\/06\/03203428\/logo_concursos-1.jpg\",\"width\":230,\"height\":60,\"caption\":\"Estrat\u00e9gia Concursos\"},\"image\":{\"@id\":\"https:\/\/www.estrategiaconcursos.com.br\/blog\/#\/schema\/logo\/image\/\"},\"sameAs\":[\"https:\/\/x.com\/EstratConcursos\"]},{\"@type\":\"Person\",\"@id\":\"https:\/\/www.estrategiaconcursos.com.br\/blog\/#\/schema\/person\/4970184533d0a3ffa5b0299ae0a2b21f\",\"name\":\"Thiago Cavalcante Gomes\",\"image\":{\"@type\":\"ImageObject\",\"inLanguage\":\"pt-BR\",\"@id\":\"https:\/\/secure.gravatar.com\/avatar\/?s=96&d=mm&r=g\",\"url\":\"https:\/\/secure.gravatar.com\/avatar\/?s=96&d=mm&r=g\",\"contentUrl\":\"https:\/\/secure.gravatar.com\/avatar\/?s=96&d=mm&r=g\",\"caption\":\"Thiago Cavalcante Gomes\"},\"url\":\"https:\/\/www.estrategiaconcursos.com.br\/blog\/author\/thiago-gomes\/\"}]}<\/script>\n<!-- \/ Yoast SEO Premium plugin. -->","yoast_head_json":{"title":"Concurso IBAMA: proposta de aumento do efetivo protocolada","description":"Foi protocolado o PL 2890\/2022 que prev\u00ea o aumento do efetivo do IBAMA, sendo necess\u00e1ria a realiza\u00e7\u00e3o de concurso para o \u00f3rg\u00e3o.","robots":{"index":"index","follow":"follow","max-snippet":"max-snippet:-1","max-image-preview":"max-image-preview:large","max-video-preview":"max-video-preview:-1"},"canonical":"https:\/\/www.estrategiaconcursos.com.br\/blog\/concurso-ibama-proposta-aumento-efetivo\/","og_locale":"pt_BR","og_type":"article","og_title":"Concurso IBAMA: proposta de aumento do efetivo protocolada","og_description":"Foi protocolado o PL 2890\/2022 que prev\u00ea o aumento do efetivo do IBAMA, sendo necess\u00e1ria a realiza\u00e7\u00e3o de concurso para o \u00f3rg\u00e3o.","og_url":"https:\/\/www.estrategiaconcursos.com.br\/blog\/concurso-ibama-proposta-aumento-efetivo\/","og_site_name":"Estrat\u00e9gia Concursos","article_published_time":"2022-12-01T20:24:15+00:00","article_modified_time":"2022-12-02T13:11:19+00:00","og_image":[{"width":300,"height":168,"url":"https:\/\/dhg1h5j42swfq.cloudfront.net\/2022\/01\/21150137\/ibama-1.jpg","type":"image\/jpeg"}],"author":"Thiago Cavalcante Gomes","twitter_card":"summary_large_image","twitter_creator":"@EstratConcursos","twitter_site":"@EstratConcursos","twitter_misc":{"Escrito por":"Thiago Cavalcante Gomes","Est. tempo de leitura":"2 minutos"},"schema":{"@context":"https:\/\/schema.org","@graph":[{"@type":"NewsArticle","@id":"https:\/\/www.estrategiaconcursos.com.br\/blog\/concurso-ibama-proposta-aumento-efetivo\/#article","isPartOf":{"@id":"https:\/\/www.estrategiaconcursos.com.br\/blog\/concurso-ibama-proposta-aumento-efetivo\/"},"author":{"name":"Thiago Cavalcante Gomes","@id":"https:\/\/www.estrategiaconcursos.com.br\/blog\/#\/schema\/person\/4970184533d0a3ffa5b0299ae0a2b21f"},"headline":"Concurso IBAMA: proposta de aumento do efetivo protocolada","datePublished":"2022-12-01T20:24:15+00:00","dateModified":"2022-12-02T13:11:19+00:00","mainEntityOfPage":{"@id":"https:\/\/www.estrategiaconcursos.com.br\/blog\/concurso-ibama-proposta-aumento-efetivo\/"},"wordCount":347,"commentCount":0,"publisher":{"@id":"https:\/\/www.estrategiaconcursos.com.br\/blog\/#organization"},"image":{"@id":"https:\/\/www.estrategiaconcursos.com.br\/blog\/concurso-ibama-proposta-aumento-efetivo\/#primaryimage"},"thumbnailUrl":"https:\/\/dhg1h5j42swfq.cloudfront.net\/2022\/01\/21150137\/ibama-1.jpg","articleSection":["Executivo (Administrativa)","\u00daltimas not\u00edcias"],"inLanguage":"pt-BR","potentialAction":[{"@type":"CommentAction","name":"Comment","target":["https:\/\/www.estrategiaconcursos.com.br\/blog\/concurso-ibama-proposta-aumento-efetivo\/#respond"]}],"copyrightYear":"2022","copyrightHolder":{"@id":"https:\/\/www.estrategiaconcursos.com.br\/blog\/#organization"}},{"@type":"WebPage","@id":"https:\/\/www.estrategiaconcursos.com.br\/blog\/concurso-ibama-proposta-aumento-efetivo\/","url":"https:\/\/www.estrategiaconcursos.com.br\/blog\/concurso-ibama-proposta-aumento-efetivo\/","name":"Concurso IBAMA: proposta de aumento do efetivo protocolada","isPartOf":{"@id":"https:\/\/www.estrategiaconcursos.com.br\/blog\/#website"},"primaryImageOfPage":{"@id":"https:\/\/www.estrategiaconcursos.com.br\/blog\/concurso-ibama-proposta-aumento-efetivo\/#primaryimage"},"image":{"@id":"https:\/\/www.estrategiaconcursos.com.br\/blog\/concurso-ibama-proposta-aumento-efetivo\/#primaryimage"},"thumbnailUrl":"https:\/\/dhg1h5j42swfq.cloudfront.net\/2022\/01\/21150137\/ibama-1.jpg","datePublished":"2022-12-01T20:24:15+00:00","dateModified":"2022-12-02T13:11:19+00:00","description":"Foi protocolado o PL 2890\/2022 que prev\u00ea o aumento do efetivo do IBAMA, sendo necess\u00e1ria a realiza\u00e7\u00e3o de concurso para o \u00f3rg\u00e3o.","breadcrumb":{"@id":"https:\/\/www.estrategiaconcursos.com.br\/blog\/concurso-ibama-proposta-aumento-efetivo\/#breadcrumb"},"inLanguage":"pt-BR","potentialAction":[{"@type":"ReadAction","target":["https:\/\/www.estrategiaconcursos.com.br\/blog\/concurso-ibama-proposta-aumento-efetivo\/"]}]},{"@type":"ImageObject","inLanguage":"pt-BR","@id":"https:\/\/www.estrategiaconcursos.com.br\/blog\/concurso-ibama-proposta-aumento-efetivo\/#primaryimage","url":"https:\/\/dhg1h5j42swfq.cloudfront.net\/2022\/01\/21150137\/ibama-1.jpg","contentUrl":"https:\/\/dhg1h5j42swfq.cloudfront.net\/2022\/01\/21150137\/ibama-1.jpg","width":300,"height":168,"caption":"IBAMA nomea\u00e7\u00f5es"},{"@type":"BreadcrumbList","@id":"https:\/\/www.estrategiaconcursos.com.br\/blog\/concurso-ibama-proposta-aumento-efetivo\/#breadcrumb","itemListElement":[{"@type":"ListItem","position":1,"name":"In\u00edcio","item":"https:\/\/www.estrategiaconcursos.com.br\/blog\/"},{"@type":"ListItem","position":2,"name":"Concurso IBAMA: proposta de aumento do efetivo protocolada"}]},{"@type":"WebSite","@id":"https:\/\/www.estrategiaconcursos.com.br\/blog\/#website","url":"https:\/\/www.estrategiaconcursos.com.br\/blog\/","name":"Estrat\u00e9gia Concursos","description":"O blog da Estrat\u00e9gia Concursos traz not\u00edcias sobre concursos e artigos de professores oferecendo cursos para concursos (pdf + videaulas) no site.","publisher":{"@id":"https:\/\/www.estrategiaconcursos.com.br\/blog\/#organization"},"potentialAction":[{"@type":"SearchAction","target":{"@type":"EntryPoint","urlTemplate":"https:\/\/www.estrategiaconcursos.com.br\/blog\/?s={search_term_string}"},"query-input":{"@type":"PropertyValueSpecification","valueRequired":true,"valueName":"search_term_string"}}],"inLanguage":"pt-BR"},{"@type":"Organization","@id":"https:\/\/www.estrategiaconcursos.com.br\/blog\/#organization","name":"Estrat\u00e9gia Concursos","url":"https:\/\/www.estrategiaconcursos.com.br\/blog\/","logo":{"@type":"ImageObject","inLanguage":"pt-BR","@id":"https:\/\/www.estrategiaconcursos.com.br\/blog\/#\/schema\/logo\/image\/","url":"https:\/\/dhg1h5j42swfq.cloudfront.net\/2025\/06\/03203428\/logo_concursos-1.jpg","contentUrl":"https:\/\/dhg1h5j42swfq.cloudfront.net\/2025\/06\/03203428\/logo_concursos-1.jpg","width":230,"height":60,"caption":"Estrat\u00e9gia Concursos"},"image":{"@id":"https:\/\/www.estrategiaconcursos.com.br\/blog\/#\/schema\/logo\/image\/"},"sameAs":["https:\/\/x.com\/EstratConcursos"]},{"@type":"Person","@id":"https:\/\/www.estrategiaconcursos.com.br\/blog\/#\/schema\/person\/4970184533d0a3ffa5b0299ae0a2b21f","name":"Thiago Cavalcante Gomes","image":{"@type":"ImageObject","inLanguage":"pt-BR","@id":"https:\/\/secure.gravatar.com\/avatar\/?s=96&d=mm&r=g","url":"https:\/\/secure.gravatar.com\/avatar\/?s=96&d=mm&r=g","contentUrl":"https:\/\/secure.gravatar.com\/avatar\/?s=96&d=mm&r=g","caption":"Thiago Cavalcante Gomes"},"url":"https:\/\/www.estrategiaconcursos.com.br\/blog\/author\/thiago-gomes\/"}]}},"_links":{"self":[{"href":"https:\/\/www.estrategiaconcursos.com.br\/blog\/wp-json\/wp\/v2\/posts\/1133026","targetHints":{"allow":["GET"]}}],"collection":[{"href":"https:\/\/www.estrategiaconcursos.com.br\/blog\/wp-json\/wp\/v2\/posts"}],"about":[{"href":"https:\/\/www.estrategiaconcursos.com.br\/blog\/wp-json\/wp\/v2\/types\/post"}],"author":[{"embeddable":true,"href":"https:\/\/www.estrategiaconcursos.com.br\/blog\/wp-json\/wp\/v2\/users\/2041"}],"replies":[{"embeddable":true,"href":"https:\/\/www.estrategiaconcursos.com.br\/blog\/wp-json\/wp\/v2\/comments?post=1133026"}],"version-history":[{"count":5,"href":"https:\/\/www.estrategiaconcursos.com.br\/blog\/wp-json\/wp\/v2\/posts\/1133026\/revisions"}],"predecessor-version":[{"id":1133310,"href":"https:\/\/www.estrategiaconcursos.com.br\/blog\/wp-json\/wp\/v2\/posts\/1133026\/revisions\/1133310"}],"wp:featuredmedia":[{"embeddable":true,"href":"https:\/\/www.estrategiaconcursos.com.br\/blog\/wp-json\/wp\/v2\/media\/951975"}],"wp:attachment":[{"href":"https:\/\/www.estrategiaconcursos.com.br\/blog\/wp-json\/wp\/v2\/media?parent=1133026"}],"wp:term":[{"taxonomy":"category","embeddable":true,"href":"https:\/\/www.estrategiaconcursos.com.br\/blog\/wp-json\/wp\/v2\/categories?post=1133026"},{"taxonomy":"post_tag","embeddable":true,"href":"https:\/\/www.estrategiaconcursos.com.br\/blog\/wp-json\/wp\/v2\/tags?post=1133026"},{"taxonomy":"tax_estado","embeddable":true,"href":"https:\/\/www.estrategiaconcursos.com.br\/blog\/wp-json\/wp\/v2\/tax_estado?post=1133026"}],"curies":[{"name":"wp","href":"https:\/\/api.w.org\/{rel}","templated":true}]}}