{"id":1131484,"date":"2022-11-29T16:05:24","date_gmt":"2022-11-29T19:05:24","guid":{"rendered":"https:\/\/www.estrategiaconcursos.com.br\/blog\/?p=1131484"},"modified":"2022-11-29T16:43:42","modified_gmt":"2022-11-29T19:43:42","slug":"concurso-undf-resultado-final-objetiva","status":"publish","type":"post","link":"https:\/\/www.estrategiaconcursos.com.br\/blog\/concurso-undf-resultado-final-objetiva\/","title":{"rendered":"Concurso UnDF: resultado final da objetiva divulgado!"},"content":{"rendered":"\n<p>Foram divulgados nesta ter\u00e7a-feira, 29 de novembro, o resultado final da prova objetiva e a convoca\u00e7\u00e3o para a prova discursiva do <strong>concurso UnDF<\/strong> (<a href=\"https:\/\/www.estrategiaconcursos.com.br\/cursosPorConcurso\/universidade-do-distrito-federal-jorge-amaury-undf\/\" target=\"_blank\" rel=\"noreferrer noopener\">Universidade do Distrito Federal Jorge Amaury<\/a>)!<\/p>\n\n\n\n<p>O edital oferta 350 <strong>vagas imediatas<\/strong> mais <strong>1.050<\/strong> oportunidades em cadastro de reserva distribu\u00eddas na carreira de magist\u00e9rio entre os cargos de Professor de Educa\u00e7\u00e3o Superior e Tutor da Educa\u00e7\u00e3o Superior, de n\u00edvel superior de escolaridade.<\/p>\n\n\n\n<p>Os candidatos foram avaliados por prova objetiva com 60 quest\u00f5es de m\u00faltipla escolha, de car\u00e1ter eliminat\u00f3rio e classificat\u00f3ria, no dia 23 de outubro de 2022.<\/p>\n\n\n\n<p>Confira abaixo o resultado e a convoca\u00e7\u00e3o para etapa de prova discursiva!<\/p>\n\n\n\n<h2 class=\"has-text-align-center has-background has-medium-font-size wp-block-heading\" style=\"background-color:#8551e024\"><a href=\"https:\/\/dhg1h5j42swfq.cloudfront.net\/2022\/11\/29160004\/20221126202641890.pdf\" target=\"_blank\" rel=\"noreferrer noopener nofollow\">Resultado concurso UnDF<\/a><\/h2>\n\n\n\n<h3 class=\"wp-block-heading\" id=\"concurso-undf-salarios\">Concurso UnDF: sal\u00e1rios<\/h3>\n\n\n\n<p>De acordo com o edital publicado, os aprovados far\u00e3o jus \u00e0s seguintes remunera\u00e7\u00f5es iniciais:<\/p>\n\n\n\n<ul class=\"wp-block-list\"><li><strong>Forma\u00e7\u00e3o &#8211; Especializa\u00e7\u00e3o<\/strong><ul><li>20 horas:\u00a0<strong>R$ 2.200,00<\/strong>; ou<\/li><li>40 horas:\u00a0<strong>R$ 4.400,00<\/strong>.<\/li><\/ul><\/li><li><strong>Forma\u00e7\u00e3o &#8211; Mestrado<\/strong><ul><li>20 horas:\u00a0<strong>R$ 2.400,00<\/strong>; ou<\/li><li>40 horas:\u00a0<strong>R$ 4.800,00<\/strong>.<\/li><\/ul><\/li><li><strong>Forma\u00e7\u00e3o &#8211; Doutorado<\/strong><ul><li>20 horas:\u00a0<strong>R$ 2.600,00<\/strong>; ou<\/li><li>40 horas:\u00a0<strong>R$ 5.200,00<\/strong>.<\/li><\/ul><\/li><\/ul>\n\n\n\n<h3 class=\"wp-block-heading\" id=\"requisito\">Requisitos <\/h3>\n\n\n\n<p><strong>I \u2013 professor de educa\u00e7\u00e3o superior:\u00a0<\/strong>diploma de curso superior ou habilita\u00e7\u00e3o legal equivalente e titula\u00e7\u00e3o m\u00ednima obrigat\u00f3ria de especializa\u00e7\u00e3o, com carga hor\u00e1ria m\u00ednima de 360 horas, ambos fornecidos por institui\u00e7\u00e3o de ensino devidamente reconhecida pelo Minist\u00e9rio da Educa\u00e7\u00e3o, com forma\u00e7\u00e3o nas \u00e1reas definidas no edital normativo do concurso p\u00fablico e registro no conselho de classe profissional, quando o edital assim estabelecer;<br \/><strong>II \u2013 tutor da educa\u00e7\u00e3o superior:<\/strong>\u00a0diploma de curso superior ou habilita\u00e7\u00e3o legal equivalente e titula\u00e7\u00e3o m\u00ednima obrigat\u00f3ria de especializa\u00e7\u00e3o, com carga hor\u00e1ria m\u00ednima de 360 horas, ambos fornecidos por institui\u00e7\u00e3o de ensino devidamente reconhecida pelo Minist\u00e9rio da Educa\u00e7\u00e3o, com forma\u00e7\u00e3o nas \u00e1reas definidas no edital normativo do concurso p\u00fablico e registro no conselho de classe profissional, quando o edital assim estabelecer.<\/p>\n\n\n\n<p>Ficou interessado em saber mais informa\u00e7\u00f5es sobre o concurso UnDF, cujo resultado final da prova objetiva voc\u00ea acabou de conferir? Elaboramos um artigo completo para voc\u00ea!<\/p>\n\n\n\n<p class=\"has-text-align-center has-background has-medium-font-size\" style=\"background-color:#8f51e036\"><strong>Saiba mais: <a href=\"https:\/\/www.estrategiaconcursos.com.br\/blog\/concurso-undf\/\" target=\"_blank\" rel=\"noreferrer noopener\">concurso UnDF<\/a><\/strong><\/p>\n\n\n\n<h2 class=\"has-text-align-center wp-block-heading\" id=\"h-quer-saber-tudo-sobre-concursos-previstos-confira-nossos-artigos\">Quer saber tudo sobre concursos previstos?<br \/>Confira nossos artigos!<\/h2>\n\n\n\n<ul class=\"wp-block-list\"><li><a href=\"https:\/\/www.estrategiaconcursos.com.br\/blog\/concursos-abertos\/\" target=\"_blank\" rel=\"noreferrer noopener\">Concursos abertos<\/a><\/li><li><a href=\"https:\/\/www.estrategiaconcursos.com.br\/blog\/concursos-2022\/\" target=\"_blank\" rel=\"noreferrer noopener\">Concursos 2022<\/a><\/li><li><a href=\"https:\/\/www.estrategiaconcursos.com.br\/blog\/concursos-educacao-2022\/\" target=\"_blank\" rel=\"noreferrer noopener\">Concursos Educa\u00e7\u00e3o 2022<\/a><\/li><\/ul>\n\n\n\n<h2 class=\"has-text-align-center wp-block-heading\" id=\"CURSO\">CURSOS E ASSINATURAS<\/h2>\n\n\n\n<p class=\"has-text-align-center\"><strong><em>Gostou dessa oportunidade&nbsp;e deseja se preparar para este concurso?<\/em><\/strong><br \/><strong><em>Esteja mais preparado com nossos cursos. Acompanhe as novidades!<\/em><\/strong><\/p>\n\n\n\n<div class=\"col-sm\">\n      <div class=\"banner-estrategia\" id=\"box-assinatura\">\n        <h3 class=\"titulo-assinatura\">Cursos para UnDF<\/h3>\n        <p class=\"subtitulo-assinatura\">Conhe\u00e7a os cursos<\/p>\n        <div class=\"box-botao\">\n          <a class=\"btn-assinatura\" target=\"_blank\" href=\"https:\/\/www.estrategiaconcursos.com.br\/cursosPorConcurso\/universidade-do-distrito-federal-jorge-amaury-undf\/\" role=\"button\" rel=\"noopener noreferrer\">Conhe\u00e7a mais<\/a>\n        <\/div>\n      <\/div>\n      <p class=\"texto-auxiliar\">Prepare-se com o melhor material e com quem mais aprova em Concursos P\u00fablicos em todo o pa\u00eds.<\/p>\n    <\/div>\n\n\n\n<div class=\"container\" id=\"boxes\">\n  <div class=\"row\">\n\n    <div class=\"col-sm\">\n      <div class=\"estrategia\" id=\"box-assinatura\">\n        <h3 class=\"titulo-assinatura\">Assinatura Concursos<\/h3>\n        <p class=\"subtitulo-assinatura\">Assinatura de 1 ano ou 2 anos<\/p>\n        <div class=\"box-botao\">\n          <a class=\"btn-assinatura\" target=\"_blank\" href=\"https:\/\/www.estrategiaconcursos.com.br\/assinaturas\/\" role=\"button\" rel=\"noopener noreferrer\">ASSINE AGORA<\/a>\n        <\/div>\n      <\/div>\n     \n    <\/div><\/div><\/div>\n","protected":false},"excerpt":{"rendered":"<p>Foram divulgados nesta ter\u00e7a-feira, 29 de novembro, o resultado final da prova objetiva e a convoca\u00e7\u00e3o para a prova discursiva do concurso UnDF (Universidade do Distrito Federal Jorge Amaury)! O edital oferta 350 vagas imediatas mais 1.050 oportunidades em cadastro de reserva distribu\u00eddas na carreira de magist\u00e9rio entre os cargos de Professor de Educa\u00e7\u00e3o Superior [&hellip;]<\/p>\n","protected":false},"author":2402,"featured_media":827682,"comment_status":"open","ping_status":"closed","sticky":false,"template":"","format":"standard","meta":{"post_tipo":"news","footnotes":""},"categories":[3766,220219],"tags":[],"tax_estado":[219970],"class_list":["post-1131484","post","type-post","status-publish","format-standard","has-post-thumbnail","hentry","category-educacional","category-noticias","tax_estado-df"],"acf":[],"yoast_head":"<!-- This site is optimized with the Yoast SEO Premium plugin v27.2 (Yoast SEO v27.2) - https:\/\/yoast.com\/product\/yoast-seo-premium-wordpress\/ -->\n<title>Concurso UnDF: resultado final da objetiva divulgado!<\/title>\n<meta name=\"description\" content=\"Concurso UnDF: veja aqui no site do Estrat\u00e9gia Concursos o resultado final da prova objetiva e a convoca\u00e7\u00e3o para etapa discursiva do edital!\" \/>\n<meta name=\"robots\" content=\"index, follow, max-snippet:-1, max-image-preview:large, max-video-preview:-1\" \/>\n<link rel=\"canonical\" href=\"https:\/\/www.estrategiaconcursos.com.br\/blog\/concurso-undf-resultado-final-objetiva\/\" \/>\n<meta property=\"og:locale\" content=\"pt_BR\" \/>\n<meta property=\"og:type\" content=\"article\" \/>\n<meta property=\"og:title\" content=\"Concurso UnDF: resultado final da objetiva divulgado!\" \/>\n<meta property=\"og:description\" content=\"Concurso UnDF: veja aqui no site do Estrat\u00e9gia Concursos o resultado final da prova objetiva e a convoca\u00e7\u00e3o para etapa discursiva do edital!\" \/>\n<meta property=\"og:url\" content=\"https:\/\/www.estrategiaconcursos.com.br\/blog\/concurso-undf-resultado-final-objetiva\/\" \/>\n<meta property=\"og:site_name\" content=\"Estrat\u00e9gia Concursos\" \/>\n<meta property=\"article:published_time\" content=\"2022-11-29T19:05:24+00:00\" \/>\n<meta property=\"article:modified_time\" content=\"2022-11-29T19:43:42+00:00\" \/>\n<meta property=\"og:image\" content=\"https:\/\/dhg1h5j42swfq.cloudfront.net\/2021\/07\/03112755\/undf.jpeg\" \/>\n\t<meta property=\"og:image:width\" content=\"768\" \/>\n\t<meta property=\"og:image:height\" content=\"432\" \/>\n\t<meta property=\"og:image:type\" content=\"image\/jpeg\" \/>\n<meta name=\"author\" content=\"Daniela Santos Nascimento\" \/>\n<meta name=\"twitter:card\" content=\"summary_large_image\" \/>\n<meta name=\"twitter:creator\" content=\"@EstratConcursos\" \/>\n<meta name=\"twitter:site\" content=\"@EstratConcursos\" \/>\n<meta name=\"twitter:label1\" content=\"Escrito por\" \/>\n\t<meta name=\"twitter:data1\" content=\"Daniela Santos Nascimento\" \/>\n\t<meta name=\"twitter:label2\" content=\"Est. tempo de leitura\" \/>\n\t<meta name=\"twitter:data2\" content=\"2 minutos\" \/>\n<script type=\"application\/ld+json\" class=\"yoast-schema-graph\">{\"@context\":\"https:\/\/schema.org\",\"@graph\":[{\"@type\":\"NewsArticle\",\"@id\":\"https:\/\/www.estrategiaconcursos.com.br\/blog\/concurso-undf-resultado-final-objetiva\/#article\",\"isPartOf\":{\"@id\":\"https:\/\/www.estrategiaconcursos.com.br\/blog\/concurso-undf-resultado-final-objetiva\/\"},\"author\":{\"name\":\"Daniela Santos Nascimento\",\"@id\":\"https:\/\/www.estrategiaconcursos.com.br\/blog\/#\/schema\/person\/399990d02336f200766707b881aee98f\"},\"headline\":\"Concurso UnDF: resultado final da objetiva divulgado!\",\"datePublished\":\"2022-11-29T19:05:24+00:00\",\"dateModified\":\"2022-11-29T19:43:42+00:00\",\"mainEntityOfPage\":{\"@id\":\"https:\/\/www.estrategiaconcursos.com.br\/blog\/concurso-undf-resultado-final-objetiva\/\"},\"wordCount\":421,\"commentCount\":0,\"publisher\":{\"@id\":\"https:\/\/www.estrategiaconcursos.com.br\/blog\/#organization\"},\"image\":{\"@id\":\"https:\/\/www.estrategiaconcursos.com.br\/blog\/concurso-undf-resultado-final-objetiva\/#primaryimage\"},\"thumbnailUrl\":\"https:\/\/dhg1h5j42swfq.cloudfront.net\/2021\/07\/03112755\/undf.jpeg\",\"articleSection\":[\"Educa\u00e7\u00e3o\",\"\u00daltimas not\u00edcias\"],\"inLanguage\":\"pt-BR\",\"potentialAction\":[{\"@type\":\"CommentAction\",\"name\":\"Comment\",\"target\":[\"https:\/\/www.estrategiaconcursos.com.br\/blog\/concurso-undf-resultado-final-objetiva\/#respond\"]}],\"copyrightYear\":\"2022\",\"copyrightHolder\":{\"@id\":\"https:\/\/www.estrategiaconcursos.com.br\/blog\/#organization\"}},{\"@type\":\"WebPage\",\"@id\":\"https:\/\/www.estrategiaconcursos.com.br\/blog\/concurso-undf-resultado-final-objetiva\/\",\"url\":\"https:\/\/www.estrategiaconcursos.com.br\/blog\/concurso-undf-resultado-final-objetiva\/\",\"name\":\"Concurso UnDF: resultado final da objetiva divulgado!\",\"isPartOf\":{\"@id\":\"https:\/\/www.estrategiaconcursos.com.br\/blog\/#website\"},\"primaryImageOfPage\":{\"@id\":\"https:\/\/www.estrategiaconcursos.com.br\/blog\/concurso-undf-resultado-final-objetiva\/#primaryimage\"},\"image\":{\"@id\":\"https:\/\/www.estrategiaconcursos.com.br\/blog\/concurso-undf-resultado-final-objetiva\/#primaryimage\"},\"thumbnailUrl\":\"https:\/\/dhg1h5j42swfq.cloudfront.net\/2021\/07\/03112755\/undf.jpeg\",\"datePublished\":\"2022-11-29T19:05:24+00:00\",\"dateModified\":\"2022-11-29T19:43:42+00:00\",\"description\":\"Concurso UnDF: veja aqui no site do Estrat\u00e9gia Concursos o resultado final da prova objetiva e a convoca\u00e7\u00e3o para etapa discursiva do edital!\",\"breadcrumb\":{\"@id\":\"https:\/\/www.estrategiaconcursos.com.br\/blog\/concurso-undf-resultado-final-objetiva\/#breadcrumb\"},\"inLanguage\":\"pt-BR\",\"potentialAction\":[{\"@type\":\"ReadAction\",\"target\":[\"https:\/\/www.estrategiaconcursos.com.br\/blog\/concurso-undf-resultado-final-objetiva\/\"]}]},{\"@type\":\"ImageObject\",\"inLanguage\":\"pt-BR\",\"@id\":\"https:\/\/www.estrategiaconcursos.com.br\/blog\/concurso-undf-resultado-final-objetiva\/#primaryimage\",\"url\":\"https:\/\/dhg1h5j42swfq.cloudfront.net\/2021\/07\/03112755\/undf.jpeg\",\"contentUrl\":\"https:\/\/dhg1h5j42swfq.cloudfront.net\/2021\/07\/03112755\/undf.jpeg\",\"width\":768,\"height\":432,\"caption\":\"Concurso UnDF inscri\u00e7\u00f5es\"},{\"@type\":\"BreadcrumbList\",\"@id\":\"https:\/\/www.estrategiaconcursos.com.br\/blog\/concurso-undf-resultado-final-objetiva\/#breadcrumb\",\"itemListElement\":[{\"@type\":\"ListItem\",\"position\":1,\"name\":\"In\u00edcio\",\"item\":\"https:\/\/www.estrategiaconcursos.com.br\/blog\/\"},{\"@type\":\"ListItem\",\"position\":2,\"name\":\"Concurso UnDF: resultado final da objetiva divulgado!\"}]},{\"@type\":\"WebSite\",\"@id\":\"https:\/\/www.estrategiaconcursos.com.br\/blog\/#website\",\"url\":\"https:\/\/www.estrategiaconcursos.com.br\/blog\/\",\"name\":\"Estrat\u00e9gia Concursos\",\"description\":\"O blog da Estrat\u00e9gia Concursos traz not\u00edcias sobre concursos e artigos de professores oferecendo cursos para concursos (pdf + videaulas) no site.\",\"publisher\":{\"@id\":\"https:\/\/www.estrategiaconcursos.com.br\/blog\/#organization\"},\"potentialAction\":[{\"@type\":\"SearchAction\",\"target\":{\"@type\":\"EntryPoint\",\"urlTemplate\":\"https:\/\/www.estrategiaconcursos.com.br\/blog\/?s={search_term_string}\"},\"query-input\":{\"@type\":\"PropertyValueSpecification\",\"valueRequired\":true,\"valueName\":\"search_term_string\"}}],\"inLanguage\":\"pt-BR\"},{\"@type\":\"Organization\",\"@id\":\"https:\/\/www.estrategiaconcursos.com.br\/blog\/#organization\",\"name\":\"Estrat\u00e9gia Concursos\",\"url\":\"https:\/\/www.estrategiaconcursos.com.br\/blog\/\",\"logo\":{\"@type\":\"ImageObject\",\"inLanguage\":\"pt-BR\",\"@id\":\"https:\/\/www.estrategiaconcursos.com.br\/blog\/#\/schema\/logo\/image\/\",\"url\":\"https:\/\/dhg1h5j42swfq.cloudfront.net\/2025\/06\/03203428\/logo_concursos-1.jpg\",\"contentUrl\":\"https:\/\/dhg1h5j42swfq.cloudfront.net\/2025\/06\/03203428\/logo_concursos-1.jpg\",\"width\":230,\"height\":60,\"caption\":\"Estrat\u00e9gia Concursos\"},\"image\":{\"@id\":\"https:\/\/www.estrategiaconcursos.com.br\/blog\/#\/schema\/logo\/image\/\"},\"sameAs\":[\"https:\/\/x.com\/EstratConcursos\"]},{\"@type\":\"Person\",\"@id\":\"https:\/\/www.estrategiaconcursos.com.br\/blog\/#\/schema\/person\/399990d02336f200766707b881aee98f\",\"name\":\"Daniela Santos Nascimento\",\"image\":{\"@type\":\"ImageObject\",\"inLanguage\":\"pt-BR\",\"@id\":\"https:\/\/secure.gravatar.com\/avatar\/7f343622ad121e2893832a8c76808be436bdfcbf2f7d696174c94ecd84f2384a?s=96&d=mm&r=g\",\"url\":\"https:\/\/secure.gravatar.com\/avatar\/7f343622ad121e2893832a8c76808be436bdfcbf2f7d696174c94ecd84f2384a?s=96&d=mm&r=g\",\"contentUrl\":\"https:\/\/secure.gravatar.com\/avatar\/7f343622ad121e2893832a8c76808be436bdfcbf2f7d696174c94ecd84f2384a?s=96&d=mm&r=g\",\"caption\":\"Daniela Santos Nascimento\"},\"url\":\"https:\/\/www.estrategiaconcursos.com.br\/blog\/author\/daniela-nascimentoestrategia-com\/\"}]}<\/script>\n<!-- \/ Yoast SEO Premium plugin. -->","yoast_head_json":{"title":"Concurso UnDF: resultado final da objetiva divulgado!","description":"Concurso UnDF: veja aqui no site do Estrat\u00e9gia Concursos o resultado final da prova objetiva e a convoca\u00e7\u00e3o para etapa discursiva do edital!","robots":{"index":"index","follow":"follow","max-snippet":"max-snippet:-1","max-image-preview":"max-image-preview:large","max-video-preview":"max-video-preview:-1"},"canonical":"https:\/\/www.estrategiaconcursos.com.br\/blog\/concurso-undf-resultado-final-objetiva\/","og_locale":"pt_BR","og_type":"article","og_title":"Concurso UnDF: resultado final da objetiva divulgado!","og_description":"Concurso UnDF: veja aqui no site do Estrat\u00e9gia Concursos o resultado final da prova objetiva e a convoca\u00e7\u00e3o para etapa discursiva do edital!","og_url":"https:\/\/www.estrategiaconcursos.com.br\/blog\/concurso-undf-resultado-final-objetiva\/","og_site_name":"Estrat\u00e9gia Concursos","article_published_time":"2022-11-29T19:05:24+00:00","article_modified_time":"2022-11-29T19:43:42+00:00","og_image":[{"width":768,"height":432,"url":"https:\/\/dhg1h5j42swfq.cloudfront.net\/2021\/07\/03112755\/undf.jpeg","type":"image\/jpeg"}],"author":"Daniela Santos Nascimento","twitter_card":"summary_large_image","twitter_creator":"@EstratConcursos","twitter_site":"@EstratConcursos","twitter_misc":{"Escrito por":"Daniela Santos Nascimento","Est. tempo de leitura":"2 minutos"},"schema":{"@context":"https:\/\/schema.org","@graph":[{"@type":"NewsArticle","@id":"https:\/\/www.estrategiaconcursos.com.br\/blog\/concurso-undf-resultado-final-objetiva\/#article","isPartOf":{"@id":"https:\/\/www.estrategiaconcursos.com.br\/blog\/concurso-undf-resultado-final-objetiva\/"},"author":{"name":"Daniela Santos Nascimento","@id":"https:\/\/www.estrategiaconcursos.com.br\/blog\/#\/schema\/person\/399990d02336f200766707b881aee98f"},"headline":"Concurso UnDF: resultado final da objetiva divulgado!","datePublished":"2022-11-29T19:05:24+00:00","dateModified":"2022-11-29T19:43:42+00:00","mainEntityOfPage":{"@id":"https:\/\/www.estrategiaconcursos.com.br\/blog\/concurso-undf-resultado-final-objetiva\/"},"wordCount":421,"commentCount":0,"publisher":{"@id":"https:\/\/www.estrategiaconcursos.com.br\/blog\/#organization"},"image":{"@id":"https:\/\/www.estrategiaconcursos.com.br\/blog\/concurso-undf-resultado-final-objetiva\/#primaryimage"},"thumbnailUrl":"https:\/\/dhg1h5j42swfq.cloudfront.net\/2021\/07\/03112755\/undf.jpeg","articleSection":["Educa\u00e7\u00e3o","\u00daltimas not\u00edcias"],"inLanguage":"pt-BR","potentialAction":[{"@type":"CommentAction","name":"Comment","target":["https:\/\/www.estrategiaconcursos.com.br\/blog\/concurso-undf-resultado-final-objetiva\/#respond"]}],"copyrightYear":"2022","copyrightHolder":{"@id":"https:\/\/www.estrategiaconcursos.com.br\/blog\/#organization"}},{"@type":"WebPage","@id":"https:\/\/www.estrategiaconcursos.com.br\/blog\/concurso-undf-resultado-final-objetiva\/","url":"https:\/\/www.estrategiaconcursos.com.br\/blog\/concurso-undf-resultado-final-objetiva\/","name":"Concurso UnDF: resultado final da objetiva divulgado!","isPartOf":{"@id":"https:\/\/www.estrategiaconcursos.com.br\/blog\/#website"},"primaryImageOfPage":{"@id":"https:\/\/www.estrategiaconcursos.com.br\/blog\/concurso-undf-resultado-final-objetiva\/#primaryimage"},"image":{"@id":"https:\/\/www.estrategiaconcursos.com.br\/blog\/concurso-undf-resultado-final-objetiva\/#primaryimage"},"thumbnailUrl":"https:\/\/dhg1h5j42swfq.cloudfront.net\/2021\/07\/03112755\/undf.jpeg","datePublished":"2022-11-29T19:05:24+00:00","dateModified":"2022-11-29T19:43:42+00:00","description":"Concurso UnDF: veja aqui no site do Estrat\u00e9gia Concursos o resultado final da prova objetiva e a convoca\u00e7\u00e3o para etapa discursiva do edital!","breadcrumb":{"@id":"https:\/\/www.estrategiaconcursos.com.br\/blog\/concurso-undf-resultado-final-objetiva\/#breadcrumb"},"inLanguage":"pt-BR","potentialAction":[{"@type":"ReadAction","target":["https:\/\/www.estrategiaconcursos.com.br\/blog\/concurso-undf-resultado-final-objetiva\/"]}]},{"@type":"ImageObject","inLanguage":"pt-BR","@id":"https:\/\/www.estrategiaconcursos.com.br\/blog\/concurso-undf-resultado-final-objetiva\/#primaryimage","url":"https:\/\/dhg1h5j42swfq.cloudfront.net\/2021\/07\/03112755\/undf.jpeg","contentUrl":"https:\/\/dhg1h5j42swfq.cloudfront.net\/2021\/07\/03112755\/undf.jpeg","width":768,"height":432,"caption":"Concurso UnDF inscri\u00e7\u00f5es"},{"@type":"BreadcrumbList","@id":"https:\/\/www.estrategiaconcursos.com.br\/blog\/concurso-undf-resultado-final-objetiva\/#breadcrumb","itemListElement":[{"@type":"ListItem","position":1,"name":"In\u00edcio","item":"https:\/\/www.estrategiaconcursos.com.br\/blog\/"},{"@type":"ListItem","position":2,"name":"Concurso UnDF: resultado final da objetiva divulgado!"}]},{"@type":"WebSite","@id":"https:\/\/www.estrategiaconcursos.com.br\/blog\/#website","url":"https:\/\/www.estrategiaconcursos.com.br\/blog\/","name":"Estrat\u00e9gia Concursos","description":"O blog da Estrat\u00e9gia Concursos traz not\u00edcias sobre concursos e artigos de professores oferecendo cursos para concursos (pdf + videaulas) no site.","publisher":{"@id":"https:\/\/www.estrategiaconcursos.com.br\/blog\/#organization"},"potentialAction":[{"@type":"SearchAction","target":{"@type":"EntryPoint","urlTemplate":"https:\/\/www.estrategiaconcursos.com.br\/blog\/?s={search_term_string}"},"query-input":{"@type":"PropertyValueSpecification","valueRequired":true,"valueName":"search_term_string"}}],"inLanguage":"pt-BR"},{"@type":"Organization","@id":"https:\/\/www.estrategiaconcursos.com.br\/blog\/#organization","name":"Estrat\u00e9gia Concursos","url":"https:\/\/www.estrategiaconcursos.com.br\/blog\/","logo":{"@type":"ImageObject","inLanguage":"pt-BR","@id":"https:\/\/www.estrategiaconcursos.com.br\/blog\/#\/schema\/logo\/image\/","url":"https:\/\/dhg1h5j42swfq.cloudfront.net\/2025\/06\/03203428\/logo_concursos-1.jpg","contentUrl":"https:\/\/dhg1h5j42swfq.cloudfront.net\/2025\/06\/03203428\/logo_concursos-1.jpg","width":230,"height":60,"caption":"Estrat\u00e9gia Concursos"},"image":{"@id":"https:\/\/www.estrategiaconcursos.com.br\/blog\/#\/schema\/logo\/image\/"},"sameAs":["https:\/\/x.com\/EstratConcursos"]},{"@type":"Person","@id":"https:\/\/www.estrategiaconcursos.com.br\/blog\/#\/schema\/person\/399990d02336f200766707b881aee98f","name":"Daniela Santos Nascimento","image":{"@type":"ImageObject","inLanguage":"pt-BR","@id":"https:\/\/secure.gravatar.com\/avatar\/7f343622ad121e2893832a8c76808be436bdfcbf2f7d696174c94ecd84f2384a?s=96&d=mm&r=g","url":"https:\/\/secure.gravatar.com\/avatar\/7f343622ad121e2893832a8c76808be436bdfcbf2f7d696174c94ecd84f2384a?s=96&d=mm&r=g","contentUrl":"https:\/\/secure.gravatar.com\/avatar\/7f343622ad121e2893832a8c76808be436bdfcbf2f7d696174c94ecd84f2384a?s=96&d=mm&r=g","caption":"Daniela Santos Nascimento"},"url":"https:\/\/www.estrategiaconcursos.com.br\/blog\/author\/daniela-nascimentoestrategia-com\/"}]}},"_links":{"self":[{"href":"https:\/\/www.estrategiaconcursos.com.br\/blog\/wp-json\/wp\/v2\/posts\/1131484","targetHints":{"allow":["GET"]}}],"collection":[{"href":"https:\/\/www.estrategiaconcursos.com.br\/blog\/wp-json\/wp\/v2\/posts"}],"about":[{"href":"https:\/\/www.estrategiaconcursos.com.br\/blog\/wp-json\/wp\/v2\/types\/post"}],"author":[{"embeddable":true,"href":"https:\/\/www.estrategiaconcursos.com.br\/blog\/wp-json\/wp\/v2\/users\/2402"}],"replies":[{"embeddable":true,"href":"https:\/\/www.estrategiaconcursos.com.br\/blog\/wp-json\/wp\/v2\/comments?post=1131484"}],"version-history":[{"count":9,"href":"https:\/\/www.estrategiaconcursos.com.br\/blog\/wp-json\/wp\/v2\/posts\/1131484\/revisions"}],"predecessor-version":[{"id":1131529,"href":"https:\/\/www.estrategiaconcursos.com.br\/blog\/wp-json\/wp\/v2\/posts\/1131484\/revisions\/1131529"}],"wp:featuredmedia":[{"embeddable":true,"href":"https:\/\/www.estrategiaconcursos.com.br\/blog\/wp-json\/wp\/v2\/media\/827682"}],"wp:attachment":[{"href":"https:\/\/www.estrategiaconcursos.com.br\/blog\/wp-json\/wp\/v2\/media?parent=1131484"}],"wp:term":[{"taxonomy":"category","embeddable":true,"href":"https:\/\/www.estrategiaconcursos.com.br\/blog\/wp-json\/wp\/v2\/categories?post=1131484"},{"taxonomy":"post_tag","embeddable":true,"href":"https:\/\/www.estrategiaconcursos.com.br\/blog\/wp-json\/wp\/v2\/tags?post=1131484"},{"taxonomy":"tax_estado","embeddable":true,"href":"https:\/\/www.estrategiaconcursos.com.br\/blog\/wp-json\/wp\/v2\/tax_estado?post=1131484"}],"curies":[{"name":"wp","href":"https:\/\/api.w.org\/{rel}","templated":true}]}}