{"id":1131455,"date":"2022-12-01T21:45:00","date_gmt":"2022-12-02T00:45:00","guid":{"rendered":"https:\/\/www.estrategiaconcursos.com.br\/blog\/?p=1131455"},"modified":"2023-01-18T14:15:22","modified_gmt":"2023-01-18T17:15:22","slug":"concurso-inss-comentarios-recursos-raciocinio-logico","status":"publish","type":"post","link":"https:\/\/www.estrategiaconcursos.com.br\/blog\/concurso-inss-comentarios-recursos-raciocinio-logico\/","title":{"rendered":"Concurso INSS: coment\u00e1rios e recursos de Racioc\u00ednio L\u00f3gico"},"content":{"rendered":"\n<p>As provas do&nbsp;<strong>concurso INSS<\/strong>&nbsp;foram aplicadas no \u00faltimo domingo, 27 de novembro e, como voc\u00ea sabe, o Estrat\u00e9gia Concursos esteve presente durante toda a sua prepara\u00e7\u00e3o.<\/p>\n\n\n\n<p>Logo ap\u00f3s a prova, realizamos a corre\u00e7\u00e3o extraoficial por meio da resolu\u00e7\u00e3o das quest\u00f5es de prova. Confira o&nbsp;<strong><a href=\"https:\/\/www.estrategiaconcursos.com.br\/blog\/gabarito-inss-2\/\" target=\"_blank\" rel=\"noreferrer noopener\">Gabarito Extraoficial<\/a><\/strong>!<\/p>\n\n\n\n<p>Neste momento, tamb\u00e9m n\u00e3o poderia ser diferente. Mesmo ap\u00f3s a prova, continuaremos apoiando nossos alunos rumo \u00e0 aprova\u00e7\u00e3o!<\/p>\n\n\n\n<p>Pensando nisso, eu, professor Brunno Lima, preparei este artigo para voc\u00ea conferir os coment\u00e1rios sobre as quest\u00f5es de Racioc\u00ednio L\u00f3gico da prova do concurso INSS.<\/p>\n\n\n\n<p><strong><em><a href=\"https:\/\/www.instagram.com\/profbrunnolima\/\" target=\"_blank\" rel=\"noreferrer noopener\">@profbrunnolima<\/a><\/em><\/strong><\/p>\n\n\n\n<h3 class=\"has-text-align-left has-background wp-block-heading\" id=\"h-principais-comentarios-e-sugestoes-de-recursos-sobre-as-questoes-de-raciocinio-logico\" style=\"background-color:#9debcc\">Principais coment\u00e1rios e sugest\u00f5es de recursos sobre as quest\u00f5es de Racioc\u00ednio L\u00f3gico<\/h3>\n\n\n\n<p><strong>(CEBRASPE \/ T\u00c9CNICO DO INSS \/ 2022)<\/strong><\/p>\n\n\n\n<p><strong>Ao realizar um levantamento de informa\u00e7\u00f5es solicitado por seu chefe, um t\u00e9cnico do seguro social verificou que, entre os segurados que apresentaram suas demandas ao longo da semana anterior, 75% receberam algum atendimento remoto (por telefone, aplicativo ou Internet) e 35% receberam atendimento presencial. Houve casos em que os atendimentos foram iniciados no modo remoto, mas, devido \u00e0s suas complexidades, precisaram ser conclu\u00eddos presencialmente. Com base nessa situa\u00e7\u00e3o hipot\u00e9tica, julgue os itens seguintes.<\/strong><\/p>\n\n\n\n<p><strong>46) Se 20% dos segurados que buscaram atendimento presencial o fizeram para solicitar a reativa\u00e7\u00e3o do benef\u00edcio de presta\u00e7\u00e3o continuada (BPC), ent\u00e3o 10% do total de benefici\u00e1rios que buscaram atendimento pleiteavam a reativa\u00e7\u00e3o do BPC.<\/strong><\/p>\n\n\n\n<p>Considere que o total de segurados que buscaram atendimento \u00e9 ????.<\/p>\n\n\n\n<p>De acordo com o enunciado, 35% dos segurados receberam atendimento presencial. Logo, o total de segurados que receberam atendimento presencial \u00e9:<\/p>\n\n\n\n<figure class=\"wp-block-image aligncenter size-full is-resized\"><img loading=\"lazy\" decoding=\"async\" src=\"https:\/\/dhg1h5j42swfq.cloudfront.net\/2022\/11\/30111015\/image-236.png\" alt=\"\" class=\"wp-image-1131901\" width=\"298\" height=\"102\" srcset=\"https:\/\/dhg1h5j42swfq.cloudfront.net\/2022\/11\/30111015\/image-236.png 254w, https:\/\/dhg1h5j42swfq.cloudfront.net\/2022\/11\/30111015\/image-236-150x51.png 150w\" sizes=\"auto, (max-width: 298px) 100vw, 298px\" \/><\/figure>\n\n\n\n<p>De acordo com o item, 20%<strong> daqueles que buscaram atendimento presencial<\/strong> o fizeram para solicitar reativa\u00e7\u00e3o do BPC. Logo, o total de benefici\u00e1rios que pleiteavam a reativa\u00e7\u00e3o do BPC \u00e9:<\/p>\n\n\n\n<figure class=\"wp-block-image aligncenter size-full\"><img loading=\"lazy\" decoding=\"async\" width=\"362\" height=\"165\" src=\"https:\/\/dhg1h5j42swfq.cloudfront.net\/2022\/11\/30111041\/image-238.png\" alt=\"\" class=\"wp-image-1131904\" srcset=\"https:\/\/dhg1h5j42swfq.cloudfront.net\/2022\/11\/30111041\/image-238.png 362w, https:\/\/dhg1h5j42swfq.cloudfront.net\/2022\/11\/30111041\/image-238-300x137.png 300w, https:\/\/dhg1h5j42swfq.cloudfront.net\/2022\/11\/30111041\/image-238-150x68.png 150w\" sizes=\"auto, (max-width: 362px) 100vw, 362px\" \/><\/figure>\n\n\n\n<p>Portanto, conclui-se que apenas 7% do total de benefici\u00e1rios que buscaram atendimento (de ????) pleiteavam a reativa\u00e7\u00e3o do BPC.<strong> <\/strong>O gabarito, portanto, \u00e9<strong> ERRADO.<\/strong><\/p>\n\n\n\n<hr class=\"wp-block-separator has-alpha-channel-opacity is-style-dots\"\/>\n\n\n\n<p><strong>47) Se havia somente as duas modalidades de atendimento descritas, \u00e9 correto concluir que 10% dos segurados passaram pelas duas modalidades de atendimento em suas demandas.<\/strong><\/p>\n\n\n\n<p>Devemos considerar que h\u00e1 somente duas modalidades de atendimento: atendimento remoto (75%) ou atendimento presencial (35%).<\/p>\n\n\n\n<p>Note que a soma das duas modalidades corresponde a 75% + 35% = 110%. Como a soma supera 100%, isso significa que alguns segurados est\u00e3o sendo contados em duplicidade. Trata-se dos segurados que foram atendidos tanto pela modalidade remota quanto pela modalidade presencial. Note, portanto, que o total de segurados que foram atendidas pelas duas modalidades corresponde a:<\/p>\n\n\n\n<p class=\"has-text-align-center\">110% &#8211; 100% = 10%<\/p>\n\n\n\n<p>O gabarito, portanto, \u00e9 <strong>CERTO.<\/strong><\/p>\n\n\n\n<p>Para fins did\u00e1ticos, veja que o total de segurados que foram atendidos <strong>somente <\/strong>pelo atendimento remoto \u00e9:<\/p>\n\n\n\n<p class=\"has-text-align-center\">75% \u2212 10% = 65%<\/p>\n\n\n\n<p>Al\u00e9m disso, o total de segurados que foram atendidos <strong>somente <\/strong>pelo atendimento presencial \u00e9:<\/p>\n\n\n\n<p class=\"has-text-align-center\">35% \u2212 10% = 25%<\/p>\n\n\n\n<p>Representando essas quantidades em um Diagrama de Venn, temos:<\/p>\n\n\n\n<figure class=\"wp-block-image aligncenter size-full\"><img loading=\"lazy\" decoding=\"async\" width=\"407\" height=\"236\" src=\"https:\/\/dhg1h5j42swfq.cloudfront.net\/2022\/11\/29214739\/image-232.png\" alt=\"\" class=\"wp-image-1131723\" srcset=\"https:\/\/dhg1h5j42swfq.cloudfront.net\/2022\/11\/29214739\/image-232.png 407w, https:\/\/dhg1h5j42swfq.cloudfront.net\/2022\/11\/29214739\/image-232-300x174.png 300w, https:\/\/dhg1h5j42swfq.cloudfront.net\/2022\/11\/29214739\/image-232-150x87.png 150w\" sizes=\"auto, (max-width: 407px) 100vw, 407px\" \/><\/figure>\n\n\n\n<hr class=\"wp-block-separator has-alpha-channel-opacity is-style-dots\"\/>\n\n\n\n<p><strong>(CEBRASPE \/ T\u00c9CNICO DO INSS \/ 2022)<\/strong><\/p>\n\n\n\n<p><strong>P: Nos processos de justifica\u00e7\u00f5es administrativas, quando o segurado apresentar testemunhas com valor de prova, a ag\u00eancia fornecer\u00e1 um servidor exclusivo para o atendimento. A partir da proposi\u00e7\u00e3o precedente, julgue os itens a seguir.<\/strong><\/p>\n\n\n\n<p>Antes de julgar os itens, \u00e9 importante perceber que <strong>P<\/strong> \u00e9 uma proposi\u00e7\u00e3o composta que faz uso do conectivo condicional na forma &#8220;<strong>Quando p, q<\/strong>&#8220;.<\/p>\n\n\n\n<p>Al\u00e9m disso, cumpre destacar que a express\u00e3o &#8220;Nos processos de justifica\u00e7\u00f5es administrativas&#8221; n\u00e3o \u00e9 uma proposi\u00e7\u00e3o, mas sim uma circunst\u00e2ncia que pode ser descartada. Devemos, portanto, trabalhar somente com a seguinte proposi\u00e7\u00e3o:<\/p>\n\n\n\n<p class=\"has-text-align-center\"><strong>P: &#8220;Quando [<\/strong>o segurado apresentar testemunhas com valor de prova<strong>]<\/strong>, <strong>[<\/strong>a ag\u00eancia fornecer\u00e1 um servidor exclusivo para o atendimento<strong>]<\/strong>.&#8221;<\/p>\n\n\n\n<p>Considere as seguintes proposi\u00e7\u00f5es simples:<\/p>\n\n\n\n<p class=\"has-text-align-center\"><strong>p:<\/strong> &#8220;O segurado apresenta testemunhas com valor de prova.&#8221;<br \/><strong>q:<\/strong> &#8220;A ag\u00eancia fornece um servidor exclusivo para o atendimento.&#8221;<\/p>\n\n\n\n<p>Nesse caso, perceba que a proposi\u00e7\u00e3o composta <strong>P<\/strong> pode ser descrita por <strong>p\u2192q<\/strong>. Feitas essas observa\u00e7\u00f5es, vamos aos itens.<\/p>\n\n\n\n<p><strong>Item 48 &#8211; A tabela-verdade associada \u00e0 proposi\u00e7\u00e3o P possui oito linhas.<\/strong><\/p>\n\n\n\n<p>O n\u00famero de linhas da tabela-verdade de uma proposi\u00e7\u00e3o composta \u00e9 2<br \/>????, sendo ???? o n\u00famero de proposi\u00e7\u00f5es simples.<\/p>\n\n\n\n<p>Como acabamos de ver, a proposi\u00e7\u00e3o composta <strong>P<\/strong> \u00e9 formada por duas proposi\u00e7\u00f5es simples. Logo, o n\u00famero de linhas da tabela-verdade associada \u00e0 proposi\u00e7\u00e3o <strong>P<\/strong> possui:<\/p>\n\n\n\n<p class=\"has-text-align-center\">2\u00b2 = 4 linhas<\/p>\n\n\n\n<p>Portanto, o item est\u00e1<strong> ERRADO<\/strong><\/p>\n\n\n\n<hr class=\"wp-block-separator has-alpha-channel-opacity is-style-dots\"\/>\n\n\n\n<p><strong>49) A proposi\u00e7\u00e3o \u201co segurado apresentar testemunhas com ou sem valor de prova\u201d \u00e9 uma tautologia.<\/strong><\/p>\n\n\n\n<p>A apresenta\u00e7\u00e3o da frase com o verbo no infinitivo (apresentar) prejudica a quest\u00e3o, de modo que se sugere a <strong>ANULA\u00c7\u00c3O <\/strong>do item.<\/p>\n\n\n\n<p>Considerando a proposi\u00e7\u00e3o \u201c<strong>o segurado <span style=\"text-decoration: underline;\">apresenta<\/span> testemunhas com ou sem valor de prova<\/strong>\u201d poder\u00edamos tratar o item como <strong>ERRADO<\/strong>. Isso porque, nesse caso, estar\u00edamos diante de uma proposi\u00e7\u00e3o simples. Note que &#8220;com ou sem valor de prova&#8221; \u00e9 um complemento que poderia ser removido da proposi\u00e7\u00e3o, de modo que a proposi\u00e7\u00e3o simples poderia ser entendida do seguinte modo:<\/p>\n\n\n\n<p class=\"has-text-align-center\"><strong>p: \u201cO segurado <span style=\"text-decoration: underline;\">apresenta<\/span> testemunhas (<s>com ou sem valor de prova<\/s>).&#8221;<\/strong><\/p>\n\n\n\n<p>A nega\u00e7\u00e3o dessa proposi\u00e7\u00e3o simples corresponde a:<\/p>\n\n\n\n<p class=\"has-text-align-center\"><strong>~p: \u201cO segurado <span style=\"text-decoration: underline;\">n\u00e3o apresenta<\/span> testemunhas (<s>com ou sem valor de prova<\/s>).&#8221;<\/strong><\/p>\n\n\n\n<p>Alguns concurseiros poderiam cair na seguinte pegadinha: considerar que temos a proposi\u00e7\u00e3o &#8220;<strong>o segurado apresenta testemunhas com valor de prova<\/strong>&#8221; e que a sua nega\u00e7\u00e3o \u00e9 dada por &#8220;<strong>o segurado apresenta testemunhas sem valor de prova<\/strong>.&#8221; Segundo esse entendimento equivocado, ter\u00edamos uma proposi\u00e7\u00e3o da forma p\u2228~p, que seria uma tautologia.<\/p>\n\n\n\n<p>Esse entendimento \u00e9 equivocado porque, para negar uma proposi\u00e7\u00e3o simples, devemos negar o verbo da ora\u00e7\u00e3o principal. A nega\u00e7\u00e3o da suposta proposi\u00e7\u00e3o &#8220;o segurado apresenta testemunhas com valor de prova&#8221; seria <strong>&#8220;o segurado <span style=\"text-decoration: underline;\">n\u00e3o<\/span> apresenta testemunhas com valor de prova&#8221;.<\/strong><\/p>\n\n\n\n<h3 class=\"wp-block-heading\">Sugest\u00e3o de recurso: <\/h3>\n\n\n\n<p>&#8220;O uso do verbo no futuro do subjuntivo &#8220;apresentar&#8221; (ao inv\u00e9s de \u201capresenta\u201d) faz com que a senten\u00e7a n\u00e3o tenha sentido completo e, consequentemente, n\u00e3o possa ser classificada como proposi\u00e7\u00e3o. Uma vez que a senten\u00e7a n\u00e3o \u00e9 proposi\u00e7\u00e3o, n\u00e3o faz sentido tentarmos julgar como &#8220;certo&#8221; ou &#8220;errado&#8221; se ela \u00e9 ou n\u00e3o \u00e9 uma tautologia. Portanto, a reda\u00e7\u00e3o do item prejudicou seu julgamento objetivo, uma vez que se garantiu ao leitor que tal senten\u00e7a seria uma proposi\u00e7\u00e3o. Sob a \u00f3tica da l\u00edngua portuguesa, nossa l\u00edngua materna e instrumento de comunica\u00e7\u00e3o, a ora\u00e7\u00e3o apresentada como &#8220;proposi\u00e7\u00e3o&#8221; \u00e9 uma ora\u00e7\u00e3o subordinada. Nessa \u00f3tica, segundo Bechara, a subordina\u00e7\u00e3o se caracteriza por n\u00e3o ser uma estrutura independente: \u201cEm princ\u00edpio, para subordinar ora\u00e7\u00f5es ou cl\u00e1usulas de estrutura oracional, temos necessidade de dois instrumentos: um para marcar a subordina\u00e7\u00e3o, isto \u00e9, para indicar que uma estrutura oracional de verbo flexionado funciona como membro de uma ora\u00e7\u00e3o, e n\u00e3o como ora\u00e7\u00e3o independente, e outro instrumento para indicar a fun\u00e7\u00e3o que esta estrutura exerce na ora\u00e7\u00e3o complexa.\u201d (Moderna Gram\u00e1tica brasileira, 2009) Refor\u00e7a-se ainda que, apesar de aparentar ser um pequeno descuido, \u00e9 desej\u00e1vel que ele n\u00e3o seja admitido, visto que n\u00e3o se trata de uma op\u00e7\u00e3o seguirmos a norma culta de nosso idioma. Diante do exposto, solicito respeitosamente a anula\u00e7\u00e3o do referido item como forma de justi\u00e7a a todos os candidatos do presente certame.&#8221;<\/p>\n\n\n\n<hr class=\"wp-block-separator has-alpha-channel-opacity is-style-dots\"\/>\n\n\n\n<p><strong>50) H\u00e1 apenas uma possibilidade de combina\u00e7\u00e3o de valores l\u00f3gicos para as proposi\u00e7\u00f5es simples que comp\u00f5em P que a tornam falsa.<\/strong><\/p>\n\n\n\n<p>Conforme acabamos de ver, a proposi\u00e7\u00e3o composta <strong>P<\/strong> \u00e9 uma condicional da forma <strong>p\u2192q<\/strong>.<\/p>\n\n\n\n<p>Temos quatro combina\u00e7\u00f5es de valores l\u00f3gicos para as proposi\u00e7\u00f5es simples que comp\u00f5em <strong>P<\/strong>: VV, VF, FV e FF, conforme descrito na tabela-verdade a seguir:<\/p>\n\n\n\n<figure class=\"wp-block-image aligncenter size-full\"><img loading=\"lazy\" decoding=\"async\" width=\"162\" height=\"154\" src=\"https:\/\/dhg1h5j42swfq.cloudfront.net\/2022\/11\/29215220\/image-233.png\" alt=\"\" class=\"wp-image-1131728\" srcset=\"https:\/\/dhg1h5j42swfq.cloudfront.net\/2022\/11\/29215220\/image-233.png 162w, https:\/\/dhg1h5j42swfq.cloudfront.net\/2022\/11\/29215220\/image-233-150x143.png 150w\" sizes=\"auto, (max-width: 162px) 100vw, 162px\" \/><\/figure>\n\n\n\n<p>Note que a condicional \u00e9 falsa somente quando o antecedente <strong>p <\/strong>\u00e9 verdadeiro e o consequente <strong>q<\/strong> \u00e9 falso (caso<strong> V\u2192F<\/strong>). Logo, \u00e9 <strong>CORRETO <\/strong>afirmar que h\u00e1 apenas uma possibilidade de combina\u00e7\u00e3o de valores l\u00f3gicos para as proposi\u00e7\u00f5es simples que comp\u00f5em P que a tornam falsa.<\/p>\n\n\n\n<hr class=\"wp-block-separator has-alpha-channel-opacity\"\/>\n\n\n\n<p class=\"has-text-align-center\"><em>Para ficar por dentro de todas as informa\u00e7\u00f5es sobre o concurso do INSS, n\u00e3o deixe de conferir nosso artigo completo sobre a sele\u00e7\u00e3o:<\/em><\/p>\n\n\n\n<p class=\"has-text-align-center has-background has-medium-font-size\" style=\"background-color:#d6dce0\"><strong>Mais informa\u00e7\u00f5es: <a href=\"https:\/\/www.estrategiaconcursos.com.br\/blog\/concurso-inss\/\" target=\"_blank\" rel=\"noreferrer noopener\">Concurso INSS<\/a><\/strong><\/p>\n\n\n\n<div class=\"container\" id=\"boxes\">\n  <div class=\"row\">\n\n    <div class=\"col-sm\">\n      <div class=\"banner-adm\" id=\"box-assinatura\">\n        <h3 class=\"titulo-assinatura\">Concurso INSS<\/h3>\n        <p class=\"subtitulo-assinatura\">Conhe\u00e7a os cursos<\/p>\n        <div class=\"box-botao\">\n          <a class=\"btn-assinatura\" target=\"_blank\" href=\"https:\/\/www.estrategiaconcursos.com.br\/cursosPorConcurso\/inss-tecnico-do-seguro-social-101\/\" role=\"button\" rel=\"noopener noreferrer\">Conhe\u00e7a mais<\/a>\n        <\/div>\n      <\/div>\n     \n    <\/div>\n\n  <\/div>\n<\/div>\n\n\n\n<h2 class=\"has-text-align-center wp-block-heading\" id=\"h-quer-saber-tudo-sobre-concursos-previstos-confira-nossos-artigos\">Quer saber tudo sobre concursos previstos?<br \/>Confira nossos artigos!<\/h2>\n\n\n\n<ul class=\"wp-block-list\"><li><a href=\"https:\/\/www.estrategiaconcursos.com.br\/blog\/concursos-abertos\/\" target=\"_blank\" rel=\"noreferrer noopener\">Concursos Abertos<\/a><\/li><li><a href=\"https:\/\/www.estrategiaconcursos.com.br\/blog\/concursos-federais-2022\/\" target=\"_blank\" rel=\"noreferrer noopener\">Concursos Federais<\/a><\/li><li><a href=\"https:\/\/www.estrategiaconcursos.com.br\/blog\/concursos-2023\/\" target=\"_blank\" rel=\"noreferrer noopener\">Concursos 2023<\/a><\/li><\/ul>\n","protected":false},"excerpt":{"rendered":"<p>As provas do&nbsp;concurso INSS&nbsp;foram aplicadas no \u00faltimo domingo, 27 de novembro e, como voc\u00ea sabe, o Estrat\u00e9gia Concursos esteve presente durante toda a sua prepara\u00e7\u00e3o. Logo ap\u00f3s a prova, realizamos a corre\u00e7\u00e3o extraoficial por meio da resolu\u00e7\u00e3o das quest\u00f5es de prova. Confira o&nbsp;Gabarito Extraoficial! Neste momento, tamb\u00e9m n\u00e3o poderia ser diferente. Mesmo ap\u00f3s a prova, [&hellip;]<\/p>\n","protected":false},"author":741,"featured_media":1121177,"comment_status":"open","ping_status":"closed","sticky":false,"template":"","format":"standard","meta":{"post_tipo":"article","footnotes":""},"categories":[220191,220219],"tags":[331,867,8],"tax_estado":[219963],"class_list":["post-1131455","post","type-post","status-publish","format-standard","has-post-thumbnail","hentry","category-previdenciaria","category-noticias","tag-gabarito","tag-prova-comentada","tag-recurso","tax_estado-concursos-federais"],"acf":[],"yoast_head":"<!-- This site is optimized with the Yoast SEO Premium plugin v27.2 (Yoast SEO v27.2) - https:\/\/yoast.com\/product\/yoast-seo-premium-wordpress\/ -->\n<title>Concurso INSS: coment\u00e1rios e recursos de Racioc\u00ednio L\u00f3gico<\/title>\n<meta name=\"description\" content=\"Preparamos este artigo para voc\u00ea conferir os coment\u00e1rios e sugest\u00f5es de recursos sobre as quest\u00f5es de Racioc\u00ednio L\u00f3gico do concurso INSS.\" \/>\n<meta name=\"robots\" content=\"index, follow, max-snippet:-1, max-image-preview:large, max-video-preview:-1\" \/>\n<link rel=\"canonical\" href=\"https:\/\/www.estrategiaconcursos.com.br\/blog\/concurso-inss-comentarios-recursos-raciocinio-logico\/\" \/>\n<meta property=\"og:locale\" content=\"pt_BR\" \/>\n<meta property=\"og:type\" content=\"article\" \/>\n<meta property=\"og:title\" content=\"Concurso INSS: coment\u00e1rios e recursos de Racioc\u00ednio L\u00f3gico\" \/>\n<meta property=\"og:description\" content=\"Preparamos este artigo para voc\u00ea conferir os coment\u00e1rios e sugest\u00f5es de recursos sobre as quest\u00f5es de Racioc\u00ednio L\u00f3gico do concurso INSS.\" \/>\n<meta property=\"og:url\" content=\"https:\/\/www.estrategiaconcursos.com.br\/blog\/concurso-inss-comentarios-recursos-raciocinio-logico\/\" \/>\n<meta property=\"og:site_name\" content=\"Estrat\u00e9gia Concursos\" \/>\n<meta property=\"article:published_time\" content=\"2022-12-02T00:45:00+00:00\" \/>\n<meta property=\"article:modified_time\" content=\"2023-01-18T17:15:22+00:00\" \/>\n<meta property=\"og:image\" content=\"https:\/\/dhg1h5j42swfq.cloudfront.net\/2022\/11\/07162326\/inss-1024x536-1.jpg\" \/>\n\t<meta property=\"og:image:width\" content=\"1024\" \/>\n\t<meta property=\"og:image:height\" content=\"536\" \/>\n\t<meta property=\"og:image:type\" content=\"image\/jpeg\" \/>\n<meta name=\"author\" content=\"Brunno Lima\" \/>\n<meta name=\"twitter:card\" content=\"summary_large_image\" \/>\n<meta name=\"twitter:creator\" content=\"@EstratConcursos\" \/>\n<meta name=\"twitter:site\" content=\"@EstratConcursos\" \/>\n<meta name=\"twitter:label1\" content=\"Escrito por\" \/>\n\t<meta name=\"twitter:data1\" content=\"Brunno Lima\" \/>\n\t<meta name=\"twitter:label2\" content=\"Est. tempo de leitura\" \/>\n\t<meta name=\"twitter:data2\" content=\"7 minutos\" \/>\n<script type=\"application\/ld+json\" class=\"yoast-schema-graph\">{\"@context\":\"https:\/\/schema.org\",\"@graph\":[{\"@type\":\"NewsArticle\",\"@id\":\"https:\/\/www.estrategiaconcursos.com.br\/blog\/concurso-inss-comentarios-recursos-raciocinio-logico\/#article\",\"isPartOf\":{\"@id\":\"https:\/\/www.estrategiaconcursos.com.br\/blog\/concurso-inss-comentarios-recursos-raciocinio-logico\/\"},\"author\":{\"name\":\"Brunno Lima\",\"@id\":\"https:\/\/www.estrategiaconcursos.com.br\/blog\/#\/schema\/person\/2865ec132c3404c9912015dd7a24eb1e\"},\"headline\":\"Concurso INSS: coment\u00e1rios e recursos de Racioc\u00ednio L\u00f3gico\",\"datePublished\":\"2022-12-02T00:45:00+00:00\",\"dateModified\":\"2023-01-18T17:15:22+00:00\",\"mainEntityOfPage\":{\"@id\":\"https:\/\/www.estrategiaconcursos.com.br\/blog\/concurso-inss-comentarios-recursos-raciocinio-logico\/\"},\"wordCount\":1370,\"commentCount\":0,\"publisher\":{\"@id\":\"https:\/\/www.estrategiaconcursos.com.br\/blog\/#organization\"},\"image\":{\"@id\":\"https:\/\/www.estrategiaconcursos.com.br\/blog\/concurso-inss-comentarios-recursos-raciocinio-logico\/#primaryimage\"},\"thumbnailUrl\":\"https:\/\/dhg1h5j42swfq.cloudfront.net\/2022\/11\/07162326\/inss-1024x536-1.jpg\",\"keywords\":[\"Gabarito\",\"prova comentada\",\"Recurso\"],\"articleSection\":[\"Previdenci\u00e1ria (INSS, PREVIC)\",\"\u00daltimas not\u00edcias\"],\"inLanguage\":\"pt-BR\",\"potentialAction\":[{\"@type\":\"CommentAction\",\"name\":\"Comment\",\"target\":[\"https:\/\/www.estrategiaconcursos.com.br\/blog\/concurso-inss-comentarios-recursos-raciocinio-logico\/#respond\"]}],\"copyrightYear\":\"2022\",\"copyrightHolder\":{\"@id\":\"https:\/\/www.estrategiaconcursos.com.br\/blog\/#organization\"}},{\"@type\":\"WebPage\",\"@id\":\"https:\/\/www.estrategiaconcursos.com.br\/blog\/concurso-inss-comentarios-recursos-raciocinio-logico\/\",\"url\":\"https:\/\/www.estrategiaconcursos.com.br\/blog\/concurso-inss-comentarios-recursos-raciocinio-logico\/\",\"name\":\"Concurso INSS: coment\u00e1rios e recursos de Racioc\u00ednio L\u00f3gico\",\"isPartOf\":{\"@id\":\"https:\/\/www.estrategiaconcursos.com.br\/blog\/#website\"},\"primaryImageOfPage\":{\"@id\":\"https:\/\/www.estrategiaconcursos.com.br\/blog\/concurso-inss-comentarios-recursos-raciocinio-logico\/#primaryimage\"},\"image\":{\"@id\":\"https:\/\/www.estrategiaconcursos.com.br\/blog\/concurso-inss-comentarios-recursos-raciocinio-logico\/#primaryimage\"},\"thumbnailUrl\":\"https:\/\/dhg1h5j42swfq.cloudfront.net\/2022\/11\/07162326\/inss-1024x536-1.jpg\",\"datePublished\":\"2022-12-02T00:45:00+00:00\",\"dateModified\":\"2023-01-18T17:15:22+00:00\",\"description\":\"Preparamos este artigo para voc\u00ea conferir os coment\u00e1rios e sugest\u00f5es de recursos sobre as quest\u00f5es de Racioc\u00ednio L\u00f3gico do concurso INSS.\",\"breadcrumb\":{\"@id\":\"https:\/\/www.estrategiaconcursos.com.br\/blog\/concurso-inss-comentarios-recursos-raciocinio-logico\/#breadcrumb\"},\"inLanguage\":\"pt-BR\",\"potentialAction\":[{\"@type\":\"ReadAction\",\"target\":[\"https:\/\/www.estrategiaconcursos.com.br\/blog\/concurso-inss-comentarios-recursos-raciocinio-logico\/\"]}]},{\"@type\":\"ImageObject\",\"inLanguage\":\"pt-BR\",\"@id\":\"https:\/\/www.estrategiaconcursos.com.br\/blog\/concurso-inss-comentarios-recursos-raciocinio-logico\/#primaryimage\",\"url\":\"https:\/\/dhg1h5j42swfq.cloudfront.net\/2022\/11\/07162326\/inss-1024x536-1.jpg\",\"contentUrl\":\"https:\/\/dhg1h5j42swfq.cloudfront.net\/2022\/11\/07162326\/inss-1024x536-1.jpg\",\"width\":1024,\"height\":536,\"caption\":\"Convoca\u00e7\u00e3o de 300 excedentes do INSS j\u00e1 tem data!\"},{\"@type\":\"BreadcrumbList\",\"@id\":\"https:\/\/www.estrategiaconcursos.com.br\/blog\/concurso-inss-comentarios-recursos-raciocinio-logico\/#breadcrumb\",\"itemListElement\":[{\"@type\":\"ListItem\",\"position\":1,\"name\":\"In\u00edcio\",\"item\":\"https:\/\/www.estrategiaconcursos.com.br\/blog\/\"},{\"@type\":\"ListItem\",\"position\":2,\"name\":\"Concurso INSS: coment\u00e1rios e recursos de Racioc\u00ednio L\u00f3gico\"}]},{\"@type\":\"WebSite\",\"@id\":\"https:\/\/www.estrategiaconcursos.com.br\/blog\/#website\",\"url\":\"https:\/\/www.estrategiaconcursos.com.br\/blog\/\",\"name\":\"Estrat\u00e9gia Concursos\",\"description\":\"O blog da Estrat\u00e9gia Concursos traz not\u00edcias sobre concursos e artigos de professores oferecendo cursos para concursos (pdf + videaulas) no site.\",\"publisher\":{\"@id\":\"https:\/\/www.estrategiaconcursos.com.br\/blog\/#organization\"},\"potentialAction\":[{\"@type\":\"SearchAction\",\"target\":{\"@type\":\"EntryPoint\",\"urlTemplate\":\"https:\/\/www.estrategiaconcursos.com.br\/blog\/?s={search_term_string}\"},\"query-input\":{\"@type\":\"PropertyValueSpecification\",\"valueRequired\":true,\"valueName\":\"search_term_string\"}}],\"inLanguage\":\"pt-BR\"},{\"@type\":\"Organization\",\"@id\":\"https:\/\/www.estrategiaconcursos.com.br\/blog\/#organization\",\"name\":\"Estrat\u00e9gia Concursos\",\"url\":\"https:\/\/www.estrategiaconcursos.com.br\/blog\/\",\"logo\":{\"@type\":\"ImageObject\",\"inLanguage\":\"pt-BR\",\"@id\":\"https:\/\/www.estrategiaconcursos.com.br\/blog\/#\/schema\/logo\/image\/\",\"url\":\"https:\/\/dhg1h5j42swfq.cloudfront.net\/2025\/06\/03203428\/logo_concursos-1.jpg\",\"contentUrl\":\"https:\/\/dhg1h5j42swfq.cloudfront.net\/2025\/06\/03203428\/logo_concursos-1.jpg\",\"width\":230,\"height\":60,\"caption\":\"Estrat\u00e9gia Concursos\"},\"image\":{\"@id\":\"https:\/\/www.estrategiaconcursos.com.br\/blog\/#\/schema\/logo\/image\/\"},\"sameAs\":[\"https:\/\/x.com\/EstratConcursos\"]},{\"@type\":\"Person\",\"@id\":\"https:\/\/www.estrategiaconcursos.com.br\/blog\/#\/schema\/person\/2865ec132c3404c9912015dd7a24eb1e\",\"name\":\"Brunno Lima\",\"image\":{\"@type\":\"ImageObject\",\"inLanguage\":\"pt-BR\",\"@id\":\"https:\/\/secure.gravatar.com\/avatar\/d40b472e5e2856222d4a4a1c3ee2189ed7d7a9f67dc3343b880cc1889a7bd6af?s=96&d=mm&r=g\",\"url\":\"https:\/\/secure.gravatar.com\/avatar\/d40b472e5e2856222d4a4a1c3ee2189ed7d7a9f67dc3343b880cc1889a7bd6af?s=96&d=mm&r=g\",\"contentUrl\":\"https:\/\/secure.gravatar.com\/avatar\/d40b472e5e2856222d4a4a1c3ee2189ed7d7a9f67dc3343b880cc1889a7bd6af?s=96&d=mm&r=g\",\"caption\":\"Brunno Lima\"},\"url\":\"https:\/\/www.estrategiaconcursos.com.br\/blog\/author\/brunnoestrategiaconcursos-com-br\/\"}]}<\/script>\n<!-- \/ Yoast SEO Premium plugin. -->","yoast_head_json":{"title":"Concurso INSS: coment\u00e1rios e recursos de Racioc\u00ednio L\u00f3gico","description":"Preparamos este artigo para voc\u00ea conferir os coment\u00e1rios e sugest\u00f5es de recursos sobre as quest\u00f5es de Racioc\u00ednio L\u00f3gico do concurso INSS.","robots":{"index":"index","follow":"follow","max-snippet":"max-snippet:-1","max-image-preview":"max-image-preview:large","max-video-preview":"max-video-preview:-1"},"canonical":"https:\/\/www.estrategiaconcursos.com.br\/blog\/concurso-inss-comentarios-recursos-raciocinio-logico\/","og_locale":"pt_BR","og_type":"article","og_title":"Concurso INSS: coment\u00e1rios e recursos de Racioc\u00ednio L\u00f3gico","og_description":"Preparamos este artigo para voc\u00ea conferir os coment\u00e1rios e sugest\u00f5es de recursos sobre as quest\u00f5es de Racioc\u00ednio L\u00f3gico do concurso INSS.","og_url":"https:\/\/www.estrategiaconcursos.com.br\/blog\/concurso-inss-comentarios-recursos-raciocinio-logico\/","og_site_name":"Estrat\u00e9gia Concursos","article_published_time":"2022-12-02T00:45:00+00:00","article_modified_time":"2023-01-18T17:15:22+00:00","og_image":[{"width":1024,"height":536,"url":"https:\/\/dhg1h5j42swfq.cloudfront.net\/2022\/11\/07162326\/inss-1024x536-1.jpg","type":"image\/jpeg"}],"author":"Brunno Lima","twitter_card":"summary_large_image","twitter_creator":"@EstratConcursos","twitter_site":"@EstratConcursos","twitter_misc":{"Escrito por":"Brunno Lima","Est. tempo de leitura":"7 minutos"},"schema":{"@context":"https:\/\/schema.org","@graph":[{"@type":"NewsArticle","@id":"https:\/\/www.estrategiaconcursos.com.br\/blog\/concurso-inss-comentarios-recursos-raciocinio-logico\/#article","isPartOf":{"@id":"https:\/\/www.estrategiaconcursos.com.br\/blog\/concurso-inss-comentarios-recursos-raciocinio-logico\/"},"author":{"name":"Brunno Lima","@id":"https:\/\/www.estrategiaconcursos.com.br\/blog\/#\/schema\/person\/2865ec132c3404c9912015dd7a24eb1e"},"headline":"Concurso INSS: coment\u00e1rios e recursos de Racioc\u00ednio L\u00f3gico","datePublished":"2022-12-02T00:45:00+00:00","dateModified":"2023-01-18T17:15:22+00:00","mainEntityOfPage":{"@id":"https:\/\/www.estrategiaconcursos.com.br\/blog\/concurso-inss-comentarios-recursos-raciocinio-logico\/"},"wordCount":1370,"commentCount":0,"publisher":{"@id":"https:\/\/www.estrategiaconcursos.com.br\/blog\/#organization"},"image":{"@id":"https:\/\/www.estrategiaconcursos.com.br\/blog\/concurso-inss-comentarios-recursos-raciocinio-logico\/#primaryimage"},"thumbnailUrl":"https:\/\/dhg1h5j42swfq.cloudfront.net\/2022\/11\/07162326\/inss-1024x536-1.jpg","keywords":["Gabarito","prova comentada","Recurso"],"articleSection":["Previdenci\u00e1ria (INSS, PREVIC)","\u00daltimas not\u00edcias"],"inLanguage":"pt-BR","potentialAction":[{"@type":"CommentAction","name":"Comment","target":["https:\/\/www.estrategiaconcursos.com.br\/blog\/concurso-inss-comentarios-recursos-raciocinio-logico\/#respond"]}],"copyrightYear":"2022","copyrightHolder":{"@id":"https:\/\/www.estrategiaconcursos.com.br\/blog\/#organization"}},{"@type":"WebPage","@id":"https:\/\/www.estrategiaconcursos.com.br\/blog\/concurso-inss-comentarios-recursos-raciocinio-logico\/","url":"https:\/\/www.estrategiaconcursos.com.br\/blog\/concurso-inss-comentarios-recursos-raciocinio-logico\/","name":"Concurso INSS: coment\u00e1rios e recursos de Racioc\u00ednio L\u00f3gico","isPartOf":{"@id":"https:\/\/www.estrategiaconcursos.com.br\/blog\/#website"},"primaryImageOfPage":{"@id":"https:\/\/www.estrategiaconcursos.com.br\/blog\/concurso-inss-comentarios-recursos-raciocinio-logico\/#primaryimage"},"image":{"@id":"https:\/\/www.estrategiaconcursos.com.br\/blog\/concurso-inss-comentarios-recursos-raciocinio-logico\/#primaryimage"},"thumbnailUrl":"https:\/\/dhg1h5j42swfq.cloudfront.net\/2022\/11\/07162326\/inss-1024x536-1.jpg","datePublished":"2022-12-02T00:45:00+00:00","dateModified":"2023-01-18T17:15:22+00:00","description":"Preparamos este artigo para voc\u00ea conferir os coment\u00e1rios e sugest\u00f5es de recursos sobre as quest\u00f5es de Racioc\u00ednio L\u00f3gico do concurso INSS.","breadcrumb":{"@id":"https:\/\/www.estrategiaconcursos.com.br\/blog\/concurso-inss-comentarios-recursos-raciocinio-logico\/#breadcrumb"},"inLanguage":"pt-BR","potentialAction":[{"@type":"ReadAction","target":["https:\/\/www.estrategiaconcursos.com.br\/blog\/concurso-inss-comentarios-recursos-raciocinio-logico\/"]}]},{"@type":"ImageObject","inLanguage":"pt-BR","@id":"https:\/\/www.estrategiaconcursos.com.br\/blog\/concurso-inss-comentarios-recursos-raciocinio-logico\/#primaryimage","url":"https:\/\/dhg1h5j42swfq.cloudfront.net\/2022\/11\/07162326\/inss-1024x536-1.jpg","contentUrl":"https:\/\/dhg1h5j42swfq.cloudfront.net\/2022\/11\/07162326\/inss-1024x536-1.jpg","width":1024,"height":536,"caption":"Convoca\u00e7\u00e3o de 300 excedentes do INSS j\u00e1 tem data!"},{"@type":"BreadcrumbList","@id":"https:\/\/www.estrategiaconcursos.com.br\/blog\/concurso-inss-comentarios-recursos-raciocinio-logico\/#breadcrumb","itemListElement":[{"@type":"ListItem","position":1,"name":"In\u00edcio","item":"https:\/\/www.estrategiaconcursos.com.br\/blog\/"},{"@type":"ListItem","position":2,"name":"Concurso INSS: coment\u00e1rios e recursos de Racioc\u00ednio L\u00f3gico"}]},{"@type":"WebSite","@id":"https:\/\/www.estrategiaconcursos.com.br\/blog\/#website","url":"https:\/\/www.estrategiaconcursos.com.br\/blog\/","name":"Estrat\u00e9gia Concursos","description":"O blog da Estrat\u00e9gia Concursos traz not\u00edcias sobre concursos e artigos de professores oferecendo cursos para concursos (pdf + videaulas) no site.","publisher":{"@id":"https:\/\/www.estrategiaconcursos.com.br\/blog\/#organization"},"potentialAction":[{"@type":"SearchAction","target":{"@type":"EntryPoint","urlTemplate":"https:\/\/www.estrategiaconcursos.com.br\/blog\/?s={search_term_string}"},"query-input":{"@type":"PropertyValueSpecification","valueRequired":true,"valueName":"search_term_string"}}],"inLanguage":"pt-BR"},{"@type":"Organization","@id":"https:\/\/www.estrategiaconcursos.com.br\/blog\/#organization","name":"Estrat\u00e9gia Concursos","url":"https:\/\/www.estrategiaconcursos.com.br\/blog\/","logo":{"@type":"ImageObject","inLanguage":"pt-BR","@id":"https:\/\/www.estrategiaconcursos.com.br\/blog\/#\/schema\/logo\/image\/","url":"https:\/\/dhg1h5j42swfq.cloudfront.net\/2025\/06\/03203428\/logo_concursos-1.jpg","contentUrl":"https:\/\/dhg1h5j42swfq.cloudfront.net\/2025\/06\/03203428\/logo_concursos-1.jpg","width":230,"height":60,"caption":"Estrat\u00e9gia Concursos"},"image":{"@id":"https:\/\/www.estrategiaconcursos.com.br\/blog\/#\/schema\/logo\/image\/"},"sameAs":["https:\/\/x.com\/EstratConcursos"]},{"@type":"Person","@id":"https:\/\/www.estrategiaconcursos.com.br\/blog\/#\/schema\/person\/2865ec132c3404c9912015dd7a24eb1e","name":"Brunno Lima","image":{"@type":"ImageObject","inLanguage":"pt-BR","@id":"https:\/\/secure.gravatar.com\/avatar\/d40b472e5e2856222d4a4a1c3ee2189ed7d7a9f67dc3343b880cc1889a7bd6af?s=96&d=mm&r=g","url":"https:\/\/secure.gravatar.com\/avatar\/d40b472e5e2856222d4a4a1c3ee2189ed7d7a9f67dc3343b880cc1889a7bd6af?s=96&d=mm&r=g","contentUrl":"https:\/\/secure.gravatar.com\/avatar\/d40b472e5e2856222d4a4a1c3ee2189ed7d7a9f67dc3343b880cc1889a7bd6af?s=96&d=mm&r=g","caption":"Brunno Lima"},"url":"https:\/\/www.estrategiaconcursos.com.br\/blog\/author\/brunnoestrategiaconcursos-com-br\/"}]}},"_links":{"self":[{"href":"https:\/\/www.estrategiaconcursos.com.br\/blog\/wp-json\/wp\/v2\/posts\/1131455","targetHints":{"allow":["GET"]}}],"collection":[{"href":"https:\/\/www.estrategiaconcursos.com.br\/blog\/wp-json\/wp\/v2\/posts"}],"about":[{"href":"https:\/\/www.estrategiaconcursos.com.br\/blog\/wp-json\/wp\/v2\/types\/post"}],"author":[{"embeddable":true,"href":"https:\/\/www.estrategiaconcursos.com.br\/blog\/wp-json\/wp\/v2\/users\/741"}],"replies":[{"embeddable":true,"href":"https:\/\/www.estrategiaconcursos.com.br\/blog\/wp-json\/wp\/v2\/comments?post=1131455"}],"version-history":[{"count":18,"href":"https:\/\/www.estrategiaconcursos.com.br\/blog\/wp-json\/wp\/v2\/posts\/1131455\/revisions"}],"predecessor-version":[{"id":1154912,"href":"https:\/\/www.estrategiaconcursos.com.br\/blog\/wp-json\/wp\/v2\/posts\/1131455\/revisions\/1154912"}],"wp:featuredmedia":[{"embeddable":true,"href":"https:\/\/www.estrategiaconcursos.com.br\/blog\/wp-json\/wp\/v2\/media\/1121177"}],"wp:attachment":[{"href":"https:\/\/www.estrategiaconcursos.com.br\/blog\/wp-json\/wp\/v2\/media?parent=1131455"}],"wp:term":[{"taxonomy":"category","embeddable":true,"href":"https:\/\/www.estrategiaconcursos.com.br\/blog\/wp-json\/wp\/v2\/categories?post=1131455"},{"taxonomy":"post_tag","embeddable":true,"href":"https:\/\/www.estrategiaconcursos.com.br\/blog\/wp-json\/wp\/v2\/tags?post=1131455"},{"taxonomy":"tax_estado","embeddable":true,"href":"https:\/\/www.estrategiaconcursos.com.br\/blog\/wp-json\/wp\/v2\/tax_estado?post=1131455"}],"curies":[{"name":"wp","href":"https:\/\/api.w.org\/{rel}","templated":true}]}}