{"id":1131348,"date":"2022-11-29T14:32:41","date_gmt":"2022-11-29T17:32:41","guid":{"rendered":"https:\/\/www.estrategiaconcursos.com.br\/blog\/?p=1131348"},"modified":"2022-11-29T14:32:45","modified_gmt":"2022-11-29T17:32:45","slug":"recurso-trt-13a-regiao-pb-analista-judiciario-atualidades","status":"publish","type":"post","link":"https:\/\/www.estrategiaconcursos.com.br\/blog\/recurso-trt-13a-regiao-pb-analista-judiciario-atualidades\/","title":{"rendered":"Recurso \u2013 TRT 13\u00aa Regi\u00e3o \u2013 PB \u2013 Analista Judici\u00e1rio \u2013 Atualidades"},"content":{"rendered":"\n<p>Ol\u00e1 Pessoal,<br \/>Cabe recurso na seguinte quest\u00e3o de Atualidades da prova do TRT \u2013 13\u00aa Regi\u00e3o \u2013 PB &#8211; Analista Judici\u00e1rio:<br \/><br \/><strong>Quest\u00e3o:<\/strong><br \/>O mundo tem acompanhado o que acontece com a infla\u00e7\u00e3o nos Estados Unidos da Am\u00e9rica. Recentemente, a infla\u00e7\u00e3o por l\u00e1 saiu de um plat\u00f4 de cerca de 2% ao ano e atualmente gira em torno de 8 a 9%. Na zona do euro, vemos acontecer fen\u00f4meno similar. Economias emergentes tamb\u00e9m sentem os efeitos negativos de uma infla\u00e7\u00e3o mais alta. <br \/>Avalie se, entre as causas do aumento recente da infla\u00e7\u00e3o nos EUA, podem ser citados: <br \/>I. O movimento de alta nas taxas de juros. <br \/>II. Os incentivos econ\u00f4micos concedidos aos americanos (pessoas e empresas) durante a pandemia do coronav\u00edrus. <br \/>III. As paralisa\u00e7\u00f5es nas cadeias produtivas por conta dos surtos de Covid. <br \/>IV. A invas\u00e3o da Ucr\u00e2nia pela R\u00fassia. <br \/>Est\u00e3o corretos os itens <br \/>(A) I e II, apenas. <br \/>(B) III e IV, apenas. <br \/>(C) I, II e III, apenas. <br \/>(D) II, III e IV, apenas. <br \/>(E) I, II, III e IV.<br \/><strong>Gabarito preliminar: C<\/strong><br \/><br \/><strong>Argumentos para o recurso:<\/strong><br \/>A guerra entre R\u00fassia e Ucr\u00e2nia (a invas\u00e3o da Ucr\u00e2nia pela R\u00fassia) \u00e9 uma das causas do aumento recente da infla\u00e7\u00e3o nos Estados Unidos, o que tem sido fartamente noticiado pela imprensa e analisado pelos analistas econ\u00f4micos. Portanto, esse item tamb\u00e9m est\u00e1 correto na quest\u00e3o. Vejamos:<br \/><br \/><strong>D\u00f3lar em alta, recess\u00e3o \u00e0 vista: por que a infla\u00e7\u00e3o americana afeta o Brasil<\/strong><br \/>G1, 13\/07\/2022<br \/><em>Infla\u00e7\u00e3o persistente<br \/>Al\u00e9m dos incentivos econ\u00f4micos concedidos durante a pandemia do coronav\u00edrus, que encheram o bolso dos americanos, entram na conta as paralisa\u00e7\u00f5es nas cadeias produtivas por conta dos surtos de Covid e <strong>a guerra na Ucr\u00e2nia<\/strong>, ambos fatores que impactam a distribui\u00e7\u00e3o de produtos.<\/em><br \/>Link da not\u00edcia:<br \/><a href=\"https:\/\/g1.globo.com\/economia\/noticia\/2022\/07\/13\/dolar-em-alta-recessao-a-vista-por-que-a-inflacao-americana-afeta-o-brasil.ghtml\">https:\/\/g1.globo.com\/economia\/noticia\/2022\/07\/13\/dolar-em-alta-recessao-a-vista-por-que-a-inflacao-americana-afeta-o-brasil.ghtml<\/a><\/p>\n\n\n\n<p><br \/>Gasolina e alimentos impulsionam infla\u00e7\u00e3o nos EUA em junho; taxa anual \u00e9 a mais alta em 40 anos e meio<br \/>G1, Por Reuters<br \/>13\/07\/2022 <br \/><em>Os pre\u00e7os ao consumidor est\u00e3o subindo em meio a problemas nas cadeias de fornecimento globais e est\u00edmulos fiscais maci\u00e7os do governo adotados no in\u00edcio da pandemia da Covid-19.<br \/><strong>A guerra em curso na Ucr\u00e2nia, que causou um pico nos pre\u00e7os globais de alimentos e combust\u00edveis, agravou a situa\u00e7\u00e3o.<\/strong><\/em><br \/>Link da not\u00edcia:<br \/><a href=\"https:\/\/g1.globo.com\/economia\/noticia\/2022\/07\/13\/gasolina-e-alimentos-impulsionam-inflacao-nos-eua-em-junho-taxa-anual-e-a-mais-alta-em-40-anos-e-meio.ghtml\">https:\/\/g1.globo.com\/economia\/noticia\/2022\/07\/13\/gasolina-e-alimentos-impulsionam-inflacao-nos-eua-em-junho-taxa-anual-e-a-mais-alta-em-40-anos-e-meio.ghtml<\/a><\/p>\n\n\n\n<p><br \/><strong>Biden culpa guerra<\/strong> e pandemia <strong>por aumento na infla\u00e7\u00e3o dos EUA<\/strong><br \/>Poder 360<br \/>10\/05\/2022<br \/><em>O presidente americano Joe Biden disse nesta 3\u00aa feira (10.mai.2022) que a<strong> guerra na Ucr\u00e2nia e a pandemia de covid-19 s\u00e3o as principais causas da atual situa\u00e7\u00e3o econ\u00f4mica dos EUA<\/strong>. O pa\u00eds passa por um aumento na infla\u00e7\u00e3o, que registrou recorde em mar\u00e7o, e nos pre\u00e7os do g\u00e1s.<\/em><br \/>Link da not\u00edcia: <a href=\"https:\/\/www.poder360.com.br\/internacional\/biden-culpa-guerra-e-pandemia-por-aumento-na-inflacao-dos-eua\/\">https:\/\/www.poder360.com.br\/internacional\/biden-culpa-guerra-e-pandemia-por-aumento-na-inflacao-dos-eua\/<\/a><\/p>\n\n\n\n<p><br \/>Presidente dos Estados Unidos<br \/><em>Biden diz que v\u00ea \u201calgum progresso\u201d na infla\u00e7\u00e3o nos EUA<br \/>Segundo o l\u00edder, o quadro inflacion\u00e1rio global e <strong>a guerra da R\u00fassia na Ucr\u00e2nia influenciam negativamente a trajet\u00f3ria dos pre\u00e7os<\/strong>.<\/em><br \/>Infomoney, 13\/10\/2022<br \/>Link da not\u00edcia: <a href=\"https:\/\/www.infomoney.com.br\/economia\/biden-diz-que-ve-algum-progresso-na-inflacao-nos-eua\/\">https:\/\/www.infomoney.com.br\/economia\/biden-diz-que-ve-algum-progresso-na-inflacao-nos-eua\/<\/a><\/p>\n\n\n\n<p><br \/>Estados Unidos aumentam juros e pressionam economia mundial<br \/><em>O Fed, Federal Reserve, afirmou que pode continuar aumentando a taxa de juros at\u00e9 que a infla\u00e7\u00e3o caia para a meta de 2% ao ano. Segundo a institui\u00e7\u00e3o monet\u00e1ria estadunidense, a infla\u00e7\u00e3o alta reflete os desequil\u00edbrios de oferta e demanda relacionados \u00e0 pandemia, com pre\u00e7os mais altos para alimentos e energia. <strong>Al\u00e9m disso, o fator da guerra na Ucr\u00e2nia tem piorado a situa\u00e7\u00e3o<\/strong>.<\/em><br \/>Ag\u00eancia Brasil\/EBC, 21\/09\/2022<br \/>Link da not\u00edcia: <a href=\"https:\/\/agenciabrasil.ebc.com.br\/radioagencia-nacional\/economia\/audio\/2022-09\/estados-unidos-aumentam-juros-e-pressionam-economia-mundial\">https:\/\/agenciabrasil.ebc.com.br\/radioagencia-nacional\/economia\/audio\/2022-09\/estados-unidos-aumentam-juros-e-pressionam-economia-mundial<\/a><\/p>\n\n\n\n<p><br \/>O movimento de alta nas taxas de juros n\u00e3o \u00e9 uma das causas do aumento recente da infla\u00e7\u00e3o nos EUA. Portanto, esse item est\u00e1 errado na quest\u00e3o. <br \/>Os juros b\u00e1sicos s\u00e3o elevados pelos bancos centrais dos pa\u00edses para desacelerar e conter a alta da infla\u00e7\u00e3o, para que o indicador comece a baixar.<br \/>O Federal Reserve (Fed), banco central dos Estados Unidos, tem elevado gradativamente a taxa de juros, o que tem contribu\u00eddo para a desacelera\u00e7\u00e3o da infla\u00e7\u00e3o. Aumento das taxas de juros, embora possam ser insuficientes em um primeiro momento, n\u00e3o contribuem para a eleva\u00e7\u00e3o da infla\u00e7\u00e3o. Levam a um menor crescimento do \u00edndice inflacion\u00e1rio e, na sequ\u00eancia, a sua queda. Isso \u00e9 amplamente comprovado pela literatura cient\u00edfica b\u00e1sica de economia e pela realidade econ\u00f4mica hist\u00f3rica.<br \/><strong>A infla\u00e7\u00e3o recente est\u00e1 em desacelera\u00e7\u00e3o nos Estados Unidos. O principal fator para que isso esteja ocorrendo \u00e9 a alta dos juros no pa\u00eds<\/strong>. Vejamos:<br \/><br \/><strong>Infla\u00e7\u00e3o desacelera em outubro nos EUA<\/strong>: entenda os impactos no Brasil<br \/>A infla\u00e7\u00e3o nos Estados Unidos seguiu perdendo for\u00e7a lentamente em outubro, mas continua em patamar historicamente alto.<br \/>Apesar de ainda bastante alta, especialmente considerando padr\u00f5es hist\u00f3ricos de infla\u00e7\u00e3o no pa\u00eds e a meta de infla\u00e7\u00e3o do Banco Central americano (de 2,0%), a infla\u00e7\u00e3o come\u00e7a a finalmente dar certo f\u00f4lego. <br \/>Assim, embora a infla\u00e7\u00e3o siga no centro das preocupa\u00e7\u00f5es dos americanos e ainda vermos pre\u00e7os subindo com for\u00e7a especialmente no setor de servi\u00e7os, crescem os sinais de que <strong>a alta de juros implementada pelo Banco Central americano (o FED) come\u00e7a a fazer efeito em desaquecer a demanda por bens e servi\u00e7os.<\/strong><br \/>Riconnect, 10\/11\/2022<br \/>Link da not\u00edcia: <a href=\"https:\/\/riconnect.rico.com.vc\/analises\/inflacao-desacelera-em-outubro-nos-eua-entenda-os-impactos-no-brasil\">https:\/\/riconnect.rico.com.vc\/analises\/inflacao-desacelera-em-outubro-nos-eua-entenda-os-impactos-no-brasil<\/a><\/p>\n\n\n\n<p><br \/><strong>Desta forma, solicita-se a altera\u00e7\u00e3o do gabarito de \u201cC\u201d para \u201cD\u201d.<\/strong><br \/><br \/>Sigam-me nas redes sociais. <strong>Telegram<\/strong>: <a href=\"https:\/\/t.me\/profleandrosignori\">https:\/\/t.me\/profleandrosignori<\/a>, <strong>Instagram<\/strong>: <a href=\"https:\/\/www.instagram.com\/profleandrosignori\/\">https:\/\/www.instagram.com\/profleandrosignori\/<\/a> e <strong>YouTube<\/strong>: <a href=\"https:\/\/www.youtube.com\/watch?v=2wZDdHXF18s\">https:\/\/www.youtube.com\/watch?v=2wZDdHXF18s<\/a><br \/>Um grande abra\u00e7o!<br \/>Leandro Signori<br \/><br \/><br \/><br \/><br \/><\/p>\n","protected":false},"excerpt":{"rendered":"<p>Ol\u00e1 Pessoal,Cabe recurso na seguinte quest\u00e3o de Atualidades da prova do TRT \u2013 13\u00aa Regi\u00e3o \u2013 PB &#8211; Analista Judici\u00e1rio: Quest\u00e3o:O mundo tem acompanhado o que acontece com a infla\u00e7\u00e3o nos Estados Unidos da Am\u00e9rica. Recentemente, a infla\u00e7\u00e3o por l\u00e1 saiu de um plat\u00f4 de cerca de 2% ao ano e atualmente gira em torno [&hellip;]<\/p>\n","protected":false},"author":306,"featured_media":0,"comment_status":"open","ping_status":"closed","sticky":false,"template":"","format":"standard","meta":{"post_tipo":"article","footnotes":""},"categories":[1],"tags":[],"tax_estado":[],"class_list":["post-1131348","post","type-post","status-publish","format-standard","hentry","category-cursos-e-concursos"],"acf":[],"yoast_head":"<!-- This site is optimized with the Yoast SEO Premium plugin v27.2 (Yoast SEO v27.2) - https:\/\/yoast.com\/product\/yoast-seo-premium-wordpress\/ -->\n<title>Recurso \u2013 TRT 13\u00aa Regi\u00e3o \u2013 PB \u2013 Analista Judici\u00e1rio \u2013 Atualidades<\/title>\n<meta name=\"robots\" content=\"index, follow, max-snippet:-1, max-image-preview:large, max-video-preview:-1\" \/>\n<link rel=\"canonical\" href=\"https:\/\/www.estrategiaconcursos.com.br\/blog\/recurso-trt-13a-regiao-pb-analista-judiciario-atualidades\/\" \/>\n<meta property=\"og:locale\" content=\"pt_BR\" \/>\n<meta property=\"og:type\" content=\"article\" \/>\n<meta property=\"og:title\" content=\"Recurso \u2013 TRT 13\u00aa Regi\u00e3o \u2013 PB \u2013 Analista Judici\u00e1rio \u2013 Atualidades\" \/>\n<meta property=\"og:description\" content=\"Ol\u00e1 Pessoal,Cabe recurso na seguinte quest\u00e3o de Atualidades da prova do TRT \u2013 13\u00aa Regi\u00e3o \u2013 PB &#8211; Analista Judici\u00e1rio: Quest\u00e3o:O mundo tem acompanhado o que acontece com a infla\u00e7\u00e3o nos Estados Unidos da Am\u00e9rica. Recentemente, a infla\u00e7\u00e3o por l\u00e1 saiu de um plat\u00f4 de cerca de 2% ao ano e atualmente gira em torno [&hellip;]\" \/>\n<meta property=\"og:url\" content=\"https:\/\/www.estrategiaconcursos.com.br\/blog\/recurso-trt-13a-regiao-pb-analista-judiciario-atualidades\/\" \/>\n<meta property=\"og:site_name\" content=\"Estrat\u00e9gia Concursos\" \/>\n<meta property=\"article:author\" content=\"https:\/\/www.facebook.com\/leandrosignoriatualidades\/\" \/>\n<meta property=\"article:published_time\" content=\"2022-11-29T17:32:41+00:00\" \/>\n<meta property=\"article:modified_time\" content=\"2022-11-29T17:32:45+00:00\" \/>\n<meta name=\"author\" content=\"Leandro Signori\" \/>\n<meta name=\"twitter:card\" content=\"summary_large_image\" \/>\n<meta name=\"twitter:creator\" content=\"@EstratConcursos\" \/>\n<meta name=\"twitter:site\" content=\"@EstratConcursos\" \/>\n<meta name=\"twitter:label1\" content=\"Escrito por\" \/>\n\t<meta name=\"twitter:data1\" content=\"Leandro Signori\" \/>\n\t<meta name=\"twitter:label2\" content=\"Est. tempo de leitura\" \/>\n\t<meta name=\"twitter:data2\" content=\"5 minutos\" \/>\n<script type=\"application\/ld+json\" class=\"yoast-schema-graph\">{\"@context\":\"https:\/\/schema.org\",\"@graph\":[{\"@type\":\"NewsArticle\",\"@id\":\"https:\/\/www.estrategiaconcursos.com.br\/blog\/recurso-trt-13a-regiao-pb-analista-judiciario-atualidades\/#article\",\"isPartOf\":{\"@id\":\"https:\/\/www.estrategiaconcursos.com.br\/blog\/recurso-trt-13a-regiao-pb-analista-judiciario-atualidades\/\"},\"author\":{\"name\":\"Leandro Signori\",\"@id\":\"https:\/\/www.estrategiaconcursos.com.br\/blog\/#\/schema\/person\/d2e7d78de4b9d6ba51cc24fd558a7f42\"},\"headline\":\"Recurso \u2013 TRT 13\u00aa Regi\u00e3o \u2013 PB \u2013 Analista Judici\u00e1rio \u2013 Atualidades\",\"datePublished\":\"2022-11-29T17:32:41+00:00\",\"dateModified\":\"2022-11-29T17:32:45+00:00\",\"mainEntityOfPage\":{\"@id\":\"https:\/\/www.estrategiaconcursos.com.br\/blog\/recurso-trt-13a-regiao-pb-analista-judiciario-atualidades\/\"},\"wordCount\":1004,\"commentCount\":0,\"publisher\":{\"@id\":\"https:\/\/www.estrategiaconcursos.com.br\/blog\/#organization\"},\"articleSection\":[\"Concursos P\u00fablicos\"],\"inLanguage\":\"pt-BR\",\"potentialAction\":[{\"@type\":\"CommentAction\",\"name\":\"Comment\",\"target\":[\"https:\/\/www.estrategiaconcursos.com.br\/blog\/recurso-trt-13a-regiao-pb-analista-judiciario-atualidades\/#respond\"]}],\"copyrightYear\":\"2022\",\"copyrightHolder\":{\"@id\":\"https:\/\/www.estrategiaconcursos.com.br\/blog\/#organization\"}},{\"@type\":\"WebPage\",\"@id\":\"https:\/\/www.estrategiaconcursos.com.br\/blog\/recurso-trt-13a-regiao-pb-analista-judiciario-atualidades\/\",\"url\":\"https:\/\/www.estrategiaconcursos.com.br\/blog\/recurso-trt-13a-regiao-pb-analista-judiciario-atualidades\/\",\"name\":\"Recurso \u2013 TRT 13\u00aa Regi\u00e3o \u2013 PB \u2013 Analista Judici\u00e1rio \u2013 Atualidades\",\"isPartOf\":{\"@id\":\"https:\/\/www.estrategiaconcursos.com.br\/blog\/#website\"},\"datePublished\":\"2022-11-29T17:32:41+00:00\",\"dateModified\":\"2022-11-29T17:32:45+00:00\",\"breadcrumb\":{\"@id\":\"https:\/\/www.estrategiaconcursos.com.br\/blog\/recurso-trt-13a-regiao-pb-analista-judiciario-atualidades\/#breadcrumb\"},\"inLanguage\":\"pt-BR\",\"potentialAction\":[{\"@type\":\"ReadAction\",\"target\":[\"https:\/\/www.estrategiaconcursos.com.br\/blog\/recurso-trt-13a-regiao-pb-analista-judiciario-atualidades\/\"]}]},{\"@type\":\"BreadcrumbList\",\"@id\":\"https:\/\/www.estrategiaconcursos.com.br\/blog\/recurso-trt-13a-regiao-pb-analista-judiciario-atualidades\/#breadcrumb\",\"itemListElement\":[{\"@type\":\"ListItem\",\"position\":1,\"name\":\"In\u00edcio\",\"item\":\"https:\/\/www.estrategiaconcursos.com.br\/blog\/\"},{\"@type\":\"ListItem\",\"position\":2,\"name\":\"Recurso \u2013 TRT 13\u00aa Regi\u00e3o \u2013 PB \u2013 Analista Judici\u00e1rio \u2013 Atualidades\"}]},{\"@type\":\"WebSite\",\"@id\":\"https:\/\/www.estrategiaconcursos.com.br\/blog\/#website\",\"url\":\"https:\/\/www.estrategiaconcursos.com.br\/blog\/\",\"name\":\"Estrat\u00e9gia Concursos\",\"description\":\"O blog da Estrat\u00e9gia Concursos traz not\u00edcias sobre concursos e artigos de professores oferecendo cursos para concursos (pdf + videaulas) no site.\",\"publisher\":{\"@id\":\"https:\/\/www.estrategiaconcursos.com.br\/blog\/#organization\"},\"potentialAction\":[{\"@type\":\"SearchAction\",\"target\":{\"@type\":\"EntryPoint\",\"urlTemplate\":\"https:\/\/www.estrategiaconcursos.com.br\/blog\/?s={search_term_string}\"},\"query-input\":{\"@type\":\"PropertyValueSpecification\",\"valueRequired\":true,\"valueName\":\"search_term_string\"}}],\"inLanguage\":\"pt-BR\"},{\"@type\":\"Organization\",\"@id\":\"https:\/\/www.estrategiaconcursos.com.br\/blog\/#organization\",\"name\":\"Estrat\u00e9gia Concursos\",\"url\":\"https:\/\/www.estrategiaconcursos.com.br\/blog\/\",\"logo\":{\"@type\":\"ImageObject\",\"inLanguage\":\"pt-BR\",\"@id\":\"https:\/\/www.estrategiaconcursos.com.br\/blog\/#\/schema\/logo\/image\/\",\"url\":\"https:\/\/dhg1h5j42swfq.cloudfront.net\/2025\/06\/03203428\/logo_concursos-1.jpg\",\"contentUrl\":\"https:\/\/dhg1h5j42swfq.cloudfront.net\/2025\/06\/03203428\/logo_concursos-1.jpg\",\"width\":230,\"height\":60,\"caption\":\"Estrat\u00e9gia Concursos\"},\"image\":{\"@id\":\"https:\/\/www.estrategiaconcursos.com.br\/blog\/#\/schema\/logo\/image\/\"},\"sameAs\":[\"https:\/\/x.com\/EstratConcursos\"]},{\"@type\":\"Person\",\"@id\":\"https:\/\/www.estrategiaconcursos.com.br\/blog\/#\/schema\/person\/d2e7d78de4b9d6ba51cc24fd558a7f42\",\"name\":\"Leandro Signori\",\"image\":{\"@type\":\"ImageObject\",\"inLanguage\":\"pt-BR\",\"@id\":\"https:\/\/secure.gravatar.com\/avatar\/aa2ef98e93764dcf1758f52d2792d4b3e4089ee25bc520608dde62ad802ae541?s=96&d=mm&r=g\",\"url\":\"https:\/\/secure.gravatar.com\/avatar\/aa2ef98e93764dcf1758f52d2792d4b3e4089ee25bc520608dde62ad802ae541?s=96&d=mm&r=g\",\"contentUrl\":\"https:\/\/secure.gravatar.com\/avatar\/aa2ef98e93764dcf1758f52d2792d4b3e4089ee25bc520608dde62ad802ae541?s=96&d=mm&r=g\",\"caption\":\"Leandro Signori\"},\"description\":\"Licenciado em Geografia pela Universidade Federal do Rio Grande do Sul (UFRGS) e Bacharel em Geografia pela Uniceub (Bras\u00edlia). Como servidor p\u00fablico, foi funcion\u00e1rio da Prefeitura de S\u00e3o Leopoldo (RS), Prefeitura de Porto Alegre (RS), Companhia Riograndense de Saneamento (Corsan) e Minist\u00e9rio da Integra\u00e7\u00e3o Nacional. \u00c9 professor de Geografia para o ensino m\u00e9dio na rede particular de ensino. Leciona as disciplinas de Atualidades, Conhecimentos Gerais, Geografia, Realidade Brasileira e Hist\u00f3ria, em cursos on line e presenciais preparat\u00f3rios para concursos p\u00fablicos.\",\"sameAs\":[\"https:\/\/www.facebook.com\/leandrosignoriatualidades\/\"],\"url\":\"https:\/\/www.estrategiaconcursos.com.br\/blog\/author\/leandroestrategiaconcursos-com-br\/\"}]}<\/script>\n<!-- \/ Yoast SEO Premium plugin. -->","yoast_head_json":{"title":"Recurso \u2013 TRT 13\u00aa Regi\u00e3o \u2013 PB \u2013 Analista Judici\u00e1rio \u2013 Atualidades","robots":{"index":"index","follow":"follow","max-snippet":"max-snippet:-1","max-image-preview":"max-image-preview:large","max-video-preview":"max-video-preview:-1"},"canonical":"https:\/\/www.estrategiaconcursos.com.br\/blog\/recurso-trt-13a-regiao-pb-analista-judiciario-atualidades\/","og_locale":"pt_BR","og_type":"article","og_title":"Recurso \u2013 TRT 13\u00aa Regi\u00e3o \u2013 PB \u2013 Analista Judici\u00e1rio \u2013 Atualidades","og_description":"Ol\u00e1 Pessoal,Cabe recurso na seguinte quest\u00e3o de Atualidades da prova do TRT \u2013 13\u00aa Regi\u00e3o \u2013 PB &#8211; Analista Judici\u00e1rio: Quest\u00e3o:O mundo tem acompanhado o que acontece com a infla\u00e7\u00e3o nos Estados Unidos da Am\u00e9rica. Recentemente, a infla\u00e7\u00e3o por l\u00e1 saiu de um plat\u00f4 de cerca de 2% ao ano e atualmente gira em torno [&hellip;]","og_url":"https:\/\/www.estrategiaconcursos.com.br\/blog\/recurso-trt-13a-regiao-pb-analista-judiciario-atualidades\/","og_site_name":"Estrat\u00e9gia Concursos","article_author":"https:\/\/www.facebook.com\/leandrosignoriatualidades\/","article_published_time":"2022-11-29T17:32:41+00:00","article_modified_time":"2022-11-29T17:32:45+00:00","author":"Leandro Signori","twitter_card":"summary_large_image","twitter_creator":"@EstratConcursos","twitter_site":"@EstratConcursos","twitter_misc":{"Escrito por":"Leandro Signori","Est. tempo de leitura":"5 minutos"},"schema":{"@context":"https:\/\/schema.org","@graph":[{"@type":"NewsArticle","@id":"https:\/\/www.estrategiaconcursos.com.br\/blog\/recurso-trt-13a-regiao-pb-analista-judiciario-atualidades\/#article","isPartOf":{"@id":"https:\/\/www.estrategiaconcursos.com.br\/blog\/recurso-trt-13a-regiao-pb-analista-judiciario-atualidades\/"},"author":{"name":"Leandro Signori","@id":"https:\/\/www.estrategiaconcursos.com.br\/blog\/#\/schema\/person\/d2e7d78de4b9d6ba51cc24fd558a7f42"},"headline":"Recurso \u2013 TRT 13\u00aa Regi\u00e3o \u2013 PB \u2013 Analista Judici\u00e1rio \u2013 Atualidades","datePublished":"2022-11-29T17:32:41+00:00","dateModified":"2022-11-29T17:32:45+00:00","mainEntityOfPage":{"@id":"https:\/\/www.estrategiaconcursos.com.br\/blog\/recurso-trt-13a-regiao-pb-analista-judiciario-atualidades\/"},"wordCount":1004,"commentCount":0,"publisher":{"@id":"https:\/\/www.estrategiaconcursos.com.br\/blog\/#organization"},"articleSection":["Concursos P\u00fablicos"],"inLanguage":"pt-BR","potentialAction":[{"@type":"CommentAction","name":"Comment","target":["https:\/\/www.estrategiaconcursos.com.br\/blog\/recurso-trt-13a-regiao-pb-analista-judiciario-atualidades\/#respond"]}],"copyrightYear":"2022","copyrightHolder":{"@id":"https:\/\/www.estrategiaconcursos.com.br\/blog\/#organization"}},{"@type":"WebPage","@id":"https:\/\/www.estrategiaconcursos.com.br\/blog\/recurso-trt-13a-regiao-pb-analista-judiciario-atualidades\/","url":"https:\/\/www.estrategiaconcursos.com.br\/blog\/recurso-trt-13a-regiao-pb-analista-judiciario-atualidades\/","name":"Recurso \u2013 TRT 13\u00aa Regi\u00e3o \u2013 PB \u2013 Analista Judici\u00e1rio \u2013 Atualidades","isPartOf":{"@id":"https:\/\/www.estrategiaconcursos.com.br\/blog\/#website"},"datePublished":"2022-11-29T17:32:41+00:00","dateModified":"2022-11-29T17:32:45+00:00","breadcrumb":{"@id":"https:\/\/www.estrategiaconcursos.com.br\/blog\/recurso-trt-13a-regiao-pb-analista-judiciario-atualidades\/#breadcrumb"},"inLanguage":"pt-BR","potentialAction":[{"@type":"ReadAction","target":["https:\/\/www.estrategiaconcursos.com.br\/blog\/recurso-trt-13a-regiao-pb-analista-judiciario-atualidades\/"]}]},{"@type":"BreadcrumbList","@id":"https:\/\/www.estrategiaconcursos.com.br\/blog\/recurso-trt-13a-regiao-pb-analista-judiciario-atualidades\/#breadcrumb","itemListElement":[{"@type":"ListItem","position":1,"name":"In\u00edcio","item":"https:\/\/www.estrategiaconcursos.com.br\/blog\/"},{"@type":"ListItem","position":2,"name":"Recurso \u2013 TRT 13\u00aa Regi\u00e3o \u2013 PB \u2013 Analista Judici\u00e1rio \u2013 Atualidades"}]},{"@type":"WebSite","@id":"https:\/\/www.estrategiaconcursos.com.br\/blog\/#website","url":"https:\/\/www.estrategiaconcursos.com.br\/blog\/","name":"Estrat\u00e9gia Concursos","description":"O blog da Estrat\u00e9gia Concursos traz not\u00edcias sobre concursos e artigos de professores oferecendo cursos para concursos (pdf + videaulas) no site.","publisher":{"@id":"https:\/\/www.estrategiaconcursos.com.br\/blog\/#organization"},"potentialAction":[{"@type":"SearchAction","target":{"@type":"EntryPoint","urlTemplate":"https:\/\/www.estrategiaconcursos.com.br\/blog\/?s={search_term_string}"},"query-input":{"@type":"PropertyValueSpecification","valueRequired":true,"valueName":"search_term_string"}}],"inLanguage":"pt-BR"},{"@type":"Organization","@id":"https:\/\/www.estrategiaconcursos.com.br\/blog\/#organization","name":"Estrat\u00e9gia Concursos","url":"https:\/\/www.estrategiaconcursos.com.br\/blog\/","logo":{"@type":"ImageObject","inLanguage":"pt-BR","@id":"https:\/\/www.estrategiaconcursos.com.br\/blog\/#\/schema\/logo\/image\/","url":"https:\/\/dhg1h5j42swfq.cloudfront.net\/2025\/06\/03203428\/logo_concursos-1.jpg","contentUrl":"https:\/\/dhg1h5j42swfq.cloudfront.net\/2025\/06\/03203428\/logo_concursos-1.jpg","width":230,"height":60,"caption":"Estrat\u00e9gia Concursos"},"image":{"@id":"https:\/\/www.estrategiaconcursos.com.br\/blog\/#\/schema\/logo\/image\/"},"sameAs":["https:\/\/x.com\/EstratConcursos"]},{"@type":"Person","@id":"https:\/\/www.estrategiaconcursos.com.br\/blog\/#\/schema\/person\/d2e7d78de4b9d6ba51cc24fd558a7f42","name":"Leandro Signori","image":{"@type":"ImageObject","inLanguage":"pt-BR","@id":"https:\/\/secure.gravatar.com\/avatar\/aa2ef98e93764dcf1758f52d2792d4b3e4089ee25bc520608dde62ad802ae541?s=96&d=mm&r=g","url":"https:\/\/secure.gravatar.com\/avatar\/aa2ef98e93764dcf1758f52d2792d4b3e4089ee25bc520608dde62ad802ae541?s=96&d=mm&r=g","contentUrl":"https:\/\/secure.gravatar.com\/avatar\/aa2ef98e93764dcf1758f52d2792d4b3e4089ee25bc520608dde62ad802ae541?s=96&d=mm&r=g","caption":"Leandro Signori"},"description":"Licenciado em Geografia pela Universidade Federal do Rio Grande do Sul (UFRGS) e Bacharel em Geografia pela Uniceub (Bras\u00edlia). Como servidor p\u00fablico, foi funcion\u00e1rio da Prefeitura de S\u00e3o Leopoldo (RS), Prefeitura de Porto Alegre (RS), Companhia Riograndense de Saneamento (Corsan) e Minist\u00e9rio da Integra\u00e7\u00e3o Nacional. \u00c9 professor de Geografia para o ensino m\u00e9dio na rede particular de ensino. Leciona as disciplinas de Atualidades, Conhecimentos Gerais, Geografia, Realidade Brasileira e Hist\u00f3ria, em cursos on line e presenciais preparat\u00f3rios para concursos p\u00fablicos.","sameAs":["https:\/\/www.facebook.com\/leandrosignoriatualidades\/"],"url":"https:\/\/www.estrategiaconcursos.com.br\/blog\/author\/leandroestrategiaconcursos-com-br\/"}]}},"_links":{"self":[{"href":"https:\/\/www.estrategiaconcursos.com.br\/blog\/wp-json\/wp\/v2\/posts\/1131348","targetHints":{"allow":["GET"]}}],"collection":[{"href":"https:\/\/www.estrategiaconcursos.com.br\/blog\/wp-json\/wp\/v2\/posts"}],"about":[{"href":"https:\/\/www.estrategiaconcursos.com.br\/blog\/wp-json\/wp\/v2\/types\/post"}],"author":[{"embeddable":true,"href":"https:\/\/www.estrategiaconcursos.com.br\/blog\/wp-json\/wp\/v2\/users\/306"}],"replies":[{"embeddable":true,"href":"https:\/\/www.estrategiaconcursos.com.br\/blog\/wp-json\/wp\/v2\/comments?post=1131348"}],"version-history":[{"count":3,"href":"https:\/\/www.estrategiaconcursos.com.br\/blog\/wp-json\/wp\/v2\/posts\/1131348\/revisions"}],"predecessor-version":[{"id":1131369,"href":"https:\/\/www.estrategiaconcursos.com.br\/blog\/wp-json\/wp\/v2\/posts\/1131348\/revisions\/1131369"}],"wp:attachment":[{"href":"https:\/\/www.estrategiaconcursos.com.br\/blog\/wp-json\/wp\/v2\/media?parent=1131348"}],"wp:term":[{"taxonomy":"category","embeddable":true,"href":"https:\/\/www.estrategiaconcursos.com.br\/blog\/wp-json\/wp\/v2\/categories?post=1131348"},{"taxonomy":"post_tag","embeddable":true,"href":"https:\/\/www.estrategiaconcursos.com.br\/blog\/wp-json\/wp\/v2\/tags?post=1131348"},{"taxonomy":"tax_estado","embeddable":true,"href":"https:\/\/www.estrategiaconcursos.com.br\/blog\/wp-json\/wp\/v2\/tax_estado?post=1131348"}],"curies":[{"name":"wp","href":"https:\/\/api.w.org\/{rel}","templated":true}]}}