{"id":1130961,"date":"2022-11-29T08:06:53","date_gmt":"2022-11-29T11:06:53","guid":{"rendered":"https:\/\/www.estrategiaconcursos.com.br\/blog\/?p=1130961"},"modified":"2022-11-29T08:48:24","modified_gmt":"2022-11-29T11:48:24","slug":"concurso-inss-comentarios-questoes-portugues","status":"publish","type":"post","link":"https:\/\/www.estrategiaconcursos.com.br\/blog\/concurso-inss-comentarios-questoes-portugues\/","title":{"rendered":"Concurso INSS: veja os coment\u00e1rios das quest\u00f5es de Portugu\u00eas!"},"content":{"rendered":"\n<p>As provas do&nbsp;<strong>concurso INSS<\/strong>&nbsp;foram aplicadas no \u00faltimo domingo, 27 de novembro. Como voc\u00ea sabe, logo ap\u00f3s a prova, realizamos a corre\u00e7\u00e3o extraoficial por meio da resolu\u00e7\u00e3o das quest\u00f5es de prova. <\/p>\n\n\n\n<ul class=\"wp-block-list\"><li><strong>Confira o&nbsp;<a href=\"https:\/\/www.estrategiaconcursos.com.br\/blog\/gabarito-inss-2\/\" target=\"_blank\" rel=\"noreferrer noopener\">Gabarito Extraoficial<\/a>!<\/strong><\/li><\/ul>\n\n\n\n<p>Al\u00e9m disso, elaboramos este artigo para voc\u00ea, concurseiro, conferir os coment\u00e1rios sobre as quest\u00f5es de <strong>Portugu\u00eas da prova do concurso INSS<\/strong>.<\/p>\n\n\n\n<p class=\"has-text-align-center has-pale-cyan-blue-background-color has-background has-medium-font-size\"><strong>Confira os coment\u00e1rios sobre as quest\u00f5es de Portugu\u00eas da prova do concurso INSS!<\/strong><\/p>\n\n\n\n<p>Em rela\u00e7\u00e3o a aspectos estruturais do texto CBIAI \u00e9 \u00e0s informa\u00e7\u00f5es por ele veiculadas, julgue os itens subsequentes.<\/p>\n\n\n\n<p><strong>Quest\u00e3o 1:&nbsp;<\/strong>Os servi\u00e7os de cuidados fenecidos na Am\u00e9rica Latina diferenciam-se dos providos em pa\u00edses do hemisf\u00e9rio norte.<\/p>\n\n\n\n<p><strong>Coment\u00e1rio:<\/strong>&nbsp;Sim. Na Am\u00e9rica Latina, esses servi\u00e7os s\u00e3o prestados essencialmente pela fam\u00edlia. Nos pa\u00edses do hemisf\u00e9rio norte, s\u00e3o prestados pelo mercado e pelo estado.&nbsp;<\/p>\n\n\n\n<p><strong><em>Resposta:&nbsp;<\/em><\/strong><strong>CERTO<\/strong><\/p>\n\n\n\n<p><strong>Quest\u00e3o 2:&nbsp;<\/strong>A profissionaliza\u00e7\u00e3o do trabalho de cuidados nos \u00faltimos anos remodelou a ess\u00eancia do conceito de cuidado.<\/p>\n\n\n\n<p><strong>Coment\u00e1rio:&nbsp;<\/strong>H\u00e1 uma invers\u00e3o de causa e efeito. Foi a discuss\u00e3o desse conceito, as pesquisas, a amplia\u00e7\u00e3o do conceito que levou a uma maior mercantiliza\u00e7\u00e3o. Passou-se para um conceito de \u201ccuidado\u201d como preocupa\u00e7\u00e3o com o bem-estar de todos, consequentemente surgiu a necessidade de Mercantiliza\u00e7\u00e3o.&nbsp;<\/p>\n\n\n\n<p>Se a banca encarar essa quest\u00e3o de forma mais simplista, \u00e9 poss\u00edvel que d\u00ea o gabarito como \u201ccerto\u201d, da\u00ed vamos propor o recurso adequado.&nbsp;<\/p>\n\n\n\n<p><strong><em>Resposta:<\/em><\/strong><strong>&nbsp;ERRADO<\/strong><\/p>\n\n\n\n<p><strong>Quest\u00e3o 3:&nbsp;<\/strong>Ao confirmarem a forte dimens\u00e3o emocional do trabalho de cuidados, os estudos relatados no texto recomendam que esse setor da economia n\u00e3o seja assumido pelo Estado nem seja objeto de mercantiliza\u00e7\u00e3o.<\/p>\n\n\n\n<p><strong>Coment\u00e1rio:&nbsp;<\/strong>N\u00e3o h\u00e1 essa recomenda\u00e7\u00e3o. O texto \u00e9 predominantemente expositivo e menciona, inclusive, que esse setor \u00e9 prestado parte pelo estado, parte pelo mercado.&nbsp;<\/p>\n\n\n\n<p><br \/><strong><em>Resposta:&nbsp;ERRADO<\/em><\/strong><\/p>\n\n\n\n<p><strong>Quest\u00e3o 4:&nbsp;<\/strong>Por mencionar dados, articular depoimentos e expor argumentos, o texto configura-se como predominantemente descritivo.<\/p>\n\n\n\n<p><strong>Coment\u00e1rio:<\/strong>&nbsp;Por apresentar ideias, com finalidade informativa, o texto deve ser classificado como expositivo. N\u00e3o h\u00e1 inten\u00e7\u00e3o de convencer o leitor de um ponto de vista.&nbsp;<\/p>\n\n\n\n<p><br \/><strong><em>Resposta:&nbsp;ERRADO<\/em><\/strong><\/p>\n\n\n\n<p><strong>Quest\u00e3o 5:&nbsp;<\/strong>O envelhecimento da popula\u00e7\u00e3o mundial \u00e9 um dos fatores que explicam a amplia\u00e7\u00e3o da presen\u00e7a de mulheres no mercado de trabalho.<\/p>\n\n\n\n<p><strong>Coment\u00e1rio:<\/strong>&nbsp;O envelhecimento da popula\u00e7\u00e3o mundial \u00e9 um dos fatores que explicam a mercantiliza\u00e7\u00e3o dos servi\u00e7os de cuidado. A&nbsp; amplia\u00e7\u00e3o da presen\u00e7a de mulheres no mercado de trabalho \u00e9 um segundo fator que tamb\u00e9m contribui para isso.&nbsp;<\/p>\n\n\n\n<p><br \/><strong><em>Resposta:&nbsp;ERRADO<\/em><\/strong><\/p>\n\n\n\n<p>Acerca de aspectos sem\u00e2nticos e sint\u00e1ticos do texto CBIAI, julgue os itens que se seguem.<\/p>\n\n\n\n<p><strong>Quest\u00e3o 6:&nbsp;<\/strong>No \u00faltimo par\u00e1grafo, a express\u00e3o \u201cnas quais\u201d poderia, sem preju\u00edzo sint\u00e1tico para o texto, ser substitu\u00edda por cujas.<\/p>\n\n\n\n<p><strong>Coment\u00e1rio:&nbsp;<\/strong>Existe um problema de elabora\u00e7\u00e3o no item.&nbsp;Vejamos a substitui\u00e7\u00e3o proposta:&nbsp;<\/p>\n\n\n\n<p>&#8230;fam\u00edlias, nas quais mulheres desempenham gratuitamente papel central&#8230; (as mulheres desempenham o papel NAS FAM\u00cdLIAS \u2013 sentido de lugar\/posi\u00e7\u00e3o: ora\u00e7\u00e3o adjetiva com fun\u00e7\u00e3o de adjunto adverbial)<\/p>\n\n\n\n<p>X<\/p>\n\n\n\n<p>&#8230;fam\u00edlias, cujas&nbsp; mulheres desempenham gratuitamente papel central&#8230; (as mulheres DAS FAM\u00cdLIAS desempenham o papel \u2013 sentido de posse: ora\u00e7\u00e3o adjetiva com fun\u00e7\u00e3o de adjunto adnominal)<\/p>\n\n\n\n<p>A substitui\u00e7\u00e3o \u00e9 poss\u00edvel, n\u00e3o causaria erro, nem problemas \u201cestruturais\u201d. Olhando de forma simplista, poder\u00edamos at\u00e9 pensar que o item est\u00e1 certo. Provavelmente, a banca vai seguir por esse caminho.&nbsp;<\/p>\n\n\n\n<p>No entanto, a reescritura ALTERA AS RELA\u00c7\u00d5ES SINT\u00c1TICAS ORIGINAIS. Ao mudar de adjunto adverbial para adnominal, n\u00e3o podemos dizer que n\u00e3o houve \u201cpreju\u00edzo sint\u00e1tico\u201d. N\u00e3o fica claro o que a banca quer dizer com \u201cpreju\u00edzo sint\u00e1tico\u201d. Se for mera \u201ccorre\u00e7\u00e3o gramatical\u201d, a substitui\u00e7\u00e3o n\u00e3o causa \u201cpreju\u00edzo\u201d; contudo, sendo rigoroso e t\u00e9cnico, h\u00e1 mudan\u00e7a na an\u00e1lise sint\u00e1tica e isso pode ser sim considerado \u201cpreju\u00edzo sint\u00e1tico\u201d.&nbsp;<\/p>\n\n\n\n<p>Por essas raz\u00f5es, acreditamos que a quest\u00e3o deve ser anulada, pois o termo \u201cpreju\u00edzo sint\u00e1tico\u201d prejudica o julgamento objetivo do item.&nbsp;<\/p>\n\n\n\n<p><strong><em>Resposta:&nbsp;CERTO<\/em><\/strong>&nbsp;(cabe recurso)<\/p>\n\n\n\n<p><strong>Quest\u00e3o 7:&nbsp;<\/strong>No terceiro par\u00e1grafo, o segmento \u201ca ideia\u201d (segundo per\u00edodo) retoma, por coes\u00e3o, a \u201cno\u00e7\u00e3o\u201d descrita no primeiro per\u00edodo.<\/p>\n\n\n\n<p><strong>Coment\u00e1rio:<\/strong>&nbsp;Sim. A ideia \u00e9 a \u201cno\u00e7\u00e3o arraigada de que o trabalho de cuidado seria uma manifesta\u00e7\u00e3o de amor\u201d.&nbsp;<\/p>\n\n\n\n<p><br \/><strong><em>Resposta:&nbsp;CERTO<\/em><\/strong><\/p>\n\n\n\n<p><strong>Quest\u00e3o 8:&nbsp;<\/strong>Seria preservada a coer\u00eancia das ideias do texto se, no segundo par\u00e1grafo, a express\u00e3o \u201cna medida em que\u201d fosse substitu\u00edda pelo voc\u00e1bulo pois.<\/p>\n\n\n\n<p><strong>Coment\u00e1rio:&nbsp;<\/strong>Sim. A locu\u00e7\u00e3o \u201cna medida em que\u201d equivale a \u201cporque\/pois\u201d; n\u00e3o haveria qualquer preju\u00edzo na troca. Nem mesmo o sentido seria alterado, embora a banca n\u00e3o tenha perguntado sobre o sentido, apenas sobre a coer\u00eancia.&nbsp;<\/p>\n\n\n\n<p><br \/><strong><em>Resposta:&nbsp;CERTO<\/em><\/strong><\/p>\n\n\n\n<p>Julgue os itens a seguir, relativos a aspectos estruturais e gramaticais do texto CBIA!<\/p>\n\n\n\n<p><strong>Quest\u00e3o 9:&nbsp;<\/strong>Seria mantida a corre\u00e7\u00e3o gramatical do texto caso o termo \u201canalisado\u2019 (quarto par\u00e1grafo) fosse flexionado no feminino \u2014 analisada \u2014, dada a possibilidade de sua concord\u00e2ncia com o termo subsequente \u201ccrise\u201d, com o qual estabelece rela\u00e7\u00e3o sint\u00e1tico-sem\u00e2ntica.<\/p>\n\n\n\n<p><strong>Coment\u00e1rio:&nbsp;<\/strong>O pronome demonstrativo \u201co\u201d equivale a \u201caquilo\u201d e est\u00e1 sendo retomado pelo relativo \u201cque\u201d. S\u00f3 poderia haver concord\u00e2ncia no masculino:&nbsp;<\/p>\n\n\n\n<p>\u201c&#8230; <strong>o<\/strong> que tem sido <strong>analisado<\/strong> como uma crise&#8230;\u201d<\/p>\n\n\n\n<p><br \/><strong><em>Resposta:&nbsp;ERRADO<\/em><\/strong><\/p>\n\n\n\n<p><strong>Quest\u00e3o 10:&nbsp;<\/strong>No terceiro per\u00edodo do segundo par\u00e1grafo, o termo \u201csua\u201d refere-se \u00e0 express\u00e3o \u201cconceito de cuidado\u201d.<\/p>\n\n\n\n<p><strong>Coment\u00e1rio:&nbsp;<\/strong>Sim. O conceito de cuidado surgiu como categoria relevante&#8230; e tem sido crescente \u201csua\u201d presen\u00e7a (presen\u00e7a do conceito de cuidado) em linhas de investiga\u00e7\u00e3o&#8230;<\/p>\n\n\n\n<p><br \/><strong><em>Resposta:&nbsp;CERTO<\/em><\/strong><\/p>\n\n\n\n<p><strong>Quest\u00e3o 11:&nbsp;<\/strong>No in\u00edcio do quarto par\u00e1grafo, a express\u00e3o \u201cPor outro lado\u201d desempenha papel de refor\u00e7o da coes\u00e3o textual e poderia ser substitu\u00edda, sem preju\u00edzo sem\u00e2ntico ao texto original, por Inversamente.<\/p>\n\n\n\n<p><strong>Coment\u00e1rio:<\/strong>&nbsp;\u201cInversamente\u201d significa \u201cao contr\u00e1rio\u201d e, por tanto, n\u00e3o seria cab\u00edvel como sin\u00f4nimo adequado de \u201cpor outro lado\u201d.&nbsp;<\/p>\n\n\n\n<p><br \/><strong><em>Resposta:&nbsp;ERRADO<\/em><\/strong><\/p>\n\n\n\n<p><strong>Quest\u00e3o 12:&nbsp;<\/strong>&nbsp;O emprego das v\u00edrgulas ap\u00f3s os trechos \u201cDe acordo com o \u00faltimo relat\u00f3rio da Organiza\u00e7\u00e3o Internacional do Trabalho (OIT)\u201d (no segundo per\u00edodo do primeiro par\u00e1grafo) e \u201cConforme defini\u00e7\u00e3o da OIT\u201d (no in\u00edcio do segundo par\u00e1grafo) justifica-se pelo mesmo motivo.<\/p>\n\n\n\n<p><strong>Coment\u00e1rio:<\/strong>&nbsp;Temos dois adjuntos adverbiais de conformidade, que est\u00e3o deslocados.&nbsp;<\/p>\n\n\n\n<p><br \/><strong><em>Resposta:&nbsp;CERTO<\/em><\/strong><\/p>\n\n\n\n<p><strong>Quest\u00e3o 13:&nbsp;<\/strong>Por constituir um substantivo, o termo \u201cbem-estar\u201d, empregado no segundo par\u00e1grafo, poderia ser grafado, em conformidade com a ortografia oficial, sem o hifen: bem estar.<\/p>\n\n\n\n<p><strong>Coment\u00e1rio:&nbsp;<\/strong>Justamente por ser substantivo, deve ser grafado com o h\u00edfen.<br \/><strong><em>Resposta:&nbsp;ERRADO<\/em><\/strong><\/p>\n\n\n\n<p><strong>Quest\u00e3o 14:&nbsp;<\/strong>No in\u00edcio do \u00faltimo par\u00e1grafo, o emprego da conjun\u00e7\u00e3o \u201centretanto\u201d objetiva evidenciar uma contraposi\u00e7\u00e3o com o que se afirma no par\u00e1grafo anterior; por isso, essa conjun\u00e7\u00e3o poderia ser substitu\u00edda, sem preju\u00edzo dos sentidos e da coer\u00eancia do texto, por conquanto.<\/p>\n\n\n\n<p><strong>Coment\u00e1rio:<\/strong>&nbsp;\u201cconquanto\u201d equivale a \u201cembora\u201d, \u00e9 conjun\u00e7\u00e3o concessiva; \u201centretanto\u201d \u00e9 conjun\u00e7\u00e3o adversativa. Haveria sim preju\u00edzo ao sentido original.&nbsp;<\/p>\n\n\n\n<p><strong><em>Resposta:&nbsp;ERRADO<\/em><\/strong><\/p>\n\n\n\n<p class=\"has-text-align-center\"><em>Para mais detalhes do concurso INSS, cujo artigo especifica as quest\u00f5es de Portugu\u00eas, acesse o link abaixo. Preparamos um artigo completo, separado por t\u00f3picos, para facilitar a sua compreens\u00e3o:<\/em><\/p>\n\n\n\n<p class=\"has-text-align-center has-background has-medium-font-size\" style=\"background-color:#c9d3db\"><strong>Saiba mais:&nbsp;<a href=\"https:\/\/www.estrategiaconcursos.com.br\/blog\/concurso-inss\/\" target=\"_blank\" rel=\"noreferrer noopener\">INSS<\/a><\/strong><\/p>\n\n\n\n<hr class=\"wp-block-separator has-alpha-channel-opacity\"\/>\n\n\n\n<h2 class=\"has-text-align-center wp-block-heading\" id=\"curso\">Assinaturas e cursos para o concurso INSS 2022<\/h2>\n\n\n\n<div class=\"container\" id=\"boxes\">\n  <div class=\"row\">\n\n    <div class=\"col-sm\">\n      <div class=\"banner-adm\" id=\"box-assinatura\">\n        <h3 class=\"titulo-assinatura\">Concurso INSS<\/h3>\n        <p class=\"subtitulo-assinatura\">Conhe\u00e7a os cursos<\/p>\n        <div class=\"box-botao\">\n          <a class=\"btn-assinatura\" target=\"_blank\" href=\"https:\/\/www.estrategiaconcursos.com.br\/cursosPorConcurso\/inss-tecnico-do-seguro-social-101\/\" role=\"button\" rel=\"noopener noreferrer\">Conhe\u00e7a mais<\/a>\n        <\/div>\n      <\/div>\n     \n    <\/div>\n\n  <\/div>\n<\/div>\n\n\n\n<h2 class=\"has-text-align-center wp-block-heading\" id=\"h-quer-saber-tudo-sobre-concursos-previstos-confira-nossos-artigos\">Quer saber tudo sobre concursos previstos?<br \/>Confira nossos artigos!<\/h2>\n\n\n\n<ul class=\"wp-block-list\"><li><a href=\"https:\/\/www.estrategiaconcursos.com.br\/blog\/concursos-abertos\/\" target=\"_blank\" rel=\"noreferrer noopener\">Concursos Abertos<\/a><\/li><li><a href=\"https:\/\/www.estrategiaconcursos.com.br\/blog\/concursos-2023\/\" target=\"_blank\" rel=\"noreferrer noopener\">Concursos 2023<\/a><\/li><\/ul>\n","protected":false},"excerpt":{"rendered":"<p>As provas do&nbsp;concurso INSS&nbsp;foram aplicadas no \u00faltimo domingo, 27 de novembro. Como voc\u00ea sabe, logo ap\u00f3s a prova, realizamos a corre\u00e7\u00e3o extraoficial por meio da resolu\u00e7\u00e3o das quest\u00f5es de prova. Confira o&nbsp;Gabarito Extraoficial! Al\u00e9m disso, elaboramos este artigo para voc\u00ea, concurseiro, conferir os coment\u00e1rios sobre as quest\u00f5es de Portugu\u00eas da prova do concurso INSS. Confira [&hellip;]<\/p>\n","protected":false},"author":1966,"featured_media":1121177,"comment_status":"open","ping_status":"closed","sticky":false,"template":"","format":"standard","meta":{"post_tipo":"news","footnotes":""},"categories":[220191,220219],"tags":[],"tax_estado":[219963],"class_list":["post-1130961","post","type-post","status-publish","format-standard","has-post-thumbnail","hentry","category-previdenciaria","category-noticias","tax_estado-concursos-federais"],"acf":[],"yoast_head":"<!-- This site is optimized with the Yoast SEO Premium plugin v27.2 (Yoast SEO v27.2) - https:\/\/yoast.com\/product\/yoast-seo-premium-wordpress\/ -->\n<title>Concurso INSS: veja os coment\u00e1rios das quest\u00f5es de Portugu\u00eas!<\/title>\n<meta name=\"description\" content=\"Elaboramos este artigo para voc\u00ea, concurseiro, conferir os coment\u00e1rios sobre as quest\u00f5es de Portugu\u00eas da prova do concurso INSS. Veja!\" \/>\n<meta name=\"robots\" content=\"index, follow, max-snippet:-1, max-image-preview:large, max-video-preview:-1\" \/>\n<link rel=\"canonical\" href=\"https:\/\/www.estrategiaconcursos.com.br\/blog\/concurso-inss-comentarios-questoes-portugues\/\" \/>\n<meta property=\"og:locale\" content=\"pt_BR\" \/>\n<meta property=\"og:type\" content=\"article\" \/>\n<meta property=\"og:title\" content=\"Concurso INSS: veja os coment\u00e1rios das quest\u00f5es de Portugu\u00eas!\" \/>\n<meta property=\"og:description\" content=\"Elaboramos este artigo para voc\u00ea, concurseiro, conferir os coment\u00e1rios sobre as quest\u00f5es de Portugu\u00eas da prova do concurso INSS. Veja!\" \/>\n<meta property=\"og:url\" content=\"https:\/\/www.estrategiaconcursos.com.br\/blog\/concurso-inss-comentarios-questoes-portugues\/\" \/>\n<meta property=\"og:site_name\" content=\"Estrat\u00e9gia Concursos\" \/>\n<meta property=\"article:published_time\" content=\"2022-11-29T11:06:53+00:00\" \/>\n<meta property=\"article:modified_time\" content=\"2022-11-29T11:48:24+00:00\" \/>\n<meta property=\"og:image\" content=\"https:\/\/dhg1h5j42swfq.cloudfront.net\/2022\/11\/07162326\/inss-1024x536-1.jpg\" \/>\n\t<meta property=\"og:image:width\" content=\"1024\" \/>\n\t<meta property=\"og:image:height\" content=\"536\" \/>\n\t<meta property=\"og:image:type\" content=\"image\/jpeg\" \/>\n<meta name=\"author\" content=\"Felipe Luccas\" \/>\n<meta name=\"twitter:card\" content=\"summary_large_image\" \/>\n<meta name=\"twitter:creator\" content=\"@EstratConcursos\" \/>\n<meta name=\"twitter:site\" content=\"@EstratConcursos\" \/>\n<meta name=\"twitter:label1\" content=\"Escrito por\" \/>\n\t<meta name=\"twitter:data1\" content=\"Felipe Luccas\" \/>\n\t<meta name=\"twitter:label2\" content=\"Est. tempo de leitura\" \/>\n\t<meta name=\"twitter:data2\" content=\"7 minutos\" \/>\n<script type=\"application\/ld+json\" class=\"yoast-schema-graph\">{\"@context\":\"https:\/\/schema.org\",\"@graph\":[{\"@type\":\"NewsArticle\",\"@id\":\"https:\/\/www.estrategiaconcursos.com.br\/blog\/concurso-inss-comentarios-questoes-portugues\/#article\",\"isPartOf\":{\"@id\":\"https:\/\/www.estrategiaconcursos.com.br\/blog\/concurso-inss-comentarios-questoes-portugues\/\"},\"author\":{\"name\":\"Felipe Luccas\",\"@id\":\"https:\/\/www.estrategiaconcursos.com.br\/blog\/#\/schema\/person\/0626e56bc8ff71b325d02895304617dd\"},\"headline\":\"Concurso INSS: veja os coment\u00e1rios das quest\u00f5es de Portugu\u00eas!\",\"datePublished\":\"2022-11-29T11:06:53+00:00\",\"dateModified\":\"2022-11-29T11:48:24+00:00\",\"mainEntityOfPage\":{\"@id\":\"https:\/\/www.estrategiaconcursos.com.br\/blog\/concurso-inss-comentarios-questoes-portugues\/\"},\"wordCount\":1344,\"commentCount\":0,\"publisher\":{\"@id\":\"https:\/\/www.estrategiaconcursos.com.br\/blog\/#organization\"},\"image\":{\"@id\":\"https:\/\/www.estrategiaconcursos.com.br\/blog\/concurso-inss-comentarios-questoes-portugues\/#primaryimage\"},\"thumbnailUrl\":\"https:\/\/dhg1h5j42swfq.cloudfront.net\/2022\/11\/07162326\/inss-1024x536-1.jpg\",\"articleSection\":[\"Previdenci\u00e1ria (INSS, PREVIC)\",\"\u00daltimas not\u00edcias\"],\"inLanguage\":\"pt-BR\",\"potentialAction\":[{\"@type\":\"CommentAction\",\"name\":\"Comment\",\"target\":[\"https:\/\/www.estrategiaconcursos.com.br\/blog\/concurso-inss-comentarios-questoes-portugues\/#respond\"]}],\"copyrightYear\":\"2022\",\"copyrightHolder\":{\"@id\":\"https:\/\/www.estrategiaconcursos.com.br\/blog\/#organization\"}},{\"@type\":\"WebPage\",\"@id\":\"https:\/\/www.estrategiaconcursos.com.br\/blog\/concurso-inss-comentarios-questoes-portugues\/\",\"url\":\"https:\/\/www.estrategiaconcursos.com.br\/blog\/concurso-inss-comentarios-questoes-portugues\/\",\"name\":\"Concurso INSS: veja os coment\u00e1rios das quest\u00f5es de Portugu\u00eas!\",\"isPartOf\":{\"@id\":\"https:\/\/www.estrategiaconcursos.com.br\/blog\/#website\"},\"primaryImageOfPage\":{\"@id\":\"https:\/\/www.estrategiaconcursos.com.br\/blog\/concurso-inss-comentarios-questoes-portugues\/#primaryimage\"},\"image\":{\"@id\":\"https:\/\/www.estrategiaconcursos.com.br\/blog\/concurso-inss-comentarios-questoes-portugues\/#primaryimage\"},\"thumbnailUrl\":\"https:\/\/dhg1h5j42swfq.cloudfront.net\/2022\/11\/07162326\/inss-1024x536-1.jpg\",\"datePublished\":\"2022-11-29T11:06:53+00:00\",\"dateModified\":\"2022-11-29T11:48:24+00:00\",\"description\":\"Elaboramos este artigo para voc\u00ea, concurseiro, conferir os coment\u00e1rios sobre as quest\u00f5es de Portugu\u00eas da prova do concurso INSS. Veja!\",\"breadcrumb\":{\"@id\":\"https:\/\/www.estrategiaconcursos.com.br\/blog\/concurso-inss-comentarios-questoes-portugues\/#breadcrumb\"},\"inLanguage\":\"pt-BR\",\"potentialAction\":[{\"@type\":\"ReadAction\",\"target\":[\"https:\/\/www.estrategiaconcursos.com.br\/blog\/concurso-inss-comentarios-questoes-portugues\/\"]}]},{\"@type\":\"ImageObject\",\"inLanguage\":\"pt-BR\",\"@id\":\"https:\/\/www.estrategiaconcursos.com.br\/blog\/concurso-inss-comentarios-questoes-portugues\/#primaryimage\",\"url\":\"https:\/\/dhg1h5j42swfq.cloudfront.net\/2022\/11\/07162326\/inss-1024x536-1.jpg\",\"contentUrl\":\"https:\/\/dhg1h5j42swfq.cloudfront.net\/2022\/11\/07162326\/inss-1024x536-1.jpg\",\"width\":1024,\"height\":536,\"caption\":\"Convoca\u00e7\u00e3o de 300 excedentes do INSS j\u00e1 tem data!\"},{\"@type\":\"BreadcrumbList\",\"@id\":\"https:\/\/www.estrategiaconcursos.com.br\/blog\/concurso-inss-comentarios-questoes-portugues\/#breadcrumb\",\"itemListElement\":[{\"@type\":\"ListItem\",\"position\":1,\"name\":\"In\u00edcio\",\"item\":\"https:\/\/www.estrategiaconcursos.com.br\/blog\/\"},{\"@type\":\"ListItem\",\"position\":2,\"name\":\"Concurso INSS: veja os coment\u00e1rios das quest\u00f5es de Portugu\u00eas!\"}]},{\"@type\":\"WebSite\",\"@id\":\"https:\/\/www.estrategiaconcursos.com.br\/blog\/#website\",\"url\":\"https:\/\/www.estrategiaconcursos.com.br\/blog\/\",\"name\":\"Estrat\u00e9gia Concursos\",\"description\":\"O blog da Estrat\u00e9gia Concursos traz not\u00edcias sobre concursos e artigos de professores oferecendo cursos para concursos (pdf + videaulas) no site.\",\"publisher\":{\"@id\":\"https:\/\/www.estrategiaconcursos.com.br\/blog\/#organization\"},\"potentialAction\":[{\"@type\":\"SearchAction\",\"target\":{\"@type\":\"EntryPoint\",\"urlTemplate\":\"https:\/\/www.estrategiaconcursos.com.br\/blog\/?s={search_term_string}\"},\"query-input\":{\"@type\":\"PropertyValueSpecification\",\"valueRequired\":true,\"valueName\":\"search_term_string\"}}],\"inLanguage\":\"pt-BR\"},{\"@type\":\"Organization\",\"@id\":\"https:\/\/www.estrategiaconcursos.com.br\/blog\/#organization\",\"name\":\"Estrat\u00e9gia Concursos\",\"url\":\"https:\/\/www.estrategiaconcursos.com.br\/blog\/\",\"logo\":{\"@type\":\"ImageObject\",\"inLanguage\":\"pt-BR\",\"@id\":\"https:\/\/www.estrategiaconcursos.com.br\/blog\/#\/schema\/logo\/image\/\",\"url\":\"https:\/\/dhg1h5j42swfq.cloudfront.net\/2025\/06\/03203428\/logo_concursos-1.jpg\",\"contentUrl\":\"https:\/\/dhg1h5j42swfq.cloudfront.net\/2025\/06\/03203428\/logo_concursos-1.jpg\",\"width\":230,\"height\":60,\"caption\":\"Estrat\u00e9gia Concursos\"},\"image\":{\"@id\":\"https:\/\/www.estrategiaconcursos.com.br\/blog\/#\/schema\/logo\/image\/\"},\"sameAs\":[\"https:\/\/x.com\/EstratConcursos\"]},{\"@type\":\"Person\",\"@id\":\"https:\/\/www.estrategiaconcursos.com.br\/blog\/#\/schema\/person\/0626e56bc8ff71b325d02895304617dd\",\"name\":\"Felipe Luccas\",\"image\":{\"@type\":\"ImageObject\",\"inLanguage\":\"pt-BR\",\"@id\":\"https:\/\/secure.gravatar.com\/avatar\/3eb2573237d263a175943a651fb6f2859860f237e372b6ba5d765ebf49690e1b?s=96&d=mm&r=g\",\"url\":\"https:\/\/secure.gravatar.com\/avatar\/3eb2573237d263a175943a651fb6f2859860f237e372b6ba5d765ebf49690e1b?s=96&d=mm&r=g\",\"contentUrl\":\"https:\/\/secure.gravatar.com\/avatar\/3eb2573237d263a175943a651fb6f2859860f237e372b6ba5d765ebf49690e1b?s=96&d=mm&r=g\",\"caption\":\"Felipe Luccas\"},\"url\":\"https:\/\/www.estrategiaconcursos.com.br\/blog\/author\/feluccasgmail-com\/\"}]}<\/script>\n<!-- \/ Yoast SEO Premium plugin. -->","yoast_head_json":{"title":"Concurso INSS: veja os coment\u00e1rios das quest\u00f5es de Portugu\u00eas!","description":"Elaboramos este artigo para voc\u00ea, concurseiro, conferir os coment\u00e1rios sobre as quest\u00f5es de Portugu\u00eas da prova do concurso INSS. Veja!","robots":{"index":"index","follow":"follow","max-snippet":"max-snippet:-1","max-image-preview":"max-image-preview:large","max-video-preview":"max-video-preview:-1"},"canonical":"https:\/\/www.estrategiaconcursos.com.br\/blog\/concurso-inss-comentarios-questoes-portugues\/","og_locale":"pt_BR","og_type":"article","og_title":"Concurso INSS: veja os coment\u00e1rios das quest\u00f5es de Portugu\u00eas!","og_description":"Elaboramos este artigo para voc\u00ea, concurseiro, conferir os coment\u00e1rios sobre as quest\u00f5es de Portugu\u00eas da prova do concurso INSS. Veja!","og_url":"https:\/\/www.estrategiaconcursos.com.br\/blog\/concurso-inss-comentarios-questoes-portugues\/","og_site_name":"Estrat\u00e9gia Concursos","article_published_time":"2022-11-29T11:06:53+00:00","article_modified_time":"2022-11-29T11:48:24+00:00","og_image":[{"width":1024,"height":536,"url":"https:\/\/dhg1h5j42swfq.cloudfront.net\/2022\/11\/07162326\/inss-1024x536-1.jpg","type":"image\/jpeg"}],"author":"Felipe Luccas","twitter_card":"summary_large_image","twitter_creator":"@EstratConcursos","twitter_site":"@EstratConcursos","twitter_misc":{"Escrito por":"Felipe Luccas","Est. tempo de leitura":"7 minutos"},"schema":{"@context":"https:\/\/schema.org","@graph":[{"@type":"NewsArticle","@id":"https:\/\/www.estrategiaconcursos.com.br\/blog\/concurso-inss-comentarios-questoes-portugues\/#article","isPartOf":{"@id":"https:\/\/www.estrategiaconcursos.com.br\/blog\/concurso-inss-comentarios-questoes-portugues\/"},"author":{"name":"Felipe Luccas","@id":"https:\/\/www.estrategiaconcursos.com.br\/blog\/#\/schema\/person\/0626e56bc8ff71b325d02895304617dd"},"headline":"Concurso INSS: veja os coment\u00e1rios das quest\u00f5es de Portugu\u00eas!","datePublished":"2022-11-29T11:06:53+00:00","dateModified":"2022-11-29T11:48:24+00:00","mainEntityOfPage":{"@id":"https:\/\/www.estrategiaconcursos.com.br\/blog\/concurso-inss-comentarios-questoes-portugues\/"},"wordCount":1344,"commentCount":0,"publisher":{"@id":"https:\/\/www.estrategiaconcursos.com.br\/blog\/#organization"},"image":{"@id":"https:\/\/www.estrategiaconcursos.com.br\/blog\/concurso-inss-comentarios-questoes-portugues\/#primaryimage"},"thumbnailUrl":"https:\/\/dhg1h5j42swfq.cloudfront.net\/2022\/11\/07162326\/inss-1024x536-1.jpg","articleSection":["Previdenci\u00e1ria (INSS, PREVIC)","\u00daltimas not\u00edcias"],"inLanguage":"pt-BR","potentialAction":[{"@type":"CommentAction","name":"Comment","target":["https:\/\/www.estrategiaconcursos.com.br\/blog\/concurso-inss-comentarios-questoes-portugues\/#respond"]}],"copyrightYear":"2022","copyrightHolder":{"@id":"https:\/\/www.estrategiaconcursos.com.br\/blog\/#organization"}},{"@type":"WebPage","@id":"https:\/\/www.estrategiaconcursos.com.br\/blog\/concurso-inss-comentarios-questoes-portugues\/","url":"https:\/\/www.estrategiaconcursos.com.br\/blog\/concurso-inss-comentarios-questoes-portugues\/","name":"Concurso INSS: veja os coment\u00e1rios das quest\u00f5es de Portugu\u00eas!","isPartOf":{"@id":"https:\/\/www.estrategiaconcursos.com.br\/blog\/#website"},"primaryImageOfPage":{"@id":"https:\/\/www.estrategiaconcursos.com.br\/blog\/concurso-inss-comentarios-questoes-portugues\/#primaryimage"},"image":{"@id":"https:\/\/www.estrategiaconcursos.com.br\/blog\/concurso-inss-comentarios-questoes-portugues\/#primaryimage"},"thumbnailUrl":"https:\/\/dhg1h5j42swfq.cloudfront.net\/2022\/11\/07162326\/inss-1024x536-1.jpg","datePublished":"2022-11-29T11:06:53+00:00","dateModified":"2022-11-29T11:48:24+00:00","description":"Elaboramos este artigo para voc\u00ea, concurseiro, conferir os coment\u00e1rios sobre as quest\u00f5es de Portugu\u00eas da prova do concurso INSS. Veja!","breadcrumb":{"@id":"https:\/\/www.estrategiaconcursos.com.br\/blog\/concurso-inss-comentarios-questoes-portugues\/#breadcrumb"},"inLanguage":"pt-BR","potentialAction":[{"@type":"ReadAction","target":["https:\/\/www.estrategiaconcursos.com.br\/blog\/concurso-inss-comentarios-questoes-portugues\/"]}]},{"@type":"ImageObject","inLanguage":"pt-BR","@id":"https:\/\/www.estrategiaconcursos.com.br\/blog\/concurso-inss-comentarios-questoes-portugues\/#primaryimage","url":"https:\/\/dhg1h5j42swfq.cloudfront.net\/2022\/11\/07162326\/inss-1024x536-1.jpg","contentUrl":"https:\/\/dhg1h5j42swfq.cloudfront.net\/2022\/11\/07162326\/inss-1024x536-1.jpg","width":1024,"height":536,"caption":"Convoca\u00e7\u00e3o de 300 excedentes do INSS j\u00e1 tem data!"},{"@type":"BreadcrumbList","@id":"https:\/\/www.estrategiaconcursos.com.br\/blog\/concurso-inss-comentarios-questoes-portugues\/#breadcrumb","itemListElement":[{"@type":"ListItem","position":1,"name":"In\u00edcio","item":"https:\/\/www.estrategiaconcursos.com.br\/blog\/"},{"@type":"ListItem","position":2,"name":"Concurso INSS: veja os coment\u00e1rios das quest\u00f5es de Portugu\u00eas!"}]},{"@type":"WebSite","@id":"https:\/\/www.estrategiaconcursos.com.br\/blog\/#website","url":"https:\/\/www.estrategiaconcursos.com.br\/blog\/","name":"Estrat\u00e9gia Concursos","description":"O blog da Estrat\u00e9gia Concursos traz not\u00edcias sobre concursos e artigos de professores oferecendo cursos para concursos (pdf + videaulas) no site.","publisher":{"@id":"https:\/\/www.estrategiaconcursos.com.br\/blog\/#organization"},"potentialAction":[{"@type":"SearchAction","target":{"@type":"EntryPoint","urlTemplate":"https:\/\/www.estrategiaconcursos.com.br\/blog\/?s={search_term_string}"},"query-input":{"@type":"PropertyValueSpecification","valueRequired":true,"valueName":"search_term_string"}}],"inLanguage":"pt-BR"},{"@type":"Organization","@id":"https:\/\/www.estrategiaconcursos.com.br\/blog\/#organization","name":"Estrat\u00e9gia Concursos","url":"https:\/\/www.estrategiaconcursos.com.br\/blog\/","logo":{"@type":"ImageObject","inLanguage":"pt-BR","@id":"https:\/\/www.estrategiaconcursos.com.br\/blog\/#\/schema\/logo\/image\/","url":"https:\/\/dhg1h5j42swfq.cloudfront.net\/2025\/06\/03203428\/logo_concursos-1.jpg","contentUrl":"https:\/\/dhg1h5j42swfq.cloudfront.net\/2025\/06\/03203428\/logo_concursos-1.jpg","width":230,"height":60,"caption":"Estrat\u00e9gia Concursos"},"image":{"@id":"https:\/\/www.estrategiaconcursos.com.br\/blog\/#\/schema\/logo\/image\/"},"sameAs":["https:\/\/x.com\/EstratConcursos"]},{"@type":"Person","@id":"https:\/\/www.estrategiaconcursos.com.br\/blog\/#\/schema\/person\/0626e56bc8ff71b325d02895304617dd","name":"Felipe Luccas","image":{"@type":"ImageObject","inLanguage":"pt-BR","@id":"https:\/\/secure.gravatar.com\/avatar\/3eb2573237d263a175943a651fb6f2859860f237e372b6ba5d765ebf49690e1b?s=96&d=mm&r=g","url":"https:\/\/secure.gravatar.com\/avatar\/3eb2573237d263a175943a651fb6f2859860f237e372b6ba5d765ebf49690e1b?s=96&d=mm&r=g","contentUrl":"https:\/\/secure.gravatar.com\/avatar\/3eb2573237d263a175943a651fb6f2859860f237e372b6ba5d765ebf49690e1b?s=96&d=mm&r=g","caption":"Felipe Luccas"},"url":"https:\/\/www.estrategiaconcursos.com.br\/blog\/author\/feluccasgmail-com\/"}]}},"_links":{"self":[{"href":"https:\/\/www.estrategiaconcursos.com.br\/blog\/wp-json\/wp\/v2\/posts\/1130961","targetHints":{"allow":["GET"]}}],"collection":[{"href":"https:\/\/www.estrategiaconcursos.com.br\/blog\/wp-json\/wp\/v2\/posts"}],"about":[{"href":"https:\/\/www.estrategiaconcursos.com.br\/blog\/wp-json\/wp\/v2\/types\/post"}],"author":[{"embeddable":true,"href":"https:\/\/www.estrategiaconcursos.com.br\/blog\/wp-json\/wp\/v2\/users\/1966"}],"replies":[{"embeddable":true,"href":"https:\/\/www.estrategiaconcursos.com.br\/blog\/wp-json\/wp\/v2\/comments?post=1130961"}],"version-history":[{"count":6,"href":"https:\/\/www.estrategiaconcursos.com.br\/blog\/wp-json\/wp\/v2\/posts\/1130961\/revisions"}],"predecessor-version":[{"id":1130992,"href":"https:\/\/www.estrategiaconcursos.com.br\/blog\/wp-json\/wp\/v2\/posts\/1130961\/revisions\/1130992"}],"wp:featuredmedia":[{"embeddable":true,"href":"https:\/\/www.estrategiaconcursos.com.br\/blog\/wp-json\/wp\/v2\/media\/1121177"}],"wp:attachment":[{"href":"https:\/\/www.estrategiaconcursos.com.br\/blog\/wp-json\/wp\/v2\/media?parent=1130961"}],"wp:term":[{"taxonomy":"category","embeddable":true,"href":"https:\/\/www.estrategiaconcursos.com.br\/blog\/wp-json\/wp\/v2\/categories?post=1130961"},{"taxonomy":"post_tag","embeddable":true,"href":"https:\/\/www.estrategiaconcursos.com.br\/blog\/wp-json\/wp\/v2\/tags?post=1130961"},{"taxonomy":"tax_estado","embeddable":true,"href":"https:\/\/www.estrategiaconcursos.com.br\/blog\/wp-json\/wp\/v2\/tax_estado?post=1130961"}],"curies":[{"name":"wp","href":"https:\/\/api.w.org\/{rel}","templated":true}]}}