{"id":1130895,"date":"2023-03-03T08:00:00","date_gmt":"2023-03-03T11:00:00","guid":{"rendered":"https:\/\/www.estrategiaconcursos.com.br\/blog\/?p=1130895"},"modified":"2022-12-12T12:54:13","modified_gmt":"2022-12-12T15:54:13","slug":"memorex-cge-sc-estado-governo-e-administracao-publica","status":"publish","type":"post","link":"https:\/\/www.estrategiaconcursos.com.br\/blog\/memorex-cge-sc-estado-governo-e-administracao-publica\/","title":{"rendered":"Memorex CGE-SC: Estado, governo e administra\u00e7\u00e3o p\u00fablica"},"content":{"rendered":"\n<p>Saiba os principais pontos do assunto Estado, governo e administra\u00e7\u00e3o p\u00fablica para a CGE-SC.<\/p>\n\n\n\n<p>O certame \u00e9 organizado pela banca FGV e s\u00e3o ofertadas 95 vagas imediatas mais 50 vagas em cadastro reserva para o cargo de Auditor do Estado, com sal\u00e1rios iniciais de R$ 21.055,69. As provas est\u00e3o previstas para o dia 29 de janeiro de 2023.<\/p>\n\n\n\n<p>O edital do concurso ser\u00e1 composto por duas etapas, sendo uma de Provas Objetivas, e outra de Provas Discursivas. Neste artigo trazemos os principais pontos do assunto: Estado, governo e administra\u00e7\u00e3o p\u00fablica para a CGE-SC.<\/p>\n\n\n\n<ul class=\"wp-block-list\"><li><strong>Controladoria Geral do Estado de Santa Catarina<\/strong>&nbsp;\u2013&nbsp;<strong>CGE-SC<\/strong><\/li><li><strong>Status:&nbsp;<\/strong>Inscri\u00e7\u00f5es encerradas\/Provas em 29\/01<\/li><li><strong>Banca:&nbsp;<\/strong><a href=\"https:\/\/conhecimento.fgv.br\/concursos\/cgesc22\">FGV<\/a><\/li><li><strong>Vagas:&nbsp;<\/strong>95 + 50 CR<\/li><li><strong>Sal\u00e1rio inicial:<\/strong>&nbsp;R$ 21.055,69<\/li><li><strong>Edital:&nbsp;<\/strong><a href=\"https:\/\/dhg1h5j42swfq.cloudfront.net\/2022\/10\/10134208\/1a_retificacao_-_edital-cge_06-10-2022.pdf\">CGE Santa Catarina<\/a><\/li><\/ul>\n\n\n\n<figure class=\"wp-block-image aligncenter size-full is-resized\"><img loading=\"lazy\" decoding=\"async\" src=\"https:\/\/dhg1h5j42swfq.cloudfront.net\/2021\/12\/11114720\/cge_sc.jpg\" alt=\"Estado governo administra\u00e7\u00e3o CGE-SC\" class=\"wp-image-927392\" width=\"527\" height=\"296\" srcset=\"https:\/\/dhg1h5j42swfq.cloudfront.net\/2021\/12\/11114720\/cge_sc.jpg 768w, https:\/\/dhg1h5j42swfq.cloudfront.net\/2021\/12\/11114720\/cge_sc-300x169.jpg 300w, https:\/\/dhg1h5j42swfq.cloudfront.net\/2021\/12\/11114720\/cge_sc-610x343.jpg 610w\" sizes=\"auto, (max-width: 527px) 100vw, 527px\" \/><figcaption>Concurso CGE-SC: Resumo do Decreto 127\/11 (Conv\u00eanios)<\/figcaption><\/figure>\n\n\n\n<h2 class=\"wp-block-heading\">Estado, governo e administra\u00e7\u00e3o p\u00fablica para a CGE-SC<\/h2>\n\n\n\n<p>O <strong>Estado \u00e9 um ente personalizado<\/strong>, que se apresenta exteriormente, nas rela\u00e7\u00f5es internacionais com outros Estados soberanos, e, internamente, como pessoa jur\u00eddica de direito p\u00fablico, capaz de adquirir direitos e contrair obriga\u00e7\u00f5es na ordem p\u00fablica.<\/p>\n\n\n\n<p>Nessa linha, como <strong>pessoa jur\u00eddica de direito p\u00fablico<\/strong>, o Estado pode contrair direitos e obriga\u00e7\u00f5es, relacionando-se tanto <strong>internamente <\/strong>\u2013(com&nbsp; servidores, cidad\u00e3os e com outras pessoas de direito p\u00fablico ou privado) \u2013 quanto <strong>externamente <\/strong>\u2013 com os outros Estados soberanos.<\/p>\n\n\n\n<p>O Estado \u00e9 composto de tr\u00eas elementos <strong>origin\u00e1rios <\/strong>e <strong>indissoci\u00e1veis<\/strong>:<\/p>\n\n\n\n<ul class=\"wp-block-list\"><li><strong>Povo<\/strong>: \u00e9 o seu componente humano, demogr\u00e1fico;<\/li><li><strong>Territ\u00f3rio<\/strong>: a sua base f\u00edsica, geogr\u00e1fica;<\/li><li><strong>Governo soberano<\/strong>: o elemento condutor do Estado, que det\u00e9m e exerce o poder absoluto de autodetermina\u00e7\u00e3o e auto-organiza\u00e7\u00e3o emanado do Povo.<\/li><\/ul>\n\n\n\n<p>Sendo assim, o Estado \u00e9 formado pelo <strong>povo<\/strong>, em determinado <strong>territ\u00f3rio <\/strong>e organizado sob sua livre vontade <strong>soberana<\/strong>.<\/p>\n\n\n\n<p>Com efeito, a ideia de Estado de Direito se traduziu, originalmente, na rela\u00e7\u00e3o de <strong>tr\u00eas postulados fundamentais<\/strong>:<sup> <\/sup>a generaliza\u00e7\u00e3o do princ\u00edpio da legalidade; a universalidade de jurisdi\u00e7\u00e3o e a triparti\u00e7\u00e3o dos poderes. E \u00e9 por meio desses tr\u00eas poderes que o Estado manifesta a sua vontade.<\/p>\n\n\n\n<p>De acordo com a Constitui\u00e7\u00e3o Federal de 1988, s\u00e3o poderes da Uni\u00e3o, <strong>independentes <\/strong>e <strong>harm\u00f4nicos <\/strong>entre si, o <strong>Legislativo<\/strong>, o <strong>Executivo <\/strong>e o <strong>Judici\u00e1rio <\/strong>(art. 2\u00ba).<\/p>\n\n\n\n<p>Cada um desses poderes \u00e9 encarregado de uma fun\u00e7\u00e3o principal. Dessa forma, o Poder Legislativo desempenha a fun\u00e7\u00e3o legislativa (normativa); o Poder Judici\u00e1rio desempenha a fun\u00e7\u00e3o jurisdicional; e o Poder Executivo exerce a fun\u00e7\u00e3o administrativa.<\/p>\n\n\n\n<ul class=\"wp-block-list\"><li><strong>Fun\u00e7\u00e3o legislativa (normativa)<\/strong>: editar atos normativas prim\u00e1rios \u2013 criar leis;<\/li><li><strong>Fun\u00e7\u00e3o Jurisdicional<\/strong>: resolver conflitos entre os litigantes, aplicando \u00e0 lei com&nbsp; for\u00e7a de definitividade;<\/li><li><strong>Fun\u00e7\u00e3o administrativa<\/strong>: executar a lei<\/li><\/ul>\n\n\n\n<p>Vale destacar que nenhum Poder exerce sozinho cada uma dessas fun\u00e7\u00f5es. Eles desempenham com <strong>preponder\u00e2ncia <\/strong>as suas fun\u00e7\u00f5es normais ou t\u00edpicas, mas tamb\u00e9m desempenham fun\u00e7\u00f5es que materialmente caberiam a outro Poder (fun\u00e7\u00f5es at\u00edpicas), nos termos previstos na constitui\u00e7\u00e3o.<\/p>\n\n\n\n<p>Dessa forma, por meio do desempenho das fun\u00e7\u00f5es t\u00edpicas e at\u00edpicas, na forma prevista na Constitui\u00e7\u00e3o, os Poderes atuam de maneira independente e harm\u00f4nica. Vale dizer que a Constitui\u00e7\u00e3o Federal prev\u00ea situa\u00e7\u00f5es de interfer\u00eancia leg\u00edtima de um Poder sobre o outro, os chamados controles rec\u00edprocos ou <strong>sistema de freios e contrapesos.<\/strong><\/p>\n\n\n\n<p>Vamos estudar agora a organiza\u00e7\u00e3o e estrutura do Estado, que podem ser analisadas sobre tr\u00eas aspectos: <strong>forma de governo<\/strong>, <strong>sistema de governo <\/strong>e <strong>forma de Estado<\/strong>:<\/p>\n\n\n\n<ul class=\"wp-block-list\"><li><strong>forma de governo<\/strong>: rep\u00fablica ou monarquia;<\/li><li><strong>sistema de governo<\/strong>: presidencialismo ou parlamentarismo;<\/li><li><strong>forma de Estado<\/strong>: Estado unit\u00e1rio ou Federa\u00e7\u00e3o<\/li><\/ul>\n\n\n\n<p><strong>Mantenha em mente em seus estudos de Estado, governo e administra\u00e7\u00e3o p\u00fablica<\/strong> para a CGE-SC que o<strong> Brasil adota a forma federativa de Estado, o sistema presidencialista e a forma de governo republicana.<\/strong><\/p>\n\n\n\n<p>Segundo Meirelles, o governo \u201c<strong><em>\u00e9 a sua express\u00e3o&nbsp; pol\u00edtica de comando, de iniciativa, de fixa\u00e7\u00e3o de objetivos do Estado e de manuten\u00e7\u00e3o da ordem jur\u00eddica vigente<\/em><\/strong>\u201d. Dessa forma, o governo atua por meio de atos de soberania ou autonomia pol\u00edtica na condu\u00e7\u00e3o dos neg\u00f3cios p\u00fablicos.<\/p>\n\n\n\n<p>O governo se relaciona com a <strong>fun\u00e7\u00e3o pol\u00edtica <\/strong>de <strong>comando<\/strong>, de <strong>coordena\u00e7\u00e3o<\/strong>, de <strong>dire\u00e7\u00e3o <\/strong>e de <strong>fixa\u00e7\u00e3o de planos e diretrizes <\/strong>para a atua\u00e7\u00e3o estatal (as chamadas pol\u00edticas p\u00fablicas).<\/p>\n\n\n\n<p>J\u00e1 o sistema de governo representa o modo como se d\u00e1 <strong>a rela\u00e7\u00e3o entre o Poder Legislativo e o Poder Executivo <\/strong>no exerc\u00edcio das fun\u00e7\u00f5es governamentais, podendo ser classificado em dois tipos: <strong>presidencialismo<\/strong><strong> <\/strong>e <strong>parlamentarismo<\/strong>.<\/p>\n\n\n\n<p>No sistema <strong>presidencialista<\/strong>, as fun\u00e7\u00f5es de Chefe de Estado e Chefe de Governo encontram-se nas m\u00e3os de uma \u00fanica pessoa, chamada de <strong>Presidente da Rep\u00fablica, como \u00e9 o caso no <\/strong>Brasil, onde o Presidente possui dupla fun\u00e7\u00e3o.<\/p>\n\n\n\n<p>Por outro lado, o <strong>sistema parlamentarista caracteriza-se pela colabora\u00e7\u00e3o entre os Poderes Executivo e Legislativo<\/strong>. Aqui, as fun\u00e7\u00f5es de Chefe de Estado e Chefe de Governo s\u00e3o exercidas por pessoas distintas.<\/p>\n\n\n\n<h1 class=\"wp-block-heading\" id=\"h-forma-de-governo-resumo-para-a-cge-sc\">Forma de governo &#8211; resumo para a CGE-SC<\/h1>\n\n\n\n<p>A forma de governo representa a forma como se d\u00e1 <strong>a institui\u00e7\u00e3o e a transmiss\u00e3o do poder na sociedade<\/strong> e como se d\u00e1 <strong>a rela\u00e7\u00e3o entre governantes e governados<\/strong>. Podemos caracterizar duas formas de governo distintas: <strong>rep\u00fablica<\/strong><strong> <\/strong>e <strong>monarquia<\/strong>.<\/p>\n\n\n\n<p>S\u00e3o caracter\u00edsticas da forma republicana de governo: <strong>eletividade<\/strong>, <strong>temporalidade <\/strong>no exerc\u00edcio do poder, <strong>representatividade popular <\/strong>e <strong>responsabilidade do governante <\/strong>(dever de prestar contas).<\/p>\n\n\n\n<p>As caracter\u00edsticas da monarquia s\u00e3o: <strong>hereditariedade, vitaliciedade, inexist\u00eancia de representa\u00e7\u00e3o popular, irresponsabilidade do governante <\/strong>(aus\u00eancia do dever de prestar contas).<\/p>\n\n\n\n<p><strong>Administra\u00e7\u00e3o p\u00fablica<\/strong><\/p>\n\n\n\n<p>Podemos conceituar a Administra\u00e7\u00e3o P\u00fablica em sentido amplo e estrito.<\/p>\n\n\n\n<p>Em <strong>sentido amplo<\/strong>, a Administra\u00e7\u00e3o P\u00fablica abrange (a) os \u00f3rg\u00e3os governamentais, ou simplesmente <strong>Governo<\/strong>, superiores, que exercem suas fun\u00e7\u00f5es eminentemente <strong>pol\u00edticas<\/strong>, isto \u00e9, de comando, dire\u00e7\u00e3o, fixa\u00e7\u00e3o de diretrizes e elabora\u00e7\u00e3o de planos de a\u00e7\u00e3o; e (b) os \u00f3rg\u00e3os e pessoas jur\u00eddicas que exercem a <strong>fun\u00e7\u00e3o meramente administrativa<\/strong>, isto \u00e9, s\u00e3o incumbidos da <strong>execu\u00e7\u00e3o <\/strong>das decis\u00f5es e dos planos governamentais.<\/p>\n\n\n\n<p>J\u00e1 em <strong>sentido estrito<\/strong>, a express\u00e3o abrange somente os <strong>\u00f3rg\u00e3os e entidades administrativas <\/strong>que exercem a <strong>fun\u00e7\u00e3o administrativa<\/strong>.<\/p>\n\n\n\n<p>Para o estudo do Direito Administrativo, interessa o sentido estrito de Administra\u00e7\u00e3o P\u00fablica, que compreende:<\/p>\n\n\n\n<ul class=\"wp-block-list\"><li><strong>em sentido subjetivo, formal ou org\u00e2nico<\/strong>: \u00e9 o conjunto de pessoas jur\u00eddicas, \u00f3rg\u00e3os e agentes p\u00fablicos que exercem a fun\u00e7\u00e3o administrativa, ou seja, \u201cquem\u201d exerce tal fun\u00e7\u00e3o;<\/li><li><strong>em sentido objetivo, material ou funcional<\/strong>: a atividade administrativa em si, ou o conjunto de atividades que costumam ser consideradas pr\u00f3prias da fun\u00e7\u00e3o administrativa<\/li><\/ul>\n\n\n\n<p>Fa\u00e7am bom uso desse resumo em sua revis\u00e3o, mas lembre-se de que o conte\u00fado completo de Estado, governo e administra\u00e7\u00e3o p\u00fablica, com toda a teoria, incluindo os exerc\u00edcios resolvidos, voc\u00eas encontram em nossos cursos completos para a CGE-SC. Fa\u00e7am bom uso desse resumo em sua revis\u00e3o,&nbsp; conhecimentos para manter os estudos de Direito Constitucional em dia, sempre aliando o estudo da teoria \u00e0 realiza\u00e7\u00e3o de baterias de quest\u00f5es. \u00c9 crucial ficar bem afiado nos detalhes do tema Princ\u00edpios fundamentais para n\u00e3o ser surpreendido no dia da prova.<\/p>\n\n\n\n<p><\/p>\n\n\n\n<p>Um grande abra\u00e7o e bons estudos.<\/p>\n\n\n\n<p>Professor: Diogo Matias<\/p>\n\n\n\n<p>Instagram: @oprimoconcursado<\/p>\n\n\n\n<h2 class=\"has-text-align-center wp-block-heading\" id=\"cursos-e-assinaturas\">Cursos e Assinaturas<\/h2>\n\n\n\n<p>Prepare-se com o melhor material e com quem mais aprova em Concursos P\u00fablicos em todo o pa\u00eds!<\/p>\n\n\n\n<p class=\"has-text-align-center has-white-color has-vivid-purple-background-color has-text-color has-background\"><a href=\"https:\/\/www.estrategiaconcursos.com.br\/blog\/concursos-abertos\/\" target=\"_blank\" rel=\"noreferrer noopener\"><strong>Concursos abert<\/strong>os<\/a><\/p>\n\n\n\n<p class=\"has-text-align-center has-white-color has-vivid-purple-background-color has-text-color has-background\"><a href=\"https:\/\/www.estrategiaconcursos.com.br\/blog\/concursos-2023\/\" target=\"_blank\" rel=\"noreferrer noopener\">Concursos 2023<\/a><\/p>\n","protected":false},"excerpt":{"rendered":"<p>Saiba os principais pontos do assunto Estado, governo e administra\u00e7\u00e3o p\u00fablica para a CGE-SC. O certame \u00e9 organizado pela banca FGV e s\u00e3o ofertadas 95 vagas imediatas mais 50 vagas em cadastro reserva para o cargo de Auditor do Estado, com sal\u00e1rios iniciais de R$ 21.055,69. As provas est\u00e3o previstas para o dia 29 de [&hellip;]<\/p>\n","protected":false},"author":1883,"featured_media":1088894,"comment_status":"open","ping_status":"closed","sticky":false,"template":"","format":"standard","meta":{"post_tipo":"article","footnotes":""},"categories":[1,220180],"tags":[],"tax_estado":[219964,219965,219966,219967,219968,219969,219963,219970,219971,219972,219973,219974,219975,219976,219977,219978,219979,219980,219981,219982,219983,219984,219985,219986,219987,219988,219989,219990],"class_list":["post-1130895","post","type-post","status-publish","format-standard","has-post-thumbnail","hentry","category-cursos-e-concursos","category-controle-gestao","tax_estado-ac","tax_estado-al","tax_estado-am","tax_estado-ap","tax_estado-ba","tax_estado-ce","tax_estado-concursos-federais","tax_estado-df","tax_estado-es","tax_estado-go","tax_estado-ma","tax_estado-mg","tax_estado-ms","tax_estado-mt","tax_estado-pa","tax_estado-pb","tax_estado-pe","tax_estado-pi","tax_estado-pr","tax_estado-rj","tax_estado-rn","tax_estado-ro","tax_estado-rr","tax_estado-rs","tax_estado-sc","tax_estado-se","tax_estado-sp","tax_estado-to"],"acf":[],"yoast_head":"<!-- This site is optimized with the Yoast SEO Premium plugin v27.2 (Yoast SEO v27.2) - https:\/\/yoast.com\/product\/yoast-seo-premium-wordpress\/ -->\n<title>Memorex CGE-SC: Estado, governo e administra\u00e7\u00e3o p\u00fablica<\/title>\n<meta name=\"description\" content=\"Revise neste artigo os pontos mais importantes do conte\u00fado Estado, governo e administra\u00e7\u00e3o p\u00fablica para o concurso da CGE-SC.\" \/>\n<meta name=\"robots\" content=\"index, follow, max-snippet:-1, max-image-preview:large, max-video-preview:-1\" \/>\n<link rel=\"canonical\" href=\"https:\/\/www.estrategiaconcursos.com.br\/blog\/memorex-cge-sc-estado-governo-e-administracao-publica\/\" \/>\n<meta property=\"og:locale\" content=\"pt_BR\" \/>\n<meta property=\"og:type\" content=\"article\" \/>\n<meta property=\"og:title\" content=\"Memorex CGE-SC: Estado, governo e administra\u00e7\u00e3o p\u00fablica\" \/>\n<meta property=\"og:description\" content=\"Revise neste artigo os pontos mais importantes do conte\u00fado Estado, governo e administra\u00e7\u00e3o p\u00fablica para o concurso da CGE-SC.\" \/>\n<meta property=\"og:url\" content=\"https:\/\/www.estrategiaconcursos.com.br\/blog\/memorex-cge-sc-estado-governo-e-administracao-publica\/\" \/>\n<meta property=\"og:site_name\" content=\"Estrat\u00e9gia Concursos\" \/>\n<meta property=\"article:published_time\" content=\"2023-03-03T11:00:00+00:00\" \/>\n<meta property=\"og:image\" content=\"https:\/\/dhg1h5j42swfq.cloudfront.net\/2022\/09\/03102419\/sc.jpg\" \/>\n\t<meta property=\"og:image:width\" content=\"561\" \/>\n\t<meta property=\"og:image:height\" content=\"666\" \/>\n\t<meta property=\"og:image:type\" content=\"image\/jpeg\" \/>\n<meta name=\"author\" content=\"Diogo Matias das Neves\" \/>\n<meta name=\"twitter:card\" content=\"summary_large_image\" \/>\n<meta name=\"twitter:creator\" content=\"@EstratConcursos\" \/>\n<meta name=\"twitter:site\" content=\"@EstratConcursos\" \/>\n<meta name=\"twitter:label1\" content=\"Escrito por\" \/>\n\t<meta name=\"twitter:data1\" content=\"Diogo Matias das Neves\" \/>\n\t<meta name=\"twitter:label2\" content=\"Est. tempo de leitura\" \/>\n\t<meta name=\"twitter:data2\" content=\"6 minutos\" \/>\n<script type=\"application\/ld+json\" class=\"yoast-schema-graph\">{\"@context\":\"https:\/\/schema.org\",\"@graph\":[{\"@type\":\"NewsArticle\",\"@id\":\"https:\/\/www.estrategiaconcursos.com.br\/blog\/memorex-cge-sc-estado-governo-e-administracao-publica\/#article\",\"isPartOf\":{\"@id\":\"https:\/\/www.estrategiaconcursos.com.br\/blog\/memorex-cge-sc-estado-governo-e-administracao-publica\/\"},\"author\":{\"name\":\"Diogo Matias das Neves\",\"@id\":\"https:\/\/www.estrategiaconcursos.com.br\/blog\/#\/schema\/person\/a6b715b51aa89043d0971f12cb5e68ba\"},\"headline\":\"Memorex CGE-SC: Estado, governo e administra\u00e7\u00e3o p\u00fablica\",\"datePublished\":\"2023-03-03T11:00:00+00:00\",\"mainEntityOfPage\":{\"@id\":\"https:\/\/www.estrategiaconcursos.com.br\/blog\/memorex-cge-sc-estado-governo-e-administracao-publica\/\"},\"wordCount\":1277,\"commentCount\":0,\"publisher\":{\"@id\":\"https:\/\/www.estrategiaconcursos.com.br\/blog\/#organization\"},\"image\":{\"@id\":\"https:\/\/www.estrategiaconcursos.com.br\/blog\/memorex-cge-sc-estado-governo-e-administracao-publica\/#primaryimage\"},\"thumbnailUrl\":\"https:\/\/dhg1h5j42swfq.cloudfront.net\/2022\/09\/03102419\/sc.jpg\",\"articleSection\":[\"Concursos P\u00fablicos\",\"Controladorias\/Gest\u00e3o (CGU, CGE, STN, EPPGG)\"],\"inLanguage\":\"pt-BR\",\"potentialAction\":[{\"@type\":\"CommentAction\",\"name\":\"Comment\",\"target\":[\"https:\/\/www.estrategiaconcursos.com.br\/blog\/memorex-cge-sc-estado-governo-e-administracao-publica\/#respond\"]}],\"copyrightYear\":\"2023\",\"copyrightHolder\":{\"@id\":\"https:\/\/www.estrategiaconcursos.com.br\/blog\/#organization\"}},{\"@type\":\"WebPage\",\"@id\":\"https:\/\/www.estrategiaconcursos.com.br\/blog\/memorex-cge-sc-estado-governo-e-administracao-publica\/\",\"url\":\"https:\/\/www.estrategiaconcursos.com.br\/blog\/memorex-cge-sc-estado-governo-e-administracao-publica\/\",\"name\":\"Memorex CGE-SC: Estado, governo e administra\u00e7\u00e3o p\u00fablica\",\"isPartOf\":{\"@id\":\"https:\/\/www.estrategiaconcursos.com.br\/blog\/#website\"},\"primaryImageOfPage\":{\"@id\":\"https:\/\/www.estrategiaconcursos.com.br\/blog\/memorex-cge-sc-estado-governo-e-administracao-publica\/#primaryimage\"},\"image\":{\"@id\":\"https:\/\/www.estrategiaconcursos.com.br\/blog\/memorex-cge-sc-estado-governo-e-administracao-publica\/#primaryimage\"},\"thumbnailUrl\":\"https:\/\/dhg1h5j42swfq.cloudfront.net\/2022\/09\/03102419\/sc.jpg\",\"datePublished\":\"2023-03-03T11:00:00+00:00\",\"description\":\"Revise neste artigo os pontos mais importantes do conte\u00fado Estado, governo e administra\u00e7\u00e3o p\u00fablica para o concurso da CGE-SC.\",\"breadcrumb\":{\"@id\":\"https:\/\/www.estrategiaconcursos.com.br\/blog\/memorex-cge-sc-estado-governo-e-administracao-publica\/#breadcrumb\"},\"inLanguage\":\"pt-BR\",\"potentialAction\":[{\"@type\":\"ReadAction\",\"target\":[\"https:\/\/www.estrategiaconcursos.com.br\/blog\/memorex-cge-sc-estado-governo-e-administracao-publica\/\"]}]},{\"@type\":\"ImageObject\",\"inLanguage\":\"pt-BR\",\"@id\":\"https:\/\/www.estrategiaconcursos.com.br\/blog\/memorex-cge-sc-estado-governo-e-administracao-publica\/#primaryimage\",\"url\":\"https:\/\/dhg1h5j42swfq.cloudfront.net\/2022\/09\/03102419\/sc.jpg\",\"contentUrl\":\"https:\/\/dhg1h5j42swfq.cloudfront.net\/2022\/09\/03102419\/sc.jpg\",\"width\":561,\"height\":666,\"caption\":\"Concurso CGE-SC: Resumo do Decreto 127\/11 (Conv\u00eanios)\"},{\"@type\":\"BreadcrumbList\",\"@id\":\"https:\/\/www.estrategiaconcursos.com.br\/blog\/memorex-cge-sc-estado-governo-e-administracao-publica\/#breadcrumb\",\"itemListElement\":[{\"@type\":\"ListItem\",\"position\":1,\"name\":\"In\u00edcio\",\"item\":\"https:\/\/www.estrategiaconcursos.com.br\/blog\/\"},{\"@type\":\"ListItem\",\"position\":2,\"name\":\"Memorex CGE-SC: Estado, governo e administra\u00e7\u00e3o p\u00fablica\"}]},{\"@type\":\"WebSite\",\"@id\":\"https:\/\/www.estrategiaconcursos.com.br\/blog\/#website\",\"url\":\"https:\/\/www.estrategiaconcursos.com.br\/blog\/\",\"name\":\"Estrat\u00e9gia Concursos\",\"description\":\"O blog da Estrat\u00e9gia Concursos traz not\u00edcias sobre concursos e artigos de professores oferecendo cursos para concursos (pdf + videaulas) no site.\",\"publisher\":{\"@id\":\"https:\/\/www.estrategiaconcursos.com.br\/blog\/#organization\"},\"potentialAction\":[{\"@type\":\"SearchAction\",\"target\":{\"@type\":\"EntryPoint\",\"urlTemplate\":\"https:\/\/www.estrategiaconcursos.com.br\/blog\/?s={search_term_string}\"},\"query-input\":{\"@type\":\"PropertyValueSpecification\",\"valueRequired\":true,\"valueName\":\"search_term_string\"}}],\"inLanguage\":\"pt-BR\"},{\"@type\":\"Organization\",\"@id\":\"https:\/\/www.estrategiaconcursos.com.br\/blog\/#organization\",\"name\":\"Estrat\u00e9gia Concursos\",\"url\":\"https:\/\/www.estrategiaconcursos.com.br\/blog\/\",\"logo\":{\"@type\":\"ImageObject\",\"inLanguage\":\"pt-BR\",\"@id\":\"https:\/\/www.estrategiaconcursos.com.br\/blog\/#\/schema\/logo\/image\/\",\"url\":\"https:\/\/dhg1h5j42swfq.cloudfront.net\/2025\/06\/03203428\/logo_concursos-1.jpg\",\"contentUrl\":\"https:\/\/dhg1h5j42swfq.cloudfront.net\/2025\/06\/03203428\/logo_concursos-1.jpg\",\"width\":230,\"height\":60,\"caption\":\"Estrat\u00e9gia Concursos\"},\"image\":{\"@id\":\"https:\/\/www.estrategiaconcursos.com.br\/blog\/#\/schema\/logo\/image\/\"},\"sameAs\":[\"https:\/\/x.com\/EstratConcursos\"]},{\"@type\":\"Person\",\"@id\":\"https:\/\/www.estrategiaconcursos.com.br\/blog\/#\/schema\/person\/a6b715b51aa89043d0971f12cb5e68ba\",\"name\":\"Diogo Matias das Neves\",\"image\":{\"@type\":\"ImageObject\",\"inLanguage\":\"pt-BR\",\"@id\":\"https:\/\/secure.gravatar.com\/avatar\/2873f549f0e5a79b8550a4ae26410232758ed10e5996ce0d191ba13dc4029866?s=96&d=mm&r=g\",\"url\":\"https:\/\/secure.gravatar.com\/avatar\/2873f549f0e5a79b8550a4ae26410232758ed10e5996ce0d191ba13dc4029866?s=96&d=mm&r=g\",\"contentUrl\":\"https:\/\/secure.gravatar.com\/avatar\/2873f549f0e5a79b8550a4ae26410232758ed10e5996ce0d191ba13dc4029866?s=96&d=mm&r=g\",\"caption\":\"Diogo Matias das Neves\"},\"url\":\"https:\/\/www.estrategiaconcursos.com.br\/blog\/author\/diogomnoutlook-com\/\"}]}<\/script>\n<!-- \/ Yoast SEO Premium plugin. -->","yoast_head_json":{"title":"Memorex CGE-SC: Estado, governo e administra\u00e7\u00e3o p\u00fablica","description":"Revise neste artigo os pontos mais importantes do conte\u00fado Estado, governo e administra\u00e7\u00e3o p\u00fablica para o concurso da CGE-SC.","robots":{"index":"index","follow":"follow","max-snippet":"max-snippet:-1","max-image-preview":"max-image-preview:large","max-video-preview":"max-video-preview:-1"},"canonical":"https:\/\/www.estrategiaconcursos.com.br\/blog\/memorex-cge-sc-estado-governo-e-administracao-publica\/","og_locale":"pt_BR","og_type":"article","og_title":"Memorex CGE-SC: Estado, governo e administra\u00e7\u00e3o p\u00fablica","og_description":"Revise neste artigo os pontos mais importantes do conte\u00fado Estado, governo e administra\u00e7\u00e3o p\u00fablica para o concurso da CGE-SC.","og_url":"https:\/\/www.estrategiaconcursos.com.br\/blog\/memorex-cge-sc-estado-governo-e-administracao-publica\/","og_site_name":"Estrat\u00e9gia Concursos","article_published_time":"2023-03-03T11:00:00+00:00","og_image":[{"width":561,"height":666,"url":"https:\/\/dhg1h5j42swfq.cloudfront.net\/2022\/09\/03102419\/sc.jpg","type":"image\/jpeg"}],"author":"Diogo Matias das Neves","twitter_card":"summary_large_image","twitter_creator":"@EstratConcursos","twitter_site":"@EstratConcursos","twitter_misc":{"Escrito por":"Diogo Matias das Neves","Est. tempo de leitura":"6 minutos"},"schema":{"@context":"https:\/\/schema.org","@graph":[{"@type":"NewsArticle","@id":"https:\/\/www.estrategiaconcursos.com.br\/blog\/memorex-cge-sc-estado-governo-e-administracao-publica\/#article","isPartOf":{"@id":"https:\/\/www.estrategiaconcursos.com.br\/blog\/memorex-cge-sc-estado-governo-e-administracao-publica\/"},"author":{"name":"Diogo Matias das Neves","@id":"https:\/\/www.estrategiaconcursos.com.br\/blog\/#\/schema\/person\/a6b715b51aa89043d0971f12cb5e68ba"},"headline":"Memorex CGE-SC: Estado, governo e administra\u00e7\u00e3o p\u00fablica","datePublished":"2023-03-03T11:00:00+00:00","mainEntityOfPage":{"@id":"https:\/\/www.estrategiaconcursos.com.br\/blog\/memorex-cge-sc-estado-governo-e-administracao-publica\/"},"wordCount":1277,"commentCount":0,"publisher":{"@id":"https:\/\/www.estrategiaconcursos.com.br\/blog\/#organization"},"image":{"@id":"https:\/\/www.estrategiaconcursos.com.br\/blog\/memorex-cge-sc-estado-governo-e-administracao-publica\/#primaryimage"},"thumbnailUrl":"https:\/\/dhg1h5j42swfq.cloudfront.net\/2022\/09\/03102419\/sc.jpg","articleSection":["Concursos P\u00fablicos","Controladorias\/Gest\u00e3o (CGU, CGE, STN, EPPGG)"],"inLanguage":"pt-BR","potentialAction":[{"@type":"CommentAction","name":"Comment","target":["https:\/\/www.estrategiaconcursos.com.br\/blog\/memorex-cge-sc-estado-governo-e-administracao-publica\/#respond"]}],"copyrightYear":"2023","copyrightHolder":{"@id":"https:\/\/www.estrategiaconcursos.com.br\/blog\/#organization"}},{"@type":"WebPage","@id":"https:\/\/www.estrategiaconcursos.com.br\/blog\/memorex-cge-sc-estado-governo-e-administracao-publica\/","url":"https:\/\/www.estrategiaconcursos.com.br\/blog\/memorex-cge-sc-estado-governo-e-administracao-publica\/","name":"Memorex CGE-SC: Estado, governo e administra\u00e7\u00e3o p\u00fablica","isPartOf":{"@id":"https:\/\/www.estrategiaconcursos.com.br\/blog\/#website"},"primaryImageOfPage":{"@id":"https:\/\/www.estrategiaconcursos.com.br\/blog\/memorex-cge-sc-estado-governo-e-administracao-publica\/#primaryimage"},"image":{"@id":"https:\/\/www.estrategiaconcursos.com.br\/blog\/memorex-cge-sc-estado-governo-e-administracao-publica\/#primaryimage"},"thumbnailUrl":"https:\/\/dhg1h5j42swfq.cloudfront.net\/2022\/09\/03102419\/sc.jpg","datePublished":"2023-03-03T11:00:00+00:00","description":"Revise neste artigo os pontos mais importantes do conte\u00fado Estado, governo e administra\u00e7\u00e3o p\u00fablica para o concurso da CGE-SC.","breadcrumb":{"@id":"https:\/\/www.estrategiaconcursos.com.br\/blog\/memorex-cge-sc-estado-governo-e-administracao-publica\/#breadcrumb"},"inLanguage":"pt-BR","potentialAction":[{"@type":"ReadAction","target":["https:\/\/www.estrategiaconcursos.com.br\/blog\/memorex-cge-sc-estado-governo-e-administracao-publica\/"]}]},{"@type":"ImageObject","inLanguage":"pt-BR","@id":"https:\/\/www.estrategiaconcursos.com.br\/blog\/memorex-cge-sc-estado-governo-e-administracao-publica\/#primaryimage","url":"https:\/\/dhg1h5j42swfq.cloudfront.net\/2022\/09\/03102419\/sc.jpg","contentUrl":"https:\/\/dhg1h5j42swfq.cloudfront.net\/2022\/09\/03102419\/sc.jpg","width":561,"height":666,"caption":"Concurso CGE-SC: Resumo do Decreto 127\/11 (Conv\u00eanios)"},{"@type":"BreadcrumbList","@id":"https:\/\/www.estrategiaconcursos.com.br\/blog\/memorex-cge-sc-estado-governo-e-administracao-publica\/#breadcrumb","itemListElement":[{"@type":"ListItem","position":1,"name":"In\u00edcio","item":"https:\/\/www.estrategiaconcursos.com.br\/blog\/"},{"@type":"ListItem","position":2,"name":"Memorex CGE-SC: Estado, governo e administra\u00e7\u00e3o p\u00fablica"}]},{"@type":"WebSite","@id":"https:\/\/www.estrategiaconcursos.com.br\/blog\/#website","url":"https:\/\/www.estrategiaconcursos.com.br\/blog\/","name":"Estrat\u00e9gia Concursos","description":"O blog da Estrat\u00e9gia Concursos traz not\u00edcias sobre concursos e artigos de professores oferecendo cursos para concursos (pdf + videaulas) no site.","publisher":{"@id":"https:\/\/www.estrategiaconcursos.com.br\/blog\/#organization"},"potentialAction":[{"@type":"SearchAction","target":{"@type":"EntryPoint","urlTemplate":"https:\/\/www.estrategiaconcursos.com.br\/blog\/?s={search_term_string}"},"query-input":{"@type":"PropertyValueSpecification","valueRequired":true,"valueName":"search_term_string"}}],"inLanguage":"pt-BR"},{"@type":"Organization","@id":"https:\/\/www.estrategiaconcursos.com.br\/blog\/#organization","name":"Estrat\u00e9gia Concursos","url":"https:\/\/www.estrategiaconcursos.com.br\/blog\/","logo":{"@type":"ImageObject","inLanguage":"pt-BR","@id":"https:\/\/www.estrategiaconcursos.com.br\/blog\/#\/schema\/logo\/image\/","url":"https:\/\/dhg1h5j42swfq.cloudfront.net\/2025\/06\/03203428\/logo_concursos-1.jpg","contentUrl":"https:\/\/dhg1h5j42swfq.cloudfront.net\/2025\/06\/03203428\/logo_concursos-1.jpg","width":230,"height":60,"caption":"Estrat\u00e9gia Concursos"},"image":{"@id":"https:\/\/www.estrategiaconcursos.com.br\/blog\/#\/schema\/logo\/image\/"},"sameAs":["https:\/\/x.com\/EstratConcursos"]},{"@type":"Person","@id":"https:\/\/www.estrategiaconcursos.com.br\/blog\/#\/schema\/person\/a6b715b51aa89043d0971f12cb5e68ba","name":"Diogo Matias das Neves","image":{"@type":"ImageObject","inLanguage":"pt-BR","@id":"https:\/\/secure.gravatar.com\/avatar\/2873f549f0e5a79b8550a4ae26410232758ed10e5996ce0d191ba13dc4029866?s=96&d=mm&r=g","url":"https:\/\/secure.gravatar.com\/avatar\/2873f549f0e5a79b8550a4ae26410232758ed10e5996ce0d191ba13dc4029866?s=96&d=mm&r=g","contentUrl":"https:\/\/secure.gravatar.com\/avatar\/2873f549f0e5a79b8550a4ae26410232758ed10e5996ce0d191ba13dc4029866?s=96&d=mm&r=g","caption":"Diogo Matias das Neves"},"url":"https:\/\/www.estrategiaconcursos.com.br\/blog\/author\/diogomnoutlook-com\/"}]}},"_links":{"self":[{"href":"https:\/\/www.estrategiaconcursos.com.br\/blog\/wp-json\/wp\/v2\/posts\/1130895","targetHints":{"allow":["GET"]}}],"collection":[{"href":"https:\/\/www.estrategiaconcursos.com.br\/blog\/wp-json\/wp\/v2\/posts"}],"about":[{"href":"https:\/\/www.estrategiaconcursos.com.br\/blog\/wp-json\/wp\/v2\/types\/post"}],"author":[{"embeddable":true,"href":"https:\/\/www.estrategiaconcursos.com.br\/blog\/wp-json\/wp\/v2\/users\/1883"}],"replies":[{"embeddable":true,"href":"https:\/\/www.estrategiaconcursos.com.br\/blog\/wp-json\/wp\/v2\/comments?post=1130895"}],"version-history":[{"count":5,"href":"https:\/\/www.estrategiaconcursos.com.br\/blog\/wp-json\/wp\/v2\/posts\/1130895\/revisions"}],"predecessor-version":[{"id":1137132,"href":"https:\/\/www.estrategiaconcursos.com.br\/blog\/wp-json\/wp\/v2\/posts\/1130895\/revisions\/1137132"}],"wp:featuredmedia":[{"embeddable":true,"href":"https:\/\/www.estrategiaconcursos.com.br\/blog\/wp-json\/wp\/v2\/media\/1088894"}],"wp:attachment":[{"href":"https:\/\/www.estrategiaconcursos.com.br\/blog\/wp-json\/wp\/v2\/media?parent=1130895"}],"wp:term":[{"taxonomy":"category","embeddable":true,"href":"https:\/\/www.estrategiaconcursos.com.br\/blog\/wp-json\/wp\/v2\/categories?post=1130895"},{"taxonomy":"post_tag","embeddable":true,"href":"https:\/\/www.estrategiaconcursos.com.br\/blog\/wp-json\/wp\/v2\/tags?post=1130895"},{"taxonomy":"tax_estado","embeddable":true,"href":"https:\/\/www.estrategiaconcursos.com.br\/blog\/wp-json\/wp\/v2\/tax_estado?post=1130895"}],"curies":[{"name":"wp","href":"https:\/\/api.w.org\/{rel}","templated":true}]}}