{"id":1130679,"date":"2022-12-01T18:00:00","date_gmt":"2022-12-01T21:00:00","guid":{"rendered":"https:\/\/www.estrategiaconcursos.com.br\/blog\/?p=1130679"},"modified":"2023-01-03T17:10:43","modified_gmt":"2023-01-03T20:10:43","slug":"concurso-sefaz-pe-a-hora-da-verdade","status":"publish","type":"post","link":"https:\/\/www.estrategiaconcursos.com.br\/blog\/concurso-sefaz-pe-a-hora-da-verdade\/","title":{"rendered":"Concurso SEFAZ PE: a hora da verdade!"},"content":{"rendered":"\n<p>As provas do Concurso SEFAZ PE est\u00e3o chegando! A aplica\u00e7\u00e3o das avalia\u00e7\u00f5es est\u00e1 marcada para o dia <strong>11 de dezembro<\/strong>, na cidade de Recife, nos per\u00edodos manh\u00e3 e tarde. <\/p>\n\n\n\n<p>Ao todo, foram registradas <strong>6.693 candidatos inscritos<\/strong> que concorrem a <strong>20 vagas<\/strong>. O cargo em disputa \u00e9 o de <a href=\"https:\/\/www.estrategiaconcursos.com.br\/cursosPorConcurso\/sefaz-pe-ou-icms-pe-285\/\" target=\"_blank\" rel=\"noreferrer noopener\">Auditor Fiscal do Tesouro Estadual<\/a>, com sal\u00e1rio inicial de <strong>R$ 13.712,86<\/strong>. <\/p>\n\n\n\n<p>Pensando em deixar voc\u00ea o mais preparado poss\u00edvel para essa etapa, preparamos um evento exclusivo com mais de 15 aulas gratuitas acerca das principais disciplinas cobradas no edital.<\/p>\n\n\n\n<p>O evento &#8220;<em><strong>Hora da Verdade SEFAZ PE&#8221; <\/strong><\/em>acontece a partir do <strong>dia 1\u00ba de dezembro, \u00e0s 19h<\/strong>, e conta com a presen\u00e7a de v\u00e1rios professores. Confira a programa\u00e7\u00e3o completa: <\/p>\n\n\n\n<figure class=\"wp-block-table is-style-stripes\"><table class=\"has-fixed-layout\"><tbody><tr><td class=\"has-text-align-center\" data-align=\"center\"><strong>Data e Hor\u00e1rio<\/strong><\/td><td class=\"has-text-align-center\" data-align=\"center\"><strong>Disciplina<\/strong><\/td><td class=\"has-text-align-center\" data-align=\"center\"><strong>Professor<\/strong><\/td><\/tr><tr><td class=\"has-text-align-center\" data-align=\"center\">01\/12 \u00e0s 19h<\/td><td class=\"has-text-align-center\" data-align=\"center\"><a href=\"https:\/\/www.youtube.com\/watch?v=IhBRwKue4P0\" target=\"_blank\" rel=\"noreferrer noopener\">Contabilidade Geral e de Custos<\/a><\/td><td class=\"has-text-align-center\" data-align=\"center\">Marcondes Fortaleza<\/td><\/tr><tr><td class=\"has-text-align-center\" data-align=\"center\">02\/12 \u00e0s 19h<\/td><td class=\"has-text-align-center\" data-align=\"center\">Auditoria Fiscal<\/td><td class=\"has-text-align-center\" data-align=\"center\">Tonyvan Carvalho<\/td><\/tr><tr><td class=\"has-text-align-center\" data-align=\"center\">03\/12 \u00e0s 8h30<\/td><td class=\"has-text-align-center\" data-align=\"center\">Racioc\u00ednio L\u00f3gico Matem\u00e1tico e Estat\u00edstica<\/td><td class=\"has-text-align-center\" data-align=\"center\">Carlos Henrique<\/td><\/tr><tr><td class=\"has-text-align-center\" data-align=\"center\">04\/12 \u00e0s 8h30<\/td><td class=\"has-text-align-center\" data-align=\"center\">Tecnologia da Informa\u00e7\u00e3o<\/td><td class=\"has-text-align-center\" data-align=\"center\">Raphael Lacerda<\/td><\/tr><tr><td class=\"has-text-align-center\" data-align=\"center\">04\/12 \u00e0s 14h<\/td><td class=\"has-text-align-center\" data-align=\"center\">Economia e Finan\u00e7as P\u00fablicas<\/td><td class=\"has-text-align-center\" data-align=\"center\">Amanda Aires<\/td><\/tr><tr><td class=\"has-text-align-center\" data-align=\"center\">05\/12 \u00e0s 19h<\/td><td class=\"has-text-align-center\" data-align=\"center\">L\u00edngua Portuguesa<\/td><td class=\"has-text-align-center\" data-align=\"center\">Adriana Figueiredo<\/td><\/tr><tr><td class=\"has-text-align-center\" data-align=\"center\">06\/12 \u00e0s 19h<\/td><td class=\"has-text-align-center\" data-align=\"center\">Direito Constitucional<\/td><td class=\"has-text-align-center\" data-align=\"center\">Adriane Fauth<\/td><\/tr><tr><td class=\"has-text-align-center\" data-align=\"center\">07\/12 \u00e0s 8h30<\/td><td class=\"has-text-align-center\" data-align=\"center\">Direito Financeiro<\/td><td class=\"has-text-align-center\" data-align=\"center\">Gabriela Zavadinack<\/td><\/tr><tr><td class=\"has-text-align-center\" data-align=\"center\">07\/12 \u00e0s 14h<\/td><td class=\"has-text-align-center\" data-align=\"center\">Legisla\u00e7\u00e3o Tribut\u00e1ria<\/td><td class=\"has-text-align-center\" data-align=\"center\">Rafael Rocha<\/td><\/tr><tr><td class=\"has-text-align-center\" data-align=\"center\">07\/12 \u00e0s 19h<\/td><td class=\"has-text-align-center\" data-align=\"center\">Legisla\u00e7\u00e3o Tribut\u00e1ria<\/td><td class=\"has-text-align-center\" data-align=\"center\">Eduardo da Rocha<\/td><\/tr><tr><td class=\"has-text-align-center\" data-align=\"center\">08\/12 \u00e0s 8h30<\/td><td class=\"has-text-align-center\" data-align=\"center\">Direito Administrativo<\/td><td class=\"has-text-align-center\" data-align=\"center\">Herbert Almeida<\/td><\/tr><tr><td class=\"has-text-align-center\" data-align=\"center\">08\/12 \u00e0s 19h<\/td><td class=\"has-text-align-center\" data-align=\"center\">Direito Tribut\u00e1rio<\/td><td class=\"has-text-align-center\" data-align=\"center\">Fernando Maur\u00edcio<\/td><\/tr><tr><td class=\"has-text-align-center\" data-align=\"center\">09\/12 \u00e0s 8h30<\/td><td class=\"has-text-align-center\" data-align=\"center\">Direito Penal<\/td><td class=\"has-text-align-center\" data-align=\"center\">Priscila Silveira<\/td><\/tr><tr><td class=\"has-text-align-center\" data-align=\"center\">09\/12 \u00e0s 14h<\/td><td class=\"has-text-align-center\" data-align=\"center\">Contabilidade P\u00fablica<\/td><td class=\"has-text-align-center\" data-align=\"center\">Gilmar Possati<\/td><\/tr><tr><td class=\"has-text-align-center\" data-align=\"center\">09\/12, \u00e0s 19h<\/td><td class=\"has-text-align-center\" data-align=\"center\">Direito Civil<\/td><td class=\"has-text-align-center\" data-align=\"center\">M\u00e1rio Godoy<\/td><\/tr><tr><td class=\"has-text-align-center\" data-align=\"center\">09\/12, \u00e0s 21h<\/td><td class=\"has-text-align-center\" data-align=\"center\">Direito Empresarial<\/td><td class=\"has-text-align-center\" data-align=\"center\">Cadu Carrilho<\/td><\/tr><\/tbody><\/table><\/figure>\n\n\n\n<p class=\"has-text-align-center\"><em>Confira todas as informa\u00e7\u00f5es do Concurso SEFAZ PE em nosso artigo completo<\/em>:<\/p>\n\n\n\n<p class=\"has-text-align-center has-background has-medium-font-size\" style=\"background-color:#e1e5e9\"><strong>Saiba mais:&nbsp;<\/strong><strong><a href=\"https:\/\/www.estrategiaconcursos.com.br\/blog\/concurso-sefaz-pe\/\" target=\"_blank\" rel=\"noreferrer noopener\">Sefaz PE<\/a><\/strong><\/p>\n\n\n\n<h2 class=\"has-text-align-center wp-block-heading\" id=\"cursos-assinatura\">Quer estudar para o concurso Sefaz PE?<\/h2>\n\n\n\n<div class=\"container\" id=\"boxes\">\n  <div class=\"row\">\n\n    <div class=\"col-sm\">\n      <div class=\"banner-fiscal-01\" id=\"box-assinatura\">\n        <h3 class=\"titulo-assinatura\">Concurso Sefaz PE<\/h3>\n        <p class=\"subtitulo-assinatura\">Estude conosco<\/p>\n        <div class=\"box-botao\">\n          <a class=\"btn-assinatura\" target=\"_blank\" href=\"https:\/\/www.estrategiaconcursos.com.br\/cursosPorConcurso\/sefaz-pe-ou-icms-pe-285\/\" role=\"button\" rel=\"noopener noreferrer\">Conhe\u00e7a os cursos<\/a>\n        <\/div>\n      <\/div>\n      \n    <\/div>\n\n  <\/div>\n<\/div>\n\n\n\n<div class=\"container\" id=\"boxes\">\n  <div class=\"row\">\n\n    <div class=\"col-sm\">\n      <div class=\"estrategia\" id=\"box-assinatura\">\n        <h3 class=\"titulo-assinatura\">Assinatura Concursos<\/h3>\n        <p class=\"subtitulo-assinatura\">Assinatura de 1 ano ou 2 anos<\/p>\n        <div class=\"box-botao\">\n          <a class=\"btn-assinatura\" target=\"_blank\" href=\"https:\/\/www.estrategiaconcursos.com.br\/assinaturas\/\" role=\"button\" rel=\"noopener noreferrer\">ASSINE AGORA<\/a>\n        <\/div>\n      <\/div><\/div><\/div><\/div>\n\n\n\n<h2 class=\"has-text-align-center wp-block-heading\" id=\"h-quer-saber-tudo-sobre-concursos-previstos-confira-nossos-artigos\">Quer saber tudo sobre concursos previstos?<br \/>Confira nossos artigos!<\/h2>\n\n\n\n<ul class=\"wp-block-list\"><li><a href=\"https:\/\/www.estrategiaconcursos.com.br\/blog\/concursos-abertos\/\" target=\"_blank\" rel=\"noreferrer noopener\">Concursos Abertos<\/a><\/li><li><a href=\"https:\/\/www.estrategiaconcursos.com.br\/blog\/concursos-2023\/\" target=\"_blank\" rel=\"noreferrer noopener\">Concursos 2023<\/a><\/li><\/ul>\n","protected":false},"excerpt":{"rendered":"<p>As provas do Concurso SEFAZ PE est\u00e3o chegando! A aplica\u00e7\u00e3o das avalia\u00e7\u00f5es est\u00e1 marcada para o dia 11 de dezembro, na cidade de Recife, nos per\u00edodos manh\u00e3 e tarde. Ao todo, foram registradas 6.693 candidatos inscritos que concorrem a 20 vagas. O cargo em disputa \u00e9 o de Auditor Fiscal do Tesouro Estadual, com sal\u00e1rio [&hellip;]<\/p>\n","protected":false},"author":2496,"featured_media":1130735,"comment_status":"open","ping_status":"closed","sticky":false,"template":"","format":"standard","meta":{"post_tipo":"news","footnotes":""},"categories":[1983,220219],"tags":[],"tax_estado":[219979],"class_list":["post-1130679","post","type-post","status-publish","format-standard","has-post-thumbnail","hentry","category-fiscal-estadual","category-noticias","tax_estado-pe"],"acf":[],"yoast_head":"<!-- This site is optimized with the Yoast SEO Premium plugin v27.2 (Yoast SEO v27.2) - https:\/\/yoast.com\/product\/yoast-seo-premium-wordpress\/ -->\n<title>Concurso SEFAZ PE: a hora da verdade!<\/title>\n<meta name=\"description\" content=\"As provas do Concurso SEFAZ PE se aproximam! Pensando nisso, organizamos um evento para ajudar nessa prepara\u00e7\u00e3o em reta final. Participe!\" \/>\n<meta name=\"robots\" content=\"index, follow, max-snippet:-1, max-image-preview:large, max-video-preview:-1\" \/>\n<link rel=\"canonical\" href=\"https:\/\/www.estrategiaconcursos.com.br\/blog\/concurso-sefaz-pe-a-hora-da-verdade\/\" \/>\n<meta property=\"og:locale\" content=\"pt_BR\" \/>\n<meta property=\"og:type\" content=\"article\" \/>\n<meta property=\"og:title\" content=\"Concurso SEFAZ PE: a hora da verdade!\" \/>\n<meta property=\"og:description\" content=\"As provas do Concurso SEFAZ PE se aproximam! Pensando nisso, organizamos um evento para ajudar nessa prepara\u00e7\u00e3o em reta final. Participe!\" \/>\n<meta property=\"og:url\" content=\"https:\/\/www.estrategiaconcursos.com.br\/blog\/concurso-sefaz-pe-a-hora-da-verdade\/\" \/>\n<meta property=\"og:site_name\" content=\"Estrat\u00e9gia Concursos\" \/>\n<meta property=\"article:published_time\" content=\"2022-12-01T21:00:00+00:00\" \/>\n<meta property=\"article:modified_time\" content=\"2023-01-03T20:10:43+00:00\" \/>\n<meta property=\"og:image\" content=\"https:\/\/dhg1h5j42swfq.cloudfront.net\/2022\/12\/28165156\/pe.jpg\" \/>\n\t<meta property=\"og:image:width\" content=\"1272\" \/>\n\t<meta property=\"og:image:height\" content=\"648\" \/>\n\t<meta property=\"og:image:type\" content=\"image\/jpeg\" \/>\n<meta name=\"author\" content=\"Lu\u00eds Henrique Koliski Taguchi\" \/>\n<meta name=\"twitter:card\" content=\"summary_large_image\" \/>\n<meta name=\"twitter:creator\" content=\"@EstratConcursos\" \/>\n<meta name=\"twitter:site\" content=\"@EstratConcursos\" \/>\n<meta name=\"twitter:label1\" content=\"Escrito por\" \/>\n\t<meta name=\"twitter:data1\" content=\"Lu\u00eds Henrique Koliski Taguchi\" \/>\n\t<meta name=\"twitter:label2\" content=\"Est. tempo de leitura\" \/>\n\t<meta name=\"twitter:data2\" content=\"1 minuto\" \/>\n<script type=\"application\/ld+json\" class=\"yoast-schema-graph\">{\"@context\":\"https:\/\/schema.org\",\"@graph\":[{\"@type\":\"NewsArticle\",\"@id\":\"https:\/\/www.estrategiaconcursos.com.br\/blog\/concurso-sefaz-pe-a-hora-da-verdade\/#article\",\"isPartOf\":{\"@id\":\"https:\/\/www.estrategiaconcursos.com.br\/blog\/concurso-sefaz-pe-a-hora-da-verdade\/\"},\"author\":{\"name\":\"Lu\u00eds Henrique Koliski Taguchi\",\"@id\":\"https:\/\/www.estrategiaconcursos.com.br\/blog\/#\/schema\/person\/4796f784535bea69338c17360e24ca86\"},\"headline\":\"Concurso SEFAZ PE: a hora da verdade!\",\"datePublished\":\"2022-12-01T21:00:00+00:00\",\"dateModified\":\"2023-01-03T20:10:43+00:00\",\"mainEntityOfPage\":{\"@id\":\"https:\/\/www.estrategiaconcursos.com.br\/blog\/concurso-sefaz-pe-a-hora-da-verdade\/\"},\"wordCount\":308,\"commentCount\":0,\"publisher\":{\"@id\":\"https:\/\/www.estrategiaconcursos.com.br\/blog\/#organization\"},\"image\":{\"@id\":\"https:\/\/www.estrategiaconcursos.com.br\/blog\/concurso-sefaz-pe-a-hora-da-verdade\/#primaryimage\"},\"thumbnailUrl\":\"https:\/\/dhg1h5j42swfq.cloudfront.net\/2022\/12\/28165156\/pe.jpg\",\"articleSection\":[\"Fiscal - Estadual (ICMS)\",\"\u00daltimas not\u00edcias\"],\"inLanguage\":\"pt-BR\",\"potentialAction\":[{\"@type\":\"CommentAction\",\"name\":\"Comment\",\"target\":[\"https:\/\/www.estrategiaconcursos.com.br\/blog\/concurso-sefaz-pe-a-hora-da-verdade\/#respond\"]}],\"copyrightYear\":\"2022\",\"copyrightHolder\":{\"@id\":\"https:\/\/www.estrategiaconcursos.com.br\/blog\/#organization\"}},{\"@type\":\"WebPage\",\"@id\":\"https:\/\/www.estrategiaconcursos.com.br\/blog\/concurso-sefaz-pe-a-hora-da-verdade\/\",\"url\":\"https:\/\/www.estrategiaconcursos.com.br\/blog\/concurso-sefaz-pe-a-hora-da-verdade\/\",\"name\":\"Concurso SEFAZ PE: a hora da verdade!\",\"isPartOf\":{\"@id\":\"https:\/\/www.estrategiaconcursos.com.br\/blog\/#website\"},\"primaryImageOfPage\":{\"@id\":\"https:\/\/www.estrategiaconcursos.com.br\/blog\/concurso-sefaz-pe-a-hora-da-verdade\/#primaryimage\"},\"image\":{\"@id\":\"https:\/\/www.estrategiaconcursos.com.br\/blog\/concurso-sefaz-pe-a-hora-da-verdade\/#primaryimage\"},\"thumbnailUrl\":\"https:\/\/dhg1h5j42swfq.cloudfront.net\/2022\/12\/28165156\/pe.jpg\",\"datePublished\":\"2022-12-01T21:00:00+00:00\",\"dateModified\":\"2023-01-03T20:10:43+00:00\",\"description\":\"As provas do Concurso SEFAZ PE se aproximam! Pensando nisso, organizamos um evento para ajudar nessa prepara\u00e7\u00e3o em reta final. Participe!\",\"breadcrumb\":{\"@id\":\"https:\/\/www.estrategiaconcursos.com.br\/blog\/concurso-sefaz-pe-a-hora-da-verdade\/#breadcrumb\"},\"inLanguage\":\"pt-BR\",\"potentialAction\":[{\"@type\":\"ReadAction\",\"target\":[\"https:\/\/www.estrategiaconcursos.com.br\/blog\/concurso-sefaz-pe-a-hora-da-verdade\/\"]}]},{\"@type\":\"ImageObject\",\"inLanguage\":\"pt-BR\",\"@id\":\"https:\/\/www.estrategiaconcursos.com.br\/blog\/concurso-sefaz-pe-a-hora-da-verdade\/#primaryimage\",\"url\":\"https:\/\/dhg1h5j42swfq.cloudfront.net\/2022\/12\/28165156\/pe.jpg\",\"contentUrl\":\"https:\/\/dhg1h5j42swfq.cloudfront.net\/2022\/12\/28165156\/pe.jpg\",\"width\":1272,\"height\":648},{\"@type\":\"BreadcrumbList\",\"@id\":\"https:\/\/www.estrategiaconcursos.com.br\/blog\/concurso-sefaz-pe-a-hora-da-verdade\/#breadcrumb\",\"itemListElement\":[{\"@type\":\"ListItem\",\"position\":1,\"name\":\"In\u00edcio\",\"item\":\"https:\/\/www.estrategiaconcursos.com.br\/blog\/\"},{\"@type\":\"ListItem\",\"position\":2,\"name\":\"Concurso SEFAZ PE: a hora da verdade!\"}]},{\"@type\":\"WebSite\",\"@id\":\"https:\/\/www.estrategiaconcursos.com.br\/blog\/#website\",\"url\":\"https:\/\/www.estrategiaconcursos.com.br\/blog\/\",\"name\":\"Estrat\u00e9gia Concursos\",\"description\":\"O blog da Estrat\u00e9gia Concursos traz not\u00edcias sobre concursos e artigos de professores oferecendo cursos para concursos (pdf + videaulas) no site.\",\"publisher\":{\"@id\":\"https:\/\/www.estrategiaconcursos.com.br\/blog\/#organization\"},\"potentialAction\":[{\"@type\":\"SearchAction\",\"target\":{\"@type\":\"EntryPoint\",\"urlTemplate\":\"https:\/\/www.estrategiaconcursos.com.br\/blog\/?s={search_term_string}\"},\"query-input\":{\"@type\":\"PropertyValueSpecification\",\"valueRequired\":true,\"valueName\":\"search_term_string\"}}],\"inLanguage\":\"pt-BR\"},{\"@type\":\"Organization\",\"@id\":\"https:\/\/www.estrategiaconcursos.com.br\/blog\/#organization\",\"name\":\"Estrat\u00e9gia Concursos\",\"url\":\"https:\/\/www.estrategiaconcursos.com.br\/blog\/\",\"logo\":{\"@type\":\"ImageObject\",\"inLanguage\":\"pt-BR\",\"@id\":\"https:\/\/www.estrategiaconcursos.com.br\/blog\/#\/schema\/logo\/image\/\",\"url\":\"https:\/\/dhg1h5j42swfq.cloudfront.net\/2025\/06\/03203428\/logo_concursos-1.jpg\",\"contentUrl\":\"https:\/\/dhg1h5j42swfq.cloudfront.net\/2025\/06\/03203428\/logo_concursos-1.jpg\",\"width\":230,\"height\":60,\"caption\":\"Estrat\u00e9gia Concursos\"},\"image\":{\"@id\":\"https:\/\/www.estrategiaconcursos.com.br\/blog\/#\/schema\/logo\/image\/\"},\"sameAs\":[\"https:\/\/x.com\/EstratConcursos\"]},{\"@type\":\"Person\",\"@id\":\"https:\/\/www.estrategiaconcursos.com.br\/blog\/#\/schema\/person\/4796f784535bea69338c17360e24ca86\",\"name\":\"Lu\u00eds Henrique Koliski Taguchi\",\"image\":{\"@type\":\"ImageObject\",\"inLanguage\":\"pt-BR\",\"@id\":\"https:\/\/secure.gravatar.com\/avatar\/cd45137551650332231b9b3d541d08c1f24718112f052488ba1ea66ad0f57c9c?s=96&d=mm&r=g\",\"url\":\"https:\/\/secure.gravatar.com\/avatar\/cd45137551650332231b9b3d541d08c1f24718112f052488ba1ea66ad0f57c9c?s=96&d=mm&r=g\",\"contentUrl\":\"https:\/\/secure.gravatar.com\/avatar\/cd45137551650332231b9b3d541d08c1f24718112f052488ba1ea66ad0f57c9c?s=96&d=mm&r=g\",\"caption\":\"Lu\u00eds Henrique Koliski Taguchi\"},\"url\":\"https:\/\/www.estrategiaconcursos.com.br\/blog\/author\/luis-taguchiestrategia-com\/\"}]}<\/script>\n<!-- \/ Yoast SEO Premium plugin. -->","yoast_head_json":{"title":"Concurso SEFAZ PE: a hora da verdade!","description":"As provas do Concurso SEFAZ PE se aproximam! Pensando nisso, organizamos um evento para ajudar nessa prepara\u00e7\u00e3o em reta final. Participe!","robots":{"index":"index","follow":"follow","max-snippet":"max-snippet:-1","max-image-preview":"max-image-preview:large","max-video-preview":"max-video-preview:-1"},"canonical":"https:\/\/www.estrategiaconcursos.com.br\/blog\/concurso-sefaz-pe-a-hora-da-verdade\/","og_locale":"pt_BR","og_type":"article","og_title":"Concurso SEFAZ PE: a hora da verdade!","og_description":"As provas do Concurso SEFAZ PE se aproximam! Pensando nisso, organizamos um evento para ajudar nessa prepara\u00e7\u00e3o em reta final. Participe!","og_url":"https:\/\/www.estrategiaconcursos.com.br\/blog\/concurso-sefaz-pe-a-hora-da-verdade\/","og_site_name":"Estrat\u00e9gia Concursos","article_published_time":"2022-12-01T21:00:00+00:00","article_modified_time":"2023-01-03T20:10:43+00:00","og_image":[{"width":1272,"height":648,"url":"https:\/\/dhg1h5j42swfq.cloudfront.net\/2022\/12\/28165156\/pe.jpg","type":"image\/jpeg"}],"author":"Lu\u00eds Henrique Koliski Taguchi","twitter_card":"summary_large_image","twitter_creator":"@EstratConcursos","twitter_site":"@EstratConcursos","twitter_misc":{"Escrito por":"Lu\u00eds Henrique Koliski Taguchi","Est. tempo de leitura":"1 minuto"},"schema":{"@context":"https:\/\/schema.org","@graph":[{"@type":"NewsArticle","@id":"https:\/\/www.estrategiaconcursos.com.br\/blog\/concurso-sefaz-pe-a-hora-da-verdade\/#article","isPartOf":{"@id":"https:\/\/www.estrategiaconcursos.com.br\/blog\/concurso-sefaz-pe-a-hora-da-verdade\/"},"author":{"name":"Lu\u00eds Henrique Koliski Taguchi","@id":"https:\/\/www.estrategiaconcursos.com.br\/blog\/#\/schema\/person\/4796f784535bea69338c17360e24ca86"},"headline":"Concurso SEFAZ PE: a hora da verdade!","datePublished":"2022-12-01T21:00:00+00:00","dateModified":"2023-01-03T20:10:43+00:00","mainEntityOfPage":{"@id":"https:\/\/www.estrategiaconcursos.com.br\/blog\/concurso-sefaz-pe-a-hora-da-verdade\/"},"wordCount":308,"commentCount":0,"publisher":{"@id":"https:\/\/www.estrategiaconcursos.com.br\/blog\/#organization"},"image":{"@id":"https:\/\/www.estrategiaconcursos.com.br\/blog\/concurso-sefaz-pe-a-hora-da-verdade\/#primaryimage"},"thumbnailUrl":"https:\/\/dhg1h5j42swfq.cloudfront.net\/2022\/12\/28165156\/pe.jpg","articleSection":["Fiscal - Estadual (ICMS)","\u00daltimas not\u00edcias"],"inLanguage":"pt-BR","potentialAction":[{"@type":"CommentAction","name":"Comment","target":["https:\/\/www.estrategiaconcursos.com.br\/blog\/concurso-sefaz-pe-a-hora-da-verdade\/#respond"]}],"copyrightYear":"2022","copyrightHolder":{"@id":"https:\/\/www.estrategiaconcursos.com.br\/blog\/#organization"}},{"@type":"WebPage","@id":"https:\/\/www.estrategiaconcursos.com.br\/blog\/concurso-sefaz-pe-a-hora-da-verdade\/","url":"https:\/\/www.estrategiaconcursos.com.br\/blog\/concurso-sefaz-pe-a-hora-da-verdade\/","name":"Concurso SEFAZ PE: a hora da verdade!","isPartOf":{"@id":"https:\/\/www.estrategiaconcursos.com.br\/blog\/#website"},"primaryImageOfPage":{"@id":"https:\/\/www.estrategiaconcursos.com.br\/blog\/concurso-sefaz-pe-a-hora-da-verdade\/#primaryimage"},"image":{"@id":"https:\/\/www.estrategiaconcursos.com.br\/blog\/concurso-sefaz-pe-a-hora-da-verdade\/#primaryimage"},"thumbnailUrl":"https:\/\/dhg1h5j42swfq.cloudfront.net\/2022\/12\/28165156\/pe.jpg","datePublished":"2022-12-01T21:00:00+00:00","dateModified":"2023-01-03T20:10:43+00:00","description":"As provas do Concurso SEFAZ PE se aproximam! Pensando nisso, organizamos um evento para ajudar nessa prepara\u00e7\u00e3o em reta final. Participe!","breadcrumb":{"@id":"https:\/\/www.estrategiaconcursos.com.br\/blog\/concurso-sefaz-pe-a-hora-da-verdade\/#breadcrumb"},"inLanguage":"pt-BR","potentialAction":[{"@type":"ReadAction","target":["https:\/\/www.estrategiaconcursos.com.br\/blog\/concurso-sefaz-pe-a-hora-da-verdade\/"]}]},{"@type":"ImageObject","inLanguage":"pt-BR","@id":"https:\/\/www.estrategiaconcursos.com.br\/blog\/concurso-sefaz-pe-a-hora-da-verdade\/#primaryimage","url":"https:\/\/dhg1h5j42swfq.cloudfront.net\/2022\/12\/28165156\/pe.jpg","contentUrl":"https:\/\/dhg1h5j42swfq.cloudfront.net\/2022\/12\/28165156\/pe.jpg","width":1272,"height":648},{"@type":"BreadcrumbList","@id":"https:\/\/www.estrategiaconcursos.com.br\/blog\/concurso-sefaz-pe-a-hora-da-verdade\/#breadcrumb","itemListElement":[{"@type":"ListItem","position":1,"name":"In\u00edcio","item":"https:\/\/www.estrategiaconcursos.com.br\/blog\/"},{"@type":"ListItem","position":2,"name":"Concurso SEFAZ PE: a hora da verdade!"}]},{"@type":"WebSite","@id":"https:\/\/www.estrategiaconcursos.com.br\/blog\/#website","url":"https:\/\/www.estrategiaconcursos.com.br\/blog\/","name":"Estrat\u00e9gia Concursos","description":"O blog da Estrat\u00e9gia Concursos traz not\u00edcias sobre concursos e artigos de professores oferecendo cursos para concursos (pdf + videaulas) no site.","publisher":{"@id":"https:\/\/www.estrategiaconcursos.com.br\/blog\/#organization"},"potentialAction":[{"@type":"SearchAction","target":{"@type":"EntryPoint","urlTemplate":"https:\/\/www.estrategiaconcursos.com.br\/blog\/?s={search_term_string}"},"query-input":{"@type":"PropertyValueSpecification","valueRequired":true,"valueName":"search_term_string"}}],"inLanguage":"pt-BR"},{"@type":"Organization","@id":"https:\/\/www.estrategiaconcursos.com.br\/blog\/#organization","name":"Estrat\u00e9gia Concursos","url":"https:\/\/www.estrategiaconcursos.com.br\/blog\/","logo":{"@type":"ImageObject","inLanguage":"pt-BR","@id":"https:\/\/www.estrategiaconcursos.com.br\/blog\/#\/schema\/logo\/image\/","url":"https:\/\/dhg1h5j42swfq.cloudfront.net\/2025\/06\/03203428\/logo_concursos-1.jpg","contentUrl":"https:\/\/dhg1h5j42swfq.cloudfront.net\/2025\/06\/03203428\/logo_concursos-1.jpg","width":230,"height":60,"caption":"Estrat\u00e9gia Concursos"},"image":{"@id":"https:\/\/www.estrategiaconcursos.com.br\/blog\/#\/schema\/logo\/image\/"},"sameAs":["https:\/\/x.com\/EstratConcursos"]},{"@type":"Person","@id":"https:\/\/www.estrategiaconcursos.com.br\/blog\/#\/schema\/person\/4796f784535bea69338c17360e24ca86","name":"Lu\u00eds Henrique Koliski Taguchi","image":{"@type":"ImageObject","inLanguage":"pt-BR","@id":"https:\/\/secure.gravatar.com\/avatar\/cd45137551650332231b9b3d541d08c1f24718112f052488ba1ea66ad0f57c9c?s=96&d=mm&r=g","url":"https:\/\/secure.gravatar.com\/avatar\/cd45137551650332231b9b3d541d08c1f24718112f052488ba1ea66ad0f57c9c?s=96&d=mm&r=g","contentUrl":"https:\/\/secure.gravatar.com\/avatar\/cd45137551650332231b9b3d541d08c1f24718112f052488ba1ea66ad0f57c9c?s=96&d=mm&r=g","caption":"Lu\u00eds Henrique Koliski Taguchi"},"url":"https:\/\/www.estrategiaconcursos.com.br\/blog\/author\/luis-taguchiestrategia-com\/"}]}},"_links":{"self":[{"href":"https:\/\/www.estrategiaconcursos.com.br\/blog\/wp-json\/wp\/v2\/posts\/1130679","targetHints":{"allow":["GET"]}}],"collection":[{"href":"https:\/\/www.estrategiaconcursos.com.br\/blog\/wp-json\/wp\/v2\/posts"}],"about":[{"href":"https:\/\/www.estrategiaconcursos.com.br\/blog\/wp-json\/wp\/v2\/types\/post"}],"author":[{"embeddable":true,"href":"https:\/\/www.estrategiaconcursos.com.br\/blog\/wp-json\/wp\/v2\/users\/2496"}],"replies":[{"embeddable":true,"href":"https:\/\/www.estrategiaconcursos.com.br\/blog\/wp-json\/wp\/v2\/comments?post=1130679"}],"version-history":[{"count":6,"href":"https:\/\/www.estrategiaconcursos.com.br\/blog\/wp-json\/wp\/v2\/posts\/1130679\/revisions"}],"predecessor-version":[{"id":1146850,"href":"https:\/\/www.estrategiaconcursos.com.br\/blog\/wp-json\/wp\/v2\/posts\/1130679\/revisions\/1146850"}],"wp:featuredmedia":[{"embeddable":true,"href":"https:\/\/www.estrategiaconcursos.com.br\/blog\/wp-json\/wp\/v2\/media\/1130735"}],"wp:attachment":[{"href":"https:\/\/www.estrategiaconcursos.com.br\/blog\/wp-json\/wp\/v2\/media?parent=1130679"}],"wp:term":[{"taxonomy":"category","embeddable":true,"href":"https:\/\/www.estrategiaconcursos.com.br\/blog\/wp-json\/wp\/v2\/categories?post=1130679"},{"taxonomy":"post_tag","embeddable":true,"href":"https:\/\/www.estrategiaconcursos.com.br\/blog\/wp-json\/wp\/v2\/tags?post=1130679"},{"taxonomy":"tax_estado","embeddable":true,"href":"https:\/\/www.estrategiaconcursos.com.br\/blog\/wp-json\/wp\/v2\/tax_estado?post=1130679"}],"curies":[{"name":"wp","href":"https:\/\/api.w.org\/{rel}","templated":true}]}}