{"id":1130331,"date":"2024-11-26T17:31:39","date_gmt":"2024-11-26T20:31:39","guid":{"rendered":"https:\/\/www.estrategiaconcursos.com.br\/blog\/?p=1130331"},"modified":"2024-11-26T17:31:42","modified_gmt":"2024-11-26T20:31:42","slug":"linguagem-formal-informal","status":"publish","type":"post","link":"https:\/\/www.estrategiaconcursos.com.br\/blog\/linguagem-formal-informal\/","title":{"rendered":"Linguagem formal e informal: principais diferen\u00e7as e exemplos"},"content":{"rendered":"\n<h3 class=\"wp-block-heading has-text-align-center\" id=\"h-voce-sabe-as-principais-diferencas-entre-linguagem-formal-e-informal-aprenda-de-uma-vez-por-todas-neste-artigo\"><em>Voc\u00ea sabe as principais diferen\u00e7as entre Linguagem Formal e Informal? Aprenda de uma vez por todas neste artigo.<\/em><\/h3>\n\n\n\n<p>A disciplina de L\u00edngua Portuguesa ainda \u00e9 o terror de muitos alunos, principalmente quando se trata de interpreta\u00e7\u00e3o de texto. Alguns candidatos alegam que as bancas organizadoras n\u00e3o jogam as regras do jogo em rela\u00e7\u00e3o \u00e0s quest\u00f5es que tratam sobre o tema. <\/p>\n\n\n\n<p>Para desmistificar o assunto, <strong>hoje trataremos sobre os conceitos e distin\u00e7\u00f5es entre a linguagem formal e informal.<\/strong> Voc\u00eas sabem as diferen\u00e7as entre elas? Vamos desvendar para que voc\u00eas desenvolvam uma \u00f3tima base para resolver quest\u00f5es sobre esse assunto.<\/p>\n\n\n\n<h2 class=\"wp-block-heading\"><mark style=\"background-color:rgba(0, 0, 0, 0)\" class=\"has-inline-color has-vivid-purple-color\">Afinal, o que \u00e9 linguagem?<\/mark><\/h2>\n\n\n\n<p>Como \u00e9 costumeiro em todos os nossos artigos, antes de come\u00e7ar a falar do objeto de nosso estudo propriamente dito, precisamos compreender o que \u00e9 a linguagem.<\/p>\n\n\n\n<p>Para nos ajudar a entender esta conceitua\u00e7\u00e3o, nos reportaremos ao gram\u00e1tico Evanildo Bechara que preleciona o seguinte:<\/p>\n\n\n\n<blockquote class=\"wp-block-quote is-layout-flow wp-block-quote-is-layout-flow\">\n<p>Entende-se por linguagem qualquer sistema de signos simb\u00f3licos empregados na intercomunica\u00e7\u00e3o social para expressar e comunicar ideias e sentimentos, isto \u00e9, conte\u00fados da consci\u00eancia. (&#8230;) Tal conceitua\u00e7\u00e3o envolve as no\u00e7\u00f5es preliminares do que seja sistema, signo, s\u00edmbolo e intercomunica\u00e7\u00e3o social.<\/p>\n<cite>(Bechara, Evanildo &#8211; Moderna Gram\u00e1tica Brasileira)<\/cite><\/blockquote>\n\n\n\n<p>Assim, com o intuito de sintetizar, podemos dizer que a <strong>linguagem \u00e9 um sistema pelo qual os seres humanos comunicam pensamentos e emo\u00e7\u00f5es por meio da fala, da escrita ou de outros s\u00edmbolos comuns.<\/strong> Ou seja,<strong> a linguagem nasce da necessidade do ser humano de se comunicar e se manifesta de diferentes formas, tais como: sons, gestos, pinturas e imagens, sinais, dentre outros. <\/strong><\/p>\n\n\n\n<div class=\"wp-block-group has-background is-layout-flow wp-block-group-is-layout-flow\" style=\"background-color:#f1f1f1f2\">\n<p class=\"has-text-align-left\"><strong><mark style=\"background-color:rgba(0, 0, 0, 0)\" class=\"has-inline-color has-vivid-purple-color\">DICA ESTRAT\u00c9GICA<\/mark>: n\u00e3o confunda l\u00edngua com linguagem!<\/strong> Enquanto a linguagem \u00e9 qualquer forma que utilizamos para representar nossas ideias e sentimentos,<strong> a l\u00edngua \u00e9 o c\u00f3digo que utiliza a palavra como elemento principal. Isto \u00e9, a l\u00edngua \u00e9 um tipo de linguagem verbal.<\/strong><\/p>\n<\/div>\n\n\n\n<p>Entendido o que \u00e9 linguagem? Ent\u00e3o, vamos passar para a Linguagem Formal e Informal, que s\u00e3o duas variantes lingu\u00edsticas que possuem o intuito de comunicar, dependendo do contexto previsto.<\/p>\n\n\n\n<h2 class=\"wp-block-heading\"><mark style=\"background-color:rgba(0, 0, 0, 0)\" class=\"has-inline-color has-vivid-purple-color\">Linguagem Formal<\/mark><\/h2>\n\n\n\n<p>A <strong>linguagem formal, tamb\u00e9m conhecida como linguagem culta<\/strong>, \u00e9 caracterizada pela <strong>obedi\u00eancia \u00e0s conven\u00e7\u00f5es gramaticais.<\/strong> Ela \u00e9 assinalada pela <strong>utiliza\u00e7\u00e3o da norma culta, da pron\u00fancia precisa e clara das palavras, pela riqueza e diversifica\u00e7\u00e3o vocabular e pelo registro cuidadoso e erudito da l\u00edngua. <\/strong><\/p>\n\n\n\n<p>Normalmente, \u00e9 utilizada em <strong>situa\u00e7\u00f5es que envolvem certo grau de formalidade<\/strong> ou quando n\u00e3o h\u00e1 intimidade ou descontra\u00e7\u00e3o entre os interlocutores envolvidos.<\/p>\n\n\n\n<p>Vamos ver abaixo em quais situa\u00e7\u00f5es se exigem este tipo de linguagem e os principais exemplos.<\/p>\n\n\n\n<h3 class=\"wp-block-heading\"><mark style=\"background-color:rgba(0, 0, 0, 0)\" class=\"has-inline-color has-vivid-purple-color\">Situa\u00e7\u00f5es de Uso da Linguagem Formal<\/mark><\/h3>\n\n\n\n<ul class=\"wp-block-list\">\n<li>Reuni\u00f5es de trabalho;<\/li>\n\n\n\n<li>Entrevistas de emprego;<\/li>\n\n\n\n<li>Discursos p\u00fablicos;<\/li>\n\n\n\n<li>Apresenta\u00e7\u00f5es acad\u00eamicas (confer\u00eancias, congressos, semin\u00e1rios, palestras);<\/li>\n\n\n\n<li>Certames p\u00fablicos;<\/li>\n\n\n\n<li>Reda\u00e7\u00f5es;<\/li>\n\n\n\n<li>Documentos oficiais (relat\u00f3rios, of\u00edcios, memorandos); e<\/li>\n\n\n\n<li>Quando os interlocutores foram superiores hier\u00e1rquicos ou autoridades (religiosas, oficiais, pol\u00edticas).<\/li>\n<\/ul>\n\n\n\n<h3 class=\"wp-block-heading\"><mark style=\"background-color:rgba(0, 0, 0, 0)\" class=\"has-inline-color has-vivid-purple-color\">Exemplos de Linguagem Formal<\/mark><\/h3>\n\n\n\n<p>Vamos ver alguns exemplos de frases constru\u00eddas com a linguagem formal:<\/p>\n\n\n\n<div class=\"wp-block-group has-background is-layout-flow wp-block-group-is-layout-flow\" style=\"background-color:#f1f1f1f2\">\n<ul class=\"wp-block-list\">\n<li>Senhora, aceitaria uma x\u00edcara de ch\u00e1?<\/li>\n\n\n\n<li>Prezado, anexei a este e-mail o of\u00edcio referente \u00e0 requisi\u00e7\u00e3o solicitada.<\/li>\n\n\n\n<li>Vossa Excel\u00eancia participou da reuni\u00e3o.<\/li>\n\n\n\n<li>Estou muito bem, obrigada!<\/li>\n\n\n\n<li>Infelizmente, n\u00e3o poderei ajud\u00e1-lo, senhor.<\/li>\n<\/ul>\n<\/div>\n\n\n\n<h2 class=\"wp-block-heading\"><mark style=\"background-color:rgba(0, 0, 0, 0)\" class=\"has-inline-color has-vivid-purple-color\">Linguagem Informal<\/mark><\/h2>\n\n\n\n<p>Bom, se a linguagem formal s\u00f3 aceita a regra culta da norma, <strong>a linguagem informal, <\/strong>evidentemente, <strong>admite a utiliza\u00e7\u00e3o de termos lingu\u00edsticos <\/strong>n\u00e3o abrangidos por tal formalidade. Por esse motivo, esta variante lingu\u00edstica tamb\u00e9m \u00e9 conhecida como<strong> linguagem coloquial ou popular.<\/strong><\/p>\n\n\n\n<p>Desta forma, a linguagem formal admite a <strong>utiliza\u00e7\u00e3o de g\u00edrias, palavras de baixo cal\u00e3o, neologismos (palavras inventadas), onomatopeias, palavras contra\u00eddas, regionalismos <\/strong>etc., conferindo, assim, uma <strong>maior espontaneidade e liberdade ao discurso.<\/strong><\/p>\n\n\n\n<p>A linguagem informal \u00e9 u<strong>tilizada no cotidiano, em di\u00e1logos entre pessoas com certo grau de intimidade (familiares, amigos, conhecidos) e confere uma maior fluidez \u00e0 comunica\u00e7\u00e3o.<\/strong><\/p>\n\n\n\n<p>Vamos verificar em quais circunst\u00e2ncias normalmente este tipo de linguagem \u00e9 aplicada.<\/p>\n\n\n\n<h3 class=\"wp-block-heading\"><mark style=\"background-color:rgba(0, 0, 0, 0)\" class=\"has-inline-color has-vivid-purple-color\">Situa\u00e7\u00f5es de Uso da Linguagem Informal<\/mark><\/h3>\n\n\n\n<ul class=\"wp-block-list\">\n<li>Conversas cotidianas;<\/li>\n\n\n\n<li>Di\u00e1logos entre pessoas com certo grau de intimidade (familiares, amigos, conhecidos);<\/li>\n\n\n\n<li>Mensagens de WhatsApp;<\/li>\n\n\n\n<li>Redes sociais;<\/li>\n\n\n\n<li>Textos liter\u00e1rios; e<\/li>\n\n\n\n<li>M\u00fasicas.<\/li>\n<\/ul>\n\n\n\n<h3 class=\"wp-block-heading\"><mark style=\"background-color:rgba(0, 0, 0, 0)\" class=\"has-inline-color has-vivid-purple-color\">Exemplos de Linguagem Informal<\/mark><\/h3>\n\n\n\n<div class=\"wp-block-group is-layout-flow wp-block-group-is-layout-flow\">\n<ul style=\"background-color:#f1f1f1f2\" class=\"wp-block-list has-background\">\n<li>A gente t\u00e1 muito cansado.<\/li>\n\n\n\n<li>Putz! T\u00f4 perdid\u00e3o. N\u00e3o sei chegar no metr\u00f4.<\/li>\n\n\n\n<li>Ontem foi maneiro! Dei um rol\u00ea de bike.<\/li>\n\n\n\n<li><em>\u201cDe tanto levar<strong> frechada<\/strong> do teu olhar <\/em>\/ <em>Meu peito at\u00e9 parece sabe o qu\u00ea?<\/em> \/<em><strong>T\u00e1ubua de tiro ao \u00c1lvaro<\/strong><\/em> \/ <em>N\u00e3o tem mais onde furar\u201d<\/em> <em>(Tiro Ao \u00c1lvaro \u2013 Adoniran Barbosa)<\/em><\/li>\n<\/ul>\n<\/div>\n\n\n\n<h2 class=\"wp-block-heading\"><mark style=\"background-color:rgba(0, 0, 0, 0)\" class=\"has-inline-color has-vivid-purple-color\">Diferen\u00e7as entre Linguagem Formal e Informal<\/mark><\/h2>\n\n\n\n<figure class=\"wp-block-table aligncenter is-style-stripes\"><table><tbody><tr><td class=\"has-text-align-center\" data-align=\"center\">                <strong>LINGUAGEM FORMAL<\/strong><\/td><td class=\"has-text-align-center\" data-align=\"center\">                <strong>LINGUAGEM INFORMAL<\/strong><\/td><\/tr><tr><td class=\"has-text-align-center\" data-align=\"center\">\u00c9 cobrado um rigor ao utilizar as normas gramaticais.<\/td><td class=\"has-text-align-center\" data-align=\"center\">N\u00e3o h\u00e1 rigor do emprego correto das normas gramaticais.<\/td><\/tr><tr><td class=\"has-text-align-center\" data-align=\"center\">Utiliza o vocabul\u00e1rio formal em aten\u00e7\u00e3o \u00e0 norma culta.<\/td><td class=\"has-text-align-center\" data-align=\"center\">Utiliza\u00e7\u00e3o de frases informais, linguagem coloquial, varia\u00e7\u00f5es, express\u00f5es.<\/td><\/tr><tr><td class=\"has-text-align-center\" data-align=\"center\">Utilizado em ocasi\u00f5es e conversas formais<\/td><td class=\"has-text-align-center\" data-align=\"center\">Utiliza\u00e7\u00e3o de g\u00edrias, palavras abreviadas, regionalismos, palavr\u00f5es, onomatopeias.<\/td><\/tr><tr><td class=\"has-text-align-center\" data-align=\"center\">N\u00e3o h\u00e1 erros gramaticais e n\u00e3o h\u00e1 a utiliza\u00e7\u00e3o de termos coloquiais (g\u00edrias, palavr\u00f5es, regionalismos, onomatopeias etc.)<\/td><td class=\"has-text-align-center\" data-align=\"center\">Registros informais que prezam pela espontaneidade, fluidez e liberdade na comunica\u00e7\u00e3o<\/td><\/tr><tr><td class=\"has-text-align-center\" data-align=\"center\">Utilizada em reuni\u00f5es, entrevistas de emprego, meios acad\u00eamicos, jur\u00eddicos e em situa\u00e7\u00f5es em que n\u00e3o existe familiaridade entre os interlocutores.<\/td><td class=\"has-text-align-center\" data-align=\"center\">\u00c9 mais utilizada entre amigos, familiares e outras pessoas com grau de intimidade<\/td><\/tr><tr><td class=\"has-text-align-center\" data-align=\"center\">A pron\u00fancia das palavras \u00e9 correta e clara<\/td><td class=\"has-text-align-center\" data-align=\"center\">Utiliza\u00e7\u00e3o de palavras abreviadas ou contra\u00eddas: c\u00ea, pra, t\u00e1 etc.<\/td><\/tr><tr><td class=\"has-text-align-center\" data-align=\"center\">Erudi\u00e7\u00e3o e cuidado no registro<\/td><td class=\"has-text-align-center\" data-align=\"center\">Comum em conversas cotidianas, mensagens de celular, redes sociais<\/td><\/tr><tr><td class=\"has-text-align-center\" data-align=\"center\">Vocabul\u00e1rio rico e diversificado<\/td><td class=\"has-text-align-center\" data-align=\"center\">Tamb\u00e9m \u00e9 utilizada em textos liter\u00e1rios e m\u00fasicas atrav\u00e9s de licen\u00e7a po\u00e9tica<\/td><\/tr><tr><td class=\"has-text-align-center\" data-align=\"center\"><\/td><td class=\"has-text-align-center\" data-align=\"center\"><\/td><\/tr><\/tbody><\/table><figcaption class=\"wp-element-caption\">Veja acima as principais diferen\u00e7as entre a linguagem formal e informal<\/figcaption><\/figure>\n\n\n\n<h2 class=\"wp-block-heading\"><mark style=\"background-color:rgba(0, 0, 0, 0)\" class=\"has-inline-color has-vivid-purple-color\">Quest\u00f5es de Concurso<\/mark><\/h2>\n\n\n\n<p>Mas como esse tema \u00e9 tratado nas provas de concursos p\u00fablicos? Vamos ver algumas quest\u00f5es de Linguagem Formal e Informal para elucidar.<\/p>\n\n\n\n<h3 class=\"wp-block-heading\" id=\"h-idib-2021-ministerio-da-economia-administracao-economia-contabilidade-ou-direito\"><strong>IDIB &#8211; 2021 &#8211; Minist\u00e9rio da Economia &#8211; Administra\u00e7\u00e3o, Economia, Contabilidade ou Direito<\/strong><\/h3>\n\n\n\n<p><em>\u201cOra (direis) ouvir estrelas! Certo<br \/>Perdeste o senso!&#8221; E eu vos direi, no entanto,<br \/>Que, para ouvi-las, muita vez desperto<br \/>E abro as janelas, p\u00e1lido de espanto\u2026<br \/>E conversamos toda a noite, enquanto<br \/>A via-l\u00e1ctea, como um p\u00e1lio aberto,<br \/>Cintila. E, ao vir do sol, saudoso e em pranto,<br \/>Inda as procuro pelo c\u00e9u deserto.<br \/>Direis agora: &#8220;Tresloucado amigo!&#8221;<\/em><\/p>\n\n\n\n<p>No poema do TEXTO II, Olavo Bilac adota, predominantemente, uma linguagem<\/p>\n\n\n\n<p><strong>a)<\/strong>&nbsp;culta, usando termos rebuscados, mas acess\u00edveis \u00e0 compreens\u00e3o do leitor.<\/p>\n\n\n\n<p><strong>b)<\/strong>&nbsp;culta, visando exaltar o ego do poeta com o uso de termos rebuscados.<\/p>\n\n\n\n<p><strong>c)<\/strong>&nbsp;popular, indicando a presen\u00e7a do interlocutor como licen\u00e7a po\u00e9tica.<\/p>\n\n\n\n<p><strong>d)<\/strong>&nbsp;popular, mas adotando alguns termos arcaicos de origem latina.<\/p>\n\n\n\n<p><strong>e)<\/strong>&nbsp;popular, usando retic\u00eancias e interroga\u00e7\u00f5es como licen\u00e7a po\u00e9tica.<\/p>\n\n\n\n<p><strong>Gabarito: Letra A<\/strong><\/p>\n\n\n\n<div class=\"wp-block-group has-background is-layout-flow wp-block-group-is-layout-flow\" style=\"background-color:#f1f1f1f2\">\n<p><strong><mark style=\"background-color:rgba(0, 0, 0, 0)\" class=\"has-inline-color has-vivid-purple-color\">Coment\u00e1rios:<\/mark><\/strong>  Claramente, podemos eliminar as assertivas que afirmam que a linguagem utilizada \u00e9 uma linguagem popular, pois, o poeta parnasiano, Olavo Bilac, prezou pela est\u00e9tica e m\u00e9trica dos versos, utilizando a norma culta, ou seja, a linguagem formal. Por\u00e9m, a linguagem utilizada por Bilac, apesar de culta ,\u00e9 de compreens\u00e3o acess\u00edvel, eliminando, assim, a letra &#8220;B&#8221;.<\/p>\n<\/div>\n\n\n\n<h3 class=\"wp-block-heading\" id=\"h-gualimp-2020-prefeitura-de-quissama-rj\"><strong> GUALIMP &#8211; 2020 &#8211; Prefeitura de Quissam\u00e3 &#8211; RJ<\/strong><\/h3>\n\n\n\n<p>\u201cE o celular <strong>mudo<\/strong>! Quase <strong>pirei<\/strong>!\u201d. As palavras sublinhadas nessa frase s\u00e3o caracter\u00edsticas da linguagem:<\/p>\n\n\n\n<p>a) Coloquial<br \/>b) Formal<br \/>c) Acad\u00eamica<br \/>d) Publicit\u00e1ria<\/p>\n\n\n\n<p><strong>Gabarito: Letra A<\/strong><\/p>\n\n\n\n<div class=\"wp-block-group has-background is-layout-flow wp-block-group-is-layout-flow\" style=\"background-color:#f1f1f1f2\">\n<p><strong><mark style=\"background-color:rgba(0, 0, 0, 0)\" class=\"has-inline-color has-vivid-purple-color\">Coment\u00e1rios:<\/mark><\/strong> Conforme estudamos, a linguagem informal (ou coloquial) \u00e9 marcada pela utiliza\u00e7\u00e3o de termos informais (g\u00edrias, palavr\u00f5es, regionalismos, coloquialismos etc.) em conversas entre pessoas com certo grau de intimidade ou em situa\u00e7\u00f5es que n\u00e3o exijam formalidade. <\/p>\n<\/div>\n\n\n\n<h2 class=\"wp-block-heading\" id=\"h-como-estudar-lingua-portuguesa-para-concursos\">Como estudar L\u00edngua Portuguesa para concursos?<\/h2>\n\n\n\n<p>Por fim, chegamos ao fim deste artigo. Esperamos que esse pequeno resumo sobre <strong>Linguagem Formal e Informal<\/strong> tenha sido \u00fatil para voc\u00eas.<\/p>\n\n\n\n<p>Contudo, ressaltamos que para que voc\u00eas dominem a banca organizadora \u00e9 de grande import\u00e2ncia que estudem pelas aulas em <a href=\"https:\/\/www.estrategiaconcursos.com.br\/pesquisa\/?q=sistema+quest%C3%B5es\" target=\"_blank\" rel=\"noreferrer noopener\">PDF do Estrat\u00e9gia<\/a> e fa\u00e7am muitas quest\u00f5es atrav\u00e9s do <a href=\"https:\/\/www.estrategiaconcursos.com.br\/cursosPorConcurso\/sistema-de-questoes\/\" target=\"_blank\" rel=\"noreferrer noopener\">Sistema de Quest\u00f5es do Estrat\u00e9gia<\/a> para consolidar o conte\u00fado.<\/p>\n\n\n\n<p>Para ler mais artigos escritos por mim, cliquem <a href=\"https:\/\/www.estrategiaconcursos.com.br\/blog\/author\/renata-araujosodregmail-com\/\" target=\"_blank\" rel=\"noreferrer noopener\">aqui<\/a>.<\/p>\n\n\n\n<p>Um excelente estudo a todos!<\/p>\n\n\n\n<p><strong><a href=\"https:\/\/www.instagram.com\/renataraujosodre\/\" target=\"_blank\" rel=\"noreferrer noopener\">Renata Sodr\u00e9<\/a><\/strong><\/p>\n\n\n\n<h2 class=\"wp-block-heading has-text-align-center\" id=\"cursos-e-assinaturas\">Cursos e Assinaturas<\/h2>\n\n\n\n<p>Prepare-se com o melhor material e com quem mais aprova em Concursos P\u00fablicos em todo o pa\u00eds!<\/p>\n\n\n\n<p class=\"has-text-align-center has-white-color has-text-color has-background\" style=\"background-color:#9b51e070\"><a href=\"https:\/\/www.estrategiaconcursos.com.br\/blog\/concursos-abertos\/\" target=\"_blank\" rel=\"noreferrer noopener\"><strong>Concursos abertos<\/strong><\/a><\/p>\n\n\n\n<p class=\"has-text-align-center has-white-color has-text-color has-background\" style=\"background-color:#9b51e070\"><strong><a href=\"https:\/\/www.estrategiaconcursos.com.br\/blog\/concursos-2025\/\" target=\"_blank\" rel=\"noreferrer noopener\">Concursos 2025<\/a><\/strong><\/p>\n\n\n\n<div class=\"container\" id=\"boxes\">\n  <div class=\"row\">\n    <div class=\"col-sm\">\n      <div class=\"estrategia\" id=\"box-assinatura\">\n        <h3 class=\"titulo-assinatura\">Assinatura de Concursos<\/h3>\n        <p class=\"subtitulo-assinatura\">Assinatura de 1 ano ou 2 anos<\/p>\n        <div class=\"box-botao\">\n          <a class=\"btn-assinatura\" target=\"_blank\" href=\"https:\/\/www.estrategiaconcursos.com.br\/assinaturas\/\" role=\"button\" rel=\"noopener noreferrer\">ASSINE AGORA<\/a>\n        <\/div>\n      <\/div>\n<\/div><\/div><\/div>","protected":false},"excerpt":{"rendered":"<p>Voc\u00ea sabe as principais diferen\u00e7as entre Linguagem Formal e Informal? Aprenda de uma vez por todas neste artigo. A disciplina de L\u00edngua Portuguesa ainda \u00e9 o terror de muitos alunos, principalmente quando se trata de interpreta\u00e7\u00e3o de texto. Alguns candidatos alegam que as bancas organizadoras n\u00e3o jogam as regras do jogo em rela\u00e7\u00e3o \u00e0s quest\u00f5es [&hellip;]<\/p>\n","protected":false},"author":2310,"featured_media":1495650,"comment_status":"open","ping_status":"closed","sticky":false,"template":"","format":"standard","meta":{"post_tipo":"article","footnotes":""},"categories":[1],"tags":[221230,2352,366,221229,221226,221228,221227,15,2368],"tax_estado":[219964,219965,219966,219967,219968,219969,219963,219970,219971,219972,219973,219974,219975,219976,219977,219978,219979,219980,219981,219982,219983,219984,219985,219986,219987,219988,219989,219990],"class_list":["post-1130331","post","type-post","status-publish","format-standard","has-post-thumbnail","hentry","category-cursos-e-concursos","tag-concursos-publicos-2023","tag-interpretacao-de-texto","tag-lingua-portuguesa","tag-linguagem","tag-linguagem-formal","tag-linguagem-formal-e-informal","tag-linguagem-informal","tag-portugues","tag-portugues-para-concursos","tax_estado-ac","tax_estado-al","tax_estado-am","tax_estado-ap","tax_estado-ba","tax_estado-ce","tax_estado-concursos-federais","tax_estado-df","tax_estado-es","tax_estado-go","tax_estado-ma","tax_estado-mg","tax_estado-ms","tax_estado-mt","tax_estado-pa","tax_estado-pb","tax_estado-pe","tax_estado-pi","tax_estado-pr","tax_estado-rj","tax_estado-rn","tax_estado-ro","tax_estado-rr","tax_estado-rs","tax_estado-sc","tax_estado-se","tax_estado-sp","tax_estado-to"],"acf":[],"yoast_head":"<!-- This site is optimized with the Yoast SEO Premium plugin v27.2 (Yoast SEO v27.2) - https:\/\/yoast.com\/product\/yoast-seo-premium-wordpress\/ -->\n<title>Linguagem formal e informal: principais diferen\u00e7as e exemplos<\/title>\n<meta name=\"description\" content=\"Voc\u00ea sabe as principais diferen\u00e7as entre Linguagem Formal e Informal? Veja exemplos e aprenda de uma vez por todas neste artigo sobre o tema\" \/>\n<meta name=\"robots\" content=\"index, follow, max-snippet:-1, max-image-preview:large, max-video-preview:-1\" \/>\n<link rel=\"canonical\" href=\"https:\/\/www.estrategiaconcursos.com.br\/blog\/linguagem-formal-informal\/\" \/>\n<meta property=\"og:locale\" content=\"pt_BR\" \/>\n<meta property=\"og:type\" content=\"article\" \/>\n<meta property=\"og:title\" content=\"Linguagem formal e informal: principais diferen\u00e7as e exemplos\" \/>\n<meta property=\"og:description\" content=\"Voc\u00ea sabe as principais diferen\u00e7as entre Linguagem Formal e Informal? Veja exemplos e aprenda de uma vez por todas neste artigo sobre o tema\" \/>\n<meta property=\"og:url\" content=\"https:\/\/www.estrategiaconcursos.com.br\/blog\/linguagem-formal-informal\/\" \/>\n<meta property=\"og:site_name\" content=\"Estrat\u00e9gia Concursos\" \/>\n<meta property=\"article:published_time\" content=\"2024-11-26T20:31:39+00:00\" \/>\n<meta property=\"article:modified_time\" content=\"2024-11-26T20:31:42+00:00\" \/>\n<meta property=\"og:image\" content=\"https:\/\/dhg1h5j42swfq.cloudfront.net\/2022\/12\/26171235\/linguagem-formal-e-informal-diferencas.jpg\" \/>\n\t<meta property=\"og:image:width\" content=\"1280\" \/>\n\t<meta property=\"og:image:height\" content=\"720\" \/>\n\t<meta property=\"og:image:type\" content=\"image\/jpeg\" \/>\n<meta name=\"author\" content=\"Renata Ara\u00fajo Sodr\u00e9 da Silva\" \/>\n<meta name=\"twitter:card\" content=\"summary_large_image\" \/>\n<meta name=\"twitter:creator\" content=\"@EstratConcursos\" \/>\n<meta name=\"twitter:site\" content=\"@EstratConcursos\" \/>\n<meta name=\"twitter:label1\" content=\"Escrito por\" \/>\n\t<meta name=\"twitter:data1\" content=\"Renata Ara\u00fajo Sodr\u00e9 da Silva\" \/>\n\t<meta name=\"twitter:label2\" content=\"Est. tempo de leitura\" \/>\n\t<meta name=\"twitter:data2\" content=\"7 minutos\" \/>\n<script type=\"application\/ld+json\" class=\"yoast-schema-graph\">{\"@context\":\"https:\/\/schema.org\",\"@graph\":[{\"@type\":\"NewsArticle\",\"@id\":\"https:\/\/www.estrategiaconcursos.com.br\/blog\/linguagem-formal-informal\/#article\",\"isPartOf\":{\"@id\":\"https:\/\/www.estrategiaconcursos.com.br\/blog\/linguagem-formal-informal\/\"},\"author\":{\"name\":\"Renata Ara\u00fajo Sodr\u00e9 da Silva\",\"@id\":\"https:\/\/www.estrategiaconcursos.com.br\/blog\/#\/schema\/person\/a929d42d707cf35b05df2e2219927433\"},\"headline\":\"Linguagem formal e informal: principais diferen\u00e7as e exemplos\",\"datePublished\":\"2024-11-26T20:31:39+00:00\",\"dateModified\":\"2024-11-26T20:31:42+00:00\",\"mainEntityOfPage\":{\"@id\":\"https:\/\/www.estrategiaconcursos.com.br\/blog\/linguagem-formal-informal\/\"},\"wordCount\":1418,\"commentCount\":0,\"publisher\":{\"@id\":\"https:\/\/www.estrategiaconcursos.com.br\/blog\/#organization\"},\"image\":{\"@id\":\"https:\/\/www.estrategiaconcursos.com.br\/blog\/linguagem-formal-informal\/#primaryimage\"},\"thumbnailUrl\":\"https:\/\/dhg1h5j42swfq.cloudfront.net\/2022\/12\/26171235\/linguagem-formal-e-informal-diferencas.jpg\",\"keywords\":[\"Concursos P\u00fablicos 2023\",\"INTERPRETA\u00c7\u00c3O DE TEXTO\",\"L\u00edngua Portuguesa\",\"Linguagem\",\"Linguagem Formal\",\"Linguagem Formal e Informal\",\"Linguagem Informal\",\"Portugu\u00eas\",\"PORTUGU\u00caS PARA CONCURSOS\"],\"articleSection\":[\"Concursos P\u00fablicos\"],\"inLanguage\":\"pt-BR\",\"potentialAction\":[{\"@type\":\"CommentAction\",\"name\":\"Comment\",\"target\":[\"https:\/\/www.estrategiaconcursos.com.br\/blog\/linguagem-formal-informal\/#respond\"]}],\"copyrightYear\":\"2024\",\"copyrightHolder\":{\"@id\":\"https:\/\/www.estrategiaconcursos.com.br\/blog\/#organization\"}},{\"@type\":\"WebPage\",\"@id\":\"https:\/\/www.estrategiaconcursos.com.br\/blog\/linguagem-formal-informal\/\",\"url\":\"https:\/\/www.estrategiaconcursos.com.br\/blog\/linguagem-formal-informal\/\",\"name\":\"Linguagem formal e informal: principais diferen\u00e7as e exemplos\",\"isPartOf\":{\"@id\":\"https:\/\/www.estrategiaconcursos.com.br\/blog\/#website\"},\"primaryImageOfPage\":{\"@id\":\"https:\/\/www.estrategiaconcursos.com.br\/blog\/linguagem-formal-informal\/#primaryimage\"},\"image\":{\"@id\":\"https:\/\/www.estrategiaconcursos.com.br\/blog\/linguagem-formal-informal\/#primaryimage\"},\"thumbnailUrl\":\"https:\/\/dhg1h5j42swfq.cloudfront.net\/2022\/12\/26171235\/linguagem-formal-e-informal-diferencas.jpg\",\"datePublished\":\"2024-11-26T20:31:39+00:00\",\"dateModified\":\"2024-11-26T20:31:42+00:00\",\"description\":\"Voc\u00ea sabe as principais diferen\u00e7as entre Linguagem Formal e Informal? Veja exemplos e aprenda de uma vez por todas neste artigo sobre o tema\",\"breadcrumb\":{\"@id\":\"https:\/\/www.estrategiaconcursos.com.br\/blog\/linguagem-formal-informal\/#breadcrumb\"},\"inLanguage\":\"pt-BR\",\"potentialAction\":[{\"@type\":\"ReadAction\",\"target\":[\"https:\/\/www.estrategiaconcursos.com.br\/blog\/linguagem-formal-informal\/\"]}]},{\"@type\":\"ImageObject\",\"inLanguage\":\"pt-BR\",\"@id\":\"https:\/\/www.estrategiaconcursos.com.br\/blog\/linguagem-formal-informal\/#primaryimage\",\"url\":\"https:\/\/dhg1h5j42swfq.cloudfront.net\/2022\/12\/26171235\/linguagem-formal-e-informal-diferencas.jpg\",\"contentUrl\":\"https:\/\/dhg1h5j42swfq.cloudfront.net\/2022\/12\/26171235\/linguagem-formal-e-informal-diferencas.jpg\",\"width\":1280,\"height\":720,\"caption\":\"asson\u00e2ncia\"},{\"@type\":\"BreadcrumbList\",\"@id\":\"https:\/\/www.estrategiaconcursos.com.br\/blog\/linguagem-formal-informal\/#breadcrumb\",\"itemListElement\":[{\"@type\":\"ListItem\",\"position\":1,\"name\":\"In\u00edcio\",\"item\":\"https:\/\/www.estrategiaconcursos.com.br\/blog\/\"},{\"@type\":\"ListItem\",\"position\":2,\"name\":\"Linguagem formal e informal: principais diferen\u00e7as e exemplos\"}]},{\"@type\":\"WebSite\",\"@id\":\"https:\/\/www.estrategiaconcursos.com.br\/blog\/#website\",\"url\":\"https:\/\/www.estrategiaconcursos.com.br\/blog\/\",\"name\":\"Estrat\u00e9gia Concursos\",\"description\":\"O blog da Estrat\u00e9gia Concursos traz not\u00edcias sobre concursos e artigos de professores oferecendo cursos para concursos (pdf + videaulas) no site.\",\"publisher\":{\"@id\":\"https:\/\/www.estrategiaconcursos.com.br\/blog\/#organization\"},\"potentialAction\":[{\"@type\":\"SearchAction\",\"target\":{\"@type\":\"EntryPoint\",\"urlTemplate\":\"https:\/\/www.estrategiaconcursos.com.br\/blog\/?s={search_term_string}\"},\"query-input\":{\"@type\":\"PropertyValueSpecification\",\"valueRequired\":true,\"valueName\":\"search_term_string\"}}],\"inLanguage\":\"pt-BR\"},{\"@type\":\"Organization\",\"@id\":\"https:\/\/www.estrategiaconcursos.com.br\/blog\/#organization\",\"name\":\"Estrat\u00e9gia Concursos\",\"url\":\"https:\/\/www.estrategiaconcursos.com.br\/blog\/\",\"logo\":{\"@type\":\"ImageObject\",\"inLanguage\":\"pt-BR\",\"@id\":\"https:\/\/www.estrategiaconcursos.com.br\/blog\/#\/schema\/logo\/image\/\",\"url\":\"https:\/\/dhg1h5j42swfq.cloudfront.net\/2025\/06\/03203428\/logo_concursos-1.jpg\",\"contentUrl\":\"https:\/\/dhg1h5j42swfq.cloudfront.net\/2025\/06\/03203428\/logo_concursos-1.jpg\",\"width\":230,\"height\":60,\"caption\":\"Estrat\u00e9gia Concursos\"},\"image\":{\"@id\":\"https:\/\/www.estrategiaconcursos.com.br\/blog\/#\/schema\/logo\/image\/\"},\"sameAs\":[\"https:\/\/x.com\/EstratConcursos\"]},{\"@type\":\"Person\",\"@id\":\"https:\/\/www.estrategiaconcursos.com.br\/blog\/#\/schema\/person\/a929d42d707cf35b05df2e2219927433\",\"name\":\"Renata Ara\u00fajo Sodr\u00e9 da Silva\",\"image\":{\"@type\":\"ImageObject\",\"inLanguage\":\"pt-BR\",\"@id\":\"https:\/\/secure.gravatar.com\/avatar\/ca9182e3bf6658feab2bdbe93f36f56f9771baa281700b03ec5836dcf5c88918?s=96&d=mm&r=g\",\"url\":\"https:\/\/secure.gravatar.com\/avatar\/ca9182e3bf6658feab2bdbe93f36f56f9771baa281700b03ec5836dcf5c88918?s=96&d=mm&r=g\",\"contentUrl\":\"https:\/\/secure.gravatar.com\/avatar\/ca9182e3bf6658feab2bdbe93f36f56f9771baa281700b03ec5836dcf5c88918?s=96&d=mm&r=g\",\"caption\":\"Renata Ara\u00fajo Sodr\u00e9 da Silva\"},\"url\":\"https:\/\/www.estrategiaconcursos.com.br\/blog\/author\/renata-araujosodregmail-com\/\"}]}<\/script>\n<!-- \/ Yoast SEO Premium plugin. -->","yoast_head_json":{"title":"Linguagem formal e informal: principais diferen\u00e7as e exemplos","description":"Voc\u00ea sabe as principais diferen\u00e7as entre Linguagem Formal e Informal? Veja exemplos e aprenda de uma vez por todas neste artigo sobre o tema","robots":{"index":"index","follow":"follow","max-snippet":"max-snippet:-1","max-image-preview":"max-image-preview:large","max-video-preview":"max-video-preview:-1"},"canonical":"https:\/\/www.estrategiaconcursos.com.br\/blog\/linguagem-formal-informal\/","og_locale":"pt_BR","og_type":"article","og_title":"Linguagem formal e informal: principais diferen\u00e7as e exemplos","og_description":"Voc\u00ea sabe as principais diferen\u00e7as entre Linguagem Formal e Informal? Veja exemplos e aprenda de uma vez por todas neste artigo sobre o tema","og_url":"https:\/\/www.estrategiaconcursos.com.br\/blog\/linguagem-formal-informal\/","og_site_name":"Estrat\u00e9gia Concursos","article_published_time":"2024-11-26T20:31:39+00:00","article_modified_time":"2024-11-26T20:31:42+00:00","og_image":[{"width":1280,"height":720,"url":"https:\/\/dhg1h5j42swfq.cloudfront.net\/2022\/12\/26171235\/linguagem-formal-e-informal-diferencas.jpg","type":"image\/jpeg"}],"author":"Renata Ara\u00fajo Sodr\u00e9 da Silva","twitter_card":"summary_large_image","twitter_creator":"@EstratConcursos","twitter_site":"@EstratConcursos","twitter_misc":{"Escrito por":"Renata Ara\u00fajo Sodr\u00e9 da Silva","Est. tempo de leitura":"7 minutos"},"schema":{"@context":"https:\/\/schema.org","@graph":[{"@type":"NewsArticle","@id":"https:\/\/www.estrategiaconcursos.com.br\/blog\/linguagem-formal-informal\/#article","isPartOf":{"@id":"https:\/\/www.estrategiaconcursos.com.br\/blog\/linguagem-formal-informal\/"},"author":{"name":"Renata Ara\u00fajo Sodr\u00e9 da Silva","@id":"https:\/\/www.estrategiaconcursos.com.br\/blog\/#\/schema\/person\/a929d42d707cf35b05df2e2219927433"},"headline":"Linguagem formal e informal: principais diferen\u00e7as e exemplos","datePublished":"2024-11-26T20:31:39+00:00","dateModified":"2024-11-26T20:31:42+00:00","mainEntityOfPage":{"@id":"https:\/\/www.estrategiaconcursos.com.br\/blog\/linguagem-formal-informal\/"},"wordCount":1418,"commentCount":0,"publisher":{"@id":"https:\/\/www.estrategiaconcursos.com.br\/blog\/#organization"},"image":{"@id":"https:\/\/www.estrategiaconcursos.com.br\/blog\/linguagem-formal-informal\/#primaryimage"},"thumbnailUrl":"https:\/\/dhg1h5j42swfq.cloudfront.net\/2022\/12\/26171235\/linguagem-formal-e-informal-diferencas.jpg","keywords":["Concursos P\u00fablicos 2023","INTERPRETA\u00c7\u00c3O DE TEXTO","L\u00edngua Portuguesa","Linguagem","Linguagem Formal","Linguagem Formal e Informal","Linguagem Informal","Portugu\u00eas","PORTUGU\u00caS PARA CONCURSOS"],"articleSection":["Concursos P\u00fablicos"],"inLanguage":"pt-BR","potentialAction":[{"@type":"CommentAction","name":"Comment","target":["https:\/\/www.estrategiaconcursos.com.br\/blog\/linguagem-formal-informal\/#respond"]}],"copyrightYear":"2024","copyrightHolder":{"@id":"https:\/\/www.estrategiaconcursos.com.br\/blog\/#organization"}},{"@type":"WebPage","@id":"https:\/\/www.estrategiaconcursos.com.br\/blog\/linguagem-formal-informal\/","url":"https:\/\/www.estrategiaconcursos.com.br\/blog\/linguagem-formal-informal\/","name":"Linguagem formal e informal: principais diferen\u00e7as e exemplos","isPartOf":{"@id":"https:\/\/www.estrategiaconcursos.com.br\/blog\/#website"},"primaryImageOfPage":{"@id":"https:\/\/www.estrategiaconcursos.com.br\/blog\/linguagem-formal-informal\/#primaryimage"},"image":{"@id":"https:\/\/www.estrategiaconcursos.com.br\/blog\/linguagem-formal-informal\/#primaryimage"},"thumbnailUrl":"https:\/\/dhg1h5j42swfq.cloudfront.net\/2022\/12\/26171235\/linguagem-formal-e-informal-diferencas.jpg","datePublished":"2024-11-26T20:31:39+00:00","dateModified":"2024-11-26T20:31:42+00:00","description":"Voc\u00ea sabe as principais diferen\u00e7as entre Linguagem Formal e Informal? Veja exemplos e aprenda de uma vez por todas neste artigo sobre o tema","breadcrumb":{"@id":"https:\/\/www.estrategiaconcursos.com.br\/blog\/linguagem-formal-informal\/#breadcrumb"},"inLanguage":"pt-BR","potentialAction":[{"@type":"ReadAction","target":["https:\/\/www.estrategiaconcursos.com.br\/blog\/linguagem-formal-informal\/"]}]},{"@type":"ImageObject","inLanguage":"pt-BR","@id":"https:\/\/www.estrategiaconcursos.com.br\/blog\/linguagem-formal-informal\/#primaryimage","url":"https:\/\/dhg1h5j42swfq.cloudfront.net\/2022\/12\/26171235\/linguagem-formal-e-informal-diferencas.jpg","contentUrl":"https:\/\/dhg1h5j42swfq.cloudfront.net\/2022\/12\/26171235\/linguagem-formal-e-informal-diferencas.jpg","width":1280,"height":720,"caption":"asson\u00e2ncia"},{"@type":"BreadcrumbList","@id":"https:\/\/www.estrategiaconcursos.com.br\/blog\/linguagem-formal-informal\/#breadcrumb","itemListElement":[{"@type":"ListItem","position":1,"name":"In\u00edcio","item":"https:\/\/www.estrategiaconcursos.com.br\/blog\/"},{"@type":"ListItem","position":2,"name":"Linguagem formal e informal: principais diferen\u00e7as e exemplos"}]},{"@type":"WebSite","@id":"https:\/\/www.estrategiaconcursos.com.br\/blog\/#website","url":"https:\/\/www.estrategiaconcursos.com.br\/blog\/","name":"Estrat\u00e9gia Concursos","description":"O blog da Estrat\u00e9gia Concursos traz not\u00edcias sobre concursos e artigos de professores oferecendo cursos para concursos (pdf + videaulas) no site.","publisher":{"@id":"https:\/\/www.estrategiaconcursos.com.br\/blog\/#organization"},"potentialAction":[{"@type":"SearchAction","target":{"@type":"EntryPoint","urlTemplate":"https:\/\/www.estrategiaconcursos.com.br\/blog\/?s={search_term_string}"},"query-input":{"@type":"PropertyValueSpecification","valueRequired":true,"valueName":"search_term_string"}}],"inLanguage":"pt-BR"},{"@type":"Organization","@id":"https:\/\/www.estrategiaconcursos.com.br\/blog\/#organization","name":"Estrat\u00e9gia Concursos","url":"https:\/\/www.estrategiaconcursos.com.br\/blog\/","logo":{"@type":"ImageObject","inLanguage":"pt-BR","@id":"https:\/\/www.estrategiaconcursos.com.br\/blog\/#\/schema\/logo\/image\/","url":"https:\/\/dhg1h5j42swfq.cloudfront.net\/2025\/06\/03203428\/logo_concursos-1.jpg","contentUrl":"https:\/\/dhg1h5j42swfq.cloudfront.net\/2025\/06\/03203428\/logo_concursos-1.jpg","width":230,"height":60,"caption":"Estrat\u00e9gia Concursos"},"image":{"@id":"https:\/\/www.estrategiaconcursos.com.br\/blog\/#\/schema\/logo\/image\/"},"sameAs":["https:\/\/x.com\/EstratConcursos"]},{"@type":"Person","@id":"https:\/\/www.estrategiaconcursos.com.br\/blog\/#\/schema\/person\/a929d42d707cf35b05df2e2219927433","name":"Renata Ara\u00fajo Sodr\u00e9 da Silva","image":{"@type":"ImageObject","inLanguage":"pt-BR","@id":"https:\/\/secure.gravatar.com\/avatar\/ca9182e3bf6658feab2bdbe93f36f56f9771baa281700b03ec5836dcf5c88918?s=96&d=mm&r=g","url":"https:\/\/secure.gravatar.com\/avatar\/ca9182e3bf6658feab2bdbe93f36f56f9771baa281700b03ec5836dcf5c88918?s=96&d=mm&r=g","contentUrl":"https:\/\/secure.gravatar.com\/avatar\/ca9182e3bf6658feab2bdbe93f36f56f9771baa281700b03ec5836dcf5c88918?s=96&d=mm&r=g","caption":"Renata Ara\u00fajo Sodr\u00e9 da Silva"},"url":"https:\/\/www.estrategiaconcursos.com.br\/blog\/author\/renata-araujosodregmail-com\/"}]}},"_links":{"self":[{"href":"https:\/\/www.estrategiaconcursos.com.br\/blog\/wp-json\/wp\/v2\/posts\/1130331","targetHints":{"allow":["GET"]}}],"collection":[{"href":"https:\/\/www.estrategiaconcursos.com.br\/blog\/wp-json\/wp\/v2\/posts"}],"about":[{"href":"https:\/\/www.estrategiaconcursos.com.br\/blog\/wp-json\/wp\/v2\/types\/post"}],"author":[{"embeddable":true,"href":"https:\/\/www.estrategiaconcursos.com.br\/blog\/wp-json\/wp\/v2\/users\/2310"}],"replies":[{"embeddable":true,"href":"https:\/\/www.estrategiaconcursos.com.br\/blog\/wp-json\/wp\/v2\/comments?post=1130331"}],"version-history":[{"count":22,"href":"https:\/\/www.estrategiaconcursos.com.br\/blog\/wp-json\/wp\/v2\/posts\/1130331\/revisions"}],"predecessor-version":[{"id":1495662,"href":"https:\/\/www.estrategiaconcursos.com.br\/blog\/wp-json\/wp\/v2\/posts\/1130331\/revisions\/1495662"}],"wp:featuredmedia":[{"embeddable":true,"href":"https:\/\/www.estrategiaconcursos.com.br\/blog\/wp-json\/wp\/v2\/media\/1495650"}],"wp:attachment":[{"href":"https:\/\/www.estrategiaconcursos.com.br\/blog\/wp-json\/wp\/v2\/media?parent=1130331"}],"wp:term":[{"taxonomy":"category","embeddable":true,"href":"https:\/\/www.estrategiaconcursos.com.br\/blog\/wp-json\/wp\/v2\/categories?post=1130331"},{"taxonomy":"post_tag","embeddable":true,"href":"https:\/\/www.estrategiaconcursos.com.br\/blog\/wp-json\/wp\/v2\/tags?post=1130331"},{"taxonomy":"tax_estado","embeddable":true,"href":"https:\/\/www.estrategiaconcursos.com.br\/blog\/wp-json\/wp\/v2\/tax_estado?post=1130331"}],"curies":[{"name":"wp","href":"https:\/\/api.w.org\/{rel}","templated":true}]}}