{"id":1130072,"date":"2022-11-27T19:01:59","date_gmt":"2022-11-27T22:01:59","guid":{"rendered":"https:\/\/www.estrategiaconcursos.com.br\/blog\/?p=1130072"},"modified":"2022-11-27T21:54:28","modified_gmt":"2022-11-28T00:54:28","slug":"gabarito-extraoficial-trt-pb-tecnico-area-administrativa","status":"publish","type":"post","link":"https:\/\/www.estrategiaconcursos.com.br\/blog\/gabarito-extraoficial-trt-pb-tecnico-area-administrativa\/","title":{"rendered":"Gabarito extraoficial TRT PB: t\u00e9cnico judici\u00e1rio"},"content":{"rendered":"\n<p>As provas objetivas do concurso do <a href=\"https:\/\/www.estrategiaconcursos.com.br\/cursosPorConcurso\/trt-paraiba-13-regiao-272\/\" target=\"_blank\" rel=\"noreferrer noopener\">Tribunal Regional do Trabalho da Para\u00edba<\/a> (<strong>TRT PB<\/strong>) foram aplicadas neste domingo (27\/11) e neste artigo voc\u00ea poder\u00e1 conferir o <strong>gabarito extraoficial<\/strong> para o cargo de <strong>t\u00e9cnico judici\u00e1rio &#8211; \u00e1rea administrativa<\/strong>.<\/p>\n\n\n\n<p>A corre\u00e7\u00e3o extraoficial estar\u00e1 dispon\u00edvel em v\u00eddeo (atrav\u00e9s do link abaixo) e tamb\u00e9m em texto, a partir da transcri\u00e7\u00e3o do enunciado das quest\u00f5es.<\/p>\n\n\n\n<p>Veja a corre\u00e7\u00e3o dos especialistas do Estrat\u00e9gia Concursos e tenha uma melhor no\u00e7\u00e3o do seu desempenho na prova!<\/p>\n\n\n\n<h2 class=\"has-text-align-center has-pale-cyan-blue-background-color has-background wp-block-heading\" id=\"h-concurso-trt-pb-gabarito-extraoficial-em-video\">Concurso TRT PB: gabarito extraoficial em v\u00eddeo <\/h2>\n\n\n<figure class=\"wp-block-embed-youtube wp-block-embed is-type-video is-provider-youtube wp-embed-aspect-16-9 wp-has-aspect-ratio\"><div class=\"lyte-wrapper\" style=\"width:853px;max-width:100%;margin:5px;\"><div class=\"lyMe\" id=\"WYL_ffmxMZ-lUd4\"><div id=\"lyte_ffmxMZ-lUd4\" data-src=\"\/\/i.ytimg.com\/vi\/ffmxMZ-lUd4\/hqdefault.jpg\" class=\"pL\"><div class=\"tC\"><div class=\"tT\"><\/div><\/div><div class=\"play\"><\/div><div class=\"ctrl\"><div class=\"Lctrl\"><\/div><div class=\"Rctrl\"><\/div><\/div><\/div><noscript><a href=\"https:\/\/youtu.be\/ffmxMZ-lUd4\" rel=\"nofollow\"><img loading=\"lazy\" decoding=\"async\" src=\"https:\/\/i.ytimg.com\/vi\/ffmxMZ-lUd4\/0.jpg\" alt=\"YouTube video thumbnail\" width=\"853\" height=\"460\" \/><br \/>Assista a este v\u00eddeo no YouTube<\/a><\/noscript><\/div><\/div><div class=\"lL\" style=\"max-width:100%;width:853px;margin:5px;\"><\/div><figcaption>Gabarito extraoficial TRT PB<\/figcaption><\/figure>\n\n\n<h2 class=\"has-text-align-center has-pale-cyan-blue-background-color has-background wp-block-heading\">Concurso TRT PB: gabarito extraoficial em texto<\/h2>\n\n\n\n<p>Como h\u00e1 v\u00e1rios tipos de provas, voc\u00ea pode conferir o in\u00edcio da quest\u00e3o do<strong> gabarito extraoficial TRT PB &#8211; <\/strong>T\u00e9cnico judici\u00e1rio \u00e1rea administrativa:<\/p>\n\n\n\n<h3 class=\"has-luminous-vivid-amber-background-color has-background wp-block-heading\">Gabarito extraoficial TRT PB: l\u00edngua portuguesa<\/h3>\n\n\n\n<ul class=\"wp-block-list\"><li>Assinale a frase argumentativa que melhor&#8230;<\/li><li><strong>Gabarito: <\/strong>B<\/li><\/ul>\n\n\n\n<ul class=\"wp-block-list\"><li>Nas frases abaixo, houve a substitui\u00e7\u00e3o do adv\u00e9rbio &#8220;houve&#8221;&#8230;<\/li><li><strong>Gabarito: <\/strong>B<\/li><\/ul>\n\n\n\n<ul class=\"wp-block-list\"><li>Assinale a alterativa que indica uma caracter\u00edstica&#8230;<\/li><li><strong>Gabarito: <\/strong>D<\/li><\/ul>\n\n\n\n<ul class=\"wp-block-list\"><li>Assinale a frase abaixo cujo o voc\u00e1bulo&#8230;<\/li><li><strong>Gabarito: <\/strong>C<\/li><\/ul>\n\n\n\n<ul class=\"wp-block-list\"><li>Assinale o exemplo de linguagem figurada&#8230;<\/li><li><strong>Gabarito:<\/strong> E<\/li><\/ul>\n\n\n\n<ul class=\"wp-block-list\"><li>Observe a seguinte afirma\u00e7\u00e3o: &#8220;Em fun\u00e7\u00e3o&#8230;&#8221;<\/li><li><strong>Gabarito:<\/strong> A<\/li><\/ul>\n\n\n\n<ul class=\"wp-block-list\"><li>Em todas as frases abaixo ocorre a presen\u00e7a de&#8230;<\/li><li><strong>Gabarito:<\/strong> B<\/li><\/ul>\n\n\n\n<ul class=\"wp-block-list\"><li>Em todas as frases abaixo ocorre o voc\u00e1bulo &#8220;tamb\u00e9m&#8221;&#8230;<\/li><li><strong>Gabarito:<\/strong> D<\/li><\/ul>\n\n\n\n<ul class=\"wp-block-list\"><li>Assinale a frase verbal abaixo que foi nominalizada&#8230;<\/li><li><strong>Gabarito:<\/strong> E<\/li><\/ul>\n\n\n\n<ul class=\"wp-block-list\"><li>Assinale a frase abaixo em que uma ora\u00e7\u00e3o desenvolvida&#8230;<\/li><li><strong>Gabarito: <\/strong> C<\/li><\/ul>\n\n\n\n<h3 class=\"has-pale-pink-background-color has-background wp-block-heading\">Gabarito extraoficial TRT PB: racioc\u00ednio l\u00f3gico matem\u00e1tico<\/h3>\n\n\n\n<ul class=\"wp-block-list\"><li>Tr\u00eas amigos, A, B e C&#8230;<\/li><li><strong>Gabarito:<\/strong> A<\/li><\/ul>\n\n\n\n<ul class=\"wp-block-list\"><li>Carlos e Alberto est\u00e3o em uma fila&#8230;<\/li><li><strong>Gabarito: <\/strong>B<\/li><\/ul>\n\n\n\n<ul class=\"wp-block-list\"><li>Considere as fra\u00e7\u00f5es&#8230;<\/li><li><strong>Gabarito: <\/strong>E<\/li><\/ul>\n\n\n\n<ul class=\"wp-block-list\"><li>Em certa cidade, os t\u00e1xis cobram&#8230;<\/li><li><strong>Gabarito:<\/strong> C<\/li><\/ul>\n\n\n\n<ul class=\"wp-block-list\"><li>Laura coleciona figurinhas&#8230;<\/li><li><strong>Gabarito:<\/strong> B<\/li><\/ul>\n\n\n\n<ul class=\"wp-block-list\"><li>Em uma reuni\u00e3o de condom\u00ednio&#8230;<\/li><li><strong>Gabarito:<\/strong> E<\/li><\/ul>\n\n\n\n<ul class=\"wp-block-list\"><li>As notas da prova de um curso&#8230;<\/li><li><strong>Gabarito:<\/strong> C<\/li><\/ul>\n\n\n\n<ul class=\"wp-block-list\"><li>O valor da express\u00e3o&#8230;<\/li><li><strong>Gabarito:<\/strong> B<\/li><\/ul>\n\n\n\n<ul class=\"wp-block-list\"><li>Dois barbeiros barbeiam 6 homens&#8230;<\/li><li><strong>Gabarito: <\/strong>D<\/li><\/ul>\n\n\n\n<ul class=\"wp-block-list\"><li>Zuleide pagou uma conta atrasada&#8230;<\/li><li><strong>Gabarito:<\/strong> A<\/li><\/ul>\n\n\n\n<h3 class=\"has-pale-cyan-blue-background-color has-background wp-block-heading\">Gabarito extraoficial TRT PB: atualidades<\/h3>\n\n\n\n<ul class=\"wp-block-list\"><li>Nas elei\u00e7\u00f5es deste ano&#8230;<\/li><li><strong>Gabarito:<\/strong> E<\/li><\/ul>\n\n\n\n<ul class=\"wp-block-list\"><li>A COP-27 realizou-se neste m\u00eas&#8230;<\/li><li><strong>Gabarito:<\/strong> A<\/li><\/ul>\n\n\n\n<ul class=\"wp-block-list\"><li>O MAPP foi projetado pelo famoso&#8230;<\/li><li><strong>Gabarito:<\/strong> C<\/li><\/ul>\n\n\n\n<ul class=\"wp-block-list\"><li>Atualmente, s\u00e3o muitas plataformas populares de streaming&#8230;<\/li><li><strong>Gabarito:<\/strong> D<\/li><\/ul>\n\n\n\n<ul class=\"wp-block-list\"><li>A Copa do Mundo de futebol&#8230;<\/li><li><strong>Gabarito:<\/strong> B<\/li><\/ul>\n\n\n\n<h3 class=\"has-cyan-bluish-gray-background-color has-background wp-block-heading\">Gabarito extraoficial TRT PB: legisla\u00e7\u00e3o b\u00e1sica<\/h3>\n\n\n\n<ul class=\"wp-block-list\"><li>Ap\u00f3s amplos estudos&#8230;<\/li><li><strong>Gabarito: <\/strong>E<\/li><\/ul>\n\n\n\n<ul class=\"wp-block-list\"><li>Pedro, servidor p\u00fablico federal ocupante&#8230;<\/li><li><strong>Gabarito:<\/strong> A<\/li><\/ul>\n\n\n\n<ul class=\"wp-block-list\"><li>Ana, servidora p\u00fablica federal&#8230;<\/li><li><strong>Gabarito: <\/strong>D<\/li><\/ul>\n\n\n\n<ul class=\"wp-block-list\"><li>A sociedade de economia mista, Alfa&#8230;<\/li><li><strong>Gabarito:<\/strong> A<\/li><\/ul>\n\n\n\n<ul class=\"wp-block-list\"><li>Jo\u00e3o, muito ativo nas redes sociais&#8230;<\/li><li><strong>Gabarito:<\/strong> B<\/li><\/ul>\n\n\n\n<ul class=\"wp-block-list\"><li>Considere que um jornalista, de um renomado jornal&#8230;<\/li><li><strong>Gabarito: <\/strong>B<\/li><\/ul>\n\n\n\n<ul class=\"wp-block-list\"><li>Ao utilizar o Ciclo PDCA em um \u00f3rg\u00e3o&#8230;<\/li><li><strong>Gabarito:<\/strong> A<\/li><\/ul>\n\n\n\n<ul class=\"wp-block-list\"><li>Adebaldo, ap\u00f3s ser eleito prefeito&#8230;<\/li><li><strong>Gabarito: <\/strong>B<\/li><\/ul>\n\n\n\n<ul class=\"wp-block-list\"><li>Caso um gestor queira aplicar a gest\u00e3o de processo&#8230;<\/li><li><strong>Gabarito:<\/strong> C<\/li><\/ul>\n\n\n\n<ul class=\"wp-block-list\"><li>As teorias motivacionais&#8230;<\/li><li><strong>Gabarito:<\/strong> E<\/li><\/ul>\n\n\n\n<ul class=\"wp-block-list\"><li>Suponha que um escrit\u00f3rio de advocacia&#8230;<\/li><li><strong>Gabarito:<\/strong> B<\/li><\/ul>\n\n\n\n<ul class=\"wp-block-list\"><li>A gest\u00e3o \u00e1gil de projetos&#8230;<\/li><li><strong>Gabarito:<\/strong> D<\/li><\/ul>\n\n\n\n<ul class=\"wp-block-list\"><li>Com base no que disp\u00f5e a Constitui\u00e7\u00e3o Federal&#8230;<\/li><li><strong>Gabarito:<\/strong> E<\/li><\/ul>\n\n\n\n<ul class=\"wp-block-list\"><li>Jo\u00e3o, ocupante de cargo de provimento efetivo&#8230;<\/li><li><strong>Gabarito: <\/strong>E<\/li><\/ul>\n\n\n\n<ul class=\"wp-block-list\"><li>O presidente da Rep\u00fablica de modo direto&#8230;<\/li><li><strong>Gabarito:<\/strong> B<\/li><\/ul>\n\n\n\n<ul class=\"wp-block-list\"><li>Nos termos do Art. 5\u00ba, IV, da Constitui\u00e7\u00e3o da Rep\u00fablica&#8230;<\/li><li><strong>Gabarito:<\/strong> B<\/li><\/ul>\n\n\n\n<ul class=\"wp-block-list\"><li>Ana, cidad\u00e3 politicamente engajada&#8230;<\/li><li><strong>Gabarito:<\/strong> E<\/li><\/ul>\n\n\n\n<ul class=\"wp-block-list\"><li>Jo\u00e3o, jovem de 18 anos&#8230;<\/li><li><strong>Gabarito:<\/strong> A<\/li><\/ul>\n\n\n\n<ul class=\"wp-block-list\"><li>Maria, jovem estudante de Direito&#8230;<\/li><li><strong>Gabarito:<\/strong> D<\/li><\/ul>\n\n\n\n<ul class=\"wp-block-list\"><li>Pedro, ao debater com um colega&#8230;<\/li><li><strong>Gabarito:<\/strong> A<\/li><\/ul>\n\n\n\n<ul class=\"wp-block-list\"><li>Com o objetivo de reduzir a despesa&#8230;<\/li><li><strong>Gabarito:<\/strong> C<\/li><\/ul>\n\n\n\n<ul class=\"wp-block-list\"><li>De acordo com a doutrina&#8230;<\/li><li><strong>Gabarito:<\/strong> A<\/li><\/ul>\n\n\n\n<ul class=\"wp-block-list\"><li>Cl\u00e1udio, ocupante do cargo&#8230;<\/li><li><strong>Gabarito:<\/strong> E<\/li><\/ul>\n\n\n\n<ul class=\"wp-block-list\"><li>Cl\u00e1udia, servidora p\u00fablica efetiva&#8230;<\/li><li><strong>Gabarito:<\/strong> B<\/li><\/ul>\n\n\n\n<ul class=\"wp-block-list\"><li>Jo\u00e3o, servidor p\u00fablico est\u00e1vel&#8230;<\/li><li><strong>Gabarito:<\/strong> D<\/li><\/ul>\n\n\n\n<ul class=\"wp-block-list\"><li>O presidente do Tribunal Regional do Trabalho da Y Regi\u00e3o&#8230;<\/li><li><strong>Gabarito:<\/strong> B<\/li><\/ul>\n\n\n\n<ul class=\"wp-block-list\"><li>No segundo semestre de 2022&#8230;<\/li><li><strong>Gabarito:<\/strong> A<\/li><\/ul>\n\n\n\n<ul class=\"wp-block-list\"><li>M\u00e1rcia, servidora p\u00fablica ocupante do cargo&#8230;<\/li><li><strong>Gabarito:<\/strong> E<\/li><\/ul>\n\n\n\n<ul class=\"wp-block-list\"><li>Maria, servidora p\u00fablica ocupante do cargo&#8230;<\/li><li><strong>Gabarito:<\/strong> B<\/li><\/ul>\n\n\n\n<ul class=\"wp-block-list\"><li>Clotilde trabalha numa f\u00e1brica localizada&#8230;<\/li><li><strong>Gabarito:<\/strong> B<\/li><\/ul>\n\n\n\n<ul class=\"wp-block-list\"><li>Ana Paula \u00e9 empregada dom\u00e9stica&#8230;<\/li><li><strong>Gabarito:<\/strong> E<\/li><\/ul>\n\n\n\n<ul class=\"wp-block-list\"><li>Fernando trabalha numa ind\u00fastria&#8230;<\/li><li><strong>Gabarito:<\/strong> A<\/li><\/ul>\n\n\n\n<ul class=\"wp-block-list\"><li>Gl\u00f3ria contratada em 2021&#8230;<\/li><li><strong>Gabarito:<\/strong> A<\/li><\/ul>\n\n\n\n<ul class=\"wp-block-list\"><li>O advogado Pedro ajuizou, em casa&#8230;<\/li><li><strong>Gabarito:<\/strong> E<\/li><\/ul>\n\n\n\n<ul class=\"wp-block-list\"><li>Vanessa trabalha como mec\u00e2nica numa oficina&#8230;<\/li><li><strong>Gabarito:<\/strong> B<\/li><\/ul>\n\n\n\n<p class=\"has-text-align-center has-background has-medium-font-size\" style=\"background-color:#8f51e03d\"><strong>Saiba mais: <a href=\"https:\/\/www.estrategiaconcursos.com.br\/blog\/concurso-trt-pb\/\" target=\"_blank\" rel=\"noreferrer noopener\">concurso TRT PB<\/a><\/strong><\/p>\n\n\n\n<h2 class=\"has-text-align-center wp-block-heading\" id=\"h-quer-saber-tudo-sobre-concursos-previstos-confira-nossos-artigos\">Quer saber tudo sobre concursos previstos?<br \/>Confira nossos artigos!<\/h2>\n\n\n\n<ul class=\"wp-block-list\"><li><a href=\"https:\/\/www.estrategiaconcursos.com.br\/blog\/concursos-abertos\/\" target=\"_blank\" rel=\"noreferrer noopener\">Concursos abertos<\/a><\/li><li><a href=\"https:\/\/www.estrategiaconcursos.com.br\/blog\/concursos-2022\/\" target=\"_blank\" rel=\"noreferrer noopener\">Concursos 2022<\/a><\/li><li><a href=\"https:\/\/www.estrategiaconcursos.com.br\/blog\/concursos-2023\/\" target=\"_blank\" rel=\"noreferrer noopener\">Concursos 2023<\/a><\/li><\/ul>\n\n\n\n<h2 class=\"has-text-align-center wp-block-heading\" id=\"cursos\"><strong><em>Quer estudar para o TRT PB?<\/em><\/strong><\/h2>\n\n\n\n<p class=\"has-text-align-center\"><em><strong>Gostou desta oportunidade e deseja come\u00e7ar se preparar agora mesmo? Ent\u00e3o, confira os nossos cursos e comece a estudar para TRT 13:<\/strong><\/em><\/p>\n\n\n\n<div class=\"container\" id=\"boxes\">\n  <div class=\"row\">\n\n    <div class=\"col-sm\">\n      <div class=\"banner-tribunal\" id=\"box-assinatura\">\n        <h3 class=\"titulo-assinatura\">Curso TRT PB<\/h3>\n        <p class=\"subtitulo-assinatura\">Conhe\u00e7a os cursos<\/p>\n        <div class=\"box-botao\">\n          <a class=\"btn-assinatura\" target=\"_blank\" href=\"https:\/\/www.estrategiaconcursos.com.br\/cursosPorConcurso\/trt-paraiba-13-regiao-272\/\" role=\"button\" rel=\"noopener noreferrer\">Conhe\u00e7a mais<\/a>\n        <\/div>\n      <\/div>\n      <p class=\"texto-auxiliar\">Prepare-se com o melhor material e com quem mais aprova em Concursos P\u00fablicos em todo o pa\u00eds.<\/p>\n    <\/div>\n\n  <\/div>\n<\/div>\n\n\n\n<div class=\"container\" id=\"boxes\">\n  <div class=\"row\">\n\n    <div class=\"col-sm\">\n      <div class=\"estrategia\" id=\"box-assinatura\">\n        <h3 class=\"titulo-assinatura\">Assinatura de Concursos<\/h3>\n        <p class=\"subtitulo-assinatura\">Assinatura de 1 ano ou 2 anos<\/p>\n        <div class=\"box-botao\">\n          <a class=\"btn-assinatura\" target=\"_blank\" href=\"https:\/\/www.estrategiaconcursos.com.br\/assinaturas\/\" role=\"button\" rel=\"noopener noreferrer\">ASSINE AGORA<\/a>\n        <\/div>\n      <\/div>\n     \n    <\/div><\/div><\/div>\n","protected":false},"excerpt":{"rendered":"<p>As provas objetivas do concurso do Tribunal Regional do Trabalho da Para\u00edba (TRT PB) foram aplicadas neste domingo (27\/11) e neste artigo voc\u00ea poder\u00e1 conferir o gabarito extraoficial para o cargo de t\u00e9cnico judici\u00e1rio &#8211; \u00e1rea administrativa. A corre\u00e7\u00e3o extraoficial estar\u00e1 dispon\u00edvel em v\u00eddeo (atrav\u00e9s do link abaixo) e tamb\u00e9m em texto, a partir da [&hellip;]<\/p>\n","protected":false},"author":2319,"featured_media":1130084,"comment_status":"open","ping_status":"closed","sticky":false,"template":"","format":"standard","meta":{"post_tipo":"news","footnotes":""},"categories":[1984,220737,220219],"tags":[],"tax_estado":[219978],"class_list":["post-1130072","post","type-post","status-publish","format-standard","has-post-thumbnail","hentry","category-tribunais","category-tribunais-tribunais","category-noticias","tax_estado-pb"],"acf":[],"yoast_head":"<!-- This site is optimized with the Yoast SEO Premium plugin v27.2 (Yoast SEO v27.2) - https:\/\/yoast.com\/product\/yoast-seo-premium-wordpress\/ -->\n<title>Gabarito extraoficial TRT PB: t\u00e9cnico judici\u00e1rio<\/title>\n<meta name=\"robots\" content=\"index, follow, max-snippet:-1, max-image-preview:large, max-video-preview:-1\" \/>\n<link rel=\"canonical\" href=\"https:\/\/www.estrategiaconcursos.com.br\/blog\/gabarito-extraoficial-trt-pb-tecnico-area-administrativa\/\" \/>\n<meta property=\"og:locale\" content=\"pt_BR\" \/>\n<meta property=\"og:type\" content=\"article\" \/>\n<meta property=\"og:title\" content=\"Gabarito extraoficial TRT PB: t\u00e9cnico judici\u00e1rio\" \/>\n<meta property=\"og:description\" content=\"As provas objetivas do concurso do Tribunal Regional do Trabalho da Para\u00edba (TRT PB) foram aplicadas neste domingo (27\/11) e neste artigo voc\u00ea poder\u00e1 conferir o gabarito extraoficial para o cargo de t\u00e9cnico judici\u00e1rio &#8211; \u00e1rea administrativa. A corre\u00e7\u00e3o extraoficial estar\u00e1 dispon\u00edvel em v\u00eddeo (atrav\u00e9s do link abaixo) e tamb\u00e9m em texto, a partir da [&hellip;]\" \/>\n<meta property=\"og:url\" content=\"https:\/\/www.estrategiaconcursos.com.br\/blog\/gabarito-extraoficial-trt-pb-tecnico-area-administrativa\/\" \/>\n<meta property=\"og:site_name\" content=\"Estrat\u00e9gia Concursos\" \/>\n<meta property=\"article:published_time\" content=\"2022-11-27T22:01:59+00:00\" \/>\n<meta property=\"article:modified_time\" content=\"2022-11-28T00:54:28+00:00\" \/>\n<meta property=\"og:image\" content=\"https:\/\/dhg1h5j42swfq.cloudfront.net\/2022\/11\/27181327\/captura-de-tela-2022-11-27-as-18-11-34.png\" \/>\n\t<meta property=\"og:image:width\" content=\"1894\" \/>\n\t<meta property=\"og:image:height\" content=\"930\" \/>\n\t<meta property=\"og:image:type\" content=\"image\/png\" \/>\n<meta name=\"author\" content=\"Let\u00edcia Teixeira\" \/>\n<meta name=\"twitter:card\" content=\"summary_large_image\" \/>\n<meta name=\"twitter:creator\" content=\"@EstratConcursos\" \/>\n<meta name=\"twitter:site\" content=\"@EstratConcursos\" \/>\n<meta name=\"twitter:label1\" content=\"Escrito por\" \/>\n\t<meta name=\"twitter:data1\" content=\"Let\u00edcia Teixeira\" \/>\n\t<meta name=\"twitter:label2\" content=\"Est. tempo de leitura\" \/>\n\t<meta name=\"twitter:data2\" content=\"4 minutos\" \/>\n<script type=\"application\/ld+json\" class=\"yoast-schema-graph\">{\"@context\":\"https:\/\/schema.org\",\"@graph\":[{\"@type\":\"NewsArticle\",\"@id\":\"https:\/\/www.estrategiaconcursos.com.br\/blog\/gabarito-extraoficial-trt-pb-tecnico-area-administrativa\/#article\",\"isPartOf\":{\"@id\":\"https:\/\/www.estrategiaconcursos.com.br\/blog\/gabarito-extraoficial-trt-pb-tecnico-area-administrativa\/\"},\"author\":{\"name\":\"Let\u00edcia Teixeira\",\"@id\":\"https:\/\/www.estrategiaconcursos.com.br\/blog\/#\/schema\/person\/9b94727dcf4410f4a7931c83966c843b\"},\"headline\":\"Gabarito extraoficial TRT PB: t\u00e9cnico judici\u00e1rio\",\"datePublished\":\"2022-11-27T22:01:59+00:00\",\"dateModified\":\"2022-11-28T00:54:28+00:00\",\"mainEntityOfPage\":{\"@id\":\"https:\/\/www.estrategiaconcursos.com.br\/blog\/gabarito-extraoficial-trt-pb-tecnico-area-administrativa\/\"},\"wordCount\":789,\"commentCount\":0,\"publisher\":{\"@id\":\"https:\/\/www.estrategiaconcursos.com.br\/blog\/#organization\"},\"image\":{\"@id\":\"https:\/\/www.estrategiaconcursos.com.br\/blog\/gabarito-extraoficial-trt-pb-tecnico-area-administrativa\/#primaryimage\"},\"thumbnailUrl\":\"https:\/\/dhg1h5j42swfq.cloudfront.net\/2022\/11\/27181327\/captura-de-tela-2022-11-27-as-18-11-34.png\",\"articleSection\":[\"Tribunais\",\"Tribunais\",\"\u00daltimas not\u00edcias\"],\"inLanguage\":\"pt-BR\",\"potentialAction\":[{\"@type\":\"CommentAction\",\"name\":\"Comment\",\"target\":[\"https:\/\/www.estrategiaconcursos.com.br\/blog\/gabarito-extraoficial-trt-pb-tecnico-area-administrativa\/#respond\"]}],\"copyrightYear\":\"2022\",\"copyrightHolder\":{\"@id\":\"https:\/\/www.estrategiaconcursos.com.br\/blog\/#organization\"}},{\"@type\":\"WebPage\",\"@id\":\"https:\/\/www.estrategiaconcursos.com.br\/blog\/gabarito-extraoficial-trt-pb-tecnico-area-administrativa\/\",\"url\":\"https:\/\/www.estrategiaconcursos.com.br\/blog\/gabarito-extraoficial-trt-pb-tecnico-area-administrativa\/\",\"name\":\"Gabarito extraoficial TRT PB: t\u00e9cnico judici\u00e1rio\",\"isPartOf\":{\"@id\":\"https:\/\/www.estrategiaconcursos.com.br\/blog\/#website\"},\"primaryImageOfPage\":{\"@id\":\"https:\/\/www.estrategiaconcursos.com.br\/blog\/gabarito-extraoficial-trt-pb-tecnico-area-administrativa\/#primaryimage\"},\"image\":{\"@id\":\"https:\/\/www.estrategiaconcursos.com.br\/blog\/gabarito-extraoficial-trt-pb-tecnico-area-administrativa\/#primaryimage\"},\"thumbnailUrl\":\"https:\/\/dhg1h5j42swfq.cloudfront.net\/2022\/11\/27181327\/captura-de-tela-2022-11-27-as-18-11-34.png\",\"datePublished\":\"2022-11-27T22:01:59+00:00\",\"dateModified\":\"2022-11-28T00:54:28+00:00\",\"breadcrumb\":{\"@id\":\"https:\/\/www.estrategiaconcursos.com.br\/blog\/gabarito-extraoficial-trt-pb-tecnico-area-administrativa\/#breadcrumb\"},\"inLanguage\":\"pt-BR\",\"potentialAction\":[{\"@type\":\"ReadAction\",\"target\":[\"https:\/\/www.estrategiaconcursos.com.br\/blog\/gabarito-extraoficial-trt-pb-tecnico-area-administrativa\/\"]}]},{\"@type\":\"ImageObject\",\"inLanguage\":\"pt-BR\",\"@id\":\"https:\/\/www.estrategiaconcursos.com.br\/blog\/gabarito-extraoficial-trt-pb-tecnico-area-administrativa\/#primaryimage\",\"url\":\"https:\/\/dhg1h5j42swfq.cloudfront.net\/2022\/11\/27181327\/captura-de-tela-2022-11-27-as-18-11-34.png\",\"contentUrl\":\"https:\/\/dhg1h5j42swfq.cloudfront.net\/2022\/11\/27181327\/captura-de-tela-2022-11-27-as-18-11-34.png\",\"width\":1894,\"height\":930},{\"@type\":\"BreadcrumbList\",\"@id\":\"https:\/\/www.estrategiaconcursos.com.br\/blog\/gabarito-extraoficial-trt-pb-tecnico-area-administrativa\/#breadcrumb\",\"itemListElement\":[{\"@type\":\"ListItem\",\"position\":1,\"name\":\"In\u00edcio\",\"item\":\"https:\/\/www.estrategiaconcursos.com.br\/blog\/\"},{\"@type\":\"ListItem\",\"position\":2,\"name\":\"Gabarito extraoficial TRT PB: t\u00e9cnico judici\u00e1rio\"}]},{\"@type\":\"WebSite\",\"@id\":\"https:\/\/www.estrategiaconcursos.com.br\/blog\/#website\",\"url\":\"https:\/\/www.estrategiaconcursos.com.br\/blog\/\",\"name\":\"Estrat\u00e9gia Concursos\",\"description\":\"O blog da Estrat\u00e9gia Concursos traz not\u00edcias sobre concursos e artigos de professores oferecendo cursos para concursos (pdf + videaulas) no site.\",\"publisher\":{\"@id\":\"https:\/\/www.estrategiaconcursos.com.br\/blog\/#organization\"},\"potentialAction\":[{\"@type\":\"SearchAction\",\"target\":{\"@type\":\"EntryPoint\",\"urlTemplate\":\"https:\/\/www.estrategiaconcursos.com.br\/blog\/?s={search_term_string}\"},\"query-input\":{\"@type\":\"PropertyValueSpecification\",\"valueRequired\":true,\"valueName\":\"search_term_string\"}}],\"inLanguage\":\"pt-BR\"},{\"@type\":\"Organization\",\"@id\":\"https:\/\/www.estrategiaconcursos.com.br\/blog\/#organization\",\"name\":\"Estrat\u00e9gia Concursos\",\"url\":\"https:\/\/www.estrategiaconcursos.com.br\/blog\/\",\"logo\":{\"@type\":\"ImageObject\",\"inLanguage\":\"pt-BR\",\"@id\":\"https:\/\/www.estrategiaconcursos.com.br\/blog\/#\/schema\/logo\/image\/\",\"url\":\"https:\/\/dhg1h5j42swfq.cloudfront.net\/2025\/06\/03203428\/logo_concursos-1.jpg\",\"contentUrl\":\"https:\/\/dhg1h5j42swfq.cloudfront.net\/2025\/06\/03203428\/logo_concursos-1.jpg\",\"width\":230,\"height\":60,\"caption\":\"Estrat\u00e9gia Concursos\"},\"image\":{\"@id\":\"https:\/\/www.estrategiaconcursos.com.br\/blog\/#\/schema\/logo\/image\/\"},\"sameAs\":[\"https:\/\/x.com\/EstratConcursos\"]},{\"@type\":\"Person\",\"@id\":\"https:\/\/www.estrategiaconcursos.com.br\/blog\/#\/schema\/person\/9b94727dcf4410f4a7931c83966c843b\",\"name\":\"Let\u00edcia Teixeira\",\"image\":{\"@type\":\"ImageObject\",\"inLanguage\":\"pt-BR\",\"@id\":\"https:\/\/secure.gravatar.com\/avatar\/fb589b06b881e20b676d08f9d03226d1e3291ba2f90e751ddc9ccb21abf0244d?s=96&d=mm&r=g\",\"url\":\"https:\/\/secure.gravatar.com\/avatar\/fb589b06b881e20b676d08f9d03226d1e3291ba2f90e751ddc9ccb21abf0244d?s=96&d=mm&r=g\",\"contentUrl\":\"https:\/\/secure.gravatar.com\/avatar\/fb589b06b881e20b676d08f9d03226d1e3291ba2f90e751ddc9ccb21abf0244d?s=96&d=mm&r=g\",\"caption\":\"Let\u00edcia Teixeira\"},\"description\":\"Jornalista com experi\u00eancia de mais de quatro anos no segmento de concursos p\u00fablicos. Especializada em Narrativa Transm\u00eddia e Storytelling pela Universidade Cat\u00f3lica de Bras\u00edlia, com atua\u00e7\u00e3o nas \u00e1reas de SEO, conte\u00fado, Webwriting e Copywriting.\",\"url\":\"https:\/\/www.estrategiaconcursos.com.br\/blog\/author\/leticia-teixeiraestrategia-com\/\"}]}<\/script>\n<!-- \/ Yoast SEO Premium plugin. -->","yoast_head_json":{"title":"Gabarito extraoficial TRT PB: t\u00e9cnico judici\u00e1rio","robots":{"index":"index","follow":"follow","max-snippet":"max-snippet:-1","max-image-preview":"max-image-preview:large","max-video-preview":"max-video-preview:-1"},"canonical":"https:\/\/www.estrategiaconcursos.com.br\/blog\/gabarito-extraoficial-trt-pb-tecnico-area-administrativa\/","og_locale":"pt_BR","og_type":"article","og_title":"Gabarito extraoficial TRT PB: t\u00e9cnico judici\u00e1rio","og_description":"As provas objetivas do concurso do Tribunal Regional do Trabalho da Para\u00edba (TRT PB) foram aplicadas neste domingo (27\/11) e neste artigo voc\u00ea poder\u00e1 conferir o gabarito extraoficial para o cargo de t\u00e9cnico judici\u00e1rio &#8211; \u00e1rea administrativa. A corre\u00e7\u00e3o extraoficial estar\u00e1 dispon\u00edvel em v\u00eddeo (atrav\u00e9s do link abaixo) e tamb\u00e9m em texto, a partir da [&hellip;]","og_url":"https:\/\/www.estrategiaconcursos.com.br\/blog\/gabarito-extraoficial-trt-pb-tecnico-area-administrativa\/","og_site_name":"Estrat\u00e9gia Concursos","article_published_time":"2022-11-27T22:01:59+00:00","article_modified_time":"2022-11-28T00:54:28+00:00","og_image":[{"width":1894,"height":930,"url":"https:\/\/dhg1h5j42swfq.cloudfront.net\/2022\/11\/27181327\/captura-de-tela-2022-11-27-as-18-11-34.png","type":"image\/png"}],"author":"Let\u00edcia Teixeira","twitter_card":"summary_large_image","twitter_creator":"@EstratConcursos","twitter_site":"@EstratConcursos","twitter_misc":{"Escrito por":"Let\u00edcia Teixeira","Est. tempo de leitura":"4 minutos"},"schema":{"@context":"https:\/\/schema.org","@graph":[{"@type":"NewsArticle","@id":"https:\/\/www.estrategiaconcursos.com.br\/blog\/gabarito-extraoficial-trt-pb-tecnico-area-administrativa\/#article","isPartOf":{"@id":"https:\/\/www.estrategiaconcursos.com.br\/blog\/gabarito-extraoficial-trt-pb-tecnico-area-administrativa\/"},"author":{"name":"Let\u00edcia Teixeira","@id":"https:\/\/www.estrategiaconcursos.com.br\/blog\/#\/schema\/person\/9b94727dcf4410f4a7931c83966c843b"},"headline":"Gabarito extraoficial TRT PB: t\u00e9cnico judici\u00e1rio","datePublished":"2022-11-27T22:01:59+00:00","dateModified":"2022-11-28T00:54:28+00:00","mainEntityOfPage":{"@id":"https:\/\/www.estrategiaconcursos.com.br\/blog\/gabarito-extraoficial-trt-pb-tecnico-area-administrativa\/"},"wordCount":789,"commentCount":0,"publisher":{"@id":"https:\/\/www.estrategiaconcursos.com.br\/blog\/#organization"},"image":{"@id":"https:\/\/www.estrategiaconcursos.com.br\/blog\/gabarito-extraoficial-trt-pb-tecnico-area-administrativa\/#primaryimage"},"thumbnailUrl":"https:\/\/dhg1h5j42swfq.cloudfront.net\/2022\/11\/27181327\/captura-de-tela-2022-11-27-as-18-11-34.png","articleSection":["Tribunais","Tribunais","\u00daltimas not\u00edcias"],"inLanguage":"pt-BR","potentialAction":[{"@type":"CommentAction","name":"Comment","target":["https:\/\/www.estrategiaconcursos.com.br\/blog\/gabarito-extraoficial-trt-pb-tecnico-area-administrativa\/#respond"]}],"copyrightYear":"2022","copyrightHolder":{"@id":"https:\/\/www.estrategiaconcursos.com.br\/blog\/#organization"}},{"@type":"WebPage","@id":"https:\/\/www.estrategiaconcursos.com.br\/blog\/gabarito-extraoficial-trt-pb-tecnico-area-administrativa\/","url":"https:\/\/www.estrategiaconcursos.com.br\/blog\/gabarito-extraoficial-trt-pb-tecnico-area-administrativa\/","name":"Gabarito extraoficial TRT PB: t\u00e9cnico judici\u00e1rio","isPartOf":{"@id":"https:\/\/www.estrategiaconcursos.com.br\/blog\/#website"},"primaryImageOfPage":{"@id":"https:\/\/www.estrategiaconcursos.com.br\/blog\/gabarito-extraoficial-trt-pb-tecnico-area-administrativa\/#primaryimage"},"image":{"@id":"https:\/\/www.estrategiaconcursos.com.br\/blog\/gabarito-extraoficial-trt-pb-tecnico-area-administrativa\/#primaryimage"},"thumbnailUrl":"https:\/\/dhg1h5j42swfq.cloudfront.net\/2022\/11\/27181327\/captura-de-tela-2022-11-27-as-18-11-34.png","datePublished":"2022-11-27T22:01:59+00:00","dateModified":"2022-11-28T00:54:28+00:00","breadcrumb":{"@id":"https:\/\/www.estrategiaconcursos.com.br\/blog\/gabarito-extraoficial-trt-pb-tecnico-area-administrativa\/#breadcrumb"},"inLanguage":"pt-BR","potentialAction":[{"@type":"ReadAction","target":["https:\/\/www.estrategiaconcursos.com.br\/blog\/gabarito-extraoficial-trt-pb-tecnico-area-administrativa\/"]}]},{"@type":"ImageObject","inLanguage":"pt-BR","@id":"https:\/\/www.estrategiaconcursos.com.br\/blog\/gabarito-extraoficial-trt-pb-tecnico-area-administrativa\/#primaryimage","url":"https:\/\/dhg1h5j42swfq.cloudfront.net\/2022\/11\/27181327\/captura-de-tela-2022-11-27-as-18-11-34.png","contentUrl":"https:\/\/dhg1h5j42swfq.cloudfront.net\/2022\/11\/27181327\/captura-de-tela-2022-11-27-as-18-11-34.png","width":1894,"height":930},{"@type":"BreadcrumbList","@id":"https:\/\/www.estrategiaconcursos.com.br\/blog\/gabarito-extraoficial-trt-pb-tecnico-area-administrativa\/#breadcrumb","itemListElement":[{"@type":"ListItem","position":1,"name":"In\u00edcio","item":"https:\/\/www.estrategiaconcursos.com.br\/blog\/"},{"@type":"ListItem","position":2,"name":"Gabarito extraoficial TRT PB: t\u00e9cnico judici\u00e1rio"}]},{"@type":"WebSite","@id":"https:\/\/www.estrategiaconcursos.com.br\/blog\/#website","url":"https:\/\/www.estrategiaconcursos.com.br\/blog\/","name":"Estrat\u00e9gia Concursos","description":"O blog da Estrat\u00e9gia Concursos traz not\u00edcias sobre concursos e artigos de professores oferecendo cursos para concursos (pdf + videaulas) no site.","publisher":{"@id":"https:\/\/www.estrategiaconcursos.com.br\/blog\/#organization"},"potentialAction":[{"@type":"SearchAction","target":{"@type":"EntryPoint","urlTemplate":"https:\/\/www.estrategiaconcursos.com.br\/blog\/?s={search_term_string}"},"query-input":{"@type":"PropertyValueSpecification","valueRequired":true,"valueName":"search_term_string"}}],"inLanguage":"pt-BR"},{"@type":"Organization","@id":"https:\/\/www.estrategiaconcursos.com.br\/blog\/#organization","name":"Estrat\u00e9gia Concursos","url":"https:\/\/www.estrategiaconcursos.com.br\/blog\/","logo":{"@type":"ImageObject","inLanguage":"pt-BR","@id":"https:\/\/www.estrategiaconcursos.com.br\/blog\/#\/schema\/logo\/image\/","url":"https:\/\/dhg1h5j42swfq.cloudfront.net\/2025\/06\/03203428\/logo_concursos-1.jpg","contentUrl":"https:\/\/dhg1h5j42swfq.cloudfront.net\/2025\/06\/03203428\/logo_concursos-1.jpg","width":230,"height":60,"caption":"Estrat\u00e9gia Concursos"},"image":{"@id":"https:\/\/www.estrategiaconcursos.com.br\/blog\/#\/schema\/logo\/image\/"},"sameAs":["https:\/\/x.com\/EstratConcursos"]},{"@type":"Person","@id":"https:\/\/www.estrategiaconcursos.com.br\/blog\/#\/schema\/person\/9b94727dcf4410f4a7931c83966c843b","name":"Let\u00edcia Teixeira","image":{"@type":"ImageObject","inLanguage":"pt-BR","@id":"https:\/\/secure.gravatar.com\/avatar\/fb589b06b881e20b676d08f9d03226d1e3291ba2f90e751ddc9ccb21abf0244d?s=96&d=mm&r=g","url":"https:\/\/secure.gravatar.com\/avatar\/fb589b06b881e20b676d08f9d03226d1e3291ba2f90e751ddc9ccb21abf0244d?s=96&d=mm&r=g","contentUrl":"https:\/\/secure.gravatar.com\/avatar\/fb589b06b881e20b676d08f9d03226d1e3291ba2f90e751ddc9ccb21abf0244d?s=96&d=mm&r=g","caption":"Let\u00edcia Teixeira"},"description":"Jornalista com experi\u00eancia de mais de quatro anos no segmento de concursos p\u00fablicos. Especializada em Narrativa Transm\u00eddia e Storytelling pela Universidade Cat\u00f3lica de Bras\u00edlia, com atua\u00e7\u00e3o nas \u00e1reas de SEO, conte\u00fado, Webwriting e Copywriting.","url":"https:\/\/www.estrategiaconcursos.com.br\/blog\/author\/leticia-teixeiraestrategia-com\/"}]}},"_links":{"self":[{"href":"https:\/\/www.estrategiaconcursos.com.br\/blog\/wp-json\/wp\/v2\/posts\/1130072","targetHints":{"allow":["GET"]}}],"collection":[{"href":"https:\/\/www.estrategiaconcursos.com.br\/blog\/wp-json\/wp\/v2\/posts"}],"about":[{"href":"https:\/\/www.estrategiaconcursos.com.br\/blog\/wp-json\/wp\/v2\/types\/post"}],"author":[{"embeddable":true,"href":"https:\/\/www.estrategiaconcursos.com.br\/blog\/wp-json\/wp\/v2\/users\/2319"}],"replies":[{"embeddable":true,"href":"https:\/\/www.estrategiaconcursos.com.br\/blog\/wp-json\/wp\/v2\/comments?post=1130072"}],"version-history":[{"count":45,"href":"https:\/\/www.estrategiaconcursos.com.br\/blog\/wp-json\/wp\/v2\/posts\/1130072\/revisions"}],"predecessor-version":[{"id":1130321,"href":"https:\/\/www.estrategiaconcursos.com.br\/blog\/wp-json\/wp\/v2\/posts\/1130072\/revisions\/1130321"}],"wp:featuredmedia":[{"embeddable":true,"href":"https:\/\/www.estrategiaconcursos.com.br\/blog\/wp-json\/wp\/v2\/media\/1130084"}],"wp:attachment":[{"href":"https:\/\/www.estrategiaconcursos.com.br\/blog\/wp-json\/wp\/v2\/media?parent=1130072"}],"wp:term":[{"taxonomy":"category","embeddable":true,"href":"https:\/\/www.estrategiaconcursos.com.br\/blog\/wp-json\/wp\/v2\/categories?post=1130072"},{"taxonomy":"post_tag","embeddable":true,"href":"https:\/\/www.estrategiaconcursos.com.br\/blog\/wp-json\/wp\/v2\/tags?post=1130072"},{"taxonomy":"tax_estado","embeddable":true,"href":"https:\/\/www.estrategiaconcursos.com.br\/blog\/wp-json\/wp\/v2\/tax_estado?post=1130072"}],"curies":[{"name":"wp","href":"https:\/\/api.w.org\/{rel}","templated":true}]}}