{"id":1129984,"date":"2022-11-29T08:35:00","date_gmt":"2022-11-29T11:35:00","guid":{"rendered":"https:\/\/www.estrategiaconcursos.com.br\/blog\/?p=1129984"},"modified":"2022-12-01T15:25:43","modified_gmt":"2022-12-01T18:25:43","slug":"gabarito-inss-2","status":"publish","type":"post","link":"https:\/\/www.estrategiaconcursos.com.br\/blog\/gabarito-inss-2\/","title":{"rendered":"Gabarito INSS: resultado extraoficial. Confira agora!"},"content":{"rendered":"\n<p><strong>Confira neste artigo o gabarito INSS extraoficial!<\/strong> No \u00faltimo domingo, 27 de novembro, foram aplicadas as provas de um dos maiores concursos p\u00fablicos do pa\u00eds: o INSS<strong>. <\/strong>As avalia\u00e7\u00f5es iniciaram \u00e0s 14h, e tiveram dura\u00e7\u00e3o de 3h30.<\/p>\n\n\n\n<p>E para aqueles que n\u00e3o est\u00e3o aguentando de tanta ansiedade pelo resultado, a equipe do Estrat\u00e9gia vai facilitar a sua vida. Isso porque, o <strong>nosso time de professores j\u00e1 realizou a corre\u00e7\u00e3o do gabarito extraoficial INSS<\/strong>. <\/p>\n\n\n\n<p>Portanto, confira, antecipadamente, seu desempenho e ainda receba dicas de recursos (se houver necessidade, claro!). Lembrando que o&nbsp;gabarito oficial preliminar ser\u00e1 publicado no dia 29\/11, pelo Cebraspe.<\/p>\n\n\n\n<p>A disputa \u00e9 pelas 1.000 vagas imediatas e 2.273 oportunidades em cadastro de reserva no cargo de&nbsp;<strong><a href=\"https:\/\/www.estrategiaconcursos.com.br\/curso\/inss-tecnico-do-seguro-social-pacote-completo-2022-pos-edital-cartao-12x\/\" target=\"_blank\" rel=\"noreferrer noopener\">T\u00e9cnico do Seguro Social<\/a><\/strong>. <\/p>\n\n\n<figure class=\"wp-block-embed-youtube wp-block-embed is-type-video is-provider-youtube wp-embed-aspect-16-9 wp-has-aspect-ratio lyte-align aligncenter\"><div class=\"lyte-wrapper\" style=\"width:853px;max-width:100%;margin:5px;\"><div class=\"lyMe\" id=\"WYL_urEiZ88jHHQ\"><div id=\"lyte_urEiZ88jHHQ\" data-src=\"\/\/i.ytimg.com\/vi\/urEiZ88jHHQ\/hqdefault.jpg\" class=\"pL\"><div class=\"tC\"><div class=\"tT\"><\/div><\/div><div class=\"play\"><\/div><div class=\"ctrl\"><div class=\"Lctrl\"><\/div><div class=\"Rctrl\"><\/div><\/div><\/div><noscript><a href=\"https:\/\/youtu.be\/urEiZ88jHHQ\" rel=\"nofollow\"><img loading=\"lazy\" decoding=\"async\" src=\"https:\/\/i.ytimg.com\/vi\/urEiZ88jHHQ\/0.jpg\" alt=\"YouTube video thumbnail\" width=\"853\" height=\"460\" \/><br \/>Assista a este v\u00eddeo no YouTube<\/a><\/noscript><\/div><\/div><div class=\"lL\" style=\"max-width:100%;width:853px;margin:5px;\"><\/div><figcaption>Confira o Gabarito Extraoficial INSS<\/figcaption><\/figure>\n\n\n<p>No quadro abaixo voc\u00ea confere os professores que participaram da corre\u00e7\u00e3o e tamb\u00e9m <strong>coment\u00e1rios sobre as respectivas disciplinas<\/strong>: <\/p>\n\n\n\n<figure class=\"wp-block-table is-style-stripes\"><table class=\"has-black-color has-white-background-color has-text-color has-background has-fixed-layout\"><thead><tr><th class=\"has-text-align-center\" data-align=\"center\">Disciplina<\/th><th class=\"has-text-align-center\" data-align=\"center\">Professor<\/th><\/tr><\/thead><tbody><tr><td class=\"has-text-align-center\" data-align=\"center\">Abertura da corre\u00e7\u00e3o<\/td><td class=\"has-text-align-center\" data-align=\"center\">Diego Cerqueira, Th\u00e1llius Moraes e Rubens Mauricio<\/td><\/tr><tr><td class=\"has-text-align-center\" data-align=\"center\"><a href=\"https:\/\/www.estrategiaconcursos.com.br\/blog\/concurso-inss-sugestao-recursos-seguridade-social\/\" target=\"_blank\" rel=\"noreferrer noopener\"><strong>Seguridade Social<\/strong><\/a><\/td><td class=\"has-text-align-center\" data-align=\"center\">Rubens Mauricio, Lilian Novakoski e Adriana Menezes<\/td><\/tr><tr><td class=\"has-text-align-center\" data-align=\"center\"><a href=\"https:\/\/www.estrategiaconcursos.com.br\/blog\/concurso-inss-comentarios-questoes-portugues\/\" target=\"_blank\" rel=\"noreferrer noopener\"><strong>L\u00edngua Portuguesa<\/strong><\/a><\/td><td class=\"has-text-align-center\" data-align=\"center\">Janaina Arruda, Adriana Figueiredo e Felipe Luccas<\/td><\/tr><tr><td class=\"has-text-align-center\" data-align=\"center\"><strong><a href=\"https:\/\/www.estrategiaconcursos.com.br\/blog\/concurso-inss-comentarios-questoes-informatica\/\" target=\"_blank\" rel=\"noreferrer noopener\">No\u00e7\u00f5es de Inform\u00e1tica<\/a><\/strong><\/td><td class=\"has-text-align-center\" data-align=\"center\">Emannuelle Gouveia e Renato da Costa<\/td><\/tr><tr><td class=\"has-text-align-center\" data-align=\"center\"><a href=\"https:\/\/www.estrategiaconcursos.com.br\/blog\/gabarito-direito-administrativo-inss\/\" target=\"_blank\" rel=\"noreferrer noopener\"><strong>Direito Administrativo<\/strong><\/a><\/td><td class=\"has-text-align-center\" data-align=\"center\">Herbert Almeida e Th\u00e1llius Moraes<\/td><\/tr><tr><td class=\"has-text-align-center\" data-align=\"center\"><a href=\"https:\/\/www.estrategiaconcursos.com.br\/blog\/concurso-inss-comentarios-questoes-portugues\/\" target=\"_blank\" rel=\"noreferrer noopener\"><strong>Direito Constitucional<\/strong><\/a><\/td><td class=\"has-text-align-center\" data-align=\"center\">Adriane Fauth e Nelma Fontana<\/td><\/tr><tr><td class=\"has-text-align-center\" data-align=\"center\"><a href=\"https:\/\/www.estrategiaconcursos.com.br\/blog\/concurso-inss-comentarios-prova-de-etica\/\" target=\"_blank\" rel=\"noreferrer noopener\"><strong>\u00c9tica no Servi\u00e7o P\u00fablico<\/strong><\/a><\/td><td class=\"has-text-align-center\" data-align=\"center\">Th\u00e1llius Moraes e Tiago Zanolla<\/td><\/tr><tr><td class=\"has-text-align-center\" data-align=\"center\"><strong><a href=\"https:\/\/www.estrategiaconcursos.com.br\/blog\/concurso-inss-comentarios-das-questoes-de-raciocinio-logico\/\" target=\"_blank\" rel=\"noreferrer noopener\">Racioc\u00ednio L\u00f3gico-Matem\u00e1tico<\/a><\/strong><\/td><td class=\"has-text-align-center\" data-align=\"center\">Brunno Lima<\/td><\/tr><\/tbody><\/table><\/figure>\n\n\n\n<h2 class=\"wp-block-heading\">Concurso INSS: gabarito extraoficial<\/h2>\n\n\n\n<p>Abaixo, voc\u00ea tem a oportunidade de conferir os gabaritos das quest\u00f5es corrigidas pelos nossos professores. \u00c0 medida em que as corre\u00e7\u00f5es forem realizadas, o artigo ser\u00e1 atualizado. Como existem v\u00e1rios tipos de provas, voc\u00ea pode conferir o in\u00edcio da quest\u00e3o.<\/p>\n\n\n\n<ul class=\"has-medium-font-size wp-block-list\"><li><a href=\"https:\/\/dhg1h5j42swfq.cloudfront.net\/2022\/11\/27212913\/camscanner-11-27-2022-17-34-6.pdf\" target=\"_blank\" rel=\"noreferrer noopener nofollow\"><em><strong>Caderno de prova do concurso INSS<\/strong><\/em><\/a><\/li><\/ul>\n\n\n\n<h3 class=\"has-pale-cyan-blue-background-color has-background has-medium-font-size wp-block-heading\"><strong>Conhecimentos b\u00e1sicos &#8211; L\u00edngua Portuguesa<\/strong><\/h3>\n\n\n\n<p>Em rela\u00e7\u00e3o a aspectos estruturais do texto CBIAI \u00e9 \u00e0s informa\u00e7\u00f5es por ele veiculadas, julgue os itens subsequentes.<\/p>\n\n\n\n<p><strong>Quest\u00e3o 1:&nbsp;<\/strong>Os servi\u00e7os de cuidados fenecidos na Am\u00e9rica Latina diferenciam-se dos providos em pa\u00edses do hemisf\u00e9rio norte.<br \/><strong><mark style=\"background-color:#00d084\" class=\"has-inline-color has-black-color\"><em>Resposta: <\/em>CERTO<\/mark><\/strong><\/p>\n\n\n\n<p><strong>Quest\u00e3o 2:&nbsp;<\/strong>A profissionaliza\u00e7\u00e3o do trabalho de cuidados nos \u00faltimos anos remodelou a ess\u00eancia do conceito de cuidado.<br \/><strong><mark style=\"background-color:#ec6666\" class=\"has-inline-color has-black-color\"><em>Resposta:<\/em> ERRADO<\/mark><\/strong><\/p>\n\n\n\n<p><strong>Quest\u00e3o 3:&nbsp;<\/strong>Ao confirmarem a forte dimens\u00e3o emocional do trabalho de cuidados, os estudos relatados no texto recomendam que esse setor da economia n\u00e3o seja assumido pelo Estado nem seja objeto de mercantiliza\u00e7\u00e3o.<br \/><strong><em><mark style=\"background-color:#cf2e2e\" class=\"has-inline-color has-black-color\"><strong><em><strong><mark style=\"background-color:#ec6666\" class=\"has-inline-color has-black-color\"><em>Resposta:<\/em> ERRADO<\/mark><\/strong><\/em><\/strong><\/mark><\/em><\/strong><\/p>\n\n\n\n<p><strong>Quest\u00e3o 4:&nbsp;<\/strong>Por mencionar dados, articular depoimentos e expor argumentos, o texto configura-se como predominantemente descritivo.<br \/><strong><em><mark style=\"background-color:#cf2e2e\" class=\"has-inline-color has-black-color\"><strong><em><strong><mark style=\"background-color:#ec6666\" class=\"has-inline-color has-black-color\"><em>Resposta:<\/em> ERRADO<\/mark><\/strong><\/em><\/strong><\/mark><\/em><\/strong><\/p>\n\n\n\n<p><strong>Quest\u00e3o 5:&nbsp;<\/strong>O envelhecimento da popula\u00e7\u00e3o mundial \u00e9 um dos fatores que explicam a amplia\u00e7\u00e3o da presen\u00e7a de mulheres no mercado de trabalho.<br \/><strong><em><strong><mark style=\"background-color:#ec6666\" class=\"has-inline-color has-black-color\"><em>Resposta:<\/em> ERRADO<\/mark><\/strong><\/em><\/strong><\/p>\n\n\n\n<p>Acerca de aspectos sem\u00e2nticos e sint\u00e1ticos do texto CBIAI, julgue os itens que se seguem.<\/p>\n\n\n\n<p><strong>Quest\u00e3o 6:&nbsp;<\/strong>No \u00faltimo par\u00e1grafo, a express\u00e3o \u201cnas quais\u201d poderia, sem preju\u00edzo sint\u00e1tico para o texto, ser substitu\u00edda por cujas.<\/p>\n\n\n\n<p><strong><em><strong><mark style=\"background-color:#00d084\" class=\"has-inline-color has-black-color\"><em>Resposta: <\/em>CERTO<\/mark><\/strong><\/em><\/strong> (cabe recurso)<\/p>\n\n\n\n<p><strong>Quest\u00e3o 7:&nbsp;<\/strong>No terceiro par\u00e1grafo, o segmento \u201ca ideia\u201d (segundo per\u00edodo) retoma, por coes\u00e3o, a \u201cno\u00e7\u00e3o\u201d descrita no primeiro per\u00edodo.<br \/><strong><em><strong><mark style=\"background-color:#00d084\" class=\"has-inline-color has-black-color\"><em>Resposta: <\/em>CERTO<\/mark><\/strong><\/em><\/strong><\/p>\n\n\n\n<p><strong>Quest\u00e3o 8: <\/strong>Seria preservada a coer\u00eancia das ideias do texto se, no segundo par\u00e1grafo, a express\u00e3o \u201cna medida em que\u201d fosse substitu\u00edda pelo voc\u00e1bulo pois.<br \/><strong><em><strong><mark style=\"background-color:#00d084\" class=\"has-inline-color has-black-color\"><em>Resposta: <\/em>CERTO<\/mark><\/strong><\/em><\/strong><\/p>\n\n\n\n<p>Julgue os itens a seguir, relativos a aspectos estruturais e gramaticais do texto CBIA!<\/p>\n\n\n\n<p><strong>Quest\u00e3o 9:&nbsp;<\/strong>Seria mantida a corre\u00e7\u00e3o gramatical do texto caso o termo \u201canalisado&#8217; (quarto par\u00e1grafo) fosse flexionado no feminino \u2014 analisada \u2014, dada a possibilidade de sua concord\u00e2ncia com o termo subsequente \u201ccrise\u201d, com o qual estabelece rela\u00e7\u00e3o sint\u00e1tico-sem\u00e2ntica.<br \/><strong><em><strong><em><strong><mark style=\"background-color:#ec6666\" class=\"has-inline-color has-black-color\"><em>Resposta:<\/em> ERRADO<\/mark><\/strong><\/em><\/strong><\/em><\/strong><\/p>\n\n\n\n<p><strong>Quest\u00e3o 10:&nbsp;<\/strong>No terceiro per\u00edodo do segundo par\u00e1grafo, o termo \u201csua\u201d refere-se \u00e0 express\u00e3o \u201cconceito de cuidado\u201d.<br \/><strong><em><strong><mark style=\"background-color:#00d084\" class=\"has-inline-color has-black-color\"><em>Resposta: <\/em>CERTO<\/mark><\/strong><\/em><\/strong><\/p>\n\n\n\n<p><strong>Quest\u00e3o 11:&nbsp;<\/strong>No in\u00edcio do quarto par\u00e1grafo, a express\u00e3o \u201cPor outro lado\u201d desempenha papel de refor\u00e7o da coes\u00e3o textual e poderia ser substitu\u00edda, sem preju\u00edzo sem\u00e2ntico ao texto original, por Inversamente.<br \/><strong><em><strong><em><strong><mark style=\"background-color:#ec6666\" class=\"has-inline-color has-black-color\"><em>Resposta:<\/em> ERRADO<\/mark><\/strong><\/em><\/strong><\/em><\/strong><\/p>\n\n\n\n<p><strong>Quest\u00e3o 12:&nbsp;<\/strong> O emprego das v\u00edrgulas ap\u00f3s os trechos \u201cDe acordo com o \u00faltimo relat\u00f3rio da Organiza\u00e7\u00e3o Internacional do Trabalho (OIT)\u201d (no segundo per\u00edodo do primeiro par\u00e1grafo) e \u201cConforme defini\u00e7\u00e3o da OIT\u201d (no in\u00edcio do segundo par\u00e1grafo) justifica-se pelo mesmo motivo.<br \/><strong><em><strong><mark style=\"background-color:#00d084\" class=\"has-inline-color has-black-color\"><em>Resposta: <\/em>CERTO<\/mark><\/strong><\/em><\/strong><\/p>\n\n\n\n<p><strong>Quest\u00e3o 13:&nbsp;<\/strong>Por constituir um substantivo, o termo \u201cbem-estar\u201d, empregado no segundo par\u00e1grafo, poderia ser grafado, em conformidade com a ortografia oficial, sem o hifen: bem estar.<br \/><strong><em><strong><em><strong><mark style=\"background-color:#ec6666\" class=\"has-inline-color has-black-color\"><em>Resposta:<\/em> ERRADO<\/mark><\/strong><\/em><\/strong><\/em><\/strong><\/p>\n\n\n\n<p><strong>Quest\u00e3o 14:&nbsp;<\/strong>No in\u00edcio do \u00faltimo par\u00e1grafo, o emprego da conjun\u00e7\u00e3o \u201centretanto\u201d objetiva evidenciar uma contraposi\u00e7\u00e3o com o que se afirma no par\u00e1grafo anterior; por isso, essa conjun\u00e7\u00e3o poderia ser substitu\u00edda, sem preju\u00edzo dos sentidos e da coer\u00eancia do texto, por conquanto.<br \/><strong><em><strong><em><strong><mark style=\"background-color:#ec6666\" class=\"has-inline-color has-black-color\"><em>Resposta:<\/em> ERRADO<\/mark><\/strong><\/em><\/strong><\/em><\/strong><\/p>\n\n\n\n<h3 class=\"has-pale-cyan-blue-background-color has-background has-medium-font-size wp-block-heading\"><strong>Conhecimentos b\u00e1sicos &#8211; \u00c9tica no Servi\u00e7o P\u00fablico<\/strong><\/h3>\n\n\n\n<p>Com base no C\u00f3digo de \u00c9tica Profissional do Servidor P\u00fablico. (Civil do Poder Executivo Federal (CEPSPC), julgue os itens que se seguem.<\/p>\n\n\n\n<p><strong>Quest\u00e3o 15:&nbsp;<\/strong>O servidor p\u00fablico n\u00e3o poder\u00e1, em Hip\u00f3tese alguma, desprezar o elemento \u00e9tico da sua conduta, Assim, ele n\u00e3o ter\u00e1 apenas que decidir entre o legal \u20ac o ilegal, o conveniente e o inconveniente, mas principalmente entre o honesto e o desonesto, \u00e0 luz das regras constitucionais,<br \/><strong><em><strong><mark style=\"background-color:#00d084\" class=\"has-inline-color has-black-color\"><em>Resposta: <\/em>CERTO<\/mark><\/strong><\/em><\/strong><\/p>\n\n\n\n<p><strong>Quest\u00e3o 16:&nbsp;Situa\u00e7\u00e3o hipot\u00e9tica: <\/strong>Carlos, servidor p\u00fablico federal, com o objetivo de realizar uma doa\u00e7\u00e3o a uma institui\u00e7\u00e3o de caridade que se encontrava em p\u00e9ssima situa\u00e7\u00e3o financeira, pleiteou aux\u00edlio financeiro do representante de uma empresa multinacional como condi\u00e7\u00e3o para cumprir sua miss\u00e3o, o<br \/>ser atendido em seu pleito pela empresa, Carlos aprontamento concretizou a doa\u00e7\u00e3o no valor integral que havia recebido Assertiva: Nessa situa\u00e7\u00e3o, tendo em vista que Carlos n\u00e3o reteve para si qualquer quantia da doa\u00e7\u00e3o recebida, sua atitude encontra respaldo no CEPSPC.<br \/><strong><em><strong><em><strong><mark style=\"background-color:#ec6666\" class=\"has-inline-color has-black-color\"><em>Resposta:<\/em> ERRADO<\/mark><\/strong><\/em><\/strong><\/em><\/strong><\/p>\n\n\n\n<p><strong>Quest\u00e3o 17:&nbsp;Situa\u00e7\u00e3o hipot\u00e9tica:<\/strong> Bruno, servidor p\u00fablico federal, todos os dias, ap\u00f3s o t\u00e9rmino do seu expediente, dirige-se a um bar muito frequentado da cidade em que reside para ingerir bebida alc\u00f3olica. Nessas ocasi\u00f5es, habitualmente, Bruno \u00e9 visto embriagado pelos demais frequentadores do bar. Por volta das 22 h, ele costuma ir para sua casa, de forma que esse comportamento n\u00e3o afeta o seu desempenho profissional. Assertiva: Nessa situa\u00e7\u00e3o, a embriaguez habitual de Bruno fora do ambiente de trabalho n\u00e3o fere o CEPSPC, uma vez que se trata de conduta do dia a dia da vida privada, que n\u00e3o pode afetar o seu bom conceito na vida profissional.<br \/><strong><em><strong><em><strong><mark style=\"background-color:#ec6666\" class=\"has-inline-color has-black-color\"><em>Resposta:<\/em> ERRADO<\/mark><\/strong><\/em><\/strong><\/em><\/strong><\/p>\n\n\n\n<p>Julgue os itens subsequentes, a respeito do Sistema de Gest\u00e3o da \u00c9tica do Poder Executivo Federal.<\/p>\n\n\n\n<p><strong>Quest\u00e3o 18:&nbsp;<\/strong>A Comiss\u00e3o de \u00c9tica P\u00fablica \u00e9 integrada por brasileiros que preencham os requisitos de idoneidade moral, reputa\u00e7\u00e3o ilibada e not\u00f3ria experi\u00eancia em administra\u00e7\u00e3o p\u00fablica, designados para mandatos de dois anos, sendo vedada a recondu\u00e7\u00e3o.<br \/><strong><em><strong><em><strong><mark style=\"background-color:#ec6666\" class=\"has-inline-color has-black-color\"><em>Resposta:<\/em> ERRADO<\/mark><\/strong><\/em><\/strong><\/em><\/strong><\/p>\n\n\n\n<p><strong>Quest\u00e3o 19:&nbsp;<\/strong>No \u00e2mbito das comiss\u00f5es de \u00e9tica, caso se conclua pela exist\u00eancia de falta \u00e9tica ap\u00f3s a instru\u00e7\u00e3o processual, poder\u00e1 ser adotada, entre outras, a provid\u00eancia de recomenda\u00e7\u00e3o de<br \/>abertura de procedimento administrativo, se a gravidade da conduta assim o exigir.<br \/><strong><em><strong><mark style=\"background-color:#00d084\" class=\"has-inline-color has-black-color\"><em>Resposta: <\/em>CERTO<\/mark><\/strong><\/em><\/strong><\/p>\n\n\n\n<p><strong>Quest\u00e3o 20:&nbsp;<\/strong>A atua\u00e7\u00e3o da Comiss\u00e3o de \u00c9tica P\u00fablica poder\u00e1 ser provocada por qualquer cidad\u00e3o, agente p\u00fablico, pessoa jur\u00eddica de direito privado, associa\u00e7\u00e3o ou entidade de classe, visando a apura\u00e7\u00e3o de infra\u00e7\u00e3o \u00e9tica imputada a agente p\u00fablico, \u00f3rg\u00e3o ou setor espec\u00edfico de ente estatal.<br \/><strong><em><strong><mark style=\"background-color:#00d084\" class=\"has-inline-color has-black-color\"><em>Resposta: <\/em>CERTO<\/mark><\/strong><\/em><\/strong><\/p>\n\n\n\n<ul class=\"has-background has-medium-font-size wp-block-list\" style=\"background:linear-gradient(135deg,rgb(173,221,248) 0%,rgba(93,99,199,0.93) 100%);font-style:normal;font-weight:700\"><li><a href=\"https:\/\/www.estrategiaconcursos.com.br\/blog\/concurso-inss-comentarios-prova-de-etica\/\" target=\"_blank\" rel=\"noreferrer noopener\">Confira os coment\u00e1rios das quest\u00f5es de \u00c9tica<\/a><\/li><\/ul>\n\n\n\n<h3 class=\"has-pale-cyan-blue-background-color has-background has-medium-font-size wp-block-heading\"><strong>Direito Constitucional<\/strong><\/h3>\n\n\n\n<p>No que diz respeito a direitos e garantias fundamentais, julgue os itens a seguir.<\/p>\n\n\n\n<p><strong>Quest\u00e3o 21:&nbsp;<\/strong>A casa \u00e9 asilo inviol\u00e1vel do indiv\u00edduo e nela ningu\u00e9m poder\u00e1 ingressar sem o consentimento do morador, salvo se houver determina\u00e7\u00e3o judicial para o ingresso.<br \/><strong><em><strong><mark style=\"background-color:#00d084\" class=\"has-inline-color has-black-color\"><em>Resposta: <\/em>CERTO<\/mark><\/strong><\/em><\/strong><\/p>\n\n\n\n<p><strong>Quest\u00e3o 22:&nbsp;<\/strong>O direito de reuni\u00e3o est\u00e1 assegurado a todos, desde que observados os seguintes requisitos constitucionais: car\u00e1ter pac\u00edfico; localiza\u00e7\u00e3o aberta ao p\u00fablico; pr\u00e9via autoriza\u00e7\u00e3o da autoridade competente; e n\u00e3o frusta\u00e7\u00e3o de outra reuni\u00e3o anteriormente convocada para o mesmo local.<br \/><strong><em><strong><em><strong><mark style=\"background-color:#ec6666\" class=\"has-inline-color has-black-color\"><em>Resposta:<\/em> ERRADO<\/mark><\/strong><\/em><\/strong><\/em><\/strong><\/p>\n\n\n\n<p><strong>Quest\u00e3o 23:&nbsp;<\/strong>S\u00e3o equivalentes \u00e0s emendas constitucionais os tratados internacionais&#8230;<br \/><strong><em><strong><mark style=\"background-color:#00d084\" class=\"has-inline-color has-black-color\"><em>Resposta: <\/em>CERTO<\/mark><\/strong><\/em><\/strong><\/p>\n\n\n\n<p><strong>Quest\u00e3o 24:&nbsp;<\/strong>O indiv\u00edduo que tomar posse em determinado cargo efetivo de uma autarquia federal&#8230;<br \/><strong><em><strong><em><strong><mark style=\"background-color:#ec6666\" class=\"has-inline-color has-black-color\"><em>Resposta:<\/em> ERRADO<\/mark><\/strong><\/em><\/strong><\/em><\/strong><\/p>\n\n\n\n<p><strong>Quest\u00e3o 25:&nbsp;<\/strong>A cassa\u00e7\u00e3o dos direitos pol\u00edticos \u00e9 poss\u00edvel nos casos de cancelamento da naturaliza\u00e7\u00e3o por senten\u00e7a transitada em julgado; incapacidade civil absoluta; condena\u00e7\u00e3o criminal transitada em julgado, enquanto durarem seus efeitos; recusa de cumprir obriga\u00e7\u00e3o a todos imposta ou presta\u00e7\u00e3o alternativa; e improbidade administrativa. <br \/><strong><em><strong><em><strong><mark style=\"background-color:#ec6666\" class=\"has-inline-color has-black-color\"><em>Resposta:<\/em> ERRADO<\/mark><\/strong><\/em><\/strong><\/em><\/strong><\/p>\n\n\n\n<p><strong>Quest\u00e3o 26:&nbsp;<\/strong>Brasileiros naturalizados podem ser eleitos membros da C\u00e2mara dos Deputados e do Senado Federal, caso cumpram, as demais condi\u00e7\u00f5es de elegibilidade, porque tais cargos n\u00e3o s\u00e3o privativos de brasileiros natos.<br \/><strong><em><strong><mark style=\"background-color:#00d084\" class=\"has-inline-color has-black-color\"><em>Resposta: <\/em>CERTO<\/mark><\/strong><\/em><\/strong><\/p>\n\n\n\n<p>Julgue os itens seguintes, relativos a administra\u00e7\u00e3o p\u00fablica. <\/p>\n\n\n\n<p><strong>Quest\u00e3o 27:&nbsp;<\/strong>Somente por lei espec\u00edfica poder\u00e1 ser criada autarquia e autorizada a institui\u00e7\u00e3o&#8230;<br \/><strong><em><strong><em><strong><mark style=\"background-color:#ec6666\" class=\"has-inline-color has-black-color\"><em>Resposta:<\/em> ERRADO<\/mark><\/strong><\/em><\/strong><\/em><\/strong><\/p>\n\n\n\n<p><strong>Quest\u00e3o 28:&nbsp;<\/strong>O servidor p\u00fablico est\u00e1vel perder\u00e1 o seu cargo de Provimento efetivo em virtude de: senten\u00e7a judicial transitada em julgado, processo administrativo em que lhe seja assegurada ampla defesa ou procedimento de avalia\u00e7\u00e3o peri\u00f3dica de desempenho, na forma de lei complementar, assegurada ampla defesa.<br \/><strong><em><strong><mark style=\"background-color:#00d084\" class=\"has-inline-color has-black-color\"><em>Resposta: <\/em>CERTO<\/mark><\/strong><\/em><\/strong><\/p>\n\n\n\n<p><strong>Quest\u00e3o 29:&nbsp;Situa\u00e7\u00e3o hipot\u00e9tica:<\/strong> uma servidora p\u00fablica do INSS, ocupante do cargo efetivo de t\u00e9cnico do seguro social, foi eleita deputada federal nas elei\u00e7\u00f5es de 2022. <strong>Assertiva<\/strong>: nessa situa\u00e7\u00e3o, a Servidora ficar\u00e1 afastada de seu cargo efetivo no INSS para o exerc\u00edcio de mandato eletivo na C\u00e2mara dos Deputados, sendo esse tempo de servi\u00e7o contado para todos os efeitos legais, exceto para promo\u00e7\u00e3o por merecimento.<br \/><strong><em><strong><mark style=\"background-color:#00d084\" class=\"has-inline-color has-black-color\"><em>Resposta: <\/em>CERTO<\/mark><\/strong><\/em><\/strong><\/p>\n\n\n\n<p><strong>Quest\u00e3o 30:&nbsp;<\/strong>Em regra, \u00e9 vedada a acumula\u00e7\u00e3o remunerada de cargos p\u00fablicos. Essa veda\u00e7\u00e3o estende-se a empregos e fun\u00e7\u00f5es e abrange autarquias, funda\u00e7\u00f5es, empresas. p\u00fablicas, sociedades. de economia mista, suas subsidi\u00e1rias, e sociedades controladas, direta ou indiretamente, pelo poder p\u00fablico.<br \/><strong><em><strong><mark style=\"background-color:#00d084\" class=\"has-inline-color has-black-color\"><em>Resposta: <\/em>CERTO<\/mark><\/strong><\/em><\/strong><\/p>\n\n\n\n<h3 class=\"has-pale-cyan-blue-background-color has-background has-medium-font-size wp-block-heading\"><strong>Direito Administrativo<\/strong><\/h3>\n\n\n\n<p>No que diz respeito \u00e0 administra\u00e7\u00e3o p\u00fablica, \u00e0s fontes do direito administrativo, \u00e0 organiza\u00e7\u00e3o administrativa da Uni\u00e3o, \u00e0 Lei n.\u00ba 8.112\/1990 e aos poderes administrativos, julgue os itens que se seguem.<\/p>\n\n\n\n<p><strong>Quest\u00e3o 31:&nbsp;<\/strong>Em sentido subjetivo, formal ou org\u00e2nico, a administra\u00e7\u00e3o p\u00fablica consiste no conjunto de \u00f3rg\u00e3os, entidades e agentes estatais no exerc\u00edcio da fun\u00e7\u00e3o administrativa do Estado. J\u00e1 a administra\u00e7\u00e3o p\u00fablica em sentido objetivo, material ou funcional designa o conjunto de atividades administrativas<br \/>exercidas pelo Estado para a consecu\u00e7\u00e3o dos interesses coletivos.<br \/><strong><em><strong><mark style=\"background-color:#00d084\" class=\"has-inline-color has-black-color\"><em>Resposta: <\/em>CERTO<\/mark><\/strong><\/em><\/strong><\/p>\n\n\n\n<p><strong>Quest\u00e3o 32:&nbsp;<\/strong>De acordo com a Lei n\u00ba$.112\/1990, s\u00e3o formas de provimento de cargo p\u00fablico: nomea\u00e7\u00e3o, promo\u00e7\u00e3o, ascens\u00e3o, \u2014 transfer\u00eancia \u2014 readapta\u00e7\u00e3o, \u2014 revers\u00e3o, aproveitamento, reintegra\u00e7\u00e3o e recondu\u00e7\u00e3o,<br \/><strong><em><strong><em><strong><mark style=\"background-color:#ec6666\" class=\"has-inline-color has-black-color\"><em>Resposta:<\/em> ERRADO<\/mark><\/strong><\/em><\/strong><\/em><\/strong><\/p>\n\n\n\n<p><strong>Quest\u00e3o 33:&nbsp;<\/strong>O INSS \u00e9 uma autarquia federal subordinada ao Minist\u00e9rio do Trabalho e Previd\u00eancia.<br \/><strong><em><strong><em><strong><mark style=\"background-color:#ec6666\" class=\"has-inline-color has-black-color\"><em>Resposta:<\/em> ERRADO<\/mark><\/strong><\/em><\/strong><\/em><\/strong><\/p>\n\n\n\n<p><strong>Quest\u00e3o 34:&nbsp;<\/strong>A lei \u00e9 considerada a fonte primordial do direito administrativo brasileiro, raz\u00e3o por que esse ramo do direito p\u00fablico nacional se encontra codificado, ou seja, as normas administrativas est\u00e3o reunidas em um s\u00f3 corpo de leis.<br \/><strong><em><strong><em><strong><mark style=\"background-color:#ec6666\" class=\"has-inline-color has-black-color\"><em>Resposta:<\/em> ERRADO<\/mark><\/strong><\/em><\/strong><\/em><\/strong><\/p>\n\n\n\n<p><strong>Quest\u00e3o 35:&nbsp;<\/strong>O abuso de poder \u00e9 tratado pela doutrina majorit\u00e1ria como. g\u00eanero cujas esp\u00e9cies s\u00e3o: o excesso de poder, que ocorre quando o agente p\u00fablico atua nos limites de sua compet\u00eancia legalmente definida, mas visando a um fim diverso da consecu\u00e7\u00e3o do interesse p\u00fablico; e o desvio de poder, que se d\u00e1 quando o agente p\u00fablico exorbita da compet\u00eancia que lhe foi legalmente atribu\u00edda.<br \/><strong><em><strong><em><strong><mark style=\"background-color:#ec6666\" class=\"has-inline-color has-black-color\"><em>Resposta:<\/em> ERRADO<\/mark><\/strong><\/em><\/strong><\/em><\/strong><\/p>\n\n\n\n<p>Julgue os&nbsp; pr\u00f3ximos itens, referentes ao ato administrativo, aos servi\u00e7os p\u00fablicos, \u00e0 responsabilidade civil do Estado e \u00e0s Leis n.\u00ba 8.429\/199e e n.\u00ba 9.784\/1999.<\/p>\n\n\n\n<p><strong>Quest\u00e3o 36:&nbsp;<\/strong>Com base na teoria do risco administrativo, admite-se pesquisa em torno da culpa da v\u00edtima, a fim de abrandar ou excluir a responsabilidade civil objetiva das pessoas jur\u00eddicas de direito p\u00fablico e das pessoas jur\u00eddicas de direito privado prestadoras de servi\u00e7o p\u00fablico.<br \/><strong><em><strong><mark style=\"background-color:#00d084\" class=\"has-inline-color has-black-color\"><em>Resposta: <\/em>CERTO<\/mark><\/strong><\/em><\/strong><\/p>\n\n\n\n<p><strong>Quest\u00e3o 37: <\/strong>Ser\u00e1 impedido de atuar em processo administrativo o servidor p\u00fablico que tiver interesse direito ou indireto na mat\u00e9ria. Al\u00e9m disso, poder\u00e1 ser arguida a suspei\u00e7\u00e3o de autoridade que tenha amizade \u00cdntima ou inimizade not\u00f3ria com algum dos interessados nesse processo.<br \/><strong><em><strong><mark style=\"background-color:#00d084\" class=\"has-inline-color has-black-color\"><em>Resposta: <\/em>CERTO<\/mark><\/strong><\/em><\/strong><\/p>\n\n\n\n<p><strong>Quest\u00e3o 38:&nbsp;<\/strong>A administra\u00e7\u00e3o pode revogar seus pr\u00f3prios atos, quando eivados de v\u00edcios que os tornem ilegais, porque deles n\u00e3o se originam direitos, podendo, ainda, anul\u00e1-los por motivo de conveni\u00eancia ou oportunidade, respeitados os direitos adquiridos.<br \/><strong><em><strong><em><strong><mark style=\"background-color:#ec6666\" class=\"has-inline-color has-black-color\"><em>Resposta:<\/em> ERRADO<\/mark><\/strong><\/em><\/strong><\/em><\/strong><\/p>\n\n\n\n<p><strong>Quest\u00e3o 39: <\/strong>Ainda que n\u00e3o seja agente p\u00fablico, aquele que induzir ou concorrer culposa ou dolosamente para a pr\u00e1tica de ato de improbidade administrativa sujeitar-se-\u00e1, no que couber, \u00e0s disposi\u00e7\u00f5es da Lei n.\u00ba 8.429\/1992,<br \/><strong><em><strong><em><strong><mark style=\"background-color:#ec6666\" class=\"has-inline-color has-black-color\"><em>Resposta:<\/em> ERRADO<\/mark><\/strong><\/em><\/strong><\/em><\/strong><\/p>\n\n\n\n<p><strong>Quest\u00e3o 40:&nbsp;<\/strong>A concess\u00e3o de servi\u00e7o p\u00fablico consiste na delega\u00e7\u00e3o de sua presta\u00e7\u00e3o, feita pelo poder concedente, por meio de licita\u00e7\u00e3o, na modalidade concorr\u00eancia ou di\u00e1logo competitivo, a pessoa jur\u00eddica ou a cons\u00f3rcio de empresas que demonstre capacidade para o seu desempenho, por sua conta e risco e por prazo determinado.<br \/><strong><em><strong><mark style=\"background-color:#00d084\" class=\"has-inline-color has-black-color\"><em>Resposta: <\/em>CERTO<\/mark><\/strong><\/em><\/strong><\/p>\n\n\n\n<h3 class=\"has-pale-cyan-blue-background-color has-background has-medium-font-size wp-block-heading\"><strong>Conhecimentos b\u00e1sicos &#8211; Inform\u00e1tica <\/strong><\/h3>\n\n\n\n<figure class=\"wp-block-image aligncenter size-full is-resized\"><img loading=\"lazy\" decoding=\"async\" src=\"https:\/\/dhg1h5j42swfq.cloudfront.net\/2022\/11\/27183751\/image-218.png\" alt=\"Gabarito INSS: prova\" class=\"wp-image-1130113\" width=\"470\" height=\"234\" srcset=\"https:\/\/dhg1h5j42swfq.cloudfront.net\/2022\/11\/27183751\/image-218.png 608w, https:\/\/dhg1h5j42swfq.cloudfront.net\/2022\/11\/27183751\/image-218-300x150.png 300w, https:\/\/dhg1h5j42swfq.cloudfront.net\/2022\/11\/27183751\/image-218-150x75.png 150w\" sizes=\"auto, (max-width: 470px) 100vw, 470px\" \/><\/figure>\n\n\n\n<p>Tendo como base a figura anterior, julgue os seguintes intens<\/p>\n\n\n\n<p><strong>Quest\u00e3o 41:&nbsp;<\/strong>Os <em>cookies<\/em>, mencionados no texto da figura apresentada, podem salvar configura\u00e7\u00f5es dos usu\u00e1rios em um arquivo armazenado nos computadores desses usu\u00e1rios.<br \/><strong><em><strong><mark style=\"background-color:#00d084\" class=\"has-inline-color has-black-color\"><em>Resposta: <\/em>CERTO<\/mark><\/strong><\/em><\/strong><\/p>\n\n\n\n<p><strong>Quest\u00e3o 42:&nbsp;<\/strong>De acordo com o trecho destacado na barra de endere\u00e7o mostrada na figura em apre\u00e7o (cadeado seguido do trecho https:\/\/), \u00e9 correto afirmar que a p\u00e1gina em quest\u00e3o \u00e9 parte da intranet do INSS, acess\u00edvel somente por meio de senha, conforme indica o s\u00edmbolo do cadeado \u00e0 esquerda do endere\u00e7o.<br \/><strong><em><strong><em><strong><mark style=\"background-color:#ec6666\" class=\"has-inline-color has-black-color\"><em>Resposta:<\/em> ERRADO<\/mark><\/strong><\/em><\/strong><\/em><\/strong><\/p>\n\n\n\n<figure class=\"wp-block-image aligncenter size-full\"><img loading=\"lazy\" decoding=\"async\" width=\"272\" height=\"200\" src=\"https:\/\/dhg1h5j42swfq.cloudfront.net\/2022\/11\/27184042\/image-219.png\" alt=\"Gabarito INSS: tabela com produtos e valores\" class=\"wp-image-1130115\" srcset=\"https:\/\/dhg1h5j42swfq.cloudfront.net\/2022\/11\/27184042\/image-219.png 272w, https:\/\/dhg1h5j42swfq.cloudfront.net\/2022\/11\/27184042\/image-219-150x110.png 150w\" sizes=\"auto, (max-width: 272px) 100vw, 272px\" \/><\/figure>\n\n\n\n<p>Na planilha mostrada na figura ao lado, que representa um conjunto de c\u00e9lulas no MS Excel 365, foi realizada a seguinte sequ\u00eancia de a\u00e7\u00f5es:<\/p>\n\n\n\n<ul class=\"wp-block-list\"><li>todas as c\u00e9lulas mostradas foram selecionadas;<\/li><li>foi selecionada a op\u00e7\u00e3o <strong>Remover Duplicadas<\/strong>;<\/li><li>foram selecionadas todas as colunas na caixa de di\u00e1logo <strong>Remover Duplicadas<\/strong> e, em seguida, clicou-se no bot\u00e3o OK.<\/li><\/ul>\n\n\n\n<p>Nessa situa\u00e7\u00e3o hipot\u00e9tica<\/p>\n\n\n\n<p><strong>Quest\u00e3o 43:&nbsp;<\/strong>nenhuma linha da planilha foi apagada.<br \/><strong><em><strong><mark style=\"background-color:#00d084\" class=\"has-inline-color has-black-color\"><em>Resposta: <\/em>CERTO<\/mark><\/strong><\/em><\/strong><\/p>\n\n\n\n<p>Julgue os pr\u00f3ximos itens, acerca de Windows 10 e seguran\u00e7a da informa\u00e7\u00e3o<\/p>\n\n\n\n<p><strong>Quest\u00e3o 44:&nbsp;<\/strong><em>Phishing <\/em>\u00e9 um tipo de invas\u00e3o mediante o uso de <em>software <\/em>malicioso que torna inacess\u00edveis os dados armazenados no equipamento invadido, geralmente usando criptografia, no qual o agente invasor exige o pagamento de resgate para restabelecer o acesso do usu\u00e1rio aos dados afetados.<br \/><strong><em><strong><em><strong><mark style=\"background-color:#ec6666\" class=\"has-inline-color has-black-color\"><em>Resposta:<\/em> ERRADO<\/mark><\/strong><\/em><\/strong><\/em><\/strong><\/p>\n\n\n\n<p><strong>Quest\u00e3o 45:&nbsp;<\/strong>O recurso BitLocker, ferramenta de criptografia presente no Windows 10, possibilita que o usu\u00e1rio proteja a privacidade de seus dados.<br \/><strong><em><strong><mark style=\"background-color:#00d084\" class=\"has-inline-color has-black-color\"><em>Resposta: <\/em>CERTO<\/mark><\/strong><\/em><\/strong><\/p>\n\n\n\n<h3 class=\"has-pale-cyan-blue-background-color has-background has-medium-font-size wp-block-heading\"><strong>Conhecimentos b\u00e1sicos &#8211; Racioc\u00ednio L\u00f3gico Matem\u00e1tica<\/strong><\/h3>\n\n\n\n<p>Ao realizar um levantamento de informa\u00e7\u00f5es solicitado por seu chefe, um t\u00e9cnico do seguro social verificou que, entre os segurados que apresentaram suas demandas ao longo da semana anterior, 75% receberam algum atendimento remoto (por telefone, aplicativo ou Internet) e em 35% receberam atendimento presencial. houve casos em que os atendimentos foram iniciados no modo remoto, mas, devido \u00e0s suas complexidades, precisaram ser conclu\u00eddos presencialmente.<\/p>\n\n\n\n<p>Com base nessa situa\u00e7\u00e3o hipot\u00e9tica, julgue os itens seguintes<\/p>\n\n\n\n<p><strong>Quest\u00e3o 46:&nbsp;<\/strong>Se 20% dos segurados que buscaram atendimento presencial fizeram para solicitar a reativa\u00e7\u00e3o do benef\u00edcio de presta\u00e7\u00e3o. continuada (BPC), ent\u00e3o 10% do total de benefici\u00e1rios que buscaram atendimento pleiteavam a reativa\u00e7\u00e3o do BPC<br \/><strong><em><strong><em><strong><mark style=\"background-color:#ec6666\" class=\"has-inline-color has-black-color\"><em>Resposta:<\/em> ERRADO<\/mark><\/strong><\/em><\/strong><\/em><\/strong><\/p>\n\n\n\n<p><strong>Quest\u00e3o 47:&nbsp;<\/strong>Se havia somente as duas modalidades de atendimento descritas, \u00e9 correto concluir que 10% dos segurados passaram pelas duas modalidades de atendimento em suas demandas.<br \/><strong><em><strong><mark style=\"background-color:#00d084\" class=\"has-inline-color has-black-color\"><em>Resposta: <\/em>CERTO<\/mark><\/strong><\/em><\/strong><\/p>\n\n\n\n<p><strong>P<\/strong>: Nos processos de justifica\u00e7\u00f5es administrativas, quando o segurado apresentar testemunhas com valor de prova, a ag\u00eancia fornecer\u00e1 um servidor exclusivo para o atendimento.<\/p>\n\n\n\n<p>A partir da proposi\u00e7\u00e3o procedente, julgue os itens a seguir:<\/p>\n\n\n\n<p><strong>Quest\u00e3o 48:&nbsp;<\/strong>A tabela-verdade associada \u00e0 proposi\u00e7\u00e3o P possui oito linhas.<br \/><strong><em><strong><em><strong><mark style=\"background-color:#ec6666\" class=\"has-inline-color has-black-color\"><em>Resposta:<\/em> ERRADO<\/mark><\/strong><\/em><\/strong><\/em><\/strong><\/p>\n\n\n\n<p><strong>Quest\u00e3o 49:&nbsp;<\/strong>A proposi\u00e7\u00e3o &#8220;o segurado apresentar testemunhas com ou sem valor de prova\u201d \u00e9 uma tautologia.<br \/><strong><em><strong><mark style=\"background-color:#00d084\" class=\"has-inline-color has-black-color\"><em>Resposta: <\/em>CERTO<\/mark><\/strong><\/em><\/strong><\/p>\n\n\n\n<p><strong>Quest\u00e3o 50:&nbsp;<\/strong>H\u00e1 apenas uma possibilidade de combina\u00e7\u00e3o de valores l\u00f3gicos para as proposi\u00e7\u00f5es simples que comp\u00f5em P que a tornam falsa.<br \/><strong><em><strong><mark style=\"background-color:#00d084\" class=\"has-inline-color has-black-color\"><em>Resposta: <\/em>CERTO<\/mark><\/strong><\/em><\/strong><\/p>\n\n\n\n<p>No que diz respeito aos princ\u00edpios constitucionais da seguridade social, julgue os itens a seguir<\/p>\n\n\n\n<p><strong>Quest\u00e3o 51:&nbsp;<\/strong>O princ\u00edpio democr\u00e1tico exige a necessidade de envolvimento de diversos segmentos na administra\u00e7\u00e3o do Sistema de seguridade, de forma que sua gest\u00e3o deve contar com a participa\u00e7\u00e3o dos trabalhadores, dos empregadores, dos aposentados e do governo.<br \/><strong><em>Resposta:<\/em><\/strong> <strong><em><strong><mark style=\"background-color:#00d084\" class=\"has-inline-color has-black-color\"><em>Resposta: <\/em>CERTO<\/mark><\/strong><\/em><\/strong><\/p>\n\n\n\n<h3 class=\"has-background has-medium-font-size wp-block-heading\" style=\"background-color:#eaecec\"><strong>Conhecimentos espec\u00edficos <\/strong><\/h3>\n\n\n\n<p><strong>Quest\u00e3o 52:&nbsp;<\/strong>S\u00e3o garantidas a uniformidade e a equival\u00eancia dos benef\u00edcios e servi\u00e7os \u00e0s popula\u00e7\u00f5es urbanas e rurais, embora n\u00e3o se objetive a equidade na forma de participa\u00e7\u00e3o no custeio.<br \/><strong><em><strong><em><strong><em><strong><em><strong><mark style=\"background-color:#ec6666\" class=\"has-inline-color has-black-color\"><em>Resposta:<\/em> ERRADO<\/mark><\/strong><\/em><\/strong><\/em><\/strong><\/em><\/strong><\/em><\/strong><\/p>\n\n\n\n<p>Julgue os itens que seguem a respeito da aplica\u00e7\u00e3o das normas previdenci\u00e1rias.<\/p>\n\n\n\n<p><strong>Quest\u00e3o 53:&nbsp;<\/strong>O princ\u00edpio da territorialidade vige no \u00e2mbito do direito previdenci\u00e1rio, raz\u00e3o por que \u00e9 vedada a aplica\u00e7\u00e3o da norma brasileira desse ramo do direito fora do territ\u00f3rio nacional.<br \/><strong><em><strong><em><strong><em><strong><mark style=\"background-color:#ec6666\" class=\"has-inline-color has-black-color\"><em>Resposta:<\/em> ERRADO<\/mark><\/strong><\/em><\/strong><\/em><\/strong><\/em><\/strong><\/p>\n\n\n\n<p><strong>Quest\u00e3o 54:&nbsp;<\/strong>No direito previdenci\u00e1rio, a lei nova n\u00e3o surte efeitos pret\u00e9ritos, salvo se em benef\u00edcio de infratores de norma de custeio.<br \/><strong><em><strong><em><strong><em><strong><em><strong><mark style=\"background-color:#ec6666\" class=\"has-inline-color has-black-color\"><em>Resposta:<\/em> ERRADO<\/mark><\/strong><\/em><\/strong><\/em><\/strong><\/em><\/strong><\/em><\/strong><\/p>\n\n\n\n<p>Com rela\u00e7\u00e3o ao regime geral de previd\u00eancia social (RGPS), julgue os itens subsequentes<\/p>\n\n\n\n<p><strong>Quest\u00e3o 55:&nbsp;<\/strong>\u00c9 considerado segurado obrigat\u00f3rio o exercente de mandato eletivo federal, estadual ou municipal, desde que n\u00e3o vinculado a regime pr\u00f3prio de previd\u00eancia social (RPPS).<\/p>\n\n\n\n<p><strong><em><strong><em><strong><mark style=\"background-color:#00d084\" class=\"has-inline-color has-black-color\"><em>Resposta: <\/em>CERTO<\/mark><\/strong><\/em><\/strong><\/em><\/strong><\/p>\n\n\n\n<p><strong>Quest\u00e3o 56:&nbsp;<\/strong>A filia\u00e7\u00e3o de um segurado obrigat\u00f3rio \u00e0 previd\u00eancia social se concretiza com o pagamento da primeira contribui\u00e7\u00e3o previdenci\u00e1ria desse segurado.<br \/><strong><em><strong><em><strong><em><strong><em><strong><em><strong><mark style=\"background-color:#ec6666\" class=\"has-inline-color has-black-color\"><em>Resposta:<\/em> ERRADO<\/mark><\/strong><\/em><\/strong><\/em><\/strong><\/em><\/strong><\/em><\/strong><\/em><\/strong><\/p>\n\n\n\n<p><strong>Quest\u00e3o 57:&nbsp;<\/strong>Para fins previdenci\u00e1rios, considera-se empresa a firma individual ou sociedade que assume risco de atividade econ\u00f4mica, a ela equiparando-se a cooperativa e a miss\u00e3o diplom\u00e1tica.<br \/><strong><em><strong><em><strong><em><strong><mark style=\"background-color:#00d084\" class=\"has-inline-color has-black-color\"><em>Resposta: <\/em>CERTO<\/mark><\/strong><\/em><\/strong><\/em><\/strong><\/em><\/strong><\/p>\n\n\n\n<p><strong>Quest\u00e3o 58:&nbsp;Situa\u00e7\u00e3o hipot\u00e9tica: <\/strong>Daniel, pessoa f\u00edsica residente em im\u00f3vel rural, desenvolve, como produtor e de forma individual, atividade agropecu\u00e1ria em \u00e1rea de tr\u00eas m\u00f3dulos fiscais, com explora\u00e7\u00e3o de atividade tur\u00edstica na propriedade rural n\u00e3o descaracteriza a condi\u00e7\u00e3o de segurado especial de Daniel.<br \/><strong><em><strong><em><strong><em><strong><em><strong><mark style=\"background-color:#00d084\" class=\"has-inline-color has-black-color\"><em>Resposta: <\/em>CERTO<\/mark><\/strong><\/em><\/strong><\/em><\/strong><\/em><\/strong><\/em><\/strong><\/p>\n\n\n\n<p><strong>Quest\u00e3o 59:&nbsp;<\/strong>S\u00e3o segurados facultativos: o ministro de confiss\u00e3o religiosa e o membro de instituto de vida consagrada, de congrega\u00e7\u00e3o \u201cou de ordem religiosa.<br \/><strong><em><strong><em><strong><em><strong><em><strong><em><strong><em><strong><mark style=\"background-color:#ec6666\" class=\"has-inline-color has-black-color\"><em>Resposta:<\/em> ERRADO<\/mark><\/strong><\/em><\/strong><\/em><\/strong><\/em><\/strong><\/em><\/strong><\/em><\/strong><\/em><\/strong><\/p>\n\n\n\n<p><strong>Quest\u00e3o 60:&nbsp;<\/strong>Ser\u00e1 segurado obrigat\u00f3rio, na qualidade de contribuinte individual, o brasileiro contratado no Brasil para trabalhar como empregado em empresa domiciliada no exterior, cuja maioria do capital votante perten\u00e7a a empresa brasileira de capital nacional.<br \/><strong><em><strong><em><strong><em><strong><em><strong><em><strong><em><strong><mark style=\"background-color:#ec6666\" class=\"has-inline-color has-black-color\"><em>Resposta:<\/em> ERRADO<\/mark><\/strong><\/em><\/strong><\/em><\/strong><\/em><\/strong><\/em><\/strong><\/em><\/strong><\/em><\/strong><\/p>\n\n\n\n<p>Acerca do conceito previdenci\u00e1rio de empresa e de empregador dom\u00e9stico e do financiamento da seguridade social, julgue os itens que se seguem.<\/p>\n\n\n\n<p><strong>Quest\u00e3o 61:&nbsp;<\/strong>Do ponto de vista previdenci\u00e1rio, considera-se empresa a firma individual ou sociedade que assume o risco de atividade econ\u00f4mica urbana ou rural, com fins lucrativos, exclu\u00eddos os \u00f3rg\u00e3os e entidades da administra\u00e7\u00e3o p\u00fablica direta, indireta ou fundacional.<br \/><strong><em><strong><em><strong><em><strong><em><strong><em><strong><em><strong><mark style=\"background-color:#ec6666\" class=\"has-inline-color has-black-color\"><em>Resposta:<\/em> ERRADO<\/mark><\/strong><\/em><\/strong><\/em><\/strong><\/em><\/strong><\/em><\/strong><\/em><\/strong><\/em><\/strong><\/p>\n\n\n\n<p><strong>Quest\u00e3o 62:&nbsp;<\/strong>Em raz\u00e3o do princ\u00edpio da pessoalidade, considera-se empregador dom\u00e9stico exclusivamente a pessoa f\u00edsica ou a fam\u00edlia que admite a ser servi\u00e7o, sem finalidade lucrativa, empregado dom\u00e9stico.<br \/><strong><em><strong><em><strong><em><strong><em><strong><em><strong><mark style=\"background-color:#00d084\" class=\"has-inline-color has-black-color\"><em>Resposta: <\/em>CERTO<\/mark><\/strong><\/em><\/strong><\/em><\/strong><\/em><\/strong><\/em><\/strong><\/em><\/strong><\/p>\n\n\n\n<p><strong>Quest\u00e3o 63:&nbsp;<\/strong>Constituem contribui\u00e7\u00f5es sociais, entre outras, as receitas das empresas, incidentes sobre a remunera\u00e7\u00e3o paga ou creditada aos segurados a seu servi\u00e7o.<br \/><strong><em><strong><em><strong><em><strong><em><strong><em><strong><em><strong><em><strong><mark style=\"background-color:#ec6666\" class=\"has-inline-color has-black-color\"><em>Resposta:<\/em> ERRADO<\/mark><\/strong><\/em><\/strong><\/em><\/strong><\/em><\/strong><\/em><\/strong><\/em><\/strong><\/em><\/strong><\/em><\/strong><\/p>\n\n\n\n<p><strong>Quest\u00e3o 64:&nbsp;<\/strong>As multas e os juros morat\u00f3rios constituem outras receitas da seguridade social, nas quais n\u00e3o se inclui a atualiza\u00e7\u00e3o monet\u00e1ria.<br \/><strong><em><strong><em><strong><em><strong><em><strong><em><strong><em><strong><em><strong><mark style=\"background-color:#ec6666\" class=\"has-inline-color has-black-color\"><em>Resposta:<\/em> ERRADO<\/mark><\/strong><\/em><\/strong><\/em><\/strong><\/em><\/strong><\/em><\/strong><\/em><\/strong><\/em><\/strong><\/em><\/strong><\/p>\n\n\n\n<p><strong>Quest\u00e3o 65:&nbsp;<\/strong>\u00c9 obriga\u00e7\u00e3o das companhias seguradoras que mant\u00eam o seguro obrigat\u00f3rio de danos pessoais causados por ve\u00edculos automotores de vias terrestres o repasse \u00e0 seguridade social de 50% do valor total do pr\u00eamio recolhido e destinado ao Sistema \u00fanico de Sa\u00fade para custeio da assist\u00eancia m\u00e9dico-hospitalar dos segurados vitimados em acidentes de tr\u00e2nsito.<br \/><strong><em><strong><em><strong><em><strong><em><strong><em><strong><em><strong><mark style=\"background-color:#00d084\" class=\"has-inline-color has-black-color\"><em>Resposta: <\/em>CERTO<\/mark><\/strong><\/em><\/strong><\/em><\/strong><\/em><\/strong><\/em><\/strong><\/em><\/strong><\/em><\/strong><\/p>\n\n\n\n<p><strong>Quest\u00e3o 66:<\/strong> A contribui\u00e7\u00e3o empresarial destinada \u00e0 seguridade social de associa\u00e7\u00e3o desportiva que mant\u00e9m equipe de futebol profissional corresponde a 20% da receita bruta decorrente dos espet\u00e1culos desportivos de que participe em todo territ\u00f3rio nacional, em qualquer modalidade desportiva, inclusive jogos internacionais, e de 5% da receita de qualquer forma de patroc\u00ednio, licenciamento de uso de marcas e s\u00edmbolos, publicidade, propaganda e de transmiss\u00e3o de espet\u00e1culos desportivos.<br \/><strong><em><strong><em><strong><em><strong><em><strong><em><strong><em><strong><em><strong><em><strong><mark style=\"background-color:#ec6666\" class=\"has-inline-color has-black-color\"><em>Resposta:<\/em> ERRADO<\/mark><\/strong><\/em><\/strong><\/em><\/strong><\/em><\/strong><\/em><\/strong><\/em><\/strong><\/em><\/strong><\/em><\/strong><\/em><\/strong><\/p>\n\n\n\n<p>Julgue os itens subsequentes, relativos ao sal\u00e1rio de contribui\u00e7\u00e3o.<\/p>\n\n\n\n<p><strong>Quest\u00e3o 67:&nbsp;<\/strong>Para o trabalhador, os valores relativos ao sal\u00e1rio de contribui\u00e7\u00e3o que forem sonegados n\u00e3o ser\u00e3o computados para fins de c\u00e1lculo de benef\u00edcios como aposentadoria, aux\u00edlio-doen\u00e7a, sal\u00e1rio-maternidade ou mesmo pens\u00e3o por morte.<br \/><mark style=\"background-color:#cde2f5\" class=\"has-inline-color\"><strong><em>Resposta:<\/em> ANULAR<\/strong><\/mark><\/p>\n\n\n\n<p><strong>Quest\u00e3o 68:&nbsp;<\/strong>Em regra, o limite m\u00ednimo do sal\u00e1rio de contribui\u00e7\u00e3o corresponde, para os segurados facultativos, ao piso salarial legal ou normativo da categoria.<br \/><strong><em><strong><em><strong><em><strong><em><strong><em><strong><em><strong><em><strong><em><strong><mark style=\"background-color:#ec6666\" class=\"has-inline-color has-black-color\"><em>Resposta:<\/em> ERRADO<\/mark><\/strong><\/em><\/strong><\/em><\/strong><\/em><\/strong><\/em><\/strong><\/em><\/strong><\/em><\/strong><\/em><\/strong><\/em><\/strong><\/p>\n\n\n\n<p><strong>Quest\u00e3o 69:&nbsp;<\/strong>Sal\u00e1rio de contribui\u00e7\u00e3o \u00e9 o valor que serve de base de incid\u00eancia das al\u00edquotas das contribui\u00e7\u00f5es previdenci\u00e1rias dos segurados, \u00e0 exce\u00e7\u00e3o do segurado especial.<br \/><strong><em><strong><em><strong><em><strong><em><strong><em><strong><em><strong><em><strong><mark style=\"background-color:#00d084\" class=\"has-inline-color has-black-color\"><em>Resposta: <\/em>CERTO<\/mark><\/strong><\/em><\/strong><\/em><\/strong><\/em><\/strong><\/em><\/strong><\/em><\/strong><\/em><\/strong><\/em><\/strong><\/p>\n\n\n\n<p><strong>Quest\u00e3o 70:&nbsp;<\/strong>O limite m\u00e1ximo do sal\u00e1rio de contribui\u00e7\u00e3o ser\u00e1 atualizado sempre que ocorrer altera\u00e7\u00e3o do valor dos benef\u00edcios previdenci\u00e1rios.<br \/><strong><em><strong><em><strong><em><strong><em><strong><em><strong><em><strong><em><strong><mark style=\"background-color:#00d084\" class=\"has-inline-color has-black-color\"><em>Resposta: <\/em>CERTO<\/mark><\/strong><\/em><\/strong><\/em><\/strong><\/em><\/strong><\/em><\/strong><\/em><\/strong><\/em><\/strong><\/em><\/strong><\/p>\n\n\n\n<p><strong>Quest\u00e3o 71:&nbsp;<\/strong>Respeitados os direitos adquiridos, nenhum benef\u00edcio previdenci\u00e1rio reajustado poder\u00e1 exceder o limite m\u00e1ximo do sal\u00e1rio de benef\u00edcio na data do reajustamento.<br \/><strong><em><strong><em><strong><em><strong><em><strong><em><strong><em><strong><em><strong><em><strong><em><strong><mark style=\"background-color:#ec6666\" class=\"has-inline-color has-black-color\"><em>Resposta:<\/em> ERRADO<\/mark><\/strong><\/em><\/strong><\/em><\/strong><\/em><\/strong><\/em><\/strong><\/em><\/strong><\/em><\/strong><\/em><\/strong><\/em><\/strong><\/em><\/strong><\/p>\n\n\n\n<p><strong>Quest\u00e3o 72:&nbsp;<\/strong>Quando a remunera\u00e7\u00e3o do trabalhador avulso, em determinado m\u00eas, n\u00e3o alcan\u00e7ar o sal\u00e1rio m\u00ednimo, ele poder\u00e1 complementar a sua contribui\u00e7\u00e3o visando o c\u00f4mputo da compet\u00eancia desse m\u00eas como tempo de contribui\u00e7\u00e3o.<br \/><a href=\"Resposta: CERTO\"><strong><em><strong><em><strong><em><strong><em><strong><em><strong><em><strong><em><strong><em><strong><mark style=\"background-color:#00d084\" class=\"has-inline-color has-black-color\"><em>Resposta: <\/em>CERTO<\/mark><\/strong><\/em><\/strong><\/em><\/strong><\/em><\/strong><\/em><\/strong><\/em><\/strong><\/em><\/strong><\/em><\/strong><\/em><\/strong><\/a><\/p>\n\n\n\n<p>Acerca de aspectos relacionados \u00e0 arrecada\u00e7\u00e3o e ao recolhimento das contribui\u00e7\u00f5es destinadas \u00e0 seguridade social, julgue os itens a seguir.<\/p>\n\n\n\n<p><strong>Quest\u00e3o 73:&nbsp;<\/strong>A multa incidente sobre os d\u00e9bitos de contribui\u00e7\u00f5es previdenci\u00e1rias n\u00e3o pagas nos prazos previstos na legisla\u00e7\u00e3o espec\u00edfica ser\u00e1 calculada diariamente e n\u00e3o poder\u00e1 extrapolar o percentual de 20%.<br \/><strong><em><strong><em><strong><em><strong><em><strong><em><strong><em><strong><em><strong><em><strong><mark style=\"background-color:#00d084\" class=\"has-inline-color has-black-color\"><em>Resposta: <\/em>CERTO<\/mark><\/strong><\/em><\/strong><\/em><\/strong><\/em><\/strong><\/em><\/strong><\/em><\/strong><\/em><\/strong><\/em><\/strong><\/em><\/strong><\/p>\n\n\n\n<p><strong>Quest\u00e3o 74:<\/strong> Cabe ao INSS acompanhar a arrecada\u00e7\u00e3o das contribui\u00e7\u00f5es sociais e das contribui\u00e7\u00f5es institu\u00eddas a t\u00edtulo de substitui\u00e7\u00e3o<br \/><strong><em><strong><em><strong><em><strong><em><strong><em><strong><em><strong><em><strong><em><strong><em><strong><em><strong><mark style=\"background-color:#ec6666\" class=\"has-inline-color has-black-color\"><em>Resposta:<\/em> ERRADO<\/mark><\/strong><\/em><\/strong><\/em><\/strong><\/em><\/strong><\/em><\/strong><\/em><\/strong><\/em><\/strong><\/em><\/strong><\/em><\/strong><\/em><\/strong><\/em><\/strong><\/p>\n\n\n\n<p><strong>Quest\u00e3o 75:&nbsp;<\/strong>Os segurados facultativos devem recolher a contribui\u00e7\u00e3o relativa a determinado m\u00eas, por iniciativa pr\u00f3pria, at\u00e9 o dia 15 do m\u00eas subsequente \u00e0quele a que se refira a contribui\u00e7\u00e3o, inexistindo outra forma de efetuar esse recolhimento.<br \/><strong><em><strong><em><strong><em><strong><em><strong><em><strong><em><strong><em><strong><em><strong><em><strong><em><strong><mark style=\"background-color:#ec6666\" class=\"has-inline-color has-black-color\"><em>Resposta:<\/em> ERRADO<\/mark><\/strong><\/em><\/strong><\/em><\/strong><\/em><\/strong><\/em><\/strong><\/em><\/strong><\/em><\/strong><\/em><\/strong><\/em><\/strong><\/em><\/strong><\/em><\/strong><\/p>\n\n\n\n<p>Com refer\u00eancia a pens\u00f5es especiais, julgue os itens que se seguem.<\/p>\n\n\n\n<p><strong>Quest\u00e3o 76:&nbsp;<\/strong>As crian\u00e7as v\u00edtimas de sequelas neurol\u00f3gicas decorrentes da s\u00edndrome cong\u00eanita do zika v\u00edrus t\u00eam direito ao recebimento de uma pens\u00e3o especial mensal e vital\u00edcia que ser\u00e1 devida pela secretaria de assist\u00eancia social dos munic\u00edpios em que elas residam, e que ser\u00e1 paga com recursos or\u00e7ament\u00e1rios provenientes da Uni\u00e3o.<br \/><strong><em><strong><em><strong><em><strong><em><strong><em><strong><em><strong><em><strong><em><strong><em><strong><em><strong><mark style=\"background-color:#ec6666\" class=\"has-inline-color has-black-color\"><em>Resposta:<\/em> ERRADO<\/mark><\/strong><\/em><\/strong><\/em><\/strong><\/em><\/strong><\/em><\/strong><\/em><\/strong><\/em><\/strong><\/em><\/strong><\/em><\/strong><\/em><\/strong><\/em><\/strong><\/p>\n\n\n\n<p><strong>Quest\u00e3o 77:&nbsp;<\/strong>O filho do seringueiro cujo pai tenha sido recrutado para trabalhar na produ\u00e7\u00e3o de borracha nos seringais da regi\u00e3o amaz\u00f4nica durante a Segunda Guerra Mundial e que comprovar o seu estado de car\u00eancia econ\u00f4mica ter\u00e1 direito a receber o pagamento de pens\u00e3o mensal vital\u00edcia, cumulativo com o benef\u00edcio concedido a seu pai.<br \/><strong><em><strong><em><strong><em><strong><em><strong><em><strong><em><strong><em><strong><em><strong><em><strong><em><strong><mark style=\"background-color:#ec6666\" class=\"has-inline-color has-black-color\"><em>Resposta:<\/em> ERRADO<\/mark><\/strong><\/em><\/strong><\/em><\/strong><\/em><\/strong><\/em><\/strong><\/em><\/strong><\/em><\/strong><\/em><\/strong><\/em><\/strong><\/em><\/strong><\/em><\/strong><\/p>\n\n\n\n<p><strong>Quest\u00e3o 78: Situa\u00e7\u00e3o hipot\u00e9tica: <\/strong>Paulo, que era portador de defici\u00eancia f\u00edsica decorrente da s\u00edndrome da talidomida e que, por esse motivo, recebia pens\u00e3o especial h\u00e1 mais de quinze anos, faleceu recentemente em decorr\u00eancia de complica\u00e7\u00f5es decorrentes dessa enfermidade. At\u00e9 ent\u00e3o, Paulo convivia em companhia da sua m\u00e3e e a pens\u00e3o por ele recebida era a \u00fanica fonte de renda familiar. <strong>Assertiva<\/strong>: nessa situa\u00e7\u00e3o, a m\u00e3e de Paulo tem direito de receber pens\u00e3o previdenci\u00e1ria decorrente da morte de seu filho Paulo.<br \/><strong><em><strong><em><strong><em><strong><em><strong><em><strong><em><strong><em><strong><em><strong><em><strong><em><strong><mark style=\"background-color:#ec6666\" class=\"has-inline-color has-black-color\"><em>Resposta:<\/em> ERRADO<\/mark><\/strong><\/em><\/strong><\/em><\/strong><\/em><\/strong><\/em><\/strong><\/em><\/strong><\/em><\/strong><\/em><\/strong><\/em><\/strong><\/em><\/strong><\/em><\/strong><\/p>\n\n\n\n<p><strong>Quest\u00e3o 79:&nbsp;Situa\u00e7\u00e3o hipot\u00e9tica<\/strong>: Francisco, que recebe pens\u00e3o especial por ter participado de opera\u00e7\u00f5es b\u00e9licas durante a Segunda Guerra Mundial, foi convidado para assumir a secretaria de seguran\u00e7a p\u00fablica de determinado estado da Federa\u00e7\u00e3o. <strong>Assertiva<\/strong>: Nessa situa\u00e7\u00e3o, Francisco n\u00e3o poder\u00e1 cumular a pens\u00e3o especial de ex-combatente com os rendimentos decorrentes do cargo de secret\u00e1rio, mas poder\u00e1 optar por um ou outro rendimento<br \/><strong><em><strong><em><strong><mark style=\"background-color:#00d084\" class=\"has-inline-color has-black-color\"><em>Resposta: <\/em>CERTO<\/mark><\/strong><\/em><\/strong><\/em><\/strong><\/p>\n\n\n\n<p><strong>Quest\u00e3o 80:&nbsp;<\/strong>O anistiado pol\u00edtico que, durante algum tempo, ficou exilado no exterior em decorr\u00eancia de amea\u00e7a de puni\u00e7\u00e3o por motivo exclusivamente pol\u00edtico poder\u00e1 usar o tempo do ex\u00edlio como tempo de servi\u00e7o para efeito de aposentadoria, independentemente do recolhimento da contribui\u00e7\u00e3o&nbsp; previdenci\u00e1ria referente ao tempo do ex\u00edlio.<br \/><strong><em><strong><em><strong><mark style=\"background-color:#00d084\" class=\"has-inline-color has-black-color\"><em>Resposta: <\/em>CERTO<\/mark><\/strong><\/em><\/strong><\/em><\/strong><\/p>\n\n\n\n<p>Julgue os pr\u00f3ximos itens, relativos a reabilita\u00e7\u00e3o profissional.<\/p>\n\n\n\n<p><strong>Quest\u00e3o 81:&nbsp;<\/strong>O segurado do RGPS v\u00edtima de acidente de trabalho poder\u00e1 exigir do INSS, al\u00e9m dos benef\u00edcios decorrentes do acidente de trabalho, o transporte do acidentado para tratamento fora do seu domic\u00edlio, quando necess\u00e1rio, assim como o fornecimento de instrumentos de aux\u00edlio para a sua locomo\u00e7\u00e3o quando a perda ou redu\u00e7\u00e3o da capacidade funcional do segurado puder ser atenuada pelo seu uso.<br \/><strong><em><strong><em><strong><em><strong><mark style=\"background-color:#00d084\" class=\"has-inline-color has-black-color\"><em>Resposta: <\/em>CERTO<\/mark><\/strong><\/em><\/strong><\/em><\/strong><\/em><\/strong><\/p>\n\n\n\n<p><strong>Quest\u00e3o 82:&nbsp;<\/strong>Ter\u00e1 direito ao servi\u00e7o de reabilita\u00e7\u00e3o profissional prestado pelo INSS, que tenha por objetivo proporcionar o reingresso ao mercado de trabalho, o segurado que ficar incapacitado parcial ou totalmente para trabalho, independentemente do cumprimento de car\u00eancia.<br \/><strong><em><strong><em><strong><em><strong><mark style=\"background-color:#00d084\" class=\"has-inline-color has-black-color\"><em>Resposta: <\/em>CERTO<\/mark><\/strong><\/em><\/strong><\/em><\/strong><\/em><\/strong><\/p>\n\n\n\n<p>Acerca da prescri\u00e7\u00e3o e dos recursos administrativos previdenci\u00e1rios, julgue os itens subsequentes.<\/p>\n\n\n\n<p><strong>Quest\u00e3o 83:&nbsp;Situa\u00e7\u00e3o hipot\u00e9tica: <\/strong>Fl\u00e1vio formalizou pedido de pens\u00e3o por morte em decorr\u00eancia do \u00f3bito do seu companheiro Rodrigo. Ap\u00f3s a an\u00e1lise da documenta\u00e7\u00e3o apresentada, o INSS indeferiu o pedido sob o argumento de que Fl\u00e1vio n\u00e3o era dependente economicamente de Rodrigo. <strong>Assertiva<\/strong>: Nessa situa\u00e7\u00e3o, contra a decis\u00e3o de indeferimento caber\u00e1 recurso ordin\u00e1rio na via administrativa, recurso este que dever\u00e1 ser julgado pela Junta de Recursos do Conselho de Recursos da Previd\u00eancia Social.<br \/><strong><em><strong><em><strong><em><strong><mark style=\"background-color:#00d084\" class=\"has-inline-color has-black-color\"><em>Resposta: <\/em>CERTO<\/mark><\/strong><\/em><\/strong><\/em><\/strong><\/em><\/strong><\/p>\n\n\n\n<p><strong>Quest\u00e3o 84:&nbsp;Situa\u00e7\u00e3o hipot\u00e9tica: <\/strong>Haroldo se aposentou por tempo de contribui\u00e7\u00e3o em abril de 2018 e somente em setembro de 2022 constatou-se que o valor do seu benef\u00edcio previdenci\u00e1rio estava sendo pago a menor desde a data da sua implanta\u00e7\u00e3o. <strong>Assertiva<\/strong>: Nessa situa\u00e7\u00e3o, n\u00e3o est\u00e1 prescrito o direito de Haroldo requerer a revis\u00e3o do valor do seu benef\u00edcio nem tampouco o pagamento das diferen\u00e7as devidas a partir da sua implanta\u00e7\u00e3o.<br \/><strong><em><strong><em><strong><em><strong><em><strong><em><strong><em><strong><em><strong><em><strong><em><strong><em><strong><em><strong><mark style=\"background-color:#ec6666\" class=\"has-inline-color has-black-color\"><em>Resposta:<\/em> ERRADO<\/mark><\/strong><\/em><\/strong><\/em><\/strong><\/em><\/strong><\/em><\/strong><\/em><\/strong><\/em><\/strong><\/em><\/strong><\/em><\/strong><\/em><\/strong><\/em><\/strong><\/em><\/strong><\/p>\n\n\n\n<p>Julgue os itens seguintes, relativos aos crimes contra a seguridade social.<\/p>\n\n\n\n<p><strong>Quest\u00e3o 85:&nbsp;Situa\u00e7\u00e3o hipot\u00e9tica: <\/strong>M\u00e1rio, contador da empresa Silva &amp; Silva Ltda., deixou de lan\u00e7ar mensalmente nos t\u00edtulos pr\u00f3prios da contabilidade da empresa as quantias descontadas dos seus segurados, configurando com isso o crime de sonega\u00e7\u00e3o de contribui\u00e7\u00e3o previdenci\u00e1ria tipificado em artigo do C\u00f3digo Penal, raz\u00e3o por que contra ele foi movida a\u00e7\u00e3o judicial. <strong>Assertiva<\/strong>: Nessa situa\u00e7\u00e3o, se M\u00e1rio confessar espontaneamente o delito antes de proferida a senten\u00e7a pertinente e recolher integralmente o valor sonegado, a sua pena ser\u00e1 reduzida pela metade.<br \/><strong><em><strong><em><strong><em><strong><em><strong><em><strong><em><strong><em><strong><em><strong><em><strong><em><strong><em><strong><mark style=\"background-color:#ec6666\" class=\"has-inline-color has-black-color\"><em>Resposta:<\/em> ERRADO<\/mark><\/strong><\/em><\/strong><\/em><\/strong><\/em><\/strong><\/em><\/strong><\/em><\/strong><\/em><\/strong><\/em><\/strong><\/em><\/strong><\/em><\/strong><\/em><\/strong><\/em><\/strong><\/p>\n\n\n\n<p><strong>Quest\u00e3o 86:&nbsp;<\/strong>O crime de apropria\u00e7\u00e3o ind\u00e9bita previdenci\u00e1ria \u00e9 crime comissivo comum, tendo em vista que qualquer pessoa pode deixar de repassar \u00e0 previd\u00eancia social as contribui\u00e7\u00f5es recolhidas dos contribuintes, no prazo e na forma legal ou convencional.<br \/><strong><em><strong><em><strong><em><strong><em><strong><em><strong><em><strong><em><strong><em><strong><em><strong><em><strong><em><strong><mark style=\"background-color:#ec6666\" class=\"has-inline-color has-black-color\"><em>Resposta:<\/em> ERRADO<\/mark><\/strong><\/em><\/strong><\/em><\/strong><\/em><\/strong><\/em><\/strong><\/em><\/strong><\/em><\/strong><\/em><\/strong><\/em><\/strong><\/em><\/strong><\/em><\/strong><\/em><\/strong><\/p>\n\n\n\n<p>A respeito de Plano de Benef\u00edcios da Previd\u00eancia Social, benefici\u00e1rios, esp\u00e9cies de presta\u00e7\u00f5es, per\u00edodos de car\u00eancia, sal\u00e1rio de benef\u00edcio e renda mensal do benef\u00edcio, julgue os itens que se seguem.<\/p>\n\n\n\n<p><strong>Quest\u00e3o 87:&nbsp;Situa\u00e7\u00e3o hipot\u00e9tica:<\/strong> Cl\u00e1udio contribuiu para o RGPS pelo per\u00edodo de sete anos e seus meses, quando ent\u00e3o ficou incapacitado para o trabalho e entrou em gozo do benef\u00edcio de aux\u00edlio por incapacidade tempor\u00e1ria, condi\u00e7\u00e3o na qual ele permaneceu por dois anos e dez meses. <strong>Assertiva<\/strong>: Nessa situa\u00e7\u00e3o, devido ao tempo que ficou sem contribuir para o INSS em decorr\u00eancia do benef\u00edcio, Cl\u00e1udio perdeu a sua qualidade de segurado, mas poder\u00e1 recuper\u00e1-la ap\u00f3s doze contribui\u00e7\u00f5es mensais ininterruptas.<br \/><strong><em><strong><em><strong><em><strong><em><strong><em><strong><em><strong><em><strong><em><strong><em><strong><em><strong><em><strong><mark style=\"background-color:#ec6666\" class=\"has-inline-color has-black-color\"><em>Resposta:<\/em> ERRADO<\/mark><\/strong><\/em><\/strong><\/em><\/strong><\/em><\/strong><\/em><\/strong><\/em><\/strong><\/em><\/strong><\/em><\/strong><\/em><\/strong><\/em><\/strong><\/em><\/strong><\/em><\/strong><\/p>\n\n\n\n<p><strong>Quest\u00e3o 88:&nbsp;<\/strong>O servidor p\u00fablico estadual efetivo vinculado a RPPS poder\u00e1 se filiar ao RGPS na condi\u00e7\u00e3o de segurado facultativo, ainda que n\u00e3o esteja afastado sem vencimentos.<br \/><strong><em><strong><em><strong><em><strong><em><strong><em><strong><em><strong><em><strong><em><strong><em><strong><em><strong><em><strong><mark style=\"background-color:#ec6666\" class=\"has-inline-color has-black-color\"><em>Resposta:<\/em> ERRADO<\/mark><\/strong><\/em><\/strong><\/em><\/strong><\/em><\/strong><\/em><\/strong><\/em><\/strong><\/em><\/strong><\/em><\/strong><\/em><\/strong><\/em><\/strong><\/em><\/strong><\/em><\/strong><\/p>\n\n\n\n<p><strong>Quest\u00e3o 89:&nbsp;<\/strong>O indiv\u00edduos segurado do RGPS que obtiver a guarda judicial de uma crian\u00e7a de cinco anos de idade para fins de ado\u00e7\u00e3o ter\u00e1 direito ao benef\u00edcio do sal\u00e1rio-maternidade, o qual ser\u00e1 pago diretamente pelo INSS.<br \/><strong><em><strong><em><strong><em><strong><em><strong><mark style=\"background-color:#00d084\" class=\"has-inline-color has-black-color\"><em>Resposta: <\/em>CERTO<\/mark><\/strong><\/em><\/strong><\/em><\/strong><\/em><\/strong><\/em><\/strong><\/p>\n\n\n\n<p><strong>Quest\u00e3o 90: Situa\u00e7\u00e3o hipot\u00e9tica:<\/strong> Maria, que contribui para o RGPS na condi\u00e7\u00e3o de empregada dom\u00e9stica h\u00e1 dezessete anos ininterruptos, recentemente completou sessenta e dois anos de idade. <strong>Assertiva<\/strong>: Nessa situa\u00e7\u00e3o, Maria tem direito ao benef\u00edcio da aposentadoria, cujo valor do benef\u00edcio ser\u00e1 equivalente a 100% da m\u00e9dia aritm\u00e9tica simples das \u00faltimas trinta e seis contribui\u00e7\u00f5es mensais efetivamente recolhidas.<br \/><strong><em><strong><em><strong><em><strong><em><strong><em><strong><em><strong><em><strong><em><strong><em><strong><em><strong><em><strong><em><strong><mark style=\"background-color:#ec6666\" class=\"has-inline-color has-black-color\"><em>Resposta:<\/em> ERRADO<\/mark><\/strong><\/em><\/strong><\/em><\/strong><\/em><\/strong><\/em><\/strong><\/em><\/strong><\/em><\/strong><\/em><\/strong><\/em><\/strong><\/em><\/strong><\/em><\/strong><\/em><\/strong><\/em><\/strong><\/p>\n\n\n\n<p>Determinada regi\u00e3o, sob vig\u00eancia de per\u00edodo de defeso de camar\u00e3o e de lagosta fixado pelo IBAMA, conta, entre outros, com os seguintes segurados:<\/p>\n\n\n\n<ul class=\"wp-block-list\"><li>I Manoel, pescador artesanal de camar\u00e3o;<\/li><li>II Jos\u00e9, pescador artesanal de crust\u00e1ceo e m\u00fasico empregado;<\/li><li>III Fl\u00e1vio, pescador profissional de tainha;<\/li><li>IV Maria, pescadora artesanal de benefici\u00e1ria de pens\u00e3o por morte.<\/li><\/ul>\n\n\n\n<p>Nessa situa\u00e7\u00e3o hipot\u00e9tica, durante o per\u00edodo em apre\u00e7o,<\/p>\n\n\n\n<p><strong>Quest\u00e3o 91:&nbsp;<\/strong>Manoel, Jos\u00e9 e Maria, ao pleitearem o seguro-desemprego, dever\u00e3o solicit\u00e1-lo ao IBAMA, ao passo que Fl\u00e1vio dever\u00e1 solicit\u00e1-lo ao INSS.<br \/><strong><em><strong><em><strong><em><strong><em><strong><em><strong><em><strong><em><strong><em><strong><em><strong><em><strong><em><strong><em><strong><mark style=\"background-color:#ec6666\" class=\"has-inline-color has-black-color\"><em>Resposta:<\/em> ERRADO<\/mark><\/strong><\/em><\/strong><\/em><\/strong><\/em><\/strong><\/em><\/strong><\/em><\/strong><\/em><\/strong><\/em><\/strong><\/em><\/strong><\/em><\/strong><\/em><\/strong><\/em><\/strong><\/em><\/strong><\/p>\n\n\n\n<p><strong>Quest\u00e3o 92:&nbsp;<\/strong>Fl\u00e1vio poder\u00e1 usufruir o seguro-desemprego se o IBAMA declarar o defeso da tainha.<br \/><strong><em><strong><em><strong><em><strong><em><strong><em><strong><em><strong><em><strong><em><strong><em><strong><em><strong><em><strong><em><strong><mark style=\"background-color:#ec6666\" class=\"has-inline-color has-black-color\"><em>Resposta:<\/em> ERRADO<\/mark><\/strong><\/em><\/strong><\/em><\/strong><\/em><\/strong><\/em><\/strong><\/em><\/strong><\/em><\/strong><\/em><\/strong><\/em><\/strong><\/em><\/strong><\/em><\/strong><\/em><\/strong><\/em><\/strong><\/p>\n\n\n\n<p><strong>Quest\u00e3o 93:&nbsp;<\/strong>Maria, ainda que benefici\u00e1ria de pens\u00e3o por morte, tem direito ao seguro-desemprego.<br \/><strong><em><strong><em><strong><em><strong><em><strong><em><strong><mark style=\"background-color:#00d084\" class=\"has-inline-color has-black-color\"><em>Resposta: <\/em>CERTO<\/mark><\/strong><\/em><\/strong><\/em><\/strong><\/em><\/strong><\/em><\/strong><\/em><\/strong><\/p>\n\n\n\n<p><strong>Quest\u00e3o 94:&nbsp;<\/strong>Jos\u00e9, ainda que empregado, tem direito ao seguro-desemprego.<br \/><strong><em><strong><em><strong><em><strong><em><strong><em><strong><em><strong><em><strong><em><strong><em><strong><em><strong><em><strong><em><strong><em><strong><mark style=\"background-color:#ec6666\" class=\"has-inline-color has-black-color\"><em>Resposta:<\/em> ERRADO<\/mark><\/strong><\/em><\/strong><\/em><\/strong><\/em><\/strong><\/em><\/strong><\/em><\/strong><\/em><\/strong><\/em><\/strong><\/em><\/strong><\/em><\/strong><\/em><\/strong><\/em><\/strong><\/em><\/strong><\/em><\/strong><\/p>\n\n\n\n<p><strong>Quest\u00e3o 95:&nbsp;<\/strong>Manoel est\u00e1 habilitado para usufruir o seguro-desemprego.<br \/><strong><em><strong><em><strong><em><strong><em><strong><em><strong><mark style=\"background-color:#00d084\" class=\"has-inline-color has-black-color\"><em>Resposta: <\/em>CERTO<\/mark><\/strong><\/em><\/strong><\/em><\/strong><\/em><\/strong><\/em><\/strong><\/em><\/strong><\/p>\n\n\n\n<p>A respeito do RPPS, em especial das regras sobre contagem rec\u00edproca e compensa\u00e7\u00e3o previdenci\u00e1ria, julgue os itens seguintes.<\/p>\n\n\n\n<p><strong>Quest\u00e3o 96:&nbsp;<\/strong>O tempo de contribui\u00e7\u00e3o concomitante n\u00e3o gera direito adquirido \u00e0 compensa\u00e7\u00e3o financeira para efeito de aposentadoria<br \/><strong><em><strong><em><strong><em><strong><em><strong><em><strong><mark style=\"background-color:#00d084\" class=\"has-inline-color has-black-color\"><em>Resposta: <\/em>CERTO<\/mark><\/strong><\/em><\/strong><\/em><\/strong><\/em><\/strong><\/em><\/strong><\/em><\/strong><\/p>\n\n\n\n<p><strong>Quest\u00e3o 97:&nbsp;<\/strong>Veda-se a contagem de tempo de contribui\u00e7\u00e3o fict\u00edcio, mas se permite a acumula\u00e7\u00e3o de tempo de contribui\u00e7\u00e3o municipal ou distrital com tempo de contribui\u00e7\u00e3o estadual ou federal.<br \/><strong><em><strong><em><strong><em><strong><em><strong><em><strong><mark style=\"background-color:#00d084\" class=\"has-inline-color has-black-color\"><em>Resposta: <\/em>CERTO<\/mark><\/strong><\/em><\/strong><\/em><\/strong><\/em><\/strong><\/em><\/strong><\/em><\/strong><\/p>\n\n\n\n<p><strong>Quest\u00e3o 98:&nbsp;<\/strong>O tempo de atividade rural reconhecido pelo INSS por interm\u00e9dio de certid\u00e3o de tempo de servi\u00e7o \u00e9 reconhecido para fins de compensa\u00e7\u00e3o financeira previdenci\u00e1ria entre o RGPS e RPPS, independentemente de indeniza\u00e7\u00e3o a cargo do servidor.<br \/><strong><em><strong><em><strong><em><strong><em><strong><em><strong><em><strong><em><strong><em><strong><em><strong><em><strong><em><strong><em><strong><em><strong><em><strong><mark style=\"background-color:#ec6666\" class=\"has-inline-color has-black-color\"><em>Resposta:<\/em> ERRADO<\/mark><\/strong><\/em><\/strong><\/em><\/strong><\/em><\/strong><\/em><\/strong><\/em><\/strong><\/em><\/strong><\/em><\/strong><\/em><\/strong><\/em><\/strong><\/em><\/strong><\/em><\/strong><\/em><\/strong><\/em><\/strong><\/em><\/strong><\/p>\n\n\n\n<p><strong>Quest\u00e3o 99:&nbsp;Situa\u00e7\u00e3o hipot\u00e9tica: <\/strong>Carlos contribuiu durante quinze anos para o RGPS e o RPPS, mas se aposentou como servidor vinculado ao RPPS da Uni\u00e3o. <strong>Assertiva<\/strong>: Nessa situa\u00e7\u00e3o, o RGPS e o RPPS s\u00e3o considerados, respectivamente, como regime de origem e regime instituidor.<br \/><strong><em><strong><em><strong><em><strong><em><strong><em><strong><em><strong><mark style=\"background-color:#00d084\" class=\"has-inline-color has-black-color\"><em>Resposta: <\/em>CERTO<\/mark><\/strong><\/em><\/strong><\/em><\/strong><\/em><\/strong><\/em><\/strong><\/em><\/strong><\/em><\/strong><\/p>\n\n\n\n<p>Julgue os pr\u00f3ximos itens, referentes \u00e0 organiza\u00e7\u00e3o da assist\u00eancia social.<\/p>\n\n\n\n<p><strong>Quest\u00e3o 100:&nbsp;Situa\u00e7\u00e3o hipot\u00e9tica: <\/strong>Carlos, estrangeiro, idoso maior de 65 anos, residente no pa\u00eds, \u00e9 comprovadamente incapaz de prover a pr\u00f3pria subsist\u00eancia e n\u00e3o tem fam\u00edlia no brasil. <strong>Assertiva<\/strong>: Nessa situa\u00e7\u00e3o, o fato de Carlos ser estrangeiro impede-lhe o direito ao BPC.<br \/><strong><em><strong><em><strong><em><strong><em><strong><em><strong><em><strong><em><strong><em><strong><em><strong><em><strong><em><strong><em><strong><em><strong><em><strong><em><strong><mark style=\"background-color:#ec6666\" class=\"has-inline-color has-black-color\"><em>Resposta:<\/em> ERRADO<\/mark><\/strong><\/em><\/strong><\/em><\/strong><\/em><\/strong><\/em><\/strong><\/em><\/strong><\/em><\/strong><\/em><\/strong><\/em><\/strong><\/em><\/strong><\/em><\/strong><\/em><\/strong><\/em><\/strong><\/em><\/strong><\/em><\/strong><\/em><\/strong><\/p>\n\n\n\n<p><strong>Quest\u00e3o 101:&nbsp;<\/strong>A prote\u00e7\u00e3o social especial \u00e9 um tipo de prote\u00e7\u00e3o que, entre outros objetivos, visa contribuir para a reconstru\u00e7\u00e3o de v\u00ednculos familiares e comunit\u00e1rios e a prote\u00e7\u00e3o de fam\u00edlias e indiv\u00edduos para o enfrentamento de situa\u00e7\u00f5es de viol\u00e3o de direitos.<br \/><strong><em><strong><em><strong><em><strong><em><strong><em><strong><em><strong><em><strong><mark style=\"background-color:#00d084\" class=\"has-inline-color has-black-color\"><em>Resposta: <\/em>CERTO<\/mark><\/strong><\/em><\/strong><\/em><\/strong><\/em><\/strong><\/em><\/strong><\/em><\/strong><\/em><\/strong><\/em><\/strong><\/p>\n\n\n\n<p><strong>Quest\u00e3o 102:&nbsp;<\/strong>O crit\u00e9rio de aferi\u00e7\u00e3o da percep\u00e7\u00e3o da renda familiar \u00e9 considerado suficiente pela lei para a concess\u00e3o do BPC.<br \/><strong><em><strong><em><strong><em><strong><em><strong><em><strong><em><strong><em><strong><em><strong><em><strong><em><strong><em><strong><em><strong><em><strong><em><strong><em><strong><mark style=\"background-color:#ec6666\" class=\"has-inline-color has-black-color\"><em>Resposta:<\/em> ERRADO<\/mark><\/strong><\/em><\/strong><\/em><\/strong><\/em><\/strong><\/em><\/strong><\/em><\/strong><\/em><\/strong><\/em><\/strong><\/em><\/strong><\/em><\/strong><\/em><\/strong><\/em><\/strong><\/em><\/strong><\/em><\/strong><\/em><\/strong><\/em><\/strong><\/p>\n\n\n\n<p><strong>Quest\u00e3o 103:&nbsp;<\/strong>No \u00e2mbito do Sistema \u00fanico de Assist\u00eancia Social, compete \u00e0 Uni\u00e3o efetuar o pagamento dos aux\u00edlios natalidade e funeral.<br \/><strong><em><strong><em><strong><em><strong><em><strong><em><strong><em><strong><em><strong><em><strong><em><strong><em><strong><em><strong><em><strong><em><strong><em><strong><em><strong><mark style=\"background-color:#ec6666\" class=\"has-inline-color has-black-color\"><em>Resposta:<\/em> ERRADO<\/mark><\/strong><\/em><\/strong><\/em><\/strong><\/em><\/strong><\/em><\/strong><\/em><\/strong><\/em><\/strong><\/em><\/strong><\/em><\/strong><\/em><\/strong><\/em><\/strong><\/em><\/strong><\/em><\/strong><\/em><\/strong><\/em><\/strong><\/em><\/strong><\/p>\n\n\n\n<p><strong>Quest\u00e3o 104:&nbsp;<\/strong>Ter\u00e1 direito ao aux\u00edlio-inclus\u00e3o a pessoa com defici\u00eancia f\u00edsica moderada ou grave, qualificada como segurado obrigat\u00f3rio do RGPS ou filiado a RPPS, que receba o BPC e passe a exercer atividade com remunera\u00e7\u00e3o limitada a dois sal\u00e1rios m\u00ednimos.<br \/><strong><em><strong><em><strong><em><strong><em><strong><em><strong><em><strong><em><strong><em><strong><mark style=\"background-color:#00d084\" class=\"has-inline-color has-black-color\"><em>Resposta: <\/em>CERTO<\/mark><\/strong><\/em><\/strong><\/em><\/strong><\/em><\/strong><\/em><\/strong><\/em><\/strong><\/em><\/strong><\/em><\/strong><\/em><\/strong><\/p>\n\n\n\n<p><strong>Quest\u00e3o 105:&nbsp;Situa\u00e7\u00e3o hipot\u00e9tica: <\/strong>Jorge, com 65 anos de idade, e M\u00e1rcia, tamb\u00e9m com 65 anos de idade, vivem em coabita\u00e7\u00e3o. Ela recebe benef\u00edcio previdenci\u00e1rio cujo montante ultrapassa um quarto do sal\u00e1rio m\u00ednimo. <strong>Assertiva<\/strong>: Nessa situa\u00e7\u00e3o, o fato de M\u00e1rcia receber benef\u00edcio previdenci\u00e1rio no referido montante n\u00e3o retira de Jorge o direito ao BPC.<br \/><strong><em><strong><em><strong><em><strong><em><strong><em><strong><em><strong><em><strong><em><strong><mark style=\"background-color:#00d084\" class=\"has-inline-color has-black-color\"><em>Resposta: <\/em>CERTO<\/mark><\/strong><\/em><\/strong><\/em><\/strong><\/em><\/strong><\/em><\/strong><\/em><\/strong><\/em><\/strong><\/em><\/strong><\/em><\/strong><\/p>\n\n\n\n<p>A respeito das inova\u00e7\u00f5es trazidas pela Emenda Constitucional (EC) n.\u00ba 103\/2019, julgue os itens a seguir.<\/p>\n\n\n\n<p><strong>Quest\u00e3o 106:&nbsp;<\/strong>Os proventos de aposentadoria e as pens\u00f5es est\u00e3o limitados \u00e0 remunera\u00e7\u00e3o do respectivo servidor no cargo efetivo em que se deu a aposentadoria ou que serviu de refer\u00eancia para a concess\u00e3o da pens\u00e3o.<br \/><strong><em><strong><em><strong><em><strong><em><strong><em><strong><em><strong><em><strong><em><strong><em><strong><em><strong><em><strong><em><strong><em><strong><em><strong><em><strong><em><strong><mark style=\"background-color:#ec6666\" class=\"has-inline-color has-black-color\"><em>Resposta:<\/em> ERRADO<\/mark><\/strong><\/em><\/strong><\/em><\/strong><\/em><\/strong><\/em><\/strong><\/em><\/strong><\/em><\/strong><\/em><\/strong><\/em><\/strong><\/em><\/strong><\/em><\/strong><\/em><\/strong><\/em><\/strong><\/em><\/strong><\/em><\/strong><\/em><\/strong><\/em><\/strong><\/p>\n\n\n\n<p><strong>Quest\u00e3o 107:&nbsp;<\/strong>Desde a promulga\u00e7\u00e3o da referida EC, passou a ser obrigat\u00f3ria a institui\u00e7\u00e3o de RPPS por todos os entes federativos.<br \/><strong><em><strong><em><strong><em><strong><em><strong><em><strong><em><strong><em><strong><em><strong><em><strong><em><strong><em><strong><em><strong><em><strong><em><strong><em><strong><em><strong><mark style=\"background-color:#ec6666\" class=\"has-inline-color has-black-color\"><em>Resposta:<\/em> ERRADO<\/mark><\/strong><\/em><\/strong><\/em><\/strong><\/em><\/strong><\/em><\/strong><\/em><\/strong><\/em><\/strong><\/em><\/strong><\/em><\/strong><\/em><\/strong><\/em><\/strong><\/em><\/strong><\/em><\/strong><\/em><\/strong><\/em><\/strong><\/em><\/strong><\/em><\/strong><\/p>\n\n\n\n<p>No tocante \u00e0 aposentadoria da pessoa com defici\u00eancia segurada do RGPS julgue os seguintes itens.<\/p>\n\n\n\n<p><strong>Quest\u00e3o 108:&nbsp;<\/strong>A renda mensal da aposentadoria por idade devida ao segurado com defici\u00eancia \u00e9 calculada, em qualquer situa\u00e7\u00e3o, aplicando-se, sobre o sal\u00e1rio de benef\u00edcio, o percentual de 100%.<br \/><strong><em><strong><em><strong><em><strong><em><strong><em><strong><em><strong><em><strong><em><strong><em><strong><em><strong><em><strong><em><strong><em><strong><em><strong><em><strong><em><strong><mark style=\"background-color:#ec6666\" class=\"has-inline-color has-black-color\"><em>Resposta:<\/em> ERRADO<\/mark><\/strong><\/em><\/strong><\/em><\/strong><\/em><\/strong><\/em><\/strong><\/em><\/strong><\/em><\/strong><\/em><\/strong><\/em><\/strong><\/em><\/strong><\/em><\/strong><\/em><\/strong><\/em><\/strong><\/em><\/strong><\/em><\/strong><\/em><\/strong><\/em><\/strong><\/p>\n\n\n\n<p><strong>Quest\u00e3o 109:&nbsp;<\/strong>O grau de defici\u00eancia para fins de concess\u00e3o de aposentadoria poder\u00e1 ser comprovados por diferentes meios, inclusive o testemunhal.<br \/><strong><em><strong><em><strong><em><strong><em><strong><em><strong><em><strong><em><strong><em><strong><em><strong><em><strong><em><strong><em><strong><em><strong><em><strong><em><strong><em><strong><mark style=\"background-color:#ec6666\" class=\"has-inline-color has-black-color\"><em>Resposta:<\/em> ERRADO<\/mark><\/strong><\/em><\/strong><\/em><\/strong><\/em><\/strong><\/em><\/strong><\/em><\/strong><\/em><\/strong><\/em><\/strong><\/em><\/strong><\/em><\/strong><\/em><\/strong><\/em><\/strong><\/em><\/strong><\/em><\/strong><\/em><\/strong><\/em><\/strong><\/em><\/strong><\/p>\n\n\n\n<p><strong>Quest\u00e3o 110:&nbsp;<\/strong>\u00c9 assegurada a concess\u00e3o de aposentadoria pelo RGPS ao segurado com defici\u00eancia aos 29 anos de tempo de contribui\u00e7\u00e3o, se home, e aos 24 anos de tempo de contribui\u00e7\u00e3o, se mulher, no caso de segurado com defici\u00eancia leve.<br \/><strong><em><strong><em><strong><em><strong><em><strong><em><strong><em><strong><em><strong><em><strong><em><strong><em><strong><em><strong><em><strong><em><strong><em><strong><em><strong><em><strong><mark style=\"background-color:#ec6666\" class=\"has-inline-color has-black-color\"><em>Resposta:<\/em> ERRADO<\/mark><\/strong><\/em><\/strong><\/em><\/strong><\/em><\/strong><\/em><\/strong><\/em><\/strong><\/em><\/strong><\/em><\/strong><\/em><\/strong><\/em><\/strong><\/em><\/strong><\/em><\/strong><\/em><\/strong><\/em><\/strong><\/em><\/strong><\/em><\/strong><\/em><\/strong><\/p>\n\n\n\n<p><strong>Quest\u00e3o 111:&nbsp;<\/strong>Considera-se pessoa com defici\u00eancia aquela que tem impedimentos de longo prazo de diversas naturezas, inclusive sensorial, os quais, em intera\u00e7\u00e3o com diversas barreiras, podem obstruir sua participa\u00e7\u00e3o plena e efetiva na sociedade em igualdade de condi\u00e7\u00f5es com as demais pessoas.<br \/><strong><em><strong><em><strong><em><strong><em><strong><em><strong><em><strong><em><strong><em><strong><em><strong><mark style=\"background-color:#00d084\" class=\"has-inline-color has-black-color\"><em>Resposta: <\/em>CERTO<\/mark><\/strong><\/em><\/strong><\/em><\/strong><\/em><\/strong><\/em><\/strong><\/em><\/strong><\/em><\/strong><\/em><\/strong><\/em><\/strong><\/em><\/strong><\/p>\n\n\n\n<p><strong>Quest\u00e3o 112:&nbsp;<\/strong>\u00c9 garantida a concess\u00e3o de aposentadoria pelo RGPS \u00e0 segurada com defici\u00eancia com 55 anos de idade, desde que cumprido tempo m\u00ednimo de contribui\u00e7\u00e3o de quinze anos e comprovada defici\u00eancia durante igual per\u00edodo.<br \/><strong><em><strong><em><strong><em><strong><em><strong><em><strong><em><strong><em><strong><em><strong><em><strong><mark style=\"background-color:#00d084\" class=\"has-inline-color has-black-color\"><em>Resposta: <\/em>CERTO<\/mark><\/strong><\/em><\/strong><\/em><\/strong><\/em><\/strong><\/em><\/strong><\/em><\/strong><\/em><\/strong><\/em><\/strong><\/em><\/strong><\/em><\/strong><\/p>\n\n\n\n<p><strong>Quest\u00e3o 113:&nbsp;<\/strong>A seguridade social obedecer\u00e1 a diversos princ\u00edpios, tais como a veda\u00e7\u00e3o \u00e0 seletividade na presta\u00e7\u00e3o dos servi\u00e7os e \u00e0 redutibilidade do valor nominal dos benef\u00edcios.<br \/><strong><em><strong><em><strong><em><strong><em><strong><em><strong><em><strong><em><strong><em><strong><em><strong><em><strong><em><strong><em><strong><em><strong><em><strong><em><strong><em><strong><em><strong><mark style=\"background-color:#ec6666\" class=\"has-inline-color has-black-color\"><em>Resposta:<\/em> ERRADO<\/mark><\/strong><\/em><\/strong><\/em><\/strong><\/em><\/strong><\/em><\/strong><\/em><\/strong><\/em><\/strong><\/em><\/strong><\/em><\/strong><\/em><\/strong><\/em><\/strong><\/em><\/strong><\/em><\/strong><\/em><\/strong><\/em><\/strong><\/em><\/strong><\/em><\/strong><\/em><\/strong><\/p>\n\n\n\n<p><strong>Quest\u00e3o 114:&nbsp;<\/strong>A finalidade da previd\u00eancia social \u00e9 assegurar aos seus benefici\u00e1rios meios de manuten\u00e7\u00e3o em situa\u00e7\u00f5es adversas, tais como desemprego involunt\u00e1rio e encargos de fam\u00edlia, garantida a preserva\u00e7\u00e3o do valor dos benef\u00edcios e a universalidade de participa\u00e7\u00e3o nos planos, mediante contribui\u00e7\u00e3o.<br \/><strong><em><strong><em><strong><em><strong><em><strong><em><strong><em><strong><em><strong><em><strong><em><strong><em><strong><mark style=\"background-color:#00d084\" class=\"has-inline-color has-black-color\"><em>Resposta: <\/em>CERTO<\/mark><\/strong><\/em><\/strong><\/em><\/strong><\/em><\/strong><\/em><\/strong><\/em><\/strong><\/em><\/strong><\/em><\/strong><\/em><\/strong><\/em><\/strong><\/em><\/strong><\/p>\n\n\n\n<p><strong>Quest\u00e3o 115:&nbsp;<\/strong>As propostas or\u00e7ament\u00e1rias anuais ou plurianuais da seguridade social s\u00e3o elaboradas por comiss\u00e3o formada necessariamente por representantes das \u00e1reas da sa\u00fade, da previd\u00eancia social e da assist\u00eancia social.<br \/><strong><em><strong><em><strong><em><strong><em><strong><em><strong><em><strong><em><strong><em><strong><em><strong><em><strong><mark style=\"background-color:#00d084\" class=\"has-inline-color has-black-color\"><em>Resposta: <\/em>CERTO<\/mark><\/strong><\/em><\/strong><\/em><\/strong><\/em><\/strong><\/em><\/strong><\/em><\/strong><\/em><\/strong><\/em><\/strong><\/em><\/strong><\/em><\/strong><\/em><\/strong><\/p>\n\n\n\n<p><strong>Quest\u00e3o 116:&nbsp;<\/strong>A assist\u00eancia social \u00e9 pol\u00edtica que visa atender as necessidades b\u00e1sicas, independentemente de contribui\u00e7\u00e3o, e deve ser organizada de forma centralizada.<br \/><strong><em><strong><em><strong><em><strong><em><strong><em><strong><em><strong><em><strong><em><strong><em><strong><em><strong><em><strong><em><strong><em><strong><em><strong><em><strong><em><strong><em><strong><em><strong><mark style=\"background-color:#ec6666\" class=\"has-inline-color has-black-color\"><em>Resposta:<\/em> ERRADO<\/mark><\/strong><\/em><\/strong><\/em><\/strong><\/em><\/strong><\/em><\/strong><\/em><\/strong><\/em><\/strong><\/em><\/strong><\/em><\/strong><\/em><\/strong><\/em><\/strong><\/em><\/strong><\/em><\/strong><\/em><\/strong><\/em><\/strong><\/em><\/strong><\/em><\/strong><\/em><\/strong><\/em><\/strong><\/p>\n\n\n\n<p><strong>Quest\u00e3o 117:&nbsp;<\/strong>As atividades de sa\u00fade s\u00e3o de relev\u00e2ncia publica e sua organiza\u00e7\u00e3o obedecer\u00e1 diversos princ\u00edpios reitores, entre os quais o acesso universal; a descentraliza\u00e7\u00e3o, com dire\u00e7\u00e3o \u00fanica em cada esfera; e a participa\u00e7\u00e3o da iniciativa privada na assist\u00eancia \u00e0 sa\u00fade, desde que obedecidos os princ\u00edpios constitucionais.<br \/><strong><em><strong><em><strong><em><strong><em><strong><em><strong><em><strong><em><strong><em><strong><em><strong><em><strong><em><strong><mark style=\"background-color:#00d084\" class=\"has-inline-color has-black-color\"><em>Resposta: <\/em>CERTO<\/mark><\/strong><\/em><\/strong><\/em><\/strong><\/em><\/strong><\/em><\/strong><\/em><\/strong><\/em><\/strong><\/em><\/strong><\/em><\/strong><\/em><\/strong><\/em><\/strong><\/em><\/strong><\/p>\n\n\n\n<p>Com rela\u00e7\u00e3o ao Cadastro Nacional de Informa\u00e7\u00f5es Sociais (CNIS), julgue os itens que se seguem.<\/p>\n\n\n\n<p><strong>Quest\u00e3o 118:&nbsp;<\/strong>Informa\u00e7\u00f5es inseridas extemporaneamente no CNIS, excetuadas aquelas que forem retificadoras de dados anteriormente informados, somente ser\u00e3o aceitas se corroboradas por documentos que comprovem a sua regularidade.<br \/><strong><em><strong><em><strong><em><strong><em><strong><em><strong><em><strong><em><strong><em><strong><em><strong><em><strong><em><strong><em><strong><em><strong><em><strong><em><strong><em><strong><em><strong><em><strong><em><strong><mark style=\"background-color:#ec6666\" class=\"has-inline-color has-black-color\"><em>Resposta:<\/em> ERRADO<\/mark><\/strong><\/em><\/strong><\/em><\/strong><\/em><\/strong><\/em><\/strong><\/em><\/strong><\/em><\/strong><\/em><\/strong><\/em><\/strong><\/em><\/strong><\/em><\/strong><\/em><\/strong><\/em><\/strong><\/em><\/strong><\/em><\/strong><\/em><\/strong><\/em><\/strong><\/em><\/strong><\/em><\/strong><\/em><\/strong><\/p>\n\n\n\n<p><strong>Quest\u00e3o 119:&nbsp;<\/strong>N\u00e3o \u00e9 prescind\u00edvel a expedi\u00e7\u00e3o de ato administrativo fundamentado para que as informa\u00e7\u00f5es constantes na carteira profissional ou carteira de trabalho e previd\u00eancia social sejam desconsideradas.<br \/><strong><em><strong><em><strong><em><strong><em><strong><em><strong><em><strong><em><strong><em><strong><em><strong><em><strong><em><strong><em><strong><mark style=\"background-color:#00d084\" class=\"has-inline-color has-black-color\"><em>Resposta: <\/em>CERTO<\/mark><\/strong><\/em><\/strong><\/em><\/strong><\/em><\/strong><\/em><\/strong><\/em><\/strong><\/em><\/strong><\/em><\/strong><\/em><\/strong><\/em><\/strong><\/em><\/strong><\/em><\/strong><\/em><\/strong><\/p>\n\n\n\n<p><strong>Quest\u00e3o 120:&nbsp;<\/strong>O INSS dever\u00e1 solicitar ao filiado a apresenta\u00e7\u00e3o de documentos comprobat\u00f3rios de informa\u00e7\u00f5es que n\u00e3o constarem no CNIS, inclusive aquele expedidos por \u00f3rg\u00e3os p\u00fablicos ou certid\u00f5es, vedada a sua obten\u00e7\u00e3o diretamente do \u00f3rg\u00e3o ou da entidade respons\u00e1vel pela base de dados oficial.<br \/><strong><em>Resposta:<\/em><\/strong> <strong><em><strong><em><strong><em><strong><em><strong><em><strong><em><strong><em><strong><em><strong><em><strong><em><strong><em><strong><em><strong><em><strong><em><strong><em><strong><em><strong><em><strong><em><strong><mark style=\"background-color:#ec6666\" class=\"has-inline-color has-black-color\"><em>Resposta:<\/em> ERRADO<\/mark><\/strong><\/em><\/strong><\/em><\/strong><\/em><\/strong><\/em><\/strong><\/em><\/strong><\/em><\/strong><\/em><\/strong><\/em><\/strong><\/em><\/strong><\/em><\/strong><\/em><\/strong><\/em><\/strong><\/em><\/strong><\/em><\/strong><\/em><\/strong><\/em><\/strong><\/em><\/strong><\/em><\/strong><\/p>\n\n\n\n<hr class=\"wp-block-separator has-alpha-channel-opacity is-style-dots\"\/>\n\n\n\n<p class=\"has-text-align-center\"><em>Para ficar por dentro de todas as informa\u00e7\u00f5es sobre o gabarito, provas, vagas, cargos, entre outros detalhes do concurso <a href=\"https:\/\/www.cebraspe.org.br\/concursos\/INSS_22\" target=\"_blank\" rel=\"noreferrer noopener\">INSS<\/a>, n\u00e3o deixe de conferir nosso artigo completo sobre o certame:<\/em><\/p>\n\n\n\n<p class=\"has-text-align-center has-background has-medium-font-size\" style=\"background-color:#efefef\"><strong>SAIBA MAIS: <a href=\"https:\/\/www.estrategiaconcursos.com.br\/blog\/concurso-inss\/\" target=\"_blank\" rel=\"noreferrer noopener\">INSS<\/a><\/strong><\/p>\n\n\n\n<div class=\"container\" id=\"boxes\">\n  <div class=\"row\">\n\n    <div class=\"col-sm\">\n      <div class=\"banner-adm\" id=\"box-assinatura\">\n        <h3 class=\"titulo-assinatura\">Concurso INSS<\/h3>\n        <p class=\"subtitulo-assinatura\">Conhe\u00e7a os cursos<\/p>\n        <div class=\"box-botao\">\n          <a class=\"btn-assinatura\" target=\"_blank\" href=\"https:\/\/www.estrategiaconcursos.com.br\/cursosPorConcurso\/inss-tecnico-do-seguro-social-101\/\" role=\"button\" rel=\"noopener noreferrer\">Conhe\u00e7a mais<\/a>\n        <\/div>\n      <\/div>\n     \n    <\/div>\n\n  <\/div>\n<\/div>\n\n\n\n<h2 class=\"has-text-align-center wp-block-heading\" id=\"h-quer-saber-tudo-sobre-concursos-previstos-confira-nossos-artigos\">Quer saber tudo sobre concursos previstos?<br \/>Confira nossos artigos!<\/h2>\n\n\n\n<ul class=\"wp-block-list\"><li><a href=\"https:\/\/www.estrategiaconcursos.com.br\/blog\/concursos-abertos\/\" target=\"_blank\" rel=\"noreferrer noopener\">Concursos Abertos<\/a><\/li><li><a href=\"https:\/\/www.estrategiaconcursos.com.br\/blog\/concursos-2023\/\" target=\"_blank\" rel=\"noreferrer noopener\">Concursos 2023<\/a><\/li><\/ul>\n\n\n\n<p><\/p>\n","protected":false},"excerpt":{"rendered":"<p>Confira neste artigo o gabarito INSS extraoficial! No \u00faltimo domingo, 27 de novembro, foram aplicadas as provas de um dos maiores concursos p\u00fablicos do pa\u00eds: o INSS. As avalia\u00e7\u00f5es iniciaram \u00e0s 14h, e tiveram dura\u00e7\u00e3o de 3h30. E para aqueles que n\u00e3o est\u00e3o aguentando de tanta ansiedade pelo resultado, a equipe do Estrat\u00e9gia vai facilitar [&hellip;]<\/p>\n","protected":false},"author":656,"featured_media":1121177,"comment_status":"open","ping_status":"closed","sticky":false,"template":"","format":"standard","meta":{"post_tipo":"news","footnotes":""},"categories":[220191,220219],"tags":[1245,867],"tax_estado":[219963],"class_list":["post-1129984","post","type-post","status-publish","format-standard","has-post-thumbnail","hentry","category-previdenciaria","category-noticias","tag-gabarito-extraoficial","tag-prova-comentada","tax_estado-concursos-federais"],"acf":[],"yoast_head":"<!-- This site is optimized with the Yoast SEO Premium plugin v27.2 (Yoast SEO v27.2) - https:\/\/yoast.com\/product\/yoast-seo-premium-wordpress\/ -->\n<title>Gabarito INSS: resultado extraoficial. Confira agora!<\/title>\n<meta name=\"description\" content=\"Gabarito INSS: corre\u00e7\u00e3o gratuita de um dos maiores certames do pa\u00eds. Confira o gabarito extraoficial e coment\u00e1rios da prova!\" \/>\n<meta name=\"robots\" content=\"index, follow, max-snippet:-1, max-image-preview:large, max-video-preview:-1\" \/>\n<link rel=\"canonical\" href=\"https:\/\/www.estrategiaconcursos.com.br\/blog\/gabarito-inss-2\/\" \/>\n<meta property=\"og:locale\" content=\"pt_BR\" \/>\n<meta property=\"og:type\" content=\"article\" \/>\n<meta property=\"og:title\" content=\"Gabarito INSS: resultado extraoficial. Confira agora!\" \/>\n<meta property=\"og:description\" content=\"Gabarito INSS: corre\u00e7\u00e3o gratuita de um dos maiores certames do pa\u00eds. Confira o gabarito extraoficial e coment\u00e1rios da prova!\" \/>\n<meta property=\"og:url\" content=\"https:\/\/www.estrategiaconcursos.com.br\/blog\/gabarito-inss-2\/\" \/>\n<meta property=\"og:site_name\" content=\"Estrat\u00e9gia Concursos\" \/>\n<meta property=\"article:published_time\" content=\"2022-11-29T11:35:00+00:00\" \/>\n<meta property=\"article:modified_time\" content=\"2022-12-01T18:25:43+00:00\" \/>\n<meta property=\"og:image\" content=\"https:\/\/dhg1h5j42swfq.cloudfront.net\/2022\/11\/07162326\/inss-1024x536-1.jpg\" \/>\n\t<meta property=\"og:image:width\" content=\"1024\" \/>\n\t<meta property=\"og:image:height\" content=\"536\" \/>\n\t<meta property=\"og:image:type\" content=\"image\/jpeg\" \/>\n<meta name=\"author\" content=\"F\u00e1bio Scaldelai\" \/>\n<meta name=\"twitter:card\" content=\"summary_large_image\" \/>\n<meta name=\"twitter:creator\" content=\"@EstratConcursos\" \/>\n<meta name=\"twitter:site\" content=\"@EstratConcursos\" \/>\n<meta name=\"twitter:label1\" content=\"Escrito por\" \/>\n\t<meta name=\"twitter:data1\" content=\"F\u00e1bio Scaldelai\" \/>\n\t<meta name=\"twitter:label2\" content=\"Est. tempo de leitura\" \/>\n\t<meta name=\"twitter:data2\" content=\"32 minutos\" \/>\n<script type=\"application\/ld+json\" class=\"yoast-schema-graph\">{\"@context\":\"https:\/\/schema.org\",\"@graph\":[{\"@type\":\"NewsArticle\",\"@id\":\"https:\/\/www.estrategiaconcursos.com.br\/blog\/gabarito-inss-2\/#article\",\"isPartOf\":{\"@id\":\"https:\/\/www.estrategiaconcursos.com.br\/blog\/gabarito-inss-2\/\"},\"author\":{\"name\":\"F\u00e1bio Scaldelai\",\"@id\":\"https:\/\/www.estrategiaconcursos.com.br\/blog\/#\/schema\/person\/e3b6b7ce0192dd4ad270655969d61750\"},\"headline\":\"Gabarito INSS: resultado extraoficial. Confira agora!\",\"datePublished\":\"2022-11-29T11:35:00+00:00\",\"dateModified\":\"2022-12-01T18:25:43+00:00\",\"mainEntityOfPage\":{\"@id\":\"https:\/\/www.estrategiaconcursos.com.br\/blog\/gabarito-inss-2\/\"},\"wordCount\":6400,\"commentCount\":0,\"publisher\":{\"@id\":\"https:\/\/www.estrategiaconcursos.com.br\/blog\/#organization\"},\"image\":{\"@id\":\"https:\/\/www.estrategiaconcursos.com.br\/blog\/gabarito-inss-2\/#primaryimage\"},\"thumbnailUrl\":\"https:\/\/dhg1h5j42swfq.cloudfront.net\/2022\/11\/07162326\/inss-1024x536-1.jpg\",\"keywords\":[\"Gabarito Extraoficial\",\"prova comentada\"],\"articleSection\":[\"Previdenci\u00e1ria (INSS, PREVIC)\",\"\u00daltimas not\u00edcias\"],\"inLanguage\":\"pt-BR\",\"potentialAction\":[{\"@type\":\"CommentAction\",\"name\":\"Comment\",\"target\":[\"https:\/\/www.estrategiaconcursos.com.br\/blog\/gabarito-inss-2\/#respond\"]}],\"copyrightYear\":\"2022\",\"copyrightHolder\":{\"@id\":\"https:\/\/www.estrategiaconcursos.com.br\/blog\/#organization\"}},{\"@type\":\"WebPage\",\"@id\":\"https:\/\/www.estrategiaconcursos.com.br\/blog\/gabarito-inss-2\/\",\"url\":\"https:\/\/www.estrategiaconcursos.com.br\/blog\/gabarito-inss-2\/\",\"name\":\"Gabarito INSS: resultado extraoficial. Confira agora!\",\"isPartOf\":{\"@id\":\"https:\/\/www.estrategiaconcursos.com.br\/blog\/#website\"},\"primaryImageOfPage\":{\"@id\":\"https:\/\/www.estrategiaconcursos.com.br\/blog\/gabarito-inss-2\/#primaryimage\"},\"image\":{\"@id\":\"https:\/\/www.estrategiaconcursos.com.br\/blog\/gabarito-inss-2\/#primaryimage\"},\"thumbnailUrl\":\"https:\/\/dhg1h5j42swfq.cloudfront.net\/2022\/11\/07162326\/inss-1024x536-1.jpg\",\"datePublished\":\"2022-11-29T11:35:00+00:00\",\"dateModified\":\"2022-12-01T18:25:43+00:00\",\"description\":\"Gabarito INSS: corre\u00e7\u00e3o gratuita de um dos maiores certames do pa\u00eds. Confira o gabarito extraoficial e coment\u00e1rios da prova!\",\"breadcrumb\":{\"@id\":\"https:\/\/www.estrategiaconcursos.com.br\/blog\/gabarito-inss-2\/#breadcrumb\"},\"inLanguage\":\"pt-BR\",\"potentialAction\":[{\"@type\":\"ReadAction\",\"target\":[\"https:\/\/www.estrategiaconcursos.com.br\/blog\/gabarito-inss-2\/\"]}]},{\"@type\":\"ImageObject\",\"inLanguage\":\"pt-BR\",\"@id\":\"https:\/\/www.estrategiaconcursos.com.br\/blog\/gabarito-inss-2\/#primaryimage\",\"url\":\"https:\/\/dhg1h5j42swfq.cloudfront.net\/2022\/11\/07162326\/inss-1024x536-1.jpg\",\"contentUrl\":\"https:\/\/dhg1h5j42swfq.cloudfront.net\/2022\/11\/07162326\/inss-1024x536-1.jpg\",\"width\":1024,\"height\":536,\"caption\":\"Convoca\u00e7\u00e3o de 300 excedentes do INSS j\u00e1 tem data!\"},{\"@type\":\"BreadcrumbList\",\"@id\":\"https:\/\/www.estrategiaconcursos.com.br\/blog\/gabarito-inss-2\/#breadcrumb\",\"itemListElement\":[{\"@type\":\"ListItem\",\"position\":1,\"name\":\"In\u00edcio\",\"item\":\"https:\/\/www.estrategiaconcursos.com.br\/blog\/\"},{\"@type\":\"ListItem\",\"position\":2,\"name\":\"Gabarito INSS: resultado extraoficial. Confira agora!\"}]},{\"@type\":\"WebSite\",\"@id\":\"https:\/\/www.estrategiaconcursos.com.br\/blog\/#website\",\"url\":\"https:\/\/www.estrategiaconcursos.com.br\/blog\/\",\"name\":\"Estrat\u00e9gia Concursos\",\"description\":\"O blog da Estrat\u00e9gia Concursos traz not\u00edcias sobre concursos e artigos de professores oferecendo cursos para concursos (pdf + videaulas) no site.\",\"publisher\":{\"@id\":\"https:\/\/www.estrategiaconcursos.com.br\/blog\/#organization\"},\"potentialAction\":[{\"@type\":\"SearchAction\",\"target\":{\"@type\":\"EntryPoint\",\"urlTemplate\":\"https:\/\/www.estrategiaconcursos.com.br\/blog\/?s={search_term_string}\"},\"query-input\":{\"@type\":\"PropertyValueSpecification\",\"valueRequired\":true,\"valueName\":\"search_term_string\"}}],\"inLanguage\":\"pt-BR\"},{\"@type\":\"Organization\",\"@id\":\"https:\/\/www.estrategiaconcursos.com.br\/blog\/#organization\",\"name\":\"Estrat\u00e9gia Concursos\",\"url\":\"https:\/\/www.estrategiaconcursos.com.br\/blog\/\",\"logo\":{\"@type\":\"ImageObject\",\"inLanguage\":\"pt-BR\",\"@id\":\"https:\/\/www.estrategiaconcursos.com.br\/blog\/#\/schema\/logo\/image\/\",\"url\":\"https:\/\/dhg1h5j42swfq.cloudfront.net\/2025\/06\/03203428\/logo_concursos-1.jpg\",\"contentUrl\":\"https:\/\/dhg1h5j42swfq.cloudfront.net\/2025\/06\/03203428\/logo_concursos-1.jpg\",\"width\":230,\"height\":60,\"caption\":\"Estrat\u00e9gia Concursos\"},\"image\":{\"@id\":\"https:\/\/www.estrategiaconcursos.com.br\/blog\/#\/schema\/logo\/image\/\"},\"sameAs\":[\"https:\/\/x.com\/EstratConcursos\"]},{\"@type\":\"Person\",\"@id\":\"https:\/\/www.estrategiaconcursos.com.br\/blog\/#\/schema\/person\/e3b6b7ce0192dd4ad270655969d61750\",\"name\":\"F\u00e1bio Scaldelai\",\"image\":{\"@type\":\"ImageObject\",\"inLanguage\":\"pt-BR\",\"@id\":\"https:\/\/secure.gravatar.com\/avatar\/8ed7492c4d88d8495bc0cb24cda6847b8ae23eec459a919e08e77d0ca0fd79ec?s=96&d=mm&r=g\",\"url\":\"https:\/\/secure.gravatar.com\/avatar\/8ed7492c4d88d8495bc0cb24cda6847b8ae23eec459a919e08e77d0ca0fd79ec?s=96&d=mm&r=g\",\"contentUrl\":\"https:\/\/secure.gravatar.com\/avatar\/8ed7492c4d88d8495bc0cb24cda6847b8ae23eec459a919e08e77d0ca0fd79ec?s=96&d=mm&r=g\",\"caption\":\"F\u00e1bio Scaldelai\"},\"description\":\"Jornalista no Estrat\u00e9gia Concursos e Produtor de Televis\u00e3o, formado em Jornalismo, R\u00e1dio e TV pela Faculdade Integrada Rio Branco, com especializa\u00e7\u00f5es em Gest\u00e3o Empresarial e Marketing pelo M\u00f3dulo. Atuou como produtor no SBT, TV Bandeirantes e R\u00e1dio Band FM, al\u00e9m de acumular tr\u00eas anos de experi\u00eancia no setor de concursos p\u00fablicos pela LFG (Luiz Fl\u00e1vio Gomes). No Estrat\u00e9gia Concursos, atua na apura\u00e7\u00e3o de not\u00edcias da \u00e1rea fiscal, al\u00e9m de coberturas sobre concursos das \u00e1reas de controle (TCU, TCE, etc), concurso AFT, \u00e1rea de gest\u00e3o e administrativa, bem como dos \u00f3rg\u00e3os participantes do CNU. Tamb\u00e9m possui experi\u00eancia em link building e an\u00e1lise de m\u00eddia, adquirida durante sua atua\u00e7\u00e3o na ag\u00eancia SEO Marketing.\",\"url\":\"https:\/\/www.estrategiaconcursos.com.br\/blog\/author\/fabio-scaldelaiestrategiaconcursos-com-br\/\"}]}<\/script>\n<!-- \/ Yoast SEO Premium plugin. -->","yoast_head_json":{"title":"Gabarito INSS: resultado extraoficial. Confira agora!","description":"Gabarito INSS: corre\u00e7\u00e3o gratuita de um dos maiores certames do pa\u00eds. Confira o gabarito extraoficial e coment\u00e1rios da prova!","robots":{"index":"index","follow":"follow","max-snippet":"max-snippet:-1","max-image-preview":"max-image-preview:large","max-video-preview":"max-video-preview:-1"},"canonical":"https:\/\/www.estrategiaconcursos.com.br\/blog\/gabarito-inss-2\/","og_locale":"pt_BR","og_type":"article","og_title":"Gabarito INSS: resultado extraoficial. Confira agora!","og_description":"Gabarito INSS: corre\u00e7\u00e3o gratuita de um dos maiores certames do pa\u00eds. Confira o gabarito extraoficial e coment\u00e1rios da prova!","og_url":"https:\/\/www.estrategiaconcursos.com.br\/blog\/gabarito-inss-2\/","og_site_name":"Estrat\u00e9gia Concursos","article_published_time":"2022-11-29T11:35:00+00:00","article_modified_time":"2022-12-01T18:25:43+00:00","og_image":[{"width":1024,"height":536,"url":"https:\/\/dhg1h5j42swfq.cloudfront.net\/2022\/11\/07162326\/inss-1024x536-1.jpg","type":"image\/jpeg"}],"author":"F\u00e1bio Scaldelai","twitter_card":"summary_large_image","twitter_creator":"@EstratConcursos","twitter_site":"@EstratConcursos","twitter_misc":{"Escrito por":"F\u00e1bio Scaldelai","Est. tempo de leitura":"32 minutos"},"schema":{"@context":"https:\/\/schema.org","@graph":[{"@type":"NewsArticle","@id":"https:\/\/www.estrategiaconcursos.com.br\/blog\/gabarito-inss-2\/#article","isPartOf":{"@id":"https:\/\/www.estrategiaconcursos.com.br\/blog\/gabarito-inss-2\/"},"author":{"name":"F\u00e1bio Scaldelai","@id":"https:\/\/www.estrategiaconcursos.com.br\/blog\/#\/schema\/person\/e3b6b7ce0192dd4ad270655969d61750"},"headline":"Gabarito INSS: resultado extraoficial. Confira agora!","datePublished":"2022-11-29T11:35:00+00:00","dateModified":"2022-12-01T18:25:43+00:00","mainEntityOfPage":{"@id":"https:\/\/www.estrategiaconcursos.com.br\/blog\/gabarito-inss-2\/"},"wordCount":6400,"commentCount":0,"publisher":{"@id":"https:\/\/www.estrategiaconcursos.com.br\/blog\/#organization"},"image":{"@id":"https:\/\/www.estrategiaconcursos.com.br\/blog\/gabarito-inss-2\/#primaryimage"},"thumbnailUrl":"https:\/\/dhg1h5j42swfq.cloudfront.net\/2022\/11\/07162326\/inss-1024x536-1.jpg","keywords":["Gabarito Extraoficial","prova comentada"],"articleSection":["Previdenci\u00e1ria (INSS, PREVIC)","\u00daltimas not\u00edcias"],"inLanguage":"pt-BR","potentialAction":[{"@type":"CommentAction","name":"Comment","target":["https:\/\/www.estrategiaconcursos.com.br\/blog\/gabarito-inss-2\/#respond"]}],"copyrightYear":"2022","copyrightHolder":{"@id":"https:\/\/www.estrategiaconcursos.com.br\/blog\/#organization"}},{"@type":"WebPage","@id":"https:\/\/www.estrategiaconcursos.com.br\/blog\/gabarito-inss-2\/","url":"https:\/\/www.estrategiaconcursos.com.br\/blog\/gabarito-inss-2\/","name":"Gabarito INSS: resultado extraoficial. Confira agora!","isPartOf":{"@id":"https:\/\/www.estrategiaconcursos.com.br\/blog\/#website"},"primaryImageOfPage":{"@id":"https:\/\/www.estrategiaconcursos.com.br\/blog\/gabarito-inss-2\/#primaryimage"},"image":{"@id":"https:\/\/www.estrategiaconcursos.com.br\/blog\/gabarito-inss-2\/#primaryimage"},"thumbnailUrl":"https:\/\/dhg1h5j42swfq.cloudfront.net\/2022\/11\/07162326\/inss-1024x536-1.jpg","datePublished":"2022-11-29T11:35:00+00:00","dateModified":"2022-12-01T18:25:43+00:00","description":"Gabarito INSS: corre\u00e7\u00e3o gratuita de um dos maiores certames do pa\u00eds. Confira o gabarito extraoficial e coment\u00e1rios da prova!","breadcrumb":{"@id":"https:\/\/www.estrategiaconcursos.com.br\/blog\/gabarito-inss-2\/#breadcrumb"},"inLanguage":"pt-BR","potentialAction":[{"@type":"ReadAction","target":["https:\/\/www.estrategiaconcursos.com.br\/blog\/gabarito-inss-2\/"]}]},{"@type":"ImageObject","inLanguage":"pt-BR","@id":"https:\/\/www.estrategiaconcursos.com.br\/blog\/gabarito-inss-2\/#primaryimage","url":"https:\/\/dhg1h5j42swfq.cloudfront.net\/2022\/11\/07162326\/inss-1024x536-1.jpg","contentUrl":"https:\/\/dhg1h5j42swfq.cloudfront.net\/2022\/11\/07162326\/inss-1024x536-1.jpg","width":1024,"height":536,"caption":"Convoca\u00e7\u00e3o de 300 excedentes do INSS j\u00e1 tem data!"},{"@type":"BreadcrumbList","@id":"https:\/\/www.estrategiaconcursos.com.br\/blog\/gabarito-inss-2\/#breadcrumb","itemListElement":[{"@type":"ListItem","position":1,"name":"In\u00edcio","item":"https:\/\/www.estrategiaconcursos.com.br\/blog\/"},{"@type":"ListItem","position":2,"name":"Gabarito INSS: resultado extraoficial. Confira agora!"}]},{"@type":"WebSite","@id":"https:\/\/www.estrategiaconcursos.com.br\/blog\/#website","url":"https:\/\/www.estrategiaconcursos.com.br\/blog\/","name":"Estrat\u00e9gia Concursos","description":"O blog da Estrat\u00e9gia Concursos traz not\u00edcias sobre concursos e artigos de professores oferecendo cursos para concursos (pdf + videaulas) no site.","publisher":{"@id":"https:\/\/www.estrategiaconcursos.com.br\/blog\/#organization"},"potentialAction":[{"@type":"SearchAction","target":{"@type":"EntryPoint","urlTemplate":"https:\/\/www.estrategiaconcursos.com.br\/blog\/?s={search_term_string}"},"query-input":{"@type":"PropertyValueSpecification","valueRequired":true,"valueName":"search_term_string"}}],"inLanguage":"pt-BR"},{"@type":"Organization","@id":"https:\/\/www.estrategiaconcursos.com.br\/blog\/#organization","name":"Estrat\u00e9gia Concursos","url":"https:\/\/www.estrategiaconcursos.com.br\/blog\/","logo":{"@type":"ImageObject","inLanguage":"pt-BR","@id":"https:\/\/www.estrategiaconcursos.com.br\/blog\/#\/schema\/logo\/image\/","url":"https:\/\/dhg1h5j42swfq.cloudfront.net\/2025\/06\/03203428\/logo_concursos-1.jpg","contentUrl":"https:\/\/dhg1h5j42swfq.cloudfront.net\/2025\/06\/03203428\/logo_concursos-1.jpg","width":230,"height":60,"caption":"Estrat\u00e9gia Concursos"},"image":{"@id":"https:\/\/www.estrategiaconcursos.com.br\/blog\/#\/schema\/logo\/image\/"},"sameAs":["https:\/\/x.com\/EstratConcursos"]},{"@type":"Person","@id":"https:\/\/www.estrategiaconcursos.com.br\/blog\/#\/schema\/person\/e3b6b7ce0192dd4ad270655969d61750","name":"F\u00e1bio Scaldelai","image":{"@type":"ImageObject","inLanguage":"pt-BR","@id":"https:\/\/secure.gravatar.com\/avatar\/8ed7492c4d88d8495bc0cb24cda6847b8ae23eec459a919e08e77d0ca0fd79ec?s=96&d=mm&r=g","url":"https:\/\/secure.gravatar.com\/avatar\/8ed7492c4d88d8495bc0cb24cda6847b8ae23eec459a919e08e77d0ca0fd79ec?s=96&d=mm&r=g","contentUrl":"https:\/\/secure.gravatar.com\/avatar\/8ed7492c4d88d8495bc0cb24cda6847b8ae23eec459a919e08e77d0ca0fd79ec?s=96&d=mm&r=g","caption":"F\u00e1bio Scaldelai"},"description":"Jornalista no Estrat\u00e9gia Concursos e Produtor de Televis\u00e3o, formado em Jornalismo, R\u00e1dio e TV pela Faculdade Integrada Rio Branco, com especializa\u00e7\u00f5es em Gest\u00e3o Empresarial e Marketing pelo M\u00f3dulo. Atuou como produtor no SBT, TV Bandeirantes e R\u00e1dio Band FM, al\u00e9m de acumular tr\u00eas anos de experi\u00eancia no setor de concursos p\u00fablicos pela LFG (Luiz Fl\u00e1vio Gomes). No Estrat\u00e9gia Concursos, atua na apura\u00e7\u00e3o de not\u00edcias da \u00e1rea fiscal, al\u00e9m de coberturas sobre concursos das \u00e1reas de controle (TCU, TCE, etc), concurso AFT, \u00e1rea de gest\u00e3o e administrativa, bem como dos \u00f3rg\u00e3os participantes do CNU. Tamb\u00e9m possui experi\u00eancia em link building e an\u00e1lise de m\u00eddia, adquirida durante sua atua\u00e7\u00e3o na ag\u00eancia SEO Marketing.","url":"https:\/\/www.estrategiaconcursos.com.br\/blog\/author\/fabio-scaldelaiestrategiaconcursos-com-br\/"}]}},"_links":{"self":[{"href":"https:\/\/www.estrategiaconcursos.com.br\/blog\/wp-json\/wp\/v2\/posts\/1129984","targetHints":{"allow":["GET"]}}],"collection":[{"href":"https:\/\/www.estrategiaconcursos.com.br\/blog\/wp-json\/wp\/v2\/posts"}],"about":[{"href":"https:\/\/www.estrategiaconcursos.com.br\/blog\/wp-json\/wp\/v2\/types\/post"}],"author":[{"embeddable":true,"href":"https:\/\/www.estrategiaconcursos.com.br\/blog\/wp-json\/wp\/v2\/users\/656"}],"replies":[{"embeddable":true,"href":"https:\/\/www.estrategiaconcursos.com.br\/blog\/wp-json\/wp\/v2\/comments?post=1129984"}],"version-history":[{"count":139,"href":"https:\/\/www.estrategiaconcursos.com.br\/blog\/wp-json\/wp\/v2\/posts\/1129984\/revisions"}],"predecessor-version":[{"id":1132923,"href":"https:\/\/www.estrategiaconcursos.com.br\/blog\/wp-json\/wp\/v2\/posts\/1129984\/revisions\/1132923"}],"wp:featuredmedia":[{"embeddable":true,"href":"https:\/\/www.estrategiaconcursos.com.br\/blog\/wp-json\/wp\/v2\/media\/1121177"}],"wp:attachment":[{"href":"https:\/\/www.estrategiaconcursos.com.br\/blog\/wp-json\/wp\/v2\/media?parent=1129984"}],"wp:term":[{"taxonomy":"category","embeddable":true,"href":"https:\/\/www.estrategiaconcursos.com.br\/blog\/wp-json\/wp\/v2\/categories?post=1129984"},{"taxonomy":"post_tag","embeddable":true,"href":"https:\/\/www.estrategiaconcursos.com.br\/blog\/wp-json\/wp\/v2\/tags?post=1129984"},{"taxonomy":"tax_estado","embeddable":true,"href":"https:\/\/www.estrategiaconcursos.com.br\/blog\/wp-json\/wp\/v2\/tax_estado?post=1129984"}],"curies":[{"name":"wp","href":"https:\/\/api.w.org\/{rel}","templated":true}]}}