{"id":1129673,"date":"2022-11-28T09:00:00","date_gmt":"2022-11-28T12:00:00","guid":{"rendered":"https:\/\/www.estrategiaconcursos.com.br\/blog\/?p=1129673"},"modified":"2022-12-02T16:31:42","modified_gmt":"2022-12-02T19:31:42","slug":"carta-aos-assinantes-109","status":"publish","type":"post","link":"https:\/\/www.estrategiaconcursos.com.br\/blog\/carta-aos-assinantes-109\/","title":{"rendered":"Carta aos Assinantes do Estrat\u00e9gia Concursos &#8211; 109"},"content":{"rendered":"\n<p class=\"has-text-align-right has-luminous-vivid-amber-background-color has-background\"><em>Confira, em nossa <strong>cent\u00e9sima<\/strong> <strong>nona<\/strong> carta aos assinantes, a nossa programa\u00e7\u00e3o semanal, as novidades do nosso Sistema de Quest\u00f5es e as principais movimenta\u00e7\u00f5es de concursos.<\/em><\/p>\n\n\n\n<p>Ol\u00e1, pessoal. Tudo bem?<\/p>\n\n\n\n<p>Aqui \u00e9 o<strong> Prof. Diego Cerqueira <\/strong>em nossa <strong><mark style=\"background-color:rgba(0, 0, 0, 0)\" class=\"has-inline-color has-vivid-purple-color\">cent\u00e9sima nona carta aos Assinantes<\/mark><\/strong> do Estrat\u00e9gia Concursos.<\/p>\n\n\n\n<p>Hoje eu gostaria de iniciar esta carta falando com os alunos da <strong><mark style=\"background-color:rgba(0, 0, 0, 0)\" class=\"has-inline-color has-vivid-purple-color\">\u00e1rea de Controle<\/mark><\/strong>. Historicamente a banca Cespe\/Cebraspe tinha tradi\u00e7\u00e3o de organizar os principais concursos da \u00e1rea, sendo a principal refer\u00eancia. Todavia, a partir de 2021 come\u00e7amos a observar uma ascens\u00e3o da <strong>FGV (Funda\u00e7\u00e3o Get\u00falio Vargas)<\/strong>. Em raz\u00e3o disso, a nossa equipe elaborou <a href=\"https:\/\/www.estrategiaconcursos.com.br\/blog\/licoes-provas-controle-fgv\/\">este artigo<\/a> com algumas li\u00e7\u00f5es das provas de Controle da FGV em 2022. Nosso objetivo \u00e9 ajudar voc\u00ea, caro leitor, a ter mais ferramentas para encarar essa banca t\u00e3o temida por muitos candidatos.<\/p>\n\n\n\n<p>N\u00e3o importa a \u00e1rea que voc\u00ea estude, muito provavelmente ir\u00e1 cair a mat\u00e9ria de <strong>L\u00edngua Portuguesa<\/strong> na sua prova. E um assunto que \u00e9 muito recorrente e que v\u00e1rios alunos apresentam dificuldades \u00e9 o de <strong><mark style=\"background-color:rgba(0, 0, 0, 0)\" class=\"has-inline-color has-vivid-purple-color\">Concord\u00e2ncia Verbal e Nominal<\/mark><\/strong>. A nossa equipe criou um artigo especificamente para este assunto e pode te ajudar a acabar com essa dificuldade. <a href=\"https:\/\/www.estrategiaconcursos.com.br\/blog\/concordancia-inss\/\">Clique aqui<\/a> e acesse este conte\u00fado que pode te ajudar a conquistar uns pontinhos extras na hora da prova.<\/p>\n\n\n\n<h2 class=\"wp-block-heading\" id=\"h-sistema-de-questoes-do-estrategia\">Sistema de Quest\u00f5es do Estrat\u00e9gia<\/h2>\n\n\n\n<p>Na \u00faltima semana a nossa equipe do Sistema de Quest\u00f5es criou os seguintes Cadernos de Quest\u00f5es:<\/p>\n\n\n\n<ul class=\"wp-block-list\"><li>Pol\u00edcia Civil do Estado de Goi\u00e1s (<a href=\"https:\/\/www.estrategiaconcursos.com.br\/blog\/cadernos-de-questoes-pc-go\/\">Clique aqui!<\/a>)<\/li><li>Minist\u00e9rio P\u00fablico do Estado de Minas Gerais (<a href=\"https:\/\/www.estrategiaconcursos.com.br\/blog\/cadernos-de-questoes-mp-mg\/\">Clique aqui!<\/a>)<\/li><\/ul>\n\n\n\n<p>Al\u00e9m disso, foram atualizados os seguintes artigos com Quest\u00f5es In\u00e9ditas:<\/p>\n\n\n\n<ul class=\"wp-block-list\"><li>Instituto Nacional do Seguro Social (<a href=\"https:\/\/www.estrategiaconcursos.com.br\/blog\/questoes-ineditas-inss\/\">Clique aqui!<\/a>)<\/li><\/ul>\n\n\n\n<p>Tamb\u00e9m foram criados os seguintes cadernos de Provas Anteriores:<\/p>\n\n\n\n<ul class=\"wp-block-list\"><li>Pol\u00edcia Militar do Estado de S\u00e3o Paulo (<a href=\"https:\/\/www.estrategiaconcursos.com.br\/blog\/8-provas-de-concursos-anteriores-da-pm-sp\/\">Clique aqui!<\/a>)<\/li><li>Pol\u00edcia Militar do Mato Grosso do Sul (<a href=\"https:\/\/www.estrategiaconcursos.com.br\/blog\/4-provas-de-concursos-anteriores-da-banca-idecan-e-da-pm-ms\/\">Clique aqui!<\/a>)<\/li><\/ul>\n\n\n\n<p>Por fim, foram criados os seguintes artigos de Quest\u00f5es In\u00e9ditas:<\/p>\n\n\n\n<ul class=\"wp-block-list\"><li>Assembleia Legislativa do Estado de Minas Gerais (<a href=\"https:\/\/www.estrategiaconcursos.com.br\/blog\/questoes-ineditas-al-mg\/\">Clique aqui!<\/a>)<\/li><li>Pol\u00edcia Civil do Estado de Goi\u00e1s (<a href=\"https:\/\/www.estrategiaconcursos.com.br\/blog\/questoes-ineditas-pc-go\/\">Clique aqui!<\/a>)<\/li><\/ul>\n\n\n\n<h2 class=\"wp-block-heading\" id=\"h-agora-vamos-ver-as-principais-movimentacoes-de-concursos-da-ultima-semana\">Agora, vamos ver as principais movimenta\u00e7\u00f5es de concursos da \u00faltima semana?<\/h2>\n\n\n\n<ul class=\"wp-block-list\"><li><a href=\"https:\/\/www.estrategiaconcursos.com.br\/blog\/concurso-epagri-sc\/\">EPAGRI SC:<\/a> A Empresa de Pesquisa Agropecu\u00e1ria e Extens\u00e3o Rural de SC (Epagri) publicou nesta ter\u00e7a-feira (22) o edital do Concurso P\u00fablico que vai preencher 100 vagas no seu quadro de profissionais e formar cadastro de reserva. As oportunidades s\u00e3o nas \u00e1reas administrativa, t\u00e9cnica, operacional, de tecnologia da informa\u00e7\u00e3o e comunica\u00e7\u00e3o, de pesquisa, extens\u00e3o rural, extens\u00e3o social e apoio \u00e0 pesquisa e extens\u00e3o rural. Al\u00e9m disso, os futuros contratados ser\u00e3o lotados por todas as regi\u00f5es de Santa Catarina. Algumas s\u00e3o para munic\u00edpios espec\u00edficos e outras s\u00e3o estaduais \u2013 ou seja, ser\u00e3o preenchidas de acordo com a necessidade das unidades da Empresa no momento da contrata\u00e7\u00e3o. J\u00e1 as inscri\u00e7\u00f5es est\u00e3o abertas no site da Funda\u00e7\u00e3o de Estudos e Pesquisas Socioecon\u00f4micos (FEPESE), at\u00e9 o dia 21 de dezembro. As provas ser\u00e3o aplicadas no dia 29 de janeiro de 2023.<\/li><\/ul>\n\n\n\n<ul class=\"wp-block-list\"><li><a href=\"https:\/\/www.estrategiaconcursos.com.br\/blog\/concurso-tcm-sp\/\">TCM SP:<\/a> Ap\u00f3s um per\u00edodo suspenso, o Tribunal de Contas do Munic\u00edpio de S\u00e3o Paulo (TCMSP) retomou o seu processo de concurso p\u00fablico para auditores, auxiliar t\u00e9cnico de n\u00edvel m\u00e9dio e auxiliar t\u00e9cnico de inform\u00e1tica. Com isso, um novo cronograma de datas foi divulgado. Para os interessados em participar, as inscri\u00e7\u00f5es foram reabertas entre os dias 28 de novembro e 27 de dezembro, atrav\u00e9s do site da banca organizadora, a Funda\u00e7\u00e3o Vunesp. Tamb\u00e9m ser\u00e1 necess\u00e1rio pagar uma taxa que pode variar entre R$ 75,00 e R$ 120,00, dependendo da fun\u00e7\u00e3o desejada. Ao todo, s\u00e3o ofertadas 31 vagas imediatas mais 76 em cadastro reserva, com sal\u00e1rios iniciais de at\u00e9&nbsp; R$ 18.829,53. A aplica\u00e7\u00e3o da prova objetiva para os cargos de auditor de controle externo, ser\u00e1 na data de 26 de fevereiro de 2023, no per\u00edodo da manh\u00e3, sendo que a prova de reda\u00e7\u00e3o e a avalia\u00e7\u00e3o discursiva ser\u00e3o conjuntas, na mesma data, no per\u00edodo da tarde. J\u00e1 a aplica\u00e7\u00e3o da prova objetiva e da reda\u00e7\u00e3o para os cargos de auxiliar t\u00e9cnico de controle externo tamb\u00e9m ser\u00e1 conjunta, na data de 5 de mar\u00e7o de 2023, no per\u00edodo da tarde.<\/li><\/ul>\n\n\n\n<ul class=\"wp-block-list\"><li><a href=\"https:\/\/www.estrategiaconcursos.com.br\/blog\/concurso-der-es\/\">DER ES:<\/a> Foi definida a banca que ficar\u00e1 respons\u00e1vel pelo novo concurso DER ES (Departamento de Edifica\u00e7\u00f5es e de Rodovias do Estado do Esp\u00edrito Santo). A sele\u00e7\u00e3o ficar\u00e1 sob responsabilidade do Idecan. O aviso de dispensa de licita\u00e7\u00e3o que revela o nome da empresa foi publicado por meio do Di\u00e1rio Oficial do Estado desta sexta-feira, 25 de novembro. J\u00e1 o quantitativo de vagas que ser\u00e3o ofertadas ainda n\u00e3o foi informado. Com isso, a expectativa agora \u00e9 pela assinatura do contrato e produ\u00e7\u00e3o do edital de abertura.<\/li><\/ul>\n\n\n\n<ul class=\"wp-block-list\"><li><a href=\"https:\/\/www.estrategiaconcursos.com.br\/blog\/concurso-bombeiro-tocantins\/\">Bombeiros TO<\/a>: Foi publicado o extrato de contrato que definiu o Cebraspe como banca organizadora do pr\u00f3ximo concurso Bombeiros TO. As oportunidades ser\u00e3o destinadas aos cargos de Oficial e Soldado, entretanto, ainda n\u00e3o h\u00e1 informa\u00e7\u00f5es acerca do quantitativo de vagas a ser ofertado.<\/li><\/ul>\n\n\n\n<ul class=\"wp-block-list\"><li><a href=\"https:\/\/www.estrategiaconcursos.com.br\/blog\/concurso-ale-rr\/\">ALE RR<\/a>: O novo concurso ALE RR est\u00e1 cada vez mais pr\u00f3ximo de ser realizado. Isso porque foi definida a banca organizadora do pr\u00f3ximo edital, a Funda\u00e7\u00e3o Vunesp. Anteriormente, quando anunciada a comiss\u00e3o do certame, foi confirmado que as vagas do certame ser\u00e3o para a carreira de Consultor Legislativo.<\/li><\/ul>\n\n\n\n<ul class=\"wp-block-list\"><li><a href=\"https:\/\/www.estrategiaconcursos.com.br\/blog\/concurso-pmdf\/\">PMDF<\/a>: A banca organizadora do pr\u00f3ximo concurso PMDF (Pol\u00edcia Militar do Distrito Federal) foi definida! Conforme indicado no documento, que consta no Di\u00e1rio Oficial do DF, o certame ficar\u00e1 sob responsabilidade do Instituto AOCP. Vale lembrar que foram autorizadas 2.100 vagas para Soldado (700 + 1.400 CR) e 46 vagas para o quadro de Oficiais da Sa\u00fade (M\u00e9dicos, Dentistas e Veterin\u00e1rio) e Oficial Capel\u00e3o.<\/li><\/ul>\n\n\n\n<ul class=\"wp-block-list\"><li><a href=\"https:\/\/www.estrategiaconcursos.com.br\/blog\/concurso-pm-mg\/\">PM MG<\/a>: Um novo edital do concurso PM MG (Pol\u00edcia Militar de Minas Gerais) deve ser publicado em 2023 com a oferta de 3.250 vagas. As oportunidades ser\u00e3o distribu\u00eddas entre os cargos de Soldados, Soldados Especialistas, Oficiais de Sa\u00fade e Oficiais Combatentes. De acordo com o secret\u00e1rio-geral do estado de Minas Gerais, Mateus Sim\u00f5es, a pretens\u00e3o do governo \u00e9 de realizar concursos cont\u00ednuos para a corpora\u00e7\u00e3o, incorporando, nos pr\u00f3ximos 4 anos de mandato, cerca de 10.268 novos policiais.<\/li><\/ul>\n\n\n\n<ul class=\"wp-block-list\"><li><a href=\"https:\/\/www.estrategiaconcursos.com.br\/blog\/concurso-tjmg-edital-2023\/\">TJMG:<\/a> O Tribunal de Justi\u00e7a de Minas Gerais lan\u00e7ar\u00e1 um novo edital do concurso, e a previs\u00e3o \u00e9 de que o certame seja realizado no primeiro semestre de 2023. A novidade partiu de uma reuni\u00e3o realizada na mais recente segunda-feira, 21 de novembro, entre a administra\u00e7\u00e3o do Tribunal de Justi\u00e7a de Minas Gerais e os tr\u00eas sindicatos: SINJUS, SERJUSMIG e SINDOJUS.<\/li><\/ul>\n\n\n\n<ul class=\"wp-block-list\"><li><a href=\"https:\/\/www.estrategiaconcursos.com.br\/blog\/concurso-tj-ce\/\">TJ CE:<\/a> O Tribunal de Justi\u00e7a do Cear\u00e1 lan\u00e7ar\u00e1 novo edital do concurso TJ CE para cargos de n\u00edvel m\u00e9dio! A comiss\u00e3o j\u00e1 est\u00e1 formada e, de acordo com o jornalista Alex Azevedo, a FCC poder\u00e1 ser a banca organizadora do pr\u00f3ximo concurso p\u00fablico. Azevedo informou que a presidente do TJ Cear\u00e1, desembargadora Nailde Pinheiro, disse que as provas est\u00e3o previstas para janeiro. Para que isso aconte\u00e7a, a publica\u00e7\u00e3o do edital precisa ser breve.<\/li><\/ul>\n\n\n\n<ul class=\"wp-block-list\"><li><a href=\"https:\/\/www.estrategiaconcursos.com.br\/blog\/concurso-ufrgs-edital-publicado\/\">UFRGS:<\/a> Foi publicado o edital UFRGS! Conforme o documento, a Universidade Federal do Rio Grande do Sul oferece 159 vagas para cargos de T\u00e9cnico Administrativo em Educa\u00e7\u00e3o em diversas especialidades. As oportunidades s\u00e3o de n\u00edveis m\u00e9dio, t\u00e9cnico e superior de forma\u00e7\u00e3o, com sal\u00e1rios iniciais que variam de R$ 1.945,07 a R$ 4.180,66.<\/li><\/ul>\n\n\n\n<p>Desejo a todos uma excelente semana de estudos!<\/p>\n\n\n\n<p>Abra\u00e7os,<\/p>\n\n\n\n<p><strong>Prof. Diego Cerqueira<\/strong><\/p>\n","protected":false},"excerpt":{"rendered":"<p>Confira, em nossa cent\u00e9sima nona carta aos assinantes, a nossa programa\u00e7\u00e3o semanal, as novidades do nosso Sistema de Quest\u00f5es e as principais movimenta\u00e7\u00f5es de concursos. Ol\u00e1, pessoal. Tudo bem? Aqui \u00e9 o Prof. Diego Cerqueira em nossa cent\u00e9sima nona carta aos Assinantes do Estrat\u00e9gia Concursos. Hoje eu gostaria de iniciar esta carta falando com os [&hellip;]<\/p>\n","protected":false},"author":1789,"featured_media":1129684,"comment_status":"open","ping_status":"closed","sticky":false,"template":"","format":"standard","meta":{"post_tipo":"article","footnotes":""},"categories":[1],"tags":[],"tax_estado":[219964,219965,219966,219967,219968,219969,219963,219970,219971,219972,219973,219974,219975,219976,219977,219978,219979,219980,219981,219982,219983,219984,219985,219986,219987,219988,219989,219990],"class_list":["post-1129673","post","type-post","status-publish","format-standard","has-post-thumbnail","hentry","category-cursos-e-concursos","tax_estado-ac","tax_estado-al","tax_estado-am","tax_estado-ap","tax_estado-ba","tax_estado-ce","tax_estado-concursos-federais","tax_estado-df","tax_estado-es","tax_estado-go","tax_estado-ma","tax_estado-mg","tax_estado-ms","tax_estado-mt","tax_estado-pa","tax_estado-pb","tax_estado-pe","tax_estado-pi","tax_estado-pr","tax_estado-rj","tax_estado-rn","tax_estado-ro","tax_estado-rr","tax_estado-rs","tax_estado-sc","tax_estado-se","tax_estado-sp","tax_estado-to"],"acf":[],"yoast_head":"<!-- This site is optimized with the Yoast SEO Premium plugin v27.2 (Yoast SEO v27.2) - https:\/\/yoast.com\/product\/yoast-seo-premium-wordpress\/ -->\n<title>Carta aos Assinantes do Estrat\u00e9gia Concursos - 109<\/title>\n<meta name=\"description\" content=\"Confira, em nossa 109\u00aa carta aos assinantes, a nossa programa\u00e7\u00e3o semanal, as novidades do nosso SQ e as principais movimenta\u00e7\u00f5es de concursos.\" \/>\n<meta name=\"robots\" content=\"index, follow, max-snippet:-1, max-image-preview:large, max-video-preview:-1\" \/>\n<link rel=\"canonical\" href=\"https:\/\/www.estrategiaconcursos.com.br\/blog\/carta-aos-assinantes-109\/\" \/>\n<meta property=\"og:locale\" content=\"pt_BR\" \/>\n<meta property=\"og:type\" content=\"article\" \/>\n<meta property=\"og:title\" content=\"Carta aos Assinantes do Estrat\u00e9gia Concursos - 109\" \/>\n<meta property=\"og:description\" content=\"Confira, em nossa 109\u00aa carta aos assinantes, a nossa programa\u00e7\u00e3o semanal, as novidades do nosso SQ e as principais movimenta\u00e7\u00f5es de concursos.\" \/>\n<meta property=\"og:url\" content=\"https:\/\/www.estrategiaconcursos.com.br\/blog\/carta-aos-assinantes-109\/\" \/>\n<meta property=\"og:site_name\" content=\"Estrat\u00e9gia Concursos\" \/>\n<meta property=\"article:published_time\" content=\"2022-11-28T12:00:00+00:00\" \/>\n<meta property=\"article:modified_time\" content=\"2022-12-02T19:31:42+00:00\" \/>\n<meta property=\"og:image\" content=\"https:\/\/dhg1h5j42swfq.cloudfront.net\/2022\/11\/25155507\/imagem-carta-aos-assinantes-4.png\" \/>\n\t<meta property=\"og:image:width\" content=\"800\" \/>\n\t<meta property=\"og:image:height\" content=\"450\" \/>\n\t<meta property=\"og:image:type\" content=\"image\/png\" \/>\n<meta name=\"author\" content=\"Coordena\u00e7\u00e3o Estrat\u00e9gia\" \/>\n<meta name=\"twitter:card\" content=\"summary_large_image\" \/>\n<meta name=\"twitter:creator\" content=\"@EstratConcursos\" \/>\n<meta name=\"twitter:site\" content=\"@EstratConcursos\" \/>\n<meta name=\"twitter:label1\" content=\"Escrito por\" \/>\n\t<meta name=\"twitter:data1\" content=\"Coordena\u00e7\u00e3o Estrat\u00e9gia\" \/>\n\t<meta name=\"twitter:label2\" content=\"Est. tempo de leitura\" \/>\n\t<meta name=\"twitter:data2\" content=\"6 minutos\" \/>\n<script type=\"application\/ld+json\" class=\"yoast-schema-graph\">{\"@context\":\"https:\/\/schema.org\",\"@graph\":[{\"@type\":\"NewsArticle\",\"@id\":\"https:\/\/www.estrategiaconcursos.com.br\/blog\/carta-aos-assinantes-109\/#article\",\"isPartOf\":{\"@id\":\"https:\/\/www.estrategiaconcursos.com.br\/blog\/carta-aos-assinantes-109\/\"},\"author\":{\"name\":\"Coordena\u00e7\u00e3o Estrat\u00e9gia\",\"@id\":\"https:\/\/www.estrategiaconcursos.com.br\/blog\/#\/schema\/person\/ba5fab3b1fa4a358429e37bc50f74021\"},\"headline\":\"Carta aos Assinantes do Estrat\u00e9gia Concursos &#8211; 109\",\"datePublished\":\"2022-11-28T12:00:00+00:00\",\"dateModified\":\"2022-12-02T19:31:42+00:00\",\"mainEntityOfPage\":{\"@id\":\"https:\/\/www.estrategiaconcursos.com.br\/blog\/carta-aos-assinantes-109\/\"},\"wordCount\":1298,\"commentCount\":0,\"publisher\":{\"@id\":\"https:\/\/www.estrategiaconcursos.com.br\/blog\/#organization\"},\"image\":{\"@id\":\"https:\/\/www.estrategiaconcursos.com.br\/blog\/carta-aos-assinantes-109\/#primaryimage\"},\"thumbnailUrl\":\"https:\/\/dhg1h5j42swfq.cloudfront.net\/2022\/11\/25155507\/imagem-carta-aos-assinantes-4.png\",\"articleSection\":[\"Concursos P\u00fablicos\"],\"inLanguage\":\"pt-BR\",\"potentialAction\":[{\"@type\":\"CommentAction\",\"name\":\"Comment\",\"target\":[\"https:\/\/www.estrategiaconcursos.com.br\/blog\/carta-aos-assinantes-109\/#respond\"]}],\"copyrightYear\":\"2022\",\"copyrightHolder\":{\"@id\":\"https:\/\/www.estrategiaconcursos.com.br\/blog\/#organization\"}},{\"@type\":\"WebPage\",\"@id\":\"https:\/\/www.estrategiaconcursos.com.br\/blog\/carta-aos-assinantes-109\/\",\"url\":\"https:\/\/www.estrategiaconcursos.com.br\/blog\/carta-aos-assinantes-109\/\",\"name\":\"Carta aos Assinantes do Estrat\u00e9gia Concursos - 109\",\"isPartOf\":{\"@id\":\"https:\/\/www.estrategiaconcursos.com.br\/blog\/#website\"},\"primaryImageOfPage\":{\"@id\":\"https:\/\/www.estrategiaconcursos.com.br\/blog\/carta-aos-assinantes-109\/#primaryimage\"},\"image\":{\"@id\":\"https:\/\/www.estrategiaconcursos.com.br\/blog\/carta-aos-assinantes-109\/#primaryimage\"},\"thumbnailUrl\":\"https:\/\/dhg1h5j42swfq.cloudfront.net\/2022\/11\/25155507\/imagem-carta-aos-assinantes-4.png\",\"datePublished\":\"2022-11-28T12:00:00+00:00\",\"dateModified\":\"2022-12-02T19:31:42+00:00\",\"description\":\"Confira, em nossa 109\u00aa carta aos assinantes, a nossa programa\u00e7\u00e3o semanal, as novidades do nosso SQ e as principais movimenta\u00e7\u00f5es de concursos.\",\"breadcrumb\":{\"@id\":\"https:\/\/www.estrategiaconcursos.com.br\/blog\/carta-aos-assinantes-109\/#breadcrumb\"},\"inLanguage\":\"pt-BR\",\"potentialAction\":[{\"@type\":\"ReadAction\",\"target\":[\"https:\/\/www.estrategiaconcursos.com.br\/blog\/carta-aos-assinantes-109\/\"]}]},{\"@type\":\"ImageObject\",\"inLanguage\":\"pt-BR\",\"@id\":\"https:\/\/www.estrategiaconcursos.com.br\/blog\/carta-aos-assinantes-109\/#primaryimage\",\"url\":\"https:\/\/dhg1h5j42swfq.cloudfront.net\/2022\/11\/25155507\/imagem-carta-aos-assinantes-4.png\",\"contentUrl\":\"https:\/\/dhg1h5j42swfq.cloudfront.net\/2022\/11\/25155507\/imagem-carta-aos-assinantes-4.png\",\"width\":800,\"height\":450},{\"@type\":\"BreadcrumbList\",\"@id\":\"https:\/\/www.estrategiaconcursos.com.br\/blog\/carta-aos-assinantes-109\/#breadcrumb\",\"itemListElement\":[{\"@type\":\"ListItem\",\"position\":1,\"name\":\"In\u00edcio\",\"item\":\"https:\/\/www.estrategiaconcursos.com.br\/blog\/\"},{\"@type\":\"ListItem\",\"position\":2,\"name\":\"Carta aos Assinantes do Estrat\u00e9gia Concursos &#8211; 109\"}]},{\"@type\":\"WebSite\",\"@id\":\"https:\/\/www.estrategiaconcursos.com.br\/blog\/#website\",\"url\":\"https:\/\/www.estrategiaconcursos.com.br\/blog\/\",\"name\":\"Estrat\u00e9gia Concursos\",\"description\":\"O blog da Estrat\u00e9gia Concursos traz not\u00edcias sobre concursos e artigos de professores oferecendo cursos para concursos (pdf + videaulas) no site.\",\"publisher\":{\"@id\":\"https:\/\/www.estrategiaconcursos.com.br\/blog\/#organization\"},\"potentialAction\":[{\"@type\":\"SearchAction\",\"target\":{\"@type\":\"EntryPoint\",\"urlTemplate\":\"https:\/\/www.estrategiaconcursos.com.br\/blog\/?s={search_term_string}\"},\"query-input\":{\"@type\":\"PropertyValueSpecification\",\"valueRequired\":true,\"valueName\":\"search_term_string\"}}],\"inLanguage\":\"pt-BR\"},{\"@type\":\"Organization\",\"@id\":\"https:\/\/www.estrategiaconcursos.com.br\/blog\/#organization\",\"name\":\"Estrat\u00e9gia Concursos\",\"url\":\"https:\/\/www.estrategiaconcursos.com.br\/blog\/\",\"logo\":{\"@type\":\"ImageObject\",\"inLanguage\":\"pt-BR\",\"@id\":\"https:\/\/www.estrategiaconcursos.com.br\/blog\/#\/schema\/logo\/image\/\",\"url\":\"https:\/\/dhg1h5j42swfq.cloudfront.net\/2025\/06\/03203428\/logo_concursos-1.jpg\",\"contentUrl\":\"https:\/\/dhg1h5j42swfq.cloudfront.net\/2025\/06\/03203428\/logo_concursos-1.jpg\",\"width\":230,\"height\":60,\"caption\":\"Estrat\u00e9gia Concursos\"},\"image\":{\"@id\":\"https:\/\/www.estrategiaconcursos.com.br\/blog\/#\/schema\/logo\/image\/\"},\"sameAs\":[\"https:\/\/x.com\/EstratConcursos\"]},{\"@type\":\"Person\",\"@id\":\"https:\/\/www.estrategiaconcursos.com.br\/blog\/#\/schema\/person\/ba5fab3b1fa4a358429e37bc50f74021\",\"name\":\"Coordena\u00e7\u00e3o Estrat\u00e9gia\",\"image\":{\"@type\":\"ImageObject\",\"inLanguage\":\"pt-BR\",\"@id\":\"https:\/\/secure.gravatar.com\/avatar\/adff33ff18541ba37c900dd2b1e82dbfb0fe33d873b92636b4827a8da462feb3?s=96&d=mm&r=g\",\"url\":\"https:\/\/secure.gravatar.com\/avatar\/adff33ff18541ba37c900dd2b1e82dbfb0fe33d873b92636b4827a8da462feb3?s=96&d=mm&r=g\",\"contentUrl\":\"https:\/\/secure.gravatar.com\/avatar\/adff33ff18541ba37c900dd2b1e82dbfb0fe33d873b92636b4827a8da462feb3?s=96&d=mm&r=g\",\"caption\":\"Coordena\u00e7\u00e3o Estrat\u00e9gia\"},\"url\":\"https:\/\/www.estrategiaconcursos.com.br\/blog\/author\/victor-tanakaaestrategiaconcursos-com-br\/\"}]}<\/script>\n<!-- \/ Yoast SEO Premium plugin. -->","yoast_head_json":{"title":"Carta aos Assinantes do Estrat\u00e9gia Concursos - 109","description":"Confira, em nossa 109\u00aa carta aos assinantes, a nossa programa\u00e7\u00e3o semanal, as novidades do nosso SQ e as principais movimenta\u00e7\u00f5es de concursos.","robots":{"index":"index","follow":"follow","max-snippet":"max-snippet:-1","max-image-preview":"max-image-preview:large","max-video-preview":"max-video-preview:-1"},"canonical":"https:\/\/www.estrategiaconcursos.com.br\/blog\/carta-aos-assinantes-109\/","og_locale":"pt_BR","og_type":"article","og_title":"Carta aos Assinantes do Estrat\u00e9gia Concursos - 109","og_description":"Confira, em nossa 109\u00aa carta aos assinantes, a nossa programa\u00e7\u00e3o semanal, as novidades do nosso SQ e as principais movimenta\u00e7\u00f5es de concursos.","og_url":"https:\/\/www.estrategiaconcursos.com.br\/blog\/carta-aos-assinantes-109\/","og_site_name":"Estrat\u00e9gia Concursos","article_published_time":"2022-11-28T12:00:00+00:00","article_modified_time":"2022-12-02T19:31:42+00:00","og_image":[{"width":800,"height":450,"url":"https:\/\/dhg1h5j42swfq.cloudfront.net\/2022\/11\/25155507\/imagem-carta-aos-assinantes-4.png","type":"image\/png"}],"author":"Coordena\u00e7\u00e3o Estrat\u00e9gia","twitter_card":"summary_large_image","twitter_creator":"@EstratConcursos","twitter_site":"@EstratConcursos","twitter_misc":{"Escrito por":"Coordena\u00e7\u00e3o Estrat\u00e9gia","Est. tempo de leitura":"6 minutos"},"schema":{"@context":"https:\/\/schema.org","@graph":[{"@type":"NewsArticle","@id":"https:\/\/www.estrategiaconcursos.com.br\/blog\/carta-aos-assinantes-109\/#article","isPartOf":{"@id":"https:\/\/www.estrategiaconcursos.com.br\/blog\/carta-aos-assinantes-109\/"},"author":{"name":"Coordena\u00e7\u00e3o Estrat\u00e9gia","@id":"https:\/\/www.estrategiaconcursos.com.br\/blog\/#\/schema\/person\/ba5fab3b1fa4a358429e37bc50f74021"},"headline":"Carta aos Assinantes do Estrat\u00e9gia Concursos &#8211; 109","datePublished":"2022-11-28T12:00:00+00:00","dateModified":"2022-12-02T19:31:42+00:00","mainEntityOfPage":{"@id":"https:\/\/www.estrategiaconcursos.com.br\/blog\/carta-aos-assinantes-109\/"},"wordCount":1298,"commentCount":0,"publisher":{"@id":"https:\/\/www.estrategiaconcursos.com.br\/blog\/#organization"},"image":{"@id":"https:\/\/www.estrategiaconcursos.com.br\/blog\/carta-aos-assinantes-109\/#primaryimage"},"thumbnailUrl":"https:\/\/dhg1h5j42swfq.cloudfront.net\/2022\/11\/25155507\/imagem-carta-aos-assinantes-4.png","articleSection":["Concursos P\u00fablicos"],"inLanguage":"pt-BR","potentialAction":[{"@type":"CommentAction","name":"Comment","target":["https:\/\/www.estrategiaconcursos.com.br\/blog\/carta-aos-assinantes-109\/#respond"]}],"copyrightYear":"2022","copyrightHolder":{"@id":"https:\/\/www.estrategiaconcursos.com.br\/blog\/#organization"}},{"@type":"WebPage","@id":"https:\/\/www.estrategiaconcursos.com.br\/blog\/carta-aos-assinantes-109\/","url":"https:\/\/www.estrategiaconcursos.com.br\/blog\/carta-aos-assinantes-109\/","name":"Carta aos Assinantes do Estrat\u00e9gia Concursos - 109","isPartOf":{"@id":"https:\/\/www.estrategiaconcursos.com.br\/blog\/#website"},"primaryImageOfPage":{"@id":"https:\/\/www.estrategiaconcursos.com.br\/blog\/carta-aos-assinantes-109\/#primaryimage"},"image":{"@id":"https:\/\/www.estrategiaconcursos.com.br\/blog\/carta-aos-assinantes-109\/#primaryimage"},"thumbnailUrl":"https:\/\/dhg1h5j42swfq.cloudfront.net\/2022\/11\/25155507\/imagem-carta-aos-assinantes-4.png","datePublished":"2022-11-28T12:00:00+00:00","dateModified":"2022-12-02T19:31:42+00:00","description":"Confira, em nossa 109\u00aa carta aos assinantes, a nossa programa\u00e7\u00e3o semanal, as novidades do nosso SQ e as principais movimenta\u00e7\u00f5es de concursos.","breadcrumb":{"@id":"https:\/\/www.estrategiaconcursos.com.br\/blog\/carta-aos-assinantes-109\/#breadcrumb"},"inLanguage":"pt-BR","potentialAction":[{"@type":"ReadAction","target":["https:\/\/www.estrategiaconcursos.com.br\/blog\/carta-aos-assinantes-109\/"]}]},{"@type":"ImageObject","inLanguage":"pt-BR","@id":"https:\/\/www.estrategiaconcursos.com.br\/blog\/carta-aos-assinantes-109\/#primaryimage","url":"https:\/\/dhg1h5j42swfq.cloudfront.net\/2022\/11\/25155507\/imagem-carta-aos-assinantes-4.png","contentUrl":"https:\/\/dhg1h5j42swfq.cloudfront.net\/2022\/11\/25155507\/imagem-carta-aos-assinantes-4.png","width":800,"height":450},{"@type":"BreadcrumbList","@id":"https:\/\/www.estrategiaconcursos.com.br\/blog\/carta-aos-assinantes-109\/#breadcrumb","itemListElement":[{"@type":"ListItem","position":1,"name":"In\u00edcio","item":"https:\/\/www.estrategiaconcursos.com.br\/blog\/"},{"@type":"ListItem","position":2,"name":"Carta aos Assinantes do Estrat\u00e9gia Concursos &#8211; 109"}]},{"@type":"WebSite","@id":"https:\/\/www.estrategiaconcursos.com.br\/blog\/#website","url":"https:\/\/www.estrategiaconcursos.com.br\/blog\/","name":"Estrat\u00e9gia Concursos","description":"O blog da Estrat\u00e9gia Concursos traz not\u00edcias sobre concursos e artigos de professores oferecendo cursos para concursos (pdf + videaulas) no site.","publisher":{"@id":"https:\/\/www.estrategiaconcursos.com.br\/blog\/#organization"},"potentialAction":[{"@type":"SearchAction","target":{"@type":"EntryPoint","urlTemplate":"https:\/\/www.estrategiaconcursos.com.br\/blog\/?s={search_term_string}"},"query-input":{"@type":"PropertyValueSpecification","valueRequired":true,"valueName":"search_term_string"}}],"inLanguage":"pt-BR"},{"@type":"Organization","@id":"https:\/\/www.estrategiaconcursos.com.br\/blog\/#organization","name":"Estrat\u00e9gia Concursos","url":"https:\/\/www.estrategiaconcursos.com.br\/blog\/","logo":{"@type":"ImageObject","inLanguage":"pt-BR","@id":"https:\/\/www.estrategiaconcursos.com.br\/blog\/#\/schema\/logo\/image\/","url":"https:\/\/dhg1h5j42swfq.cloudfront.net\/2025\/06\/03203428\/logo_concursos-1.jpg","contentUrl":"https:\/\/dhg1h5j42swfq.cloudfront.net\/2025\/06\/03203428\/logo_concursos-1.jpg","width":230,"height":60,"caption":"Estrat\u00e9gia Concursos"},"image":{"@id":"https:\/\/www.estrategiaconcursos.com.br\/blog\/#\/schema\/logo\/image\/"},"sameAs":["https:\/\/x.com\/EstratConcursos"]},{"@type":"Person","@id":"https:\/\/www.estrategiaconcursos.com.br\/blog\/#\/schema\/person\/ba5fab3b1fa4a358429e37bc50f74021","name":"Coordena\u00e7\u00e3o Estrat\u00e9gia","image":{"@type":"ImageObject","inLanguage":"pt-BR","@id":"https:\/\/secure.gravatar.com\/avatar\/adff33ff18541ba37c900dd2b1e82dbfb0fe33d873b92636b4827a8da462feb3?s=96&d=mm&r=g","url":"https:\/\/secure.gravatar.com\/avatar\/adff33ff18541ba37c900dd2b1e82dbfb0fe33d873b92636b4827a8da462feb3?s=96&d=mm&r=g","contentUrl":"https:\/\/secure.gravatar.com\/avatar\/adff33ff18541ba37c900dd2b1e82dbfb0fe33d873b92636b4827a8da462feb3?s=96&d=mm&r=g","caption":"Coordena\u00e7\u00e3o Estrat\u00e9gia"},"url":"https:\/\/www.estrategiaconcursos.com.br\/blog\/author\/victor-tanakaaestrategiaconcursos-com-br\/"}]}},"_links":{"self":[{"href":"https:\/\/www.estrategiaconcursos.com.br\/blog\/wp-json\/wp\/v2\/posts\/1129673","targetHints":{"allow":["GET"]}}],"collection":[{"href":"https:\/\/www.estrategiaconcursos.com.br\/blog\/wp-json\/wp\/v2\/posts"}],"about":[{"href":"https:\/\/www.estrategiaconcursos.com.br\/blog\/wp-json\/wp\/v2\/types\/post"}],"author":[{"embeddable":true,"href":"https:\/\/www.estrategiaconcursos.com.br\/blog\/wp-json\/wp\/v2\/users\/1789"}],"replies":[{"embeddable":true,"href":"https:\/\/www.estrategiaconcursos.com.br\/blog\/wp-json\/wp\/v2\/comments?post=1129673"}],"version-history":[{"count":1,"href":"https:\/\/www.estrategiaconcursos.com.br\/blog\/wp-json\/wp\/v2\/posts\/1129673\/revisions"}],"predecessor-version":[{"id":1129686,"href":"https:\/\/www.estrategiaconcursos.com.br\/blog\/wp-json\/wp\/v2\/posts\/1129673\/revisions\/1129686"}],"wp:featuredmedia":[{"embeddable":true,"href":"https:\/\/www.estrategiaconcursos.com.br\/blog\/wp-json\/wp\/v2\/media\/1129684"}],"wp:attachment":[{"href":"https:\/\/www.estrategiaconcursos.com.br\/blog\/wp-json\/wp\/v2\/media?parent=1129673"}],"wp:term":[{"taxonomy":"category","embeddable":true,"href":"https:\/\/www.estrategiaconcursos.com.br\/blog\/wp-json\/wp\/v2\/categories?post=1129673"},{"taxonomy":"post_tag","embeddable":true,"href":"https:\/\/www.estrategiaconcursos.com.br\/blog\/wp-json\/wp\/v2\/tags?post=1129673"},{"taxonomy":"tax_estado","embeddable":true,"href":"https:\/\/www.estrategiaconcursos.com.br\/blog\/wp-json\/wp\/v2\/tax_estado?post=1129673"}],"curies":[{"name":"wp","href":"https:\/\/api.w.org\/{rel}","templated":true}]}}