{"id":112911,"date":"2018-03-22T18:24:31","date_gmt":"2018-03-22T21:24:31","guid":{"rendered":"https:\/\/www.estrategiaconcursos.com.br\/blog\/?p=112911"},"modified":"2023-10-10T17:17:05","modified_gmt":"2023-10-10T20:17:05","slug":"nutricionista-saiu-edital-do-concurso-ebserh","status":"publish","type":"post","link":"https:\/\/www.estrategiaconcursos.com.br\/blog\/nutricionista-saiu-edital-do-concurso-ebserh\/","title":{"rendered":"Nutricionista, saiu edital do Concurso EBSERH"},"content":{"rendered":"<p>Empresa Brasileira de Servi\u00e7os Hospitalares (EBSERH) publicou o <strong>EDITAL N<sup>o<\/sup> 3 \u2013 EBSERH \u2013 \u00c1REA ASSISTENCIAL <\/strong>no dia 22 de mar\u00e7o de 2018<strong>. <\/strong>Como j\u00e1 sab\u00edamos, o concurso ser\u00e1 executado pelo Centro Brasileiro de Pesquisa em Avalia\u00e7\u00e3o e Sele\u00e7\u00e3o e de Promo\u00e7\u00e3o de Eventos (<strong>Cebraspe<\/strong>). O Cebraspe realizar\u00e1 o concurso utilizando o m\u00e9todo <strong>Cespe<\/strong> de sele\u00e7\u00e3o.<\/p>\n<p>O Edital de Abertura do Concurso est\u00e1 dispon\u00edvel no site do Cespe, <a href=\"http:\/\/www.cespe.unb.br\/concursos\/EBSERH_18_ASSISTENCIAL\/arquivos\/ED_3_EBSEHR_ASSISTENCIAL___ABERTURA.PDF\">clique aqui<\/a>.<\/p>\n<p>A sele\u00e7\u00e3o compreender\u00e1 as seguintes fases:<\/p>\n<ol>\n<li>a) provas objetivas, de car\u00e1ter eliminat\u00f3rio e classificat\u00f3rio \u2013 contendo 40 itens de conhecimento b\u00e1sico e 60 itens de conhecimento espec\u00edfico. Totalizando <strong>100,00 pontos.<\/strong><\/li>\n<li>b) avalia\u00e7\u00e3o de t\u00edtulos, de car\u00e1ter classificat\u00f3rio.<\/li>\n<\/ol>\n<p>A prova objetiva ser\u00e1 dia<strong> 6 de maio de 2018<\/strong>, no turno da <strong>manh\u00e3<\/strong>. Cada prova objetiva ser\u00e1 constitu\u00edda de itens para julgamento com <strong>CERTO <\/strong>ou <strong>ERRADO<\/strong>. A nota ser\u00e1 igual a: <strong>1,00 ponto<\/strong>, caso a resposta do candidato esteja em concord\u00e2ncia com o gabarito oficial definitivo das provas; <strong>1,00 ponto negativo<\/strong>, caso a resposta do candidato esteja em discord\u00e2ncia com o gabarito oficial definitivo das provas; <strong>0,00<\/strong>, caso n\u00e3o haja marca\u00e7\u00e3o ou haja marca\u00e7\u00e3o dupla (C e E).<\/p>\n<p>As <strong>inscri\u00e7\u00f5es<\/strong> acontecer\u00e3o no per\u00edodo entre <strong>10 horas do dia 26 de mar\u00e7o de 2018 <\/strong>e <strong>18 horas do dia 10 de abril de 2018 <\/strong>(hor\u00e1rio oficial de Bras\u00edlia\/DF).<\/p>\n<p>Para o cargo <strong>NUTRICIONISTA, <\/strong>a remunera\u00e7\u00e3o \u00e9 de R$ 5.896,67, e a jornada de trabalho \u00e9 de 40 horas semanais. O edital prev\u00ea vagas para:<\/p>\n<ul>\n<li>Hospital Universit\u00e1rio da Universidade Federal do Maranh\u00e3o \u2013 HU \u2013 UFMA<\/li>\n<li>Hospital Universit\u00e1rio da Universidade Federal do Piau\u00ed \u2013 HU \u2013 UFPI<\/li>\n<li>Hospital Universit\u00e1rio de Bras\u00edlia da Universidade de Bras\u00edlia \u2013 HUB \u2013 UnB<\/li>\n<li>Hospital das Cl\u00ednicas da Universidade Federal de Goi\u00e1s \u2013 HC \u2013 UFG<\/li>\n<li>Hospital de Cl\u00ednicas da Universidade Federal do Paran\u00e1\/Maternidade Victor Ferreira do Amaral da Universidade Federal do Paran\u00e1 \u2013 CHC \u2013 UFPR<\/li>\n<li>Hospital Escola da Universidade Federal de Pelotas \u2013 HE \u2013 UFPEL<\/li>\n<\/ul>\n<p>Conhe\u00e7a o conte\u00fado program\u00e1tico para a prova objetiva:<\/p>\n<p style=\"text-align: justify;\"><strong>CONHECIMENTOS B\u00c1SICOS (PARA TODOS OS CARGOS)<br \/>\nL\u00cdNGUA PORTUGUESA<\/strong>: 1 Compreens\u00e3o e interpreta\u00e7\u00e3o de textos de g\u00eaneros variados. 2 Reconhecimento de tipos e g\u00eaneros textuais. 3 Dom\u00ednio da ortografia oficial. 4 Dom\u00ednio dos mecanismos de coes\u00e3o textual. 4.1 Emprego de elementos de referencia\u00e7\u00e3o, substitui\u00e7\u00e3o e repeti\u00e7\u00e3o, de conectores e de outros elementos de sequencia\u00e7\u00e3o textual. 4.2 Emprego de tempos e modos verbais. 5 Dom\u00ednio da estrutura morfossint\u00e1tica do per\u00edodo. 5.1 Emprego das classes de palavras. 5.2 Rela\u00e7\u00f5es de coordena\u00e7\u00e3o entre ora\u00e7\u00f5es e entre termos da ora\u00e7\u00e3o. 5.3 Rela\u00e7\u00f5es de subordina\u00e7\u00e3o entre ora\u00e7\u00f5es e entre termos da ora\u00e7\u00e3o. 5.4 Emprego dos sinais de pontua\u00e7\u00e3o. 5.5Concord\u00e2ncia verbal e nominal. 5.6Reg\u00eancia verbal e nominal. 5.7Emprego do sinal indicativo de crase. 5.8 Coloca\u00e7\u00e3o dos pronomes \u00e1tonos. 6 Reescrita de frases e par\u00e1grafos do texto. 6.1 Significa\u00e7\u00e3o das palavras. 6.2 Substitui\u00e7\u00e3o de palavras ou de trechos de texto. 6.3 Reorganiza\u00e7\u00e3o da estrutura de ora\u00e7\u00f5es e de per\u00edodos do texto. 6.4 Reescrita de textos de diferentes g\u00eaneros e n\u00edveis de formalidade.<br \/>\n<strong>RACIOC\u00cdNIO L\u00d3GICO<\/strong>: 1 Estruturas l\u00f3gicas. 2 L\u00f3gica de argumenta\u00e7\u00e3o: analogias, infer\u00eancias, dedu\u00e7\u00f5es e conclus\u00f5es. 3 L\u00f3gica sentencial (ou proposicional). 3.1 Proposi\u00e7\u00f5es simples e compostas. 3.2 Tabelas\u2010 verdade. 3.3 Equival\u00eancias. 3.4 Leis de De Morgan. 3.5 Diagramas l\u00f3gicos.4 L\u00f3gica de primeira ordem. 5 Princ\u00edpios de contagem e probabilidade. 6 Opera\u00e7\u00f5es com conjuntos. 7 Racioc\u00ednio l\u00f3gico envolvendo problemas aritm\u00e9ticos, geom\u00e9tricos e matriciais.<br \/>\n<strong>LEGISLA\u00c7\u00c3O APLICADA A EBSERH<\/strong>: 1 Lei Federal no 12.550\/2011. 2 Decreto no 7.661\/2011. 3 Regimento Interno da EBSERH \u2013 3a revis\u00e3o. 4 C\u00f3digo de \u00c9tica e Conduta da Ebserh \u2013 Princ\u00edpios \u00c9ticos e Compromissos de Conduta \u2013 1a edi\u00e7\u00e3o \u2013 2017. 5 Lei no 13.146\/2015 e suas altera\u00e7\u00f5es (Lei Brasileira de Inclus\u00e3o da Pessoa com Defici\u00eancia \u2013 Estatuto da Pessoa com Defici\u00eancia).<\/p>\n<p style=\"text-align: justify;\"><strong>LEGISLA\u00c7\u00c3O APLICADA AO SUS<\/strong>: 1 Evolu\u00e7\u00e3o hist\u00f3rica da organiza\u00e7\u00e3o do sistema de sa\u00fade no Brasil e a constru\u00e7\u00e3o do Sistema \u00danico de Sa\u00fade (SUS) \u2013 princ\u00edpios, diretrizes e arcabou\u00e7o legal. 2 Controle social no SUS. 3 Resolu\u00e7\u00e3o no 453\/2012 do Conselho Nacional de Sa\u00fade. 4 Constitui\u00e7\u00e3o Federal, artigos de 194 a 200. 5 Lei no 8.080\/1990, Lei no 8.142\/1990 e Decreto Presidencial no 7.508\/2011. 6 Determinantes sociais da sa\u00fade. 7 Sistemas de informa\u00e7\u00e3o em sa\u00fade.<\/p>\n<p><strong>\u00a0<\/strong><\/p>\n<p><strong>CONTE\u00daDO ESPEC\u00cdFICO<\/strong><\/p>\n<p style=\"text-align: justify;\">1 Nutri\u00e7\u00e3o b\u00e1sica. 1.1 Nutrientes: conceito, classifica\u00e7\u00e3o, fun\u00e7\u00f5es, requerimentos, recomenda\u00e7\u00f5es e fontes alimentares. 1.2 Aspectos cl\u00ednicos da car\u00eancia e do excesso. 1.3 Dietas n\u00e3o convencionais. 1.4 Aspectos antropom\u00e9tricos, cl\u00ednico e bioqu\u00edmico da avalia\u00e7\u00e3o nutricional. 1.5 Nutri\u00e7\u00e3o e fibras. 1.6 Utiliza\u00e7\u00e3o de tabelas de alimentos. 1.7 Alimenta\u00e7\u00e3o nas diferentes fases e momentos biol\u00f3gicos. 2 Educa\u00e7\u00e3o nutricional. 2.1 Conceito, import\u00e2ncia, princ\u00edpios e objetivos da educa\u00e7\u00e3o nutricional. 2.2 Papelque desempenha a educa\u00e7\u00e3o nutricional nos h\u00e1bitos alimentares. 2.3 Aplica\u00e7\u00e3o de meios e t\u00e9cnicas do processo educativo. 2.4 Desenvolvimento e avalia\u00e7\u00e3o de atividades educativas em nutri\u00e7\u00e3o. 3 Avalia\u00e7\u00e3o nutricional. 3.1 M\u00e9todos diretos e indiretos de avalia\u00e7\u00e3o nutricional. 3.2 T\u00e9cnicas de medi\u00e7\u00e3o. 3.3 Avalia\u00e7\u00e3o do estado e situa\u00e7\u00e3o nutricional da popula\u00e7\u00e3o. 4 T\u00e9cnica diet\u00e9tica. 4.1 Alimentos: conceito, classifica\u00e7\u00e3o, caracter\u00edsticas, grupos de alimentos, valor nutritivo, caracteres organol\u00e9ticos. 4.2 Sele\u00e7\u00e3o e preparo dos alimentos. 4.3 Planejamento, execu\u00e7\u00e3o e avalia\u00e7\u00e3o de card\u00e1pios. 5 Higiene de alimentos. 5.1 An\u00e1lise microbiol\u00f3gica, toxicol\u00f3gica dos alimentos. 5.2 Fontes de contamina\u00e7\u00e3o. 5.3 Fatores extr\u00ednsecos e intr\u00ednsecos que condicionam o desenvolvimento de microorganismos no alimento. 5.4 Modifica\u00e7\u00f5es f\u00edsicas, qu\u00edmicas e biol\u00f3gicas dos alimentos. 5.5 Enfermidades transmitidas pelos alimentos. 6 Nutri\u00e7\u00e3o e diet\u00e9tica. 6.1 Recomenda\u00e7\u00f5es nutricionais. 6.2 Fun\u00e7\u00e3o social dos alimentos. 6.3 Atividade f\u00edsica e alimenta\u00e7\u00e3o. 6.4 Alimenta\u00e7\u00e3o vegetariana e suas implica\u00e7\u00f5es nutricionais. 7 Tecnologia de alimentos. 7.1 Opera\u00e7\u00f5es unit\u00e1rias. 7.2 Conserva\u00e7\u00e3o de alimentos. 7.3 Embalagem em alimentos. 7.4 Processamento tecnol\u00f3gico de produtos de origem vegetal e animal. 7.5 An\u00e1lise sensorial. 8 Nutri\u00e7\u00e3o em sa\u00fade p\u00fablica. 8.1 An\u00e1lise dos dist\u00farbios nutricionais como problemas de sa\u00fade p\u00fablica. 8.2 Problemas nutricionais em popula\u00e7\u00f5es em desenvolvimento. 9 Dietoterapia. 9.1 Abordagem ao paciente hospitalizado. 9.2 Generalidades, fisiopatologia e tratamento das diversas enfermidades. 9.3 Exames laboratoriais: import\u00e2ncia e interpreta\u00e7\u00e3o. 9.4 Suporte nutricional enteral e parenteral. 10 Bromatologia. 10.1 Aditivos alimentares. 10.2 Condimentos. 10.3 Pigmentos. 10.4 Estudo qu\u00edmico\u2010bromatol\u00f3gico dos alimentos: prote\u00ednas, lip\u00eddios e carboidratos. 10.5 Vitaminas. 10.6 Minerais. 10.7 Bebidas. 10.8 \u00c9tica Profissional.<\/p>\n<p style=\"text-align: justify;\">Estamos construindo o material focado no conte\u00fado espec\u00edfico de<strong> Nutricionistas<\/strong> com quest\u00f5es da banca CESPE\/CEBRASPE. O material \u00e9 composto por pdf com teoria e quest\u00f5es comentadas + v\u00eddeo aulas.<\/p>\n<p>Clique <a href=\"https:\/\/www.estrategiaconcursos.com.br\/curso\/pacote-p-ebserh-nutricionista-2018-cespe\/\">AQUI<\/a> para conhecer nosso pacote com disciplinas b\u00e1sicas e espec\u00edficas.<\/p>\n<p>As aulas gratuitas em pdf j\u00e1 est\u00e3o dispon\u00edveis para download. E ainda tem v\u00eddeo aula.<\/p>\n<p>Venha fazer parte do nosso time!!<\/p>\n<p>Quais s\u00e3o as vantagens?<\/p>\n<ul>\n<li>Todas as disciplinas s\u00e3o FOCADAS no edital e na banca organizadora do concurso.<\/li>\n<li>O aluno Estrat\u00e9gia Concursos tem acesso ILIMITADO ao F\u00f3rum de D\u00favidas com o Professor de cada disciplina.<\/li>\n<li>E ainda, voc\u00ea tem 30 dias para avaliar os materiais e, se n\u00e3o estiver satisfeito, pode pedir seu dinheiro de volta.<\/li>\n<\/ul>\n<p>Bom estudo,<\/p>\n<p>Profa Gil<\/p>\n<p><strong>Saiba mais:<\/strong> <a href=\"https:\/\/www.estrategiaconcursos.com.br\/blog\/concurso-ebserh\/\" target=\"_blank\" rel=\"noopener\">Concurso EBSERH<\/a><\/p>\n","protected":false},"excerpt":{"rendered":"<p>Empresa Brasileira de Servi\u00e7os Hospitalares (EBSERH) publicou o EDITAL No 3 \u2013 EBSERH \u2013 \u00c1REA ASSISTENCIAL no dia 22 de mar\u00e7o de 2018. Como j\u00e1 sab\u00edamos, o concurso ser\u00e1 executado pelo Centro Brasileiro de Pesquisa em Avalia\u00e7\u00e3o e Sele\u00e7\u00e3o e de Promo\u00e7\u00e3o de Eventos (Cebraspe). O Cebraspe realizar\u00e1 o concurso utilizando o m\u00e9todo Cespe de [&hellip;]<\/p>\n","protected":false},"author":256,"featured_media":0,"comment_status":"open","ping_status":"closed","sticky":false,"template":"","format":"standard","meta":{"post_tipo":"article","footnotes":""},"categories":[1,1981],"tags":[508],"tax_estado":[],"class_list":["post-112911","post","type-post","status-publish","format-standard","hentry","category-cursos-e-concursos","category-saude","tag-ebserh"],"acf":[],"yoast_head":"<!-- This site is optimized with the Yoast SEO Premium plugin v27.2 (Yoast SEO v27.2) - https:\/\/yoast.com\/product\/yoast-seo-premium-wordpress\/ -->\n<title>Nutricionista, saiu edital do Concurso EBSERH<\/title>\n<meta name=\"robots\" content=\"index, follow, max-snippet:-1, max-image-preview:large, max-video-preview:-1\" \/>\n<link rel=\"canonical\" href=\"https:\/\/www.estrategiaconcursos.com.br\/blog\/nutricionista-saiu-edital-do-concurso-ebserh\/\" \/>\n<meta property=\"og:locale\" content=\"pt_BR\" \/>\n<meta property=\"og:type\" content=\"article\" \/>\n<meta property=\"og:title\" content=\"Nutricionista, saiu edital do Concurso EBSERH\" \/>\n<meta property=\"og:description\" content=\"Empresa Brasileira de Servi\u00e7os Hospitalares (EBSERH) publicou o EDITAL No 3 \u2013 EBSERH \u2013 \u00c1REA ASSISTENCIAL no dia 22 de mar\u00e7o de 2018. Como j\u00e1 sab\u00edamos, o concurso ser\u00e1 executado pelo Centro Brasileiro de Pesquisa em Avalia\u00e7\u00e3o e Sele\u00e7\u00e3o e de Promo\u00e7\u00e3o de Eventos (Cebraspe). O Cebraspe realizar\u00e1 o concurso utilizando o m\u00e9todo Cespe de [&hellip;]\" \/>\n<meta property=\"og:url\" content=\"https:\/\/www.estrategiaconcursos.com.br\/blog\/nutricionista-saiu-edital-do-concurso-ebserh\/\" \/>\n<meta property=\"og:site_name\" content=\"Estrat\u00e9gia Concursos\" \/>\n<meta property=\"article:published_time\" content=\"2018-03-22T21:24:31+00:00\" \/>\n<meta property=\"article:modified_time\" content=\"2023-10-10T20:17:05+00:00\" \/>\n<meta name=\"author\" content=\"Gilcil\u00e9ia In\u00e1cio\" \/>\n<meta name=\"twitter:card\" content=\"summary_large_image\" \/>\n<meta name=\"twitter:creator\" content=\"@EstratConcursos\" \/>\n<meta name=\"twitter:site\" content=\"@EstratConcursos\" \/>\n<meta name=\"twitter:label1\" content=\"Escrito por\" \/>\n\t<meta name=\"twitter:data1\" content=\"Gilcil\u00e9ia In\u00e1cio\" \/>\n\t<meta name=\"twitter:label2\" content=\"Est. tempo de leitura\" \/>\n\t<meta name=\"twitter:data2\" content=\"6 minutos\" \/>\n<script type=\"application\/ld+json\" class=\"yoast-schema-graph\">{\"@context\":\"https:\/\/schema.org\",\"@graph\":[{\"@type\":\"NewsArticle\",\"@id\":\"https:\/\/www.estrategiaconcursos.com.br\/blog\/nutricionista-saiu-edital-do-concurso-ebserh\/#article\",\"isPartOf\":{\"@id\":\"https:\/\/www.estrategiaconcursos.com.br\/blog\/nutricionista-saiu-edital-do-concurso-ebserh\/\"},\"author\":{\"name\":\"Gilcil\u00e9ia In\u00e1cio\",\"@id\":\"https:\/\/www.estrategiaconcursos.com.br\/blog\/#\/schema\/person\/4b9511fed51a0df1ecdedd396e5c2efb\"},\"headline\":\"Nutricionista, saiu edital do Concurso EBSERH\",\"datePublished\":\"2018-03-22T21:24:31+00:00\",\"dateModified\":\"2023-10-10T20:17:05+00:00\",\"mainEntityOfPage\":{\"@id\":\"https:\/\/www.estrategiaconcursos.com.br\/blog\/nutricionista-saiu-edital-do-concurso-ebserh\/\"},\"wordCount\":1205,\"commentCount\":1,\"publisher\":{\"@id\":\"https:\/\/www.estrategiaconcursos.com.br\/blog\/#organization\"},\"keywords\":[\"EBSERH\"],\"articleSection\":[\"Concursos P\u00fablicos\",\"Sa\u00fade\"],\"inLanguage\":\"pt-BR\",\"potentialAction\":[{\"@type\":\"CommentAction\",\"name\":\"Comment\",\"target\":[\"https:\/\/www.estrategiaconcursos.com.br\/blog\/nutricionista-saiu-edital-do-concurso-ebserh\/#respond\"]}],\"copyrightYear\":\"2018\",\"copyrightHolder\":{\"@id\":\"https:\/\/www.estrategiaconcursos.com.br\/blog\/#organization\"}},{\"@type\":\"WebPage\",\"@id\":\"https:\/\/www.estrategiaconcursos.com.br\/blog\/nutricionista-saiu-edital-do-concurso-ebserh\/\",\"url\":\"https:\/\/www.estrategiaconcursos.com.br\/blog\/nutricionista-saiu-edital-do-concurso-ebserh\/\",\"name\":\"Nutricionista, saiu edital do Concurso EBSERH\",\"isPartOf\":{\"@id\":\"https:\/\/www.estrategiaconcursos.com.br\/blog\/#website\"},\"datePublished\":\"2018-03-22T21:24:31+00:00\",\"dateModified\":\"2023-10-10T20:17:05+00:00\",\"breadcrumb\":{\"@id\":\"https:\/\/www.estrategiaconcursos.com.br\/blog\/nutricionista-saiu-edital-do-concurso-ebserh\/#breadcrumb\"},\"inLanguage\":\"pt-BR\",\"potentialAction\":[{\"@type\":\"ReadAction\",\"target\":[\"https:\/\/www.estrategiaconcursos.com.br\/blog\/nutricionista-saiu-edital-do-concurso-ebserh\/\"]}]},{\"@type\":\"BreadcrumbList\",\"@id\":\"https:\/\/www.estrategiaconcursos.com.br\/blog\/nutricionista-saiu-edital-do-concurso-ebserh\/#breadcrumb\",\"itemListElement\":[{\"@type\":\"ListItem\",\"position\":1,\"name\":\"In\u00edcio\",\"item\":\"https:\/\/www.estrategiaconcursos.com.br\/blog\/\"},{\"@type\":\"ListItem\",\"position\":2,\"name\":\"Nutricionista, saiu edital do Concurso EBSERH\"}]},{\"@type\":\"WebSite\",\"@id\":\"https:\/\/www.estrategiaconcursos.com.br\/blog\/#website\",\"url\":\"https:\/\/www.estrategiaconcursos.com.br\/blog\/\",\"name\":\"Estrat\u00e9gia Concursos\",\"description\":\"O blog da Estrat\u00e9gia Concursos traz not\u00edcias sobre concursos e artigos de professores oferecendo cursos para concursos (pdf + videaulas) no site.\",\"publisher\":{\"@id\":\"https:\/\/www.estrategiaconcursos.com.br\/blog\/#organization\"},\"potentialAction\":[{\"@type\":\"SearchAction\",\"target\":{\"@type\":\"EntryPoint\",\"urlTemplate\":\"https:\/\/www.estrategiaconcursos.com.br\/blog\/?s={search_term_string}\"},\"query-input\":{\"@type\":\"PropertyValueSpecification\",\"valueRequired\":true,\"valueName\":\"search_term_string\"}}],\"inLanguage\":\"pt-BR\"},{\"@type\":\"Organization\",\"@id\":\"https:\/\/www.estrategiaconcursos.com.br\/blog\/#organization\",\"name\":\"Estrat\u00e9gia Concursos\",\"url\":\"https:\/\/www.estrategiaconcursos.com.br\/blog\/\",\"logo\":{\"@type\":\"ImageObject\",\"inLanguage\":\"pt-BR\",\"@id\":\"https:\/\/www.estrategiaconcursos.com.br\/blog\/#\/schema\/logo\/image\/\",\"url\":\"https:\/\/dhg1h5j42swfq.cloudfront.net\/2025\/06\/03203428\/logo_concursos-1.jpg\",\"contentUrl\":\"https:\/\/dhg1h5j42swfq.cloudfront.net\/2025\/06\/03203428\/logo_concursos-1.jpg\",\"width\":230,\"height\":60,\"caption\":\"Estrat\u00e9gia Concursos\"},\"image\":{\"@id\":\"https:\/\/www.estrategiaconcursos.com.br\/blog\/#\/schema\/logo\/image\/\"},\"sameAs\":[\"https:\/\/x.com\/EstratConcursos\"]},{\"@type\":\"Person\",\"@id\":\"https:\/\/www.estrategiaconcursos.com.br\/blog\/#\/schema\/person\/4b9511fed51a0df1ecdedd396e5c2efb\",\"name\":\"Gilcil\u00e9ia In\u00e1cio\",\"image\":{\"@type\":\"ImageObject\",\"inLanguage\":\"pt-BR\",\"@id\":\"https:\/\/secure.gravatar.com\/avatar\/675ff0360d07d0bb7d94546cf3382e5adeeb611128b0816c1154a81591472548?s=96&d=mm&r=g\",\"url\":\"https:\/\/secure.gravatar.com\/avatar\/675ff0360d07d0bb7d94546cf3382e5adeeb611128b0816c1154a81591472548?s=96&d=mm&r=g\",\"contentUrl\":\"https:\/\/secure.gravatar.com\/avatar\/675ff0360d07d0bb7d94546cf3382e5adeeb611128b0816c1154a81591472548?s=96&d=mm&r=g\",\"caption\":\"Gilcil\u00e9ia In\u00e1cio\"},\"url\":\"https:\/\/www.estrategiaconcursos.com.br\/blog\/author\/gilcileiagmail-com\/\"}]}<\/script>\n<!-- \/ Yoast SEO Premium plugin. -->","yoast_head_json":{"title":"Nutricionista, saiu edital do Concurso EBSERH","robots":{"index":"index","follow":"follow","max-snippet":"max-snippet:-1","max-image-preview":"max-image-preview:large","max-video-preview":"max-video-preview:-1"},"canonical":"https:\/\/www.estrategiaconcursos.com.br\/blog\/nutricionista-saiu-edital-do-concurso-ebserh\/","og_locale":"pt_BR","og_type":"article","og_title":"Nutricionista, saiu edital do Concurso EBSERH","og_description":"Empresa Brasileira de Servi\u00e7os Hospitalares (EBSERH) publicou o EDITAL No 3 \u2013 EBSERH \u2013 \u00c1REA ASSISTENCIAL no dia 22 de mar\u00e7o de 2018. Como j\u00e1 sab\u00edamos, o concurso ser\u00e1 executado pelo Centro Brasileiro de Pesquisa em Avalia\u00e7\u00e3o e Sele\u00e7\u00e3o e de Promo\u00e7\u00e3o de Eventos (Cebraspe). O Cebraspe realizar\u00e1 o concurso utilizando o m\u00e9todo Cespe de [&hellip;]","og_url":"https:\/\/www.estrategiaconcursos.com.br\/blog\/nutricionista-saiu-edital-do-concurso-ebserh\/","og_site_name":"Estrat\u00e9gia Concursos","article_published_time":"2018-03-22T21:24:31+00:00","article_modified_time":"2023-10-10T20:17:05+00:00","author":"Gilcil\u00e9ia In\u00e1cio","twitter_card":"summary_large_image","twitter_creator":"@EstratConcursos","twitter_site":"@EstratConcursos","twitter_misc":{"Escrito por":"Gilcil\u00e9ia In\u00e1cio","Est. tempo de leitura":"6 minutos"},"schema":{"@context":"https:\/\/schema.org","@graph":[{"@type":"NewsArticle","@id":"https:\/\/www.estrategiaconcursos.com.br\/blog\/nutricionista-saiu-edital-do-concurso-ebserh\/#article","isPartOf":{"@id":"https:\/\/www.estrategiaconcursos.com.br\/blog\/nutricionista-saiu-edital-do-concurso-ebserh\/"},"author":{"name":"Gilcil\u00e9ia In\u00e1cio","@id":"https:\/\/www.estrategiaconcursos.com.br\/blog\/#\/schema\/person\/4b9511fed51a0df1ecdedd396e5c2efb"},"headline":"Nutricionista, saiu edital do Concurso EBSERH","datePublished":"2018-03-22T21:24:31+00:00","dateModified":"2023-10-10T20:17:05+00:00","mainEntityOfPage":{"@id":"https:\/\/www.estrategiaconcursos.com.br\/blog\/nutricionista-saiu-edital-do-concurso-ebserh\/"},"wordCount":1205,"commentCount":1,"publisher":{"@id":"https:\/\/www.estrategiaconcursos.com.br\/blog\/#organization"},"keywords":["EBSERH"],"articleSection":["Concursos P\u00fablicos","Sa\u00fade"],"inLanguage":"pt-BR","potentialAction":[{"@type":"CommentAction","name":"Comment","target":["https:\/\/www.estrategiaconcursos.com.br\/blog\/nutricionista-saiu-edital-do-concurso-ebserh\/#respond"]}],"copyrightYear":"2018","copyrightHolder":{"@id":"https:\/\/www.estrategiaconcursos.com.br\/blog\/#organization"}},{"@type":"WebPage","@id":"https:\/\/www.estrategiaconcursos.com.br\/blog\/nutricionista-saiu-edital-do-concurso-ebserh\/","url":"https:\/\/www.estrategiaconcursos.com.br\/blog\/nutricionista-saiu-edital-do-concurso-ebserh\/","name":"Nutricionista, saiu edital do Concurso EBSERH","isPartOf":{"@id":"https:\/\/www.estrategiaconcursos.com.br\/blog\/#website"},"datePublished":"2018-03-22T21:24:31+00:00","dateModified":"2023-10-10T20:17:05+00:00","breadcrumb":{"@id":"https:\/\/www.estrategiaconcursos.com.br\/blog\/nutricionista-saiu-edital-do-concurso-ebserh\/#breadcrumb"},"inLanguage":"pt-BR","potentialAction":[{"@type":"ReadAction","target":["https:\/\/www.estrategiaconcursos.com.br\/blog\/nutricionista-saiu-edital-do-concurso-ebserh\/"]}]},{"@type":"BreadcrumbList","@id":"https:\/\/www.estrategiaconcursos.com.br\/blog\/nutricionista-saiu-edital-do-concurso-ebserh\/#breadcrumb","itemListElement":[{"@type":"ListItem","position":1,"name":"In\u00edcio","item":"https:\/\/www.estrategiaconcursos.com.br\/blog\/"},{"@type":"ListItem","position":2,"name":"Nutricionista, saiu edital do Concurso EBSERH"}]},{"@type":"WebSite","@id":"https:\/\/www.estrategiaconcursos.com.br\/blog\/#website","url":"https:\/\/www.estrategiaconcursos.com.br\/blog\/","name":"Estrat\u00e9gia Concursos","description":"O blog da Estrat\u00e9gia Concursos traz not\u00edcias sobre concursos e artigos de professores oferecendo cursos para concursos (pdf + videaulas) no site.","publisher":{"@id":"https:\/\/www.estrategiaconcursos.com.br\/blog\/#organization"},"potentialAction":[{"@type":"SearchAction","target":{"@type":"EntryPoint","urlTemplate":"https:\/\/www.estrategiaconcursos.com.br\/blog\/?s={search_term_string}"},"query-input":{"@type":"PropertyValueSpecification","valueRequired":true,"valueName":"search_term_string"}}],"inLanguage":"pt-BR"},{"@type":"Organization","@id":"https:\/\/www.estrategiaconcursos.com.br\/blog\/#organization","name":"Estrat\u00e9gia Concursos","url":"https:\/\/www.estrategiaconcursos.com.br\/blog\/","logo":{"@type":"ImageObject","inLanguage":"pt-BR","@id":"https:\/\/www.estrategiaconcursos.com.br\/blog\/#\/schema\/logo\/image\/","url":"https:\/\/dhg1h5j42swfq.cloudfront.net\/2025\/06\/03203428\/logo_concursos-1.jpg","contentUrl":"https:\/\/dhg1h5j42swfq.cloudfront.net\/2025\/06\/03203428\/logo_concursos-1.jpg","width":230,"height":60,"caption":"Estrat\u00e9gia Concursos"},"image":{"@id":"https:\/\/www.estrategiaconcursos.com.br\/blog\/#\/schema\/logo\/image\/"},"sameAs":["https:\/\/x.com\/EstratConcursos"]},{"@type":"Person","@id":"https:\/\/www.estrategiaconcursos.com.br\/blog\/#\/schema\/person\/4b9511fed51a0df1ecdedd396e5c2efb","name":"Gilcil\u00e9ia In\u00e1cio","image":{"@type":"ImageObject","inLanguage":"pt-BR","@id":"https:\/\/secure.gravatar.com\/avatar\/675ff0360d07d0bb7d94546cf3382e5adeeb611128b0816c1154a81591472548?s=96&d=mm&r=g","url":"https:\/\/secure.gravatar.com\/avatar\/675ff0360d07d0bb7d94546cf3382e5adeeb611128b0816c1154a81591472548?s=96&d=mm&r=g","contentUrl":"https:\/\/secure.gravatar.com\/avatar\/675ff0360d07d0bb7d94546cf3382e5adeeb611128b0816c1154a81591472548?s=96&d=mm&r=g","caption":"Gilcil\u00e9ia In\u00e1cio"},"url":"https:\/\/www.estrategiaconcursos.com.br\/blog\/author\/gilcileiagmail-com\/"}]}},"_links":{"self":[{"href":"https:\/\/www.estrategiaconcursos.com.br\/blog\/wp-json\/wp\/v2\/posts\/112911","targetHints":{"allow":["GET"]}}],"collection":[{"href":"https:\/\/www.estrategiaconcursos.com.br\/blog\/wp-json\/wp\/v2\/posts"}],"about":[{"href":"https:\/\/www.estrategiaconcursos.com.br\/blog\/wp-json\/wp\/v2\/types\/post"}],"author":[{"embeddable":true,"href":"https:\/\/www.estrategiaconcursos.com.br\/blog\/wp-json\/wp\/v2\/users\/256"}],"replies":[{"embeddable":true,"href":"https:\/\/www.estrategiaconcursos.com.br\/blog\/wp-json\/wp\/v2\/comments?post=112911"}],"version-history":[{"count":2,"href":"https:\/\/www.estrategiaconcursos.com.br\/blog\/wp-json\/wp\/v2\/posts\/112911\/revisions"}],"predecessor-version":[{"id":1290962,"href":"https:\/\/www.estrategiaconcursos.com.br\/blog\/wp-json\/wp\/v2\/posts\/112911\/revisions\/1290962"}],"wp:attachment":[{"href":"https:\/\/www.estrategiaconcursos.com.br\/blog\/wp-json\/wp\/v2\/media?parent=112911"}],"wp:term":[{"taxonomy":"category","embeddable":true,"href":"https:\/\/www.estrategiaconcursos.com.br\/blog\/wp-json\/wp\/v2\/categories?post=112911"},{"taxonomy":"post_tag","embeddable":true,"href":"https:\/\/www.estrategiaconcursos.com.br\/blog\/wp-json\/wp\/v2\/tags?post=112911"},{"taxonomy":"tax_estado","embeddable":true,"href":"https:\/\/www.estrategiaconcursos.com.br\/blog\/wp-json\/wp\/v2\/tax_estado?post=112911"}],"curies":[{"name":"wp","href":"https:\/\/api.w.org\/{rel}","templated":true}]}}