{"id":11289,"date":"2013-10-11T12:24:13","date_gmt":"2013-10-11T15:24:13","guid":{"rendered":"https:\/\/www.estrategiaconcursos.com.br\/blog\/?p=11289"},"modified":"2016-06-08T11:35:22","modified_gmt":"2016-06-08T14:35:22","slug":"comentarios-sobre-as-discursivas-do-concurso-de-aft-2013","status":"publish","type":"post","link":"https:\/\/www.estrategiaconcursos.com.br\/blog\/comentarios-sobre-as-discursivas-do-concurso-de-aft-2013\/","title":{"rendered":"AFT 2013 &#8211; coment\u00e1rios sobre as discursivas"},"content":{"rendered":"<p>Oi amigos (as),<\/p>\n<p>Vou falar neste artigo sobre minhas impress\u00f5es em rela\u00e7\u00e3o \u00e0s provas discursivas de AFT 2013.<\/p>\n<p>Aproveito para agradecer a colega Mariana, que me enviou o caderno de provas.<\/p>\n<p>Inicialmente \u00e9 de se notar que o edital separava as mat\u00e9rias <strong>Seguran\u00e7a e Sa\u00fade no Trabalho<\/strong> (com Conven\u00e7\u00f5es da OIT, LER\/DORT, Doen\u00e7as Ocupacionais) e <strong>Legisla\u00e7\u00e3o do Trabalho<\/strong> (com as Normas Regulamentadoras).<\/p>\n<p>O edital era expresso na <strong>inclus\u00e3o de SST<\/strong> nas discursivas, mas <strong>n\u00e3o<\/strong> da disciplina <strong>Legisla\u00e7\u00e3o do Trabalho<\/strong>.<\/p>\n<p>No fim das contas, cobrou-se Legisla\u00e7\u00e3o do Trabalho nas discursivas. Dif\u00edcil entender o objetivo de se fazer algo assim.<\/p>\n<p>Dito isto, vamos aos coment\u00e1rios gerais sobre os temas de Direito do Trabalho e SST\/Legisla\u00e7\u00e3o do Trabalho:<\/p>\n<p>&#8212;&#8212;&#8212;&#8211;<\/p>\n<p><strong>Quest\u00e3o sobre o AFT Jos\u00e9 fiscalizando fazenda produtora de milho<\/strong><\/p>\n<p>A meu ver a quantidade de itens a ser tratados em apenas 20 linhas foi <strong>desproporcional<\/strong>, assim como aconteceu em quest\u00e3o do concurso de 2010, organizado pela ESAF. Na verdade, seria at\u00e9 poss\u00edvel discorrer sobre este tema em 60 linhas, e n\u00e3o em 20!<\/p>\n<p>Existiam diversas irregularidades no enunciado, e a abordagem de todas elas no espa\u00e7o dispon\u00edvel \u00e9 praticamente imposs\u00edvel.<\/p>\n<p>Abaixo as frases com as situa\u00e7\u00f5es nas quais visualizo irregularidades considerando passagens da <strong>NR 31, NR 7, Lista TIP, CLT e CF\/88<\/strong>:<\/p>\n<p>\u201ctrajando bermudas e chinelos, sob forte sol\u201d<\/p>\n<p>\u201cdormissem no local de trabalho, em um \u00fanico alojamento [65 pessoas]\u201d<\/p>\n<p>\u201ccom colch\u00e3o, por\u00e9m sem camas\u201d<\/p>\n<p>\u201co espa\u00e7o interno do alojamento, equipado com dois fog\u00f5es, era aproveitado para o preparo de refei\u00e7\u00f5es\u201d<\/p>\n<p>\u201ctrabalhava na fazenda desde os quinze anos de idade\u201d<\/p>\n<p>\u201ccom idades entre dezesseis e quarenta anos\u201d<\/p>\n<p>\u201csem carteira de trabalho ou qualquer outro documento comprobat\u00f3rio da rela\u00e7\u00e3o de trabalho\u201d<\/p>\n<p>\u201csem qualquer exame m\u00e9dico\u201d<\/p>\n<p>\u201cjornada de trabalho di\u00e1ria era cumprida das 5 h \u00e0s 18 h\u201d<\/p>\n<p>\u201cao final de cada m\u00eas, cada trabalhador recebia R$ 20,00 por dia trabalhado\u201d<\/p>\n<p>A <strong>forma de interven\u00e7\u00e3o<\/strong>, a meu ver, seria determinar a realiza\u00e7\u00e3o de exames, pagamento retroativo de sal\u00e1rio a menor, recolher FGTS retroativo ao in\u00edcio da presta\u00e7\u00e3o laboral, lavratura de Autos de Infra\u00e7\u00e3o (AI) e afastamento dos trabalhadores <strong>reduzidos a condi\u00e7\u00e3o an\u00e1loga \u00e0 de escravo<\/strong> (visualizei, pelo enunciado, condi\u00e7\u00f5es degradantes de trabalho e jornada exaustiva, como estudamos na aula 14 do curso de Direito do Trabalho e 09 do curso de Direitos Humanos).<\/p>\n<p>&#8212;&#8212;&#8212;&#8211;<\/p>\n<p><strong>Quest\u00e3o sobre empregado que trabalhou no hangar e teve perda auditiva<\/strong><\/p>\n<p>Sobre <strong>posicionamento da OIT<\/strong>: seria importante utilizar um par\u00e1grafo para tratar da Conven\u00e7\u00e3o 148, citando a obriga\u00e7\u00e3o do empregador na ado\u00e7\u00e3o das medidas prevista na legisla\u00e7\u00e3o nacional, entre elas medidas de prote\u00e7\u00e3o coletiva e uso de EPI. Tamb\u00e9m seria \u00fatil falar de exames m\u00e9dicos peri\u00f3dicos (para n\u00e3o haver surpresa com perda auditiva depois de 30 anos de labor) e do limite m\u00e1ximo permitido pela legisla\u00e7\u00e3o nacional, que deve ser respeitado (vide p\u00e1g. 21 e seguintes da aula sobre a Conven\u00e7\u00e3o 148).<\/p>\n<p>Sobre <strong>atua\u00e7\u00e3o da CIPA<\/strong>: o(a) candidato(a) deveria falar sobre atribui\u00e7\u00f5es da CIPA como previsto no item 5.16 da NR 5 (identificar os riscos do processo de trabalho, realizar verifica\u00e7\u00f5es nos ambientes e condi\u00e7\u00f5es de trabalho, colaborar na implementa\u00e7\u00e3o do PPRA &#8211; onde deveria estar previsto a necessidade de uso de EPI (vide p\u00e1g. 16 e seguintes da aula sobre CIPA).<\/p>\n<p>Sobre <strong>responsabilidade quanto a EPI<\/strong>: deveriam ser citados os dispositivos da CLT (ou NR 6) que discutimos amplamente em aula: fornecer EPI adequado ao risco, em perfeitas condi\u00e7\u00f5es, etc. (vide p\u00e1g. 12 da aula sobre EPI), e do lado do empregado utilizar o EPI, comunicar ao empregador qualquer altera\u00e7\u00e3o que o torne impr\u00f3prio para uso, etc. (vide p\u00e1g. 18 da aula sobre EPI).<\/p>\n<p>Ademais, a exposi\u00e7\u00e3o do empregado, sem prote\u00e7\u00e3o adequada, a n\u00edveis de ru\u00eddo superior a 115 dB \u00e9 motivo de interdi\u00e7\u00e3o da atividade, pois se trata de<strong> risco grave e iminente<\/strong> (vide Anexo I da NR 15). Entretanto, o enunciado <strong>n\u00e3o<\/strong> solicitou provid\u00eancias neste sentido!<\/p>\n<p>Outrossim, quem deve se responsabilizar pelo <strong>controle<\/strong> dos riscos ambientais \u00e9 o <strong>empregador<\/strong>, e n\u00e3o a CIPA, e o enunciado da quest\u00e3o tamb\u00e9m<strong> n\u00e3o<\/strong> adentrou no m\u00e9rito deste aspecto, que \u00e9 fundamental.<\/p>\n<p>&#8212;&#8212;&#8212;&#8211;<\/p>\n<p><strong>Parecer T\u00e9cnico sobre CIPA<\/strong><\/p>\n<p>A situa\u00e7\u00e3o hipot\u00e9tica apresentada \u00e9 absurda: o AFT vai fiscalizar, tem sua atua\u00e7\u00e3o embara\u00e7ada (por recusa \u00e0 exibi\u00e7\u00e3o de documentos sujeitos \u00e0 inspe\u00e7\u00e3o) e a solu\u00e7\u00e3o \u00e9 &#8220;fazer um Parecer solicitado pelo Presidente da CIPA&#8221;.<\/p>\n<p>Em situa\u00e7\u00e3o real n\u00e3o existe elabora\u00e7\u00e3o de Parecer durante a\u00e7\u00e3o fiscal. O que ocorreria na pr\u00e1tica seria a lavratura de Auto de Infra\u00e7\u00e3o por <strong>embara\u00e7o \u00e0 fiscaliza\u00e7\u00e3o<\/strong>, verifica\u00e7\u00e3o f\u00edsica da obra, entrevista com os empregados, an\u00e1lise dos documentos pertinentes (registro de empregados, atas de reuni\u00e3o da CIPA, PCMAT, etc).<\/p>\n<p>A par do exposto, o(a) candidato(a) deveria discorrer acerca das irregularidades identificadas, n\u00e3o se fazendo men\u00e7\u00e3o \u00e0 necessidade de colocar &#8220;n\u00famero de processo&#8221;, &#8220;data&#8221;, &#8220;interessado&#8221;, &#8220;local&#8221;, &#8220;cargo&#8221;, &#8220;dos fatos&#8221;, etc. Creio, como falei em aula, que nem exista espa\u00e7o para tanto, j\u00e1 que as 60 linhas seriam facilmente ocupadas com o conte\u00fado propriamente dito.<\/p>\n<p>PCMAT iguais para diversas obras: o PCMAT deve ser espec\u00edfico de cada obra, pois cada uma ter\u00e1 suas peculiaridades das quais depende a adequada elabora\u00e7\u00e3o e desenvolvimento do Programa. Sobre quem deve elaborar a NR 18 diz que \u00e9 &#8220;profissional legalmente habilitado na \u00e1rea de seguran\u00e7a do trabalho&#8221; (item 18.3.2). Quem \u00e9 esse profissional? Depende da regulamenta\u00e7\u00e3o do respectivo Conselho de Classe (CREA).<\/p>\n<p>Contrata\u00e7\u00e3o de mulheres na constru\u00e7\u00e3o civil: aqui eu teria tratado da NR 17, que determina que, para elas, no transporte manual de cargas o peso m\u00e1ximo deve <strong>nitidamente inferior<\/strong> \u00e0quele admitido para os homens, tendo em vista sua condi\u00e7\u00e3o f\u00edsica mais fr\u00e1gil. A exig\u00eancia de tarefas com carregamento de excesso de peso implica no desrespeito \u00e0 Norma e se relaciona com a lombalgia citada no enunciado.<\/p>\n<p>Exame m\u00e9dico: al\u00e9m do exame f\u00edsico, a NR 7 exige a realiza\u00e7\u00e3o de <strong>anamnese ocupacional<\/strong> e exame f\u00edsico e mental. Exige, ainda, realiza\u00e7\u00e3o de <strong>exames complementares<\/strong>, de acordo com o previsto no PCMSO do estabelecimento.<\/p>\n<p>Pedreiro que rebocava parede externa: aqui acredito que a Banca queria que o(a) candidato(a) citasse a previs\u00e3o da NR 35 (Trabalho em Altura), sobre a necessidade de <strong>aptid\u00e3o para trabalho em altura<\/strong> dever ser <strong>consignado no atestado de sa\u00fade ocupacional<\/strong> do trabalhador.<\/p>\n<p>Acidente em trajeto: tamb\u00e9m \u00e9 o caso de <strong>emiss\u00e3o de CAT<\/strong>, como em acidentes t\u00edpicos (previs\u00e3o na Lei 8.213\/91). O art. 22 da referida Lei enumera outras pessoas que podem emitir a CAT caso a empresa se omita, e neste rol n\u00e3o se inclui a CIPA.<\/p>\n<p><strong>Orienta\u00e7\u00f5es \u00e0 CIPA<\/strong>: aqui caberia tratar da capacita\u00e7\u00e3o (treinamento) dos membros, como previsto no item 5.32 e seguintes da NR 5, e mencionar que os documentos trabalhistas (incluindo Atas da Comiss\u00e3o) s\u00e3o sujeitos \u00e0 inspe\u00e7\u00e3o do trabalho, como previsto no Regulamento de Inspe\u00e7\u00e3o do Trabalho (RIT). Como dito acima, a recusa de exibi\u00e7\u00e3o de documentos configura embara\u00e7o \u00e0 fiscaliza\u00e7\u00e3o.<\/p>\n<p>&#8212;&#8212;&#8212;&#8211;<\/p>\n<p>Recomendo que n\u00e3o fiquem &#8220;sofrendo por antecipa\u00e7\u00e3o&#8221; achando que tiveram notas ruins. Procurem confrontar suas respostas com as previs\u00f5es normativas, acredito que os alunos do site ter\u00e3o um desempenho muito bom!<\/p>\n<p>A meu ver houve algumas impropriedades na elabora\u00e7\u00e3o das quest\u00f5es, como exposto acima, mas quem abordou os t\u00f3picos solicitados ir\u00e1 tirar uma boa nota.<\/p>\n<p>Grande abra\u00e7o,<\/p>\n<p>Prof M\u00e1rio Pinheiro<\/p>\n","protected":false},"excerpt":{"rendered":"<p>Oi amigos (as), Vou falar neste artigo sobre minhas impress\u00f5es em rela\u00e7\u00e3o \u00e0s provas discursivas de AFT 2013. Aproveito para agradecer a colega Mariana, que me enviou o caderno de provas. Inicialmente \u00e9 de se notar que o edital separava as mat\u00e9rias Seguran\u00e7a e Sa\u00fade no Trabalho (com Conven\u00e7\u00f5es da OIT, LER\/DORT, Doen\u00e7as Ocupacionais) e [&hellip;]<\/p>\n","protected":false},"author":22,"featured_media":0,"comment_status":"open","ping_status":"open","sticky":false,"template":"","format":"standard","meta":{"post_tipo":"article","footnotes":""},"categories":[1],"tags":[542,64,65],"tax_estado":[],"class_list":["post-11289","post","type-post","status-publish","format-standard","hentry","category-cursos-e-concursos","tag-aft","tag-concurso-aft-redacao","tag-recurso-discursiva-aft"],"acf":[],"yoast_head":"<!-- This site is optimized with the Yoast SEO Premium plugin v27.2 (Yoast SEO v27.2) - https:\/\/yoast.com\/product\/yoast-seo-premium-wordpress\/ -->\n<title>AFT 2013 - coment\u00e1rios sobre as discursivas<\/title>\n<meta name=\"robots\" content=\"index, follow, max-snippet:-1, max-image-preview:large, max-video-preview:-1\" \/>\n<link rel=\"canonical\" href=\"https:\/\/www.estrategiaconcursos.com.br\/blog\/comentarios-sobre-as-discursivas-do-concurso-de-aft-2013\/\" \/>\n<meta property=\"og:locale\" content=\"pt_BR\" \/>\n<meta property=\"og:type\" content=\"article\" \/>\n<meta property=\"og:title\" content=\"AFT 2013 - coment\u00e1rios sobre as discursivas\" \/>\n<meta property=\"og:description\" content=\"Oi amigos (as), Vou falar neste artigo sobre minhas impress\u00f5es em rela\u00e7\u00e3o \u00e0s provas discursivas de AFT 2013. Aproveito para agradecer a colega Mariana, que me enviou o caderno de provas. Inicialmente \u00e9 de se notar que o edital separava as mat\u00e9rias Seguran\u00e7a e Sa\u00fade no Trabalho (com Conven\u00e7\u00f5es da OIT, LER\/DORT, Doen\u00e7as Ocupacionais) e [&hellip;]\" \/>\n<meta property=\"og:url\" content=\"https:\/\/www.estrategiaconcursos.com.br\/blog\/comentarios-sobre-as-discursivas-do-concurso-de-aft-2013\/\" \/>\n<meta property=\"og:site_name\" content=\"Estrat\u00e9gia Concursos\" \/>\n<meta property=\"article:author\" content=\"https:\/\/www.facebook.com\/mario.pinheiro.18\" \/>\n<meta property=\"article:published_time\" content=\"2013-10-11T15:24:13+00:00\" \/>\n<meta property=\"article:modified_time\" content=\"2016-06-08T14:35:22+00:00\" \/>\n<meta name=\"author\" content=\"M\u00e1rio Pinheiro\" \/>\n<meta name=\"twitter:card\" content=\"summary_large_image\" \/>\n<meta name=\"twitter:creator\" content=\"@https:\/\/twitter.com\/EstratConcursos\" \/>\n<meta name=\"twitter:site\" content=\"@EstratConcursos\" \/>\n<meta name=\"twitter:label1\" content=\"Escrito por\" \/>\n\t<meta name=\"twitter:data1\" content=\"M\u00e1rio Pinheiro\" \/>\n\t<meta name=\"twitter:label2\" content=\"Est. tempo de leitura\" \/>\n\t<meta name=\"twitter:data2\" content=\"6 minutos\" \/>\n<script type=\"application\/ld+json\" class=\"yoast-schema-graph\">{\"@context\":\"https:\/\/schema.org\",\"@graph\":[{\"@type\":\"NewsArticle\",\"@id\":\"https:\/\/www.estrategiaconcursos.com.br\/blog\/comentarios-sobre-as-discursivas-do-concurso-de-aft-2013\/#article\",\"isPartOf\":{\"@id\":\"https:\/\/www.estrategiaconcursos.com.br\/blog\/comentarios-sobre-as-discursivas-do-concurso-de-aft-2013\/\"},\"author\":{\"name\":\"M\u00e1rio Pinheiro\",\"@id\":\"https:\/\/www.estrategiaconcursos.com.br\/blog\/#\/schema\/person\/263a505d4cf873862a093b2314df57e9\"},\"headline\":\"AFT 2013 &#8211; coment\u00e1rios sobre as discursivas\",\"datePublished\":\"2013-10-11T15:24:13+00:00\",\"dateModified\":\"2016-06-08T14:35:22+00:00\",\"mainEntityOfPage\":{\"@id\":\"https:\/\/www.estrategiaconcursos.com.br\/blog\/comentarios-sobre-as-discursivas-do-concurso-de-aft-2013\/\"},\"wordCount\":1294,\"commentCount\":0,\"publisher\":{\"@id\":\"https:\/\/www.estrategiaconcursos.com.br\/blog\/#organization\"},\"keywords\":[\"AFT\",\"concurso aft reda\u00e7\u00e3o\",\"recurso discursiva aft\"],\"articleSection\":[\"Concursos P\u00fablicos\"],\"inLanguage\":\"pt-BR\",\"potentialAction\":[{\"@type\":\"CommentAction\",\"name\":\"Comment\",\"target\":[\"https:\/\/www.estrategiaconcursos.com.br\/blog\/comentarios-sobre-as-discursivas-do-concurso-de-aft-2013\/#respond\"]}],\"copyrightYear\":\"2013\",\"copyrightHolder\":{\"@id\":\"https:\/\/www.estrategiaconcursos.com.br\/blog\/#organization\"}},{\"@type\":\"WebPage\",\"@id\":\"https:\/\/www.estrategiaconcursos.com.br\/blog\/comentarios-sobre-as-discursivas-do-concurso-de-aft-2013\/\",\"url\":\"https:\/\/www.estrategiaconcursos.com.br\/blog\/comentarios-sobre-as-discursivas-do-concurso-de-aft-2013\/\",\"name\":\"AFT 2013 - coment\u00e1rios sobre as discursivas\",\"isPartOf\":{\"@id\":\"https:\/\/www.estrategiaconcursos.com.br\/blog\/#website\"},\"datePublished\":\"2013-10-11T15:24:13+00:00\",\"dateModified\":\"2016-06-08T14:35:22+00:00\",\"breadcrumb\":{\"@id\":\"https:\/\/www.estrategiaconcursos.com.br\/blog\/comentarios-sobre-as-discursivas-do-concurso-de-aft-2013\/#breadcrumb\"},\"inLanguage\":\"pt-BR\",\"potentialAction\":[{\"@type\":\"ReadAction\",\"target\":[\"https:\/\/www.estrategiaconcursos.com.br\/blog\/comentarios-sobre-as-discursivas-do-concurso-de-aft-2013\/\"]}]},{\"@type\":\"BreadcrumbList\",\"@id\":\"https:\/\/www.estrategiaconcursos.com.br\/blog\/comentarios-sobre-as-discursivas-do-concurso-de-aft-2013\/#breadcrumb\",\"itemListElement\":[{\"@type\":\"ListItem\",\"position\":1,\"name\":\"In\u00edcio\",\"item\":\"https:\/\/www.estrategiaconcursos.com.br\/blog\/\"},{\"@type\":\"ListItem\",\"position\":2,\"name\":\"AFT 2013 &#8211; coment\u00e1rios sobre as discursivas\"}]},{\"@type\":\"WebSite\",\"@id\":\"https:\/\/www.estrategiaconcursos.com.br\/blog\/#website\",\"url\":\"https:\/\/www.estrategiaconcursos.com.br\/blog\/\",\"name\":\"Estrat\u00e9gia Concursos\",\"description\":\"O blog da Estrat\u00e9gia Concursos traz not\u00edcias sobre concursos e artigos de professores oferecendo cursos para concursos (pdf + videaulas) no site.\",\"publisher\":{\"@id\":\"https:\/\/www.estrategiaconcursos.com.br\/blog\/#organization\"},\"potentialAction\":[{\"@type\":\"SearchAction\",\"target\":{\"@type\":\"EntryPoint\",\"urlTemplate\":\"https:\/\/www.estrategiaconcursos.com.br\/blog\/?s={search_term_string}\"},\"query-input\":{\"@type\":\"PropertyValueSpecification\",\"valueRequired\":true,\"valueName\":\"search_term_string\"}}],\"inLanguage\":\"pt-BR\"},{\"@type\":\"Organization\",\"@id\":\"https:\/\/www.estrategiaconcursos.com.br\/blog\/#organization\",\"name\":\"Estrat\u00e9gia Concursos\",\"url\":\"https:\/\/www.estrategiaconcursos.com.br\/blog\/\",\"logo\":{\"@type\":\"ImageObject\",\"inLanguage\":\"pt-BR\",\"@id\":\"https:\/\/www.estrategiaconcursos.com.br\/blog\/#\/schema\/logo\/image\/\",\"url\":\"https:\/\/dhg1h5j42swfq.cloudfront.net\/2025\/06\/03203428\/logo_concursos-1.jpg\",\"contentUrl\":\"https:\/\/dhg1h5j42swfq.cloudfront.net\/2025\/06\/03203428\/logo_concursos-1.jpg\",\"width\":230,\"height\":60,\"caption\":\"Estrat\u00e9gia Concursos\"},\"image\":{\"@id\":\"https:\/\/www.estrategiaconcursos.com.br\/blog\/#\/schema\/logo\/image\/\"},\"sameAs\":[\"https:\/\/x.com\/EstratConcursos\"]},{\"@type\":\"Person\",\"@id\":\"https:\/\/www.estrategiaconcursos.com.br\/blog\/#\/schema\/person\/263a505d4cf873862a093b2314df57e9\",\"name\":\"M\u00e1rio Pinheiro\",\"image\":{\"@type\":\"ImageObject\",\"inLanguage\":\"pt-BR\",\"@id\":\"https:\/\/secure.gravatar.com\/avatar\/20baf5175bad463e4e1f63d74d633d42e86b4028c320527e859914f6a57cb66a?s=96&d=mm&r=g\",\"url\":\"https:\/\/secure.gravatar.com\/avatar\/20baf5175bad463e4e1f63d74d633d42e86b4028c320527e859914f6a57cb66a?s=96&d=mm&r=g\",\"contentUrl\":\"https:\/\/secure.gravatar.com\/avatar\/20baf5175bad463e4e1f63d74d633d42e86b4028c320527e859914f6a57cb66a?s=96&d=mm&r=g\",\"caption\":\"M\u00e1rio Pinheiro\"},\"sameAs\":[\"https:\/\/www.facebook.com\/mario.pinheiro.18\",\"https:\/\/x.com\/https:\/\/twitter.com\/EstratConcursos\"],\"url\":\"https:\/\/www.estrategiaconcursos.com.br\/blog\/author\/mariopinheiroestrategiaconcursos-com-br\/\"}]}<\/script>\n<!-- \/ Yoast SEO Premium plugin. -->","yoast_head_json":{"title":"AFT 2013 - coment\u00e1rios sobre as discursivas","robots":{"index":"index","follow":"follow","max-snippet":"max-snippet:-1","max-image-preview":"max-image-preview:large","max-video-preview":"max-video-preview:-1"},"canonical":"https:\/\/www.estrategiaconcursos.com.br\/blog\/comentarios-sobre-as-discursivas-do-concurso-de-aft-2013\/","og_locale":"pt_BR","og_type":"article","og_title":"AFT 2013 - coment\u00e1rios sobre as discursivas","og_description":"Oi amigos (as), Vou falar neste artigo sobre minhas impress\u00f5es em rela\u00e7\u00e3o \u00e0s provas discursivas de AFT 2013. Aproveito para agradecer a colega Mariana, que me enviou o caderno de provas. Inicialmente \u00e9 de se notar que o edital separava as mat\u00e9rias Seguran\u00e7a e Sa\u00fade no Trabalho (com Conven\u00e7\u00f5es da OIT, LER\/DORT, Doen\u00e7as Ocupacionais) e [&hellip;]","og_url":"https:\/\/www.estrategiaconcursos.com.br\/blog\/comentarios-sobre-as-discursivas-do-concurso-de-aft-2013\/","og_site_name":"Estrat\u00e9gia Concursos","article_author":"https:\/\/www.facebook.com\/mario.pinheiro.18","article_published_time":"2013-10-11T15:24:13+00:00","article_modified_time":"2016-06-08T14:35:22+00:00","author":"M\u00e1rio Pinheiro","twitter_card":"summary_large_image","twitter_creator":"@https:\/\/twitter.com\/EstratConcursos","twitter_site":"@EstratConcursos","twitter_misc":{"Escrito por":"M\u00e1rio Pinheiro","Est. tempo de leitura":"6 minutos"},"schema":{"@context":"https:\/\/schema.org","@graph":[{"@type":"NewsArticle","@id":"https:\/\/www.estrategiaconcursos.com.br\/blog\/comentarios-sobre-as-discursivas-do-concurso-de-aft-2013\/#article","isPartOf":{"@id":"https:\/\/www.estrategiaconcursos.com.br\/blog\/comentarios-sobre-as-discursivas-do-concurso-de-aft-2013\/"},"author":{"name":"M\u00e1rio Pinheiro","@id":"https:\/\/www.estrategiaconcursos.com.br\/blog\/#\/schema\/person\/263a505d4cf873862a093b2314df57e9"},"headline":"AFT 2013 &#8211; coment\u00e1rios sobre as discursivas","datePublished":"2013-10-11T15:24:13+00:00","dateModified":"2016-06-08T14:35:22+00:00","mainEntityOfPage":{"@id":"https:\/\/www.estrategiaconcursos.com.br\/blog\/comentarios-sobre-as-discursivas-do-concurso-de-aft-2013\/"},"wordCount":1294,"commentCount":0,"publisher":{"@id":"https:\/\/www.estrategiaconcursos.com.br\/blog\/#organization"},"keywords":["AFT","concurso aft reda\u00e7\u00e3o","recurso discursiva aft"],"articleSection":["Concursos P\u00fablicos"],"inLanguage":"pt-BR","potentialAction":[{"@type":"CommentAction","name":"Comment","target":["https:\/\/www.estrategiaconcursos.com.br\/blog\/comentarios-sobre-as-discursivas-do-concurso-de-aft-2013\/#respond"]}],"copyrightYear":"2013","copyrightHolder":{"@id":"https:\/\/www.estrategiaconcursos.com.br\/blog\/#organization"}},{"@type":"WebPage","@id":"https:\/\/www.estrategiaconcursos.com.br\/blog\/comentarios-sobre-as-discursivas-do-concurso-de-aft-2013\/","url":"https:\/\/www.estrategiaconcursos.com.br\/blog\/comentarios-sobre-as-discursivas-do-concurso-de-aft-2013\/","name":"AFT 2013 - coment\u00e1rios sobre as discursivas","isPartOf":{"@id":"https:\/\/www.estrategiaconcursos.com.br\/blog\/#website"},"datePublished":"2013-10-11T15:24:13+00:00","dateModified":"2016-06-08T14:35:22+00:00","breadcrumb":{"@id":"https:\/\/www.estrategiaconcursos.com.br\/blog\/comentarios-sobre-as-discursivas-do-concurso-de-aft-2013\/#breadcrumb"},"inLanguage":"pt-BR","potentialAction":[{"@type":"ReadAction","target":["https:\/\/www.estrategiaconcursos.com.br\/blog\/comentarios-sobre-as-discursivas-do-concurso-de-aft-2013\/"]}]},{"@type":"BreadcrumbList","@id":"https:\/\/www.estrategiaconcursos.com.br\/blog\/comentarios-sobre-as-discursivas-do-concurso-de-aft-2013\/#breadcrumb","itemListElement":[{"@type":"ListItem","position":1,"name":"In\u00edcio","item":"https:\/\/www.estrategiaconcursos.com.br\/blog\/"},{"@type":"ListItem","position":2,"name":"AFT 2013 &#8211; coment\u00e1rios sobre as discursivas"}]},{"@type":"WebSite","@id":"https:\/\/www.estrategiaconcursos.com.br\/blog\/#website","url":"https:\/\/www.estrategiaconcursos.com.br\/blog\/","name":"Estrat\u00e9gia Concursos","description":"O blog da Estrat\u00e9gia Concursos traz not\u00edcias sobre concursos e artigos de professores oferecendo cursos para concursos (pdf + videaulas) no site.","publisher":{"@id":"https:\/\/www.estrategiaconcursos.com.br\/blog\/#organization"},"potentialAction":[{"@type":"SearchAction","target":{"@type":"EntryPoint","urlTemplate":"https:\/\/www.estrategiaconcursos.com.br\/blog\/?s={search_term_string}"},"query-input":{"@type":"PropertyValueSpecification","valueRequired":true,"valueName":"search_term_string"}}],"inLanguage":"pt-BR"},{"@type":"Organization","@id":"https:\/\/www.estrategiaconcursos.com.br\/blog\/#organization","name":"Estrat\u00e9gia Concursos","url":"https:\/\/www.estrategiaconcursos.com.br\/blog\/","logo":{"@type":"ImageObject","inLanguage":"pt-BR","@id":"https:\/\/www.estrategiaconcursos.com.br\/blog\/#\/schema\/logo\/image\/","url":"https:\/\/dhg1h5j42swfq.cloudfront.net\/2025\/06\/03203428\/logo_concursos-1.jpg","contentUrl":"https:\/\/dhg1h5j42swfq.cloudfront.net\/2025\/06\/03203428\/logo_concursos-1.jpg","width":230,"height":60,"caption":"Estrat\u00e9gia Concursos"},"image":{"@id":"https:\/\/www.estrategiaconcursos.com.br\/blog\/#\/schema\/logo\/image\/"},"sameAs":["https:\/\/x.com\/EstratConcursos"]},{"@type":"Person","@id":"https:\/\/www.estrategiaconcursos.com.br\/blog\/#\/schema\/person\/263a505d4cf873862a093b2314df57e9","name":"M\u00e1rio Pinheiro","image":{"@type":"ImageObject","inLanguage":"pt-BR","@id":"https:\/\/secure.gravatar.com\/avatar\/20baf5175bad463e4e1f63d74d633d42e86b4028c320527e859914f6a57cb66a?s=96&d=mm&r=g","url":"https:\/\/secure.gravatar.com\/avatar\/20baf5175bad463e4e1f63d74d633d42e86b4028c320527e859914f6a57cb66a?s=96&d=mm&r=g","contentUrl":"https:\/\/secure.gravatar.com\/avatar\/20baf5175bad463e4e1f63d74d633d42e86b4028c320527e859914f6a57cb66a?s=96&d=mm&r=g","caption":"M\u00e1rio Pinheiro"},"sameAs":["https:\/\/www.facebook.com\/mario.pinheiro.18","https:\/\/x.com\/https:\/\/twitter.com\/EstratConcursos"],"url":"https:\/\/www.estrategiaconcursos.com.br\/blog\/author\/mariopinheiroestrategiaconcursos-com-br\/"}]}},"_links":{"self":[{"href":"https:\/\/www.estrategiaconcursos.com.br\/blog\/wp-json\/wp\/v2\/posts\/11289","targetHints":{"allow":["GET"]}}],"collection":[{"href":"https:\/\/www.estrategiaconcursos.com.br\/blog\/wp-json\/wp\/v2\/posts"}],"about":[{"href":"https:\/\/www.estrategiaconcursos.com.br\/blog\/wp-json\/wp\/v2\/types\/post"}],"author":[{"embeddable":true,"href":"https:\/\/www.estrategiaconcursos.com.br\/blog\/wp-json\/wp\/v2\/users\/22"}],"replies":[{"embeddable":true,"href":"https:\/\/www.estrategiaconcursos.com.br\/blog\/wp-json\/wp\/v2\/comments?post=11289"}],"version-history":[{"count":10,"href":"https:\/\/www.estrategiaconcursos.com.br\/blog\/wp-json\/wp\/v2\/posts\/11289\/revisions"}],"predecessor-version":[{"id":40967,"href":"https:\/\/www.estrategiaconcursos.com.br\/blog\/wp-json\/wp\/v2\/posts\/11289\/revisions\/40967"}],"wp:attachment":[{"href":"https:\/\/www.estrategiaconcursos.com.br\/blog\/wp-json\/wp\/v2\/media?parent=11289"}],"wp:term":[{"taxonomy":"category","embeddable":true,"href":"https:\/\/www.estrategiaconcursos.com.br\/blog\/wp-json\/wp\/v2\/categories?post=11289"},{"taxonomy":"post_tag","embeddable":true,"href":"https:\/\/www.estrategiaconcursos.com.br\/blog\/wp-json\/wp\/v2\/tags?post=11289"},{"taxonomy":"tax_estado","embeddable":true,"href":"https:\/\/www.estrategiaconcursos.com.br\/blog\/wp-json\/wp\/v2\/tax_estado?post=11289"}],"curies":[{"name":"wp","href":"https:\/\/api.w.org\/{rel}","templated":true}]}}