{"id":112869,"date":"2018-05-05T07:50:27","date_gmt":"2018-05-05T10:50:27","guid":{"rendered":"https:\/\/www.estrategiaconcursos.com.br\/blog\/?p=112869"},"modified":"2023-01-05T10:44:22","modified_gmt":"2023-01-05T13:44:22","slug":"edital-ebserh-hospitais-universitarios-2018","status":"publish","type":"post","link":"https:\/\/www.estrategiaconcursos.com.br\/blog\/edital-ebserh-hospitais-universitarios-2018\/","title":{"rendered":"Concurso EBSERH 2018: Participe do aul\u00e3o de v\u00e9spera para \u00e1rea assistencial (50 mil inscritos)"},"content":{"rendered":"<p><strong>Amanh\u00e3 \u00e9 dia de prova!\u00a0<\/strong><\/p>\n<p>Neste domingo, dia 06 de maio de 2018, a\u00a0<strong>Cebraspe<\/strong> ir\u00e1 aplicar as provas para tr\u00eas \u00e1reas do\u00a0<a href=\"https:\/\/www.estrategiaconcursos.com.br\/blog\/concurso-ebserh-4\/\"><strong>concurso EBSERH<\/strong><\/a>: Administrativo, Assistencial e M\u00e9dica.<\/p>\n<p><span style=\"color: #000000;\">As inscri\u00e7\u00f5es do\u00a0<em><strong>Con<span style=\"color: #000000;\">curso EBSERH\u00a0<\/span><\/strong><\/em><\/span><span style=\"color: #000000;\">se encerraram no dia 12 de abril<\/span><span style=\"color: #000000;\">, que<\/span><span style=\"color: #000000;\">\u00a0oferta 1.196 vagas para diversas especialidades em n\u00edvel m\u00e9dio e superior com lota\u00e7\u00f5es distribu\u00eddas em todo Brasil.<\/span><\/p>\n<p>Foram no total, <strong>77.874 inscritos<\/strong> nos tr\u00eas concursos das \u00e1reas\u00a0<span style=\"color: #000000;\">Assistencial, Administrativa e M\u00e9dica.<\/span><\/p>\n<p><img loading=\"lazy\" decoding=\"async\" class=\"size-full wp-image-119556 aligncenter\" src=\"https:\/\/dhg1h5j42swfq.cloudfront.net\/2018\/04\/04152259\/Capturar3.jpg\" alt=\"\" width=\"548\" height=\"93\" srcset=\"https:\/\/dhg1h5j42swfq.cloudfront.net\/2018\/04\/04152259\/Capturar3.jpg 548w, https:\/\/dhg1h5j42swfq.cloudfront.net\/2018\/04\/04152259\/Capturar3.jpg 300w\" sizes=\"auto, (max-width: 548px) 100vw, 548px\" \/><\/p>\n<p>E pensando na \u00e1rea assistencial e seus 53.709 inscritos, o Estrat\u00e9gia Concursos est\u00e1 transmitindo um <strong>aul\u00e3o de v\u00e9spera ao vivo e gratuito<\/strong> para refor\u00e7ar tudo que j\u00e1 estudado.<\/p>\n<p>A programa\u00e7\u00e3o inclui aulas de Odontologia, Nutri\u00e7\u00e3o, Enfermagem, Fisioterapia e Biomedicina.<\/p>\n<p>Assista por aqui mesmo ou em nosso canal no YouTube.<\/p>\n<p style=\"text-align: center;\"><a href=\"https:\/\/youtu.be\/hP6on3g0y2o\" target=\"_blank\" rel=\"noopener noreferrer\"><span style=\"font-size: 18pt;\"><strong>Aul\u00e3o de v\u00e9spera EBSERH | \u00c1rea assistencial<\/strong><\/span><\/a><\/p>\n<p style=\"text-align: center;\"><em>O aul\u00e3o est\u00e1 sendo transmitido desde \u00e0s 8h da manh\u00e3<\/em><\/p>\n<h2>Principais Informa\u00e7\u00f5es do Concurso EBSERH<\/h2>\n<p>As inscri\u00e7\u00f5es devem ter sido feitas exclusivamente pelo portal da banca organizadora, a <em>Cebraspe<\/em>.<\/p>\n<p><span style=\"color: #000000;\"><strong>Inscri\u00e7\u00f5es:\u00a0<\/strong>entre\u00a0<em>27 de\u00a0mar\u00e7o<\/em> e\u00a0<em><span style=\"color: #000000;\">12 <\/span>de<\/em><em>\u00a0abril<\/em>\u00a0(Assistencial e Administrativa)<\/span><\/p>\n<p><span style=\"color: #000000;\">\u00a0 \u00a0 \u00a0 \u00a0 \u00a0 \u00a0 \u00a0 \u00a0 \u00a0 \u00a0 \u00a0 \u00a0 \u00a0entre\u00a0<em>28 de\u00a0mar\u00e7o<\/em> e\u00a0<em><span style=\"color: #000000;\">12<\/span> de<\/em>\u00a0abril (M\u00e9dica)<\/span><\/p>\n<p><span style=\"color: #000000;\"><strong>Taxa de Inscri\u00e7\u00e3o:<\/strong><\/span><\/p>\n<table>\n<tbody>\n<tr>\n<td style=\"text-align: right;\"><strong>\u00c1<span style=\"color: #000000;\">rea M\u00e9dica<\/span><span style=\"color: #000000;\">:\u00a0<\/span><\/strong><\/td>\n<td>R$\u00a0252,00<\/td>\n<\/tr>\n<tr>\n<td style=\"text-align: right;\"><strong>\u00c1rea Administrativa e Assistencial<span style=\"color: #000000;\">:\u00a0<\/span><\/strong><\/td>\n<td>N\u00edvel\u00a0superior:\u00a0R$\u00a0200,00<\/td>\n<\/tr>\n<tr>\n<td style=\"text-align: right;\"><\/td>\n<td>N\u00edvel\u00a0m\u00e9dio:\u00a0R$\u00a076,00<\/td>\n<\/tr>\n<\/tbody>\n<\/table>\n<p><span style=\"color: #000000;\"><strong>Data das Provas: <\/strong><span style=\"text-decoration: underline;\">06 de maio<\/span><\/span><\/p>\n<h2>Distribui\u00e7\u00e3o das Vagas<\/h2>\n<p><span style=\"color: #000000;\"><strong>\u00c1rea M\u00e9dica (339 vagas)<\/strong><\/span><\/p>\n<ul style=\"list-style-type: disc;\">\n<li><span style=\"color: #000000;\">M\u00e9dico &#8211; Diversas Especialidades<\/span><\/li>\n<li><span style=\"color: #000000;\">M\u00e9dico &#8211; Cardiologia\u00a0Diversas Especialidadess<\/span><\/li>\n<\/ul>\n<p><span style=\"color: #000000;\"><strong>\u00c1rea Administrativa (144 vagas)<\/strong><\/span><\/p>\n<ul style=\"list-style-type: disc;\">\n<li><span style=\"color: #000000;\">Advogado<\/span><\/li>\n<li><span style=\"color: #000000;\">Analista Administrativo &#8211; Diversas Especialidades<\/span><\/li>\n<li><span style=\"color: #000000;\">Analista de Tecnologia da Informa\u00e7\u00e3o<\/span><\/li>\n<li><span style=\"color: #000000;\">Arquiteto<\/span><\/li>\n<li><span style=\"color: #000000;\">Engenheiro Civil<\/span><\/li>\n<li><span style=\"color: #000000;\">Engenheiro Cl\u00ednico<\/span><\/li>\n<li><span style=\"color: #000000;\">Jornalista<\/span><\/li>\n<li><span style=\"color: #000000;\">Tecn\u00f3logo em Gest\u00e3o P\u00fablica<\/span><\/li>\n<li><span style=\"color: #000000;\">Assistente Administrativo<\/span><\/li>\n<li><span style=\"color: #000000;\">T\u00e9cnico em Contabilidade<\/span><\/li>\n<li><span style=\"color: #000000;\">T\u00e9cnico em Inform\u00e1tica<\/span><\/li>\n<li><span style=\"color: #000000;\">T\u00e9cnico em Seguran\u00e7a do Trabalho<\/span><\/li>\n<\/ul>\n<p><span style=\"color: #000000;\"><strong>\u00c1rea Assistencial (713 vagas)\u00a0<\/strong><\/span><\/p>\n<ul style=\"list-style-type: disc;\">\n<li><span style=\"color: #000000;\">Assistente Social<\/span><\/li>\n<li><span style=\"color: #000000;\">Bi\u00f3logo<\/span><\/li>\n<li><span style=\"color: #000000;\">Biom\u00e9dico<\/span><\/li>\n<li><span style=\"color: #000000;\">Cirurgi\u00e3o Dentista<\/span><\/li>\n<li><span style=\"color: #000000;\">Enfermeiro &#8211; V\u00e1rias Especialidade<\/span><\/li>\n<li><span style=\"color: #000000;\">Farmac\u00eautico<\/span><\/li>\n<li><span style=\"color: #000000;\">F\u00edsica M\u00e9dica &#8211;\u00a0\u00a0Radiodiagn\u00f3stico\u00a0<\/span><\/li>\n<li><span style=\"color: #000000;\">F\u00edsica M\u00e9dica &#8211; Radioterapia<\/span><\/li>\n<li><span style=\"color: #000000;\">Fisioterapeuta\u00a0&#8211; Diversas Especialidades<\/span><\/li>\n<li><span style=\"color: #000000;\">Fonoaudi\u00f3logo<\/span><\/li>\n<li><span style=\"color: #000000;\">Nutricionista<\/span><\/li>\n<li><span style=\"color: #000000;\">Pedagogo<\/span><\/li>\n<li><span style=\"color: #000000;\">Profissional de Educa\u00e7\u00e3o F\u00edsica<\/span><\/li>\n<li><span style=\"color: #000000;\">Psic\u00f3logo &#8211;\u00a0Diversas \u00e1reas<\/span><\/li>\n<li><span style=\"color: #000000;\">Tecn\u00f3logo em Radiologia<\/span><\/li>\n<li><span style=\"color: #000000;\">Terapeuta Ocupacional<\/span><\/li>\n<li><span style=\"color: #000000;\">T\u00e9cnico &#8211; Diversas Especialidades<\/span><\/li>\n<\/ul>\n<p><em><strong><span style=\"color: #000000;\">5% das vagas ser\u00e3o reservadas a candidatos com defici\u00eancia e\u00a020% a candidatos negros.<\/span><\/strong><\/em><\/p>\n<h3><span style=\"color: #000000;\">Retifica\u00e7\u00f5es<\/span><\/h3>\n<p><span style=\"color: #000000;\">Os documentos com as retifica\u00e7\u00f5es completas voc\u00ea encontra no final dessa p\u00e1gina, <em>mas listamos abaixo as principais altera\u00e7\u00f5es:<\/em><\/span><\/p>\n<ul style=\"list-style-type: disc;\">\n<li><span style=\"color: #000000;\">Requisitos (gradua\u00e7\u00e3o\/diploma) do cargo Tecn\u00f3logo em Gest\u00e3o P\u00fablica (\u00e1rea administrativa);<\/span><\/li>\n<li><span style=\"color: #000000;\">Observe o item 6.7 referente \u00e0 vagas para candidatos negros;<\/span><\/li>\n<li><span style=\"color: #000000;\">Data de envio dos t\u00edtulos (<strong>28\/03 a 02\/04<\/strong> para \u00e1rea m\u00e9dica e <strong>27\/03 a 02\/04<\/strong> para as outras \u00e1reas);<\/span><\/li>\n<li><span style=\"color: #000000;\">Observe o item 11.2 referente \u00e0 classifica\u00e7\u00e3o final;<\/span><\/li>\n<li><span style=\"color: #000000;\">Endere\u00e7o eletr\u00f4nico (url) para candidatura da \u00e1rea administrativa (no endere\u00e7o, a palav<\/span>ra administrativo passou para administrativa)<span style=\"color: #000000;\">.<\/span><\/li>\n<\/ul>\n<h2>Remunera\u00e7\u00e3o<\/h2>\n<p><span style=\"color: #000000;\"><strong>\u00c1rea M\u00e9dica:\u00a0<\/strong><\/span>R$\u00a08.093,59<\/p>\n<p><span style=\"color: #000000;\">Carga hor\u00e1ria de 24 horas semanais.<\/span><\/p>\n<p><span style=\"color: #000000;\"><strong>\u00c1rea Administrativa:\u00a0<\/strong><\/span><span style=\"color: #000000;\">Entre R$\u00a02.294,11\u00a0e R$:\u00a09.687,39<\/span><\/p>\n<p><span style=\"color: #000000;\">Para Jornalista, a carga \u00e9 de 25 horas semanais, para os outros cargos s\u00e3o 40\u00a0horas\u00a0semanais.<\/span><\/p>\n<p><span style=\"color: #000000;\"><strong>\u00c1rea Assistencial: <\/strong>Entre\u00a0R$\u00a02.031,19 e R$\u00a06.261,79<\/span><\/p>\n<p><span style=\"color: #000000;\">A carga hor\u00e1ria semanal \u00e9 de 24, 30, 36 ou 40 horas de acordo com o cargo.<\/span><\/p>\n<h2>Requisitos<\/h2>\n<ul style=\"list-style-type: disc;\">\n<li>\u00a0<span style=\"color: #000000;\">Ter\u00a0a\u00a0nacionalidade\u00a0brasileira;<\/span><\/li>\n<li><span style=\"color: #000000;\">\u00a0Estar\u00a0quite\u00a0com\u00a0as\u00a0obriga\u00e7\u00f5es\u00a0militares;<\/span><\/li>\n<li><span style=\"color: #000000;\">\u00a0Estar\u00a0quite\u00a0com\u00a0as\u00a0obriga\u00e7\u00f5es\u00a0eleitorais;<\/span><\/li>\n<li><span style=\"color: #000000;\">Ter\u00a0idade\u00a0m\u00ednima\u00a0de\u00a018\u00a0anos\u00a0completos\u00a0na\u00a0data\u00a0da\u00a0posse;<\/span><\/li>\n<li><span style=\"color: #000000;\">Ter\u00a0aptid\u00e3o\u00a0f\u00edsica\u00a0e\u00a0mental\u00a0para\u00a0o\u00a0exerc\u00edcio\u00a0das\u00a0atribui\u00e7\u00f5es\u00a0do\u00a0cargo;<\/span><\/li>\n<li><span style=\"color: #000000;\">N\u00e3o\u00a0estar\u00a0ocupando\u00a0cargo\u00a0na\u00a0Rede\u00a0EBSERH,\u00a0na\u00a0Sede\u00a0ou\u00a0em\u00a0quaisquer\u00a0de\u00a0suas\u00a0filiais.<\/span><\/li>\n<\/ul>\n<h2>An\u00e1lise dos editais<\/h2>\n<ul>\n<li><strong><a href=\"https:\/\/www.youtube.com\/watch?v=L48J4B1Qaig\" target=\"_blank\" rel=\"noopener noreferrer\">An\u00e1lise Geral do Edital da EBSERH 2018 &#8211; \u00c1rea Assistencial<\/a><\/strong><\/li>\n<li><strong><a href=\"https:\/\/www.youtube.com\/watch?v=1yFX7PBz92c\" target=\"_blank\" rel=\"noopener noreferrer\">An\u00e1lise do Edital da EBSERH 2018 &#8211; <span style=\"text-decoration: underline;\">Nutri\u00e7\u00e3o<\/span><\/a><\/strong><\/li>\n<li><strong><a href=\"https:\/\/www.youtube.com\/watch?v=VsbJCSjOBBs\" target=\"_blank\" rel=\"noopener noreferrer\">An\u00e1lise do Edital da EBSERH 2018 &#8211; <span style=\"text-decoration: underline;\">Fisioterapia<\/span><\/a><\/strong><\/li>\n<\/ul>\n<h2>Etapas do Concurso\u00a0EBSERH<\/h2>\n<p><span style=\"color: #000000;\"><strong>1\u00aa etapa:<\/strong> provas\u00a0objetivas,\u00a0de\u00a0car\u00e1ter\u00a0eliminat\u00f3rio\u00a0e\u00a0classificat\u00f3rio;<\/span><br \/>\n<span style=\"color: #000000;\"> <strong>2\u00aa etapa:<\/strong> avalia\u00e7\u00e3o\u00a0de\u00a0t\u00edtulos,\u00a0de\u00a0car\u00e1ter\u00a0classificat\u00f3rio.<\/span><\/p>\n<h2>Sobre as Provas Objetivas<\/h2>\n<p><span style=\"color: #000000;\">As\u00a0provas\u00a0objetivas\u00a0ter\u00e3o\u00a0a\u00a0<strong><em>dura\u00e7\u00e3o\u00a0de\u00a03\u00a0horas<\/em><\/strong>\u00a0e ser\u00e3o\u00a0aplicadas\u00a0na\u00a0data\u00a0prov\u00e1vel\u00a0de\u00a0<strong><em>6\u00a0de\u00a0maio<\/em><\/strong>,<strong>\u00a0no\u00a0turno\u00a0da\u00a0manh\u00e3<\/strong>.<\/span><\/p>\n<p><span style=\"color: #000000;\">Na data de 26 de abril, ser\u00e1 divulgado no site da banca, o edital que informar\u00e1\u00a0a disponibiliza\u00e7\u00e3o da consulta\u00a0aos\u00a0locais\u00a0e\u00a0aos\u00a0hor\u00e1rios\u00a0de\u00a0realiza\u00e7\u00e3o\u00a0das\u00a0provas.\u00a0<\/span><\/p>\n<p><span style=\"color: #000000;\">As provas objetivas valer\u00e3o 100 pontos e ser\u00e3o do tipo CERTO\u00a0ou\u00a0ERRADO.<\/span><\/p>\n<p><span style=\"color: #000000;\"><strong>\u00c1rea M\u00e9dica:<\/strong><\/span><\/p>\n<p><img loading=\"lazy\" decoding=\"async\" class=\"alignnone size-full wp-image-112877\" src=\"https:\/\/dhg1h5j42swfq.cloudfront.net\/2018\/03\/22160136\/prova-medico.jpg\" alt=\"\" width=\"705\" height=\"196\" srcset=\"https:\/\/dhg1h5j42swfq.cloudfront.net\/2018\/03\/22160136\/prova-medico.jpg 705w, https:\/\/dhg1h5j42swfq.cloudfront.net\/2018\/03\/22160136\/prova-medico.jpg 300w, https:\/\/dhg1h5j42swfq.cloudfront.net\/2018\/03\/22160136\/prova-medico.jpg 610w\" sizes=\"auto, (max-width: 705px) 100vw, 705px\" \/><\/p>\n<p><em><span style=\"color: #000000;\">Ser\u00e1\u00a0reprovado\u00a0nas\u00a0provas\u00a0objetivas\u00a0e\u00a0eliminado\u00a0do\u00a0concurso\u00a0p\u00fablico\u00a0o\u00a0candidato\u00a0que\u00a0se\u00a0enquadrar\u00a0em\u00a0pelo\u00a0menos\u00a0um\u00a0dos\u00a0itens\u00a0a\u00a0seguir:\u00a0<\/span><\/em><br \/>\n<span style=\"color: #000000;\"><strong>a)<\/strong>\u00a0obtiver\u00a0nota\u00a0inferior\u00a0a\u00a06,00\u00a0pontos\u00a0na\u00a0prova\u00a0objetiva\u00a0de\u00a0Conhecimentos\u00a0B\u00e1sicos\u00a0P1;\u00a0<\/span><br \/>\n<span style=\"color: #000000;\"><strong>b)<\/strong>\u00a0obtiver\u00a0nota\u00a0inferior\u00a0a\u00a06,00\u00a0pontos\u00a0na\u00a0prova\u00a0objetiva\u00a0de\u00a0Conhecimentos\u00a0Complementares\u00a0P2;\u00a0<\/span><br \/>\n<span style=\"color: #000000;\"><strong>c)<\/strong>\u00a0obtiver\u00a0nota\u00a0inferior\u00a0a\u00a012,00\u00a0pontos\u00a0na\u00a0prova\u00a0objetiva\u00a0de\u00a0Conhecimentos\u00a0Espec\u00edficos\u00a0P3;\u00a0<\/span><br \/>\n<span style=\"color: #000000;\"><strong>d)<\/strong>\u00a0obtiver\u00a0nota\u00a0inferior\u00a0a\u00a030,00\u00a0pontos\u00a0no\u00a0conjunto\u00a0das\u00a0provas\u00a0objetivas.\u00a0<\/span><\/p>\n<p><span style=\"color: #000000;\"><strong>\u00c1rea Assistencial e Administrativa:<\/strong><\/span><\/p>\n<p><img loading=\"lazy\" decoding=\"async\" class=\"alignnone wp-image-112878\" src=\"https:\/\/dhg1h5j42swfq.cloudfront.net\/2018\/03\/22160219\/prova-a.jpg\" alt=\"\" width=\"703\" height=\"110\" srcset=\"https:\/\/dhg1h5j42swfq.cloudfront.net\/2018\/03\/22160219\/prova-a.jpg 678w, https:\/\/dhg1h5j42swfq.cloudfront.net\/2018\/03\/22160219\/prova-a.jpg 300w, https:\/\/dhg1h5j42swfq.cloudfront.net\/2018\/03\/22160219\/prova-a.jpg 610w\" sizes=\"auto, (max-width: 703px) 100vw, 703px\" \/><\/p>\n<p><em><span style=\"color: #000000;\">Ser\u00e1\u00a0reprovado\u00a0nas\u00a0provas\u00a0objetivas\u00a0e\u00a0eliminado\u00a0do\u00a0concurso\u00a0p\u00fablico\u00a0o\u00a0candidato\u00a0que\u00a0se\u00a0enquadrar\u00a0em\u00a0pelo\u00a0menos\u00a0um\u00a0dos\u00a0itens\u00a0a\u00a0seguir:\u00a0<\/span><\/em><br \/>\n<span style=\"color: #000000;\"><strong>a)\u00a0<\/strong>obtiver\u00a0nota\u00a0inferior\u00a0a\u00a08,00\u00a0pontos\u00a0na\u00a0prova\u00a0objetiva\u00a0de\u00a0Conhecimentos\u00a0B\u00e1sicos\u00a0P1;\u00a0<\/span><br \/>\n<span style=\"color: #000000;\"><strong>b)\u00a0<\/strong>obtiver\u00a0nota\u00a0inferior\u00a0a\u00a018,00\u00a0pontos\u00a0na\u00a0prova\u00a0objetiva\u00a0de\u00a0Conhecimentos\u00a0Espec\u00edficos\u00a0P2;\u00a0<\/span><br \/>\n<span style=\"color: #000000;\"><strong>c)\u00a0<\/strong>obtiver\u00a0nota\u00a0inferior\u00a0a\u00a030,00\u00a0pontos\u00a0no\u00a0conjunto\u00a0das\u00a0provas\u00a0objetivas.\u00a0<\/span><\/p>\n<h2>Lota\u00e7\u00f5es<\/h2>\n<p><span style=\"color: #000000;\">S\u00e3o Lu\u00eds, Teresina, Fortaleza, Aragua\u00edna, Santa Cruz, Natal, Jo\u00e3o Pessoa, Campina Grande, Cajazeiras, Petrolina, Recife, Macei\u00f3, Aracaju, Lagarto, Salvador, Bras\u00edlia, Goi\u00e2nia, Niter\u00f3i, Rio de Janeiro, Juiz de Fora, Vit\u00f3ria, Belo Horizonte, S\u00e3o Carlos, Dourados, Campo Grande, Cuiab\u00e1, Uberaba, Curitiba, Florian\u00f3polis, Santa Maria, Rio Grande, Pelotas, Manaus e Bel\u00e9m.\u00a0 \u00a0<\/span><\/p>\n<p style=\"text-align: center;\"><span style=\"font-size: 14pt;\"><strong><span style=\"color: #000000;\">Gostou da oportunidade? O Estrat\u00e9gia Concursos possui v\u00e1rios cursos para o concurso EBSERH. <\/span><span style=\"color: #000000;\">Confira:<\/span><\/strong><\/span><br \/>\n<span style=\"font-size: 18pt;\"><strong><a href=\"https:\/\/www.estrategiaconcursos.com.br\/cursosPorConcurso\/ebserh-107\/\" target=\"_blank\" rel=\"noopener noreferrer\">CURSOS EBSERH<\/a><\/strong><\/span><\/p>\n<p><img loading=\"lazy\" decoding=\"async\" src=\"https:\/\/dhg1h5j42swfq.cloudfront.net\/2017\/03\/28152500\/coruja-ficha-tecnica-300x102.png\" alt=\"\" width=\"300\" height=\"102\" \/><\/p>\n<p><span style=\"font-size: 14pt;\"><strong>Informa\u00e7\u00f5es do Concurso EBSERH 2018<\/strong><\/span><br \/>\n\u25baData prevista:<strong>\u00a0<span style=\"color: #000000;\">06 de maio<\/span><\/strong><br \/>\n\u25baVagas: <strong>1.196 vagas<\/strong><br \/>\n\u25baLota\u00e7\u00f5es: <strong>Nacional<\/strong><br \/>\n\u25baBanca: <strong>Cebraspe<\/strong><br \/>\n\u25baEscolaridade: <strong>N\u00edvel M\u00e9dio e Superior<\/strong><br \/>\n\u25baCursos Estrat\u00e9gia Concursos:\u00a0<strong><a href=\"https:\/\/www.estrategiaconcursos.com.br\/cursosPorConcurso\/ebserh-107\/\">Cursos Concurso\u00a0EBSERH<\/a><\/strong><\/p>\n<p>\u25baEdital \u00e1rea m\u00e9dica:\u00a0<a href=\"https:\/\/dhg1h5j42swfq.cloudfront.net\/2018\/03\/22153209\/EBSEHR_MEDICA.pdf\" target=\"_blank\" rel=\"noopener noreferrer\">EBSEHR_MEDICA<\/a> <strong>\/\u00a0<a href=\"https:\/\/dhg1h5j42swfq.cloudfront.net\/2018\/03\/26112626\/Edital-Retificado-M%C3%A9dico.pdf\">Retifica\u00e7\u00e3o<\/a><\/strong><\/p>\n<p>\u25baEdital \u00e1rea administrativa:\u00a0<a href=\"https:\/\/dhg1h5j42swfq.cloudfront.net\/2018\/03\/22153318\/EBSEHR_ADMINISTRATIVA.pdf\" target=\"_blank\" rel=\"noopener noreferrer\">EBSEHR_ADMINISTRATIVA<\/a>\u00a0<strong>\/\u00a0<a href=\"https:\/\/dhg1h5j42swfq.cloudfront.net\/2018\/03\/26112413\/Edital-Retificado-Administrativa.pdf\">Retifica\u00e7\u00e3o<\/a><\/strong><\/p>\n<p>\u25baEdital \u00e1rea assistencial:\u00a0<a href=\"https:\/\/dhg1h5j42swfq.cloudfront.net\/2018\/03\/22174550\/EBSEHR_ASSISTENCIAL.pdf\" target=\"_blank\" rel=\"noopener noreferrer\">EBSEHR_ASSISTENCIAL<\/a>\u00a0<strong>\/\u00a0<a href=\"https:\/\/dhg1h5j42swfq.cloudfront.net\/2018\/03\/26112728\/Edital-Retificado-Assistencial.pdf\">Retifica\u00e7\u00e3o<\/a><\/strong><\/p>\n<p><em>Camila Leite<\/em><br \/>\n<em>Ascom Estrat\u00e9gia<\/em><br \/>\nascomestrategia@gmail.com<\/p>\n<p style=\"text-align: center;\"><span style=\"font-size: 18pt;\"><em><strong>Receba not\u00edcias de Concursos no seu WhatsApp e\/ou Telegram!<\/strong><\/em><\/span><\/p>\n<p style=\"text-align: center;\"><em><strong><span style=\"font-size: 14pt;\"><a href=\"https:\/\/www.estrategiaconcursos.com.br\/blog\/noticias-de-concursos-whatsapp-estrategia-concursos\/\" target=\"_blank\" rel=\"noopener noreferrer\">Cadastre-se clicando no \u00edcone abaixo<\/a><\/span><br \/>\n<a href=\"https:\/\/www.estrategiaconcursos.com.br\/blog\/noticias-de-concursos-whatsapp-estrategia-concursos\/\" target=\"_blank\" rel=\"noopener noreferrer\"><img loading=\"lazy\" decoding=\"async\" class=\"aligncenter wp-image-112824 \" src=\"https:\/\/dhg1h5j42swfq.cloudfront.net\/2018\/03\/22113932\/whatsapptelegram-e1548177162795.png\" alt=\"\" width=\"220\" height=\"124\" \/><\/a><br \/>\n<\/strong><\/em><\/p>\n<hr \/>\n<h2 style=\"text-align: left;\"><span style=\"color: #000000;\">Conte\u00fado Program\u00e1tico &#8211; Concurso\u00a0EBSERH 2018<\/span><\/h2>\n<p style=\"text-align: left;\"><span style=\"color: #000000;\"><strong>CONHECIMENTOS\u00a0B\u00c1SICOS\u00a0(PARA\u00a0TODOS\u00a0OS\u00a0CARGOS)\u00a0<\/strong><\/span><br \/>\n<span style=\"color: #000000;\"><strong>L\u00cdNGUA\u00a0PORTUGUESA:<\/strong>\u00a01\u00a0Compreens\u00e3o\u00a0e\u00a0interpreta\u00e7\u00e3o\u00a0de\u00a0textos\u00a0de\u00a0g\u00eaneros\u00a0variados.\u00a02\u00a0Reconhecimento\u00a0de\u00a0<\/span><br \/>\n<span style=\"color: #000000;\">tipos\u00a0 e\u00a0 g\u00eaneros\u00a0 textuais.\u00a0 3\u00a0Dom\u00ednio\u00a0 da\u00a0 ortografia\u00a0 oficial.\u00a0 4\u00a0Dom\u00ednio\u00a0 dos\u00a0 mecanismos\u00a0 de\u00a0 coes\u00e3o\u00a0 textual.\u00a0<\/span><br \/>\n<span style=\"color: #000000;\">4.1\u00a0Emprego\u00a0de\u00a0elementos\u00a0de\u00a0referencia\u00e7\u00e3o,\u00a0substitui\u00e7\u00e3o\u00a0e\u00a0repeti\u00e7\u00e3o,\u00a0de\u00a0conectores\u00a0e\u00a0de\u00a0outros\u00a0elementos\u00a0<\/span><br \/>\n<span style=\"color: #000000;\">de\u00a0sequencia\u00e7\u00e3o\u00a0textual.\u00a04.2\u00a0Emprego\u00a0de\u00a0tempos\u00a0e\u00a0modos\u00a0verbais.\u00a05\u00a0Dom\u00ednio\u00a0da\u00a0estrutura\u00a0morfossint\u00e1tica\u00a0<\/span><br \/>\n<span style=\"color: #000000;\">do\u00a0per\u00edodo.\u00a05.1\u00a0Emprego\u00a0das\u00a0classes\u00a0de\u00a0palavras.\u00a05.2\u00a0Rela\u00e7\u00f5es\u00a0de\u00a0coordena\u00e7\u00e3o\u00a0entre\u00a0ora\u00e7\u00f5es\u00a0e\u00a0entre\u00a0termos\u00a0<\/span><br \/>\n<span style=\"color: #000000;\">da\u00a0ora\u00e7\u00e3o.\u00a05.3\u00a0Rela\u00e7\u00f5es\u00a0de\u00a0subordina\u00e7\u00e3o\u00a0entre\u00a0ora\u00e7\u00f5es\u00a0e\u00a0entre\u00a0termos\u00a0da\u00a0ora\u00e7\u00e3o.\u00a05.4\u00a0Emprego\u00a0dos\u00a0sinais\u00a0de\u00a0<\/span><br \/>\n<span style=\"color: #000000;\">pontua\u00e7\u00e3o.\u00a0 5.5\u00a0Concord\u00e2ncia\u00a0 verbal\u00a0 e\u00a0 nominal.\u00a0 5.6\u00a0Reg\u00eancia\u00a0 verbal\u00a0 e\u00a0 nominal.\u00a0 5.7\u00a0Emprego\u00a0 do\u00a0 sinal\u00a0<\/span><br \/>\n<span style=\"color: #000000;\">indicativo\u00a0 de\u00a0 crase.\u00a0 5.8\u00a0Coloca\u00e7\u00e3o\u00a0 dos\u00a0 pronomes\u00a0 \u00e1tonos.\u00a0 6\u00a0Reescrita\u00a0 de\u00a0 frases\u00a0 e\u00a0 par\u00e1grafos\u00a0 do\u00a0 texto.\u00a0<\/span><br \/>\n<span style=\"color: #000000;\">6.1\u00a0Significa\u00e7\u00e3o\u00a0 das\u00a0 palavras.\u00a0 6.2\u00a0Substitui\u00e7\u00e3o\u00a0 de\u00a0 palavras\u00a0 ou\u00a0 de\u00a0 trechos\u00a0 de\u00a0 texto.\u00a0 6.3\u00a0Reorganiza\u00e7\u00e3o\u00a0 da\u00a0<\/span><br \/>\n<span style=\"color: #000000;\">estrutura\u00a0 de\u00a0 ora\u00e7\u00f5es\u00a0 e\u00a0 de\u00a0 per\u00edodos\u00a0 do\u00a0 texto.\u00a0 6.4\u00a0Reescrita\u00a0 de\u00a0 textos\u00a0 de\u00a0 diferentes\u00a0 g\u00eaneros\u00a0 e\u00a0 n\u00edveis\u00a0 de\u00a0<\/span><br \/>\n<span style=\"color: #000000;\">formalidade.\u00a0\u00a0<\/span><br \/>\n<span style=\"color: #000000;\"><strong>LEGISLA\u00c7\u00c3O\u00a0 APLICADA\u00a0 \u00c0\u00a0 EBSERH:<\/strong>\u00a0 1\u00a0Lei\u00a0 Federal\u00a0 n\u00ba\u00a0 12.550\/2011.\u00a0 2\u00a0Decreto\u00a0 n\u00ba\u00a0 7.661\/2011.\u00a0 3\u00a0Regimento\u00a0<\/span><br \/>\n<span style=\"color: #000000;\">Interno\u00a0da\u00a0EBSERH\u00a0\u2013\u00a03\u00aa\u00a0revis\u00e3o.\u00a04\u00a0C\u00f3digo\u00a0de\u00a0\u00c9tica\u00a0e\u00a0Conduta\u00a0da\u00a0Ebserh\u00a0\u2013\u00a0Princ\u00edpios\u00a0\u00c9ticos\u00a0e\u00a0Compromissos\u00a0<\/span><br \/>\n<span style=\"color: #000000;\">de\u00a0Conduta\u00a0\u2013\u00a01\u00aa\u00a0edi\u00e7\u00e3o\u00a0\u2013\u00a02017.\u00a05\u00a0Lei\u00a0n\u00ba\u00a013.146\/2015\u00a0e\u00a0suas\u00a0altera\u00e7\u00f5es\u00a0(Lei\u00a0Brasileira\u00a0de\u00a0Inclus\u00e3o\u00a0da\u00a0Pessoa\u00a0<\/span><br \/>\n<span style=\"color: #000000;\">com\u00a0Defici\u00eancia\u00a0\u2013\u00a0Estatuto\u00a0da\u00a0Pessoa\u00a0com\u00a0Defici\u00eancia).<\/span><br \/>\n<span style=\"color: #000000;\"><strong>RACIOC\u00cdNIO\u00a0 L\u00d3GICO:<\/strong>\u00a0 1\u00a0 Estruturas\u00a0 l\u00f3gicas.\u00a0 2\u00a0 L\u00f3gica\u00a0 de\u00a0 argumenta\u00e7\u00e3o:\u00a0 analogias,\u00a0 infer\u00eancias,\u00a0 dedu\u00e7\u00f5es\u00a0 e\u00a0<\/span><br \/>\n<span style=\"color: #000000;\">conclus\u00f5es.\u00a0 3\u00a0 L\u00f3gica\u00a0 sentencial\u00a0 (ou\u00a0 proposicional).\u00a0 3.1\u00a0 Proposi\u00e7\u00f5es\u00a0 simples\u00a0 e\u00a0 compostas.\u00a0 3.2\u00a0 Tabelas\u2010<\/span><br \/>\n<span style=\"color: #000000;\">verdade.\u00a0 3.3\u00a0 Equival\u00eancias.\u00a0 3.4\u00a0 Leis\u00a0 de\u00a0 De\u00a0Morgan.\u00a0 3.5\u00a0 Diagramas\u00a0 l\u00f3gicos.4\u00a0 L\u00f3gica\u00a0 de\u00a0 primeira\u00a0 ordem.\u00a0 5\u00a0<\/span><br \/>\n<span style=\"color: #000000;\">Princ\u00edpios\u00a0 de\u00a0 contagem\u00a0 e\u00a0 probabilidade.\u00a0 6\u00a0 Opera\u00e7\u00f5es\u00a0 com\u00a0 conjuntos.\u00a0 7\u00a0 Racioc\u00ednio\u00a0 l\u00f3gico\u00a0 envolvendo\u00a0<\/span><br \/>\n<span style=\"color: #000000;\">problemas\u00a0aritm\u00e9ticos,\u00a0geom\u00e9tricos\u00a0e\u00a0matriciais.\u00a0<\/span><br \/>\n<span style=\"color: #000000;\"><strong>LEGISLA\u00c7\u00c3O\u00a0 APLICADA\u00a0 AO\u00a0 SUS:\u00a0<\/strong> 1\u00a0Evolu\u00e7\u00e3o\u00a0 hist\u00f3rica\u00a0 da\u00a0 organiza\u00e7\u00e3o\u00a0 do\u00a0 sistema\u00a0 de\u00a0 sa\u00fade\u00a0 no\u00a0 Brasil\u00a0 e\u00a0 a\u00a0<\/span><br \/>\n<span style=\"color: #000000;\">constru\u00e7\u00e3o\u00a0do\u00a0Sistema\u00a0\u00danico\u00a0de\u00a0Sa\u00fade\u00a0(SUS)\u00a0\u2013\u00a0princ\u00edpios,\u00a0diretrizes\u00a0e\u00a0arcabou\u00e7o\u00a0legal.\u00a02\u00a0Controle\u00a0social\u00a0no\u00a0<\/span><br \/>\n<span style=\"color: #000000;\">SUS.\u00a03\u00a0Resolu\u00e7\u00e3o\u00a0n\u00ba\u00a0453\/2012\u00a0do\u00a0Conselho\u00a0Nacional\u00a0de\u00a0Sa\u00fade.\u00a04\u00a0Constitui\u00e7\u00e3o\u00a0Federal,\u00a0artigos\u00a0de\u00a0194\u00a0a\u00a0200.\u00a0<\/span><br \/>\n<span style=\"color: #000000;\">5\u00a0Lei\u00a0 n\u00ba\u00a08.080\/1990,\u00a0 Lei\u00a0 n\u00ba\u00a08.142\/1990\u00a0 e\u00a0 Decreto\u00a0 Presidencial\u00a0 n\u00ba\u00a07.508\/2011.\u00a0 6\u00a0Determinantes\u00a0 sociais\u00a0 da\u00a0<\/span><br \/>\n<span style=\"color: #000000;\">sa\u00fade.\u00a07\u00a0Sistemas\u00a0de\u00a0informa\u00e7\u00e3o\u00a0em\u00a0sa\u00fade.<\/span><\/p>\n","protected":false},"excerpt":{"rendered":"<p>Amanh\u00e3 \u00e9 dia de prova!\u00a0 Neste domingo, dia 06 de maio de 2018, a\u00a0Cebraspe ir\u00e1 aplicar as provas para tr\u00eas \u00e1reas do\u00a0concurso EBSERH: Administrativo, Assistencial e M\u00e9dica. As inscri\u00e7\u00f5es do\u00a0Concurso EBSERH\u00a0se encerraram no dia 12 de abril, que\u00a0oferta 1.196 vagas para diversas especialidades em n\u00edvel m\u00e9dio e superior com lota\u00e7\u00f5es distribu\u00eddas em todo Brasil. Foram [&hellip;]<\/p>\n","protected":false},"author":1,"featured_media":119560,"comment_status":"open","ping_status":"closed","sticky":false,"template":"","format":"standard","meta":{"post_tipo":"news","footnotes":""},"categories":[1,1981],"tags":[2148,508],"tax_estado":[],"class_list":["post-112869","post","type-post","status-publish","format-standard","has-post-thumbnail","hentry","category-cursos-e-concursos","category-saude","tag-concurso-ebserh","tag-ebserh"],"acf":[],"yoast_head":"<!-- This site is optimized with the Yoast SEO Premium plugin v27.2 (Yoast SEO v27.2) - https:\/\/yoast.com\/product\/yoast-seo-premium-wordpress\/ -->\n<title>Concurso EBSERH 2018: Participe do aul\u00e3o de v\u00e9spera, gr\u00e1tis<\/title>\n<meta name=\"description\" content=\"Foi publicado o edital do Concurso EBSERH. As inscri\u00e7\u00f5es podem ser feitas dos dias\u00a027 de mar\u00e7o\u00a0a 10 de abril\u00a0no site da banca Cebraspe. Confira tamb\u00e9m o aul\u00e3o de v\u00e9spera ao vivo e gratuito para \u00e1rea assistencial, diretamente em nosso site.\" \/>\n<meta name=\"robots\" content=\"index, follow, max-snippet:-1, max-image-preview:large, max-video-preview:-1\" \/>\n<link rel=\"canonical\" href=\"https:\/\/www.estrategiaconcursos.com.br\/blog\/edital-ebserh-hospitais-universitarios-2018\/\" \/>\n<meta property=\"og:locale\" content=\"pt_BR\" \/>\n<meta property=\"og:type\" content=\"article\" \/>\n<meta property=\"og:title\" content=\"Concurso EBSERH 2018: Participe do aul\u00e3o de v\u00e9spera para \u00e1rea assistencial (50 mil inscritos)\" \/>\n<meta property=\"og:description\" content=\"Foi publicado o edital do Concurso EBSERH. As inscri\u00e7\u00f5es podem ser feitas dos dias\u00a027 de mar\u00e7o\u00a0a 10 de abril\u00a0no site da banca Cebraspe. Confira tamb\u00e9m o aul\u00e3o de v\u00e9spera ao vivo e gratuito para \u00e1rea assistencial, diretamente em nosso site.\" \/>\n<meta property=\"og:url\" content=\"https:\/\/www.estrategiaconcursos.com.br\/blog\/edital-ebserh-hospitais-universitarios-2018\/\" \/>\n<meta property=\"og:site_name\" content=\"Estrat\u00e9gia Concursos\" \/>\n<meta property=\"article:author\" content=\"https:\/\/www.facebook.com\/EstrategiaConcursos\" \/>\n<meta property=\"article:published_time\" content=\"2018-05-05T10:50:27+00:00\" \/>\n<meta property=\"article:modified_time\" content=\"2023-01-05T13:44:22+00:00\" \/>\n<meta property=\"og:image\" content=\"https:\/\/dhg1h5j42swfq.cloudfront.net\/2018\/04\/04152722\/EBSERH3.jpg\" \/>\n\t<meta property=\"og:image:width\" content=\"1200\" \/>\n\t<meta property=\"og:image:height\" content=\"628\" \/>\n\t<meta property=\"og:image:type\" content=\"image\/jpeg\" \/>\n<meta name=\"author\" content=\"Coordena\u00e7\u00e3o\" \/>\n<meta name=\"twitter:card\" content=\"summary_large_image\" \/>\n<meta name=\"twitter:creator\" content=\"@EstratConcursos\" \/>\n<meta name=\"twitter:site\" content=\"@EstratConcursos\" \/>\n<meta name=\"twitter:label1\" content=\"Escrito por\" \/>\n\t<meta name=\"twitter:data1\" content=\"Coordena\u00e7\u00e3o\" \/>\n\t<meta name=\"twitter:label2\" content=\"Est. tempo de leitura\" \/>\n\t<meta name=\"twitter:data2\" content=\"7 minutos\" \/>\n<script type=\"application\/ld+json\" class=\"yoast-schema-graph\">{\"@context\":\"https:\/\/schema.org\",\"@graph\":[{\"@type\":\"NewsArticle\",\"@id\":\"https:\/\/www.estrategiaconcursos.com.br\/blog\/edital-ebserh-hospitais-universitarios-2018\/#article\",\"isPartOf\":{\"@id\":\"https:\/\/www.estrategiaconcursos.com.br\/blog\/edital-ebserh-hospitais-universitarios-2018\/\"},\"author\":{\"name\":\"Coordena\u00e7\u00e3o\",\"@id\":\"https:\/\/www.estrategiaconcursos.com.br\/blog\/#\/schema\/person\/b4a388c97673c5f483d72185668afa1f\"},\"headline\":\"Concurso EBSERH 2018: Participe do aul\u00e3o de v\u00e9spera para \u00e1rea assistencial (50 mil inscritos)\",\"datePublished\":\"2018-05-05T10:50:27+00:00\",\"dateModified\":\"2023-01-05T13:44:22+00:00\",\"mainEntityOfPage\":{\"@id\":\"https:\/\/www.estrategiaconcursos.com.br\/blog\/edital-ebserh-hospitais-universitarios-2018\/\"},\"wordCount\":1396,\"commentCount\":34,\"publisher\":{\"@id\":\"https:\/\/www.estrategiaconcursos.com.br\/blog\/#organization\"},\"image\":{\"@id\":\"https:\/\/www.estrategiaconcursos.com.br\/blog\/edital-ebserh-hospitais-universitarios-2018\/#primaryimage\"},\"thumbnailUrl\":\"https:\/\/dhg1h5j42swfq.cloudfront.net\/2018\/04\/04152722\/EBSERH3.jpg\",\"keywords\":[\"concurso ebserh\",\"EBSERH\"],\"articleSection\":[\"Concursos P\u00fablicos\",\"Sa\u00fade\"],\"inLanguage\":\"pt-BR\",\"potentialAction\":[{\"@type\":\"CommentAction\",\"name\":\"Comment\",\"target\":[\"https:\/\/www.estrategiaconcursos.com.br\/blog\/edital-ebserh-hospitais-universitarios-2018\/#respond\"]}],\"copyrightYear\":\"2018\",\"copyrightHolder\":{\"@id\":\"https:\/\/www.estrategiaconcursos.com.br\/blog\/#organization\"}},{\"@type\":\"WebPage\",\"@id\":\"https:\/\/www.estrategiaconcursos.com.br\/blog\/edital-ebserh-hospitais-universitarios-2018\/\",\"url\":\"https:\/\/www.estrategiaconcursos.com.br\/blog\/edital-ebserh-hospitais-universitarios-2018\/\",\"name\":\"Concurso EBSERH 2018: Participe do aul\u00e3o de v\u00e9spera, gr\u00e1tis\",\"isPartOf\":{\"@id\":\"https:\/\/www.estrategiaconcursos.com.br\/blog\/#website\"},\"primaryImageOfPage\":{\"@id\":\"https:\/\/www.estrategiaconcursos.com.br\/blog\/edital-ebserh-hospitais-universitarios-2018\/#primaryimage\"},\"image\":{\"@id\":\"https:\/\/www.estrategiaconcursos.com.br\/blog\/edital-ebserh-hospitais-universitarios-2018\/#primaryimage\"},\"thumbnailUrl\":\"https:\/\/dhg1h5j42swfq.cloudfront.net\/2018\/04\/04152722\/EBSERH3.jpg\",\"datePublished\":\"2018-05-05T10:50:27+00:00\",\"dateModified\":\"2023-01-05T13:44:22+00:00\",\"description\":\"Foi publicado o edital do Concurso EBSERH. As inscri\u00e7\u00f5es podem ser feitas dos dias\u00a027 de mar\u00e7o\u00a0a 10 de abril\u00a0no site da banca Cebraspe. Confira tamb\u00e9m o aul\u00e3o de v\u00e9spera ao vivo e gratuito para \u00e1rea assistencial, diretamente em nosso site.\",\"breadcrumb\":{\"@id\":\"https:\/\/www.estrategiaconcursos.com.br\/blog\/edital-ebserh-hospitais-universitarios-2018\/#breadcrumb\"},\"inLanguage\":\"pt-BR\",\"potentialAction\":[{\"@type\":\"ReadAction\",\"target\":[\"https:\/\/www.estrategiaconcursos.com.br\/blog\/edital-ebserh-hospitais-universitarios-2018\/\"]}]},{\"@type\":\"ImageObject\",\"inLanguage\":\"pt-BR\",\"@id\":\"https:\/\/www.estrategiaconcursos.com.br\/blog\/edital-ebserh-hospitais-universitarios-2018\/#primaryimage\",\"url\":\"https:\/\/dhg1h5j42swfq.cloudfront.net\/2018\/04\/04152722\/EBSERH3.jpg\",\"contentUrl\":\"https:\/\/dhg1h5j42swfq.cloudfront.net\/2018\/04\/04152722\/EBSERH3.jpg\",\"width\":1200,\"height\":628},{\"@type\":\"BreadcrumbList\",\"@id\":\"https:\/\/www.estrategiaconcursos.com.br\/blog\/edital-ebserh-hospitais-universitarios-2018\/#breadcrumb\",\"itemListElement\":[{\"@type\":\"ListItem\",\"position\":1,\"name\":\"In\u00edcio\",\"item\":\"https:\/\/www.estrategiaconcursos.com.br\/blog\/\"},{\"@type\":\"ListItem\",\"position\":2,\"name\":\"Concurso EBSERH 2018: Participe do aul\u00e3o de v\u00e9spera para \u00e1rea assistencial (50 mil inscritos)\"}]},{\"@type\":\"WebSite\",\"@id\":\"https:\/\/www.estrategiaconcursos.com.br\/blog\/#website\",\"url\":\"https:\/\/www.estrategiaconcursos.com.br\/blog\/\",\"name\":\"Estrat\u00e9gia Concursos\",\"description\":\"O blog da Estrat\u00e9gia Concursos traz not\u00edcias sobre concursos e artigos de professores oferecendo cursos para concursos (pdf + videaulas) no site.\",\"publisher\":{\"@id\":\"https:\/\/www.estrategiaconcursos.com.br\/blog\/#organization\"},\"potentialAction\":[{\"@type\":\"SearchAction\",\"target\":{\"@type\":\"EntryPoint\",\"urlTemplate\":\"https:\/\/www.estrategiaconcursos.com.br\/blog\/?s={search_term_string}\"},\"query-input\":{\"@type\":\"PropertyValueSpecification\",\"valueRequired\":true,\"valueName\":\"search_term_string\"}}],\"inLanguage\":\"pt-BR\"},{\"@type\":\"Organization\",\"@id\":\"https:\/\/www.estrategiaconcursos.com.br\/blog\/#organization\",\"name\":\"Estrat\u00e9gia Concursos\",\"url\":\"https:\/\/www.estrategiaconcursos.com.br\/blog\/\",\"logo\":{\"@type\":\"ImageObject\",\"inLanguage\":\"pt-BR\",\"@id\":\"https:\/\/www.estrategiaconcursos.com.br\/blog\/#\/schema\/logo\/image\/\",\"url\":\"https:\/\/dhg1h5j42swfq.cloudfront.net\/2025\/06\/03203428\/logo_concursos-1.jpg\",\"contentUrl\":\"https:\/\/dhg1h5j42swfq.cloudfront.net\/2025\/06\/03203428\/logo_concursos-1.jpg\",\"width\":230,\"height\":60,\"caption\":\"Estrat\u00e9gia Concursos\"},\"image\":{\"@id\":\"https:\/\/www.estrategiaconcursos.com.br\/blog\/#\/schema\/logo\/image\/\"},\"sameAs\":[\"https:\/\/x.com\/EstratConcursos\"]},{\"@type\":\"Person\",\"@id\":\"https:\/\/www.estrategiaconcursos.com.br\/blog\/#\/schema\/person\/b4a388c97673c5f483d72185668afa1f\",\"name\":\"Coordena\u00e7\u00e3o\",\"image\":{\"@type\":\"ImageObject\",\"inLanguage\":\"pt-BR\",\"@id\":\"https:\/\/secure.gravatar.com\/avatar\/b720319e4c9a967eb58678d110f4fe35452fc5d5f97b202bac7b8acceb18c6ad?s=96&d=mm&r=g\",\"url\":\"https:\/\/secure.gravatar.com\/avatar\/b720319e4c9a967eb58678d110f4fe35452fc5d5f97b202bac7b8acceb18c6ad?s=96&d=mm&r=g\",\"contentUrl\":\"https:\/\/secure.gravatar.com\/avatar\/b720319e4c9a967eb58678d110f4fe35452fc5d5f97b202bac7b8acceb18c6ad?s=96&d=mm&r=g\",\"caption\":\"Coordena\u00e7\u00e3o\"},\"sameAs\":[\"https:\/\/www.facebook.com\/EstrategiaConcursos\",\"https:\/\/x.com\/EstratConcursos\"],\"url\":\"https:\/\/www.estrategiaconcursos.com.br\/blog\/author\/estrategia2013\/\"}]}<\/script>\n<!-- \/ Yoast SEO Premium plugin. -->","yoast_head_json":{"title":"Concurso EBSERH 2018: Participe do aul\u00e3o de v\u00e9spera, gr\u00e1tis","description":"Foi publicado o edital do Concurso EBSERH. As inscri\u00e7\u00f5es podem ser feitas dos dias\u00a027 de mar\u00e7o\u00a0a 10 de abril\u00a0no site da banca Cebraspe. Confira tamb\u00e9m o aul\u00e3o de v\u00e9spera ao vivo e gratuito para \u00e1rea assistencial, diretamente em nosso site.","robots":{"index":"index","follow":"follow","max-snippet":"max-snippet:-1","max-image-preview":"max-image-preview:large","max-video-preview":"max-video-preview:-1"},"canonical":"https:\/\/www.estrategiaconcursos.com.br\/blog\/edital-ebserh-hospitais-universitarios-2018\/","og_locale":"pt_BR","og_type":"article","og_title":"Concurso EBSERH 2018: Participe do aul\u00e3o de v\u00e9spera para \u00e1rea assistencial (50 mil inscritos)","og_description":"Foi publicado o edital do Concurso EBSERH. As inscri\u00e7\u00f5es podem ser feitas dos dias\u00a027 de mar\u00e7o\u00a0a 10 de abril\u00a0no site da banca Cebraspe. Confira tamb\u00e9m o aul\u00e3o de v\u00e9spera ao vivo e gratuito para \u00e1rea assistencial, diretamente em nosso site.","og_url":"https:\/\/www.estrategiaconcursos.com.br\/blog\/edital-ebserh-hospitais-universitarios-2018\/","og_site_name":"Estrat\u00e9gia Concursos","article_author":"https:\/\/www.facebook.com\/EstrategiaConcursos","article_published_time":"2018-05-05T10:50:27+00:00","article_modified_time":"2023-01-05T13:44:22+00:00","og_image":[{"width":1200,"height":628,"url":"https:\/\/dhg1h5j42swfq.cloudfront.net\/2018\/04\/04152722\/EBSERH3.jpg","type":"image\/jpeg"}],"author":"Coordena\u00e7\u00e3o","twitter_card":"summary_large_image","twitter_creator":"@EstratConcursos","twitter_site":"@EstratConcursos","twitter_misc":{"Escrito por":"Coordena\u00e7\u00e3o","Est. tempo de leitura":"7 minutos"},"schema":{"@context":"https:\/\/schema.org","@graph":[{"@type":"NewsArticle","@id":"https:\/\/www.estrategiaconcursos.com.br\/blog\/edital-ebserh-hospitais-universitarios-2018\/#article","isPartOf":{"@id":"https:\/\/www.estrategiaconcursos.com.br\/blog\/edital-ebserh-hospitais-universitarios-2018\/"},"author":{"name":"Coordena\u00e7\u00e3o","@id":"https:\/\/www.estrategiaconcursos.com.br\/blog\/#\/schema\/person\/b4a388c97673c5f483d72185668afa1f"},"headline":"Concurso EBSERH 2018: Participe do aul\u00e3o de v\u00e9spera para \u00e1rea assistencial (50 mil inscritos)","datePublished":"2018-05-05T10:50:27+00:00","dateModified":"2023-01-05T13:44:22+00:00","mainEntityOfPage":{"@id":"https:\/\/www.estrategiaconcursos.com.br\/blog\/edital-ebserh-hospitais-universitarios-2018\/"},"wordCount":1396,"commentCount":34,"publisher":{"@id":"https:\/\/www.estrategiaconcursos.com.br\/blog\/#organization"},"image":{"@id":"https:\/\/www.estrategiaconcursos.com.br\/blog\/edital-ebserh-hospitais-universitarios-2018\/#primaryimage"},"thumbnailUrl":"https:\/\/dhg1h5j42swfq.cloudfront.net\/2018\/04\/04152722\/EBSERH3.jpg","keywords":["concurso ebserh","EBSERH"],"articleSection":["Concursos P\u00fablicos","Sa\u00fade"],"inLanguage":"pt-BR","potentialAction":[{"@type":"CommentAction","name":"Comment","target":["https:\/\/www.estrategiaconcursos.com.br\/blog\/edital-ebserh-hospitais-universitarios-2018\/#respond"]}],"copyrightYear":"2018","copyrightHolder":{"@id":"https:\/\/www.estrategiaconcursos.com.br\/blog\/#organization"}},{"@type":"WebPage","@id":"https:\/\/www.estrategiaconcursos.com.br\/blog\/edital-ebserh-hospitais-universitarios-2018\/","url":"https:\/\/www.estrategiaconcursos.com.br\/blog\/edital-ebserh-hospitais-universitarios-2018\/","name":"Concurso EBSERH 2018: Participe do aul\u00e3o de v\u00e9spera, gr\u00e1tis","isPartOf":{"@id":"https:\/\/www.estrategiaconcursos.com.br\/blog\/#website"},"primaryImageOfPage":{"@id":"https:\/\/www.estrategiaconcursos.com.br\/blog\/edital-ebserh-hospitais-universitarios-2018\/#primaryimage"},"image":{"@id":"https:\/\/www.estrategiaconcursos.com.br\/blog\/edital-ebserh-hospitais-universitarios-2018\/#primaryimage"},"thumbnailUrl":"https:\/\/dhg1h5j42swfq.cloudfront.net\/2018\/04\/04152722\/EBSERH3.jpg","datePublished":"2018-05-05T10:50:27+00:00","dateModified":"2023-01-05T13:44:22+00:00","description":"Foi publicado o edital do Concurso EBSERH. As inscri\u00e7\u00f5es podem ser feitas dos dias\u00a027 de mar\u00e7o\u00a0a 10 de abril\u00a0no site da banca Cebraspe. Confira tamb\u00e9m o aul\u00e3o de v\u00e9spera ao vivo e gratuito para \u00e1rea assistencial, diretamente em nosso site.","breadcrumb":{"@id":"https:\/\/www.estrategiaconcursos.com.br\/blog\/edital-ebserh-hospitais-universitarios-2018\/#breadcrumb"},"inLanguage":"pt-BR","potentialAction":[{"@type":"ReadAction","target":["https:\/\/www.estrategiaconcursos.com.br\/blog\/edital-ebserh-hospitais-universitarios-2018\/"]}]},{"@type":"ImageObject","inLanguage":"pt-BR","@id":"https:\/\/www.estrategiaconcursos.com.br\/blog\/edital-ebserh-hospitais-universitarios-2018\/#primaryimage","url":"https:\/\/dhg1h5j42swfq.cloudfront.net\/2018\/04\/04152722\/EBSERH3.jpg","contentUrl":"https:\/\/dhg1h5j42swfq.cloudfront.net\/2018\/04\/04152722\/EBSERH3.jpg","width":1200,"height":628},{"@type":"BreadcrumbList","@id":"https:\/\/www.estrategiaconcursos.com.br\/blog\/edital-ebserh-hospitais-universitarios-2018\/#breadcrumb","itemListElement":[{"@type":"ListItem","position":1,"name":"In\u00edcio","item":"https:\/\/www.estrategiaconcursos.com.br\/blog\/"},{"@type":"ListItem","position":2,"name":"Concurso EBSERH 2018: Participe do aul\u00e3o de v\u00e9spera para \u00e1rea assistencial (50 mil inscritos)"}]},{"@type":"WebSite","@id":"https:\/\/www.estrategiaconcursos.com.br\/blog\/#website","url":"https:\/\/www.estrategiaconcursos.com.br\/blog\/","name":"Estrat\u00e9gia Concursos","description":"O blog da Estrat\u00e9gia Concursos traz not\u00edcias sobre concursos e artigos de professores oferecendo cursos para concursos (pdf + videaulas) no site.","publisher":{"@id":"https:\/\/www.estrategiaconcursos.com.br\/blog\/#organization"},"potentialAction":[{"@type":"SearchAction","target":{"@type":"EntryPoint","urlTemplate":"https:\/\/www.estrategiaconcursos.com.br\/blog\/?s={search_term_string}"},"query-input":{"@type":"PropertyValueSpecification","valueRequired":true,"valueName":"search_term_string"}}],"inLanguage":"pt-BR"},{"@type":"Organization","@id":"https:\/\/www.estrategiaconcursos.com.br\/blog\/#organization","name":"Estrat\u00e9gia Concursos","url":"https:\/\/www.estrategiaconcursos.com.br\/blog\/","logo":{"@type":"ImageObject","inLanguage":"pt-BR","@id":"https:\/\/www.estrategiaconcursos.com.br\/blog\/#\/schema\/logo\/image\/","url":"https:\/\/dhg1h5j42swfq.cloudfront.net\/2025\/06\/03203428\/logo_concursos-1.jpg","contentUrl":"https:\/\/dhg1h5j42swfq.cloudfront.net\/2025\/06\/03203428\/logo_concursos-1.jpg","width":230,"height":60,"caption":"Estrat\u00e9gia Concursos"},"image":{"@id":"https:\/\/www.estrategiaconcursos.com.br\/blog\/#\/schema\/logo\/image\/"},"sameAs":["https:\/\/x.com\/EstratConcursos"]},{"@type":"Person","@id":"https:\/\/www.estrategiaconcursos.com.br\/blog\/#\/schema\/person\/b4a388c97673c5f483d72185668afa1f","name":"Coordena\u00e7\u00e3o","image":{"@type":"ImageObject","inLanguage":"pt-BR","@id":"https:\/\/secure.gravatar.com\/avatar\/b720319e4c9a967eb58678d110f4fe35452fc5d5f97b202bac7b8acceb18c6ad?s=96&d=mm&r=g","url":"https:\/\/secure.gravatar.com\/avatar\/b720319e4c9a967eb58678d110f4fe35452fc5d5f97b202bac7b8acceb18c6ad?s=96&d=mm&r=g","contentUrl":"https:\/\/secure.gravatar.com\/avatar\/b720319e4c9a967eb58678d110f4fe35452fc5d5f97b202bac7b8acceb18c6ad?s=96&d=mm&r=g","caption":"Coordena\u00e7\u00e3o"},"sameAs":["https:\/\/www.facebook.com\/EstrategiaConcursos","https:\/\/x.com\/EstratConcursos"],"url":"https:\/\/www.estrategiaconcursos.com.br\/blog\/author\/estrategia2013\/"}]}},"_links":{"self":[{"href":"https:\/\/www.estrategiaconcursos.com.br\/blog\/wp-json\/wp\/v2\/posts\/112869","targetHints":{"allow":["GET"]}}],"collection":[{"href":"https:\/\/www.estrategiaconcursos.com.br\/blog\/wp-json\/wp\/v2\/posts"}],"about":[{"href":"https:\/\/www.estrategiaconcursos.com.br\/blog\/wp-json\/wp\/v2\/types\/post"}],"author":[{"embeddable":true,"href":"https:\/\/www.estrategiaconcursos.com.br\/blog\/wp-json\/wp\/v2\/users\/1"}],"replies":[{"embeddable":true,"href":"https:\/\/www.estrategiaconcursos.com.br\/blog\/wp-json\/wp\/v2\/comments?post=112869"}],"version-history":[{"count":34,"href":"https:\/\/www.estrategiaconcursos.com.br\/blog\/wp-json\/wp\/v2\/posts\/112869\/revisions"}],"predecessor-version":[{"id":1147822,"href":"https:\/\/www.estrategiaconcursos.com.br\/blog\/wp-json\/wp\/v2\/posts\/112869\/revisions\/1147822"}],"wp:featuredmedia":[{"embeddable":true,"href":"https:\/\/www.estrategiaconcursos.com.br\/blog\/wp-json\/wp\/v2\/media\/119560"}],"wp:attachment":[{"href":"https:\/\/www.estrategiaconcursos.com.br\/blog\/wp-json\/wp\/v2\/media?parent=112869"}],"wp:term":[{"taxonomy":"category","embeddable":true,"href":"https:\/\/www.estrategiaconcursos.com.br\/blog\/wp-json\/wp\/v2\/categories?post=112869"},{"taxonomy":"post_tag","embeddable":true,"href":"https:\/\/www.estrategiaconcursos.com.br\/blog\/wp-json\/wp\/v2\/tags?post=112869"},{"taxonomy":"tax_estado","embeddable":true,"href":"https:\/\/www.estrategiaconcursos.com.br\/blog\/wp-json\/wp\/v2\/tax_estado?post=112869"}],"curies":[{"name":"wp","href":"https:\/\/api.w.org\/{rel}","templated":true}]}}