{"id":1126935,"date":"2023-01-30T23:59:00","date_gmt":"2023-01-31T02:59:00","guid":{"rendered":"https:\/\/www.estrategiaconcursos.com.br\/blog\/?p=1126935"},"modified":"2023-01-31T08:21:07","modified_gmt":"2023-01-31T11:21:07","slug":"concurso-semas-pa-2022-edital-publicado","status":"publish","type":"post","link":"https:\/\/www.estrategiaconcursos.com.br\/blog\/concurso-semas-pa-2022-edital-publicado\/","title":{"rendered":"Edital Semas PA: 136 vagas + CR! Provas em mar\u00e7o!"},"content":{"rendered":"\n<p>O edital do <strong>concurso Semas PA <\/strong>(<a href=\"https:\/\/www.estrategiaconcursos.com.br\/cursosPorConcurso\/secretaria-de-estado-de-meio-ambiente-semas-pa\/\" target=\"_blank\" rel=\"noreferrer noopener\"><strong>Secretaria de Estado de Meio Ambiente<\/strong> <strong>do Par\u00e1<\/strong><\/a>) oferta 136 vagas, al\u00e9m de oportunidades em cadastro de reserva. <\/p>\n\n\n\n<p>Os cargos exigem os n\u00edveis m\u00e9dio e superior de forma\u00e7\u00e3o. A remunera\u00e7\u00e3o inicial varia entre\u00a0<strong>R$ 1.215,50<\/strong> e <strong>R$ 3.104,35<\/strong>.<\/p>\n\n\n\n<p>Aos interessados, o per\u00edodo para se inscrever ficou aberto durante os dias 28 de dezembro e 30 de janeiro, por meio do <a href=\"https:\/\/www.cetapnet.com.br\/informacoes\/154\/\" target=\"_blank\" rel=\"noreferrer noopener\">site<\/a> da banca organizadora, <strong>CETAP<\/strong>, ao custo de <strong>R$ 51,00<\/strong>\u00a0para os cargos de n\u00edvel m\u00e9dio e\u00a0<strong>R$ 80,00<\/strong>\u00a0para os de n\u00edvel superior.<\/p>\n\n\n\n<p>Se voc\u00ea tem interesse no<strong> concurso Semas PA<\/strong>, chegou ao lugar certo! Ao longo deste artigo reunimos as principais informa\u00e7\u00f5es sobre o certame para que voc\u00ea possa se preparar. Acompanhe pelos t\u00f3picos abaixo:<\/p>\n\n\n\n<div class=\"container\" id=\"boxes\">\n  <div class=\"row\">\n\n    <div class=\"col-sm\">\n      <div class=\"banner-estrategia\" id=\"box-assinatura\">\n        <h3 class=\"titulo-assinatura\">Concurso SEMAS PA<\/h3>\n        <p class=\"subtitulo-assinatura\">Conhe\u00e7a nossos cursos<\/p>\n        <div class=\"box-botao\">\n          <a class=\"btn-assinatura\" target=\"_blank\" href=\"https:\/\/www.estrategiaconcursos.com.br\/cursosPorConcurso\/secretaria-de-estado-de-meio-ambiente-semas-pa\/\" role=\"button\" rel=\"noopener noreferrer\">Conhe\u00e7a mais<\/a>\n        <\/div>\n      <\/div>\n   \n    <\/div>\n\n  <\/div>\n<\/div>\n\n\n\n<h2 class=\"wp-block-heading\">Edital Semas PA: principais datas<\/h2>\n\n\n\n<ul class=\"wp-block-list\">\n<li><strong>Inscri\u00e7\u00f5es: <\/strong><s>23\/12\/2022 a 30\/01\/2023<\/s><\/li>\n\n\n\n<li><strong>Pagamento da taxa<\/strong>: at\u00e9 31\/01\/2023<\/li>\n\n\n\n<li><strong>Isen\u00e7\u00e3o da taxa: <\/strong><s>23 a 26\/12\/2022 <\/s><\/li>\n\n\n\n<li><strong>Provas:<\/strong> 05\/03\/2023<\/li>\n\n\n\n<li><a href=\"https:\/\/dhg1h5j42swfq.cloudfront.net\/2022\/12\/28092519\/qp4mgjcuefxfhdulgewvgvz4vrcxye0yqd5dylml.pdf\" target=\"_blank\" rel=\"noreferrer noopener nofollow\">Cronograma retificado<\/a><\/li>\n<\/ul>\n\n\n\n<h2 class=\"wp-block-heading\">Edital Semas PA: distribui\u00e7\u00e3o de vagas<\/h2>\n\n\n\n<ul class=\"wp-block-list\" id=\"block-716c0f7c-3b55-48b6-98cd-cdb8d3514f27\">\n<li><strong>T\u00e9cnico em Gest\u00e3o P\u00fablica (N\u00edvel superior \u2013 R$ 3.104,35)<\/strong>\n<ul class=\"wp-block-list\">\n<li><a href=\"https:\/\/www.estrategiaconcursos.com.br\/curso\/semas-pa-tecnico-em-gestao-publica-administracao-pacote-2023-pos-edital\/\" target=\"_blank\" rel=\"noreferrer noopener\">Administra\u00e7\u00e3o<\/a>: 03 + CR;<\/li>\n\n\n\n<li><a href=\"https:\/\/www.estrategiaconcursos.com.br\/curso\/semas-pa-tecnico-em-gestao-publica-biblioteconomia-pacote-2023-pos-edital\/\" target=\"_blank\" rel=\"noreferrer noopener\">Biblioteconomia<\/a>: 01 + CR;<\/li>\n\n\n\n<li><a href=\"https:\/\/www.estrategiaconcursos.com.br\/curso\/semas-pa-tecnico-em-gestao-publica-ciencias-contabeis-pacote-2023-pos-edital\/\" target=\"_blank\" rel=\"noreferrer noopener\">Ci\u00eancias Cont\u00e1beis<\/a>: 01 + CR;<\/li>\n\n\n\n<li><a href=\"https:\/\/www.estrategiaconcursos.com.br\/curso\/semas-pa-tecnico-em-gestao-publica-ciencias-economicas-pacote-2023-pos-edital\/\" target=\"_blank\" rel=\"noreferrer noopener\">Ci\u00eancias Econ\u00f4micas<\/a>: 04 + CR;<\/li>\n\n\n\n<li><a href=\"https:\/\/www.estrategiaconcursos.com.br\/curso\/semas-pa-tecnico-em-meio-ambiente-servico-social-pacote-2023-pos-edital\/\" target=\"_blank\" rel=\"noreferrer noopener\">Servi\u00e7o Social<\/a>: 01 + CR.<\/li>\n<\/ul>\n<\/li>\n<\/ul>\n\n\n\n<ul class=\"wp-block-list\">\n<li><strong>T\u00e9cnico em Gest\u00e3o de Meio Ambiente (N\u00edvel superior \u2013 R$ 3.104,35)<\/strong>\n<ul class=\"wp-block-list\">\n<li><a href=\"https:\/\/www.estrategiaconcursos.com.br\/curso\/semas-pa-tecnico-em-meio-ambiente-agronomia-pacote-2023-pos-edital\/\" target=\"_blank\" rel=\"noreferrer noopener\">Agronomia<\/a>: 10 + CR;<\/li>\n\n\n\n<li>Arquitetura e Urbanismo: 01 + CR;<\/li>\n\n\n\n<li><a href=\"https:\/\/www.estrategiaconcursos.com.br\/curso\/semas-pa-tecnico-em-meio-ambiente-biomedicina-pacote-2023-pos-edital\/\" target=\"_blank\" rel=\"noreferrer noopener\">Biomedicina<\/a>: 01 + CR;<\/li>\n\n\n\n<li>Ci\u00eancias Biol\u00f3gicas: 06 + CR;<\/li>\n\n\n\n<li>Ci\u00eancias Sociais: 05 + CR;<\/li>\n\n\n\n<li><a href=\"https:\/\/www.estrategiaconcursos.com.br\/curso\/semas-pa-tecnico-em-meio-ambiente-engenharia-ambiental-pacote-2023-pos-edital\/\" target=\"_blank\" rel=\"noreferrer noopener\">Engenharia Ambiental<\/a>: 08 + CR;<\/li>\n\n\n\n<li>Engenharia Civil: 02 + CR;<\/li>\n\n\n\n<li>Engenharia de Alimentos: 02 + CR;<\/li>\n\n\n\n<li>Engenharia de Pesca: 03 + CR;<\/li>\n\n\n\n<li><a href=\"https:\/\/www.estrategiaconcursos.com.br\/curso\/semas-pa-tecnico-em-meio-ambiente-engenharia-de-producao-pacote-2023-pos-edital\/\" target=\"_blank\" rel=\"noreferrer noopener\">Engenharia de Produ\u00e7\u00e3o<\/a>: 01 + CR;<\/li>\n\n\n\n<li><a href=\"https:\/\/www.estrategiaconcursos.com.br\/curso\/semas-pa-tecnico-em-meio-ambiente-engenharia-florestal-pacote-2023-pos-edital\/\" target=\"_blank\" rel=\"noreferrer noopener\">Engenharia Florestal<\/a>: 16 + CR;<\/li>\n\n\n\n<li>Engenharia Qu\u00edmica: 01 + CR;<\/li>\n\n\n\n<li><a href=\"https:\/\/www.estrategiaconcursos.com.br\/curso\/semas-pa-tecnico-em-meio-ambiente-engenharia-sanitaria-pacote-2023-pos-edital\/\" target=\"_blank\" rel=\"noreferrer noopener\">Engenharia Sanit\u00e1ria<\/a>: 01 + CR;<\/li>\n\n\n\n<li>Geografia: 03 + CR;<\/li>\n\n\n\n<li>Geologia: 06 + CR;<\/li>\n\n\n\n<li>Letras: 01 + CR;<\/li>\n\n\n\n<li>Meteorologia: 03 + CR;<\/li>\n\n\n\n<li><a href=\"https:\/\/www.estrategiaconcursos.com.br\/curso\/semas-pa-tecnico-em-meio-ambiente-pedagogia-pacote-2023-pos-edital\/\" target=\"_blank\" rel=\"noreferrer noopener\">Pedagogia<\/a>: 01 + CR;<\/li>\n\n\n\n<li><a href=\"https:\/\/www.estrategiaconcursos.com.br\/curso\/semas-pa-tecnico-em-gestao-publica-servico-social-pacote-2023-pos-edital\/\" target=\"_blank\" rel=\"noreferrer noopener\">Servi\u00e7o Social<\/a>: 01 + CR;<\/li>\n\n\n\n<li>Turismo: 02 + CR;<\/li>\n\n\n\n<li>Zootecnia: 01 + CR.<\/li>\n<\/ul>\n<\/li>\n<\/ul>\n\n\n\n<ul class=\"wp-block-list\">\n<li><strong><a href=\"https:\/\/www.estrategiaconcursos.com.br\/curso\/semas-pa-tecnico-em-informatica-pacote-2023-pos-edital\/\" target=\"_blank\" rel=\"noreferrer noopener\">T\u00e9cnico em Gest\u00e3o de Inform\u00e1tica<\/a>\u00a0(N\u00edvel superior \u2013\u00a0R$ 3.104,35<\/strong>)\n<ul class=\"wp-block-list\">\n<li>03 + CR.<\/li>\n<\/ul>\n<\/li>\n<\/ul>\n\n\n\n<ul class=\"wp-block-list\">\n<li><strong>Cargos de\u00a0N\u00edvel m\u00e9dio (R$ 1.315,50)<\/strong>\n<ul class=\"wp-block-list\">\n<li><a href=\"https:\/\/www.estrategiaconcursos.com.br\/curso\/semas-pa-assistente-administrativo-pacote-2023-pos-edital\/\" target=\"_blank\" rel=\"noreferrer noopener\">Assistente Administrativo<\/a>: 33 + CR;<\/li>\n\n\n\n<li><a href=\"https:\/\/www.estrategiaconcursos.com.br\/curso\/semas-pa-assistente-de-informatica-pacote-2023-pos-edital\/\" target=\"_blank\" rel=\"noreferrer noopener\">Assistente de Inform\u00e1tica<\/a>: 04 + CR;<\/li>\n\n\n\n<li>Assistente de Infraestrutura: 04 + CR;<\/li>\n\n\n\n<li><a href=\"https:\/\/www.estrategiaconcursos.com.br\/curso\/semas-pa-tecnico-de-laboratorio-pacote-2023-pos-edital\/\" target=\"_blank\" rel=\"noreferrer noopener\">T\u00e9cnico de Laborat\u00f3rio<\/a>: 07 + CR.<\/li>\n<\/ul>\n<\/li>\n<\/ul>\n\n\n\n<h2 class=\"wp-block-heading\" id=\"etapas-novo\">Edital Semas PA: etapas de prova<\/h2>\n\n\n\n<p>O concurso ser\u00e1 composto de duas etapas, realizadas nos munic\u00edpios de Altamira, Bel\u00e9m, Marab\u00e1, Santar\u00e9m, Itaituba e Reden\u00e7\u00e3o:<\/p>\n\n\n\n<ul class=\"wp-block-list\">\n<li><strong>1\u00aa Etapa&nbsp;<\/strong>\u2013 Exame de Avalia\u00e7\u00e3o de Conhecimentos, com&nbsp;Prova Objetiva e Discursiva, de car\u00e1ter eliminat\u00f3rio e classificat\u00f3rio (ser\u00e3o corrigidas as Provas Discursivas dos candidatos que alcan\u00e7arem a pontua\u00e7\u00e3o m\u00ednima exigida na Prova Objetiva e que estejam classificados em 06 vezes o n\u00famero de vagas ofertadas);<\/li>\n\n\n\n<li><strong>2\u00aa Etapa<\/strong>&nbsp;\u2013&nbsp;Avalia\u00e7\u00e3o de T\u00edtulos, de car\u00e1ter classificat\u00f3rio, a ser realizada apenas para os cargos de N\u00edvel Superior.<\/li>\n<\/ul>\n\n\n\n<h3 class=\"wp-block-heading\">Prova Objetiva<\/h3>\n\n\n\n<p>A Prova Objetiva e a Prova Discursiva ter\u00e3o a dura\u00e7\u00e3o de 5 horas e ser\u00e3o aplicadas na data prov\u00e1vel de 05 de mar\u00e7o, no turno da manh\u00e3 para o cargo de n\u00edvel m\u00e9dio e no turno da tarde para os cargos de n\u00edvel superior.<\/p>\n\n\n\n<p>Esta etapa ser\u00e1 composta de 50 quest\u00f5es, conforme as tabelas seguintes:<\/p>\n\n\n\n<figure class=\"wp-block-image aligncenter size-full\"><img loading=\"lazy\" decoding=\"async\" width=\"552\" height=\"446\" src=\"https:\/\/dhg1h5j42swfq.cloudfront.net\/2022\/12\/12062929\/image-122.png\" alt=\"Edital Semas PA: etapas de prova\" class=\"wp-image-1137332\" srcset=\"https:\/\/dhg1h5j42swfq.cloudfront.net\/2022\/12\/12062929\/image-122.png 552w, https:\/\/dhg1h5j42swfq.cloudfront.net\/2022\/12\/12062929\/image-122-300x242.png 300w, https:\/\/dhg1h5j42swfq.cloudfront.net\/2022\/12\/12062929\/image-122-150x121.png 150w\" sizes=\"auto, (max-width: 552px) 100vw, 552px\" \/><\/figure>\n\n\n\n<h3 class=\"wp-block-heading\">Prova Discursiva<\/h3>\n\n\n\n<p>Somente ser\u00e3o corrigidas as Provas Discursivas dos candidatos <strong>APROVADOS <\/strong>na Prova Objetiva.<\/p>\n\n\n\n<p>Esta etapa consistir\u00e1 na elabora\u00e7\u00e3o de texto dissertativo e (ou) argumentativo, com extens\u00e3o m\u00ednima de 20 linhas e m\u00e1xima de 30 linhas, com base em tema formulado pela banca examinadora, primando pela clareza, precis\u00e3o, consist\u00eancia e concis\u00e3o.<\/p>\n\n\n\n<h3 class=\"wp-block-heading\">Avalia\u00e7\u00e3o de T\u00edtulos<\/h3>\n\n\n\n<p class=\"has-text-align-left\">A Prova de T\u00edtulos, de car\u00e1ter exclusivamente classificat\u00f3rio, ser\u00e1 aplicada apenas aos candidatos inscritos nos cargos de n\u00edvel superior.<\/p>\n\n\n\n<p>Somente ser\u00e3o aceitos os t\u00edtulos a seguir relacionados, expedidos at\u00e9 a data da entrega, observados os limites de pontos do quadro a seguir:<\/p>\n\n\n\n<figure class=\"wp-block-image aligncenter size-full\"><img loading=\"lazy\" decoding=\"async\" width=\"552\" height=\"175\" src=\"https:\/\/dhg1h5j42swfq.cloudfront.net\/2022\/12\/12063151\/image-123.png\" alt=\"Edital Semas PA: etapas de prova\" class=\"wp-image-1137335\" srcset=\"https:\/\/dhg1h5j42swfq.cloudfront.net\/2022\/12\/12063151\/image-123.png 552w, https:\/\/dhg1h5j42swfq.cloudfront.net\/2022\/12\/12063151\/image-123-300x95.png 300w, https:\/\/dhg1h5j42swfq.cloudfront.net\/2022\/12\/12063151\/image-123-150x48.png 150w\" sizes=\"auto, (max-width: 552px) 100vw, 552px\" \/><\/figure>\n\n\n\n<p class=\"has-text-align-center has-background\" style=\"background-color:#d6e0ee;font-size:clamp(14.642px, 0.915rem + ((1vw - 3.2px) * 0.721), 22px);\"><strong>Saiba mais: <a href=\"https:\/\/www.estrategiaconcursos.com.br\/blog\/concurso-semas-pa\/\" target=\"_blank\" rel=\"noreferrer noopener\">concurso Semas PA<\/a><\/strong><\/p>\n\n\n\n<h2 class=\"has-text-align-center wp-block-heading\" id=\"cursos-assinatura\"><em>Quer estudar para o edital Semas PA?<\/em><\/h2>\n\n\n\n<div class=\"container\" id=\"boxes\">\n  <div class=\"row\">\n\n    <div class=\"col-sm\">\n      <div class=\"banner-estrategia\" id=\"box-assinatura\">\n        <h3 class=\"titulo-assinatura\">Concurso SEMAS PA<\/h3>\n        <p class=\"subtitulo-assinatura\">Conhe\u00e7a nossos cursos<\/p>\n        <div class=\"box-botao\">\n          <a class=\"btn-assinatura\" target=\"_blank\" href=\"https:\/\/www.estrategiaconcursos.com.br\/cursosPorConcurso\/secretaria-de-estado-de-meio-ambiente-semas-pa\/\" role=\"button\" rel=\"noopener noreferrer\">Conhe\u00e7a mais<\/a>\n        <\/div>\n      <\/div>\n   \n    <\/div>\n\n  <\/div>\n<\/div>\n\n\n\n<div class=\"container\" id=\"boxes\">\n  <div class=\"row\">\n\n    <div class=\"col-sm\">\n      <div class=\"estrategia\" id=\"box-assinatura\">\n        <h3 class=\"titulo-assinatura\">Assinatura Concursos<\/h3>\n        <p class=\"subtitulo-assinatura\">Assinatura de 1 ano ou 2 anos<\/p>\n        <div class=\"box-botao\">\n          <a class=\"btn-assinatura\" target=\"_blank\" href=\"https:\/\/www.estrategiaconcursos.com.br\/assinaturas\/\" role=\"button\" rel=\"noopener noreferrer\">ASSINE AGORA<\/a>\n        <\/div>\n      <\/div><\/div><\/div><\/div>\n\n\n\n<h2 class=\"has-text-align-center wp-block-heading\" id=\"h-quer-saber-tudo-sobre-concursos-previstos-confira-nossos-artigos\">Quer saber tudo sobre concursos previstos?<br \/>Confira nossos artigos!<\/h2>\n\n\n\n<ul class=\"wp-block-list\">\n<li><a href=\"https:\/\/www.estrategiaconcursos.com.br\/blog\/concursos-abertos\/\" target=\"_blank\" rel=\"noreferrer noopener\">Concursos abertos<\/a><\/li>\n\n\n\n<li><a href=\"https:\/\/www.estrategiaconcursos.com.br\/blog\/concursos-2023\/\" target=\"_blank\" rel=\"noreferrer noopener\">Concursos 2023<\/a><\/li>\n<\/ul>\n\n\n\n<figure class=\"wp-block-image size-large is-resized\"><img loading=\"lazy\" decoding=\"async\" src=\"https:\/\/dhg1h5j42swfq.cloudfront.net\/2021\/08\/18151931\/ficha-tecnica-3-1024x632.png\" alt=\"Informa\u00e7\u00f5es do pr\u00f3ximo concurso Semas PA\" class=\"wp-image-839757\" width=\"234\" height=\"145\" srcset=\"https:\/\/dhg1h5j42swfq.cloudfront.net\/2021\/08\/18151931\/ficha-tecnica-3-1024x632.png 1024w, https:\/\/dhg1h5j42swfq.cloudfront.net\/2021\/08\/18151931\/ficha-tecnica-3-300x185.png 300w, https:\/\/dhg1h5j42swfq.cloudfront.net\/2021\/08\/18151931\/ficha-tecnica-3-768x474.png 768w, https:\/\/dhg1h5j42swfq.cloudfront.net\/2021\/08\/18151931\/ficha-tecnica-3-1536x948.png 1536w, https:\/\/dhg1h5j42swfq.cloudfront.net\/2021\/08\/18151931\/ficha-tecnica-3-610x377.png 610w, https:\/\/dhg1h5j42swfq.cloudfront.net\/2021\/08\/18151931\/ficha-tecnica-3.png 1571w\" sizes=\"auto, (max-width: 234px) 100vw, 234px\" \/><\/figure>\n\n\n\n<h3 class=\"wp-block-heading\" id=\"ficha-tecnica\">\u2666 Informa\u00e7\u00f5es do edital Semas PA<\/h3>\n\n\n\n<ul class=\"wp-block-list\">\n<li><strong>Data da prova:\u00a0<\/strong>05\/03\/2023<\/li>\n\n\n\n<li><strong>Cargos:&nbsp;<\/strong>136 + CR<\/li>\n\n\n\n<li><strong>Banca:&nbsp;<\/strong>CETAP<\/li>\n\n\n\n<li><strong>Escolaridade:\u00a0<\/strong>N\u00edvel m\u00e9dio e superior<\/li>\n\n\n\n<li><strong>Edital:<\/strong> <a href=\"https:\/\/dhg1h5j42swfq.cloudfront.net\/2022\/12\/12063540\/semaspa12.pdf\" target=\"_blank\" rel=\"noreferrer noopener nofollow\">SEMAS PA 2022<\/a>  | <a href=\"https:\/\/dhg1h5j42swfq.cloudfront.net\/2022\/12\/28092519\/qp4mgjcuefxfhdulgewvgvz4vrcxye0yqd5dylml.pdf\" target=\"_blank\" rel=\"noreferrer noopener nofollow\">Retifica\u00e7\u00e3o<\/a><\/li>\n<\/ul>\n","protected":false},"excerpt":{"rendered":"<p>O edital do concurso Semas PA (Secretaria de Estado de Meio Ambiente do Par\u00e1) oferta 136 vagas, al\u00e9m de oportunidades em cadastro de reserva. Os cargos exigem os n\u00edveis m\u00e9dio e superior de forma\u00e7\u00e3o. A remunera\u00e7\u00e3o inicial varia entre\u00a0R$ 1.215,50 e R$ 3.104,35. Aos interessados, o per\u00edodo para se inscrever ficou aberto durante os dias [&hellip;]<\/p>\n","protected":false},"author":2018,"featured_media":891332,"comment_status":"open","ping_status":"closed","sticky":false,"template":"","format":"standard","meta":{"post_tipo":"news","footnotes":""},"categories":[214992,220219],"tags":[],"tax_estado":[219977],"class_list":["post-1126935","post","type-post","status-publish","format-standard","has-post-thumbnail","hentry","category-concursos-administrativos","category-noticias","tax_estado-pa"],"acf":[],"yoast_head":"<!-- This site is optimized with the Yoast SEO Premium plugin v27.2 (Yoast SEO v27.2) - https:\/\/yoast.com\/product\/yoast-seo-premium-wordpress\/ -->\n<title>Edital Semas PA: 136 vagas + CR! Provas em mar\u00e7o!<\/title>\n<meta name=\"description\" content=\"Edital do concurso Semas PA oferta 136 vagas + CR. Provas ser\u00e3o aplicadas em 05 de mar\u00e7o. Confira mais detalhes!\" \/>\n<meta name=\"robots\" content=\"index, follow, max-snippet:-1, max-image-preview:large, max-video-preview:-1\" \/>\n<link rel=\"canonical\" href=\"https:\/\/www.estrategiaconcursos.com.br\/blog\/concurso-semas-pa-2022-edital-publicado\/\" \/>\n<meta property=\"og:locale\" content=\"pt_BR\" \/>\n<meta property=\"og:type\" content=\"article\" \/>\n<meta property=\"og:title\" content=\"Edital Semas PA: 136 vagas + CR! Provas em mar\u00e7o!\" \/>\n<meta property=\"og:description\" content=\"Edital do concurso Semas PA oferta 136 vagas + CR. Provas ser\u00e3o aplicadas em 05 de mar\u00e7o. Confira mais detalhes!\" \/>\n<meta property=\"og:url\" content=\"https:\/\/www.estrategiaconcursos.com.br\/blog\/concurso-semas-pa-2022-edital-publicado\/\" \/>\n<meta property=\"og:site_name\" content=\"Estrat\u00e9gia Concursos\" \/>\n<meta property=\"article:published_time\" content=\"2023-01-31T02:59:00+00:00\" \/>\n<meta property=\"article:modified_time\" content=\"2023-01-31T11:21:07+00:00\" \/>\n<meta property=\"og:image\" content=\"https:\/\/dhg1h5j42swfq.cloudfront.net\/2021\/10\/22173137\/semas_pa.jpg\" \/>\n\t<meta property=\"og:image:width\" content=\"768\" \/>\n\t<meta property=\"og:image:height\" content=\"432\" \/>\n\t<meta property=\"og:image:type\" content=\"image\/jpeg\" \/>\n<meta name=\"author\" content=\"B\u00e1rbara Carvalho Santos\" \/>\n<meta name=\"twitter:card\" content=\"summary_large_image\" \/>\n<meta name=\"twitter:creator\" content=\"@EstratConcursos\" \/>\n<meta name=\"twitter:site\" content=\"@EstratConcursos\" \/>\n<meta name=\"twitter:label1\" content=\"Escrito por\" \/>\n\t<meta name=\"twitter:data1\" content=\"B\u00e1rbara Carvalho Santos\" \/>\n\t<meta name=\"twitter:label2\" content=\"Est. tempo de leitura\" \/>\n\t<meta name=\"twitter:data2\" content=\"3 minutos\" \/>\n<script type=\"application\/ld+json\" class=\"yoast-schema-graph\">{\"@context\":\"https:\/\/schema.org\",\"@graph\":[{\"@type\":\"NewsArticle\",\"@id\":\"https:\/\/www.estrategiaconcursos.com.br\/blog\/concurso-semas-pa-2022-edital-publicado\/#article\",\"isPartOf\":{\"@id\":\"https:\/\/www.estrategiaconcursos.com.br\/blog\/concurso-semas-pa-2022-edital-publicado\/\"},\"author\":{\"name\":\"B\u00e1rbara Carvalho Santos\",\"@id\":\"https:\/\/www.estrategiaconcursos.com.br\/blog\/#\/schema\/person\/e3882259fa157d54c44c21f4ee4e0e60\"},\"headline\":\"Edital Semas PA: 136 vagas + CR! Provas em mar\u00e7o!\",\"datePublished\":\"2023-01-31T02:59:00+00:00\",\"dateModified\":\"2023-01-31T11:21:07+00:00\",\"mainEntityOfPage\":{\"@id\":\"https:\/\/www.estrategiaconcursos.com.br\/blog\/concurso-semas-pa-2022-edital-publicado\/\"},\"wordCount\":667,\"commentCount\":0,\"publisher\":{\"@id\":\"https:\/\/www.estrategiaconcursos.com.br\/blog\/#organization\"},\"image\":{\"@id\":\"https:\/\/www.estrategiaconcursos.com.br\/blog\/concurso-semas-pa-2022-edital-publicado\/#primaryimage\"},\"thumbnailUrl\":\"https:\/\/dhg1h5j42swfq.cloudfront.net\/2021\/10\/22173137\/semas_pa.jpg\",\"articleSection\":[\"Executivo (Administrativa)\",\"\u00daltimas not\u00edcias\"],\"inLanguage\":\"pt-BR\",\"potentialAction\":[{\"@type\":\"CommentAction\",\"name\":\"Comment\",\"target\":[\"https:\/\/www.estrategiaconcursos.com.br\/blog\/concurso-semas-pa-2022-edital-publicado\/#respond\"]}],\"copyrightYear\":\"2023\",\"copyrightHolder\":{\"@id\":\"https:\/\/www.estrategiaconcursos.com.br\/blog\/#organization\"}},{\"@type\":\"WebPage\",\"@id\":\"https:\/\/www.estrategiaconcursos.com.br\/blog\/concurso-semas-pa-2022-edital-publicado\/\",\"url\":\"https:\/\/www.estrategiaconcursos.com.br\/blog\/concurso-semas-pa-2022-edital-publicado\/\",\"name\":\"Edital Semas PA: 136 vagas + CR! Provas em mar\u00e7o!\",\"isPartOf\":{\"@id\":\"https:\/\/www.estrategiaconcursos.com.br\/blog\/#website\"},\"primaryImageOfPage\":{\"@id\":\"https:\/\/www.estrategiaconcursos.com.br\/blog\/concurso-semas-pa-2022-edital-publicado\/#primaryimage\"},\"image\":{\"@id\":\"https:\/\/www.estrategiaconcursos.com.br\/blog\/concurso-semas-pa-2022-edital-publicado\/#primaryimage\"},\"thumbnailUrl\":\"https:\/\/dhg1h5j42swfq.cloudfront.net\/2021\/10\/22173137\/semas_pa.jpg\",\"datePublished\":\"2023-01-31T02:59:00+00:00\",\"dateModified\":\"2023-01-31T11:21:07+00:00\",\"description\":\"Edital do concurso Semas PA oferta 136 vagas + CR. Provas ser\u00e3o aplicadas em 05 de mar\u00e7o. Confira mais detalhes!\",\"breadcrumb\":{\"@id\":\"https:\/\/www.estrategiaconcursos.com.br\/blog\/concurso-semas-pa-2022-edital-publicado\/#breadcrumb\"},\"inLanguage\":\"pt-BR\",\"potentialAction\":[{\"@type\":\"ReadAction\",\"target\":[\"https:\/\/www.estrategiaconcursos.com.br\/blog\/concurso-semas-pa-2022-edital-publicado\/\"]}]},{\"@type\":\"ImageObject\",\"inLanguage\":\"pt-BR\",\"@id\":\"https:\/\/www.estrategiaconcursos.com.br\/blog\/concurso-semas-pa-2022-edital-publicado\/#primaryimage\",\"url\":\"https:\/\/dhg1h5j42swfq.cloudfront.net\/2021\/10\/22173137\/semas_pa.jpg\",\"contentUrl\":\"https:\/\/dhg1h5j42swfq.cloudfront.net\/2021\/10\/22173137\/semas_pa.jpg\",\"width\":768,\"height\":432,\"caption\":\"Concurso Semas PA revis\u00e3o de v\u00e9spera\"},{\"@type\":\"BreadcrumbList\",\"@id\":\"https:\/\/www.estrategiaconcursos.com.br\/blog\/concurso-semas-pa-2022-edital-publicado\/#breadcrumb\",\"itemListElement\":[{\"@type\":\"ListItem\",\"position\":1,\"name\":\"In\u00edcio\",\"item\":\"https:\/\/www.estrategiaconcursos.com.br\/blog\/\"},{\"@type\":\"ListItem\",\"position\":2,\"name\":\"Edital Semas PA: 136 vagas + CR! Provas em mar\u00e7o!\"}]},{\"@type\":\"WebSite\",\"@id\":\"https:\/\/www.estrategiaconcursos.com.br\/blog\/#website\",\"url\":\"https:\/\/www.estrategiaconcursos.com.br\/blog\/\",\"name\":\"Estrat\u00e9gia Concursos\",\"description\":\"O blog da Estrat\u00e9gia Concursos traz not\u00edcias sobre concursos e artigos de professores oferecendo cursos para concursos (pdf + videaulas) no site.\",\"publisher\":{\"@id\":\"https:\/\/www.estrategiaconcursos.com.br\/blog\/#organization\"},\"potentialAction\":[{\"@type\":\"SearchAction\",\"target\":{\"@type\":\"EntryPoint\",\"urlTemplate\":\"https:\/\/www.estrategiaconcursos.com.br\/blog\/?s={search_term_string}\"},\"query-input\":{\"@type\":\"PropertyValueSpecification\",\"valueRequired\":true,\"valueName\":\"search_term_string\"}}],\"inLanguage\":\"pt-BR\"},{\"@type\":\"Organization\",\"@id\":\"https:\/\/www.estrategiaconcursos.com.br\/blog\/#organization\",\"name\":\"Estrat\u00e9gia Concursos\",\"url\":\"https:\/\/www.estrategiaconcursos.com.br\/blog\/\",\"logo\":{\"@type\":\"ImageObject\",\"inLanguage\":\"pt-BR\",\"@id\":\"https:\/\/www.estrategiaconcursos.com.br\/blog\/#\/schema\/logo\/image\/\",\"url\":\"https:\/\/dhg1h5j42swfq.cloudfront.net\/2025\/06\/03203428\/logo_concursos-1.jpg\",\"contentUrl\":\"https:\/\/dhg1h5j42swfq.cloudfront.net\/2025\/06\/03203428\/logo_concursos-1.jpg\",\"width\":230,\"height\":60,\"caption\":\"Estrat\u00e9gia Concursos\"},\"image\":{\"@id\":\"https:\/\/www.estrategiaconcursos.com.br\/blog\/#\/schema\/logo\/image\/\"},\"sameAs\":[\"https:\/\/x.com\/EstratConcursos\"]},{\"@type\":\"Person\",\"@id\":\"https:\/\/www.estrategiaconcursos.com.br\/blog\/#\/schema\/person\/e3882259fa157d54c44c21f4ee4e0e60\",\"name\":\"B\u00e1rbara Carvalho Santos\",\"image\":{\"@type\":\"ImageObject\",\"inLanguage\":\"pt-BR\",\"@id\":\"https:\/\/secure.gravatar.com\/avatar\/353300f73140f779692b9be2b39f434d1341e4e34c7f55bd5a990fe29ef352eb?s=96&d=mm&r=g\",\"url\":\"https:\/\/secure.gravatar.com\/avatar\/353300f73140f779692b9be2b39f434d1341e4e34c7f55bd5a990fe29ef352eb?s=96&d=mm&r=g\",\"contentUrl\":\"https:\/\/secure.gravatar.com\/avatar\/353300f73140f779692b9be2b39f434d1341e4e34c7f55bd5a990fe29ef352eb?s=96&d=mm&r=g\",\"caption\":\"B\u00e1rbara Carvalho Santos\"},\"description\":\"M\u00e3e e jornalista formada pela UNIP, possui ampla experi\u00eancia na cobertura de entretenimento em grandes ve\u00edculos, como o site da CNN, RedeTV! e Estrat\u00e9gia Educacional. Atuou tamb\u00e9m em ag\u00eancias de marketing, produtoras musicais e assessorias de imprensa, com foco especial no trabalho com personalidades p\u00fablicas. Atualmente, integra a equipe do Estrat\u00e9gia Concursos, onde \u00e9 respons\u00e1vel pela produ\u00e7\u00e3o de conte\u00fados estrat\u00e9gicos voltados para o setor de concursos p\u00fablicos, com destaque para a \u00e1rea fiscal, gest\u00e3o, controle, concursos administrativos e Minist\u00e9rios participantes do CNU, al\u00e9m de diversos \u00f3rg\u00e3os federais. Tem como miss\u00e3o transformar informa\u00e7\u00f5es complexas em conte\u00fados acess\u00edveis, relevantes e de alto valor para quem sonha com uma carreira no servi\u00e7o p\u00fablico.\",\"url\":\"https:\/\/www.estrategiaconcursos.com.br\/blog\/author\/barbara-santos\/\"}]}<\/script>\n<!-- \/ Yoast SEO Premium plugin. -->","yoast_head_json":{"title":"Edital Semas PA: 136 vagas + CR! Provas em mar\u00e7o!","description":"Edital do concurso Semas PA oferta 136 vagas + CR. Provas ser\u00e3o aplicadas em 05 de mar\u00e7o. Confira mais detalhes!","robots":{"index":"index","follow":"follow","max-snippet":"max-snippet:-1","max-image-preview":"max-image-preview:large","max-video-preview":"max-video-preview:-1"},"canonical":"https:\/\/www.estrategiaconcursos.com.br\/blog\/concurso-semas-pa-2022-edital-publicado\/","og_locale":"pt_BR","og_type":"article","og_title":"Edital Semas PA: 136 vagas + CR! Provas em mar\u00e7o!","og_description":"Edital do concurso Semas PA oferta 136 vagas + CR. Provas ser\u00e3o aplicadas em 05 de mar\u00e7o. Confira mais detalhes!","og_url":"https:\/\/www.estrategiaconcursos.com.br\/blog\/concurso-semas-pa-2022-edital-publicado\/","og_site_name":"Estrat\u00e9gia Concursos","article_published_time":"2023-01-31T02:59:00+00:00","article_modified_time":"2023-01-31T11:21:07+00:00","og_image":[{"width":768,"height":432,"url":"https:\/\/dhg1h5j42swfq.cloudfront.net\/2021\/10\/22173137\/semas_pa.jpg","type":"image\/jpeg"}],"author":"B\u00e1rbara Carvalho Santos","twitter_card":"summary_large_image","twitter_creator":"@EstratConcursos","twitter_site":"@EstratConcursos","twitter_misc":{"Escrito por":"B\u00e1rbara Carvalho Santos","Est. tempo de leitura":"3 minutos"},"schema":{"@context":"https:\/\/schema.org","@graph":[{"@type":"NewsArticle","@id":"https:\/\/www.estrategiaconcursos.com.br\/blog\/concurso-semas-pa-2022-edital-publicado\/#article","isPartOf":{"@id":"https:\/\/www.estrategiaconcursos.com.br\/blog\/concurso-semas-pa-2022-edital-publicado\/"},"author":{"name":"B\u00e1rbara Carvalho Santos","@id":"https:\/\/www.estrategiaconcursos.com.br\/blog\/#\/schema\/person\/e3882259fa157d54c44c21f4ee4e0e60"},"headline":"Edital Semas PA: 136 vagas + CR! Provas em mar\u00e7o!","datePublished":"2023-01-31T02:59:00+00:00","dateModified":"2023-01-31T11:21:07+00:00","mainEntityOfPage":{"@id":"https:\/\/www.estrategiaconcursos.com.br\/blog\/concurso-semas-pa-2022-edital-publicado\/"},"wordCount":667,"commentCount":0,"publisher":{"@id":"https:\/\/www.estrategiaconcursos.com.br\/blog\/#organization"},"image":{"@id":"https:\/\/www.estrategiaconcursos.com.br\/blog\/concurso-semas-pa-2022-edital-publicado\/#primaryimage"},"thumbnailUrl":"https:\/\/dhg1h5j42swfq.cloudfront.net\/2021\/10\/22173137\/semas_pa.jpg","articleSection":["Executivo (Administrativa)","\u00daltimas not\u00edcias"],"inLanguage":"pt-BR","potentialAction":[{"@type":"CommentAction","name":"Comment","target":["https:\/\/www.estrategiaconcursos.com.br\/blog\/concurso-semas-pa-2022-edital-publicado\/#respond"]}],"copyrightYear":"2023","copyrightHolder":{"@id":"https:\/\/www.estrategiaconcursos.com.br\/blog\/#organization"}},{"@type":"WebPage","@id":"https:\/\/www.estrategiaconcursos.com.br\/blog\/concurso-semas-pa-2022-edital-publicado\/","url":"https:\/\/www.estrategiaconcursos.com.br\/blog\/concurso-semas-pa-2022-edital-publicado\/","name":"Edital Semas PA: 136 vagas + CR! Provas em mar\u00e7o!","isPartOf":{"@id":"https:\/\/www.estrategiaconcursos.com.br\/blog\/#website"},"primaryImageOfPage":{"@id":"https:\/\/www.estrategiaconcursos.com.br\/blog\/concurso-semas-pa-2022-edital-publicado\/#primaryimage"},"image":{"@id":"https:\/\/www.estrategiaconcursos.com.br\/blog\/concurso-semas-pa-2022-edital-publicado\/#primaryimage"},"thumbnailUrl":"https:\/\/dhg1h5j42swfq.cloudfront.net\/2021\/10\/22173137\/semas_pa.jpg","datePublished":"2023-01-31T02:59:00+00:00","dateModified":"2023-01-31T11:21:07+00:00","description":"Edital do concurso Semas PA oferta 136 vagas + CR. Provas ser\u00e3o aplicadas em 05 de mar\u00e7o. Confira mais detalhes!","breadcrumb":{"@id":"https:\/\/www.estrategiaconcursos.com.br\/blog\/concurso-semas-pa-2022-edital-publicado\/#breadcrumb"},"inLanguage":"pt-BR","potentialAction":[{"@type":"ReadAction","target":["https:\/\/www.estrategiaconcursos.com.br\/blog\/concurso-semas-pa-2022-edital-publicado\/"]}]},{"@type":"ImageObject","inLanguage":"pt-BR","@id":"https:\/\/www.estrategiaconcursos.com.br\/blog\/concurso-semas-pa-2022-edital-publicado\/#primaryimage","url":"https:\/\/dhg1h5j42swfq.cloudfront.net\/2021\/10\/22173137\/semas_pa.jpg","contentUrl":"https:\/\/dhg1h5j42swfq.cloudfront.net\/2021\/10\/22173137\/semas_pa.jpg","width":768,"height":432,"caption":"Concurso Semas PA revis\u00e3o de v\u00e9spera"},{"@type":"BreadcrumbList","@id":"https:\/\/www.estrategiaconcursos.com.br\/blog\/concurso-semas-pa-2022-edital-publicado\/#breadcrumb","itemListElement":[{"@type":"ListItem","position":1,"name":"In\u00edcio","item":"https:\/\/www.estrategiaconcursos.com.br\/blog\/"},{"@type":"ListItem","position":2,"name":"Edital Semas PA: 136 vagas + CR! Provas em mar\u00e7o!"}]},{"@type":"WebSite","@id":"https:\/\/www.estrategiaconcursos.com.br\/blog\/#website","url":"https:\/\/www.estrategiaconcursos.com.br\/blog\/","name":"Estrat\u00e9gia Concursos","description":"O blog da Estrat\u00e9gia Concursos traz not\u00edcias sobre concursos e artigos de professores oferecendo cursos para concursos (pdf + videaulas) no site.","publisher":{"@id":"https:\/\/www.estrategiaconcursos.com.br\/blog\/#organization"},"potentialAction":[{"@type":"SearchAction","target":{"@type":"EntryPoint","urlTemplate":"https:\/\/www.estrategiaconcursos.com.br\/blog\/?s={search_term_string}"},"query-input":{"@type":"PropertyValueSpecification","valueRequired":true,"valueName":"search_term_string"}}],"inLanguage":"pt-BR"},{"@type":"Organization","@id":"https:\/\/www.estrategiaconcursos.com.br\/blog\/#organization","name":"Estrat\u00e9gia Concursos","url":"https:\/\/www.estrategiaconcursos.com.br\/blog\/","logo":{"@type":"ImageObject","inLanguage":"pt-BR","@id":"https:\/\/www.estrategiaconcursos.com.br\/blog\/#\/schema\/logo\/image\/","url":"https:\/\/dhg1h5j42swfq.cloudfront.net\/2025\/06\/03203428\/logo_concursos-1.jpg","contentUrl":"https:\/\/dhg1h5j42swfq.cloudfront.net\/2025\/06\/03203428\/logo_concursos-1.jpg","width":230,"height":60,"caption":"Estrat\u00e9gia Concursos"},"image":{"@id":"https:\/\/www.estrategiaconcursos.com.br\/blog\/#\/schema\/logo\/image\/"},"sameAs":["https:\/\/x.com\/EstratConcursos"]},{"@type":"Person","@id":"https:\/\/www.estrategiaconcursos.com.br\/blog\/#\/schema\/person\/e3882259fa157d54c44c21f4ee4e0e60","name":"B\u00e1rbara Carvalho Santos","image":{"@type":"ImageObject","inLanguage":"pt-BR","@id":"https:\/\/secure.gravatar.com\/avatar\/353300f73140f779692b9be2b39f434d1341e4e34c7f55bd5a990fe29ef352eb?s=96&d=mm&r=g","url":"https:\/\/secure.gravatar.com\/avatar\/353300f73140f779692b9be2b39f434d1341e4e34c7f55bd5a990fe29ef352eb?s=96&d=mm&r=g","contentUrl":"https:\/\/secure.gravatar.com\/avatar\/353300f73140f779692b9be2b39f434d1341e4e34c7f55bd5a990fe29ef352eb?s=96&d=mm&r=g","caption":"B\u00e1rbara Carvalho Santos"},"description":"M\u00e3e e jornalista formada pela UNIP, possui ampla experi\u00eancia na cobertura de entretenimento em grandes ve\u00edculos, como o site da CNN, RedeTV! e Estrat\u00e9gia Educacional. Atuou tamb\u00e9m em ag\u00eancias de marketing, produtoras musicais e assessorias de imprensa, com foco especial no trabalho com personalidades p\u00fablicas. Atualmente, integra a equipe do Estrat\u00e9gia Concursos, onde \u00e9 respons\u00e1vel pela produ\u00e7\u00e3o de conte\u00fados estrat\u00e9gicos voltados para o setor de concursos p\u00fablicos, com destaque para a \u00e1rea fiscal, gest\u00e3o, controle, concursos administrativos e Minist\u00e9rios participantes do CNU, al\u00e9m de diversos \u00f3rg\u00e3os federais. Tem como miss\u00e3o transformar informa\u00e7\u00f5es complexas em conte\u00fados acess\u00edveis, relevantes e de alto valor para quem sonha com uma carreira no servi\u00e7o p\u00fablico.","url":"https:\/\/www.estrategiaconcursos.com.br\/blog\/author\/barbara-santos\/"}]}},"_links":{"self":[{"href":"https:\/\/www.estrategiaconcursos.com.br\/blog\/wp-json\/wp\/v2\/posts\/1126935","targetHints":{"allow":["GET"]}}],"collection":[{"href":"https:\/\/www.estrategiaconcursos.com.br\/blog\/wp-json\/wp\/v2\/posts"}],"about":[{"href":"https:\/\/www.estrategiaconcursos.com.br\/blog\/wp-json\/wp\/v2\/types\/post"}],"author":[{"embeddable":true,"href":"https:\/\/www.estrategiaconcursos.com.br\/blog\/wp-json\/wp\/v2\/users\/2018"}],"replies":[{"embeddable":true,"href":"https:\/\/www.estrategiaconcursos.com.br\/blog\/wp-json\/wp\/v2\/comments?post=1126935"}],"version-history":[{"count":11,"href":"https:\/\/www.estrategiaconcursos.com.br\/blog\/wp-json\/wp\/v2\/posts\/1126935\/revisions"}],"predecessor-version":[{"id":1161543,"href":"https:\/\/www.estrategiaconcursos.com.br\/blog\/wp-json\/wp\/v2\/posts\/1126935\/revisions\/1161543"}],"wp:featuredmedia":[{"embeddable":true,"href":"https:\/\/www.estrategiaconcursos.com.br\/blog\/wp-json\/wp\/v2\/media\/891332"}],"wp:attachment":[{"href":"https:\/\/www.estrategiaconcursos.com.br\/blog\/wp-json\/wp\/v2\/media?parent=1126935"}],"wp:term":[{"taxonomy":"category","embeddable":true,"href":"https:\/\/www.estrategiaconcursos.com.br\/blog\/wp-json\/wp\/v2\/categories?post=1126935"},{"taxonomy":"post_tag","embeddable":true,"href":"https:\/\/www.estrategiaconcursos.com.br\/blog\/wp-json\/wp\/v2\/tags?post=1126935"},{"taxonomy":"tax_estado","embeddable":true,"href":"https:\/\/www.estrategiaconcursos.com.br\/blog\/wp-json\/wp\/v2\/tax_estado?post=1126935"}],"curies":[{"name":"wp","href":"https:\/\/api.w.org\/{rel}","templated":true}]}}