{"id":112586,"date":"2018-04-04T10:48:54","date_gmt":"2018-04-04T13:48:54","guid":{"rendered":"https:\/\/www.estrategiaconcursos.com.br\/blog\/?p=112586"},"modified":"2022-10-13T15:10:22","modified_gmt":"2022-10-13T18:10:22","slug":"enem-2018-edital","status":"publish","type":"post","link":"https:\/\/www.estrategiaconcursos.com.br\/blog\/enem-2018-edital\/","title":{"rendered":"Enem 2018: Inscri\u00e7\u00f5es j\u00e1 est\u00e3o abertas. Confira todas as altera\u00e7\u00f5es do exame."},"content":{"rendered":"<p>Fica aberto, a partir do dia 07 de Maio, o prazo para inscri\u00e7\u00f5es no ENEM 2018, quem desejar se inscrever precisa fazer o processo no site oficial do ENEM at\u00e9 o dia 18 de Maio e pagar a taxa de inscri\u00e7\u00e3o, fixada em R$82.<\/p>\n<h3>Mudan\u00e7as nas provas<\/h3>\n<p><span style=\"color: #000000;\">Foi publicado no dia\u00a0 21 de mar\u00e7o, o edital normativo do Exame Nacional do Ensino M\u00e9dio, o\u00a0<em><strong>ENEM 2018<\/strong><\/em>.<\/span><\/p>\n<p><span style=\"color: #000000;\">Uma das novidades\u00a0para este ano \u00e9 o tempo extra no segundo dia de prova. Os candidatos ter\u00e3o 30 minutos a mais para responder \u00e0s quest\u00f5es da prova que incluem as disciplinas de Exatas.<\/span><\/p>\n<p><span style=\"color: #000000;\">Outra modifica\u00e7\u00e3o, \u00e9 que a solicita\u00e7\u00e3o de isen\u00e7\u00e3o da taxa de inscri\u00e7\u00e3o que passar\u00e1 a ser\u00e1 anterior ao per\u00edodo de inscri\u00e7\u00f5es.<\/span><\/p>\n<p><span style=\"color: #000000;\">Todos os interessados em fazer o Enem 2018, isentos ou n\u00e3o, dever\u00e3o fazer a inscri\u00e7\u00e3o.<\/span><\/p>\n<p><span style=\"color: #000000;\">O Exame ser\u00e1 aplicado todos os estados brasileiros e no Distrito Federal. As institui\u00e7\u00f5es organizadoras que aplicar\u00e3o as provas fazem parte de um cons\u00f3rcio que incluem a Cesgranrio, a FGV e a Funda\u00e7\u00e3o Vunesp.<\/span><\/p>\n<p><span style=\"color: #000000;\">A escolha da l\u00edngua (ingl\u00eas ou espanhol) das quest\u00f5es de l\u00edngua estrangeira, deve ser feita durante a inscri\u00e7\u00e3o.<\/span><\/p>\n<p><img loading=\"lazy\" decoding=\"async\" class=\"alignnone wp-image-69764\" src=\"https:\/\/dhg1h5j42swfq.cloudfront.net\/2017\/04\/06102243\/ENEM-01.png\" alt=\"ENEM 2018\" width=\"833\" height=\"436\" srcset=\"https:\/\/dhg1h5j42swfq.cloudfront.net\/2017\/04\/06102243\/ENEM-01.png 2501w, https:\/\/dhg1h5j42swfq.cloudfront.net\/2017\/04\/06102243\/ENEM-01.png 300w, https:\/\/dhg1h5j42swfq.cloudfront.net\/2017\/04\/06102243\/ENEM-01.png 768w, https:\/\/dhg1h5j42swfq.cloudfront.net\/2017\/04\/06102243\/ENEM-01.png 1024w, https:\/\/dhg1h5j42swfq.cloudfront.net\/2017\/04\/06102243\/ENEM-01.png 500w\" sizes=\"auto, (max-width: 833px) 100vw, 833px\" \/><\/p>\n<h2>Principais informa\u00e7\u00f5es do Enem 2018<\/h2>\n<p><span style=\"color: #000000;\"><strong>Inscri\u00e7\u00f5es:<\/strong>\u00a0das 10h do dia <strong>07\/05<\/strong> \u00e0s\u00a023h59 do dia <strong>18\/05<\/strong> (hor\u00e1rio de Bras\u00edlia) no site Enem (link no final desta p\u00e1gina)<\/span><\/p>\n<p><span style=\"color: #000000;\"><strong>Provas:\u00a0<\/strong>4\/11 e 11\/11<\/span><\/p>\n<p><span style=\"color: #000000;\"><strong>Taxa de Inscri\u00e7\u00e3o:<\/strong> R$ 82,00<\/span><\/p>\n<p><img loading=\"lazy\" decoding=\"async\" class=\"aligncenter wp-image-112641 size-full\" src=\"https:\/\/dhg1h5j42swfq.cloudfront.net\/2018\/03\/21140344\/enem-2018.jpg\" alt=\"inscri\u00e7\u00f5es enem 2018\" width=\"901\" height=\"228\" srcset=\"https:\/\/dhg1h5j42swfq.cloudfront.net\/2018\/03\/21140344\/enem-2018.jpg 901w, https:\/\/dhg1h5j42swfq.cloudfront.net\/2018\/03\/21140344\/enem-2018.jpg 300w, https:\/\/dhg1h5j42swfq.cloudfront.net\/2018\/03\/21140344\/enem-2018.jpg 768w, https:\/\/dhg1h5j42swfq.cloudfront.net\/2018\/03\/21140344\/enem-2018.jpg 610w\" sizes=\"auto, (max-width: 901px) 100vw, 901px\" \/><\/p>\n<p><em><strong>Obs.: <\/strong>a data da solicita\u00e7\u00e3o de isen\u00e7\u00e3o da taxa de inscri\u00e7\u00e3o <strong>foi prorrogada para o dia 15 de Abril<\/strong><\/em>.<\/p>\n<h2>Hor\u00e1rio das Provas<\/h2>\n<p><span style=\"color: #000000;\">Nos dias de realiza\u00e7\u00e3o do Exame, os port\u00f5es de acesso aos locais de provas ser\u00e3o abertos \u00e0s 12h e fechados \u00e0s 13h\u00a0(Hor\u00e1rio de Bras\u00edlia).<\/span><\/p>\n<p><span style=\"color: #000000;\">\u00c9 proibida a entrada do participante que chegar ao local de prova ap\u00f3s o fechamento dos port\u00f5es, portanto, \u00e9 recomendado a todos os participantes que compare\u00e7am ao local de realiza\u00e7\u00e3o das provas at\u00e9 \u00e0s 12h.<\/span><\/p>\n<p><img loading=\"lazy\" decoding=\"async\" class=\"aligncenter wp-image-112642 size-large\" src=\"https:\/\/dhg1h5j42swfq.cloudfront.net\/2018\/03\/21140424\/enem-20181.jpg\" alt=\"provas enem 2018\" width=\"1024\" height=\"216\" srcset=\"https:\/\/dhg1h5j42swfq.cloudfront.net\/2018\/03\/21140424\/enem-20181.jpg 1057w, https:\/\/dhg1h5j42swfq.cloudfront.net\/2018\/03\/21140424\/enem-20181.jpg 300w, https:\/\/dhg1h5j42swfq.cloudfront.net\/2018\/03\/21140424\/enem-20181.jpg 768w, https:\/\/dhg1h5j42swfq.cloudfront.net\/2018\/03\/21140424\/enem-20181.jpg 1024w, https:\/\/dhg1h5j42swfq.cloudfront.net\/2018\/03\/21140424\/enem-20181.jpg 610w\" sizes=\"auto, (max-width: 1024px) 100vw, 1024px\" \/><\/p>\n<h2>Conhecimentos Exigidos e Provas<\/h2>\n<p><span style=\"color: #000000;\">O exame \u00e9 composto por reda\u00e7\u00e3o e quatro provas objetivas. Cada prova objetiva ter\u00e1 45 quest\u00f5es de m\u00faltipla escolha.<\/span><\/p>\n<p><span style=\"color: #000000;\">As provas objetivas e a reda\u00e7\u00e3o avaliar\u00e3o as seguintes \u00e1reas de conhecimento do ensino m\u00e9dio e os respectivos componentes curriculares:<\/span><\/p>\n<ul style=\"list-style-type: disc;\">\n<li><span style=\"color: #000000;\"><strong><em>1\u00ba dia de prova (4\/11) &#8211;<\/em> Dura\u00e7\u00e3o de <em>5 horas e 30 minutos<\/em>:<\/strong>\u00a0<\/span><\/li>\n<\/ul>\n<p><span style=\"color: #000000;\"><em>Linguagens, C\u00f3digos e suas Tecnologias:<\/em><\/span><\/p>\n<ul style=\"list-style-type: circle;\">\n<li><span style=\"color: #000000;\">L\u00edngua Portuguesa<\/span><\/li>\n<li><span style=\"color: #000000;\">Literatura<\/span><\/li>\n<li><span style=\"color: #000000;\">L\u00edngua Estrangeira (Ingl\u00eas ou Espanhol)<\/span><\/li>\n<li><span style=\"color: #000000;\">Artes<\/span><\/li>\n<li><span style=\"color: #000000;\">Educa\u00e7\u00e3o F\u00edsica<\/span><\/li>\n<li><span style=\"color: #000000;\">Tecnologias da Informa\u00e7\u00e3o e Comunica\u00e7\u00e3o<\/span><\/li>\n<\/ul>\n<p><span style=\"color: #000000;\"><em>Ci\u00eancias Humanas e suas Tecnologias:<\/em><\/span><\/p>\n<ul style=\"list-style-type: circle;\">\n<li><span style=\"color: #000000;\">Hist\u00f3ria<\/span><\/li>\n<li><span style=\"color: #000000;\">Geografia<\/span><\/li>\n<li><span style=\"color: #000000;\">Filosofia<\/span><\/li>\n<li><span style=\"color: #000000;\">Sociologia<\/span><\/li>\n<\/ul>\n<p><span style=\"color: #000000;\"><em>Reda\u00e7\u00e3o<\/em><\/span><\/p>\n<ul style=\"list-style-type: disc;\">\n<li><span style=\"color: #000000;\"><strong><em>2\u00ba dia de prova (11\/11) &#8211;<\/em> Dura\u00e7\u00e3o de <em>5 horas<\/em>: <\/strong><\/span><\/li>\n<\/ul>\n<p><span style=\"color: #000000;\"><em>Ci\u00eancias da Natureza e suas Tecnologias:<\/em><\/span><\/p>\n<ul style=\"list-style-type: circle;\">\n<li><span style=\"color: #000000;\">Qu\u00edmica<\/span><\/li>\n<li><span style=\"color: #000000;\">F\u00edsica<\/span><\/li>\n<li><span style=\"color: #000000;\">Biologia<\/span><\/li>\n<\/ul>\n<p><span style=\"color: #000000;\"><em>Matem\u00e1tica e suas Tecnologias<\/em>\u00a0<\/span><\/p>\n<ul style=\"list-style-type: circle;\">\n<li><span style=\"color: #000000;\">Matem\u00e1tica<\/span><\/li>\n<\/ul>\n<p><span style=\"color: #000000;\"><strong>OBS.:<\/strong>\u00a0O\u00a0local de aplica\u00e7\u00e3o da prova de cada participante ser\u00e1 informado no Cart\u00e3o de Confirma\u00e7\u00e3o da Inscri\u00e7\u00e3o, que ser\u00e1 disponibilizado no endere\u00e7o do Inep e no aplicativo oficial do Enem.<\/span><\/p>\n<h1 style=\"text-align: center;\"><span style=\"text-decoration: underline;\">Cursos para o Enem 2018<\/span><\/h1>\n<p style=\"text-align: center;\"><span style=\"color: #000000; font-size: 18pt;\"><em>Gostou dessa oportunidade? Deseja se preparar para o <strong>Enem 2018<\/strong>?<\/em><\/span><br \/>\n<span style=\"color: #000000; font-size: 18pt;\"> <em>O Estrat\u00e9gia Concurso possui cursos relacionados ao exame, <strong>Confira<\/strong>!<\/em><\/span><\/p>\n<p style=\"text-align: center;\"><a href=\"https:\/\/www.estrategiaconcursos.com.br\/cursosPorConcurso\/enem-2018-exame-nacional-do-ensino-medio\/\" target=\"_blank\" rel=\"noopener noreferrer\"><strong><span style=\"font-size: 18pt;\">CURSOS ENEM 2018<\/span><\/strong><\/a><\/p>\n<p><img loading=\"lazy\" decoding=\"async\" src=\"https:\/\/dhg1h5j42swfq.cloudfront.net\/2017\/03\/28152500\/coruja-ficha-tecnica-300x102.png\" alt=\"\" width=\"300\" height=\"102\" \/><\/p>\n<p><span style=\"font-size: 14pt;\"><strong>Informa\u00e7\u00f5es do Enem 2018<\/strong><\/span><br \/>\n<span style=\"color: #000000;\">\u25baData prevista:\u00a0<strong>4\/11<\/strong> e <strong>11\/11<\/strong><\/span><br \/>\n<span style=\"color: #000000;\"> \u25baEdital:<\/span><strong> <a href=\"https:\/\/dhg1h5j42swfq.cloudfront.net\/2018\/03\/21110311\/Edital-Enem-20181.pdf\">Edital Enem 2018<\/a><\/strong><br \/>\n<span style=\"color: #000000;\">\u25baBanca: <strong>Inep<\/strong><\/span><br \/>\n<span style=\"color: #000000;\"> \u25baEscolaridade:<strong> N\u00edvel M\u00e9dio<\/strong><\/span><br \/>\n<span style=\"color: #000000;\">\u25baCursos Estrat\u00e9gia Concursos:<\/span>\u00a0<a href=\"https:\/\/www.estrategiaconcursos.com.br\/cursosPorConcurso\/enem-2018-exame-nacional-do-ensino-medio\/\" target=\"_blank\" rel=\"noopener noreferrer\">Cursos Enem Estrat\u00e9gia Concursos<\/a><br \/>\n<span style=\"color: #000000;\">\u25baInscri\u00e7\u00e3o<\/span>:<strong>\u00a0<a href=\"http:\/\/enem.inep.gov.br\/participante\" target=\"_blank\" rel=\"noopener noreferrer\"><em>enem.inep.gov.br\/participante<\/em><\/a><\/strong><\/p>\n<h1 style=\"text-align: center;\"><a href=\"http:\/\/www.estrategiaenem.com\/\" target=\"_blank\" rel=\"noopener noreferrer\">MAIS INFORMA\u00c7\u00d5ES &#8211; Estrat\u00e9gia ENEM<\/a><\/h1>\n","protected":false},"excerpt":{"rendered":"<p>Fica aberto, a partir do dia 07 de Maio, o prazo para inscri\u00e7\u00f5es no ENEM 2018, quem desejar se inscrever precisa fazer o processo no site oficial do ENEM at\u00e9 o dia 18 de Maio e pagar a taxa de inscri\u00e7\u00e3o, fixada em R$82. Mudan\u00e7as nas provas Foi publicado no dia\u00a0 21 de mar\u00e7o, o [&hellip;]<\/p>\n","protected":false},"author":1,"featured_media":69763,"comment_status":"open","ping_status":"closed","sticky":false,"template":"","format":"standard","meta":{"post_tipo":"news","footnotes":""},"categories":[1],"tags":[],"tax_estado":[],"class_list":["post-112586","post","type-post","status-publish","format-standard","has-post-thumbnail","hentry","category-cursos-e-concursos"],"acf":[],"yoast_head":"<!-- This site is optimized with the Yoast SEO Premium plugin v27.2 (Yoast SEO v27.2) - https:\/\/yoast.com\/product\/yoast-seo-premium-wordpress\/ -->\n<title>Enem 2018: Segundo dia de prova ter\u00e1 30 minutos a mais<\/title>\n<meta name=\"description\" content=\"Saiu hoje, o edital do ENEM 2018. Uma das novidades\u00a0para esse ano \u00e9 o tempo extra no segundo dia de prova: ser\u00e3o 30 minutos a mais! Saiba tudo sobre o Edital ENEM 2018 aqui\" \/>\n<meta name=\"robots\" content=\"index, follow, max-snippet:-1, max-image-preview:large, max-video-preview:-1\" \/>\n<link rel=\"canonical\" href=\"https:\/\/www.estrategiaconcursos.com.br\/blog\/enem-2018-edital\/\" \/>\n<meta property=\"og:locale\" content=\"pt_BR\" \/>\n<meta property=\"og:type\" content=\"article\" \/>\n<meta property=\"og:title\" content=\"Enem 2018: Inscri\u00e7\u00f5es j\u00e1 est\u00e3o abertas. Confira todas as altera\u00e7\u00f5es do exame.\" \/>\n<meta property=\"og:description\" content=\"Saiu hoje, o edital do ENEM 2018. Uma das novidades\u00a0para esse ano \u00e9 o tempo extra no segundo dia de prova: ser\u00e3o 30 minutos a mais! Saiba tudo sobre o Edital ENEM 2018 aqui\" \/>\n<meta property=\"og:url\" content=\"https:\/\/www.estrategiaconcursos.com.br\/blog\/enem-2018-edital\/\" \/>\n<meta property=\"og:site_name\" content=\"Estrat\u00e9gia Concursos\" \/>\n<meta property=\"article:author\" content=\"https:\/\/www.facebook.com\/EstrategiaConcursos\" \/>\n<meta property=\"article:published_time\" content=\"2018-04-04T13:48:54+00:00\" \/>\n<meta property=\"article:modified_time\" content=\"2022-10-13T18:10:22+00:00\" \/>\n<meta property=\"og:image\" content=\"https:\/\/dhg1h5j42swfq.cloudfront.net\/2017\/04\/06102238\/ENEM-02-1024x537.png\" \/>\n\t<meta property=\"og:image:width\" content=\"1024\" \/>\n\t<meta property=\"og:image:height\" content=\"537\" \/>\n\t<meta property=\"og:image:type\" content=\"image\/png\" \/>\n<meta name=\"author\" content=\"Coordena\u00e7\u00e3o\" \/>\n<meta name=\"twitter:card\" content=\"summary_large_image\" \/>\n<meta name=\"twitter:creator\" content=\"@EstratConcursos\" \/>\n<meta name=\"twitter:site\" content=\"@EstratConcursos\" \/>\n<meta name=\"twitter:label1\" content=\"Escrito por\" \/>\n\t<meta name=\"twitter:data1\" content=\"Coordena\u00e7\u00e3o\" \/>\n\t<meta name=\"twitter:label2\" content=\"Est. tempo de leitura\" \/>\n\t<meta name=\"twitter:data2\" content=\"3 minutos\" \/>\n<script type=\"application\/ld+json\" class=\"yoast-schema-graph\">{\"@context\":\"https:\/\/schema.org\",\"@graph\":[{\"@type\":\"NewsArticle\",\"@id\":\"https:\/\/www.estrategiaconcursos.com.br\/blog\/enem-2018-edital\/#article\",\"isPartOf\":{\"@id\":\"https:\/\/www.estrategiaconcursos.com.br\/blog\/enem-2018-edital\/\"},\"author\":{\"name\":\"Coordena\u00e7\u00e3o\",\"@id\":\"https:\/\/www.estrategiaconcursos.com.br\/blog\/#\/schema\/person\/b4a388c97673c5f483d72185668afa1f\"},\"headline\":\"Enem 2018: Inscri\u00e7\u00f5es j\u00e1 est\u00e3o abertas. Confira todas as altera\u00e7\u00f5es do exame.\",\"datePublished\":\"2018-04-04T13:48:54+00:00\",\"dateModified\":\"2022-10-13T18:10:22+00:00\",\"mainEntityOfPage\":{\"@id\":\"https:\/\/www.estrategiaconcursos.com.br\/blog\/enem-2018-edital\/\"},\"wordCount\":573,\"commentCount\":3,\"publisher\":{\"@id\":\"https:\/\/www.estrategiaconcursos.com.br\/blog\/#organization\"},\"image\":{\"@id\":\"https:\/\/www.estrategiaconcursos.com.br\/blog\/enem-2018-edital\/#primaryimage\"},\"thumbnailUrl\":\"https:\/\/dhg1h5j42swfq.cloudfront.net\/2017\/04\/06102238\/ENEM-02.png\",\"articleSection\":[\"Concursos P\u00fablicos\"],\"inLanguage\":\"pt-BR\",\"potentialAction\":[{\"@type\":\"CommentAction\",\"name\":\"Comment\",\"target\":[\"https:\/\/www.estrategiaconcursos.com.br\/blog\/enem-2018-edital\/#respond\"]}],\"copyrightYear\":\"2018\",\"copyrightHolder\":{\"@id\":\"https:\/\/www.estrategiaconcursos.com.br\/blog\/#organization\"}},{\"@type\":\"WebPage\",\"@id\":\"https:\/\/www.estrategiaconcursos.com.br\/blog\/enem-2018-edital\/\",\"url\":\"https:\/\/www.estrategiaconcursos.com.br\/blog\/enem-2018-edital\/\",\"name\":\"Enem 2018: Segundo dia de prova ter\u00e1 30 minutos a mais\",\"isPartOf\":{\"@id\":\"https:\/\/www.estrategiaconcursos.com.br\/blog\/#website\"},\"primaryImageOfPage\":{\"@id\":\"https:\/\/www.estrategiaconcursos.com.br\/blog\/enem-2018-edital\/#primaryimage\"},\"image\":{\"@id\":\"https:\/\/www.estrategiaconcursos.com.br\/blog\/enem-2018-edital\/#primaryimage\"},\"thumbnailUrl\":\"https:\/\/dhg1h5j42swfq.cloudfront.net\/2017\/04\/06102238\/ENEM-02.png\",\"datePublished\":\"2018-04-04T13:48:54+00:00\",\"dateModified\":\"2022-10-13T18:10:22+00:00\",\"description\":\"Saiu hoje, o edital do ENEM 2018. Uma das novidades\u00a0para esse ano \u00e9 o tempo extra no segundo dia de prova: ser\u00e3o 30 minutos a mais! Saiba tudo sobre o Edital ENEM 2018 aqui\",\"breadcrumb\":{\"@id\":\"https:\/\/www.estrategiaconcursos.com.br\/blog\/enem-2018-edital\/#breadcrumb\"},\"inLanguage\":\"pt-BR\",\"potentialAction\":[{\"@type\":\"ReadAction\",\"target\":[\"https:\/\/www.estrategiaconcursos.com.br\/blog\/enem-2018-edital\/\"]}]},{\"@type\":\"ImageObject\",\"inLanguage\":\"pt-BR\",\"@id\":\"https:\/\/www.estrategiaconcursos.com.br\/blog\/enem-2018-edital\/#primaryimage\",\"url\":\"https:\/\/dhg1h5j42swfq.cloudfront.net\/2017\/04\/06102238\/ENEM-02.png\",\"contentUrl\":\"https:\/\/dhg1h5j42swfq.cloudfront.net\/2017\/04\/06102238\/ENEM-02.png\",\"width\":2501,\"height\":1312,\"caption\":\"enem 2018\"},{\"@type\":\"BreadcrumbList\",\"@id\":\"https:\/\/www.estrategiaconcursos.com.br\/blog\/enem-2018-edital\/#breadcrumb\",\"itemListElement\":[{\"@type\":\"ListItem\",\"position\":1,\"name\":\"In\u00edcio\",\"item\":\"https:\/\/www.estrategiaconcursos.com.br\/blog\/\"},{\"@type\":\"ListItem\",\"position\":2,\"name\":\"Enem 2018: Inscri\u00e7\u00f5es j\u00e1 est\u00e3o abertas. Confira todas as altera\u00e7\u00f5es do exame.\"}]},{\"@type\":\"WebSite\",\"@id\":\"https:\/\/www.estrategiaconcursos.com.br\/blog\/#website\",\"url\":\"https:\/\/www.estrategiaconcursos.com.br\/blog\/\",\"name\":\"Estrat\u00e9gia Concursos\",\"description\":\"O blog da Estrat\u00e9gia Concursos traz not\u00edcias sobre concursos e artigos de professores oferecendo cursos para concursos (pdf + videaulas) no site.\",\"publisher\":{\"@id\":\"https:\/\/www.estrategiaconcursos.com.br\/blog\/#organization\"},\"potentialAction\":[{\"@type\":\"SearchAction\",\"target\":{\"@type\":\"EntryPoint\",\"urlTemplate\":\"https:\/\/www.estrategiaconcursos.com.br\/blog\/?s={search_term_string}\"},\"query-input\":{\"@type\":\"PropertyValueSpecification\",\"valueRequired\":true,\"valueName\":\"search_term_string\"}}],\"inLanguage\":\"pt-BR\"},{\"@type\":\"Organization\",\"@id\":\"https:\/\/www.estrategiaconcursos.com.br\/blog\/#organization\",\"name\":\"Estrat\u00e9gia Concursos\",\"url\":\"https:\/\/www.estrategiaconcursos.com.br\/blog\/\",\"logo\":{\"@type\":\"ImageObject\",\"inLanguage\":\"pt-BR\",\"@id\":\"https:\/\/www.estrategiaconcursos.com.br\/blog\/#\/schema\/logo\/image\/\",\"url\":\"https:\/\/dhg1h5j42swfq.cloudfront.net\/2025\/06\/03203428\/logo_concursos-1.jpg\",\"contentUrl\":\"https:\/\/dhg1h5j42swfq.cloudfront.net\/2025\/06\/03203428\/logo_concursos-1.jpg\",\"width\":230,\"height\":60,\"caption\":\"Estrat\u00e9gia Concursos\"},\"image\":{\"@id\":\"https:\/\/www.estrategiaconcursos.com.br\/blog\/#\/schema\/logo\/image\/\"},\"sameAs\":[\"https:\/\/x.com\/EstratConcursos\"]},{\"@type\":\"Person\",\"@id\":\"https:\/\/www.estrategiaconcursos.com.br\/blog\/#\/schema\/person\/b4a388c97673c5f483d72185668afa1f\",\"name\":\"Coordena\u00e7\u00e3o\",\"image\":{\"@type\":\"ImageObject\",\"inLanguage\":\"pt-BR\",\"@id\":\"https:\/\/secure.gravatar.com\/avatar\/b720319e4c9a967eb58678d110f4fe35452fc5d5f97b202bac7b8acceb18c6ad?s=96&d=mm&r=g\",\"url\":\"https:\/\/secure.gravatar.com\/avatar\/b720319e4c9a967eb58678d110f4fe35452fc5d5f97b202bac7b8acceb18c6ad?s=96&d=mm&r=g\",\"contentUrl\":\"https:\/\/secure.gravatar.com\/avatar\/b720319e4c9a967eb58678d110f4fe35452fc5d5f97b202bac7b8acceb18c6ad?s=96&d=mm&r=g\",\"caption\":\"Coordena\u00e7\u00e3o\"},\"sameAs\":[\"https:\/\/www.facebook.com\/EstrategiaConcursos\",\"https:\/\/x.com\/EstratConcursos\"],\"url\":\"https:\/\/www.estrategiaconcursos.com.br\/blog\/author\/estrategia2013\/\"}]}<\/script>\n<!-- \/ Yoast SEO Premium plugin. -->","yoast_head_json":{"title":"Enem 2018: Segundo dia de prova ter\u00e1 30 minutos a mais","description":"Saiu hoje, o edital do ENEM 2018. Uma das novidades\u00a0para esse ano \u00e9 o tempo extra no segundo dia de prova: ser\u00e3o 30 minutos a mais! Saiba tudo sobre o Edital ENEM 2018 aqui","robots":{"index":"index","follow":"follow","max-snippet":"max-snippet:-1","max-image-preview":"max-image-preview:large","max-video-preview":"max-video-preview:-1"},"canonical":"https:\/\/www.estrategiaconcursos.com.br\/blog\/enem-2018-edital\/","og_locale":"pt_BR","og_type":"article","og_title":"Enem 2018: Inscri\u00e7\u00f5es j\u00e1 est\u00e3o abertas. Confira todas as altera\u00e7\u00f5es do exame.","og_description":"Saiu hoje, o edital do ENEM 2018. Uma das novidades\u00a0para esse ano \u00e9 o tempo extra no segundo dia de prova: ser\u00e3o 30 minutos a mais! Saiba tudo sobre o Edital ENEM 2018 aqui","og_url":"https:\/\/www.estrategiaconcursos.com.br\/blog\/enem-2018-edital\/","og_site_name":"Estrat\u00e9gia Concursos","article_author":"https:\/\/www.facebook.com\/EstrategiaConcursos","article_published_time":"2018-04-04T13:48:54+00:00","article_modified_time":"2022-10-13T18:10:22+00:00","og_image":[{"width":1024,"height":537,"url":"https:\/\/dhg1h5j42swfq.cloudfront.net\/2017\/04\/06102238\/ENEM-02-1024x537.png","type":"image\/png"}],"author":"Coordena\u00e7\u00e3o","twitter_card":"summary_large_image","twitter_creator":"@EstratConcursos","twitter_site":"@EstratConcursos","twitter_misc":{"Escrito por":"Coordena\u00e7\u00e3o","Est. tempo de leitura":"3 minutos"},"schema":{"@context":"https:\/\/schema.org","@graph":[{"@type":"NewsArticle","@id":"https:\/\/www.estrategiaconcursos.com.br\/blog\/enem-2018-edital\/#article","isPartOf":{"@id":"https:\/\/www.estrategiaconcursos.com.br\/blog\/enem-2018-edital\/"},"author":{"name":"Coordena\u00e7\u00e3o","@id":"https:\/\/www.estrategiaconcursos.com.br\/blog\/#\/schema\/person\/b4a388c97673c5f483d72185668afa1f"},"headline":"Enem 2018: Inscri\u00e7\u00f5es j\u00e1 est\u00e3o abertas. Confira todas as altera\u00e7\u00f5es do exame.","datePublished":"2018-04-04T13:48:54+00:00","dateModified":"2022-10-13T18:10:22+00:00","mainEntityOfPage":{"@id":"https:\/\/www.estrategiaconcursos.com.br\/blog\/enem-2018-edital\/"},"wordCount":573,"commentCount":3,"publisher":{"@id":"https:\/\/www.estrategiaconcursos.com.br\/blog\/#organization"},"image":{"@id":"https:\/\/www.estrategiaconcursos.com.br\/blog\/enem-2018-edital\/#primaryimage"},"thumbnailUrl":"https:\/\/dhg1h5j42swfq.cloudfront.net\/2017\/04\/06102238\/ENEM-02.png","articleSection":["Concursos P\u00fablicos"],"inLanguage":"pt-BR","potentialAction":[{"@type":"CommentAction","name":"Comment","target":["https:\/\/www.estrategiaconcursos.com.br\/blog\/enem-2018-edital\/#respond"]}],"copyrightYear":"2018","copyrightHolder":{"@id":"https:\/\/www.estrategiaconcursos.com.br\/blog\/#organization"}},{"@type":"WebPage","@id":"https:\/\/www.estrategiaconcursos.com.br\/blog\/enem-2018-edital\/","url":"https:\/\/www.estrategiaconcursos.com.br\/blog\/enem-2018-edital\/","name":"Enem 2018: Segundo dia de prova ter\u00e1 30 minutos a mais","isPartOf":{"@id":"https:\/\/www.estrategiaconcursos.com.br\/blog\/#website"},"primaryImageOfPage":{"@id":"https:\/\/www.estrategiaconcursos.com.br\/blog\/enem-2018-edital\/#primaryimage"},"image":{"@id":"https:\/\/www.estrategiaconcursos.com.br\/blog\/enem-2018-edital\/#primaryimage"},"thumbnailUrl":"https:\/\/dhg1h5j42swfq.cloudfront.net\/2017\/04\/06102238\/ENEM-02.png","datePublished":"2018-04-04T13:48:54+00:00","dateModified":"2022-10-13T18:10:22+00:00","description":"Saiu hoje, o edital do ENEM 2018. Uma das novidades\u00a0para esse ano \u00e9 o tempo extra no segundo dia de prova: ser\u00e3o 30 minutos a mais! Saiba tudo sobre o Edital ENEM 2018 aqui","breadcrumb":{"@id":"https:\/\/www.estrategiaconcursos.com.br\/blog\/enem-2018-edital\/#breadcrumb"},"inLanguage":"pt-BR","potentialAction":[{"@type":"ReadAction","target":["https:\/\/www.estrategiaconcursos.com.br\/blog\/enem-2018-edital\/"]}]},{"@type":"ImageObject","inLanguage":"pt-BR","@id":"https:\/\/www.estrategiaconcursos.com.br\/blog\/enem-2018-edital\/#primaryimage","url":"https:\/\/dhg1h5j42swfq.cloudfront.net\/2017\/04\/06102238\/ENEM-02.png","contentUrl":"https:\/\/dhg1h5j42swfq.cloudfront.net\/2017\/04\/06102238\/ENEM-02.png","width":2501,"height":1312,"caption":"enem 2018"},{"@type":"BreadcrumbList","@id":"https:\/\/www.estrategiaconcursos.com.br\/blog\/enem-2018-edital\/#breadcrumb","itemListElement":[{"@type":"ListItem","position":1,"name":"In\u00edcio","item":"https:\/\/www.estrategiaconcursos.com.br\/blog\/"},{"@type":"ListItem","position":2,"name":"Enem 2018: Inscri\u00e7\u00f5es j\u00e1 est\u00e3o abertas. Confira todas as altera\u00e7\u00f5es do exame."}]},{"@type":"WebSite","@id":"https:\/\/www.estrategiaconcursos.com.br\/blog\/#website","url":"https:\/\/www.estrategiaconcursos.com.br\/blog\/","name":"Estrat\u00e9gia Concursos","description":"O blog da Estrat\u00e9gia Concursos traz not\u00edcias sobre concursos e artigos de professores oferecendo cursos para concursos (pdf + videaulas) no site.","publisher":{"@id":"https:\/\/www.estrategiaconcursos.com.br\/blog\/#organization"},"potentialAction":[{"@type":"SearchAction","target":{"@type":"EntryPoint","urlTemplate":"https:\/\/www.estrategiaconcursos.com.br\/blog\/?s={search_term_string}"},"query-input":{"@type":"PropertyValueSpecification","valueRequired":true,"valueName":"search_term_string"}}],"inLanguage":"pt-BR"},{"@type":"Organization","@id":"https:\/\/www.estrategiaconcursos.com.br\/blog\/#organization","name":"Estrat\u00e9gia Concursos","url":"https:\/\/www.estrategiaconcursos.com.br\/blog\/","logo":{"@type":"ImageObject","inLanguage":"pt-BR","@id":"https:\/\/www.estrategiaconcursos.com.br\/blog\/#\/schema\/logo\/image\/","url":"https:\/\/dhg1h5j42swfq.cloudfront.net\/2025\/06\/03203428\/logo_concursos-1.jpg","contentUrl":"https:\/\/dhg1h5j42swfq.cloudfront.net\/2025\/06\/03203428\/logo_concursos-1.jpg","width":230,"height":60,"caption":"Estrat\u00e9gia Concursos"},"image":{"@id":"https:\/\/www.estrategiaconcursos.com.br\/blog\/#\/schema\/logo\/image\/"},"sameAs":["https:\/\/x.com\/EstratConcursos"]},{"@type":"Person","@id":"https:\/\/www.estrategiaconcursos.com.br\/blog\/#\/schema\/person\/b4a388c97673c5f483d72185668afa1f","name":"Coordena\u00e7\u00e3o","image":{"@type":"ImageObject","inLanguage":"pt-BR","@id":"https:\/\/secure.gravatar.com\/avatar\/b720319e4c9a967eb58678d110f4fe35452fc5d5f97b202bac7b8acceb18c6ad?s=96&d=mm&r=g","url":"https:\/\/secure.gravatar.com\/avatar\/b720319e4c9a967eb58678d110f4fe35452fc5d5f97b202bac7b8acceb18c6ad?s=96&d=mm&r=g","contentUrl":"https:\/\/secure.gravatar.com\/avatar\/b720319e4c9a967eb58678d110f4fe35452fc5d5f97b202bac7b8acceb18c6ad?s=96&d=mm&r=g","caption":"Coordena\u00e7\u00e3o"},"sameAs":["https:\/\/www.facebook.com\/EstrategiaConcursos","https:\/\/x.com\/EstratConcursos"],"url":"https:\/\/www.estrategiaconcursos.com.br\/blog\/author\/estrategia2013\/"}]}},"_links":{"self":[{"href":"https:\/\/www.estrategiaconcursos.com.br\/blog\/wp-json\/wp\/v2\/posts\/112586","targetHints":{"allow":["GET"]}}],"collection":[{"href":"https:\/\/www.estrategiaconcursos.com.br\/blog\/wp-json\/wp\/v2\/posts"}],"about":[{"href":"https:\/\/www.estrategiaconcursos.com.br\/blog\/wp-json\/wp\/v2\/types\/post"}],"author":[{"embeddable":true,"href":"https:\/\/www.estrategiaconcursos.com.br\/blog\/wp-json\/wp\/v2\/users\/1"}],"replies":[{"embeddable":true,"href":"https:\/\/www.estrategiaconcursos.com.br\/blog\/wp-json\/wp\/v2\/comments?post=112586"}],"version-history":[{"count":28,"href":"https:\/\/www.estrategiaconcursos.com.br\/blog\/wp-json\/wp\/v2\/posts\/112586\/revisions"}],"predecessor-version":[{"id":1109642,"href":"https:\/\/www.estrategiaconcursos.com.br\/blog\/wp-json\/wp\/v2\/posts\/112586\/revisions\/1109642"}],"wp:featuredmedia":[{"embeddable":true,"href":"https:\/\/www.estrategiaconcursos.com.br\/blog\/wp-json\/wp\/v2\/media\/69763"}],"wp:attachment":[{"href":"https:\/\/www.estrategiaconcursos.com.br\/blog\/wp-json\/wp\/v2\/media?parent=112586"}],"wp:term":[{"taxonomy":"category","embeddable":true,"href":"https:\/\/www.estrategiaconcursos.com.br\/blog\/wp-json\/wp\/v2\/categories?post=112586"},{"taxonomy":"post_tag","embeddable":true,"href":"https:\/\/www.estrategiaconcursos.com.br\/blog\/wp-json\/wp\/v2\/tags?post=112586"},{"taxonomy":"tax_estado","embeddable":true,"href":"https:\/\/www.estrategiaconcursos.com.br\/blog\/wp-json\/wp\/v2\/tax_estado?post=112586"}],"curies":[{"name":"wp","href":"https:\/\/api.w.org\/{rel}","templated":true}]}}