{"id":112545,"date":"2018-03-20T18:24:24","date_gmt":"2018-03-20T21:24:24","guid":{"rendered":"https:\/\/www.estrategiaconcursos.com.br\/blog\/?p=112545"},"modified":"2018-03-20T18:24:24","modified_gmt":"2018-03-20T21:24:24","slug":"petrobras-comentarios-prova-de-ti","status":"publish","type":"post","link":"https:\/\/www.estrategiaconcursos.com.br\/blog\/petrobras-comentarios-prova-de-ti\/","title":{"rendered":"PETROBRAS &#8211; Coment\u00e1rios &#8211; Prova de TI"},"content":{"rendered":"<p>Ol\u00e1 Pessoal!\u00a0 Estou aqui para comentar as quest\u00f5es de Gest\u00e3o e Normas que foram cobradas na prova de Analista de Sistema J\u00fanior da PETROBRAS.<\/p>\n<p>Vamos l\u00e1!<\/p>\n<p>21 Um projeto simples de desenvolvimento de software foi modelado em 8 atividades. Cada atividade foi identificada com uma letra. A seguir, foram determinados os predecessores de cada atividade e ainda a dura\u00e7\u00e3o prevista de cada uma. O projeto pode ser descrito pela seguinte Tabela:<\/p>\n<p><img loading=\"lazy\" decoding=\"async\" class=\"alignnone size-medium wp-image-112542\" src=\"https:\/\/dhg1h5j42swfq.cloudfront.net\/2018\/03\/20180137\/Tabela.jpg\" alt=\"\" width=\"300\" height=\"186\" srcset=\"https:\/\/dhg1h5j42swfq.cloudfront.net\/2018\/03\/20180137\/Tabela.jpg 482w, https:\/\/dhg1h5j42swfq.cloudfront.net\/2018\/03\/20180137\/Tabela.jpg 300w\" sizes=\"auto, (max-width: 300px) 100vw, 300px\" \/><\/p>\n<p>Qual \u00e9 o caminho cr\u00edtico do projeto?<\/p>\n<p>(A) S,T,W,Z<br \/>\n(B) S,V,X,Z<br \/>\n(C) S,Y,Z<br \/>\n(D) T,W<br \/>\n(E) V,X<\/p>\n<p><strong>Coment\u00e1rios:<\/strong> Pessoal, montando uma rede pert bem simples descobrimos que o projeto descrito possui \u201c3 caminhos\u201d, <strong><span style=\"color: #0000ff\">STWZ<\/span><\/strong>, SYZ e SVXZ com as respectivas dura\u00e7\u00f5es: <span style=\"color: #0000ff\"><strong>17 dias<\/strong><\/span>, 16 dias e 15 dias.<\/p>\n<p><img loading=\"lazy\" decoding=\"async\" class=\"alignnone size-medium wp-image-112543\" src=\"https:\/\/dhg1h5j42swfq.cloudfront.net\/2018\/03\/20180148\/20180320_174629.jpg\" alt=\"\" width=\"300\" height=\"99\" srcset=\"https:\/\/dhg1h5j42swfq.cloudfront.net\/2018\/03\/20180148\/20180320_174629.jpg 3105w, https:\/\/dhg1h5j42swfq.cloudfront.net\/2018\/03\/20180148\/20180320_174629.jpg 300w, https:\/\/dhg1h5j42swfq.cloudfront.net\/2018\/03\/20180148\/20180320_174629.jpg 768w, https:\/\/dhg1h5j42swfq.cloudfront.net\/2018\/03\/20180148\/20180320_174629.jpg 1024w, https:\/\/dhg1h5j42swfq.cloudfront.net\/2018\/03\/20180148\/20180320_174629.jpg 610w\" sizes=\"auto, (max-width: 300px) 100vw, 300px\" \/><\/p>\n<p>Portanto, no caminho <strong>STWZ n\u00e3o h\u00e1 possibilidade de atraso em nenhuma atividade (as atividades n\u00e3o possuem \u201cfolga\u201d) sem que n\u00e3o haja atraso no prazo final do projeto<\/strong>.<\/p>\n<p>Gabarito letra A.<\/p>\n<p>22 Uma das principais metodologias de ger\u00eancia de projeto \u00e9 o Gerenciamento de Valor Agregado. Usando essa t\u00e9cnica, no meio de um projeto, um gerente de projetos determinou que seu valor planejado (VP) era de R$ 1.150.000,00, enquanto seu valor agregado (VA) era de R$ 1.000.000,00. Ao mesmo tempo, seu custo real (CR) era de R$ 1.200.000,00.<br \/>\nA partir desses valores, qual a varia\u00e7\u00e3o de custo (VC)?<br \/>\n(A) \u2013 R$ 200.000,00<br \/>\n(B) \u2013 R$ 150.000,00<br \/>\n(C) \u2013 R$ 50.000,00<br \/>\n(D) R$ 150.000,00<br \/>\n(E) R$ 200.000,00<\/p>\n<p><strong>Coment\u00e1rio:<\/strong> A quest\u00e3o pede a varia\u00e7\u00e3o de custos do projeto em determinado momento. Usando a formula direto temos que <strong><span style=\"color: #0000ff\">VC = VA \u2013 CR. VC = 1.000.000 \u2013 1.200.000, logo VC = -200.000,00.<\/span><\/strong><\/p>\n<p>Gabarito letra A.<\/p>\n<p>23<br \/>\nAo controlar e monitorar um projeto de desenvolvimento de um sistema de acompanhamento de vendas, um gerente determinou, ap\u00f3s a coleta de dados por meio de um relat\u00f3rio informal de seus subalternos diretos, o grau de progresso da implementa\u00e7\u00e3o dos casos de uso previstos. Essa \u00e9 uma atividade de<br \/>\n(A) avalia\u00e7\u00e3o<br \/>\n(B) corre\u00e7\u00e3o<br \/>\n(C) dire\u00e7\u00e3o<br \/>\n(D) medi\u00e7\u00e3o<br \/>\n(E) organiza\u00e7\u00e3o<\/p>\n<p><strong>Coment\u00e1rios:<\/strong> A quest\u00e3o descreve a atividade de medi\u00e7\u00e3o realizada para verifica\u00e7\u00e3o do progresso das tarefas do projeto.<\/p>\n<p>Gabarito letra D.<\/p>\n<p>24 Foi solicitada a um gerente de projeto a descri\u00e7\u00e3o parcial de um projeto de desenvolvimento de software usando a metodologia conhecida como Estrutura Anal\u00edtica de Projeto (EAP).<\/p>\n<p>Para a realiza\u00e7\u00e3o eficaz dessa tarefa, o gerente deve considerar que<br \/>\n(A) a EAP deve ter sempre a mesma profundidade em todos seus ramos, para manter os pacotes de trabalho no mesmo n\u00edvel de abstra\u00e7\u00e3o.<br \/>\n(B) os entreg\u00e1veis n\u00e3o devem ser representados na EAP, que deve ser em fases do ciclo de vida do projeto.<br \/>\n(C) produtos, servi\u00e7os ou resultados verific\u00e1veis devem ser usados como componentes da EAP.<br \/>\n(D) os subprojetos contratados devem ficar fora da EAP, pois n\u00e3o representam o trabalho da equipe.<br \/>\n(E) os pacotes de trabalho devem aparecer no segundo n\u00edvel da EAP, para que sejam corretamente divididos em unidades menores, que podem ter seu custo e dura\u00e7\u00e3o estimados.<\/p>\n<p><strong>Coment\u00e1rio:<\/strong> Pessoal, vamos analisar as alternativas. A letra A n\u00e3o tem o menor cabimento! A EAP n\u00e3o \u00e9 um instrumento \u201cengessado\u201d. N\u00e3o \u00e9 necess\u00e1rio que todos os seus \u201cramos\u201d tenham a mesma profundidade ou detalhamento.<br \/>\nNa letra B temos uma clara invers\u00e3o. A EAP serve exatamente para representar os entreg\u00e1veis de um projeto. Da mesma maneira, os subprojetos, mesmo que \u201cterceirizados\u201d e que de certo tamb\u00e9m \u201centregar\u00e3o\u201d algum produto devem sim constar na EAP. Por isso a letra D tamb\u00e9m est\u00e1 incorreta.<br \/>\nN\u00e3o necessariamente os pacotes de trabalho aparecer\u00e3o no segundo n\u00edvel da EAP. Como falei, n\u00e3o se trata de uma ferramenta engessada. O n\u00edvel de detalhes dos pacotes de trabalho variar\u00e1 com o tamanho e complexidade do projeto. Por isso a letra E est\u00e1 incorreta.<br \/>\nRestou a letra C que \u00e9 o Gabarito da quest\u00e3o. De fato, todos os produtos, servi\u00e7os ou resultados verific\u00e1veis (gerenci\u00e1veis) devem ser usados como componentes da EAP de um projeto.<\/p>\n<p>25<br \/>\nUma empresa que produz equipamentos foi surpreendida pela entrada no mercado de um novo competidor com pre\u00e7os mais baratos. Por causa disso, teve de iniciar um projeto para diminuir seus custos de produ\u00e7\u00e3o e poder, tamb\u00e9m, baixar seus pre\u00e7os. Esse contexto de inicia\u00e7\u00e3o de projeto pode ser definido como:<\/p>\n<p>(A) Satisfa\u00e7\u00e3o de requisitos regulat\u00f3rios, legais ou sociais.<br \/>\n(B) Satisfa\u00e7\u00e3o de pedidos ou necessidades das partes interessadas.<br \/>\n(C) Implementa\u00e7\u00e3o, modifica\u00e7\u00e3o de estrat\u00e9gias de neg\u00f3cio ou de tecnologias.<br \/>\n(D) Cria\u00e7\u00e3o, melhoria ou corre\u00e7\u00e3o de produtos, processos ou servi\u00e7os.<br \/>\n(E) Diminui\u00e7\u00e3o do risco de neg\u00f3cio da organiza\u00e7\u00e3o.<\/p>\n<p><strong>Coment\u00e1rio:<\/strong> O projeto descrito refere-se \u00e0 modifica\u00e7\u00e3o de estrat\u00e9gias de neg\u00f3cios ou de tecnologia com objetivo de reduzir os custos e consequentemente baixar os pre\u00e7os do produto final a fim de se manter no mercado e at\u00e9 superar o \u201cnovo entrante\u201d no mercado. O objetivo \u00e9 alterar neg\u00f3cio a fim de superar o novo concorrente.<br \/>\nGabarito letra C.<\/p>\n<p>26<br \/>\nDe acordo com os termos da Lei no 13.303 de 30\/06\/2016, o profissional ou empresa cujo conceito no campo de sua especialidade, decorrente de, entre outros requisitos, desempenho anterior, estudos, experi\u00eancia, publica\u00e7\u00f5es, organiza\u00e7\u00e3o e aparelhamento, permita inferir que o seu trabalho \u00e9 essencial e, indiscutivelmente, o mais adequado \u00e0 plena satisfa\u00e7\u00e3o do objeto do contrato, deve ser considerado como sendo de<br \/>\n(A) alto conceito<br \/>\n(B) concorr\u00eancia inadmiss\u00edvel<br \/>\n(C) capacidade extraordin\u00e1ria<br \/>\n(D) habilidade especial<br \/>\n(E) not\u00f3ria especializa\u00e7\u00e3o<\/p>\n<p><strong>Coment\u00e1rios<\/strong>: Como vimos em nossa aula, a contrata\u00e7\u00e3o de servi\u00e7os t\u00e9cnicos por not\u00f3ria especializa\u00e7\u00e3o \u00e9 uma das possibilidades de contrata\u00e7\u00e3o por inexigibilidade previstas na Lei das Estatais. Considera-se de not\u00f3ria especializa\u00e7\u00e3o o profissional ou a empresa cujo conceito no campo de sua especialidade, decorrente de desempenho anterior, estudos, experi\u00eancia, publica\u00e7\u00f5es, organiza\u00e7\u00e3o, aparelhamento, equipe t\u00e9cnica ou outros requisitos relacionados com suas atividades, permita inferir que o seu trabalho \u00e9 essencial e indiscutivelmente o mais adequado \u00e0 plena satisfa\u00e7\u00e3o do objeto do contrato.<br \/>\nGabarito letra E.<\/p>\n<p>27<br \/>\nDe acordo com os termos da Lei no 13.303 de 30\/06\/2016, no caso de julgamento por melhor t\u00e9cnica, ser\u00e1 inclu\u00eddo no instrumento convocat\u00f3rio o valor do<br \/>\n(A) pr\u00eamio<br \/>\n(B) desconto<br \/>\n(C) sorteio<br \/>\n(D) edital<br \/>\n(E) estimado<\/p>\n<p><strong>Coment\u00e1rios:<\/strong> No Art. 34 \u00a7 2\u00ba, a lei define que no caso de julgamento por melhor t\u00e9cnica, o valor do pr\u00eamio ou da remunera\u00e7\u00e3o ser\u00e1 inclu\u00eddo no instrumento convocat\u00f3rio. Quest\u00e3o literal.<br \/>\nGabarito letra A.<\/p>\n<p>28<br \/>\nNos termos da Lei no 13.303\/2016, as demonstra\u00e7\u00f5es cont\u00e1beis auditadas da empresa p\u00fablica e da sociedade de economia mista ser\u00e3o disponibilizadas no s\u00edtio eletr\u00f4nico da empresa ou da sociedade na internet, inclusive em formato eletr\u00f4nico<br \/>\n(A) criptografado<br \/>\n(B) inteligente<br \/>\n(C) especial<br \/>\n(D) dimension\u00e1vel<br \/>\n(E) edit\u00e1vel<\/p>\n<p><strong>Coment\u00e1rios:<\/strong> Mais uma quest\u00e3o literal. No Art. 86, a norma determina que as demonstra\u00e7\u00f5es cont\u00e1beis auditadas da empresa p\u00fablica e da sociedade de economia mista ser\u00e3o disponibilizadas no s\u00edtio eletr\u00f4nico da empresa ou da sociedade na internet, inclusive em formato eletr\u00f4nico <span style=\"text-decoration: underline;color: #0000ff\"><strong>edit\u00e1vel<\/strong><\/span>. A ideia \u201cfacilitar\u201d a fiscaliza\u00e7\u00e3o pelo Estado e pela Sociedade.<\/p>\n<p>Gabarito letra E.<\/p>\n<p>29 Um analista de sistemas de determinada empresa realiza estudos para avaliar a higidez de candidatos a realizar contratos com a empresa onde trabalha. Ele recebe a informa\u00e7\u00e3o de que, em determinadas situa\u00e7\u00f5es, \u00e9 poss\u00edvel a san\u00e7\u00e3o administrativa das pessoas jur\u00eddicas. Nos casos regulados pela Lei no 12.846 de 01\/08\/2013, na esfera administrativa, ser\u00e1 aplicada \u00e0s pessoas jur\u00eddicas consideradas respons\u00e1veis pelos atos lesivos previstos nessa lei a seguinte san\u00e7\u00e3o:<\/p>\n<p>(A) Divulga\u00e7\u00e3o em institui\u00e7\u00f5es da comunidade onde atuam.<br \/>\n(B) Comunica\u00e7\u00e3o aos \u00f3rg\u00e3os municipais da penalidade atribu\u00edda.<br \/>\n(C) Publica\u00e7\u00e3o do ato condenat\u00f3rio em comunicados internos.<br \/>\n(D) Publica\u00e7\u00e3o extraordin\u00e1ria da decis\u00e3o condenat\u00f3ria.<br \/>\n(E) Publica\u00e7\u00e3o em rol de condenados, administrado pelo Governo federal.<\/p>\n<p><strong>Coment\u00e1rios:<\/strong> Na esfera administrativa temos seguintes san\u00e7\u00f5es: Multa e<span style=\"color: #0000ff\"><strong><span style=\"text-decoration: underline\"> publica\u00e7\u00e3o extraordin\u00e1ria de decis\u00e3o administrativa<\/span> <\/strong><\/span>sancionadora. A publica\u00e7\u00e3o extraordin\u00e1ria da decis\u00e3o condenat\u00f3ria ocorrer\u00e1 na forma de extrato de senten\u00e7a, a expensas da pessoa jur\u00eddica, em meios de comunica\u00e7\u00e3o de grande circula\u00e7\u00e3o na \u00e1rea da pr\u00e1tica da infra\u00e7\u00e3o e de atua\u00e7\u00e3o da pessoa jur\u00eddica ou, na sua falta, em publica\u00e7\u00e3o de circula\u00e7\u00e3o nacional, bem como por meio de afixa\u00e7\u00e3o de edital, pelo prazo m\u00ednimo de 30 (trinta) dias, no pr\u00f3prio estabelecimento ou no local de exerc\u00edcio da atividade, de modo vis\u00edvel ao p\u00fablico, e no s\u00edtio eletr\u00f4nico na rede mundial de computadores.<\/p>\n<p>Gabarito letra D.<\/p>\n<p>30<br \/>\nUm gerente da \u00e1rea de marketing pretende divulgar a organiza\u00e7\u00e3o interna da sociedade empresarial onde atua. Estudando a legisla\u00e7\u00e3o em vigor, ele verifica que um dos itens que deve ser levado em conta na aplica\u00e7\u00e3o das san\u00e7\u00f5es previstas na Lei no 12.846\/2013 de 01\/08\/2013 \u00e9 a exist\u00eancia de mecanismos e procedimentos internos de<br \/>\n(A) sele\u00e7\u00e3o<br \/>\n(B) t\u00e9cnica<br \/>\n(C) rota\u00e7\u00e3o<br \/>\n(D) interinidade<br \/>\n(E) integridade<\/p>\n<p><strong>Coment\u00e1rios:<\/strong> Falamos dos agravantes e atenuantes que devem ser levados em considera\u00e7\u00e3o na \u201cdosimetria\u201d da san\u00e7\u00e3o a ser aplicada! Vimos que a exist\u00eancia de um programa (ou mecanismos e procedimentos internos) <span style=\"color: #0000ff\"><strong>de integridade<\/strong> <\/span>na empresa deve ser considerado como atenuante da san\u00e7\u00e3o a ser imposta.<\/p>\n<p>Gabarito letra E.<\/p>\n<p>31<br \/>\nDe acordo com a Lei no 12.846\/2013, h\u00e1 uma proibi\u00e7\u00e3o de receber incentivos, subs\u00eddios, subven\u00e7\u00f5es, doa\u00e7\u00f5es ou empr\u00e9stimos de \u00f3rg\u00e3os ou entidades p\u00fablicas e de institui\u00e7\u00f5es financeiras p\u00fablicas ou controladas pelo poder p\u00fablico. O prazo para se manter essa proibi\u00e7\u00e3o \u00e9 de, no m\u00ednimo,<br \/>\n1 ano, e, no m\u00e1ximo, de<\/p>\n<p>(A) 2 anos<br \/>\n(B) 3 anos<br \/>\n(C) 4 anos<br \/>\n(D) 5 anos<br \/>\n(E) 6 anos<\/p>\n<p><strong>Coment\u00e1rios:<\/strong> Pessoal, conforme estudamos na nossa aula sobre a Lei Anticorrup\u00e7\u00e3o, na esfera judicial est\u00e3o previstas no art. 19 san\u00e7\u00f5es de restri\u00e7\u00f5es ou impedimentos ao exerc\u00edcio de determinados direitos, a saber:<\/p>\n<p>\u2022 Perdimento dos bens, direitos ou valores que representem vantagem ou proveito direta ou indiretamente obtidos da infra\u00e7\u00e3o, ressalvado o direito do lesado ou de terceiro de boa-f\u00e9;<br \/>\n\u2022 Suspens\u00e3o ou interdi\u00e7\u00e3o parcial de suas atividades;<br \/>\n\u2022 Dissolu\u00e7\u00e3o compuls\u00f3ria da pessoa jur\u00eddica; e<br \/>\n\u2022<strong> Proibi\u00e7\u00e3o de receber incentivos, subs\u00eddios, subven\u00e7\u00f5es, doa\u00e7\u00f5es ou empr\u00e9stimos de \u00f3rg\u00e3os ou entidades p\u00fablicas e de institui\u00e7\u00f5es financeiras p\u00fablicas ou controladas pelo poder p\u00fablico, pelo prazo m\u00ednimo de 1 (um) e m\u00e1ximo de<span style=\"text-decoration: underline;color: #0000ff\"> 5 (cinco) anos<\/span>.<\/strong><\/p>\n<p>Gabarito letra D<\/p>\n<p>32<br \/>\nDe acordo com os termos da Lei no 13.303 de 30\/06\/2016, a empresa p\u00fablica e a sociedade de economia mista dever\u00e3o informar os dados relativos \u00e0s san\u00e7\u00f5es por elas aplicadas aos contratados, nos termos definidos no art. 83, de forma a manter atualizado o cadastro de empresas<br \/>\n(A) desabilitadas<br \/>\n(B) expulsas<br \/>\n(C) inid\u00f4neas<br \/>\n(D) extintas<br \/>\n(E) proibidas<\/p>\n<p><strong>Coment\u00e1rios:<\/strong> Quest\u00e3o literal! No Art. 37, a Lei 13.303\/2016 determina que a empresa p\u00fablica e a sociedade de economia mista dever\u00e3o informar os dados relativos \u00e0s san\u00e7\u00f5es por elas aplicadas aos contratados, nos termos definidos no art. 83, de forma a manter atualizado o cadastro de empresas <span style=\"text-decoration: underline\"><strong><span style=\"color: #0000ff;text-decoration: underline\">inid\u00f4neas<\/span> <\/strong><\/span>de que trata o art. 23 da Lei no 12.846, de 1o de agosto de 2013. Falamos do Cadastro Nacional de Empresas Inid\u00f4neas e Suspensas \u2013 CEIS ao estudarmos a Lei 12.846\/13. A referida norma assim estabelece: \u201cArt. 23. Os \u00f3rg\u00e3os ou entidades dos Poderes Executivo, Legislativo e Judici\u00e1rio de todas as esferas de governo dever\u00e3o informar e manter atualizados, para fins de publicidade, no Cadastro Nacional de Empresas Inid\u00f4neas e Suspensas &#8211; CEIS, de car\u00e1ter p\u00fablico, institu\u00eddo no \u00e2mbito do Poder Executivo federal, os dados relativos \u00e0s san\u00e7\u00f5es por eles aplicadas, nos termos do disposto nos arts. 87 e 88 da Lei no 8.666, de 21 de junho de 1993.\u201d<br \/>\nGabarito letra C.<\/p>\n<p>\u00c9 isso pessoal!\u00a0 Espero que tenham ido bem, n\u00e3o s\u00f3 nestas quest\u00f5es, mas tamb\u00e9m no restante da prova!<\/p>\n<p>Grande Abra\u00e7o e Sucesso!<\/p>\n<p>F\u00e1bio Alves<\/p>\n","protected":false},"excerpt":{"rendered":"<p>Ol\u00e1 Pessoal!\u00a0 Estou aqui para comentar as quest\u00f5es de Gest\u00e3o e Normas que foram cobradas na prova de Analista de Sistema J\u00fanior da PETROBRAS. Vamos l\u00e1! 21 Um projeto simples de desenvolvimento de software foi modelado em 8 atividades. Cada atividade foi identificada com uma letra. A seguir, foram determinados os predecessores de cada atividade [&hellip;]<\/p>\n","protected":false},"author":100,"featured_media":0,"comment_status":"open","ping_status":"closed","sticky":false,"template":"","format":"standard","meta":{"post_tipo":"article","footnotes":""},"categories":[1],"tags":[],"tax_estado":[],"class_list":["post-112545","post","type-post","status-publish","format-standard","hentry","category-cursos-e-concursos"],"acf":[],"yoast_head":"<!-- This site is optimized with the Yoast SEO Premium plugin v27.2 (Yoast SEO v27.2) - https:\/\/yoast.com\/product\/yoast-seo-premium-wordpress\/ -->\n<title>PETROBRAS - Coment\u00e1rios - Prova de TI<\/title>\n<meta name=\"robots\" content=\"index, follow, max-snippet:-1, max-image-preview:large, max-video-preview:-1\" \/>\n<link rel=\"canonical\" href=\"https:\/\/www.estrategiaconcursos.com.br\/blog\/petrobras-comentarios-prova-de-ti\/\" \/>\n<meta property=\"og:locale\" content=\"pt_BR\" \/>\n<meta property=\"og:type\" content=\"article\" \/>\n<meta property=\"og:title\" content=\"PETROBRAS - Coment\u00e1rios - Prova de TI\" \/>\n<meta property=\"og:description\" content=\"Ol\u00e1 Pessoal!\u00a0 Estou aqui para comentar as quest\u00f5es de Gest\u00e3o e Normas que foram cobradas na prova de Analista de Sistema J\u00fanior da PETROBRAS. Vamos l\u00e1! 21 Um projeto simples de desenvolvimento de software foi modelado em 8 atividades. Cada atividade foi identificada com uma letra. A seguir, foram determinados os predecessores de cada atividade [&hellip;]\" \/>\n<meta property=\"og:url\" content=\"https:\/\/www.estrategiaconcursos.com.br\/blog\/petrobras-comentarios-prova-de-ti\/\" \/>\n<meta property=\"og:site_name\" content=\"Estrat\u00e9gia Concursos\" \/>\n<meta property=\"article:published_time\" content=\"2018-03-20T21:24:24+00:00\" \/>\n<meta property=\"og:image\" content=\"https:\/\/www.estrategiaconcursos.com.br\/blog\/wp-content\/uploads\/2018\/03\/Tabela-300x186.jpg\" \/>\n<meta name=\"author\" content=\"F\u00e1bio Alves\" \/>\n<meta name=\"twitter:card\" content=\"summary_large_image\" \/>\n<meta name=\"twitter:creator\" content=\"@EstratConcursos\" \/>\n<meta name=\"twitter:site\" content=\"@EstratConcursos\" \/>\n<meta name=\"twitter:label1\" content=\"Escrito por\" \/>\n\t<meta name=\"twitter:data1\" content=\"F\u00e1bio Alves\" \/>\n\t<meta name=\"twitter:label2\" content=\"Est. tempo de leitura\" \/>\n\t<meta name=\"twitter:data2\" content=\"10 minutos\" \/>\n<script type=\"application\/ld+json\" class=\"yoast-schema-graph\">{\"@context\":\"https:\/\/schema.org\",\"@graph\":[{\"@type\":\"NewsArticle\",\"@id\":\"https:\/\/www.estrategiaconcursos.com.br\/blog\/petrobras-comentarios-prova-de-ti\/#article\",\"isPartOf\":{\"@id\":\"https:\/\/www.estrategiaconcursos.com.br\/blog\/petrobras-comentarios-prova-de-ti\/\"},\"author\":{\"name\":\"F\u00e1bio Alves\",\"@id\":\"https:\/\/www.estrategiaconcursos.com.br\/blog\/#\/schema\/person\/fd4e12a9213010d2228e6bc69b89b33a\"},\"headline\":\"PETROBRAS &#8211; Coment\u00e1rios &#8211; Prova de TI\",\"datePublished\":\"2018-03-20T21:24:24+00:00\",\"mainEntityOfPage\":{\"@id\":\"https:\/\/www.estrategiaconcursos.com.br\/blog\/petrobras-comentarios-prova-de-ti\/\"},\"wordCount\":2059,\"commentCount\":0,\"publisher\":{\"@id\":\"https:\/\/www.estrategiaconcursos.com.br\/blog\/#organization\"},\"image\":{\"@id\":\"https:\/\/www.estrategiaconcursos.com.br\/blog\/petrobras-comentarios-prova-de-ti\/#primaryimage\"},\"thumbnailUrl\":\"https:\/\/www.estrategiaconcursos.com.br\/blog\/wp-content\/uploads\/2018\/03\/Tabela-300x186.jpg\",\"articleSection\":[\"Concursos P\u00fablicos\"],\"inLanguage\":\"pt-BR\",\"potentialAction\":[{\"@type\":\"CommentAction\",\"name\":\"Comment\",\"target\":[\"https:\/\/www.estrategiaconcursos.com.br\/blog\/petrobras-comentarios-prova-de-ti\/#respond\"]}],\"copyrightYear\":\"2018\",\"copyrightHolder\":{\"@id\":\"https:\/\/www.estrategiaconcursos.com.br\/blog\/#organization\"}},{\"@type\":\"WebPage\",\"@id\":\"https:\/\/www.estrategiaconcursos.com.br\/blog\/petrobras-comentarios-prova-de-ti\/\",\"url\":\"https:\/\/www.estrategiaconcursos.com.br\/blog\/petrobras-comentarios-prova-de-ti\/\",\"name\":\"PETROBRAS - Coment\u00e1rios - Prova de TI\",\"isPartOf\":{\"@id\":\"https:\/\/www.estrategiaconcursos.com.br\/blog\/#website\"},\"primaryImageOfPage\":{\"@id\":\"https:\/\/www.estrategiaconcursos.com.br\/blog\/petrobras-comentarios-prova-de-ti\/#primaryimage\"},\"image\":{\"@id\":\"https:\/\/www.estrategiaconcursos.com.br\/blog\/petrobras-comentarios-prova-de-ti\/#primaryimage\"},\"thumbnailUrl\":\"https:\/\/www.estrategiaconcursos.com.br\/blog\/wp-content\/uploads\/2018\/03\/Tabela-300x186.jpg\",\"datePublished\":\"2018-03-20T21:24:24+00:00\",\"breadcrumb\":{\"@id\":\"https:\/\/www.estrategiaconcursos.com.br\/blog\/petrobras-comentarios-prova-de-ti\/#breadcrumb\"},\"inLanguage\":\"pt-BR\",\"potentialAction\":[{\"@type\":\"ReadAction\",\"target\":[\"https:\/\/www.estrategiaconcursos.com.br\/blog\/petrobras-comentarios-prova-de-ti\/\"]}]},{\"@type\":\"ImageObject\",\"inLanguage\":\"pt-BR\",\"@id\":\"https:\/\/www.estrategiaconcursos.com.br\/blog\/petrobras-comentarios-prova-de-ti\/#primaryimage\",\"url\":\"https:\/\/dhg1h5j42swfq.cloudfront.net\/2018\/03\/20180137\/Tabela.jpg\",\"contentUrl\":\"https:\/\/dhg1h5j42swfq.cloudfront.net\/2018\/03\/20180137\/Tabela.jpg\",\"width\":482,\"height\":299},{\"@type\":\"BreadcrumbList\",\"@id\":\"https:\/\/www.estrategiaconcursos.com.br\/blog\/petrobras-comentarios-prova-de-ti\/#breadcrumb\",\"itemListElement\":[{\"@type\":\"ListItem\",\"position\":1,\"name\":\"In\u00edcio\",\"item\":\"https:\/\/www.estrategiaconcursos.com.br\/blog\/\"},{\"@type\":\"ListItem\",\"position\":2,\"name\":\"PETROBRAS &#8211; Coment\u00e1rios &#8211; Prova de TI\"}]},{\"@type\":\"WebSite\",\"@id\":\"https:\/\/www.estrategiaconcursos.com.br\/blog\/#website\",\"url\":\"https:\/\/www.estrategiaconcursos.com.br\/blog\/\",\"name\":\"Estrat\u00e9gia Concursos\",\"description\":\"O blog da Estrat\u00e9gia Concursos traz not\u00edcias sobre concursos e artigos de professores oferecendo cursos para concursos (pdf + videaulas) no site.\",\"publisher\":{\"@id\":\"https:\/\/www.estrategiaconcursos.com.br\/blog\/#organization\"},\"potentialAction\":[{\"@type\":\"SearchAction\",\"target\":{\"@type\":\"EntryPoint\",\"urlTemplate\":\"https:\/\/www.estrategiaconcursos.com.br\/blog\/?s={search_term_string}\"},\"query-input\":{\"@type\":\"PropertyValueSpecification\",\"valueRequired\":true,\"valueName\":\"search_term_string\"}}],\"inLanguage\":\"pt-BR\"},{\"@type\":\"Organization\",\"@id\":\"https:\/\/www.estrategiaconcursos.com.br\/blog\/#organization\",\"name\":\"Estrat\u00e9gia Concursos\",\"url\":\"https:\/\/www.estrategiaconcursos.com.br\/blog\/\",\"logo\":{\"@type\":\"ImageObject\",\"inLanguage\":\"pt-BR\",\"@id\":\"https:\/\/www.estrategiaconcursos.com.br\/blog\/#\/schema\/logo\/image\/\",\"url\":\"https:\/\/dhg1h5j42swfq.cloudfront.net\/2025\/06\/03203428\/logo_concursos-1.jpg\",\"contentUrl\":\"https:\/\/dhg1h5j42swfq.cloudfront.net\/2025\/06\/03203428\/logo_concursos-1.jpg\",\"width\":230,\"height\":60,\"caption\":\"Estrat\u00e9gia Concursos\"},\"image\":{\"@id\":\"https:\/\/www.estrategiaconcursos.com.br\/blog\/#\/schema\/logo\/image\/\"},\"sameAs\":[\"https:\/\/x.com\/EstratConcursos\"]},{\"@type\":\"Person\",\"@id\":\"https:\/\/www.estrategiaconcursos.com.br\/blog\/#\/schema\/person\/fd4e12a9213010d2228e6bc69b89b33a\",\"name\":\"F\u00e1bio Alves\",\"image\":{\"@type\":\"ImageObject\",\"inLanguage\":\"pt-BR\",\"@id\":\"https:\/\/secure.gravatar.com\/avatar\/014c4afcbfcf7619f1d2feefbf6091f475f447368bbefcd03c9110b71d59a764?s=96&d=mm&r=g\",\"url\":\"https:\/\/secure.gravatar.com\/avatar\/014c4afcbfcf7619f1d2feefbf6091f475f447368bbefcd03c9110b71d59a764?s=96&d=mm&r=g\",\"contentUrl\":\"https:\/\/secure.gravatar.com\/avatar\/014c4afcbfcf7619f1d2feefbf6091f475f447368bbefcd03c9110b71d59a764?s=96&d=mm&r=g\",\"caption\":\"F\u00e1bio Alves\"},\"url\":\"https:\/\/www.estrategiaconcursos.com.br\/blog\/author\/fabioalvesestrategiaconcursos-com-br\/\"}]}<\/script>\n<!-- \/ Yoast SEO Premium plugin. -->","yoast_head_json":{"title":"PETROBRAS - Coment\u00e1rios - Prova de TI","robots":{"index":"index","follow":"follow","max-snippet":"max-snippet:-1","max-image-preview":"max-image-preview:large","max-video-preview":"max-video-preview:-1"},"canonical":"https:\/\/www.estrategiaconcursos.com.br\/blog\/petrobras-comentarios-prova-de-ti\/","og_locale":"pt_BR","og_type":"article","og_title":"PETROBRAS - Coment\u00e1rios - Prova de TI","og_description":"Ol\u00e1 Pessoal!\u00a0 Estou aqui para comentar as quest\u00f5es de Gest\u00e3o e Normas que foram cobradas na prova de Analista de Sistema J\u00fanior da PETROBRAS. Vamos l\u00e1! 21 Um projeto simples de desenvolvimento de software foi modelado em 8 atividades. Cada atividade foi identificada com uma letra. A seguir, foram determinados os predecessores de cada atividade [&hellip;]","og_url":"https:\/\/www.estrategiaconcursos.com.br\/blog\/petrobras-comentarios-prova-de-ti\/","og_site_name":"Estrat\u00e9gia Concursos","article_published_time":"2018-03-20T21:24:24+00:00","og_image":[{"url":"https:\/\/www.estrategiaconcursos.com.br\/blog\/wp-content\/uploads\/2018\/03\/Tabela-300x186.jpg","type":"","width":"","height":""}],"author":"F\u00e1bio Alves","twitter_card":"summary_large_image","twitter_creator":"@EstratConcursos","twitter_site":"@EstratConcursos","twitter_misc":{"Escrito por":"F\u00e1bio Alves","Est. tempo de leitura":"10 minutos"},"schema":{"@context":"https:\/\/schema.org","@graph":[{"@type":"NewsArticle","@id":"https:\/\/www.estrategiaconcursos.com.br\/blog\/petrobras-comentarios-prova-de-ti\/#article","isPartOf":{"@id":"https:\/\/www.estrategiaconcursos.com.br\/blog\/petrobras-comentarios-prova-de-ti\/"},"author":{"name":"F\u00e1bio Alves","@id":"https:\/\/www.estrategiaconcursos.com.br\/blog\/#\/schema\/person\/fd4e12a9213010d2228e6bc69b89b33a"},"headline":"PETROBRAS &#8211; Coment\u00e1rios &#8211; Prova de TI","datePublished":"2018-03-20T21:24:24+00:00","mainEntityOfPage":{"@id":"https:\/\/www.estrategiaconcursos.com.br\/blog\/petrobras-comentarios-prova-de-ti\/"},"wordCount":2059,"commentCount":0,"publisher":{"@id":"https:\/\/www.estrategiaconcursos.com.br\/blog\/#organization"},"image":{"@id":"https:\/\/www.estrategiaconcursos.com.br\/blog\/petrobras-comentarios-prova-de-ti\/#primaryimage"},"thumbnailUrl":"https:\/\/www.estrategiaconcursos.com.br\/blog\/wp-content\/uploads\/2018\/03\/Tabela-300x186.jpg","articleSection":["Concursos P\u00fablicos"],"inLanguage":"pt-BR","potentialAction":[{"@type":"CommentAction","name":"Comment","target":["https:\/\/www.estrategiaconcursos.com.br\/blog\/petrobras-comentarios-prova-de-ti\/#respond"]}],"copyrightYear":"2018","copyrightHolder":{"@id":"https:\/\/www.estrategiaconcursos.com.br\/blog\/#organization"}},{"@type":"WebPage","@id":"https:\/\/www.estrategiaconcursos.com.br\/blog\/petrobras-comentarios-prova-de-ti\/","url":"https:\/\/www.estrategiaconcursos.com.br\/blog\/petrobras-comentarios-prova-de-ti\/","name":"PETROBRAS - Coment\u00e1rios - Prova de TI","isPartOf":{"@id":"https:\/\/www.estrategiaconcursos.com.br\/blog\/#website"},"primaryImageOfPage":{"@id":"https:\/\/www.estrategiaconcursos.com.br\/blog\/petrobras-comentarios-prova-de-ti\/#primaryimage"},"image":{"@id":"https:\/\/www.estrategiaconcursos.com.br\/blog\/petrobras-comentarios-prova-de-ti\/#primaryimage"},"thumbnailUrl":"https:\/\/www.estrategiaconcursos.com.br\/blog\/wp-content\/uploads\/2018\/03\/Tabela-300x186.jpg","datePublished":"2018-03-20T21:24:24+00:00","breadcrumb":{"@id":"https:\/\/www.estrategiaconcursos.com.br\/blog\/petrobras-comentarios-prova-de-ti\/#breadcrumb"},"inLanguage":"pt-BR","potentialAction":[{"@type":"ReadAction","target":["https:\/\/www.estrategiaconcursos.com.br\/blog\/petrobras-comentarios-prova-de-ti\/"]}]},{"@type":"ImageObject","inLanguage":"pt-BR","@id":"https:\/\/www.estrategiaconcursos.com.br\/blog\/petrobras-comentarios-prova-de-ti\/#primaryimage","url":"https:\/\/dhg1h5j42swfq.cloudfront.net\/2018\/03\/20180137\/Tabela.jpg","contentUrl":"https:\/\/dhg1h5j42swfq.cloudfront.net\/2018\/03\/20180137\/Tabela.jpg","width":482,"height":299},{"@type":"BreadcrumbList","@id":"https:\/\/www.estrategiaconcursos.com.br\/blog\/petrobras-comentarios-prova-de-ti\/#breadcrumb","itemListElement":[{"@type":"ListItem","position":1,"name":"In\u00edcio","item":"https:\/\/www.estrategiaconcursos.com.br\/blog\/"},{"@type":"ListItem","position":2,"name":"PETROBRAS &#8211; Coment\u00e1rios &#8211; Prova de TI"}]},{"@type":"WebSite","@id":"https:\/\/www.estrategiaconcursos.com.br\/blog\/#website","url":"https:\/\/www.estrategiaconcursos.com.br\/blog\/","name":"Estrat\u00e9gia Concursos","description":"O blog da Estrat\u00e9gia Concursos traz not\u00edcias sobre concursos e artigos de professores oferecendo cursos para concursos (pdf + videaulas) no site.","publisher":{"@id":"https:\/\/www.estrategiaconcursos.com.br\/blog\/#organization"},"potentialAction":[{"@type":"SearchAction","target":{"@type":"EntryPoint","urlTemplate":"https:\/\/www.estrategiaconcursos.com.br\/blog\/?s={search_term_string}"},"query-input":{"@type":"PropertyValueSpecification","valueRequired":true,"valueName":"search_term_string"}}],"inLanguage":"pt-BR"},{"@type":"Organization","@id":"https:\/\/www.estrategiaconcursos.com.br\/blog\/#organization","name":"Estrat\u00e9gia Concursos","url":"https:\/\/www.estrategiaconcursos.com.br\/blog\/","logo":{"@type":"ImageObject","inLanguage":"pt-BR","@id":"https:\/\/www.estrategiaconcursos.com.br\/blog\/#\/schema\/logo\/image\/","url":"https:\/\/dhg1h5j42swfq.cloudfront.net\/2025\/06\/03203428\/logo_concursos-1.jpg","contentUrl":"https:\/\/dhg1h5j42swfq.cloudfront.net\/2025\/06\/03203428\/logo_concursos-1.jpg","width":230,"height":60,"caption":"Estrat\u00e9gia Concursos"},"image":{"@id":"https:\/\/www.estrategiaconcursos.com.br\/blog\/#\/schema\/logo\/image\/"},"sameAs":["https:\/\/x.com\/EstratConcursos"]},{"@type":"Person","@id":"https:\/\/www.estrategiaconcursos.com.br\/blog\/#\/schema\/person\/fd4e12a9213010d2228e6bc69b89b33a","name":"F\u00e1bio Alves","image":{"@type":"ImageObject","inLanguage":"pt-BR","@id":"https:\/\/secure.gravatar.com\/avatar\/014c4afcbfcf7619f1d2feefbf6091f475f447368bbefcd03c9110b71d59a764?s=96&d=mm&r=g","url":"https:\/\/secure.gravatar.com\/avatar\/014c4afcbfcf7619f1d2feefbf6091f475f447368bbefcd03c9110b71d59a764?s=96&d=mm&r=g","contentUrl":"https:\/\/secure.gravatar.com\/avatar\/014c4afcbfcf7619f1d2feefbf6091f475f447368bbefcd03c9110b71d59a764?s=96&d=mm&r=g","caption":"F\u00e1bio Alves"},"url":"https:\/\/www.estrategiaconcursos.com.br\/blog\/author\/fabioalvesestrategiaconcursos-com-br\/"}]}},"_links":{"self":[{"href":"https:\/\/www.estrategiaconcursos.com.br\/blog\/wp-json\/wp\/v2\/posts\/112545","targetHints":{"allow":["GET"]}}],"collection":[{"href":"https:\/\/www.estrategiaconcursos.com.br\/blog\/wp-json\/wp\/v2\/posts"}],"about":[{"href":"https:\/\/www.estrategiaconcursos.com.br\/blog\/wp-json\/wp\/v2\/types\/post"}],"author":[{"embeddable":true,"href":"https:\/\/www.estrategiaconcursos.com.br\/blog\/wp-json\/wp\/v2\/users\/100"}],"replies":[{"embeddable":true,"href":"https:\/\/www.estrategiaconcursos.com.br\/blog\/wp-json\/wp\/v2\/comments?post=112545"}],"version-history":[{"count":2,"href":"https:\/\/www.estrategiaconcursos.com.br\/blog\/wp-json\/wp\/v2\/posts\/112545\/revisions"}],"predecessor-version":[{"id":112548,"href":"https:\/\/www.estrategiaconcursos.com.br\/blog\/wp-json\/wp\/v2\/posts\/112545\/revisions\/112548"}],"wp:attachment":[{"href":"https:\/\/www.estrategiaconcursos.com.br\/blog\/wp-json\/wp\/v2\/media?parent=112545"}],"wp:term":[{"taxonomy":"category","embeddable":true,"href":"https:\/\/www.estrategiaconcursos.com.br\/blog\/wp-json\/wp\/v2\/categories?post=112545"},{"taxonomy":"post_tag","embeddable":true,"href":"https:\/\/www.estrategiaconcursos.com.br\/blog\/wp-json\/wp\/v2\/tags?post=112545"},{"taxonomy":"tax_estado","embeddable":true,"href":"https:\/\/www.estrategiaconcursos.com.br\/blog\/wp-json\/wp\/v2\/tax_estado?post=112545"}],"curies":[{"name":"wp","href":"https:\/\/api.w.org\/{rel}","templated":true}]}}