{"id":1125355,"date":"2022-11-17T07:10:14","date_gmt":"2022-11-17T10:10:14","guid":{"rendered":"https:\/\/www.estrategiaconcursos.com.br\/blog\/?p=1125355"},"modified":"2022-11-17T12:44:26","modified_gmt":"2022-11-17T15:44:26","slug":"cetap-organizara-concurso-semas-pa","status":"publish","type":"post","link":"https:\/\/www.estrategiaconcursos.com.br\/blog\/cetap-organizara-concurso-semas-pa\/","title":{"rendered":"CETAP\u00a0organizar\u00e1 o novo edital do concurso Semas PA!"},"content":{"rendered":"\n<p>Foi publicado no Di\u00e1rio Oficial estadual desta quinta-feira, 17 de novembro, o termo de contrato que oficializou o <strong>CETAP <\/strong>como banca organizadora do novo <strong>concurso Semas PA<\/strong>. Veja!<\/p>\n\n\n\n<figure class=\"wp-block-image aligncenter size-full is-resized\"><img loading=\"lazy\" decoding=\"async\" src=\"https:\/\/dhg1h5j42swfq.cloudfront.net\/2022\/11\/17070512\/pa-1.jpg\" alt=\"CETAP\u00a0organizar\u00e1 o novo edital do concurso Semas PA!\" class=\"wp-image-1125356\" width=\"466\" height=\"506\" srcset=\"https:\/\/dhg1h5j42swfq.cloudfront.net\/2022\/11\/17070512\/pa-1.jpg 635w, https:\/\/dhg1h5j42swfq.cloudfront.net\/2022\/11\/17070512\/pa-1-276x300.jpg 276w, https:\/\/dhg1h5j42swfq.cloudfront.net\/2022\/11\/17070512\/pa-1-610x663.jpg 610w, https:\/\/dhg1h5j42swfq.cloudfront.net\/2022\/11\/17070512\/pa-1-150x163.jpg 150w\" sizes=\"auto, (max-width: 466px) 100vw, 466px\" \/><figcaption>CETAP&nbsp;organizar\u00e1 o novo edital do concurso <a href=\"https:\/\/www.semas.pa.gov.br\/\" target=\"_blank\" rel=\"noreferrer noopener\">Semas<\/a> PA!<\/figcaption><\/figure>\n\n\n\n<p><strong>A organizadora j\u00e1 havia sido declarada vencedora do <a href=\"https:\/\/www.estrategiaconcursos.com.br\/blog\/concurso-semas-pa-cetap-licitante-vencedora\/\" target=\"_blank\" rel=\"noreferrer noopener\">processo licitat\u00f3rio<\/a><\/strong>, mas a confirma\u00e7\u00e3o veio agora, com a publica\u00e7\u00e3o do termo de contrato. Portanto, a expectativa fica pela elabora\u00e7\u00e3o e, posteriormente, publica\u00e7\u00e3o do novo edital. <\/p>\n\n\n\n<h2 class=\"wp-block-heading\">Quantas vagas ser\u00e3o ofertadas no novo concurso Semas PA?<\/h2>\n\n\n\n<p>O concurso SEMAS PA ser\u00e1 para provimento de&nbsp;<strong>136 vagas&nbsp;<\/strong>imediatas, al\u00e9m de oportunidades em cadastro de reserva para cargos de n\u00edveis m\u00e9dio e superior. A remunera\u00e7\u00e3o inicial ir\u00e1 variar entre&nbsp;<strong>R$ 1,3 mil e R$ 3,1 mil<\/strong>.&nbsp;<\/p>\n\n\n\n<h3 class=\"wp-block-heading\" id=\"vagas\">Distribui\u00e7\u00e3o das vagas<\/h3>\n\n\n\n<ul class=\"wp-block-list\"><li><strong>T\u00e9cnico em Gest\u00e3o P\u00fablica (N\u00edvel superior \u2013 R$ 3.104,35)<\/strong><ul><li>Administra\u00e7\u00e3o: 03 + CR;<\/li><li>Biblioteconomia: 01 + CR;<\/li><li>Ci\u00eancias Cont\u00e1beis: 01 + CR;<\/li><li>Ci\u00eancias Econ\u00f4micas: 04 + CR;<\/li><li>Servi\u00e7o Social: 01 + CR.<\/li><\/ul><\/li><li><strong>T\u00e9cnico em Gest\u00e3o de Meio Ambiente (N\u00edvel superior \u2013 R$ 3.104,35)<\/strong><ul><li>Agronomia: 10 + CR;<\/li><li>Arquitetura e Urbanismo: 01 + CR;<\/li><li>Biomedicina: 01 + CR;<\/li><li>Ci\u00eancias Biol\u00f3gicas: 06 + CR;<\/li><li>Ci\u00eancias Sociais: 05 + CR;<\/li><li>Engenharia Ambiental: 08 + CR;<\/li><li>Engenharia Civil: 02 + CR;<\/li><li>Engenharia de Alimentos: 02 + CR;<\/li><li>Engenharia de Pesca: 03 + CR;<\/li><li>Engenharia de Produ\u00e7\u00e3o: 01 + CR;<\/li><li>Engenharia Florestal: 16 + CR;<\/li><li>Engenharia Qu\u00edmica: 01 + CR;<\/li><li>Engenharia Sanit\u00e1ria: 01 + CR;<\/li><li>Geografia: 03 + CR;<\/li><li>Geologia: 06 + CR;<\/li><li>Letras: 01 + CR;<\/li><li>Meteorologia: 03 + CR;<\/li><li>Pedagogia: 01 + CR;<\/li><li>Servi\u00e7o Social: 01 + CR;<\/li><li>Turismo: 02 + CR;<\/li><li>Zootecnia: 01 + CR.<\/li><\/ul><\/li><li><strong>T\u00e9cnico em Gest\u00e3o de Inform\u00e1tica&nbsp;(N\u00edvel superior \u2013&nbsp;R$ 3.104,35<\/strong>)<ul><li>03 + CR.<\/li><\/ul><\/li><li><strong>Cargos de&nbsp;N\u00edvel m\u00e9dio (R$ 1.315,50)<\/strong><ul><li>Assistente Administrativo: 33 + CR;<\/li><li>Assistente de Inform\u00e1tica: 04 + CR;<\/li><li>Assistente de Infraestrutura: 04 + CR;<\/li><li>T\u00e9cnico de Laborat\u00f3rio: 07 + CR.<\/li><\/ul><\/li><\/ul>\n\n\n\n<p class=\"has-text-align-center\"><em>Para mais detalhes do concurso SEMAS PA, cujo CETAP organizar\u00e1 o novo certame, acesse o link abaixo. Preparamos um artigo completo, separado por t\u00f3picos, para facilitar a sua compreens\u00e3o:<\/em><\/p>\n\n\n\n<p class=\"has-text-align-center has-background\" style=\"background-color:#d6e0ee;font-size:clamp(14.642px, 0.915rem + ((1vw - 3.2px) * 0.721), 22px);\"><strong>Saiba mais: <a href=\"https:\/\/www.estrategiaconcursos.com.br\/blog\/concurso-semas-pa\/\" target=\"_blank\" rel=\"noreferrer noopener\">concurso Semas PA<\/a><\/strong><\/p>\n\n\n\n<h2 class=\"has-text-align-center wp-block-heading\" id=\"cursos-assinatura\"><em>Quer estudar para o concurso Semas PA?<\/em><\/h2>\n\n\n\n<div class=\"container\" id=\"boxes\">\n  <div class=\"row\">\n\n    <div class=\"col-sm\">\n      <div class=\"banner-estrategia\" id=\"box-assinatura\">\n        <h3 class=\"titulo-assinatura\">Concurso SEMAS PA<\/h3>\n        <p class=\"subtitulo-assinatura\">Conhe\u00e7a nossos cursos<\/p>\n        <div class=\"box-botao\">\n          <a class=\"btn-assinatura\" target=\"_blank\" href=\"https:\/\/www.estrategiaconcursos.com.br\/cursos\/concurso\/\" role=\"button\" rel=\"noopener noreferrer\">Conhe\u00e7a mais<\/a>\n        <\/div>\n      <\/div>\n   \n    <\/div>\n\n  <\/div>\n<\/div>\n\n\n\n<div class=\"container\" id=\"boxes\">\n  <div class=\"row\">\n\n    <div class=\"col-sm\">\n      <div class=\"estrategia\" id=\"box-assinatura\">\n        <h3 class=\"titulo-assinatura\">Assinatura Concursos<\/h3>\n        <p class=\"subtitulo-assinatura\">Assinatura de 1 ano ou 2 anos<\/p>\n        <div class=\"box-botao\">\n          <a class=\"btn-assinatura\" target=\"_blank\" href=\"https:\/\/www.estrategiaconcursos.com.br\/assinaturas\/\" role=\"button\" rel=\"noopener noreferrer\">ASSINE AGORA<\/a>\n        <\/div>\n      <\/div><\/div><\/div><\/div>\n\n\n\n<h2 class=\"has-text-align-center wp-block-heading\" id=\"h-quer-saber-tudo-sobre-concursos-previstos-confira-nossos-artigos\">Quer saber tudo sobre concursos previstos?<br \/>Confira nossos artigos!<\/h2>\n\n\n\n<ul class=\"wp-block-list\"><li><a href=\"https:\/\/www.estrategiaconcursos.com.br\/blog\/concursos-abertos\/\" target=\"_blank\" rel=\"noreferrer noopener\">Concursos abertos<\/a><\/li><li><a href=\"https:\/\/www.estrategiaconcursos.com.br\/blog\/concursos-2022\/\" target=\"_blank\" rel=\"noreferrer noopener\">Concursos 2022<\/a><\/li><\/ul>\n","protected":false},"excerpt":{"rendered":"<p>Foi publicado no Di\u00e1rio Oficial estadual desta quinta-feira, 17 de novembro, o termo de contrato que oficializou o CETAP como banca organizadora do novo concurso Semas PA. Veja! A organizadora j\u00e1 havia sido declarada vencedora do processo licitat\u00f3rio, mas a confirma\u00e7\u00e3o veio agora, com a publica\u00e7\u00e3o do termo de contrato. Portanto, a expectativa fica pela [&hellip;]<\/p>\n","protected":false},"author":2018,"featured_media":891332,"comment_status":"open","ping_status":"closed","sticky":false,"template":"","format":"standard","meta":{"post_tipo":"news","footnotes":""},"categories":[214992,220219],"tags":[],"tax_estado":[219977],"class_list":["post-1125355","post","type-post","status-publish","format-standard","has-post-thumbnail","hentry","category-concursos-administrativos","category-noticias","tax_estado-pa"],"acf":[],"yoast_head":"<!-- This site is optimized with the Yoast SEO Premium plugin v27.2 (Yoast SEO v27.2) - https:\/\/yoast.com\/product\/yoast-seo-premium-wordpress\/ -->\n<title>CETAP\u00a0organizar\u00e1 o novo edital do concurso Semas PA!<\/title>\n<meta name=\"description\" content=\"Foi publicado o termo de contrato que oficializou o CETAP como banca organizadora do novo concurso Semas PA. Veja no artigo!\" \/>\n<meta name=\"robots\" content=\"index, follow, max-snippet:-1, max-image-preview:large, max-video-preview:-1\" \/>\n<link rel=\"canonical\" href=\"https:\/\/www.estrategiaconcursos.com.br\/blog\/cetap-organizara-concurso-semas-pa\/\" \/>\n<meta property=\"og:locale\" content=\"pt_BR\" \/>\n<meta property=\"og:type\" content=\"article\" \/>\n<meta property=\"og:title\" content=\"CETAP\u00a0organizar\u00e1 o novo edital do concurso Semas PA!\" \/>\n<meta property=\"og:description\" content=\"Foi publicado o termo de contrato que oficializou o CETAP como banca organizadora do novo concurso Semas PA. Veja no artigo!\" \/>\n<meta property=\"og:url\" content=\"https:\/\/www.estrategiaconcursos.com.br\/blog\/cetap-organizara-concurso-semas-pa\/\" \/>\n<meta property=\"og:site_name\" content=\"Estrat\u00e9gia Concursos\" \/>\n<meta property=\"article:published_time\" content=\"2022-11-17T10:10:14+00:00\" \/>\n<meta property=\"article:modified_time\" content=\"2022-11-17T15:44:26+00:00\" \/>\n<meta property=\"og:image\" content=\"https:\/\/dhg1h5j42swfq.cloudfront.net\/2021\/10\/22173137\/semas_pa.jpg\" \/>\n\t<meta property=\"og:image:width\" content=\"768\" \/>\n\t<meta property=\"og:image:height\" content=\"432\" \/>\n\t<meta property=\"og:image:type\" content=\"image\/jpeg\" \/>\n<meta name=\"author\" content=\"B\u00e1rbara Carvalho Santos\" \/>\n<meta name=\"twitter:card\" content=\"summary_large_image\" \/>\n<meta name=\"twitter:creator\" content=\"@EstratConcursos\" \/>\n<meta name=\"twitter:site\" content=\"@EstratConcursos\" \/>\n<meta name=\"twitter:label1\" content=\"Escrito por\" \/>\n\t<meta name=\"twitter:data1\" content=\"B\u00e1rbara Carvalho Santos\" \/>\n\t<meta name=\"twitter:label2\" content=\"Est. tempo de leitura\" \/>\n\t<meta name=\"twitter:data2\" content=\"2 minutos\" \/>\n<script type=\"application\/ld+json\" class=\"yoast-schema-graph\">{\"@context\":\"https:\/\/schema.org\",\"@graph\":[{\"@type\":\"NewsArticle\",\"@id\":\"https:\/\/www.estrategiaconcursos.com.br\/blog\/cetap-organizara-concurso-semas-pa\/#article\",\"isPartOf\":{\"@id\":\"https:\/\/www.estrategiaconcursos.com.br\/blog\/cetap-organizara-concurso-semas-pa\/\"},\"author\":{\"name\":\"B\u00e1rbara Carvalho Santos\",\"@id\":\"https:\/\/www.estrategiaconcursos.com.br\/blog\/#\/schema\/person\/e3882259fa157d54c44c21f4ee4e0e60\"},\"headline\":\"CETAP\u00a0organizar\u00e1 o novo edital do concurso Semas PA!\",\"datePublished\":\"2022-11-17T10:10:14+00:00\",\"dateModified\":\"2022-11-17T15:44:26+00:00\",\"mainEntityOfPage\":{\"@id\":\"https:\/\/www.estrategiaconcursos.com.br\/blog\/cetap-organizara-concurso-semas-pa\/\"},\"wordCount\":365,\"commentCount\":0,\"publisher\":{\"@id\":\"https:\/\/www.estrategiaconcursos.com.br\/blog\/#organization\"},\"image\":{\"@id\":\"https:\/\/www.estrategiaconcursos.com.br\/blog\/cetap-organizara-concurso-semas-pa\/#primaryimage\"},\"thumbnailUrl\":\"https:\/\/dhg1h5j42swfq.cloudfront.net\/2021\/10\/22173137\/semas_pa.jpg\",\"articleSection\":[\"Executivo (Administrativa)\",\"\u00daltimas not\u00edcias\"],\"inLanguage\":\"pt-BR\",\"potentialAction\":[{\"@type\":\"CommentAction\",\"name\":\"Comment\",\"target\":[\"https:\/\/www.estrategiaconcursos.com.br\/blog\/cetap-organizara-concurso-semas-pa\/#respond\"]}],\"copyrightYear\":\"2022\",\"copyrightHolder\":{\"@id\":\"https:\/\/www.estrategiaconcursos.com.br\/blog\/#organization\"}},{\"@type\":\"WebPage\",\"@id\":\"https:\/\/www.estrategiaconcursos.com.br\/blog\/cetap-organizara-concurso-semas-pa\/\",\"url\":\"https:\/\/www.estrategiaconcursos.com.br\/blog\/cetap-organizara-concurso-semas-pa\/\",\"name\":\"CETAP\u00a0organizar\u00e1 o novo edital do concurso Semas PA!\",\"isPartOf\":{\"@id\":\"https:\/\/www.estrategiaconcursos.com.br\/blog\/#website\"},\"primaryImageOfPage\":{\"@id\":\"https:\/\/www.estrategiaconcursos.com.br\/blog\/cetap-organizara-concurso-semas-pa\/#primaryimage\"},\"image\":{\"@id\":\"https:\/\/www.estrategiaconcursos.com.br\/blog\/cetap-organizara-concurso-semas-pa\/#primaryimage\"},\"thumbnailUrl\":\"https:\/\/dhg1h5j42swfq.cloudfront.net\/2021\/10\/22173137\/semas_pa.jpg\",\"datePublished\":\"2022-11-17T10:10:14+00:00\",\"dateModified\":\"2022-11-17T15:44:26+00:00\",\"description\":\"Foi publicado o termo de contrato que oficializou o CETAP como banca organizadora do novo concurso Semas PA. Veja no artigo!\",\"breadcrumb\":{\"@id\":\"https:\/\/www.estrategiaconcursos.com.br\/blog\/cetap-organizara-concurso-semas-pa\/#breadcrumb\"},\"inLanguage\":\"pt-BR\",\"potentialAction\":[{\"@type\":\"ReadAction\",\"target\":[\"https:\/\/www.estrategiaconcursos.com.br\/blog\/cetap-organizara-concurso-semas-pa\/\"]}]},{\"@type\":\"ImageObject\",\"inLanguage\":\"pt-BR\",\"@id\":\"https:\/\/www.estrategiaconcursos.com.br\/blog\/cetap-organizara-concurso-semas-pa\/#primaryimage\",\"url\":\"https:\/\/dhg1h5j42swfq.cloudfront.net\/2021\/10\/22173137\/semas_pa.jpg\",\"contentUrl\":\"https:\/\/dhg1h5j42swfq.cloudfront.net\/2021\/10\/22173137\/semas_pa.jpg\",\"width\":768,\"height\":432,\"caption\":\"Concurso Semas PA revis\u00e3o de v\u00e9spera\"},{\"@type\":\"BreadcrumbList\",\"@id\":\"https:\/\/www.estrategiaconcursos.com.br\/blog\/cetap-organizara-concurso-semas-pa\/#breadcrumb\",\"itemListElement\":[{\"@type\":\"ListItem\",\"position\":1,\"name\":\"In\u00edcio\",\"item\":\"https:\/\/www.estrategiaconcursos.com.br\/blog\/\"},{\"@type\":\"ListItem\",\"position\":2,\"name\":\"CETAP\u00a0organizar\u00e1 o novo edital do concurso Semas PA!\"}]},{\"@type\":\"WebSite\",\"@id\":\"https:\/\/www.estrategiaconcursos.com.br\/blog\/#website\",\"url\":\"https:\/\/www.estrategiaconcursos.com.br\/blog\/\",\"name\":\"Estrat\u00e9gia Concursos\",\"description\":\"O blog da Estrat\u00e9gia Concursos traz not\u00edcias sobre concursos e artigos de professores oferecendo cursos para concursos (pdf + videaulas) no site.\",\"publisher\":{\"@id\":\"https:\/\/www.estrategiaconcursos.com.br\/blog\/#organization\"},\"potentialAction\":[{\"@type\":\"SearchAction\",\"target\":{\"@type\":\"EntryPoint\",\"urlTemplate\":\"https:\/\/www.estrategiaconcursos.com.br\/blog\/?s={search_term_string}\"},\"query-input\":{\"@type\":\"PropertyValueSpecification\",\"valueRequired\":true,\"valueName\":\"search_term_string\"}}],\"inLanguage\":\"pt-BR\"},{\"@type\":\"Organization\",\"@id\":\"https:\/\/www.estrategiaconcursos.com.br\/blog\/#organization\",\"name\":\"Estrat\u00e9gia Concursos\",\"url\":\"https:\/\/www.estrategiaconcursos.com.br\/blog\/\",\"logo\":{\"@type\":\"ImageObject\",\"inLanguage\":\"pt-BR\",\"@id\":\"https:\/\/www.estrategiaconcursos.com.br\/blog\/#\/schema\/logo\/image\/\",\"url\":\"https:\/\/dhg1h5j42swfq.cloudfront.net\/2025\/06\/03203428\/logo_concursos-1.jpg\",\"contentUrl\":\"https:\/\/dhg1h5j42swfq.cloudfront.net\/2025\/06\/03203428\/logo_concursos-1.jpg\",\"width\":230,\"height\":60,\"caption\":\"Estrat\u00e9gia Concursos\"},\"image\":{\"@id\":\"https:\/\/www.estrategiaconcursos.com.br\/blog\/#\/schema\/logo\/image\/\"},\"sameAs\":[\"https:\/\/x.com\/EstratConcursos\"]},{\"@type\":\"Person\",\"@id\":\"https:\/\/www.estrategiaconcursos.com.br\/blog\/#\/schema\/person\/e3882259fa157d54c44c21f4ee4e0e60\",\"name\":\"B\u00e1rbara Carvalho Santos\",\"image\":{\"@type\":\"ImageObject\",\"inLanguage\":\"pt-BR\",\"@id\":\"https:\/\/secure.gravatar.com\/avatar\/353300f73140f779692b9be2b39f434d1341e4e34c7f55bd5a990fe29ef352eb?s=96&d=mm&r=g\",\"url\":\"https:\/\/secure.gravatar.com\/avatar\/353300f73140f779692b9be2b39f434d1341e4e34c7f55bd5a990fe29ef352eb?s=96&d=mm&r=g\",\"contentUrl\":\"https:\/\/secure.gravatar.com\/avatar\/353300f73140f779692b9be2b39f434d1341e4e34c7f55bd5a990fe29ef352eb?s=96&d=mm&r=g\",\"caption\":\"B\u00e1rbara Carvalho Santos\"},\"description\":\"M\u00e3e e jornalista formada pela UNIP, possui ampla experi\u00eancia na cobertura de entretenimento em grandes ve\u00edculos, como o site da CNN, RedeTV! e Estrat\u00e9gia Educacional. Atuou tamb\u00e9m em ag\u00eancias de marketing, produtoras musicais e assessorias de imprensa, com foco especial no trabalho com personalidades p\u00fablicas. Atualmente, integra a equipe do Estrat\u00e9gia Concursos, onde \u00e9 respons\u00e1vel pela produ\u00e7\u00e3o de conte\u00fados estrat\u00e9gicos voltados para o setor de concursos p\u00fablicos, com destaque para a \u00e1rea fiscal, gest\u00e3o, controle, concursos administrativos e Minist\u00e9rios participantes do CNU, al\u00e9m de diversos \u00f3rg\u00e3os federais. Tem como miss\u00e3o transformar informa\u00e7\u00f5es complexas em conte\u00fados acess\u00edveis, relevantes e de alto valor para quem sonha com uma carreira no servi\u00e7o p\u00fablico.\",\"url\":\"https:\/\/www.estrategiaconcursos.com.br\/blog\/author\/barbara-santos\/\"}]}<\/script>\n<!-- \/ Yoast SEO Premium plugin. -->","yoast_head_json":{"title":"CETAP\u00a0organizar\u00e1 o novo edital do concurso Semas PA!","description":"Foi publicado o termo de contrato que oficializou o CETAP como banca organizadora do novo concurso Semas PA. Veja no artigo!","robots":{"index":"index","follow":"follow","max-snippet":"max-snippet:-1","max-image-preview":"max-image-preview:large","max-video-preview":"max-video-preview:-1"},"canonical":"https:\/\/www.estrategiaconcursos.com.br\/blog\/cetap-organizara-concurso-semas-pa\/","og_locale":"pt_BR","og_type":"article","og_title":"CETAP\u00a0organizar\u00e1 o novo edital do concurso Semas PA!","og_description":"Foi publicado o termo de contrato que oficializou o CETAP como banca organizadora do novo concurso Semas PA. Veja no artigo!","og_url":"https:\/\/www.estrategiaconcursos.com.br\/blog\/cetap-organizara-concurso-semas-pa\/","og_site_name":"Estrat\u00e9gia Concursos","article_published_time":"2022-11-17T10:10:14+00:00","article_modified_time":"2022-11-17T15:44:26+00:00","og_image":[{"width":768,"height":432,"url":"https:\/\/dhg1h5j42swfq.cloudfront.net\/2021\/10\/22173137\/semas_pa.jpg","type":"image\/jpeg"}],"author":"B\u00e1rbara Carvalho Santos","twitter_card":"summary_large_image","twitter_creator":"@EstratConcursos","twitter_site":"@EstratConcursos","twitter_misc":{"Escrito por":"B\u00e1rbara Carvalho Santos","Est. tempo de leitura":"2 minutos"},"schema":{"@context":"https:\/\/schema.org","@graph":[{"@type":"NewsArticle","@id":"https:\/\/www.estrategiaconcursos.com.br\/blog\/cetap-organizara-concurso-semas-pa\/#article","isPartOf":{"@id":"https:\/\/www.estrategiaconcursos.com.br\/blog\/cetap-organizara-concurso-semas-pa\/"},"author":{"name":"B\u00e1rbara Carvalho Santos","@id":"https:\/\/www.estrategiaconcursos.com.br\/blog\/#\/schema\/person\/e3882259fa157d54c44c21f4ee4e0e60"},"headline":"CETAP\u00a0organizar\u00e1 o novo edital do concurso Semas PA!","datePublished":"2022-11-17T10:10:14+00:00","dateModified":"2022-11-17T15:44:26+00:00","mainEntityOfPage":{"@id":"https:\/\/www.estrategiaconcursos.com.br\/blog\/cetap-organizara-concurso-semas-pa\/"},"wordCount":365,"commentCount":0,"publisher":{"@id":"https:\/\/www.estrategiaconcursos.com.br\/blog\/#organization"},"image":{"@id":"https:\/\/www.estrategiaconcursos.com.br\/blog\/cetap-organizara-concurso-semas-pa\/#primaryimage"},"thumbnailUrl":"https:\/\/dhg1h5j42swfq.cloudfront.net\/2021\/10\/22173137\/semas_pa.jpg","articleSection":["Executivo (Administrativa)","\u00daltimas not\u00edcias"],"inLanguage":"pt-BR","potentialAction":[{"@type":"CommentAction","name":"Comment","target":["https:\/\/www.estrategiaconcursos.com.br\/blog\/cetap-organizara-concurso-semas-pa\/#respond"]}],"copyrightYear":"2022","copyrightHolder":{"@id":"https:\/\/www.estrategiaconcursos.com.br\/blog\/#organization"}},{"@type":"WebPage","@id":"https:\/\/www.estrategiaconcursos.com.br\/blog\/cetap-organizara-concurso-semas-pa\/","url":"https:\/\/www.estrategiaconcursos.com.br\/blog\/cetap-organizara-concurso-semas-pa\/","name":"CETAP\u00a0organizar\u00e1 o novo edital do concurso Semas PA!","isPartOf":{"@id":"https:\/\/www.estrategiaconcursos.com.br\/blog\/#website"},"primaryImageOfPage":{"@id":"https:\/\/www.estrategiaconcursos.com.br\/blog\/cetap-organizara-concurso-semas-pa\/#primaryimage"},"image":{"@id":"https:\/\/www.estrategiaconcursos.com.br\/blog\/cetap-organizara-concurso-semas-pa\/#primaryimage"},"thumbnailUrl":"https:\/\/dhg1h5j42swfq.cloudfront.net\/2021\/10\/22173137\/semas_pa.jpg","datePublished":"2022-11-17T10:10:14+00:00","dateModified":"2022-11-17T15:44:26+00:00","description":"Foi publicado o termo de contrato que oficializou o CETAP como banca organizadora do novo concurso Semas PA. Veja no artigo!","breadcrumb":{"@id":"https:\/\/www.estrategiaconcursos.com.br\/blog\/cetap-organizara-concurso-semas-pa\/#breadcrumb"},"inLanguage":"pt-BR","potentialAction":[{"@type":"ReadAction","target":["https:\/\/www.estrategiaconcursos.com.br\/blog\/cetap-organizara-concurso-semas-pa\/"]}]},{"@type":"ImageObject","inLanguage":"pt-BR","@id":"https:\/\/www.estrategiaconcursos.com.br\/blog\/cetap-organizara-concurso-semas-pa\/#primaryimage","url":"https:\/\/dhg1h5j42swfq.cloudfront.net\/2021\/10\/22173137\/semas_pa.jpg","contentUrl":"https:\/\/dhg1h5j42swfq.cloudfront.net\/2021\/10\/22173137\/semas_pa.jpg","width":768,"height":432,"caption":"Concurso Semas PA revis\u00e3o de v\u00e9spera"},{"@type":"BreadcrumbList","@id":"https:\/\/www.estrategiaconcursos.com.br\/blog\/cetap-organizara-concurso-semas-pa\/#breadcrumb","itemListElement":[{"@type":"ListItem","position":1,"name":"In\u00edcio","item":"https:\/\/www.estrategiaconcursos.com.br\/blog\/"},{"@type":"ListItem","position":2,"name":"CETAP\u00a0organizar\u00e1 o novo edital do concurso Semas PA!"}]},{"@type":"WebSite","@id":"https:\/\/www.estrategiaconcursos.com.br\/blog\/#website","url":"https:\/\/www.estrategiaconcursos.com.br\/blog\/","name":"Estrat\u00e9gia Concursos","description":"O blog da Estrat\u00e9gia Concursos traz not\u00edcias sobre concursos e artigos de professores oferecendo cursos para concursos (pdf + videaulas) no site.","publisher":{"@id":"https:\/\/www.estrategiaconcursos.com.br\/blog\/#organization"},"potentialAction":[{"@type":"SearchAction","target":{"@type":"EntryPoint","urlTemplate":"https:\/\/www.estrategiaconcursos.com.br\/blog\/?s={search_term_string}"},"query-input":{"@type":"PropertyValueSpecification","valueRequired":true,"valueName":"search_term_string"}}],"inLanguage":"pt-BR"},{"@type":"Organization","@id":"https:\/\/www.estrategiaconcursos.com.br\/blog\/#organization","name":"Estrat\u00e9gia Concursos","url":"https:\/\/www.estrategiaconcursos.com.br\/blog\/","logo":{"@type":"ImageObject","inLanguage":"pt-BR","@id":"https:\/\/www.estrategiaconcursos.com.br\/blog\/#\/schema\/logo\/image\/","url":"https:\/\/dhg1h5j42swfq.cloudfront.net\/2025\/06\/03203428\/logo_concursos-1.jpg","contentUrl":"https:\/\/dhg1h5j42swfq.cloudfront.net\/2025\/06\/03203428\/logo_concursos-1.jpg","width":230,"height":60,"caption":"Estrat\u00e9gia Concursos"},"image":{"@id":"https:\/\/www.estrategiaconcursos.com.br\/blog\/#\/schema\/logo\/image\/"},"sameAs":["https:\/\/x.com\/EstratConcursos"]},{"@type":"Person","@id":"https:\/\/www.estrategiaconcursos.com.br\/blog\/#\/schema\/person\/e3882259fa157d54c44c21f4ee4e0e60","name":"B\u00e1rbara Carvalho Santos","image":{"@type":"ImageObject","inLanguage":"pt-BR","@id":"https:\/\/secure.gravatar.com\/avatar\/353300f73140f779692b9be2b39f434d1341e4e34c7f55bd5a990fe29ef352eb?s=96&d=mm&r=g","url":"https:\/\/secure.gravatar.com\/avatar\/353300f73140f779692b9be2b39f434d1341e4e34c7f55bd5a990fe29ef352eb?s=96&d=mm&r=g","contentUrl":"https:\/\/secure.gravatar.com\/avatar\/353300f73140f779692b9be2b39f434d1341e4e34c7f55bd5a990fe29ef352eb?s=96&d=mm&r=g","caption":"B\u00e1rbara Carvalho Santos"},"description":"M\u00e3e e jornalista formada pela UNIP, possui ampla experi\u00eancia na cobertura de entretenimento em grandes ve\u00edculos, como o site da CNN, RedeTV! e Estrat\u00e9gia Educacional. Atuou tamb\u00e9m em ag\u00eancias de marketing, produtoras musicais e assessorias de imprensa, com foco especial no trabalho com personalidades p\u00fablicas. Atualmente, integra a equipe do Estrat\u00e9gia Concursos, onde \u00e9 respons\u00e1vel pela produ\u00e7\u00e3o de conte\u00fados estrat\u00e9gicos voltados para o setor de concursos p\u00fablicos, com destaque para a \u00e1rea fiscal, gest\u00e3o, controle, concursos administrativos e Minist\u00e9rios participantes do CNU, al\u00e9m de diversos \u00f3rg\u00e3os federais. Tem como miss\u00e3o transformar informa\u00e7\u00f5es complexas em conte\u00fados acess\u00edveis, relevantes e de alto valor para quem sonha com uma carreira no servi\u00e7o p\u00fablico.","url":"https:\/\/www.estrategiaconcursos.com.br\/blog\/author\/barbara-santos\/"}]}},"_links":{"self":[{"href":"https:\/\/www.estrategiaconcursos.com.br\/blog\/wp-json\/wp\/v2\/posts\/1125355","targetHints":{"allow":["GET"]}}],"collection":[{"href":"https:\/\/www.estrategiaconcursos.com.br\/blog\/wp-json\/wp\/v2\/posts"}],"about":[{"href":"https:\/\/www.estrategiaconcursos.com.br\/blog\/wp-json\/wp\/v2\/types\/post"}],"author":[{"embeddable":true,"href":"https:\/\/www.estrategiaconcursos.com.br\/blog\/wp-json\/wp\/v2\/users\/2018"}],"replies":[{"embeddable":true,"href":"https:\/\/www.estrategiaconcursos.com.br\/blog\/wp-json\/wp\/v2\/comments?post=1125355"}],"version-history":[{"count":5,"href":"https:\/\/www.estrategiaconcursos.com.br\/blog\/wp-json\/wp\/v2\/posts\/1125355\/revisions"}],"predecessor-version":[{"id":1125575,"href":"https:\/\/www.estrategiaconcursos.com.br\/blog\/wp-json\/wp\/v2\/posts\/1125355\/revisions\/1125575"}],"wp:featuredmedia":[{"embeddable":true,"href":"https:\/\/www.estrategiaconcursos.com.br\/blog\/wp-json\/wp\/v2\/media\/891332"}],"wp:attachment":[{"href":"https:\/\/www.estrategiaconcursos.com.br\/blog\/wp-json\/wp\/v2\/media?parent=1125355"}],"wp:term":[{"taxonomy":"category","embeddable":true,"href":"https:\/\/www.estrategiaconcursos.com.br\/blog\/wp-json\/wp\/v2\/categories?post=1125355"},{"taxonomy":"post_tag","embeddable":true,"href":"https:\/\/www.estrategiaconcursos.com.br\/blog\/wp-json\/wp\/v2\/tags?post=1125355"},{"taxonomy":"tax_estado","embeddable":true,"href":"https:\/\/www.estrategiaconcursos.com.br\/blog\/wp-json\/wp\/v2\/tax_estado?post=1125355"}],"curies":[{"name":"wp","href":"https:\/\/api.w.org\/{rel}","templated":true}]}}