{"id":112330,"date":"2018-03-20T10:36:11","date_gmt":"2018-03-20T13:36:11","guid":{"rendered":"https:\/\/www.estrategiaconcursos.com.br\/blog\/?p=112330"},"modified":"2018-03-20T10:39:18","modified_gmt":"2018-03-20T13:39:18","slug":"estudo-de-casos-trabalho-intermitente","status":"publish","type":"post","link":"https:\/\/www.estrategiaconcursos.com.br\/blog\/estudo-de-casos-trabalho-intermitente\/","title":{"rendered":"Estudo de Casos &#8211; Trabalho Intermitente"},"content":{"rendered":"<p><strong><img loading=\"lazy\" decoding=\"async\" class=\"alignnone size-medium wp-image-111645\" src=\"https:\/\/dhg1h5j42swfq.cloudfront.net\/2018\/03\/15213526\/con2.jpg\" alt=\"ciclo de estudos\" width=\"300\" height=\"200\" srcset=\"https:\/\/dhg1h5j42swfq.cloudfront.net\/2018\/03\/15213526\/con2.jpg 1600w, https:\/\/dhg1h5j42swfq.cloudfront.net\/2018\/03\/15213526\/con2.jpg 300w, https:\/\/dhg1h5j42swfq.cloudfront.net\/2018\/03\/15213526\/con2.jpg 768w, https:\/\/dhg1h5j42swfq.cloudfront.net\/2018\/03\/15213526\/con2.jpg 1024w, https:\/\/dhg1h5j42swfq.cloudfront.net\/2018\/03\/15213526\/con2.jpg 610w\" sizes=\"auto, (max-width: 300px) 100vw, 300px\" \/><\/strong><\/p>\n<p><strong>Tema (Direito do Trabalho):<\/strong><\/p>\n<p><strong>(Quest\u00e3o elaborada pela professora)<\/strong> Jonas e C\u00e9lio celebraram com a empresa XYZ contrato de trabalho intermitente. O contrato de Jonas foi celebrado em 10\/01\/2018, por escrito, mas o contrato de C\u00e9lio foi celebrado verbalmente no dia 05\/01\/18. Os servi\u00e7os de ambos eram prestados com altern\u00e2ncia de per\u00edodos de presta\u00e7\u00e3o de servi\u00e7os e de inatividade, determinados dias. Nos dias em est\u00e3o inativos, ambos prestam servi\u00e7os a outro empregador. Pergunta-se?<\/p>\n<ol>\n<li>O contrato de ambos \u00e9 v\u00e1lido? Se n\u00e3o, quais as conseq\u00fc\u00eancias jur\u00eddicas?<\/li>\n<li><u>Que <strong>parcelas <\/strong>os empregados receber\u00e3o em caso de trabalho intermitente v\u00e1lido? <\/u><strong><u>(Pergunta pouco clara em rela\u00e7\u00e3o ao espelho)<\/u><\/strong><\/li>\n<li>Jonas reivindicou ao seu empregador remunera\u00e7\u00e3o por tempo \u00e0 disposi\u00e7\u00e3o no per\u00edodo de inatividade em que pese o fato de trabalhar para outro empregador. Tal reivindica\u00e7\u00e3o possui amparo jur\u00eddico?<\/li>\n<\/ol>\n<p>No espelho eu cobrei as verbas de extin\u00e7\u00e3o. Fui bem m\u00e1 com voc\u00eas! Acrescento que faz parte do treino para encarar a FCC!!<\/p>\n<p><strong>Observe a grade de corre\u00e7\u00e3o do tema 01:<\/strong><\/p>\n<table>\n<tbody>\n<tr>\n<td width=\"262\"><strong><em>Grade de Corre\u00e7\u00e3o<\/em><\/strong><\/td>\n<td width=\"314\"><strong><em>GABARITO<\/em><\/strong><\/td>\n<\/tr>\n<tr>\n<td width=\"262\"><strong>O contrato de ambos \u00e9 v\u00e1lido? Se n\u00e3o, quais as conseq\u00fc\u00eancias jur\u00eddicas?<\/strong><\/td>\n<td width=\"314\">&nbsp;<\/p>\n<p>O <strong>contrato de Jonas \u00e9 v\u00e1lido<\/strong> porque foi celebrado por escrito, de acordo com a lei da Reforma Trabalhista (Lei 13.467\/17).<\/p>\n<p>O <strong>contrato de C\u00e9lio \u00e9 inv\u00e1lido<\/strong> porque n\u00e3o foi celebrado por escrito e <u>n\u00e3o se admite a forma t\u00e1cita de contrata\u00e7\u00e3o.<\/u><\/p>\n<p>Portanto, <strong>o fato de o contrato de C\u00e9lio ser inv\u00e1lido, acarreta a seguinte conseq\u00fc\u00eancia: <\/strong>Em fun\u00e7\u00e3o disso, <u>para o segundo obreiro, o empregador deve obedecer \u00e0s regras de contrato de trabalho por prazo indeterminado, em raz\u00e3o do princ\u00edpio da continuidade da rela\u00e7\u00e3o de emprego.\u00a0 <\/u><\/p>\n<p><u>\u00a0<\/u><\/p>\n<p><a href=\"http:\/\/www.planalto.gov.br\/ccivil_03\/Decreto-Lei\/Del5452.htm#art452a.\"><em>Art. 452-A.<\/em><\/a><em>\u00a0\u00a0O contrato de trabalho intermitente ser\u00e1 <strong>celebrado por escrito e registrado na CTPS,<\/strong> ainda que previsto acordo coletivo de trabalho ou conven\u00e7\u00e3o coletiva, e conter\u00e1:<\/em><\/p>\n<p><em>I &#8211; identifica\u00e7\u00e3o, assinatura e domic\u00edlio ou sede das partes;\u00a0<\/em><\/p>\n<p><em>II &#8211; valor da hora ou do dia de trabalho, que n\u00e3o poder\u00e1 ser inferior ao valor hor\u00e1rio ou di\u00e1rio do sal\u00e1rio m\u00ednimo, assegurada a remunera\u00e7\u00e3o do trabalho noturno superior \u00e0 do diurno e observado o disposto no \u00a7 12; e<\/em><\/p>\n<p><em>III &#8211; o local e o prazo para o pagamento da remunera\u00e7\u00e3o. <\/em><\/td>\n<\/tr>\n<tr>\n<td width=\"262\"><strong>Que parcelas os empregados receber\u00e3o em caso de trabalho intermitente v\u00e1lido?<\/strong><\/p>\n<p><em>Observei que muitos alunos colocaram apenas o par\u00e1grafo sexto. Eu n\u00e3o fui clara na pergunta de forma proposital. O enunciado da minha quest\u00e3o indica que eu estava perguntando sobre as parcelas devidas ao empregado.<\/em><\/p>\n<p><em>Aqui eu n\u00e3o falei de extin\u00e7\u00e3o do contrato.<\/em><\/p>\n<p><em>\u00a0<\/em><\/p>\n<p><em>\u00a0<\/em><\/p>\n<p><em>\u00a0<\/em><\/p>\n<p><em>A FCC, em algumas provas, \u00e9 mais ampla em sua grade. Por isso, sugiro a men\u00e7\u00e3o das verbas devidas em caso de extin\u00e7\u00e3o do contrato de trabalho intermitente, de acordo com os artigo 452-E e par\u00e1grafos.<\/em><\/td>\n<td width=\"314\">Jonas ter\u00e1 direito \u00e0 remunera\u00e7\u00e3o contratada &#8211; que n\u00e3o pode ser inferior ao m\u00ednimo legal ou ao teto da categoria -, ao repouso semanal remunerado, \u00e0s f\u00e9rias proporcionais com o acr\u00e9scimo do ter\u00e7o constitucional, ao d\u00e9cimo terceiro proporcional e aos adicionais legais &#8211; como hora-extra, noturno e periculosidade.<\/p>\n<p><em>Art. 452 \u2013 A da CLT\u00a0\u00a0\u00a0\u00a0 <\/em><a href=\"http:\/\/www.planalto.gov.br\/ccivil_03\/Decreto-Lei\/Del5452.htm#art452a%C2%A76.\"><em>\u00a7 6<\/em><\/a><a href=\"http:\/\/www.planalto.gov.br\/ccivil_03\/Decreto-Lei\/Del5452.htm#art452a%C2%A76.\"><em><span style=\"text-decoration: line-through\">\u00ba<\/span><\/em><\/a><em>\u00a0\u00a0Na data acordada para o pagamento, observado o disposto no \u00a7 11, o empregado receber\u00e1, de imediato, as seguintes parcelas:<\/em><\/p>\n<p><em>I &#8211; remunera\u00e7\u00e3o;\u00a0<\/em><\/p>\n<p><em>II &#8211; f\u00e9rias proporcionais com acr\u00e9scimo de um ter\u00e7o; \u00a0<\/em><\/p>\n<p><em>III &#8211; d\u00e9cimo terceiro sal\u00e1rio proporcional;\u00a0<\/em><\/p>\n<p><em>IV &#8211; repouso semanal remunerado; e\u00a0<\/em><\/p>\n<p><em>V &#8211; adicionais legais.\u00a0<\/em><\/p>\n<p><strong><em>Oportuno registrar as verbas rescis\u00f3rias:<\/em><\/strong><\/p>\n<p><a href=\"http:\/\/www.planalto.gov.br\/ccivil_03\/Decreto-Lei\/Del5452.htm#art452e\"><em>Art. 452-E<\/em><\/a><em>. Ressalvadas as hip\u00f3teses a que se referem os art. 482 e art. 483, na hip\u00f3tese de extin\u00e7\u00e3o do contrato de trabalho intermitente ser\u00e3o devidas as seguintes verbas rescis\u00f3rias:<\/em><\/p>\n<p><strong><em>I &#8211; pela metade:<\/em><\/strong><\/p>\n<p><em>a)\u00a0\u00a0\u00a0\u00a0\u00a0\u00a0\u00a0 <\/em><em>o aviso pr\u00e9vio indenizado, calculado conforme o art. 452-F; e<\/em><\/p>\n<p><em>b) a indeniza\u00e7\u00e3o sobre o saldo do Fundo de Garantia do Tempo de Servi\u00e7o &#8211; FGTS, prevista no\u00a0<\/em><a href=\"http:\/\/www.planalto.gov.br\/ccivil_03\/LEIS\/L8036consol.htm#art18%C2%A71\"><em>\u00a7 1\u00ba do art. 18 da Lei n\u00ba 8.036, de 11 de maio de 1990<\/em><\/a><em>; e<\/em><\/p>\n<p><strong><em>II &#8211; na integralidade, as demais verbas trabalhistas.<\/em><\/strong><\/p>\n<p><em>\u00a7 1<span style=\"text-decoration: line-through\">\u00ba<\/span>\u00a0\u00a0A extin\u00e7\u00e3o de contrato de trabalho intermitente permite a movimenta\u00e7\u00e3o da conta vinculada do trabalhador no FGTS na forma do\u00a0<\/em><a href=\"http:\/\/www.planalto.gov.br\/ccivil_03\/LEIS\/L8036consol.htm#art20ia\"><em>inciso I-A do art. 20 da Lei n<\/em><\/a><a href=\"http:\/\/www.planalto.gov.br\/ccivil_03\/LEIS\/L8036consol.htm#art20ia\"><em><span style=\"text-decoration: line-through\">\u00ba<\/span><\/em><em>\u00a08.036, de 1990<\/em><\/a><em>, limitada a at\u00e9 oitenta por cento do valor dos dep\u00f3sitos.<\/em><\/p>\n<p><em>\u00a7 2<span style=\"text-decoration: line-through\">\u00ba<\/span>\u00a0\u00a0A extin\u00e7\u00e3o do contrato de trabalho intermitente a que se refere este artigo<strong>\u00a0<\/strong>n\u00e3o autoriza o ingresso no Programa de Seguro-Desemprego.<\/em><\/td>\n<\/tr>\n<tr>\n<td width=\"262\"><strong>\u00a0<\/strong><\/p>\n<p><strong>Jonas reivindicou ao seu empregador remunera\u00e7\u00e3o por tempo \u00e0 disposi\u00e7\u00e3o no per\u00edodo de inatividade em que pese o fato de trabalhar para outro empregador. <\/strong><\/p>\n<p><strong>Tal reivindica\u00e7\u00e3o possui amparo jur\u00eddico?<\/strong><\/p>\n<p>&nbsp;<\/td>\n<td width=\"314\">As reivindica\u00e7\u00f5es de Jonas n\u00e3o encontram amparo legal e podem ser recusadas pela empresa porque o per\u00edodo de inatividade n\u00e3o ser\u00e1 considerado tempo \u00e0 disposi\u00e7\u00e3o do empregador, podendo o trabalhador prestar servi\u00e7os a outros contratantes.<\/p>\n<p><a href=\"http:\/\/www.planalto.gov.br\/ccivil_03\/Decreto-Lei\/Del5452.htm#art452c\"><em>Art. 452-C.<\/em><\/a><em>\u00a0\u00a0Para fins do disposto no \u00a7 3<span style=\"text-decoration: line-through\">\u00ba<\/span>\u00a0do art. 443, considera-se per\u00edodo de inatividade o intervalo temporal distinto daquele para o qual o empregado intermitente haja sido convocado e tenha prestado servi\u00e7os nos termos do \u00a7 1<span style=\"text-decoration: line-through\">\u00ba<\/span>\u00a0do art. 452-A.<\/em><\/p>\n<p><em>\u00a7 1<span style=\"text-decoration: line-through\">\u00ba<\/span>\u00a0\u00a0Durante o per\u00edodo de inatividade, o empregado poder\u00e1 prestar servi\u00e7os de qualquer natureza a outros tomadores de servi\u00e7o, que exer\u00e7am ou n\u00e3o a mesma atividade econ\u00f4mica, utilizando contrato de trabalho intermitente ou outra modalidade de contrato de trabalho.<\/em><\/p>\n<p><em>\u00a7 2<span style=\"text-decoration: line-through\">\u00ba<\/span>\u00a0\u00a0No contrato de trabalho intermitente, o per\u00edodo de inatividade n\u00e3o ser\u00e1 considerado tempo \u00e0 disposi\u00e7\u00e3o do empregador e n\u00e3o ser\u00e1 remunerado, hip\u00f3tese em que restar\u00e1 descaracterizado o contrato de trabalho intermitente caso haja remunera\u00e7\u00e3o por tempo \u00e0 disposi\u00e7\u00e3o no per\u00edodo de inatividade.<\/em><\/td>\n<\/tr>\n<\/tbody>\n<\/table>\n<p>&#8212;&#8212;&#8212;&#8212;&#8212;&#8212;&#8212;&#8212;&#8212;&#8212;&#8212;&#8212;&#8212;&#8212;&#8212;&#8212;&#8212;&#8212;&#8212;&#8212;&#8212;&#8212;&#8212;&#8212;&#8212;&#8212;&#8212;<\/p>\n<p><strong><em>\u00a0<\/em><\/strong>Bons estudos!<\/p>\n<p>Um forte abra\u00e7o,<\/p>\n<p>D\u00e9borah Paiva<\/p>\n<p>&nbsp;<\/p>\n","protected":false},"excerpt":{"rendered":"<p>Tema (Direito do Trabalho): (Quest\u00e3o elaborada pela professora) Jonas e C\u00e9lio celebraram com a empresa XYZ contrato de trabalho intermitente. O contrato de Jonas foi celebrado em 10\/01\/2018, por escrito, mas o contrato de C\u00e9lio foi celebrado verbalmente no dia 05\/01\/18. Os servi\u00e7os de ambos eram prestados com altern\u00e2ncia de per\u00edodos de presta\u00e7\u00e3o de servi\u00e7os [&hellip;]<\/p>\n","protected":false},"author":408,"featured_media":0,"comment_status":"open","ping_status":"closed","sticky":false,"template":"","format":"standard","meta":{"post_tipo":"article","footnotes":""},"categories":[1,1984],"tags":[],"tax_estado":[],"class_list":["post-112330","post","type-post","status-publish","format-standard","hentry","category-cursos-e-concursos","category-tribunais"],"acf":[],"yoast_head":"<!-- This site is optimized with the Yoast SEO Premium plugin v27.2 (Yoast SEO v27.2) - https:\/\/yoast.com\/product\/yoast-seo-premium-wordpress\/ -->\n<title>Estudo de Casos - Trabalho Intermitente<\/title>\n<meta name=\"robots\" content=\"index, follow, max-snippet:-1, max-image-preview:large, max-video-preview:-1\" \/>\n<link rel=\"canonical\" href=\"https:\/\/www.estrategiaconcursos.com.br\/blog\/estudo-de-casos-trabalho-intermitente\/\" \/>\n<meta property=\"og:locale\" content=\"pt_BR\" \/>\n<meta property=\"og:type\" content=\"article\" \/>\n<meta property=\"og:title\" content=\"Estudo de Casos - Trabalho Intermitente\" \/>\n<meta property=\"og:description\" content=\"Tema (Direito do Trabalho): (Quest\u00e3o elaborada pela professora) Jonas e C\u00e9lio celebraram com a empresa XYZ contrato de trabalho intermitente. O contrato de Jonas foi celebrado em 10\/01\/2018, por escrito, mas o contrato de C\u00e9lio foi celebrado verbalmente no dia 05\/01\/18. Os servi\u00e7os de ambos eram prestados com altern\u00e2ncia de per\u00edodos de presta\u00e7\u00e3o de servi\u00e7os [&hellip;]\" \/>\n<meta property=\"og:url\" content=\"https:\/\/www.estrategiaconcursos.com.br\/blog\/estudo-de-casos-trabalho-intermitente\/\" \/>\n<meta property=\"og:site_name\" content=\"Estrat\u00e9gia Concursos\" \/>\n<meta property=\"article:published_time\" content=\"2018-03-20T13:36:11+00:00\" \/>\n<meta property=\"article:modified_time\" content=\"2018-03-20T13:39:18+00:00\" \/>\n<meta property=\"og:image\" content=\"https:\/\/www.estrategiaconcursos.com.br\/blog\/wp-content\/uploads\/2018\/03\/con2-300x200.jpg\" \/>\n<meta name=\"author\" content=\"Deborah Paiva\" \/>\n<meta name=\"twitter:card\" content=\"summary_large_image\" \/>\n<meta name=\"twitter:creator\" content=\"@EstratConcursos\" \/>\n<meta name=\"twitter:site\" content=\"@EstratConcursos\" \/>\n<meta name=\"twitter:label1\" content=\"Escrito por\" \/>\n\t<meta name=\"twitter:data1\" content=\"Deborah Paiva\" \/>\n\t<meta name=\"twitter:label2\" content=\"Est. tempo de leitura\" \/>\n\t<meta name=\"twitter:data2\" content=\"5 minutos\" \/>\n<script type=\"application\/ld+json\" class=\"yoast-schema-graph\">{\"@context\":\"https:\/\/schema.org\",\"@graph\":[{\"@type\":\"NewsArticle\",\"@id\":\"https:\/\/www.estrategiaconcursos.com.br\/blog\/estudo-de-casos-trabalho-intermitente\/#article\",\"isPartOf\":{\"@id\":\"https:\/\/www.estrategiaconcursos.com.br\/blog\/estudo-de-casos-trabalho-intermitente\/\"},\"author\":{\"name\":\"Deborah Paiva\",\"@id\":\"https:\/\/www.estrategiaconcursos.com.br\/blog\/#\/schema\/person\/020032288bda52ebb06d54bdf1fec7ee\"},\"headline\":\"Estudo de Casos &#8211; Trabalho Intermitente\",\"datePublished\":\"2018-03-20T13:36:11+00:00\",\"dateModified\":\"2018-03-20T13:39:18+00:00\",\"mainEntityOfPage\":{\"@id\":\"https:\/\/www.estrategiaconcursos.com.br\/blog\/estudo-de-casos-trabalho-intermitente\/\"},\"wordCount\":984,\"commentCount\":4,\"publisher\":{\"@id\":\"https:\/\/www.estrategiaconcursos.com.br\/blog\/#organization\"},\"image\":{\"@id\":\"https:\/\/www.estrategiaconcursos.com.br\/blog\/estudo-de-casos-trabalho-intermitente\/#primaryimage\"},\"thumbnailUrl\":\"https:\/\/www.estrategiaconcursos.com.br\/blog\/wp-content\/uploads\/2018\/03\/con2-300x200.jpg\",\"articleSection\":[\"Concursos P\u00fablicos\",\"Tribunais\"],\"inLanguage\":\"pt-BR\",\"potentialAction\":[{\"@type\":\"CommentAction\",\"name\":\"Comment\",\"target\":[\"https:\/\/www.estrategiaconcursos.com.br\/blog\/estudo-de-casos-trabalho-intermitente\/#respond\"]}],\"copyrightYear\":\"2018\",\"copyrightHolder\":{\"@id\":\"https:\/\/www.estrategiaconcursos.com.br\/blog\/#organization\"}},{\"@type\":\"WebPage\",\"@id\":\"https:\/\/www.estrategiaconcursos.com.br\/blog\/estudo-de-casos-trabalho-intermitente\/\",\"url\":\"https:\/\/www.estrategiaconcursos.com.br\/blog\/estudo-de-casos-trabalho-intermitente\/\",\"name\":\"Estudo de Casos - Trabalho Intermitente\",\"isPartOf\":{\"@id\":\"https:\/\/www.estrategiaconcursos.com.br\/blog\/#website\"},\"primaryImageOfPage\":{\"@id\":\"https:\/\/www.estrategiaconcursos.com.br\/blog\/estudo-de-casos-trabalho-intermitente\/#primaryimage\"},\"image\":{\"@id\":\"https:\/\/www.estrategiaconcursos.com.br\/blog\/estudo-de-casos-trabalho-intermitente\/#primaryimage\"},\"thumbnailUrl\":\"https:\/\/www.estrategiaconcursos.com.br\/blog\/wp-content\/uploads\/2018\/03\/con2-300x200.jpg\",\"datePublished\":\"2018-03-20T13:36:11+00:00\",\"dateModified\":\"2018-03-20T13:39:18+00:00\",\"breadcrumb\":{\"@id\":\"https:\/\/www.estrategiaconcursos.com.br\/blog\/estudo-de-casos-trabalho-intermitente\/#breadcrumb\"},\"inLanguage\":\"pt-BR\",\"potentialAction\":[{\"@type\":\"ReadAction\",\"target\":[\"https:\/\/www.estrategiaconcursos.com.br\/blog\/estudo-de-casos-trabalho-intermitente\/\"]}]},{\"@type\":\"ImageObject\",\"inLanguage\":\"pt-BR\",\"@id\":\"https:\/\/www.estrategiaconcursos.com.br\/blog\/estudo-de-casos-trabalho-intermitente\/#primaryimage\",\"url\":\"https:\/\/dhg1h5j42swfq.cloudfront.net\/2018\/03\/15213526\/con2.jpg\",\"contentUrl\":\"https:\/\/dhg1h5j42swfq.cloudfront.net\/2018\/03\/15213526\/con2.jpg\",\"width\":1600,\"height\":1068,\"caption\":\"ciclo de estudos\"},{\"@type\":\"BreadcrumbList\",\"@id\":\"https:\/\/www.estrategiaconcursos.com.br\/blog\/estudo-de-casos-trabalho-intermitente\/#breadcrumb\",\"itemListElement\":[{\"@type\":\"ListItem\",\"position\":1,\"name\":\"In\u00edcio\",\"item\":\"https:\/\/www.estrategiaconcursos.com.br\/blog\/\"},{\"@type\":\"ListItem\",\"position\":2,\"name\":\"Estudo de Casos &#8211; Trabalho Intermitente\"}]},{\"@type\":\"WebSite\",\"@id\":\"https:\/\/www.estrategiaconcursos.com.br\/blog\/#website\",\"url\":\"https:\/\/www.estrategiaconcursos.com.br\/blog\/\",\"name\":\"Estrat\u00e9gia Concursos\",\"description\":\"O blog da Estrat\u00e9gia Concursos traz not\u00edcias sobre concursos e artigos de professores oferecendo cursos para concursos (pdf + videaulas) no site.\",\"publisher\":{\"@id\":\"https:\/\/www.estrategiaconcursos.com.br\/blog\/#organization\"},\"potentialAction\":[{\"@type\":\"SearchAction\",\"target\":{\"@type\":\"EntryPoint\",\"urlTemplate\":\"https:\/\/www.estrategiaconcursos.com.br\/blog\/?s={search_term_string}\"},\"query-input\":{\"@type\":\"PropertyValueSpecification\",\"valueRequired\":true,\"valueName\":\"search_term_string\"}}],\"inLanguage\":\"pt-BR\"},{\"@type\":\"Organization\",\"@id\":\"https:\/\/www.estrategiaconcursos.com.br\/blog\/#organization\",\"name\":\"Estrat\u00e9gia Concursos\",\"url\":\"https:\/\/www.estrategiaconcursos.com.br\/blog\/\",\"logo\":{\"@type\":\"ImageObject\",\"inLanguage\":\"pt-BR\",\"@id\":\"https:\/\/www.estrategiaconcursos.com.br\/blog\/#\/schema\/logo\/image\/\",\"url\":\"https:\/\/dhg1h5j42swfq.cloudfront.net\/2025\/06\/03203428\/logo_concursos-1.jpg\",\"contentUrl\":\"https:\/\/dhg1h5j42swfq.cloudfront.net\/2025\/06\/03203428\/logo_concursos-1.jpg\",\"width\":230,\"height\":60,\"caption\":\"Estrat\u00e9gia Concursos\"},\"image\":{\"@id\":\"https:\/\/www.estrategiaconcursos.com.br\/blog\/#\/schema\/logo\/image\/\"},\"sameAs\":[\"https:\/\/x.com\/EstratConcursos\"]},{\"@type\":\"Person\",\"@id\":\"https:\/\/www.estrategiaconcursos.com.br\/blog\/#\/schema\/person\/020032288bda52ebb06d54bdf1fec7ee\",\"name\":\"Deborah Paiva\",\"image\":{\"@type\":\"ImageObject\",\"inLanguage\":\"pt-BR\",\"@id\":\"https:\/\/secure.gravatar.com\/avatar\/a8272e1eb549c3fc129f06cc1c756a4dd7cf153c3cca338cd23580febd4d9d84?s=96&d=mm&r=g\",\"url\":\"https:\/\/secure.gravatar.com\/avatar\/a8272e1eb549c3fc129f06cc1c756a4dd7cf153c3cca338cd23580febd4d9d84?s=96&d=mm&r=g\",\"contentUrl\":\"https:\/\/secure.gravatar.com\/avatar\/a8272e1eb549c3fc129f06cc1c756a4dd7cf153c3cca338cd23580febd4d9d84?s=96&d=mm&r=g\",\"caption\":\"Deborah Paiva\"},\"url\":\"https:\/\/www.estrategiaconcursos.com.br\/blog\/author\/deborahpaivaestrategiaconcursos-com-br\/\"}]}<\/script>\n<!-- \/ Yoast SEO Premium plugin. -->","yoast_head_json":{"title":"Estudo de Casos - Trabalho Intermitente","robots":{"index":"index","follow":"follow","max-snippet":"max-snippet:-1","max-image-preview":"max-image-preview:large","max-video-preview":"max-video-preview:-1"},"canonical":"https:\/\/www.estrategiaconcursos.com.br\/blog\/estudo-de-casos-trabalho-intermitente\/","og_locale":"pt_BR","og_type":"article","og_title":"Estudo de Casos - Trabalho Intermitente","og_description":"Tema (Direito do Trabalho): (Quest\u00e3o elaborada pela professora) Jonas e C\u00e9lio celebraram com a empresa XYZ contrato de trabalho intermitente. O contrato de Jonas foi celebrado em 10\/01\/2018, por escrito, mas o contrato de C\u00e9lio foi celebrado verbalmente no dia 05\/01\/18. Os servi\u00e7os de ambos eram prestados com altern\u00e2ncia de per\u00edodos de presta\u00e7\u00e3o de servi\u00e7os [&hellip;]","og_url":"https:\/\/www.estrategiaconcursos.com.br\/blog\/estudo-de-casos-trabalho-intermitente\/","og_site_name":"Estrat\u00e9gia Concursos","article_published_time":"2018-03-20T13:36:11+00:00","article_modified_time":"2018-03-20T13:39:18+00:00","og_image":[{"url":"https:\/\/www.estrategiaconcursos.com.br\/blog\/wp-content\/uploads\/2018\/03\/con2-300x200.jpg","type":"","width":"","height":""}],"author":"Deborah Paiva","twitter_card":"summary_large_image","twitter_creator":"@EstratConcursos","twitter_site":"@EstratConcursos","twitter_misc":{"Escrito por":"Deborah Paiva","Est. tempo de leitura":"5 minutos"},"schema":{"@context":"https:\/\/schema.org","@graph":[{"@type":"NewsArticle","@id":"https:\/\/www.estrategiaconcursos.com.br\/blog\/estudo-de-casos-trabalho-intermitente\/#article","isPartOf":{"@id":"https:\/\/www.estrategiaconcursos.com.br\/blog\/estudo-de-casos-trabalho-intermitente\/"},"author":{"name":"Deborah Paiva","@id":"https:\/\/www.estrategiaconcursos.com.br\/blog\/#\/schema\/person\/020032288bda52ebb06d54bdf1fec7ee"},"headline":"Estudo de Casos &#8211; Trabalho Intermitente","datePublished":"2018-03-20T13:36:11+00:00","dateModified":"2018-03-20T13:39:18+00:00","mainEntityOfPage":{"@id":"https:\/\/www.estrategiaconcursos.com.br\/blog\/estudo-de-casos-trabalho-intermitente\/"},"wordCount":984,"commentCount":4,"publisher":{"@id":"https:\/\/www.estrategiaconcursos.com.br\/blog\/#organization"},"image":{"@id":"https:\/\/www.estrategiaconcursos.com.br\/blog\/estudo-de-casos-trabalho-intermitente\/#primaryimage"},"thumbnailUrl":"https:\/\/www.estrategiaconcursos.com.br\/blog\/wp-content\/uploads\/2018\/03\/con2-300x200.jpg","articleSection":["Concursos P\u00fablicos","Tribunais"],"inLanguage":"pt-BR","potentialAction":[{"@type":"CommentAction","name":"Comment","target":["https:\/\/www.estrategiaconcursos.com.br\/blog\/estudo-de-casos-trabalho-intermitente\/#respond"]}],"copyrightYear":"2018","copyrightHolder":{"@id":"https:\/\/www.estrategiaconcursos.com.br\/blog\/#organization"}},{"@type":"WebPage","@id":"https:\/\/www.estrategiaconcursos.com.br\/blog\/estudo-de-casos-trabalho-intermitente\/","url":"https:\/\/www.estrategiaconcursos.com.br\/blog\/estudo-de-casos-trabalho-intermitente\/","name":"Estudo de Casos - Trabalho Intermitente","isPartOf":{"@id":"https:\/\/www.estrategiaconcursos.com.br\/blog\/#website"},"primaryImageOfPage":{"@id":"https:\/\/www.estrategiaconcursos.com.br\/blog\/estudo-de-casos-trabalho-intermitente\/#primaryimage"},"image":{"@id":"https:\/\/www.estrategiaconcursos.com.br\/blog\/estudo-de-casos-trabalho-intermitente\/#primaryimage"},"thumbnailUrl":"https:\/\/www.estrategiaconcursos.com.br\/blog\/wp-content\/uploads\/2018\/03\/con2-300x200.jpg","datePublished":"2018-03-20T13:36:11+00:00","dateModified":"2018-03-20T13:39:18+00:00","breadcrumb":{"@id":"https:\/\/www.estrategiaconcursos.com.br\/blog\/estudo-de-casos-trabalho-intermitente\/#breadcrumb"},"inLanguage":"pt-BR","potentialAction":[{"@type":"ReadAction","target":["https:\/\/www.estrategiaconcursos.com.br\/blog\/estudo-de-casos-trabalho-intermitente\/"]}]},{"@type":"ImageObject","inLanguage":"pt-BR","@id":"https:\/\/www.estrategiaconcursos.com.br\/blog\/estudo-de-casos-trabalho-intermitente\/#primaryimage","url":"https:\/\/dhg1h5j42swfq.cloudfront.net\/2018\/03\/15213526\/con2.jpg","contentUrl":"https:\/\/dhg1h5j42swfq.cloudfront.net\/2018\/03\/15213526\/con2.jpg","width":1600,"height":1068,"caption":"ciclo de estudos"},{"@type":"BreadcrumbList","@id":"https:\/\/www.estrategiaconcursos.com.br\/blog\/estudo-de-casos-trabalho-intermitente\/#breadcrumb","itemListElement":[{"@type":"ListItem","position":1,"name":"In\u00edcio","item":"https:\/\/www.estrategiaconcursos.com.br\/blog\/"},{"@type":"ListItem","position":2,"name":"Estudo de Casos &#8211; Trabalho Intermitente"}]},{"@type":"WebSite","@id":"https:\/\/www.estrategiaconcursos.com.br\/blog\/#website","url":"https:\/\/www.estrategiaconcursos.com.br\/blog\/","name":"Estrat\u00e9gia Concursos","description":"O blog da Estrat\u00e9gia Concursos traz not\u00edcias sobre concursos e artigos de professores oferecendo cursos para concursos (pdf + videaulas) no site.","publisher":{"@id":"https:\/\/www.estrategiaconcursos.com.br\/blog\/#organization"},"potentialAction":[{"@type":"SearchAction","target":{"@type":"EntryPoint","urlTemplate":"https:\/\/www.estrategiaconcursos.com.br\/blog\/?s={search_term_string}"},"query-input":{"@type":"PropertyValueSpecification","valueRequired":true,"valueName":"search_term_string"}}],"inLanguage":"pt-BR"},{"@type":"Organization","@id":"https:\/\/www.estrategiaconcursos.com.br\/blog\/#organization","name":"Estrat\u00e9gia Concursos","url":"https:\/\/www.estrategiaconcursos.com.br\/blog\/","logo":{"@type":"ImageObject","inLanguage":"pt-BR","@id":"https:\/\/www.estrategiaconcursos.com.br\/blog\/#\/schema\/logo\/image\/","url":"https:\/\/dhg1h5j42swfq.cloudfront.net\/2025\/06\/03203428\/logo_concursos-1.jpg","contentUrl":"https:\/\/dhg1h5j42swfq.cloudfront.net\/2025\/06\/03203428\/logo_concursos-1.jpg","width":230,"height":60,"caption":"Estrat\u00e9gia Concursos"},"image":{"@id":"https:\/\/www.estrategiaconcursos.com.br\/blog\/#\/schema\/logo\/image\/"},"sameAs":["https:\/\/x.com\/EstratConcursos"]},{"@type":"Person","@id":"https:\/\/www.estrategiaconcursos.com.br\/blog\/#\/schema\/person\/020032288bda52ebb06d54bdf1fec7ee","name":"Deborah Paiva","image":{"@type":"ImageObject","inLanguage":"pt-BR","@id":"https:\/\/secure.gravatar.com\/avatar\/a8272e1eb549c3fc129f06cc1c756a4dd7cf153c3cca338cd23580febd4d9d84?s=96&d=mm&r=g","url":"https:\/\/secure.gravatar.com\/avatar\/a8272e1eb549c3fc129f06cc1c756a4dd7cf153c3cca338cd23580febd4d9d84?s=96&d=mm&r=g","contentUrl":"https:\/\/secure.gravatar.com\/avatar\/a8272e1eb549c3fc129f06cc1c756a4dd7cf153c3cca338cd23580febd4d9d84?s=96&d=mm&r=g","caption":"Deborah Paiva"},"url":"https:\/\/www.estrategiaconcursos.com.br\/blog\/author\/deborahpaivaestrategiaconcursos-com-br\/"}]}},"_links":{"self":[{"href":"https:\/\/www.estrategiaconcursos.com.br\/blog\/wp-json\/wp\/v2\/posts\/112330","targetHints":{"allow":["GET"]}}],"collection":[{"href":"https:\/\/www.estrategiaconcursos.com.br\/blog\/wp-json\/wp\/v2\/posts"}],"about":[{"href":"https:\/\/www.estrategiaconcursos.com.br\/blog\/wp-json\/wp\/v2\/types\/post"}],"author":[{"embeddable":true,"href":"https:\/\/www.estrategiaconcursos.com.br\/blog\/wp-json\/wp\/v2\/users\/408"}],"replies":[{"embeddable":true,"href":"https:\/\/www.estrategiaconcursos.com.br\/blog\/wp-json\/wp\/v2\/comments?post=112330"}],"version-history":[{"count":2,"href":"https:\/\/www.estrategiaconcursos.com.br\/blog\/wp-json\/wp\/v2\/posts\/112330\/revisions"}],"predecessor-version":[{"id":112412,"href":"https:\/\/www.estrategiaconcursos.com.br\/blog\/wp-json\/wp\/v2\/posts\/112330\/revisions\/112412"}],"wp:attachment":[{"href":"https:\/\/www.estrategiaconcursos.com.br\/blog\/wp-json\/wp\/v2\/media?parent=112330"}],"wp:term":[{"taxonomy":"category","embeddable":true,"href":"https:\/\/www.estrategiaconcursos.com.br\/blog\/wp-json\/wp\/v2\/categories?post=112330"},{"taxonomy":"post_tag","embeddable":true,"href":"https:\/\/www.estrategiaconcursos.com.br\/blog\/wp-json\/wp\/v2\/tags?post=112330"},{"taxonomy":"tax_estado","embeddable":true,"href":"https:\/\/www.estrategiaconcursos.com.br\/blog\/wp-json\/wp\/v2\/tax_estado?post=112330"}],"curies":[{"name":"wp","href":"https:\/\/api.w.org\/{rel}","templated":true}]}}