{"id":1123290,"date":"2022-11-21T16:19:00","date_gmt":"2022-11-21T19:19:00","guid":{"rendered":"https:\/\/www.estrategiaconcursos.com.br\/blog\/?p=1123290"},"modified":"2022-11-21T14:37:20","modified_gmt":"2022-11-21T17:37:20","slug":"pm-ce-poderes","status":"publish","type":"post","link":"https:\/\/www.estrategiaconcursos.com.br\/blog\/pm-ce-poderes\/","title":{"rendered":"PM CE: Poderes"},"content":{"rendered":"\n<p>No artigo de hoje, PM CE: Poderes, um resumo dos principais pontos doutrin\u00e1rios ser\u00e1 apresentado para voc\u00ea que precisa saber para a prova, conforme an\u00e1lise da <a href=\"http:\/\/concurso.idecan.org.br\/Concurso.aspx?ID=65\">IDECAN<\/a>.<\/p>\n\n\n\n<figure class=\"wp-block-gallery has-nested-images columns-default is-cropped wp-block-gallery-1 is-layout-flex wp-block-gallery-is-layout-flex\">\n<figure class=\"wp-block-image size-large\"><img loading=\"lazy\" decoding=\"async\" width=\"206\" height=\"245\" data-id=\"1123312\" src=\"https:\/\/dhg1h5j42swfq.cloudfront.net\/2022\/11\/10161108\/pm-ce-3.png\" alt=\"\" class=\"wp-image-1123312\" srcset=\"https:\/\/dhg1h5j42swfq.cloudfront.net\/2022\/11\/10161108\/pm-ce-3.png 206w, https:\/\/dhg1h5j42swfq.cloudfront.net\/2022\/11\/10161108\/pm-ce-3-150x178.png 150w\" sizes=\"auto, (max-width: 206px) 100vw, 206px\" \/><figcaption>PM CE<\/figcaption><\/figure>\n<\/figure>\n\n\n\n<p>Ser\u00e3o abordadas as<strong> principais defini\u00e7\u00f5es <\/strong><strong>para o<\/strong> concurso da Pol\u00edcia Militar do Estado do Esp\u00edrito Santo. Dessa forma, o objetivo \u00e9 gabaritar a prova.&nbsp;<strong><\/strong><\/p>\n\n\n\n<h2 class=\"wp-block-heading\" id=\"h-poder-executivo-pm-ce-poderes\">Poder Executivo &#8211; PM CE: Poderes<\/h2>\n\n\n\n<p>O Poder Executivo, assim como os demais Poderes do Estado, possui fun\u00e7\u00f5es t\u00edpicas e fun\u00e7\u00f5es at\u00edpicas. A <strong>fun\u00e7\u00e3o t\u00edpica<\/strong> do<\/p>\n\n\n\n<p>&nbsp;Poder Executivo \u00e9 a fun\u00e7\u00e3o executiva, que abrange atividades de:<\/p>\n\n\n\n<ul class=\"wp-block-list\"><li><strong>Chefia de Governo<\/strong><\/li><li><strong>Chefia de Estado e<\/strong><\/li><li><strong>Chefia da Administra\u00e7\u00e3o P\u00fablica<\/strong>.<\/li><\/ul>\n\n\n\n<p>Assim, o Poder Executivo \u00e9, afinal, o respons\u00e1vel por impulsionar e dirigir a a\u00e7\u00e3o estatal, seja no plano interno ou no plano internacional.<\/p>\n\n\n\n<p>A doutrina considera que a fun\u00e7\u00e3o executiva subdivide-se em duas:<\/p>\n\n\n\n<p>i) fun\u00e7\u00e3o de governo (atribui\u00e7\u00f5es de decis\u00e3o pol\u00edtica) e;<\/p>\n\n\n\n<p>ii) fun\u00e7\u00e3o administrativa (atribui\u00e7\u00f5es relacionadas \u00e0 presta\u00e7\u00e3o de servi\u00e7o p\u00fablico).<\/p>\n\n\n\n<p>O Poder Executivo <strong>tamb\u00e9m exerce fun\u00e7\u00f5es at\u00edpicas<\/strong>:<strong> fun\u00e7\u00e3o legislativa<\/strong> (quando edita medidas provis\u00f3rias, leis delegadas e decretos aut\u00f4nomos) e <strong>fun\u00e7\u00e3o de julgamento<\/strong> (no \u00e2mbito do contencioso administrativo, como, por exemplo, quando julga um processo administrativo disciplinar).<\/p>\n\n\n\n<p>Dessa forma, cabe destacar que<strong> a doutrina majorit\u00e1ria entende que o Poder Executivo n\u00e3o exerce fun\u00e7\u00e3o jurisdicional.<\/strong><\/p>\n\n\n\n<p>Segundo o Prof. Gilmar Mendes, a realidade pol\u00edtica brasileira demonstra uma <strong><em>hiperpotencializa\u00e7\u00e3o<\/em> do Poder Executivo<\/strong>, centrado na figura do Presidente da Rep\u00fablica; nesse sentido, \u00e9 percept\u00edvel, em nosso modelo pol\u00edtico, a <strong>proemin\u00eancia do Poder Executivo sobre os demais Poderes<\/strong>.<\/p>\n\n\n\n<h2 class=\"wp-block-heading\" id=\"h-presidencialismo-x-parlamentarismo\">Presidencialismo x Parlamentarismo<\/h2>\n\n\n\n<p>O sistema de governo adotado por um Estado \u00e9 o modo como se d\u00e1 a rela\u00e7\u00e3o entre os Poderes, notadamente entre o Poder Executivo e o Poder Legislativo. N\u00e3o se confunde com forma de governo (que pode ser Rep\u00fablica ou Monarquia), tampouco com forma de Estado (Estado unit\u00e1rio ou Estado federal).<\/p>\n\n\n\n<p>H\u00e1 dois sistemas de governo amplamente utilizados mundo afora:<\/p>\n\n\n\n<p>i) o <strong>presidencialismo<\/strong> e;<\/p>\n\n\n\n<p>ii) o <strong>parlamentarismo<\/strong>.<\/p>\n\n\n\n<h2 class=\"wp-block-heading\" id=\"h-funcoes-do-poder-legislativo-pm-ce-poderes\"><strong>Fun\u00e7\u00f5es do Poder Legislativo<\/strong> &#8211; <strong>PM CE: Poderes<\/strong><\/h2>\n\n\n\n<p>O <strong>poder pol\u00edtico<\/strong> \u00e9 <strong>uno e indivis\u00edvel<\/strong>, tendo como titular o <strong>povo<\/strong>, que o exerce por meio de seus representantes ou, diretamente, nos termos da Constitui\u00e7\u00e3o&nbsp; Federal. Consagra-se, assim, <strong>a soberania popular<\/strong>, que \u00e9 viga mestra do Estado democr\u00e1tico de direito.<\/p>\n\n\n\n<p>O poder pol\u00edtico \u00e9 uno e indivis\u00edvel, tendo como titular o povo, que o exerce por meio de seus representantes ou, diretamente, nos termos da Constitui\u00e7\u00e3o Federal. Consagra-se, assim, a soberania popular, que \u00e9 viga mestra do Estado democr\u00e1tico de direito.<\/p>\n\n\n\n<p>Para alcan\u00e7ar os seus fins, o Estado deve organizar-se, o que \u00e9 feito levando-se em considera\u00e7\u00e3o o <strong>princ\u00edpio da separa\u00e7\u00e3o de poderes<\/strong>, ideia defendida, ao longo dos tempos, por pensadores do porte de Montesquieu e John Locke.<\/p>\n\n\n\n<p>Assim, atualmente, por reconhecer-se que o poder pol\u00edtico \u00e9 uno e indivis\u00edvel, \u00e9 tecnicamente mais adequado nos referirmos \u00e0 <strong>separa\u00e7\u00e3o de fun\u00e7\u00f5es<\/strong> <strong>estatais (e n\u00e3o \u00e0 separa\u00e7\u00e3o de poderes).<\/strong><\/p>\n\n\n\n<p>S\u00e3o 3 (tr\u00eas) as fun\u00e7\u00f5es estatais b\u00e1sicas:<\/p>\n\n\n\n<ul class=\"wp-block-list\"><li>fun\u00e7\u00e3o executiva<\/li><li>fun\u00e7\u00e3o legislativa<\/li><li>fun\u00e7\u00e3o judici\u00e1ria<\/li><\/ul>\n\n\n\n<p>Cada uma dessas fun\u00e7\u00f5es \u00e9 <strong>exercida com predomin\u00e2ncia<\/strong> por um tr\u00eas Poderes (Poder Executivo, Poder Legislativo e Poder Judici\u00e1rio).<\/p>\n\n\n\n<p>Dessa forma, na organiza\u00e7\u00e3o dos Estados contempor\u00e2neos, <strong>n\u00e3o se admite que tais fun\u00e7\u00f5es sejam exercidas com exclusividade<\/strong> por algum Poder; por isso, o correto \u00e9 dizer que cada fun\u00e7\u00e3o \u00e9 exercida com predomin\u00e2ncia por algum dos tr\u00eas Poderes.<\/p>\n\n\n\n<p>Assim, na moderna concep\u00e7\u00e3o de divis\u00e3o das fun\u00e7\u00f5es estatais, cada um dos tr\u00eas Poderes exerce <strong>fun\u00e7\u00f5es t\u00edpicas e fun\u00e7\u00f5es at\u00edpicas<\/strong>.<\/p>\n\n\n\n<p>O <strong>Poder Legislativo<\/strong> tem duas <strong>fun\u00e7\u00f5es t\u00edpicas<\/strong> (aquelas que exerce com predomin\u00e2ncia): a fun\u00e7\u00e3o de <strong>legislar e a de fiscalizar<\/strong>. A fun\u00e7\u00e3o de legislar consiste na tarefa de elaborar as leis, atos normativos que inovam o ordenamento jur\u00eddico.<\/p>\n\n\n\n<p>Por sua vez, a fun\u00e7\u00e3o de fiscalizar se manifesta no controle externo dos atos dos demais Poderes estatais; com efeito, o Poder Legislativo realiza a fiscaliza\u00e7\u00e3o cont\u00e1bil, financeira, or\u00e7ament\u00e1ria, operacional e patrimonial do Poder Executivo, bem como <strong>investigar fato determinado<\/strong> por meio das comiss\u00f5es parlamentares de inqu\u00e9rito (CPIs).<\/p>\n\n\n\n<p>Ressalte-se que, ao contr\u00e1rio do que alguns podem pensar, as duas fun\u00e7\u00f5es do Poder Legislativo (<strong>legislar e fiscalizar<\/strong>) <strong>possuem o mesmo grau de import\u00e2ncia<\/strong>, <strong>n\u00e3o existindo hierarquia entre elas<\/strong>.<\/p>\n\n\n\n<p>Tamb\u00e9m exerce a fun\u00e7\u00e3o de julgamento, que se materializa, por exemplo, quando o Senado Federal processa e julga o Presidente da Rep\u00fablica nos crimes de responsabilidade.<\/p>\n\n\n\n<h2 class=\"wp-block-heading\" id=\"h-aspectos-gerais\"><strong>Aspectos Gerais<\/strong><\/h2>\n\n\n\n<p>O Poder Judici\u00e1rio \u00e9 o respons\u00e1vel pelo exerc\u00edcio de uma das fun\u00e7\u00f5es pol\u00edticas do Estado: a <strong>fun\u00e7\u00e3o judicial ou jurisdicional<\/strong>. \u00c9 o Poder Judici\u00e1rio competente para <strong>exercer a jurisdi\u00e7\u00e3o<\/strong>, solucionando conflitos e \u201cdizendo o Direito\u201d diante de casos concretos.<\/p>\n\n\n\n<p>A aplica\u00e7\u00e3o do Direito<strong> n\u00e3o \u00e9, todavia, o que distingue o Poder Judici\u00e1rio dos demais Poderes<\/strong>.<\/p>\n\n\n\n<p>No Brasil, adota-se o <strong>sistema ingl\u00eas de jurisdi\u00e7\u00e3o<\/strong>. Nesse modelo, <strong>apenas o Poder Judici\u00e1rio faz coisa julgada material<\/strong>, isto \u00e9, decide casos concretos com definitividade.<\/p>\n\n\n\n<p>Assim, vigora o princ\u00edpio da inafastabilidade de jurisdi\u00e7\u00e3o, segundo o qual \u201ca lei n\u00e3o excluir\u00e1 da aprecia\u00e7\u00e3o do Poder Judici\u00e1rio les\u00e3o ou amea\u00e7a a direito\u201d (art. 5\u00ba, XXXV). \u00c9 diferente do contencioso administrativo (sistema franc\u00eas), no qual certas mat\u00e9rias s\u00e3o decididas com definitividade por \u00f3rg\u00e3os da Administra\u00e7\u00e3o P\u00fablica, n\u00e3o sendo cab\u00edvel recurso ao Judici\u00e1rio.<\/p>\n\n\n\n<p><strong>Exercer a jurisdi\u00e7\u00e3o \u00e9 fun\u00e7\u00e3o t\u00edpica<\/strong> do Poder Judici\u00e1rio. Segundo Dirley da Cunha J\u00fanior, a jurisdi\u00e7\u00e3o \u00e9 uma atividade que tem as seguintes caracter\u00edsticas:<\/p>\n\n\n\n<p>a) <strong>secund\u00e1ria<\/strong>: Os conflitos devem ser, primariamente, resolvidos pela partes em lit\u00edgio. O Poder Judici\u00e1rio, ao exercer a jurisdi\u00e7\u00e3o, estar\u00e1<\/p>\n\n\n\n<p>realizando uma atividade que deveria, primariamente, ter sido solucionada pelas partes.<\/p>\n\n\n\n<p>b) <strong>instrumental:<\/strong> A jurisdi\u00e7\u00e3o \u00e9 o meio (instrumento) do qual se vale o Direito para impor-se a todos.<\/p>\n\n\n\n<p>c) <strong>desinteressada<\/strong>: Ao exercer a atividade de jurisdi\u00e7\u00e3o, o Poder Judici\u00e1rio n\u00e3o cede aos interesses de nenhuma das partes litigantes. Ao contr\u00e1rio, o Poder Judici\u00e1rio age segundo o Direito.<\/p>\n\n\n\n<p>d) <strong>provocada<\/strong>: O Poder Judici\u00e1rio n\u00e3o age de of\u00edcio. O exerc\u00edcio da jurisdi\u00e7\u00e3o depende de provoca\u00e7\u00e3o, em raz\u00e3o do princ\u00edpio da in\u00e9rcia.<\/p>\n\n\n\n<p>Al\u00e9m da sua fun\u00e7\u00e3o t\u00edpica de jurisdi\u00e7\u00e3o, o Poder Judici\u00e1rio tamb\u00e9m exerce as <strong>fun\u00e7\u00f5es at\u00edpicas<\/strong> de legislar e de administrar.<\/p>\n\n\n\n<p><\/p>\n\n\n\n<h2 class=\"wp-block-heading\" id=\"h-o-poder-judiciario-pm-ce-poderes\"><strong>O Poder Judici\u00e1rio &#8211; PM CE: Poderes<\/strong><\/h2>\n\n\n\n<p>Com o advento do <strong>Estado Social<\/strong> e do <strong>Estado Constitucional<\/strong>, o Poder Judici\u00e1rio ganhou maior relev\u00e2ncia na manuten\u00e7\u00e3o da ordem social. At\u00e9 ent\u00e3o, as fun\u00e7\u00f5es do Judici\u00e1rio eram meramente secund\u00e1rias, relegadas a segundo plano, se comparadas com as do Poder Executivo e do Poder Legislativo.<\/p>\n\n\n\n<p>No <strong>Estado Social<\/strong>, o papel estatal n\u00e3o se limita, t\u00e3o somente, a garantir as liberdades p\u00fablicas (liberdades negativas). Na verdade, vai muito al\u00e9m disso.<\/p>\n\n\n\n<p>Dessa forma, o Estado passa a ser<strong> intervencionista<\/strong>, oferecendo bens e servi\u00e7os aos indiv\u00edduos. Nesse modelo, o Estado adquire a responsabilidade de garantir que todos ter\u00e3o acesso aos direitos sociais como, por exemplo, educa\u00e7\u00e3o e sa\u00fade.<\/p>\n\n\n\n<p>Se o Estado deixa de atuar, permanecendo inerte na oferta dos direitos sociais, o indiv\u00edduo poder\u00e1 acionar o Poder Judici\u00e1rio.<\/p>\n\n\n\n<p>O Estado-juiz \u00e9 chamado a atuar, <strong>concretizando<\/strong>, ent\u00e3o,<strong> os direitos sociais<\/strong> previstos na Constitui\u00e7\u00e3o. No Estado Social, portanto, a atua\u00e7\u00e3o do Poder Judici\u00e1rio direciona-se para garantir <strong>o \u201cm\u00ednimo existencial\u201d<\/strong>, ou seja, garantir as condi\u00e7\u00f5es m\u00ednimas para uma exist\u00eancia humana digna.<\/p>\n\n\n\n<p>Assim, o Poder Judici\u00e1rio torna-se, assim, verdadeiro garantidor da integridade do ordenamento jur\u00eddico.<\/p>\n\n\n\n<p>Concluindo este artigo, PM CE: Poderes, pode-se afirmar que foram trazidas as tem\u00e1ticas que distinguem os poderes.<\/p>\n\n\n\n<p>Assim, foque em saber n\u00e3o s\u00f3 os conceitos, mas tamb\u00e9m na resolu\u00e7\u00e3o massiva de quest\u00f5es.<\/p>\n\n\n\n<p>Um abra\u00e7o e bons estudos!<\/p>\n\n\n\n<h2 class=\"has-text-align-center wp-block-heading\" id=\"quer-saber-tudo-sobre-concursos-previstos-confira-nossos-artigos\">Quer saber tudo sobre concursos previstos?<br \/>Confira nossos artigos!<\/h2>\n\n\n\n<p class=\"has-text-align-center has-pale-cyan-blue-background-color has-background has-medium-font-size\"><a href=\"https:\/\/www.estrategiaconcursos.com.br\/blog\/concursos-abertos\/\" target=\"_blank\" rel=\"noreferrer noopener\">Concursos abertos<\/a><\/p>\n\n\n\n<p class=\"has-text-align-center has-pale-cyan-blue-background-color has-background has-medium-font-size\"><a href=\"https:\/\/www.estrategiaconcursos.com.br\/blog\/concursos-2022\/\" target=\"_blank\" rel=\"noreferrer noopener\">Concursos 2022<\/a><\/p>\n\n\n\n<p class=\"has-text-align-center has-pale-cyan-blue-background-color has-background has-medium-font-size\"><a href=\"https:\/\/www.estrategiaconcursos.com.br\/blog\/concursos-2023\/\" target=\"_blank\" rel=\"noreferrer noopener\">Concursos 2023<\/a><\/p>\n","protected":false},"excerpt":{"rendered":"<p>PM CE: Poderes. Concurso da Pol\u00edcia Militar do Estado do Esp\u00edrito Santo. \u00c1rea policial. Direito Constitucional. <\/p>\n","protected":false},"author":1462,"featured_media":1123313,"comment_status":"open","ping_status":"closed","sticky":false,"template":"","format":"standard","meta":{"post_tipo":"article","footnotes":""},"categories":[1],"tags":[1387,506],"tax_estado":[219969],"class_list":["post-1123290","post","type-post","status-publish","format-standard","has-post-thumbnail","hentry","category-cursos-e-concursos","tag-concurso-pm-ce","tag-direito-constitucional","tax_estado-ce"],"acf":[],"yoast_head":"<!-- This site is optimized with the Yoast SEO Premium plugin v27.2 (Yoast SEO v27.2) - https:\/\/yoast.com\/product\/yoast-seo-premium-wordpress\/ -->\n<title>PM CE: Poderes<\/title>\n<meta name=\"description\" content=\"PM CE: Poderes. Concurso da Pol\u00edcia Militar do Estado do Esp\u00edrito Santo. \u00c1rea policial. Direito Constitucional.\" \/>\n<meta name=\"robots\" content=\"index, follow, max-snippet:-1, max-image-preview:large, max-video-preview:-1\" \/>\n<link rel=\"canonical\" href=\"https:\/\/www.estrategiaconcursos.com.br\/blog\/pm-ce-poderes\/\" \/>\n<meta property=\"og:locale\" content=\"pt_BR\" \/>\n<meta property=\"og:type\" content=\"article\" \/>\n<meta property=\"og:title\" content=\"PM CE: Poderes\" \/>\n<meta property=\"og:description\" content=\"PM CE: Poderes. Concurso da Pol\u00edcia Militar do Estado do Esp\u00edrito Santo. \u00c1rea policial. Direito Constitucional.\" \/>\n<meta property=\"og:url\" content=\"https:\/\/www.estrategiaconcursos.com.br\/blog\/pm-ce-poderes\/\" \/>\n<meta property=\"og:site_name\" content=\"Estrat\u00e9gia Concursos\" \/>\n<meta property=\"article:published_time\" content=\"2022-11-21T19:19:00+00:00\" \/>\n<meta property=\"og:image\" content=\"https:\/\/dhg1h5j42swfq.cloudfront.net\/2022\/11\/10161143\/pm-ce-4.png\" \/>\n\t<meta property=\"og:image:width\" content=\"206\" \/>\n\t<meta property=\"og:image:height\" content=\"245\" \/>\n\t<meta property=\"og:image:type\" content=\"image\/png\" \/>\n<meta name=\"author\" content=\"Felipe Fernando Azevedo da Rocha\" \/>\n<meta name=\"twitter:card\" content=\"summary_large_image\" \/>\n<meta name=\"twitter:creator\" content=\"@EstratConcursos\" \/>\n<meta name=\"twitter:site\" content=\"@EstratConcursos\" \/>\n<meta name=\"twitter:label1\" content=\"Escrito por\" \/>\n\t<meta name=\"twitter:data1\" content=\"Felipe Fernando Azevedo da Rocha\" \/>\n\t<meta name=\"twitter:label2\" content=\"Est. tempo de leitura\" \/>\n\t<meta name=\"twitter:data2\" content=\"7 minutos\" \/>\n<script type=\"application\/ld+json\" class=\"yoast-schema-graph\">{\"@context\":\"https:\/\/schema.org\",\"@graph\":[{\"@type\":\"NewsArticle\",\"@id\":\"https:\/\/www.estrategiaconcursos.com.br\/blog\/pm-ce-poderes\/#article\",\"isPartOf\":{\"@id\":\"https:\/\/www.estrategiaconcursos.com.br\/blog\/pm-ce-poderes\/\"},\"author\":{\"name\":\"Felipe Fernando Azevedo da Rocha\",\"@id\":\"https:\/\/www.estrategiaconcursos.com.br\/blog\/#\/schema\/person\/425ec856669a603120a09fed3a635808\"},\"headline\":\"PM CE: Poderes\",\"datePublished\":\"2022-11-21T19:19:00+00:00\",\"mainEntityOfPage\":{\"@id\":\"https:\/\/www.estrategiaconcursos.com.br\/blog\/pm-ce-poderes\/\"},\"wordCount\":1405,\"commentCount\":0,\"publisher\":{\"@id\":\"https:\/\/www.estrategiaconcursos.com.br\/blog\/#organization\"},\"image\":{\"@id\":\"https:\/\/www.estrategiaconcursos.com.br\/blog\/pm-ce-poderes\/#primaryimage\"},\"thumbnailUrl\":\"https:\/\/dhg1h5j42swfq.cloudfront.net\/2022\/11\/10161143\/pm-ce-4.png\",\"keywords\":[\"concurso PM CE\",\"Direito Constitucional\"],\"articleSection\":[\"Concursos P\u00fablicos\"],\"inLanguage\":\"pt-BR\",\"potentialAction\":[{\"@type\":\"CommentAction\",\"name\":\"Comment\",\"target\":[\"https:\/\/www.estrategiaconcursos.com.br\/blog\/pm-ce-poderes\/#respond\"]}],\"copyrightYear\":\"2022\",\"copyrightHolder\":{\"@id\":\"https:\/\/www.estrategiaconcursos.com.br\/blog\/#organization\"}},{\"@type\":\"WebPage\",\"@id\":\"https:\/\/www.estrategiaconcursos.com.br\/blog\/pm-ce-poderes\/\",\"url\":\"https:\/\/www.estrategiaconcursos.com.br\/blog\/pm-ce-poderes\/\",\"name\":\"PM CE: Poderes\",\"isPartOf\":{\"@id\":\"https:\/\/www.estrategiaconcursos.com.br\/blog\/#website\"},\"primaryImageOfPage\":{\"@id\":\"https:\/\/www.estrategiaconcursos.com.br\/blog\/pm-ce-poderes\/#primaryimage\"},\"image\":{\"@id\":\"https:\/\/www.estrategiaconcursos.com.br\/blog\/pm-ce-poderes\/#primaryimage\"},\"thumbnailUrl\":\"https:\/\/dhg1h5j42swfq.cloudfront.net\/2022\/11\/10161143\/pm-ce-4.png\",\"datePublished\":\"2022-11-21T19:19:00+00:00\",\"description\":\"PM CE: Poderes. Concurso da Pol\u00edcia Militar do Estado do Esp\u00edrito Santo. \u00c1rea policial. Direito Constitucional.\",\"breadcrumb\":{\"@id\":\"https:\/\/www.estrategiaconcursos.com.br\/blog\/pm-ce-poderes\/#breadcrumb\"},\"inLanguage\":\"pt-BR\",\"potentialAction\":[{\"@type\":\"ReadAction\",\"target\":[\"https:\/\/www.estrategiaconcursos.com.br\/blog\/pm-ce-poderes\/\"]}]},{\"@type\":\"ImageObject\",\"inLanguage\":\"pt-BR\",\"@id\":\"https:\/\/www.estrategiaconcursos.com.br\/blog\/pm-ce-poderes\/#primaryimage\",\"url\":\"https:\/\/dhg1h5j42swfq.cloudfront.net\/2022\/11\/10161143\/pm-ce-4.png\",\"contentUrl\":\"https:\/\/dhg1h5j42swfq.cloudfront.net\/2022\/11\/10161143\/pm-ce-4.png\",\"width\":206,\"height\":245,\"caption\":\"PM CE: Poderes\"},{\"@type\":\"BreadcrumbList\",\"@id\":\"https:\/\/www.estrategiaconcursos.com.br\/blog\/pm-ce-poderes\/#breadcrumb\",\"itemListElement\":[{\"@type\":\"ListItem\",\"position\":1,\"name\":\"In\u00edcio\",\"item\":\"https:\/\/www.estrategiaconcursos.com.br\/blog\/\"},{\"@type\":\"ListItem\",\"position\":2,\"name\":\"PM CE: Poderes\"}]},{\"@type\":\"WebSite\",\"@id\":\"https:\/\/www.estrategiaconcursos.com.br\/blog\/#website\",\"url\":\"https:\/\/www.estrategiaconcursos.com.br\/blog\/\",\"name\":\"Estrat\u00e9gia Concursos\",\"description\":\"O blog da Estrat\u00e9gia Concursos traz not\u00edcias sobre concursos e artigos de professores oferecendo cursos para concursos (pdf + videaulas) no site.\",\"publisher\":{\"@id\":\"https:\/\/www.estrategiaconcursos.com.br\/blog\/#organization\"},\"potentialAction\":[{\"@type\":\"SearchAction\",\"target\":{\"@type\":\"EntryPoint\",\"urlTemplate\":\"https:\/\/www.estrategiaconcursos.com.br\/blog\/?s={search_term_string}\"},\"query-input\":{\"@type\":\"PropertyValueSpecification\",\"valueRequired\":true,\"valueName\":\"search_term_string\"}}],\"inLanguage\":\"pt-BR\"},{\"@type\":\"Organization\",\"@id\":\"https:\/\/www.estrategiaconcursos.com.br\/blog\/#organization\",\"name\":\"Estrat\u00e9gia Concursos\",\"url\":\"https:\/\/www.estrategiaconcursos.com.br\/blog\/\",\"logo\":{\"@type\":\"ImageObject\",\"inLanguage\":\"pt-BR\",\"@id\":\"https:\/\/www.estrategiaconcursos.com.br\/blog\/#\/schema\/logo\/image\/\",\"url\":\"https:\/\/dhg1h5j42swfq.cloudfront.net\/2025\/06\/03203428\/logo_concursos-1.jpg\",\"contentUrl\":\"https:\/\/dhg1h5j42swfq.cloudfront.net\/2025\/06\/03203428\/logo_concursos-1.jpg\",\"width\":230,\"height\":60,\"caption\":\"Estrat\u00e9gia Concursos\"},\"image\":{\"@id\":\"https:\/\/www.estrategiaconcursos.com.br\/blog\/#\/schema\/logo\/image\/\"},\"sameAs\":[\"https:\/\/x.com\/EstratConcursos\"]},{\"@type\":\"Person\",\"@id\":\"https:\/\/www.estrategiaconcursos.com.br\/blog\/#\/schema\/person\/425ec856669a603120a09fed3a635808\",\"name\":\"Felipe Fernando Azevedo da Rocha\",\"image\":{\"@type\":\"ImageObject\",\"inLanguage\":\"pt-BR\",\"@id\":\"https:\/\/secure.gravatar.com\/avatar\/44e78a4aab2c02a437a87a334aee9a4ea82ca0e4757c2747232497482cfe5ba2?s=96&d=mm&r=g\",\"url\":\"https:\/\/secure.gravatar.com\/avatar\/44e78a4aab2c02a437a87a334aee9a4ea82ca0e4757c2747232497482cfe5ba2?s=96&d=mm&r=g\",\"contentUrl\":\"https:\/\/secure.gravatar.com\/avatar\/44e78a4aab2c02a437a87a334aee9a4ea82ca0e4757c2747232497482cfe5ba2?s=96&d=mm&r=g\",\"caption\":\"Felipe Fernando Azevedo da Rocha\"},\"description\":\"Auditor de Finan\u00e7as da SEFAZ BA. P\u00f3s-Graduado em Direito Tribut\u00e1rio\",\"url\":\"https:\/\/www.estrategiaconcursos.com.br\/blog\/author\/felipeazrogmail-com\/\"}]}<\/script>\n<!-- \/ Yoast SEO Premium plugin. -->","yoast_head_json":{"title":"PM CE: Poderes","description":"PM CE: Poderes. Concurso da Pol\u00edcia Militar do Estado do Esp\u00edrito Santo. \u00c1rea policial. Direito Constitucional.","robots":{"index":"index","follow":"follow","max-snippet":"max-snippet:-1","max-image-preview":"max-image-preview:large","max-video-preview":"max-video-preview:-1"},"canonical":"https:\/\/www.estrategiaconcursos.com.br\/blog\/pm-ce-poderes\/","og_locale":"pt_BR","og_type":"article","og_title":"PM CE: Poderes","og_description":"PM CE: Poderes. Concurso da Pol\u00edcia Militar do Estado do Esp\u00edrito Santo. \u00c1rea policial. Direito Constitucional.","og_url":"https:\/\/www.estrategiaconcursos.com.br\/blog\/pm-ce-poderes\/","og_site_name":"Estrat\u00e9gia Concursos","article_published_time":"2022-11-21T19:19:00+00:00","og_image":[{"width":206,"height":245,"url":"https:\/\/dhg1h5j42swfq.cloudfront.net\/2022\/11\/10161143\/pm-ce-4.png","type":"image\/png"}],"author":"Felipe Fernando Azevedo da Rocha","twitter_card":"summary_large_image","twitter_creator":"@EstratConcursos","twitter_site":"@EstratConcursos","twitter_misc":{"Escrito por":"Felipe Fernando Azevedo da Rocha","Est. tempo de leitura":"7 minutos"},"schema":{"@context":"https:\/\/schema.org","@graph":[{"@type":"NewsArticle","@id":"https:\/\/www.estrategiaconcursos.com.br\/blog\/pm-ce-poderes\/#article","isPartOf":{"@id":"https:\/\/www.estrategiaconcursos.com.br\/blog\/pm-ce-poderes\/"},"author":{"name":"Felipe Fernando Azevedo da Rocha","@id":"https:\/\/www.estrategiaconcursos.com.br\/blog\/#\/schema\/person\/425ec856669a603120a09fed3a635808"},"headline":"PM CE: Poderes","datePublished":"2022-11-21T19:19:00+00:00","mainEntityOfPage":{"@id":"https:\/\/www.estrategiaconcursos.com.br\/blog\/pm-ce-poderes\/"},"wordCount":1405,"commentCount":0,"publisher":{"@id":"https:\/\/www.estrategiaconcursos.com.br\/blog\/#organization"},"image":{"@id":"https:\/\/www.estrategiaconcursos.com.br\/blog\/pm-ce-poderes\/#primaryimage"},"thumbnailUrl":"https:\/\/dhg1h5j42swfq.cloudfront.net\/2022\/11\/10161143\/pm-ce-4.png","keywords":["concurso PM CE","Direito Constitucional"],"articleSection":["Concursos P\u00fablicos"],"inLanguage":"pt-BR","potentialAction":[{"@type":"CommentAction","name":"Comment","target":["https:\/\/www.estrategiaconcursos.com.br\/blog\/pm-ce-poderes\/#respond"]}],"copyrightYear":"2022","copyrightHolder":{"@id":"https:\/\/www.estrategiaconcursos.com.br\/blog\/#organization"}},{"@type":"WebPage","@id":"https:\/\/www.estrategiaconcursos.com.br\/blog\/pm-ce-poderes\/","url":"https:\/\/www.estrategiaconcursos.com.br\/blog\/pm-ce-poderes\/","name":"PM CE: Poderes","isPartOf":{"@id":"https:\/\/www.estrategiaconcursos.com.br\/blog\/#website"},"primaryImageOfPage":{"@id":"https:\/\/www.estrategiaconcursos.com.br\/blog\/pm-ce-poderes\/#primaryimage"},"image":{"@id":"https:\/\/www.estrategiaconcursos.com.br\/blog\/pm-ce-poderes\/#primaryimage"},"thumbnailUrl":"https:\/\/dhg1h5j42swfq.cloudfront.net\/2022\/11\/10161143\/pm-ce-4.png","datePublished":"2022-11-21T19:19:00+00:00","description":"PM CE: Poderes. Concurso da Pol\u00edcia Militar do Estado do Esp\u00edrito Santo. \u00c1rea policial. Direito Constitucional.","breadcrumb":{"@id":"https:\/\/www.estrategiaconcursos.com.br\/blog\/pm-ce-poderes\/#breadcrumb"},"inLanguage":"pt-BR","potentialAction":[{"@type":"ReadAction","target":["https:\/\/www.estrategiaconcursos.com.br\/blog\/pm-ce-poderes\/"]}]},{"@type":"ImageObject","inLanguage":"pt-BR","@id":"https:\/\/www.estrategiaconcursos.com.br\/blog\/pm-ce-poderes\/#primaryimage","url":"https:\/\/dhg1h5j42swfq.cloudfront.net\/2022\/11\/10161143\/pm-ce-4.png","contentUrl":"https:\/\/dhg1h5j42swfq.cloudfront.net\/2022\/11\/10161143\/pm-ce-4.png","width":206,"height":245,"caption":"PM CE: Poderes"},{"@type":"BreadcrumbList","@id":"https:\/\/www.estrategiaconcursos.com.br\/blog\/pm-ce-poderes\/#breadcrumb","itemListElement":[{"@type":"ListItem","position":1,"name":"In\u00edcio","item":"https:\/\/www.estrategiaconcursos.com.br\/blog\/"},{"@type":"ListItem","position":2,"name":"PM CE: Poderes"}]},{"@type":"WebSite","@id":"https:\/\/www.estrategiaconcursos.com.br\/blog\/#website","url":"https:\/\/www.estrategiaconcursos.com.br\/blog\/","name":"Estrat\u00e9gia Concursos","description":"O blog da Estrat\u00e9gia Concursos traz not\u00edcias sobre concursos e artigos de professores oferecendo cursos para concursos (pdf + videaulas) no site.","publisher":{"@id":"https:\/\/www.estrategiaconcursos.com.br\/blog\/#organization"},"potentialAction":[{"@type":"SearchAction","target":{"@type":"EntryPoint","urlTemplate":"https:\/\/www.estrategiaconcursos.com.br\/blog\/?s={search_term_string}"},"query-input":{"@type":"PropertyValueSpecification","valueRequired":true,"valueName":"search_term_string"}}],"inLanguage":"pt-BR"},{"@type":"Organization","@id":"https:\/\/www.estrategiaconcursos.com.br\/blog\/#organization","name":"Estrat\u00e9gia Concursos","url":"https:\/\/www.estrategiaconcursos.com.br\/blog\/","logo":{"@type":"ImageObject","inLanguage":"pt-BR","@id":"https:\/\/www.estrategiaconcursos.com.br\/blog\/#\/schema\/logo\/image\/","url":"https:\/\/dhg1h5j42swfq.cloudfront.net\/2025\/06\/03203428\/logo_concursos-1.jpg","contentUrl":"https:\/\/dhg1h5j42swfq.cloudfront.net\/2025\/06\/03203428\/logo_concursos-1.jpg","width":230,"height":60,"caption":"Estrat\u00e9gia Concursos"},"image":{"@id":"https:\/\/www.estrategiaconcursos.com.br\/blog\/#\/schema\/logo\/image\/"},"sameAs":["https:\/\/x.com\/EstratConcursos"]},{"@type":"Person","@id":"https:\/\/www.estrategiaconcursos.com.br\/blog\/#\/schema\/person\/425ec856669a603120a09fed3a635808","name":"Felipe Fernando Azevedo da Rocha","image":{"@type":"ImageObject","inLanguage":"pt-BR","@id":"https:\/\/secure.gravatar.com\/avatar\/44e78a4aab2c02a437a87a334aee9a4ea82ca0e4757c2747232497482cfe5ba2?s=96&d=mm&r=g","url":"https:\/\/secure.gravatar.com\/avatar\/44e78a4aab2c02a437a87a334aee9a4ea82ca0e4757c2747232497482cfe5ba2?s=96&d=mm&r=g","contentUrl":"https:\/\/secure.gravatar.com\/avatar\/44e78a4aab2c02a437a87a334aee9a4ea82ca0e4757c2747232497482cfe5ba2?s=96&d=mm&r=g","caption":"Felipe Fernando Azevedo da Rocha"},"description":"Auditor de Finan\u00e7as da SEFAZ BA. P\u00f3s-Graduado em Direito Tribut\u00e1rio","url":"https:\/\/www.estrategiaconcursos.com.br\/blog\/author\/felipeazrogmail-com\/"}]}},"_links":{"self":[{"href":"https:\/\/www.estrategiaconcursos.com.br\/blog\/wp-json\/wp\/v2\/posts\/1123290","targetHints":{"allow":["GET"]}}],"collection":[{"href":"https:\/\/www.estrategiaconcursos.com.br\/blog\/wp-json\/wp\/v2\/posts"}],"about":[{"href":"https:\/\/www.estrategiaconcursos.com.br\/blog\/wp-json\/wp\/v2\/types\/post"}],"author":[{"embeddable":true,"href":"https:\/\/www.estrategiaconcursos.com.br\/blog\/wp-json\/wp\/v2\/users\/1462"}],"replies":[{"embeddable":true,"href":"https:\/\/www.estrategiaconcursos.com.br\/blog\/wp-json\/wp\/v2\/comments?post=1123290"}],"version-history":[{"count":5,"href":"https:\/\/www.estrategiaconcursos.com.br\/blog\/wp-json\/wp\/v2\/posts\/1123290\/revisions"}],"predecessor-version":[{"id":1123325,"href":"https:\/\/www.estrategiaconcursos.com.br\/blog\/wp-json\/wp\/v2\/posts\/1123290\/revisions\/1123325"}],"wp:featuredmedia":[{"embeddable":true,"href":"https:\/\/www.estrategiaconcursos.com.br\/blog\/wp-json\/wp\/v2\/media\/1123313"}],"wp:attachment":[{"href":"https:\/\/www.estrategiaconcursos.com.br\/blog\/wp-json\/wp\/v2\/media?parent=1123290"}],"wp:term":[{"taxonomy":"category","embeddable":true,"href":"https:\/\/www.estrategiaconcursos.com.br\/blog\/wp-json\/wp\/v2\/categories?post=1123290"},{"taxonomy":"post_tag","embeddable":true,"href":"https:\/\/www.estrategiaconcursos.com.br\/blog\/wp-json\/wp\/v2\/tags?post=1123290"},{"taxonomy":"tax_estado","embeddable":true,"href":"https:\/\/www.estrategiaconcursos.com.br\/blog\/wp-json\/wp\/v2\/tax_estado?post=1123290"}],"curies":[{"name":"wp","href":"https:\/\/api.w.org\/{rel}","templated":true}]}}